{"id":1011,"date":"2025-08-22T15:46:28","date_gmt":"2025-08-22T13:46:28","guid":{"rendered":"https:\/\/rachat2credit.fr\/guide\/bayrou-lance-une-serie-de-videos-pour-defendre-son-plan-budgetaire-cest-la-seule-solution-pour-eviter-la-banqueroute\/"},"modified":"2025-08-22T15:46:28","modified_gmt":"2025-08-22T13:46:28","slug":"bayrou-lance-une-serie-de-videos-pour-defendre-son-plan-budgetaire-cest-la-seule-solution-pour-eviter-la-banqueroute","status":"publish","type":"post","link":"https:\/\/rachat2credit.fr\/guide\/bayrou-lance-une-serie-de-videos-pour-defendre-son-plan-budgetaire-cest-la-seule-solution-pour-eviter-la-banqueroute\/","title":{"rendered":"Bayrou lance une s\u00e9rie de vid\u00e9os pour d\u00e9fendre son plan budg\u00e9taire \u201cc\u2019est la seule solution pour \u00e9viter la banqueroute\u201d"},"content":{"rendered":"<p>Dans un contexte de d\u00e9bats budg\u00e9taires nationaux tendus, Fran\u00e7ois Bayrou aurait lanc\u00e9 une s\u00e9rie de vid\u00e9os explicatives pour d\u00e9fendre la l\u00e9gitimit\u00e9 de son plan d\u2019aust\u00e9rit\u00e9. Cette initiative, d\u00e9voil\u00e9e en catimini, viserait \u00e0 contourner les m\u00e9dias traditionnels pour s\u2019adresser directement aux Fran\u00e7ais.<\/p>\n<p>\u00ab Je ne comprends pas pourquoi on nous pr\u00e9sente toujours ces mesures comme une punition alors qu\u2019elles pourraient nous prot\u00e9ger \u00bb, confie \u00c9milie, une comptable m\u00e8re de deux enfants qui a visionn\u00e9 les vid\u00e9os. Son t\u00e9moignage illustre le foss\u00e9 entre le discours technocratique et la perception citoyenne.<\/p>\n<div id=\"ez-toc-container\" class=\"ez-toc-v2_0_82_2 counter-hierarchy ez-toc-counter ez-toc-grey ez-toc-container-direction\">\n<p class=\"ez-toc-title\" style=\"cursor:inherit\">Sommaire<\/p>\n<label for=\"ez-toc-cssicon-toggle-item-69f0f49275cba\" class=\"ez-toc-cssicon-toggle-label\"><span class=\"ez-toc-cssicon\"><span class=\"eztoc-hide\" style=\"display:none;\">Toggle<\/span><span class=\"ez-toc-icon-toggle-span\"><svg style=\"fill: #999;color:#999\" xmlns=\"http:\/\/www.w3.org\/2000\/svg\" class=\"list-377408\" width=\"20px\" height=\"20px\" viewBox=\"0 0 24 24\" fill=\"none\"><path d=\"M6 6H4v2h2V6zm14 0H8v2h12V6zM4 11h2v2H4v-2zm16 0H8v2h12v-2zM4 16h2v2H4v-2zm16 0H8v2h12v-2z\" fill=\"currentColor\"><\/path><\/svg><svg style=\"fill: #999;color:#999\" class=\"arrow-unsorted-368013\" xmlns=\"http:\/\/www.w3.org\/2000\/svg\" width=\"10px\" height=\"10px\" viewBox=\"0 0 24 24\" version=\"1.2\" baseProfile=\"tiny\"><path d=\"M18.2 9.3l-6.2-6.3-6.2 6.3c-.2.2-.3.4-.3.7s.1.5.3.7c.2.2.4.3.7.3h11c.3 0 .5-.1.7-.3.2-.2.3-.5.3-.7s-.1-.5-.3-.7zM5.8 14.7l6.2 6.3 6.2-6.3c.2-.2.3-.5.3-.7s-.1-.5-.3-.7c-.2-.2-.4-.3-.7-.3h-11c-.3 0-.5.1-.7.3-.2.2-.3.5-.3.7s.1.5.3.7z\"\/><\/svg><\/span><\/span><\/label><input type=\"checkbox\"  id=\"ez-toc-cssicon-toggle-item-69f0f49275cba\" checked aria-label=\"Toggle\" \/><nav><ul class='ez-toc-list ez-toc-list-level-1 ' ><li class='ez-toc-page-1 ez-toc-heading-level-3'><a class=\"ez-toc-link ez-toc-heading-1\" href=\"https:\/\/rachat2credit.fr\/guide\/bayrou-lance-une-serie-de-videos-pour-defendre-son-plan-budgetaire-cest-la-seule-solution-pour-eviter-la-banqueroute\/#Une_strategie_de_communication_inedite\" >Une strat\u00e9gie de communication in\u00e9dite<\/a><\/li><li class='ez-toc-page-1 ez-toc-heading-level-3'><a class=\"ez-toc-link ez-toc-heading-2\" href=\"https:\/\/rachat2credit.fr\/guide\/bayrou-lance-une-serie-de-videos-pour-defendre-son-plan-budgetaire-cest-la-seule-solution-pour-eviter-la-banqueroute\/#Les_points_controverses_du_plan\" >Les points controvers\u00e9s du plan<\/a><\/li><li class='ez-toc-page-1 ez-toc-heading-level-3'><a class=\"ez-toc-link ez-toc-heading-3\" href=\"https:\/\/rachat2credit.fr\/guide\/bayrou-lance-une-serie-de-videos-pour-defendre-son-plan-budgetaire-cest-la-seule-solution-pour-eviter-la-banqueroute\/#Des_reactions_mitigees\" >Des r\u00e9actions mitig\u00e9es<\/a><\/li><li class='ez-toc-page-1 ez-toc-heading-level-3'><a class=\"ez-toc-link ez-toc-heading-4\" href=\"https:\/\/rachat2credit.fr\/guide\/bayrou-lance-une-serie-de-videos-pour-defendre-son-plan-budgetaire-cest-la-seule-solution-pour-eviter-la-banqueroute\/#Un_impact_difficile_a_mesurer\" >Un impact difficile \u00e0 mesurer<\/a><\/li><li class='ez-toc-page-1 ez-toc-heading-level-3'><a class=\"ez-toc-link ez-toc-heading-5\" href=\"https:\/\/rachat2credit.fr\/guide\/bayrou-lance-une-serie-de-videos-pour-defendre-son-plan-budgetaire-cest-la-seule-solution-pour-eviter-la-banqueroute\/#Et_maintenant\" >Et maintenant ?<\/a><\/li><\/ul><\/nav><\/div>\n<h3><span class=\"ez-toc-section\" id=\"Une_strategie_de_communication_inedite\"><\/span>Une strat\u00e9gie de communication in\u00e9dite<span class=\"ez-toc-section-end\"><\/span><\/h3>\n<p>Le pr\u00e9sident du Modem opterait pour un format \u00e9pur\u00e9 et p\u00e9dagogique, assis \u00e0 son bureau, expliquant point par point les m\u00e9canismes budg\u00e9taires. Contrairement aux traditionnelles interventions t\u00e9l\u00e9vis\u00e9es, ces vid\u00e9os courtes seraient diffus\u00e9es sur les r\u00e9seaux sociaux et YouTube, ciblant particuli\u00e8rement les jeunes actifs.<\/p>\n<p>Selon des experts en communication politique, cette approche pourrait s\u2019inspirer des m\u00e9thodes utilis\u00e9es pendant la crise sanitaire pour expliquer des concepts complexes au grand public. Le ton employ\u00e9 serait volontairement apaisant, presque professorat, pour d\u00e9samorcer les craintes li\u00e9es aux r\u00e9ductions de d\u00e9penses publiques.<\/p>\n<h3><span class=\"ez-toc-section\" id=\"Les_points_controverses_du_plan\"><\/span>Les points controvers\u00e9s du plan<span class=\"ez-toc-section-end\"><\/span><\/h3>\n<p>Parmi les mesures les plus discut\u00e9es figureraient :<\/p>\n<ul>\n<li>Un gel index\u00e9 des allocations familiales pendant trois ans<\/li>\n<li>La suppression de niches fiscales pour les entreprises du CAC40<\/li>\n<li>Une r\u00e9forme des retraites incluant un recul progressif de l\u2019\u00e2ge l\u00e9gal<\/li>\n<\/ul>\n<p>Le <a href=\"https:\/\/www.economie.gouv.fr\/files\/files\/directions_services\/budget\/PLF2025\/Projet_de_loi_de_finances_2025.pdf\" target=\"_blank\" rel=\"noopener\">Minist\u00e8re de l\u2019\u00c9conomie et des Finances<\/a> aurait confirm\u00e9 que ces propositions faisaient l\u2019objet de n\u00e9gociations serr\u00e9es avec les partenaires sociaux. Les vid\u00e9os de Bayrou tenteraient pr\u00e9cis\u00e9ment de justifier leur n\u00e9cessit\u00e9 \u00e9conomique.<\/p>\n<h3><span class=\"ez-toc-section\" id=\"Des_reactions_mitigees\"><\/span>Des r\u00e9actions mitig\u00e9es<span class=\"ez-toc-section-end\"><\/span><\/h3>\n<p>\u00ab Ces explications vid\u00e9o changent-elles vraiment la donne ? \u00bb s\u2019interroge Marc, un syndicaliste rencontr\u00e9 devant Bercy. \u00ab On nous sert la m\u00eame soupe r\u00e9chauff\u00e9e avec des selfies et des hashtags \u00bb. Cette scepticisme serait partag\u00e9 par plusieurs observateurs politiques qui y verraient une op\u00e9ration de s\u00e9duction plut\u00f4t qu\u2019une r\u00e9elle transparence.<\/p>\n<p>Pourtant, certaines familles se disent rassur\u00e9es par cette d\u00e9marche. \u00ab Enfin quelqu\u2019un qui prend le temps d\u2019expliquer au lieu d\u2019imposer \u00bb, remarque Sophie, entrepreneure dans le digital. \u00ab M\u00eame si je ne suis pas d\u2019accord avec tout, au moins je comprends la logique \u00bb.<\/p>\n<h3><span class=\"ez-toc-section\" id=\"Un_impact_difficile_a_mesurer\"><\/span>Un impact difficile \u00e0 mesurer<span class=\"ez-toc-section-end\"><\/span><\/h3>\n<p>L\u2019efficacit\u00e9 r\u00e9elle de cette campagne resterait \u00e0 d\u00e9montrer. Les premi\u00e8res vid\u00e9os auraient g\u00e9n\u00e9r\u00e9 plusieurs centaines de milliers de vues, mais les partages proviendraient majoritairement de cercles d\u00e9j\u00e0 acquis aux id\u00e9es centristes. L\u2019objectif de convaincre les ind\u00e9cis ou les opposants semblerait encore loin d\u2019\u00eatre atteint.<\/p>\n<p>Des analystes soulignent que ce type de communication directe pourrait cr\u00e9er un pr\u00e9c\u00e9dent dans le paysage politique fran\u00e7ais, o\u00f9 les grands discours t\u00e9l\u00e9vis\u00e9s traditionnels perdent r\u00e9guli\u00e8rement en audience au profit des contenus digitaux fractionn\u00e9s.<\/p>\n<h3><span class=\"ez-toc-section\" id=\"Et_maintenant\"><\/span>Et maintenant ?<span class=\"ez-toc-section-end\"><\/span><\/h3>\n<p>La suite de cette s\u00e9rie vid\u00e9o promet des focus th\u00e9matiques sur l\u2019\u00e9ducation, la sant\u00e9 et la transition \u00e9cologique, autant de domaines touch\u00e9s par le projet budg\u00e9taire. Bayrou s\u2019engagerait m\u00eame \u00e0 r\u00e9pondre en direct aux questions les plus fr\u00e9quentes dans un ultime \u00e9pisode.<\/p>\n<p>Cette exp\u00e9rience m\u00e9diatique pourrait bien d\u00e9terminer l\u2019avenir non seulement du plan budg\u00e9taire, mais aussi des m\u00e9thodes de communication gouvernementale pour les ann\u00e9es \u00e0 venir. Reste \u00e0 savoir si l\u2019explication patiente des contraintes \u00e9conomiques parviendra \u00e0 apaiser les inqui\u00e9tudes sociales.<\/p>\n<p>Alors que les d\u00e9bats parlementaires approchent, chaque d\u00e9put\u00e9 sera confront\u00e9 \u00e0 ce paradoxe : comment voter des mesures impopulaires lorsque leur bien-fond\u00e9 semble mieux expliqu\u00e9 sur YouTube qu\u2019\u00e0 l\u2019Assembl\u00e9e nationale ?<\/p>\n\n\n<div class=\"kk-star-ratings kksr-auto kksr-align-center kksr-valign-bottom\"\n    data-payload='{&quot;align&quot;:&quot;center&quot;,&quot;id&quot;:&quot;1011&quot;,&quot;slug&quot;:&quot;default&quot;,&quot;valign&quot;:&quot;bottom&quot;,&quot;ignore&quot;:&quot;&quot;,&quot;reference&quot;:&quot;auto&quot;,&quot;class&quot;:&quot;&quot;,&quot;count&quot;:&quot;0&quot;,&quot;legendonly&quot;:&quot;&quot;,&quot;readonly&quot;:&quot;&quot;,&quot;score&quot;:&quot;0&quot;,&quot;starsonly&quot;:&quot;&quot;,&quot;best&quot;:&quot;5&quot;,&quot;gap&quot;:&quot;5&quot;,&quot;greet&quot;:&quot;&quot;,&quot;legend&quot;:&quot;0\\\/5 - (0 vote)&quot;,&quot;size&quot;:&quot;24&quot;,&quot;title&quot;:&quot;Bayrou lance une s\u00e9rie de vid\u00e9os pour d\u00e9fendre son plan budg\u00e9taire \u201cc\u2019est la seule solution pour \u00e9viter la banqueroute\u201d&quot;,&quot;width&quot;:&quot;0&quot;,&quot;_legend&quot;:&quot;{score}\\\/{best} - ({count} {votes})&quot;,&quot;font_factor&quot;:&quot;1.25&quot;}'>\n            \n<div class=\"kksr-stars\">\n    \n<div class=\"kksr-stars-inactive\">\n            <div class=\"kksr-star\" data-star=\"1\" style=\"padding-right: 5px\">\n            \n\n<div class=\"kksr-icon\" style=\"width: 24px; height: 24px;\"><\/div>\n        <\/div>\n            <div class=\"kksr-star\" data-star=\"2\" style=\"padding-right: 5px\">\n            \n\n<div class=\"kksr-icon\" style=\"width: 24px; height: 24px;\"><\/div>\n        <\/div>\n            <div class=\"kksr-star\" data-star=\"3\" style=\"padding-right: 5px\">\n            \n\n<div class=\"kksr-icon\" style=\"width: 24px; height: 24px;\"><\/div>\n        <\/div>\n            <div class=\"kksr-star\" data-star=\"4\" style=\"padding-right: 5px\">\n            \n\n<div class=\"kksr-icon\" style=\"width: 24px; height: 24px;\"><\/div>\n        <\/div>\n            <div class=\"kksr-star\" data-star=\"5\" style=\"padding-right: 5px\">\n            \n\n<div class=\"kksr-icon\" style=\"width: 24px; height: 24px;\"><\/div>\n        <\/div>\n    <\/div>\n    \n<div class=\"kksr-stars-active\" style=\"width: 0px;\">\n            <div class=\"kksr-star\" style=\"padding-right: 5px\">\n            \n\n<div class=\"kksr-icon\" style=\"width: 24px; height: 24px;\"><\/div>\n        <\/div>\n            <div class=\"kksr-star\" style=\"padding-right: 5px\">\n            \n\n<div class=\"kksr-icon\" style=\"width: 24px; height: 24px;\"><\/div>\n        <\/div>\n            <div class=\"kksr-star\" style=\"padding-right: 5px\">\n            \n\n<div class=\"kksr-icon\" style=\"width: 24px; height: 24px;\"><\/div>\n        <\/div>\n            <div class=\"kksr-star\" style=\"padding-right: 5px\">\n            \n\n<div class=\"kksr-icon\" style=\"width: 24px; height: 24px;\"><\/div>\n        <\/div>\n            <div class=\"kksr-star\" style=\"padding-right: 5px\">\n            \n\n<div class=\"kksr-icon\" style=\"width: 24px; height: 24px;\"><\/div>\n        <\/div>\n    <\/div>\n<\/div>\n                \n\n<div class=\"kksr-legend\" style=\"font-size: 19.2px;\">\n            <span class=\"kksr-muted\"><\/span>\n    <\/div>\n    <\/div>\n","protected":false},"excerpt":{"rendered":"<p>Dans un contexte de d\u00e9bats budg\u00e9taires nationaux tendus, Fran\u00e7ois Bayrou aurait lanc\u00e9 une s\u00e9rie de vid\u00e9os explicatives pour d\u00e9fendre la l\u00e9gitimit\u00e9 de son plan d\u2019aust\u00e9rit\u00e9. Cette initiative, d\u00e9voil\u00e9e en catimini, viserait \u00e0 contourner les m\u00e9dias traditionnels pour s\u2019adresser directement aux Fran\u00e7ais. \u00ab Je ne comprends pas pourquoi on nous pr\u00e9sente toujours ces mesures comme une &#8230; <a title=\"Bayrou lance une s\u00e9rie de vid\u00e9os pour d\u00e9fendre son plan budg\u00e9taire \u201cc\u2019est la seule solution pour \u00e9viter la banqueroute\u201d\" class=\"read-more\" href=\"https:\/\/rachat2credit.fr\/guide\/bayrou-lance-une-serie-de-videos-pour-defendre-son-plan-budgetaire-cest-la-seule-solution-pour-eviter-la-banqueroute\/\" aria-label=\"En savoir plus sur Bayrou lance une s\u00e9rie de vid\u00e9os pour d\u00e9fendre son plan budg\u00e9taire \u201cc\u2019est la seule solution pour \u00e9viter la banqueroute\u201d\">Lire plus<\/a><\/p>\n","protected":false},"author":1,"featured_media":1012,"comment_status":"open","ping_status":"open","sticky":false,"template":"","format":"standard","meta":{"footnotes":""},"categories":[8],"tags":[],"class_list":["post-1011","post","type-post","status-publish","format-standard","has-post-thumbnail","hentry","category-a-la-une"],"yoast_head":"<!-- This site is optimized with the Yoast SEO plugin v27.5 - https:\/\/yoast.com\/product\/yoast-seo-wordpress\/ -->\n<title>Bayrou lance une s\u00e9rie de vid\u00e9os pour d\u00e9fendre son plan budg\u00e9taire \u201cc\u2019est la seule solution pour \u00e9viter la banqueroute\u201d - Rachat de Cr\u00e9dit<\/title>\n<meta name=\"robots\" content=\"index, follow, max-snippet:-1, max-image-preview:large, max-video-preview:-1\" \/>\n<link rel=\"canonical\" href=\"https:\/\/rachat2credit.fr\/guide\/bayrou-lance-une-serie-de-videos-pour-defendre-son-plan-budgetaire-cest-la-seule-solution-pour-eviter-la-banqueroute\/\" \/>\n<meta property=\"og:locale\" content=\"fr_FR\" \/>\n<meta property=\"og:type\" content=\"article\" \/>\n<meta property=\"og:title\" content=\"Bayrou lance une s\u00e9rie de vid\u00e9os pour d\u00e9fendre son plan budg\u00e9taire \u201cc\u2019est la seule solution pour \u00e9viter la banqueroute\u201d - Rachat de Cr\u00e9dit\" \/>\n<meta property=\"og:description\" content=\"Dans un contexte de d\u00e9bats budg\u00e9taires nationaux tendus, Fran\u00e7ois Bayrou aurait lanc\u00e9 une s\u00e9rie de vid\u00e9os explicatives pour d\u00e9fendre la l\u00e9gitimit\u00e9 de son plan d\u2019aust\u00e9rit\u00e9. Cette initiative, d\u00e9voil\u00e9e en catimini, viserait \u00e0 contourner les m\u00e9dias traditionnels pour s\u2019adresser directement aux Fran\u00e7ais. \u00ab Je ne comprends pas pourquoi on nous pr\u00e9sente toujours ces mesures comme une ... Lire plus\" \/>\n<meta property=\"og:url\" content=\"https:\/\/rachat2credit.fr\/guide\/bayrou-lance-une-serie-de-videos-pour-defendre-son-plan-budgetaire-cest-la-seule-solution-pour-eviter-la-banqueroute\/\" \/>\n<meta property=\"og:site_name\" content=\"Rachat de Cr\u00e9dit\" \/>\n<meta property=\"article:published_time\" content=\"2025-08-22T13:46:28+00:00\" \/>\n<meta property=\"og:image\" content=\"https:\/\/rachat2credit.fr\/guide\/wp-content\/uploads\/2025\/08\/flux-pro-1.1-1011-1755870398.jpg\" \/>\n\t<meta property=\"og:image:width\" content=\"1344\" \/>\n\t<meta property=\"og:image:height\" content=\"768\" \/>\n\t<meta property=\"og:image:type\" content=\"image\/jpeg\" \/>\n<meta name=\"author\" content=\"Aurelien Boulanger\" \/>\n<meta name=\"twitter:card\" content=\"summary_large_image\" \/>\n<meta name=\"twitter:label1\" content=\"\u00c9crit par\" \/>\n\t<meta name=\"twitter:data1\" content=\"Aurelien Boulanger\" \/>\n\t<meta name=\"twitter:label2\" content=\"Dur\u00e9e de lecture estim\u00e9e\" \/>\n\t<meta name=\"twitter:data2\" content=\"3 minutes\" \/>\n<script type=\"application\/ld+json\" class=\"yoast-schema-graph\">{\"@context\":\"https:\\\/\\\/schema.org\",\"@graph\":[{\"@type\":\"NewsArticle\",\"@id\":\"https:\\\/\\\/rachat2credit.fr\\\/guide\\\/bayrou-lance-une-serie-de-videos-pour-defendre-son-plan-budgetaire-cest-la-seule-solution-pour-eviter-la-banqueroute\\\/#article\",\"isPartOf\":{\"@id\":\"https:\\\/\\\/rachat2credit.fr\\\/guide\\\/bayrou-lance-une-serie-de-videos-pour-defendre-son-plan-budgetaire-cest-la-seule-solution-pour-eviter-la-banqueroute\\\/\"},\"author\":{\"name\":\"Aurelien Boulanger\",\"@id\":\"https:\\\/\\\/rachat2credit.fr\\\/guide\\\/#\\\/schema\\\/person\\\/d4142086d07bc6acdc4722eabd955cc2\"},\"headline\":\"Bayrou lance une s\u00e9rie de vid\u00e9os pour d\u00e9fendre son plan budg\u00e9taire \u201cc\u2019est la seule solution pour \u00e9viter la banqueroute\u201d\",\"datePublished\":\"2025-08-22T13:46:28+00:00\",\"mainEntityOfPage\":{\"@id\":\"https:\\\/\\\/rachat2credit.fr\\\/guide\\\/bayrou-lance-une-serie-de-videos-pour-defendre-son-plan-budgetaire-cest-la-seule-solution-pour-eviter-la-banqueroute\\\/\"},\"wordCount\":668,\"commentCount\":27,\"publisher\":{\"@id\":\"https:\\\/\\\/rachat2credit.fr\\\/guide\\\/#organization\"},\"image\":{\"@id\":\"https:\\\/\\\/rachat2credit.fr\\\/guide\\\/bayrou-lance-une-serie-de-videos-pour-defendre-son-plan-budgetaire-cest-la-seule-solution-pour-eviter-la-banqueroute\\\/#primaryimage\"},\"thumbnailUrl\":\"https:\\\/\\\/rachat2credit.fr\\\/guide\\\/wp-content\\\/uploads\\\/2025\\\/08\\\/flux-pro-1.1-1011-1755870398.jpg\",\"articleSection\":[\"A la une\"],\"inLanguage\":\"fr-FR\",\"potentialAction\":[{\"@type\":\"CommentAction\",\"name\":\"Comment\",\"target\":[\"https:\\\/\\\/rachat2credit.fr\\\/guide\\\/bayrou-lance-une-serie-de-videos-pour-defendre-son-plan-budgetaire-cest-la-seule-solution-pour-eviter-la-banqueroute\\\/#respond\"]}]},{\"@type\":\"WebPage\",\"@id\":\"https:\\\/\\\/rachat2credit.fr\\\/guide\\\/bayrou-lance-une-serie-de-videos-pour-defendre-son-plan-budgetaire-cest-la-seule-solution-pour-eviter-la-banqueroute\\\/\",\"url\":\"https:\\\/\\\/rachat2credit.fr\\\/guide\\\/bayrou-lance-une-serie-de-videos-pour-defendre-son-plan-budgetaire-cest-la-seule-solution-pour-eviter-la-banqueroute\\\/\",\"name\":\"Bayrou lance une s\u00e9rie de vid\u00e9os pour d\u00e9fendre son plan budg\u00e9taire \u201cc\u2019est la seule solution pour \u00e9viter la banqueroute\u201d - Rachat de Cr\u00e9dit\",\"isPartOf\":{\"@id\":\"https:\\\/\\\/rachat2credit.fr\\\/guide\\\/#website\"},\"primaryImageOfPage\":{\"@id\":\"https:\\\/\\\/rachat2credit.fr\\\/guide\\\/bayrou-lance-une-serie-de-videos-pour-defendre-son-plan-budgetaire-cest-la-seule-solution-pour-eviter-la-banqueroute\\\/#primaryimage\"},\"image\":{\"@id\":\"https:\\\/\\\/rachat2credit.fr\\\/guide\\\/bayrou-lance-une-serie-de-videos-pour-defendre-son-plan-budgetaire-cest-la-seule-solution-pour-eviter-la-banqueroute\\\/#primaryimage\"},\"thumbnailUrl\":\"https:\\\/\\\/rachat2credit.fr\\\/guide\\\/wp-content\\\/uploads\\\/2025\\\/08\\\/flux-pro-1.1-1011-1755870398.jpg\",\"datePublished\":\"2025-08-22T13:46:28+00:00\",\"breadcrumb\":{\"@id\":\"https:\\\/\\\/rachat2credit.fr\\\/guide\\\/bayrou-lance-une-serie-de-videos-pour-defendre-son-plan-budgetaire-cest-la-seule-solution-pour-eviter-la-banqueroute\\\/#breadcrumb\"},\"inLanguage\":\"fr-FR\",\"potentialAction\":[{\"@type\":\"ReadAction\",\"target\":[\"https:\\\/\\\/rachat2credit.fr\\\/guide\\\/bayrou-lance-une-serie-de-videos-pour-defendre-son-plan-budgetaire-cest-la-seule-solution-pour-eviter-la-banqueroute\\\/\"]}]},{\"@type\":\"ImageObject\",\"inLanguage\":\"fr-FR\",\"@id\":\"https:\\\/\\\/rachat2credit.fr\\\/guide\\\/bayrou-lance-une-serie-de-videos-pour-defendre-son-plan-budgetaire-cest-la-seule-solution-pour-eviter-la-banqueroute\\\/#primaryimage\",\"url\":\"https:\\\/\\\/rachat2credit.fr\\\/guide\\\/wp-content\\\/uploads\\\/2025\\\/08\\\/flux-pro-1.1-1011-1755870398.jpg\",\"contentUrl\":\"https:\\\/\\\/rachat2credit.fr\\\/guide\\\/wp-content\\\/uploads\\\/2025\\\/08\\\/flux-pro-1.1-1011-1755870398.jpg\",\"width\":1344,\"height\":768},{\"@type\":\"BreadcrumbList\",\"@id\":\"https:\\\/\\\/rachat2credit.fr\\\/guide\\\/bayrou-lance-une-serie-de-videos-pour-defendre-son-plan-budgetaire-cest-la-seule-solution-pour-eviter-la-banqueroute\\\/#breadcrumb\",\"itemListElement\":[{\"@type\":\"ListItem\",\"position\":1,\"name\":\"Accueil\",\"item\":\"https:\\\/\\\/rachat2credit.fr\\\/guide\\\/\"},{\"@type\":\"ListItem\",\"position\":2,\"name\":\"Bayrou lance une s\u00e9rie de vid\u00e9os pour d\u00e9fendre son plan budg\u00e9taire \u201cc\u2019est la seule solution pour \u00e9viter la banqueroute\u201d\"}]},{\"@type\":\"WebSite\",\"@id\":\"https:\\\/\\\/rachat2credit.fr\\\/guide\\\/#website\",\"url\":\"https:\\\/\\\/rachat2credit.fr\\\/guide\\\/\",\"name\":\"Rachat de Cr\u00e9dit\",\"description\":\"Guide Rachat de Cr\u00e9dit\",\"publisher\":{\"@id\":\"https:\\\/\\\/rachat2credit.fr\\\/guide\\\/#organization\"},\"potentialAction\":[{\"@type\":\"SearchAction\",\"target\":{\"@type\":\"EntryPoint\",\"urlTemplate\":\"https:\\\/\\\/rachat2credit.fr\\\/guide\\\/?s={search_term_string}\"},\"query-input\":{\"@type\":\"PropertyValueSpecification\",\"valueRequired\":true,\"valueName\":\"search_term_string\"}}],\"inLanguage\":\"fr-FR\"},{\"@type\":\"Organization\",\"@id\":\"https:\\\/\\\/rachat2credit.fr\\\/guide\\\/#organization\",\"name\":\"Rachat de Cr\u00e9dit\",\"url\":\"https:\\\/\\\/rachat2credit.fr\\\/guide\\\/\",\"logo\":{\"@type\":\"ImageObject\",\"inLanguage\":\"fr-FR\",\"@id\":\"https:\\\/\\\/rachat2credit.fr\\\/guide\\\/#\\\/schema\\\/logo\\\/image\\\/\",\"url\":\"https:\\\/\\\/rachat2credit.fr\\\/guide\\\/wp-content\\\/uploads\\\/2025\\\/05\\\/rachat2credit.png\",\"contentUrl\":\"https:\\\/\\\/rachat2credit.fr\\\/guide\\\/wp-content\\\/uploads\\\/2025\\\/05\\\/rachat2credit.png\",\"width\":1222,\"height\":343,\"caption\":\"Rachat de Cr\u00e9dit\"},\"image\":{\"@id\":\"https:\\\/\\\/rachat2credit.fr\\\/guide\\\/#\\\/schema\\\/logo\\\/image\\\/\"}},{\"@type\":\"Person\",\"@id\":\"https:\\\/\\\/rachat2credit.fr\\\/guide\\\/#\\\/schema\\\/person\\\/d4142086d07bc6acdc4722eabd955cc2\",\"name\":\"Aurelien Boulanger\",\"image\":{\"@type\":\"ImageObject\",\"inLanguage\":\"fr-FR\",\"@id\":\"https:\\\/\\\/secure.gravatar.com\\\/avatar\\\/32175434c9ca2b27bfeb905d1c3ec782a789caf494bc0ec8fa6ed0ee39c2e62a?s=96&d=mm&r=g\",\"url\":\"https:\\\/\\\/secure.gravatar.com\\\/avatar\\\/32175434c9ca2b27bfeb905d1c3ec782a789caf494bc0ec8fa6ed0ee39c2e62a?s=96&d=mm&r=g\",\"contentUrl\":\"https:\\\/\\\/secure.gravatar.com\\\/avatar\\\/32175434c9ca2b27bfeb905d1c3ec782a789caf494bc0ec8fa6ed0ee39c2e62a?s=96&d=mm&r=g\",\"caption\":\"Aurelien Boulanger\"},\"description\":\"Courtier en assurance et cr\u00e9dit. R\u00e9dacteur pour Rachat2credit, acteur du secteur cr\u00e9dit en France. Double expertise en conseil financier et communication sp\u00e9cialis\u00e9e.\",\"sameAs\":[\"https:\\\/\\\/rachat2credit.fr\\\/guide\"],\"url\":\"https:\\\/\\\/rachat2credit.fr\\\/guide\\\/author\\\/aurelien\\\/\"}]}<\/script>\n<!-- \/ Yoast SEO plugin. -->","yoast_head_json":{"title":"Bayrou lance une s\u00e9rie de vid\u00e9os pour d\u00e9fendre son plan budg\u00e9taire \u201cc\u2019est la seule solution pour \u00e9viter la banqueroute\u201d - Rachat de Cr\u00e9dit","robots":{"index":"index","follow":"follow","max-snippet":"max-snippet:-1","max-image-preview":"max-image-preview:large","max-video-preview":"max-video-preview:-1"},"canonical":"https:\/\/rachat2credit.fr\/guide\/bayrou-lance-une-serie-de-videos-pour-defendre-son-plan-budgetaire-cest-la-seule-solution-pour-eviter-la-banqueroute\/","og_locale":"fr_FR","og_type":"article","og_title":"Bayrou lance une s\u00e9rie de vid\u00e9os pour d\u00e9fendre son plan budg\u00e9taire \u201cc\u2019est la seule solution pour \u00e9viter la banqueroute\u201d - Rachat de Cr\u00e9dit","og_description":"Dans un contexte de d\u00e9bats budg\u00e9taires nationaux tendus, Fran\u00e7ois Bayrou aurait lanc\u00e9 une s\u00e9rie de vid\u00e9os explicatives pour d\u00e9fendre la l\u00e9gitimit\u00e9 de son plan d\u2019aust\u00e9rit\u00e9. Cette initiative, d\u00e9voil\u00e9e en catimini, viserait \u00e0 contourner les m\u00e9dias traditionnels pour s\u2019adresser directement aux Fran\u00e7ais. \u00ab Je ne comprends pas pourquoi on nous pr\u00e9sente toujours ces mesures comme une ... Lire plus","og_url":"https:\/\/rachat2credit.fr\/guide\/bayrou-lance-une-serie-de-videos-pour-defendre-son-plan-budgetaire-cest-la-seule-solution-pour-eviter-la-banqueroute\/","og_site_name":"Rachat de Cr\u00e9dit","article_published_time":"2025-08-22T13:46:28+00:00","og_image":[{"width":1344,"height":768,"url":"https:\/\/rachat2credit.fr\/guide\/wp-content\/uploads\/2025\/08\/flux-pro-1.1-1011-1755870398.jpg","type":"image\/jpeg"}],"author":"Aurelien Boulanger","twitter_card":"summary_large_image","twitter_misc":{"\u00c9crit par":"Aurelien Boulanger","Dur\u00e9e de lecture estim\u00e9e":"3 minutes"},"schema":{"@context":"https:\/\/schema.org","@graph":[{"@type":"NewsArticle","@id":"https:\/\/rachat2credit.fr\/guide\/bayrou-lance-une-serie-de-videos-pour-defendre-son-plan-budgetaire-cest-la-seule-solution-pour-eviter-la-banqueroute\/#article","isPartOf":{"@id":"https:\/\/rachat2credit.fr\/guide\/bayrou-lance-une-serie-de-videos-pour-defendre-son-plan-budgetaire-cest-la-seule-solution-pour-eviter-la-banqueroute\/"},"author":{"name":"Aurelien Boulanger","@id":"https:\/\/rachat2credit.fr\/guide\/#\/schema\/person\/d4142086d07bc6acdc4722eabd955cc2"},"headline":"Bayrou lance une s\u00e9rie de vid\u00e9os pour d\u00e9fendre son plan budg\u00e9taire \u201cc\u2019est la seule solution pour \u00e9viter la banqueroute\u201d","datePublished":"2025-08-22T13:46:28+00:00","mainEntityOfPage":{"@id":"https:\/\/rachat2credit.fr\/guide\/bayrou-lance-une-serie-de-videos-pour-defendre-son-plan-budgetaire-cest-la-seule-solution-pour-eviter-la-banqueroute\/"},"wordCount":668,"commentCount":27,"publisher":{"@id":"https:\/\/rachat2credit.fr\/guide\/#organization"},"image":{"@id":"https:\/\/rachat2credit.fr\/guide\/bayrou-lance-une-serie-de-videos-pour-defendre-son-plan-budgetaire-cest-la-seule-solution-pour-eviter-la-banqueroute\/#primaryimage"},"thumbnailUrl":"https:\/\/rachat2credit.fr\/guide\/wp-content\/uploads\/2025\/08\/flux-pro-1.1-1011-1755870398.jpg","articleSection":["A la une"],"inLanguage":"fr-FR","potentialAction":[{"@type":"CommentAction","name":"Comment","target":["https:\/\/rachat2credit.fr\/guide\/bayrou-lance-une-serie-de-videos-pour-defendre-son-plan-budgetaire-cest-la-seule-solution-pour-eviter-la-banqueroute\/#respond"]}]},{"@type":"WebPage","@id":"https:\/\/rachat2credit.fr\/guide\/bayrou-lance-une-serie-de-videos-pour-defendre-son-plan-budgetaire-cest-la-seule-solution-pour-eviter-la-banqueroute\/","url":"https:\/\/rachat2credit.fr\/guide\/bayrou-lance-une-serie-de-videos-pour-defendre-son-plan-budgetaire-cest-la-seule-solution-pour-eviter-la-banqueroute\/","name":"Bayrou lance une s\u00e9rie de vid\u00e9os pour d\u00e9fendre son plan budg\u00e9taire \u201cc\u2019est la seule solution pour \u00e9viter la banqueroute\u201d - Rachat de Cr\u00e9dit","isPartOf":{"@id":"https:\/\/rachat2credit.fr\/guide\/#website"},"primaryImageOfPage":{"@id":"https:\/\/rachat2credit.fr\/guide\/bayrou-lance-une-serie-de-videos-pour-defendre-son-plan-budgetaire-cest-la-seule-solution-pour-eviter-la-banqueroute\/#primaryimage"},"image":{"@id":"https:\/\/rachat2credit.fr\/guide\/bayrou-lance-une-serie-de-videos-pour-defendre-son-plan-budgetaire-cest-la-seule-solution-pour-eviter-la-banqueroute\/#primaryimage"},"thumbnailUrl":"https:\/\/rachat2credit.fr\/guide\/wp-content\/uploads\/2025\/08\/flux-pro-1.1-1011-1755870398.jpg","datePublished":"2025-08-22T13:46:28+00:00","breadcrumb":{"@id":"https:\/\/rachat2credit.fr\/guide\/bayrou-lance-une-serie-de-videos-pour-defendre-son-plan-budgetaire-cest-la-seule-solution-pour-eviter-la-banqueroute\/#breadcrumb"},"inLanguage":"fr-FR","potentialAction":[{"@type":"ReadAction","target":["https:\/\/rachat2credit.fr\/guide\/bayrou-lance-une-serie-de-videos-pour-defendre-son-plan-budgetaire-cest-la-seule-solution-pour-eviter-la-banqueroute\/"]}]},{"@type":"ImageObject","inLanguage":"fr-FR","@id":"https:\/\/rachat2credit.fr\/guide\/bayrou-lance-une-serie-de-videos-pour-defendre-son-plan-budgetaire-cest-la-seule-solution-pour-eviter-la-banqueroute\/#primaryimage","url":"https:\/\/rachat2credit.fr\/guide\/wp-content\/uploads\/2025\/08\/flux-pro-1.1-1011-1755870398.jpg","contentUrl":"https:\/\/rachat2credit.fr\/guide\/wp-content\/uploads\/2025\/08\/flux-pro-1.1-1011-1755870398.jpg","width":1344,"height":768},{"@type":"BreadcrumbList","@id":"https:\/\/rachat2credit.fr\/guide\/bayrou-lance-une-serie-de-videos-pour-defendre-son-plan-budgetaire-cest-la-seule-solution-pour-eviter-la-banqueroute\/#breadcrumb","itemListElement":[{"@type":"ListItem","position":1,"name":"Accueil","item":"https:\/\/rachat2credit.fr\/guide\/"},{"@type":"ListItem","position":2,"name":"Bayrou lance une s\u00e9rie de vid\u00e9os pour d\u00e9fendre son plan budg\u00e9taire \u201cc\u2019est la seule solution pour \u00e9viter la banqueroute\u201d"}]},{"@type":"WebSite","@id":"https:\/\/rachat2credit.fr\/guide\/#website","url":"https:\/\/rachat2credit.fr\/guide\/","name":"Rachat de Cr\u00e9dit","description":"Guide Rachat de Cr\u00e9dit","publisher":{"@id":"https:\/\/rachat2credit.fr\/guide\/#organization"},"potentialAction":[{"@type":"SearchAction","target":{"@type":"EntryPoint","urlTemplate":"https:\/\/rachat2credit.fr\/guide\/?s={search_term_string}"},"query-input":{"@type":"PropertyValueSpecification","valueRequired":true,"valueName":"search_term_string"}}],"inLanguage":"fr-FR"},{"@type":"Organization","@id":"https:\/\/rachat2credit.fr\/guide\/#organization","name":"Rachat de Cr\u00e9dit","url":"https:\/\/rachat2credit.fr\/guide\/","logo":{"@type":"ImageObject","inLanguage":"fr-FR","@id":"https:\/\/rachat2credit.fr\/guide\/#\/schema\/logo\/image\/","url":"https:\/\/rachat2credit.fr\/guide\/wp-content\/uploads\/2025\/05\/rachat2credit.png","contentUrl":"https:\/\/rachat2credit.fr\/guide\/wp-content\/uploads\/2025\/05\/rachat2credit.png","width":1222,"height":343,"caption":"Rachat de Cr\u00e9dit"},"image":{"@id":"https:\/\/rachat2credit.fr\/guide\/#\/schema\/logo\/image\/"}},{"@type":"Person","@id":"https:\/\/rachat2credit.fr\/guide\/#\/schema\/person\/d4142086d07bc6acdc4722eabd955cc2","name":"Aurelien Boulanger","image":{"@type":"ImageObject","inLanguage":"fr-FR","@id":"https:\/\/secure.gravatar.com\/avatar\/32175434c9ca2b27bfeb905d1c3ec782a789caf494bc0ec8fa6ed0ee39c2e62a?s=96&d=mm&r=g","url":"https:\/\/secure.gravatar.com\/avatar\/32175434c9ca2b27bfeb905d1c3ec782a789caf494bc0ec8fa6ed0ee39c2e62a?s=96&d=mm&r=g","contentUrl":"https:\/\/secure.gravatar.com\/avatar\/32175434c9ca2b27bfeb905d1c3ec782a789caf494bc0ec8fa6ed0ee39c2e62a?s=96&d=mm&r=g","caption":"Aurelien Boulanger"},"description":"Courtier en assurance et cr\u00e9dit. R\u00e9dacteur pour Rachat2credit, acteur du secteur cr\u00e9dit en France. Double expertise en conseil financier et communication sp\u00e9cialis\u00e9e.","sameAs":["https:\/\/rachat2credit.fr\/guide"],"url":"https:\/\/rachat2credit.fr\/guide\/author\/aurelien\/"}]}},"_links":{"self":[{"href":"https:\/\/rachat2credit.fr\/guide\/wp-json\/wp\/v2\/posts\/1011","targetHints":{"allow":["GET"]}}],"collection":[{"href":"https:\/\/rachat2credit.fr\/guide\/wp-json\/wp\/v2\/posts"}],"about":[{"href":"https:\/\/rachat2credit.fr\/guide\/wp-json\/wp\/v2\/types\/post"}],"author":[{"embeddable":true,"href":"https:\/\/rachat2credit.fr\/guide\/wp-json\/wp\/v2\/users\/1"}],"replies":[{"embeddable":true,"href":"https:\/\/rachat2credit.fr\/guide\/wp-json\/wp\/v2\/comments?post=1011"}],"version-history":[{"count":0,"href":"https:\/\/rachat2credit.fr\/guide\/wp-json\/wp\/v2\/posts\/1011\/revisions"}],"wp:featuredmedia":[{"embeddable":true,"href":"https:\/\/rachat2credit.fr\/guide\/wp-json\/wp\/v2\/media\/1012"}],"wp:attachment":[{"href":"https:\/\/rachat2credit.fr\/guide\/wp-json\/wp\/v2\/media?parent=1011"}],"wp:term":[{"taxonomy":"category","embeddable":true,"href":"https:\/\/rachat2credit.fr\/guide\/wp-json\/wp\/v2\/categories?post=1011"},{"taxonomy":"post_tag","embeddable":true,"href":"https:\/\/rachat2credit.fr\/guide\/wp-json\/wp\/v2\/tags?post=1011"}],"curies":[{"name":"wp","href":"https:\/\/api.w.org\/{rel}","templated":true}]}}