{"id":102,"date":"2025-05-10T09:29:16","date_gmt":"2025-05-10T09:29:16","guid":{"rendered":"https:\/\/rachat2credit.fr\/guide\/?p=102"},"modified":"2025-05-10T09:29:17","modified_gmt":"2025-05-10T09:29:17","slug":"microcredit-adie","status":"publish","type":"post","link":"https:\/\/rachat2credit.fr\/guide\/microcredit-adie\/","title":{"rendered":"Microcr\u00e9dit avec l&rsquo;ADIE : Comment en obtenir un ?"},"content":{"rendered":"\n<p>L&rsquo;acc\u00e8s au financement constitue souvent un obstacle majeur pour les entrepreneurs exclus du syst\u00e8me bancaire traditionnel. Le <strong>microcr\u00e9dit<\/strong> repr\u00e9sente une solution adapt\u00e9e \u00e0 ces situations, avec l&rsquo;ADIE (Association pour le Droit \u00e0 l&rsquo;Initiative \u00c9conomique) comme acteur principal en France.<\/p>\n\n\n\n<div id=\"ez-toc-container\" class=\"ez-toc-v2_0_82_2 counter-hierarchy ez-toc-counter ez-toc-grey ez-toc-container-direction\">\n<p class=\"ez-toc-title\" style=\"cursor:inherit\">Sommaire<\/p>\n<label for=\"ez-toc-cssicon-toggle-item-69f0dfb5c9c12\" class=\"ez-toc-cssicon-toggle-label\"><span class=\"ez-toc-cssicon\"><span class=\"eztoc-hide\" style=\"display:none;\">Toggle<\/span><span class=\"ez-toc-icon-toggle-span\"><svg style=\"fill: #999;color:#999\" xmlns=\"http:\/\/www.w3.org\/2000\/svg\" class=\"list-377408\" width=\"20px\" height=\"20px\" viewBox=\"0 0 24 24\" fill=\"none\"><path d=\"M6 6H4v2h2V6zm14 0H8v2h12V6zM4 11h2v2H4v-2zm16 0H8v2h12v-2zM4 16h2v2H4v-2zm16 0H8v2h12v-2z\" fill=\"currentColor\"><\/path><\/svg><svg style=\"fill: #999;color:#999\" class=\"arrow-unsorted-368013\" xmlns=\"http:\/\/www.w3.org\/2000\/svg\" width=\"10px\" height=\"10px\" viewBox=\"0 0 24 24\" version=\"1.2\" baseProfile=\"tiny\"><path d=\"M18.2 9.3l-6.2-6.3-6.2 6.3c-.2.2-.3.4-.3.7s.1.5.3.7c.2.2.4.3.7.3h11c.3 0 .5-.1.7-.3.2-.2.3-.5.3-.7s-.1-.5-.3-.7zM5.8 14.7l6.2 6.3 6.2-6.3c.2-.2.3-.5.3-.7s-.1-.5-.3-.7c-.2-.2-.4-.3-.7-.3h-11c-.3 0-.5.1-.7.3-.2.2-.3.5-.3.7s.1.5.3.7z\"\/><\/svg><\/span><\/span><\/label><input type=\"checkbox\"  id=\"ez-toc-cssicon-toggle-item-69f0dfb5c9c12\" checked aria-label=\"Toggle\" \/><nav><ul class='ez-toc-list ez-toc-list-level-1 ' ><li class='ez-toc-page-1 ez-toc-heading-level-2'><a class=\"ez-toc-link ez-toc-heading-1\" href=\"https:\/\/rachat2credit.fr\/guide\/microcredit-adie\/#Points_cles_a_retenir\" >Points cl\u00e9s \u00e0 retenir<\/a><\/li><li class='ez-toc-page-1 ez-toc-heading-level-2'><a class=\"ez-toc-link ez-toc-heading-2\" href=\"https:\/\/rachat2credit.fr\/guide\/microcredit-adie\/#Comprendre_le_microcredit_de_lADIE_principes_fondamentaux_et_avantages\" >Comprendre le microcr\u00e9dit de l&rsquo;ADIE : principes fondamentaux et avantages<\/a><ul class='ez-toc-list-level-3' ><li class='ez-toc-heading-level-3'><a class=\"ez-toc-link ez-toc-heading-3\" href=\"https:\/\/rachat2credit.fr\/guide\/microcredit-adie\/#Definition_et_mission_de_lADIE\" >D\u00e9finition et mission de l&rsquo;ADIE<\/a><\/li><li class='ez-toc-page-1 ez-toc-heading-level-3'><a class=\"ez-toc-link ez-toc-heading-4\" href=\"https:\/\/rachat2credit.fr\/guide\/microcredit-adie\/#Les_differents_types_de_microcredits_proposes_par_lADIE_en_2025\" >Les diff\u00e9rents types de microcr\u00e9dits propos\u00e9s par l&rsquo;ADIE en 2025<\/a><\/li><li class='ez-toc-page-1 ez-toc-heading-level-3'><a class=\"ez-toc-link ez-toc-heading-5\" href=\"https:\/\/rachat2credit.fr\/guide\/microcredit-adie\/#Montants_disponibles_jusqua_17_000E_pour_les_projets_professionnels\" >Montants disponibles : jusqu&rsquo;\u00e0 17 000\u20ac pour les projets professionnels<\/a><\/li><li class='ez-toc-page-1 ez-toc-heading-level-3'><a class=\"ez-toc-link ez-toc-heading-6\" href=\"https:\/\/rachat2credit.fr\/guide\/microcredit-adie\/#Taux_et_conditions_financieres_actualises\" >Taux et conditions financi\u00e8res actualis\u00e9s<\/a><\/li><li class='ez-toc-page-1 ez-toc-heading-level-3'><a class=\"ez-toc-link ez-toc-heading-7\" href=\"https:\/\/rachat2credit.fr\/guide\/microcredit-adie\/#Laccompagnement_personnalise_un_atout_majeur_pour_la_reussite_des_projets\" >L&rsquo;accompagnement personnalis\u00e9 : un atout majeur pour la r\u00e9ussite des projets<\/a><\/li><\/ul><\/li><li class='ez-toc-page-1 ez-toc-heading-level-2'><a class=\"ez-toc-link ez-toc-heading-8\" href=\"https:\/\/rachat2credit.fr\/guide\/microcredit-adie\/#Qui_peut_beneficier_dun_microcredit_ADIE_Criteres_deligibilite_2025\" >Qui peut b\u00e9n\u00e9ficier d&rsquo;un microcr\u00e9dit ADIE ? Crit\u00e8res d&rsquo;\u00e9ligibilit\u00e9 2025<\/a><ul class='ez-toc-list-level-3' ><li class='ez-toc-heading-level-3'><a class=\"ez-toc-link ez-toc-heading-9\" href=\"https:\/\/rachat2credit.fr\/guide\/microcredit-adie\/#Profils_prioritaires_entrepreneurs_exclus_du_systeme_bancaire_traditionnel\" >Profils prioritaires : entrepreneurs exclus du syst\u00e8me bancaire traditionnel<\/a><\/li><li class='ez-toc-page-1 ez-toc-heading-level-3'><a class=\"ez-toc-link ez-toc-heading-10\" href=\"https:\/\/rachat2credit.fr\/guide\/microcredit-adie\/#Createurs_dentreprise_conditions_specifiques_pour_les_projets_de_creation\" >Cr\u00e9ateurs d&rsquo;entreprise : conditions sp\u00e9cifiques pour les projets de cr\u00e9ation<\/a><\/li><li class='ez-toc-page-1 ez-toc-heading-level-3'><a class=\"ez-toc-link ez-toc-heading-11\" href=\"https:\/\/rachat2credit.fr\/guide\/microcredit-adie\/#Developpement_dactivite_existante_financement_pour_lexpansion\" >D\u00e9veloppement d&rsquo;activit\u00e9 existante : financement pour l&rsquo;expansion<\/a><\/li><li class='ez-toc-page-1 ez-toc-heading-level-3'><a class=\"ez-toc-link ez-toc-heading-12\" href=\"https:\/\/rachat2credit.fr\/guide\/microcredit-adie\/#Projets_de_mobilite_acheter_un_vehicule_ou_passer_son_permis\" >Projets de mobilit\u00e9 : acheter un v\u00e9hicule ou passer son permis<\/a><\/li><li class='ez-toc-page-1 ez-toc-heading-level-3'><a class=\"ez-toc-link ez-toc-heading-13\" href=\"https:\/\/rachat2credit.fr\/guide\/microcredit-adie\/#Situations_personnelles_acceptees_demandeurs_demploi_beneficiaires_de_minima_sociaux_salaries_precaires\" >Situations personnelles accept\u00e9es : demandeurs d&#8217;emploi, b\u00e9n\u00e9ficiaires de minima sociaux, salari\u00e9s pr\u00e9caires<\/a><\/li><\/ul><\/li><li class='ez-toc-page-1 ez-toc-heading-level-2'><a class=\"ez-toc-link ez-toc-heading-14\" href=\"https:\/\/rachat2credit.fr\/guide\/microcredit-adie\/#Preparation_de_votre_dossier_les_etapes_indispensables_pour_obtenir_votre_financement\" >Pr\u00e9paration de votre dossier : les \u00e9tapes indispensables pour obtenir votre financement<\/a><ul class='ez-toc-list-level-3' ><li class='ez-toc-heading-level-3'><a class=\"ez-toc-link ez-toc-heading-15\" href=\"https:\/\/rachat2credit.fr\/guide\/microcredit-adie\/#Evaluation_precise_de_vos_besoins_financiers_et_de_votre_capacite_de_remboursement\" >\u00c9valuation pr\u00e9cise de vos besoins financiers et de votre capacit\u00e9 de remboursement<\/a><\/li><li class='ez-toc-page-1 ez-toc-heading-level-3'><a class=\"ez-toc-link ez-toc-heading-16\" href=\"https:\/\/rachat2credit.fr\/guide\/microcredit-adie\/#Documentation_necessaire_liste_exhaustive_des_pieces_justificatives\" >Documentation n\u00e9cessaire : liste exhaustive des pi\u00e8ces justificatives<\/a><\/li><li class='ez-toc-page-1 ez-toc-heading-level-3'><a class=\"ez-toc-link ez-toc-heading-17\" href=\"https:\/\/rachat2credit.fr\/guide\/microcredit-adie\/#Trouver_un_garant_strategies_pour_obtenir_une_caution_a_hauteur_de_50_du_pret\" >Trouver un garant : strat\u00e9gies pour obtenir une caution \u00e0 hauteur de 50% du pr\u00eat<\/a><\/li><li class='ez-toc-page-1 ez-toc-heading-level-3'><a class=\"ez-toc-link ez-toc-heading-18\" href=\"https:\/\/rachat2credit.fr\/guide\/microcredit-adie\/#Elaboration_dun_projet_solide_points-cles_pour_convaincre_le_comite_de_decision\" >\u00c9laboration d&rsquo;un projet solide : points-cl\u00e9s pour convaincre le comit\u00e9 de d\u00e9cision<\/a><\/li><li class='ez-toc-page-1 ez-toc-heading-level-3'><a class=\"ez-toc-link ez-toc-heading-19\" href=\"https:\/\/rachat2credit.fr\/guide\/microcredit-adie\/#Alternatives_si_vous_navez_pas_de_garant_le_depot_de_garantie_de_25\" >Alternatives si vous n&rsquo;avez pas de garant : le d\u00e9p\u00f4t de garantie de 25%<\/a><\/li><\/ul><\/li><li class='ez-toc-page-1 ez-toc-heading-level-2'><a class=\"ez-toc-link ez-toc-heading-20\" href=\"https:\/\/rachat2credit.fr\/guide\/microcredit-adie\/#Procedure_de_demande_pas_a_pas_du_premier_contact_au_versement_des_fonds\" >Proc\u00e9dure de demande pas \u00e0 pas : du premier contact au versement des fonds<\/a><ul class='ez-toc-list-level-3' ><li class='ez-toc-heading-level-3'><a class=\"ez-toc-link ez-toc-heading-21\" href=\"https:\/\/rachat2credit.fr\/guide\/microcredit-adie\/#Contact_initial_options_en_ligne_par_telephone_ou_en_agence\" >Contact initial : options en ligne, par t\u00e9l\u00e9phone ou en agence<\/a><\/li><li class='ez-toc-page-1 ez-toc-heading-level-3'><a class=\"ez-toc-link ez-toc-heading-22\" href=\"https:\/\/rachat2credit.fr\/guide\/microcredit-adie\/#Le_rendez-vous_en_agence_conseils_pour_maximiser_vos_chances_de_succes\" >Le rendez-vous en agence : conseils pour maximiser vos chances de succ\u00e8s<\/a><\/li><li class='ez-toc-page-1 ez-toc-heading-level-3'><a class=\"ez-toc-link ez-toc-heading-23\" href=\"https:\/\/rachat2credit.fr\/guide\/microcredit-adie\/#Presentation_devant_le_comite_de_decision_aspects_determinants_de_levaluation\" >Pr\u00e9sentation devant le comit\u00e9 de d\u00e9cision : aspects d\u00e9terminants de l&rsquo;\u00e9valuation<\/a><\/li><li class='ez-toc-page-1 ez-toc-heading-level-3'><a class=\"ez-toc-link ez-toc-heading-24\" href=\"https:\/\/rachat2credit.fr\/guide\/microcredit-adie\/#Delais_de_reponse_et_de_traitement_calendrier_previsionnel_actualise_2025\" >D\u00e9lais de r\u00e9ponse et de traitement : calendrier pr\u00e9visionnel actualis\u00e9 2025<\/a><\/li><li class='ez-toc-page-1 ez-toc-heading-level-3'><a class=\"ez-toc-link ez-toc-heading-25\" href=\"https:\/\/rachat2credit.fr\/guide\/microcredit-adie\/#Versement_des_fonds_modalites_pratiques_et_delais_reels\" >Versement des fonds : modalit\u00e9s pratiques et d\u00e9lais r\u00e9els<\/a><\/li><\/ul><\/li><li class='ez-toc-page-1 ez-toc-heading-level-2'><a class=\"ez-toc-link ez-toc-heading-26\" href=\"https:\/\/rachat2credit.fr\/guide\/microcredit-adie\/#Solutions_complementaires_au_microcredit_ADIE_optimiser_votre_financement\" >Solutions compl\u00e9mentaires au microcr\u00e9dit ADIE : optimiser votre financement<\/a><ul class='ez-toc-list-level-3' ><li class='ez-toc-heading-level-3'><a class=\"ez-toc-link ez-toc-heading-27\" href=\"https:\/\/rachat2credit.fr\/guide\/microcredit-adie\/#Le_pret_dapport_en_capital_a_taux_zero_jusqua_3_000E_supplementaires\" >Le pr\u00eat d&rsquo;apport en capital \u00e0 taux z\u00e9ro : jusqu&rsquo;\u00e0 3 000\u20ac suppl\u00e9mentaires<\/a><\/li><li class='ez-toc-page-1 ez-toc-heading-level-3'><a class=\"ez-toc-link ez-toc-heading-28\" href=\"https:\/\/rachat2credit.fr\/guide\/microcredit-adie\/#Le_microcredit_express_obtenir_jusqua_1_000E_sans_garant_en_24h\" >Le microcr\u00e9dit express : obtenir jusqu&rsquo;\u00e0 1 000\u20ac sans garant en 24h<\/a><\/li><li class='ez-toc-page-1 ez-toc-heading-level-3'><a class=\"ez-toc-link ez-toc-heading-29\" href=\"https:\/\/rachat2credit.fr\/guide\/microcredit-adie\/#Cumul_avec_une_prime_regionale_dispositifs_territoriaux_disponibles\" >Cumul avec une prime r\u00e9gionale : dispositifs territoriaux disponibles<\/a><\/li><li class='ez-toc-page-1 ez-toc-heading-level-3'><a class=\"ez-toc-link ez-toc-heading-30\" href=\"https:\/\/rachat2credit.fr\/guide\/microcredit-adie\/#Formations_gratuites_et_accompagnement_personnalise_le_soutien_a_long_terme\" >Formations gratuites et accompagnement personnalis\u00e9 : le soutien \u00e0 long terme<\/a><\/li><li class='ez-toc-page-1 ez-toc-heading-level-3'><a class=\"ez-toc-link ez-toc-heading-31\" href=\"https:\/\/rachat2credit.fr\/guide\/microcredit-adie\/#Assurances_et_services_annexes_negocies_par_lADIE_pour_les_entrepreneurs\" >Assurances et services annexes n\u00e9goci\u00e9s par l&rsquo;ADIE pour les entrepreneurs<\/a><\/li><\/ul><\/li><li class='ez-toc-page-1 ez-toc-heading-level-2'><a class=\"ez-toc-link ez-toc-heading-32\" href=\"https:\/\/rachat2credit.fr\/guide\/microcredit-adie\/#Temoignages_de_reussite_entrepreneurs_finances_par_lADIE_en_2025\" >T\u00e9moignages de r\u00e9ussite : entrepreneurs financ\u00e9s par l&rsquo;ADIE en 2025<\/a><ul class='ez-toc-list-level-3' ><li class='ez-toc-heading-level-3'><a class=\"ez-toc-link ez-toc-heading-33\" href=\"https:\/\/rachat2credit.fr\/guide\/microcredit-adie\/#Secteurs_dactivite_porteurs_exemples_concrets_de_reussites_recentes\" >Secteurs d&rsquo;activit\u00e9 porteurs : exemples concrets de r\u00e9ussites r\u00e9centes<\/a><\/li><li class='ez-toc-page-1 ez-toc-heading-level-3'><a class=\"ez-toc-link ez-toc-heading-34\" href=\"https:\/\/rachat2credit.fr\/guide\/microcredit-adie\/#Impact_du_microcredit_sur_le_developpement_des_entreprises_financees\" >Impact du microcr\u00e9dit sur le d\u00e9veloppement des entreprises financ\u00e9es<\/a><\/li><li class='ez-toc-page-1 ez-toc-heading-level-3'><a class=\"ez-toc-link ez-toc-heading-35\" href=\"https:\/\/rachat2credit.fr\/guide\/microcredit-adie\/#Obstacles_surmontes_grace_a_laccompagnement_de_lADIE\" >Obstacles surmont\u00e9s gr\u00e2ce \u00e0 l&rsquo;accompagnement de l&rsquo;ADIE<\/a><\/li><li class='ez-toc-page-1 ez-toc-heading-level-3'><a class=\"ez-toc-link ez-toc-heading-36\" href=\"https:\/\/rachat2credit.fr\/guide\/microcredit-adie\/#Conseils_des_entrepreneurs_experimentes_aux_nouveaux_demandeurs\" >Conseils des entrepreneurs exp\u00e9riment\u00e9s aux nouveaux demandeurs<\/a><\/li><li class='ez-toc-page-1 ez-toc-heading-level-3'><a class=\"ez-toc-link ez-toc-heading-37\" href=\"https:\/\/rachat2credit.fr\/guide\/microcredit-adie\/#Perspectives_devolution_apres_le_premier_microcredit\" >Perspectives d&rsquo;\u00e9volution apr\u00e8s le premier microcr\u00e9dit<\/a><\/li><\/ul><\/li><li class='ez-toc-page-1 ez-toc-heading-level-2'><a class=\"ez-toc-link ez-toc-heading-38\" href=\"https:\/\/rachat2credit.fr\/guide\/microcredit-adie\/#Remboursement_et_relation_a_long_terme_avec_lADIE\" >Remboursement et relation \u00e0 long terme avec l&rsquo;ADIE<\/a><ul class='ez-toc-list-level-3' ><li class='ez-toc-heading-level-3'><a class=\"ez-toc-link ez-toc-heading-39\" href=\"https:\/\/rachat2credit.fr\/guide\/microcredit-adie\/#Structure_des_mensualites_comprendre_votre_plan_de_remboursement\" >Structure des mensualit\u00e9s : comprendre votre plan de remboursement<\/a><\/li><li class='ez-toc-page-1 ez-toc-heading-level-3'><a class=\"ez-toc-link ez-toc-heading-40\" href=\"https:\/\/rachat2credit.fr\/guide\/microcredit-adie\/#Options_de_flexibilite_remboursement_anticipe_sans_frais_ni_penalites\" >Options de flexibilit\u00e9 : remboursement anticip\u00e9 sans frais ni p\u00e9nalit\u00e9s<\/a><\/li><li class='ez-toc-page-1 ez-toc-heading-level-3'><a class=\"ez-toc-link ez-toc-heading-41\" href=\"https:\/\/rachat2credit.fr\/guide\/microcredit-adie\/#Difficultes_temporaires_de_paiement_solutions_proposees_par_lADIE\" >Difficult\u00e9s temporaires de paiement : solutions propos\u00e9es par l&rsquo;ADIE<\/a><\/li><li class='ez-toc-page-1 ez-toc-heading-level-3'><a class=\"ez-toc-link ez-toc-heading-42\" href=\"https:\/\/rachat2credit.fr\/guide\/microcredit-adie\/#Possibilites_de_refinancement_pour_developper_votre_activite\" >Possibilit\u00e9s de refinancement pour d\u00e9velopper votre activit\u00e9<\/a><\/li><li class='ez-toc-page-1 ez-toc-heading-level-3'><a class=\"ez-toc-link ez-toc-heading-43\" href=\"https:\/\/rachat2credit.fr\/guide\/microcredit-adie\/#Participation_a_la_communaute_ADIE_benefices_du_reseau_dentrepreneurs\" >Participation \u00e0 la communaut\u00e9 ADIE : b\u00e9n\u00e9fices du r\u00e9seau d&rsquo;entrepreneurs<\/a><\/li><\/ul><\/li><li class='ez-toc-page-1 ez-toc-heading-level-2'><a class=\"ez-toc-link ez-toc-heading-44\" href=\"https:\/\/rachat2credit.fr\/guide\/microcredit-adie\/#FAQ_et_ressources_utiles_pour_votre_demande_de_microcredit_ADIE\" >FAQ et ressources utiles pour votre demande de microcr\u00e9dit ADIE<\/a><ul class='ez-toc-list-level-3' ><li class='ez-toc-heading-level-3'><a class=\"ez-toc-link ez-toc-heading-45\" href=\"https:\/\/rachat2credit.fr\/guide\/microcredit-adie\/#Questions_frequentes_sur_leligibilite_et_les_conditions_dobtention\" >Questions fr\u00e9quentes sur l&rsquo;\u00e9ligibilit\u00e9 et les conditions d&rsquo;obtention<\/a><\/li><li class='ez-toc-page-1 ez-toc-heading-level-3'><a class=\"ez-toc-link ez-toc-heading-46\" href=\"https:\/\/rachat2credit.fr\/guide\/microcredit-adie\/#Comparaison_avec_dautres_solutions_de_financement_pour_entrepreneurs\" >Comparaison avec d&rsquo;autres solutions de financement pour entrepreneurs<\/a><\/li><li class='ez-toc-page-1 ez-toc-heading-level-3'><a class=\"ez-toc-link ez-toc-heading-47\" href=\"https:\/\/rachat2credit.fr\/guide\/microcredit-adie\/#Outils_en_ligne_simulateur_de_pret_et_calculateur_de_remboursement\" >Outils en ligne : simulateur de pr\u00eat et calculateur de remboursement<\/a><\/li><li class='ez-toc-page-1 ez-toc-heading-level-3'><a class=\"ez-toc-link ez-toc-heading-48\" href=\"https:\/\/rachat2credit.fr\/guide\/microcredit-adie\/#Coordonnees_des_200_agences_ADIE_en_France_metropolitaine_et_outre-mer\" >Coordonn\u00e9es des 200 agences ADIE en France m\u00e9tropolitaine et outre-mer<\/a><\/li><li class='ez-toc-page-1 ez-toc-heading-level-3'><a class=\"ez-toc-link ez-toc-heading-49\" href=\"https:\/\/rachat2credit.fr\/guide\/microcredit-adie\/#Agenda_2025_des_evenements_et_formations_pour_entrepreneurs\" >Agenda 2025 des \u00e9v\u00e9nements et formations pour entrepreneurs<\/a><\/li><\/ul><\/li><\/ul><\/nav><\/div>\n<h2 class=\"wp-block-heading\"><span class=\"ez-toc-section\" id=\"Points_cles_a_retenir\"><\/span>Points cl\u00e9s \u00e0 retenir<span class=\"ez-toc-section-end\"><\/span><\/h2>\n\n\n\n<figure class=\"wp-block-table\"><table class=\"has-fixed-layout\"><thead><tr><th>Aspect<\/th><th>Informations essentielles<\/th><\/tr><\/thead><tbody><tr><td><strong>Montants disponibles<\/strong><\/td><td>Jusqu&rsquo;\u00e0 17 000\u20ac (professionnels) \/ 8 000\u20ac (mobilit\u00e9)<\/td><\/tr><tr><td><strong>Taux d&rsquo;int\u00e9r\u00eat<\/strong><\/td><td>\u00c0 partir de 8,07% (taux fixe) en avril 2025<\/td><\/tr><tr><td><strong>Garantie requise<\/strong><\/td><td>Caution \u00e0 50% ou d\u00e9p\u00f4t de garantie de 25%<\/td><\/tr><tr><td><strong>D\u00e9lai d&rsquo;obtention<\/strong><\/td><td>Entre 2 et 4 semaines (standard) \/ 24h (express)<\/td><\/tr><tr><td><strong>Public prioritaire<\/strong><\/td><td>Entrepreneurs exclus du syst\u00e8me bancaire traditionnel<\/td><\/tr><tr><td><strong>Accompagnement<\/strong><\/td><td>Personnalis\u00e9 et gratuit pendant toute la dur\u00e9e du pr\u00eat<\/td><\/tr><\/tbody><\/table><\/figure>\n\n\n\n<h2 class=\"wp-block-heading\"><span class=\"ez-toc-section\" id=\"Comprendre_le_microcredit_de_lADIE_principes_fondamentaux_et_avantages\"><\/span>Comprendre le microcr\u00e9dit de l&rsquo;ADIE : principes fondamentaux et avantages<span class=\"ez-toc-section-end\"><\/span><\/h2>\n\n\n\n<h3 class=\"wp-block-heading\"><span class=\"ez-toc-section\" id=\"Definition_et_mission_de_lADIE\"><\/span>D\u00e9finition et mission de l&rsquo;ADIE<span class=\"ez-toc-section-end\"><\/span><\/h3>\n\n\n\n<p>L&rsquo;ADIE \u0153uvre depuis 1989 comme <strong>levier d&rsquo;inclusion financi\u00e8re<\/strong> en France. Sa mission consiste \u00e0 financer et accompagner les entrepreneurs n&rsquo;ayant pas acc\u00e8s au cr\u00e9dit bancaire classique. Cette association reconnue d&rsquo;utilit\u00e9 publique a d\u00e9j\u00e0 soutenu plus de 230 000 entrepreneurs gr\u00e2ce \u00e0 son approche centr\u00e9e sur le potentiel plut\u00f4t que sur les garanties patrimoniales.<\/p>\n\n\n\n<h3 class=\"wp-block-heading\"><span class=\"ez-toc-section\" id=\"Les_differents_types_de_microcredits_proposes_par_lADIE_en_2025\"><\/span>Les diff\u00e9rents types de microcr\u00e9dits propos\u00e9s par l&rsquo;ADIE en 2025<span class=\"ez-toc-section-end\"><\/span><\/h3>\n\n\n\n<p>L&rsquo;offre de l&rsquo;ADIE s&rsquo;articule autour de deux cat\u00e9gories principales :<\/p>\n\n\n\n<ul class=\"wp-block-list\">\n<li>Le <strong>microcr\u00e9dit professionnel<\/strong> : destin\u00e9 \u00e0 la cr\u00e9ation ou au d\u00e9veloppement d&rsquo;une activit\u00e9 \u00e9conomique<\/li>\n\n\n\n<li>Le <strong>microcr\u00e9dit mobilit\u00e9<\/strong> : con\u00e7u pour financer les projets li\u00e9s aux d\u00e9placements (achat de v\u00e9hicule, permis de conduire)<\/li>\n<\/ul>\n\n\n\n<p>Des formules sp\u00e9cifiques existent \u00e9galement, comme le <strong>microcr\u00e9dit express<\/strong> pour les besoins urgents ou le <strong>pr\u00eat d&rsquo;honneur<\/strong> en compl\u00e9ment du microcr\u00e9dit principal.<\/p>\n\n\n\n<h3 class=\"wp-block-heading\"><span class=\"ez-toc-section\" id=\"Montants_disponibles_jusqua_17_000E_pour_les_projets_professionnels\"><\/span>Montants disponibles : jusqu&rsquo;\u00e0 17 000\u20ac pour les projets professionnels<span class=\"ez-toc-section-end\"><\/span><\/h3>\n\n\n\n<p>Les plafonds de financement varient selon la nature du projet :<\/p>\n\n\n\n<ul class=\"wp-block-list\">\n<li>Microcr\u00e9dit professionnel : <strong>maximum 17 000\u20ac<\/strong><\/li>\n\n\n\n<li>Microcr\u00e9dit mobilit\u00e9 : <strong>jusqu&rsquo;\u00e0 8 000\u20ac<\/strong><\/li>\n\n\n\n<li>Microcr\u00e9dit express : <strong>limit\u00e9 \u00e0 1 000\u20ac<\/strong><\/li>\n\n\n\n<li>Pr\u00eat d&rsquo;honneur compl\u00e9mentaire : <strong>jusqu&rsquo;\u00e0 3 000\u20ac<\/strong> \u00e0 taux z\u00e9ro<\/li>\n<\/ul>\n\n\n\n<p>Ces montants peuvent \u00eatre ajust\u00e9s en fonction de la viabilit\u00e9 du projet et de la capacit\u00e9 de remboursement du demandeur.<\/p>\n\n\n\n<h3 class=\"wp-block-heading\"><span class=\"ez-toc-section\" id=\"Taux_et_conditions_financieres_actualises\"><\/span>Taux et conditions financi\u00e8res actualis\u00e9s<span class=\"ez-toc-section-end\"><\/span><\/h3>\n\n\n\n<p>En avril 2025, le microcr\u00e9dit ADIE pr\u00e9sente les caract\u00e9ristiques suivantes :<\/p>\n\n\n\n<ul class=\"wp-block-list\">\n<li>Taux d&rsquo;int\u00e9r\u00eat fixe \u00e0 partir de <strong>8,07%<\/strong><\/li>\n\n\n\n<li>Contribution de solidarit\u00e9 : 5% du montant emprunt\u00e9<\/li>\n\n\n\n<li>Dur\u00e9e de remboursement : de 6 \u00e0 60 mois selon le projet<\/li>\n\n\n\n<li>Absence de frais de dossier<\/li>\n\n\n\n<li>Aucune p\u00e9nalit\u00e9 en cas de remboursement anticip\u00e9<\/li>\n<\/ul>\n\n\n\n<p>Ces conditions, bien que sup\u00e9rieures aux taux bancaires classiques, restent nettement inf\u00e9rieures aux solutions de cr\u00e9dit alternatives pour les publics fragiles.<\/p>\n\n\n\n<h3 class=\"wp-block-heading\"><span class=\"ez-toc-section\" id=\"Laccompagnement_personnalise_un_atout_majeur_pour_la_reussite_des_projets\"><\/span>L&rsquo;accompagnement personnalis\u00e9 : un atout majeur pour la r\u00e9ussite des projets<span class=\"ez-toc-section-end\"><\/span><\/h3>\n\n\n\n<p>La <em>valeur ajout\u00e9e<\/em> de l&rsquo;ADIE r\u00e9side dans son accompagnement qui comprend :<\/p>\n\n\n\n<ul class=\"wp-block-list\">\n<li>Analyse approfondie du projet et des besoins r\u00e9els<\/li>\n\n\n\n<li>Conseils personnalis\u00e9s avant, pendant et apr\u00e8s le financement<\/li>\n\n\n\n<li>Formations gratuites sur les fondamentaux de l&rsquo;entrepreneuriat<\/li>\n\n\n\n<li>Mise en relation avec des experts b\u00e9n\u00e9voles selon les besoins<\/li>\n\n\n\n<li>Int\u00e9gration dans une communaut\u00e9 d&rsquo;entrepreneurs<\/li>\n<\/ul>\n\n\n\n<p>Cet accompagnement contribue significativement au taux de p\u00e9rennit\u00e9 des entreprises financ\u00e9es par l&rsquo;ADIE, sup\u00e9rieur \u00e0 la moyenne nationale.<\/p>\n\n\n\n<h2 class=\"wp-block-heading\"><span class=\"ez-toc-section\" id=\"Qui_peut_beneficier_dun_microcredit_ADIE_Criteres_deligibilite_2025\"><\/span>Qui peut b\u00e9n\u00e9ficier d&rsquo;un microcr\u00e9dit ADIE ? Crit\u00e8res d&rsquo;\u00e9ligibilit\u00e9 2025<span class=\"ez-toc-section-end\"><\/span><\/h2>\n\n\n\n<h3 class=\"wp-block-heading\"><span class=\"ez-toc-section\" id=\"Profils_prioritaires_entrepreneurs_exclus_du_systeme_bancaire_traditionnel\"><\/span>Profils prioritaires : entrepreneurs exclus du syst\u00e8me bancaire traditionnel<span class=\"ez-toc-section-end\"><\/span><\/h3>\n\n\n\n<p>L&rsquo;ADIE s&rsquo;adresse prioritairement aux personnes exclues du financement bancaire conventionnel en raison de :<\/p>\n\n\n\n<ul class=\"wp-block-list\">\n<li>L&rsquo;absence d&rsquo;apport personnel significatif<\/li>\n\n\n\n<li>Un historique bancaire complexe<\/li>\n\n\n\n<li>L&rsquo;inscription au FICP (Fichier des Incidents de remboursement des Cr\u00e9dits aux Particuliers)<\/li>\n\n\n\n<li>La pr\u00e9carit\u00e9 de leur situation professionnelle ou personnelle<\/li>\n<\/ul>\n\n\n\n<h3 class=\"wp-block-heading\"><span class=\"ez-toc-section\" id=\"Createurs_dentreprise_conditions_specifiques_pour_les_projets_de_creation\"><\/span>Cr\u00e9ateurs d&rsquo;entreprise : conditions sp\u00e9cifiques pour les projets de cr\u00e9ation<span class=\"ez-toc-section-end\"><\/span><\/h3>\n\n\n\n<p>Pour les porteurs de projets en phase de cr\u00e9ation, l&rsquo;ADIE \u00e9value :<\/p>\n\n\n\n<ul class=\"wp-block-list\">\n<li>La <strong>viabilit\u00e9 \u00e9conomique<\/strong> du projet<\/li>\n\n\n\n<li>La <strong>coh\u00e9rence<\/strong> entre le profil du cr\u00e9ateur et son projet<\/li>\n\n\n\n<li>Les <strong>comp\u00e9tences techniques<\/strong> et la connaissance du march\u00e9 vis\u00e9<\/li>\n\n\n\n<li>La <strong>capacit\u00e9 de remboursement<\/strong> pr\u00e9visionnelle<\/li>\n<\/ul>\n\n\n\n<p>Le statut juridique de l&rsquo;entreprise n&rsquo;est pas un crit\u00e8re d\u00e9terminant, l&rsquo;ADIE finan\u00e7ant aussi bien les micro-entrepreneurs que les soci\u00e9t\u00e9s.<\/p>\n\n\n\n<h3 class=\"wp-block-heading\"><span class=\"ez-toc-section\" id=\"Developpement_dactivite_existante_financement_pour_lexpansion\"><\/span>D\u00e9veloppement d&rsquo;activit\u00e9 existante : financement pour l&rsquo;expansion<span class=\"ez-toc-section-end\"><\/span><\/h3>\n\n\n\n<p>Les entrepreneurs d\u00e9j\u00e0 \u00e9tablis peuvent solliciter un microcr\u00e9dit pour :<\/p>\n\n\n\n<ul class=\"wp-block-list\">\n<li>Acqu\u00e9rir du mat\u00e9riel suppl\u00e9mentaire<\/li>\n\n\n\n<li>Constituer un stock<\/li>\n\n\n\n<li>Financer une campagne marketing<\/li>\n\n\n\n<li>Recruter un collaborateur<\/li>\n\n\n\n<li>Am\u00e9nager un local professionnel<\/li>\n<\/ul>\n\n\n\n<p>Dans ces cas, l&rsquo;ADIE examine particuli\u00e8rement les r\u00e9sultats d\u00e9j\u00e0 obtenus et le potentiel de d\u00e9veloppement.<\/p>\n\n\n\n<h3 class=\"wp-block-heading\"><span class=\"ez-toc-section\" id=\"Projets_de_mobilite_acheter_un_vehicule_ou_passer_son_permis\"><\/span>Projets de mobilit\u00e9 : acheter un v\u00e9hicule ou passer son permis<span class=\"ez-toc-section-end\"><\/span><\/h3>\n\n\n\n<p>Le microcr\u00e9dit mobilit\u00e9 finance jusqu&rsquo;\u00e0 8 000\u20ac pour :<\/p>\n\n\n\n<ul class=\"wp-block-list\">\n<li>L&rsquo;achat d&rsquo;un v\u00e9hicule (voiture, scooter, v\u00e9lo \u00e9lectrique)<\/li>\n\n\n\n<li>Le financement du permis de conduire<\/li>\n\n\n\n<li>La r\u00e9paration d&rsquo;un v\u00e9hicule existant<\/li>\n\n\n\n<li>L&rsquo;acquisition d&rsquo;\u00e9quipements de mobilit\u00e9 adapt\u00e9s<\/li>\n<\/ul>\n\n\n\n<p>Ce microcr\u00e9dit sp\u00e9cifique vise \u00e0 lever les freins \u00e0 l&#8217;emploi li\u00e9s aux difficult\u00e9s de d\u00e9placement.<\/p>\n\n\n\n<h3 class=\"wp-block-heading\"><span class=\"ez-toc-section\" id=\"Situations_personnelles_acceptees_demandeurs_demploi_beneficiaires_de_minima_sociaux_salaries_precaires\"><\/span>Situations personnelles accept\u00e9es : demandeurs d&#8217;emploi, b\u00e9n\u00e9ficiaires de minima sociaux, salari\u00e9s pr\u00e9caires<span class=\"ez-toc-section-end\"><\/span><\/h3>\n\n\n\n<p>L&rsquo;ADIE examine favorablement les dossiers \u00e9manant de :<\/p>\n\n\n\n<ul class=\"wp-block-list\">\n<li>Demandeurs d&#8217;emploi (inscrits ou non \u00e0 P\u00f4le Emploi)<\/li>\n\n\n\n<li>B\u00e9n\u00e9ficiaires des minima sociaux (RSA, AAH, ASS)<\/li>\n\n\n\n<li>Salari\u00e9s en situation pr\u00e9caire ou \u00e0 temps partiel<\/li>\n\n\n\n<li>Jeunes de moins de 30 ans sans ressources stables<\/li>\n\n\n\n<li>Seniors rencontrant des difficult\u00e9s de r\u00e9insertion professionnelle<\/li>\n<\/ul>\n\n\n\n<h2 class=\"wp-block-heading\"><span class=\"ez-toc-section\" id=\"Preparation_de_votre_dossier_les_etapes_indispensables_pour_obtenir_votre_financement\"><\/span>Pr\u00e9paration de votre dossier : les \u00e9tapes indispensables pour obtenir votre financement<span class=\"ez-toc-section-end\"><\/span><\/h2>\n\n\n\n<h3 class=\"wp-block-heading\"><span class=\"ez-toc-section\" id=\"Evaluation_precise_de_vos_besoins_financiers_et_de_votre_capacite_de_remboursement\"><\/span>\u00c9valuation pr\u00e9cise de vos besoins financiers et de votre capacit\u00e9 de remboursement<span class=\"ez-toc-section-end\"><\/span><\/h3>\n\n\n\n<p>Une pr\u00e9paration rigoureuse implique de :<\/p>\n\n\n\n<ul class=\"wp-block-list\">\n<li>Chiffrer pr\u00e9cis\u00e9ment les <strong>besoins d&rsquo;investissement<\/strong><\/li>\n\n\n\n<li>\u00c9tablir un <strong>pr\u00e9visionnel financier<\/strong> r\u00e9aliste<\/li>\n\n\n\n<li>\u00c9valuer objectivement votre <strong>capacit\u00e9 de remboursement<\/strong><\/li>\n\n\n\n<li>Identifier les <strong>autres sources de financement<\/strong> possibles<\/li>\n\n\n\n<li>Pr\u00e9voir une <strong>marge de s\u00e9curit\u00e9<\/strong> pour les impr\u00e9vus<\/li>\n<\/ul>\n\n\n\n<h3 class=\"wp-block-heading\"><span class=\"ez-toc-section\" id=\"Documentation_necessaire_liste_exhaustive_des_pieces_justificatives\"><\/span>Documentation n\u00e9cessaire : liste exhaustive des pi\u00e8ces justificatives<span class=\"ez-toc-section-end\"><\/span><\/h3>\n\n\n\n<p>Pour constituer votre dossier, pr\u00e9parez :<\/p>\n\n\n\n<ul class=\"wp-block-list\">\n<li><strong>Pi\u00e8ce d&rsquo;identit\u00e9<\/strong> en cours de validit\u00e9<\/li>\n\n\n\n<li><strong>Justificatif de domicile<\/strong> r\u00e9cent (moins de 3 mois)<\/li>\n\n\n\n<li><strong>Relev\u00e9s bancaires<\/strong> des 3 derniers mois<\/li>\n\n\n\n<li><strong>Justificatifs de revenus<\/strong> (fiches de paie, attestations&#8230;)<\/li>\n\n\n\n<li><strong>Devis<\/strong> correspondant aux investissements pr\u00e9vus<\/li>\n\n\n\n<li><strong>Business plan<\/strong> pour les projets professionnels<\/li>\n\n\n\n<li><strong>Justificatif de situation<\/strong> (inscription P\u00f4le Emploi, attestation RSA&#8230;)<\/li>\n<\/ul>\n\n\n\n<h3 class=\"wp-block-heading\"><span class=\"ez-toc-section\" id=\"Trouver_un_garant_strategies_pour_obtenir_une_caution_a_hauteur_de_50_du_pret\"><\/span>Trouver un garant : strat\u00e9gies pour obtenir une caution \u00e0 hauteur de 50% du pr\u00eat<span class=\"ez-toc-section-end\"><\/span><\/h3>\n\n\n\n<p>L&rsquo;ADIE demande g\u00e9n\u00e9ralement une caution couvrant 50% du montant emprunt\u00e9. Pour l&rsquo;obtenir :<\/p>\n\n\n\n<ul class=\"wp-block-list\">\n<li>Sollicitez votre entourage proche (famille, amis)<\/li>\n\n\n\n<li>Explorez les dispositifs de garantie publics (France Active, BPI France)<\/li>\n\n\n\n<li>Renseignez-vous sur les fonds de garantie territoriaux<\/li>\n\n\n\n<li>Proposez une caution partag\u00e9e entre plusieurs personnes<\/li>\n\n\n\n<li>Pr\u00e9parez un argumentaire convaincant sur la viabilit\u00e9 de votre projet<\/li>\n<\/ul>\n\n\n\n<h3 class=\"wp-block-heading\"><span class=\"ez-toc-section\" id=\"Elaboration_dun_projet_solide_points-cles_pour_convaincre_le_comite_de_decision\"><\/span>\u00c9laboration d&rsquo;un projet solide : points-cl\u00e9s pour convaincre le comit\u00e9 de d\u00e9cision<span class=\"ez-toc-section-end\"><\/span><\/h3>\n\n\n\n<p>Votre dossier doit d\u00e9montrer :<\/p>\n\n\n\n<ul class=\"wp-block-list\">\n<li>Une <strong>connaissance approfondie<\/strong> de votre march\u00e9<\/li>\n\n\n\n<li>Des <strong>pr\u00e9visions financi\u00e8res<\/strong> \u00e9tay\u00e9es et prudentes<\/li>\n\n\n\n<li>La <strong>coh\u00e9rence<\/strong> entre votre parcours et votre projet<\/li>\n\n\n\n<li>Des <strong>avantages concurrentiels<\/strong> identifiables<\/li>\n\n\n\n<li>Une <strong>strat\u00e9gie commerciale<\/strong> r\u00e9aliste et structur\u00e9e<\/li>\n\n\n\n<li>Votre <strong>implication personnelle<\/strong> dans le projet<\/li>\n<\/ul>\n\n\n\n<h3 class=\"wp-block-heading\"><span class=\"ez-toc-section\" id=\"Alternatives_si_vous_navez_pas_de_garant_le_depot_de_garantie_de_25\"><\/span>Alternatives si vous n&rsquo;avez pas de garant : le d\u00e9p\u00f4t de garantie de 25%<span class=\"ez-toc-section-end\"><\/span><\/h3>\n\n\n\n<p>En l&rsquo;absence de caution personnelle, l&rsquo;ADIE propose une alternative :<\/p>\n\n\n\n<ul class=\"wp-block-list\">\n<li>Versement d&rsquo;un d\u00e9p\u00f4t de garantie repr\u00e9sentant 25% du montant emprunt\u00e9<\/li>\n\n\n\n<li>Ce d\u00e9p\u00f4t est bloqu\u00e9 pendant la dur\u00e9e du pr\u00eat<\/li>\n\n\n\n<li>Il est restitu\u00e9 int\u00e9gralement apr\u00e8s le remboursement complet<\/li>\n\n\n\n<li>Possibilit\u00e9 de constituer progressivement ce d\u00e9p\u00f4t dans certains cas<\/li>\n<\/ul>\n\n\n\n<h2 class=\"wp-block-heading\"><span class=\"ez-toc-section\" id=\"Procedure_de_demande_pas_a_pas_du_premier_contact_au_versement_des_fonds\"><\/span>Proc\u00e9dure de demande pas \u00e0 pas : du premier contact au versement des fonds<span class=\"ez-toc-section-end\"><\/span><\/h2>\n\n\n\n<h3 class=\"wp-block-heading\"><span class=\"ez-toc-section\" id=\"Contact_initial_options_en_ligne_par_telephone_ou_en_agence\"><\/span>Contact initial : options en ligne, par t\u00e9l\u00e9phone ou en agence<span class=\"ez-toc-section-end\"><\/span><\/h3>\n\n\n\n<p>Trois canaux s&rsquo;offrent \u00e0 vous pour initier votre demande :<\/p>\n\n\n\n<ul class=\"wp-block-list\">\n<li><strong>En ligne<\/strong> : formulaire de pr\u00e9-inscription sur le site adie.org<\/li>\n\n\n\n<li><strong>Par t\u00e9l\u00e9phone<\/strong> : 0969 328 110 (appel non surtax\u00e9)<\/li>\n\n\n\n<li><strong>En agence<\/strong> : rendez-vous direct dans l&rsquo;une des 200 antennes<\/li>\n<\/ul>\n\n\n\n<p>La r\u00e9activit\u00e9 de l&rsquo;ADIE garantit une prise de contact dans les 48 heures suivant votre demande initiale.<\/p>\n\n\n\n<h3 class=\"wp-block-heading\"><span class=\"ez-toc-section\" id=\"Le_rendez-vous_en_agence_conseils_pour_maximiser_vos_chances_de_succes\"><\/span>Le rendez-vous en agence : conseils pour maximiser vos chances de succ\u00e8s<span class=\"ez-toc-section-end\"><\/span><\/h3>\n\n\n\n<p>Lors de cette \u00e9tape cruciale :<\/p>\n\n\n\n<ul class=\"wp-block-list\">\n<li>Pr\u00e9sentez clairement votre projet et vos motivations<\/li>\n\n\n\n<li>Apportez tous les documents constitutifs du dossier<\/li>\n\n\n\n<li>Pr\u00e9parez des r\u00e9ponses aux questions sur votre capacit\u00e9 de remboursement<\/li>\n\n\n\n<li>Montrez votre connaissance du march\u00e9 et de la concurrence<\/li>\n\n\n\n<li>Adoptez une attitude transparente sur vos forces et vos points de vigilance<\/li>\n<\/ul>\n\n\n\n<h3 class=\"wp-block-heading\"><span class=\"ez-toc-section\" id=\"Presentation_devant_le_comite_de_decision_aspects_determinants_de_levaluation\"><\/span>Pr\u00e9sentation devant le comit\u00e9 de d\u00e9cision : aspects d\u00e9terminants de l&rsquo;\u00e9valuation<span class=\"ez-toc-section-end\"><\/span><\/h3>\n\n\n\n<p>Le comit\u00e9 d&rsquo;engagement \u00e9value particuli\u00e8rement :<\/p>\n\n\n\n<ul class=\"wp-block-list\">\n<li>La <strong>viabilit\u00e9 \u00e9conomique<\/strong> du projet<\/li>\n\n\n\n<li>La <strong>coh\u00e9rence<\/strong> du montage financier<\/li>\n\n\n\n<li>Les <strong>comp\u00e9tences techniques<\/strong> du porteur de projet<\/li>\n\n\n\n<li>La <strong>sinc\u00e9rit\u00e9<\/strong> et la <strong>transparence<\/strong> du demandeur<\/li>\n\n\n\n<li>La <strong>capacit\u00e9 de remboursement<\/strong> pr\u00e9visionnelle<\/li>\n<\/ul>\n\n\n\n<h3 class=\"wp-block-heading\"><span class=\"ez-toc-section\" id=\"Delais_de_reponse_et_de_traitement_calendrier_previsionnel_actualise_2025\"><\/span>D\u00e9lais de r\u00e9ponse et de traitement : calendrier pr\u00e9visionnel actualis\u00e9 2025<span class=\"ez-toc-section-end\"><\/span><\/h3>\n\n\n\n<p>Le processus complet s&rsquo;\u00e9chelonne g\u00e9n\u00e9ralement comme suit :<\/p>\n\n\n\n<ul class=\"wp-block-list\">\n<li>Prise de contact initiale : r\u00e9ponse sous 48h<\/li>\n\n\n\n<li>Premier rendez-vous : dans la semaine suivant le contact<\/li>\n\n\n\n<li>Constitution du dossier : 1 \u00e0 2 semaines<\/li>\n\n\n\n<li>Passage en comit\u00e9 : sous 7 jours apr\u00e8s finalisation du dossier<\/li>\n\n\n\n<li>Notification de la d\u00e9cision : dans les 24h suivant le comit\u00e9<\/li>\n\n\n\n<li>Signature du contrat : sous 48h apr\u00e8s acceptation<\/li>\n<\/ul>\n\n\n\n<h3 class=\"wp-block-heading\"><span class=\"ez-toc-section\" id=\"Versement_des_fonds_modalites_pratiques_et_delais_reels\"><\/span>Versement des fonds : modalit\u00e9s pratiques et d\u00e9lais r\u00e9els<span class=\"ez-toc-section-end\"><\/span><\/h3>\n\n\n\n<p>Une fois le dossier approuv\u00e9 :<\/p>\n\n\n\n<ul class=\"wp-block-list\">\n<li>Signature du contrat de pr\u00eat en agence<\/li>\n\n\n\n<li>Versement par virement bancaire sur votre compte courant<\/li>\n\n\n\n<li>D\u00e9lai moyen de versement : 2 \u00e0 3 jours ouvr\u00e9s apr\u00e8s signature<\/li>\n\n\n\n<li>Possibilit\u00e9 de versement en plusieurs tranches selon la nature du projet<\/li>\n\n\n\n<li>Mise en place du pr\u00e9l\u00e8vement automatique pour les mensualit\u00e9s<\/li>\n<\/ul>\n\n\n\n<h2 class=\"wp-block-heading\"><span class=\"ez-toc-section\" id=\"Solutions_complementaires_au_microcredit_ADIE_optimiser_votre_financement\"><\/span>Solutions compl\u00e9mentaires au microcr\u00e9dit ADIE : optimiser votre financement<span class=\"ez-toc-section-end\"><\/span><\/h2>\n\n\n\n<h3 class=\"wp-block-heading\"><span class=\"ez-toc-section\" id=\"Le_pret_dapport_en_capital_a_taux_zero_jusqua_3_000E_supplementaires\"><\/span>Le pr\u00eat d&rsquo;apport en capital \u00e0 taux z\u00e9ro : jusqu&rsquo;\u00e0 3 000\u20ac suppl\u00e9mentaires<span class=\"ez-toc-section-end\"><\/span><\/h3>\n\n\n\n<p>En compl\u00e9ment du microcr\u00e9dit, l&rsquo;ADIE propose :<\/p>\n\n\n\n<ul class=\"wp-block-list\">\n<li>Un pr\u00eat d&rsquo;honneur sans int\u00e9r\u00eat jusqu&rsquo;\u00e0 3 000\u20ac<\/li>\n\n\n\n<li>Remboursable sur une dur\u00e9e maximale de 60 mois<\/li>\n\n\n\n<li>Sans exigence de garantie personnelle<\/li>\n\n\n\n<li>Renfor\u00e7ant les fonds propres de votre entreprise<\/li>\n\n\n\n<li>Am\u00e9liorant la structuration financi\u00e8re du projet<\/li>\n<\/ul>\n\n\n\n<h3 class=\"wp-block-heading\"><span class=\"ez-toc-section\" id=\"Le_microcredit_express_obtenir_jusqua_1_000E_sans_garant_en_24h\"><\/span>Le microcr\u00e9dit express : obtenir jusqu&rsquo;\u00e0 1 000\u20ac sans garant en 24h<span class=\"ez-toc-section-end\"><\/span><\/h3>\n\n\n\n<p>Pour les besoins urgents ou les petits montants :<\/p>\n\n\n\n<ul class=\"wp-block-list\">\n<li>Proc\u00e9dure simplifi\u00e9e et acc\u00e9l\u00e9r\u00e9e<\/li>\n\n\n\n<li>D\u00e9cision et versement en 24h<\/li>\n\n\n\n<li>Montant plafonn\u00e9 \u00e0 1 000\u20ac<\/li>\n\n\n\n<li>Sans obligation de caution<\/li>\n\n\n\n<li>Documentation all\u00e9g\u00e9e par rapport au microcr\u00e9dit standard<\/li>\n<\/ul>\n\n\n\n<h3 class=\"wp-block-heading\"><span class=\"ez-toc-section\" id=\"Cumul_avec_une_prime_regionale_dispositifs_territoriaux_disponibles\"><\/span>Cumul avec une prime r\u00e9gionale : dispositifs territoriaux disponibles<span class=\"ez-toc-section-end\"><\/span><\/h3>\n\n\n\n<p>Le financement ADIE peut \u00eatre compl\u00e9t\u00e9 par :<\/p>\n\n\n\n<ul class=\"wp-block-list\">\n<li>Les primes r\u00e9gionales \u00e0 la cr\u00e9ation d&rsquo;entreprise<\/li>\n\n\n\n<li>Les aides sp\u00e9cifiques des collectivit\u00e9s territoriales<\/li>\n\n\n\n<li>Les dispositifs d&rsquo;aide \u00e0 l&#8217;emploi (ARCE, ACRE&#8230;)<\/li>\n\n\n\n<li>Les financements participatifs en compl\u00e9ment<\/li>\n\n\n\n<li>Les concours entrepreneuriaux locaux<\/li>\n<\/ul>\n\n\n\n<h3 class=\"wp-block-heading\"><span class=\"ez-toc-section\" id=\"Formations_gratuites_et_accompagnement_personnalise_le_soutien_a_long_terme\"><\/span>Formations gratuites et accompagnement personnalis\u00e9 : le soutien \u00e0 long terme<span class=\"ez-toc-section-end\"><\/span><\/h3>\n\n\n\n<p>Au-del\u00e0 du financement, l&rsquo;ADIE propose :<\/p>\n\n\n\n<ul class=\"wp-block-list\">\n<li>Des <strong>formations collectives<\/strong> sur les fondamentaux de l&rsquo;entrepreneuriat<\/li>\n\n\n\n<li>Des <strong>rendez-vous individuels<\/strong> avec des conseillers sp\u00e9cialis\u00e9s<\/li>\n\n\n\n<li>Un acc\u00e8s \u00e0 des <strong>experts b\u00e9n\u00e9voles<\/strong> (comptables, juristes, marketeurs&#8230;)<\/li>\n\n\n\n<li>Des <strong>webinaires th\u00e9matiques<\/strong> sur des probl\u00e9matiques sp\u00e9cifiques<\/li>\n\n\n\n<li>Une <strong>permanence t\u00e9l\u00e9phonique<\/strong> pour les questions urgentes<\/li>\n<\/ul>\n\n\n\n<h3 class=\"wp-block-heading\"><span class=\"ez-toc-section\" id=\"Assurances_et_services_annexes_negocies_par_lADIE_pour_les_entrepreneurs\"><\/span>Assurances et services annexes n\u00e9goci\u00e9s par l&rsquo;ADIE pour les entrepreneurs<span class=\"ez-toc-section-end\"><\/span><\/h3>\n\n\n\n<p>L&rsquo;ADIE a n\u00e9goci\u00e9 des conditions pr\u00e9f\u00e9rentielles pour :<\/p>\n\n\n\n<ul class=\"wp-block-list\">\n<li>L&rsquo;assurance multirisque professionnelle<\/li>\n\n\n\n<li>La compl\u00e9mentaire sant\u00e9 pour ind\u00e9pendants<\/li>\n\n\n\n<li>Les services bancaires professionnels<\/li>\n\n\n\n<li>Les solutions de comptabilit\u00e9 simplifi\u00e9e<\/li>\n\n\n\n<li>Les outils de gestion adapt\u00e9s aux micro-entreprises<\/li>\n<\/ul>\n\n\n\n<h2 class=\"wp-block-heading\"><span class=\"ez-toc-section\" id=\"Temoignages_de_reussite_entrepreneurs_finances_par_lADIE_en_2025\"><\/span>T\u00e9moignages de r\u00e9ussite : entrepreneurs financ\u00e9s par l&rsquo;ADIE en 2025<span class=\"ez-toc-section-end\"><\/span><\/h2>\n\n\n\n<h3 class=\"wp-block-heading\"><span class=\"ez-toc-section\" id=\"Secteurs_dactivite_porteurs_exemples_concrets_de_reussites_recentes\"><\/span>Secteurs d&rsquo;activit\u00e9 porteurs : exemples concrets de r\u00e9ussites r\u00e9centes<span class=\"ez-toc-section-end\"><\/span><\/h3>\n\n\n\n<p>En 2025, les secteurs particuli\u00e8rement dynamiques parmi les projets financ\u00e9s incluent :<\/p>\n\n\n\n<ul class=\"wp-block-list\">\n<li><strong>Services aux particuliers<\/strong> : conciergerie, aide \u00e0 domicile, cours \u00e0 domicile<\/li>\n\n\n\n<li><strong>Artisanat durable<\/strong> : r\u00e9paration, upcycling, fabrication \u00e9coresponsable<\/li>\n\n\n\n<li><strong>Alimentation de proximit\u00e9<\/strong> : food-trucks, \u00e9piceries sp\u00e9cialis\u00e9es, traiteurs<\/li>\n\n\n\n<li><strong>\u00c9conomie collaborative<\/strong> : services partag\u00e9s, location entre particuliers<\/li>\n\n\n\n<li><strong>Transition \u00e9cologique<\/strong> : r\u00e9novation \u00e9nerg\u00e9tique, mobilit\u00e9 douce, \u00e9conomie circulaire<\/li>\n<\/ul>\n\n\n\n<h3 class=\"wp-block-heading\"><span class=\"ez-toc-section\" id=\"Impact_du_microcredit_sur_le_developpement_des_entreprises_financees\"><\/span>Impact du microcr\u00e9dit sur le d\u00e9veloppement des entreprises financ\u00e9es<span class=\"ez-toc-section-end\"><\/span><\/h3>\n\n\n\n<p>Les \u00e9tudes d&rsquo;impact montrent que les entreprises financ\u00e9es par l&rsquo;ADIE :<\/p>\n\n\n\n<ul class=\"wp-block-list\">\n<li>Cr\u00e9ent en moyenne 1,2 emploi en plus de celui du fondateur<\/li>\n\n\n\n<li>Affichent un taux de p\u00e9rennit\u00e9 \u00e0 3 ans de 75%<\/li>\n\n\n\n<li>Am\u00e9liorent significativement le revenu disponible de leurs cr\u00e9ateurs<\/li>\n\n\n\n<li>Contribuent \u00e0 la redynamisation des territoires fragiles<\/li>\n\n\n\n<li>Participent \u00e0 l&rsquo;inclusion \u00e9conomique des publics \u00e9loign\u00e9s de l&#8217;emploi<\/li>\n<\/ul>\n\n\n\n<h3 class=\"wp-block-heading\"><span class=\"ez-toc-section\" id=\"Obstacles_surmontes_grace_a_laccompagnement_de_lADIE\"><\/span>Obstacles surmont\u00e9s gr\u00e2ce \u00e0 l&rsquo;accompagnement de l&rsquo;ADIE<span class=\"ez-toc-section-end\"><\/span><\/h3>\n\n\n\n<p>Les entrepreneurs t\u00e9moignent r\u00e9guli\u00e8rement des difficult\u00e9s surmont\u00e9es :<\/p>\n\n\n\n<ul class=\"wp-block-list\">\n<li>Manque initial de comp\u00e9tences administratives et comptables<\/li>\n\n\n\n<li>Difficult\u00e9 \u00e0 \u00e9tablir une strat\u00e9gie commerciale efficace<\/li>\n\n\n\n<li>Isolement du dirigeant face aux d\u00e9cisions strat\u00e9giques<\/li>\n\n\n\n<li>Gestion complexe de la tr\u00e9sorerie en phase de d\u00e9marrage<\/li>\n\n\n\n<li>\u00c9quilibre d\u00e9licat entre vie personnelle et professionnelle<\/li>\n<\/ul>\n\n\n\n<h3 class=\"wp-block-heading\"><span class=\"ez-toc-section\" id=\"Conseils_des_entrepreneurs_experimentes_aux_nouveaux_demandeurs\"><\/span>Conseils des entrepreneurs exp\u00e9riment\u00e9s aux nouveaux demandeurs<span class=\"ez-toc-section-end\"><\/span><\/h3>\n\n\n\n<p>Les b\u00e9n\u00e9ficiaires exp\u00e9riment\u00e9s recommandent aux nouveaux venus de :<\/p>\n\n\n\n<ul class=\"wp-block-list\">\n<li>Pr\u00e9parer minutieusement leur dossier avec des chiffres r\u00e9alistes<\/li>\n\n\n\n<li>Ne pas h\u00e9siter \u00e0 solliciter l&rsquo;accompagnement dans la dur\u00e9e<\/li>\n\n\n\n<li>Constituer progressivement un r\u00e9seau professionnel solide<\/li>\n\n\n\n<li>Pr\u00e9voir une tr\u00e9sorerie de s\u00e9curit\u00e9 pour les premiers mois<\/li>\n\n\n\n<li>Rester flexible pour adapter leur offre aux retours du march\u00e9<\/li>\n<\/ul>\n\n\n\n<h3 class=\"wp-block-heading\"><span class=\"ez-toc-section\" id=\"Perspectives_devolution_apres_le_premier_microcredit\"><\/span>Perspectives d&rsquo;\u00e9volution apr\u00e8s le premier microcr\u00e9dit<span class=\"ez-toc-section-end\"><\/span><\/h3>\n\n\n\n<p>Apr\u00e8s un premier financement r\u00e9ussi, les entrepreneurs peuvent envisager :<\/p>\n\n\n\n<ul class=\"wp-block-list\">\n<li>Un <strong>nouveau microcr\u00e9dit<\/strong> pour d\u00e9velopper l&rsquo;activit\u00e9 existante<\/li>\n\n\n\n<li>Un <strong>acc\u00e8s facilit\u00e9 aux financements bancaires<\/strong> classiques<\/li>\n\n\n\n<li>L&rsquo;<strong>int\u00e9gration \u00e0 des r\u00e9seaux d&rsquo;entrepreneurs<\/strong> qualifi\u00e9s<\/li>\n\n\n\n<li>La <strong>diversification<\/strong> de leurs activit\u00e9s et services<\/li>\n\n\n\n<li>Le <strong>recrutement<\/strong> pour soutenir la croissance<\/li>\n<\/ul>\n\n\n\n<h2 class=\"wp-block-heading\"><span class=\"ez-toc-section\" id=\"Remboursement_et_relation_a_long_terme_avec_lADIE\"><\/span>Remboursement et relation \u00e0 long terme avec l&rsquo;ADIE<span class=\"ez-toc-section-end\"><\/span><\/h2>\n\n\n\n<h3 class=\"wp-block-heading\"><span class=\"ez-toc-section\" id=\"Structure_des_mensualites_comprendre_votre_plan_de_remboursement\"><\/span>Structure des mensualit\u00e9s : comprendre votre plan de remboursement<span class=\"ez-toc-section-end\"><\/span><\/h3>\n\n\n\n<p>Le plan d&rsquo;amortissement de votre microcr\u00e9dit pr\u00e9sente :<\/p>\n\n\n\n<ul class=\"wp-block-list\">\n<li>Des <strong>mensualit\u00e9s constantes<\/strong> incluant capital et int\u00e9r\u00eats<\/li>\n\n\n\n<li>Un <strong>pr\u00e9l\u00e8vement automatique<\/strong> \u00e0 date fixe chaque mois<\/li>\n\n\n\n<li>Un <strong>tableau d&rsquo;amortissement<\/strong> d\u00e9taillant chaque \u00e9ch\u00e9ance<\/li>\n\n\n\n<li>La <strong>possibilit\u00e9 de modulation<\/strong> en fonction des saisons pour les activit\u00e9s cycliques<\/li>\n\n\n\n<li>Un <strong>co\u00fbt total du cr\u00e9dit<\/strong> clairement indiqu\u00e9 d\u00e8s la signature<\/li>\n<\/ul>\n\n\n\n<h3 class=\"wp-block-heading\"><span class=\"ez-toc-section\" id=\"Options_de_flexibilite_remboursement_anticipe_sans_frais_ni_penalites\"><\/span>Options de flexibilit\u00e9 : remboursement anticip\u00e9 sans frais ni p\u00e9nalit\u00e9s<span class=\"ez-toc-section-end\"><\/span><\/h3>\n\n\n\n<p>L&rsquo;ADIE offre des conditions souples :<\/p>\n\n\n\n<ul class=\"wp-block-list\">\n<li><strong>Remboursement anticip\u00e9<\/strong> possible \u00e0 tout moment<\/li>\n\n\n\n<li><strong>Absence totale de frais<\/strong> pour les remboursements anticip\u00e9s<\/li>\n\n\n\n<li><strong>Possibilit\u00e9 de reporter<\/strong> jusqu&rsquo;\u00e0 deux \u00e9ch\u00e9ances par an en cas de difficult\u00e9 temporaire<\/li>\n\n\n\n<li><strong>R\u00e9vision du plan<\/strong> de remboursement en cas d&rsquo;\u00e9volution significative de la situation<\/li>\n<\/ul>\n\n\n\n<h3 class=\"wp-block-heading\"><span class=\"ez-toc-section\" id=\"Difficultes_temporaires_de_paiement_solutions_proposees_par_lADIE\"><\/span>Difficult\u00e9s temporaires de paiement : solutions propos\u00e9es par l&rsquo;ADIE<span class=\"ez-toc-section-end\"><\/span><\/h3>\n\n\n\n<p>En cas de probl\u00e8me ponctuel, l&rsquo;ADIE propose :<\/p>\n\n\n\n<ul class=\"wp-block-list\">\n<li>Un <strong>rendez-vous anticip\u00e9<\/strong> avec votre conseiller<\/li>\n\n\n\n<li>La <strong>recherche de solutions<\/strong> adapt\u00e9es \u00e0 votre situation<\/li>\n\n\n\n<li>La <strong>ren\u00e9gociation temporaire<\/strong> des \u00e9ch\u00e9ances<\/li>\n\n\n\n<li>Un <strong>accompagnement renforc\u00e9<\/strong> pour surmonter les difficult\u00e9s<\/li>\n\n\n\n<li>Des <strong>solutions de m\u00e9diation<\/strong> avant toute proc\u00e9dure contentieuse<\/li>\n<\/ul>\n\n\n\n<h3 class=\"wp-block-heading\"><span class=\"ez-toc-section\" id=\"Possibilites_de_refinancement_pour_developper_votre_activite\"><\/span>Possibilit\u00e9s de refinancement pour d\u00e9velopper votre activit\u00e9<span class=\"ez-toc-section-end\"><\/span><\/h3>\n\n\n\n<p>Apr\u00e8s un historique de remboursement positif :<\/p>\n\n\n\n<ul class=\"wp-block-list\">\n<li>Possibilit\u00e9 d&rsquo;obtenir un <strong>nouveau financement<\/strong> pour d\u00e9velopper l&rsquo;activit\u00e9<\/li>\n\n\n\n<li><strong>Montants g\u00e9n\u00e9ralement sup\u00e9rieurs<\/strong> au premier microcr\u00e9dit<\/li>\n\n\n\n<li><strong>Proc\u00e9dure simplifi\u00e9e<\/strong> pour les clients ayant d\u00e9montr\u00e9 leur fiabilit\u00e9<\/li>\n\n\n\n<li><strong>Mise en relation<\/strong> avec des partenaires bancaires pour des besoins plus importants<\/li>\n\n\n\n<li><strong>Conseils personnalis\u00e9s<\/strong> pour optimiser la structure financi\u00e8re<\/li>\n<\/ul>\n\n\n\n<h3 class=\"wp-block-heading\"><span class=\"ez-toc-section\" id=\"Participation_a_la_communaute_ADIE_benefices_du_reseau_dentrepreneurs\"><\/span>Participation \u00e0 la communaut\u00e9 ADIE : b\u00e9n\u00e9fices du r\u00e9seau d&rsquo;entrepreneurs<span class=\"ez-toc-section-end\"><\/span><\/h3>\n\n\n\n<p>L&rsquo;ADIE propose d&rsquo;int\u00e9grer un \u00e9cosyst\u00e8me comprenant :<\/p>\n\n\n\n<ul class=\"wp-block-list\">\n<li>Des <strong>\u00e9v\u00e9nements networking<\/strong> entre entrepreneurs<\/li>\n\n\n\n<li>Des <strong>groupes d&rsquo;\u00e9change<\/strong> th\u00e9matiques et sectoriels<\/li>\n\n\n\n<li>Des <strong>opportunit\u00e9s commerciales<\/strong> au sein du r\u00e9seau<\/li>\n\n\n\n<li>Des <strong>possibilit\u00e9s de mentorat<\/strong> par des entrepreneurs exp\u00e9riment\u00e9s<\/li>\n\n\n\n<li>Une <strong>visibilit\u00e9 accrue<\/strong> via les canaux de communication de l&rsquo;ADIE<\/li>\n<\/ul>\n\n\n\n<h2 class=\"wp-block-heading\"><span class=\"ez-toc-section\" id=\"FAQ_et_ressources_utiles_pour_votre_demande_de_microcredit_ADIE\"><\/span>FAQ et ressources utiles pour votre demande de microcr\u00e9dit ADIE<span class=\"ez-toc-section-end\"><\/span><\/h2>\n\n\n\n<h3 class=\"wp-block-heading\"><span class=\"ez-toc-section\" id=\"Questions_frequentes_sur_leligibilite_et_les_conditions_dobtention\"><\/span>Questions fr\u00e9quentes sur l&rsquo;\u00e9ligibilit\u00e9 et les conditions d&rsquo;obtention<span class=\"ez-toc-section-end\"><\/span><\/h3>\n\n\n\n<p><strong>Puis-je obtenir un microcr\u00e9dit si je suis fich\u00e9 FICP ou FCC ?<\/strong><br>Oui, l&rsquo;ADIE accepte les personnes inscrites aux fichiers bancaires, sous r\u00e9serve d&rsquo;une analyse approfondie du projet.<\/p>\n\n\n\n<p><strong>Le microcr\u00e9dit est-il accessible aux personnes sans emploi ?<\/strong><br>Absolument, c&rsquo;est m\u00eame l&rsquo;une des cibles prioritaires de l&rsquo;ADIE.<\/p>\n\n\n\n<p><strong>Faut-il n\u00e9cessairement un apport personnel ?<\/strong><br>Non, l&rsquo;apport n&rsquo;est pas obligatoire mais il renforce la cr\u00e9dibilit\u00e9 du dossier.<\/p>\n\n\n\n<p><strong>Quel est le d\u00e9lai minimal avant d&rsquo;obtenir une r\u00e9ponse d\u00e9finitive ?<\/strong><br>En moyenne, comptez 2 \u00e0 4 semaines entre le premier contact et le versement des fonds.<\/p>\n\n\n\n<p><strong>Peut-on cumuler plusieurs dispositifs de financement ?<\/strong><br>Oui, le microcr\u00e9dit ADIE est cumulable avec d&rsquo;autres aides publiques ou priv\u00e9es.<\/p>\n\n\n\n<h3 class=\"wp-block-heading\"><span class=\"ez-toc-section\" id=\"Comparaison_avec_dautres_solutions_de_financement_pour_entrepreneurs\"><\/span>Comparaison avec d&rsquo;autres solutions de financement pour entrepreneurs<span class=\"ez-toc-section-end\"><\/span><\/h3>\n\n\n\n<figure class=\"wp-block-table\"><table class=\"has-fixed-layout\"><thead><tr><th>Solution<\/th><th>Avantages<\/th><th>Inconv\u00e9nients<\/th><\/tr><\/thead><tbody><tr><td><strong>Microcr\u00e9dit ADIE<\/strong><\/td><td>Accessible sans garantie patrimoniale, accompagnement personnalis\u00e9<\/td><td>Taux plus \u00e9lev\u00e9s que les banques, montants limit\u00e9s<\/td><\/tr><tr><td><strong>Pr\u00eat bancaire classique<\/strong><\/td><td>Taux attractifs, montants importants<\/td><td>Garanties exig\u00e9es, conditions strictes d&rsquo;acc\u00e8s<\/td><\/tr><tr><td><strong>Financement participatif<\/strong><\/td><td>Test de march\u00e9 int\u00e9gr\u00e9, notori\u00e9t\u00e9<\/td><td>Processus chronophage, r\u00e9ussite incertaine<\/td><\/tr><tr><td><strong>Love money<\/strong><\/td><td>Souplesse des conditions<\/td><td>Risque relationnel, montants souvent limit\u00e9s<\/td><\/tr><tr><td><strong>Pr\u00eat d&rsquo;honneur<\/strong><\/td><td>Taux z\u00e9ro, effet levier bancaire<\/td><td>Proc\u00e9dure s\u00e9lective, d\u00e9lais parfois longs<\/td><\/tr><\/tbody><\/table><\/figure>\n\n\n\n<h3 class=\"wp-block-heading\"><span class=\"ez-toc-section\" id=\"Outils_en_ligne_simulateur_de_pret_et_calculateur_de_remboursement\"><\/span>Outils en ligne : simulateur de pr\u00eat et calculateur de remboursement<span class=\"ez-toc-section-end\"><\/span><\/h3>\n\n\n\n<p>L&rsquo;ADIE met \u00e0 disposition plusieurs outils pratiques :<\/p>\n\n\n\n<ul class=\"wp-block-list\">\n<li><strong>Simulateur de pr\u00eat<\/strong> : estimation imm\u00e9diate du montant empruntable<\/li>\n\n\n\n<li><strong>Calculateur de mensualit\u00e9s<\/strong> : projection pr\u00e9cise des remboursements<\/li>\n\n\n\n<li><strong>Auto-diagnostic<\/strong> d&rsquo;\u00e9ligibilit\u00e9 en ligne<\/li>\n\n\n\n<li><strong>Planning personnalis\u00e9<\/strong> du parcours de financement<\/li>\n\n\n\n<li><strong>Test de maturit\u00e9<\/strong> du projet entrepreneurial<\/li>\n<\/ul>\n\n\n\n<h3 class=\"wp-block-heading\"><span class=\"ez-toc-section\" id=\"Coordonnees_des_200_agences_ADIE_en_France_metropolitaine_et_outre-mer\"><\/span>Coordonn\u00e9es des 200 agences ADIE en France m\u00e9tropolitaine et outre-mer<span class=\"ez-toc-section-end\"><\/span><\/h3>\n\n\n\n<p>Le r\u00e9seau ADIE couvre l&rsquo;ensemble du territoire :<\/p>\n\n\n\n<ul class=\"wp-block-list\">\n<li>174 agences en France m\u00e9tropolitaine<\/li>\n\n\n\n<li>26 antennes dans les territoires d&rsquo;outre-mer<\/li>\n\n\n\n<li>Pr\u00e9sence dans les quartiers prioritaires de la politique de la ville<\/li>\n\n\n\n<li>Couverture des zones rurales via des permanences r\u00e9guli\u00e8res<\/li>\n\n\n\n<li>Possibilit\u00e9 de rendez-vous \u00e0 distance pour les territoires isol\u00e9s<\/li>\n<\/ul>\n\n\n\n<h3 class=\"wp-block-heading\"><span class=\"ez-toc-section\" id=\"Agenda_2025_des_evenements_et_formations_pour_entrepreneurs\"><\/span>Agenda 2025 des \u00e9v\u00e9nements et formations pour entrepreneurs<span class=\"ez-toc-section-end\"><\/span><\/h3>\n\n\n\n<p>L&rsquo;ADIE organise r\u00e9guli\u00e8rement :<\/p>\n\n\n\n<ul class=\"wp-block-list\">\n<li>Des <strong>journ\u00e9es portes ouvertes<\/strong> trimestrielles<\/li>\n\n\n\n<li>Des <strong>webinaires th\u00e9matiques<\/strong> mensuels<\/li>\n\n\n\n<li>Des <strong>ateliers pratiques<\/strong> sur la gestion d&rsquo;entreprise<\/li>\n\n\n\n<li>Des <strong>salons de l&rsquo;entrepreneuriat<\/strong> en r\u00e9gion<\/li>\n\n\n\n<li>Des <strong>permanences d&rsquo;information<\/strong> dans les quartiers prioritaires<\/li>\n<\/ul>\n\n\n<div class=\"kk-star-ratings kksr-auto kksr-align-center kksr-valign-bottom\"\n    data-payload='{&quot;align&quot;:&quot;center&quot;,&quot;id&quot;:&quot;102&quot;,&quot;slug&quot;:&quot;default&quot;,&quot;valign&quot;:&quot;bottom&quot;,&quot;ignore&quot;:&quot;&quot;,&quot;reference&quot;:&quot;auto&quot;,&quot;class&quot;:&quot;&quot;,&quot;count&quot;:&quot;0&quot;,&quot;legendonly&quot;:&quot;&quot;,&quot;readonly&quot;:&quot;&quot;,&quot;score&quot;:&quot;0&quot;,&quot;starsonly&quot;:&quot;&quot;,&quot;best&quot;:&quot;5&quot;,&quot;gap&quot;:&quot;5&quot;,&quot;greet&quot;:&quot;&quot;,&quot;legend&quot;:&quot;0\\\/5 - (0 vote)&quot;,&quot;size&quot;:&quot;24&quot;,&quot;title&quot;:&quot;Microcr\u00e9dit avec l\\u0026#039;ADIE : Comment en obtenir un ?&quot;,&quot;width&quot;:&quot;0&quot;,&quot;_legend&quot;:&quot;{score}\\\/{best} - ({count} {votes})&quot;,&quot;font_factor&quot;:&quot;1.25&quot;}'>\n            \n<div class=\"kksr-stars\">\n    \n<div class=\"kksr-stars-inactive\">\n            <div class=\"kksr-star\" data-star=\"1\" style=\"padding-right: 5px\">\n            \n\n<div class=\"kksr-icon\" style=\"width: 24px; height: 24px;\"><\/div>\n        <\/div>\n            <div class=\"kksr-star\" data-star=\"2\" style=\"padding-right: 5px\">\n            \n\n<div class=\"kksr-icon\" style=\"width: 24px; height: 24px;\"><\/div>\n        <\/div>\n            <div class=\"kksr-star\" data-star=\"3\" style=\"padding-right: 5px\">\n            \n\n<div class=\"kksr-icon\" style=\"width: 24px; height: 24px;\"><\/div>\n        <\/div>\n            <div class=\"kksr-star\" data-star=\"4\" style=\"padding-right: 5px\">\n            \n\n<div class=\"kksr-icon\" style=\"width: 24px; height: 24px;\"><\/div>\n        <\/div>\n            <div class=\"kksr-star\" data-star=\"5\" style=\"padding-right: 5px\">\n            \n\n<div class=\"kksr-icon\" style=\"width: 24px; height: 24px;\"><\/div>\n        <\/div>\n    <\/div>\n    \n<div class=\"kksr-stars-active\" style=\"width: 0px;\">\n            <div class=\"kksr-star\" style=\"padding-right: 5px\">\n            \n\n<div class=\"kksr-icon\" style=\"width: 24px; height: 24px;\"><\/div>\n        <\/div>\n            <div class=\"kksr-star\" style=\"padding-right: 5px\">\n            \n\n<div class=\"kksr-icon\" style=\"width: 24px; height: 24px;\"><\/div>\n        <\/div>\n            <div class=\"kksr-star\" style=\"padding-right: 5px\">\n            \n\n<div class=\"kksr-icon\" style=\"width: 24px; height: 24px;\"><\/div>\n        <\/div>\n            <div class=\"kksr-star\" style=\"padding-right: 5px\">\n            \n\n<div class=\"kksr-icon\" style=\"width: 24px; height: 24px;\"><\/div>\n        <\/div>\n            <div class=\"kksr-star\" style=\"padding-right: 5px\">\n            \n\n<div class=\"kksr-icon\" style=\"width: 24px; height: 24px;\"><\/div>\n        <\/div>\n    <\/div>\n<\/div>\n                \n\n<div class=\"kksr-legend\" style=\"font-size: 19.2px;\">\n            <span class=\"kksr-muted\"><\/span>\n    <\/div>\n    <\/div>\n","protected":false},"excerpt":{"rendered":"<p>L&rsquo;acc\u00e8s au financement constitue souvent un obstacle majeur pour les entrepreneurs exclus du syst\u00e8me bancaire traditionnel. Le microcr\u00e9dit repr\u00e9sente une solution adapt\u00e9e \u00e0 ces situations, avec l&rsquo;ADIE (Association pour le Droit \u00e0 l&rsquo;Initiative \u00c9conomique) comme acteur principal en France. Points cl\u00e9s \u00e0 retenir Aspect Informations essentielles Montants disponibles Jusqu&rsquo;\u00e0 17 000\u20ac (professionnels) \/ 8 000\u20ac &#8230; <a title=\"Microcr\u00e9dit avec l&rsquo;ADIE : Comment en obtenir un ?\" class=\"read-more\" href=\"https:\/\/rachat2credit.fr\/guide\/microcredit-adie\/\" aria-label=\"En savoir plus sur Microcr\u00e9dit avec l&rsquo;ADIE : Comment en obtenir un ?\">Lire plus<\/a><\/p>\n","protected":false},"author":1,"featured_media":103,"comment_status":"open","ping_status":"open","sticky":false,"template":"","format":"standard","meta":{"footnotes":""},"categories":[5],"tags":[],"class_list":["post-102","post","type-post","status-publish","format-standard","has-post-thumbnail","hentry","category-credit-express"],"yoast_head":"<!-- This site is optimized with the Yoast SEO plugin v27.5 - https:\/\/yoast.com\/product\/yoast-seo-wordpress\/ -->\n<title>Microcr\u00e9dit avec l&#039;ADIE : Comment en obtenir un ? - Rachat de Cr\u00e9dit<\/title>\n<meta name=\"description\" content=\"Microcr\u00e9dit ADIE jusqu&#039;\u00e0 17 000\u20ac : conditions, taux \u00e0 8,07%, crit\u00e8res d&#039;\u00e9ligibilit\u00e9 et proc\u00e9dure de demande. Guide complet pour entrepreneurs et projets de mobilit\u00e9.\" \/>\n<meta name=\"robots\" content=\"index, follow, max-snippet:-1, max-image-preview:large, max-video-preview:-1\" \/>\n<link rel=\"canonical\" href=\"https:\/\/rachat2credit.fr\/guide\/microcredit-adie\/\" \/>\n<meta property=\"og:locale\" content=\"fr_FR\" \/>\n<meta property=\"og:type\" content=\"article\" \/>\n<meta property=\"og:title\" content=\"Microcr\u00e9dit avec l&#039;ADIE : Comment en obtenir un ? - Rachat de Cr\u00e9dit\" \/>\n<meta property=\"og:description\" content=\"Microcr\u00e9dit ADIE jusqu&#039;\u00e0 17 000\u20ac : conditions, taux \u00e0 8,07%, crit\u00e8res d&#039;\u00e9ligibilit\u00e9 et proc\u00e9dure de demande. Guide complet pour entrepreneurs et projets de mobilit\u00e9.\" \/>\n<meta property=\"og:url\" content=\"https:\/\/rachat2credit.fr\/guide\/microcredit-adie\/\" \/>\n<meta property=\"og:site_name\" content=\"Rachat de Cr\u00e9dit\" \/>\n<meta property=\"article:published_time\" content=\"2025-05-10T09:29:16+00:00\" \/>\n<meta property=\"article:modified_time\" content=\"2025-05-10T09:29:17+00:00\" \/>\n<meta property=\"og:image\" content=\"https:\/\/rachat2credit.fr\/guide\/wp-content\/uploads\/2025\/05\/microcredit-adie.png\" \/>\n\t<meta property=\"og:image:width\" content=\"1024\" \/>\n\t<meta property=\"og:image:height\" content=\"1024\" \/>\n\t<meta property=\"og:image:type\" content=\"image\/png\" \/>\n<meta name=\"author\" content=\"Aurelien Boulanger\" \/>\n<meta name=\"twitter:card\" content=\"summary_large_image\" \/>\n<meta name=\"twitter:label1\" content=\"\u00c9crit par\" \/>\n\t<meta name=\"twitter:data1\" content=\"Aurelien Boulanger\" \/>\n\t<meta name=\"twitter:label2\" content=\"Dur\u00e9e de lecture estim\u00e9e\" \/>\n\t<meta name=\"twitter:data2\" content=\"13 minutes\" \/>\n<script type=\"application\/ld+json\" class=\"yoast-schema-graph\">{\"@context\":\"https:\\\/\\\/schema.org\",\"@graph\":[{\"@type\":\"NewsArticle\",\"@id\":\"https:\\\/\\\/rachat2credit.fr\\\/guide\\\/microcredit-adie\\\/#article\",\"isPartOf\":{\"@id\":\"https:\\\/\\\/rachat2credit.fr\\\/guide\\\/microcredit-adie\\\/\"},\"author\":{\"name\":\"Aurelien Boulanger\",\"@id\":\"https:\\\/\\\/rachat2credit.fr\\\/guide\\\/#\\\/schema\\\/person\\\/d4142086d07bc6acdc4722eabd955cc2\"},\"headline\":\"Microcr\u00e9dit avec l&rsquo;ADIE : Comment en obtenir un ?\",\"datePublished\":\"2025-05-10T09:29:16+00:00\",\"dateModified\":\"2025-05-10T09:29:17+00:00\",\"mainEntityOfPage\":{\"@id\":\"https:\\\/\\\/rachat2credit.fr\\\/guide\\\/microcredit-adie\\\/\"},\"wordCount\":2923,\"commentCount\":0,\"publisher\":{\"@id\":\"https:\\\/\\\/rachat2credit.fr\\\/guide\\\/#organization\"},\"image\":{\"@id\":\"https:\\\/\\\/rachat2credit.fr\\\/guide\\\/microcredit-adie\\\/#primaryimage\"},\"thumbnailUrl\":\"https:\\\/\\\/rachat2credit.fr\\\/guide\\\/wp-content\\\/uploads\\\/2025\\\/05\\\/microcredit-adie.png\",\"articleSection\":[\"Cr\u00e9dit express\"],\"inLanguage\":\"fr-FR\",\"potentialAction\":[{\"@type\":\"CommentAction\",\"name\":\"Comment\",\"target\":[\"https:\\\/\\\/rachat2credit.fr\\\/guide\\\/microcredit-adie\\\/#respond\"]}]},{\"@type\":\"WebPage\",\"@id\":\"https:\\\/\\\/rachat2credit.fr\\\/guide\\\/microcredit-adie\\\/\",\"url\":\"https:\\\/\\\/rachat2credit.fr\\\/guide\\\/microcredit-adie\\\/\",\"name\":\"Microcr\u00e9dit avec l'ADIE : Comment en obtenir un ? - Rachat de Cr\u00e9dit\",\"isPartOf\":{\"@id\":\"https:\\\/\\\/rachat2credit.fr\\\/guide\\\/#website\"},\"primaryImageOfPage\":{\"@id\":\"https:\\\/\\\/rachat2credit.fr\\\/guide\\\/microcredit-adie\\\/#primaryimage\"},\"image\":{\"@id\":\"https:\\\/\\\/rachat2credit.fr\\\/guide\\\/microcredit-adie\\\/#primaryimage\"},\"thumbnailUrl\":\"https:\\\/\\\/rachat2credit.fr\\\/guide\\\/wp-content\\\/uploads\\\/2025\\\/05\\\/microcredit-adie.png\",\"datePublished\":\"2025-05-10T09:29:16+00:00\",\"dateModified\":\"2025-05-10T09:29:17+00:00\",\"description\":\"Microcr\u00e9dit ADIE jusqu'\u00e0 17 000\u20ac : conditions, taux \u00e0 8,07%, crit\u00e8res d'\u00e9ligibilit\u00e9 et proc\u00e9dure de demande. Guide complet pour entrepreneurs et projets de mobilit\u00e9.\",\"breadcrumb\":{\"@id\":\"https:\\\/\\\/rachat2credit.fr\\\/guide\\\/microcredit-adie\\\/#breadcrumb\"},\"inLanguage\":\"fr-FR\",\"potentialAction\":[{\"@type\":\"ReadAction\",\"target\":[\"https:\\\/\\\/rachat2credit.fr\\\/guide\\\/microcredit-adie\\\/\"]}]},{\"@type\":\"ImageObject\",\"inLanguage\":\"fr-FR\",\"@id\":\"https:\\\/\\\/rachat2credit.fr\\\/guide\\\/microcredit-adie\\\/#primaryimage\",\"url\":\"https:\\\/\\\/rachat2credit.fr\\\/guide\\\/wp-content\\\/uploads\\\/2025\\\/05\\\/microcredit-adie.png\",\"contentUrl\":\"https:\\\/\\\/rachat2credit.fr\\\/guide\\\/wp-content\\\/uploads\\\/2025\\\/05\\\/microcredit-adie.png\",\"width\":1024,\"height\":1024,\"caption\":\"Microcr\u00e9dit avec l'ADIE : Comment en obtenir un ?\"},{\"@type\":\"BreadcrumbList\",\"@id\":\"https:\\\/\\\/rachat2credit.fr\\\/guide\\\/microcredit-adie\\\/#breadcrumb\",\"itemListElement\":[{\"@type\":\"ListItem\",\"position\":1,\"name\":\"Accueil\",\"item\":\"https:\\\/\\\/rachat2credit.fr\\\/guide\\\/\"},{\"@type\":\"ListItem\",\"position\":2,\"name\":\"Microcr\u00e9dit avec l&rsquo;ADIE : Comment en obtenir un ?\"}]},{\"@type\":\"WebSite\",\"@id\":\"https:\\\/\\\/rachat2credit.fr\\\/guide\\\/#website\",\"url\":\"https:\\\/\\\/rachat2credit.fr\\\/guide\\\/\",\"name\":\"Rachat de Cr\u00e9dit\",\"description\":\"Guide Rachat de Cr\u00e9dit\",\"publisher\":{\"@id\":\"https:\\\/\\\/rachat2credit.fr\\\/guide\\\/#organization\"},\"potentialAction\":[{\"@type\":\"SearchAction\",\"target\":{\"@type\":\"EntryPoint\",\"urlTemplate\":\"https:\\\/\\\/rachat2credit.fr\\\/guide\\\/?s={search_term_string}\"},\"query-input\":{\"@type\":\"PropertyValueSpecification\",\"valueRequired\":true,\"valueName\":\"search_term_string\"}}],\"inLanguage\":\"fr-FR\"},{\"@type\":\"Organization\",\"@id\":\"https:\\\/\\\/rachat2credit.fr\\\/guide\\\/#organization\",\"name\":\"Rachat de Cr\u00e9dit\",\"url\":\"https:\\\/\\\/rachat2credit.fr\\\/guide\\\/\",\"logo\":{\"@type\":\"ImageObject\",\"inLanguage\":\"fr-FR\",\"@id\":\"https:\\\/\\\/rachat2credit.fr\\\/guide\\\/#\\\/schema\\\/logo\\\/image\\\/\",\"url\":\"https:\\\/\\\/rachat2credit.fr\\\/guide\\\/wp-content\\\/uploads\\\/2025\\\/05\\\/rachat2credit.png\",\"contentUrl\":\"https:\\\/\\\/rachat2credit.fr\\\/guide\\\/wp-content\\\/uploads\\\/2025\\\/05\\\/rachat2credit.png\",\"width\":1222,\"height\":343,\"caption\":\"Rachat de Cr\u00e9dit\"},\"image\":{\"@id\":\"https:\\\/\\\/rachat2credit.fr\\\/guide\\\/#\\\/schema\\\/logo\\\/image\\\/\"}},{\"@type\":\"Person\",\"@id\":\"https:\\\/\\\/rachat2credit.fr\\\/guide\\\/#\\\/schema\\\/person\\\/d4142086d07bc6acdc4722eabd955cc2\",\"name\":\"Aurelien Boulanger\",\"image\":{\"@type\":\"ImageObject\",\"inLanguage\":\"fr-FR\",\"@id\":\"https:\\\/\\\/secure.gravatar.com\\\/avatar\\\/32175434c9ca2b27bfeb905d1c3ec782a789caf494bc0ec8fa6ed0ee39c2e62a?s=96&d=mm&r=g\",\"url\":\"https:\\\/\\\/secure.gravatar.com\\\/avatar\\\/32175434c9ca2b27bfeb905d1c3ec782a789caf494bc0ec8fa6ed0ee39c2e62a?s=96&d=mm&r=g\",\"contentUrl\":\"https:\\\/\\\/secure.gravatar.com\\\/avatar\\\/32175434c9ca2b27bfeb905d1c3ec782a789caf494bc0ec8fa6ed0ee39c2e62a?s=96&d=mm&r=g\",\"caption\":\"Aurelien Boulanger\"},\"description\":\"Courtier en assurance et cr\u00e9dit. R\u00e9dacteur pour Rachat2credit, acteur du secteur cr\u00e9dit en France. Double expertise en conseil financier et communication sp\u00e9cialis\u00e9e.\",\"sameAs\":[\"https:\\\/\\\/rachat2credit.fr\\\/guide\"],\"url\":\"https:\\\/\\\/rachat2credit.fr\\\/guide\\\/author\\\/aurelien\\\/\"}]}<\/script>\n<!-- \/ Yoast SEO plugin. -->","yoast_head_json":{"title":"Microcr\u00e9dit avec l'ADIE : Comment en obtenir un ? - Rachat de Cr\u00e9dit","description":"Microcr\u00e9dit ADIE jusqu'\u00e0 17 000\u20ac : conditions, taux \u00e0 8,07%, crit\u00e8res d'\u00e9ligibilit\u00e9 et proc\u00e9dure de demande. Guide complet pour entrepreneurs et projets de mobilit\u00e9.","robots":{"index":"index","follow":"follow","max-snippet":"max-snippet:-1","max-image-preview":"max-image-preview:large","max-video-preview":"max-video-preview:-1"},"canonical":"https:\/\/rachat2credit.fr\/guide\/microcredit-adie\/","og_locale":"fr_FR","og_type":"article","og_title":"Microcr\u00e9dit avec l'ADIE : Comment en obtenir un ? - Rachat de Cr\u00e9dit","og_description":"Microcr\u00e9dit ADIE jusqu'\u00e0 17 000\u20ac : conditions, taux \u00e0 8,07%, crit\u00e8res d'\u00e9ligibilit\u00e9 et proc\u00e9dure de demande. Guide complet pour entrepreneurs et projets de mobilit\u00e9.","og_url":"https:\/\/rachat2credit.fr\/guide\/microcredit-adie\/","og_site_name":"Rachat de Cr\u00e9dit","article_published_time":"2025-05-10T09:29:16+00:00","article_modified_time":"2025-05-10T09:29:17+00:00","og_image":[{"width":1024,"height":1024,"url":"https:\/\/rachat2credit.fr\/guide\/wp-content\/uploads\/2025\/05\/microcredit-adie.png","type":"image\/png"}],"author":"Aurelien Boulanger","twitter_card":"summary_large_image","twitter_misc":{"\u00c9crit par":"Aurelien Boulanger","Dur\u00e9e de lecture estim\u00e9e":"13 minutes"},"schema":{"@context":"https:\/\/schema.org","@graph":[{"@type":"NewsArticle","@id":"https:\/\/rachat2credit.fr\/guide\/microcredit-adie\/#article","isPartOf":{"@id":"https:\/\/rachat2credit.fr\/guide\/microcredit-adie\/"},"author":{"name":"Aurelien Boulanger","@id":"https:\/\/rachat2credit.fr\/guide\/#\/schema\/person\/d4142086d07bc6acdc4722eabd955cc2"},"headline":"Microcr\u00e9dit avec l&rsquo;ADIE : Comment en obtenir un ?","datePublished":"2025-05-10T09:29:16+00:00","dateModified":"2025-05-10T09:29:17+00:00","mainEntityOfPage":{"@id":"https:\/\/rachat2credit.fr\/guide\/microcredit-adie\/"},"wordCount":2923,"commentCount":0,"publisher":{"@id":"https:\/\/rachat2credit.fr\/guide\/#organization"},"image":{"@id":"https:\/\/rachat2credit.fr\/guide\/microcredit-adie\/#primaryimage"},"thumbnailUrl":"https:\/\/rachat2credit.fr\/guide\/wp-content\/uploads\/2025\/05\/microcredit-adie.png","articleSection":["Cr\u00e9dit express"],"inLanguage":"fr-FR","potentialAction":[{"@type":"CommentAction","name":"Comment","target":["https:\/\/rachat2credit.fr\/guide\/microcredit-adie\/#respond"]}]},{"@type":"WebPage","@id":"https:\/\/rachat2credit.fr\/guide\/microcredit-adie\/","url":"https:\/\/rachat2credit.fr\/guide\/microcredit-adie\/","name":"Microcr\u00e9dit avec l'ADIE : Comment en obtenir un ? - Rachat de Cr\u00e9dit","isPartOf":{"@id":"https:\/\/rachat2credit.fr\/guide\/#website"},"primaryImageOfPage":{"@id":"https:\/\/rachat2credit.fr\/guide\/microcredit-adie\/#primaryimage"},"image":{"@id":"https:\/\/rachat2credit.fr\/guide\/microcredit-adie\/#primaryimage"},"thumbnailUrl":"https:\/\/rachat2credit.fr\/guide\/wp-content\/uploads\/2025\/05\/microcredit-adie.png","datePublished":"2025-05-10T09:29:16+00:00","dateModified":"2025-05-10T09:29:17+00:00","description":"Microcr\u00e9dit ADIE jusqu'\u00e0 17 000\u20ac : conditions, taux \u00e0 8,07%, crit\u00e8res d'\u00e9ligibilit\u00e9 et proc\u00e9dure de demande. Guide complet pour entrepreneurs et projets de mobilit\u00e9.","breadcrumb":{"@id":"https:\/\/rachat2credit.fr\/guide\/microcredit-adie\/#breadcrumb"},"inLanguage":"fr-FR","potentialAction":[{"@type":"ReadAction","target":["https:\/\/rachat2credit.fr\/guide\/microcredit-adie\/"]}]},{"@type":"ImageObject","inLanguage":"fr-FR","@id":"https:\/\/rachat2credit.fr\/guide\/microcredit-adie\/#primaryimage","url":"https:\/\/rachat2credit.fr\/guide\/wp-content\/uploads\/2025\/05\/microcredit-adie.png","contentUrl":"https:\/\/rachat2credit.fr\/guide\/wp-content\/uploads\/2025\/05\/microcredit-adie.png","width":1024,"height":1024,"caption":"Microcr\u00e9dit avec l'ADIE : Comment en obtenir un ?"},{"@type":"BreadcrumbList","@id":"https:\/\/rachat2credit.fr\/guide\/microcredit-adie\/#breadcrumb","itemListElement":[{"@type":"ListItem","position":1,"name":"Accueil","item":"https:\/\/rachat2credit.fr\/guide\/"},{"@type":"ListItem","position":2,"name":"Microcr\u00e9dit avec l&rsquo;ADIE : Comment en obtenir un ?"}]},{"@type":"WebSite","@id":"https:\/\/rachat2credit.fr\/guide\/#website","url":"https:\/\/rachat2credit.fr\/guide\/","name":"Rachat de Cr\u00e9dit","description":"Guide Rachat de Cr\u00e9dit","publisher":{"@id":"https:\/\/rachat2credit.fr\/guide\/#organization"},"potentialAction":[{"@type":"SearchAction","target":{"@type":"EntryPoint","urlTemplate":"https:\/\/rachat2credit.fr\/guide\/?s={search_term_string}"},"query-input":{"@type":"PropertyValueSpecification","valueRequired":true,"valueName":"search_term_string"}}],"inLanguage":"fr-FR"},{"@type":"Organization","@id":"https:\/\/rachat2credit.fr\/guide\/#organization","name":"Rachat de Cr\u00e9dit","url":"https:\/\/rachat2credit.fr\/guide\/","logo":{"@type":"ImageObject","inLanguage":"fr-FR","@id":"https:\/\/rachat2credit.fr\/guide\/#\/schema\/logo\/image\/","url":"https:\/\/rachat2credit.fr\/guide\/wp-content\/uploads\/2025\/05\/rachat2credit.png","contentUrl":"https:\/\/rachat2credit.fr\/guide\/wp-content\/uploads\/2025\/05\/rachat2credit.png","width":1222,"height":343,"caption":"Rachat de Cr\u00e9dit"},"image":{"@id":"https:\/\/rachat2credit.fr\/guide\/#\/schema\/logo\/image\/"}},{"@type":"Person","@id":"https:\/\/rachat2credit.fr\/guide\/#\/schema\/person\/d4142086d07bc6acdc4722eabd955cc2","name":"Aurelien Boulanger","image":{"@type":"ImageObject","inLanguage":"fr-FR","@id":"https:\/\/secure.gravatar.com\/avatar\/32175434c9ca2b27bfeb905d1c3ec782a789caf494bc0ec8fa6ed0ee39c2e62a?s=96&d=mm&r=g","url":"https:\/\/secure.gravatar.com\/avatar\/32175434c9ca2b27bfeb905d1c3ec782a789caf494bc0ec8fa6ed0ee39c2e62a?s=96&d=mm&r=g","contentUrl":"https:\/\/secure.gravatar.com\/avatar\/32175434c9ca2b27bfeb905d1c3ec782a789caf494bc0ec8fa6ed0ee39c2e62a?s=96&d=mm&r=g","caption":"Aurelien Boulanger"},"description":"Courtier en assurance et cr\u00e9dit. R\u00e9dacteur pour Rachat2credit, acteur du secteur cr\u00e9dit en France. Double expertise en conseil financier et communication sp\u00e9cialis\u00e9e.","sameAs":["https:\/\/rachat2credit.fr\/guide"],"url":"https:\/\/rachat2credit.fr\/guide\/author\/aurelien\/"}]}},"_links":{"self":[{"href":"https:\/\/rachat2credit.fr\/guide\/wp-json\/wp\/v2\/posts\/102","targetHints":{"allow":["GET"]}}],"collection":[{"href":"https:\/\/rachat2credit.fr\/guide\/wp-json\/wp\/v2\/posts"}],"about":[{"href":"https:\/\/rachat2credit.fr\/guide\/wp-json\/wp\/v2\/types\/post"}],"author":[{"embeddable":true,"href":"https:\/\/rachat2credit.fr\/guide\/wp-json\/wp\/v2\/users\/1"}],"replies":[{"embeddable":true,"href":"https:\/\/rachat2credit.fr\/guide\/wp-json\/wp\/v2\/comments?post=102"}],"version-history":[{"count":1,"href":"https:\/\/rachat2credit.fr\/guide\/wp-json\/wp\/v2\/posts\/102\/revisions"}],"predecessor-version":[{"id":104,"href":"https:\/\/rachat2credit.fr\/guide\/wp-json\/wp\/v2\/posts\/102\/revisions\/104"}],"wp:featuredmedia":[{"embeddable":true,"href":"https:\/\/rachat2credit.fr\/guide\/wp-json\/wp\/v2\/media\/103"}],"wp:attachment":[{"href":"https:\/\/rachat2credit.fr\/guide\/wp-json\/wp\/v2\/media?parent=102"}],"wp:term":[{"taxonomy":"category","embeddable":true,"href":"https:\/\/rachat2credit.fr\/guide\/wp-json\/wp\/v2\/categories?post=102"},{"taxonomy":"post_tag","embeddable":true,"href":"https:\/\/rachat2credit.fr\/guide\/wp-json\/wp\/v2\/tags?post=102"}],"curies":[{"name":"wp","href":"https:\/\/api.w.org\/{rel}","templated":true}]}}