{"id":1023,"date":"2025-08-23T11:16:18","date_gmt":"2025-08-23T09:16:18","guid":{"rendered":"https:\/\/rachat2credit.fr\/guide\/sante-ces-mesures-drastiques-en-discussion-qui-vont-faire-grimper-la-facture-je-vais-devoir-payer-300-euros-de-plus-par-mois-pour-mes-soins\/"},"modified":"2025-08-23T11:16:18","modified_gmt":"2025-08-23T09:16:18","slug":"sante-ces-mesures-drastiques-en-discussion-qui-vont-faire-grimper-la-facture-je-vais-devoir-payer-300-euros-de-plus-par-mois-pour-mes-soins","status":"publish","type":"post","link":"https:\/\/rachat2credit.fr\/guide\/sante-ces-mesures-drastiques-en-discussion-qui-vont-faire-grimper-la-facture-je-vais-devoir-payer-300-euros-de-plus-par-mois-pour-mes-soins\/","title":{"rendered":"Sant\u00e9 : ces mesures drastiques en discussion qui vont faire grimper la facture \u201cje vais devoir payer 300 euros de plus par mois pour mes soins\u201d"},"content":{"rendered":"<p>Sant\u00e9 : ces mesures drastiques en discussion qui pourraient alourdir votre budget. Alors que le gouvernement envisagerait une s\u00e9rie de r\u00e9formes pour \u00ab\u00a0sauver\u00a0\u00bb le syst\u00e8me de sant\u00e9, plusieurs pistes controvers\u00e9es sont sur la table, laissant craindre une hausse significative des d\u00e9penses pour les m\u00e9nages.<\/p>\n<p>Un geste de solidarit\u00e9 qui co\u00fbterait cher<\/p>\n<p>Parmi les mesures les plus d\u00e9battues, une participation financi\u00e8re accrue des patients pour certaines consultations et actes m\u00e9dicaux consid\u00e9r\u00e9s comme \u00ab\u00a0non prioritaires\u00a0\u00bb reviendrait r\u00e9guli\u00e8rement dans les discussions. Cette logique de \u00ab\u00a0remboursement modul\u00e9\u00a0\u00bb selon l&rsquo;utilit\u00e9 per\u00e7ue des soins marquerait un changement profond de philosophie de notre syst\u00e8me de sant\u00e9.<\/p>\n<p>Le t\u00e9moignage d&rsquo;une patiente inqui\u00e8te<\/p>\n<p>Sophie, 42 ans, souffre d&rsquo;une pathologie chronique n\u00e9cessitant des suivis r\u00e9guliers. \u00ab\u00a0J&rsquo;ai entendu parler de ces projets qui viseraient \u00e0 faire payer davantage les patients pour des consultations chez certains sp\u00e9cialistes ou pour des m\u00e9dicaments jug\u00e9s &lsquo;de confort&rsquo;. Pour moi, ces soins sont essentiels \u00e0 ma qualit\u00e9 de vie. Si je dois les payer plein pot, cela repr\u00e9senterait plusieurs centaines d&rsquo;euros suppl\u00e9mentaires par an,\u00a0\u00bb explique-t-elle, visiblement anxieuse.<\/p>\n<p>Les raisons derri\u00e8re ces propositions drastiques<\/p>\n<p>Le gouvernement justifierait ces pistes par la n\u00e9cessit\u00e9 de ma\u00eetriser les d\u00e9penses de sant\u00e9 qui ne cessent d&rsquo;augmenter, avec un d\u00e9ficit de l&rsquo;Assurance Maladie qui pourrait atteindre des sommets historiques. La <a href=\"https:\/\/www.securite-sociale.fr\/assurance-maladie\" target=\"_blank\" rel=\"noopener\">Caisse Nationale d&rsquo;Assurance Maladie<\/a> alerterait r\u00e9guli\u00e8rement sur l&rsquo;urgence \u00e0 r\u00e9former le syst\u00e8me pour pr\u00e9server sa p\u00e9rennit\u00e9.<\/p>\n<p>Une r\u00e9organisation territoriale controvers\u00e9e<\/p>\n<p>Une autre mesure en discussion concernerait la r\u00e9duction du nombre de lits d&rsquo;h\u00f4pitaux dans certaines zones rurales, avec une concentration des moyens dans les grands centres urbains. Cette rationalisation des ressources poserait la question de l&rsquo;acc\u00e8s aux soins pour les populations \u00e9loign\u00e9es des m\u00e9tropoles.<\/p>\n<p>Des r\u00e9actions mitig\u00e9es parmi les professionnels de sant\u00e9<\/p>\n<p>Le corps m\u00e9dical serait partag\u00e9 face \u00e0 ces propositions. Certains y verraient une n\u00e9cessit\u00e9 pour \u00e9viter la faillite du syst\u00e8me, tandis que d&rsquo;autres d\u00e9nonceraient une vision purement comptable de la sant\u00e9. \u00ab\u00a0Il est crucial de trouver un \u00e9quilibre entre viabilit\u00e9 financi\u00e8re et acc\u00e8s aux soins pour tous,\u00a0\u00bb affirme un m\u00e9decin hospitalier sous couvert d&rsquo;anonymat.<\/p>\n<p>Alternatives et solutions envisageables<\/p>\n<p>Face \u00e0 ces propositions controvers\u00e9es, des experts sugg\u00e8reraient d&rsquo;autres pistes moins douloureuses pour les usagers, comme une meilleure pr\u00e9vention ou une lutte accrue contre les d\u00e9penses inutiles.<\/p>\n<p>Renforcement de la m\u00e9decine pr\u00e9ventive<\/p>\n<p>Investir dans la pr\u00e9vention permettrait \u00e0 long terme de r\u00e9duire les co\u00fbts de sant\u00e9 tout en am\u00e9liorant l&rsquo;\u00e9tat de sant\u00e9 de la population. Des campagnes de d\u00e9pistage \u00e9largies et des programmes d&rsquo;\u00e9ducation \u00e0 la sant\u00e9 pourraient constituer des alternatives moins impopulaires.<\/p>\n<p>Optimisation des d\u00e9penses<\/p>\n<p>Une meilleure gestion des ressources hospitali\u00e8res, une rationalisation des prescriptions m\u00e9dicamenteuses et une lutte renforc\u00e9e contre les fraudes pourraient g\u00e9n\u00e9rer des \u00e9conomies significatives sans p\u00e9naliser les patients.<\/p>\n<p>Une l\u00e9gislation sous condition<\/p>\n<p>Les propositions de r\u00e9forme drastiques resteraient pour l&rsquo;instant \u00e0 l&rsquo;\u00e9tat de discussions et n\u00e9cessiteraient l&rsquo;avis du Conseil d&rsquo;\u00c9tat et une large concertation avant toute mise en \u0153uvre. Le gouvernement insisterait sur le fait qu&rsquo;aucune d\u00e9cision d\u00e9finitive n&rsquo;aurait \u00e9t\u00e9 prise et que toutes les options resteraient sur la table.<\/p>\n<p>Implications pour les citoyens<\/p>\n<p>Les Fran\u00e7ais resteraient divis\u00e9s face \u00e0 ces potentielles r\u00e9formes. Certains accepteraient une participation financi\u00e8re accrue si elle garantissait la survie du syst\u00e8me, tandis que d&rsquo;autres y verraient une rupture du pacte social fondamental qui assure l&rsquo;acc\u00e8s aux soins pour tous, ind\u00e9pendamment des moyens.<\/p>\n<p>En r\u00e9ponse aux inqui\u00e9tudes exprim\u00e9es, le minist\u00e8re de la Sant\u00e9 envisagerait d&rsquo;organiser des \u00e9tats g\u00e9n\u00e9raux de la sant\u00e9 pour discuter de l&rsquo;avenir de notre syst\u00e8me de protection sociale. Ces consultations pourraient aboutir \u00e0 des modifications du projet initial qui tiendraient mieux compte des r\u00e9alit\u00e9s v\u00e9cues par les patients et les soignants.<\/p>\n<p>Il serait crucial de consid\u00e9rer l&rsquo;impact social de ces mesures potentielles et de pr\u00e9server l&rsquo;\u00e9quit\u00e9 d&rsquo;acc\u00e8s aux soins, principe fondateur de notre syst\u00e8me de sant\u00e9. L&rsquo;histoire de Sophie rappellerait l&rsquo;importance de placer le patient au c\u0153ur des r\u00e9flexions sur l&rsquo;\u00e9volution de notre mod\u00e8le de sant\u00e9. La r\u00e9forme du syst\u00e8me de sant\u00e9 resterait un sujet complexe qui n\u00e9cessiterait une approche \u00e9quilibr\u00e9e entre imp\u00e9ratifs \u00e9conomiques et justice sociale.<\/p>\n\n\n<div class=\"kk-star-ratings kksr-auto kksr-align-center kksr-valign-bottom\"\n    data-payload='{&quot;align&quot;:&quot;center&quot;,&quot;id&quot;:&quot;1023&quot;,&quot;slug&quot;:&quot;default&quot;,&quot;valign&quot;:&quot;bottom&quot;,&quot;ignore&quot;:&quot;&quot;,&quot;reference&quot;:&quot;auto&quot;,&quot;class&quot;:&quot;&quot;,&quot;count&quot;:&quot;0&quot;,&quot;legendonly&quot;:&quot;&quot;,&quot;readonly&quot;:&quot;&quot;,&quot;score&quot;:&quot;0&quot;,&quot;starsonly&quot;:&quot;&quot;,&quot;best&quot;:&quot;5&quot;,&quot;gap&quot;:&quot;5&quot;,&quot;greet&quot;:&quot;&quot;,&quot;legend&quot;:&quot;0\\\/5 - (0 vote)&quot;,&quot;size&quot;:&quot;24&quot;,&quot;title&quot;:&quot;Sant\u00e9 : ces mesures drastiques en discussion qui vont faire grimper la facture \u201cje vais devoir payer 300 euros de plus par mois pour mes soins\u201d&quot;,&quot;width&quot;:&quot;0&quot;,&quot;_legend&quot;:&quot;{score}\\\/{best} - ({count} {votes})&quot;,&quot;font_factor&quot;:&quot;1.25&quot;}'>\n            \n<div class=\"kksr-stars\">\n    \n<div class=\"kksr-stars-inactive\">\n            <div class=\"kksr-star\" data-star=\"1\" style=\"padding-right: 5px\">\n            \n\n<div class=\"kksr-icon\" style=\"width: 24px; height: 24px;\"><\/div>\n        <\/div>\n            <div class=\"kksr-star\" data-star=\"2\" style=\"padding-right: 5px\">\n            \n\n<div class=\"kksr-icon\" style=\"width: 24px; height: 24px;\"><\/div>\n        <\/div>\n            <div class=\"kksr-star\" data-star=\"3\" style=\"padding-right: 5px\">\n            \n\n<div class=\"kksr-icon\" style=\"width: 24px; height: 24px;\"><\/div>\n        <\/div>\n            <div class=\"kksr-star\" data-star=\"4\" style=\"padding-right: 5px\">\n            \n\n<div class=\"kksr-icon\" style=\"width: 24px; height: 24px;\"><\/div>\n        <\/div>\n            <div class=\"kksr-star\" data-star=\"5\" style=\"padding-right: 5px\">\n            \n\n<div class=\"kksr-icon\" style=\"width: 24px; height: 24px;\"><\/div>\n        <\/div>\n    <\/div>\n    \n<div class=\"kksr-stars-active\" style=\"width: 0px;\">\n            <div class=\"kksr-star\" style=\"padding-right: 5px\">\n            \n\n<div class=\"kksr-icon\" style=\"width: 24px; height: 24px;\"><\/div>\n        <\/div>\n            <div class=\"kksr-star\" style=\"padding-right: 5px\">\n            \n\n<div class=\"kksr-icon\" style=\"width: 24px; height: 24px;\"><\/div>\n        <\/div>\n            <div class=\"kksr-star\" style=\"padding-right: 5px\">\n            \n\n<div class=\"kksr-icon\" style=\"width: 24px; height: 24px;\"><\/div>\n        <\/div>\n            <div class=\"kksr-star\" style=\"padding-right: 5px\">\n            \n\n<div class=\"kksr-icon\" style=\"width: 24px; height: 24px;\"><\/div>\n        <\/div>\n            <div class=\"kksr-star\" style=\"padding-right: 5px\">\n            \n\n<div class=\"kksr-icon\" style=\"width: 24px; height: 24px;\"><\/div>\n        <\/div>\n    <\/div>\n<\/div>\n                \n\n<div class=\"kksr-legend\" style=\"font-size: 19.2px;\">\n            <span class=\"kksr-muted\"><\/span>\n    <\/div>\n    <\/div>\n","protected":false},"excerpt":{"rendered":"<p>Sant\u00e9 : ces mesures drastiques en discussion qui pourraient alourdir votre budget. Alors que le gouvernement envisagerait une s\u00e9rie de r\u00e9formes pour \u00ab\u00a0sauver\u00a0\u00bb le syst\u00e8me de sant\u00e9, plusieurs pistes controvers\u00e9es sont sur la table, laissant craindre une hausse significative des d\u00e9penses pour les m\u00e9nages. Un geste de solidarit\u00e9 qui co\u00fbterait cher Parmi les mesures les &#8230; <a title=\"Sant\u00e9 : ces mesures drastiques en discussion qui vont faire grimper la facture \u201cje vais devoir payer 300 euros de plus par mois pour mes soins\u201d\" class=\"read-more\" href=\"https:\/\/rachat2credit.fr\/guide\/sante-ces-mesures-drastiques-en-discussion-qui-vont-faire-grimper-la-facture-je-vais-devoir-payer-300-euros-de-plus-par-mois-pour-mes-soins\/\" aria-label=\"En savoir plus sur Sant\u00e9 : ces mesures drastiques en discussion qui vont faire grimper la facture \u201cje vais devoir payer 300 euros de plus par mois pour mes soins\u201d\">Lire plus<\/a><\/p>\n","protected":false},"author":1,"featured_media":1024,"comment_status":"open","ping_status":"open","sticky":false,"template":"","format":"standard","meta":{"footnotes":""},"categories":[8],"tags":[],"class_list":["post-1023","post","type-post","status-publish","format-standard","has-post-thumbnail","hentry","category-a-la-une"],"yoast_head":"<!-- This site is optimized with the Yoast SEO plugin v27.5 - https:\/\/yoast.com\/product\/yoast-seo-wordpress\/ -->\n<title>Sant\u00e9 : ces mesures drastiques en discussion qui vont faire grimper la facture \u201cje vais devoir payer 300 euros de plus par mois pour mes soins\u201d - Rachat de Cr\u00e9dit<\/title>\n<meta name=\"robots\" content=\"index, follow, max-snippet:-1, max-image-preview:large, max-video-preview:-1\" \/>\n<link rel=\"canonical\" href=\"https:\/\/rachat2credit.fr\/guide\/sante-ces-mesures-drastiques-en-discussion-qui-vont-faire-grimper-la-facture-je-vais-devoir-payer-300-euros-de-plus-par-mois-pour-mes-soins\/\" \/>\n<meta property=\"og:locale\" content=\"fr_FR\" \/>\n<meta property=\"og:type\" content=\"article\" \/>\n<meta property=\"og:title\" content=\"Sant\u00e9 : ces mesures drastiques en discussion qui vont faire grimper la facture \u201cje vais devoir payer 300 euros de plus par mois pour mes soins\u201d - Rachat de Cr\u00e9dit\" \/>\n<meta property=\"og:description\" content=\"Sant\u00e9 : ces mesures drastiques en discussion qui pourraient alourdir votre budget. Alors que le gouvernement envisagerait une s\u00e9rie de r\u00e9formes pour \u00ab\u00a0sauver\u00a0\u00bb le syst\u00e8me de sant\u00e9, plusieurs pistes controvers\u00e9es sont sur la table, laissant craindre une hausse significative des d\u00e9penses pour les m\u00e9nages. Un geste de solidarit\u00e9 qui co\u00fbterait cher Parmi les mesures les ... Lire plus\" \/>\n<meta property=\"og:url\" content=\"https:\/\/rachat2credit.fr\/guide\/sante-ces-mesures-drastiques-en-discussion-qui-vont-faire-grimper-la-facture-je-vais-devoir-payer-300-euros-de-plus-par-mois-pour-mes-soins\/\" \/>\n<meta property=\"og:site_name\" content=\"Rachat de Cr\u00e9dit\" \/>\n<meta property=\"article:published_time\" content=\"2025-08-23T09:16:18+00:00\" \/>\n<meta property=\"og:image\" content=\"https:\/\/rachat2credit.fr\/guide\/wp-content\/uploads\/2025\/08\/flux-pro-1.1-1023-1755940589.jpg\" \/>\n\t<meta property=\"og:image:width\" content=\"1344\" \/>\n\t<meta property=\"og:image:height\" content=\"768\" \/>\n\t<meta property=\"og:image:type\" content=\"image\/jpeg\" \/>\n<meta name=\"author\" content=\"Aurelien Boulanger\" \/>\n<meta name=\"twitter:card\" content=\"summary_large_image\" \/>\n<meta name=\"twitter:label1\" content=\"\u00c9crit par\" \/>\n\t<meta name=\"twitter:data1\" content=\"Aurelien Boulanger\" \/>\n\t<meta name=\"twitter:label2\" content=\"Dur\u00e9e de lecture estim\u00e9e\" \/>\n\t<meta name=\"twitter:data2\" content=\"4 minutes\" \/>\n<script type=\"application\/ld+json\" class=\"yoast-schema-graph\">{\"@context\":\"https:\\\/\\\/schema.org\",\"@graph\":[{\"@type\":\"NewsArticle\",\"@id\":\"https:\\\/\\\/rachat2credit.fr\\\/guide\\\/sante-ces-mesures-drastiques-en-discussion-qui-vont-faire-grimper-la-facture-je-vais-devoir-payer-300-euros-de-plus-par-mois-pour-mes-soins\\\/#article\",\"isPartOf\":{\"@id\":\"https:\\\/\\\/rachat2credit.fr\\\/guide\\\/sante-ces-mesures-drastiques-en-discussion-qui-vont-faire-grimper-la-facture-je-vais-devoir-payer-300-euros-de-plus-par-mois-pour-mes-soins\\\/\"},\"author\":{\"name\":\"Aurelien Boulanger\",\"@id\":\"https:\\\/\\\/rachat2credit.fr\\\/guide\\\/#\\\/schema\\\/person\\\/d4142086d07bc6acdc4722eabd955cc2\"},\"headline\":\"Sant\u00e9 : ces mesures drastiques en discussion qui vont faire grimper la facture \u201cje vais devoir payer 300 euros de plus par mois pour mes soins\u201d\",\"datePublished\":\"2025-08-23T09:16:18+00:00\",\"mainEntityOfPage\":{\"@id\":\"https:\\\/\\\/rachat2credit.fr\\\/guide\\\/sante-ces-mesures-drastiques-en-discussion-qui-vont-faire-grimper-la-facture-je-vais-devoir-payer-300-euros-de-plus-par-mois-pour-mes-soins\\\/\"},\"wordCount\":805,\"commentCount\":16,\"publisher\":{\"@id\":\"https:\\\/\\\/rachat2credit.fr\\\/guide\\\/#organization\"},\"image\":{\"@id\":\"https:\\\/\\\/rachat2credit.fr\\\/guide\\\/sante-ces-mesures-drastiques-en-discussion-qui-vont-faire-grimper-la-facture-je-vais-devoir-payer-300-euros-de-plus-par-mois-pour-mes-soins\\\/#primaryimage\"},\"thumbnailUrl\":\"https:\\\/\\\/rachat2credit.fr\\\/guide\\\/wp-content\\\/uploads\\\/2025\\\/08\\\/flux-pro-1.1-1023-1755940589.jpg\",\"articleSection\":[\"A la une\"],\"inLanguage\":\"fr-FR\",\"potentialAction\":[{\"@type\":\"CommentAction\",\"name\":\"Comment\",\"target\":[\"https:\\\/\\\/rachat2credit.fr\\\/guide\\\/sante-ces-mesures-drastiques-en-discussion-qui-vont-faire-grimper-la-facture-je-vais-devoir-payer-300-euros-de-plus-par-mois-pour-mes-soins\\\/#respond\"]}]},{\"@type\":\"WebPage\",\"@id\":\"https:\\\/\\\/rachat2credit.fr\\\/guide\\\/sante-ces-mesures-drastiques-en-discussion-qui-vont-faire-grimper-la-facture-je-vais-devoir-payer-300-euros-de-plus-par-mois-pour-mes-soins\\\/\",\"url\":\"https:\\\/\\\/rachat2credit.fr\\\/guide\\\/sante-ces-mesures-drastiques-en-discussion-qui-vont-faire-grimper-la-facture-je-vais-devoir-payer-300-euros-de-plus-par-mois-pour-mes-soins\\\/\",\"name\":\"Sant\u00e9 : ces mesures drastiques en discussion qui vont faire grimper la facture \u201cje vais devoir payer 300 euros de plus par mois pour mes soins\u201d - Rachat de Cr\u00e9dit\",\"isPartOf\":{\"@id\":\"https:\\\/\\\/rachat2credit.fr\\\/guide\\\/#website\"},\"primaryImageOfPage\":{\"@id\":\"https:\\\/\\\/rachat2credit.fr\\\/guide\\\/sante-ces-mesures-drastiques-en-discussion-qui-vont-faire-grimper-la-facture-je-vais-devoir-payer-300-euros-de-plus-par-mois-pour-mes-soins\\\/#primaryimage\"},\"image\":{\"@id\":\"https:\\\/\\\/rachat2credit.fr\\\/guide\\\/sante-ces-mesures-drastiques-en-discussion-qui-vont-faire-grimper-la-facture-je-vais-devoir-payer-300-euros-de-plus-par-mois-pour-mes-soins\\\/#primaryimage\"},\"thumbnailUrl\":\"https:\\\/\\\/rachat2credit.fr\\\/guide\\\/wp-content\\\/uploads\\\/2025\\\/08\\\/flux-pro-1.1-1023-1755940589.jpg\",\"datePublished\":\"2025-08-23T09:16:18+00:00\",\"breadcrumb\":{\"@id\":\"https:\\\/\\\/rachat2credit.fr\\\/guide\\\/sante-ces-mesures-drastiques-en-discussion-qui-vont-faire-grimper-la-facture-je-vais-devoir-payer-300-euros-de-plus-par-mois-pour-mes-soins\\\/#breadcrumb\"},\"inLanguage\":\"fr-FR\",\"potentialAction\":[{\"@type\":\"ReadAction\",\"target\":[\"https:\\\/\\\/rachat2credit.fr\\\/guide\\\/sante-ces-mesures-drastiques-en-discussion-qui-vont-faire-grimper-la-facture-je-vais-devoir-payer-300-euros-de-plus-par-mois-pour-mes-soins\\\/\"]}]},{\"@type\":\"ImageObject\",\"inLanguage\":\"fr-FR\",\"@id\":\"https:\\\/\\\/rachat2credit.fr\\\/guide\\\/sante-ces-mesures-drastiques-en-discussion-qui-vont-faire-grimper-la-facture-je-vais-devoir-payer-300-euros-de-plus-par-mois-pour-mes-soins\\\/#primaryimage\",\"url\":\"https:\\\/\\\/rachat2credit.fr\\\/guide\\\/wp-content\\\/uploads\\\/2025\\\/08\\\/flux-pro-1.1-1023-1755940589.jpg\",\"contentUrl\":\"https:\\\/\\\/rachat2credit.fr\\\/guide\\\/wp-content\\\/uploads\\\/2025\\\/08\\\/flux-pro-1.1-1023-1755940589.jpg\",\"width\":1344,\"height\":768},{\"@type\":\"BreadcrumbList\",\"@id\":\"https:\\\/\\\/rachat2credit.fr\\\/guide\\\/sante-ces-mesures-drastiques-en-discussion-qui-vont-faire-grimper-la-facture-je-vais-devoir-payer-300-euros-de-plus-par-mois-pour-mes-soins\\\/#breadcrumb\",\"itemListElement\":[{\"@type\":\"ListItem\",\"position\":1,\"name\":\"Accueil\",\"item\":\"https:\\\/\\\/rachat2credit.fr\\\/guide\\\/\"},{\"@type\":\"ListItem\",\"position\":2,\"name\":\"Sant\u00e9 : ces mesures drastiques en discussion qui vont faire grimper la facture \u201cje vais devoir payer 300 euros de plus par mois pour mes soins\u201d\"}]},{\"@type\":\"WebSite\",\"@id\":\"https:\\\/\\\/rachat2credit.fr\\\/guide\\\/#website\",\"url\":\"https:\\\/\\\/rachat2credit.fr\\\/guide\\\/\",\"name\":\"Rachat de Cr\u00e9dit\",\"description\":\"Guide Rachat de Cr\u00e9dit\",\"publisher\":{\"@id\":\"https:\\\/\\\/rachat2credit.fr\\\/guide\\\/#organization\"},\"potentialAction\":[{\"@type\":\"SearchAction\",\"target\":{\"@type\":\"EntryPoint\",\"urlTemplate\":\"https:\\\/\\\/rachat2credit.fr\\\/guide\\\/?s={search_term_string}\"},\"query-input\":{\"@type\":\"PropertyValueSpecification\",\"valueRequired\":true,\"valueName\":\"search_term_string\"}}],\"inLanguage\":\"fr-FR\"},{\"@type\":\"Organization\",\"@id\":\"https:\\\/\\\/rachat2credit.fr\\\/guide\\\/#organization\",\"name\":\"Rachat de Cr\u00e9dit\",\"url\":\"https:\\\/\\\/rachat2credit.fr\\\/guide\\\/\",\"logo\":{\"@type\":\"ImageObject\",\"inLanguage\":\"fr-FR\",\"@id\":\"https:\\\/\\\/rachat2credit.fr\\\/guide\\\/#\\\/schema\\\/logo\\\/image\\\/\",\"url\":\"https:\\\/\\\/rachat2credit.fr\\\/guide\\\/wp-content\\\/uploads\\\/2025\\\/05\\\/rachat2credit.png\",\"contentUrl\":\"https:\\\/\\\/rachat2credit.fr\\\/guide\\\/wp-content\\\/uploads\\\/2025\\\/05\\\/rachat2credit.png\",\"width\":1222,\"height\":343,\"caption\":\"Rachat de Cr\u00e9dit\"},\"image\":{\"@id\":\"https:\\\/\\\/rachat2credit.fr\\\/guide\\\/#\\\/schema\\\/logo\\\/image\\\/\"}},{\"@type\":\"Person\",\"@id\":\"https:\\\/\\\/rachat2credit.fr\\\/guide\\\/#\\\/schema\\\/person\\\/d4142086d07bc6acdc4722eabd955cc2\",\"name\":\"Aurelien Boulanger\",\"image\":{\"@type\":\"ImageObject\",\"inLanguage\":\"fr-FR\",\"@id\":\"https:\\\/\\\/secure.gravatar.com\\\/avatar\\\/32175434c9ca2b27bfeb905d1c3ec782a789caf494bc0ec8fa6ed0ee39c2e62a?s=96&d=mm&r=g\",\"url\":\"https:\\\/\\\/secure.gravatar.com\\\/avatar\\\/32175434c9ca2b27bfeb905d1c3ec782a789caf494bc0ec8fa6ed0ee39c2e62a?s=96&d=mm&r=g\",\"contentUrl\":\"https:\\\/\\\/secure.gravatar.com\\\/avatar\\\/32175434c9ca2b27bfeb905d1c3ec782a789caf494bc0ec8fa6ed0ee39c2e62a?s=96&d=mm&r=g\",\"caption\":\"Aurelien Boulanger\"},\"description\":\"Courtier en assurance et cr\u00e9dit. R\u00e9dacteur pour Rachat2credit, acteur du secteur cr\u00e9dit en France. Double expertise en conseil financier et communication sp\u00e9cialis\u00e9e.\",\"sameAs\":[\"https:\\\/\\\/rachat2credit.fr\\\/guide\"],\"url\":\"https:\\\/\\\/rachat2credit.fr\\\/guide\\\/author\\\/aurelien\\\/\"}]}<\/script>\n<!-- \/ Yoast SEO plugin. -->","yoast_head_json":{"title":"Sant\u00e9 : ces mesures drastiques en discussion qui vont faire grimper la facture \u201cje vais devoir payer 300 euros de plus par mois pour mes soins\u201d - Rachat de Cr\u00e9dit","robots":{"index":"index","follow":"follow","max-snippet":"max-snippet:-1","max-image-preview":"max-image-preview:large","max-video-preview":"max-video-preview:-1"},"canonical":"https:\/\/rachat2credit.fr\/guide\/sante-ces-mesures-drastiques-en-discussion-qui-vont-faire-grimper-la-facture-je-vais-devoir-payer-300-euros-de-plus-par-mois-pour-mes-soins\/","og_locale":"fr_FR","og_type":"article","og_title":"Sant\u00e9 : ces mesures drastiques en discussion qui vont faire grimper la facture \u201cje vais devoir payer 300 euros de plus par mois pour mes soins\u201d - Rachat de Cr\u00e9dit","og_description":"Sant\u00e9 : ces mesures drastiques en discussion qui pourraient alourdir votre budget. Alors que le gouvernement envisagerait une s\u00e9rie de r\u00e9formes pour \u00ab\u00a0sauver\u00a0\u00bb le syst\u00e8me de sant\u00e9, plusieurs pistes controvers\u00e9es sont sur la table, laissant craindre une hausse significative des d\u00e9penses pour les m\u00e9nages. Un geste de solidarit\u00e9 qui co\u00fbterait cher Parmi les mesures les ... Lire plus","og_url":"https:\/\/rachat2credit.fr\/guide\/sante-ces-mesures-drastiques-en-discussion-qui-vont-faire-grimper-la-facture-je-vais-devoir-payer-300-euros-de-plus-par-mois-pour-mes-soins\/","og_site_name":"Rachat de Cr\u00e9dit","article_published_time":"2025-08-23T09:16:18+00:00","og_image":[{"width":1344,"height":768,"url":"https:\/\/rachat2credit.fr\/guide\/wp-content\/uploads\/2025\/08\/flux-pro-1.1-1023-1755940589.jpg","type":"image\/jpeg"}],"author":"Aurelien Boulanger","twitter_card":"summary_large_image","twitter_misc":{"\u00c9crit par":"Aurelien Boulanger","Dur\u00e9e de lecture estim\u00e9e":"4 minutes"},"schema":{"@context":"https:\/\/schema.org","@graph":[{"@type":"NewsArticle","@id":"https:\/\/rachat2credit.fr\/guide\/sante-ces-mesures-drastiques-en-discussion-qui-vont-faire-grimper-la-facture-je-vais-devoir-payer-300-euros-de-plus-par-mois-pour-mes-soins\/#article","isPartOf":{"@id":"https:\/\/rachat2credit.fr\/guide\/sante-ces-mesures-drastiques-en-discussion-qui-vont-faire-grimper-la-facture-je-vais-devoir-payer-300-euros-de-plus-par-mois-pour-mes-soins\/"},"author":{"name":"Aurelien Boulanger","@id":"https:\/\/rachat2credit.fr\/guide\/#\/schema\/person\/d4142086d07bc6acdc4722eabd955cc2"},"headline":"Sant\u00e9 : ces mesures drastiques en discussion qui vont faire grimper la facture \u201cje vais devoir payer 300 euros de plus par mois pour mes soins\u201d","datePublished":"2025-08-23T09:16:18+00:00","mainEntityOfPage":{"@id":"https:\/\/rachat2credit.fr\/guide\/sante-ces-mesures-drastiques-en-discussion-qui-vont-faire-grimper-la-facture-je-vais-devoir-payer-300-euros-de-plus-par-mois-pour-mes-soins\/"},"wordCount":805,"commentCount":16,"publisher":{"@id":"https:\/\/rachat2credit.fr\/guide\/#organization"},"image":{"@id":"https:\/\/rachat2credit.fr\/guide\/sante-ces-mesures-drastiques-en-discussion-qui-vont-faire-grimper-la-facture-je-vais-devoir-payer-300-euros-de-plus-par-mois-pour-mes-soins\/#primaryimage"},"thumbnailUrl":"https:\/\/rachat2credit.fr\/guide\/wp-content\/uploads\/2025\/08\/flux-pro-1.1-1023-1755940589.jpg","articleSection":["A la une"],"inLanguage":"fr-FR","potentialAction":[{"@type":"CommentAction","name":"Comment","target":["https:\/\/rachat2credit.fr\/guide\/sante-ces-mesures-drastiques-en-discussion-qui-vont-faire-grimper-la-facture-je-vais-devoir-payer-300-euros-de-plus-par-mois-pour-mes-soins\/#respond"]}]},{"@type":"WebPage","@id":"https:\/\/rachat2credit.fr\/guide\/sante-ces-mesures-drastiques-en-discussion-qui-vont-faire-grimper-la-facture-je-vais-devoir-payer-300-euros-de-plus-par-mois-pour-mes-soins\/","url":"https:\/\/rachat2credit.fr\/guide\/sante-ces-mesures-drastiques-en-discussion-qui-vont-faire-grimper-la-facture-je-vais-devoir-payer-300-euros-de-plus-par-mois-pour-mes-soins\/","name":"Sant\u00e9 : ces mesures drastiques en discussion qui vont faire grimper la facture \u201cje vais devoir payer 300 euros de plus par mois pour mes soins\u201d - Rachat de Cr\u00e9dit","isPartOf":{"@id":"https:\/\/rachat2credit.fr\/guide\/#website"},"primaryImageOfPage":{"@id":"https:\/\/rachat2credit.fr\/guide\/sante-ces-mesures-drastiques-en-discussion-qui-vont-faire-grimper-la-facture-je-vais-devoir-payer-300-euros-de-plus-par-mois-pour-mes-soins\/#primaryimage"},"image":{"@id":"https:\/\/rachat2credit.fr\/guide\/sante-ces-mesures-drastiques-en-discussion-qui-vont-faire-grimper-la-facture-je-vais-devoir-payer-300-euros-de-plus-par-mois-pour-mes-soins\/#primaryimage"},"thumbnailUrl":"https:\/\/rachat2credit.fr\/guide\/wp-content\/uploads\/2025\/08\/flux-pro-1.1-1023-1755940589.jpg","datePublished":"2025-08-23T09:16:18+00:00","breadcrumb":{"@id":"https:\/\/rachat2credit.fr\/guide\/sante-ces-mesures-drastiques-en-discussion-qui-vont-faire-grimper-la-facture-je-vais-devoir-payer-300-euros-de-plus-par-mois-pour-mes-soins\/#breadcrumb"},"inLanguage":"fr-FR","potentialAction":[{"@type":"ReadAction","target":["https:\/\/rachat2credit.fr\/guide\/sante-ces-mesures-drastiques-en-discussion-qui-vont-faire-grimper-la-facture-je-vais-devoir-payer-300-euros-de-plus-par-mois-pour-mes-soins\/"]}]},{"@type":"ImageObject","inLanguage":"fr-FR","@id":"https:\/\/rachat2credit.fr\/guide\/sante-ces-mesures-drastiques-en-discussion-qui-vont-faire-grimper-la-facture-je-vais-devoir-payer-300-euros-de-plus-par-mois-pour-mes-soins\/#primaryimage","url":"https:\/\/rachat2credit.fr\/guide\/wp-content\/uploads\/2025\/08\/flux-pro-1.1-1023-1755940589.jpg","contentUrl":"https:\/\/rachat2credit.fr\/guide\/wp-content\/uploads\/2025\/08\/flux-pro-1.1-1023-1755940589.jpg","width":1344,"height":768},{"@type":"BreadcrumbList","@id":"https:\/\/rachat2credit.fr\/guide\/sante-ces-mesures-drastiques-en-discussion-qui-vont-faire-grimper-la-facture-je-vais-devoir-payer-300-euros-de-plus-par-mois-pour-mes-soins\/#breadcrumb","itemListElement":[{"@type":"ListItem","position":1,"name":"Accueil","item":"https:\/\/rachat2credit.fr\/guide\/"},{"@type":"ListItem","position":2,"name":"Sant\u00e9 : ces mesures drastiques en discussion qui vont faire grimper la facture \u201cje vais devoir payer 300 euros de plus par mois pour mes soins\u201d"}]},{"@type":"WebSite","@id":"https:\/\/rachat2credit.fr\/guide\/#website","url":"https:\/\/rachat2credit.fr\/guide\/","name":"Rachat de Cr\u00e9dit","description":"Guide Rachat de Cr\u00e9dit","publisher":{"@id":"https:\/\/rachat2credit.fr\/guide\/#organization"},"potentialAction":[{"@type":"SearchAction","target":{"@type":"EntryPoint","urlTemplate":"https:\/\/rachat2credit.fr\/guide\/?s={search_term_string}"},"query-input":{"@type":"PropertyValueSpecification","valueRequired":true,"valueName":"search_term_string"}}],"inLanguage":"fr-FR"},{"@type":"Organization","@id":"https:\/\/rachat2credit.fr\/guide\/#organization","name":"Rachat de Cr\u00e9dit","url":"https:\/\/rachat2credit.fr\/guide\/","logo":{"@type":"ImageObject","inLanguage":"fr-FR","@id":"https:\/\/rachat2credit.fr\/guide\/#\/schema\/logo\/image\/","url":"https:\/\/rachat2credit.fr\/guide\/wp-content\/uploads\/2025\/05\/rachat2credit.png","contentUrl":"https:\/\/rachat2credit.fr\/guide\/wp-content\/uploads\/2025\/05\/rachat2credit.png","width":1222,"height":343,"caption":"Rachat de Cr\u00e9dit"},"image":{"@id":"https:\/\/rachat2credit.fr\/guide\/#\/schema\/logo\/image\/"}},{"@type":"Person","@id":"https:\/\/rachat2credit.fr\/guide\/#\/schema\/person\/d4142086d07bc6acdc4722eabd955cc2","name":"Aurelien Boulanger","image":{"@type":"ImageObject","inLanguage":"fr-FR","@id":"https:\/\/secure.gravatar.com\/avatar\/32175434c9ca2b27bfeb905d1c3ec782a789caf494bc0ec8fa6ed0ee39c2e62a?s=96&d=mm&r=g","url":"https:\/\/secure.gravatar.com\/avatar\/32175434c9ca2b27bfeb905d1c3ec782a789caf494bc0ec8fa6ed0ee39c2e62a?s=96&d=mm&r=g","contentUrl":"https:\/\/secure.gravatar.com\/avatar\/32175434c9ca2b27bfeb905d1c3ec782a789caf494bc0ec8fa6ed0ee39c2e62a?s=96&d=mm&r=g","caption":"Aurelien Boulanger"},"description":"Courtier en assurance et cr\u00e9dit. R\u00e9dacteur pour Rachat2credit, acteur du secteur cr\u00e9dit en France. Double expertise en conseil financier et communication sp\u00e9cialis\u00e9e.","sameAs":["https:\/\/rachat2credit.fr\/guide"],"url":"https:\/\/rachat2credit.fr\/guide\/author\/aurelien\/"}]}},"_links":{"self":[{"href":"https:\/\/rachat2credit.fr\/guide\/wp-json\/wp\/v2\/posts\/1023","targetHints":{"allow":["GET"]}}],"collection":[{"href":"https:\/\/rachat2credit.fr\/guide\/wp-json\/wp\/v2\/posts"}],"about":[{"href":"https:\/\/rachat2credit.fr\/guide\/wp-json\/wp\/v2\/types\/post"}],"author":[{"embeddable":true,"href":"https:\/\/rachat2credit.fr\/guide\/wp-json\/wp\/v2\/users\/1"}],"replies":[{"embeddable":true,"href":"https:\/\/rachat2credit.fr\/guide\/wp-json\/wp\/v2\/comments?post=1023"}],"version-history":[{"count":0,"href":"https:\/\/rachat2credit.fr\/guide\/wp-json\/wp\/v2\/posts\/1023\/revisions"}],"wp:featuredmedia":[{"embeddable":true,"href":"https:\/\/rachat2credit.fr\/guide\/wp-json\/wp\/v2\/media\/1024"}],"wp:attachment":[{"href":"https:\/\/rachat2credit.fr\/guide\/wp-json\/wp\/v2\/media?parent=1023"}],"wp:term":[{"taxonomy":"category","embeddable":true,"href":"https:\/\/rachat2credit.fr\/guide\/wp-json\/wp\/v2\/categories?post=1023"},{"taxonomy":"post_tag","embeddable":true,"href":"https:\/\/rachat2credit.fr\/guide\/wp-json\/wp\/v2\/tags?post=1023"}],"curies":[{"name":"wp","href":"https:\/\/api.w.org\/{rel}","templated":true}]}}