{"id":1033,"date":"2025-08-23T18:46:19","date_gmt":"2025-08-23T16:46:19","guid":{"rendered":"https:\/\/rachat2credit.fr\/guide\/caf-ce-revenu-de-solidarite-meconnu-verse-avant-la-retraite-en-outre-mer-cette-aide-ma-sauvee-de-la-precarite-a-60-ans\/"},"modified":"2025-08-23T18:46:19","modified_gmt":"2025-08-23T16:46:19","slug":"caf-ce-revenu-de-solidarite-meconnu-verse-avant-la-retraite-en-outre-mer-cette-aide-ma-sauvee-de-la-precarite-a-60-ans","status":"publish","type":"post","link":"https:\/\/rachat2credit.fr\/guide\/caf-ce-revenu-de-solidarite-meconnu-verse-avant-la-retraite-en-outre-mer-cette-aide-ma-sauvee-de-la-precarite-a-60-ans\/","title":{"rendered":"CAF : ce revenu de solidarit\u00e9 m\u00e9connu vers\u00e9 avant la retraite en Outre-mer \u201ccette aide m\u2019a sauv\u00e9e de la pr\u00e9carit\u00e9 \u00e0 60 ans\u201d"},"content":{"rendered":"<p>Dans les d\u00e9partements d&rsquo;Outre-mer, une aide sociale m\u00e9connue pourrait changer la vie de nombreux futurs retrait\u00e9s. Le Revenu de Solidarit\u00e9 (RSO), vers\u00e9 par la CAF, repr\u00e9senterait un soutien financier crucial pour les personnes en pr\u00e9carit\u00e9 approchant de l&rsquo;\u00e2ge l\u00e9gal de la retraite.<\/p>\n<p>Cette allocation sp\u00e9cifique aux territoires ultramarins soul\u00e8verait de nombreuses interrogations parmi les b\u00e9n\u00e9ficiaires potentiels. \u00ab\u00a0Je n&rsquo;en avais jamais entendu parler avant qu&rsquo;une assistante sociale me en parle\u00a0\u00bb, confie Jean, 61 ans, r\u00e9sident de La R\u00e9union.<\/p>\n<p><strong>Un dispositif de solidarit\u00e9 territorialis\u00e9<\/strong><\/p>\n<p>Le RSO s&rsquo;inscrirait dans le cadre de la lutte contre la pauvret\u00e9 dans les d\u00e9partements d&rsquo;Outre-mer, o\u00f9 les taux de ch\u00f4mage et de pr\u00e9carit\u00e9 exc\u00e9deraient souvent la moyenne nationale. Selon les derni\u00e8res donn\u00e9es disponibles, ce dispositif concernerait plusieurs milliers de personnes dans les DOM.<\/p>\n<p>Les conditions d&rsquo;\u00e9ligibilit\u00e9 reposeraient sur des crit\u00e8res stricts : \u00e2ge proche de la retraite, ressources inf\u00e9rieures \u00e0 un plafond d\u00e9termin\u00e9 et r\u00e9sidence stable dans un d\u00e9partement d&rsquo;Outre-mer. Le montant de l&rsquo;allocation varierait selon la composition familiale et la situation particuli\u00e8re du demandeur.<\/p>\n<p><strong>T\u00e9moignage d&rsquo;une b\u00e9n\u00e9ficiaire surprise<\/strong><\/p>\n<p>Marie, 60 ans, habitante de Guadeloupe, raconte sa d\u00e9couverte fortuite de cette aide : \u00ab\u00a0Apr\u00e8s avoir perdu mon emploi, je pensais devoir attendre deux ans dans une situation tr\u00e8s difficile avant de pouvoir toucher ma retraite. La CAF m&rsquo;a orient\u00e9e vers le RSO. Cela a chang\u00e9 beaucoup de choses pour moi.\u00a0\u00bb<\/p>\n<p>Comme Marie, de nombreux ultramarins ignoreraient l&rsquo;existence de ce dispositif. Les complexit\u00e9s administratives et le manque d&rsquo;information contribueraient \u00e0 cette m\u00e9connaissance, privant potentiellement des milliers de personnes d&rsquo;une aide essentielle.<\/p>\n<p><strong>Les d\u00e9marches \u00e0 suivre<\/strong><\/p>\n<p>Pour pr\u00e9tendre au Revenu de Solidarit\u00e9, les int\u00e9ress\u00e9s devraient constituer un dossier complet aupr\u00e8s de leur CAF locale. La proc\u00e9dure impliquerait la production de plusieurs justificatifs : pi\u00e8ce d&rsquo;identit\u00e9, justificatif de domicile, attestation de ressources et situation familiale.<\/p>\n<p>Les d\u00e9lais d&rsquo;instruction pourraient varier selon les d\u00e9partements, mais une fois accord\u00e9, le versement serait r\u00e9troactif \u00e0 la date de d\u00e9p\u00f4t de la demande. Cette caract\u00e9ristique repr\u00e9senterait un avantage significatif pour les b\u00e9n\u00e9ficiaires souvent dans l&rsquo;urgence financi\u00e8re.<\/p>\n<p>Pour plus d&rsquo;informations officielles sur les conditions d&rsquo;attribution, les lecteurs peuvent consulter le <a href=\"https:\/\/www.service-public.fr\/particuliers\/vosdroits\/F2105\" target=\"_blank\" rel=\"noopener\">guide des aides sociales sur service-public.fr<\/a>.<\/p>\n<p><strong>Un impact limit\u00e9 par la m\u00e9connaissance<\/strong><\/p>\n<p>Malgr\u00e9 son utilit\u00e9 av\u00e9r\u00e9e, le RSO souffrirait d&rsquo;un d\u00e9ficit de notori\u00e9t\u00e9 pr\u00e9judiciable \u00e0 son efficacit\u00e9. Les travailleurs sociaux d\u00e9ploreraient le manque de campagnes d&rsquo;information cibl\u00e9es sur ce dispositif sp\u00e9cifique aux Outre-mer.<\/p>\n<p>Certains experts sugg\u00e9reraient que cette m\u00e9connaissance s&rsquo;inscrirait dans un ph\u00e9nom\u00e8ne plus large de complexit\u00e9 du syst\u00e8me des aides sociales, o\u00f9 de nombreux droits resteraient inexploit\u00e9s par les populations \u00e9ligibles.<\/p>\n<p><strong>Perspectives d&rsquo;\u00e9volution<\/strong><\/p>\n<p>Face \u00e0 ce constat, des voix s&rsquo;\u00e9l\u00e8veraient pour demander une simplification des d\u00e9marches et une meilleure communication sur l&rsquo;existence de cette aide. La digitalisation des services de la CAF pourrait repr\u00e9senter une opportunit\u00e9 pour am\u00e9liorer l&rsquo;accessibilit\u00e9 \u00e0 l&rsquo;information.<\/p>\n<p>Dans un contexte de vie ch\u00e8re particuli\u00e8rement marqu\u00e9 dans les Outre-mer, le Revenu de Solidarit\u00e9 pourrait constituer un filet de s\u00e9curit\u00e9 indispensable pour de nombreux futurs retrait\u00e9s. Sa promotion active deviendrait alors un enjeu social majeur pour les ann\u00e9es \u00e0 venir.<\/p>\n<p>Les personnes approchant de l&rsquo;\u00e2ge de la retraite dans les DOM gagneraient \u00e0 se renseigner syst\u00e9matiquement sur leur \u00e9ligibilit\u00e9 \u00e0 cette aide m\u00e9connue. Une simple d\u00e9marche en CAF pourrait ainsi r\u00e9v\u00e9ler des droits insoup\u00e7onn\u00e9s et changer significativement leur quotidien.<\/p>\n\n\n<div class=\"kk-star-ratings kksr-auto kksr-align-center kksr-valign-bottom\"\n    data-payload='{&quot;align&quot;:&quot;center&quot;,&quot;id&quot;:&quot;1033&quot;,&quot;slug&quot;:&quot;default&quot;,&quot;valign&quot;:&quot;bottom&quot;,&quot;ignore&quot;:&quot;&quot;,&quot;reference&quot;:&quot;auto&quot;,&quot;class&quot;:&quot;&quot;,&quot;count&quot;:&quot;0&quot;,&quot;legendonly&quot;:&quot;&quot;,&quot;readonly&quot;:&quot;&quot;,&quot;score&quot;:&quot;0&quot;,&quot;starsonly&quot;:&quot;&quot;,&quot;best&quot;:&quot;5&quot;,&quot;gap&quot;:&quot;5&quot;,&quot;greet&quot;:&quot;&quot;,&quot;legend&quot;:&quot;0\\\/5 - (0 vote)&quot;,&quot;size&quot;:&quot;24&quot;,&quot;title&quot;:&quot;CAF : ce revenu de solidarit\u00e9 m\u00e9connu vers\u00e9 avant la retraite en Outre-mer \u201ccette aide m\u2019a sauv\u00e9e de la pr\u00e9carit\u00e9 \u00e0 60 ans\u201d&quot;,&quot;width&quot;:&quot;0&quot;,&quot;_legend&quot;:&quot;{score}\\\/{best} - ({count} {votes})&quot;,&quot;font_factor&quot;:&quot;1.25&quot;}'>\n            \n<div class=\"kksr-stars\">\n    \n<div class=\"kksr-stars-inactive\">\n            <div class=\"kksr-star\" data-star=\"1\" style=\"padding-right: 5px\">\n            \n\n<div class=\"kksr-icon\" style=\"width: 24px; height: 24px;\"><\/div>\n        <\/div>\n            <div class=\"kksr-star\" data-star=\"2\" style=\"padding-right: 5px\">\n            \n\n<div class=\"kksr-icon\" style=\"width: 24px; height: 24px;\"><\/div>\n        <\/div>\n            <div class=\"kksr-star\" data-star=\"3\" style=\"padding-right: 5px\">\n            \n\n<div class=\"kksr-icon\" style=\"width: 24px; height: 24px;\"><\/div>\n        <\/div>\n            <div class=\"kksr-star\" data-star=\"4\" style=\"padding-right: 5px\">\n            \n\n<div class=\"kksr-icon\" style=\"width: 24px; height: 24px;\"><\/div>\n        <\/div>\n            <div class=\"kksr-star\" data-star=\"5\" style=\"padding-right: 5px\">\n            \n\n<div class=\"kksr-icon\" style=\"width: 24px; height: 24px;\"><\/div>\n        <\/div>\n    <\/div>\n    \n<div class=\"kksr-stars-active\" style=\"width: 0px;\">\n            <div class=\"kksr-star\" style=\"padding-right: 5px\">\n            \n\n<div class=\"kksr-icon\" style=\"width: 24px; height: 24px;\"><\/div>\n        <\/div>\n            <div class=\"kksr-star\" style=\"padding-right: 5px\">\n            \n\n<div class=\"kksr-icon\" style=\"width: 24px; height: 24px;\"><\/div>\n        <\/div>\n            <div class=\"kksr-star\" style=\"padding-right: 5px\">\n            \n\n<div class=\"kksr-icon\" style=\"width: 24px; height: 24px;\"><\/div>\n        <\/div>\n            <div class=\"kksr-star\" style=\"padding-right: 5px\">\n            \n\n<div class=\"kksr-icon\" style=\"width: 24px; height: 24px;\"><\/div>\n        <\/div>\n            <div class=\"kksr-star\" style=\"padding-right: 5px\">\n            \n\n<div class=\"kksr-icon\" style=\"width: 24px; height: 24px;\"><\/div>\n        <\/div>\n    <\/div>\n<\/div>\n                \n\n<div class=\"kksr-legend\" style=\"font-size: 19.2px;\">\n            <span class=\"kksr-muted\"><\/span>\n    <\/div>\n    <\/div>\n","protected":false},"excerpt":{"rendered":"<p>Dans les d\u00e9partements d&rsquo;Outre-mer, une aide sociale m\u00e9connue pourrait changer la vie de nombreux futurs retrait\u00e9s. Le Revenu de Solidarit\u00e9 (RSO), vers\u00e9 par la CAF, repr\u00e9senterait un soutien financier crucial pour les personnes en pr\u00e9carit\u00e9 approchant de l&rsquo;\u00e2ge l\u00e9gal de la retraite. Cette allocation sp\u00e9cifique aux territoires ultramarins soul\u00e8verait de nombreuses interrogations parmi les b\u00e9n\u00e9ficiaires &#8230; <a title=\"CAF : ce revenu de solidarit\u00e9 m\u00e9connu vers\u00e9 avant la retraite en Outre-mer \u201ccette aide m\u2019a sauv\u00e9e de la pr\u00e9carit\u00e9 \u00e0 60 ans\u201d\" class=\"read-more\" href=\"https:\/\/rachat2credit.fr\/guide\/caf-ce-revenu-de-solidarite-meconnu-verse-avant-la-retraite-en-outre-mer-cette-aide-ma-sauvee-de-la-precarite-a-60-ans\/\" aria-label=\"En savoir plus sur CAF : ce revenu de solidarit\u00e9 m\u00e9connu vers\u00e9 avant la retraite en Outre-mer \u201ccette aide m\u2019a sauv\u00e9e de la pr\u00e9carit\u00e9 \u00e0 60 ans\u201d\">Lire plus<\/a><\/p>\n","protected":false},"author":1,"featured_media":1034,"comment_status":"open","ping_status":"open","sticky":false,"template":"","format":"standard","meta":{"footnotes":""},"categories":[8],"tags":[],"class_list":["post-1033","post","type-post","status-publish","format-standard","has-post-thumbnail","hentry","category-a-la-une"],"yoast_head":"<!-- This site is optimized with the Yoast SEO plugin v27.5 - https:\/\/yoast.com\/product\/yoast-seo-wordpress\/ -->\n<title>CAF : ce revenu de solidarit\u00e9 m\u00e9connu vers\u00e9 avant la retraite en Outre-mer \u201ccette aide m\u2019a sauv\u00e9e de la pr\u00e9carit\u00e9 \u00e0 60 ans\u201d - Rachat de Cr\u00e9dit<\/title>\n<meta name=\"robots\" content=\"index, follow, max-snippet:-1, max-image-preview:large, max-video-preview:-1\" \/>\n<link rel=\"canonical\" href=\"https:\/\/rachat2credit.fr\/guide\/caf-ce-revenu-de-solidarite-meconnu-verse-avant-la-retraite-en-outre-mer-cette-aide-ma-sauvee-de-la-precarite-a-60-ans\/\" \/>\n<meta property=\"og:locale\" content=\"fr_FR\" \/>\n<meta property=\"og:type\" content=\"article\" \/>\n<meta property=\"og:title\" content=\"CAF : ce revenu de solidarit\u00e9 m\u00e9connu vers\u00e9 avant la retraite en Outre-mer \u201ccette aide m\u2019a sauv\u00e9e de la pr\u00e9carit\u00e9 \u00e0 60 ans\u201d - Rachat de Cr\u00e9dit\" \/>\n<meta property=\"og:description\" content=\"Dans les d\u00e9partements d&rsquo;Outre-mer, une aide sociale m\u00e9connue pourrait changer la vie de nombreux futurs retrait\u00e9s. Le Revenu de Solidarit\u00e9 (RSO), vers\u00e9 par la CAF, repr\u00e9senterait un soutien financier crucial pour les personnes en pr\u00e9carit\u00e9 approchant de l&rsquo;\u00e2ge l\u00e9gal de la retraite. Cette allocation sp\u00e9cifique aux territoires ultramarins soul\u00e8verait de nombreuses interrogations parmi les b\u00e9n\u00e9ficiaires ... Lire plus\" \/>\n<meta property=\"og:url\" content=\"https:\/\/rachat2credit.fr\/guide\/caf-ce-revenu-de-solidarite-meconnu-verse-avant-la-retraite-en-outre-mer-cette-aide-ma-sauvee-de-la-precarite-a-60-ans\/\" \/>\n<meta property=\"og:site_name\" content=\"Rachat de Cr\u00e9dit\" \/>\n<meta property=\"article:published_time\" content=\"2025-08-23T16:46:19+00:00\" \/>\n<meta property=\"og:image\" content=\"https:\/\/rachat2credit.fr\/guide\/wp-content\/uploads\/2025\/08\/flux-pro-1.1-1033-1755967589.jpg\" \/>\n\t<meta property=\"og:image:width\" content=\"1344\" \/>\n\t<meta property=\"og:image:height\" content=\"768\" \/>\n\t<meta property=\"og:image:type\" content=\"image\/jpeg\" \/>\n<meta name=\"author\" content=\"Aurelien Boulanger\" \/>\n<meta name=\"twitter:card\" content=\"summary_large_image\" \/>\n<meta name=\"twitter:label1\" content=\"\u00c9crit par\" \/>\n\t<meta name=\"twitter:data1\" content=\"Aurelien Boulanger\" \/>\n\t<meta name=\"twitter:label2\" content=\"Dur\u00e9e de lecture estim\u00e9e\" \/>\n\t<meta name=\"twitter:data2\" content=\"3 minutes\" \/>\n<script type=\"application\/ld+json\" class=\"yoast-schema-graph\">{\"@context\":\"https:\\\/\\\/schema.org\",\"@graph\":[{\"@type\":\"NewsArticle\",\"@id\":\"https:\\\/\\\/rachat2credit.fr\\\/guide\\\/caf-ce-revenu-de-solidarite-meconnu-verse-avant-la-retraite-en-outre-mer-cette-aide-ma-sauvee-de-la-precarite-a-60-ans\\\/#article\",\"isPartOf\":{\"@id\":\"https:\\\/\\\/rachat2credit.fr\\\/guide\\\/caf-ce-revenu-de-solidarite-meconnu-verse-avant-la-retraite-en-outre-mer-cette-aide-ma-sauvee-de-la-precarite-a-60-ans\\\/\"},\"author\":{\"name\":\"Aurelien Boulanger\",\"@id\":\"https:\\\/\\\/rachat2credit.fr\\\/guide\\\/#\\\/schema\\\/person\\\/d4142086d07bc6acdc4722eabd955cc2\"},\"headline\":\"CAF : ce revenu de solidarit\u00e9 m\u00e9connu vers\u00e9 avant la retraite en Outre-mer \u201ccette aide m\u2019a sauv\u00e9e de la pr\u00e9carit\u00e9 \u00e0 60 ans\u201d\",\"datePublished\":\"2025-08-23T16:46:19+00:00\",\"mainEntityOfPage\":{\"@id\":\"https:\\\/\\\/rachat2credit.fr\\\/guide\\\/caf-ce-revenu-de-solidarite-meconnu-verse-avant-la-retraite-en-outre-mer-cette-aide-ma-sauvee-de-la-precarite-a-60-ans\\\/\"},\"wordCount\":656,\"commentCount\":19,\"publisher\":{\"@id\":\"https:\\\/\\\/rachat2credit.fr\\\/guide\\\/#organization\"},\"image\":{\"@id\":\"https:\\\/\\\/rachat2credit.fr\\\/guide\\\/caf-ce-revenu-de-solidarite-meconnu-verse-avant-la-retraite-en-outre-mer-cette-aide-ma-sauvee-de-la-precarite-a-60-ans\\\/#primaryimage\"},\"thumbnailUrl\":\"https:\\\/\\\/rachat2credit.fr\\\/guide\\\/wp-content\\\/uploads\\\/2025\\\/08\\\/flux-pro-1.1-1033-1755967589.jpg\",\"articleSection\":[\"A la une\"],\"inLanguage\":\"fr-FR\",\"potentialAction\":[{\"@type\":\"CommentAction\",\"name\":\"Comment\",\"target\":[\"https:\\\/\\\/rachat2credit.fr\\\/guide\\\/caf-ce-revenu-de-solidarite-meconnu-verse-avant-la-retraite-en-outre-mer-cette-aide-ma-sauvee-de-la-precarite-a-60-ans\\\/#respond\"]}]},{\"@type\":\"WebPage\",\"@id\":\"https:\\\/\\\/rachat2credit.fr\\\/guide\\\/caf-ce-revenu-de-solidarite-meconnu-verse-avant-la-retraite-en-outre-mer-cette-aide-ma-sauvee-de-la-precarite-a-60-ans\\\/\",\"url\":\"https:\\\/\\\/rachat2credit.fr\\\/guide\\\/caf-ce-revenu-de-solidarite-meconnu-verse-avant-la-retraite-en-outre-mer-cette-aide-ma-sauvee-de-la-precarite-a-60-ans\\\/\",\"name\":\"CAF : ce revenu de solidarit\u00e9 m\u00e9connu vers\u00e9 avant la retraite en Outre-mer \u201ccette aide m\u2019a sauv\u00e9e de la pr\u00e9carit\u00e9 \u00e0 60 ans\u201d - Rachat de Cr\u00e9dit\",\"isPartOf\":{\"@id\":\"https:\\\/\\\/rachat2credit.fr\\\/guide\\\/#website\"},\"primaryImageOfPage\":{\"@id\":\"https:\\\/\\\/rachat2credit.fr\\\/guide\\\/caf-ce-revenu-de-solidarite-meconnu-verse-avant-la-retraite-en-outre-mer-cette-aide-ma-sauvee-de-la-precarite-a-60-ans\\\/#primaryimage\"},\"image\":{\"@id\":\"https:\\\/\\\/rachat2credit.fr\\\/guide\\\/caf-ce-revenu-de-solidarite-meconnu-verse-avant-la-retraite-en-outre-mer-cette-aide-ma-sauvee-de-la-precarite-a-60-ans\\\/#primaryimage\"},\"thumbnailUrl\":\"https:\\\/\\\/rachat2credit.fr\\\/guide\\\/wp-content\\\/uploads\\\/2025\\\/08\\\/flux-pro-1.1-1033-1755967589.jpg\",\"datePublished\":\"2025-08-23T16:46:19+00:00\",\"breadcrumb\":{\"@id\":\"https:\\\/\\\/rachat2credit.fr\\\/guide\\\/caf-ce-revenu-de-solidarite-meconnu-verse-avant-la-retraite-en-outre-mer-cette-aide-ma-sauvee-de-la-precarite-a-60-ans\\\/#breadcrumb\"},\"inLanguage\":\"fr-FR\",\"potentialAction\":[{\"@type\":\"ReadAction\",\"target\":[\"https:\\\/\\\/rachat2credit.fr\\\/guide\\\/caf-ce-revenu-de-solidarite-meconnu-verse-avant-la-retraite-en-outre-mer-cette-aide-ma-sauvee-de-la-precarite-a-60-ans\\\/\"]}]},{\"@type\":\"ImageObject\",\"inLanguage\":\"fr-FR\",\"@id\":\"https:\\\/\\\/rachat2credit.fr\\\/guide\\\/caf-ce-revenu-de-solidarite-meconnu-verse-avant-la-retraite-en-outre-mer-cette-aide-ma-sauvee-de-la-precarite-a-60-ans\\\/#primaryimage\",\"url\":\"https:\\\/\\\/rachat2credit.fr\\\/guide\\\/wp-content\\\/uploads\\\/2025\\\/08\\\/flux-pro-1.1-1033-1755967589.jpg\",\"contentUrl\":\"https:\\\/\\\/rachat2credit.fr\\\/guide\\\/wp-content\\\/uploads\\\/2025\\\/08\\\/flux-pro-1.1-1033-1755967589.jpg\",\"width\":1344,\"height\":768},{\"@type\":\"BreadcrumbList\",\"@id\":\"https:\\\/\\\/rachat2credit.fr\\\/guide\\\/caf-ce-revenu-de-solidarite-meconnu-verse-avant-la-retraite-en-outre-mer-cette-aide-ma-sauvee-de-la-precarite-a-60-ans\\\/#breadcrumb\",\"itemListElement\":[{\"@type\":\"ListItem\",\"position\":1,\"name\":\"Accueil\",\"item\":\"https:\\\/\\\/rachat2credit.fr\\\/guide\\\/\"},{\"@type\":\"ListItem\",\"position\":2,\"name\":\"CAF : ce revenu de solidarit\u00e9 m\u00e9connu vers\u00e9 avant la retraite en Outre-mer \u201ccette aide m\u2019a sauv\u00e9e de la pr\u00e9carit\u00e9 \u00e0 60 ans\u201d\"}]},{\"@type\":\"WebSite\",\"@id\":\"https:\\\/\\\/rachat2credit.fr\\\/guide\\\/#website\",\"url\":\"https:\\\/\\\/rachat2credit.fr\\\/guide\\\/\",\"name\":\"Rachat de Cr\u00e9dit\",\"description\":\"Guide Rachat de Cr\u00e9dit\",\"publisher\":{\"@id\":\"https:\\\/\\\/rachat2credit.fr\\\/guide\\\/#organization\"},\"potentialAction\":[{\"@type\":\"SearchAction\",\"target\":{\"@type\":\"EntryPoint\",\"urlTemplate\":\"https:\\\/\\\/rachat2credit.fr\\\/guide\\\/?s={search_term_string}\"},\"query-input\":{\"@type\":\"PropertyValueSpecification\",\"valueRequired\":true,\"valueName\":\"search_term_string\"}}],\"inLanguage\":\"fr-FR\"},{\"@type\":\"Organization\",\"@id\":\"https:\\\/\\\/rachat2credit.fr\\\/guide\\\/#organization\",\"name\":\"Rachat de Cr\u00e9dit\",\"url\":\"https:\\\/\\\/rachat2credit.fr\\\/guide\\\/\",\"logo\":{\"@type\":\"ImageObject\",\"inLanguage\":\"fr-FR\",\"@id\":\"https:\\\/\\\/rachat2credit.fr\\\/guide\\\/#\\\/schema\\\/logo\\\/image\\\/\",\"url\":\"https:\\\/\\\/rachat2credit.fr\\\/guide\\\/wp-content\\\/uploads\\\/2025\\\/05\\\/rachat2credit.png\",\"contentUrl\":\"https:\\\/\\\/rachat2credit.fr\\\/guide\\\/wp-content\\\/uploads\\\/2025\\\/05\\\/rachat2credit.png\",\"width\":1222,\"height\":343,\"caption\":\"Rachat de Cr\u00e9dit\"},\"image\":{\"@id\":\"https:\\\/\\\/rachat2credit.fr\\\/guide\\\/#\\\/schema\\\/logo\\\/image\\\/\"}},{\"@type\":\"Person\",\"@id\":\"https:\\\/\\\/rachat2credit.fr\\\/guide\\\/#\\\/schema\\\/person\\\/d4142086d07bc6acdc4722eabd955cc2\",\"name\":\"Aurelien Boulanger\",\"image\":{\"@type\":\"ImageObject\",\"inLanguage\":\"fr-FR\",\"@id\":\"https:\\\/\\\/secure.gravatar.com\\\/avatar\\\/32175434c9ca2b27bfeb905d1c3ec782a789caf494bc0ec8fa6ed0ee39c2e62a?s=96&d=mm&r=g\",\"url\":\"https:\\\/\\\/secure.gravatar.com\\\/avatar\\\/32175434c9ca2b27bfeb905d1c3ec782a789caf494bc0ec8fa6ed0ee39c2e62a?s=96&d=mm&r=g\",\"contentUrl\":\"https:\\\/\\\/secure.gravatar.com\\\/avatar\\\/32175434c9ca2b27bfeb905d1c3ec782a789caf494bc0ec8fa6ed0ee39c2e62a?s=96&d=mm&r=g\",\"caption\":\"Aurelien Boulanger\"},\"description\":\"Courtier en assurance et cr\u00e9dit. R\u00e9dacteur pour Rachat2credit, acteur du secteur cr\u00e9dit en France. Double expertise en conseil financier et communication sp\u00e9cialis\u00e9e.\",\"sameAs\":[\"https:\\\/\\\/rachat2credit.fr\\\/guide\"],\"url\":\"https:\\\/\\\/rachat2credit.fr\\\/guide\\\/author\\\/aurelien\\\/\"}]}<\/script>\n<!-- \/ Yoast SEO plugin. -->","yoast_head_json":{"title":"CAF : ce revenu de solidarit\u00e9 m\u00e9connu vers\u00e9 avant la retraite en Outre-mer \u201ccette aide m\u2019a sauv\u00e9e de la pr\u00e9carit\u00e9 \u00e0 60 ans\u201d - Rachat de Cr\u00e9dit","robots":{"index":"index","follow":"follow","max-snippet":"max-snippet:-1","max-image-preview":"max-image-preview:large","max-video-preview":"max-video-preview:-1"},"canonical":"https:\/\/rachat2credit.fr\/guide\/caf-ce-revenu-de-solidarite-meconnu-verse-avant-la-retraite-en-outre-mer-cette-aide-ma-sauvee-de-la-precarite-a-60-ans\/","og_locale":"fr_FR","og_type":"article","og_title":"CAF : ce revenu de solidarit\u00e9 m\u00e9connu vers\u00e9 avant la retraite en Outre-mer \u201ccette aide m\u2019a sauv\u00e9e de la pr\u00e9carit\u00e9 \u00e0 60 ans\u201d - Rachat de Cr\u00e9dit","og_description":"Dans les d\u00e9partements d&rsquo;Outre-mer, une aide sociale m\u00e9connue pourrait changer la vie de nombreux futurs retrait\u00e9s. Le Revenu de Solidarit\u00e9 (RSO), vers\u00e9 par la CAF, repr\u00e9senterait un soutien financier crucial pour les personnes en pr\u00e9carit\u00e9 approchant de l&rsquo;\u00e2ge l\u00e9gal de la retraite. Cette allocation sp\u00e9cifique aux territoires ultramarins soul\u00e8verait de nombreuses interrogations parmi les b\u00e9n\u00e9ficiaires ... Lire plus","og_url":"https:\/\/rachat2credit.fr\/guide\/caf-ce-revenu-de-solidarite-meconnu-verse-avant-la-retraite-en-outre-mer-cette-aide-ma-sauvee-de-la-precarite-a-60-ans\/","og_site_name":"Rachat de Cr\u00e9dit","article_published_time":"2025-08-23T16:46:19+00:00","og_image":[{"width":1344,"height":768,"url":"https:\/\/rachat2credit.fr\/guide\/wp-content\/uploads\/2025\/08\/flux-pro-1.1-1033-1755967589.jpg","type":"image\/jpeg"}],"author":"Aurelien Boulanger","twitter_card":"summary_large_image","twitter_misc":{"\u00c9crit par":"Aurelien Boulanger","Dur\u00e9e de lecture estim\u00e9e":"3 minutes"},"schema":{"@context":"https:\/\/schema.org","@graph":[{"@type":"NewsArticle","@id":"https:\/\/rachat2credit.fr\/guide\/caf-ce-revenu-de-solidarite-meconnu-verse-avant-la-retraite-en-outre-mer-cette-aide-ma-sauvee-de-la-precarite-a-60-ans\/#article","isPartOf":{"@id":"https:\/\/rachat2credit.fr\/guide\/caf-ce-revenu-de-solidarite-meconnu-verse-avant-la-retraite-en-outre-mer-cette-aide-ma-sauvee-de-la-precarite-a-60-ans\/"},"author":{"name":"Aurelien Boulanger","@id":"https:\/\/rachat2credit.fr\/guide\/#\/schema\/person\/d4142086d07bc6acdc4722eabd955cc2"},"headline":"CAF : ce revenu de solidarit\u00e9 m\u00e9connu vers\u00e9 avant la retraite en Outre-mer \u201ccette aide m\u2019a sauv\u00e9e de la pr\u00e9carit\u00e9 \u00e0 60 ans\u201d","datePublished":"2025-08-23T16:46:19+00:00","mainEntityOfPage":{"@id":"https:\/\/rachat2credit.fr\/guide\/caf-ce-revenu-de-solidarite-meconnu-verse-avant-la-retraite-en-outre-mer-cette-aide-ma-sauvee-de-la-precarite-a-60-ans\/"},"wordCount":656,"commentCount":19,"publisher":{"@id":"https:\/\/rachat2credit.fr\/guide\/#organization"},"image":{"@id":"https:\/\/rachat2credit.fr\/guide\/caf-ce-revenu-de-solidarite-meconnu-verse-avant-la-retraite-en-outre-mer-cette-aide-ma-sauvee-de-la-precarite-a-60-ans\/#primaryimage"},"thumbnailUrl":"https:\/\/rachat2credit.fr\/guide\/wp-content\/uploads\/2025\/08\/flux-pro-1.1-1033-1755967589.jpg","articleSection":["A la une"],"inLanguage":"fr-FR","potentialAction":[{"@type":"CommentAction","name":"Comment","target":["https:\/\/rachat2credit.fr\/guide\/caf-ce-revenu-de-solidarite-meconnu-verse-avant-la-retraite-en-outre-mer-cette-aide-ma-sauvee-de-la-precarite-a-60-ans\/#respond"]}]},{"@type":"WebPage","@id":"https:\/\/rachat2credit.fr\/guide\/caf-ce-revenu-de-solidarite-meconnu-verse-avant-la-retraite-en-outre-mer-cette-aide-ma-sauvee-de-la-precarite-a-60-ans\/","url":"https:\/\/rachat2credit.fr\/guide\/caf-ce-revenu-de-solidarite-meconnu-verse-avant-la-retraite-en-outre-mer-cette-aide-ma-sauvee-de-la-precarite-a-60-ans\/","name":"CAF : ce revenu de solidarit\u00e9 m\u00e9connu vers\u00e9 avant la retraite en Outre-mer \u201ccette aide m\u2019a sauv\u00e9e de la pr\u00e9carit\u00e9 \u00e0 60 ans\u201d - Rachat de Cr\u00e9dit","isPartOf":{"@id":"https:\/\/rachat2credit.fr\/guide\/#website"},"primaryImageOfPage":{"@id":"https:\/\/rachat2credit.fr\/guide\/caf-ce-revenu-de-solidarite-meconnu-verse-avant-la-retraite-en-outre-mer-cette-aide-ma-sauvee-de-la-precarite-a-60-ans\/#primaryimage"},"image":{"@id":"https:\/\/rachat2credit.fr\/guide\/caf-ce-revenu-de-solidarite-meconnu-verse-avant-la-retraite-en-outre-mer-cette-aide-ma-sauvee-de-la-precarite-a-60-ans\/#primaryimage"},"thumbnailUrl":"https:\/\/rachat2credit.fr\/guide\/wp-content\/uploads\/2025\/08\/flux-pro-1.1-1033-1755967589.jpg","datePublished":"2025-08-23T16:46:19+00:00","breadcrumb":{"@id":"https:\/\/rachat2credit.fr\/guide\/caf-ce-revenu-de-solidarite-meconnu-verse-avant-la-retraite-en-outre-mer-cette-aide-ma-sauvee-de-la-precarite-a-60-ans\/#breadcrumb"},"inLanguage":"fr-FR","potentialAction":[{"@type":"ReadAction","target":["https:\/\/rachat2credit.fr\/guide\/caf-ce-revenu-de-solidarite-meconnu-verse-avant-la-retraite-en-outre-mer-cette-aide-ma-sauvee-de-la-precarite-a-60-ans\/"]}]},{"@type":"ImageObject","inLanguage":"fr-FR","@id":"https:\/\/rachat2credit.fr\/guide\/caf-ce-revenu-de-solidarite-meconnu-verse-avant-la-retraite-en-outre-mer-cette-aide-ma-sauvee-de-la-precarite-a-60-ans\/#primaryimage","url":"https:\/\/rachat2credit.fr\/guide\/wp-content\/uploads\/2025\/08\/flux-pro-1.1-1033-1755967589.jpg","contentUrl":"https:\/\/rachat2credit.fr\/guide\/wp-content\/uploads\/2025\/08\/flux-pro-1.1-1033-1755967589.jpg","width":1344,"height":768},{"@type":"BreadcrumbList","@id":"https:\/\/rachat2credit.fr\/guide\/caf-ce-revenu-de-solidarite-meconnu-verse-avant-la-retraite-en-outre-mer-cette-aide-ma-sauvee-de-la-precarite-a-60-ans\/#breadcrumb","itemListElement":[{"@type":"ListItem","position":1,"name":"Accueil","item":"https:\/\/rachat2credit.fr\/guide\/"},{"@type":"ListItem","position":2,"name":"CAF : ce revenu de solidarit\u00e9 m\u00e9connu vers\u00e9 avant la retraite en Outre-mer \u201ccette aide m\u2019a sauv\u00e9e de la pr\u00e9carit\u00e9 \u00e0 60 ans\u201d"}]},{"@type":"WebSite","@id":"https:\/\/rachat2credit.fr\/guide\/#website","url":"https:\/\/rachat2credit.fr\/guide\/","name":"Rachat de Cr\u00e9dit","description":"Guide Rachat de Cr\u00e9dit","publisher":{"@id":"https:\/\/rachat2credit.fr\/guide\/#organization"},"potentialAction":[{"@type":"SearchAction","target":{"@type":"EntryPoint","urlTemplate":"https:\/\/rachat2credit.fr\/guide\/?s={search_term_string}"},"query-input":{"@type":"PropertyValueSpecification","valueRequired":true,"valueName":"search_term_string"}}],"inLanguage":"fr-FR"},{"@type":"Organization","@id":"https:\/\/rachat2credit.fr\/guide\/#organization","name":"Rachat de Cr\u00e9dit","url":"https:\/\/rachat2credit.fr\/guide\/","logo":{"@type":"ImageObject","inLanguage":"fr-FR","@id":"https:\/\/rachat2credit.fr\/guide\/#\/schema\/logo\/image\/","url":"https:\/\/rachat2credit.fr\/guide\/wp-content\/uploads\/2025\/05\/rachat2credit.png","contentUrl":"https:\/\/rachat2credit.fr\/guide\/wp-content\/uploads\/2025\/05\/rachat2credit.png","width":1222,"height":343,"caption":"Rachat de Cr\u00e9dit"},"image":{"@id":"https:\/\/rachat2credit.fr\/guide\/#\/schema\/logo\/image\/"}},{"@type":"Person","@id":"https:\/\/rachat2credit.fr\/guide\/#\/schema\/person\/d4142086d07bc6acdc4722eabd955cc2","name":"Aurelien Boulanger","image":{"@type":"ImageObject","inLanguage":"fr-FR","@id":"https:\/\/secure.gravatar.com\/avatar\/32175434c9ca2b27bfeb905d1c3ec782a789caf494bc0ec8fa6ed0ee39c2e62a?s=96&d=mm&r=g","url":"https:\/\/secure.gravatar.com\/avatar\/32175434c9ca2b27bfeb905d1c3ec782a789caf494bc0ec8fa6ed0ee39c2e62a?s=96&d=mm&r=g","contentUrl":"https:\/\/secure.gravatar.com\/avatar\/32175434c9ca2b27bfeb905d1c3ec782a789caf494bc0ec8fa6ed0ee39c2e62a?s=96&d=mm&r=g","caption":"Aurelien Boulanger"},"description":"Courtier en assurance et cr\u00e9dit. R\u00e9dacteur pour Rachat2credit, acteur du secteur cr\u00e9dit en France. Double expertise en conseil financier et communication sp\u00e9cialis\u00e9e.","sameAs":["https:\/\/rachat2credit.fr\/guide"],"url":"https:\/\/rachat2credit.fr\/guide\/author\/aurelien\/"}]}},"_links":{"self":[{"href":"https:\/\/rachat2credit.fr\/guide\/wp-json\/wp\/v2\/posts\/1033","targetHints":{"allow":["GET"]}}],"collection":[{"href":"https:\/\/rachat2credit.fr\/guide\/wp-json\/wp\/v2\/posts"}],"about":[{"href":"https:\/\/rachat2credit.fr\/guide\/wp-json\/wp\/v2\/types\/post"}],"author":[{"embeddable":true,"href":"https:\/\/rachat2credit.fr\/guide\/wp-json\/wp\/v2\/users\/1"}],"replies":[{"embeddable":true,"href":"https:\/\/rachat2credit.fr\/guide\/wp-json\/wp\/v2\/comments?post=1033"}],"version-history":[{"count":0,"href":"https:\/\/rachat2credit.fr\/guide\/wp-json\/wp\/v2\/posts\/1033\/revisions"}],"wp:featuredmedia":[{"embeddable":true,"href":"https:\/\/rachat2credit.fr\/guide\/wp-json\/wp\/v2\/media\/1034"}],"wp:attachment":[{"href":"https:\/\/rachat2credit.fr\/guide\/wp-json\/wp\/v2\/media?parent=1033"}],"wp:term":[{"taxonomy":"category","embeddable":true,"href":"https:\/\/rachat2credit.fr\/guide\/wp-json\/wp\/v2\/categories?post=1033"},{"taxonomy":"post_tag","embeddable":true,"href":"https:\/\/rachat2credit.fr\/guide\/wp-json\/wp\/v2\/tags?post=1033"}],"curies":[{"name":"wp","href":"https:\/\/api.w.org\/{rel}","templated":true}]}}