{"id":1041,"date":"2025-08-24T11:16:16","date_gmt":"2025-08-24T09:16:16","guid":{"rendered":"https:\/\/rachat2credit.fr\/guide\/immobilier-a-clermont-ferrand-la-progression-moderee-des-prix-en-aout-2025-cache-une-realite-explosive-on-a-achete-par-peur-de-ne-plus-pouvoir-le-faire\/"},"modified":"2025-08-24T11:16:16","modified_gmt":"2025-08-24T09:16:16","slug":"immobilier-a-clermont-ferrand-la-progression-moderee-des-prix-en-aout-2025-cache-une-realite-explosive-on-a-achete-par-peur-de-ne-plus-pouvoir-le-faire","status":"publish","type":"post","link":"https:\/\/rachat2credit.fr\/guide\/immobilier-a-clermont-ferrand-la-progression-moderee-des-prix-en-aout-2025-cache-une-realite-explosive-on-a-achete-par-peur-de-ne-plus-pouvoir-le-faire\/","title":{"rendered":"Immobilier \u00e0 Clermont-Ferrand : la progression mod\u00e9r\u00e9e des prix en ao\u00fbt 2025 cache une r\u00e9alit\u00e9 explosive \u201con a achet\u00e9 par peur de ne plus pouvoir le faire\u201d"},"content":{"rendered":"<p>L&rsquo;immobilier clermontois pourrait conna\u00eetre une progression mod\u00e9r\u00e9e de ses prix en ao\u00fbt 2025, selon plusieurs observateurs du march\u00e9. Cette tendance, si elle se confirme, marquerait un infl\u00e9chissement par rapport aux fortes hausses enregistr\u00e9es ces derni\u00e8res ann\u00e9es.<\/p>\n<p>Dans les rues de Clermont-Ferrand, l&rsquo;immobilier suscite toujours autant de conversations. \u00ab\u00a0Nous cherchons \u00e0 acheter depuis six mois et nous remarquons que les prix semblent se stabiliser\u00a0\u00bb, confie Thomas, jeune actif en pleine recherche. Son t\u00e9moignage rejoindrait celui de nombreux acheteurs potentiels qui per\u00e7oivent un l\u00e9ger ralentissement dans l&rsquo;envol\u00e9e des prix.<\/p>\n<div id=\"ez-toc-container\" class=\"ez-toc-v2_0_82_2 counter-hierarchy ez-toc-counter ez-toc-grey ez-toc-container-direction\">\n<p class=\"ez-toc-title\" style=\"cursor:inherit\">Sommaire<\/p>\n<label for=\"ez-toc-cssicon-toggle-item-69f0f48cabbe5\" class=\"ez-toc-cssicon-toggle-label\"><span class=\"ez-toc-cssicon\"><span class=\"eztoc-hide\" style=\"display:none;\">Toggle<\/span><span class=\"ez-toc-icon-toggle-span\"><svg style=\"fill: #999;color:#999\" xmlns=\"http:\/\/www.w3.org\/2000\/svg\" class=\"list-377408\" width=\"20px\" height=\"20px\" viewBox=\"0 0 24 24\" fill=\"none\"><path d=\"M6 6H4v2h2V6zm14 0H8v2h12V6zM4 11h2v2H4v-2zm16 0H8v2h12v-2zM4 16h2v2H4v-2zm16 0H8v2h12v-2z\" fill=\"currentColor\"><\/path><\/svg><svg style=\"fill: #999;color:#999\" class=\"arrow-unsorted-368013\" xmlns=\"http:\/\/www.w3.org\/2000\/svg\" width=\"10px\" height=\"10px\" viewBox=\"0 0 24 24\" version=\"1.2\" baseProfile=\"tiny\"><path d=\"M18.2 9.3l-6.2-6.3-6.2 6.3c-.2.2-.3.4-.3.7s.1.5.3.7c.2.2.4.3.7.3h11c.3 0 .5-.1.7-.3.2-.2.3-.5.3-.7s-.1-.5-.3-.7zM5.8 14.7l6.2 6.3 6.2-6.3c.2-.2.3-.5.3-.7s-.1-.5-.3-.7c-.2-.2-.4-.3-.7-.3h-11c-.3 0-.5.1-.7.3-.2.2-.3.5-.3.7s.1.5.3.7z\"\/><\/svg><\/span><\/span><\/label><input type=\"checkbox\"  id=\"ez-toc-cssicon-toggle-item-69f0f48cabbe5\" checked aria-label=\"Toggle\" \/><nav><ul class='ez-toc-list ez-toc-list-level-1 ' ><li class='ez-toc-page-1 ez-toc-heading-level-3'><a class=\"ez-toc-link ez-toc-heading-1\" href=\"https:\/\/rachat2credit.fr\/guide\/immobilier-a-clermont-ferrand-la-progression-moderee-des-prix-en-aout-2025-cache-une-realite-explosive-on-a-achete-par-peur-de-ne-plus-pouvoir-le-faire\/#Une_progression_moderee_qui_interroge\" >Une progression mod\u00e9r\u00e9e qui interroge<\/a><\/li><li class='ez-toc-page-1 ez-toc-heading-level-3'><a class=\"ez-toc-link ez-toc-heading-2\" href=\"https:\/\/rachat2credit.fr\/guide\/immobilier-a-clermont-ferrand-la-progression-moderee-des-prix-en-aout-2025-cache-une-realite-explosive-on-a-achete-par-peur-de-ne-plus-pouvoir-le-faire\/#Le_temoignage_des_professionnels\" >Le t\u00e9moignage des professionnels<\/a><\/li><li class='ez-toc-page-1 ez-toc-heading-level-3'><a class=\"ez-toc-link ez-toc-heading-3\" href=\"https:\/\/rachat2credit.fr\/guide\/immobilier-a-clermont-ferrand-la-progression-moderee-des-prix-en-aout-2025-cache-une-realite-explosive-on-a-achete-par-peur-de-ne-plus-pouvoir-le-faire\/#Perspectives_pour_la_fin_dannee_2025\" >Perspectives pour la fin d&rsquo;ann\u00e9e 2025<\/a><\/li><li class='ez-toc-page-1 ez-toc-heading-level-3'><a class=\"ez-toc-link ez-toc-heading-4\" href=\"https:\/\/rachat2credit.fr\/guide\/immobilier-a-clermont-ferrand-la-progression-moderee-des-prix-en-aout-2025-cache-une-realite-explosive-on-a-achete-par-peur-de-ne-plus-pouvoir-le-faire\/#Opportunites_pour_les_acheteurs\" >Opportunit\u00e9s pour les acheteurs<\/a><\/li><li class='ez-toc-page-1 ez-toc-heading-level-3'><a class=\"ez-toc-link ez-toc-heading-5\" href=\"https:\/\/rachat2credit.fr\/guide\/immobilier-a-clermont-ferrand-la-progression-moderee-des-prix-en-aout-2025-cache-une-realite-explosive-on-a-achete-par-peur-de-ne-plus-pouvoir-le-faire\/#Les_risques_a_considerer\" >Les risques \u00e0 consid\u00e9rer<\/a><\/li><\/ul><\/nav><\/div>\n<h3><span class=\"ez-toc-section\" id=\"Une_progression_moderee_qui_interroge\"><\/span>Une progression mod\u00e9r\u00e9e qui interroge<span class=\"ez-toc-section-end\"><\/span><\/h3>\n<p>Plusieurs facteurs pourraient expliquer cette mod\u00e9ration anticip\u00e9e. D&rsquo;abord, les taux d&rsquo;int\u00e9r\u00eat, apr\u00e8s avoir atteint des sommets, commenceraient \u00e0 se stabiliser, r\u00e9duisant la pression sur les acheteurs. Ensuite, l&rsquo;offre nouvelle de logements dans l&rsquo;agglom\u00e9ration clermontoise aurait l\u00e9g\u00e8rement augment\u00e9, permettant de mieux r\u00e9pondre \u00e0 la demande.<\/p>\n<p>Selon les donn\u00e9es de la <a href=\"https:\/\/www.insee.fr\" target=\"_blank\" rel=\"noopener\">F\u00e9d\u00e9ration Nationale de l&rsquo;Immobilier<\/a>, le march\u00e9 clermontois aurait maintenu une certaine r\u00e9silience malgr\u00e9 le contexte \u00e9conomique national. \u00ab\u00a0Clermont-Ferrand reste attractif gr\u00e2ce \u00e0 son bassin d&#8217;emploi dynamique et sa qualit\u00e9 de vie\u00a0\u00bb, pourrait analyser un expert local.<\/p>\n<h3><span class=\"ez-toc-section\" id=\"Le_temoignage_des_professionnels\"><\/span>Le t\u00e9moignage des professionnels<span class=\"ez-toc-section-end\"><\/span><\/h3>\n<p>Marie Dupont, agent immobilier dans le centre-ville, observe des changements : \u00ab\u00a0Les vendeurs sont devenus plus r\u00e9alistes dans leurs expectations. On voit moins de surench\u00e8re qu&rsquo;il y a un an.\u00a0\u00bb Cette nouvelle attitude des vendeurs contribuerait \u00e0 mod\u00e9rer la progression des prix.<\/p>\n<p>N\u00e9anmoins, certains quartiers resteraient tr\u00e8s demand\u00e9s. Le centre historique, avec son charme authentique, et les zones proches du futur p\u00f4le multimodal continueraient d&rsquo;attirer les investisseurs. \u00ab\u00a0Les prix au m\u00e8tre carr\u00e9 dans le secteur de la place de Jaude pourraient r\u00e9sister mieux qu&rsquo;ailleurs\u00a0\u00bb, pr\u00e9cise Marie Dupont.<\/p>\n<h3><span class=\"ez-toc-section\" id=\"Perspectives_pour_la_fin_dannee_2025\"><\/span>Perspectives pour la fin d&rsquo;ann\u00e9e 2025<span class=\"ez-toc-section-end\"><\/span><\/h3>\n<p>Les projections pour le dernier trimestre 2025 resteraient prudentes. Plusieurs \u00e9conomistes anticipent une continuation de cette mod\u00e9ration, voire une stabilisation compl\u00e8te des prix dans certains segments. Le march\u00e9 des appartements anciens pourrait \u00eatre le premier \u00e0 ressentir ce ralentissement.<\/p>\n<p>Cette tendance nationale toucherait particuli\u00e8rement les villes moyennes comme Clermont-Ferrand, apr\u00e8s des ann\u00e9es de forte appreciation. \u00ab\u00a0Nous assistons peut-\u00eatre \u00e0 un retour \u00e0 une certaine normalit\u00e9 apr\u00e8s une p\u00e9riode exceptionnelle\u00a0\u00bb, avance un analyste immobilier r\u00e9gional.<\/p>\n<h3><span class=\"ez-toc-section\" id=\"Opportunites_pour_les_acheteurs\"><\/span>Opportunit\u00e9s pour les acheteurs<span class=\"ez-toc-section-end\"><\/span><\/h3>\n<p>Pour les acqu\u00e9reurs, cette p\u00e9riode de mod\u00e9ration pourrait repr\u00e9senter une fen\u00eatre d&rsquo;opportunit\u00e9. La n\u00e9gociation retrouverait une place plus importante dans les transactions, et les d\u00e9lais de vente s&rsquo;allongeraient l\u00e9g\u00e8rement, permettant aux acheteurs de mieux comparer les biens.<\/p>\n<p>Les primo-acc\u00e9dants, particuli\u00e8rement sensibles aux taux d&rsquo;int\u00e9r\u00eat, pourraient trouver dans cette mod\u00e9ration des prix le compl\u00e9ment n\u00e9cessaire pour finaliser leur projet. \u00ab\u00a0C&rsquo;est le moment de bien \u00e9tudier le march\u00e9 et de ne pas se pr\u00e9cipiter\u00a0\u00bb, conseille un courtier en cr\u00e9dit immobilier local.<\/p>\n<h3><span class=\"ez-toc-section\" id=\"Les_risques_a_considerer\"><\/span>Les risques \u00e0 consid\u00e9rer<span class=\"ez-toc-section-end\"><\/span><\/h3>\n<p>Malgr\u00e9 cette tendance \u00e0 la mod\u00e9ration, certains facteurs pourraient inverser la tendance. Une reprise \u00e9conomique plus forte que pr\u00e9vue, une nouvelle baisse des taux ou des mesures gouvernementales favorables \u00e0 l&rsquo;accession pourraient relancer la machine immobili\u00e8re.<\/p>\n<p>Les investisseurs locaux restent attentifs \u00e0 l&rsquo;\u00e9volution du march\u00e9 locatif, qui continue d&rsquo;offrir des rendements int\u00e9ressants dans la ville auvergnate. La demande locative soutenue par la pr\u00e9sence estudiantine et des emplois dans la technologie maintiendrait une certaine pression sur les prix \u00e0 l&rsquo;achat.<\/p>\n<p>Alors que l&rsquo;\u00e9t\u00e9 2025 approche, tous les regards se tournent vers Clermont-Ferrand pour voir si cette mod\u00e9ration des prix s&rsquo;installera durablement ou si elle ne sera qu&rsquo;une pause avant une nouvelle phase de croissance. Une chose est certaine : le march\u00e9 immobilier clermontois n&rsquo;a pas fini de surprendre observateurs et acteurs \u00e9conomiques.<\/p>\n\n\n<div class=\"kk-star-ratings kksr-auto kksr-align-center kksr-valign-bottom\"\n    data-payload='{&quot;align&quot;:&quot;center&quot;,&quot;id&quot;:&quot;1041&quot;,&quot;slug&quot;:&quot;default&quot;,&quot;valign&quot;:&quot;bottom&quot;,&quot;ignore&quot;:&quot;&quot;,&quot;reference&quot;:&quot;auto&quot;,&quot;class&quot;:&quot;&quot;,&quot;count&quot;:&quot;0&quot;,&quot;legendonly&quot;:&quot;&quot;,&quot;readonly&quot;:&quot;&quot;,&quot;score&quot;:&quot;0&quot;,&quot;starsonly&quot;:&quot;&quot;,&quot;best&quot;:&quot;5&quot;,&quot;gap&quot;:&quot;5&quot;,&quot;greet&quot;:&quot;&quot;,&quot;legend&quot;:&quot;0\\\/5 - (0 vote)&quot;,&quot;size&quot;:&quot;24&quot;,&quot;title&quot;:&quot;Immobilier \u00e0 Clermont-Ferrand : la progression mod\u00e9r\u00e9e des prix en ao\u00fbt 2025 cache une r\u00e9alit\u00e9 explosive \u201con a achet\u00e9 par peur de ne plus pouvoir le faire\u201d&quot;,&quot;width&quot;:&quot;0&quot;,&quot;_legend&quot;:&quot;{score}\\\/{best} - ({count} {votes})&quot;,&quot;font_factor&quot;:&quot;1.25&quot;}'>\n            \n<div class=\"kksr-stars\">\n    \n<div class=\"kksr-stars-inactive\">\n            <div class=\"kksr-star\" data-star=\"1\" style=\"padding-right: 5px\">\n            \n\n<div class=\"kksr-icon\" style=\"width: 24px; height: 24px;\"><\/div>\n        <\/div>\n            <div class=\"kksr-star\" data-star=\"2\" style=\"padding-right: 5px\">\n            \n\n<div class=\"kksr-icon\" style=\"width: 24px; height: 24px;\"><\/div>\n        <\/div>\n            <div class=\"kksr-star\" data-star=\"3\" style=\"padding-right: 5px\">\n            \n\n<div class=\"kksr-icon\" style=\"width: 24px; height: 24px;\"><\/div>\n        <\/div>\n            <div class=\"kksr-star\" data-star=\"4\" style=\"padding-right: 5px\">\n            \n\n<div class=\"kksr-icon\" style=\"width: 24px; height: 24px;\"><\/div>\n        <\/div>\n            <div class=\"kksr-star\" data-star=\"5\" style=\"padding-right: 5px\">\n            \n\n<div class=\"kksr-icon\" style=\"width: 24px; height: 24px;\"><\/div>\n        <\/div>\n    <\/div>\n    \n<div class=\"kksr-stars-active\" style=\"width: 0px;\">\n            <div class=\"kksr-star\" style=\"padding-right: 5px\">\n            \n\n<div class=\"kksr-icon\" style=\"width: 24px; height: 24px;\"><\/div>\n        <\/div>\n            <div class=\"kksr-star\" style=\"padding-right: 5px\">\n            \n\n<div class=\"kksr-icon\" style=\"width: 24px; height: 24px;\"><\/div>\n        <\/div>\n            <div class=\"kksr-star\" style=\"padding-right: 5px\">\n            \n\n<div class=\"kksr-icon\" style=\"width: 24px; height: 24px;\"><\/div>\n        <\/div>\n            <div class=\"kksr-star\" style=\"padding-right: 5px\">\n            \n\n<div class=\"kksr-icon\" style=\"width: 24px; height: 24px;\"><\/div>\n        <\/div>\n            <div class=\"kksr-star\" style=\"padding-right: 5px\">\n            \n\n<div class=\"kksr-icon\" style=\"width: 24px; height: 24px;\"><\/div>\n        <\/div>\n    <\/div>\n<\/div>\n                \n\n<div class=\"kksr-legend\" style=\"font-size: 19.2px;\">\n            <span class=\"kksr-muted\"><\/span>\n    <\/div>\n    <\/div>\n","protected":false},"excerpt":{"rendered":"<p>L&rsquo;immobilier clermontois pourrait conna\u00eetre une progression mod\u00e9r\u00e9e de ses prix en ao\u00fbt 2025, selon plusieurs observateurs du march\u00e9. Cette tendance, si elle se confirme, marquerait un infl\u00e9chissement par rapport aux fortes hausses enregistr\u00e9es ces derni\u00e8res ann\u00e9es. Dans les rues de Clermont-Ferrand, l&rsquo;immobilier suscite toujours autant de conversations. \u00ab\u00a0Nous cherchons \u00e0 acheter depuis six mois et &#8230; <a title=\"Immobilier \u00e0 Clermont-Ferrand : la progression mod\u00e9r\u00e9e des prix en ao\u00fbt 2025 cache une r\u00e9alit\u00e9 explosive \u201con a achet\u00e9 par peur de ne plus pouvoir le faire\u201d\" class=\"read-more\" href=\"https:\/\/rachat2credit.fr\/guide\/immobilier-a-clermont-ferrand-la-progression-moderee-des-prix-en-aout-2025-cache-une-realite-explosive-on-a-achete-par-peur-de-ne-plus-pouvoir-le-faire\/\" aria-label=\"En savoir plus sur Immobilier \u00e0 Clermont-Ferrand : la progression mod\u00e9r\u00e9e des prix en ao\u00fbt 2025 cache une r\u00e9alit\u00e9 explosive \u201con a achet\u00e9 par peur de ne plus pouvoir le faire\u201d\">Lire plus<\/a><\/p>\n","protected":false},"author":1,"featured_media":1042,"comment_status":"open","ping_status":"open","sticky":false,"template":"","format":"standard","meta":{"footnotes":""},"categories":[8],"tags":[],"class_list":["post-1041","post","type-post","status-publish","format-standard","has-post-thumbnail","hentry","category-a-la-une"],"yoast_head":"<!-- This site is optimized with the Yoast SEO plugin v27.5 - https:\/\/yoast.com\/product\/yoast-seo-wordpress\/ -->\n<title>Immobilier \u00e0 Clermont-Ferrand : la progression mod\u00e9r\u00e9e des prix en ao\u00fbt 2025 cache une r\u00e9alit\u00e9 explosive \u201con a achet\u00e9 par peur de ne plus pouvoir le faire\u201d - Rachat de Cr\u00e9dit<\/title>\n<meta name=\"robots\" content=\"index, follow, max-snippet:-1, max-image-preview:large, max-video-preview:-1\" \/>\n<link rel=\"canonical\" href=\"https:\/\/rachat2credit.fr\/guide\/immobilier-a-clermont-ferrand-la-progression-moderee-des-prix-en-aout-2025-cache-une-realite-explosive-on-a-achete-par-peur-de-ne-plus-pouvoir-le-faire\/\" \/>\n<meta property=\"og:locale\" content=\"fr_FR\" \/>\n<meta property=\"og:type\" content=\"article\" \/>\n<meta property=\"og:title\" content=\"Immobilier \u00e0 Clermont-Ferrand : la progression mod\u00e9r\u00e9e des prix en ao\u00fbt 2025 cache une r\u00e9alit\u00e9 explosive \u201con a achet\u00e9 par peur de ne plus pouvoir le faire\u201d - Rachat de Cr\u00e9dit\" \/>\n<meta property=\"og:description\" content=\"L&rsquo;immobilier clermontois pourrait conna\u00eetre une progression mod\u00e9r\u00e9e de ses prix en ao\u00fbt 2025, selon plusieurs observateurs du march\u00e9. Cette tendance, si elle se confirme, marquerait un infl\u00e9chissement par rapport aux fortes hausses enregistr\u00e9es ces derni\u00e8res ann\u00e9es. Dans les rues de Clermont-Ferrand, l&rsquo;immobilier suscite toujours autant de conversations. \u00ab\u00a0Nous cherchons \u00e0 acheter depuis six mois et ... Lire plus\" \/>\n<meta property=\"og:url\" content=\"https:\/\/rachat2credit.fr\/guide\/immobilier-a-clermont-ferrand-la-progression-moderee-des-prix-en-aout-2025-cache-une-realite-explosive-on-a-achete-par-peur-de-ne-plus-pouvoir-le-faire\/\" \/>\n<meta property=\"og:site_name\" content=\"Rachat de Cr\u00e9dit\" \/>\n<meta property=\"article:published_time\" content=\"2025-08-24T09:16:16+00:00\" \/>\n<meta property=\"og:image\" content=\"https:\/\/rachat2credit.fr\/guide\/wp-content\/uploads\/2025\/08\/flux-pro-1.1-1041-1756026986.jpg\" \/>\n\t<meta property=\"og:image:width\" content=\"1344\" \/>\n\t<meta property=\"og:image:height\" content=\"768\" \/>\n\t<meta property=\"og:image:type\" content=\"image\/jpeg\" \/>\n<meta name=\"author\" content=\"Aurelien Boulanger\" \/>\n<meta name=\"twitter:card\" content=\"summary_large_image\" \/>\n<meta name=\"twitter:label1\" content=\"\u00c9crit par\" \/>\n\t<meta name=\"twitter:data1\" content=\"Aurelien Boulanger\" \/>\n\t<meta name=\"twitter:label2\" content=\"Dur\u00e9e de lecture estim\u00e9e\" \/>\n\t<meta name=\"twitter:data2\" content=\"3 minutes\" \/>\n<script type=\"application\/ld+json\" class=\"yoast-schema-graph\">{\"@context\":\"https:\\\/\\\/schema.org\",\"@graph\":[{\"@type\":\"NewsArticle\",\"@id\":\"https:\\\/\\\/rachat2credit.fr\\\/guide\\\/immobilier-a-clermont-ferrand-la-progression-moderee-des-prix-en-aout-2025-cache-une-realite-explosive-on-a-achete-par-peur-de-ne-plus-pouvoir-le-faire\\\/#article\",\"isPartOf\":{\"@id\":\"https:\\\/\\\/rachat2credit.fr\\\/guide\\\/immobilier-a-clermont-ferrand-la-progression-moderee-des-prix-en-aout-2025-cache-une-realite-explosive-on-a-achete-par-peur-de-ne-plus-pouvoir-le-faire\\\/\"},\"author\":{\"name\":\"Aurelien Boulanger\",\"@id\":\"https:\\\/\\\/rachat2credit.fr\\\/guide\\\/#\\\/schema\\\/person\\\/d4142086d07bc6acdc4722eabd955cc2\"},\"headline\":\"Immobilier \u00e0 Clermont-Ferrand : la progression mod\u00e9r\u00e9e des prix en ao\u00fbt 2025 cache une r\u00e9alit\u00e9 explosive \u201con a achet\u00e9 par peur de ne plus pouvoir le faire\u201d\",\"datePublished\":\"2025-08-24T09:16:16+00:00\",\"mainEntityOfPage\":{\"@id\":\"https:\\\/\\\/rachat2credit.fr\\\/guide\\\/immobilier-a-clermont-ferrand-la-progression-moderee-des-prix-en-aout-2025-cache-une-realite-explosive-on-a-achete-par-peur-de-ne-plus-pouvoir-le-faire\\\/\"},\"wordCount\":676,\"commentCount\":20,\"publisher\":{\"@id\":\"https:\\\/\\\/rachat2credit.fr\\\/guide\\\/#organization\"},\"image\":{\"@id\":\"https:\\\/\\\/rachat2credit.fr\\\/guide\\\/immobilier-a-clermont-ferrand-la-progression-moderee-des-prix-en-aout-2025-cache-une-realite-explosive-on-a-achete-par-peur-de-ne-plus-pouvoir-le-faire\\\/#primaryimage\"},\"thumbnailUrl\":\"https:\\\/\\\/rachat2credit.fr\\\/guide\\\/wp-content\\\/uploads\\\/2025\\\/08\\\/flux-pro-1.1-1041-1756026986.jpg\",\"articleSection\":[\"A la une\"],\"inLanguage\":\"fr-FR\",\"potentialAction\":[{\"@type\":\"CommentAction\",\"name\":\"Comment\",\"target\":[\"https:\\\/\\\/rachat2credit.fr\\\/guide\\\/immobilier-a-clermont-ferrand-la-progression-moderee-des-prix-en-aout-2025-cache-une-realite-explosive-on-a-achete-par-peur-de-ne-plus-pouvoir-le-faire\\\/#respond\"]}]},{\"@type\":\"WebPage\",\"@id\":\"https:\\\/\\\/rachat2credit.fr\\\/guide\\\/immobilier-a-clermont-ferrand-la-progression-moderee-des-prix-en-aout-2025-cache-une-realite-explosive-on-a-achete-par-peur-de-ne-plus-pouvoir-le-faire\\\/\",\"url\":\"https:\\\/\\\/rachat2credit.fr\\\/guide\\\/immobilier-a-clermont-ferrand-la-progression-moderee-des-prix-en-aout-2025-cache-une-realite-explosive-on-a-achete-par-peur-de-ne-plus-pouvoir-le-faire\\\/\",\"name\":\"Immobilier \u00e0 Clermont-Ferrand : la progression mod\u00e9r\u00e9e des prix en ao\u00fbt 2025 cache une r\u00e9alit\u00e9 explosive \u201con a achet\u00e9 par peur de ne plus pouvoir le faire\u201d - Rachat de Cr\u00e9dit\",\"isPartOf\":{\"@id\":\"https:\\\/\\\/rachat2credit.fr\\\/guide\\\/#website\"},\"primaryImageOfPage\":{\"@id\":\"https:\\\/\\\/rachat2credit.fr\\\/guide\\\/immobilier-a-clermont-ferrand-la-progression-moderee-des-prix-en-aout-2025-cache-une-realite-explosive-on-a-achete-par-peur-de-ne-plus-pouvoir-le-faire\\\/#primaryimage\"},\"image\":{\"@id\":\"https:\\\/\\\/rachat2credit.fr\\\/guide\\\/immobilier-a-clermont-ferrand-la-progression-moderee-des-prix-en-aout-2025-cache-une-realite-explosive-on-a-achete-par-peur-de-ne-plus-pouvoir-le-faire\\\/#primaryimage\"},\"thumbnailUrl\":\"https:\\\/\\\/rachat2credit.fr\\\/guide\\\/wp-content\\\/uploads\\\/2025\\\/08\\\/flux-pro-1.1-1041-1756026986.jpg\",\"datePublished\":\"2025-08-24T09:16:16+00:00\",\"breadcrumb\":{\"@id\":\"https:\\\/\\\/rachat2credit.fr\\\/guide\\\/immobilier-a-clermont-ferrand-la-progression-moderee-des-prix-en-aout-2025-cache-une-realite-explosive-on-a-achete-par-peur-de-ne-plus-pouvoir-le-faire\\\/#breadcrumb\"},\"inLanguage\":\"fr-FR\",\"potentialAction\":[{\"@type\":\"ReadAction\",\"target\":[\"https:\\\/\\\/rachat2credit.fr\\\/guide\\\/immobilier-a-clermont-ferrand-la-progression-moderee-des-prix-en-aout-2025-cache-une-realite-explosive-on-a-achete-par-peur-de-ne-plus-pouvoir-le-faire\\\/\"]}]},{\"@type\":\"ImageObject\",\"inLanguage\":\"fr-FR\",\"@id\":\"https:\\\/\\\/rachat2credit.fr\\\/guide\\\/immobilier-a-clermont-ferrand-la-progression-moderee-des-prix-en-aout-2025-cache-une-realite-explosive-on-a-achete-par-peur-de-ne-plus-pouvoir-le-faire\\\/#primaryimage\",\"url\":\"https:\\\/\\\/rachat2credit.fr\\\/guide\\\/wp-content\\\/uploads\\\/2025\\\/08\\\/flux-pro-1.1-1041-1756026986.jpg\",\"contentUrl\":\"https:\\\/\\\/rachat2credit.fr\\\/guide\\\/wp-content\\\/uploads\\\/2025\\\/08\\\/flux-pro-1.1-1041-1756026986.jpg\",\"width\":1344,\"height\":768},{\"@type\":\"BreadcrumbList\",\"@id\":\"https:\\\/\\\/rachat2credit.fr\\\/guide\\\/immobilier-a-clermont-ferrand-la-progression-moderee-des-prix-en-aout-2025-cache-une-realite-explosive-on-a-achete-par-peur-de-ne-plus-pouvoir-le-faire\\\/#breadcrumb\",\"itemListElement\":[{\"@type\":\"ListItem\",\"position\":1,\"name\":\"Accueil\",\"item\":\"https:\\\/\\\/rachat2credit.fr\\\/guide\\\/\"},{\"@type\":\"ListItem\",\"position\":2,\"name\":\"Immobilier \u00e0 Clermont-Ferrand : la progression mod\u00e9r\u00e9e des prix en ao\u00fbt 2025 cache une r\u00e9alit\u00e9 explosive \u201con a achet\u00e9 par peur de ne plus pouvoir le faire\u201d\"}]},{\"@type\":\"WebSite\",\"@id\":\"https:\\\/\\\/rachat2credit.fr\\\/guide\\\/#website\",\"url\":\"https:\\\/\\\/rachat2credit.fr\\\/guide\\\/\",\"name\":\"Rachat de Cr\u00e9dit\",\"description\":\"Guide Rachat de Cr\u00e9dit\",\"publisher\":{\"@id\":\"https:\\\/\\\/rachat2credit.fr\\\/guide\\\/#organization\"},\"potentialAction\":[{\"@type\":\"SearchAction\",\"target\":{\"@type\":\"EntryPoint\",\"urlTemplate\":\"https:\\\/\\\/rachat2credit.fr\\\/guide\\\/?s={search_term_string}\"},\"query-input\":{\"@type\":\"PropertyValueSpecification\",\"valueRequired\":true,\"valueName\":\"search_term_string\"}}],\"inLanguage\":\"fr-FR\"},{\"@type\":\"Organization\",\"@id\":\"https:\\\/\\\/rachat2credit.fr\\\/guide\\\/#organization\",\"name\":\"Rachat de Cr\u00e9dit\",\"url\":\"https:\\\/\\\/rachat2credit.fr\\\/guide\\\/\",\"logo\":{\"@type\":\"ImageObject\",\"inLanguage\":\"fr-FR\",\"@id\":\"https:\\\/\\\/rachat2credit.fr\\\/guide\\\/#\\\/schema\\\/logo\\\/image\\\/\",\"url\":\"https:\\\/\\\/rachat2credit.fr\\\/guide\\\/wp-content\\\/uploads\\\/2025\\\/05\\\/rachat2credit.png\",\"contentUrl\":\"https:\\\/\\\/rachat2credit.fr\\\/guide\\\/wp-content\\\/uploads\\\/2025\\\/05\\\/rachat2credit.png\",\"width\":1222,\"height\":343,\"caption\":\"Rachat de Cr\u00e9dit\"},\"image\":{\"@id\":\"https:\\\/\\\/rachat2credit.fr\\\/guide\\\/#\\\/schema\\\/logo\\\/image\\\/\"}},{\"@type\":\"Person\",\"@id\":\"https:\\\/\\\/rachat2credit.fr\\\/guide\\\/#\\\/schema\\\/person\\\/d4142086d07bc6acdc4722eabd955cc2\",\"name\":\"Aurelien Boulanger\",\"image\":{\"@type\":\"ImageObject\",\"inLanguage\":\"fr-FR\",\"@id\":\"https:\\\/\\\/secure.gravatar.com\\\/avatar\\\/32175434c9ca2b27bfeb905d1c3ec782a789caf494bc0ec8fa6ed0ee39c2e62a?s=96&d=mm&r=g\",\"url\":\"https:\\\/\\\/secure.gravatar.com\\\/avatar\\\/32175434c9ca2b27bfeb905d1c3ec782a789caf494bc0ec8fa6ed0ee39c2e62a?s=96&d=mm&r=g\",\"contentUrl\":\"https:\\\/\\\/secure.gravatar.com\\\/avatar\\\/32175434c9ca2b27bfeb905d1c3ec782a789caf494bc0ec8fa6ed0ee39c2e62a?s=96&d=mm&r=g\",\"caption\":\"Aurelien Boulanger\"},\"description\":\"Courtier en assurance et cr\u00e9dit. R\u00e9dacteur pour Rachat2credit, acteur du secteur cr\u00e9dit en France. Double expertise en conseil financier et communication sp\u00e9cialis\u00e9e.\",\"sameAs\":[\"https:\\\/\\\/rachat2credit.fr\\\/guide\"],\"url\":\"https:\\\/\\\/rachat2credit.fr\\\/guide\\\/author\\\/aurelien\\\/\"}]}<\/script>\n<!-- \/ Yoast SEO plugin. -->","yoast_head_json":{"title":"Immobilier \u00e0 Clermont-Ferrand : la progression mod\u00e9r\u00e9e des prix en ao\u00fbt 2025 cache une r\u00e9alit\u00e9 explosive \u201con a achet\u00e9 par peur de ne plus pouvoir le faire\u201d - Rachat de Cr\u00e9dit","robots":{"index":"index","follow":"follow","max-snippet":"max-snippet:-1","max-image-preview":"max-image-preview:large","max-video-preview":"max-video-preview:-1"},"canonical":"https:\/\/rachat2credit.fr\/guide\/immobilier-a-clermont-ferrand-la-progression-moderee-des-prix-en-aout-2025-cache-une-realite-explosive-on-a-achete-par-peur-de-ne-plus-pouvoir-le-faire\/","og_locale":"fr_FR","og_type":"article","og_title":"Immobilier \u00e0 Clermont-Ferrand : la progression mod\u00e9r\u00e9e des prix en ao\u00fbt 2025 cache une r\u00e9alit\u00e9 explosive \u201con a achet\u00e9 par peur de ne plus pouvoir le faire\u201d - Rachat de Cr\u00e9dit","og_description":"L&rsquo;immobilier clermontois pourrait conna\u00eetre une progression mod\u00e9r\u00e9e de ses prix en ao\u00fbt 2025, selon plusieurs observateurs du march\u00e9. Cette tendance, si elle se confirme, marquerait un infl\u00e9chissement par rapport aux fortes hausses enregistr\u00e9es ces derni\u00e8res ann\u00e9es. Dans les rues de Clermont-Ferrand, l&rsquo;immobilier suscite toujours autant de conversations. \u00ab\u00a0Nous cherchons \u00e0 acheter depuis six mois et ... Lire plus","og_url":"https:\/\/rachat2credit.fr\/guide\/immobilier-a-clermont-ferrand-la-progression-moderee-des-prix-en-aout-2025-cache-une-realite-explosive-on-a-achete-par-peur-de-ne-plus-pouvoir-le-faire\/","og_site_name":"Rachat de Cr\u00e9dit","article_published_time":"2025-08-24T09:16:16+00:00","og_image":[{"width":1344,"height":768,"url":"https:\/\/rachat2credit.fr\/guide\/wp-content\/uploads\/2025\/08\/flux-pro-1.1-1041-1756026986.jpg","type":"image\/jpeg"}],"author":"Aurelien Boulanger","twitter_card":"summary_large_image","twitter_misc":{"\u00c9crit par":"Aurelien Boulanger","Dur\u00e9e de lecture estim\u00e9e":"3 minutes"},"schema":{"@context":"https:\/\/schema.org","@graph":[{"@type":"NewsArticle","@id":"https:\/\/rachat2credit.fr\/guide\/immobilier-a-clermont-ferrand-la-progression-moderee-des-prix-en-aout-2025-cache-une-realite-explosive-on-a-achete-par-peur-de-ne-plus-pouvoir-le-faire\/#article","isPartOf":{"@id":"https:\/\/rachat2credit.fr\/guide\/immobilier-a-clermont-ferrand-la-progression-moderee-des-prix-en-aout-2025-cache-une-realite-explosive-on-a-achete-par-peur-de-ne-plus-pouvoir-le-faire\/"},"author":{"name":"Aurelien Boulanger","@id":"https:\/\/rachat2credit.fr\/guide\/#\/schema\/person\/d4142086d07bc6acdc4722eabd955cc2"},"headline":"Immobilier \u00e0 Clermont-Ferrand : la progression mod\u00e9r\u00e9e des prix en ao\u00fbt 2025 cache une r\u00e9alit\u00e9 explosive \u201con a achet\u00e9 par peur de ne plus pouvoir le faire\u201d","datePublished":"2025-08-24T09:16:16+00:00","mainEntityOfPage":{"@id":"https:\/\/rachat2credit.fr\/guide\/immobilier-a-clermont-ferrand-la-progression-moderee-des-prix-en-aout-2025-cache-une-realite-explosive-on-a-achete-par-peur-de-ne-plus-pouvoir-le-faire\/"},"wordCount":676,"commentCount":20,"publisher":{"@id":"https:\/\/rachat2credit.fr\/guide\/#organization"},"image":{"@id":"https:\/\/rachat2credit.fr\/guide\/immobilier-a-clermont-ferrand-la-progression-moderee-des-prix-en-aout-2025-cache-une-realite-explosive-on-a-achete-par-peur-de-ne-plus-pouvoir-le-faire\/#primaryimage"},"thumbnailUrl":"https:\/\/rachat2credit.fr\/guide\/wp-content\/uploads\/2025\/08\/flux-pro-1.1-1041-1756026986.jpg","articleSection":["A la une"],"inLanguage":"fr-FR","potentialAction":[{"@type":"CommentAction","name":"Comment","target":["https:\/\/rachat2credit.fr\/guide\/immobilier-a-clermont-ferrand-la-progression-moderee-des-prix-en-aout-2025-cache-une-realite-explosive-on-a-achete-par-peur-de-ne-plus-pouvoir-le-faire\/#respond"]}]},{"@type":"WebPage","@id":"https:\/\/rachat2credit.fr\/guide\/immobilier-a-clermont-ferrand-la-progression-moderee-des-prix-en-aout-2025-cache-une-realite-explosive-on-a-achete-par-peur-de-ne-plus-pouvoir-le-faire\/","url":"https:\/\/rachat2credit.fr\/guide\/immobilier-a-clermont-ferrand-la-progression-moderee-des-prix-en-aout-2025-cache-une-realite-explosive-on-a-achete-par-peur-de-ne-plus-pouvoir-le-faire\/","name":"Immobilier \u00e0 Clermont-Ferrand : la progression mod\u00e9r\u00e9e des prix en ao\u00fbt 2025 cache une r\u00e9alit\u00e9 explosive \u201con a achet\u00e9 par peur de ne plus pouvoir le faire\u201d - Rachat de Cr\u00e9dit","isPartOf":{"@id":"https:\/\/rachat2credit.fr\/guide\/#website"},"primaryImageOfPage":{"@id":"https:\/\/rachat2credit.fr\/guide\/immobilier-a-clermont-ferrand-la-progression-moderee-des-prix-en-aout-2025-cache-une-realite-explosive-on-a-achete-par-peur-de-ne-plus-pouvoir-le-faire\/#primaryimage"},"image":{"@id":"https:\/\/rachat2credit.fr\/guide\/immobilier-a-clermont-ferrand-la-progression-moderee-des-prix-en-aout-2025-cache-une-realite-explosive-on-a-achete-par-peur-de-ne-plus-pouvoir-le-faire\/#primaryimage"},"thumbnailUrl":"https:\/\/rachat2credit.fr\/guide\/wp-content\/uploads\/2025\/08\/flux-pro-1.1-1041-1756026986.jpg","datePublished":"2025-08-24T09:16:16+00:00","breadcrumb":{"@id":"https:\/\/rachat2credit.fr\/guide\/immobilier-a-clermont-ferrand-la-progression-moderee-des-prix-en-aout-2025-cache-une-realite-explosive-on-a-achete-par-peur-de-ne-plus-pouvoir-le-faire\/#breadcrumb"},"inLanguage":"fr-FR","potentialAction":[{"@type":"ReadAction","target":["https:\/\/rachat2credit.fr\/guide\/immobilier-a-clermont-ferrand-la-progression-moderee-des-prix-en-aout-2025-cache-une-realite-explosive-on-a-achete-par-peur-de-ne-plus-pouvoir-le-faire\/"]}]},{"@type":"ImageObject","inLanguage":"fr-FR","@id":"https:\/\/rachat2credit.fr\/guide\/immobilier-a-clermont-ferrand-la-progression-moderee-des-prix-en-aout-2025-cache-une-realite-explosive-on-a-achete-par-peur-de-ne-plus-pouvoir-le-faire\/#primaryimage","url":"https:\/\/rachat2credit.fr\/guide\/wp-content\/uploads\/2025\/08\/flux-pro-1.1-1041-1756026986.jpg","contentUrl":"https:\/\/rachat2credit.fr\/guide\/wp-content\/uploads\/2025\/08\/flux-pro-1.1-1041-1756026986.jpg","width":1344,"height":768},{"@type":"BreadcrumbList","@id":"https:\/\/rachat2credit.fr\/guide\/immobilier-a-clermont-ferrand-la-progression-moderee-des-prix-en-aout-2025-cache-une-realite-explosive-on-a-achete-par-peur-de-ne-plus-pouvoir-le-faire\/#breadcrumb","itemListElement":[{"@type":"ListItem","position":1,"name":"Accueil","item":"https:\/\/rachat2credit.fr\/guide\/"},{"@type":"ListItem","position":2,"name":"Immobilier \u00e0 Clermont-Ferrand : la progression mod\u00e9r\u00e9e des prix en ao\u00fbt 2025 cache une r\u00e9alit\u00e9 explosive \u201con a achet\u00e9 par peur de ne plus pouvoir le faire\u201d"}]},{"@type":"WebSite","@id":"https:\/\/rachat2credit.fr\/guide\/#website","url":"https:\/\/rachat2credit.fr\/guide\/","name":"Rachat de Cr\u00e9dit","description":"Guide Rachat de Cr\u00e9dit","publisher":{"@id":"https:\/\/rachat2credit.fr\/guide\/#organization"},"potentialAction":[{"@type":"SearchAction","target":{"@type":"EntryPoint","urlTemplate":"https:\/\/rachat2credit.fr\/guide\/?s={search_term_string}"},"query-input":{"@type":"PropertyValueSpecification","valueRequired":true,"valueName":"search_term_string"}}],"inLanguage":"fr-FR"},{"@type":"Organization","@id":"https:\/\/rachat2credit.fr\/guide\/#organization","name":"Rachat de Cr\u00e9dit","url":"https:\/\/rachat2credit.fr\/guide\/","logo":{"@type":"ImageObject","inLanguage":"fr-FR","@id":"https:\/\/rachat2credit.fr\/guide\/#\/schema\/logo\/image\/","url":"https:\/\/rachat2credit.fr\/guide\/wp-content\/uploads\/2025\/05\/rachat2credit.png","contentUrl":"https:\/\/rachat2credit.fr\/guide\/wp-content\/uploads\/2025\/05\/rachat2credit.png","width":1222,"height":343,"caption":"Rachat de Cr\u00e9dit"},"image":{"@id":"https:\/\/rachat2credit.fr\/guide\/#\/schema\/logo\/image\/"}},{"@type":"Person","@id":"https:\/\/rachat2credit.fr\/guide\/#\/schema\/person\/d4142086d07bc6acdc4722eabd955cc2","name":"Aurelien Boulanger","image":{"@type":"ImageObject","inLanguage":"fr-FR","@id":"https:\/\/secure.gravatar.com\/avatar\/32175434c9ca2b27bfeb905d1c3ec782a789caf494bc0ec8fa6ed0ee39c2e62a?s=96&d=mm&r=g","url":"https:\/\/secure.gravatar.com\/avatar\/32175434c9ca2b27bfeb905d1c3ec782a789caf494bc0ec8fa6ed0ee39c2e62a?s=96&d=mm&r=g","contentUrl":"https:\/\/secure.gravatar.com\/avatar\/32175434c9ca2b27bfeb905d1c3ec782a789caf494bc0ec8fa6ed0ee39c2e62a?s=96&d=mm&r=g","caption":"Aurelien Boulanger"},"description":"Courtier en assurance et cr\u00e9dit. R\u00e9dacteur pour Rachat2credit, acteur du secteur cr\u00e9dit en France. Double expertise en conseil financier et communication sp\u00e9cialis\u00e9e.","sameAs":["https:\/\/rachat2credit.fr\/guide"],"url":"https:\/\/rachat2credit.fr\/guide\/author\/aurelien\/"}]}},"_links":{"self":[{"href":"https:\/\/rachat2credit.fr\/guide\/wp-json\/wp\/v2\/posts\/1041","targetHints":{"allow":["GET"]}}],"collection":[{"href":"https:\/\/rachat2credit.fr\/guide\/wp-json\/wp\/v2\/posts"}],"about":[{"href":"https:\/\/rachat2credit.fr\/guide\/wp-json\/wp\/v2\/types\/post"}],"author":[{"embeddable":true,"href":"https:\/\/rachat2credit.fr\/guide\/wp-json\/wp\/v2\/users\/1"}],"replies":[{"embeddable":true,"href":"https:\/\/rachat2credit.fr\/guide\/wp-json\/wp\/v2\/comments?post=1041"}],"version-history":[{"count":0,"href":"https:\/\/rachat2credit.fr\/guide\/wp-json\/wp\/v2\/posts\/1041\/revisions"}],"wp:featuredmedia":[{"embeddable":true,"href":"https:\/\/rachat2credit.fr\/guide\/wp-json\/wp\/v2\/media\/1042"}],"wp:attachment":[{"href":"https:\/\/rachat2credit.fr\/guide\/wp-json\/wp\/v2\/media?parent=1041"}],"wp:term":[{"taxonomy":"category","embeddable":true,"href":"https:\/\/rachat2credit.fr\/guide\/wp-json\/wp\/v2\/categories?post=1041"},{"taxonomy":"post_tag","embeddable":true,"href":"https:\/\/rachat2credit.fr\/guide\/wp-json\/wp\/v2\/tags?post=1041"}],"curies":[{"name":"wp","href":"https:\/\/api.w.org\/{rel}","templated":true}]}}