{"id":1059,"date":"2025-08-25T11:16:45","date_gmt":"2025-08-25T09:16:45","guid":{"rendered":"https:\/\/rachat2credit.fr\/guide\/agirc-arrco-carsat-ircantec-votre-pension-est-elle-au-dessus-de-la-moyenne-ma-retraite-a-ete-doublee-grace-a-ce-regime\/"},"modified":"2025-08-25T11:16:45","modified_gmt":"2025-08-25T09:16:45","slug":"agirc-arrco-carsat-ircantec-votre-pension-est-elle-au-dessus-de-la-moyenne-ma-retraite-a-ete-doublee-grace-a-ce-regime","status":"publish","type":"post","link":"https:\/\/rachat2credit.fr\/guide\/agirc-arrco-carsat-ircantec-votre-pension-est-elle-au-dessus-de-la-moyenne-ma-retraite-a-ete-doublee-grace-a-ce-regime\/","title":{"rendered":"Agirc-Arrco, Carsat, Ircantec : Votre pension est-elle au-dessus de la moyenne ? \u201cMa retraite a \u00e9t\u00e9 doubl\u00e9e gr\u00e2ce \u00e0 ce r\u00e9gime\u201d"},"content":{"rendered":"<p>Dans le d\u00e9dale des r\u00e9gimes de retraite compl\u00e9mentaire, une question taraude les futurs pensionn\u00e9s : touchent-ils plus que la moyenne ? Agirc-Arrco, Carsat, Ircantec&#8230; Ces acronymes complexes dissimulent des r\u00e9alit\u00e9s financi\u00e8res tr\u00e8s variables. Votre pension pourrait-elle surpasser celle de vos voisins ?<\/p>\n<p>Les derniers chiffres disponibles feraient \u00e9tat d&rsquo;\u00e9carts surprenants entre les diff\u00e9rents r\u00e9gimes. Certains retrait\u00e9s percevraient des montants bien sup\u00e9rieurs \u00e0 la moyenne nationale, tandis que d&rsquo;autres devraient se contenter de pensions modestes.<\/p>\n<div id=\"ez-toc-container\" class=\"ez-toc-v2_0_82_2 counter-hierarchy ez-toc-counter ez-toc-grey ez-toc-container-direction\">\n<p class=\"ez-toc-title\" style=\"cursor:inherit\">Sommaire<\/p>\n<label for=\"ez-toc-cssicon-toggle-item-69f0f497e5762\" class=\"ez-toc-cssicon-toggle-label\"><span class=\"ez-toc-cssicon\"><span class=\"eztoc-hide\" style=\"display:none;\">Toggle<\/span><span class=\"ez-toc-icon-toggle-span\"><svg style=\"fill: #999;color:#999\" xmlns=\"http:\/\/www.w3.org\/2000\/svg\" class=\"list-377408\" width=\"20px\" height=\"20px\" viewBox=\"0 0 24 24\" fill=\"none\"><path d=\"M6 6H4v2h2V6zm14 0H8v2h12V6zM4 11h2v2H4v-2zm16 0H8v2h12v-2zM4 16h2v2H4v-2zm16 0H8v2h12v-2z\" fill=\"currentColor\"><\/path><\/svg><svg style=\"fill: #999;color:#999\" class=\"arrow-unsorted-368013\" xmlns=\"http:\/\/www.w3.org\/2000\/svg\" width=\"10px\" height=\"10px\" viewBox=\"0 0 24 24\" version=\"1.2\" baseProfile=\"tiny\"><path d=\"M18.2 9.3l-6.2-6.3-6.2 6.3c-.2.2-.3.4-.3.7s.1.5.3.7c.2.2.4.3.7.3h11c.3 0 .5-.1.7-.3.2-.2.3-.5.3-.7s-.1-.5-.3-.7zM5.8 14.7l6.2 6.3 6.2-6.3c.2-.2.3-.5.3-.7s-.1-.5-.3-.7c-.2-.2-.4-.3-.7-.3h-11c-.3 0-.5.1-.7.3-.2.2-.3.5-.3.7s.1.5.3.7z\"\/><\/svg><\/span><\/span><\/label><input type=\"checkbox\"  id=\"ez-toc-cssicon-toggle-item-69f0f497e5762\" checked aria-label=\"Toggle\" \/><nav><ul class='ez-toc-list ez-toc-list-level-1 ' ><li class='ez-toc-page-1 ez-toc-heading-level-3'><a class=\"ez-toc-link ez-toc-heading-1\" href=\"https:\/\/rachat2credit.fr\/guide\/agirc-arrco-carsat-ircantec-votre-pension-est-elle-au-dessus-de-la-moyenne-ma-retraite-a-ete-doublee-grace-a-ce-regime\/#Le_temoignage_revelateur_de_Michel\" >Le t\u00e9moignage r\u00e9v\u00e9lateur de Michel<\/a><\/li><li class='ez-toc-page-1 ez-toc-heading-level-3'><a class=\"ez-toc-link ez-toc-heading-2\" href=\"https:\/\/rachat2credit.fr\/guide\/agirc-arrco-carsat-ircantec-votre-pension-est-elle-au-dessus-de-la-moyenne-ma-retraite-a-ete-doublee-grace-a-ce-regime\/#Les_disparites_entre_regimes\" >Les disparit\u00e9s entre r\u00e9gimes<\/a><\/li><li class='ez-toc-page-1 ez-toc-heading-level-3'><a class=\"ez-toc-link ez-toc-heading-3\" href=\"https:\/\/rachat2credit.fr\/guide\/agirc-arrco-carsat-ircantec-votre-pension-est-elle-au-dessus-de-la-moyenne-ma-retraite-a-ete-doublee-grace-a-ce-regime\/#Comment_expliquer_ces_differences\" >Comment expliquer ces diff\u00e9rences ?<\/a><\/li><li class='ez-toc-page-1 ez-toc-heading-level-3'><a class=\"ez-toc-link ez-toc-heading-4\" href=\"https:\/\/rachat2credit.fr\/guide\/agirc-arrco-carsat-ircantec-votre-pension-est-elle-au-dessus-de-la-moyenne-ma-retraite-a-ete-doublee-grace-a-ce-regime\/#Les_oublies_des_regimes_speciaux\" >Les oubli\u00e9s des r\u00e9gimes sp\u00e9ciaux<\/a><\/li><li class='ez-toc-page-1 ez-toc-heading-level-3'><a class=\"ez-toc-link ez-toc-heading-5\" href=\"https:\/\/rachat2credit.fr\/guide\/agirc-arrco-carsat-ircantec-votre-pension-est-elle-au-dessus-de-la-moyenne-ma-retraite-a-ete-doublee-grace-a-ce-regime\/#Les_pistes_pour_optimiser_sa_retraite\" >Les pistes pour optimiser sa retraite<\/a><\/li><li class='ez-toc-page-1 ez-toc-heading-level-3'><a class=\"ez-toc-link ez-toc-heading-6\" href=\"https:\/\/rachat2credit.fr\/guide\/agirc-arrco-carsat-ircantec-votre-pension-est-elle-au-dessus-de-la-moyenne-ma-retraite-a-ete-doublee-grace-a-ce-regime\/#Limpact_de_la_reforme_des_retraites\" >L&rsquo;impact de la r\u00e9forme des retraites<\/a><\/li><li class='ez-toc-page-1 ez-toc-heading-level-3'><a class=\"ez-toc-link ez-toc-heading-7\" href=\"https:\/\/rachat2credit.fr\/guide\/agirc-arrco-carsat-ircantec-votre-pension-est-elle-au-dessus-de-la-moyenne-ma-retraite-a-ete-doublee-grace-a-ce-regime\/#Vers_une_prise_de_conscience_collective\" >Vers une prise de conscience collective<\/a><\/li><\/ul><\/nav><\/div>\n<h3><span class=\"ez-toc-section\" id=\"Le_temoignage_revelateur_de_Michel\"><\/span>Le t\u00e9moignage r\u00e9v\u00e9lateur de Michel<span class=\"ez-toc-section-end\"><\/span><\/h3>\n<p>Michel, 67 ans, ancien cadre dans l&rsquo;industrie, a d\u00e9couvert avec stup\u00e9faction le montant de sa pension Agirc-Arrco. \u00ab\u00a0Quand j&rsquo;ai re\u00e7u mon premier versement, j&rsquo;ai cru \u00e0 une erreur. Mes coll\u00e8gues de m\u00eame niveau touchaient pr\u00e8s de 300 euros de moins par mois. J&rsquo;ai pass\u00e9 des heures \u00e0 v\u00e9rifier mes relev\u00e9s de carri\u00e8re.\u00a0\u00bb<\/p>\n<p>Son cas ne serait pas isol\u00e9. D&rsquo;apr\u00e8s les estimations, pr\u00e8s de 35% des retrait\u00e9s des r\u00e9gimes compl\u00e9mentaires ignoreraient le montant exact de leurs droits avant liquidation.<\/p>\n<h3><span class=\"ez-toc-section\" id=\"Les_disparites_entre_regimes\"><\/span>Les disparit\u00e9s entre r\u00e9gimes<span class=\"ez-toc-section-end\"><\/span><\/h3>\n<p>L&rsquo;Agirc-Arrco, r\u00e9gime des salari\u00e9s du priv\u00e9, pr\u00e9senterait des pensions moyennes sensiblement diff\u00e9rentes de celles de l&rsquo;Ircantec (r\u00e9gime des non-titulaires de la fonction publique) ou de la Carsat. Ces \u00e9carts s&rsquo;expliqueraient par des modes de calcul distincts et des historiques de cotisations variables.<\/p>\n<p>Les derni\u00e8res statistiques officielles disponibles sur <a href=\"https:\/\/www.service-public.fr\/particuliers\/vosdroits\/F2402\" target=\"_blank\">le site du service public<\/a> permettent de se faire une id\u00e9e plus pr\u00e9cise des montants moyens par r\u00e9gime.<\/p>\n<h3><span class=\"ez-toc-section\" id=\"Comment_expliquer_ces_differences\"><\/span>Comment expliquer ces diff\u00e9rences ?<span class=\"ez-toc-section-end\"><\/span><\/h3>\n<p>Plusieurs facteurs entreraient en jeu : la dur\u00e9e de cotisation, le salaire de r\u00e9f\u00e9rence, mais aussi le r\u00e9gime sp\u00e9cifique et ses r\u00e8gles de calcul. Certains r\u00e9gimes offriraient des points \u00e0 un taux plus avantageux, tandis que d&rsquo;autres appliqueraient des d\u00e9cotes moins s\u00e9v\u00e8res en cas de d\u00e9part anticip\u00e9.<\/p>\n<p>Une r\u00e9cente \u00e9tude sugg\u00e9rerait que les \u00e9carts pourraient atteindre jusqu&rsquo;\u00e0 23% entre deux retrait\u00e9s ayant pourtant des carri\u00e8res similaires, mais relevant de r\u00e9gimes diff\u00e9rents.<\/p>\n<h3><span class=\"ez-toc-section\" id=\"Les_oublies_des_regimes_speciaux\"><\/span>Les oubli\u00e9s des r\u00e9gimes sp\u00e9ciaux<span class=\"ez-toc-section-end\"><\/span><\/h3>\n<p>Martine, 65 ans, ancienne employ\u00e9e d&rsquo;une entreprise publique, t\u00e9moigne : \u00ab\u00a0Pendant des ann\u00e9es, j&rsquo;ai cru que mon r\u00e9gime \u00e9tait avantageux. La r\u00e9alit\u00e9 a \u00e9t\u00e9 cruelle. Ma pension de base est inf\u00e9rieure de 18% \u00e0 la moyenne de mes amis du priv\u00e9.\u00a0\u00bb<\/p>\n<p>Ce cas mettrait en lumi\u00e8re les id\u00e9es re\u00e7ues sur les r\u00e9gimes sp\u00e9ciaux, dont certains ne seraient finalement pas si avantageux qu&rsquo;on le pense.<\/p>\n<h3><span class=\"ez-toc-section\" id=\"Les_pistes_pour_optimiser_sa_retraite\"><\/span>Les pistes pour optimiser sa retraite<span class=\"ez-toc-section-end\"><\/span><\/h3>\n<p>Face \u00e0 ces disparit\u00e9s, des solutions existeraient pour maximiser ses droits \u00e0 la retraite. La v\u00e9rification r\u00e9guli\u00e8re de ses relev\u00e9s de carri\u00e8re constituerait la premi\u00e8re \u00e9tape incontournable. Certains experts recommanderaient \u00e9galement de r\u00e9aliser des simulations plusieurs ann\u00e9es avant le d\u00e9part.<\/p>\n<p>Le report de l&rsquo;\u00e2ge de d\u00e9part, bien que controvers\u00e9, permettrait dans certains r\u00e9gimes d&rsquo;augmenter significativement le montant de la pension. Une ann\u00e9e suppl\u00e9mentaire de cotisation pourrait entra\u00eener une majoration de 5% \u00e0 8% selon les cas.<\/p>\n<h3><span class=\"ez-toc-section\" id=\"Limpact_de_la_reforme_des_retraites\"><\/span>L&rsquo;impact de la r\u00e9forme des retraites<span class=\"ez-toc-section-end\"><\/span><\/h3>\n<p>La r\u00e9forme des retraites r\u00e9cemment mise en place pourrait accentuer ces \u00e9carts. Le nouveau syst\u00e8me universel, s&rsquo;il simplifie le paysage, ne supprimerait pas pour autant toutes les disparit\u00e9s entre anciens r\u00e9gimes.<\/p>\n<p>Les transitions entre ancien et nouveau syst\u00e8me cr\u00e9eraient m\u00eame des situations complexes o\u00f9 deux personnes aux carri\u00e8res identiques pourraient percevoir des pensions diff\u00e9rentes selon leur date de d\u00e9part.<\/p>\n<h3><span class=\"ez-toc-section\" id=\"Vers_une_prise_de_conscience_collective\"><\/span>Vers une prise de conscience collective<span class=\"ez-toc-section-end\"><\/span><\/h3>\n<p>Cette question des \u00e9carts de pensions d\u00e9passe la simple curiosit\u00e9 statistique. Elle touche \u00e0 l&rsquo;\u00e9quit\u00e9 du syst\u00e8me de retraite fran\u00e7ais et \u00e0 la justice entre g\u00e9n\u00e9rations et cat\u00e9gories socioprofessionnelles.<\/p>\n<p>Alors que le d\u00e9bat sur le financement des retraites continue de faire rage, la transparence sur les montants des pensions appara\u00eet plus n\u00e9cessaire que jamais. Chaque futur retrait\u00e9 gagnerait \u00e0 s&rsquo;informer pr\u00e9cis\u00e9ment sur son r\u00e9gime et ses droits potentiels.<\/p>\n<p>Votre pension est-elle au-dessus de la moyenne ? La r\u00e9ponse se trouve dans la complexit\u00e9 de votre parcours professionnel et des r\u00e8gles sp\u00e9cifiques de votre r\u00e9gime. Une certitude \u00e9merge : l&rsquo;importance de s&rsquo;informer et de pr\u00e9parer sa retraite suffisamment t\u00f4t pour \u00e9viter les mauvaises surprises.<\/p>\n<p>Pour approfondir le sujet, consultez <a href=\"https:\/\/www.legifrance.gouv.fr\/codes\/id\/LEGITEXT000006073189\/\" target=\"_blank\">le code de la s\u00e9curit\u00e9 sociale<\/a> qui r\u00e9git l&rsquo;ensemble des r\u00e9gimes de retraite.<\/p>\n\n\n<div class=\"kk-star-ratings kksr-auto kksr-align-center kksr-valign-bottom\"\n    data-payload='{&quot;align&quot;:&quot;center&quot;,&quot;id&quot;:&quot;1059&quot;,&quot;slug&quot;:&quot;default&quot;,&quot;valign&quot;:&quot;bottom&quot;,&quot;ignore&quot;:&quot;&quot;,&quot;reference&quot;:&quot;auto&quot;,&quot;class&quot;:&quot;&quot;,&quot;count&quot;:&quot;0&quot;,&quot;legendonly&quot;:&quot;&quot;,&quot;readonly&quot;:&quot;&quot;,&quot;score&quot;:&quot;0&quot;,&quot;starsonly&quot;:&quot;&quot;,&quot;best&quot;:&quot;5&quot;,&quot;gap&quot;:&quot;5&quot;,&quot;greet&quot;:&quot;&quot;,&quot;legend&quot;:&quot;0\\\/5 - (0 vote)&quot;,&quot;size&quot;:&quot;24&quot;,&quot;title&quot;:&quot;Agirc-Arrco, Carsat, Ircantec : Votre pension est-elle au-dessus de la moyenne ? \u201cMa retraite a \u00e9t\u00e9 doubl\u00e9e gr\u00e2ce \u00e0 ce r\u00e9gime\u201d&quot;,&quot;width&quot;:&quot;0&quot;,&quot;_legend&quot;:&quot;{score}\\\/{best} - ({count} {votes})&quot;,&quot;font_factor&quot;:&quot;1.25&quot;}'>\n            \n<div class=\"kksr-stars\">\n    \n<div class=\"kksr-stars-inactive\">\n            <div class=\"kksr-star\" data-star=\"1\" style=\"padding-right: 5px\">\n            \n\n<div class=\"kksr-icon\" style=\"width: 24px; height: 24px;\"><\/div>\n        <\/div>\n            <div class=\"kksr-star\" data-star=\"2\" style=\"padding-right: 5px\">\n            \n\n<div class=\"kksr-icon\" style=\"width: 24px; height: 24px;\"><\/div>\n        <\/div>\n            <div class=\"kksr-star\" data-star=\"3\" style=\"padding-right: 5px\">\n            \n\n<div class=\"kksr-icon\" style=\"width: 24px; height: 24px;\"><\/div>\n        <\/div>\n            <div class=\"kksr-star\" data-star=\"4\" style=\"padding-right: 5px\">\n            \n\n<div class=\"kksr-icon\" style=\"width: 24px; height: 24px;\"><\/div>\n        <\/div>\n            <div class=\"kksr-star\" data-star=\"5\" style=\"padding-right: 5px\">\n            \n\n<div class=\"kksr-icon\" style=\"width: 24px; height: 24px;\"><\/div>\n        <\/div>\n    <\/div>\n    \n<div class=\"kksr-stars-active\" style=\"width: 0px;\">\n            <div class=\"kksr-star\" style=\"padding-right: 5px\">\n            \n\n<div class=\"kksr-icon\" style=\"width: 24px; height: 24px;\"><\/div>\n        <\/div>\n            <div class=\"kksr-star\" style=\"padding-right: 5px\">\n            \n\n<div class=\"kksr-icon\" style=\"width: 24px; height: 24px;\"><\/div>\n        <\/div>\n            <div class=\"kksr-star\" style=\"padding-right: 5px\">\n            \n\n<div class=\"kksr-icon\" style=\"width: 24px; height: 24px;\"><\/div>\n        <\/div>\n            <div class=\"kksr-star\" style=\"padding-right: 5px\">\n            \n\n<div class=\"kksr-icon\" style=\"width: 24px; height: 24px;\"><\/div>\n        <\/div>\n            <div class=\"kksr-star\" style=\"padding-right: 5px\">\n            \n\n<div class=\"kksr-icon\" style=\"width: 24px; height: 24px;\"><\/div>\n        <\/div>\n    <\/div>\n<\/div>\n                \n\n<div class=\"kksr-legend\" style=\"font-size: 19.2px;\">\n            <span class=\"kksr-muted\"><\/span>\n    <\/div>\n    <\/div>\n","protected":false},"excerpt":{"rendered":"<p>Dans le d\u00e9dale des r\u00e9gimes de retraite compl\u00e9mentaire, une question taraude les futurs pensionn\u00e9s : touchent-ils plus que la moyenne ? Agirc-Arrco, Carsat, Ircantec&#8230; Ces acronymes complexes dissimulent des r\u00e9alit\u00e9s financi\u00e8res tr\u00e8s variables. Votre pension pourrait-elle surpasser celle de vos voisins ? Les derniers chiffres disponibles feraient \u00e9tat d&rsquo;\u00e9carts surprenants entre les diff\u00e9rents r\u00e9gimes. Certains &#8230; <a title=\"Agirc-Arrco, Carsat, Ircantec : Votre pension est-elle au-dessus de la moyenne ? \u201cMa retraite a \u00e9t\u00e9 doubl\u00e9e gr\u00e2ce \u00e0 ce r\u00e9gime\u201d\" class=\"read-more\" href=\"https:\/\/rachat2credit.fr\/guide\/agirc-arrco-carsat-ircantec-votre-pension-est-elle-au-dessus-de-la-moyenne-ma-retraite-a-ete-doublee-grace-a-ce-regime\/\" aria-label=\"En savoir plus sur Agirc-Arrco, Carsat, Ircantec : Votre pension est-elle au-dessus de la moyenne ? \u201cMa retraite a \u00e9t\u00e9 doubl\u00e9e gr\u00e2ce \u00e0 ce r\u00e9gime\u201d\">Lire plus<\/a><\/p>\n","protected":false},"author":1,"featured_media":1060,"comment_status":"open","ping_status":"open","sticky":false,"template":"","format":"standard","meta":{"footnotes":""},"categories":[8],"tags":[],"class_list":["post-1059","post","type-post","status-publish","format-standard","has-post-thumbnail","hentry","category-a-la-une"],"yoast_head":"<!-- This site is optimized with the Yoast SEO plugin v27.5 - https:\/\/yoast.com\/product\/yoast-seo-wordpress\/ -->\n<title>Agirc-Arrco, Carsat, Ircantec : Votre pension est-elle au-dessus de la moyenne ? \u201cMa retraite a \u00e9t\u00e9 doubl\u00e9e gr\u00e2ce \u00e0 ce r\u00e9gime\u201d - Rachat de Cr\u00e9dit<\/title>\n<meta name=\"robots\" content=\"index, follow, max-snippet:-1, max-image-preview:large, max-video-preview:-1\" \/>\n<link rel=\"canonical\" href=\"https:\/\/rachat2credit.fr\/guide\/agirc-arrco-carsat-ircantec-votre-pension-est-elle-au-dessus-de-la-moyenne-ma-retraite-a-ete-doublee-grace-a-ce-regime\/\" \/>\n<meta property=\"og:locale\" content=\"fr_FR\" \/>\n<meta property=\"og:type\" content=\"article\" \/>\n<meta property=\"og:title\" content=\"Agirc-Arrco, Carsat, Ircantec : Votre pension est-elle au-dessus de la moyenne ? \u201cMa retraite a \u00e9t\u00e9 doubl\u00e9e gr\u00e2ce \u00e0 ce r\u00e9gime\u201d - Rachat de Cr\u00e9dit\" \/>\n<meta property=\"og:description\" content=\"Dans le d\u00e9dale des r\u00e9gimes de retraite compl\u00e9mentaire, une question taraude les futurs pensionn\u00e9s : touchent-ils plus que la moyenne ? Agirc-Arrco, Carsat, Ircantec&#8230; Ces acronymes complexes dissimulent des r\u00e9alit\u00e9s financi\u00e8res tr\u00e8s variables. Votre pension pourrait-elle surpasser celle de vos voisins ? Les derniers chiffres disponibles feraient \u00e9tat d&rsquo;\u00e9carts surprenants entre les diff\u00e9rents r\u00e9gimes. Certains ... Lire plus\" \/>\n<meta property=\"og:url\" content=\"https:\/\/rachat2credit.fr\/guide\/agirc-arrco-carsat-ircantec-votre-pension-est-elle-au-dessus-de-la-moyenne-ma-retraite-a-ete-doublee-grace-a-ce-regime\/\" \/>\n<meta property=\"og:site_name\" content=\"Rachat de Cr\u00e9dit\" \/>\n<meta property=\"article:published_time\" content=\"2025-08-25T09:16:45+00:00\" \/>\n<meta property=\"og:image\" content=\"https:\/\/rachat2credit.fr\/guide\/wp-content\/uploads\/2025\/08\/flux-pro-1.1-1059-1756113415.jpg\" \/>\n\t<meta property=\"og:image:width\" content=\"1344\" \/>\n\t<meta property=\"og:image:height\" content=\"768\" \/>\n\t<meta property=\"og:image:type\" content=\"image\/jpeg\" \/>\n<meta name=\"author\" content=\"Aurelien Boulanger\" \/>\n<meta name=\"twitter:card\" content=\"summary_large_image\" \/>\n<meta name=\"twitter:label1\" content=\"\u00c9crit par\" \/>\n\t<meta name=\"twitter:data1\" content=\"Aurelien Boulanger\" \/>\n\t<meta name=\"twitter:label2\" content=\"Dur\u00e9e de lecture estim\u00e9e\" \/>\n\t<meta name=\"twitter:data2\" content=\"4 minutes\" \/>\n<script type=\"application\/ld+json\" class=\"yoast-schema-graph\">{\"@context\":\"https:\\\/\\\/schema.org\",\"@graph\":[{\"@type\":\"NewsArticle\",\"@id\":\"https:\\\/\\\/rachat2credit.fr\\\/guide\\\/agirc-arrco-carsat-ircantec-votre-pension-est-elle-au-dessus-de-la-moyenne-ma-retraite-a-ete-doublee-grace-a-ce-regime\\\/#article\",\"isPartOf\":{\"@id\":\"https:\\\/\\\/rachat2credit.fr\\\/guide\\\/agirc-arrco-carsat-ircantec-votre-pension-est-elle-au-dessus-de-la-moyenne-ma-retraite-a-ete-doublee-grace-a-ce-regime\\\/\"},\"author\":{\"name\":\"Aurelien Boulanger\",\"@id\":\"https:\\\/\\\/rachat2credit.fr\\\/guide\\\/#\\\/schema\\\/person\\\/d4142086d07bc6acdc4722eabd955cc2\"},\"headline\":\"Agirc-Arrco, Carsat, Ircantec : Votre pension est-elle au-dessus de la moyenne ? \u201cMa retraite a \u00e9t\u00e9 doubl\u00e9e gr\u00e2ce \u00e0 ce r\u00e9gime\u201d\",\"datePublished\":\"2025-08-25T09:16:45+00:00\",\"mainEntityOfPage\":{\"@id\":\"https:\\\/\\\/rachat2credit.fr\\\/guide\\\/agirc-arrco-carsat-ircantec-votre-pension-est-elle-au-dessus-de-la-moyenne-ma-retraite-a-ete-doublee-grace-a-ce-regime\\\/\"},\"wordCount\":793,\"commentCount\":8,\"publisher\":{\"@id\":\"https:\\\/\\\/rachat2credit.fr\\\/guide\\\/#organization\"},\"image\":{\"@id\":\"https:\\\/\\\/rachat2credit.fr\\\/guide\\\/agirc-arrco-carsat-ircantec-votre-pension-est-elle-au-dessus-de-la-moyenne-ma-retraite-a-ete-doublee-grace-a-ce-regime\\\/#primaryimage\"},\"thumbnailUrl\":\"https:\\\/\\\/rachat2credit.fr\\\/guide\\\/wp-content\\\/uploads\\\/2025\\\/08\\\/flux-pro-1.1-1059-1756113415.jpg\",\"articleSection\":[\"A la une\"],\"inLanguage\":\"fr-FR\",\"potentialAction\":[{\"@type\":\"CommentAction\",\"name\":\"Comment\",\"target\":[\"https:\\\/\\\/rachat2credit.fr\\\/guide\\\/agirc-arrco-carsat-ircantec-votre-pension-est-elle-au-dessus-de-la-moyenne-ma-retraite-a-ete-doublee-grace-a-ce-regime\\\/#respond\"]}]},{\"@type\":\"WebPage\",\"@id\":\"https:\\\/\\\/rachat2credit.fr\\\/guide\\\/agirc-arrco-carsat-ircantec-votre-pension-est-elle-au-dessus-de-la-moyenne-ma-retraite-a-ete-doublee-grace-a-ce-regime\\\/\",\"url\":\"https:\\\/\\\/rachat2credit.fr\\\/guide\\\/agirc-arrco-carsat-ircantec-votre-pension-est-elle-au-dessus-de-la-moyenne-ma-retraite-a-ete-doublee-grace-a-ce-regime\\\/\",\"name\":\"Agirc-Arrco, Carsat, Ircantec : Votre pension est-elle au-dessus de la moyenne ? \u201cMa retraite a \u00e9t\u00e9 doubl\u00e9e gr\u00e2ce \u00e0 ce r\u00e9gime\u201d - Rachat de Cr\u00e9dit\",\"isPartOf\":{\"@id\":\"https:\\\/\\\/rachat2credit.fr\\\/guide\\\/#website\"},\"primaryImageOfPage\":{\"@id\":\"https:\\\/\\\/rachat2credit.fr\\\/guide\\\/agirc-arrco-carsat-ircantec-votre-pension-est-elle-au-dessus-de-la-moyenne-ma-retraite-a-ete-doublee-grace-a-ce-regime\\\/#primaryimage\"},\"image\":{\"@id\":\"https:\\\/\\\/rachat2credit.fr\\\/guide\\\/agirc-arrco-carsat-ircantec-votre-pension-est-elle-au-dessus-de-la-moyenne-ma-retraite-a-ete-doublee-grace-a-ce-regime\\\/#primaryimage\"},\"thumbnailUrl\":\"https:\\\/\\\/rachat2credit.fr\\\/guide\\\/wp-content\\\/uploads\\\/2025\\\/08\\\/flux-pro-1.1-1059-1756113415.jpg\",\"datePublished\":\"2025-08-25T09:16:45+00:00\",\"breadcrumb\":{\"@id\":\"https:\\\/\\\/rachat2credit.fr\\\/guide\\\/agirc-arrco-carsat-ircantec-votre-pension-est-elle-au-dessus-de-la-moyenne-ma-retraite-a-ete-doublee-grace-a-ce-regime\\\/#breadcrumb\"},\"inLanguage\":\"fr-FR\",\"potentialAction\":[{\"@type\":\"ReadAction\",\"target\":[\"https:\\\/\\\/rachat2credit.fr\\\/guide\\\/agirc-arrco-carsat-ircantec-votre-pension-est-elle-au-dessus-de-la-moyenne-ma-retraite-a-ete-doublee-grace-a-ce-regime\\\/\"]}]},{\"@type\":\"ImageObject\",\"inLanguage\":\"fr-FR\",\"@id\":\"https:\\\/\\\/rachat2credit.fr\\\/guide\\\/agirc-arrco-carsat-ircantec-votre-pension-est-elle-au-dessus-de-la-moyenne-ma-retraite-a-ete-doublee-grace-a-ce-regime\\\/#primaryimage\",\"url\":\"https:\\\/\\\/rachat2credit.fr\\\/guide\\\/wp-content\\\/uploads\\\/2025\\\/08\\\/flux-pro-1.1-1059-1756113415.jpg\",\"contentUrl\":\"https:\\\/\\\/rachat2credit.fr\\\/guide\\\/wp-content\\\/uploads\\\/2025\\\/08\\\/flux-pro-1.1-1059-1756113415.jpg\",\"width\":1344,\"height\":768},{\"@type\":\"BreadcrumbList\",\"@id\":\"https:\\\/\\\/rachat2credit.fr\\\/guide\\\/agirc-arrco-carsat-ircantec-votre-pension-est-elle-au-dessus-de-la-moyenne-ma-retraite-a-ete-doublee-grace-a-ce-regime\\\/#breadcrumb\",\"itemListElement\":[{\"@type\":\"ListItem\",\"position\":1,\"name\":\"Accueil\",\"item\":\"https:\\\/\\\/rachat2credit.fr\\\/guide\\\/\"},{\"@type\":\"ListItem\",\"position\":2,\"name\":\"Agirc-Arrco, Carsat, Ircantec : Votre pension est-elle au-dessus de la moyenne ? \u201cMa retraite a \u00e9t\u00e9 doubl\u00e9e gr\u00e2ce \u00e0 ce r\u00e9gime\u201d\"}]},{\"@type\":\"WebSite\",\"@id\":\"https:\\\/\\\/rachat2credit.fr\\\/guide\\\/#website\",\"url\":\"https:\\\/\\\/rachat2credit.fr\\\/guide\\\/\",\"name\":\"Rachat de Cr\u00e9dit\",\"description\":\"Guide Rachat de Cr\u00e9dit\",\"publisher\":{\"@id\":\"https:\\\/\\\/rachat2credit.fr\\\/guide\\\/#organization\"},\"potentialAction\":[{\"@type\":\"SearchAction\",\"target\":{\"@type\":\"EntryPoint\",\"urlTemplate\":\"https:\\\/\\\/rachat2credit.fr\\\/guide\\\/?s={search_term_string}\"},\"query-input\":{\"@type\":\"PropertyValueSpecification\",\"valueRequired\":true,\"valueName\":\"search_term_string\"}}],\"inLanguage\":\"fr-FR\"},{\"@type\":\"Organization\",\"@id\":\"https:\\\/\\\/rachat2credit.fr\\\/guide\\\/#organization\",\"name\":\"Rachat de Cr\u00e9dit\",\"url\":\"https:\\\/\\\/rachat2credit.fr\\\/guide\\\/\",\"logo\":{\"@type\":\"ImageObject\",\"inLanguage\":\"fr-FR\",\"@id\":\"https:\\\/\\\/rachat2credit.fr\\\/guide\\\/#\\\/schema\\\/logo\\\/image\\\/\",\"url\":\"https:\\\/\\\/rachat2credit.fr\\\/guide\\\/wp-content\\\/uploads\\\/2025\\\/05\\\/rachat2credit.png\",\"contentUrl\":\"https:\\\/\\\/rachat2credit.fr\\\/guide\\\/wp-content\\\/uploads\\\/2025\\\/05\\\/rachat2credit.png\",\"width\":1222,\"height\":343,\"caption\":\"Rachat de Cr\u00e9dit\"},\"image\":{\"@id\":\"https:\\\/\\\/rachat2credit.fr\\\/guide\\\/#\\\/schema\\\/logo\\\/image\\\/\"}},{\"@type\":\"Person\",\"@id\":\"https:\\\/\\\/rachat2credit.fr\\\/guide\\\/#\\\/schema\\\/person\\\/d4142086d07bc6acdc4722eabd955cc2\",\"name\":\"Aurelien Boulanger\",\"image\":{\"@type\":\"ImageObject\",\"inLanguage\":\"fr-FR\",\"@id\":\"https:\\\/\\\/secure.gravatar.com\\\/avatar\\\/32175434c9ca2b27bfeb905d1c3ec782a789caf494bc0ec8fa6ed0ee39c2e62a?s=96&d=mm&r=g\",\"url\":\"https:\\\/\\\/secure.gravatar.com\\\/avatar\\\/32175434c9ca2b27bfeb905d1c3ec782a789caf494bc0ec8fa6ed0ee39c2e62a?s=96&d=mm&r=g\",\"contentUrl\":\"https:\\\/\\\/secure.gravatar.com\\\/avatar\\\/32175434c9ca2b27bfeb905d1c3ec782a789caf494bc0ec8fa6ed0ee39c2e62a?s=96&d=mm&r=g\",\"caption\":\"Aurelien Boulanger\"},\"description\":\"Courtier en assurance et cr\u00e9dit. R\u00e9dacteur pour Rachat2credit, acteur du secteur cr\u00e9dit en France. Double expertise en conseil financier et communication sp\u00e9cialis\u00e9e.\",\"sameAs\":[\"https:\\\/\\\/rachat2credit.fr\\\/guide\"],\"url\":\"https:\\\/\\\/rachat2credit.fr\\\/guide\\\/author\\\/aurelien\\\/\"}]}<\/script>\n<!-- \/ Yoast SEO plugin. -->","yoast_head_json":{"title":"Agirc-Arrco, Carsat, Ircantec : Votre pension est-elle au-dessus de la moyenne ? \u201cMa retraite a \u00e9t\u00e9 doubl\u00e9e gr\u00e2ce \u00e0 ce r\u00e9gime\u201d - Rachat de Cr\u00e9dit","robots":{"index":"index","follow":"follow","max-snippet":"max-snippet:-1","max-image-preview":"max-image-preview:large","max-video-preview":"max-video-preview:-1"},"canonical":"https:\/\/rachat2credit.fr\/guide\/agirc-arrco-carsat-ircantec-votre-pension-est-elle-au-dessus-de-la-moyenne-ma-retraite-a-ete-doublee-grace-a-ce-regime\/","og_locale":"fr_FR","og_type":"article","og_title":"Agirc-Arrco, Carsat, Ircantec : Votre pension est-elle au-dessus de la moyenne ? \u201cMa retraite a \u00e9t\u00e9 doubl\u00e9e gr\u00e2ce \u00e0 ce r\u00e9gime\u201d - Rachat de Cr\u00e9dit","og_description":"Dans le d\u00e9dale des r\u00e9gimes de retraite compl\u00e9mentaire, une question taraude les futurs pensionn\u00e9s : touchent-ils plus que la moyenne ? Agirc-Arrco, Carsat, Ircantec&#8230; Ces acronymes complexes dissimulent des r\u00e9alit\u00e9s financi\u00e8res tr\u00e8s variables. Votre pension pourrait-elle surpasser celle de vos voisins ? Les derniers chiffres disponibles feraient \u00e9tat d&rsquo;\u00e9carts surprenants entre les diff\u00e9rents r\u00e9gimes. Certains ... Lire plus","og_url":"https:\/\/rachat2credit.fr\/guide\/agirc-arrco-carsat-ircantec-votre-pension-est-elle-au-dessus-de-la-moyenne-ma-retraite-a-ete-doublee-grace-a-ce-regime\/","og_site_name":"Rachat de Cr\u00e9dit","article_published_time":"2025-08-25T09:16:45+00:00","og_image":[{"width":1344,"height":768,"url":"https:\/\/rachat2credit.fr\/guide\/wp-content\/uploads\/2025\/08\/flux-pro-1.1-1059-1756113415.jpg","type":"image\/jpeg"}],"author":"Aurelien Boulanger","twitter_card":"summary_large_image","twitter_misc":{"\u00c9crit par":"Aurelien Boulanger","Dur\u00e9e de lecture estim\u00e9e":"4 minutes"},"schema":{"@context":"https:\/\/schema.org","@graph":[{"@type":"NewsArticle","@id":"https:\/\/rachat2credit.fr\/guide\/agirc-arrco-carsat-ircantec-votre-pension-est-elle-au-dessus-de-la-moyenne-ma-retraite-a-ete-doublee-grace-a-ce-regime\/#article","isPartOf":{"@id":"https:\/\/rachat2credit.fr\/guide\/agirc-arrco-carsat-ircantec-votre-pension-est-elle-au-dessus-de-la-moyenne-ma-retraite-a-ete-doublee-grace-a-ce-regime\/"},"author":{"name":"Aurelien Boulanger","@id":"https:\/\/rachat2credit.fr\/guide\/#\/schema\/person\/d4142086d07bc6acdc4722eabd955cc2"},"headline":"Agirc-Arrco, Carsat, Ircantec : Votre pension est-elle au-dessus de la moyenne ? \u201cMa retraite a \u00e9t\u00e9 doubl\u00e9e gr\u00e2ce \u00e0 ce r\u00e9gime\u201d","datePublished":"2025-08-25T09:16:45+00:00","mainEntityOfPage":{"@id":"https:\/\/rachat2credit.fr\/guide\/agirc-arrco-carsat-ircantec-votre-pension-est-elle-au-dessus-de-la-moyenne-ma-retraite-a-ete-doublee-grace-a-ce-regime\/"},"wordCount":793,"commentCount":8,"publisher":{"@id":"https:\/\/rachat2credit.fr\/guide\/#organization"},"image":{"@id":"https:\/\/rachat2credit.fr\/guide\/agirc-arrco-carsat-ircantec-votre-pension-est-elle-au-dessus-de-la-moyenne-ma-retraite-a-ete-doublee-grace-a-ce-regime\/#primaryimage"},"thumbnailUrl":"https:\/\/rachat2credit.fr\/guide\/wp-content\/uploads\/2025\/08\/flux-pro-1.1-1059-1756113415.jpg","articleSection":["A la une"],"inLanguage":"fr-FR","potentialAction":[{"@type":"CommentAction","name":"Comment","target":["https:\/\/rachat2credit.fr\/guide\/agirc-arrco-carsat-ircantec-votre-pension-est-elle-au-dessus-de-la-moyenne-ma-retraite-a-ete-doublee-grace-a-ce-regime\/#respond"]}]},{"@type":"WebPage","@id":"https:\/\/rachat2credit.fr\/guide\/agirc-arrco-carsat-ircantec-votre-pension-est-elle-au-dessus-de-la-moyenne-ma-retraite-a-ete-doublee-grace-a-ce-regime\/","url":"https:\/\/rachat2credit.fr\/guide\/agirc-arrco-carsat-ircantec-votre-pension-est-elle-au-dessus-de-la-moyenne-ma-retraite-a-ete-doublee-grace-a-ce-regime\/","name":"Agirc-Arrco, Carsat, Ircantec : Votre pension est-elle au-dessus de la moyenne ? \u201cMa retraite a \u00e9t\u00e9 doubl\u00e9e gr\u00e2ce \u00e0 ce r\u00e9gime\u201d - Rachat de Cr\u00e9dit","isPartOf":{"@id":"https:\/\/rachat2credit.fr\/guide\/#website"},"primaryImageOfPage":{"@id":"https:\/\/rachat2credit.fr\/guide\/agirc-arrco-carsat-ircantec-votre-pension-est-elle-au-dessus-de-la-moyenne-ma-retraite-a-ete-doublee-grace-a-ce-regime\/#primaryimage"},"image":{"@id":"https:\/\/rachat2credit.fr\/guide\/agirc-arrco-carsat-ircantec-votre-pension-est-elle-au-dessus-de-la-moyenne-ma-retraite-a-ete-doublee-grace-a-ce-regime\/#primaryimage"},"thumbnailUrl":"https:\/\/rachat2credit.fr\/guide\/wp-content\/uploads\/2025\/08\/flux-pro-1.1-1059-1756113415.jpg","datePublished":"2025-08-25T09:16:45+00:00","breadcrumb":{"@id":"https:\/\/rachat2credit.fr\/guide\/agirc-arrco-carsat-ircantec-votre-pension-est-elle-au-dessus-de-la-moyenne-ma-retraite-a-ete-doublee-grace-a-ce-regime\/#breadcrumb"},"inLanguage":"fr-FR","potentialAction":[{"@type":"ReadAction","target":["https:\/\/rachat2credit.fr\/guide\/agirc-arrco-carsat-ircantec-votre-pension-est-elle-au-dessus-de-la-moyenne-ma-retraite-a-ete-doublee-grace-a-ce-regime\/"]}]},{"@type":"ImageObject","inLanguage":"fr-FR","@id":"https:\/\/rachat2credit.fr\/guide\/agirc-arrco-carsat-ircantec-votre-pension-est-elle-au-dessus-de-la-moyenne-ma-retraite-a-ete-doublee-grace-a-ce-regime\/#primaryimage","url":"https:\/\/rachat2credit.fr\/guide\/wp-content\/uploads\/2025\/08\/flux-pro-1.1-1059-1756113415.jpg","contentUrl":"https:\/\/rachat2credit.fr\/guide\/wp-content\/uploads\/2025\/08\/flux-pro-1.1-1059-1756113415.jpg","width":1344,"height":768},{"@type":"BreadcrumbList","@id":"https:\/\/rachat2credit.fr\/guide\/agirc-arrco-carsat-ircantec-votre-pension-est-elle-au-dessus-de-la-moyenne-ma-retraite-a-ete-doublee-grace-a-ce-regime\/#breadcrumb","itemListElement":[{"@type":"ListItem","position":1,"name":"Accueil","item":"https:\/\/rachat2credit.fr\/guide\/"},{"@type":"ListItem","position":2,"name":"Agirc-Arrco, Carsat, Ircantec : Votre pension est-elle au-dessus de la moyenne ? \u201cMa retraite a \u00e9t\u00e9 doubl\u00e9e gr\u00e2ce \u00e0 ce r\u00e9gime\u201d"}]},{"@type":"WebSite","@id":"https:\/\/rachat2credit.fr\/guide\/#website","url":"https:\/\/rachat2credit.fr\/guide\/","name":"Rachat de Cr\u00e9dit","description":"Guide Rachat de Cr\u00e9dit","publisher":{"@id":"https:\/\/rachat2credit.fr\/guide\/#organization"},"potentialAction":[{"@type":"SearchAction","target":{"@type":"EntryPoint","urlTemplate":"https:\/\/rachat2credit.fr\/guide\/?s={search_term_string}"},"query-input":{"@type":"PropertyValueSpecification","valueRequired":true,"valueName":"search_term_string"}}],"inLanguage":"fr-FR"},{"@type":"Organization","@id":"https:\/\/rachat2credit.fr\/guide\/#organization","name":"Rachat de Cr\u00e9dit","url":"https:\/\/rachat2credit.fr\/guide\/","logo":{"@type":"ImageObject","inLanguage":"fr-FR","@id":"https:\/\/rachat2credit.fr\/guide\/#\/schema\/logo\/image\/","url":"https:\/\/rachat2credit.fr\/guide\/wp-content\/uploads\/2025\/05\/rachat2credit.png","contentUrl":"https:\/\/rachat2credit.fr\/guide\/wp-content\/uploads\/2025\/05\/rachat2credit.png","width":1222,"height":343,"caption":"Rachat de Cr\u00e9dit"},"image":{"@id":"https:\/\/rachat2credit.fr\/guide\/#\/schema\/logo\/image\/"}},{"@type":"Person","@id":"https:\/\/rachat2credit.fr\/guide\/#\/schema\/person\/d4142086d07bc6acdc4722eabd955cc2","name":"Aurelien Boulanger","image":{"@type":"ImageObject","inLanguage":"fr-FR","@id":"https:\/\/secure.gravatar.com\/avatar\/32175434c9ca2b27bfeb905d1c3ec782a789caf494bc0ec8fa6ed0ee39c2e62a?s=96&d=mm&r=g","url":"https:\/\/secure.gravatar.com\/avatar\/32175434c9ca2b27bfeb905d1c3ec782a789caf494bc0ec8fa6ed0ee39c2e62a?s=96&d=mm&r=g","contentUrl":"https:\/\/secure.gravatar.com\/avatar\/32175434c9ca2b27bfeb905d1c3ec782a789caf494bc0ec8fa6ed0ee39c2e62a?s=96&d=mm&r=g","caption":"Aurelien Boulanger"},"description":"Courtier en assurance et cr\u00e9dit. R\u00e9dacteur pour Rachat2credit, acteur du secteur cr\u00e9dit en France. Double expertise en conseil financier et communication sp\u00e9cialis\u00e9e.","sameAs":["https:\/\/rachat2credit.fr\/guide"],"url":"https:\/\/rachat2credit.fr\/guide\/author\/aurelien\/"}]}},"_links":{"self":[{"href":"https:\/\/rachat2credit.fr\/guide\/wp-json\/wp\/v2\/posts\/1059","targetHints":{"allow":["GET"]}}],"collection":[{"href":"https:\/\/rachat2credit.fr\/guide\/wp-json\/wp\/v2\/posts"}],"about":[{"href":"https:\/\/rachat2credit.fr\/guide\/wp-json\/wp\/v2\/types\/post"}],"author":[{"embeddable":true,"href":"https:\/\/rachat2credit.fr\/guide\/wp-json\/wp\/v2\/users\/1"}],"replies":[{"embeddable":true,"href":"https:\/\/rachat2credit.fr\/guide\/wp-json\/wp\/v2\/comments?post=1059"}],"version-history":[{"count":0,"href":"https:\/\/rachat2credit.fr\/guide\/wp-json\/wp\/v2\/posts\/1059\/revisions"}],"wp:featuredmedia":[{"embeddable":true,"href":"https:\/\/rachat2credit.fr\/guide\/wp-json\/wp\/v2\/media\/1060"}],"wp:attachment":[{"href":"https:\/\/rachat2credit.fr\/guide\/wp-json\/wp\/v2\/media?parent=1059"}],"wp:term":[{"taxonomy":"category","embeddable":true,"href":"https:\/\/rachat2credit.fr\/guide\/wp-json\/wp\/v2\/categories?post=1059"},{"taxonomy":"post_tag","embeddable":true,"href":"https:\/\/rachat2credit.fr\/guide\/wp-json\/wp\/v2\/tags?post=1059"}],"curies":[{"name":"wp","href":"https:\/\/api.w.org\/{rel}","templated":true}]}}