{"id":1063,"date":"2025-08-25T14:16:31","date_gmt":"2025-08-25T12:16:31","guid":{"rendered":"https:\/\/rachat2credit.fr\/guide\/immobilier-a-grenoble-les-prix-des-maisons-et-appartements-en-aout-2025-senvolent-on-a-achete-avant-que-ca-ne-devienne-inaccessible\/"},"modified":"2025-08-25T14:16:31","modified_gmt":"2025-08-25T12:16:31","slug":"immobilier-a-grenoble-les-prix-des-maisons-et-appartements-en-aout-2025-senvolent-on-a-achete-avant-que-ca-ne-devienne-inaccessible","status":"publish","type":"post","link":"https:\/\/rachat2credit.fr\/guide\/immobilier-a-grenoble-les-prix-des-maisons-et-appartements-en-aout-2025-senvolent-on-a-achete-avant-que-ca-ne-devienne-inaccessible\/","title":{"rendered":"Immobilier \u00e0 Grenoble : les prix des maisons et appartements en ao\u00fbt 2025 s\u2019envolent \u201con a achet\u00e9 avant que \u00e7a ne devienne inaccessible\u201d"},"content":{"rendered":"<p>L&rsquo;immobilier grenoblois pourrait-il conna\u00eetre un retournement de situation en cette fin d&rsquo;\u00e9t\u00e9 2025 ? Alors que le march\u00e9 fran\u00e7ais montre des signes de fluctuation, la capitale des Alpes semble suivre sa propre trajectoire, suscitant autant l&rsquo;inqui\u00e9tude que l&rsquo;espoir chez les acheteurs et vendeurs.<\/p>\n<p>Un vent de panique soufflerait sur les transactions immobili\u00e8res \u00e0 Grenoble depuis le d\u00e9but du mois d&rsquo;ao\u00fbt. Selon plusieurs professionnels du secteur interrog\u00e9s sous couvert d&rsquo;anonymat, les prix des appartements et maisons auraient enregistr\u00e9 des mouvements inattendus, contraires aux tendances nationales.<\/p>\n<div id=\"ez-toc-container\" class=\"ez-toc-v2_0_82_2 counter-hierarchy ez-toc-counter ez-toc-grey ez-toc-container-direction\">\n<p class=\"ez-toc-title\" style=\"cursor:inherit\">Sommaire<\/p>\n<label for=\"ez-toc-cssicon-toggle-item-69f0f497d0036\" class=\"ez-toc-cssicon-toggle-label\"><span class=\"ez-toc-cssicon\"><span class=\"eztoc-hide\" style=\"display:none;\">Toggle<\/span><span class=\"ez-toc-icon-toggle-span\"><svg style=\"fill: #999;color:#999\" xmlns=\"http:\/\/www.w3.org\/2000\/svg\" class=\"list-377408\" width=\"20px\" height=\"20px\" viewBox=\"0 0 24 24\" fill=\"none\"><path d=\"M6 6H4v2h2V6zm14 0H8v2h12V6zM4 11h2v2H4v-2zm16 0H8v2h12v-2zM4 16h2v2H4v-2zm16 0H8v2h12v-2z\" fill=\"currentColor\"><\/path><\/svg><svg style=\"fill: #999;color:#999\" class=\"arrow-unsorted-368013\" xmlns=\"http:\/\/www.w3.org\/2000\/svg\" width=\"10px\" height=\"10px\" viewBox=\"0 0 24 24\" version=\"1.2\" baseProfile=\"tiny\"><path d=\"M18.2 9.3l-6.2-6.3-6.2 6.3c-.2.2-.3.4-.3.7s.1.5.3.7c.2.2.4.3.7.3h11c.3 0 .5-.1.7-.3.2-.2.3-.5.3-.7s-.1-.5-.3-.7zM5.8 14.7l6.2 6.3 6.2-6.3c.2-.2.3-.5.3-.7s-.1-.5-.3-.7c-.2-.2-.4-.3-.7-.3h-11c-.3 0-.5.1-.7.3-.2.2-.3.5-.3.7s.1.5.3.7z\"\/><\/svg><\/span><\/span><\/label><input type=\"checkbox\"  id=\"ez-toc-cssicon-toggle-item-69f0f497d0036\" checked aria-label=\"Toggle\" \/><nav><ul class='ez-toc-list ez-toc-list-level-1 ' ><li class='ez-toc-page-1 ez-toc-heading-level-3'><a class=\"ez-toc-link ez-toc-heading-1\" href=\"https:\/\/rachat2credit.fr\/guide\/immobilier-a-grenoble-les-prix-des-maisons-et-appartements-en-aout-2025-senvolent-on-a-achete-avant-que-ca-ne-devienne-inaccessible\/#Le_temoignage_revelateur_dun_acheteur_grenoblois\" >Le t\u00e9moignage r\u00e9v\u00e9lateur d&rsquo;un acheteur grenoblois<\/a><\/li><li class='ez-toc-page-1 ez-toc-heading-level-3'><a class=\"ez-toc-link ez-toc-heading-2\" href=\"https:\/\/rachat2credit.fr\/guide\/immobilier-a-grenoble-les-prix-des-maisons-et-appartements-en-aout-2025-senvolent-on-a-achete-avant-que-ca-ne-devienne-inaccessible\/#Une_dynamique_contraire_aux_previsions_nationales\" >Une dynamique contraire aux pr\u00e9visions nationales<\/a><\/li><li class='ez-toc-page-1 ez-toc-heading-level-3'><a class=\"ez-toc-link ez-toc-heading-3\" href=\"https:\/\/rachat2credit.fr\/guide\/immobilier-a-grenoble-les-prix-des-maisons-et-appartements-en-aout-2025-senvolent-on-a-achete-avant-que-ca-ne-devienne-inaccessible\/#Le_spectre_de_la_bulle_immobiliere_alpine\" >Le spectre de la bulle immobili\u00e8re alpine<\/a><\/li><li class='ez-toc-page-1 ez-toc-heading-level-3'><a class=\"ez-toc-link ez-toc-heading-4\" href=\"https:\/\/rachat2credit.fr\/guide\/immobilier-a-grenoble-les-prix-des-maisons-et-appartements-en-aout-2025-senvolent-on-a-achete-avant-que-ca-ne-devienne-inaccessible\/#Des_quartiers_aux_dynamiques_contrastees\" >Des quartiers aux dynamiques contrast\u00e9es<\/a><\/li><li class='ez-toc-page-1 ez-toc-heading-level-3'><a class=\"ez-toc-link ez-toc-heading-5\" href=\"https:\/\/rachat2credit.fr\/guide\/immobilier-a-grenoble-les-prix-des-maisons-et-appartements-en-aout-2025-senvolent-on-a-achete-avant-que-ca-ne-devienne-inaccessible\/#Perspectives_pour_la_rentree_2025\" >Perspectives pour la rentr\u00e9e 2025<\/a><\/li><\/ul><\/nav><\/div>\n<h3><span class=\"ez-toc-section\" id=\"Le_temoignage_revelateur_dun_acheteur_grenoblois\"><\/span>Le t\u00e9moignage r\u00e9v\u00e9lateur d&rsquo;un acheteur grenoblois<span class=\"ez-toc-section-end\"><\/span><\/h3>\n<p>Pierre, 34 ans, ing\u00e9nieur dans la tech, pensait avoir trouv\u00e9 son futur appartement dans le quartier Hypercentre. \u00ab\u00a0J&rsquo;avais visit\u00e9 un trois-pi\u00e8ces de 65 m\u00b2 en juin, affich\u00e9 \u00e0 285 000 \u20ac. Quand j&rsquo;ai repris contact fin juillet pour faire une offre, le prix avait bondi \u00e0 315 000 \u20ac sans raison apparente. L&rsquo;agent m&rsquo;a parl\u00e9 de &lsquo;p\u00e9nurie de biens similaires&rsquo; et de &lsquo;demande soutenue&rsquo;.\u00a0\u00bb<\/p>\n<p>Ce r\u00e9cit trouverait un \u00e9cho dans les statistiques pr\u00e9liminaires du r\u00e9seau des notaires de l&rsquo;Is\u00e8re, qui signaleraient une augmentation atypique des prix au m\u00b2 pour les biens bien situ\u00e9s. \u00ab\u00a0Les quartiers comme Championnet, Mistral ou Europole semblent tirer l&rsquo;ensemble du march\u00e9 vers le haut\u00a0\u00bb, pourrait confirmer un analyste immobilier local.<\/p>\n<h3><span class=\"ez-toc-section\" id=\"Une_dynamique_contraire_aux_previsions_nationales\"><\/span>Une dynamique contraire aux pr\u00e9visions nationales<span class=\"ez-toc-section-end\"><\/span><\/h3>\n<p>Contrairement aux anticipations de mod\u00e9ration des prix observ\u00e9es dans d&rsquo;autres m\u00e9tropoles r\u00e9gionales, Grenoble montrerait une r\u00e9silience surprenante. Les derni\u00e8res donn\u00e9es de l&rsquo;<a href=\"https:\/\/www.insee.fr\/fr\/statistiques\/serie\/001763360\" target=\"_blank\" rel=\"noopener\">INSEE<\/a> sur l&rsquo;\u00e9volution du march\u00e9 immobilier en province r\u00e9v\u00e8leraient que la ville se distinguerait par une stabilit\u00e9 remarquable des transactions.<\/p>\n<p>Les maisons individuelles, particuli\u00e8rement pris\u00e9es dans les secteurs de La Tronche, Echirolles ou Saint-Martin-d&rsquo;H\u00e8res, verraient leur d\u00e9cote \u00eatre moins marqu\u00e9e qu&rsquo;ailleurs. \u00ab\u00a0On assisterait \u00e0 un ph\u00e9nom\u00e8ne de rattrapage par rapport \u00e0 des villes comme Lyon ou Chamb\u00e9ry\u00a0\u00bb, avancerait un expert r\u00e9gional.<\/p>\n<h3><span class=\"ez-toc-section\" id=\"Le_spectre_de_la_bulle_immobiliere_alpine\"><\/span>Le spectre de la bulle immobili\u00e8re alpine<span class=\"ez-toc-section-end\"><\/span><\/h3>\n<p>Certains \u00e9conomistes mettraient en garde contre un possible surinvestissement dans le bassin grenoblois. La forte pr\u00e9sence d&#8217;emplois qualifi\u00e9s (recherche, high-tech, sant\u00e9) continuerait d&rsquo;attirer une population active avec un pouvoir d&rsquo;achat sup\u00e9rieur \u00e0 la moyenne nationale.<\/p>\n<p>\u00ab\u00a0La pression d\u00e9mographique et le manque chronique de constructions neuves cr\u00e9eraient une situation de tension artificielle sur les prix\u00a0\u00bb, analyserait Michel Durand, professeur d&rsquo;\u00e9conomie urbaine \u00e0 l&rsquo;Universit\u00e9 Grenoble-Alpes. \u00ab\u00a0On pourrait assister \u00e0 une forme de d\u00e9couplage entre la valeur r\u00e9elle des biens et leur prix de vente.\u00a0\u00bb<\/p>\n<h3><span class=\"ez-toc-section\" id=\"Des_quartiers_aux_dynamiques_contrastees\"><\/span>Des quartiers aux dynamiques contrast\u00e9es<span class=\"ez-toc-section-end\"><\/span><\/h3>\n<p>La situation ne serait pourtant pas homog\u00e8ne sur l&rsquo;ensemble du territoire grenoblois. Tandis que l&rsquo;hypercentre et certains secteurs r\u00e9sidentiels verraient leurs prix se maintenir, d&rsquo;autres quartiers conna\u00eetraient une stagnation plus conforme aux tendances nationales.<\/p>\n<p>Les biens n\u00e9cessitant des travaux importants ou situ\u00e9s en \u00e9tage \u00e9lev\u00e9 sans ascenseur rencontreraient plus de difficult\u00e9s \u00e0 trouver preneurs, selon plusieurs agences contact\u00e9es. \u00ab\u00a0Les acheteurs sont devenus extr\u00eamement s\u00e9lectifs et refusent de surpayer pour des biens imparfaits\u00a0\u00bb, rapporterait une commerciale d&rsquo;agence.<\/p>\n<h3><span class=\"ez-toc-section\" id=\"Perspectives_pour_la_rentree_2025\"><\/span>Perspectives pour la rentr\u00e9e 2025<span class=\"ez-toc-section-end\"><\/span><\/h3>\n<p>La fin de la p\u00e9riode estivale apporterait traditionnellement son lot de nouvelles transactions. Cependant, l&rsquo;incertitude \u00e9conomique persistante et le niveau des taux d&rsquo;int\u00e9r\u00eat pourraient temp\u00e9rer les ardeurs des acqu\u00e9reurs potentiels.<\/p>\n<p>Les professionnels du secteur suivraient avec attention les annonces gouvernementales concernant les aides \u00e0 l&rsquo;accession \u00e0 la propri\u00e9t\u00e9, qui pourraient redynamiser un march\u00e9 en qu\u00eate de rep\u00e8res. Le plan \u00ab\u00a0France Immobilier 2030\u00a0\u00bb, r\u00e9cemment \u00e9voqu\u00e9 par le minist\u00e8re du Logement, pourrait apporter des solutions in\u00e9dites pour les primo-acc\u00e9dants.<\/p>\n<p>Reste que Grenoble, avec ses atouts naturels et \u00e9conomiques, continuerait de s\u00e9duire ceux qui cherchent \u00e0 concilier qualit\u00e9 de vie alpine et opportunit\u00e9s professionnelles. La question du juste prix des appartements et maisons grenoblois demeurerait au c\u0153ur des pr\u00e9occupations de tous les acteurs du march\u00e9.<\/p>\n<p>Comme le souligne le <a href=\"https:\/\/www.ecologie.gouv.fr\/observatoire-de-lhabitat\" target=\"_blank\" rel=\"noopener\">Observatoire National de l&rsquo;Habitat<\/a>, les march\u00e9s locaux suivent de plus en plus des logiques sp\u00e9cifiques, d\u00e9connect\u00e9es des tendances nationales. Grenoble illustrerait parfaitement cette nouvelle r\u00e9alit\u00e9 de l&rsquo;immobilier fran\u00e7ais.<\/p>\n\n\n<div class=\"kk-star-ratings kksr-auto kksr-align-center kksr-valign-bottom\"\n    data-payload='{&quot;align&quot;:&quot;center&quot;,&quot;id&quot;:&quot;1063&quot;,&quot;slug&quot;:&quot;default&quot;,&quot;valign&quot;:&quot;bottom&quot;,&quot;ignore&quot;:&quot;&quot;,&quot;reference&quot;:&quot;auto&quot;,&quot;class&quot;:&quot;&quot;,&quot;count&quot;:&quot;0&quot;,&quot;legendonly&quot;:&quot;&quot;,&quot;readonly&quot;:&quot;&quot;,&quot;score&quot;:&quot;0&quot;,&quot;starsonly&quot;:&quot;&quot;,&quot;best&quot;:&quot;5&quot;,&quot;gap&quot;:&quot;5&quot;,&quot;greet&quot;:&quot;&quot;,&quot;legend&quot;:&quot;0\\\/5 - (0 vote)&quot;,&quot;size&quot;:&quot;24&quot;,&quot;title&quot;:&quot;Immobilier \u00e0 Grenoble : les prix des maisons et appartements en ao\u00fbt 2025 s\u2019envolent \u201con a achet\u00e9 avant que \u00e7a ne devienne inaccessible\u201d&quot;,&quot;width&quot;:&quot;0&quot;,&quot;_legend&quot;:&quot;{score}\\\/{best} - ({count} {votes})&quot;,&quot;font_factor&quot;:&quot;1.25&quot;}'>\n            \n<div class=\"kksr-stars\">\n    \n<div class=\"kksr-stars-inactive\">\n            <div class=\"kksr-star\" data-star=\"1\" style=\"padding-right: 5px\">\n            \n\n<div class=\"kksr-icon\" style=\"width: 24px; height: 24px;\"><\/div>\n        <\/div>\n            <div class=\"kksr-star\" data-star=\"2\" style=\"padding-right: 5px\">\n            \n\n<div class=\"kksr-icon\" style=\"width: 24px; height: 24px;\"><\/div>\n        <\/div>\n            <div class=\"kksr-star\" data-star=\"3\" style=\"padding-right: 5px\">\n            \n\n<div class=\"kksr-icon\" style=\"width: 24px; height: 24px;\"><\/div>\n        <\/div>\n            <div class=\"kksr-star\" data-star=\"4\" style=\"padding-right: 5px\">\n            \n\n<div class=\"kksr-icon\" style=\"width: 24px; height: 24px;\"><\/div>\n        <\/div>\n            <div class=\"kksr-star\" data-star=\"5\" style=\"padding-right: 5px\">\n            \n\n<div class=\"kksr-icon\" style=\"width: 24px; height: 24px;\"><\/div>\n        <\/div>\n    <\/div>\n    \n<div class=\"kksr-stars-active\" style=\"width: 0px;\">\n            <div class=\"kksr-star\" style=\"padding-right: 5px\">\n            \n\n<div class=\"kksr-icon\" style=\"width: 24px; height: 24px;\"><\/div>\n        <\/div>\n            <div class=\"kksr-star\" style=\"padding-right: 5px\">\n            \n\n<div class=\"kksr-icon\" style=\"width: 24px; height: 24px;\"><\/div>\n        <\/div>\n            <div class=\"kksr-star\" style=\"padding-right: 5px\">\n            \n\n<div class=\"kksr-icon\" style=\"width: 24px; height: 24px;\"><\/div>\n        <\/div>\n            <div class=\"kksr-star\" style=\"padding-right: 5px\">\n            \n\n<div class=\"kksr-icon\" style=\"width: 24px; height: 24px;\"><\/div>\n        <\/div>\n            <div class=\"kksr-star\" style=\"padding-right: 5px\">\n            \n\n<div class=\"kksr-icon\" style=\"width: 24px; height: 24px;\"><\/div>\n        <\/div>\n    <\/div>\n<\/div>\n                \n\n<div class=\"kksr-legend\" style=\"font-size: 19.2px;\">\n            <span class=\"kksr-muted\"><\/span>\n    <\/div>\n    <\/div>\n","protected":false},"excerpt":{"rendered":"<p>L&rsquo;immobilier grenoblois pourrait-il conna\u00eetre un retournement de situation en cette fin d&rsquo;\u00e9t\u00e9 2025 ? Alors que le march\u00e9 fran\u00e7ais montre des signes de fluctuation, la capitale des Alpes semble suivre sa propre trajectoire, suscitant autant l&rsquo;inqui\u00e9tude que l&rsquo;espoir chez les acheteurs et vendeurs. Un vent de panique soufflerait sur les transactions immobili\u00e8res \u00e0 Grenoble depuis &#8230; <a title=\"Immobilier \u00e0 Grenoble : les prix des maisons et appartements en ao\u00fbt 2025 s\u2019envolent \u201con a achet\u00e9 avant que \u00e7a ne devienne inaccessible\u201d\" class=\"read-more\" href=\"https:\/\/rachat2credit.fr\/guide\/immobilier-a-grenoble-les-prix-des-maisons-et-appartements-en-aout-2025-senvolent-on-a-achete-avant-que-ca-ne-devienne-inaccessible\/\" aria-label=\"En savoir plus sur Immobilier \u00e0 Grenoble : les prix des maisons et appartements en ao\u00fbt 2025 s\u2019envolent \u201con a achet\u00e9 avant que \u00e7a ne devienne inaccessible\u201d\">Lire plus<\/a><\/p>\n","protected":false},"author":1,"featured_media":1064,"comment_status":"open","ping_status":"open","sticky":false,"template":"","format":"standard","meta":{"footnotes":""},"categories":[8],"tags":[],"class_list":["post-1063","post","type-post","status-publish","format-standard","has-post-thumbnail","hentry","category-a-la-une"],"yoast_head":"<!-- This site is optimized with the Yoast SEO plugin v27.5 - https:\/\/yoast.com\/product\/yoast-seo-wordpress\/ -->\n<title>Immobilier \u00e0 Grenoble : les prix des maisons et appartements en ao\u00fbt 2025 s\u2019envolent \u201con a achet\u00e9 avant que \u00e7a ne devienne inaccessible\u201d - Rachat de Cr\u00e9dit<\/title>\n<meta name=\"robots\" content=\"index, follow, max-snippet:-1, max-image-preview:large, max-video-preview:-1\" \/>\n<link rel=\"canonical\" href=\"https:\/\/rachat2credit.fr\/guide\/immobilier-a-grenoble-les-prix-des-maisons-et-appartements-en-aout-2025-senvolent-on-a-achete-avant-que-ca-ne-devienne-inaccessible\/\" \/>\n<meta property=\"og:locale\" content=\"fr_FR\" \/>\n<meta property=\"og:type\" content=\"article\" \/>\n<meta property=\"og:title\" content=\"Immobilier \u00e0 Grenoble : les prix des maisons et appartements en ao\u00fbt 2025 s\u2019envolent \u201con a achet\u00e9 avant que \u00e7a ne devienne inaccessible\u201d - Rachat de Cr\u00e9dit\" \/>\n<meta property=\"og:description\" content=\"L&rsquo;immobilier grenoblois pourrait-il conna\u00eetre un retournement de situation en cette fin d&rsquo;\u00e9t\u00e9 2025 ? Alors que le march\u00e9 fran\u00e7ais montre des signes de fluctuation, la capitale des Alpes semble suivre sa propre trajectoire, suscitant autant l&rsquo;inqui\u00e9tude que l&rsquo;espoir chez les acheteurs et vendeurs. Un vent de panique soufflerait sur les transactions immobili\u00e8res \u00e0 Grenoble depuis ... Lire plus\" \/>\n<meta property=\"og:url\" content=\"https:\/\/rachat2credit.fr\/guide\/immobilier-a-grenoble-les-prix-des-maisons-et-appartements-en-aout-2025-senvolent-on-a-achete-avant-que-ca-ne-devienne-inaccessible\/\" \/>\n<meta property=\"og:site_name\" content=\"Rachat de Cr\u00e9dit\" \/>\n<meta property=\"article:published_time\" content=\"2025-08-25T12:16:31+00:00\" \/>\n<meta property=\"og:image\" content=\"https:\/\/rachat2credit.fr\/guide\/wp-content\/uploads\/2025\/08\/flux-pro-1.1-1063-1756124202.jpg\" \/>\n\t<meta property=\"og:image:width\" content=\"1344\" \/>\n\t<meta property=\"og:image:height\" content=\"768\" \/>\n\t<meta property=\"og:image:type\" content=\"image\/jpeg\" \/>\n<meta name=\"author\" content=\"Aurelien Boulanger\" \/>\n<meta name=\"twitter:card\" content=\"summary_large_image\" \/>\n<meta name=\"twitter:label1\" content=\"\u00c9crit par\" \/>\n\t<meta name=\"twitter:data1\" content=\"Aurelien Boulanger\" \/>\n\t<meta name=\"twitter:label2\" content=\"Dur\u00e9e de lecture estim\u00e9e\" \/>\n\t<meta name=\"twitter:data2\" content=\"3 minutes\" \/>\n<script type=\"application\/ld+json\" class=\"yoast-schema-graph\">{\"@context\":\"https:\\\/\\\/schema.org\",\"@graph\":[{\"@type\":\"NewsArticle\",\"@id\":\"https:\\\/\\\/rachat2credit.fr\\\/guide\\\/immobilier-a-grenoble-les-prix-des-maisons-et-appartements-en-aout-2025-senvolent-on-a-achete-avant-que-ca-ne-devienne-inaccessible\\\/#article\",\"isPartOf\":{\"@id\":\"https:\\\/\\\/rachat2credit.fr\\\/guide\\\/immobilier-a-grenoble-les-prix-des-maisons-et-appartements-en-aout-2025-senvolent-on-a-achete-avant-que-ca-ne-devienne-inaccessible\\\/\"},\"author\":{\"name\":\"Aurelien Boulanger\",\"@id\":\"https:\\\/\\\/rachat2credit.fr\\\/guide\\\/#\\\/schema\\\/person\\\/d4142086d07bc6acdc4722eabd955cc2\"},\"headline\":\"Immobilier \u00e0 Grenoble : les prix des maisons et appartements en ao\u00fbt 2025 s\u2019envolent \u201con a achet\u00e9 avant que \u00e7a ne devienne inaccessible\u201d\",\"datePublished\":\"2025-08-25T12:16:31+00:00\",\"mainEntityOfPage\":{\"@id\":\"https:\\\/\\\/rachat2credit.fr\\\/guide\\\/immobilier-a-grenoble-les-prix-des-maisons-et-appartements-en-aout-2025-senvolent-on-a-achete-avant-que-ca-ne-devienne-inaccessible\\\/\"},\"wordCount\":729,\"commentCount\":35,\"publisher\":{\"@id\":\"https:\\\/\\\/rachat2credit.fr\\\/guide\\\/#organization\"},\"image\":{\"@id\":\"https:\\\/\\\/rachat2credit.fr\\\/guide\\\/immobilier-a-grenoble-les-prix-des-maisons-et-appartements-en-aout-2025-senvolent-on-a-achete-avant-que-ca-ne-devienne-inaccessible\\\/#primaryimage\"},\"thumbnailUrl\":\"https:\\\/\\\/rachat2credit.fr\\\/guide\\\/wp-content\\\/uploads\\\/2025\\\/08\\\/flux-pro-1.1-1063-1756124202.jpg\",\"articleSection\":[\"A la une\"],\"inLanguage\":\"fr-FR\",\"potentialAction\":[{\"@type\":\"CommentAction\",\"name\":\"Comment\",\"target\":[\"https:\\\/\\\/rachat2credit.fr\\\/guide\\\/immobilier-a-grenoble-les-prix-des-maisons-et-appartements-en-aout-2025-senvolent-on-a-achete-avant-que-ca-ne-devienne-inaccessible\\\/#respond\"]}]},{\"@type\":\"WebPage\",\"@id\":\"https:\\\/\\\/rachat2credit.fr\\\/guide\\\/immobilier-a-grenoble-les-prix-des-maisons-et-appartements-en-aout-2025-senvolent-on-a-achete-avant-que-ca-ne-devienne-inaccessible\\\/\",\"url\":\"https:\\\/\\\/rachat2credit.fr\\\/guide\\\/immobilier-a-grenoble-les-prix-des-maisons-et-appartements-en-aout-2025-senvolent-on-a-achete-avant-que-ca-ne-devienne-inaccessible\\\/\",\"name\":\"Immobilier \u00e0 Grenoble : les prix des maisons et appartements en ao\u00fbt 2025 s\u2019envolent \u201con a achet\u00e9 avant que \u00e7a ne devienne inaccessible\u201d - Rachat de Cr\u00e9dit\",\"isPartOf\":{\"@id\":\"https:\\\/\\\/rachat2credit.fr\\\/guide\\\/#website\"},\"primaryImageOfPage\":{\"@id\":\"https:\\\/\\\/rachat2credit.fr\\\/guide\\\/immobilier-a-grenoble-les-prix-des-maisons-et-appartements-en-aout-2025-senvolent-on-a-achete-avant-que-ca-ne-devienne-inaccessible\\\/#primaryimage\"},\"image\":{\"@id\":\"https:\\\/\\\/rachat2credit.fr\\\/guide\\\/immobilier-a-grenoble-les-prix-des-maisons-et-appartements-en-aout-2025-senvolent-on-a-achete-avant-que-ca-ne-devienne-inaccessible\\\/#primaryimage\"},\"thumbnailUrl\":\"https:\\\/\\\/rachat2credit.fr\\\/guide\\\/wp-content\\\/uploads\\\/2025\\\/08\\\/flux-pro-1.1-1063-1756124202.jpg\",\"datePublished\":\"2025-08-25T12:16:31+00:00\",\"breadcrumb\":{\"@id\":\"https:\\\/\\\/rachat2credit.fr\\\/guide\\\/immobilier-a-grenoble-les-prix-des-maisons-et-appartements-en-aout-2025-senvolent-on-a-achete-avant-que-ca-ne-devienne-inaccessible\\\/#breadcrumb\"},\"inLanguage\":\"fr-FR\",\"potentialAction\":[{\"@type\":\"ReadAction\",\"target\":[\"https:\\\/\\\/rachat2credit.fr\\\/guide\\\/immobilier-a-grenoble-les-prix-des-maisons-et-appartements-en-aout-2025-senvolent-on-a-achete-avant-que-ca-ne-devienne-inaccessible\\\/\"]}]},{\"@type\":\"ImageObject\",\"inLanguage\":\"fr-FR\",\"@id\":\"https:\\\/\\\/rachat2credit.fr\\\/guide\\\/immobilier-a-grenoble-les-prix-des-maisons-et-appartements-en-aout-2025-senvolent-on-a-achete-avant-que-ca-ne-devienne-inaccessible\\\/#primaryimage\",\"url\":\"https:\\\/\\\/rachat2credit.fr\\\/guide\\\/wp-content\\\/uploads\\\/2025\\\/08\\\/flux-pro-1.1-1063-1756124202.jpg\",\"contentUrl\":\"https:\\\/\\\/rachat2credit.fr\\\/guide\\\/wp-content\\\/uploads\\\/2025\\\/08\\\/flux-pro-1.1-1063-1756124202.jpg\",\"width\":1344,\"height\":768},{\"@type\":\"BreadcrumbList\",\"@id\":\"https:\\\/\\\/rachat2credit.fr\\\/guide\\\/immobilier-a-grenoble-les-prix-des-maisons-et-appartements-en-aout-2025-senvolent-on-a-achete-avant-que-ca-ne-devienne-inaccessible\\\/#breadcrumb\",\"itemListElement\":[{\"@type\":\"ListItem\",\"position\":1,\"name\":\"Accueil\",\"item\":\"https:\\\/\\\/rachat2credit.fr\\\/guide\\\/\"},{\"@type\":\"ListItem\",\"position\":2,\"name\":\"Immobilier \u00e0 Grenoble : les prix des maisons et appartements en ao\u00fbt 2025 s\u2019envolent \u201con a achet\u00e9 avant que \u00e7a ne devienne inaccessible\u201d\"}]},{\"@type\":\"WebSite\",\"@id\":\"https:\\\/\\\/rachat2credit.fr\\\/guide\\\/#website\",\"url\":\"https:\\\/\\\/rachat2credit.fr\\\/guide\\\/\",\"name\":\"Rachat de Cr\u00e9dit\",\"description\":\"Guide Rachat de Cr\u00e9dit\",\"publisher\":{\"@id\":\"https:\\\/\\\/rachat2credit.fr\\\/guide\\\/#organization\"},\"potentialAction\":[{\"@type\":\"SearchAction\",\"target\":{\"@type\":\"EntryPoint\",\"urlTemplate\":\"https:\\\/\\\/rachat2credit.fr\\\/guide\\\/?s={search_term_string}\"},\"query-input\":{\"@type\":\"PropertyValueSpecification\",\"valueRequired\":true,\"valueName\":\"search_term_string\"}}],\"inLanguage\":\"fr-FR\"},{\"@type\":\"Organization\",\"@id\":\"https:\\\/\\\/rachat2credit.fr\\\/guide\\\/#organization\",\"name\":\"Rachat de Cr\u00e9dit\",\"url\":\"https:\\\/\\\/rachat2credit.fr\\\/guide\\\/\",\"logo\":{\"@type\":\"ImageObject\",\"inLanguage\":\"fr-FR\",\"@id\":\"https:\\\/\\\/rachat2credit.fr\\\/guide\\\/#\\\/schema\\\/logo\\\/image\\\/\",\"url\":\"https:\\\/\\\/rachat2credit.fr\\\/guide\\\/wp-content\\\/uploads\\\/2025\\\/05\\\/rachat2credit.png\",\"contentUrl\":\"https:\\\/\\\/rachat2credit.fr\\\/guide\\\/wp-content\\\/uploads\\\/2025\\\/05\\\/rachat2credit.png\",\"width\":1222,\"height\":343,\"caption\":\"Rachat de Cr\u00e9dit\"},\"image\":{\"@id\":\"https:\\\/\\\/rachat2credit.fr\\\/guide\\\/#\\\/schema\\\/logo\\\/image\\\/\"}},{\"@type\":\"Person\",\"@id\":\"https:\\\/\\\/rachat2credit.fr\\\/guide\\\/#\\\/schema\\\/person\\\/d4142086d07bc6acdc4722eabd955cc2\",\"name\":\"Aurelien Boulanger\",\"image\":{\"@type\":\"ImageObject\",\"inLanguage\":\"fr-FR\",\"@id\":\"https:\\\/\\\/secure.gravatar.com\\\/avatar\\\/32175434c9ca2b27bfeb905d1c3ec782a789caf494bc0ec8fa6ed0ee39c2e62a?s=96&d=mm&r=g\",\"url\":\"https:\\\/\\\/secure.gravatar.com\\\/avatar\\\/32175434c9ca2b27bfeb905d1c3ec782a789caf494bc0ec8fa6ed0ee39c2e62a?s=96&d=mm&r=g\",\"contentUrl\":\"https:\\\/\\\/secure.gravatar.com\\\/avatar\\\/32175434c9ca2b27bfeb905d1c3ec782a789caf494bc0ec8fa6ed0ee39c2e62a?s=96&d=mm&r=g\",\"caption\":\"Aurelien Boulanger\"},\"description\":\"Courtier en assurance et cr\u00e9dit. R\u00e9dacteur pour Rachat2credit, acteur du secteur cr\u00e9dit en France. Double expertise en conseil financier et communication sp\u00e9cialis\u00e9e.\",\"sameAs\":[\"https:\\\/\\\/rachat2credit.fr\\\/guide\"],\"url\":\"https:\\\/\\\/rachat2credit.fr\\\/guide\\\/author\\\/aurelien\\\/\"}]}<\/script>\n<!-- \/ Yoast SEO plugin. -->","yoast_head_json":{"title":"Immobilier \u00e0 Grenoble : les prix des maisons et appartements en ao\u00fbt 2025 s\u2019envolent \u201con a achet\u00e9 avant que \u00e7a ne devienne inaccessible\u201d - Rachat de Cr\u00e9dit","robots":{"index":"index","follow":"follow","max-snippet":"max-snippet:-1","max-image-preview":"max-image-preview:large","max-video-preview":"max-video-preview:-1"},"canonical":"https:\/\/rachat2credit.fr\/guide\/immobilier-a-grenoble-les-prix-des-maisons-et-appartements-en-aout-2025-senvolent-on-a-achete-avant-que-ca-ne-devienne-inaccessible\/","og_locale":"fr_FR","og_type":"article","og_title":"Immobilier \u00e0 Grenoble : les prix des maisons et appartements en ao\u00fbt 2025 s\u2019envolent \u201con a achet\u00e9 avant que \u00e7a ne devienne inaccessible\u201d - Rachat de Cr\u00e9dit","og_description":"L&rsquo;immobilier grenoblois pourrait-il conna\u00eetre un retournement de situation en cette fin d&rsquo;\u00e9t\u00e9 2025 ? Alors que le march\u00e9 fran\u00e7ais montre des signes de fluctuation, la capitale des Alpes semble suivre sa propre trajectoire, suscitant autant l&rsquo;inqui\u00e9tude que l&rsquo;espoir chez les acheteurs et vendeurs. Un vent de panique soufflerait sur les transactions immobili\u00e8res \u00e0 Grenoble depuis ... Lire plus","og_url":"https:\/\/rachat2credit.fr\/guide\/immobilier-a-grenoble-les-prix-des-maisons-et-appartements-en-aout-2025-senvolent-on-a-achete-avant-que-ca-ne-devienne-inaccessible\/","og_site_name":"Rachat de Cr\u00e9dit","article_published_time":"2025-08-25T12:16:31+00:00","og_image":[{"width":1344,"height":768,"url":"https:\/\/rachat2credit.fr\/guide\/wp-content\/uploads\/2025\/08\/flux-pro-1.1-1063-1756124202.jpg","type":"image\/jpeg"}],"author":"Aurelien Boulanger","twitter_card":"summary_large_image","twitter_misc":{"\u00c9crit par":"Aurelien Boulanger","Dur\u00e9e de lecture estim\u00e9e":"3 minutes"},"schema":{"@context":"https:\/\/schema.org","@graph":[{"@type":"NewsArticle","@id":"https:\/\/rachat2credit.fr\/guide\/immobilier-a-grenoble-les-prix-des-maisons-et-appartements-en-aout-2025-senvolent-on-a-achete-avant-que-ca-ne-devienne-inaccessible\/#article","isPartOf":{"@id":"https:\/\/rachat2credit.fr\/guide\/immobilier-a-grenoble-les-prix-des-maisons-et-appartements-en-aout-2025-senvolent-on-a-achete-avant-que-ca-ne-devienne-inaccessible\/"},"author":{"name":"Aurelien Boulanger","@id":"https:\/\/rachat2credit.fr\/guide\/#\/schema\/person\/d4142086d07bc6acdc4722eabd955cc2"},"headline":"Immobilier \u00e0 Grenoble : les prix des maisons et appartements en ao\u00fbt 2025 s\u2019envolent \u201con a achet\u00e9 avant que \u00e7a ne devienne inaccessible\u201d","datePublished":"2025-08-25T12:16:31+00:00","mainEntityOfPage":{"@id":"https:\/\/rachat2credit.fr\/guide\/immobilier-a-grenoble-les-prix-des-maisons-et-appartements-en-aout-2025-senvolent-on-a-achete-avant-que-ca-ne-devienne-inaccessible\/"},"wordCount":729,"commentCount":35,"publisher":{"@id":"https:\/\/rachat2credit.fr\/guide\/#organization"},"image":{"@id":"https:\/\/rachat2credit.fr\/guide\/immobilier-a-grenoble-les-prix-des-maisons-et-appartements-en-aout-2025-senvolent-on-a-achete-avant-que-ca-ne-devienne-inaccessible\/#primaryimage"},"thumbnailUrl":"https:\/\/rachat2credit.fr\/guide\/wp-content\/uploads\/2025\/08\/flux-pro-1.1-1063-1756124202.jpg","articleSection":["A la une"],"inLanguage":"fr-FR","potentialAction":[{"@type":"CommentAction","name":"Comment","target":["https:\/\/rachat2credit.fr\/guide\/immobilier-a-grenoble-les-prix-des-maisons-et-appartements-en-aout-2025-senvolent-on-a-achete-avant-que-ca-ne-devienne-inaccessible\/#respond"]}]},{"@type":"WebPage","@id":"https:\/\/rachat2credit.fr\/guide\/immobilier-a-grenoble-les-prix-des-maisons-et-appartements-en-aout-2025-senvolent-on-a-achete-avant-que-ca-ne-devienne-inaccessible\/","url":"https:\/\/rachat2credit.fr\/guide\/immobilier-a-grenoble-les-prix-des-maisons-et-appartements-en-aout-2025-senvolent-on-a-achete-avant-que-ca-ne-devienne-inaccessible\/","name":"Immobilier \u00e0 Grenoble : les prix des maisons et appartements en ao\u00fbt 2025 s\u2019envolent \u201con a achet\u00e9 avant que \u00e7a ne devienne inaccessible\u201d - Rachat de Cr\u00e9dit","isPartOf":{"@id":"https:\/\/rachat2credit.fr\/guide\/#website"},"primaryImageOfPage":{"@id":"https:\/\/rachat2credit.fr\/guide\/immobilier-a-grenoble-les-prix-des-maisons-et-appartements-en-aout-2025-senvolent-on-a-achete-avant-que-ca-ne-devienne-inaccessible\/#primaryimage"},"image":{"@id":"https:\/\/rachat2credit.fr\/guide\/immobilier-a-grenoble-les-prix-des-maisons-et-appartements-en-aout-2025-senvolent-on-a-achete-avant-que-ca-ne-devienne-inaccessible\/#primaryimage"},"thumbnailUrl":"https:\/\/rachat2credit.fr\/guide\/wp-content\/uploads\/2025\/08\/flux-pro-1.1-1063-1756124202.jpg","datePublished":"2025-08-25T12:16:31+00:00","breadcrumb":{"@id":"https:\/\/rachat2credit.fr\/guide\/immobilier-a-grenoble-les-prix-des-maisons-et-appartements-en-aout-2025-senvolent-on-a-achete-avant-que-ca-ne-devienne-inaccessible\/#breadcrumb"},"inLanguage":"fr-FR","potentialAction":[{"@type":"ReadAction","target":["https:\/\/rachat2credit.fr\/guide\/immobilier-a-grenoble-les-prix-des-maisons-et-appartements-en-aout-2025-senvolent-on-a-achete-avant-que-ca-ne-devienne-inaccessible\/"]}]},{"@type":"ImageObject","inLanguage":"fr-FR","@id":"https:\/\/rachat2credit.fr\/guide\/immobilier-a-grenoble-les-prix-des-maisons-et-appartements-en-aout-2025-senvolent-on-a-achete-avant-que-ca-ne-devienne-inaccessible\/#primaryimage","url":"https:\/\/rachat2credit.fr\/guide\/wp-content\/uploads\/2025\/08\/flux-pro-1.1-1063-1756124202.jpg","contentUrl":"https:\/\/rachat2credit.fr\/guide\/wp-content\/uploads\/2025\/08\/flux-pro-1.1-1063-1756124202.jpg","width":1344,"height":768},{"@type":"BreadcrumbList","@id":"https:\/\/rachat2credit.fr\/guide\/immobilier-a-grenoble-les-prix-des-maisons-et-appartements-en-aout-2025-senvolent-on-a-achete-avant-que-ca-ne-devienne-inaccessible\/#breadcrumb","itemListElement":[{"@type":"ListItem","position":1,"name":"Accueil","item":"https:\/\/rachat2credit.fr\/guide\/"},{"@type":"ListItem","position":2,"name":"Immobilier \u00e0 Grenoble : les prix des maisons et appartements en ao\u00fbt 2025 s\u2019envolent \u201con a achet\u00e9 avant que \u00e7a ne devienne inaccessible\u201d"}]},{"@type":"WebSite","@id":"https:\/\/rachat2credit.fr\/guide\/#website","url":"https:\/\/rachat2credit.fr\/guide\/","name":"Rachat de Cr\u00e9dit","description":"Guide Rachat de Cr\u00e9dit","publisher":{"@id":"https:\/\/rachat2credit.fr\/guide\/#organization"},"potentialAction":[{"@type":"SearchAction","target":{"@type":"EntryPoint","urlTemplate":"https:\/\/rachat2credit.fr\/guide\/?s={search_term_string}"},"query-input":{"@type":"PropertyValueSpecification","valueRequired":true,"valueName":"search_term_string"}}],"inLanguage":"fr-FR"},{"@type":"Organization","@id":"https:\/\/rachat2credit.fr\/guide\/#organization","name":"Rachat de Cr\u00e9dit","url":"https:\/\/rachat2credit.fr\/guide\/","logo":{"@type":"ImageObject","inLanguage":"fr-FR","@id":"https:\/\/rachat2credit.fr\/guide\/#\/schema\/logo\/image\/","url":"https:\/\/rachat2credit.fr\/guide\/wp-content\/uploads\/2025\/05\/rachat2credit.png","contentUrl":"https:\/\/rachat2credit.fr\/guide\/wp-content\/uploads\/2025\/05\/rachat2credit.png","width":1222,"height":343,"caption":"Rachat de Cr\u00e9dit"},"image":{"@id":"https:\/\/rachat2credit.fr\/guide\/#\/schema\/logo\/image\/"}},{"@type":"Person","@id":"https:\/\/rachat2credit.fr\/guide\/#\/schema\/person\/d4142086d07bc6acdc4722eabd955cc2","name":"Aurelien Boulanger","image":{"@type":"ImageObject","inLanguage":"fr-FR","@id":"https:\/\/secure.gravatar.com\/avatar\/32175434c9ca2b27bfeb905d1c3ec782a789caf494bc0ec8fa6ed0ee39c2e62a?s=96&d=mm&r=g","url":"https:\/\/secure.gravatar.com\/avatar\/32175434c9ca2b27bfeb905d1c3ec782a789caf494bc0ec8fa6ed0ee39c2e62a?s=96&d=mm&r=g","contentUrl":"https:\/\/secure.gravatar.com\/avatar\/32175434c9ca2b27bfeb905d1c3ec782a789caf494bc0ec8fa6ed0ee39c2e62a?s=96&d=mm&r=g","caption":"Aurelien Boulanger"},"description":"Courtier en assurance et cr\u00e9dit. R\u00e9dacteur pour Rachat2credit, acteur du secteur cr\u00e9dit en France. Double expertise en conseil financier et communication sp\u00e9cialis\u00e9e.","sameAs":["https:\/\/rachat2credit.fr\/guide"],"url":"https:\/\/rachat2credit.fr\/guide\/author\/aurelien\/"}]}},"_links":{"self":[{"href":"https:\/\/rachat2credit.fr\/guide\/wp-json\/wp\/v2\/posts\/1063","targetHints":{"allow":["GET"]}}],"collection":[{"href":"https:\/\/rachat2credit.fr\/guide\/wp-json\/wp\/v2\/posts"}],"about":[{"href":"https:\/\/rachat2credit.fr\/guide\/wp-json\/wp\/v2\/types\/post"}],"author":[{"embeddable":true,"href":"https:\/\/rachat2credit.fr\/guide\/wp-json\/wp\/v2\/users\/1"}],"replies":[{"embeddable":true,"href":"https:\/\/rachat2credit.fr\/guide\/wp-json\/wp\/v2\/comments?post=1063"}],"version-history":[{"count":0,"href":"https:\/\/rachat2credit.fr\/guide\/wp-json\/wp\/v2\/posts\/1063\/revisions"}],"wp:featuredmedia":[{"embeddable":true,"href":"https:\/\/rachat2credit.fr\/guide\/wp-json\/wp\/v2\/media\/1064"}],"wp:attachment":[{"href":"https:\/\/rachat2credit.fr\/guide\/wp-json\/wp\/v2\/media?parent=1063"}],"wp:term":[{"taxonomy":"category","embeddable":true,"href":"https:\/\/rachat2credit.fr\/guide\/wp-json\/wp\/v2\/categories?post=1063"},{"taxonomy":"post_tag","embeddable":true,"href":"https:\/\/rachat2credit.fr\/guide\/wp-json\/wp\/v2\/tags?post=1063"}],"curies":[{"name":"wp","href":"https:\/\/api.w.org\/{rel}","templated":true}]}}