{"id":1067,"date":"2025-08-25T17:16:16","date_gmt":"2025-08-25T15:16:16","guid":{"rendered":"https:\/\/rachat2credit.fr\/guide\/marche-immobilier-au-havre-une-hausse-moderee-des-prix-en-aout-2025-on-a-achete-maintenant-de-peur-que-ca-ne-soit-pire-lan-prochain\/"},"modified":"2025-08-25T17:16:16","modified_gmt":"2025-08-25T15:16:16","slug":"marche-immobilier-au-havre-une-hausse-moderee-des-prix-en-aout-2025-on-a-achete-maintenant-de-peur-que-ca-ne-soit-pire-lan-prochain","status":"publish","type":"post","link":"https:\/\/rachat2credit.fr\/guide\/marche-immobilier-au-havre-une-hausse-moderee-des-prix-en-aout-2025-on-a-achete-maintenant-de-peur-que-ca-ne-soit-pire-lan-prochain\/","title":{"rendered":"March\u00e9 immobilier au Havre : une hausse mod\u00e9r\u00e9e des prix en ao\u00fbt 2025 \u201con a achet\u00e9 maintenant de peur que \u00e7a ne soit pire l\u2019an prochain\u201d"},"content":{"rendered":"<p>Le march\u00e9 immobilier au Havre pourrait conna\u00eetre une hausse mod\u00e9r\u00e9e des prix en ao\u00fbt 2025, selon plusieurs observateurs locaux. Cette tendance, bien que modeste, marquerait une \u00e9volution notable dans un contexte \u00e9conomique national encore incertain.<\/p>\n<p>Pour certains experts, cette l\u00e9g\u00e8re augmentation pourrait s\u2019expliquer par plusieurs facteurs, dont la reprise progressive des activit\u00e9s portuaires et les projets de r\u00e9novation urbaine engag\u00e9s ces derni\u00e8res ann\u00e9es. Le dynamisme du secteur logistique et l\u2019attractivit\u00e9 r\u00e9sidentielle croissante de la ville joueraient \u00e9galement un r\u00f4le dans cette tendance.<\/p>\n<blockquote><p>\u00ab&nbsp;Nous observons une demande soutenue pour les biens bien situ\u00e9s, notamment pr\u00e8s du front de mer et dans les quartiers r\u00e9nov\u00e9s. Les prix pourraient augmenter modestement, de l\u2019ordre de 2 \u00e0 3% sur un an, port\u00e9s par une confiance retrouv\u00e9e des acqu\u00e9reurs&nbsp;\u00bb, explique Thomas Leroy, n\u00e9gociateur immobilier havrais depuis quinze ans.<\/p><\/blockquote>\n<div id=\"ez-toc-container\" class=\"ez-toc-v2_0_82_2 counter-hierarchy ez-toc-counter ez-toc-grey ez-toc-container-direction\">\n<p class=\"ez-toc-title\" style=\"cursor:inherit\">Sommaire<\/p>\n<label for=\"ez-toc-cssicon-toggle-item-69f10708e2285\" class=\"ez-toc-cssicon-toggle-label\"><span class=\"ez-toc-cssicon\"><span class=\"eztoc-hide\" style=\"display:none;\">Toggle<\/span><span class=\"ez-toc-icon-toggle-span\"><svg style=\"fill: #999;color:#999\" xmlns=\"http:\/\/www.w3.org\/2000\/svg\" class=\"list-377408\" width=\"20px\" height=\"20px\" viewBox=\"0 0 24 24\" fill=\"none\"><path d=\"M6 6H4v2h2V6zm14 0H8v2h12V6zM4 11h2v2H4v-2zm16 0H8v2h12v-2zM4 16h2v2H4v-2zm16 0H8v2h12v-2z\" fill=\"currentColor\"><\/path><\/svg><svg style=\"fill: #999;color:#999\" class=\"arrow-unsorted-368013\" xmlns=\"http:\/\/www.w3.org\/2000\/svg\" width=\"10px\" height=\"10px\" viewBox=\"0 0 24 24\" version=\"1.2\" baseProfile=\"tiny\"><path d=\"M18.2 9.3l-6.2-6.3-6.2 6.3c-.2.2-.3.4-.3.7s.1.5.3.7c.2.2.4.3.7.3h11c.3 0 .5-.1.7-.3.2-.2.3-.5.3-.7s-.1-.5-.3-.7zM5.8 14.7l6.2 6.3 6.2-6.3c.2-.2.3-.5.3-.7s-.1-.5-.3-.7c-.2-.2-.4-.3-.7-.3h-11c-.3 0-.5.1-.7.3-.2.2-.3.5-.3.7s.1.5.3.7z\"\/><\/svg><\/span><\/span><\/label><input type=\"checkbox\"  id=\"ez-toc-cssicon-toggle-item-69f10708e2285\" checked aria-label=\"Toggle\" \/><nav><ul class='ez-toc-list ez-toc-list-level-1 ' ><li class='ez-toc-page-1 ez-toc-heading-level-3'><a class=\"ez-toc-link ez-toc-heading-1\" href=\"https:\/\/rachat2credit.fr\/guide\/marche-immobilier-au-havre-une-hausse-moderee-des-prix-en-aout-2025-on-a-achete-maintenant-de-peur-que-ca-ne-soit-pire-lan-prochain\/#Une_dynamique_portee_par_des_projets_structurants\" >Une dynamique port\u00e9e par des projets structurants<\/a><\/li><li class='ez-toc-page-1 ez-toc-heading-level-3'><a class=\"ez-toc-link ez-toc-heading-2\" href=\"https:\/\/rachat2credit.fr\/guide\/marche-immobilier-au-havre-une-hausse-moderee-des-prix-en-aout-2025-on-a-achete-maintenant-de-peur-que-ca-ne-soit-pire-lan-prochain\/#Temoignage_dun_acquereur_recent\" >T\u00e9moignage d\u2019un acqu\u00e9reur r\u00e9cent<\/a><\/li><li class='ez-toc-page-1 ez-toc-heading-level-3'><a class=\"ez-toc-link ez-toc-heading-3\" href=\"https:\/\/rachat2credit.fr\/guide\/marche-immobilier-au-havre-une-hausse-moderee-des-prix-en-aout-2025-on-a-achete-maintenant-de-peur-que-ca-ne-soit-pire-lan-prochain\/#Des_nuances_selon_les_segments_de_marche\" >Des nuances selon les segments de march\u00e9<\/a><\/li><li class='ez-toc-page-1 ez-toc-heading-level-3'><a class=\"ez-toc-link ez-toc-heading-4\" href=\"https:\/\/rachat2credit.fr\/guide\/marche-immobilier-au-havre-une-hausse-moderee-des-prix-en-aout-2025-on-a-achete-maintenant-de-peur-que-ca-ne-soit-pire-lan-prochain\/#Perspectives_et_precautions\" >Perspectives et pr\u00e9cautions<\/a><\/li><\/ul><\/nav><\/div>\n<h3><span class=\"ez-toc-section\" id=\"Une_dynamique_portee_par_des_projets_structurants\"><\/span>Une dynamique port\u00e9e par des projets structurants<span class=\"ez-toc-section-end\"><\/span><\/h3>\n<p>Plusieurs projets d\u2019am\u00e9nagement pourraient contribuer \u00e0 cette embellie. La reconversion des docks, la revitalisation du centre-ville et les investissements dans les transports en commun constitueraient des atouts majeurs pour attirer de nouveaux habitants et stimuler la demande.<\/p>\n<p>D\u2019apr\u00e8s les professionnels interrog\u00e9s, les acheteurs seraient de plus en plus sensibles \u00e0 la qualit\u00e9 de vie offerte par la ville, entre patrimoine historique et modernit\u00e9. Les appartements avec vue sur la mer ou proches des espaces verts seraient particuli\u00e8rement pris\u00e9s.<\/p>\n<h3><span class=\"ez-toc-section\" id=\"Temoignage_dun_acquereur_recent\"><\/span>T\u00e9moignage d\u2019un acqu\u00e9reur r\u00e9cent<span class=\"ez-toc-section-end\"><\/span><\/h3>\n<p>Sophie et Marc, un jeune couple de Parisiens, viennent d\u2019acheter un trois-pi\u00e8ces dans le quartier Saint-Fran\u00e7ois. \u00ab&nbsp;Nous cherchions une ville o\u00f9 investir sans nous ruiner. Le Havre nous a s\u00e9duits par son cadre de vie, son patrimoine UNESCO et sa relative accessibilit\u00e9 compar\u00e9e \u00e0 d\u2019autres villes c\u00f4ti\u00e8res. Pour nous, c\u2019\u00e9tait le bon moment pour acheter&nbsp;\u00bb, confient-ils.<\/p>\n<p>Leur exp\u00e9rience refl\u00e9terait celle de nombreux n\u00e9o-havrais attir\u00e9s par un march\u00e9 plus abordable que ceux de Rouen ou de Deauville, tout en b\u00e9n\u00e9ficiant des avantages d\u2019une grande ville maritime.<\/p>\n<h3><span class=\"ez-toc-section\" id=\"Des_nuances_selon_les_segments_de_marche\"><\/span>Des nuances selon les segments de march\u00e9<span class=\"ez-toc-section-end\"><\/span><\/h3>\n<p>Cette hausse mod\u00e9r\u00e9e ne serait pas uniforme across tous les segments. Les biens anciens n\u00e9cessitant des travaux resteraient stables, tandis que les logements neufs ou r\u00e9nov\u00e9s verraient leur valeur progresser plus significativement.<\/p>\n<p>Les maisons avec jardins dans les quartiers p\u00e9riph\u00e9riques comme Montgeon ou Sanvic continueraient d\u2019afficher une certaine r\u00e9silience, port\u00e9es par la recherche d\u2019espaces ext\u00e9rieurs depuis la pand\u00e9mie.<\/p>\n<h3><span class=\"ez-toc-section\" id=\"Perspectives_et_precautions\"><\/span>Perspectives et pr\u00e9cautions<span class=\"ez-toc-section-end\"><\/span><\/h3>\n<p>Malgr\u00e9 ces signes positifs, certains \u00e9conomistes recommandent la prudence. L\u2019\u00e9volution des taux d\u2019int\u00e9r\u00eat et le contexte inflationniste pourraient freiner cette dynamique naissante. Les mois \u00e0 venir seront d\u00e9terminants pour confirmer ou infirmer cette tendance.<\/p>\n<p>Pour suivre l\u2019\u00e9volution pr\u00e9cise des prix immobiliers, les lecteurs peuvent consulter les donn\u00e9es officielles de <a href=\"https:\/\/www.statistiques.developpement-durable.gouv.fr\" target=\"_blank\" rel=\"noopener\">l\u2019Observatoire des territoires<\/a>, qui fournit des analyses d\u00e9taill\u00e9es march\u00e9 par march\u00e9.<\/p>\n<p>Le march\u00e9 havrais resterait donc \u00e0 surveiller de pr\u00e8s, offrant des opportunit\u00e9s int\u00e9ressantes pour les investisseurs et les acqu\u00e9reurs r\u00e9sidentiels attentifs aux \u00e9volutions territoriales.<\/p>\n\n\n<div class=\"kk-star-ratings kksr-auto kksr-align-center kksr-valign-bottom\"\n    data-payload='{&quot;align&quot;:&quot;center&quot;,&quot;id&quot;:&quot;1067&quot;,&quot;slug&quot;:&quot;default&quot;,&quot;valign&quot;:&quot;bottom&quot;,&quot;ignore&quot;:&quot;&quot;,&quot;reference&quot;:&quot;auto&quot;,&quot;class&quot;:&quot;&quot;,&quot;count&quot;:&quot;0&quot;,&quot;legendonly&quot;:&quot;&quot;,&quot;readonly&quot;:&quot;&quot;,&quot;score&quot;:&quot;0&quot;,&quot;starsonly&quot;:&quot;&quot;,&quot;best&quot;:&quot;5&quot;,&quot;gap&quot;:&quot;5&quot;,&quot;greet&quot;:&quot;&quot;,&quot;legend&quot;:&quot;0\\\/5 - (0 vote)&quot;,&quot;size&quot;:&quot;24&quot;,&quot;title&quot;:&quot;March\u00e9 immobilier au Havre : une hausse mod\u00e9r\u00e9e des prix en ao\u00fbt 2025 \u201con a achet\u00e9 maintenant de peur que \u00e7a ne soit pire l\u2019an prochain\u201d&quot;,&quot;width&quot;:&quot;0&quot;,&quot;_legend&quot;:&quot;{score}\\\/{best} - ({count} {votes})&quot;,&quot;font_factor&quot;:&quot;1.25&quot;}'>\n            \n<div class=\"kksr-stars\">\n    \n<div class=\"kksr-stars-inactive\">\n            <div class=\"kksr-star\" data-star=\"1\" style=\"padding-right: 5px\">\n            \n\n<div class=\"kksr-icon\" style=\"width: 24px; height: 24px;\"><\/div>\n        <\/div>\n            <div class=\"kksr-star\" data-star=\"2\" style=\"padding-right: 5px\">\n            \n\n<div class=\"kksr-icon\" style=\"width: 24px; height: 24px;\"><\/div>\n        <\/div>\n            <div class=\"kksr-star\" data-star=\"3\" style=\"padding-right: 5px\">\n            \n\n<div class=\"kksr-icon\" style=\"width: 24px; height: 24px;\"><\/div>\n        <\/div>\n            <div class=\"kksr-star\" data-star=\"4\" style=\"padding-right: 5px\">\n            \n\n<div class=\"kksr-icon\" style=\"width: 24px; height: 24px;\"><\/div>\n        <\/div>\n            <div class=\"kksr-star\" data-star=\"5\" style=\"padding-right: 5px\">\n            \n\n<div class=\"kksr-icon\" style=\"width: 24px; height: 24px;\"><\/div>\n        <\/div>\n    <\/div>\n    \n<div class=\"kksr-stars-active\" style=\"width: 0px;\">\n            <div class=\"kksr-star\" style=\"padding-right: 5px\">\n            \n\n<div class=\"kksr-icon\" style=\"width: 24px; height: 24px;\"><\/div>\n        <\/div>\n            <div class=\"kksr-star\" style=\"padding-right: 5px\">\n            \n\n<div class=\"kksr-icon\" style=\"width: 24px; height: 24px;\"><\/div>\n        <\/div>\n            <div class=\"kksr-star\" style=\"padding-right: 5px\">\n            \n\n<div class=\"kksr-icon\" style=\"width: 24px; height: 24px;\"><\/div>\n        <\/div>\n            <div class=\"kksr-star\" style=\"padding-right: 5px\">\n            \n\n<div class=\"kksr-icon\" style=\"width: 24px; height: 24px;\"><\/div>\n        <\/div>\n            <div class=\"kksr-star\" style=\"padding-right: 5px\">\n            \n\n<div class=\"kksr-icon\" style=\"width: 24px; height: 24px;\"><\/div>\n        <\/div>\n    <\/div>\n<\/div>\n                \n\n<div class=\"kksr-legend\" style=\"font-size: 19.2px;\">\n            <span class=\"kksr-muted\"><\/span>\n    <\/div>\n    <\/div>\n","protected":false},"excerpt":{"rendered":"<p>Le march\u00e9 immobilier au Havre pourrait conna\u00eetre une hausse mod\u00e9r\u00e9e des prix en ao\u00fbt 2025, selon plusieurs observateurs locaux. Cette tendance, bien que modeste, marquerait une \u00e9volution notable dans un contexte \u00e9conomique national encore incertain. Pour certains experts, cette l\u00e9g\u00e8re augmentation pourrait s\u2019expliquer par plusieurs facteurs, dont la reprise progressive des activit\u00e9s portuaires et les &#8230; <a title=\"March\u00e9 immobilier au Havre : une hausse mod\u00e9r\u00e9e des prix en ao\u00fbt 2025 \u201con a achet\u00e9 maintenant de peur que \u00e7a ne soit pire l\u2019an prochain\u201d\" class=\"read-more\" href=\"https:\/\/rachat2credit.fr\/guide\/marche-immobilier-au-havre-une-hausse-moderee-des-prix-en-aout-2025-on-a-achete-maintenant-de-peur-que-ca-ne-soit-pire-lan-prochain\/\" aria-label=\"En savoir plus sur March\u00e9 immobilier au Havre : une hausse mod\u00e9r\u00e9e des prix en ao\u00fbt 2025 \u201con a achet\u00e9 maintenant de peur que \u00e7a ne soit pire l\u2019an prochain\u201d\">Lire plus<\/a><\/p>\n","protected":false},"author":1,"featured_media":1068,"comment_status":"open","ping_status":"open","sticky":false,"template":"","format":"standard","meta":{"footnotes":""},"categories":[8],"tags":[],"class_list":["post-1067","post","type-post","status-publish","format-standard","has-post-thumbnail","hentry","category-a-la-une"],"yoast_head":"<!-- This site is optimized with the Yoast SEO plugin v27.5 - https:\/\/yoast.com\/product\/yoast-seo-wordpress\/ -->\n<title>March\u00e9 immobilier au Havre : une hausse mod\u00e9r\u00e9e des prix en ao\u00fbt 2025 \u201con a achet\u00e9 maintenant de peur que \u00e7a ne soit pire l\u2019an prochain\u201d - Rachat de Cr\u00e9dit<\/title>\n<meta name=\"robots\" content=\"index, follow, max-snippet:-1, max-image-preview:large, max-video-preview:-1\" \/>\n<link rel=\"canonical\" href=\"https:\/\/rachat2credit.fr\/guide\/marche-immobilier-au-havre-une-hausse-moderee-des-prix-en-aout-2025-on-a-achete-maintenant-de-peur-que-ca-ne-soit-pire-lan-prochain\/\" \/>\n<meta property=\"og:locale\" content=\"fr_FR\" \/>\n<meta property=\"og:type\" content=\"article\" \/>\n<meta property=\"og:title\" content=\"March\u00e9 immobilier au Havre : une hausse mod\u00e9r\u00e9e des prix en ao\u00fbt 2025 \u201con a achet\u00e9 maintenant de peur que \u00e7a ne soit pire l\u2019an prochain\u201d - Rachat de Cr\u00e9dit\" \/>\n<meta property=\"og:description\" content=\"Le march\u00e9 immobilier au Havre pourrait conna\u00eetre une hausse mod\u00e9r\u00e9e des prix en ao\u00fbt 2025, selon plusieurs observateurs locaux. Cette tendance, bien que modeste, marquerait une \u00e9volution notable dans un contexte \u00e9conomique national encore incertain. Pour certains experts, cette l\u00e9g\u00e8re augmentation pourrait s\u2019expliquer par plusieurs facteurs, dont la reprise progressive des activit\u00e9s portuaires et les ... Lire plus\" \/>\n<meta property=\"og:url\" content=\"https:\/\/rachat2credit.fr\/guide\/marche-immobilier-au-havre-une-hausse-moderee-des-prix-en-aout-2025-on-a-achete-maintenant-de-peur-que-ca-ne-soit-pire-lan-prochain\/\" \/>\n<meta property=\"og:site_name\" content=\"Rachat de Cr\u00e9dit\" \/>\n<meta property=\"article:published_time\" content=\"2025-08-25T15:16:16+00:00\" \/>\n<meta property=\"og:image\" content=\"https:\/\/rachat2credit.fr\/guide\/wp-content\/uploads\/2025\/08\/flux-pro-1.1-1067-1756134986.jpg\" \/>\n\t<meta property=\"og:image:width\" content=\"1344\" \/>\n\t<meta property=\"og:image:height\" content=\"768\" \/>\n\t<meta property=\"og:image:type\" content=\"image\/jpeg\" \/>\n<meta name=\"author\" content=\"Aurelien Boulanger\" \/>\n<meta name=\"twitter:card\" content=\"summary_large_image\" \/>\n<meta name=\"twitter:label1\" content=\"\u00c9crit par\" \/>\n\t<meta name=\"twitter:data1\" content=\"Aurelien Boulanger\" \/>\n\t<meta name=\"twitter:label2\" content=\"Dur\u00e9e de lecture estim\u00e9e\" \/>\n\t<meta name=\"twitter:data2\" content=\"3 minutes\" \/>\n<script type=\"application\/ld+json\" class=\"yoast-schema-graph\">{\"@context\":\"https:\\\/\\\/schema.org\",\"@graph\":[{\"@type\":\"NewsArticle\",\"@id\":\"https:\\\/\\\/rachat2credit.fr\\\/guide\\\/marche-immobilier-au-havre-une-hausse-moderee-des-prix-en-aout-2025-on-a-achete-maintenant-de-peur-que-ca-ne-soit-pire-lan-prochain\\\/#article\",\"isPartOf\":{\"@id\":\"https:\\\/\\\/rachat2credit.fr\\\/guide\\\/marche-immobilier-au-havre-une-hausse-moderee-des-prix-en-aout-2025-on-a-achete-maintenant-de-peur-que-ca-ne-soit-pire-lan-prochain\\\/\"},\"author\":{\"name\":\"Aurelien Boulanger\",\"@id\":\"https:\\\/\\\/rachat2credit.fr\\\/guide\\\/#\\\/schema\\\/person\\\/d4142086d07bc6acdc4722eabd955cc2\"},\"headline\":\"March\u00e9 immobilier au Havre : une hausse mod\u00e9r\u00e9e des prix en ao\u00fbt 2025 \u201con a achet\u00e9 maintenant de peur que \u00e7a ne soit pire l\u2019an prochain\u201d\",\"datePublished\":\"2025-08-25T15:16:16+00:00\",\"mainEntityOfPage\":{\"@id\":\"https:\\\/\\\/rachat2credit.fr\\\/guide\\\/marche-immobilier-au-havre-une-hausse-moderee-des-prix-en-aout-2025-on-a-achete-maintenant-de-peur-que-ca-ne-soit-pire-lan-prochain\\\/\"},\"wordCount\":564,\"commentCount\":18,\"publisher\":{\"@id\":\"https:\\\/\\\/rachat2credit.fr\\\/guide\\\/#organization\"},\"image\":{\"@id\":\"https:\\\/\\\/rachat2credit.fr\\\/guide\\\/marche-immobilier-au-havre-une-hausse-moderee-des-prix-en-aout-2025-on-a-achete-maintenant-de-peur-que-ca-ne-soit-pire-lan-prochain\\\/#primaryimage\"},\"thumbnailUrl\":\"https:\\\/\\\/rachat2credit.fr\\\/guide\\\/wp-content\\\/uploads\\\/2025\\\/08\\\/flux-pro-1.1-1067-1756134986.jpg\",\"articleSection\":[\"A la une\"],\"inLanguage\":\"fr-FR\",\"potentialAction\":[{\"@type\":\"CommentAction\",\"name\":\"Comment\",\"target\":[\"https:\\\/\\\/rachat2credit.fr\\\/guide\\\/marche-immobilier-au-havre-une-hausse-moderee-des-prix-en-aout-2025-on-a-achete-maintenant-de-peur-que-ca-ne-soit-pire-lan-prochain\\\/#respond\"]}]},{\"@type\":\"WebPage\",\"@id\":\"https:\\\/\\\/rachat2credit.fr\\\/guide\\\/marche-immobilier-au-havre-une-hausse-moderee-des-prix-en-aout-2025-on-a-achete-maintenant-de-peur-que-ca-ne-soit-pire-lan-prochain\\\/\",\"url\":\"https:\\\/\\\/rachat2credit.fr\\\/guide\\\/marche-immobilier-au-havre-une-hausse-moderee-des-prix-en-aout-2025-on-a-achete-maintenant-de-peur-que-ca-ne-soit-pire-lan-prochain\\\/\",\"name\":\"March\u00e9 immobilier au Havre : une hausse mod\u00e9r\u00e9e des prix en ao\u00fbt 2025 \u201con a achet\u00e9 maintenant de peur que \u00e7a ne soit pire l\u2019an prochain\u201d - Rachat de Cr\u00e9dit\",\"isPartOf\":{\"@id\":\"https:\\\/\\\/rachat2credit.fr\\\/guide\\\/#website\"},\"primaryImageOfPage\":{\"@id\":\"https:\\\/\\\/rachat2credit.fr\\\/guide\\\/marche-immobilier-au-havre-une-hausse-moderee-des-prix-en-aout-2025-on-a-achete-maintenant-de-peur-que-ca-ne-soit-pire-lan-prochain\\\/#primaryimage\"},\"image\":{\"@id\":\"https:\\\/\\\/rachat2credit.fr\\\/guide\\\/marche-immobilier-au-havre-une-hausse-moderee-des-prix-en-aout-2025-on-a-achete-maintenant-de-peur-que-ca-ne-soit-pire-lan-prochain\\\/#primaryimage\"},\"thumbnailUrl\":\"https:\\\/\\\/rachat2credit.fr\\\/guide\\\/wp-content\\\/uploads\\\/2025\\\/08\\\/flux-pro-1.1-1067-1756134986.jpg\",\"datePublished\":\"2025-08-25T15:16:16+00:00\",\"breadcrumb\":{\"@id\":\"https:\\\/\\\/rachat2credit.fr\\\/guide\\\/marche-immobilier-au-havre-une-hausse-moderee-des-prix-en-aout-2025-on-a-achete-maintenant-de-peur-que-ca-ne-soit-pire-lan-prochain\\\/#breadcrumb\"},\"inLanguage\":\"fr-FR\",\"potentialAction\":[{\"@type\":\"ReadAction\",\"target\":[\"https:\\\/\\\/rachat2credit.fr\\\/guide\\\/marche-immobilier-au-havre-une-hausse-moderee-des-prix-en-aout-2025-on-a-achete-maintenant-de-peur-que-ca-ne-soit-pire-lan-prochain\\\/\"]}]},{\"@type\":\"ImageObject\",\"inLanguage\":\"fr-FR\",\"@id\":\"https:\\\/\\\/rachat2credit.fr\\\/guide\\\/marche-immobilier-au-havre-une-hausse-moderee-des-prix-en-aout-2025-on-a-achete-maintenant-de-peur-que-ca-ne-soit-pire-lan-prochain\\\/#primaryimage\",\"url\":\"https:\\\/\\\/rachat2credit.fr\\\/guide\\\/wp-content\\\/uploads\\\/2025\\\/08\\\/flux-pro-1.1-1067-1756134986.jpg\",\"contentUrl\":\"https:\\\/\\\/rachat2credit.fr\\\/guide\\\/wp-content\\\/uploads\\\/2025\\\/08\\\/flux-pro-1.1-1067-1756134986.jpg\",\"width\":1344,\"height\":768},{\"@type\":\"BreadcrumbList\",\"@id\":\"https:\\\/\\\/rachat2credit.fr\\\/guide\\\/marche-immobilier-au-havre-une-hausse-moderee-des-prix-en-aout-2025-on-a-achete-maintenant-de-peur-que-ca-ne-soit-pire-lan-prochain\\\/#breadcrumb\",\"itemListElement\":[{\"@type\":\"ListItem\",\"position\":1,\"name\":\"Accueil\",\"item\":\"https:\\\/\\\/rachat2credit.fr\\\/guide\\\/\"},{\"@type\":\"ListItem\",\"position\":2,\"name\":\"March\u00e9 immobilier au Havre : une hausse mod\u00e9r\u00e9e des prix en ao\u00fbt 2025 \u201con a achet\u00e9 maintenant de peur que \u00e7a ne soit pire l\u2019an prochain\u201d\"}]},{\"@type\":\"WebSite\",\"@id\":\"https:\\\/\\\/rachat2credit.fr\\\/guide\\\/#website\",\"url\":\"https:\\\/\\\/rachat2credit.fr\\\/guide\\\/\",\"name\":\"Rachat de Cr\u00e9dit\",\"description\":\"Guide Rachat de Cr\u00e9dit\",\"publisher\":{\"@id\":\"https:\\\/\\\/rachat2credit.fr\\\/guide\\\/#organization\"},\"potentialAction\":[{\"@type\":\"SearchAction\",\"target\":{\"@type\":\"EntryPoint\",\"urlTemplate\":\"https:\\\/\\\/rachat2credit.fr\\\/guide\\\/?s={search_term_string}\"},\"query-input\":{\"@type\":\"PropertyValueSpecification\",\"valueRequired\":true,\"valueName\":\"search_term_string\"}}],\"inLanguage\":\"fr-FR\"},{\"@type\":\"Organization\",\"@id\":\"https:\\\/\\\/rachat2credit.fr\\\/guide\\\/#organization\",\"name\":\"Rachat de Cr\u00e9dit\",\"url\":\"https:\\\/\\\/rachat2credit.fr\\\/guide\\\/\",\"logo\":{\"@type\":\"ImageObject\",\"inLanguage\":\"fr-FR\",\"@id\":\"https:\\\/\\\/rachat2credit.fr\\\/guide\\\/#\\\/schema\\\/logo\\\/image\\\/\",\"url\":\"https:\\\/\\\/rachat2credit.fr\\\/guide\\\/wp-content\\\/uploads\\\/2025\\\/05\\\/rachat2credit.png\",\"contentUrl\":\"https:\\\/\\\/rachat2credit.fr\\\/guide\\\/wp-content\\\/uploads\\\/2025\\\/05\\\/rachat2credit.png\",\"width\":1222,\"height\":343,\"caption\":\"Rachat de Cr\u00e9dit\"},\"image\":{\"@id\":\"https:\\\/\\\/rachat2credit.fr\\\/guide\\\/#\\\/schema\\\/logo\\\/image\\\/\"}},{\"@type\":\"Person\",\"@id\":\"https:\\\/\\\/rachat2credit.fr\\\/guide\\\/#\\\/schema\\\/person\\\/d4142086d07bc6acdc4722eabd955cc2\",\"name\":\"Aurelien Boulanger\",\"image\":{\"@type\":\"ImageObject\",\"inLanguage\":\"fr-FR\",\"@id\":\"https:\\\/\\\/secure.gravatar.com\\\/avatar\\\/32175434c9ca2b27bfeb905d1c3ec782a789caf494bc0ec8fa6ed0ee39c2e62a?s=96&d=mm&r=g\",\"url\":\"https:\\\/\\\/secure.gravatar.com\\\/avatar\\\/32175434c9ca2b27bfeb905d1c3ec782a789caf494bc0ec8fa6ed0ee39c2e62a?s=96&d=mm&r=g\",\"contentUrl\":\"https:\\\/\\\/secure.gravatar.com\\\/avatar\\\/32175434c9ca2b27bfeb905d1c3ec782a789caf494bc0ec8fa6ed0ee39c2e62a?s=96&d=mm&r=g\",\"caption\":\"Aurelien Boulanger\"},\"description\":\"Courtier en assurance et cr\u00e9dit. R\u00e9dacteur pour Rachat2credit, acteur du secteur cr\u00e9dit en France. Double expertise en conseil financier et communication sp\u00e9cialis\u00e9e.\",\"sameAs\":[\"https:\\\/\\\/rachat2credit.fr\\\/guide\"],\"url\":\"https:\\\/\\\/rachat2credit.fr\\\/guide\\\/author\\\/aurelien\\\/\"}]}<\/script>\n<!-- \/ Yoast SEO plugin. -->","yoast_head_json":{"title":"March\u00e9 immobilier au Havre : une hausse mod\u00e9r\u00e9e des prix en ao\u00fbt 2025 \u201con a achet\u00e9 maintenant de peur que \u00e7a ne soit pire l\u2019an prochain\u201d - Rachat de Cr\u00e9dit","robots":{"index":"index","follow":"follow","max-snippet":"max-snippet:-1","max-image-preview":"max-image-preview:large","max-video-preview":"max-video-preview:-1"},"canonical":"https:\/\/rachat2credit.fr\/guide\/marche-immobilier-au-havre-une-hausse-moderee-des-prix-en-aout-2025-on-a-achete-maintenant-de-peur-que-ca-ne-soit-pire-lan-prochain\/","og_locale":"fr_FR","og_type":"article","og_title":"March\u00e9 immobilier au Havre : une hausse mod\u00e9r\u00e9e des prix en ao\u00fbt 2025 \u201con a achet\u00e9 maintenant de peur que \u00e7a ne soit pire l\u2019an prochain\u201d - Rachat de Cr\u00e9dit","og_description":"Le march\u00e9 immobilier au Havre pourrait conna\u00eetre une hausse mod\u00e9r\u00e9e des prix en ao\u00fbt 2025, selon plusieurs observateurs locaux. Cette tendance, bien que modeste, marquerait une \u00e9volution notable dans un contexte \u00e9conomique national encore incertain. Pour certains experts, cette l\u00e9g\u00e8re augmentation pourrait s\u2019expliquer par plusieurs facteurs, dont la reprise progressive des activit\u00e9s portuaires et les ... Lire plus","og_url":"https:\/\/rachat2credit.fr\/guide\/marche-immobilier-au-havre-une-hausse-moderee-des-prix-en-aout-2025-on-a-achete-maintenant-de-peur-que-ca-ne-soit-pire-lan-prochain\/","og_site_name":"Rachat de Cr\u00e9dit","article_published_time":"2025-08-25T15:16:16+00:00","og_image":[{"width":1344,"height":768,"url":"https:\/\/rachat2credit.fr\/guide\/wp-content\/uploads\/2025\/08\/flux-pro-1.1-1067-1756134986.jpg","type":"image\/jpeg"}],"author":"Aurelien Boulanger","twitter_card":"summary_large_image","twitter_misc":{"\u00c9crit par":"Aurelien Boulanger","Dur\u00e9e de lecture estim\u00e9e":"3 minutes"},"schema":{"@context":"https:\/\/schema.org","@graph":[{"@type":"NewsArticle","@id":"https:\/\/rachat2credit.fr\/guide\/marche-immobilier-au-havre-une-hausse-moderee-des-prix-en-aout-2025-on-a-achete-maintenant-de-peur-que-ca-ne-soit-pire-lan-prochain\/#article","isPartOf":{"@id":"https:\/\/rachat2credit.fr\/guide\/marche-immobilier-au-havre-une-hausse-moderee-des-prix-en-aout-2025-on-a-achete-maintenant-de-peur-que-ca-ne-soit-pire-lan-prochain\/"},"author":{"name":"Aurelien Boulanger","@id":"https:\/\/rachat2credit.fr\/guide\/#\/schema\/person\/d4142086d07bc6acdc4722eabd955cc2"},"headline":"March\u00e9 immobilier au Havre : une hausse mod\u00e9r\u00e9e des prix en ao\u00fbt 2025 \u201con a achet\u00e9 maintenant de peur que \u00e7a ne soit pire l\u2019an prochain\u201d","datePublished":"2025-08-25T15:16:16+00:00","mainEntityOfPage":{"@id":"https:\/\/rachat2credit.fr\/guide\/marche-immobilier-au-havre-une-hausse-moderee-des-prix-en-aout-2025-on-a-achete-maintenant-de-peur-que-ca-ne-soit-pire-lan-prochain\/"},"wordCount":564,"commentCount":18,"publisher":{"@id":"https:\/\/rachat2credit.fr\/guide\/#organization"},"image":{"@id":"https:\/\/rachat2credit.fr\/guide\/marche-immobilier-au-havre-une-hausse-moderee-des-prix-en-aout-2025-on-a-achete-maintenant-de-peur-que-ca-ne-soit-pire-lan-prochain\/#primaryimage"},"thumbnailUrl":"https:\/\/rachat2credit.fr\/guide\/wp-content\/uploads\/2025\/08\/flux-pro-1.1-1067-1756134986.jpg","articleSection":["A la une"],"inLanguage":"fr-FR","potentialAction":[{"@type":"CommentAction","name":"Comment","target":["https:\/\/rachat2credit.fr\/guide\/marche-immobilier-au-havre-une-hausse-moderee-des-prix-en-aout-2025-on-a-achete-maintenant-de-peur-que-ca-ne-soit-pire-lan-prochain\/#respond"]}]},{"@type":"WebPage","@id":"https:\/\/rachat2credit.fr\/guide\/marche-immobilier-au-havre-une-hausse-moderee-des-prix-en-aout-2025-on-a-achete-maintenant-de-peur-que-ca-ne-soit-pire-lan-prochain\/","url":"https:\/\/rachat2credit.fr\/guide\/marche-immobilier-au-havre-une-hausse-moderee-des-prix-en-aout-2025-on-a-achete-maintenant-de-peur-que-ca-ne-soit-pire-lan-prochain\/","name":"March\u00e9 immobilier au Havre : une hausse mod\u00e9r\u00e9e des prix en ao\u00fbt 2025 \u201con a achet\u00e9 maintenant de peur que \u00e7a ne soit pire l\u2019an prochain\u201d - Rachat de Cr\u00e9dit","isPartOf":{"@id":"https:\/\/rachat2credit.fr\/guide\/#website"},"primaryImageOfPage":{"@id":"https:\/\/rachat2credit.fr\/guide\/marche-immobilier-au-havre-une-hausse-moderee-des-prix-en-aout-2025-on-a-achete-maintenant-de-peur-que-ca-ne-soit-pire-lan-prochain\/#primaryimage"},"image":{"@id":"https:\/\/rachat2credit.fr\/guide\/marche-immobilier-au-havre-une-hausse-moderee-des-prix-en-aout-2025-on-a-achete-maintenant-de-peur-que-ca-ne-soit-pire-lan-prochain\/#primaryimage"},"thumbnailUrl":"https:\/\/rachat2credit.fr\/guide\/wp-content\/uploads\/2025\/08\/flux-pro-1.1-1067-1756134986.jpg","datePublished":"2025-08-25T15:16:16+00:00","breadcrumb":{"@id":"https:\/\/rachat2credit.fr\/guide\/marche-immobilier-au-havre-une-hausse-moderee-des-prix-en-aout-2025-on-a-achete-maintenant-de-peur-que-ca-ne-soit-pire-lan-prochain\/#breadcrumb"},"inLanguage":"fr-FR","potentialAction":[{"@type":"ReadAction","target":["https:\/\/rachat2credit.fr\/guide\/marche-immobilier-au-havre-une-hausse-moderee-des-prix-en-aout-2025-on-a-achete-maintenant-de-peur-que-ca-ne-soit-pire-lan-prochain\/"]}]},{"@type":"ImageObject","inLanguage":"fr-FR","@id":"https:\/\/rachat2credit.fr\/guide\/marche-immobilier-au-havre-une-hausse-moderee-des-prix-en-aout-2025-on-a-achete-maintenant-de-peur-que-ca-ne-soit-pire-lan-prochain\/#primaryimage","url":"https:\/\/rachat2credit.fr\/guide\/wp-content\/uploads\/2025\/08\/flux-pro-1.1-1067-1756134986.jpg","contentUrl":"https:\/\/rachat2credit.fr\/guide\/wp-content\/uploads\/2025\/08\/flux-pro-1.1-1067-1756134986.jpg","width":1344,"height":768},{"@type":"BreadcrumbList","@id":"https:\/\/rachat2credit.fr\/guide\/marche-immobilier-au-havre-une-hausse-moderee-des-prix-en-aout-2025-on-a-achete-maintenant-de-peur-que-ca-ne-soit-pire-lan-prochain\/#breadcrumb","itemListElement":[{"@type":"ListItem","position":1,"name":"Accueil","item":"https:\/\/rachat2credit.fr\/guide\/"},{"@type":"ListItem","position":2,"name":"March\u00e9 immobilier au Havre : une hausse mod\u00e9r\u00e9e des prix en ao\u00fbt 2025 \u201con a achet\u00e9 maintenant de peur que \u00e7a ne soit pire l\u2019an prochain\u201d"}]},{"@type":"WebSite","@id":"https:\/\/rachat2credit.fr\/guide\/#website","url":"https:\/\/rachat2credit.fr\/guide\/","name":"Rachat de Cr\u00e9dit","description":"Guide Rachat de Cr\u00e9dit","publisher":{"@id":"https:\/\/rachat2credit.fr\/guide\/#organization"},"potentialAction":[{"@type":"SearchAction","target":{"@type":"EntryPoint","urlTemplate":"https:\/\/rachat2credit.fr\/guide\/?s={search_term_string}"},"query-input":{"@type":"PropertyValueSpecification","valueRequired":true,"valueName":"search_term_string"}}],"inLanguage":"fr-FR"},{"@type":"Organization","@id":"https:\/\/rachat2credit.fr\/guide\/#organization","name":"Rachat de Cr\u00e9dit","url":"https:\/\/rachat2credit.fr\/guide\/","logo":{"@type":"ImageObject","inLanguage":"fr-FR","@id":"https:\/\/rachat2credit.fr\/guide\/#\/schema\/logo\/image\/","url":"https:\/\/rachat2credit.fr\/guide\/wp-content\/uploads\/2025\/05\/rachat2credit.png","contentUrl":"https:\/\/rachat2credit.fr\/guide\/wp-content\/uploads\/2025\/05\/rachat2credit.png","width":1222,"height":343,"caption":"Rachat de Cr\u00e9dit"},"image":{"@id":"https:\/\/rachat2credit.fr\/guide\/#\/schema\/logo\/image\/"}},{"@type":"Person","@id":"https:\/\/rachat2credit.fr\/guide\/#\/schema\/person\/d4142086d07bc6acdc4722eabd955cc2","name":"Aurelien Boulanger","image":{"@type":"ImageObject","inLanguage":"fr-FR","@id":"https:\/\/secure.gravatar.com\/avatar\/32175434c9ca2b27bfeb905d1c3ec782a789caf494bc0ec8fa6ed0ee39c2e62a?s=96&d=mm&r=g","url":"https:\/\/secure.gravatar.com\/avatar\/32175434c9ca2b27bfeb905d1c3ec782a789caf494bc0ec8fa6ed0ee39c2e62a?s=96&d=mm&r=g","contentUrl":"https:\/\/secure.gravatar.com\/avatar\/32175434c9ca2b27bfeb905d1c3ec782a789caf494bc0ec8fa6ed0ee39c2e62a?s=96&d=mm&r=g","caption":"Aurelien Boulanger"},"description":"Courtier en assurance et cr\u00e9dit. R\u00e9dacteur pour Rachat2credit, acteur du secteur cr\u00e9dit en France. Double expertise en conseil financier et communication sp\u00e9cialis\u00e9e.","sameAs":["https:\/\/rachat2credit.fr\/guide"],"url":"https:\/\/rachat2credit.fr\/guide\/author\/aurelien\/"}]}},"_links":{"self":[{"href":"https:\/\/rachat2credit.fr\/guide\/wp-json\/wp\/v2\/posts\/1067","targetHints":{"allow":["GET"]}}],"collection":[{"href":"https:\/\/rachat2credit.fr\/guide\/wp-json\/wp\/v2\/posts"}],"about":[{"href":"https:\/\/rachat2credit.fr\/guide\/wp-json\/wp\/v2\/types\/post"}],"author":[{"embeddable":true,"href":"https:\/\/rachat2credit.fr\/guide\/wp-json\/wp\/v2\/users\/1"}],"replies":[{"embeddable":true,"href":"https:\/\/rachat2credit.fr\/guide\/wp-json\/wp\/v2\/comments?post=1067"}],"version-history":[{"count":0,"href":"https:\/\/rachat2credit.fr\/guide\/wp-json\/wp\/v2\/posts\/1067\/revisions"}],"wp:featuredmedia":[{"embeddable":true,"href":"https:\/\/rachat2credit.fr\/guide\/wp-json\/wp\/v2\/media\/1068"}],"wp:attachment":[{"href":"https:\/\/rachat2credit.fr\/guide\/wp-json\/wp\/v2\/media?parent=1067"}],"wp:term":[{"taxonomy":"category","embeddable":true,"href":"https:\/\/rachat2credit.fr\/guide\/wp-json\/wp\/v2\/categories?post=1067"},{"taxonomy":"post_tag","embeddable":true,"href":"https:\/\/rachat2credit.fr\/guide\/wp-json\/wp\/v2\/tags?post=1067"}],"curies":[{"name":"wp","href":"https:\/\/api.w.org\/{rel}","templated":true}]}}