{"id":1069,"date":"2025-08-25T18:46:24","date_gmt":"2025-08-25T16:46:24","guid":{"rendered":"https:\/\/rachat2credit.fr\/guide\/les-nouveaux-droits-de-douane-americains-entrent-en-vigueur-ce-jeudi-7-aout-2025-nos-importations-vont-devenir-bien-moins-competitives\/"},"modified":"2025-08-25T18:46:24","modified_gmt":"2025-08-25T16:46:24","slug":"les-nouveaux-droits-de-douane-americains-entrent-en-vigueur-ce-jeudi-7-aout-2025-nos-importations-vont-devenir-bien-moins-competitives","status":"publish","type":"post","link":"https:\/\/rachat2credit.fr\/guide\/les-nouveaux-droits-de-douane-americains-entrent-en-vigueur-ce-jeudi-7-aout-2025-nos-importations-vont-devenir-bien-moins-competitives\/","title":{"rendered":"Les nouveaux droits de douane am\u00e9ricains entrent en vigueur ce jeudi 7 ao\u00fbt 2025 \u201cnos importations vont devenir bien moins comp\u00e9titives\u201d"},"content":{"rendered":"<p>Les nouveaux droits de douane am\u00e9ricains pourraient-ils bouleverser l&rsquo;\u00e9conomie europ\u00e9enne d\u00e8s ce jeudi 7 ao\u00fbt 2025 ?<\/p>\n<p>Alors que les \u00c9tats-Unis s&rsquo;appr\u00eatent \u00e0 imposer une s\u00e9rie de tarifs douaniers suppl\u00e9mentaires sur plusieurs produits europ\u00e9ens, des voix s&rsquo;\u00e9l\u00e8vent pour d\u00e9noncer les cons\u00e9quences potentielles sur les entreprises et les consommateurs des deux c\u00f4t\u00e9s de l&rsquo;Atlantique.<\/p>\n<div id=\"ez-toc-container\" class=\"ez-toc-v2_0_82_2 counter-hierarchy ez-toc-counter ez-toc-grey ez-toc-container-direction\">\n<p class=\"ez-toc-title\" style=\"cursor:inherit\">Sommaire<\/p>\n<label for=\"ez-toc-cssicon-toggle-item-69f0f62f88cdc\" class=\"ez-toc-cssicon-toggle-label\"><span class=\"ez-toc-cssicon\"><span class=\"eztoc-hide\" style=\"display:none;\">Toggle<\/span><span class=\"ez-toc-icon-toggle-span\"><svg style=\"fill: #999;color:#999\" xmlns=\"http:\/\/www.w3.org\/2000\/svg\" class=\"list-377408\" width=\"20px\" height=\"20px\" viewBox=\"0 0 24 24\" fill=\"none\"><path d=\"M6 6H4v2h2V6zm14 0H8v2h12V6zM4 11h2v2H4v-2zm16 0H8v2h12v-2zM4 16h2v2H4v-2zm16 0H8v2h12v-2z\" fill=\"currentColor\"><\/path><\/svg><svg style=\"fill: #999;color:#999\" class=\"arrow-unsorted-368013\" xmlns=\"http:\/\/www.w3.org\/2000\/svg\" width=\"10px\" height=\"10px\" viewBox=\"0 0 24 24\" version=\"1.2\" baseProfile=\"tiny\"><path d=\"M18.2 9.3l-6.2-6.3-6.2 6.3c-.2.2-.3.4-.3.7s.1.5.3.7c.2.2.4.3.7.3h11c.3 0 .5-.1.7-.3.2-.2.3-.5.3-.7s-.1-.5-.3-.7zM5.8 14.7l6.2 6.3 6.2-6.3c.2-.2.3-.5.3-.7s-.1-.5-.3-.7c-.2-.2-.4-.3-.7-.3h-11c-.3 0-.5.1-.7.3-.2.2-.3.5-.3.7s.1.5.3.7z\"\/><\/svg><\/span><\/span><\/label><input type=\"checkbox\"  id=\"ez-toc-cssicon-toggle-item-69f0f62f88cdc\" checked aria-label=\"Toggle\" \/><nav><ul class='ez-toc-list ez-toc-list-level-1 ' ><li class='ez-toc-page-1 ez-toc-heading-level-3'><a class=\"ez-toc-link ez-toc-heading-1\" href=\"https:\/\/rachat2credit.fr\/guide\/les-nouveaux-droits-de-douane-americains-entrent-en-vigueur-ce-jeudi-7-aout-2025-nos-importations-vont-devenir-bien-moins-competitives\/#Un_contexte_commercial_tendu\" >Un contexte commercial tendu<\/a><\/li><li class='ez-toc-page-1 ez-toc-heading-level-3'><a class=\"ez-toc-link ez-toc-heading-2\" href=\"https:\/\/rachat2credit.fr\/guide\/les-nouveaux-droits-de-douane-americains-entrent-en-vigueur-ce-jeudi-7-aout-2025-nos-importations-vont-devenir-bien-moins-competitives\/#Temoignage_dun_exportateur_francais\" >T\u00e9moignage d&rsquo;un exportateur fran\u00e7ais<\/a><\/li><li class='ez-toc-page-1 ez-toc-heading-level-3'><a class=\"ez-toc-link ez-toc-heading-3\" href=\"https:\/\/rachat2credit.fr\/guide\/les-nouveaux-droits-de-douane-americains-entrent-en-vigueur-ce-jeudi-7-aout-2025-nos-importations-vont-devenir-bien-moins-competitives\/#Les_raisons_derriere_cette_escalade_tarifaire\" >Les raisons derri\u00e8re cette escalade tarifaire<\/a><\/li><li class='ez-toc-page-1 ez-toc-heading-level-3'><a class=\"ez-toc-link ez-toc-heading-4\" href=\"https:\/\/rachat2credit.fr\/guide\/les-nouveaux-droits-de-douane-americains-entrent-en-vigueur-ce-jeudi-7-aout-2025-nos-importations-vont-devenir-bien-moins-competitives\/#Consequences_potentielles_pour_les_consommateurs\" >Cons\u00e9quences potentielles pour les consommateurs<\/a><\/li><li class='ez-toc-page-1 ez-toc-heading-level-3'><a class=\"ez-toc-link ez-toc-heading-5\" href=\"https:\/\/rachat2credit.fr\/guide\/les-nouveaux-droits-de-douane-americains-entrent-en-vigueur-ce-jeudi-7-aout-2025-nos-importations-vont-devenir-bien-moins-competitives\/#Reactions_institutionnelles_et_preparation_des_entreprises\" >R\u00e9actions institutionnelles et pr\u00e9paration des entreprises<\/a><\/li><li class='ez-toc-page-1 ez-toc-heading-level-3'><a class=\"ez-toc-link ez-toc-heading-6\" href=\"https:\/\/rachat2credit.fr\/guide\/les-nouveaux-droits-de-douane-americains-entrent-en-vigueur-ce-jeudi-7-aout-2025-nos-importations-vont-devenir-bien-moins-competitives\/#Strategies_dadaptation_des_exportateurs\" >Strat\u00e9gies d&rsquo;adaptation des exportateurs<\/a><\/li><li class='ez-toc-page-1 ez-toc-heading-level-3'><a class=\"ez-toc-link ez-toc-heading-7\" href=\"https:\/\/rachat2credit.fr\/guide\/les-nouveaux-droits-de-douane-americains-entrent-en-vigueur-ce-jeudi-7-aout-2025-nos-importations-vont-devenir-bien-moins-competitives\/#Perspectives_et_scenarios_possibles\" >Perspectives et sc\u00e9narios possibles<\/a><\/li><li class='ez-toc-page-1 ez-toc-heading-level-3'><a class=\"ez-toc-link ez-toc-heading-8\" href=\"https:\/\/rachat2credit.fr\/guide\/les-nouveaux-droits-de-douane-americains-entrent-en-vigueur-ce-jeudi-7-aout-2025-nos-importations-vont-devenir-bien-moins-competitives\/#Impact_a_long_terme_sur_les_relations_commerciales\" >Impact \u00e0 long terme sur les relations commerciales<\/a><\/li><\/ul><\/nav><\/div>\n<h3><span class=\"ez-toc-section\" id=\"Un_contexte_commercial_tendu\"><\/span>Un contexte commercial tendu<span class=\"ez-toc-section-end\"><\/span><\/h3>\n<p>Cette d\u00e9cision s&rsquo;inscrirait dans le prolongement des tensions commerciales persistantes entre Washington et Bruxelles. Les secteurs du vin, du fromage, des produits laitiers et de l&rsquo;automobile seraient particuli\u00e8rement vis\u00e9s par ces mesures, selon des sources proches du dossier.<\/p>\n<h3><span class=\"ez-toc-section\" id=\"Temoignage_dun_exportateur_francais\"><\/span>T\u00e9moignage d&rsquo;un exportateur fran\u00e7ais<span class=\"ez-toc-section-end\"><\/span><\/h3>\n<p>Philippe Dubois, dirigeant d&rsquo;une PME exportatrice de vins bordelais, exprime son inqui\u00e9tude : \u00ab\u00a0Nous avions anticip\u00e9 une hausse des tarifs, mais pas \u00e0 cette \u00e9chelle. Ces nouveaux droits de douane pourraient rendre nos produits jusqu&rsquo;\u00e0 30% plus chers sur le march\u00e9 am\u00e9ricain. Cela remet en question toute notre strat\u00e9gie d&rsquo;exportation pour les prochains mois.\u00a0\u00bb<\/p>\n<p>Le chef d&rsquo;entreprise, qui exporte vers les \u00c9tats-Unis depuis quinze ans, ajoute : \u00ab\u00a0Nous avons construit des partenariats durables avec des distributeurs am\u00e9ricains. Aujourd&rsquo;hui, ces relations sont menac\u00e9es par des d\u00e9cisions politiques qui \u00e9chappent totalement \u00e0 notre contr\u00f4le.\u00a0\u00bb<\/p>\n<h3><span class=\"ez-toc-section\" id=\"Les_raisons_derriere_cette_escalade_tarifaire\"><\/span>Les raisons derri\u00e8re cette escalade tarifaire<span class=\"ez-toc-section-end\"><\/span><\/h3>\n<p>Les analystes \u00e9conomiques sugg\u00e8rent que ces mesures pourraient constituer une r\u00e9ponse am\u00e9ricaine au diff\u00e9rend persistants sur les subventions aux avionneurs. Le conflit entre Boeing et Airbus continuerait d&rsquo;alimenter les tensions commerciales transatlantiques, malgr\u00e9 les tentatives de rapprochement.<\/p>\n<p>D&rsquo;autres experts \u00e9voquent des consid\u00e9rations politiques internes aux \u00c9tats-Unis, o\u00f9 la protection de certaines industries nationales resterait une priorit\u00e9 pour l&rsquo;administration en place.<\/p>\n<h3><span class=\"ez-toc-section\" id=\"Consequences_potentielles_pour_les_consommateurs\"><\/span>Cons\u00e9quences potentielles pour les consommateurs<span class=\"ez-toc-section-end\"><\/span><\/h3>\n<p>Les \u00e9conomistes avertissent que ces tarifs suppl\u00e9mentaires pourraient entra\u00eener une hausse des prix pour les consommateurs am\u00e9ricains. Les produits de luxe fran\u00e7ais, notamment les vins et fromages, pourraient devenir moins accessibles sur le march\u00e9 am\u00e9ricain.<\/p>\n<p>Selon une \u00e9tude de la Chambre de commerce franco-am\u00e9ricaine, ces mesures pourraient affecter pr\u00e8s de 3,5 milliards d&rsquo;euros d&rsquo;\u00e9changes commerciaux annuels entre la France et les \u00c9tats-Unis.<\/p>\n<h3><span class=\"ez-toc-section\" id=\"Reactions_institutionnelles_et_preparation_des_entreprises\"><\/span>R\u00e9actions institutionnelles et pr\u00e9paration des entreprises<span class=\"ez-toc-section-end\"><\/span><\/h3>\n<p>La Commission europ\u00e9enne aurait d\u00e9j\u00e0 pr\u00e9par\u00e9 des mesures de r\u00e9torsion cibl\u00e9es, visant certains produits am\u00e9ricains. Ces contre-mesures pourraient \u00eatre activ\u00e9es rapidement si les discussions commerciales n&rsquo;aboutissaient pas.<\/p>\n<p>Le <a href=\"https:\/\/www.economie.gouv.fr\" target=\"_blank\" rel=\"noopener\">minist\u00e8re fran\u00e7ais de l&rsquo;\u00c9conomie<\/a> recommande aux entreprises exportatrices de se rapprocher des services douaniers pour anticiper les impacts sur leurs activit\u00e9s. Des cellules de crise auraient \u00e9t\u00e9 activ\u00e9es dans plusieurs r\u00e9gions fran\u00e7aises particuli\u00e8rement expos\u00e9es aux \u00e9changes avec les \u00c9tats-Unis.<\/p>\n<h3><span class=\"ez-toc-section\" id=\"Strategies_dadaptation_des_exportateurs\"><\/span>Strat\u00e9gies d&rsquo;adaptation des exportateurs<span class=\"ez-toc-section-end\"><\/span><\/h3>\n<p>Face \u00e0 cette nouvelle donne commerciale, certaines entreprises exploreraient d\u00e9j\u00e0 des pistes alternatives :<\/p>\n<ul>\n<li>Diversification vers d&rsquo;autres march\u00e9s d&rsquo;exportation<\/li>\n<li>Ren\u00e9gociation des contrats avec les distributeurs am\u00e9ricains<\/li>\n<li>Optimisation des cha\u00eenes logistiques pour r\u00e9duire les co\u00fbts<\/li>\n<li>D\u00e9veloppement de produits sp\u00e9cifiques pour le march\u00e9 am\u00e9ricain<\/li>\n<\/ul>\n<h3><span class=\"ez-toc-section\" id=\"Perspectives_et_scenarios_possibles\"><\/span>Perspectives et sc\u00e9narios possibles<span class=\"ez-toc-section-end\"><\/span><\/h3>\n<p>La mise en \u0153uvre de ces droits de douane pourrait provoquer une nouvelle phase de n\u00e9gociations commerciales entre l&rsquo;Union europ\u00e9enne et les \u00c9tats-Unis. Certains observateurs parient sur un accord de derni\u00e8re minute, tandis que d&rsquo;autres anticipent une prolongation du conflit tarifaire.<\/p>\n<p>Les petites et moyennes entreprises europ\u00e9ennes appara\u00eetraient comme les plus vuln\u00e9rables \u00e0 ces mesures, contrairement aux grands groupes qui disposeraient de plus de leviers pour absorber ces chocs tarifaires.<\/p>\n<h3><span class=\"ez-toc-section\" id=\"Impact_a_long_terme_sur_les_relations_commerciales\"><\/span>Impact \u00e0 long terme sur les relations commerciales<span class=\"ez-toc-section-end\"><\/span><\/h3>\n<p>Au-del\u00e0 des cons\u00e9quences imm\u00e9diates, ces nouveaux tarifs douaniers pourraient remodeler durablement les \u00e9changes transatlantiques. Certains experts craignent une fragmentation des cha\u00eenes de valeur \u00e9tablies depuis des d\u00e9cennies.<\/p>\n<p>D&rsquo;autres y voient au contraire une opportunit\u00e9 pour les entreprises europ\u00e9ennes de acc\u00e9l\u00e9rer leur diversification g\u00e9ographique et de renforcer leur comp\u00e9titivit\u00e9 sur d&rsquo;autres march\u00e9s.<\/p>\n<p>La situation reste \u00e9volutive et les acteurs \u00e9conomiques suivent avec attention les d\u00e9veloppements diplomatiques qui pourraient encore modifier la donne avant l&rsquo;entr\u00e9e en vigueur pr\u00e9vue ce jeudi.<\/p>\n\n\n<div class=\"kk-star-ratings kksr-auto kksr-align-center kksr-valign-bottom\"\n    data-payload='{&quot;align&quot;:&quot;center&quot;,&quot;id&quot;:&quot;1069&quot;,&quot;slug&quot;:&quot;default&quot;,&quot;valign&quot;:&quot;bottom&quot;,&quot;ignore&quot;:&quot;&quot;,&quot;reference&quot;:&quot;auto&quot;,&quot;class&quot;:&quot;&quot;,&quot;count&quot;:&quot;0&quot;,&quot;legendonly&quot;:&quot;&quot;,&quot;readonly&quot;:&quot;&quot;,&quot;score&quot;:&quot;0&quot;,&quot;starsonly&quot;:&quot;&quot;,&quot;best&quot;:&quot;5&quot;,&quot;gap&quot;:&quot;5&quot;,&quot;greet&quot;:&quot;&quot;,&quot;legend&quot;:&quot;0\\\/5 - (0 vote)&quot;,&quot;size&quot;:&quot;24&quot;,&quot;title&quot;:&quot;Les nouveaux droits de douane am\u00e9ricains entrent en vigueur ce jeudi 7 ao\u00fbt 2025 \u201cnos importations vont devenir bien moins comp\u00e9titives\u201d&quot;,&quot;width&quot;:&quot;0&quot;,&quot;_legend&quot;:&quot;{score}\\\/{best} - ({count} {votes})&quot;,&quot;font_factor&quot;:&quot;1.25&quot;}'>\n            \n<div class=\"kksr-stars\">\n    \n<div class=\"kksr-stars-inactive\">\n            <div class=\"kksr-star\" data-star=\"1\" style=\"padding-right: 5px\">\n            \n\n<div class=\"kksr-icon\" style=\"width: 24px; height: 24px;\"><\/div>\n        <\/div>\n            <div class=\"kksr-star\" data-star=\"2\" style=\"padding-right: 5px\">\n            \n\n<div class=\"kksr-icon\" style=\"width: 24px; height: 24px;\"><\/div>\n        <\/div>\n            <div class=\"kksr-star\" data-star=\"3\" style=\"padding-right: 5px\">\n            \n\n<div class=\"kksr-icon\" style=\"width: 24px; height: 24px;\"><\/div>\n        <\/div>\n            <div class=\"kksr-star\" data-star=\"4\" style=\"padding-right: 5px\">\n            \n\n<div class=\"kksr-icon\" style=\"width: 24px; height: 24px;\"><\/div>\n        <\/div>\n            <div class=\"kksr-star\" data-star=\"5\" style=\"padding-right: 5px\">\n            \n\n<div class=\"kksr-icon\" style=\"width: 24px; height: 24px;\"><\/div>\n        <\/div>\n    <\/div>\n    \n<div class=\"kksr-stars-active\" style=\"width: 0px;\">\n            <div class=\"kksr-star\" style=\"padding-right: 5px\">\n            \n\n<div class=\"kksr-icon\" style=\"width: 24px; height: 24px;\"><\/div>\n        <\/div>\n            <div class=\"kksr-star\" style=\"padding-right: 5px\">\n            \n\n<div class=\"kksr-icon\" style=\"width: 24px; height: 24px;\"><\/div>\n        <\/div>\n            <div class=\"kksr-star\" style=\"padding-right: 5px\">\n            \n\n<div class=\"kksr-icon\" style=\"width: 24px; height: 24px;\"><\/div>\n        <\/div>\n            <div class=\"kksr-star\" style=\"padding-right: 5px\">\n            \n\n<div class=\"kksr-icon\" style=\"width: 24px; height: 24px;\"><\/div>\n        <\/div>\n            <div class=\"kksr-star\" style=\"padding-right: 5px\">\n            \n\n<div class=\"kksr-icon\" style=\"width: 24px; height: 24px;\"><\/div>\n        <\/div>\n    <\/div>\n<\/div>\n                \n\n<div class=\"kksr-legend\" style=\"font-size: 19.2px;\">\n            <span class=\"kksr-muted\"><\/span>\n    <\/div>\n    <\/div>\n","protected":false},"excerpt":{"rendered":"<p>Les nouveaux droits de douane am\u00e9ricains pourraient-ils bouleverser l&rsquo;\u00e9conomie europ\u00e9enne d\u00e8s ce jeudi 7 ao\u00fbt 2025 ? Alors que les \u00c9tats-Unis s&rsquo;appr\u00eatent \u00e0 imposer une s\u00e9rie de tarifs douaniers suppl\u00e9mentaires sur plusieurs produits europ\u00e9ens, des voix s&rsquo;\u00e9l\u00e8vent pour d\u00e9noncer les cons\u00e9quences potentielles sur les entreprises et les consommateurs des deux c\u00f4t\u00e9s de l&rsquo;Atlantique. Un contexte &#8230; <a title=\"Les nouveaux droits de douane am\u00e9ricains entrent en vigueur ce jeudi 7 ao\u00fbt 2025 \u201cnos importations vont devenir bien moins comp\u00e9titives\u201d\" class=\"read-more\" href=\"https:\/\/rachat2credit.fr\/guide\/les-nouveaux-droits-de-douane-americains-entrent-en-vigueur-ce-jeudi-7-aout-2025-nos-importations-vont-devenir-bien-moins-competitives\/\" aria-label=\"En savoir plus sur Les nouveaux droits de douane am\u00e9ricains entrent en vigueur ce jeudi 7 ao\u00fbt 2025 \u201cnos importations vont devenir bien moins comp\u00e9titives\u201d\">Lire plus<\/a><\/p>\n","protected":false},"author":1,"featured_media":1070,"comment_status":"open","ping_status":"open","sticky":false,"template":"","format":"standard","meta":{"footnotes":""},"categories":[8],"tags":[],"class_list":["post-1069","post","type-post","status-publish","format-standard","has-post-thumbnail","hentry","category-a-la-une"],"yoast_head":"<!-- This site is optimized with the Yoast SEO plugin v27.5 - https:\/\/yoast.com\/product\/yoast-seo-wordpress\/ -->\n<title>Les nouveaux droits de douane am\u00e9ricains entrent en vigueur ce jeudi 7 ao\u00fbt 2025 \u201cnos importations vont devenir bien moins comp\u00e9titives\u201d - Rachat de Cr\u00e9dit<\/title>\n<meta name=\"robots\" content=\"index, follow, max-snippet:-1, max-image-preview:large, max-video-preview:-1\" \/>\n<link rel=\"canonical\" href=\"https:\/\/rachat2credit.fr\/guide\/les-nouveaux-droits-de-douane-americains-entrent-en-vigueur-ce-jeudi-7-aout-2025-nos-importations-vont-devenir-bien-moins-competitives\/\" \/>\n<meta property=\"og:locale\" content=\"fr_FR\" \/>\n<meta property=\"og:type\" content=\"article\" \/>\n<meta property=\"og:title\" content=\"Les nouveaux droits de douane am\u00e9ricains entrent en vigueur ce jeudi 7 ao\u00fbt 2025 \u201cnos importations vont devenir bien moins comp\u00e9titives\u201d - Rachat de Cr\u00e9dit\" \/>\n<meta property=\"og:description\" content=\"Les nouveaux droits de douane am\u00e9ricains pourraient-ils bouleverser l&rsquo;\u00e9conomie europ\u00e9enne d\u00e8s ce jeudi 7 ao\u00fbt 2025 ? Alors que les \u00c9tats-Unis s&rsquo;appr\u00eatent \u00e0 imposer une s\u00e9rie de tarifs douaniers suppl\u00e9mentaires sur plusieurs produits europ\u00e9ens, des voix s&rsquo;\u00e9l\u00e8vent pour d\u00e9noncer les cons\u00e9quences potentielles sur les entreprises et les consommateurs des deux c\u00f4t\u00e9s de l&rsquo;Atlantique. Un contexte ... Lire plus\" \/>\n<meta property=\"og:url\" content=\"https:\/\/rachat2credit.fr\/guide\/les-nouveaux-droits-de-douane-americains-entrent-en-vigueur-ce-jeudi-7-aout-2025-nos-importations-vont-devenir-bien-moins-competitives\/\" \/>\n<meta property=\"og:site_name\" content=\"Rachat de Cr\u00e9dit\" \/>\n<meta property=\"article:published_time\" content=\"2025-08-25T16:46:24+00:00\" \/>\n<meta property=\"og:image\" content=\"https:\/\/rachat2credit.fr\/guide\/wp-content\/uploads\/2025\/08\/flux-pro-1.1-1069-1756140395.jpg\" \/>\n\t<meta property=\"og:image:width\" content=\"1344\" \/>\n\t<meta property=\"og:image:height\" content=\"768\" \/>\n\t<meta property=\"og:image:type\" content=\"image\/jpeg\" \/>\n<meta name=\"author\" content=\"Aurelien Boulanger\" \/>\n<meta name=\"twitter:card\" content=\"summary_large_image\" \/>\n<meta name=\"twitter:label1\" content=\"\u00c9crit par\" \/>\n\t<meta name=\"twitter:data1\" content=\"Aurelien Boulanger\" \/>\n\t<meta name=\"twitter:label2\" content=\"Dur\u00e9e de lecture estim\u00e9e\" \/>\n\t<meta name=\"twitter:data2\" content=\"3 minutes\" \/>\n<script type=\"application\/ld+json\" class=\"yoast-schema-graph\">{\"@context\":\"https:\\\/\\\/schema.org\",\"@graph\":[{\"@type\":\"NewsArticle\",\"@id\":\"https:\\\/\\\/rachat2credit.fr\\\/guide\\\/les-nouveaux-droits-de-douane-americains-entrent-en-vigueur-ce-jeudi-7-aout-2025-nos-importations-vont-devenir-bien-moins-competitives\\\/#article\",\"isPartOf\":{\"@id\":\"https:\\\/\\\/rachat2credit.fr\\\/guide\\\/les-nouveaux-droits-de-douane-americains-entrent-en-vigueur-ce-jeudi-7-aout-2025-nos-importations-vont-devenir-bien-moins-competitives\\\/\"},\"author\":{\"name\":\"Aurelien Boulanger\",\"@id\":\"https:\\\/\\\/rachat2credit.fr\\\/guide\\\/#\\\/schema\\\/person\\\/d4142086d07bc6acdc4722eabd955cc2\"},\"headline\":\"Les nouveaux droits de douane am\u00e9ricains entrent en vigueur ce jeudi 7 ao\u00fbt 2025 \u201cnos importations vont devenir bien moins comp\u00e9titives\u201d\",\"datePublished\":\"2025-08-25T16:46:24+00:00\",\"mainEntityOfPage\":{\"@id\":\"https:\\\/\\\/rachat2credit.fr\\\/guide\\\/les-nouveaux-droits-de-douane-americains-entrent-en-vigueur-ce-jeudi-7-aout-2025-nos-importations-vont-devenir-bien-moins-competitives\\\/\"},\"wordCount\":724,\"commentCount\":22,\"publisher\":{\"@id\":\"https:\\\/\\\/rachat2credit.fr\\\/guide\\\/#organization\"},\"image\":{\"@id\":\"https:\\\/\\\/rachat2credit.fr\\\/guide\\\/les-nouveaux-droits-de-douane-americains-entrent-en-vigueur-ce-jeudi-7-aout-2025-nos-importations-vont-devenir-bien-moins-competitives\\\/#primaryimage\"},\"thumbnailUrl\":\"https:\\\/\\\/rachat2credit.fr\\\/guide\\\/wp-content\\\/uploads\\\/2025\\\/08\\\/flux-pro-1.1-1069-1756140395.jpg\",\"articleSection\":[\"A la une\"],\"inLanguage\":\"fr-FR\",\"potentialAction\":[{\"@type\":\"CommentAction\",\"name\":\"Comment\",\"target\":[\"https:\\\/\\\/rachat2credit.fr\\\/guide\\\/les-nouveaux-droits-de-douane-americains-entrent-en-vigueur-ce-jeudi-7-aout-2025-nos-importations-vont-devenir-bien-moins-competitives\\\/#respond\"]}]},{\"@type\":\"WebPage\",\"@id\":\"https:\\\/\\\/rachat2credit.fr\\\/guide\\\/les-nouveaux-droits-de-douane-americains-entrent-en-vigueur-ce-jeudi-7-aout-2025-nos-importations-vont-devenir-bien-moins-competitives\\\/\",\"url\":\"https:\\\/\\\/rachat2credit.fr\\\/guide\\\/les-nouveaux-droits-de-douane-americains-entrent-en-vigueur-ce-jeudi-7-aout-2025-nos-importations-vont-devenir-bien-moins-competitives\\\/\",\"name\":\"Les nouveaux droits de douane am\u00e9ricains entrent en vigueur ce jeudi 7 ao\u00fbt 2025 \u201cnos importations vont devenir bien moins comp\u00e9titives\u201d - Rachat de Cr\u00e9dit\",\"isPartOf\":{\"@id\":\"https:\\\/\\\/rachat2credit.fr\\\/guide\\\/#website\"},\"primaryImageOfPage\":{\"@id\":\"https:\\\/\\\/rachat2credit.fr\\\/guide\\\/les-nouveaux-droits-de-douane-americains-entrent-en-vigueur-ce-jeudi-7-aout-2025-nos-importations-vont-devenir-bien-moins-competitives\\\/#primaryimage\"},\"image\":{\"@id\":\"https:\\\/\\\/rachat2credit.fr\\\/guide\\\/les-nouveaux-droits-de-douane-americains-entrent-en-vigueur-ce-jeudi-7-aout-2025-nos-importations-vont-devenir-bien-moins-competitives\\\/#primaryimage\"},\"thumbnailUrl\":\"https:\\\/\\\/rachat2credit.fr\\\/guide\\\/wp-content\\\/uploads\\\/2025\\\/08\\\/flux-pro-1.1-1069-1756140395.jpg\",\"datePublished\":\"2025-08-25T16:46:24+00:00\",\"breadcrumb\":{\"@id\":\"https:\\\/\\\/rachat2credit.fr\\\/guide\\\/les-nouveaux-droits-de-douane-americains-entrent-en-vigueur-ce-jeudi-7-aout-2025-nos-importations-vont-devenir-bien-moins-competitives\\\/#breadcrumb\"},\"inLanguage\":\"fr-FR\",\"potentialAction\":[{\"@type\":\"ReadAction\",\"target\":[\"https:\\\/\\\/rachat2credit.fr\\\/guide\\\/les-nouveaux-droits-de-douane-americains-entrent-en-vigueur-ce-jeudi-7-aout-2025-nos-importations-vont-devenir-bien-moins-competitives\\\/\"]}]},{\"@type\":\"ImageObject\",\"inLanguage\":\"fr-FR\",\"@id\":\"https:\\\/\\\/rachat2credit.fr\\\/guide\\\/les-nouveaux-droits-de-douane-americains-entrent-en-vigueur-ce-jeudi-7-aout-2025-nos-importations-vont-devenir-bien-moins-competitives\\\/#primaryimage\",\"url\":\"https:\\\/\\\/rachat2credit.fr\\\/guide\\\/wp-content\\\/uploads\\\/2025\\\/08\\\/flux-pro-1.1-1069-1756140395.jpg\",\"contentUrl\":\"https:\\\/\\\/rachat2credit.fr\\\/guide\\\/wp-content\\\/uploads\\\/2025\\\/08\\\/flux-pro-1.1-1069-1756140395.jpg\",\"width\":1344,\"height\":768},{\"@type\":\"BreadcrumbList\",\"@id\":\"https:\\\/\\\/rachat2credit.fr\\\/guide\\\/les-nouveaux-droits-de-douane-americains-entrent-en-vigueur-ce-jeudi-7-aout-2025-nos-importations-vont-devenir-bien-moins-competitives\\\/#breadcrumb\",\"itemListElement\":[{\"@type\":\"ListItem\",\"position\":1,\"name\":\"Accueil\",\"item\":\"https:\\\/\\\/rachat2credit.fr\\\/guide\\\/\"},{\"@type\":\"ListItem\",\"position\":2,\"name\":\"Les nouveaux droits de douane am\u00e9ricains entrent en vigueur ce jeudi 7 ao\u00fbt 2025 \u201cnos importations vont devenir bien moins comp\u00e9titives\u201d\"}]},{\"@type\":\"WebSite\",\"@id\":\"https:\\\/\\\/rachat2credit.fr\\\/guide\\\/#website\",\"url\":\"https:\\\/\\\/rachat2credit.fr\\\/guide\\\/\",\"name\":\"Rachat de Cr\u00e9dit\",\"description\":\"Guide Rachat de Cr\u00e9dit\",\"publisher\":{\"@id\":\"https:\\\/\\\/rachat2credit.fr\\\/guide\\\/#organization\"},\"potentialAction\":[{\"@type\":\"SearchAction\",\"target\":{\"@type\":\"EntryPoint\",\"urlTemplate\":\"https:\\\/\\\/rachat2credit.fr\\\/guide\\\/?s={search_term_string}\"},\"query-input\":{\"@type\":\"PropertyValueSpecification\",\"valueRequired\":true,\"valueName\":\"search_term_string\"}}],\"inLanguage\":\"fr-FR\"},{\"@type\":\"Organization\",\"@id\":\"https:\\\/\\\/rachat2credit.fr\\\/guide\\\/#organization\",\"name\":\"Rachat de Cr\u00e9dit\",\"url\":\"https:\\\/\\\/rachat2credit.fr\\\/guide\\\/\",\"logo\":{\"@type\":\"ImageObject\",\"inLanguage\":\"fr-FR\",\"@id\":\"https:\\\/\\\/rachat2credit.fr\\\/guide\\\/#\\\/schema\\\/logo\\\/image\\\/\",\"url\":\"https:\\\/\\\/rachat2credit.fr\\\/guide\\\/wp-content\\\/uploads\\\/2025\\\/05\\\/rachat2credit.png\",\"contentUrl\":\"https:\\\/\\\/rachat2credit.fr\\\/guide\\\/wp-content\\\/uploads\\\/2025\\\/05\\\/rachat2credit.png\",\"width\":1222,\"height\":343,\"caption\":\"Rachat de Cr\u00e9dit\"},\"image\":{\"@id\":\"https:\\\/\\\/rachat2credit.fr\\\/guide\\\/#\\\/schema\\\/logo\\\/image\\\/\"}},{\"@type\":\"Person\",\"@id\":\"https:\\\/\\\/rachat2credit.fr\\\/guide\\\/#\\\/schema\\\/person\\\/d4142086d07bc6acdc4722eabd955cc2\",\"name\":\"Aurelien Boulanger\",\"image\":{\"@type\":\"ImageObject\",\"inLanguage\":\"fr-FR\",\"@id\":\"https:\\\/\\\/secure.gravatar.com\\\/avatar\\\/32175434c9ca2b27bfeb905d1c3ec782a789caf494bc0ec8fa6ed0ee39c2e62a?s=96&d=mm&r=g\",\"url\":\"https:\\\/\\\/secure.gravatar.com\\\/avatar\\\/32175434c9ca2b27bfeb905d1c3ec782a789caf494bc0ec8fa6ed0ee39c2e62a?s=96&d=mm&r=g\",\"contentUrl\":\"https:\\\/\\\/secure.gravatar.com\\\/avatar\\\/32175434c9ca2b27bfeb905d1c3ec782a789caf494bc0ec8fa6ed0ee39c2e62a?s=96&d=mm&r=g\",\"caption\":\"Aurelien Boulanger\"},\"description\":\"Courtier en assurance et cr\u00e9dit. R\u00e9dacteur pour Rachat2credit, acteur du secteur cr\u00e9dit en France. Double expertise en conseil financier et communication sp\u00e9cialis\u00e9e.\",\"sameAs\":[\"https:\\\/\\\/rachat2credit.fr\\\/guide\"],\"url\":\"https:\\\/\\\/rachat2credit.fr\\\/guide\\\/author\\\/aurelien\\\/\"}]}<\/script>\n<!-- \/ Yoast SEO plugin. -->","yoast_head_json":{"title":"Les nouveaux droits de douane am\u00e9ricains entrent en vigueur ce jeudi 7 ao\u00fbt 2025 \u201cnos importations vont devenir bien moins comp\u00e9titives\u201d - Rachat de Cr\u00e9dit","robots":{"index":"index","follow":"follow","max-snippet":"max-snippet:-1","max-image-preview":"max-image-preview:large","max-video-preview":"max-video-preview:-1"},"canonical":"https:\/\/rachat2credit.fr\/guide\/les-nouveaux-droits-de-douane-americains-entrent-en-vigueur-ce-jeudi-7-aout-2025-nos-importations-vont-devenir-bien-moins-competitives\/","og_locale":"fr_FR","og_type":"article","og_title":"Les nouveaux droits de douane am\u00e9ricains entrent en vigueur ce jeudi 7 ao\u00fbt 2025 \u201cnos importations vont devenir bien moins comp\u00e9titives\u201d - Rachat de Cr\u00e9dit","og_description":"Les nouveaux droits de douane am\u00e9ricains pourraient-ils bouleverser l&rsquo;\u00e9conomie europ\u00e9enne d\u00e8s ce jeudi 7 ao\u00fbt 2025 ? Alors que les \u00c9tats-Unis s&rsquo;appr\u00eatent \u00e0 imposer une s\u00e9rie de tarifs douaniers suppl\u00e9mentaires sur plusieurs produits europ\u00e9ens, des voix s&rsquo;\u00e9l\u00e8vent pour d\u00e9noncer les cons\u00e9quences potentielles sur les entreprises et les consommateurs des deux c\u00f4t\u00e9s de l&rsquo;Atlantique. Un contexte ... Lire plus","og_url":"https:\/\/rachat2credit.fr\/guide\/les-nouveaux-droits-de-douane-americains-entrent-en-vigueur-ce-jeudi-7-aout-2025-nos-importations-vont-devenir-bien-moins-competitives\/","og_site_name":"Rachat de Cr\u00e9dit","article_published_time":"2025-08-25T16:46:24+00:00","og_image":[{"width":1344,"height":768,"url":"https:\/\/rachat2credit.fr\/guide\/wp-content\/uploads\/2025\/08\/flux-pro-1.1-1069-1756140395.jpg","type":"image\/jpeg"}],"author":"Aurelien Boulanger","twitter_card":"summary_large_image","twitter_misc":{"\u00c9crit par":"Aurelien Boulanger","Dur\u00e9e de lecture estim\u00e9e":"3 minutes"},"schema":{"@context":"https:\/\/schema.org","@graph":[{"@type":"NewsArticle","@id":"https:\/\/rachat2credit.fr\/guide\/les-nouveaux-droits-de-douane-americains-entrent-en-vigueur-ce-jeudi-7-aout-2025-nos-importations-vont-devenir-bien-moins-competitives\/#article","isPartOf":{"@id":"https:\/\/rachat2credit.fr\/guide\/les-nouveaux-droits-de-douane-americains-entrent-en-vigueur-ce-jeudi-7-aout-2025-nos-importations-vont-devenir-bien-moins-competitives\/"},"author":{"name":"Aurelien Boulanger","@id":"https:\/\/rachat2credit.fr\/guide\/#\/schema\/person\/d4142086d07bc6acdc4722eabd955cc2"},"headline":"Les nouveaux droits de douane am\u00e9ricains entrent en vigueur ce jeudi 7 ao\u00fbt 2025 \u201cnos importations vont devenir bien moins comp\u00e9titives\u201d","datePublished":"2025-08-25T16:46:24+00:00","mainEntityOfPage":{"@id":"https:\/\/rachat2credit.fr\/guide\/les-nouveaux-droits-de-douane-americains-entrent-en-vigueur-ce-jeudi-7-aout-2025-nos-importations-vont-devenir-bien-moins-competitives\/"},"wordCount":724,"commentCount":22,"publisher":{"@id":"https:\/\/rachat2credit.fr\/guide\/#organization"},"image":{"@id":"https:\/\/rachat2credit.fr\/guide\/les-nouveaux-droits-de-douane-americains-entrent-en-vigueur-ce-jeudi-7-aout-2025-nos-importations-vont-devenir-bien-moins-competitives\/#primaryimage"},"thumbnailUrl":"https:\/\/rachat2credit.fr\/guide\/wp-content\/uploads\/2025\/08\/flux-pro-1.1-1069-1756140395.jpg","articleSection":["A la une"],"inLanguage":"fr-FR","potentialAction":[{"@type":"CommentAction","name":"Comment","target":["https:\/\/rachat2credit.fr\/guide\/les-nouveaux-droits-de-douane-americains-entrent-en-vigueur-ce-jeudi-7-aout-2025-nos-importations-vont-devenir-bien-moins-competitives\/#respond"]}]},{"@type":"WebPage","@id":"https:\/\/rachat2credit.fr\/guide\/les-nouveaux-droits-de-douane-americains-entrent-en-vigueur-ce-jeudi-7-aout-2025-nos-importations-vont-devenir-bien-moins-competitives\/","url":"https:\/\/rachat2credit.fr\/guide\/les-nouveaux-droits-de-douane-americains-entrent-en-vigueur-ce-jeudi-7-aout-2025-nos-importations-vont-devenir-bien-moins-competitives\/","name":"Les nouveaux droits de douane am\u00e9ricains entrent en vigueur ce jeudi 7 ao\u00fbt 2025 \u201cnos importations vont devenir bien moins comp\u00e9titives\u201d - Rachat de Cr\u00e9dit","isPartOf":{"@id":"https:\/\/rachat2credit.fr\/guide\/#website"},"primaryImageOfPage":{"@id":"https:\/\/rachat2credit.fr\/guide\/les-nouveaux-droits-de-douane-americains-entrent-en-vigueur-ce-jeudi-7-aout-2025-nos-importations-vont-devenir-bien-moins-competitives\/#primaryimage"},"image":{"@id":"https:\/\/rachat2credit.fr\/guide\/les-nouveaux-droits-de-douane-americains-entrent-en-vigueur-ce-jeudi-7-aout-2025-nos-importations-vont-devenir-bien-moins-competitives\/#primaryimage"},"thumbnailUrl":"https:\/\/rachat2credit.fr\/guide\/wp-content\/uploads\/2025\/08\/flux-pro-1.1-1069-1756140395.jpg","datePublished":"2025-08-25T16:46:24+00:00","breadcrumb":{"@id":"https:\/\/rachat2credit.fr\/guide\/les-nouveaux-droits-de-douane-americains-entrent-en-vigueur-ce-jeudi-7-aout-2025-nos-importations-vont-devenir-bien-moins-competitives\/#breadcrumb"},"inLanguage":"fr-FR","potentialAction":[{"@type":"ReadAction","target":["https:\/\/rachat2credit.fr\/guide\/les-nouveaux-droits-de-douane-americains-entrent-en-vigueur-ce-jeudi-7-aout-2025-nos-importations-vont-devenir-bien-moins-competitives\/"]}]},{"@type":"ImageObject","inLanguage":"fr-FR","@id":"https:\/\/rachat2credit.fr\/guide\/les-nouveaux-droits-de-douane-americains-entrent-en-vigueur-ce-jeudi-7-aout-2025-nos-importations-vont-devenir-bien-moins-competitives\/#primaryimage","url":"https:\/\/rachat2credit.fr\/guide\/wp-content\/uploads\/2025\/08\/flux-pro-1.1-1069-1756140395.jpg","contentUrl":"https:\/\/rachat2credit.fr\/guide\/wp-content\/uploads\/2025\/08\/flux-pro-1.1-1069-1756140395.jpg","width":1344,"height":768},{"@type":"BreadcrumbList","@id":"https:\/\/rachat2credit.fr\/guide\/les-nouveaux-droits-de-douane-americains-entrent-en-vigueur-ce-jeudi-7-aout-2025-nos-importations-vont-devenir-bien-moins-competitives\/#breadcrumb","itemListElement":[{"@type":"ListItem","position":1,"name":"Accueil","item":"https:\/\/rachat2credit.fr\/guide\/"},{"@type":"ListItem","position":2,"name":"Les nouveaux droits de douane am\u00e9ricains entrent en vigueur ce jeudi 7 ao\u00fbt 2025 \u201cnos importations vont devenir bien moins comp\u00e9titives\u201d"}]},{"@type":"WebSite","@id":"https:\/\/rachat2credit.fr\/guide\/#website","url":"https:\/\/rachat2credit.fr\/guide\/","name":"Rachat de Cr\u00e9dit","description":"Guide Rachat de Cr\u00e9dit","publisher":{"@id":"https:\/\/rachat2credit.fr\/guide\/#organization"},"potentialAction":[{"@type":"SearchAction","target":{"@type":"EntryPoint","urlTemplate":"https:\/\/rachat2credit.fr\/guide\/?s={search_term_string}"},"query-input":{"@type":"PropertyValueSpecification","valueRequired":true,"valueName":"search_term_string"}}],"inLanguage":"fr-FR"},{"@type":"Organization","@id":"https:\/\/rachat2credit.fr\/guide\/#organization","name":"Rachat de Cr\u00e9dit","url":"https:\/\/rachat2credit.fr\/guide\/","logo":{"@type":"ImageObject","inLanguage":"fr-FR","@id":"https:\/\/rachat2credit.fr\/guide\/#\/schema\/logo\/image\/","url":"https:\/\/rachat2credit.fr\/guide\/wp-content\/uploads\/2025\/05\/rachat2credit.png","contentUrl":"https:\/\/rachat2credit.fr\/guide\/wp-content\/uploads\/2025\/05\/rachat2credit.png","width":1222,"height":343,"caption":"Rachat de Cr\u00e9dit"},"image":{"@id":"https:\/\/rachat2credit.fr\/guide\/#\/schema\/logo\/image\/"}},{"@type":"Person","@id":"https:\/\/rachat2credit.fr\/guide\/#\/schema\/person\/d4142086d07bc6acdc4722eabd955cc2","name":"Aurelien Boulanger","image":{"@type":"ImageObject","inLanguage":"fr-FR","@id":"https:\/\/secure.gravatar.com\/avatar\/32175434c9ca2b27bfeb905d1c3ec782a789caf494bc0ec8fa6ed0ee39c2e62a?s=96&d=mm&r=g","url":"https:\/\/secure.gravatar.com\/avatar\/32175434c9ca2b27bfeb905d1c3ec782a789caf494bc0ec8fa6ed0ee39c2e62a?s=96&d=mm&r=g","contentUrl":"https:\/\/secure.gravatar.com\/avatar\/32175434c9ca2b27bfeb905d1c3ec782a789caf494bc0ec8fa6ed0ee39c2e62a?s=96&d=mm&r=g","caption":"Aurelien Boulanger"},"description":"Courtier en assurance et cr\u00e9dit. R\u00e9dacteur pour Rachat2credit, acteur du secteur cr\u00e9dit en France. Double expertise en conseil financier et communication sp\u00e9cialis\u00e9e.","sameAs":["https:\/\/rachat2credit.fr\/guide"],"url":"https:\/\/rachat2credit.fr\/guide\/author\/aurelien\/"}]}},"_links":{"self":[{"href":"https:\/\/rachat2credit.fr\/guide\/wp-json\/wp\/v2\/posts\/1069","targetHints":{"allow":["GET"]}}],"collection":[{"href":"https:\/\/rachat2credit.fr\/guide\/wp-json\/wp\/v2\/posts"}],"about":[{"href":"https:\/\/rachat2credit.fr\/guide\/wp-json\/wp\/v2\/types\/post"}],"author":[{"embeddable":true,"href":"https:\/\/rachat2credit.fr\/guide\/wp-json\/wp\/v2\/users\/1"}],"replies":[{"embeddable":true,"href":"https:\/\/rachat2credit.fr\/guide\/wp-json\/wp\/v2\/comments?post=1069"}],"version-history":[{"count":0,"href":"https:\/\/rachat2credit.fr\/guide\/wp-json\/wp\/v2\/posts\/1069\/revisions"}],"wp:featuredmedia":[{"embeddable":true,"href":"https:\/\/rachat2credit.fr\/guide\/wp-json\/wp\/v2\/media\/1070"}],"wp:attachment":[{"href":"https:\/\/rachat2credit.fr\/guide\/wp-json\/wp\/v2\/media?parent=1069"}],"wp:term":[{"taxonomy":"category","embeddable":true,"href":"https:\/\/rachat2credit.fr\/guide\/wp-json\/wp\/v2\/categories?post=1069"},{"taxonomy":"post_tag","embeddable":true,"href":"https:\/\/rachat2credit.fr\/guide\/wp-json\/wp\/v2\/tags?post=1069"}],"curies":[{"name":"wp","href":"https:\/\/api.w.org\/{rel}","templated":true}]}}