{"id":1071,"date":"2025-08-26T06:45:53","date_gmt":"2025-08-26T04:45:53","guid":{"rendered":"https:\/\/rachat2credit.fr\/guide\/paris-suffoque-face-au-dilemme-de-la-climatisation-une-habitante-temoigne-les-pains-de-glace-devant-les-ventilateurs-cest-anecdotique\/"},"modified":"2025-08-26T06:45:53","modified_gmt":"2025-08-26T04:45:53","slug":"paris-suffoque-face-au-dilemme-de-la-climatisation-une-habitante-temoigne-les-pains-de-glace-devant-les-ventilateurs-cest-anecdotique","status":"publish","type":"post","link":"https:\/\/rachat2credit.fr\/guide\/paris-suffoque-face-au-dilemme-de-la-climatisation-une-habitante-temoigne-les-pains-de-glace-devant-les-ventilateurs-cest-anecdotique\/","title":{"rendered":"Paris suffoque face au dilemme de la climatisation, une habitante t\u00e9moigne : \u00ab\u00a0les pains de glace devant les ventilateurs, c&rsquo;est anecdotique\u00a0\u00bb"},"content":{"rendered":"<p>\u00ab Les pains de glace devant les ventilateurs, les volets baiss\u00e9s\u2026 c\u2019est anecdotique \u00bb : Paris face au dilemme de la clim&rsquo;<\/p>\n<p>Dans les rues de la capitale, une question divise : comment survivre aux vagues de chaleur sans c\u00e9der \u00e0 la tentation \u00e9nergivore de la climatisation ? Alors que les temp\u00e9ratures estivales atteignent des sommets, les Parisiens rivalisent d\u2019ing\u00e9niosit\u00e9 pour rester au frais, mais ces efforts seraient-ils d\u00e9risoires face \u00e0 l\u2019urgence climatique ?<\/p>\n<p>Un t\u00e9moignage frappant nous vient d\u2019H\u00e9l\u00e8ne, architecte r\u00e9sidant dans le 11e arrondissement : \u00ab L\u2019\u00e9t\u00e9 dernier, j\u2019ai tent\u00e9 tous les rem\u00e8des de grand-m\u00e8re : serviettes humides, ventilateurs strat\u00e9giquement plac\u00e9s, m\u00eame des pains de glace devant les ventilateurs\u2026 Mais \u00e0 40\u00b0C dans mon appartement sous les toits, c\u2019\u00e9tait comme vouloir \u00e9teindre un incendie avec un verre d\u2019eau. \u00bb<\/p>\n<div id=\"ez-toc-container\" class=\"ez-toc-v2_0_82_2 counter-hierarchy ez-toc-counter ez-toc-grey ez-toc-container-direction\">\n<p class=\"ez-toc-title\" style=\"cursor:inherit\">Sommaire<\/p>\n<label for=\"ez-toc-cssicon-toggle-item-69f0f1ff1007c\" class=\"ez-toc-cssicon-toggle-label\"><span class=\"ez-toc-cssicon\"><span class=\"eztoc-hide\" style=\"display:none;\">Toggle<\/span><span class=\"ez-toc-icon-toggle-span\"><svg style=\"fill: #999;color:#999\" xmlns=\"http:\/\/www.w3.org\/2000\/svg\" class=\"list-377408\" width=\"20px\" height=\"20px\" viewBox=\"0 0 24 24\" fill=\"none\"><path d=\"M6 6H4v2h2V6zm14 0H8v2h12V6zM4 11h2v2H4v-2zm16 0H8v2h12v-2zM4 16h2v2H4v-2zm16 0H8v2h12v-2z\" fill=\"currentColor\"><\/path><\/svg><svg style=\"fill: #999;color:#999\" class=\"arrow-unsorted-368013\" xmlns=\"http:\/\/www.w3.org\/2000\/svg\" width=\"10px\" height=\"10px\" viewBox=\"0 0 24 24\" version=\"1.2\" baseProfile=\"tiny\"><path d=\"M18.2 9.3l-6.2-6.3-6.2 6.3c-.2.2-.3.4-.3.7s.1.5.3.7c.2.2.4.3.7.3h11c.3 0 .5-.1.7-.3.2-.2.3-.5.3-.7s-.1-.5-.3-.7zM5.8 14.7l6.2 6.3 6.2-6.3c.2-.2.3-.5.3-.7s-.1-.5-.3-.7c-.2-.2-.4-.3-.7-.3h-11c-.3 0-.5.1-.7.3-.2.2-.3.5-.3.7s.1.5.3.7z\"\/><\/svg><\/span><\/span><\/label><input type=\"checkbox\"  id=\"ez-toc-cssicon-toggle-item-69f0f1ff1007c\" checked aria-label=\"Toggle\" \/><nav><ul class='ez-toc-list ez-toc-list-level-1 ' ><li class='ez-toc-page-1 ez-toc-heading-level-3'><a class=\"ez-toc-link ez-toc-heading-1\" href=\"https:\/\/rachat2credit.fr\/guide\/paris-suffoque-face-au-dilemme-de-la-climatisation-une-habitante-temoigne-les-pains-de-glace-devant-les-ventilateurs-cest-anecdotique\/#Un_dilemme_entre_confort_immediat_et_responsabilite_ecologique\" >Un dilemme entre confort imm\u00e9diat et responsabilit\u00e9 \u00e9cologique<\/a><\/li><li class='ez-toc-page-1 ez-toc-heading-level-3'><a class=\"ez-toc-link ez-toc-heading-2\" href=\"https:\/\/rachat2credit.fr\/guide\/paris-suffoque-face-au-dilemme-de-la-climatisation-une-habitante-temoigne-les-pains-de-glace-devant-les-ventilateurs-cest-anecdotique\/#Des_alternatives_innovantes_mais_encore_insuffisantes\" >Des alternatives innovantes mais encore insuffisantes<\/a><\/li><li class='ez-toc-page-1 ez-toc-heading-level-3'><a class=\"ez-toc-link ez-toc-heading-3\" href=\"https:\/\/rachat2credit.fr\/guide\/paris-suffoque-face-au-dilemme-de-la-climatisation-une-habitante-temoigne-les-pains-de-glace-devant-les-ventilateurs-cest-anecdotique\/#Vers_une_reglementation_contraignante\" >Vers une r\u00e9glementation contraignante ?<\/a><\/li><\/ul><\/nav><\/div>\n<h3><span class=\"ez-toc-section\" id=\"Un_dilemme_entre_confort_immediat_et_responsabilite_ecologique\"><\/span>Un dilemme entre confort imm\u00e9diat et responsabilit\u00e9 \u00e9cologique<span class=\"ez-toc-section-end\"><\/span><\/h3>\n<p>La Ville de Paris encouragerait officiellement les \u00ab solutions passives \u00bb de rafra\u00eechissement, suivant les pr\u00e9conisations de l\u2019<a href=\"https:\/\/www.ecologie.gouv.fr\/plan-canicule\" target=\"_blank\" rel=\"noopener\">Ademe<\/a>. Pourtant, dans les faits, les ventes de climatiseurs auraient bondi de 30% lors du dernier \u00e9pisode caniculaire selon une \u00e9tude sectorielle.<\/p>\n<p>\u00ab On se sent coupable d\u2019envisager la clim\u2019, reconna\u00eet Marc, p\u00e8re de deux jeunes enfants. Mais quand la sant\u00e9 des plus fragiles est en jeu, le choix devient corn\u00e9lien. \u00bb<\/p>\n<h3><span class=\"ez-toc-section\" id=\"Des_alternatives_innovantes_mais_encore_insuffisantes\"><\/span>Des alternatives innovantes mais encore insuffisantes<span class=\"ez-toc-section-end\"><\/span><\/h3>\n<p>Certains arrondissements testeraient des solutions novatrices :<\/p>\n<ul>\n<li>Des \u00ab \u00eelots de fra\u00eecheur \u00bb \u00e9quip\u00e9s de brumisateurs \u00e9co-responsables<\/li>\n<li>La v\u00e9g\u00e9talisation acc\u00e9l\u00e9r\u00e9e des cours d\u2019\u00e9cole et des toitures<\/li>\n<li>L\u2019ouverture nocturne de b\u00e2timents publics climatis\u00e9s<\/li>\n<\/ul>\n<p>N\u00e9anmoins, ces mesures resteraient marginales face \u00e0 l\u2019ampleur du ph\u00e9nom\u00e8ne. \u00ab Les solutions individuelles ne suffiront pas, estime un expert du climat. Il faudrait repenser l\u2019urbanisme parisien dans son ensemble. \u00bb<\/p>\n<h3><span class=\"ez-toc-section\" id=\"Vers_une_reglementation_contraignante\"><\/span>Vers une r\u00e9glementation contraignante ?<span class=\"ez-toc-section-end\"><\/span><\/h3>\n<p>La Mairie de Paris envisagerait un encadrement strict des installations de climatisation, suivant l\u2019exemple de certaines villes europ\u00e9ennes. Les propri\u00e9taires pourraient \u00eatre incit\u00e9s financi\u00e8rement \u00e0 privil\u00e9gier les syst\u00e8mes de rafra\u00eechissement durable.<\/p>\n<p>\u00ab La clim\u2019 n\u2019est qu\u2019un pansement sur une jambe de bois, conclut H\u00e9l\u00e8ne. Ce dont on a vraiment besoin, c\u2019est d\u2019une r\u00e9volution dans notre fa\u00e7on de construire et d\u2019habiter. \u00bb<\/p>\n<p>Alors que le d\u00e9bat fait rage, une chose est certaine : le confort estival des Parisiens devra s\u2019inventer dans l\u2019\u00e9quilibre d\u00e9licat entre innovation technologique et sobri\u00e9t\u00e9 \u00e9nerg\u00e9tique.<\/p>\n\n\n<div class=\"kk-star-ratings kksr-auto kksr-align-center kksr-valign-bottom\"\n    data-payload='{&quot;align&quot;:&quot;center&quot;,&quot;id&quot;:&quot;1071&quot;,&quot;slug&quot;:&quot;default&quot;,&quot;valign&quot;:&quot;bottom&quot;,&quot;ignore&quot;:&quot;&quot;,&quot;reference&quot;:&quot;auto&quot;,&quot;class&quot;:&quot;&quot;,&quot;count&quot;:&quot;0&quot;,&quot;legendonly&quot;:&quot;&quot;,&quot;readonly&quot;:&quot;&quot;,&quot;score&quot;:&quot;0&quot;,&quot;starsonly&quot;:&quot;&quot;,&quot;best&quot;:&quot;5&quot;,&quot;gap&quot;:&quot;5&quot;,&quot;greet&quot;:&quot;&quot;,&quot;legend&quot;:&quot;0\\\/5 - (0 vote)&quot;,&quot;size&quot;:&quot;24&quot;,&quot;title&quot;:&quot;Paris suffoque face au dilemme de la climatisation, une habitante t\u00e9moigne : \\u0026quot;les pains de glace devant les ventilateurs, c\\u0026#039;est anecdotique\\u0026quot;&quot;,&quot;width&quot;:&quot;0&quot;,&quot;_legend&quot;:&quot;{score}\\\/{best} - ({count} {votes})&quot;,&quot;font_factor&quot;:&quot;1.25&quot;}'>\n            \n<div class=\"kksr-stars\">\n    \n<div class=\"kksr-stars-inactive\">\n            <div class=\"kksr-star\" data-star=\"1\" style=\"padding-right: 5px\">\n            \n\n<div class=\"kksr-icon\" style=\"width: 24px; height: 24px;\"><\/div>\n        <\/div>\n            <div class=\"kksr-star\" data-star=\"2\" style=\"padding-right: 5px\">\n            \n\n<div class=\"kksr-icon\" style=\"width: 24px; height: 24px;\"><\/div>\n        <\/div>\n            <div class=\"kksr-star\" data-star=\"3\" style=\"padding-right: 5px\">\n            \n\n<div class=\"kksr-icon\" style=\"width: 24px; height: 24px;\"><\/div>\n        <\/div>\n            <div class=\"kksr-star\" data-star=\"4\" style=\"padding-right: 5px\">\n            \n\n<div class=\"kksr-icon\" style=\"width: 24px; height: 24px;\"><\/div>\n        <\/div>\n            <div class=\"kksr-star\" data-star=\"5\" style=\"padding-right: 5px\">\n            \n\n<div class=\"kksr-icon\" style=\"width: 24px; height: 24px;\"><\/div>\n        <\/div>\n    <\/div>\n    \n<div class=\"kksr-stars-active\" style=\"width: 0px;\">\n            <div class=\"kksr-star\" style=\"padding-right: 5px\">\n            \n\n<div class=\"kksr-icon\" style=\"width: 24px; height: 24px;\"><\/div>\n        <\/div>\n            <div class=\"kksr-star\" style=\"padding-right: 5px\">\n            \n\n<div class=\"kksr-icon\" style=\"width: 24px; height: 24px;\"><\/div>\n        <\/div>\n            <div class=\"kksr-star\" style=\"padding-right: 5px\">\n            \n\n<div class=\"kksr-icon\" style=\"width: 24px; height: 24px;\"><\/div>\n        <\/div>\n            <div class=\"kksr-star\" style=\"padding-right: 5px\">\n            \n\n<div class=\"kksr-icon\" style=\"width: 24px; height: 24px;\"><\/div>\n        <\/div>\n            <div class=\"kksr-star\" style=\"padding-right: 5px\">\n            \n\n<div class=\"kksr-icon\" style=\"width: 24px; height: 24px;\"><\/div>\n        <\/div>\n    <\/div>\n<\/div>\n                \n\n<div class=\"kksr-legend\" style=\"font-size: 19.2px;\">\n            <span class=\"kksr-muted\"><\/span>\n    <\/div>\n    <\/div>\n","protected":false},"excerpt":{"rendered":"<p>\u00ab Les pains de glace devant les ventilateurs, les volets baiss\u00e9s\u2026 c\u2019est anecdotique \u00bb : Paris face au dilemme de la clim&rsquo; Dans les rues de la capitale, une question divise : comment survivre aux vagues de chaleur sans c\u00e9der \u00e0 la tentation \u00e9nergivore de la climatisation ? Alors que les temp\u00e9ratures estivales atteignent des &#8230; <a title=\"Paris suffoque face au dilemme de la climatisation, une habitante t\u00e9moigne : \u00ab\u00a0les pains de glace devant les ventilateurs, c&rsquo;est anecdotique\u00a0\u00bb\" class=\"read-more\" href=\"https:\/\/rachat2credit.fr\/guide\/paris-suffoque-face-au-dilemme-de-la-climatisation-une-habitante-temoigne-les-pains-de-glace-devant-les-ventilateurs-cest-anecdotique\/\" aria-label=\"En savoir plus sur Paris suffoque face au dilemme de la climatisation, une habitante t\u00e9moigne : \u00ab\u00a0les pains de glace devant les ventilateurs, c&rsquo;est anecdotique\u00a0\u00bb\">Lire plus<\/a><\/p>\n","protected":false},"author":1,"featured_media":1072,"comment_status":"open","ping_status":"open","sticky":false,"template":"","format":"standard","meta":{"footnotes":""},"categories":[8],"tags":[],"class_list":["post-1071","post","type-post","status-publish","format-standard","has-post-thumbnail","hentry","category-a-la-une"],"yoast_head":"<!-- This site is optimized with the Yoast SEO plugin v27.5 - https:\/\/yoast.com\/product\/yoast-seo-wordpress\/ -->\n<title>Paris suffoque face au dilemme de la climatisation, une habitante t\u00e9moigne : &quot;les pains de glace devant les ventilateurs, c&#039;est anecdotique&quot; - Rachat de Cr\u00e9dit<\/title>\n<meta name=\"robots\" content=\"index, follow, max-snippet:-1, max-image-preview:large, max-video-preview:-1\" \/>\n<link rel=\"canonical\" href=\"https:\/\/rachat2credit.fr\/guide\/paris-suffoque-face-au-dilemme-de-la-climatisation-une-habitante-temoigne-les-pains-de-glace-devant-les-ventilateurs-cest-anecdotique\/\" \/>\n<meta property=\"og:locale\" content=\"fr_FR\" \/>\n<meta property=\"og:type\" content=\"article\" \/>\n<meta property=\"og:title\" content=\"Paris suffoque face au dilemme de la climatisation, une habitante t\u00e9moigne : &quot;les pains de glace devant les ventilateurs, c&#039;est anecdotique&quot; - Rachat de Cr\u00e9dit\" \/>\n<meta property=\"og:description\" content=\"\u00ab Les pains de glace devant les ventilateurs, les volets baiss\u00e9s\u2026 c\u2019est anecdotique \u00bb : Paris face au dilemme de la clim&rsquo; Dans les rues de la capitale, une question divise : comment survivre aux vagues de chaleur sans c\u00e9der \u00e0 la tentation \u00e9nergivore de la climatisation ? Alors que les temp\u00e9ratures estivales atteignent des ... Lire plus\" \/>\n<meta property=\"og:url\" content=\"https:\/\/rachat2credit.fr\/guide\/paris-suffoque-face-au-dilemme-de-la-climatisation-une-habitante-temoigne-les-pains-de-glace-devant-les-ventilateurs-cest-anecdotique\/\" \/>\n<meta property=\"og:site_name\" content=\"Rachat de Cr\u00e9dit\" \/>\n<meta property=\"article:published_time\" content=\"2025-08-26T04:45:53+00:00\" \/>\n<meta property=\"og:image\" content=\"https:\/\/rachat2credit.fr\/guide\/wp-content\/uploads\/2025\/08\/flux-pro-1.1-1071-1756183563.jpg\" \/>\n\t<meta property=\"og:image:width\" content=\"1344\" \/>\n\t<meta property=\"og:image:height\" content=\"768\" \/>\n\t<meta property=\"og:image:type\" content=\"image\/jpeg\" \/>\n<meta name=\"author\" content=\"Aurelien Boulanger\" \/>\n<meta name=\"twitter:card\" content=\"summary_large_image\" \/>\n<meta name=\"twitter:label1\" content=\"\u00c9crit par\" \/>\n\t<meta name=\"twitter:data1\" content=\"Aurelien Boulanger\" \/>\n\t<meta name=\"twitter:label2\" content=\"Dur\u00e9e de lecture estim\u00e9e\" \/>\n\t<meta name=\"twitter:data2\" content=\"2 minutes\" \/>\n<script type=\"application\/ld+json\" class=\"yoast-schema-graph\">{\"@context\":\"https:\\\/\\\/schema.org\",\"@graph\":[{\"@type\":\"NewsArticle\",\"@id\":\"https:\\\/\\\/rachat2credit.fr\\\/guide\\\/paris-suffoque-face-au-dilemme-de-la-climatisation-une-habitante-temoigne-les-pains-de-glace-devant-les-ventilateurs-cest-anecdotique\\\/#article\",\"isPartOf\":{\"@id\":\"https:\\\/\\\/rachat2credit.fr\\\/guide\\\/paris-suffoque-face-au-dilemme-de-la-climatisation-une-habitante-temoigne-les-pains-de-glace-devant-les-ventilateurs-cest-anecdotique\\\/\"},\"author\":{\"name\":\"Aurelien Boulanger\",\"@id\":\"https:\\\/\\\/rachat2credit.fr\\\/guide\\\/#\\\/schema\\\/person\\\/d4142086d07bc6acdc4722eabd955cc2\"},\"headline\":\"Paris suffoque face au dilemme de la climatisation, une habitante t\u00e9moigne : \u00ab\u00a0les pains de glace devant les ventilateurs, c&rsquo;est anecdotique\u00a0\u00bb\",\"datePublished\":\"2025-08-26T04:45:53+00:00\",\"mainEntityOfPage\":{\"@id\":\"https:\\\/\\\/rachat2credit.fr\\\/guide\\\/paris-suffoque-face-au-dilemme-de-la-climatisation-une-habitante-temoigne-les-pains-de-glace-devant-les-ventilateurs-cest-anecdotique\\\/\"},\"wordCount\":433,\"commentCount\":6,\"publisher\":{\"@id\":\"https:\\\/\\\/rachat2credit.fr\\\/guide\\\/#organization\"},\"image\":{\"@id\":\"https:\\\/\\\/rachat2credit.fr\\\/guide\\\/paris-suffoque-face-au-dilemme-de-la-climatisation-une-habitante-temoigne-les-pains-de-glace-devant-les-ventilateurs-cest-anecdotique\\\/#primaryimage\"},\"thumbnailUrl\":\"https:\\\/\\\/rachat2credit.fr\\\/guide\\\/wp-content\\\/uploads\\\/2025\\\/08\\\/flux-pro-1.1-1071-1756183563.jpg\",\"articleSection\":[\"A la une\"],\"inLanguage\":\"fr-FR\",\"potentialAction\":[{\"@type\":\"CommentAction\",\"name\":\"Comment\",\"target\":[\"https:\\\/\\\/rachat2credit.fr\\\/guide\\\/paris-suffoque-face-au-dilemme-de-la-climatisation-une-habitante-temoigne-les-pains-de-glace-devant-les-ventilateurs-cest-anecdotique\\\/#respond\"]}]},{\"@type\":\"WebPage\",\"@id\":\"https:\\\/\\\/rachat2credit.fr\\\/guide\\\/paris-suffoque-face-au-dilemme-de-la-climatisation-une-habitante-temoigne-les-pains-de-glace-devant-les-ventilateurs-cest-anecdotique\\\/\",\"url\":\"https:\\\/\\\/rachat2credit.fr\\\/guide\\\/paris-suffoque-face-au-dilemme-de-la-climatisation-une-habitante-temoigne-les-pains-de-glace-devant-les-ventilateurs-cest-anecdotique\\\/\",\"name\":\"Paris suffoque face au dilemme de la climatisation, une habitante t\u00e9moigne : \\\"les pains de glace devant les ventilateurs, c'est anecdotique\\\" - Rachat de Cr\u00e9dit\",\"isPartOf\":{\"@id\":\"https:\\\/\\\/rachat2credit.fr\\\/guide\\\/#website\"},\"primaryImageOfPage\":{\"@id\":\"https:\\\/\\\/rachat2credit.fr\\\/guide\\\/paris-suffoque-face-au-dilemme-de-la-climatisation-une-habitante-temoigne-les-pains-de-glace-devant-les-ventilateurs-cest-anecdotique\\\/#primaryimage\"},\"image\":{\"@id\":\"https:\\\/\\\/rachat2credit.fr\\\/guide\\\/paris-suffoque-face-au-dilemme-de-la-climatisation-une-habitante-temoigne-les-pains-de-glace-devant-les-ventilateurs-cest-anecdotique\\\/#primaryimage\"},\"thumbnailUrl\":\"https:\\\/\\\/rachat2credit.fr\\\/guide\\\/wp-content\\\/uploads\\\/2025\\\/08\\\/flux-pro-1.1-1071-1756183563.jpg\",\"datePublished\":\"2025-08-26T04:45:53+00:00\",\"breadcrumb\":{\"@id\":\"https:\\\/\\\/rachat2credit.fr\\\/guide\\\/paris-suffoque-face-au-dilemme-de-la-climatisation-une-habitante-temoigne-les-pains-de-glace-devant-les-ventilateurs-cest-anecdotique\\\/#breadcrumb\"},\"inLanguage\":\"fr-FR\",\"potentialAction\":[{\"@type\":\"ReadAction\",\"target\":[\"https:\\\/\\\/rachat2credit.fr\\\/guide\\\/paris-suffoque-face-au-dilemme-de-la-climatisation-une-habitante-temoigne-les-pains-de-glace-devant-les-ventilateurs-cest-anecdotique\\\/\"]}]},{\"@type\":\"ImageObject\",\"inLanguage\":\"fr-FR\",\"@id\":\"https:\\\/\\\/rachat2credit.fr\\\/guide\\\/paris-suffoque-face-au-dilemme-de-la-climatisation-une-habitante-temoigne-les-pains-de-glace-devant-les-ventilateurs-cest-anecdotique\\\/#primaryimage\",\"url\":\"https:\\\/\\\/rachat2credit.fr\\\/guide\\\/wp-content\\\/uploads\\\/2025\\\/08\\\/flux-pro-1.1-1071-1756183563.jpg\",\"contentUrl\":\"https:\\\/\\\/rachat2credit.fr\\\/guide\\\/wp-content\\\/uploads\\\/2025\\\/08\\\/flux-pro-1.1-1071-1756183563.jpg\",\"width\":1344,\"height\":768},{\"@type\":\"BreadcrumbList\",\"@id\":\"https:\\\/\\\/rachat2credit.fr\\\/guide\\\/paris-suffoque-face-au-dilemme-de-la-climatisation-une-habitante-temoigne-les-pains-de-glace-devant-les-ventilateurs-cest-anecdotique\\\/#breadcrumb\",\"itemListElement\":[{\"@type\":\"ListItem\",\"position\":1,\"name\":\"Accueil\",\"item\":\"https:\\\/\\\/rachat2credit.fr\\\/guide\\\/\"},{\"@type\":\"ListItem\",\"position\":2,\"name\":\"Paris suffoque face au dilemme de la climatisation, une habitante t\u00e9moigne : \u00ab\u00a0les pains de glace devant les ventilateurs, c&rsquo;est anecdotique\u00a0\u00bb\"}]},{\"@type\":\"WebSite\",\"@id\":\"https:\\\/\\\/rachat2credit.fr\\\/guide\\\/#website\",\"url\":\"https:\\\/\\\/rachat2credit.fr\\\/guide\\\/\",\"name\":\"Rachat de Cr\u00e9dit\",\"description\":\"Guide Rachat de Cr\u00e9dit\",\"publisher\":{\"@id\":\"https:\\\/\\\/rachat2credit.fr\\\/guide\\\/#organization\"},\"potentialAction\":[{\"@type\":\"SearchAction\",\"target\":{\"@type\":\"EntryPoint\",\"urlTemplate\":\"https:\\\/\\\/rachat2credit.fr\\\/guide\\\/?s={search_term_string}\"},\"query-input\":{\"@type\":\"PropertyValueSpecification\",\"valueRequired\":true,\"valueName\":\"search_term_string\"}}],\"inLanguage\":\"fr-FR\"},{\"@type\":\"Organization\",\"@id\":\"https:\\\/\\\/rachat2credit.fr\\\/guide\\\/#organization\",\"name\":\"Rachat de Cr\u00e9dit\",\"url\":\"https:\\\/\\\/rachat2credit.fr\\\/guide\\\/\",\"logo\":{\"@type\":\"ImageObject\",\"inLanguage\":\"fr-FR\",\"@id\":\"https:\\\/\\\/rachat2credit.fr\\\/guide\\\/#\\\/schema\\\/logo\\\/image\\\/\",\"url\":\"https:\\\/\\\/rachat2credit.fr\\\/guide\\\/wp-content\\\/uploads\\\/2025\\\/05\\\/rachat2credit.png\",\"contentUrl\":\"https:\\\/\\\/rachat2credit.fr\\\/guide\\\/wp-content\\\/uploads\\\/2025\\\/05\\\/rachat2credit.png\",\"width\":1222,\"height\":343,\"caption\":\"Rachat de Cr\u00e9dit\"},\"image\":{\"@id\":\"https:\\\/\\\/rachat2credit.fr\\\/guide\\\/#\\\/schema\\\/logo\\\/image\\\/\"}},{\"@type\":\"Person\",\"@id\":\"https:\\\/\\\/rachat2credit.fr\\\/guide\\\/#\\\/schema\\\/person\\\/d4142086d07bc6acdc4722eabd955cc2\",\"name\":\"Aurelien Boulanger\",\"image\":{\"@type\":\"ImageObject\",\"inLanguage\":\"fr-FR\",\"@id\":\"https:\\\/\\\/secure.gravatar.com\\\/avatar\\\/32175434c9ca2b27bfeb905d1c3ec782a789caf494bc0ec8fa6ed0ee39c2e62a?s=96&d=mm&r=g\",\"url\":\"https:\\\/\\\/secure.gravatar.com\\\/avatar\\\/32175434c9ca2b27bfeb905d1c3ec782a789caf494bc0ec8fa6ed0ee39c2e62a?s=96&d=mm&r=g\",\"contentUrl\":\"https:\\\/\\\/secure.gravatar.com\\\/avatar\\\/32175434c9ca2b27bfeb905d1c3ec782a789caf494bc0ec8fa6ed0ee39c2e62a?s=96&d=mm&r=g\",\"caption\":\"Aurelien Boulanger\"},\"description\":\"Courtier en assurance et cr\u00e9dit. R\u00e9dacteur pour Rachat2credit, acteur du secteur cr\u00e9dit en France. Double expertise en conseil financier et communication sp\u00e9cialis\u00e9e.\",\"sameAs\":[\"https:\\\/\\\/rachat2credit.fr\\\/guide\"],\"url\":\"https:\\\/\\\/rachat2credit.fr\\\/guide\\\/author\\\/aurelien\\\/\"}]}<\/script>\n<!-- \/ Yoast SEO plugin. -->","yoast_head_json":{"title":"Paris suffoque face au dilemme de la climatisation, une habitante t\u00e9moigne : \"les pains de glace devant les ventilateurs, c'est anecdotique\" - Rachat de Cr\u00e9dit","robots":{"index":"index","follow":"follow","max-snippet":"max-snippet:-1","max-image-preview":"max-image-preview:large","max-video-preview":"max-video-preview:-1"},"canonical":"https:\/\/rachat2credit.fr\/guide\/paris-suffoque-face-au-dilemme-de-la-climatisation-une-habitante-temoigne-les-pains-de-glace-devant-les-ventilateurs-cest-anecdotique\/","og_locale":"fr_FR","og_type":"article","og_title":"Paris suffoque face au dilemme de la climatisation, une habitante t\u00e9moigne : \"les pains de glace devant les ventilateurs, c'est anecdotique\" - Rachat de Cr\u00e9dit","og_description":"\u00ab Les pains de glace devant les ventilateurs, les volets baiss\u00e9s\u2026 c\u2019est anecdotique \u00bb : Paris face au dilemme de la clim&rsquo; Dans les rues de la capitale, une question divise : comment survivre aux vagues de chaleur sans c\u00e9der \u00e0 la tentation \u00e9nergivore de la climatisation ? Alors que les temp\u00e9ratures estivales atteignent des ... Lire plus","og_url":"https:\/\/rachat2credit.fr\/guide\/paris-suffoque-face-au-dilemme-de-la-climatisation-une-habitante-temoigne-les-pains-de-glace-devant-les-ventilateurs-cest-anecdotique\/","og_site_name":"Rachat de Cr\u00e9dit","article_published_time":"2025-08-26T04:45:53+00:00","og_image":[{"width":1344,"height":768,"url":"https:\/\/rachat2credit.fr\/guide\/wp-content\/uploads\/2025\/08\/flux-pro-1.1-1071-1756183563.jpg","type":"image\/jpeg"}],"author":"Aurelien Boulanger","twitter_card":"summary_large_image","twitter_misc":{"\u00c9crit par":"Aurelien Boulanger","Dur\u00e9e de lecture estim\u00e9e":"2 minutes"},"schema":{"@context":"https:\/\/schema.org","@graph":[{"@type":"NewsArticle","@id":"https:\/\/rachat2credit.fr\/guide\/paris-suffoque-face-au-dilemme-de-la-climatisation-une-habitante-temoigne-les-pains-de-glace-devant-les-ventilateurs-cest-anecdotique\/#article","isPartOf":{"@id":"https:\/\/rachat2credit.fr\/guide\/paris-suffoque-face-au-dilemme-de-la-climatisation-une-habitante-temoigne-les-pains-de-glace-devant-les-ventilateurs-cest-anecdotique\/"},"author":{"name":"Aurelien Boulanger","@id":"https:\/\/rachat2credit.fr\/guide\/#\/schema\/person\/d4142086d07bc6acdc4722eabd955cc2"},"headline":"Paris suffoque face au dilemme de la climatisation, une habitante t\u00e9moigne : \u00ab\u00a0les pains de glace devant les ventilateurs, c&rsquo;est anecdotique\u00a0\u00bb","datePublished":"2025-08-26T04:45:53+00:00","mainEntityOfPage":{"@id":"https:\/\/rachat2credit.fr\/guide\/paris-suffoque-face-au-dilemme-de-la-climatisation-une-habitante-temoigne-les-pains-de-glace-devant-les-ventilateurs-cest-anecdotique\/"},"wordCount":433,"commentCount":6,"publisher":{"@id":"https:\/\/rachat2credit.fr\/guide\/#organization"},"image":{"@id":"https:\/\/rachat2credit.fr\/guide\/paris-suffoque-face-au-dilemme-de-la-climatisation-une-habitante-temoigne-les-pains-de-glace-devant-les-ventilateurs-cest-anecdotique\/#primaryimage"},"thumbnailUrl":"https:\/\/rachat2credit.fr\/guide\/wp-content\/uploads\/2025\/08\/flux-pro-1.1-1071-1756183563.jpg","articleSection":["A la une"],"inLanguage":"fr-FR","potentialAction":[{"@type":"CommentAction","name":"Comment","target":["https:\/\/rachat2credit.fr\/guide\/paris-suffoque-face-au-dilemme-de-la-climatisation-une-habitante-temoigne-les-pains-de-glace-devant-les-ventilateurs-cest-anecdotique\/#respond"]}]},{"@type":"WebPage","@id":"https:\/\/rachat2credit.fr\/guide\/paris-suffoque-face-au-dilemme-de-la-climatisation-une-habitante-temoigne-les-pains-de-glace-devant-les-ventilateurs-cest-anecdotique\/","url":"https:\/\/rachat2credit.fr\/guide\/paris-suffoque-face-au-dilemme-de-la-climatisation-une-habitante-temoigne-les-pains-de-glace-devant-les-ventilateurs-cest-anecdotique\/","name":"Paris suffoque face au dilemme de la climatisation, une habitante t\u00e9moigne : \"les pains de glace devant les ventilateurs, c'est anecdotique\" - Rachat de Cr\u00e9dit","isPartOf":{"@id":"https:\/\/rachat2credit.fr\/guide\/#website"},"primaryImageOfPage":{"@id":"https:\/\/rachat2credit.fr\/guide\/paris-suffoque-face-au-dilemme-de-la-climatisation-une-habitante-temoigne-les-pains-de-glace-devant-les-ventilateurs-cest-anecdotique\/#primaryimage"},"image":{"@id":"https:\/\/rachat2credit.fr\/guide\/paris-suffoque-face-au-dilemme-de-la-climatisation-une-habitante-temoigne-les-pains-de-glace-devant-les-ventilateurs-cest-anecdotique\/#primaryimage"},"thumbnailUrl":"https:\/\/rachat2credit.fr\/guide\/wp-content\/uploads\/2025\/08\/flux-pro-1.1-1071-1756183563.jpg","datePublished":"2025-08-26T04:45:53+00:00","breadcrumb":{"@id":"https:\/\/rachat2credit.fr\/guide\/paris-suffoque-face-au-dilemme-de-la-climatisation-une-habitante-temoigne-les-pains-de-glace-devant-les-ventilateurs-cest-anecdotique\/#breadcrumb"},"inLanguage":"fr-FR","potentialAction":[{"@type":"ReadAction","target":["https:\/\/rachat2credit.fr\/guide\/paris-suffoque-face-au-dilemme-de-la-climatisation-une-habitante-temoigne-les-pains-de-glace-devant-les-ventilateurs-cest-anecdotique\/"]}]},{"@type":"ImageObject","inLanguage":"fr-FR","@id":"https:\/\/rachat2credit.fr\/guide\/paris-suffoque-face-au-dilemme-de-la-climatisation-une-habitante-temoigne-les-pains-de-glace-devant-les-ventilateurs-cest-anecdotique\/#primaryimage","url":"https:\/\/rachat2credit.fr\/guide\/wp-content\/uploads\/2025\/08\/flux-pro-1.1-1071-1756183563.jpg","contentUrl":"https:\/\/rachat2credit.fr\/guide\/wp-content\/uploads\/2025\/08\/flux-pro-1.1-1071-1756183563.jpg","width":1344,"height":768},{"@type":"BreadcrumbList","@id":"https:\/\/rachat2credit.fr\/guide\/paris-suffoque-face-au-dilemme-de-la-climatisation-une-habitante-temoigne-les-pains-de-glace-devant-les-ventilateurs-cest-anecdotique\/#breadcrumb","itemListElement":[{"@type":"ListItem","position":1,"name":"Accueil","item":"https:\/\/rachat2credit.fr\/guide\/"},{"@type":"ListItem","position":2,"name":"Paris suffoque face au dilemme de la climatisation, une habitante t\u00e9moigne : \u00ab\u00a0les pains de glace devant les ventilateurs, c&rsquo;est anecdotique\u00a0\u00bb"}]},{"@type":"WebSite","@id":"https:\/\/rachat2credit.fr\/guide\/#website","url":"https:\/\/rachat2credit.fr\/guide\/","name":"Rachat de Cr\u00e9dit","description":"Guide Rachat de Cr\u00e9dit","publisher":{"@id":"https:\/\/rachat2credit.fr\/guide\/#organization"},"potentialAction":[{"@type":"SearchAction","target":{"@type":"EntryPoint","urlTemplate":"https:\/\/rachat2credit.fr\/guide\/?s={search_term_string}"},"query-input":{"@type":"PropertyValueSpecification","valueRequired":true,"valueName":"search_term_string"}}],"inLanguage":"fr-FR"},{"@type":"Organization","@id":"https:\/\/rachat2credit.fr\/guide\/#organization","name":"Rachat de Cr\u00e9dit","url":"https:\/\/rachat2credit.fr\/guide\/","logo":{"@type":"ImageObject","inLanguage":"fr-FR","@id":"https:\/\/rachat2credit.fr\/guide\/#\/schema\/logo\/image\/","url":"https:\/\/rachat2credit.fr\/guide\/wp-content\/uploads\/2025\/05\/rachat2credit.png","contentUrl":"https:\/\/rachat2credit.fr\/guide\/wp-content\/uploads\/2025\/05\/rachat2credit.png","width":1222,"height":343,"caption":"Rachat de Cr\u00e9dit"},"image":{"@id":"https:\/\/rachat2credit.fr\/guide\/#\/schema\/logo\/image\/"}},{"@type":"Person","@id":"https:\/\/rachat2credit.fr\/guide\/#\/schema\/person\/d4142086d07bc6acdc4722eabd955cc2","name":"Aurelien Boulanger","image":{"@type":"ImageObject","inLanguage":"fr-FR","@id":"https:\/\/secure.gravatar.com\/avatar\/32175434c9ca2b27bfeb905d1c3ec782a789caf494bc0ec8fa6ed0ee39c2e62a?s=96&d=mm&r=g","url":"https:\/\/secure.gravatar.com\/avatar\/32175434c9ca2b27bfeb905d1c3ec782a789caf494bc0ec8fa6ed0ee39c2e62a?s=96&d=mm&r=g","contentUrl":"https:\/\/secure.gravatar.com\/avatar\/32175434c9ca2b27bfeb905d1c3ec782a789caf494bc0ec8fa6ed0ee39c2e62a?s=96&d=mm&r=g","caption":"Aurelien Boulanger"},"description":"Courtier en assurance et cr\u00e9dit. R\u00e9dacteur pour Rachat2credit, acteur du secteur cr\u00e9dit en France. Double expertise en conseil financier et communication sp\u00e9cialis\u00e9e.","sameAs":["https:\/\/rachat2credit.fr\/guide"],"url":"https:\/\/rachat2credit.fr\/guide\/author\/aurelien\/"}]}},"_links":{"self":[{"href":"https:\/\/rachat2credit.fr\/guide\/wp-json\/wp\/v2\/posts\/1071","targetHints":{"allow":["GET"]}}],"collection":[{"href":"https:\/\/rachat2credit.fr\/guide\/wp-json\/wp\/v2\/posts"}],"about":[{"href":"https:\/\/rachat2credit.fr\/guide\/wp-json\/wp\/v2\/types\/post"}],"author":[{"embeddable":true,"href":"https:\/\/rachat2credit.fr\/guide\/wp-json\/wp\/v2\/users\/1"}],"replies":[{"embeddable":true,"href":"https:\/\/rachat2credit.fr\/guide\/wp-json\/wp\/v2\/comments?post=1071"}],"version-history":[{"count":0,"href":"https:\/\/rachat2credit.fr\/guide\/wp-json\/wp\/v2\/posts\/1071\/revisions"}],"wp:featuredmedia":[{"embeddable":true,"href":"https:\/\/rachat2credit.fr\/guide\/wp-json\/wp\/v2\/media\/1072"}],"wp:attachment":[{"href":"https:\/\/rachat2credit.fr\/guide\/wp-json\/wp\/v2\/media?parent=1071"}],"wp:term":[{"taxonomy":"category","embeddable":true,"href":"https:\/\/rachat2credit.fr\/guide\/wp-json\/wp\/v2\/categories?post=1071"},{"taxonomy":"post_tag","embeddable":true,"href":"https:\/\/rachat2credit.fr\/guide\/wp-json\/wp\/v2\/tags?post=1071"}],"curies":[{"name":"wp","href":"https:\/\/api.w.org\/{rel}","templated":true}]}}