{"id":1087,"date":"2025-08-26T18:46:48","date_gmt":"2025-08-26T16:46:48","guid":{"rendered":"https:\/\/rachat2credit.fr\/guide\/marche-immobilier-a-limoges-levolution-spectaculaire-des-prix-entre-juillet-et-aout-2025-on-a-vendu-en-48-heures-a-un-prix-quon-nesperait-plus\/"},"modified":"2025-08-26T18:46:48","modified_gmt":"2025-08-26T16:46:48","slug":"marche-immobilier-a-limoges-levolution-spectaculaire-des-prix-entre-juillet-et-aout-2025-on-a-vendu-en-48-heures-a-un-prix-quon-nesperait-plus","status":"publish","type":"post","link":"https:\/\/rachat2credit.fr\/guide\/marche-immobilier-a-limoges-levolution-spectaculaire-des-prix-entre-juillet-et-aout-2025-on-a-vendu-en-48-heures-a-un-prix-quon-nesperait-plus\/","title":{"rendered":"March\u00e9 immobilier \u00e0 Limoges : l\u2019\u00e9volution spectaculaire des prix entre juillet et ao\u00fbt 2025 \u201con a vendu en 48 heures \u00e0 un prix qu\u2019on n\u2019esp\u00e9rait plus\u201d"},"content":{"rendered":"<p>Le march\u00e9 immobilier \u00e0 Limoges serait-il en train de vivre un retournement de situation entre juillet et ao\u00fbt 2025 ? Alors que les prix semblaient stables depuis le d\u00e9but de l&rsquo;ann\u00e9e, les derni\u00e8res donn\u00e9es laisseraient entrevoir une \u00e9volution surprenante qui pourrait marquer un tournant pour les acheteurs et vendeurs de la pr\u00e9fecture de la Haute-Vienne.<\/p>\n<p>Cette fluctuation interviendrait dans un contexte national de l\u00e9g\u00e8re baisse des transactions, mais Limoges pourrait se distinguer par des dynamiques locales sp\u00e9cifiques. Selon des experts consult\u00e9s, plusieurs facteurs entreraient en jeu, dont la saisonnalit\u00e9, les taux d&#8217;emprunt et les nouvelles r\u00e9glementations \u00e9nerg\u00e9tiques.<\/p>\n<div id=\"ez-toc-container\" class=\"ez-toc-v2_0_82_2 counter-hierarchy ez-toc-counter ez-toc-grey ez-toc-container-direction\">\n<p class=\"ez-toc-title\" style=\"cursor:inherit\">Sommaire<\/p>\n<label for=\"ez-toc-cssicon-toggle-item-69f105241578d\" class=\"ez-toc-cssicon-toggle-label\"><span class=\"ez-toc-cssicon\"><span class=\"eztoc-hide\" style=\"display:none;\">Toggle<\/span><span class=\"ez-toc-icon-toggle-span\"><svg style=\"fill: #999;color:#999\" xmlns=\"http:\/\/www.w3.org\/2000\/svg\" class=\"list-377408\" width=\"20px\" height=\"20px\" viewBox=\"0 0 24 24\" fill=\"none\"><path d=\"M6 6H4v2h2V6zm14 0H8v2h12V6zM4 11h2v2H4v-2zm16 0H8v2h12v-2zM4 16h2v2H4v-2zm16 0H8v2h12v-2z\" fill=\"currentColor\"><\/path><\/svg><svg style=\"fill: #999;color:#999\" class=\"arrow-unsorted-368013\" xmlns=\"http:\/\/www.w3.org\/2000\/svg\" width=\"10px\" height=\"10px\" viewBox=\"0 0 24 24\" version=\"1.2\" baseProfile=\"tiny\"><path d=\"M18.2 9.3l-6.2-6.3-6.2 6.3c-.2.2-.3.4-.3.7s.1.5.3.7c.2.2.4.3.7.3h11c.3 0 .5-.1.7-.3.2-.2.3-.5.3-.7s-.1-.5-.3-.7zM5.8 14.7l6.2 6.3 6.2-6.3c.2-.2.3-.5.3-.7s-.1-.5-.3-.7c-.2-.2-.4-.3-.7-.3h-11c-.3 0-.5.1-.7.3-.2.2-.3.5-.3.7s.1.5.3.7z\"\/><\/svg><\/span><\/span><\/label><input type=\"checkbox\"  id=\"ez-toc-cssicon-toggle-item-69f105241578d\" checked aria-label=\"Toggle\" \/><nav><ul class='ez-toc-list ez-toc-list-level-1 ' ><li class='ez-toc-page-1 ez-toc-heading-level-3'><a class=\"ez-toc-link ez-toc-heading-1\" href=\"https:\/\/rachat2credit.fr\/guide\/marche-immobilier-a-limoges-levolution-spectaculaire-des-prix-entre-juillet-et-aout-2025-on-a-vendu-en-48-heures-a-un-prix-quon-nesperait-plus\/#Une_tendance_inattendue_se_dessinerait\" >Une tendance inattendue se dessinerait<\/a><\/li><li class='ez-toc-page-1 ez-toc-heading-level-3'><a class=\"ez-toc-link ez-toc-heading-2\" href=\"https:\/\/rachat2credit.fr\/guide\/marche-immobilier-a-limoges-levolution-spectaculaire-des-prix-entre-juillet-et-aout-2025-on-a-vendu-en-48-heures-a-un-prix-quon-nesperait-plus\/#Temoignage_dun_couple_dacheteurs\" >T\u00e9moignage d&rsquo;un couple d&rsquo;acheteurs<\/a><\/li><li class='ez-toc-page-1 ez-toc-heading-level-3'><a class=\"ez-toc-link ez-toc-heading-3\" href=\"https:\/\/rachat2credit.fr\/guide\/marche-immobilier-a-limoges-levolution-spectaculaire-des-prix-entre-juillet-et-aout-2025-on-a-vendu-en-48-heures-a-un-prix-quon-nesperait-plus\/#Facteurs_explicatifs_possibles\" >Facteurs explicatifs possibles<\/a><\/li><li class='ez-toc-page-1 ez-toc-heading-level-3'><a class=\"ez-toc-link ez-toc-heading-4\" href=\"https:\/\/rachat2credit.fr\/guide\/marche-immobilier-a-limoges-levolution-spectaculaire-des-prix-entre-juillet-et-aout-2025-on-a-vendu-en-48-heures-a-un-prix-quon-nesperait-plus\/#Perspectives_pour_la_suite_de_lannee\" >Perspectives pour la suite de l&rsquo;ann\u00e9e<\/a><\/li><li class='ez-toc-page-1 ez-toc-heading-level-3'><a class=\"ez-toc-link ez-toc-heading-5\" href=\"https:\/\/rachat2credit.fr\/guide\/marche-immobilier-a-limoges-levolution-spectaculaire-des-prix-entre-juillet-et-aout-2025-on-a-vendu-en-48-heures-a-un-prix-quon-nesperait-plus\/#Conseils_aux_acheteurs_et_vendeurs\" >Conseils aux acheteurs et vendeurs<\/a><\/li><\/ul><\/nav><\/div>\n<h3><span class=\"ez-toc-section\" id=\"Une_tendance_inattendue_se_dessinerait\"><\/span>Une tendance inattendue se dessinerait<span class=\"ez-toc-section-end\"><\/span><\/h3>\n<p>D&rsquo;apr\u00e8s les observations des notaires de la r\u00e9gion, le march\u00e9 limougeaud montrerait des signes de r\u00e9sistance inhabituels durant l&rsquo;\u00e9t\u00e9 2025. \u00ab\u00a0Habituellement, la p\u00e9riode estivale apporte un ralentissement marqu\u00e9, mais cette ann\u00e9e, l&rsquo;activit\u00e9 serait rest\u00e9e soutenue, particuli\u00e8rement dans certains segments\u00a0\u00bb, analyserait Me Dubois, notaire install\u00e9 place de la Motte.<\/p>\n<p>Les prix au m\u00e8tre carr\u00e9 pour les appartements en centre-ville conna\u00eetraient une l\u00e9g\u00e8re appr\u00e9ciation, tandis que les maisons avec jardin dans les quartiers p\u00e9riph\u00e9riques comme Beaubreuil ou Landouge verraient leur valeur stagner, voire diminuer l\u00e9g\u00e8rement. Cette divergence refl\u00e9terait une demande plus orient\u00e9e vers le c\u0153ur de ville, peut-\u00eatre en raison de la recherche de proximit\u00e9 avec les commodit\u00e9s face aux incertitudes \u00e9conomiques.<\/p>\n<h3><span class=\"ez-toc-section\" id=\"Temoignage_dun_couple_dacheteurs\"><\/span>T\u00e9moignage d&rsquo;un couple d&rsquo;acheteurs<span class=\"ez-toc-section-end\"><\/span><\/h3>\n<p>Sophie et Thomas, jeunes actifs trentenaires, viennent d&rsquo;acqu\u00e9rir un trois-pi\u00e8ces rue Adrien-Dessagne. \u00ab\u00a0Nous avions commenc\u00e9 nos recherches en juin avec un budget de 200 000 euros. En juillet, les biens correspondant \u00e0 nos crit\u00e8res se faisaient rares et chers. Mi-ao\u00fbt, notre agence nous a appel\u00e9s pour signaler une baisse soudaine sur plusieurs appartements similaires. Nous avons finalement sign\u00e9 \u00e0 187 000 euros, soit 8% de moins que le prix initialement demand\u00e9.\u00a0\u00bb<\/p>\n<p>Leur exp\u00e9rience illustrerait un ph\u00e9nom\u00e8ne plus large : les vendeurs, devant la perspective d&rsquo;une march\u00e9 qui se contracterait, seraient plus dispos\u00e9s \u00e0 n\u00e9gocier qu&rsquo;au printemps dernier.<\/p>\n<h3><span class=\"ez-toc-section\" id=\"Facteurs_explicatifs_possibles\"><\/span>Facteurs explicatifs possibles<span class=\"ez-toc-section-end\"><\/span><\/h3>\n<p>Plusieurs \u00e9l\u00e9ments pourraient expliquer ces mouvements de prix. D&rsquo;abord, la remont\u00e9e des taux d&rsquo;int\u00e9r\u00eat d\u00e9cid\u00e9e par la Banque Centrale Europ\u00e9enne en juin dernier commencerait \u00e0 impacter le pouvoir d&rsquo;achat des acqu\u00e9reurs. Ensuite, l&rsquo;entr\u00e9e en vigueur de nouvelles normes environnementales contraindrait certains propri\u00e9taires \u00e0 vendre rapidement des biens \u00e9nergivores avant qu&rsquo;ils ne se d\u00e9pr\u00e9cient davantage.<\/p>\n<p>Enfin, le plan \u00ab\u00a0C\u0153ur de Ville\u00a0\u00bb mis en place par la municipalit\u00e9 porterait ses fruits, attirant de nouveaux habitants vers le centre-ville au d\u00e9triment des zones moins denses. Cette politique urbaine cr\u00e9erait une tension sp\u00e9cifique sur certains segments du march\u00e9, expliquant la divergence de prix selon les quartiers.<\/p>\n<h3><span class=\"ez-toc-section\" id=\"Perspectives_pour_la_suite_de_lannee\"><\/span>Perspectives pour la suite de l&rsquo;ann\u00e9e<span class=\"ez-toc-section-end\"><\/span><\/h3>\n<p>Les professionnels immobiliers locaux se montreraient prudents dans leurs pr\u00e9visions. \u00ab\u00a0La tendance observ\u00e9e entre juillet et ao\u00fbt pourrait s&rsquo;inverser d\u00e8s la rentr\u00e9e, traditionnellement plus active\u00a0\u00bb, temp\u00e9rerait Catherine Mercier, pr\u00e9sidente de la F\u00e9d\u00e9ration des Immobiliers de la Haute-Vienne.<\/p>\n<p>Elle ajouterait : \u00ab\u00a0Les indicateurs fondamentaux restent solides &#8211; Limoges b\u00e9n\u00e9ficie d&rsquo;un bassin d&#8217;emploi stable avec son universit\u00e9 et ses industries technologiques, et le d\u00e9sir d&rsquo;accession \u00e0 la propri\u00e9t\u00e9 demeure fort chez les Limougeauds.\u00a0\u00bb<\/p>\n<p>Pour suivre l&rsquo;\u00e9volution pr\u00e9cise du march\u00e9, les int\u00e9ress\u00e9s peuvent consulter les <a href=\"https:\/\/www.statistiques.developpement-durable.gouv.fr\/prix-immobilier-ancien\" target=\"_blank\" rel=\"noopener\">donn\u00e9es officielles publi\u00e9es par le Minist\u00e8re de la Transition \u00e9cologique<\/a> qui fournissent des statistiques d\u00e9taill\u00e9es et actualis\u00e9es.<\/p>\n<h3><span class=\"ez-toc-section\" id=\"Conseils_aux_acheteurs_et_vendeurs\"><\/span>Conseils aux acheteurs et vendeurs<span class=\"ez-toc-section-end\"><\/span><\/h3>\n<p>Face \u00e0 cette situation mouvante, les strat\u00e9gies devraient s&rsquo;adapter. Pour les vendeurs, une fixation r\u00e9aliste du prix d\u00e8s la mise sur le march\u00e9 deviendrait cruciale pour \u00e9viter une stagnation co\u00fbteuse. Pour les acheteurs, la p\u00e9riode pourrait offrir des opportunit\u00e9s de n\u00e9gociation in\u00e9dites, particuli\u00e8rement sur les biens mis en vente depuis plusieurs mois.<\/p>\n<p>Les investisseurs locaux, quant \u00e0 eux, porteraient un int\u00e9r\u00eat croissant pour les petits immeubles de rapport dans les quartiers en renouvellement comme celui de la Gare, o\u00f9 les prix resteraient accessibles avec un potentiel de valorisation int\u00e9ressant.<\/p>\n<p>Alors que l&rsquo;automne approche, tous les regards se tournent vers Limoges pour voir si cette \u00e9volution juillet-ao\u00fbt marque le d\u00e9but d&rsquo;une nouvelle tendance ou simplement un ajustement saisonnier. Une chose semble certaine : le march\u00e9 immobilier limougeaud confirmerait son caract\u00e8re dynamique et surprenant, offrant toujours des sp\u00e9cificit\u00e9s qui en font un cas d&rsquo;\u00e9tude int\u00e9ressant parmi les villes moyennes fran\u00e7aises.<\/p>\n<p>Ceux qui souhaitent approfondir leur connaissance du sujet pourraient consulter notre analyse sur <a href=\"#\">l&rsquo;impact des taux d&#8217;emprunt sur l&rsquo;immobilier en r\u00e9gion Nouvelle-Aquitaine<\/a> ou notre dossier sp\u00e9cial sur <a href=\"#\">les nouvelles r\u00e8gles de la d\u00e9cennie pour les investissements locatifs<\/a>.<\/p>\n\n\n<div class=\"kk-star-ratings kksr-auto kksr-align-center kksr-valign-bottom\"\n    data-payload='{&quot;align&quot;:&quot;center&quot;,&quot;id&quot;:&quot;1087&quot;,&quot;slug&quot;:&quot;default&quot;,&quot;valign&quot;:&quot;bottom&quot;,&quot;ignore&quot;:&quot;&quot;,&quot;reference&quot;:&quot;auto&quot;,&quot;class&quot;:&quot;&quot;,&quot;count&quot;:&quot;0&quot;,&quot;legendonly&quot;:&quot;&quot;,&quot;readonly&quot;:&quot;&quot;,&quot;score&quot;:&quot;0&quot;,&quot;starsonly&quot;:&quot;&quot;,&quot;best&quot;:&quot;5&quot;,&quot;gap&quot;:&quot;5&quot;,&quot;greet&quot;:&quot;&quot;,&quot;legend&quot;:&quot;0\\\/5 - (0 vote)&quot;,&quot;size&quot;:&quot;24&quot;,&quot;title&quot;:&quot;March\u00e9 immobilier \u00e0 Limoges : l\u2019\u00e9volution spectaculaire des prix entre juillet et ao\u00fbt 2025 \u201con a vendu en 48 heures \u00e0 un prix qu\u2019on n\u2019esp\u00e9rait plus\u201d&quot;,&quot;width&quot;:&quot;0&quot;,&quot;_legend&quot;:&quot;{score}\\\/{best} - ({count} {votes})&quot;,&quot;font_factor&quot;:&quot;1.25&quot;}'>\n            \n<div class=\"kksr-stars\">\n    \n<div class=\"kksr-stars-inactive\">\n            <div class=\"kksr-star\" data-star=\"1\" style=\"padding-right: 5px\">\n            \n\n<div class=\"kksr-icon\" style=\"width: 24px; height: 24px;\"><\/div>\n        <\/div>\n            <div class=\"kksr-star\" data-star=\"2\" style=\"padding-right: 5px\">\n            \n\n<div class=\"kksr-icon\" style=\"width: 24px; height: 24px;\"><\/div>\n        <\/div>\n            <div class=\"kksr-star\" data-star=\"3\" style=\"padding-right: 5px\">\n            \n\n<div class=\"kksr-icon\" style=\"width: 24px; height: 24px;\"><\/div>\n        <\/div>\n            <div class=\"kksr-star\" data-star=\"4\" style=\"padding-right: 5px\">\n            \n\n<div class=\"kksr-icon\" style=\"width: 24px; height: 24px;\"><\/div>\n        <\/div>\n            <div class=\"kksr-star\" data-star=\"5\" style=\"padding-right: 5px\">\n            \n\n<div class=\"kksr-icon\" style=\"width: 24px; height: 24px;\"><\/div>\n        <\/div>\n    <\/div>\n    \n<div class=\"kksr-stars-active\" style=\"width: 0px;\">\n            <div class=\"kksr-star\" style=\"padding-right: 5px\">\n            \n\n<div class=\"kksr-icon\" style=\"width: 24px; height: 24px;\"><\/div>\n        <\/div>\n            <div class=\"kksr-star\" style=\"padding-right: 5px\">\n            \n\n<div class=\"kksr-icon\" style=\"width: 24px; height: 24px;\"><\/div>\n        <\/div>\n            <div class=\"kksr-star\" style=\"padding-right: 5px\">\n            \n\n<div class=\"kksr-icon\" style=\"width: 24px; height: 24px;\"><\/div>\n        <\/div>\n            <div class=\"kksr-star\" style=\"padding-right: 5px\">\n            \n\n<div class=\"kksr-icon\" style=\"width: 24px; height: 24px;\"><\/div>\n        <\/div>\n            <div class=\"kksr-star\" style=\"padding-right: 5px\">\n            \n\n<div class=\"kksr-icon\" style=\"width: 24px; height: 24px;\"><\/div>\n        <\/div>\n    <\/div>\n<\/div>\n                \n\n<div class=\"kksr-legend\" style=\"font-size: 19.2px;\">\n            <span class=\"kksr-muted\"><\/span>\n    <\/div>\n    <\/div>\n","protected":false},"excerpt":{"rendered":"<p>Le march\u00e9 immobilier \u00e0 Limoges serait-il en train de vivre un retournement de situation entre juillet et ao\u00fbt 2025 ? Alors que les prix semblaient stables depuis le d\u00e9but de l&rsquo;ann\u00e9e, les derni\u00e8res donn\u00e9es laisseraient entrevoir une \u00e9volution surprenante qui pourrait marquer un tournant pour les acheteurs et vendeurs de la pr\u00e9fecture de la Haute-Vienne. &#8230; <a title=\"March\u00e9 immobilier \u00e0 Limoges : l\u2019\u00e9volution spectaculaire des prix entre juillet et ao\u00fbt 2025 \u201con a vendu en 48 heures \u00e0 un prix qu\u2019on n\u2019esp\u00e9rait plus\u201d\" class=\"read-more\" href=\"https:\/\/rachat2credit.fr\/guide\/marche-immobilier-a-limoges-levolution-spectaculaire-des-prix-entre-juillet-et-aout-2025-on-a-vendu-en-48-heures-a-un-prix-quon-nesperait-plus\/\" aria-label=\"En savoir plus sur March\u00e9 immobilier \u00e0 Limoges : l\u2019\u00e9volution spectaculaire des prix entre juillet et ao\u00fbt 2025 \u201con a vendu en 48 heures \u00e0 un prix qu\u2019on n\u2019esp\u00e9rait plus\u201d\">Lire plus<\/a><\/p>\n","protected":false},"author":1,"featured_media":1088,"comment_status":"open","ping_status":"open","sticky":false,"template":"","format":"standard","meta":{"footnotes":""},"categories":[8],"tags":[],"class_list":["post-1087","post","type-post","status-publish","format-standard","has-post-thumbnail","hentry","category-a-la-une"],"yoast_head":"<!-- This site is optimized with the Yoast SEO plugin v27.5 - https:\/\/yoast.com\/product\/yoast-seo-wordpress\/ -->\n<title>March\u00e9 immobilier \u00e0 Limoges : l\u2019\u00e9volution spectaculaire des prix entre juillet et ao\u00fbt 2025 \u201con a vendu en 48 heures \u00e0 un prix qu\u2019on n\u2019esp\u00e9rait plus\u201d - Rachat de Cr\u00e9dit<\/title>\n<meta name=\"robots\" content=\"index, follow, max-snippet:-1, max-image-preview:large, max-video-preview:-1\" \/>\n<link rel=\"canonical\" href=\"https:\/\/rachat2credit.fr\/guide\/marche-immobilier-a-limoges-levolution-spectaculaire-des-prix-entre-juillet-et-aout-2025-on-a-vendu-en-48-heures-a-un-prix-quon-nesperait-plus\/\" \/>\n<meta property=\"og:locale\" content=\"fr_FR\" \/>\n<meta property=\"og:type\" content=\"article\" \/>\n<meta property=\"og:title\" content=\"March\u00e9 immobilier \u00e0 Limoges : l\u2019\u00e9volution spectaculaire des prix entre juillet et ao\u00fbt 2025 \u201con a vendu en 48 heures \u00e0 un prix qu\u2019on n\u2019esp\u00e9rait plus\u201d - Rachat de Cr\u00e9dit\" \/>\n<meta property=\"og:description\" content=\"Le march\u00e9 immobilier \u00e0 Limoges serait-il en train de vivre un retournement de situation entre juillet et ao\u00fbt 2025 ? Alors que les prix semblaient stables depuis le d\u00e9but de l&rsquo;ann\u00e9e, les derni\u00e8res donn\u00e9es laisseraient entrevoir une \u00e9volution surprenante qui pourrait marquer un tournant pour les acheteurs et vendeurs de la pr\u00e9fecture de la Haute-Vienne. ... Lire plus\" \/>\n<meta property=\"og:url\" content=\"https:\/\/rachat2credit.fr\/guide\/marche-immobilier-a-limoges-levolution-spectaculaire-des-prix-entre-juillet-et-aout-2025-on-a-vendu-en-48-heures-a-un-prix-quon-nesperait-plus\/\" \/>\n<meta property=\"og:site_name\" content=\"Rachat de Cr\u00e9dit\" \/>\n<meta property=\"article:published_time\" content=\"2025-08-26T16:46:48+00:00\" \/>\n<meta property=\"og:image\" content=\"https:\/\/rachat2credit.fr\/guide\/wp-content\/uploads\/2025\/08\/flux-pro-1.1-1087-1756226819.jpg\" \/>\n\t<meta property=\"og:image:width\" content=\"1344\" \/>\n\t<meta property=\"og:image:height\" content=\"768\" \/>\n\t<meta property=\"og:image:type\" content=\"image\/jpeg\" \/>\n<meta name=\"author\" content=\"Aurelien Boulanger\" \/>\n<meta name=\"twitter:card\" content=\"summary_large_image\" \/>\n<meta name=\"twitter:label1\" content=\"\u00c9crit par\" \/>\n\t<meta name=\"twitter:data1\" content=\"Aurelien Boulanger\" \/>\n\t<meta name=\"twitter:label2\" content=\"Dur\u00e9e de lecture estim\u00e9e\" \/>\n\t<meta name=\"twitter:data2\" content=\"4 minutes\" \/>\n<script type=\"application\/ld+json\" class=\"yoast-schema-graph\">{\"@context\":\"https:\\\/\\\/schema.org\",\"@graph\":[{\"@type\":\"NewsArticle\",\"@id\":\"https:\\\/\\\/rachat2credit.fr\\\/guide\\\/marche-immobilier-a-limoges-levolution-spectaculaire-des-prix-entre-juillet-et-aout-2025-on-a-vendu-en-48-heures-a-un-prix-quon-nesperait-plus\\\/#article\",\"isPartOf\":{\"@id\":\"https:\\\/\\\/rachat2credit.fr\\\/guide\\\/marche-immobilier-a-limoges-levolution-spectaculaire-des-prix-entre-juillet-et-aout-2025-on-a-vendu-en-48-heures-a-un-prix-quon-nesperait-plus\\\/\"},\"author\":{\"name\":\"Aurelien Boulanger\",\"@id\":\"https:\\\/\\\/rachat2credit.fr\\\/guide\\\/#\\\/schema\\\/person\\\/d4142086d07bc6acdc4722eabd955cc2\"},\"headline\":\"March\u00e9 immobilier \u00e0 Limoges : l\u2019\u00e9volution spectaculaire des prix entre juillet et ao\u00fbt 2025 \u201con a vendu en 48 heures \u00e0 un prix qu\u2019on n\u2019esp\u00e9rait plus\u201d\",\"datePublished\":\"2025-08-26T16:46:48+00:00\",\"mainEntityOfPage\":{\"@id\":\"https:\\\/\\\/rachat2credit.fr\\\/guide\\\/marche-immobilier-a-limoges-levolution-spectaculaire-des-prix-entre-juillet-et-aout-2025-on-a-vendu-en-48-heures-a-un-prix-quon-nesperait-plus\\\/\"},\"wordCount\":853,\"commentCount\":23,\"publisher\":{\"@id\":\"https:\\\/\\\/rachat2credit.fr\\\/guide\\\/#organization\"},\"image\":{\"@id\":\"https:\\\/\\\/rachat2credit.fr\\\/guide\\\/marche-immobilier-a-limoges-levolution-spectaculaire-des-prix-entre-juillet-et-aout-2025-on-a-vendu-en-48-heures-a-un-prix-quon-nesperait-plus\\\/#primaryimage\"},\"thumbnailUrl\":\"https:\\\/\\\/rachat2credit.fr\\\/guide\\\/wp-content\\\/uploads\\\/2025\\\/08\\\/flux-pro-1.1-1087-1756226819.jpg\",\"articleSection\":[\"A la une\"],\"inLanguage\":\"fr-FR\",\"potentialAction\":[{\"@type\":\"CommentAction\",\"name\":\"Comment\",\"target\":[\"https:\\\/\\\/rachat2credit.fr\\\/guide\\\/marche-immobilier-a-limoges-levolution-spectaculaire-des-prix-entre-juillet-et-aout-2025-on-a-vendu-en-48-heures-a-un-prix-quon-nesperait-plus\\\/#respond\"]}]},{\"@type\":\"WebPage\",\"@id\":\"https:\\\/\\\/rachat2credit.fr\\\/guide\\\/marche-immobilier-a-limoges-levolution-spectaculaire-des-prix-entre-juillet-et-aout-2025-on-a-vendu-en-48-heures-a-un-prix-quon-nesperait-plus\\\/\",\"url\":\"https:\\\/\\\/rachat2credit.fr\\\/guide\\\/marche-immobilier-a-limoges-levolution-spectaculaire-des-prix-entre-juillet-et-aout-2025-on-a-vendu-en-48-heures-a-un-prix-quon-nesperait-plus\\\/\",\"name\":\"March\u00e9 immobilier \u00e0 Limoges : l\u2019\u00e9volution spectaculaire des prix entre juillet et ao\u00fbt 2025 \u201con a vendu en 48 heures \u00e0 un prix qu\u2019on n\u2019esp\u00e9rait plus\u201d - Rachat de Cr\u00e9dit\",\"isPartOf\":{\"@id\":\"https:\\\/\\\/rachat2credit.fr\\\/guide\\\/#website\"},\"primaryImageOfPage\":{\"@id\":\"https:\\\/\\\/rachat2credit.fr\\\/guide\\\/marche-immobilier-a-limoges-levolution-spectaculaire-des-prix-entre-juillet-et-aout-2025-on-a-vendu-en-48-heures-a-un-prix-quon-nesperait-plus\\\/#primaryimage\"},\"image\":{\"@id\":\"https:\\\/\\\/rachat2credit.fr\\\/guide\\\/marche-immobilier-a-limoges-levolution-spectaculaire-des-prix-entre-juillet-et-aout-2025-on-a-vendu-en-48-heures-a-un-prix-quon-nesperait-plus\\\/#primaryimage\"},\"thumbnailUrl\":\"https:\\\/\\\/rachat2credit.fr\\\/guide\\\/wp-content\\\/uploads\\\/2025\\\/08\\\/flux-pro-1.1-1087-1756226819.jpg\",\"datePublished\":\"2025-08-26T16:46:48+00:00\",\"breadcrumb\":{\"@id\":\"https:\\\/\\\/rachat2credit.fr\\\/guide\\\/marche-immobilier-a-limoges-levolution-spectaculaire-des-prix-entre-juillet-et-aout-2025-on-a-vendu-en-48-heures-a-un-prix-quon-nesperait-plus\\\/#breadcrumb\"},\"inLanguage\":\"fr-FR\",\"potentialAction\":[{\"@type\":\"ReadAction\",\"target\":[\"https:\\\/\\\/rachat2credit.fr\\\/guide\\\/marche-immobilier-a-limoges-levolution-spectaculaire-des-prix-entre-juillet-et-aout-2025-on-a-vendu-en-48-heures-a-un-prix-quon-nesperait-plus\\\/\"]}]},{\"@type\":\"ImageObject\",\"inLanguage\":\"fr-FR\",\"@id\":\"https:\\\/\\\/rachat2credit.fr\\\/guide\\\/marche-immobilier-a-limoges-levolution-spectaculaire-des-prix-entre-juillet-et-aout-2025-on-a-vendu-en-48-heures-a-un-prix-quon-nesperait-plus\\\/#primaryimage\",\"url\":\"https:\\\/\\\/rachat2credit.fr\\\/guide\\\/wp-content\\\/uploads\\\/2025\\\/08\\\/flux-pro-1.1-1087-1756226819.jpg\",\"contentUrl\":\"https:\\\/\\\/rachat2credit.fr\\\/guide\\\/wp-content\\\/uploads\\\/2025\\\/08\\\/flux-pro-1.1-1087-1756226819.jpg\",\"width\":1344,\"height\":768},{\"@type\":\"BreadcrumbList\",\"@id\":\"https:\\\/\\\/rachat2credit.fr\\\/guide\\\/marche-immobilier-a-limoges-levolution-spectaculaire-des-prix-entre-juillet-et-aout-2025-on-a-vendu-en-48-heures-a-un-prix-quon-nesperait-plus\\\/#breadcrumb\",\"itemListElement\":[{\"@type\":\"ListItem\",\"position\":1,\"name\":\"Accueil\",\"item\":\"https:\\\/\\\/rachat2credit.fr\\\/guide\\\/\"},{\"@type\":\"ListItem\",\"position\":2,\"name\":\"March\u00e9 immobilier \u00e0 Limoges : l\u2019\u00e9volution spectaculaire des prix entre juillet et ao\u00fbt 2025 \u201con a vendu en 48 heures \u00e0 un prix qu\u2019on n\u2019esp\u00e9rait plus\u201d\"}]},{\"@type\":\"WebSite\",\"@id\":\"https:\\\/\\\/rachat2credit.fr\\\/guide\\\/#website\",\"url\":\"https:\\\/\\\/rachat2credit.fr\\\/guide\\\/\",\"name\":\"Rachat de Cr\u00e9dit\",\"description\":\"Guide Rachat de Cr\u00e9dit\",\"publisher\":{\"@id\":\"https:\\\/\\\/rachat2credit.fr\\\/guide\\\/#organization\"},\"potentialAction\":[{\"@type\":\"SearchAction\",\"target\":{\"@type\":\"EntryPoint\",\"urlTemplate\":\"https:\\\/\\\/rachat2credit.fr\\\/guide\\\/?s={search_term_string}\"},\"query-input\":{\"@type\":\"PropertyValueSpecification\",\"valueRequired\":true,\"valueName\":\"search_term_string\"}}],\"inLanguage\":\"fr-FR\"},{\"@type\":\"Organization\",\"@id\":\"https:\\\/\\\/rachat2credit.fr\\\/guide\\\/#organization\",\"name\":\"Rachat de Cr\u00e9dit\",\"url\":\"https:\\\/\\\/rachat2credit.fr\\\/guide\\\/\",\"logo\":{\"@type\":\"ImageObject\",\"inLanguage\":\"fr-FR\",\"@id\":\"https:\\\/\\\/rachat2credit.fr\\\/guide\\\/#\\\/schema\\\/logo\\\/image\\\/\",\"url\":\"https:\\\/\\\/rachat2credit.fr\\\/guide\\\/wp-content\\\/uploads\\\/2025\\\/05\\\/rachat2credit.png\",\"contentUrl\":\"https:\\\/\\\/rachat2credit.fr\\\/guide\\\/wp-content\\\/uploads\\\/2025\\\/05\\\/rachat2credit.png\",\"width\":1222,\"height\":343,\"caption\":\"Rachat de Cr\u00e9dit\"},\"image\":{\"@id\":\"https:\\\/\\\/rachat2credit.fr\\\/guide\\\/#\\\/schema\\\/logo\\\/image\\\/\"}},{\"@type\":\"Person\",\"@id\":\"https:\\\/\\\/rachat2credit.fr\\\/guide\\\/#\\\/schema\\\/person\\\/d4142086d07bc6acdc4722eabd955cc2\",\"name\":\"Aurelien Boulanger\",\"image\":{\"@type\":\"ImageObject\",\"inLanguage\":\"fr-FR\",\"@id\":\"https:\\\/\\\/secure.gravatar.com\\\/avatar\\\/32175434c9ca2b27bfeb905d1c3ec782a789caf494bc0ec8fa6ed0ee39c2e62a?s=96&d=mm&r=g\",\"url\":\"https:\\\/\\\/secure.gravatar.com\\\/avatar\\\/32175434c9ca2b27bfeb905d1c3ec782a789caf494bc0ec8fa6ed0ee39c2e62a?s=96&d=mm&r=g\",\"contentUrl\":\"https:\\\/\\\/secure.gravatar.com\\\/avatar\\\/32175434c9ca2b27bfeb905d1c3ec782a789caf494bc0ec8fa6ed0ee39c2e62a?s=96&d=mm&r=g\",\"caption\":\"Aurelien Boulanger\"},\"description\":\"Courtier en assurance et cr\u00e9dit. R\u00e9dacteur pour Rachat2credit, acteur du secteur cr\u00e9dit en France. Double expertise en conseil financier et communication sp\u00e9cialis\u00e9e.\",\"sameAs\":[\"https:\\\/\\\/rachat2credit.fr\\\/guide\"],\"url\":\"https:\\\/\\\/rachat2credit.fr\\\/guide\\\/author\\\/aurelien\\\/\"}]}<\/script>\n<!-- \/ Yoast SEO plugin. -->","yoast_head_json":{"title":"March\u00e9 immobilier \u00e0 Limoges : l\u2019\u00e9volution spectaculaire des prix entre juillet et ao\u00fbt 2025 \u201con a vendu en 48 heures \u00e0 un prix qu\u2019on n\u2019esp\u00e9rait plus\u201d - Rachat de Cr\u00e9dit","robots":{"index":"index","follow":"follow","max-snippet":"max-snippet:-1","max-image-preview":"max-image-preview:large","max-video-preview":"max-video-preview:-1"},"canonical":"https:\/\/rachat2credit.fr\/guide\/marche-immobilier-a-limoges-levolution-spectaculaire-des-prix-entre-juillet-et-aout-2025-on-a-vendu-en-48-heures-a-un-prix-quon-nesperait-plus\/","og_locale":"fr_FR","og_type":"article","og_title":"March\u00e9 immobilier \u00e0 Limoges : l\u2019\u00e9volution spectaculaire des prix entre juillet et ao\u00fbt 2025 \u201con a vendu en 48 heures \u00e0 un prix qu\u2019on n\u2019esp\u00e9rait plus\u201d - Rachat de Cr\u00e9dit","og_description":"Le march\u00e9 immobilier \u00e0 Limoges serait-il en train de vivre un retournement de situation entre juillet et ao\u00fbt 2025 ? Alors que les prix semblaient stables depuis le d\u00e9but de l&rsquo;ann\u00e9e, les derni\u00e8res donn\u00e9es laisseraient entrevoir une \u00e9volution surprenante qui pourrait marquer un tournant pour les acheteurs et vendeurs de la pr\u00e9fecture de la Haute-Vienne. ... Lire plus","og_url":"https:\/\/rachat2credit.fr\/guide\/marche-immobilier-a-limoges-levolution-spectaculaire-des-prix-entre-juillet-et-aout-2025-on-a-vendu-en-48-heures-a-un-prix-quon-nesperait-plus\/","og_site_name":"Rachat de Cr\u00e9dit","article_published_time":"2025-08-26T16:46:48+00:00","og_image":[{"width":1344,"height":768,"url":"https:\/\/rachat2credit.fr\/guide\/wp-content\/uploads\/2025\/08\/flux-pro-1.1-1087-1756226819.jpg","type":"image\/jpeg"}],"author":"Aurelien Boulanger","twitter_card":"summary_large_image","twitter_misc":{"\u00c9crit par":"Aurelien Boulanger","Dur\u00e9e de lecture estim\u00e9e":"4 minutes"},"schema":{"@context":"https:\/\/schema.org","@graph":[{"@type":"NewsArticle","@id":"https:\/\/rachat2credit.fr\/guide\/marche-immobilier-a-limoges-levolution-spectaculaire-des-prix-entre-juillet-et-aout-2025-on-a-vendu-en-48-heures-a-un-prix-quon-nesperait-plus\/#article","isPartOf":{"@id":"https:\/\/rachat2credit.fr\/guide\/marche-immobilier-a-limoges-levolution-spectaculaire-des-prix-entre-juillet-et-aout-2025-on-a-vendu-en-48-heures-a-un-prix-quon-nesperait-plus\/"},"author":{"name":"Aurelien Boulanger","@id":"https:\/\/rachat2credit.fr\/guide\/#\/schema\/person\/d4142086d07bc6acdc4722eabd955cc2"},"headline":"March\u00e9 immobilier \u00e0 Limoges : l\u2019\u00e9volution spectaculaire des prix entre juillet et ao\u00fbt 2025 \u201con a vendu en 48 heures \u00e0 un prix qu\u2019on n\u2019esp\u00e9rait plus\u201d","datePublished":"2025-08-26T16:46:48+00:00","mainEntityOfPage":{"@id":"https:\/\/rachat2credit.fr\/guide\/marche-immobilier-a-limoges-levolution-spectaculaire-des-prix-entre-juillet-et-aout-2025-on-a-vendu-en-48-heures-a-un-prix-quon-nesperait-plus\/"},"wordCount":853,"commentCount":23,"publisher":{"@id":"https:\/\/rachat2credit.fr\/guide\/#organization"},"image":{"@id":"https:\/\/rachat2credit.fr\/guide\/marche-immobilier-a-limoges-levolution-spectaculaire-des-prix-entre-juillet-et-aout-2025-on-a-vendu-en-48-heures-a-un-prix-quon-nesperait-plus\/#primaryimage"},"thumbnailUrl":"https:\/\/rachat2credit.fr\/guide\/wp-content\/uploads\/2025\/08\/flux-pro-1.1-1087-1756226819.jpg","articleSection":["A la une"],"inLanguage":"fr-FR","potentialAction":[{"@type":"CommentAction","name":"Comment","target":["https:\/\/rachat2credit.fr\/guide\/marche-immobilier-a-limoges-levolution-spectaculaire-des-prix-entre-juillet-et-aout-2025-on-a-vendu-en-48-heures-a-un-prix-quon-nesperait-plus\/#respond"]}]},{"@type":"WebPage","@id":"https:\/\/rachat2credit.fr\/guide\/marche-immobilier-a-limoges-levolution-spectaculaire-des-prix-entre-juillet-et-aout-2025-on-a-vendu-en-48-heures-a-un-prix-quon-nesperait-plus\/","url":"https:\/\/rachat2credit.fr\/guide\/marche-immobilier-a-limoges-levolution-spectaculaire-des-prix-entre-juillet-et-aout-2025-on-a-vendu-en-48-heures-a-un-prix-quon-nesperait-plus\/","name":"March\u00e9 immobilier \u00e0 Limoges : l\u2019\u00e9volution spectaculaire des prix entre juillet et ao\u00fbt 2025 \u201con a vendu en 48 heures \u00e0 un prix qu\u2019on n\u2019esp\u00e9rait plus\u201d - Rachat de Cr\u00e9dit","isPartOf":{"@id":"https:\/\/rachat2credit.fr\/guide\/#website"},"primaryImageOfPage":{"@id":"https:\/\/rachat2credit.fr\/guide\/marche-immobilier-a-limoges-levolution-spectaculaire-des-prix-entre-juillet-et-aout-2025-on-a-vendu-en-48-heures-a-un-prix-quon-nesperait-plus\/#primaryimage"},"image":{"@id":"https:\/\/rachat2credit.fr\/guide\/marche-immobilier-a-limoges-levolution-spectaculaire-des-prix-entre-juillet-et-aout-2025-on-a-vendu-en-48-heures-a-un-prix-quon-nesperait-plus\/#primaryimage"},"thumbnailUrl":"https:\/\/rachat2credit.fr\/guide\/wp-content\/uploads\/2025\/08\/flux-pro-1.1-1087-1756226819.jpg","datePublished":"2025-08-26T16:46:48+00:00","breadcrumb":{"@id":"https:\/\/rachat2credit.fr\/guide\/marche-immobilier-a-limoges-levolution-spectaculaire-des-prix-entre-juillet-et-aout-2025-on-a-vendu-en-48-heures-a-un-prix-quon-nesperait-plus\/#breadcrumb"},"inLanguage":"fr-FR","potentialAction":[{"@type":"ReadAction","target":["https:\/\/rachat2credit.fr\/guide\/marche-immobilier-a-limoges-levolution-spectaculaire-des-prix-entre-juillet-et-aout-2025-on-a-vendu-en-48-heures-a-un-prix-quon-nesperait-plus\/"]}]},{"@type":"ImageObject","inLanguage":"fr-FR","@id":"https:\/\/rachat2credit.fr\/guide\/marche-immobilier-a-limoges-levolution-spectaculaire-des-prix-entre-juillet-et-aout-2025-on-a-vendu-en-48-heures-a-un-prix-quon-nesperait-plus\/#primaryimage","url":"https:\/\/rachat2credit.fr\/guide\/wp-content\/uploads\/2025\/08\/flux-pro-1.1-1087-1756226819.jpg","contentUrl":"https:\/\/rachat2credit.fr\/guide\/wp-content\/uploads\/2025\/08\/flux-pro-1.1-1087-1756226819.jpg","width":1344,"height":768},{"@type":"BreadcrumbList","@id":"https:\/\/rachat2credit.fr\/guide\/marche-immobilier-a-limoges-levolution-spectaculaire-des-prix-entre-juillet-et-aout-2025-on-a-vendu-en-48-heures-a-un-prix-quon-nesperait-plus\/#breadcrumb","itemListElement":[{"@type":"ListItem","position":1,"name":"Accueil","item":"https:\/\/rachat2credit.fr\/guide\/"},{"@type":"ListItem","position":2,"name":"March\u00e9 immobilier \u00e0 Limoges : l\u2019\u00e9volution spectaculaire des prix entre juillet et ao\u00fbt 2025 \u201con a vendu en 48 heures \u00e0 un prix qu\u2019on n\u2019esp\u00e9rait plus\u201d"}]},{"@type":"WebSite","@id":"https:\/\/rachat2credit.fr\/guide\/#website","url":"https:\/\/rachat2credit.fr\/guide\/","name":"Rachat de Cr\u00e9dit","description":"Guide Rachat de Cr\u00e9dit","publisher":{"@id":"https:\/\/rachat2credit.fr\/guide\/#organization"},"potentialAction":[{"@type":"SearchAction","target":{"@type":"EntryPoint","urlTemplate":"https:\/\/rachat2credit.fr\/guide\/?s={search_term_string}"},"query-input":{"@type":"PropertyValueSpecification","valueRequired":true,"valueName":"search_term_string"}}],"inLanguage":"fr-FR"},{"@type":"Organization","@id":"https:\/\/rachat2credit.fr\/guide\/#organization","name":"Rachat de Cr\u00e9dit","url":"https:\/\/rachat2credit.fr\/guide\/","logo":{"@type":"ImageObject","inLanguage":"fr-FR","@id":"https:\/\/rachat2credit.fr\/guide\/#\/schema\/logo\/image\/","url":"https:\/\/rachat2credit.fr\/guide\/wp-content\/uploads\/2025\/05\/rachat2credit.png","contentUrl":"https:\/\/rachat2credit.fr\/guide\/wp-content\/uploads\/2025\/05\/rachat2credit.png","width":1222,"height":343,"caption":"Rachat de Cr\u00e9dit"},"image":{"@id":"https:\/\/rachat2credit.fr\/guide\/#\/schema\/logo\/image\/"}},{"@type":"Person","@id":"https:\/\/rachat2credit.fr\/guide\/#\/schema\/person\/d4142086d07bc6acdc4722eabd955cc2","name":"Aurelien Boulanger","image":{"@type":"ImageObject","inLanguage":"fr-FR","@id":"https:\/\/secure.gravatar.com\/avatar\/32175434c9ca2b27bfeb905d1c3ec782a789caf494bc0ec8fa6ed0ee39c2e62a?s=96&d=mm&r=g","url":"https:\/\/secure.gravatar.com\/avatar\/32175434c9ca2b27bfeb905d1c3ec782a789caf494bc0ec8fa6ed0ee39c2e62a?s=96&d=mm&r=g","contentUrl":"https:\/\/secure.gravatar.com\/avatar\/32175434c9ca2b27bfeb905d1c3ec782a789caf494bc0ec8fa6ed0ee39c2e62a?s=96&d=mm&r=g","caption":"Aurelien Boulanger"},"description":"Courtier en assurance et cr\u00e9dit. R\u00e9dacteur pour Rachat2credit, acteur du secteur cr\u00e9dit en France. Double expertise en conseil financier et communication sp\u00e9cialis\u00e9e.","sameAs":["https:\/\/rachat2credit.fr\/guide"],"url":"https:\/\/rachat2credit.fr\/guide\/author\/aurelien\/"}]}},"_links":{"self":[{"href":"https:\/\/rachat2credit.fr\/guide\/wp-json\/wp\/v2\/posts\/1087","targetHints":{"allow":["GET"]}}],"collection":[{"href":"https:\/\/rachat2credit.fr\/guide\/wp-json\/wp\/v2\/posts"}],"about":[{"href":"https:\/\/rachat2credit.fr\/guide\/wp-json\/wp\/v2\/types\/post"}],"author":[{"embeddable":true,"href":"https:\/\/rachat2credit.fr\/guide\/wp-json\/wp\/v2\/users\/1"}],"replies":[{"embeddable":true,"href":"https:\/\/rachat2credit.fr\/guide\/wp-json\/wp\/v2\/comments?post=1087"}],"version-history":[{"count":0,"href":"https:\/\/rachat2credit.fr\/guide\/wp-json\/wp\/v2\/posts\/1087\/revisions"}],"wp:featuredmedia":[{"embeddable":true,"href":"https:\/\/rachat2credit.fr\/guide\/wp-json\/wp\/v2\/media\/1088"}],"wp:attachment":[{"href":"https:\/\/rachat2credit.fr\/guide\/wp-json\/wp\/v2\/media?parent=1087"}],"wp:term":[{"taxonomy":"category","embeddable":true,"href":"https:\/\/rachat2credit.fr\/guide\/wp-json\/wp\/v2\/categories?post=1087"},{"taxonomy":"post_tag","embeddable":true,"href":"https:\/\/rachat2credit.fr\/guide\/wp-json\/wp\/v2\/tags?post=1087"}],"curies":[{"name":"wp","href":"https:\/\/api.w.org\/{rel}","templated":true}]}}