{"id":1093,"date":"2025-08-27T09:46:28","date_gmt":"2025-08-27T07:46:28","guid":{"rendered":"https:\/\/rachat2credit.fr\/guide\/immobilier-a-lyon-une-hausse-moderee-des-prix-dachat-en-aout-2025-on-pensait-que-ca-allait-exploser-mais-le-marche-se-regule\/"},"modified":"2025-08-27T09:46:28","modified_gmt":"2025-08-27T07:46:28","slug":"immobilier-a-lyon-une-hausse-moderee-des-prix-dachat-en-aout-2025-on-pensait-que-ca-allait-exploser-mais-le-marche-se-regule","status":"publish","type":"post","link":"https:\/\/rachat2credit.fr\/guide\/immobilier-a-lyon-une-hausse-moderee-des-prix-dachat-en-aout-2025-on-pensait-que-ca-allait-exploser-mais-le-marche-se-regule\/","title":{"rendered":"Immobilier \u00e0 Lyon : une hausse mod\u00e9r\u00e9e des prix d&rsquo;achat en ao\u00fbt 2025 \u00ab\u00a0on pensait que \u00e7a allait exploser, mais le march\u00e9 se r\u00e9gule\u00a0\u00bb"},"content":{"rendered":"<p>L&rsquo;immobilier lyonnais pourrait conna\u00eetre une hausse mod\u00e9r\u00e9e des prix d&rsquo;achat en ao\u00fbt 2025, selon plusieurs observateurs du march\u00e9. Cette tendance, si elle se confirme, marquerait un infl\u00e9chissement par rapport aux fortes appr\u00e9ciations enregistr\u00e9es ces derni\u00e8res ann\u00e9es.<\/p>\n<p>Dans le quartier de la Croix-Rousse, un jeune couple t\u00e9moigne de cette \u00e9volution. \u00ab\u00a0Nous avons achet\u00e9 notre appartement de 65 m\u00b2 15 000 \u20ac de moins que le prix initialement demand\u00e9 il y a six mois\u00a0\u00bb, confie Thomas, 32 ans, ing\u00e9nieur. Sa compagne Am\u00e9lie ajoute : \u00ab\u00a0Le vendeur a finalement accept\u00e9 de revoir ses exigences \u00e0 la baisse apr\u00e8s trois mois sans offre s\u00e9rieuse\u00a0\u00bb.<\/p>\n<p>Les experts immobiliers avanceraient plusieurs facteurs explicatifs \u00e0 cette mod\u00e9ration. La hausse des taux d&#8217;emprunt continuerait de peser sur le pouvoir d&rsquo;achat des acqu\u00e9reurs, tandis que l&rsquo;offre de nouveaux logements augmenterait progressivement dans certains secteurs de la m\u00e9tropole.<\/p>\n<p>Selon les derni\u00e8res <a href=\"https:\/\/www.insee.fr\/fr\/statistiques\" target=\"_blank\" rel=\"noopener\">donn\u00e9es de l&rsquo;INSEE<\/a>, le march\u00e9 r\u00e9sidentiel lyonnais montrerait des signes d&rsquo;apaisement apr\u00e8s plusieurs ann\u00e9es de forte tension. Le nombre de transactions pourrait diminuer d&rsquo;environ 8% sur un an, contribuant \u00e0 cette stabilisation des prix.<\/p>\n<p>Dans le secteur de Confluence, pourtant r\u00e9put\u00e9 pour sa dynamique, les promoteurs adopteraient des strat\u00e9gies commerciales plus souples. \u00ab\u00a0Nous observons un allongement des d\u00e9lais de commercialisation pour les programmes neufs\u00a0\u00bb, reconna\u00eet un chef de projet immobilier sous couvert d&rsquo;anonymat.<\/p>\n<p>Les prix au m\u00e8tre carr\u00e9 pourraient se maintenir autour de 5 200 \u20ac en moyenne dans l&rsquo;hypercentre, avec des variations importantes selon l&rsquo;\u00e9tat du bien et son exposition. Les appartements familiaux avec terrasses ou jardins resteraient toutefois tr\u00e8s pris\u00e9s, conservant une certaine prime.<\/p>\n<p>Cette mod\u00e9ration des prix interviendrait dans un contexte de regain d&rsquo;attractivit\u00e9 de la m\u00e9tropole lyonnaise. Le d\u00e9veloppement des infrastructures de transport, notamment le prolongement des lignes de m\u00e9tro, continuerait de stimuler la demande dans les quartiers p\u00e9riph\u00e9riques.<\/p>\n<p>Les investisseurs institutionnels semblent pourtant maintenir leur confiance dans le march\u00e9 lyonnais, comme en t\u00e9moignent les r\u00e9centes acquisitions de patrimoine immobilier dans le quartier de la Part-Dieu. La pr\u00e9sence d&rsquo;un p\u00f4le \u00e9conomique dynamique et d&rsquo;\u00e9tablissements d&rsquo;enseignement sup\u00e9rieur de renom constituerait des atouts structurels solides.<\/p>\n<p>Certains agents immobiliers temp\u00e8rent cependant cet optimisme prudent. \u00ab\u00a0Nous assistons peut-\u00eatre \u00e0 une simple pause estivale plut\u00f4t qu&rsquo;\u00e0 un v\u00e9ritable retournement de tendance\u00a0\u00bb, analyse Marie Lambert, directrice d&rsquo;une agence immobili\u00e8re dans le 6\u00e8me arrondissement.<\/p>\n<p>Les notaires de la r\u00e9gion Auvergne-Rh\u00f4ne-Alpes suivent de pr\u00e8s l&rsquo;\u00e9volution des indicateurs, notamment le d\u00e9lai moyen de vente qui s&rsquo;allongerait l\u00e9g\u00e8rement. Les biens n\u00e9cessitant des travaux importants rencontreraient plus de difficult\u00e9s \u00e0 trouver preneurs, signalant une plus grande s\u00e9lectivit\u00e9 des acqu\u00e9reurs.<\/p>\n<p>Pour les mois \u00e0 venir, tout d\u00e9pendrait de l&rsquo;\u00e9volution de la politique mon\u00e9taire de la Banque Centrale Europ\u00e9enne et des mesures gouvernementales en faveur de l&rsquo;accession \u00e0 la propri\u00e9t\u00e9. Les professionnels du secteur recommanderaient aux vendeurs de faire preuve de r\u00e9alisme dans leurs expectations prix.<\/p>\n<p>Cette p\u00e9riode de mod\u00e9ration pourrait repr\u00e9senter une opportunit\u00e9 pour certains acheteurs qui avaient \u00e9t\u00e9 \u00e9vinc\u00e9s du march\u00e9 durant les ann\u00e9es de flamb\u00e9e des prix. La diversification de l&rsquo;offre immobili\u00e8re, avec le d\u00e9veloppement de nouvelles formes d&rsquo;habitat, participerait \u00e9galement \u00e0 cette dynamique de march\u00e9 plus \u00e9quilibr\u00e9e.<\/p>\n<p>L&rsquo;immobilier lyonnais resterait n\u00e9anmoins l&rsquo;un des march\u00e9s les plus tendus de France apr\u00e8s Paris, avec une demande soutenue par la vitalit\u00e9 \u00e9conomique de la r\u00e9gion. La mod\u00e9ration des prix en ao\u00fbt 2025, si elle se confirme, n&rsquo;en resterait pas moins un ph\u00e9nom\u00e8ne notable apr\u00e8s une d\u00e9cennie de hausse continue.<\/p>\n\n\n<div class=\"kk-star-ratings kksr-auto kksr-align-center kksr-valign-bottom\"\n    data-payload='{&quot;align&quot;:&quot;center&quot;,&quot;id&quot;:&quot;1093&quot;,&quot;slug&quot;:&quot;default&quot;,&quot;valign&quot;:&quot;bottom&quot;,&quot;ignore&quot;:&quot;&quot;,&quot;reference&quot;:&quot;auto&quot;,&quot;class&quot;:&quot;&quot;,&quot;count&quot;:&quot;0&quot;,&quot;legendonly&quot;:&quot;&quot;,&quot;readonly&quot;:&quot;&quot;,&quot;score&quot;:&quot;0&quot;,&quot;starsonly&quot;:&quot;&quot;,&quot;best&quot;:&quot;5&quot;,&quot;gap&quot;:&quot;5&quot;,&quot;greet&quot;:&quot;&quot;,&quot;legend&quot;:&quot;0\\\/5 - (0 vote)&quot;,&quot;size&quot;:&quot;24&quot;,&quot;title&quot;:&quot;Immobilier \u00e0 Lyon : une hausse mod\u00e9r\u00e9e des prix d\\u0026#039;achat en ao\u00fbt 2025 \\u0026quot;on pensait que \u00e7a allait exploser, mais le march\u00e9 se r\u00e9gule\\u0026quot;&quot;,&quot;width&quot;:&quot;0&quot;,&quot;_legend&quot;:&quot;{score}\\\/{best} - ({count} {votes})&quot;,&quot;font_factor&quot;:&quot;1.25&quot;}'>\n            \n<div class=\"kksr-stars\">\n    \n<div class=\"kksr-stars-inactive\">\n            <div class=\"kksr-star\" data-star=\"1\" style=\"padding-right: 5px\">\n            \n\n<div class=\"kksr-icon\" style=\"width: 24px; height: 24px;\"><\/div>\n        <\/div>\n            <div class=\"kksr-star\" data-star=\"2\" style=\"padding-right: 5px\">\n            \n\n<div class=\"kksr-icon\" style=\"width: 24px; height: 24px;\"><\/div>\n        <\/div>\n            <div class=\"kksr-star\" data-star=\"3\" style=\"padding-right: 5px\">\n            \n\n<div class=\"kksr-icon\" style=\"width: 24px; height: 24px;\"><\/div>\n        <\/div>\n            <div class=\"kksr-star\" data-star=\"4\" style=\"padding-right: 5px\">\n            \n\n<div class=\"kksr-icon\" style=\"width: 24px; height: 24px;\"><\/div>\n        <\/div>\n            <div class=\"kksr-star\" data-star=\"5\" style=\"padding-right: 5px\">\n            \n\n<div class=\"kksr-icon\" style=\"width: 24px; height: 24px;\"><\/div>\n        <\/div>\n    <\/div>\n    \n<div class=\"kksr-stars-active\" style=\"width: 0px;\">\n            <div class=\"kksr-star\" style=\"padding-right: 5px\">\n            \n\n<div class=\"kksr-icon\" style=\"width: 24px; height: 24px;\"><\/div>\n        <\/div>\n            <div class=\"kksr-star\" style=\"padding-right: 5px\">\n            \n\n<div class=\"kksr-icon\" style=\"width: 24px; height: 24px;\"><\/div>\n        <\/div>\n            <div class=\"kksr-star\" style=\"padding-right: 5px\">\n            \n\n<div class=\"kksr-icon\" style=\"width: 24px; height: 24px;\"><\/div>\n        <\/div>\n            <div class=\"kksr-star\" style=\"padding-right: 5px\">\n            \n\n<div class=\"kksr-icon\" style=\"width: 24px; height: 24px;\"><\/div>\n        <\/div>\n            <div class=\"kksr-star\" style=\"padding-right: 5px\">\n            \n\n<div class=\"kksr-icon\" style=\"width: 24px; height: 24px;\"><\/div>\n        <\/div>\n    <\/div>\n<\/div>\n                \n\n<div class=\"kksr-legend\" style=\"font-size: 19.2px;\">\n            <span class=\"kksr-muted\"><\/span>\n    <\/div>\n    <\/div>\n","protected":false},"excerpt":{"rendered":"<p>L&rsquo;immobilier lyonnais pourrait conna\u00eetre une hausse mod\u00e9r\u00e9e des prix d&rsquo;achat en ao\u00fbt 2025, selon plusieurs observateurs du march\u00e9. Cette tendance, si elle se confirme, marquerait un infl\u00e9chissement par rapport aux fortes appr\u00e9ciations enregistr\u00e9es ces derni\u00e8res ann\u00e9es. Dans le quartier de la Croix-Rousse, un jeune couple t\u00e9moigne de cette \u00e9volution. \u00ab\u00a0Nous avons achet\u00e9 notre appartement de &#8230; <a title=\"Immobilier \u00e0 Lyon : une hausse mod\u00e9r\u00e9e des prix d&rsquo;achat en ao\u00fbt 2025 \u00ab\u00a0on pensait que \u00e7a allait exploser, mais le march\u00e9 se r\u00e9gule\u00a0\u00bb\" class=\"read-more\" href=\"https:\/\/rachat2credit.fr\/guide\/immobilier-a-lyon-une-hausse-moderee-des-prix-dachat-en-aout-2025-on-pensait-que-ca-allait-exploser-mais-le-marche-se-regule\/\" aria-label=\"En savoir plus sur Immobilier \u00e0 Lyon : une hausse mod\u00e9r\u00e9e des prix d&rsquo;achat en ao\u00fbt 2025 \u00ab\u00a0on pensait que \u00e7a allait exploser, mais le march\u00e9 se r\u00e9gule\u00a0\u00bb\">Lire plus<\/a><\/p>\n","protected":false},"author":1,"featured_media":1094,"comment_status":"open","ping_status":"open","sticky":false,"template":"","format":"standard","meta":{"footnotes":""},"categories":[8],"tags":[],"class_list":["post-1093","post","type-post","status-publish","format-standard","has-post-thumbnail","hentry","category-a-la-une"],"yoast_head":"<!-- This site is optimized with the Yoast SEO plugin v27.5 - https:\/\/yoast.com\/product\/yoast-seo-wordpress\/ -->\n<title>Immobilier \u00e0 Lyon : une hausse mod\u00e9r\u00e9e des prix d&#039;achat en ao\u00fbt 2025 &quot;on pensait que \u00e7a allait exploser, mais le march\u00e9 se r\u00e9gule&quot; - Rachat de Cr\u00e9dit<\/title>\n<meta name=\"robots\" content=\"index, follow, max-snippet:-1, max-image-preview:large, max-video-preview:-1\" \/>\n<link rel=\"canonical\" href=\"https:\/\/rachat2credit.fr\/guide\/immobilier-a-lyon-une-hausse-moderee-des-prix-dachat-en-aout-2025-on-pensait-que-ca-allait-exploser-mais-le-marche-se-regule\/\" \/>\n<meta property=\"og:locale\" content=\"fr_FR\" \/>\n<meta property=\"og:type\" content=\"article\" \/>\n<meta property=\"og:title\" content=\"Immobilier \u00e0 Lyon : une hausse mod\u00e9r\u00e9e des prix d&#039;achat en ao\u00fbt 2025 &quot;on pensait que \u00e7a allait exploser, mais le march\u00e9 se r\u00e9gule&quot; - Rachat de Cr\u00e9dit\" \/>\n<meta property=\"og:description\" content=\"L&rsquo;immobilier lyonnais pourrait conna\u00eetre une hausse mod\u00e9r\u00e9e des prix d&rsquo;achat en ao\u00fbt 2025, selon plusieurs observateurs du march\u00e9. Cette tendance, si elle se confirme, marquerait un infl\u00e9chissement par rapport aux fortes appr\u00e9ciations enregistr\u00e9es ces derni\u00e8res ann\u00e9es. Dans le quartier de la Croix-Rousse, un jeune couple t\u00e9moigne de cette \u00e9volution. \u00ab\u00a0Nous avons achet\u00e9 notre appartement de ... Lire plus\" \/>\n<meta property=\"og:url\" content=\"https:\/\/rachat2credit.fr\/guide\/immobilier-a-lyon-une-hausse-moderee-des-prix-dachat-en-aout-2025-on-pensait-que-ca-allait-exploser-mais-le-marche-se-regule\/\" \/>\n<meta property=\"og:site_name\" content=\"Rachat de Cr\u00e9dit\" \/>\n<meta property=\"article:published_time\" content=\"2025-08-27T07:46:28+00:00\" \/>\n<meta property=\"og:image\" content=\"https:\/\/rachat2credit.fr\/guide\/wp-content\/uploads\/2025\/08\/flux-pro-1.1-1093-1756280799.jpg\" \/>\n\t<meta property=\"og:image:width\" content=\"1344\" \/>\n\t<meta property=\"og:image:height\" content=\"768\" \/>\n\t<meta property=\"og:image:type\" content=\"image\/jpeg\" \/>\n<meta name=\"author\" content=\"Aurelien Boulanger\" \/>\n<meta name=\"twitter:card\" content=\"summary_large_image\" \/>\n<meta name=\"twitter:label1\" content=\"\u00c9crit par\" \/>\n\t<meta name=\"twitter:data1\" content=\"Aurelien Boulanger\" \/>\n\t<meta name=\"twitter:label2\" content=\"Dur\u00e9e de lecture estim\u00e9e\" \/>\n\t<meta name=\"twitter:data2\" content=\"3 minutes\" \/>\n<script type=\"application\/ld+json\" class=\"yoast-schema-graph\">{\"@context\":\"https:\\\/\\\/schema.org\",\"@graph\":[{\"@type\":\"NewsArticle\",\"@id\":\"https:\\\/\\\/rachat2credit.fr\\\/guide\\\/immobilier-a-lyon-une-hausse-moderee-des-prix-dachat-en-aout-2025-on-pensait-que-ca-allait-exploser-mais-le-marche-se-regule\\\/#article\",\"isPartOf\":{\"@id\":\"https:\\\/\\\/rachat2credit.fr\\\/guide\\\/immobilier-a-lyon-une-hausse-moderee-des-prix-dachat-en-aout-2025-on-pensait-que-ca-allait-exploser-mais-le-marche-se-regule\\\/\"},\"author\":{\"name\":\"Aurelien Boulanger\",\"@id\":\"https:\\\/\\\/rachat2credit.fr\\\/guide\\\/#\\\/schema\\\/person\\\/d4142086d07bc6acdc4722eabd955cc2\"},\"headline\":\"Immobilier \u00e0 Lyon : une hausse mod\u00e9r\u00e9e des prix d&rsquo;achat en ao\u00fbt 2025 \u00ab\u00a0on pensait que \u00e7a allait exploser, mais le march\u00e9 se r\u00e9gule\u00a0\u00bb\",\"datePublished\":\"2025-08-27T07:46:28+00:00\",\"mainEntityOfPage\":{\"@id\":\"https:\\\/\\\/rachat2credit.fr\\\/guide\\\/immobilier-a-lyon-une-hausse-moderee-des-prix-dachat-en-aout-2025-on-pensait-que-ca-allait-exploser-mais-le-marche-se-regule\\\/\"},\"wordCount\":662,\"commentCount\":26,\"publisher\":{\"@id\":\"https:\\\/\\\/rachat2credit.fr\\\/guide\\\/#organization\"},\"image\":{\"@id\":\"https:\\\/\\\/rachat2credit.fr\\\/guide\\\/immobilier-a-lyon-une-hausse-moderee-des-prix-dachat-en-aout-2025-on-pensait-que-ca-allait-exploser-mais-le-marche-se-regule\\\/#primaryimage\"},\"thumbnailUrl\":\"https:\\\/\\\/rachat2credit.fr\\\/guide\\\/wp-content\\\/uploads\\\/2025\\\/08\\\/flux-pro-1.1-1093-1756280799.jpg\",\"articleSection\":[\"A la une\"],\"inLanguage\":\"fr-FR\",\"potentialAction\":[{\"@type\":\"CommentAction\",\"name\":\"Comment\",\"target\":[\"https:\\\/\\\/rachat2credit.fr\\\/guide\\\/immobilier-a-lyon-une-hausse-moderee-des-prix-dachat-en-aout-2025-on-pensait-que-ca-allait-exploser-mais-le-marche-se-regule\\\/#respond\"]}]},{\"@type\":\"WebPage\",\"@id\":\"https:\\\/\\\/rachat2credit.fr\\\/guide\\\/immobilier-a-lyon-une-hausse-moderee-des-prix-dachat-en-aout-2025-on-pensait-que-ca-allait-exploser-mais-le-marche-se-regule\\\/\",\"url\":\"https:\\\/\\\/rachat2credit.fr\\\/guide\\\/immobilier-a-lyon-une-hausse-moderee-des-prix-dachat-en-aout-2025-on-pensait-que-ca-allait-exploser-mais-le-marche-se-regule\\\/\",\"name\":\"Immobilier \u00e0 Lyon : une hausse mod\u00e9r\u00e9e des prix d'achat en ao\u00fbt 2025 \\\"on pensait que \u00e7a allait exploser, mais le march\u00e9 se r\u00e9gule\\\" - Rachat de Cr\u00e9dit\",\"isPartOf\":{\"@id\":\"https:\\\/\\\/rachat2credit.fr\\\/guide\\\/#website\"},\"primaryImageOfPage\":{\"@id\":\"https:\\\/\\\/rachat2credit.fr\\\/guide\\\/immobilier-a-lyon-une-hausse-moderee-des-prix-dachat-en-aout-2025-on-pensait-que-ca-allait-exploser-mais-le-marche-se-regule\\\/#primaryimage\"},\"image\":{\"@id\":\"https:\\\/\\\/rachat2credit.fr\\\/guide\\\/immobilier-a-lyon-une-hausse-moderee-des-prix-dachat-en-aout-2025-on-pensait-que-ca-allait-exploser-mais-le-marche-se-regule\\\/#primaryimage\"},\"thumbnailUrl\":\"https:\\\/\\\/rachat2credit.fr\\\/guide\\\/wp-content\\\/uploads\\\/2025\\\/08\\\/flux-pro-1.1-1093-1756280799.jpg\",\"datePublished\":\"2025-08-27T07:46:28+00:00\",\"breadcrumb\":{\"@id\":\"https:\\\/\\\/rachat2credit.fr\\\/guide\\\/immobilier-a-lyon-une-hausse-moderee-des-prix-dachat-en-aout-2025-on-pensait-que-ca-allait-exploser-mais-le-marche-se-regule\\\/#breadcrumb\"},\"inLanguage\":\"fr-FR\",\"potentialAction\":[{\"@type\":\"ReadAction\",\"target\":[\"https:\\\/\\\/rachat2credit.fr\\\/guide\\\/immobilier-a-lyon-une-hausse-moderee-des-prix-dachat-en-aout-2025-on-pensait-que-ca-allait-exploser-mais-le-marche-se-regule\\\/\"]}]},{\"@type\":\"ImageObject\",\"inLanguage\":\"fr-FR\",\"@id\":\"https:\\\/\\\/rachat2credit.fr\\\/guide\\\/immobilier-a-lyon-une-hausse-moderee-des-prix-dachat-en-aout-2025-on-pensait-que-ca-allait-exploser-mais-le-marche-se-regule\\\/#primaryimage\",\"url\":\"https:\\\/\\\/rachat2credit.fr\\\/guide\\\/wp-content\\\/uploads\\\/2025\\\/08\\\/flux-pro-1.1-1093-1756280799.jpg\",\"contentUrl\":\"https:\\\/\\\/rachat2credit.fr\\\/guide\\\/wp-content\\\/uploads\\\/2025\\\/08\\\/flux-pro-1.1-1093-1756280799.jpg\",\"width\":1344,\"height\":768},{\"@type\":\"BreadcrumbList\",\"@id\":\"https:\\\/\\\/rachat2credit.fr\\\/guide\\\/immobilier-a-lyon-une-hausse-moderee-des-prix-dachat-en-aout-2025-on-pensait-que-ca-allait-exploser-mais-le-marche-se-regule\\\/#breadcrumb\",\"itemListElement\":[{\"@type\":\"ListItem\",\"position\":1,\"name\":\"Accueil\",\"item\":\"https:\\\/\\\/rachat2credit.fr\\\/guide\\\/\"},{\"@type\":\"ListItem\",\"position\":2,\"name\":\"Immobilier \u00e0 Lyon : une hausse mod\u00e9r\u00e9e des prix d&rsquo;achat en ao\u00fbt 2025 \u00ab\u00a0on pensait que \u00e7a allait exploser, mais le march\u00e9 se r\u00e9gule\u00a0\u00bb\"}]},{\"@type\":\"WebSite\",\"@id\":\"https:\\\/\\\/rachat2credit.fr\\\/guide\\\/#website\",\"url\":\"https:\\\/\\\/rachat2credit.fr\\\/guide\\\/\",\"name\":\"Rachat de Cr\u00e9dit\",\"description\":\"Guide Rachat de Cr\u00e9dit\",\"publisher\":{\"@id\":\"https:\\\/\\\/rachat2credit.fr\\\/guide\\\/#organization\"},\"potentialAction\":[{\"@type\":\"SearchAction\",\"target\":{\"@type\":\"EntryPoint\",\"urlTemplate\":\"https:\\\/\\\/rachat2credit.fr\\\/guide\\\/?s={search_term_string}\"},\"query-input\":{\"@type\":\"PropertyValueSpecification\",\"valueRequired\":true,\"valueName\":\"search_term_string\"}}],\"inLanguage\":\"fr-FR\"},{\"@type\":\"Organization\",\"@id\":\"https:\\\/\\\/rachat2credit.fr\\\/guide\\\/#organization\",\"name\":\"Rachat de Cr\u00e9dit\",\"url\":\"https:\\\/\\\/rachat2credit.fr\\\/guide\\\/\",\"logo\":{\"@type\":\"ImageObject\",\"inLanguage\":\"fr-FR\",\"@id\":\"https:\\\/\\\/rachat2credit.fr\\\/guide\\\/#\\\/schema\\\/logo\\\/image\\\/\",\"url\":\"https:\\\/\\\/rachat2credit.fr\\\/guide\\\/wp-content\\\/uploads\\\/2025\\\/05\\\/rachat2credit.png\",\"contentUrl\":\"https:\\\/\\\/rachat2credit.fr\\\/guide\\\/wp-content\\\/uploads\\\/2025\\\/05\\\/rachat2credit.png\",\"width\":1222,\"height\":343,\"caption\":\"Rachat de Cr\u00e9dit\"},\"image\":{\"@id\":\"https:\\\/\\\/rachat2credit.fr\\\/guide\\\/#\\\/schema\\\/logo\\\/image\\\/\"}},{\"@type\":\"Person\",\"@id\":\"https:\\\/\\\/rachat2credit.fr\\\/guide\\\/#\\\/schema\\\/person\\\/d4142086d07bc6acdc4722eabd955cc2\",\"name\":\"Aurelien Boulanger\",\"image\":{\"@type\":\"ImageObject\",\"inLanguage\":\"fr-FR\",\"@id\":\"https:\\\/\\\/secure.gravatar.com\\\/avatar\\\/32175434c9ca2b27bfeb905d1c3ec782a789caf494bc0ec8fa6ed0ee39c2e62a?s=96&d=mm&r=g\",\"url\":\"https:\\\/\\\/secure.gravatar.com\\\/avatar\\\/32175434c9ca2b27bfeb905d1c3ec782a789caf494bc0ec8fa6ed0ee39c2e62a?s=96&d=mm&r=g\",\"contentUrl\":\"https:\\\/\\\/secure.gravatar.com\\\/avatar\\\/32175434c9ca2b27bfeb905d1c3ec782a789caf494bc0ec8fa6ed0ee39c2e62a?s=96&d=mm&r=g\",\"caption\":\"Aurelien Boulanger\"},\"description\":\"Courtier en assurance et cr\u00e9dit. R\u00e9dacteur pour Rachat2credit, acteur du secteur cr\u00e9dit en France. Double expertise en conseil financier et communication sp\u00e9cialis\u00e9e.\",\"sameAs\":[\"https:\\\/\\\/rachat2credit.fr\\\/guide\"],\"url\":\"https:\\\/\\\/rachat2credit.fr\\\/guide\\\/author\\\/aurelien\\\/\"}]}<\/script>\n<!-- \/ Yoast SEO plugin. -->","yoast_head_json":{"title":"Immobilier \u00e0 Lyon : une hausse mod\u00e9r\u00e9e des prix d'achat en ao\u00fbt 2025 \"on pensait que \u00e7a allait exploser, mais le march\u00e9 se r\u00e9gule\" - Rachat de Cr\u00e9dit","robots":{"index":"index","follow":"follow","max-snippet":"max-snippet:-1","max-image-preview":"max-image-preview:large","max-video-preview":"max-video-preview:-1"},"canonical":"https:\/\/rachat2credit.fr\/guide\/immobilier-a-lyon-une-hausse-moderee-des-prix-dachat-en-aout-2025-on-pensait-que-ca-allait-exploser-mais-le-marche-se-regule\/","og_locale":"fr_FR","og_type":"article","og_title":"Immobilier \u00e0 Lyon : une hausse mod\u00e9r\u00e9e des prix d'achat en ao\u00fbt 2025 \"on pensait que \u00e7a allait exploser, mais le march\u00e9 se r\u00e9gule\" - Rachat de Cr\u00e9dit","og_description":"L&rsquo;immobilier lyonnais pourrait conna\u00eetre une hausse mod\u00e9r\u00e9e des prix d&rsquo;achat en ao\u00fbt 2025, selon plusieurs observateurs du march\u00e9. Cette tendance, si elle se confirme, marquerait un infl\u00e9chissement par rapport aux fortes appr\u00e9ciations enregistr\u00e9es ces derni\u00e8res ann\u00e9es. Dans le quartier de la Croix-Rousse, un jeune couple t\u00e9moigne de cette \u00e9volution. \u00ab\u00a0Nous avons achet\u00e9 notre appartement de ... Lire plus","og_url":"https:\/\/rachat2credit.fr\/guide\/immobilier-a-lyon-une-hausse-moderee-des-prix-dachat-en-aout-2025-on-pensait-que-ca-allait-exploser-mais-le-marche-se-regule\/","og_site_name":"Rachat de Cr\u00e9dit","article_published_time":"2025-08-27T07:46:28+00:00","og_image":[{"width":1344,"height":768,"url":"https:\/\/rachat2credit.fr\/guide\/wp-content\/uploads\/2025\/08\/flux-pro-1.1-1093-1756280799.jpg","type":"image\/jpeg"}],"author":"Aurelien Boulanger","twitter_card":"summary_large_image","twitter_misc":{"\u00c9crit par":"Aurelien Boulanger","Dur\u00e9e de lecture estim\u00e9e":"3 minutes"},"schema":{"@context":"https:\/\/schema.org","@graph":[{"@type":"NewsArticle","@id":"https:\/\/rachat2credit.fr\/guide\/immobilier-a-lyon-une-hausse-moderee-des-prix-dachat-en-aout-2025-on-pensait-que-ca-allait-exploser-mais-le-marche-se-regule\/#article","isPartOf":{"@id":"https:\/\/rachat2credit.fr\/guide\/immobilier-a-lyon-une-hausse-moderee-des-prix-dachat-en-aout-2025-on-pensait-que-ca-allait-exploser-mais-le-marche-se-regule\/"},"author":{"name":"Aurelien Boulanger","@id":"https:\/\/rachat2credit.fr\/guide\/#\/schema\/person\/d4142086d07bc6acdc4722eabd955cc2"},"headline":"Immobilier \u00e0 Lyon : une hausse mod\u00e9r\u00e9e des prix d&rsquo;achat en ao\u00fbt 2025 \u00ab\u00a0on pensait que \u00e7a allait exploser, mais le march\u00e9 se r\u00e9gule\u00a0\u00bb","datePublished":"2025-08-27T07:46:28+00:00","mainEntityOfPage":{"@id":"https:\/\/rachat2credit.fr\/guide\/immobilier-a-lyon-une-hausse-moderee-des-prix-dachat-en-aout-2025-on-pensait-que-ca-allait-exploser-mais-le-marche-se-regule\/"},"wordCount":662,"commentCount":26,"publisher":{"@id":"https:\/\/rachat2credit.fr\/guide\/#organization"},"image":{"@id":"https:\/\/rachat2credit.fr\/guide\/immobilier-a-lyon-une-hausse-moderee-des-prix-dachat-en-aout-2025-on-pensait-que-ca-allait-exploser-mais-le-marche-se-regule\/#primaryimage"},"thumbnailUrl":"https:\/\/rachat2credit.fr\/guide\/wp-content\/uploads\/2025\/08\/flux-pro-1.1-1093-1756280799.jpg","articleSection":["A la une"],"inLanguage":"fr-FR","potentialAction":[{"@type":"CommentAction","name":"Comment","target":["https:\/\/rachat2credit.fr\/guide\/immobilier-a-lyon-une-hausse-moderee-des-prix-dachat-en-aout-2025-on-pensait-que-ca-allait-exploser-mais-le-marche-se-regule\/#respond"]}]},{"@type":"WebPage","@id":"https:\/\/rachat2credit.fr\/guide\/immobilier-a-lyon-une-hausse-moderee-des-prix-dachat-en-aout-2025-on-pensait-que-ca-allait-exploser-mais-le-marche-se-regule\/","url":"https:\/\/rachat2credit.fr\/guide\/immobilier-a-lyon-une-hausse-moderee-des-prix-dachat-en-aout-2025-on-pensait-que-ca-allait-exploser-mais-le-marche-se-regule\/","name":"Immobilier \u00e0 Lyon : une hausse mod\u00e9r\u00e9e des prix d'achat en ao\u00fbt 2025 \"on pensait que \u00e7a allait exploser, mais le march\u00e9 se r\u00e9gule\" - Rachat de Cr\u00e9dit","isPartOf":{"@id":"https:\/\/rachat2credit.fr\/guide\/#website"},"primaryImageOfPage":{"@id":"https:\/\/rachat2credit.fr\/guide\/immobilier-a-lyon-une-hausse-moderee-des-prix-dachat-en-aout-2025-on-pensait-que-ca-allait-exploser-mais-le-marche-se-regule\/#primaryimage"},"image":{"@id":"https:\/\/rachat2credit.fr\/guide\/immobilier-a-lyon-une-hausse-moderee-des-prix-dachat-en-aout-2025-on-pensait-que-ca-allait-exploser-mais-le-marche-se-regule\/#primaryimage"},"thumbnailUrl":"https:\/\/rachat2credit.fr\/guide\/wp-content\/uploads\/2025\/08\/flux-pro-1.1-1093-1756280799.jpg","datePublished":"2025-08-27T07:46:28+00:00","breadcrumb":{"@id":"https:\/\/rachat2credit.fr\/guide\/immobilier-a-lyon-une-hausse-moderee-des-prix-dachat-en-aout-2025-on-pensait-que-ca-allait-exploser-mais-le-marche-se-regule\/#breadcrumb"},"inLanguage":"fr-FR","potentialAction":[{"@type":"ReadAction","target":["https:\/\/rachat2credit.fr\/guide\/immobilier-a-lyon-une-hausse-moderee-des-prix-dachat-en-aout-2025-on-pensait-que-ca-allait-exploser-mais-le-marche-se-regule\/"]}]},{"@type":"ImageObject","inLanguage":"fr-FR","@id":"https:\/\/rachat2credit.fr\/guide\/immobilier-a-lyon-une-hausse-moderee-des-prix-dachat-en-aout-2025-on-pensait-que-ca-allait-exploser-mais-le-marche-se-regule\/#primaryimage","url":"https:\/\/rachat2credit.fr\/guide\/wp-content\/uploads\/2025\/08\/flux-pro-1.1-1093-1756280799.jpg","contentUrl":"https:\/\/rachat2credit.fr\/guide\/wp-content\/uploads\/2025\/08\/flux-pro-1.1-1093-1756280799.jpg","width":1344,"height":768},{"@type":"BreadcrumbList","@id":"https:\/\/rachat2credit.fr\/guide\/immobilier-a-lyon-une-hausse-moderee-des-prix-dachat-en-aout-2025-on-pensait-que-ca-allait-exploser-mais-le-marche-se-regule\/#breadcrumb","itemListElement":[{"@type":"ListItem","position":1,"name":"Accueil","item":"https:\/\/rachat2credit.fr\/guide\/"},{"@type":"ListItem","position":2,"name":"Immobilier \u00e0 Lyon : une hausse mod\u00e9r\u00e9e des prix d&rsquo;achat en ao\u00fbt 2025 \u00ab\u00a0on pensait que \u00e7a allait exploser, mais le march\u00e9 se r\u00e9gule\u00a0\u00bb"}]},{"@type":"WebSite","@id":"https:\/\/rachat2credit.fr\/guide\/#website","url":"https:\/\/rachat2credit.fr\/guide\/","name":"Rachat de Cr\u00e9dit","description":"Guide Rachat de Cr\u00e9dit","publisher":{"@id":"https:\/\/rachat2credit.fr\/guide\/#organization"},"potentialAction":[{"@type":"SearchAction","target":{"@type":"EntryPoint","urlTemplate":"https:\/\/rachat2credit.fr\/guide\/?s={search_term_string}"},"query-input":{"@type":"PropertyValueSpecification","valueRequired":true,"valueName":"search_term_string"}}],"inLanguage":"fr-FR"},{"@type":"Organization","@id":"https:\/\/rachat2credit.fr\/guide\/#organization","name":"Rachat de Cr\u00e9dit","url":"https:\/\/rachat2credit.fr\/guide\/","logo":{"@type":"ImageObject","inLanguage":"fr-FR","@id":"https:\/\/rachat2credit.fr\/guide\/#\/schema\/logo\/image\/","url":"https:\/\/rachat2credit.fr\/guide\/wp-content\/uploads\/2025\/05\/rachat2credit.png","contentUrl":"https:\/\/rachat2credit.fr\/guide\/wp-content\/uploads\/2025\/05\/rachat2credit.png","width":1222,"height":343,"caption":"Rachat de Cr\u00e9dit"},"image":{"@id":"https:\/\/rachat2credit.fr\/guide\/#\/schema\/logo\/image\/"}},{"@type":"Person","@id":"https:\/\/rachat2credit.fr\/guide\/#\/schema\/person\/d4142086d07bc6acdc4722eabd955cc2","name":"Aurelien Boulanger","image":{"@type":"ImageObject","inLanguage":"fr-FR","@id":"https:\/\/secure.gravatar.com\/avatar\/32175434c9ca2b27bfeb905d1c3ec782a789caf494bc0ec8fa6ed0ee39c2e62a?s=96&d=mm&r=g","url":"https:\/\/secure.gravatar.com\/avatar\/32175434c9ca2b27bfeb905d1c3ec782a789caf494bc0ec8fa6ed0ee39c2e62a?s=96&d=mm&r=g","contentUrl":"https:\/\/secure.gravatar.com\/avatar\/32175434c9ca2b27bfeb905d1c3ec782a789caf494bc0ec8fa6ed0ee39c2e62a?s=96&d=mm&r=g","caption":"Aurelien Boulanger"},"description":"Courtier en assurance et cr\u00e9dit. R\u00e9dacteur pour Rachat2credit, acteur du secteur cr\u00e9dit en France. Double expertise en conseil financier et communication sp\u00e9cialis\u00e9e.","sameAs":["https:\/\/rachat2credit.fr\/guide"],"url":"https:\/\/rachat2credit.fr\/guide\/author\/aurelien\/"}]}},"_links":{"self":[{"href":"https:\/\/rachat2credit.fr\/guide\/wp-json\/wp\/v2\/posts\/1093","targetHints":{"allow":["GET"]}}],"collection":[{"href":"https:\/\/rachat2credit.fr\/guide\/wp-json\/wp\/v2\/posts"}],"about":[{"href":"https:\/\/rachat2credit.fr\/guide\/wp-json\/wp\/v2\/types\/post"}],"author":[{"embeddable":true,"href":"https:\/\/rachat2credit.fr\/guide\/wp-json\/wp\/v2\/users\/1"}],"replies":[{"embeddable":true,"href":"https:\/\/rachat2credit.fr\/guide\/wp-json\/wp\/v2\/comments?post=1093"}],"version-history":[{"count":0,"href":"https:\/\/rachat2credit.fr\/guide\/wp-json\/wp\/v2\/posts\/1093\/revisions"}],"wp:featuredmedia":[{"embeddable":true,"href":"https:\/\/rachat2credit.fr\/guide\/wp-json\/wp\/v2\/media\/1094"}],"wp:attachment":[{"href":"https:\/\/rachat2credit.fr\/guide\/wp-json\/wp\/v2\/media?parent=1093"}],"wp:term":[{"taxonomy":"category","embeddable":true,"href":"https:\/\/rachat2credit.fr\/guide\/wp-json\/wp\/v2\/categories?post=1093"},{"taxonomy":"post_tag","embeddable":true,"href":"https:\/\/rachat2credit.fr\/guide\/wp-json\/wp\/v2\/tags?post=1093"}],"curies":[{"name":"wp","href":"https:\/\/api.w.org\/{rel}","templated":true}]}}