{"id":1099,"date":"2025-08-27T14:16:30","date_gmt":"2025-08-27T12:16:30","guid":{"rendered":"https:\/\/rachat2credit.fr\/guide\/60-ans-62-ans-67-ans-lage-de-votre-retraite-enfin-devoile-selon-votre-regime-et-votre-date-de-naissance-on-ma-annonce-que-je-devrais-travailler-deux-ans-de-plus-q\/"},"modified":"2025-08-27T14:16:30","modified_gmt":"2025-08-27T12:16:30","slug":"60-ans-62-ans-67-ans-lage-de-votre-retraite-enfin-devoile-selon-votre-regime-et-votre-date-de-naissance-on-ma-annonce-que-je-devrais-travailler-deux-ans-de-plus-q","status":"publish","type":"post","link":"https:\/\/rachat2credit.fr\/guide\/60-ans-62-ans-67-ans-lage-de-votre-retraite-enfin-devoile-selon-votre-regime-et-votre-date-de-naissance-on-ma-annonce-que-je-devrais-travailler-deux-ans-de-plus-q\/","title":{"rendered":"60 ans, 62 ans, 67 ans\u2026 L\u2019\u00e2ge de votre retraite enfin d\u00e9voil\u00e9 selon votre r\u00e9gime et votre date de naissance \u201con m\u2019a annonc\u00e9 que je devrais travailler deux ans de plus que pr\u00e9vu\u201d"},"content":{"rendered":"<p>60 ans, 62 ans, 67 ans\u2026 \u00c0 quel \u00e2ge pourriez-vous vraiment prendre votre retraite ? Cette question, des millions de Fran\u00e7ais se la posent alors que les r\u00e9formes se succ\u00e8dent et que les r\u00e8gles varient selon les r\u00e9gimes et les g\u00e9n\u00e9rations. \u00ab\u00a0Je pensais pouvoir partir \u00e0 62 ans, mais en r\u00e9alit\u00e9, avec ma date de naissance, je devrais travailler jusqu&rsquo;\u00e0 64 ans et demi\u00a0\u00bb, confie Philippe, 58 ans, agent de la fonction publique territoriale. Son t\u00e9moignage illustre la complexit\u00e9 d&rsquo;un syst\u00e8me o\u00f9 l&rsquo;\u00e2ge l\u00e9gal ne correspond pas toujours \u00e0 l&rsquo;\u00e2ge effectif de d\u00e9part.<\/p>\n<p>Les derni\u00e8res r\u00e9formes des retraites auraient cr\u00e9\u00e9 une v\u00e9ritable mosa\u00efque de situations individuelles. Selon votre ann\u00e9e de naissance, votre m\u00e9tier, et m\u00eame votre parcours professionnel, l&rsquo;\u00e2ge auquel vous pourrez cesser de travailler pourrait consid\u00e9rablement varier. Le gouvernement aurait mis en place un <a href=\"https:\/\/www.service-public.fr\/particuliers\/vosdroits\/F42\" target=\"_blank\">syst\u00e8me de calcul complexe<\/a> int\u00e9grant la dur\u00e9e de cotisation requise et l&rsquo;\u00e2ge d&rsquo;annulation de la d\u00e9cote.<\/p>\n<div id=\"ez-toc-container\" class=\"ez-toc-v2_0_82_2 counter-hierarchy ez-toc-counter ez-toc-grey ez-toc-container-direction\">\n<p class=\"ez-toc-title\" style=\"cursor:inherit\">Sommaire<\/p>\n<label for=\"ez-toc-cssicon-toggle-item-69f0f49287293\" class=\"ez-toc-cssicon-toggle-label\"><span class=\"ez-toc-cssicon\"><span class=\"eztoc-hide\" style=\"display:none;\">Toggle<\/span><span class=\"ez-toc-icon-toggle-span\"><svg style=\"fill: #999;color:#999\" xmlns=\"http:\/\/www.w3.org\/2000\/svg\" class=\"list-377408\" width=\"20px\" height=\"20px\" viewBox=\"0 0 24 24\" fill=\"none\"><path d=\"M6 6H4v2h2V6zm14 0H8v2h12V6zM4 11h2v2H4v-2zm16 0H8v2h12v-2zM4 16h2v2H4v-2zm16 0H8v2h12v-2z\" fill=\"currentColor\"><\/path><\/svg><svg style=\"fill: #999;color:#999\" class=\"arrow-unsorted-368013\" xmlns=\"http:\/\/www.w3.org\/2000\/svg\" width=\"10px\" height=\"10px\" viewBox=\"0 0 24 24\" version=\"1.2\" baseProfile=\"tiny\"><path d=\"M18.2 9.3l-6.2-6.3-6.2 6.3c-.2.2-.3.4-.3.7s.1.5.3.7c.2.2.4.3.7.3h11c.3 0 .5-.1.7-.3.2-.2.3-.5.3-.7s-.1-.5-.3-.7zM5.8 14.7l6.2 6.3 6.2-6.3c.2-.2.3-.5.3-.7s-.1-.5-.3-.7c-.2-.2-.4-.3-.7-.3h-11c-.3 0-.5.1-.7.3-.2.2-.3.5-.3.7s.1.5.3.7z\"\/><\/svg><\/span><\/span><\/label><input type=\"checkbox\"  id=\"ez-toc-cssicon-toggle-item-69f0f49287293\" checked aria-label=\"Toggle\" \/><nav><ul class='ez-toc-list ez-toc-list-level-1 ' ><li class='ez-toc-page-1 ez-toc-heading-level-3'><a class=\"ez-toc-link ez-toc-heading-1\" href=\"https:\/\/rachat2credit.fr\/guide\/60-ans-62-ans-67-ans-lage-de-votre-retraite-enfin-devoile-selon-votre-regime-et-votre-date-de-naissance-on-ma-annonce-que-je-devrais-travailler-deux-ans-de-plus-q\/#Le_cas_des_regimes_speciaux\" >Le cas des r\u00e9gimes sp\u00e9ciaux<\/a><\/li><li class='ez-toc-page-1 ez-toc-heading-level-3'><a class=\"ez-toc-link ez-toc-heading-2\" href=\"https:\/\/rachat2credit.fr\/guide\/60-ans-62-ans-67-ans-lage-de-votre-retraite-enfin-devoile-selon-votre-regime-et-votre-date-de-naissance-on-ma-annonce-que-je-devrais-travailler-deux-ans-de-plus-q\/#Le_casse-tete_des_carrieres_longues\" >Le casse-t\u00eate des carri\u00e8res longues<\/a><\/li><li class='ez-toc-page-1 ez-toc-heading-level-3'><a class=\"ez-toc-link ez-toc-heading-3\" href=\"https:\/\/rachat2credit.fr\/guide\/60-ans-62-ans-67-ans-lage-de-votre-retraite-enfin-devoile-selon-votre-regime-et-votre-date-de-naissance-on-ma-annonce-que-je-devrais-travailler-deux-ans-de-plus-q\/#Limpact_de_la_reforme_2023\" >L&rsquo;impact de la r\u00e9forme 2023<\/a><\/li><li class='ez-toc-page-1 ez-toc-heading-level-3'><a class=\"ez-toc-link ez-toc-heading-4\" href=\"https:\/\/rachat2credit.fr\/guide\/60-ans-62-ans-67-ans-lage-de-votre-retraite-enfin-devoile-selon-votre-regime-et-votre-date-de-naissance-on-ma-annonce-que-je-devrais-travailler-deux-ans-de-plus-q\/#Les_strategies_pour_optimiser_son_depart\" >Les strat\u00e9gies pour optimiser son d\u00e9part<\/a><\/li><li class='ez-toc-page-1 ez-toc-heading-level-3'><a class=\"ez-toc-link ez-toc-heading-5\" href=\"https:\/\/rachat2credit.fr\/guide\/60-ans-62-ans-67-ans-lage-de-votre-retraite-enfin-devoile-selon-votre-regime-et-votre-date-de-naissance-on-ma-annonce-que-je-devrais-travailler-deux-ans-de-plus-q\/#Les_inegalites_persistantes\" >Les in\u00e9galit\u00e9s persistantes<\/a><\/li><\/ul><\/nav><\/div>\n<h3><span class=\"ez-toc-section\" id=\"Le_cas_des_regimes_speciaux\"><\/span>Le cas des r\u00e9gimes sp\u00e9ciaux<span class=\"ez-toc-section-end\"><\/span><\/h3>\n<p>Certains r\u00e9gimes sp\u00e9ciaux continueraient d&rsquo;offrir des conditions de d\u00e9part avantageuses. Les fonctionnaires, les salari\u00e9s de la RATP, d&rsquo;EDF ou encore les militaires b\u00e9n\u00e9ficieraient de r\u00e8gles diff\u00e9rentes. \u00ab\u00a0Dans mon m\u00e9tier, usant physiquement, nous pouvons encore partir avant 60 ans sous certaines conditions\u00a0\u00bb, explique Marie, 55 ans, infirmi\u00e8re \u00e0 l&rsquo;h\u00f4pital public.<\/p>\n<p>Les travailleurs ind\u00e9pendants, artisans et commer\u00e7ants seraient quant \u00e0 eux soumis \u00e0 des r\u00e8gles sp\u00e9cifiques souvent m\u00e9connues. Leur \u00e2ge de d\u00e9part \u00e0 taux plein d\u00e9pendrait principalement du nombre de trimestres cotis\u00e9s, un syst\u00e8me qui p\u00e9naliserait ceux ayant commenc\u00e9 \u00e0 travailler jeunes.<\/p>\n<h3><span class=\"ez-toc-section\" id=\"Le_casse-tete_des_carrieres_longues\"><\/span>Le casse-t\u00eate des carri\u00e8res longues<span class=\"ez-toc-section-end\"><\/span><\/h3>\n<p>Le dispositif des carri\u00e8res longues permettrait th\u00e9oriquement de partir avant l&rsquo;\u00e2ge l\u00e9gal. Mais les conditions d&rsquo;acc\u00e8s seraient si strictes que peu de travailleurs y parviendraient. \u00ab\u00a0J&rsquo;ai commenc\u00e9 \u00e0 travailler \u00e0 16 ans, j&rsquo;ai cumul\u00e9 les petits boulots, mais il me manque un trimestre pour b\u00e9n\u00e9ficier du d\u00e9part anticip\u00e9\u00a0\u00bb, d\u00e9plore Jean-Claude, 61 ans, ouvrier dans le BTP.<\/p>\n<p>Les personnes ayant commenc\u00e9 \u00e0 travailler avant 20 ans et ayant cotis\u00e9 suffisamment de trimestres pourraient pr\u00e9tendre \u00e0 un d\u00e9part d\u00e8s 60 ans, voire 58 ans dans certains cas. Mais la validation de ces trimestres s&rsquo;av\u00e9rerait souvent un parcours du combattant administratif.<\/p>\n<h3><span class=\"ez-toc-section\" id=\"Limpact_de_la_reforme_2023\"><\/span>L&rsquo;impact de la r\u00e9forme 2023<span class=\"ez-toc-section-end\"><\/span><\/h3>\n<p>La derni\u00e8re r\u00e9forme aurait acc\u00e9l\u00e9r\u00e9 l&rsquo;allongement de la dur\u00e9e de cotisation n\u00e9cessaire. L&rsquo;\u00e2ge pivot, bien que contest\u00e9, aurait \u00e9t\u00e9 introduit progressivement, repoussant m\u00e9caniquement l&rsquo;\u00e2ge de d\u00e9part pour les g\u00e9n\u00e9rations n\u00e9es apr\u00e8s 1973. Selon les projections, les personnes n\u00e9es dans les ann\u00e9es 80 devraient probablement travailler jusqu&rsquo;\u00e0 65 ans ou plus pour obtenir une retraite \u00e0 taux plein.<\/p>\n<p>Les simulations officielles disponibles sur le <a href=\"https:\/\/www.info-retraite.fr\" target=\"_blank\">site Info Retraite<\/a> permettraient \u00e0 chacun d&rsquo;estimer son \u00e2ge de d\u00e9part th\u00e9orique. Mais ces outils ne tiendraient pas compte des al\u00e9as de carri\u00e8re ni des possibles r\u00e9formes futures.<\/p>\n<h3><span class=\"ez-toc-section\" id=\"Les_strategies_pour_optimiser_son_depart\"><\/span>Les strat\u00e9gies pour optimiser son d\u00e9part<span class=\"ez-toc-section-end\"><\/span><\/h3>\n<p>Face \u00e0 cette complexit\u00e9, des conseillers en gestion de retraite recommanderaient certaines strat\u00e9gies. Le report de d\u00e9part, la validation des trimestres manquants ou le rachat de trimestres constitueraient des leviers pour partir plus t\u00f4t ou am\u00e9liorer son montant de pension.<\/p>\n<p>\u00ab\u00a0J&rsquo;ai rachet\u00e9 deux ann\u00e9es d&rsquo;\u00e9tudes qui me permettront de partir six mois plus t\u00f4t\u00a0\u00bb, t\u00e9moigne Sandrine, 52 ans, cadre dans l&rsquo;industrie. Mais ces m\u00e9canismes resteraient mal connus et sous-utilis\u00e9s, notamment parce que leur co\u00fbt les rendrait inaccessibles aux bas salaires.<\/p>\n<p>La retraite progressive ou la retraite \u00e0 temps partiel offriraient des alternatives int\u00e9ressantes pour ceux qui souhaitent am\u00e9nager leur fin de carri\u00e8re. Ces dispositifs permettraient de cumuler partiellement emploi et pension de retraite, facilitant une transition en douceur.<\/p>\n<h3><span class=\"ez-toc-section\" id=\"Les_inegalites_persistantes\"><\/span>Les in\u00e9galit\u00e9s persistantes<span class=\"ez-toc-section-end\"><\/span><\/h3>\n<p>Malgr\u00e9 les r\u00e9formes successives, des in\u00e9galit\u00e9s profondes persisteraient entre les hommes et les femmes, entre les cadres et les ouvriers, entre le public et le priv\u00e9. Les femmes, notamment, continueraient \u00e0 subir les cons\u00e9quences des carri\u00e8res hach\u00e9es et du temps partiel subi.<\/p>\n<p>\u00ab\u00a0Apr\u00e8s deux enfants et plusieurs ann\u00e9es \u00e0 temps partiel, je devrai travailler jusqu&rsquo;\u00e0 67 ans pour avoir une retraite compl\u00e8te\u00a0\u00bb, calcule Nathalie, 48 ans, employ\u00e9e dans la grande distribution. Son cas ne serait malheureusement pas isol\u00e9.<\/p>\n<p>Le syst\u00e8me de retraite fran\u00e7ais, longtemps pr\u00e9sent\u00e9 comme l&rsquo;un des plus protecteurs d&rsquo;Europe, ferait face \u00e0 des d\u00e9fis d\u00e9mographiques et financiers sans pr\u00e9c\u00e9dent. Les experts s&rsquo;interrogeraient sur sa capacit\u00e9 \u00e0 maintenir le niveau des pensions sans alourdir encore la charge des actifs.<\/p>\n<p>Dans ce contexte, chaque Fran\u00e7ais gagnerait \u00e0 s&rsquo;informer tr\u00e8s en amont sur ses droits et ses options. Comprendre les r\u00e8gles complexes qui r\u00e9gissent son d\u00e9part \u00e0 la retraite pourrait faire la diff\u00e9rence entre une retraite sereine et une fin de carri\u00e8re difficile.<\/p>\n\n\n<div class=\"kk-star-ratings kksr-auto kksr-align-center kksr-valign-bottom\"\n    data-payload='{&quot;align&quot;:&quot;center&quot;,&quot;id&quot;:&quot;1099&quot;,&quot;slug&quot;:&quot;default&quot;,&quot;valign&quot;:&quot;bottom&quot;,&quot;ignore&quot;:&quot;&quot;,&quot;reference&quot;:&quot;auto&quot;,&quot;class&quot;:&quot;&quot;,&quot;count&quot;:&quot;0&quot;,&quot;legendonly&quot;:&quot;&quot;,&quot;readonly&quot;:&quot;&quot;,&quot;score&quot;:&quot;0&quot;,&quot;starsonly&quot;:&quot;&quot;,&quot;best&quot;:&quot;5&quot;,&quot;gap&quot;:&quot;5&quot;,&quot;greet&quot;:&quot;&quot;,&quot;legend&quot;:&quot;0\\\/5 - (0 vote)&quot;,&quot;size&quot;:&quot;24&quot;,&quot;title&quot;:&quot;60 ans, 62 ans, 67 ans\u2026 L\u2019\u00e2ge de votre retraite enfin d\u00e9voil\u00e9 selon votre r\u00e9gime et votre date de naissance \u201con m\u2019a annonc\u00e9 que je devrais travailler deux ans de plus que pr\u00e9vu\u201d&quot;,&quot;width&quot;:&quot;0&quot;,&quot;_legend&quot;:&quot;{score}\\\/{best} - ({count} {votes})&quot;,&quot;font_factor&quot;:&quot;1.25&quot;}'>\n            \n<div class=\"kksr-stars\">\n    \n<div class=\"kksr-stars-inactive\">\n            <div class=\"kksr-star\" data-star=\"1\" style=\"padding-right: 5px\">\n            \n\n<div class=\"kksr-icon\" style=\"width: 24px; height: 24px;\"><\/div>\n        <\/div>\n            <div class=\"kksr-star\" data-star=\"2\" style=\"padding-right: 5px\">\n            \n\n<div class=\"kksr-icon\" style=\"width: 24px; height: 24px;\"><\/div>\n        <\/div>\n            <div class=\"kksr-star\" data-star=\"3\" style=\"padding-right: 5px\">\n            \n\n<div class=\"kksr-icon\" style=\"width: 24px; height: 24px;\"><\/div>\n        <\/div>\n            <div class=\"kksr-star\" data-star=\"4\" style=\"padding-right: 5px\">\n            \n\n<div class=\"kksr-icon\" style=\"width: 24px; height: 24px;\"><\/div>\n        <\/div>\n            <div class=\"kksr-star\" data-star=\"5\" style=\"padding-right: 5px\">\n            \n\n<div class=\"kksr-icon\" style=\"width: 24px; height: 24px;\"><\/div>\n        <\/div>\n    <\/div>\n    \n<div class=\"kksr-stars-active\" style=\"width: 0px;\">\n            <div class=\"kksr-star\" style=\"padding-right: 5px\">\n            \n\n<div class=\"kksr-icon\" style=\"width: 24px; height: 24px;\"><\/div>\n        <\/div>\n            <div class=\"kksr-star\" style=\"padding-right: 5px\">\n            \n\n<div class=\"kksr-icon\" style=\"width: 24px; height: 24px;\"><\/div>\n        <\/div>\n            <div class=\"kksr-star\" style=\"padding-right: 5px\">\n            \n\n<div class=\"kksr-icon\" style=\"width: 24px; height: 24px;\"><\/div>\n        <\/div>\n            <div class=\"kksr-star\" style=\"padding-right: 5px\">\n            \n\n<div class=\"kksr-icon\" style=\"width: 24px; height: 24px;\"><\/div>\n        <\/div>\n            <div class=\"kksr-star\" style=\"padding-right: 5px\">\n            \n\n<div class=\"kksr-icon\" style=\"width: 24px; height: 24px;\"><\/div>\n        <\/div>\n    <\/div>\n<\/div>\n                \n\n<div class=\"kksr-legend\" style=\"font-size: 19.2px;\">\n            <span class=\"kksr-muted\"><\/span>\n    <\/div>\n    <\/div>\n","protected":false},"excerpt":{"rendered":"<p>60 ans, 62 ans, 67 ans\u2026 \u00c0 quel \u00e2ge pourriez-vous vraiment prendre votre retraite ? Cette question, des millions de Fran\u00e7ais se la posent alors que les r\u00e9formes se succ\u00e8dent et que les r\u00e8gles varient selon les r\u00e9gimes et les g\u00e9n\u00e9rations. \u00ab\u00a0Je pensais pouvoir partir \u00e0 62 ans, mais en r\u00e9alit\u00e9, avec ma date de &#8230; <a title=\"60 ans, 62 ans, 67 ans\u2026 L\u2019\u00e2ge de votre retraite enfin d\u00e9voil\u00e9 selon votre r\u00e9gime et votre date de naissance \u201con m\u2019a annonc\u00e9 que je devrais travailler deux ans de plus que pr\u00e9vu\u201d\" class=\"read-more\" href=\"https:\/\/rachat2credit.fr\/guide\/60-ans-62-ans-67-ans-lage-de-votre-retraite-enfin-devoile-selon-votre-regime-et-votre-date-de-naissance-on-ma-annonce-que-je-devrais-travailler-deux-ans-de-plus-q\/\" aria-label=\"En savoir plus sur 60 ans, 62 ans, 67 ans\u2026 L\u2019\u00e2ge de votre retraite enfin d\u00e9voil\u00e9 selon votre r\u00e9gime et votre date de naissance \u201con m\u2019a annonc\u00e9 que je devrais travailler deux ans de plus que pr\u00e9vu\u201d\">Lire plus<\/a><\/p>\n","protected":false},"author":1,"featured_media":1100,"comment_status":"open","ping_status":"open","sticky":false,"template":"","format":"standard","meta":{"footnotes":""},"categories":[8],"tags":[],"class_list":["post-1099","post","type-post","status-publish","format-standard","has-post-thumbnail","hentry","category-a-la-une"],"yoast_head":"<!-- This site is optimized with the Yoast SEO plugin v27.5 - https:\/\/yoast.com\/product\/yoast-seo-wordpress\/ -->\n<title>60 ans, 62 ans, 67 ans\u2026 L\u2019\u00e2ge de votre retraite enfin d\u00e9voil\u00e9 selon votre r\u00e9gime et votre date de naissance \u201con m\u2019a annonc\u00e9 que je devrais travailler deux ans de plus que pr\u00e9vu\u201d - Rachat de Cr\u00e9dit<\/title>\n<meta name=\"robots\" content=\"index, follow, max-snippet:-1, max-image-preview:large, max-video-preview:-1\" \/>\n<link rel=\"canonical\" href=\"https:\/\/rachat2credit.fr\/guide\/60-ans-62-ans-67-ans-lage-de-votre-retraite-enfin-devoile-selon-votre-regime-et-votre-date-de-naissance-on-ma-annonce-que-je-devrais-travailler-deux-ans-de-plus-q\/\" \/>\n<meta property=\"og:locale\" content=\"fr_FR\" \/>\n<meta property=\"og:type\" content=\"article\" \/>\n<meta property=\"og:title\" content=\"60 ans, 62 ans, 67 ans\u2026 L\u2019\u00e2ge de votre retraite enfin d\u00e9voil\u00e9 selon votre r\u00e9gime et votre date de naissance \u201con m\u2019a annonc\u00e9 que je devrais travailler deux ans de plus que pr\u00e9vu\u201d - Rachat de Cr\u00e9dit\" \/>\n<meta property=\"og:description\" content=\"60 ans, 62 ans, 67 ans\u2026 \u00c0 quel \u00e2ge pourriez-vous vraiment prendre votre retraite ? Cette question, des millions de Fran\u00e7ais se la posent alors que les r\u00e9formes se succ\u00e8dent et que les r\u00e8gles varient selon les r\u00e9gimes et les g\u00e9n\u00e9rations. \u00ab\u00a0Je pensais pouvoir partir \u00e0 62 ans, mais en r\u00e9alit\u00e9, avec ma date de ... Lire plus\" \/>\n<meta property=\"og:url\" content=\"https:\/\/rachat2credit.fr\/guide\/60-ans-62-ans-67-ans-lage-de-votre-retraite-enfin-devoile-selon-votre-regime-et-votre-date-de-naissance-on-ma-annonce-que-je-devrais-travailler-deux-ans-de-plus-q\/\" \/>\n<meta property=\"og:site_name\" content=\"Rachat de Cr\u00e9dit\" \/>\n<meta property=\"article:published_time\" content=\"2025-08-27T12:16:30+00:00\" \/>\n<meta property=\"og:image\" content=\"https:\/\/rachat2credit.fr\/guide\/wp-content\/uploads\/2025\/08\/flux-pro-1.1-1099-1756297001.jpg\" \/>\n\t<meta property=\"og:image:width\" content=\"1344\" \/>\n\t<meta property=\"og:image:height\" content=\"768\" \/>\n\t<meta property=\"og:image:type\" content=\"image\/jpeg\" \/>\n<meta name=\"author\" content=\"Aurelien Boulanger\" \/>\n<meta name=\"twitter:card\" content=\"summary_large_image\" \/>\n<meta name=\"twitter:label1\" content=\"\u00c9crit par\" \/>\n\t<meta name=\"twitter:data1\" content=\"Aurelien Boulanger\" \/>\n\t<meta name=\"twitter:label2\" content=\"Dur\u00e9e de lecture estim\u00e9e\" \/>\n\t<meta name=\"twitter:data2\" content=\"4 minutes\" \/>\n<script type=\"application\/ld+json\" class=\"yoast-schema-graph\">{\"@context\":\"https:\\\/\\\/schema.org\",\"@graph\":[{\"@type\":\"NewsArticle\",\"@id\":\"https:\\\/\\\/rachat2credit.fr\\\/guide\\\/60-ans-62-ans-67-ans-lage-de-votre-retraite-enfin-devoile-selon-votre-regime-et-votre-date-de-naissance-on-ma-annonce-que-je-devrais-travailler-deux-ans-de-plus-q\\\/#article\",\"isPartOf\":{\"@id\":\"https:\\\/\\\/rachat2credit.fr\\\/guide\\\/60-ans-62-ans-67-ans-lage-de-votre-retraite-enfin-devoile-selon-votre-regime-et-votre-date-de-naissance-on-ma-annonce-que-je-devrais-travailler-deux-ans-de-plus-q\\\/\"},\"author\":{\"name\":\"Aurelien Boulanger\",\"@id\":\"https:\\\/\\\/rachat2credit.fr\\\/guide\\\/#\\\/schema\\\/person\\\/d4142086d07bc6acdc4722eabd955cc2\"},\"headline\":\"60 ans, 62 ans, 67 ans\u2026 L\u2019\u00e2ge de votre retraite enfin d\u00e9voil\u00e9 selon votre r\u00e9gime et votre date de naissance \u201con m\u2019a annonc\u00e9 que je devrais travailler deux ans de plus que pr\u00e9vu\u201d\",\"datePublished\":\"2025-08-27T12:16:30+00:00\",\"mainEntityOfPage\":{\"@id\":\"https:\\\/\\\/rachat2credit.fr\\\/guide\\\/60-ans-62-ans-67-ans-lage-de-votre-retraite-enfin-devoile-selon-votre-regime-et-votre-date-de-naissance-on-ma-annonce-que-je-devrais-travailler-deux-ans-de-plus-q\\\/\"},\"wordCount\":874,\"commentCount\":29,\"publisher\":{\"@id\":\"https:\\\/\\\/rachat2credit.fr\\\/guide\\\/#organization\"},\"image\":{\"@id\":\"https:\\\/\\\/rachat2credit.fr\\\/guide\\\/60-ans-62-ans-67-ans-lage-de-votre-retraite-enfin-devoile-selon-votre-regime-et-votre-date-de-naissance-on-ma-annonce-que-je-devrais-travailler-deux-ans-de-plus-q\\\/#primaryimage\"},\"thumbnailUrl\":\"https:\\\/\\\/rachat2credit.fr\\\/guide\\\/wp-content\\\/uploads\\\/2025\\\/08\\\/flux-pro-1.1-1099-1756297001.jpg\",\"articleSection\":[\"A la une\"],\"inLanguage\":\"fr-FR\",\"potentialAction\":[{\"@type\":\"CommentAction\",\"name\":\"Comment\",\"target\":[\"https:\\\/\\\/rachat2credit.fr\\\/guide\\\/60-ans-62-ans-67-ans-lage-de-votre-retraite-enfin-devoile-selon-votre-regime-et-votre-date-de-naissance-on-ma-annonce-que-je-devrais-travailler-deux-ans-de-plus-q\\\/#respond\"]}]},{\"@type\":\"WebPage\",\"@id\":\"https:\\\/\\\/rachat2credit.fr\\\/guide\\\/60-ans-62-ans-67-ans-lage-de-votre-retraite-enfin-devoile-selon-votre-regime-et-votre-date-de-naissance-on-ma-annonce-que-je-devrais-travailler-deux-ans-de-plus-q\\\/\",\"url\":\"https:\\\/\\\/rachat2credit.fr\\\/guide\\\/60-ans-62-ans-67-ans-lage-de-votre-retraite-enfin-devoile-selon-votre-regime-et-votre-date-de-naissance-on-ma-annonce-que-je-devrais-travailler-deux-ans-de-plus-q\\\/\",\"name\":\"60 ans, 62 ans, 67 ans\u2026 L\u2019\u00e2ge de votre retraite enfin d\u00e9voil\u00e9 selon votre r\u00e9gime et votre date de naissance \u201con m\u2019a annonc\u00e9 que je devrais travailler deux ans de plus que pr\u00e9vu\u201d - Rachat de Cr\u00e9dit\",\"isPartOf\":{\"@id\":\"https:\\\/\\\/rachat2credit.fr\\\/guide\\\/#website\"},\"primaryImageOfPage\":{\"@id\":\"https:\\\/\\\/rachat2credit.fr\\\/guide\\\/60-ans-62-ans-67-ans-lage-de-votre-retraite-enfin-devoile-selon-votre-regime-et-votre-date-de-naissance-on-ma-annonce-que-je-devrais-travailler-deux-ans-de-plus-q\\\/#primaryimage\"},\"image\":{\"@id\":\"https:\\\/\\\/rachat2credit.fr\\\/guide\\\/60-ans-62-ans-67-ans-lage-de-votre-retraite-enfin-devoile-selon-votre-regime-et-votre-date-de-naissance-on-ma-annonce-que-je-devrais-travailler-deux-ans-de-plus-q\\\/#primaryimage\"},\"thumbnailUrl\":\"https:\\\/\\\/rachat2credit.fr\\\/guide\\\/wp-content\\\/uploads\\\/2025\\\/08\\\/flux-pro-1.1-1099-1756297001.jpg\",\"datePublished\":\"2025-08-27T12:16:30+00:00\",\"breadcrumb\":{\"@id\":\"https:\\\/\\\/rachat2credit.fr\\\/guide\\\/60-ans-62-ans-67-ans-lage-de-votre-retraite-enfin-devoile-selon-votre-regime-et-votre-date-de-naissance-on-ma-annonce-que-je-devrais-travailler-deux-ans-de-plus-q\\\/#breadcrumb\"},\"inLanguage\":\"fr-FR\",\"potentialAction\":[{\"@type\":\"ReadAction\",\"target\":[\"https:\\\/\\\/rachat2credit.fr\\\/guide\\\/60-ans-62-ans-67-ans-lage-de-votre-retraite-enfin-devoile-selon-votre-regime-et-votre-date-de-naissance-on-ma-annonce-que-je-devrais-travailler-deux-ans-de-plus-q\\\/\"]}]},{\"@type\":\"ImageObject\",\"inLanguage\":\"fr-FR\",\"@id\":\"https:\\\/\\\/rachat2credit.fr\\\/guide\\\/60-ans-62-ans-67-ans-lage-de-votre-retraite-enfin-devoile-selon-votre-regime-et-votre-date-de-naissance-on-ma-annonce-que-je-devrais-travailler-deux-ans-de-plus-q\\\/#primaryimage\",\"url\":\"https:\\\/\\\/rachat2credit.fr\\\/guide\\\/wp-content\\\/uploads\\\/2025\\\/08\\\/flux-pro-1.1-1099-1756297001.jpg\",\"contentUrl\":\"https:\\\/\\\/rachat2credit.fr\\\/guide\\\/wp-content\\\/uploads\\\/2025\\\/08\\\/flux-pro-1.1-1099-1756297001.jpg\",\"width\":1344,\"height\":768},{\"@type\":\"BreadcrumbList\",\"@id\":\"https:\\\/\\\/rachat2credit.fr\\\/guide\\\/60-ans-62-ans-67-ans-lage-de-votre-retraite-enfin-devoile-selon-votre-regime-et-votre-date-de-naissance-on-ma-annonce-que-je-devrais-travailler-deux-ans-de-plus-q\\\/#breadcrumb\",\"itemListElement\":[{\"@type\":\"ListItem\",\"position\":1,\"name\":\"Accueil\",\"item\":\"https:\\\/\\\/rachat2credit.fr\\\/guide\\\/\"},{\"@type\":\"ListItem\",\"position\":2,\"name\":\"60 ans, 62 ans, 67 ans\u2026 L\u2019\u00e2ge de votre retraite enfin d\u00e9voil\u00e9 selon votre r\u00e9gime et votre date de naissance \u201con m\u2019a annonc\u00e9 que je devrais travailler deux ans de plus que pr\u00e9vu\u201d\"}]},{\"@type\":\"WebSite\",\"@id\":\"https:\\\/\\\/rachat2credit.fr\\\/guide\\\/#website\",\"url\":\"https:\\\/\\\/rachat2credit.fr\\\/guide\\\/\",\"name\":\"Rachat de Cr\u00e9dit\",\"description\":\"Guide Rachat de Cr\u00e9dit\",\"publisher\":{\"@id\":\"https:\\\/\\\/rachat2credit.fr\\\/guide\\\/#organization\"},\"potentialAction\":[{\"@type\":\"SearchAction\",\"target\":{\"@type\":\"EntryPoint\",\"urlTemplate\":\"https:\\\/\\\/rachat2credit.fr\\\/guide\\\/?s={search_term_string}\"},\"query-input\":{\"@type\":\"PropertyValueSpecification\",\"valueRequired\":true,\"valueName\":\"search_term_string\"}}],\"inLanguage\":\"fr-FR\"},{\"@type\":\"Organization\",\"@id\":\"https:\\\/\\\/rachat2credit.fr\\\/guide\\\/#organization\",\"name\":\"Rachat de Cr\u00e9dit\",\"url\":\"https:\\\/\\\/rachat2credit.fr\\\/guide\\\/\",\"logo\":{\"@type\":\"ImageObject\",\"inLanguage\":\"fr-FR\",\"@id\":\"https:\\\/\\\/rachat2credit.fr\\\/guide\\\/#\\\/schema\\\/logo\\\/image\\\/\",\"url\":\"https:\\\/\\\/rachat2credit.fr\\\/guide\\\/wp-content\\\/uploads\\\/2025\\\/05\\\/rachat2credit.png\",\"contentUrl\":\"https:\\\/\\\/rachat2credit.fr\\\/guide\\\/wp-content\\\/uploads\\\/2025\\\/05\\\/rachat2credit.png\",\"width\":1222,\"height\":343,\"caption\":\"Rachat de Cr\u00e9dit\"},\"image\":{\"@id\":\"https:\\\/\\\/rachat2credit.fr\\\/guide\\\/#\\\/schema\\\/logo\\\/image\\\/\"}},{\"@type\":\"Person\",\"@id\":\"https:\\\/\\\/rachat2credit.fr\\\/guide\\\/#\\\/schema\\\/person\\\/d4142086d07bc6acdc4722eabd955cc2\",\"name\":\"Aurelien Boulanger\",\"image\":{\"@type\":\"ImageObject\",\"inLanguage\":\"fr-FR\",\"@id\":\"https:\\\/\\\/secure.gravatar.com\\\/avatar\\\/32175434c9ca2b27bfeb905d1c3ec782a789caf494bc0ec8fa6ed0ee39c2e62a?s=96&d=mm&r=g\",\"url\":\"https:\\\/\\\/secure.gravatar.com\\\/avatar\\\/32175434c9ca2b27bfeb905d1c3ec782a789caf494bc0ec8fa6ed0ee39c2e62a?s=96&d=mm&r=g\",\"contentUrl\":\"https:\\\/\\\/secure.gravatar.com\\\/avatar\\\/32175434c9ca2b27bfeb905d1c3ec782a789caf494bc0ec8fa6ed0ee39c2e62a?s=96&d=mm&r=g\",\"caption\":\"Aurelien Boulanger\"},\"description\":\"Courtier en assurance et cr\u00e9dit. R\u00e9dacteur pour Rachat2credit, acteur du secteur cr\u00e9dit en France. Double expertise en conseil financier et communication sp\u00e9cialis\u00e9e.\",\"sameAs\":[\"https:\\\/\\\/rachat2credit.fr\\\/guide\"],\"url\":\"https:\\\/\\\/rachat2credit.fr\\\/guide\\\/author\\\/aurelien\\\/\"}]}<\/script>\n<!-- \/ Yoast SEO plugin. -->","yoast_head_json":{"title":"60 ans, 62 ans, 67 ans\u2026 L\u2019\u00e2ge de votre retraite enfin d\u00e9voil\u00e9 selon votre r\u00e9gime et votre date de naissance \u201con m\u2019a annonc\u00e9 que je devrais travailler deux ans de plus que pr\u00e9vu\u201d - Rachat de Cr\u00e9dit","robots":{"index":"index","follow":"follow","max-snippet":"max-snippet:-1","max-image-preview":"max-image-preview:large","max-video-preview":"max-video-preview:-1"},"canonical":"https:\/\/rachat2credit.fr\/guide\/60-ans-62-ans-67-ans-lage-de-votre-retraite-enfin-devoile-selon-votre-regime-et-votre-date-de-naissance-on-ma-annonce-que-je-devrais-travailler-deux-ans-de-plus-q\/","og_locale":"fr_FR","og_type":"article","og_title":"60 ans, 62 ans, 67 ans\u2026 L\u2019\u00e2ge de votre retraite enfin d\u00e9voil\u00e9 selon votre r\u00e9gime et votre date de naissance \u201con m\u2019a annonc\u00e9 que je devrais travailler deux ans de plus que pr\u00e9vu\u201d - Rachat de Cr\u00e9dit","og_description":"60 ans, 62 ans, 67 ans\u2026 \u00c0 quel \u00e2ge pourriez-vous vraiment prendre votre retraite ? Cette question, des millions de Fran\u00e7ais se la posent alors que les r\u00e9formes se succ\u00e8dent et que les r\u00e8gles varient selon les r\u00e9gimes et les g\u00e9n\u00e9rations. \u00ab\u00a0Je pensais pouvoir partir \u00e0 62 ans, mais en r\u00e9alit\u00e9, avec ma date de ... Lire plus","og_url":"https:\/\/rachat2credit.fr\/guide\/60-ans-62-ans-67-ans-lage-de-votre-retraite-enfin-devoile-selon-votre-regime-et-votre-date-de-naissance-on-ma-annonce-que-je-devrais-travailler-deux-ans-de-plus-q\/","og_site_name":"Rachat de Cr\u00e9dit","article_published_time":"2025-08-27T12:16:30+00:00","og_image":[{"width":1344,"height":768,"url":"https:\/\/rachat2credit.fr\/guide\/wp-content\/uploads\/2025\/08\/flux-pro-1.1-1099-1756297001.jpg","type":"image\/jpeg"}],"author":"Aurelien Boulanger","twitter_card":"summary_large_image","twitter_misc":{"\u00c9crit par":"Aurelien Boulanger","Dur\u00e9e de lecture estim\u00e9e":"4 minutes"},"schema":{"@context":"https:\/\/schema.org","@graph":[{"@type":"NewsArticle","@id":"https:\/\/rachat2credit.fr\/guide\/60-ans-62-ans-67-ans-lage-de-votre-retraite-enfin-devoile-selon-votre-regime-et-votre-date-de-naissance-on-ma-annonce-que-je-devrais-travailler-deux-ans-de-plus-q\/#article","isPartOf":{"@id":"https:\/\/rachat2credit.fr\/guide\/60-ans-62-ans-67-ans-lage-de-votre-retraite-enfin-devoile-selon-votre-regime-et-votre-date-de-naissance-on-ma-annonce-que-je-devrais-travailler-deux-ans-de-plus-q\/"},"author":{"name":"Aurelien Boulanger","@id":"https:\/\/rachat2credit.fr\/guide\/#\/schema\/person\/d4142086d07bc6acdc4722eabd955cc2"},"headline":"60 ans, 62 ans, 67 ans\u2026 L\u2019\u00e2ge de votre retraite enfin d\u00e9voil\u00e9 selon votre r\u00e9gime et votre date de naissance \u201con m\u2019a annonc\u00e9 que je devrais travailler deux ans de plus que pr\u00e9vu\u201d","datePublished":"2025-08-27T12:16:30+00:00","mainEntityOfPage":{"@id":"https:\/\/rachat2credit.fr\/guide\/60-ans-62-ans-67-ans-lage-de-votre-retraite-enfin-devoile-selon-votre-regime-et-votre-date-de-naissance-on-ma-annonce-que-je-devrais-travailler-deux-ans-de-plus-q\/"},"wordCount":874,"commentCount":29,"publisher":{"@id":"https:\/\/rachat2credit.fr\/guide\/#organization"},"image":{"@id":"https:\/\/rachat2credit.fr\/guide\/60-ans-62-ans-67-ans-lage-de-votre-retraite-enfin-devoile-selon-votre-regime-et-votre-date-de-naissance-on-ma-annonce-que-je-devrais-travailler-deux-ans-de-plus-q\/#primaryimage"},"thumbnailUrl":"https:\/\/rachat2credit.fr\/guide\/wp-content\/uploads\/2025\/08\/flux-pro-1.1-1099-1756297001.jpg","articleSection":["A la une"],"inLanguage":"fr-FR","potentialAction":[{"@type":"CommentAction","name":"Comment","target":["https:\/\/rachat2credit.fr\/guide\/60-ans-62-ans-67-ans-lage-de-votre-retraite-enfin-devoile-selon-votre-regime-et-votre-date-de-naissance-on-ma-annonce-que-je-devrais-travailler-deux-ans-de-plus-q\/#respond"]}]},{"@type":"WebPage","@id":"https:\/\/rachat2credit.fr\/guide\/60-ans-62-ans-67-ans-lage-de-votre-retraite-enfin-devoile-selon-votre-regime-et-votre-date-de-naissance-on-ma-annonce-que-je-devrais-travailler-deux-ans-de-plus-q\/","url":"https:\/\/rachat2credit.fr\/guide\/60-ans-62-ans-67-ans-lage-de-votre-retraite-enfin-devoile-selon-votre-regime-et-votre-date-de-naissance-on-ma-annonce-que-je-devrais-travailler-deux-ans-de-plus-q\/","name":"60 ans, 62 ans, 67 ans\u2026 L\u2019\u00e2ge de votre retraite enfin d\u00e9voil\u00e9 selon votre r\u00e9gime et votre date de naissance \u201con m\u2019a annonc\u00e9 que je devrais travailler deux ans de plus que pr\u00e9vu\u201d - Rachat de Cr\u00e9dit","isPartOf":{"@id":"https:\/\/rachat2credit.fr\/guide\/#website"},"primaryImageOfPage":{"@id":"https:\/\/rachat2credit.fr\/guide\/60-ans-62-ans-67-ans-lage-de-votre-retraite-enfin-devoile-selon-votre-regime-et-votre-date-de-naissance-on-ma-annonce-que-je-devrais-travailler-deux-ans-de-plus-q\/#primaryimage"},"image":{"@id":"https:\/\/rachat2credit.fr\/guide\/60-ans-62-ans-67-ans-lage-de-votre-retraite-enfin-devoile-selon-votre-regime-et-votre-date-de-naissance-on-ma-annonce-que-je-devrais-travailler-deux-ans-de-plus-q\/#primaryimage"},"thumbnailUrl":"https:\/\/rachat2credit.fr\/guide\/wp-content\/uploads\/2025\/08\/flux-pro-1.1-1099-1756297001.jpg","datePublished":"2025-08-27T12:16:30+00:00","breadcrumb":{"@id":"https:\/\/rachat2credit.fr\/guide\/60-ans-62-ans-67-ans-lage-de-votre-retraite-enfin-devoile-selon-votre-regime-et-votre-date-de-naissance-on-ma-annonce-que-je-devrais-travailler-deux-ans-de-plus-q\/#breadcrumb"},"inLanguage":"fr-FR","potentialAction":[{"@type":"ReadAction","target":["https:\/\/rachat2credit.fr\/guide\/60-ans-62-ans-67-ans-lage-de-votre-retraite-enfin-devoile-selon-votre-regime-et-votre-date-de-naissance-on-ma-annonce-que-je-devrais-travailler-deux-ans-de-plus-q\/"]}]},{"@type":"ImageObject","inLanguage":"fr-FR","@id":"https:\/\/rachat2credit.fr\/guide\/60-ans-62-ans-67-ans-lage-de-votre-retraite-enfin-devoile-selon-votre-regime-et-votre-date-de-naissance-on-ma-annonce-que-je-devrais-travailler-deux-ans-de-plus-q\/#primaryimage","url":"https:\/\/rachat2credit.fr\/guide\/wp-content\/uploads\/2025\/08\/flux-pro-1.1-1099-1756297001.jpg","contentUrl":"https:\/\/rachat2credit.fr\/guide\/wp-content\/uploads\/2025\/08\/flux-pro-1.1-1099-1756297001.jpg","width":1344,"height":768},{"@type":"BreadcrumbList","@id":"https:\/\/rachat2credit.fr\/guide\/60-ans-62-ans-67-ans-lage-de-votre-retraite-enfin-devoile-selon-votre-regime-et-votre-date-de-naissance-on-ma-annonce-que-je-devrais-travailler-deux-ans-de-plus-q\/#breadcrumb","itemListElement":[{"@type":"ListItem","position":1,"name":"Accueil","item":"https:\/\/rachat2credit.fr\/guide\/"},{"@type":"ListItem","position":2,"name":"60 ans, 62 ans, 67 ans\u2026 L\u2019\u00e2ge de votre retraite enfin d\u00e9voil\u00e9 selon votre r\u00e9gime et votre date de naissance \u201con m\u2019a annonc\u00e9 que je devrais travailler deux ans de plus que pr\u00e9vu\u201d"}]},{"@type":"WebSite","@id":"https:\/\/rachat2credit.fr\/guide\/#website","url":"https:\/\/rachat2credit.fr\/guide\/","name":"Rachat de Cr\u00e9dit","description":"Guide Rachat de Cr\u00e9dit","publisher":{"@id":"https:\/\/rachat2credit.fr\/guide\/#organization"},"potentialAction":[{"@type":"SearchAction","target":{"@type":"EntryPoint","urlTemplate":"https:\/\/rachat2credit.fr\/guide\/?s={search_term_string}"},"query-input":{"@type":"PropertyValueSpecification","valueRequired":true,"valueName":"search_term_string"}}],"inLanguage":"fr-FR"},{"@type":"Organization","@id":"https:\/\/rachat2credit.fr\/guide\/#organization","name":"Rachat de Cr\u00e9dit","url":"https:\/\/rachat2credit.fr\/guide\/","logo":{"@type":"ImageObject","inLanguage":"fr-FR","@id":"https:\/\/rachat2credit.fr\/guide\/#\/schema\/logo\/image\/","url":"https:\/\/rachat2credit.fr\/guide\/wp-content\/uploads\/2025\/05\/rachat2credit.png","contentUrl":"https:\/\/rachat2credit.fr\/guide\/wp-content\/uploads\/2025\/05\/rachat2credit.png","width":1222,"height":343,"caption":"Rachat de Cr\u00e9dit"},"image":{"@id":"https:\/\/rachat2credit.fr\/guide\/#\/schema\/logo\/image\/"}},{"@type":"Person","@id":"https:\/\/rachat2credit.fr\/guide\/#\/schema\/person\/d4142086d07bc6acdc4722eabd955cc2","name":"Aurelien Boulanger","image":{"@type":"ImageObject","inLanguage":"fr-FR","@id":"https:\/\/secure.gravatar.com\/avatar\/32175434c9ca2b27bfeb905d1c3ec782a789caf494bc0ec8fa6ed0ee39c2e62a?s=96&d=mm&r=g","url":"https:\/\/secure.gravatar.com\/avatar\/32175434c9ca2b27bfeb905d1c3ec782a789caf494bc0ec8fa6ed0ee39c2e62a?s=96&d=mm&r=g","contentUrl":"https:\/\/secure.gravatar.com\/avatar\/32175434c9ca2b27bfeb905d1c3ec782a789caf494bc0ec8fa6ed0ee39c2e62a?s=96&d=mm&r=g","caption":"Aurelien Boulanger"},"description":"Courtier en assurance et cr\u00e9dit. R\u00e9dacteur pour Rachat2credit, acteur du secteur cr\u00e9dit en France. Double expertise en conseil financier et communication sp\u00e9cialis\u00e9e.","sameAs":["https:\/\/rachat2credit.fr\/guide"],"url":"https:\/\/rachat2credit.fr\/guide\/author\/aurelien\/"}]}},"_links":{"self":[{"href":"https:\/\/rachat2credit.fr\/guide\/wp-json\/wp\/v2\/posts\/1099","targetHints":{"allow":["GET"]}}],"collection":[{"href":"https:\/\/rachat2credit.fr\/guide\/wp-json\/wp\/v2\/posts"}],"about":[{"href":"https:\/\/rachat2credit.fr\/guide\/wp-json\/wp\/v2\/types\/post"}],"author":[{"embeddable":true,"href":"https:\/\/rachat2credit.fr\/guide\/wp-json\/wp\/v2\/users\/1"}],"replies":[{"embeddable":true,"href":"https:\/\/rachat2credit.fr\/guide\/wp-json\/wp\/v2\/comments?post=1099"}],"version-history":[{"count":0,"href":"https:\/\/rachat2credit.fr\/guide\/wp-json\/wp\/v2\/posts\/1099\/revisions"}],"wp:featuredmedia":[{"embeddable":true,"href":"https:\/\/rachat2credit.fr\/guide\/wp-json\/wp\/v2\/media\/1100"}],"wp:attachment":[{"href":"https:\/\/rachat2credit.fr\/guide\/wp-json\/wp\/v2\/media?parent=1099"}],"wp:term":[{"taxonomy":"category","embeddable":true,"href":"https:\/\/rachat2credit.fr\/guide\/wp-json\/wp\/v2\/categories?post=1099"},{"taxonomy":"post_tag","embeddable":true,"href":"https:\/\/rachat2credit.fr\/guide\/wp-json\/wp\/v2\/tags?post=1099"}],"curies":[{"name":"wp","href":"https:\/\/api.w.org\/{rel}","templated":true}]}}