{"id":1101,"date":"2025-08-27T15:46:30","date_gmt":"2025-08-27T13:46:30","guid":{"rendered":"https:\/\/rachat2credit.fr\/guide\/compte-epargne-logement-les-nouvelles-regles-qui-sappliquent-depuis-le-1er-aout-mon-conseiller-ne-mavait-pas-prevenu-de-ce-changement\/"},"modified":"2025-08-27T15:46:30","modified_gmt":"2025-08-27T13:46:30","slug":"compte-epargne-logement-les-nouvelles-regles-qui-sappliquent-depuis-le-1er-aout-mon-conseiller-ne-mavait-pas-prevenu-de-ce-changement","status":"publish","type":"post","link":"https:\/\/rachat2credit.fr\/guide\/compte-epargne-logement-les-nouvelles-regles-qui-sappliquent-depuis-le-1er-aout-mon-conseiller-ne-mavait-pas-prevenu-de-ce-changement\/","title":{"rendered":"Compte \u00e9pargne logement : les nouvelles r\u00e8gles qui s\u2019appliquent depuis le 1er ao\u00fbt \u201cmon conseiller ne m\u2019avait pas pr\u00e9venu de ce changement\u201d"},"content":{"rendered":"<article>\n<p>Une r\u00e9forme discr\u00e8te mais significative pourrait bouleverser la gestion de votre \u00e9pargne logement. Depuis le 1er ao\u00fbt 2025, le Compte \u00c9pargne Logement (CEL) subirait des modifications r\u00e9glementaires impactant directement sa r\u00e9mun\u00e9ration et ses conditions d&rsquo;utilisation.<\/p>\n<div id=\"ez-toc-container\" class=\"ez-toc-v2_0_82_2 counter-hierarchy ez-toc-counter ez-toc-grey ez-toc-container-direction\">\n<p class=\"ez-toc-title\" style=\"cursor:inherit\">Sommaire<\/p>\n<label for=\"ez-toc-cssicon-toggle-item-69f0f48c9df64\" class=\"ez-toc-cssicon-toggle-label\"><span class=\"ez-toc-cssicon\"><span class=\"eztoc-hide\" style=\"display:none;\">Toggle<\/span><span class=\"ez-toc-icon-toggle-span\"><svg style=\"fill: #999;color:#999\" xmlns=\"http:\/\/www.w3.org\/2000\/svg\" class=\"list-377408\" width=\"20px\" height=\"20px\" viewBox=\"0 0 24 24\" fill=\"none\"><path d=\"M6 6H4v2h2V6zm14 0H8v2h12V6zM4 11h2v2H4v-2zm16 0H8v2h12v-2zM4 16h2v2H4v-2zm16 0H8v2h12v-2z\" fill=\"currentColor\"><\/path><\/svg><svg style=\"fill: #999;color:#999\" class=\"arrow-unsorted-368013\" xmlns=\"http:\/\/www.w3.org\/2000\/svg\" width=\"10px\" height=\"10px\" viewBox=\"0 0 24 24\" version=\"1.2\" baseProfile=\"tiny\"><path d=\"M18.2 9.3l-6.2-6.3-6.2 6.3c-.2.2-.3.4-.3.7s.1.5.3.7c.2.2.4.3.7.3h11c.3 0 .5-.1.7-.3.2-.2.3-.5.3-.7s-.1-.5-.3-.7zM5.8 14.7l6.2 6.3 6.2-6.3c.2-.2.3-.5.3-.7s-.1-.5-.3-.7c-.2-.2-.4-.3-.7-.3h-11c-.3 0-.5.1-.7.3-.2.2-.3.5-.3.7s.1.5.3.7z\"\/><\/svg><\/span><\/span><\/label><input type=\"checkbox\"  id=\"ez-toc-cssicon-toggle-item-69f0f48c9df64\" checked aria-label=\"Toggle\" \/><nav><ul class='ez-toc-list ez-toc-list-level-1 ' ><li class='ez-toc-page-1 ez-toc-heading-level-2'><a class=\"ez-toc-link ez-toc-heading-1\" href=\"https:\/\/rachat2credit.fr\/guide\/compte-epargne-logement-les-nouvelles-regles-qui-sappliquent-depuis-le-1er-aout-mon-conseiller-ne-mavait-pas-prevenu-de-ce-changement\/#Un_changement_de_taux_qui_inquiete_les_epargnants\" >Un changement de taux qui inqui\u00e8te les \u00e9pargnants<\/a><\/li><li class='ez-toc-page-1 ez-toc-heading-level-2'><a class=\"ez-toc-link ez-toc-heading-2\" href=\"https:\/\/rachat2credit.fr\/guide\/compte-epargne-logement-les-nouvelles-regles-qui-sappliquent-depuis-le-1er-aout-mon-conseiller-ne-mavait-pas-prevenu-de-ce-changement\/#Les_nouvelles_conditions_de_versement\" >Les nouvelles conditions de versement<\/a><\/li><li class='ez-toc-page-1 ez-toc-heading-level-2'><a class=\"ez-toc-link ez-toc-heading-3\" href=\"https:\/\/rachat2credit.fr\/guide\/compte-epargne-logement-les-nouvelles-regles-qui-sappliquent-depuis-le-1er-aout-mon-conseiller-ne-mavait-pas-prevenu-de-ce-changement\/#Consequences_sur_les_projets_immobiliers\" >Cons\u00e9quences sur les projets immobiliers<\/a><\/li><li class='ez-toc-page-1 ez-toc-heading-level-2'><a class=\"ez-toc-link ez-toc-heading-4\" href=\"https:\/\/rachat2credit.fr\/guide\/compte-epargne-logement-les-nouvelles-regles-qui-sappliquent-depuis-le-1er-aout-mon-conseiller-ne-mavait-pas-prevenu-de-ce-changement\/#Alternatives_envisageables\" >Alternatives envisageables<\/a><\/li><li class='ez-toc-page-1 ez-toc-heading-level-2'><a class=\"ez-toc-link ez-toc-heading-5\" href=\"https:\/\/rachat2credit.fr\/guide\/compte-epargne-logement-les-nouvelles-regles-qui-sappliquent-depuis-le-1er-aout-mon-conseiller-ne-mavait-pas-prevenu-de-ce-changement\/#Reactions_institutionnelles_et_perspectives\" >R\u00e9actions institutionnelles et perspectives<\/a><\/li><\/ul><\/nav><\/div>\n<h2><span class=\"ez-toc-section\" id=\"Un_changement_de_taux_qui_inquiete_les_epargnants\"><\/span>Un changement de taux qui inqui\u00e8te les \u00e9pargnants<span class=\"ez-toc-section-end\"><\/span><\/h2>\n<p>Selon les informations consult\u00e9es, le taux d&rsquo;int\u00e9r\u00eat du CEL serait d\u00e9sormais r\u00e9vis\u00e9 trimestriellement sur la base du taux des livrets r\u00e9glement\u00e9s, avec application d&rsquo;un coefficient multiplicateur sp\u00e9cifique. Cette indexation pourrait entra\u00eener une volatilit\u00e9 in\u00e9dite pour ce produit d&rsquo;\u00e9pargne traditionnellement stable.<\/p>\n<blockquote><p>\u00ab\u00a0Avec ces nouvelles r\u00e8gles, mon projet d&rsquo;apport personnel pour un achat immobilier en 2026 devient beaucoup plus incertain\u00a0\u00bb<\/p><\/blockquote>\n<p>Thomas, 34 ans, cadre dans la tech, t\u00e9moigne de son d\u00e9sarroi : \u00ab\u00a0J&rsquo;avais opt\u00e9 pour un CEL pour la s\u00e9curit\u00e9 qu&rsquo;il offrait. Maintenant, avec ces nouvelles r\u00e8gles, mon projet d&rsquo;apport personnel pour un achat immobilier en 2026 devient beaucoup plus incertain. La banque m&rsquo;a simplement envoy\u00e9 un mail d&rsquo;information sans v\u00e9ritable explication.\u00a0\u00bb<\/p>\n<h2><span class=\"ez-toc-section\" id=\"Les_nouvelles_conditions_de_versement\"><\/span>Les nouvelles conditions de versement<span class=\"ez-toc-section-end\"><\/span><\/h2>\n<p>Le plafond de versement resterait inchang\u00e9 \u00e0 15 300 euros, mais la dur\u00e9e de blocage des fonds pourrait \u00eatre prolong\u00e9e dans certains cas particuliers. Les versements programm\u00e9s feraient l&rsquo;objet d&rsquo;une conditionnalit\u00e9 renforc\u00e9e, avec possible suspension en cas de variation significative des taux directeurs.<\/p>\n<p>Ces ajustements s&rsquo;inscriraient dans un contexte plus large de r\u00e9forme de l&rsquo;\u00e9pargne r\u00e9glement\u00e9e, comme le confirmerait un <a href=\"https:\/\/www.banque-france.fr\/actualits\/communique-de-presse\/evolution-des-produits-depargne-reglementee\" target=\"_blank\" rel=\"nofollow\">r\u00e9cent communiqu\u00e9 de la Banque de France<\/a> sur l&rsquo;adaptation des produits d&rsquo;\u00e9pargne aux nouvelles r\u00e9alit\u00e9s \u00e9conomiques.<\/p>\n<h2><span class=\"ez-toc-section\" id=\"Consequences_sur_les_projets_immobiliers\"><\/span>Cons\u00e9quences sur les projets immobiliers<span class=\"ez-toc-section-end\"><\/span><\/h2>\n<p>Les experts interrog\u00e9s souligneraient le risque d&rsquo;un allongement de la dur\u00e9e de constitution des apports personnels pour les primo-acc\u00e9dants. \u00ab\u00a0La pr\u00e9visibilit\u00e9 \u00e9tant moindre, certains m\u00e9nages pourraient renoncer \u00e0 leur projet dans l&rsquo;attente d&rsquo;une stabilisation du dispositif\u00a0\u00bb, analyserait Michel Durand, \u00e9conomiste sp\u00e9cialis\u00e9 en habitat.<\/p>\n<blockquote><p>\u00ab\u00a0La pr\u00e9visibilit\u00e9 \u00e9tant moindre, certains m\u00e9nages pourraient renoncer \u00e0 leur projet dans l&rsquo;attente d&rsquo;une stabilisation du dispositif\u00a0\u00bb<\/p><\/blockquote>\n<h2><span class=\"ez-toc-section\" id=\"Alternatives_envisageables\"><\/span>Alternatives envisageables<span class=\"ez-toc-section-end\"><\/span><\/h2>\n<p>Face \u00e0 ces changements, plusieurs solutions \u00e9mergeraient :<\/p>\n<ul>\n<li>Le report vers un Plan \u00c9pargne Logement (PEL) malgr\u00e9 son durcissement r\u00e9cent<\/li>\n<li>L&rsquo;orientation vers l&rsquo;assurance-vie avec supports obligataires<\/li>\n<li>La diversification vers des produits d&rsquo;\u00e9pargne solidaire labellis\u00e9s<\/li>\n<li>Le recours aux LDDS pour une \u00e9pargne plus liquide<\/li>\n<\/ul>\n<p>Les conseillers financiers recommanderaient une analyse au cas par cas, selon la temporalit\u00e9 du projet immobilier et la tol\u00e9rance au risque de chaque \u00e9pargnant.<\/p>\n<h2><span class=\"ez-toc-section\" id=\"Reactions_institutionnelles_et_perspectives\"><\/span>R\u00e9actions institutionnelles et perspectives<span class=\"ez-toc-section-end\"><\/span><\/h2>\n<p>La F\u00e9d\u00e9ration Bancaire Fran\u00e7aise (FBF) d\u00e9fendrait ces \u00e9volutions comme n\u00e9cessaires \u00e0 l&rsquo;adaptation aux normes europ\u00e9ennes et aux contraintes actuelles des march\u00e9s. Cependant, les associations de consommateurs s&rsquo;interrogeraient sur le timing de cette r\u00e9forme, dans un contexte de tension immobili\u00e8re persistante.<\/p>\n<p>Des n\u00e9gociations seraient en cours pour assouplir certaines mesures, particuli\u00e8rement concernant les transitions entre anciens et nouveaux contrats. Les d\u00e9tenteurs de CEL ouverts avant le 1er ao\u00fbt 2025 b\u00e9n\u00e9ficieraient d&rsquo;une clause de grand-p\u00e8re les prot\u00e9geant partiellement pendant une p\u00e9riode transitoire de dix-huit mois.<\/p>\n<p>Cette r\u00e9forme s&rsquo;inscrirait dans une transformation plus large de l&rsquo;\u00e9pargne r\u00e9glement\u00e9e fran\u00e7aise, devant concilier rendement pour l&rsquo;\u00e9pargnant, financement du logement et contraintes r\u00e9glementaires europ\u00e9ennes. Son impact r\u00e9el ne pourrait \u00eatre mesur\u00e9 qu&rsquo;apr\u00e8s plusieurs trimestres d&rsquo;application et en fonction de l&rsquo;\u00e9volution g\u00e9n\u00e9rale des taux d&rsquo;int\u00e9r\u00eat.<\/p>\n<p>Les \u00e9pargnants souhaitant optimiser leur strat\u00e9gie devraient consulter sans tarder leur conseiller financier et comparer les diff\u00e9rentes options disponibles sur le march\u00e9. La p\u00e9riode de transition pourrait offrir des opportunit\u00e9s qu&rsquo;il serait dommage de n\u00e9gliger.<\/p>\n<\/article>\n\n\n<div class=\"kk-star-ratings kksr-auto kksr-align-center kksr-valign-bottom\"\n    data-payload='{&quot;align&quot;:&quot;center&quot;,&quot;id&quot;:&quot;1101&quot;,&quot;slug&quot;:&quot;default&quot;,&quot;valign&quot;:&quot;bottom&quot;,&quot;ignore&quot;:&quot;&quot;,&quot;reference&quot;:&quot;auto&quot;,&quot;class&quot;:&quot;&quot;,&quot;count&quot;:&quot;0&quot;,&quot;legendonly&quot;:&quot;&quot;,&quot;readonly&quot;:&quot;&quot;,&quot;score&quot;:&quot;0&quot;,&quot;starsonly&quot;:&quot;&quot;,&quot;best&quot;:&quot;5&quot;,&quot;gap&quot;:&quot;5&quot;,&quot;greet&quot;:&quot;&quot;,&quot;legend&quot;:&quot;0\\\/5 - (0 vote)&quot;,&quot;size&quot;:&quot;24&quot;,&quot;title&quot;:&quot;Compte \u00e9pargne logement : les nouvelles r\u00e8gles qui s\u2019appliquent depuis le 1er ao\u00fbt \u201cmon conseiller ne m\u2019avait pas pr\u00e9venu de ce changement\u201d&quot;,&quot;width&quot;:&quot;0&quot;,&quot;_legend&quot;:&quot;{score}\\\/{best} - ({count} {votes})&quot;,&quot;font_factor&quot;:&quot;1.25&quot;}'>\n            \n<div class=\"kksr-stars\">\n    \n<div class=\"kksr-stars-inactive\">\n            <div class=\"kksr-star\" data-star=\"1\" style=\"padding-right: 5px\">\n            \n\n<div class=\"kksr-icon\" style=\"width: 24px; height: 24px;\"><\/div>\n        <\/div>\n            <div class=\"kksr-star\" data-star=\"2\" style=\"padding-right: 5px\">\n            \n\n<div class=\"kksr-icon\" style=\"width: 24px; height: 24px;\"><\/div>\n        <\/div>\n            <div class=\"kksr-star\" data-star=\"3\" style=\"padding-right: 5px\">\n            \n\n<div class=\"kksr-icon\" style=\"width: 24px; height: 24px;\"><\/div>\n        <\/div>\n            <div class=\"kksr-star\" data-star=\"4\" style=\"padding-right: 5px\">\n            \n\n<div class=\"kksr-icon\" style=\"width: 24px; height: 24px;\"><\/div>\n        <\/div>\n            <div class=\"kksr-star\" data-star=\"5\" style=\"padding-right: 5px\">\n            \n\n<div class=\"kksr-icon\" style=\"width: 24px; height: 24px;\"><\/div>\n        <\/div>\n    <\/div>\n    \n<div class=\"kksr-stars-active\" style=\"width: 0px;\">\n            <div class=\"kksr-star\" style=\"padding-right: 5px\">\n            \n\n<div class=\"kksr-icon\" style=\"width: 24px; height: 24px;\"><\/div>\n        <\/div>\n            <div class=\"kksr-star\" style=\"padding-right: 5px\">\n            \n\n<div class=\"kksr-icon\" style=\"width: 24px; height: 24px;\"><\/div>\n        <\/div>\n            <div class=\"kksr-star\" style=\"padding-right: 5px\">\n            \n\n<div class=\"kksr-icon\" style=\"width: 24px; height: 24px;\"><\/div>\n        <\/div>\n            <div class=\"kksr-star\" style=\"padding-right: 5px\">\n            \n\n<div class=\"kksr-icon\" style=\"width: 24px; height: 24px;\"><\/div>\n        <\/div>\n            <div class=\"kksr-star\" style=\"padding-right: 5px\">\n            \n\n<div class=\"kksr-icon\" style=\"width: 24px; height: 24px;\"><\/div>\n        <\/div>\n    <\/div>\n<\/div>\n                \n\n<div class=\"kksr-legend\" style=\"font-size: 19.2px;\">\n            <span class=\"kksr-muted\"><\/span>\n    <\/div>\n    <\/div>\n","protected":false},"excerpt":{"rendered":"<p>Une r\u00e9forme discr\u00e8te mais significative pourrait bouleverser la gestion de votre \u00e9pargne logement. Depuis le 1er ao\u00fbt 2025, le Compte \u00c9pargne Logement (CEL) subirait des modifications r\u00e9glementaires impactant directement sa r\u00e9mun\u00e9ration et ses conditions d&rsquo;utilisation. Un changement de taux qui inqui\u00e8te les \u00e9pargnants Selon les informations consult\u00e9es, le taux d&rsquo;int\u00e9r\u00eat du CEL serait d\u00e9sormais r\u00e9vis\u00e9 &#8230; <a title=\"Compte \u00e9pargne logement : les nouvelles r\u00e8gles qui s\u2019appliquent depuis le 1er ao\u00fbt \u201cmon conseiller ne m\u2019avait pas pr\u00e9venu de ce changement\u201d\" class=\"read-more\" href=\"https:\/\/rachat2credit.fr\/guide\/compte-epargne-logement-les-nouvelles-regles-qui-sappliquent-depuis-le-1er-aout-mon-conseiller-ne-mavait-pas-prevenu-de-ce-changement\/\" aria-label=\"En savoir plus sur Compte \u00e9pargne logement : les nouvelles r\u00e8gles qui s\u2019appliquent depuis le 1er ao\u00fbt \u201cmon conseiller ne m\u2019avait pas pr\u00e9venu de ce changement\u201d\">Lire plus<\/a><\/p>\n","protected":false},"author":1,"featured_media":1102,"comment_status":"open","ping_status":"open","sticky":false,"template":"","format":"standard","meta":{"footnotes":""},"categories":[8],"tags":[],"class_list":["post-1101","post","type-post","status-publish","format-standard","has-post-thumbnail","hentry","category-a-la-une"],"yoast_head":"<!-- This site is optimized with the Yoast SEO plugin v27.5 - https:\/\/yoast.com\/product\/yoast-seo-wordpress\/ -->\n<title>Compte \u00e9pargne logement : les nouvelles r\u00e8gles qui s\u2019appliquent depuis le 1er ao\u00fbt \u201cmon conseiller ne m\u2019avait pas pr\u00e9venu de ce changement\u201d - Rachat de Cr\u00e9dit<\/title>\n<meta name=\"robots\" content=\"index, follow, max-snippet:-1, max-image-preview:large, max-video-preview:-1\" \/>\n<link rel=\"canonical\" href=\"https:\/\/rachat2credit.fr\/guide\/compte-epargne-logement-les-nouvelles-regles-qui-sappliquent-depuis-le-1er-aout-mon-conseiller-ne-mavait-pas-prevenu-de-ce-changement\/\" \/>\n<meta property=\"og:locale\" content=\"fr_FR\" \/>\n<meta property=\"og:type\" content=\"article\" \/>\n<meta property=\"og:title\" content=\"Compte \u00e9pargne logement : les nouvelles r\u00e8gles qui s\u2019appliquent depuis le 1er ao\u00fbt \u201cmon conseiller ne m\u2019avait pas pr\u00e9venu de ce changement\u201d - Rachat de Cr\u00e9dit\" \/>\n<meta property=\"og:description\" content=\"Une r\u00e9forme discr\u00e8te mais significative pourrait bouleverser la gestion de votre \u00e9pargne logement. Depuis le 1er ao\u00fbt 2025, le Compte \u00c9pargne Logement (CEL) subirait des modifications r\u00e9glementaires impactant directement sa r\u00e9mun\u00e9ration et ses conditions d&rsquo;utilisation. Un changement de taux qui inqui\u00e8te les \u00e9pargnants Selon les informations consult\u00e9es, le taux d&rsquo;int\u00e9r\u00eat du CEL serait d\u00e9sormais r\u00e9vis\u00e9 ... Lire plus\" \/>\n<meta property=\"og:url\" content=\"https:\/\/rachat2credit.fr\/guide\/compte-epargne-logement-les-nouvelles-regles-qui-sappliquent-depuis-le-1er-aout-mon-conseiller-ne-mavait-pas-prevenu-de-ce-changement\/\" \/>\n<meta property=\"og:site_name\" content=\"Rachat de Cr\u00e9dit\" \/>\n<meta property=\"article:published_time\" content=\"2025-08-27T13:46:30+00:00\" \/>\n<meta property=\"og:image\" content=\"https:\/\/rachat2credit.fr\/guide\/wp-content\/uploads\/2025\/08\/flux-pro-1.1-1101-1756302401.jpg\" \/>\n\t<meta property=\"og:image:width\" content=\"1344\" \/>\n\t<meta property=\"og:image:height\" content=\"768\" \/>\n\t<meta property=\"og:image:type\" content=\"image\/jpeg\" \/>\n<meta name=\"author\" content=\"Aurelien Boulanger\" \/>\n<meta name=\"twitter:card\" content=\"summary_large_image\" \/>\n<meta name=\"twitter:label1\" content=\"\u00c9crit par\" \/>\n\t<meta name=\"twitter:data1\" content=\"Aurelien Boulanger\" \/>\n\t<meta name=\"twitter:label2\" content=\"Dur\u00e9e de lecture estim\u00e9e\" \/>\n\t<meta name=\"twitter:data2\" content=\"3 minutes\" \/>\n<script type=\"application\/ld+json\" class=\"yoast-schema-graph\">{\"@context\":\"https:\\\/\\\/schema.org\",\"@graph\":[{\"@type\":\"NewsArticle\",\"@id\":\"https:\\\/\\\/rachat2credit.fr\\\/guide\\\/compte-epargne-logement-les-nouvelles-regles-qui-sappliquent-depuis-le-1er-aout-mon-conseiller-ne-mavait-pas-prevenu-de-ce-changement\\\/#article\",\"isPartOf\":{\"@id\":\"https:\\\/\\\/rachat2credit.fr\\\/guide\\\/compte-epargne-logement-les-nouvelles-regles-qui-sappliquent-depuis-le-1er-aout-mon-conseiller-ne-mavait-pas-prevenu-de-ce-changement\\\/\"},\"author\":{\"name\":\"Aurelien Boulanger\",\"@id\":\"https:\\\/\\\/rachat2credit.fr\\\/guide\\\/#\\\/schema\\\/person\\\/d4142086d07bc6acdc4722eabd955cc2\"},\"headline\":\"Compte \u00e9pargne logement : les nouvelles r\u00e8gles qui s\u2019appliquent depuis le 1er ao\u00fbt \u201cmon conseiller ne m\u2019avait pas pr\u00e9venu de ce changement\u201d\",\"datePublished\":\"2025-08-27T13:46:30+00:00\",\"mainEntityOfPage\":{\"@id\":\"https:\\\/\\\/rachat2credit.fr\\\/guide\\\/compte-epargne-logement-les-nouvelles-regles-qui-sappliquent-depuis-le-1er-aout-mon-conseiller-ne-mavait-pas-prevenu-de-ce-changement\\\/\"},\"wordCount\":662,\"commentCount\":34,\"publisher\":{\"@id\":\"https:\\\/\\\/rachat2credit.fr\\\/guide\\\/#organization\"},\"image\":{\"@id\":\"https:\\\/\\\/rachat2credit.fr\\\/guide\\\/compte-epargne-logement-les-nouvelles-regles-qui-sappliquent-depuis-le-1er-aout-mon-conseiller-ne-mavait-pas-prevenu-de-ce-changement\\\/#primaryimage\"},\"thumbnailUrl\":\"https:\\\/\\\/rachat2credit.fr\\\/guide\\\/wp-content\\\/uploads\\\/2025\\\/08\\\/flux-pro-1.1-1101-1756302401.jpg\",\"articleSection\":[\"A la une\"],\"inLanguage\":\"fr-FR\",\"potentialAction\":[{\"@type\":\"CommentAction\",\"name\":\"Comment\",\"target\":[\"https:\\\/\\\/rachat2credit.fr\\\/guide\\\/compte-epargne-logement-les-nouvelles-regles-qui-sappliquent-depuis-le-1er-aout-mon-conseiller-ne-mavait-pas-prevenu-de-ce-changement\\\/#respond\"]}]},{\"@type\":\"WebPage\",\"@id\":\"https:\\\/\\\/rachat2credit.fr\\\/guide\\\/compte-epargne-logement-les-nouvelles-regles-qui-sappliquent-depuis-le-1er-aout-mon-conseiller-ne-mavait-pas-prevenu-de-ce-changement\\\/\",\"url\":\"https:\\\/\\\/rachat2credit.fr\\\/guide\\\/compte-epargne-logement-les-nouvelles-regles-qui-sappliquent-depuis-le-1er-aout-mon-conseiller-ne-mavait-pas-prevenu-de-ce-changement\\\/\",\"name\":\"Compte \u00e9pargne logement : les nouvelles r\u00e8gles qui s\u2019appliquent depuis le 1er ao\u00fbt \u201cmon conseiller ne m\u2019avait pas pr\u00e9venu de ce changement\u201d - Rachat de Cr\u00e9dit\",\"isPartOf\":{\"@id\":\"https:\\\/\\\/rachat2credit.fr\\\/guide\\\/#website\"},\"primaryImageOfPage\":{\"@id\":\"https:\\\/\\\/rachat2credit.fr\\\/guide\\\/compte-epargne-logement-les-nouvelles-regles-qui-sappliquent-depuis-le-1er-aout-mon-conseiller-ne-mavait-pas-prevenu-de-ce-changement\\\/#primaryimage\"},\"image\":{\"@id\":\"https:\\\/\\\/rachat2credit.fr\\\/guide\\\/compte-epargne-logement-les-nouvelles-regles-qui-sappliquent-depuis-le-1er-aout-mon-conseiller-ne-mavait-pas-prevenu-de-ce-changement\\\/#primaryimage\"},\"thumbnailUrl\":\"https:\\\/\\\/rachat2credit.fr\\\/guide\\\/wp-content\\\/uploads\\\/2025\\\/08\\\/flux-pro-1.1-1101-1756302401.jpg\",\"datePublished\":\"2025-08-27T13:46:30+00:00\",\"breadcrumb\":{\"@id\":\"https:\\\/\\\/rachat2credit.fr\\\/guide\\\/compte-epargne-logement-les-nouvelles-regles-qui-sappliquent-depuis-le-1er-aout-mon-conseiller-ne-mavait-pas-prevenu-de-ce-changement\\\/#breadcrumb\"},\"inLanguage\":\"fr-FR\",\"potentialAction\":[{\"@type\":\"ReadAction\",\"target\":[\"https:\\\/\\\/rachat2credit.fr\\\/guide\\\/compte-epargne-logement-les-nouvelles-regles-qui-sappliquent-depuis-le-1er-aout-mon-conseiller-ne-mavait-pas-prevenu-de-ce-changement\\\/\"]}]},{\"@type\":\"ImageObject\",\"inLanguage\":\"fr-FR\",\"@id\":\"https:\\\/\\\/rachat2credit.fr\\\/guide\\\/compte-epargne-logement-les-nouvelles-regles-qui-sappliquent-depuis-le-1er-aout-mon-conseiller-ne-mavait-pas-prevenu-de-ce-changement\\\/#primaryimage\",\"url\":\"https:\\\/\\\/rachat2credit.fr\\\/guide\\\/wp-content\\\/uploads\\\/2025\\\/08\\\/flux-pro-1.1-1101-1756302401.jpg\",\"contentUrl\":\"https:\\\/\\\/rachat2credit.fr\\\/guide\\\/wp-content\\\/uploads\\\/2025\\\/08\\\/flux-pro-1.1-1101-1756302401.jpg\",\"width\":1344,\"height\":768},{\"@type\":\"BreadcrumbList\",\"@id\":\"https:\\\/\\\/rachat2credit.fr\\\/guide\\\/compte-epargne-logement-les-nouvelles-regles-qui-sappliquent-depuis-le-1er-aout-mon-conseiller-ne-mavait-pas-prevenu-de-ce-changement\\\/#breadcrumb\",\"itemListElement\":[{\"@type\":\"ListItem\",\"position\":1,\"name\":\"Accueil\",\"item\":\"https:\\\/\\\/rachat2credit.fr\\\/guide\\\/\"},{\"@type\":\"ListItem\",\"position\":2,\"name\":\"Compte \u00e9pargne logement : les nouvelles r\u00e8gles qui s\u2019appliquent depuis le 1er ao\u00fbt \u201cmon conseiller ne m\u2019avait pas pr\u00e9venu de ce changement\u201d\"}]},{\"@type\":\"WebSite\",\"@id\":\"https:\\\/\\\/rachat2credit.fr\\\/guide\\\/#website\",\"url\":\"https:\\\/\\\/rachat2credit.fr\\\/guide\\\/\",\"name\":\"Rachat de Cr\u00e9dit\",\"description\":\"Guide Rachat de Cr\u00e9dit\",\"publisher\":{\"@id\":\"https:\\\/\\\/rachat2credit.fr\\\/guide\\\/#organization\"},\"potentialAction\":[{\"@type\":\"SearchAction\",\"target\":{\"@type\":\"EntryPoint\",\"urlTemplate\":\"https:\\\/\\\/rachat2credit.fr\\\/guide\\\/?s={search_term_string}\"},\"query-input\":{\"@type\":\"PropertyValueSpecification\",\"valueRequired\":true,\"valueName\":\"search_term_string\"}}],\"inLanguage\":\"fr-FR\"},{\"@type\":\"Organization\",\"@id\":\"https:\\\/\\\/rachat2credit.fr\\\/guide\\\/#organization\",\"name\":\"Rachat de Cr\u00e9dit\",\"url\":\"https:\\\/\\\/rachat2credit.fr\\\/guide\\\/\",\"logo\":{\"@type\":\"ImageObject\",\"inLanguage\":\"fr-FR\",\"@id\":\"https:\\\/\\\/rachat2credit.fr\\\/guide\\\/#\\\/schema\\\/logo\\\/image\\\/\",\"url\":\"https:\\\/\\\/rachat2credit.fr\\\/guide\\\/wp-content\\\/uploads\\\/2025\\\/05\\\/rachat2credit.png\",\"contentUrl\":\"https:\\\/\\\/rachat2credit.fr\\\/guide\\\/wp-content\\\/uploads\\\/2025\\\/05\\\/rachat2credit.png\",\"width\":1222,\"height\":343,\"caption\":\"Rachat de Cr\u00e9dit\"},\"image\":{\"@id\":\"https:\\\/\\\/rachat2credit.fr\\\/guide\\\/#\\\/schema\\\/logo\\\/image\\\/\"}},{\"@type\":\"Person\",\"@id\":\"https:\\\/\\\/rachat2credit.fr\\\/guide\\\/#\\\/schema\\\/person\\\/d4142086d07bc6acdc4722eabd955cc2\",\"name\":\"Aurelien Boulanger\",\"image\":{\"@type\":\"ImageObject\",\"inLanguage\":\"fr-FR\",\"@id\":\"https:\\\/\\\/secure.gravatar.com\\\/avatar\\\/32175434c9ca2b27bfeb905d1c3ec782a789caf494bc0ec8fa6ed0ee39c2e62a?s=96&d=mm&r=g\",\"url\":\"https:\\\/\\\/secure.gravatar.com\\\/avatar\\\/32175434c9ca2b27bfeb905d1c3ec782a789caf494bc0ec8fa6ed0ee39c2e62a?s=96&d=mm&r=g\",\"contentUrl\":\"https:\\\/\\\/secure.gravatar.com\\\/avatar\\\/32175434c9ca2b27bfeb905d1c3ec782a789caf494bc0ec8fa6ed0ee39c2e62a?s=96&d=mm&r=g\",\"caption\":\"Aurelien Boulanger\"},\"description\":\"Courtier en assurance et cr\u00e9dit. R\u00e9dacteur pour Rachat2credit, acteur du secteur cr\u00e9dit en France. Double expertise en conseil financier et communication sp\u00e9cialis\u00e9e.\",\"sameAs\":[\"https:\\\/\\\/rachat2credit.fr\\\/guide\"],\"url\":\"https:\\\/\\\/rachat2credit.fr\\\/guide\\\/author\\\/aurelien\\\/\"}]}<\/script>\n<!-- \/ Yoast SEO plugin. -->","yoast_head_json":{"title":"Compte \u00e9pargne logement : les nouvelles r\u00e8gles qui s\u2019appliquent depuis le 1er ao\u00fbt \u201cmon conseiller ne m\u2019avait pas pr\u00e9venu de ce changement\u201d - Rachat de Cr\u00e9dit","robots":{"index":"index","follow":"follow","max-snippet":"max-snippet:-1","max-image-preview":"max-image-preview:large","max-video-preview":"max-video-preview:-1"},"canonical":"https:\/\/rachat2credit.fr\/guide\/compte-epargne-logement-les-nouvelles-regles-qui-sappliquent-depuis-le-1er-aout-mon-conseiller-ne-mavait-pas-prevenu-de-ce-changement\/","og_locale":"fr_FR","og_type":"article","og_title":"Compte \u00e9pargne logement : les nouvelles r\u00e8gles qui s\u2019appliquent depuis le 1er ao\u00fbt \u201cmon conseiller ne m\u2019avait pas pr\u00e9venu de ce changement\u201d - Rachat de Cr\u00e9dit","og_description":"Une r\u00e9forme discr\u00e8te mais significative pourrait bouleverser la gestion de votre \u00e9pargne logement. Depuis le 1er ao\u00fbt 2025, le Compte \u00c9pargne Logement (CEL) subirait des modifications r\u00e9glementaires impactant directement sa r\u00e9mun\u00e9ration et ses conditions d&rsquo;utilisation. Un changement de taux qui inqui\u00e8te les \u00e9pargnants Selon les informations consult\u00e9es, le taux d&rsquo;int\u00e9r\u00eat du CEL serait d\u00e9sormais r\u00e9vis\u00e9 ... Lire plus","og_url":"https:\/\/rachat2credit.fr\/guide\/compte-epargne-logement-les-nouvelles-regles-qui-sappliquent-depuis-le-1er-aout-mon-conseiller-ne-mavait-pas-prevenu-de-ce-changement\/","og_site_name":"Rachat de Cr\u00e9dit","article_published_time":"2025-08-27T13:46:30+00:00","og_image":[{"width":1344,"height":768,"url":"https:\/\/rachat2credit.fr\/guide\/wp-content\/uploads\/2025\/08\/flux-pro-1.1-1101-1756302401.jpg","type":"image\/jpeg"}],"author":"Aurelien Boulanger","twitter_card":"summary_large_image","twitter_misc":{"\u00c9crit par":"Aurelien Boulanger","Dur\u00e9e de lecture estim\u00e9e":"3 minutes"},"schema":{"@context":"https:\/\/schema.org","@graph":[{"@type":"NewsArticle","@id":"https:\/\/rachat2credit.fr\/guide\/compte-epargne-logement-les-nouvelles-regles-qui-sappliquent-depuis-le-1er-aout-mon-conseiller-ne-mavait-pas-prevenu-de-ce-changement\/#article","isPartOf":{"@id":"https:\/\/rachat2credit.fr\/guide\/compte-epargne-logement-les-nouvelles-regles-qui-sappliquent-depuis-le-1er-aout-mon-conseiller-ne-mavait-pas-prevenu-de-ce-changement\/"},"author":{"name":"Aurelien Boulanger","@id":"https:\/\/rachat2credit.fr\/guide\/#\/schema\/person\/d4142086d07bc6acdc4722eabd955cc2"},"headline":"Compte \u00e9pargne logement : les nouvelles r\u00e8gles qui s\u2019appliquent depuis le 1er ao\u00fbt \u201cmon conseiller ne m\u2019avait pas pr\u00e9venu de ce changement\u201d","datePublished":"2025-08-27T13:46:30+00:00","mainEntityOfPage":{"@id":"https:\/\/rachat2credit.fr\/guide\/compte-epargne-logement-les-nouvelles-regles-qui-sappliquent-depuis-le-1er-aout-mon-conseiller-ne-mavait-pas-prevenu-de-ce-changement\/"},"wordCount":662,"commentCount":34,"publisher":{"@id":"https:\/\/rachat2credit.fr\/guide\/#organization"},"image":{"@id":"https:\/\/rachat2credit.fr\/guide\/compte-epargne-logement-les-nouvelles-regles-qui-sappliquent-depuis-le-1er-aout-mon-conseiller-ne-mavait-pas-prevenu-de-ce-changement\/#primaryimage"},"thumbnailUrl":"https:\/\/rachat2credit.fr\/guide\/wp-content\/uploads\/2025\/08\/flux-pro-1.1-1101-1756302401.jpg","articleSection":["A la une"],"inLanguage":"fr-FR","potentialAction":[{"@type":"CommentAction","name":"Comment","target":["https:\/\/rachat2credit.fr\/guide\/compte-epargne-logement-les-nouvelles-regles-qui-sappliquent-depuis-le-1er-aout-mon-conseiller-ne-mavait-pas-prevenu-de-ce-changement\/#respond"]}]},{"@type":"WebPage","@id":"https:\/\/rachat2credit.fr\/guide\/compte-epargne-logement-les-nouvelles-regles-qui-sappliquent-depuis-le-1er-aout-mon-conseiller-ne-mavait-pas-prevenu-de-ce-changement\/","url":"https:\/\/rachat2credit.fr\/guide\/compte-epargne-logement-les-nouvelles-regles-qui-sappliquent-depuis-le-1er-aout-mon-conseiller-ne-mavait-pas-prevenu-de-ce-changement\/","name":"Compte \u00e9pargne logement : les nouvelles r\u00e8gles qui s\u2019appliquent depuis le 1er ao\u00fbt \u201cmon conseiller ne m\u2019avait pas pr\u00e9venu de ce changement\u201d - Rachat de Cr\u00e9dit","isPartOf":{"@id":"https:\/\/rachat2credit.fr\/guide\/#website"},"primaryImageOfPage":{"@id":"https:\/\/rachat2credit.fr\/guide\/compte-epargne-logement-les-nouvelles-regles-qui-sappliquent-depuis-le-1er-aout-mon-conseiller-ne-mavait-pas-prevenu-de-ce-changement\/#primaryimage"},"image":{"@id":"https:\/\/rachat2credit.fr\/guide\/compte-epargne-logement-les-nouvelles-regles-qui-sappliquent-depuis-le-1er-aout-mon-conseiller-ne-mavait-pas-prevenu-de-ce-changement\/#primaryimage"},"thumbnailUrl":"https:\/\/rachat2credit.fr\/guide\/wp-content\/uploads\/2025\/08\/flux-pro-1.1-1101-1756302401.jpg","datePublished":"2025-08-27T13:46:30+00:00","breadcrumb":{"@id":"https:\/\/rachat2credit.fr\/guide\/compte-epargne-logement-les-nouvelles-regles-qui-sappliquent-depuis-le-1er-aout-mon-conseiller-ne-mavait-pas-prevenu-de-ce-changement\/#breadcrumb"},"inLanguage":"fr-FR","potentialAction":[{"@type":"ReadAction","target":["https:\/\/rachat2credit.fr\/guide\/compte-epargne-logement-les-nouvelles-regles-qui-sappliquent-depuis-le-1er-aout-mon-conseiller-ne-mavait-pas-prevenu-de-ce-changement\/"]}]},{"@type":"ImageObject","inLanguage":"fr-FR","@id":"https:\/\/rachat2credit.fr\/guide\/compte-epargne-logement-les-nouvelles-regles-qui-sappliquent-depuis-le-1er-aout-mon-conseiller-ne-mavait-pas-prevenu-de-ce-changement\/#primaryimage","url":"https:\/\/rachat2credit.fr\/guide\/wp-content\/uploads\/2025\/08\/flux-pro-1.1-1101-1756302401.jpg","contentUrl":"https:\/\/rachat2credit.fr\/guide\/wp-content\/uploads\/2025\/08\/flux-pro-1.1-1101-1756302401.jpg","width":1344,"height":768},{"@type":"BreadcrumbList","@id":"https:\/\/rachat2credit.fr\/guide\/compte-epargne-logement-les-nouvelles-regles-qui-sappliquent-depuis-le-1er-aout-mon-conseiller-ne-mavait-pas-prevenu-de-ce-changement\/#breadcrumb","itemListElement":[{"@type":"ListItem","position":1,"name":"Accueil","item":"https:\/\/rachat2credit.fr\/guide\/"},{"@type":"ListItem","position":2,"name":"Compte \u00e9pargne logement : les nouvelles r\u00e8gles qui s\u2019appliquent depuis le 1er ao\u00fbt \u201cmon conseiller ne m\u2019avait pas pr\u00e9venu de ce changement\u201d"}]},{"@type":"WebSite","@id":"https:\/\/rachat2credit.fr\/guide\/#website","url":"https:\/\/rachat2credit.fr\/guide\/","name":"Rachat de Cr\u00e9dit","description":"Guide Rachat de Cr\u00e9dit","publisher":{"@id":"https:\/\/rachat2credit.fr\/guide\/#organization"},"potentialAction":[{"@type":"SearchAction","target":{"@type":"EntryPoint","urlTemplate":"https:\/\/rachat2credit.fr\/guide\/?s={search_term_string}"},"query-input":{"@type":"PropertyValueSpecification","valueRequired":true,"valueName":"search_term_string"}}],"inLanguage":"fr-FR"},{"@type":"Organization","@id":"https:\/\/rachat2credit.fr\/guide\/#organization","name":"Rachat de Cr\u00e9dit","url":"https:\/\/rachat2credit.fr\/guide\/","logo":{"@type":"ImageObject","inLanguage":"fr-FR","@id":"https:\/\/rachat2credit.fr\/guide\/#\/schema\/logo\/image\/","url":"https:\/\/rachat2credit.fr\/guide\/wp-content\/uploads\/2025\/05\/rachat2credit.png","contentUrl":"https:\/\/rachat2credit.fr\/guide\/wp-content\/uploads\/2025\/05\/rachat2credit.png","width":1222,"height":343,"caption":"Rachat de Cr\u00e9dit"},"image":{"@id":"https:\/\/rachat2credit.fr\/guide\/#\/schema\/logo\/image\/"}},{"@type":"Person","@id":"https:\/\/rachat2credit.fr\/guide\/#\/schema\/person\/d4142086d07bc6acdc4722eabd955cc2","name":"Aurelien Boulanger","image":{"@type":"ImageObject","inLanguage":"fr-FR","@id":"https:\/\/secure.gravatar.com\/avatar\/32175434c9ca2b27bfeb905d1c3ec782a789caf494bc0ec8fa6ed0ee39c2e62a?s=96&d=mm&r=g","url":"https:\/\/secure.gravatar.com\/avatar\/32175434c9ca2b27bfeb905d1c3ec782a789caf494bc0ec8fa6ed0ee39c2e62a?s=96&d=mm&r=g","contentUrl":"https:\/\/secure.gravatar.com\/avatar\/32175434c9ca2b27bfeb905d1c3ec782a789caf494bc0ec8fa6ed0ee39c2e62a?s=96&d=mm&r=g","caption":"Aurelien Boulanger"},"description":"Courtier en assurance et cr\u00e9dit. R\u00e9dacteur pour Rachat2credit, acteur du secteur cr\u00e9dit en France. Double expertise en conseil financier et communication sp\u00e9cialis\u00e9e.","sameAs":["https:\/\/rachat2credit.fr\/guide"],"url":"https:\/\/rachat2credit.fr\/guide\/author\/aurelien\/"}]}},"_links":{"self":[{"href":"https:\/\/rachat2credit.fr\/guide\/wp-json\/wp\/v2\/posts\/1101","targetHints":{"allow":["GET"]}}],"collection":[{"href":"https:\/\/rachat2credit.fr\/guide\/wp-json\/wp\/v2\/posts"}],"about":[{"href":"https:\/\/rachat2credit.fr\/guide\/wp-json\/wp\/v2\/types\/post"}],"author":[{"embeddable":true,"href":"https:\/\/rachat2credit.fr\/guide\/wp-json\/wp\/v2\/users\/1"}],"replies":[{"embeddable":true,"href":"https:\/\/rachat2credit.fr\/guide\/wp-json\/wp\/v2\/comments?post=1101"}],"version-history":[{"count":0,"href":"https:\/\/rachat2credit.fr\/guide\/wp-json\/wp\/v2\/posts\/1101\/revisions"}],"wp:featuredmedia":[{"embeddable":true,"href":"https:\/\/rachat2credit.fr\/guide\/wp-json\/wp\/v2\/media\/1102"}],"wp:attachment":[{"href":"https:\/\/rachat2credit.fr\/guide\/wp-json\/wp\/v2\/media?parent=1101"}],"wp:term":[{"taxonomy":"category","embeddable":true,"href":"https:\/\/rachat2credit.fr\/guide\/wp-json\/wp\/v2\/categories?post=1101"},{"taxonomy":"post_tag","embeddable":true,"href":"https:\/\/rachat2credit.fr\/guide\/wp-json\/wp\/v2\/tags?post=1101"}],"curies":[{"name":"wp","href":"https:\/\/api.w.org\/{rel}","templated":true}]}}