{"id":1117,"date":"2025-08-28T14:16:27","date_gmt":"2025-08-28T12:16:27","guid":{"rendered":"https:\/\/rachat2credit.fr\/guide\/france-le-taux-de-chomage-stable-a-75-au-deuxieme-trimestre-selon-linsee-cest-une-stagnation-qui-masque-mal-les-difficultes-de-recrutement\/"},"modified":"2025-08-28T14:16:27","modified_gmt":"2025-08-28T12:16:27","slug":"france-le-taux-de-chomage-stable-a-75-au-deuxieme-trimestre-selon-linsee-cest-une-stagnation-qui-masque-mal-les-difficultes-de-recrutement","status":"publish","type":"post","link":"https:\/\/rachat2credit.fr\/guide\/france-le-taux-de-chomage-stable-a-75-au-deuxieme-trimestre-selon-linsee-cest-une-stagnation-qui-masque-mal-les-difficultes-de-recrutement\/","title":{"rendered":"France : le taux de ch\u00f4mage stable \u00e0 7,5% au deuxi\u00e8me trimestre, selon l&rsquo;Insee \u00ab\u00a0c&rsquo;est une stagnation qui masque mal les difficult\u00e9s de recrutement\u00a0\u00bb"},"content":{"rendered":"<p>Le ch\u00f4mage en France serait-il enfin sous contr\u00f4le ? Alors que l&rsquo;Insee annonce un taux stable \u00e0 7,5% pour le deuxi\u00e8me trimestre, cette apparente stabilit\u00e9 masquerait des r\u00e9alit\u00e9s bien plus complexes sur le march\u00e9 du travail fran\u00e7ais.<\/p>\n<p>Cette stagnation statistique pourrait cacher une transformation profonde des dynamiques de l&#8217;emploi, entre pr\u00e9carit\u00e9 accrue et nouvelles formes de travail. \u00ab\u00a0Je cherche depuis six mois et les offres correspondent rarement \u00e0 mon profil,\u00a0\u00bb t\u00e9moigne Sophie, 34 ans, cadre dans le marketing digital.<\/p>\n<div id=\"ez-toc-container\" class=\"ez-toc-v2_0_82_2 counter-hierarchy ez-toc-counter ez-toc-grey ez-toc-container-direction\">\n<p class=\"ez-toc-title\" style=\"cursor:inherit\">Sommaire<\/p>\n<label for=\"ez-toc-cssicon-toggle-item-69f0f67e44f98\" class=\"ez-toc-cssicon-toggle-label\"><span class=\"ez-toc-cssicon\"><span class=\"eztoc-hide\" style=\"display:none;\">Toggle<\/span><span class=\"ez-toc-icon-toggle-span\"><svg style=\"fill: #999;color:#999\" xmlns=\"http:\/\/www.w3.org\/2000\/svg\" class=\"list-377408\" width=\"20px\" height=\"20px\" viewBox=\"0 0 24 24\" fill=\"none\"><path d=\"M6 6H4v2h2V6zm14 0H8v2h12V6zM4 11h2v2H4v-2zm16 0H8v2h12v-2zM4 16h2v2H4v-2zm16 0H8v2h12v-2z\" fill=\"currentColor\"><\/path><\/svg><svg style=\"fill: #999;color:#999\" class=\"arrow-unsorted-368013\" xmlns=\"http:\/\/www.w3.org\/2000\/svg\" width=\"10px\" height=\"10px\" viewBox=\"0 0 24 24\" version=\"1.2\" baseProfile=\"tiny\"><path d=\"M18.2 9.3l-6.2-6.3-6.2 6.3c-.2.2-.3.4-.3.7s.1.5.3.7c.2.2.4.3.7.3h11c.3 0 .5-.1.7-.3.2-.2.3-.5.3-.7s-.1-.5-.3-.7zM5.8 14.7l6.2 6.3 6.2-6.3c.2-.2.3-.5.3-.7s-.1-.5-.3-.7c-.2-.2-.4-.3-.7-.3h-11c-.3 0-.5.1-.7.3-.2.2-.3.5-.3.7s.1.5.3.7z\"\/><\/svg><\/span><\/span><\/label><input type=\"checkbox\"  id=\"ez-toc-cssicon-toggle-item-69f0f67e44f98\" checked aria-label=\"Toggle\" \/><nav><ul class='ez-toc-list ez-toc-list-level-1 ' ><li class='ez-toc-page-1 ez-toc-heading-level-3'><a class=\"ez-toc-link ez-toc-heading-1\" href=\"https:\/\/rachat2credit.fr\/guide\/france-le-taux-de-chomage-stable-a-75-au-deuxieme-trimestre-selon-linsee-cest-une-stagnation-qui-masque-mal-les-difficultes-de-recrutement\/#Une_stabilite_trompeuse\" >Une stabilit\u00e9 trompeuse ?<\/a><\/li><li class='ez-toc-page-1 ez-toc-heading-level-3'><a class=\"ez-toc-link ez-toc-heading-2\" href=\"https:\/\/rachat2credit.fr\/guide\/france-le-taux-de-chomage-stable-a-75-au-deuxieme-trimestre-selon-linsee-cest-une-stagnation-qui-masque-mal-les-difficultes-de-recrutement\/#Le_temoignage_poignant_dun_demandeur_demploi\" >Le t\u00e9moignage poignant d&rsquo;un demandeur d&#8217;emploi<\/a><\/li><li class='ez-toc-page-1 ez-toc-heading-level-3'><a class=\"ez-toc-link ez-toc-heading-3\" href=\"https:\/\/rachat2credit.fr\/guide\/france-le-taux-de-chomage-stable-a-75-au-deuxieme-trimestre-selon-linsee-cest-une-stagnation-qui-masque-mal-les-difficultes-de-recrutement\/#Les_secteurs_qui_tirent_leur_epingle_du_jeu\" >Les secteurs qui tirent leur \u00e9pingle du jeu<\/a><\/li><li class='ez-toc-page-1 ez-toc-heading-level-3'><a class=\"ez-toc-link ez-toc-heading-4\" href=\"https:\/\/rachat2credit.fr\/guide\/france-le-taux-de-chomage-stable-a-75-au-deuxieme-trimestre-selon-linsee-cest-une-stagnation-qui-masque-mal-les-difficultes-de-recrutement\/#Limpact_des_mesures_gouvernementales\" >L&rsquo;impact des mesures gouvernementales<\/a><\/li><li class='ez-toc-page-1 ez-toc-heading-level-3'><a class=\"ez-toc-link ez-toc-heading-5\" href=\"https:\/\/rachat2credit.fr\/guide\/france-le-taux-de-chomage-stable-a-75-au-deuxieme-trimestre-selon-linsee-cest-une-stagnation-qui-masque-mal-les-difficultes-de-recrutement\/#Perspectives_et_defis_a_venir\" >Perspectives et d\u00e9fis \u00e0 venir<\/a><\/li><\/ul><\/nav><\/div>\n<h3><span class=\"ez-toc-section\" id=\"Une_stabilite_trompeuse\"><\/span>Une stabilit\u00e9 trompeuse ?<span class=\"ez-toc-section-end\"><\/span><\/h3>\n<p>Derri\u00e8re ce chiffre apparemment positif se cacheraient des disparit\u00e9s territoriales et sectorielles significatives. Certains experts \u00e9voqueraient un \u00ab\u00a0march\u00e9 du travail \u00e0 deux vitesses\u00a0\u00bb, o\u00f9 certains secteurs comme le num\u00e9rique continueraient de recruter massivement tandis que d&rsquo;autres industries traditionnelles peineraient \u00e0 se relever.<\/p>\n<p>L&rsquo;analyse d\u00e9taill\u00e9e des chiffres de l&rsquo;<a href=\"https:\/\/www.insee.fr\/fr\/statistiques\" target=\"_blank\" rel=\"noopener\">Insee<\/a> r\u00e9v\u00e9lerait que cette stabilit\u00e9 r\u00e9sulterait d&rsquo;un \u00e9quilibre pr\u00e9caire entre cr\u00e9ations d&#8217;emplois dans certains domaines et destinations dans d&rsquo;autres.<\/p>\n<h3><span class=\"ez-toc-section\" id=\"Le_temoignage_poignant_dun_demandeur_demploi\"><\/span>Le t\u00e9moignage poignant d&rsquo;un demandeur d&#8217;emploi<span class=\"ez-toc-section-end\"><\/span><\/h3>\n<p>Marc, 52 ans, ancien responsable logistique, vit cette r\u00e9alit\u00e9 depuis dix-huit mois : \u00ab\u00a0J&rsquo;envoie quotidiennement des candidatures, mais mon \u00e2ge semble \u00eatre un obstacle invisible. Cette stabilit\u00e9 du ch\u00f4mage, je ne la vis pas du tout dans mon quotidien.\u00a0\u00bb<\/p>\n<p>Son exp\u00e9rience illustrerait le d\u00e9calage entre les statistiques macro\u00e9conomiques et les r\u00e9alit\u00e9s individuelles de milliers de Fran\u00e7ais qui peinent \u00e0 retrouver un emploi correspondant \u00e0 leurs comp\u00e9tences.<\/p>\n<h3><span class=\"ez-toc-section\" id=\"Les_secteurs_qui_tirent_leur_epingle_du_jeu\"><\/span>Les secteurs qui tirent leur \u00e9pingle du jeu<span class=\"ez-toc-section-end\"><\/span><\/h3>\n<p>Certains domaines d&rsquo;activit\u00e9 continueraient de montrer une vitalit\u00e9 remarquable. Les m\u00e9tiers de la transition \u00e9cologique, du num\u00e9rique et de la sant\u00e9 repr\u00e9senteraient des viviers d&#8217;emplois dynamiques. Cette transformation du paysage professionnel n\u00e9cessiterait cependant une adaptation des comp\u00e9tences pour de nombreux demandeurs d&#8217;emploi.<\/p>\n<p>Les formations professionnelles et les reconversions deviendraient ainsi un passage oblig\u00e9 pour de nombreux Fran\u00e7ais, cr\u00e9ant un pont entre les anciens m\u00e9tiers en d\u00e9clin et les nouvelles opportunit\u00e9s.<\/p>\n<h3><span class=\"ez-toc-section\" id=\"Limpact_des_mesures_gouvernementales\"><\/span>L&rsquo;impact des mesures gouvernementales<span class=\"ez-toc-section-end\"><\/span><\/h3>\n<p>Les politiques publiques r\u00e9centes en faveur de l&#8217;emploi semblent porter leurs fruits, mais de mani\u00e8re in\u00e9gale. Les aides \u00e0 l&#8217;embauche dans certains secteurs cibl\u00e9s auraient effectivement stimul\u00e9 les recrutements, tandis que d&rsquo;autres mesures montreraient des r\u00e9sultats plus mitig\u00e9s.<\/p>\n<p>Cette stabilit\u00e9 du taux de ch\u00f4mage pourrait s&rsquo;expliquer par la combinaison de plusieurs facteurs : reprise \u00e9conomique mod\u00e9r\u00e9e, transformations structurelles du march\u00e9 du travail, et effets des politiques de soutien \u00e0 l&#8217;emploi.<\/p>\n<h3><span class=\"ez-toc-section\" id=\"Perspectives_et_defis_a_venir\"><\/span>Perspectives et d\u00e9fis \u00e0 venir<span class=\"ez-toc-section-end\"><\/span><\/h3>\n<p>Les experts restent prudents quant \u00e0 l&rsquo;\u00e9volution future. Si la stabilit\u00e9 actuelle repr\u00e9sente un mieux apr\u00e8s les turbulences des derni\u00e8res ann\u00e9es, elle ne signifierait pas pour autant une r\u00e9solution d\u00e9finitive des probl\u00e8mes structurels du march\u00e9 du travail fran\u00e7ais.<\/p>\n<p>Les d\u00e9fis d\u00e9mographiques, les transitions \u00e9cologique et num\u00e9rique, ainsi que la concurrence internationale continueraient de peser sur les perspectives d&#8217;emploi \u00e0 moyen terme.<\/p>\n<p>Cette p\u00e9riode de stabilit\u00e9 relative pourrait donc repr\u00e9senter une opportunit\u00e9 cruciale pour pr\u00e9parer l&rsquo;\u00e9conomie fran\u00e7aise aux mutations \u00e0 venir, en investissant massivement dans la formation et l&rsquo;innovation.<\/p>\n<p>La situation actuelle du march\u00e9 du travail fran\u00e7ais resterait donc contrast\u00e9e, entre optimisme prudent face \u00e0 cette stabilisation et conscience des d\u00e9fis persistants. La v\u00e9ritable mesure du succ\u00e8s ne r\u00e9siderait pas seulement dans les chiffres du ch\u00f4mage, mais dans la qualit\u00e9 des emplois cr\u00e9\u00e9s et leur ad\u00e9quation avec les aspirations des travailleurs fran\u00e7ais.<\/p>\n\n\n<div class=\"kk-star-ratings kksr-auto kksr-align-center kksr-valign-bottom\"\n    data-payload='{&quot;align&quot;:&quot;center&quot;,&quot;id&quot;:&quot;1117&quot;,&quot;slug&quot;:&quot;default&quot;,&quot;valign&quot;:&quot;bottom&quot;,&quot;ignore&quot;:&quot;&quot;,&quot;reference&quot;:&quot;auto&quot;,&quot;class&quot;:&quot;&quot;,&quot;count&quot;:&quot;0&quot;,&quot;legendonly&quot;:&quot;&quot;,&quot;readonly&quot;:&quot;&quot;,&quot;score&quot;:&quot;0&quot;,&quot;starsonly&quot;:&quot;&quot;,&quot;best&quot;:&quot;5&quot;,&quot;gap&quot;:&quot;5&quot;,&quot;greet&quot;:&quot;&quot;,&quot;legend&quot;:&quot;0\\\/5 - (0 vote)&quot;,&quot;size&quot;:&quot;24&quot;,&quot;title&quot;:&quot;France : le taux de ch\u00f4mage stable \u00e0 7,5% au deuxi\u00e8me trimestre, selon l\\u0026#039;Insee \\u0026quot;c\\u0026#039;est une stagnation qui masque mal les difficult\u00e9s de recrutement\\u0026quot;&quot;,&quot;width&quot;:&quot;0&quot;,&quot;_legend&quot;:&quot;{score}\\\/{best} - ({count} {votes})&quot;,&quot;font_factor&quot;:&quot;1.25&quot;}'>\n            \n<div class=\"kksr-stars\">\n    \n<div class=\"kksr-stars-inactive\">\n            <div class=\"kksr-star\" data-star=\"1\" style=\"padding-right: 5px\">\n            \n\n<div class=\"kksr-icon\" style=\"width: 24px; height: 24px;\"><\/div>\n        <\/div>\n            <div class=\"kksr-star\" data-star=\"2\" style=\"padding-right: 5px\">\n            \n\n<div class=\"kksr-icon\" style=\"width: 24px; height: 24px;\"><\/div>\n        <\/div>\n            <div class=\"kksr-star\" data-star=\"3\" style=\"padding-right: 5px\">\n            \n\n<div class=\"kksr-icon\" style=\"width: 24px; height: 24px;\"><\/div>\n        <\/div>\n            <div class=\"kksr-star\" data-star=\"4\" style=\"padding-right: 5px\">\n            \n\n<div class=\"kksr-icon\" style=\"width: 24px; height: 24px;\"><\/div>\n        <\/div>\n            <div class=\"kksr-star\" data-star=\"5\" style=\"padding-right: 5px\">\n            \n\n<div class=\"kksr-icon\" style=\"width: 24px; height: 24px;\"><\/div>\n        <\/div>\n    <\/div>\n    \n<div class=\"kksr-stars-active\" style=\"width: 0px;\">\n            <div class=\"kksr-star\" style=\"padding-right: 5px\">\n            \n\n<div class=\"kksr-icon\" style=\"width: 24px; height: 24px;\"><\/div>\n        <\/div>\n            <div class=\"kksr-star\" style=\"padding-right: 5px\">\n            \n\n<div class=\"kksr-icon\" style=\"width: 24px; height: 24px;\"><\/div>\n        <\/div>\n            <div class=\"kksr-star\" style=\"padding-right: 5px\">\n            \n\n<div class=\"kksr-icon\" style=\"width: 24px; height: 24px;\"><\/div>\n        <\/div>\n            <div class=\"kksr-star\" style=\"padding-right: 5px\">\n            \n\n<div class=\"kksr-icon\" style=\"width: 24px; height: 24px;\"><\/div>\n        <\/div>\n            <div class=\"kksr-star\" style=\"padding-right: 5px\">\n            \n\n<div class=\"kksr-icon\" style=\"width: 24px; height: 24px;\"><\/div>\n        <\/div>\n    <\/div>\n<\/div>\n                \n\n<div class=\"kksr-legend\" style=\"font-size: 19.2px;\">\n            <span class=\"kksr-muted\"><\/span>\n    <\/div>\n    <\/div>\n","protected":false},"excerpt":{"rendered":"<p>Le ch\u00f4mage en France serait-il enfin sous contr\u00f4le ? Alors que l&rsquo;Insee annonce un taux stable \u00e0 7,5% pour le deuxi\u00e8me trimestre, cette apparente stabilit\u00e9 masquerait des r\u00e9alit\u00e9s bien plus complexes sur le march\u00e9 du travail fran\u00e7ais. Cette stagnation statistique pourrait cacher une transformation profonde des dynamiques de l&#8217;emploi, entre pr\u00e9carit\u00e9 accrue et nouvelles formes &#8230; <a title=\"France : le taux de ch\u00f4mage stable \u00e0 7,5% au deuxi\u00e8me trimestre, selon l&rsquo;Insee \u00ab\u00a0c&rsquo;est une stagnation qui masque mal les difficult\u00e9s de recrutement\u00a0\u00bb\" class=\"read-more\" href=\"https:\/\/rachat2credit.fr\/guide\/france-le-taux-de-chomage-stable-a-75-au-deuxieme-trimestre-selon-linsee-cest-une-stagnation-qui-masque-mal-les-difficultes-de-recrutement\/\" aria-label=\"En savoir plus sur France : le taux de ch\u00f4mage stable \u00e0 7,5% au deuxi\u00e8me trimestre, selon l&rsquo;Insee \u00ab\u00a0c&rsquo;est une stagnation qui masque mal les difficult\u00e9s de recrutement\u00a0\u00bb\">Lire plus<\/a><\/p>\n","protected":false},"author":1,"featured_media":1118,"comment_status":"open","ping_status":"open","sticky":false,"template":"","format":"standard","meta":{"footnotes":""},"categories":[8],"tags":[],"class_list":["post-1117","post","type-post","status-publish","format-standard","has-post-thumbnail","hentry","category-a-la-une"],"yoast_head":"<!-- This site is optimized with the Yoast SEO plugin v27.5 - https:\/\/yoast.com\/product\/yoast-seo-wordpress\/ -->\n<title>France : le taux de ch\u00f4mage stable \u00e0 7,5% au deuxi\u00e8me trimestre, selon l&#039;Insee &quot;c&#039;est une stagnation qui masque mal les difficult\u00e9s de recrutement&quot; - Rachat de Cr\u00e9dit<\/title>\n<meta name=\"robots\" content=\"index, follow, max-snippet:-1, max-image-preview:large, max-video-preview:-1\" \/>\n<link rel=\"canonical\" href=\"https:\/\/rachat2credit.fr\/guide\/france-le-taux-de-chomage-stable-a-75-au-deuxieme-trimestre-selon-linsee-cest-une-stagnation-qui-masque-mal-les-difficultes-de-recrutement\/\" \/>\n<meta property=\"og:locale\" content=\"fr_FR\" \/>\n<meta property=\"og:type\" content=\"article\" \/>\n<meta property=\"og:title\" content=\"France : le taux de ch\u00f4mage stable \u00e0 7,5% au deuxi\u00e8me trimestre, selon l&#039;Insee &quot;c&#039;est une stagnation qui masque mal les difficult\u00e9s de recrutement&quot; - Rachat de Cr\u00e9dit\" \/>\n<meta property=\"og:description\" content=\"Le ch\u00f4mage en France serait-il enfin sous contr\u00f4le ? Alors que l&rsquo;Insee annonce un taux stable \u00e0 7,5% pour le deuxi\u00e8me trimestre, cette apparente stabilit\u00e9 masquerait des r\u00e9alit\u00e9s bien plus complexes sur le march\u00e9 du travail fran\u00e7ais. Cette stagnation statistique pourrait cacher une transformation profonde des dynamiques de l&#8217;emploi, entre pr\u00e9carit\u00e9 accrue et nouvelles formes ... Lire plus\" \/>\n<meta property=\"og:url\" content=\"https:\/\/rachat2credit.fr\/guide\/france-le-taux-de-chomage-stable-a-75-au-deuxieme-trimestre-selon-linsee-cest-une-stagnation-qui-masque-mal-les-difficultes-de-recrutement\/\" \/>\n<meta property=\"og:site_name\" content=\"Rachat de Cr\u00e9dit\" \/>\n<meta property=\"article:published_time\" content=\"2025-08-28T12:16:27+00:00\" \/>\n<meta property=\"og:image\" content=\"https:\/\/rachat2credit.fr\/guide\/wp-content\/uploads\/2025\/08\/flux-pro-1.1-1117-1756383398.jpg\" \/>\n\t<meta property=\"og:image:width\" content=\"1344\" \/>\n\t<meta property=\"og:image:height\" content=\"768\" \/>\n\t<meta property=\"og:image:type\" content=\"image\/jpeg\" \/>\n<meta name=\"author\" content=\"Aurelien Boulanger\" \/>\n<meta name=\"twitter:card\" content=\"summary_large_image\" \/>\n<meta name=\"twitter:label1\" content=\"\u00c9crit par\" \/>\n\t<meta name=\"twitter:data1\" content=\"Aurelien Boulanger\" \/>\n\t<meta name=\"twitter:label2\" content=\"Dur\u00e9e de lecture estim\u00e9e\" \/>\n\t<meta name=\"twitter:data2\" content=\"3 minutes\" \/>\n<script type=\"application\/ld+json\" class=\"yoast-schema-graph\">{\"@context\":\"https:\\\/\\\/schema.org\",\"@graph\":[{\"@type\":\"NewsArticle\",\"@id\":\"https:\\\/\\\/rachat2credit.fr\\\/guide\\\/france-le-taux-de-chomage-stable-a-75-au-deuxieme-trimestre-selon-linsee-cest-une-stagnation-qui-masque-mal-les-difficultes-de-recrutement\\\/#article\",\"isPartOf\":{\"@id\":\"https:\\\/\\\/rachat2credit.fr\\\/guide\\\/france-le-taux-de-chomage-stable-a-75-au-deuxieme-trimestre-selon-linsee-cest-une-stagnation-qui-masque-mal-les-difficultes-de-recrutement\\\/\"},\"author\":{\"name\":\"Aurelien Boulanger\",\"@id\":\"https:\\\/\\\/rachat2credit.fr\\\/guide\\\/#\\\/schema\\\/person\\\/d4142086d07bc6acdc4722eabd955cc2\"},\"headline\":\"France : le taux de ch\u00f4mage stable \u00e0 7,5% au deuxi\u00e8me trimestre, selon l&rsquo;Insee \u00ab\u00a0c&rsquo;est une stagnation qui masque mal les difficult\u00e9s de recrutement\u00a0\u00bb\",\"datePublished\":\"2025-08-28T12:16:27+00:00\",\"mainEntityOfPage\":{\"@id\":\"https:\\\/\\\/rachat2credit.fr\\\/guide\\\/france-le-taux-de-chomage-stable-a-75-au-deuxieme-trimestre-selon-linsee-cest-une-stagnation-qui-masque-mal-les-difficultes-de-recrutement\\\/\"},\"wordCount\":622,\"commentCount\":6,\"publisher\":{\"@id\":\"https:\\\/\\\/rachat2credit.fr\\\/guide\\\/#organization\"},\"image\":{\"@id\":\"https:\\\/\\\/rachat2credit.fr\\\/guide\\\/france-le-taux-de-chomage-stable-a-75-au-deuxieme-trimestre-selon-linsee-cest-une-stagnation-qui-masque-mal-les-difficultes-de-recrutement\\\/#primaryimage\"},\"thumbnailUrl\":\"https:\\\/\\\/rachat2credit.fr\\\/guide\\\/wp-content\\\/uploads\\\/2025\\\/08\\\/flux-pro-1.1-1117-1756383398.jpg\",\"articleSection\":[\"A la une\"],\"inLanguage\":\"fr-FR\",\"potentialAction\":[{\"@type\":\"CommentAction\",\"name\":\"Comment\",\"target\":[\"https:\\\/\\\/rachat2credit.fr\\\/guide\\\/france-le-taux-de-chomage-stable-a-75-au-deuxieme-trimestre-selon-linsee-cest-une-stagnation-qui-masque-mal-les-difficultes-de-recrutement\\\/#respond\"]}]},{\"@type\":\"WebPage\",\"@id\":\"https:\\\/\\\/rachat2credit.fr\\\/guide\\\/france-le-taux-de-chomage-stable-a-75-au-deuxieme-trimestre-selon-linsee-cest-une-stagnation-qui-masque-mal-les-difficultes-de-recrutement\\\/\",\"url\":\"https:\\\/\\\/rachat2credit.fr\\\/guide\\\/france-le-taux-de-chomage-stable-a-75-au-deuxieme-trimestre-selon-linsee-cest-une-stagnation-qui-masque-mal-les-difficultes-de-recrutement\\\/\",\"name\":\"France : le taux de ch\u00f4mage stable \u00e0 7,5% au deuxi\u00e8me trimestre, selon l'Insee \\\"c'est une stagnation qui masque mal les difficult\u00e9s de recrutement\\\" - Rachat de Cr\u00e9dit\",\"isPartOf\":{\"@id\":\"https:\\\/\\\/rachat2credit.fr\\\/guide\\\/#website\"},\"primaryImageOfPage\":{\"@id\":\"https:\\\/\\\/rachat2credit.fr\\\/guide\\\/france-le-taux-de-chomage-stable-a-75-au-deuxieme-trimestre-selon-linsee-cest-une-stagnation-qui-masque-mal-les-difficultes-de-recrutement\\\/#primaryimage\"},\"image\":{\"@id\":\"https:\\\/\\\/rachat2credit.fr\\\/guide\\\/france-le-taux-de-chomage-stable-a-75-au-deuxieme-trimestre-selon-linsee-cest-une-stagnation-qui-masque-mal-les-difficultes-de-recrutement\\\/#primaryimage\"},\"thumbnailUrl\":\"https:\\\/\\\/rachat2credit.fr\\\/guide\\\/wp-content\\\/uploads\\\/2025\\\/08\\\/flux-pro-1.1-1117-1756383398.jpg\",\"datePublished\":\"2025-08-28T12:16:27+00:00\",\"breadcrumb\":{\"@id\":\"https:\\\/\\\/rachat2credit.fr\\\/guide\\\/france-le-taux-de-chomage-stable-a-75-au-deuxieme-trimestre-selon-linsee-cest-une-stagnation-qui-masque-mal-les-difficultes-de-recrutement\\\/#breadcrumb\"},\"inLanguage\":\"fr-FR\",\"potentialAction\":[{\"@type\":\"ReadAction\",\"target\":[\"https:\\\/\\\/rachat2credit.fr\\\/guide\\\/france-le-taux-de-chomage-stable-a-75-au-deuxieme-trimestre-selon-linsee-cest-une-stagnation-qui-masque-mal-les-difficultes-de-recrutement\\\/\"]}]},{\"@type\":\"ImageObject\",\"inLanguage\":\"fr-FR\",\"@id\":\"https:\\\/\\\/rachat2credit.fr\\\/guide\\\/france-le-taux-de-chomage-stable-a-75-au-deuxieme-trimestre-selon-linsee-cest-une-stagnation-qui-masque-mal-les-difficultes-de-recrutement\\\/#primaryimage\",\"url\":\"https:\\\/\\\/rachat2credit.fr\\\/guide\\\/wp-content\\\/uploads\\\/2025\\\/08\\\/flux-pro-1.1-1117-1756383398.jpg\",\"contentUrl\":\"https:\\\/\\\/rachat2credit.fr\\\/guide\\\/wp-content\\\/uploads\\\/2025\\\/08\\\/flux-pro-1.1-1117-1756383398.jpg\",\"width\":1344,\"height\":768},{\"@type\":\"BreadcrumbList\",\"@id\":\"https:\\\/\\\/rachat2credit.fr\\\/guide\\\/france-le-taux-de-chomage-stable-a-75-au-deuxieme-trimestre-selon-linsee-cest-une-stagnation-qui-masque-mal-les-difficultes-de-recrutement\\\/#breadcrumb\",\"itemListElement\":[{\"@type\":\"ListItem\",\"position\":1,\"name\":\"Accueil\",\"item\":\"https:\\\/\\\/rachat2credit.fr\\\/guide\\\/\"},{\"@type\":\"ListItem\",\"position\":2,\"name\":\"France : le taux de ch\u00f4mage stable \u00e0 7,5% au deuxi\u00e8me trimestre, selon l&rsquo;Insee \u00ab\u00a0c&rsquo;est une stagnation qui masque mal les difficult\u00e9s de recrutement\u00a0\u00bb\"}]},{\"@type\":\"WebSite\",\"@id\":\"https:\\\/\\\/rachat2credit.fr\\\/guide\\\/#website\",\"url\":\"https:\\\/\\\/rachat2credit.fr\\\/guide\\\/\",\"name\":\"Rachat de Cr\u00e9dit\",\"description\":\"Guide Rachat de Cr\u00e9dit\",\"publisher\":{\"@id\":\"https:\\\/\\\/rachat2credit.fr\\\/guide\\\/#organization\"},\"potentialAction\":[{\"@type\":\"SearchAction\",\"target\":{\"@type\":\"EntryPoint\",\"urlTemplate\":\"https:\\\/\\\/rachat2credit.fr\\\/guide\\\/?s={search_term_string}\"},\"query-input\":{\"@type\":\"PropertyValueSpecification\",\"valueRequired\":true,\"valueName\":\"search_term_string\"}}],\"inLanguage\":\"fr-FR\"},{\"@type\":\"Organization\",\"@id\":\"https:\\\/\\\/rachat2credit.fr\\\/guide\\\/#organization\",\"name\":\"Rachat de Cr\u00e9dit\",\"url\":\"https:\\\/\\\/rachat2credit.fr\\\/guide\\\/\",\"logo\":{\"@type\":\"ImageObject\",\"inLanguage\":\"fr-FR\",\"@id\":\"https:\\\/\\\/rachat2credit.fr\\\/guide\\\/#\\\/schema\\\/logo\\\/image\\\/\",\"url\":\"https:\\\/\\\/rachat2credit.fr\\\/guide\\\/wp-content\\\/uploads\\\/2025\\\/05\\\/rachat2credit.png\",\"contentUrl\":\"https:\\\/\\\/rachat2credit.fr\\\/guide\\\/wp-content\\\/uploads\\\/2025\\\/05\\\/rachat2credit.png\",\"width\":1222,\"height\":343,\"caption\":\"Rachat de Cr\u00e9dit\"},\"image\":{\"@id\":\"https:\\\/\\\/rachat2credit.fr\\\/guide\\\/#\\\/schema\\\/logo\\\/image\\\/\"}},{\"@type\":\"Person\",\"@id\":\"https:\\\/\\\/rachat2credit.fr\\\/guide\\\/#\\\/schema\\\/person\\\/d4142086d07bc6acdc4722eabd955cc2\",\"name\":\"Aurelien Boulanger\",\"image\":{\"@type\":\"ImageObject\",\"inLanguage\":\"fr-FR\",\"@id\":\"https:\\\/\\\/secure.gravatar.com\\\/avatar\\\/32175434c9ca2b27bfeb905d1c3ec782a789caf494bc0ec8fa6ed0ee39c2e62a?s=96&d=mm&r=g\",\"url\":\"https:\\\/\\\/secure.gravatar.com\\\/avatar\\\/32175434c9ca2b27bfeb905d1c3ec782a789caf494bc0ec8fa6ed0ee39c2e62a?s=96&d=mm&r=g\",\"contentUrl\":\"https:\\\/\\\/secure.gravatar.com\\\/avatar\\\/32175434c9ca2b27bfeb905d1c3ec782a789caf494bc0ec8fa6ed0ee39c2e62a?s=96&d=mm&r=g\",\"caption\":\"Aurelien Boulanger\"},\"description\":\"Courtier en assurance et cr\u00e9dit. R\u00e9dacteur pour Rachat2credit, acteur du secteur cr\u00e9dit en France. Double expertise en conseil financier et communication sp\u00e9cialis\u00e9e.\",\"sameAs\":[\"https:\\\/\\\/rachat2credit.fr\\\/guide\"],\"url\":\"https:\\\/\\\/rachat2credit.fr\\\/guide\\\/author\\\/aurelien\\\/\"}]}<\/script>\n<!-- \/ Yoast SEO plugin. -->","yoast_head_json":{"title":"France : le taux de ch\u00f4mage stable \u00e0 7,5% au deuxi\u00e8me trimestre, selon l'Insee \"c'est une stagnation qui masque mal les difficult\u00e9s de recrutement\" - Rachat de Cr\u00e9dit","robots":{"index":"index","follow":"follow","max-snippet":"max-snippet:-1","max-image-preview":"max-image-preview:large","max-video-preview":"max-video-preview:-1"},"canonical":"https:\/\/rachat2credit.fr\/guide\/france-le-taux-de-chomage-stable-a-75-au-deuxieme-trimestre-selon-linsee-cest-une-stagnation-qui-masque-mal-les-difficultes-de-recrutement\/","og_locale":"fr_FR","og_type":"article","og_title":"France : le taux de ch\u00f4mage stable \u00e0 7,5% au deuxi\u00e8me trimestre, selon l'Insee \"c'est une stagnation qui masque mal les difficult\u00e9s de recrutement\" - Rachat de Cr\u00e9dit","og_description":"Le ch\u00f4mage en France serait-il enfin sous contr\u00f4le ? Alors que l&rsquo;Insee annonce un taux stable \u00e0 7,5% pour le deuxi\u00e8me trimestre, cette apparente stabilit\u00e9 masquerait des r\u00e9alit\u00e9s bien plus complexes sur le march\u00e9 du travail fran\u00e7ais. Cette stagnation statistique pourrait cacher une transformation profonde des dynamiques de l&#8217;emploi, entre pr\u00e9carit\u00e9 accrue et nouvelles formes ... Lire plus","og_url":"https:\/\/rachat2credit.fr\/guide\/france-le-taux-de-chomage-stable-a-75-au-deuxieme-trimestre-selon-linsee-cest-une-stagnation-qui-masque-mal-les-difficultes-de-recrutement\/","og_site_name":"Rachat de Cr\u00e9dit","article_published_time":"2025-08-28T12:16:27+00:00","og_image":[{"width":1344,"height":768,"url":"https:\/\/rachat2credit.fr\/guide\/wp-content\/uploads\/2025\/08\/flux-pro-1.1-1117-1756383398.jpg","type":"image\/jpeg"}],"author":"Aurelien Boulanger","twitter_card":"summary_large_image","twitter_misc":{"\u00c9crit par":"Aurelien Boulanger","Dur\u00e9e de lecture estim\u00e9e":"3 minutes"},"schema":{"@context":"https:\/\/schema.org","@graph":[{"@type":"NewsArticle","@id":"https:\/\/rachat2credit.fr\/guide\/france-le-taux-de-chomage-stable-a-75-au-deuxieme-trimestre-selon-linsee-cest-une-stagnation-qui-masque-mal-les-difficultes-de-recrutement\/#article","isPartOf":{"@id":"https:\/\/rachat2credit.fr\/guide\/france-le-taux-de-chomage-stable-a-75-au-deuxieme-trimestre-selon-linsee-cest-une-stagnation-qui-masque-mal-les-difficultes-de-recrutement\/"},"author":{"name":"Aurelien Boulanger","@id":"https:\/\/rachat2credit.fr\/guide\/#\/schema\/person\/d4142086d07bc6acdc4722eabd955cc2"},"headline":"France : le taux de ch\u00f4mage stable \u00e0 7,5% au deuxi\u00e8me trimestre, selon l&rsquo;Insee \u00ab\u00a0c&rsquo;est une stagnation qui masque mal les difficult\u00e9s de recrutement\u00a0\u00bb","datePublished":"2025-08-28T12:16:27+00:00","mainEntityOfPage":{"@id":"https:\/\/rachat2credit.fr\/guide\/france-le-taux-de-chomage-stable-a-75-au-deuxieme-trimestre-selon-linsee-cest-une-stagnation-qui-masque-mal-les-difficultes-de-recrutement\/"},"wordCount":622,"commentCount":6,"publisher":{"@id":"https:\/\/rachat2credit.fr\/guide\/#organization"},"image":{"@id":"https:\/\/rachat2credit.fr\/guide\/france-le-taux-de-chomage-stable-a-75-au-deuxieme-trimestre-selon-linsee-cest-une-stagnation-qui-masque-mal-les-difficultes-de-recrutement\/#primaryimage"},"thumbnailUrl":"https:\/\/rachat2credit.fr\/guide\/wp-content\/uploads\/2025\/08\/flux-pro-1.1-1117-1756383398.jpg","articleSection":["A la une"],"inLanguage":"fr-FR","potentialAction":[{"@type":"CommentAction","name":"Comment","target":["https:\/\/rachat2credit.fr\/guide\/france-le-taux-de-chomage-stable-a-75-au-deuxieme-trimestre-selon-linsee-cest-une-stagnation-qui-masque-mal-les-difficultes-de-recrutement\/#respond"]}]},{"@type":"WebPage","@id":"https:\/\/rachat2credit.fr\/guide\/france-le-taux-de-chomage-stable-a-75-au-deuxieme-trimestre-selon-linsee-cest-une-stagnation-qui-masque-mal-les-difficultes-de-recrutement\/","url":"https:\/\/rachat2credit.fr\/guide\/france-le-taux-de-chomage-stable-a-75-au-deuxieme-trimestre-selon-linsee-cest-une-stagnation-qui-masque-mal-les-difficultes-de-recrutement\/","name":"France : le taux de ch\u00f4mage stable \u00e0 7,5% au deuxi\u00e8me trimestre, selon l'Insee \"c'est une stagnation qui masque mal les difficult\u00e9s de recrutement\" - Rachat de Cr\u00e9dit","isPartOf":{"@id":"https:\/\/rachat2credit.fr\/guide\/#website"},"primaryImageOfPage":{"@id":"https:\/\/rachat2credit.fr\/guide\/france-le-taux-de-chomage-stable-a-75-au-deuxieme-trimestre-selon-linsee-cest-une-stagnation-qui-masque-mal-les-difficultes-de-recrutement\/#primaryimage"},"image":{"@id":"https:\/\/rachat2credit.fr\/guide\/france-le-taux-de-chomage-stable-a-75-au-deuxieme-trimestre-selon-linsee-cest-une-stagnation-qui-masque-mal-les-difficultes-de-recrutement\/#primaryimage"},"thumbnailUrl":"https:\/\/rachat2credit.fr\/guide\/wp-content\/uploads\/2025\/08\/flux-pro-1.1-1117-1756383398.jpg","datePublished":"2025-08-28T12:16:27+00:00","breadcrumb":{"@id":"https:\/\/rachat2credit.fr\/guide\/france-le-taux-de-chomage-stable-a-75-au-deuxieme-trimestre-selon-linsee-cest-une-stagnation-qui-masque-mal-les-difficultes-de-recrutement\/#breadcrumb"},"inLanguage":"fr-FR","potentialAction":[{"@type":"ReadAction","target":["https:\/\/rachat2credit.fr\/guide\/france-le-taux-de-chomage-stable-a-75-au-deuxieme-trimestre-selon-linsee-cest-une-stagnation-qui-masque-mal-les-difficultes-de-recrutement\/"]}]},{"@type":"ImageObject","inLanguage":"fr-FR","@id":"https:\/\/rachat2credit.fr\/guide\/france-le-taux-de-chomage-stable-a-75-au-deuxieme-trimestre-selon-linsee-cest-une-stagnation-qui-masque-mal-les-difficultes-de-recrutement\/#primaryimage","url":"https:\/\/rachat2credit.fr\/guide\/wp-content\/uploads\/2025\/08\/flux-pro-1.1-1117-1756383398.jpg","contentUrl":"https:\/\/rachat2credit.fr\/guide\/wp-content\/uploads\/2025\/08\/flux-pro-1.1-1117-1756383398.jpg","width":1344,"height":768},{"@type":"BreadcrumbList","@id":"https:\/\/rachat2credit.fr\/guide\/france-le-taux-de-chomage-stable-a-75-au-deuxieme-trimestre-selon-linsee-cest-une-stagnation-qui-masque-mal-les-difficultes-de-recrutement\/#breadcrumb","itemListElement":[{"@type":"ListItem","position":1,"name":"Accueil","item":"https:\/\/rachat2credit.fr\/guide\/"},{"@type":"ListItem","position":2,"name":"France : le taux de ch\u00f4mage stable \u00e0 7,5% au deuxi\u00e8me trimestre, selon l&rsquo;Insee \u00ab\u00a0c&rsquo;est une stagnation qui masque mal les difficult\u00e9s de recrutement\u00a0\u00bb"}]},{"@type":"WebSite","@id":"https:\/\/rachat2credit.fr\/guide\/#website","url":"https:\/\/rachat2credit.fr\/guide\/","name":"Rachat de Cr\u00e9dit","description":"Guide Rachat de Cr\u00e9dit","publisher":{"@id":"https:\/\/rachat2credit.fr\/guide\/#organization"},"potentialAction":[{"@type":"SearchAction","target":{"@type":"EntryPoint","urlTemplate":"https:\/\/rachat2credit.fr\/guide\/?s={search_term_string}"},"query-input":{"@type":"PropertyValueSpecification","valueRequired":true,"valueName":"search_term_string"}}],"inLanguage":"fr-FR"},{"@type":"Organization","@id":"https:\/\/rachat2credit.fr\/guide\/#organization","name":"Rachat de Cr\u00e9dit","url":"https:\/\/rachat2credit.fr\/guide\/","logo":{"@type":"ImageObject","inLanguage":"fr-FR","@id":"https:\/\/rachat2credit.fr\/guide\/#\/schema\/logo\/image\/","url":"https:\/\/rachat2credit.fr\/guide\/wp-content\/uploads\/2025\/05\/rachat2credit.png","contentUrl":"https:\/\/rachat2credit.fr\/guide\/wp-content\/uploads\/2025\/05\/rachat2credit.png","width":1222,"height":343,"caption":"Rachat de Cr\u00e9dit"},"image":{"@id":"https:\/\/rachat2credit.fr\/guide\/#\/schema\/logo\/image\/"}},{"@type":"Person","@id":"https:\/\/rachat2credit.fr\/guide\/#\/schema\/person\/d4142086d07bc6acdc4722eabd955cc2","name":"Aurelien Boulanger","image":{"@type":"ImageObject","inLanguage":"fr-FR","@id":"https:\/\/secure.gravatar.com\/avatar\/32175434c9ca2b27bfeb905d1c3ec782a789caf494bc0ec8fa6ed0ee39c2e62a?s=96&d=mm&r=g","url":"https:\/\/secure.gravatar.com\/avatar\/32175434c9ca2b27bfeb905d1c3ec782a789caf494bc0ec8fa6ed0ee39c2e62a?s=96&d=mm&r=g","contentUrl":"https:\/\/secure.gravatar.com\/avatar\/32175434c9ca2b27bfeb905d1c3ec782a789caf494bc0ec8fa6ed0ee39c2e62a?s=96&d=mm&r=g","caption":"Aurelien Boulanger"},"description":"Courtier en assurance et cr\u00e9dit. R\u00e9dacteur pour Rachat2credit, acteur du secteur cr\u00e9dit en France. Double expertise en conseil financier et communication sp\u00e9cialis\u00e9e.","sameAs":["https:\/\/rachat2credit.fr\/guide"],"url":"https:\/\/rachat2credit.fr\/guide\/author\/aurelien\/"}]}},"_links":{"self":[{"href":"https:\/\/rachat2credit.fr\/guide\/wp-json\/wp\/v2\/posts\/1117","targetHints":{"allow":["GET"]}}],"collection":[{"href":"https:\/\/rachat2credit.fr\/guide\/wp-json\/wp\/v2\/posts"}],"about":[{"href":"https:\/\/rachat2credit.fr\/guide\/wp-json\/wp\/v2\/types\/post"}],"author":[{"embeddable":true,"href":"https:\/\/rachat2credit.fr\/guide\/wp-json\/wp\/v2\/users\/1"}],"replies":[{"embeddable":true,"href":"https:\/\/rachat2credit.fr\/guide\/wp-json\/wp\/v2\/comments?post=1117"}],"version-history":[{"count":0,"href":"https:\/\/rachat2credit.fr\/guide\/wp-json\/wp\/v2\/posts\/1117\/revisions"}],"wp:featuredmedia":[{"embeddable":true,"href":"https:\/\/rachat2credit.fr\/guide\/wp-json\/wp\/v2\/media\/1118"}],"wp:attachment":[{"href":"https:\/\/rachat2credit.fr\/guide\/wp-json\/wp\/v2\/media?parent=1117"}],"wp:term":[{"taxonomy":"category","embeddable":true,"href":"https:\/\/rachat2credit.fr\/guide\/wp-json\/wp\/v2\/categories?post=1117"},{"taxonomy":"post_tag","embeddable":true,"href":"https:\/\/rachat2credit.fr\/guide\/wp-json\/wp\/v2\/tags?post=1117"}],"curies":[{"name":"wp","href":"https:\/\/api.w.org\/{rel}","templated":true}]}}