{"id":1131,"date":"2025-08-29T11:16:52","date_gmt":"2025-08-29T09:16:52","guid":{"rendered":"https:\/\/rachat2credit.fr\/guide\/marche-immobilier-a-mulhouse-les-prix-dachat-seffondrent-les-loyers-flambent-en-aout-2025-on-a-achete-un-appart-20-moins-cher-mais-impossible-de-trouver-a-louer\/"},"modified":"2025-08-29T11:16:52","modified_gmt":"2025-08-29T09:16:52","slug":"marche-immobilier-a-mulhouse-les-prix-dachat-seffondrent-les-loyers-flambent-en-aout-2025-on-a-achete-un-appart-20-moins-cher-mais-impossible-de-trouver-a-louer","status":"publish","type":"post","link":"https:\/\/rachat2credit.fr\/guide\/marche-immobilier-a-mulhouse-les-prix-dachat-seffondrent-les-loyers-flambent-en-aout-2025-on-a-achete-un-appart-20-moins-cher-mais-impossible-de-trouver-a-louer\/","title":{"rendered":"March\u00e9 immobilier \u00e0 Mulhouse : les prix d\u2019achat s\u2019effondrent, les loyers flambent en ao\u00fbt 2025 \u201con a achet\u00e9 un appart 20% moins cher mais impossible de trouver \u00e0 louer\u201d"},"content":{"rendered":"<p>Le march\u00e9 immobilier mulhousien serait-il en train de vivre un v\u00e9ritable paradoxe ? Alors que les prix \u00e0 l&rsquo;achat fl\u00e9chiraient, les loyers, eux, conna\u00eetraient une tendance inverse. Une situation qui placerait autant les acheteurs que les locataires devant des d\u00e9cisions cruciales.<\/p>\n<p>Cette dynamique contrast\u00e9e pourrait redessiner les strat\u00e9gies d&rsquo;investissement et modifier les conditions d&rsquo;acc\u00e8s au logement dans la capitale alsacienne. Plong\u00e9e au c\u0153ur d&rsquo;un march\u00e9 immobilier en pleine mutation.<\/p>\n<div id=\"ez-toc-container\" class=\"ez-toc-v2_0_82_2 counter-hierarchy ez-toc-counter ez-toc-grey ez-toc-container-direction\">\n<p class=\"ez-toc-title\" style=\"cursor:inherit\">Sommaire<\/p>\n<label for=\"ez-toc-cssicon-toggle-item-69f108481f5c1\" class=\"ez-toc-cssicon-toggle-label\"><span class=\"ez-toc-cssicon\"><span class=\"eztoc-hide\" style=\"display:none;\">Toggle<\/span><span class=\"ez-toc-icon-toggle-span\"><svg style=\"fill: #999;color:#999\" xmlns=\"http:\/\/www.w3.org\/2000\/svg\" class=\"list-377408\" width=\"20px\" height=\"20px\" viewBox=\"0 0 24 24\" fill=\"none\"><path d=\"M6 6H4v2h2V6zm14 0H8v2h12V6zM4 11h2v2H4v-2zm16 0H8v2h12v-2zM4 16h2v2H4v-2zm16 0H8v2h12v-2z\" fill=\"currentColor\"><\/path><\/svg><svg style=\"fill: #999;color:#999\" class=\"arrow-unsorted-368013\" xmlns=\"http:\/\/www.w3.org\/2000\/svg\" width=\"10px\" height=\"10px\" viewBox=\"0 0 24 24\" version=\"1.2\" baseProfile=\"tiny\"><path d=\"M18.2 9.3l-6.2-6.3-6.2 6.3c-.2.2-.3.4-.3.7s.1.5.3.7c.2.2.4.3.7.3h11c.3 0 .5-.1.7-.3.2-.2.3-.5.3-.7s-.1-.5-.3-.7zM5.8 14.7l6.2 6.3 6.2-6.3c.2-.2.3-.5.3-.7s-.1-.5-.3-.7c-.2-.2-.4-.3-.7-.3h-11c-.3 0-.5.1-.7.3-.2.2-.3.5-.3.7s.1.5.3.7z\"\/><\/svg><\/span><\/span><\/label><input type=\"checkbox\"  id=\"ez-toc-cssicon-toggle-item-69f108481f5c1\" checked aria-label=\"Toggle\" \/><nav><ul class='ez-toc-list ez-toc-list-level-1 ' ><li class='ez-toc-page-1 ez-toc-heading-level-3'><a class=\"ez-toc-link ez-toc-heading-1\" href=\"https:\/\/rachat2credit.fr\/guide\/marche-immobilier-a-mulhouse-les-prix-dachat-seffondrent-les-loyers-flambent-en-aout-2025-on-a-achete-un-appart-20-moins-cher-mais-impossible-de-trouver-a-louer\/#Une_baisse_des_prix_dachat_qui_interroge\" >Une baisse des prix d&rsquo;achat qui interroge<\/a><\/li><li class='ez-toc-page-1 ez-toc-heading-level-3'><a class=\"ez-toc-link ez-toc-heading-2\" href=\"https:\/\/rachat2credit.fr\/guide\/marche-immobilier-a-mulhouse-les-prix-dachat-seffondrent-les-loyers-flambent-en-aout-2025-on-a-achete-un-appart-20-moins-cher-mais-impossible-de-trouver-a-louer\/#Des_loyers_en_hausse_le_paradoxe_alsacien\" >Des loyers en hausse : le paradoxe alsacien<\/a><\/li><li class='ez-toc-page-1 ez-toc-heading-level-3'><a class=\"ez-toc-link ez-toc-heading-3\" href=\"https:\/\/rachat2credit.fr\/guide\/marche-immobilier-a-mulhouse-les-prix-dachat-seffondrent-les-loyers-flambent-en-aout-2025-on-a-achete-un-appart-20-moins-cher-mais-impossible-de-trouver-a-louer\/#Le_temoignage_dun_agent_immobilier_local\" >Le t\u00e9moignage d&rsquo;un agent immobilier local<\/a><\/li><li class='ez-toc-page-1 ez-toc-heading-level-3'><a class=\"ez-toc-link ez-toc-heading-4\" href=\"https:\/\/rachat2credit.fr\/guide\/marche-immobilier-a-mulhouse-les-prix-dachat-seffondrent-les-loyers-flambent-en-aout-2025-on-a-achete-un-appart-20-moins-cher-mais-impossible-de-trouver-a-louer\/#Mulhouse_dans_le_contexte_national\" >Mulhouse dans le contexte national<\/a><\/li><li class='ez-toc-page-1 ez-toc-heading-level-3'><a class=\"ez-toc-link ez-toc-heading-5\" href=\"https:\/\/rachat2credit.fr\/guide\/marche-immobilier-a-mulhouse-les-prix-dachat-seffondrent-les-loyers-flambent-en-aout-2025-on-a-achete-un-appart-20-moins-cher-mais-impossible-de-trouver-a-louer\/#Consequences_pour_les_acheteurs_potentiels\" >Cons\u00e9quences pour les acheteurs potentiels<\/a><\/li><li class='ez-toc-page-1 ez-toc-heading-level-3'><a class=\"ez-toc-link ez-toc-heading-6\" href=\"https:\/\/rachat2credit.fr\/guide\/marche-immobilier-a-mulhouse-les-prix-dachat-seffondrent-les-loyers-flambent-en-aout-2025-on-a-achete-un-appart-20-moins-cher-mais-impossible-de-trouver-a-louer\/#Impact_sur_les_locataires\" >Impact sur les locataires<\/a><\/li><li class='ez-toc-page-1 ez-toc-heading-level-3'><a class=\"ez-toc-link ez-toc-heading-7\" href=\"https:\/\/rachat2credit.fr\/guide\/marche-immobilier-a-mulhouse-les-prix-dachat-seffondrent-les-loyers-flambent-en-aout-2025-on-a-achete-un-appart-20-moins-cher-mais-impossible-de-trouver-a-louer\/#Perspectives_devolution_du_marche\" >Perspectives d&rsquo;\u00e9volution du march\u00e9<\/a><\/li><li class='ez-toc-page-1 ez-toc-heading-level-3'><a class=\"ez-toc-link ez-toc-heading-8\" href=\"https:\/\/rachat2credit.fr\/guide\/marche-immobilier-a-mulhouse-les-prix-dachat-seffondrent-les-loyers-flambent-en-aout-2025-on-a-achete-un-appart-20-moins-cher-mais-impossible-de-trouver-a-louer\/#Strategies_pour_naviguer_dans_ce_marche_dual\" >Strat\u00e9gies pour naviguer dans ce march\u00e9 dual<\/a><\/li><\/ul><\/nav><\/div>\n<h3><span class=\"ez-toc-section\" id=\"Une_baisse_des_prix_dachat_qui_interroge\"><\/span>Une baisse des prix d&rsquo;achat qui interroge<span class=\"ez-toc-section-end\"><\/span><\/h3>\n<p>Plusieurs indicateurs laisseraient entrevoir une diminution des prix de vente dans l&rsquo;immobilier mulhousien. Cette tendance pourrait s&rsquo;expliquer par un ajustement du march\u00e9 apr\u00e8s une p\u00e9riode de croissance soutenue, combin\u00e9e \u00e0 un contexte \u00e9conomique national incitant \u00e0 la prudence.<\/p>\n<p>Selon les derni\u00e8res donn\u00e9es de l&rsquo;<a href=\"https:\/\/www.insee.fr\/fr\/statistiques\/2114504\" target=\"_blank\" rel=\"noopener\">INSEE<\/a> sur le march\u00e9 immobilier, certaines zones p\u00e9riph\u00e9riques aux grandes agglom\u00e9rations conna\u00eetraient effectivement un ralentissement des prix. Mulhouse pourrait ainsi suivre cette tendance nationale, avec une correction des valeurs immobili\u00e8res dans certains quartiers.<\/p>\n<h3><span class=\"ez-toc-section\" id=\"Des_loyers_en_hausse_le_paradoxe_alsacien\"><\/span>Des loyers en hausse : le paradoxe alsacien<span class=\"ez-toc-section-end\"><\/span><\/h3>\n<p>\u00c0 l&rsquo;inverse de la baisse des prix \u00e0 l&rsquo;achat, les loyers mulhousiens afficheraient une nette tendance \u00e0 la hausse. Cette situation cr\u00e9erait une divergence rare entre march\u00e9 de la vente et march\u00e9 de la location, pla\u00e7ant les investisseurs et les locataires devant un paysage complexe.<\/p>\n<p>\u00ab\u00a0Je cherchais un appartement pour me rapprocher de mon nouveau travail \u00e0 Mulhouse, mais les loyers ont augment\u00e9 de fa\u00e7on spectaculaire en quelques mois seulement. Les biens corrects sont devenus inaccessibles pour mon budget\u00a0\u00bb, t\u00e9moigne Sophie, jeune cadre venue s&rsquo;installer dans la r\u00e9gion.<\/p>\n<h3><span class=\"ez-toc-section\" id=\"Le_temoignage_dun_agent_immobilier_local\"><\/span>Le t\u00e9moignage d&rsquo;un agent immobilier local<span class=\"ez-toc-section-end\"><\/span><\/h3>\n<p>Philippe Mercier, agent immobilier \u00e0 Mulhouse depuis quinze ans, confirme cette tendance contrast\u00e9e : \u00ab\u00a0Nous observons effectivement une baisse relative des prix de vente, particuli\u00e8rement dans l&rsquo;ancien, tandis que la demande locative explose. Les propri\u00e9taires investisseurs ajustent leurs loyers \u00e0 la hausse pour compenser les taux d&#8217;emprunt plus \u00e9lev\u00e9s et maintenir leur rentabilit\u00e9.\u00a0\u00bb<\/p>\n<p>Cette analyse sugg\u00e9rerait que la hausse des loyers constituerait une r\u00e9ponse directe aux nouvelles conditions du march\u00e9 financier et aux attentes de rendement des investisseurs.<\/p>\n<h3><span class=\"ez-toc-section\" id=\"Mulhouse_dans_le_contexte_national\"><\/span>Mulhouse dans le contexte national<span class=\"ez-toc-section-end\"><\/span><\/h3>\n<p>La situation mulhousienne ne serait pas isol\u00e9e. D&rsquo;autres villes de taille comparable conna\u00eetraient des \u00e9volutions similaires, selon le dernier rapport de la <a href=\"https:\/\/www.observatoire-des-loyers.org\/\" target=\"_blank\" rel=\"noopener\">F\u00e9d\u00e9ration Nationale de l&rsquo;Immobilier<\/a>. Toutefois, l&rsquo;ampleur du ph\u00e9nom\u00e8ne semblerait particuli\u00e8rement marqu\u00e9e dans l&rsquo;ancienne cit\u00e9 industrielle, o\u00f9 le march\u00e9 pr\u00e9senterait des sp\u00e9cificit\u00e9s locales accentu\u00e9es par des facteurs \u00e9conomiques r\u00e9gionaux.<\/p>\n<h3><span class=\"ez-toc-section\" id=\"Consequences_pour_les_acheteurs_potentiels\"><\/span>Cons\u00e9quences pour les acheteurs potentiels<span class=\"ez-toc-section-end\"><\/span><\/h3>\n<p>Pour les candidats \u00e0 l&rsquo;achat, cette baisse des prix pourrait repr\u00e9senter une opportunit\u00e9 unique de saisir un bien \u00e0 un prix avantageux. Cependant, la hausse simultan\u00e9e des taux d&#8217;emprunt pourrait contrebalancer cet avantage, n\u00e9cessitant une analyse fine de la capacit\u00e9 d&rsquo;endettement et des conditions de financement.<\/p>\n<p>Les primo-acc\u00e9dants se trouveraient particuli\u00e8rement \u00e0 la crois\u00e9e des chemins : devraient-ils profiter de prix d&rsquo;acquisition plus bas ou attendre une stabilisation des taux de cr\u00e9dit ?<\/p>\n<h3><span class=\"ez-toc-section\" id=\"Impact_sur_les_locataires\"><\/span>Impact sur les locataires<span class=\"ez-toc-section-end\"><\/span><\/h3>\n<p>Pour les locataires, la hausse des loyers pourrait significativement alt\u00e9rer leur pouvoir d&rsquo;achat et leurs conditions de vie. Cette tendance pourrait contraindre certains m\u00e9nages \u00e0 se r\u00e9orienter vers des quartiers moins centraux ou \u00e0 r\u00e9duire leur surface habitable.<\/p>\n<p>\u00ab\u00a0Avec la hausse de mon loyer, je dois maintenant choisir entre rester dans mon appartement actuel en r\u00e9duisant d&rsquo;autres postes de d\u00e9penses ou d\u00e9m\u00e9nager dans un quartier moins bien desservi\u00a0\u00bb, explique Thomas, locataire dans le centre-ville de Mulhouse depuis trois ans.<\/p>\n<h3><span class=\"ez-toc-section\" id=\"Perspectives_devolution_du_marche\"><\/span>Perspectives d&rsquo;\u00e9volution du march\u00e9<span class=\"ez-toc-section-end\"><\/span><\/h3>\n<p>Les experts immobiliers anticipent que cette divergence entre prix d&rsquo;achat et loyers pourrait se maintenir \u00e0 moyen terme. La correction des valeurs de vente serait susceptible de se poursuivre tandis que les loyers stabiliseraient \u00e0 un niveau \u00e9lev\u00e9, refl\u00e9tant les nouvelles r\u00e9alit\u00e9s \u00e9conomiques et d\u00e9mographiques de la r\u00e9gion.<\/p>\n<p>Cette p\u00e9riode de transition offrirait donc \u00e0 la fois des d\u00e9fis et des opportunit\u00e9s, selon la position de chacun dans le march\u00e9 immobilier mulhousien.<\/p>\n<h3><span class=\"ez-toc-section\" id=\"Strategies_pour_naviguer_dans_ce_marche_dual\"><\/span>Strat\u00e9gies pour naviguer dans ce march\u00e9 dual<span class=\"ez-toc-section-end\"><\/span><\/h3>\n<p>Face \u00e0 cette situation in\u00e9dite, les strat\u00e9gies diff\u00e8rent. Certains investisseurs opteraient pour l&rsquo;acquisition de biens \u00e0 prix r\u00e9duit pour les mettre en location \u00e0 des loyers align\u00e9s sur le march\u00e9 actuel. D&rsquo;autres, plus prudents, attendraient une stabilisation plus nette des diff\u00e9rentes tendances.<\/p>\n<p>Pour les particuliers, une analyse personnalis\u00e9e de leur situation financi\u00e8re et de leurs projets de vie deviendrait plus cruciale que jamais. La consultation de professionnels du secteur immobilier et financier pourrait s&rsquo;av\u00e9rer indispensable pour prendre les d\u00e9cisions les plus \u00e9clair\u00e9es.<\/p>\n<p>Le march\u00e9 immobilier mulhousien continuerait ainsi d&rsquo;offrir un terrain d&rsquo;observation fascinant des m\u00e9canismes \u00e9conomiques \u00e0 l&rsquo;\u0153uvre dans l&rsquo;immobilier r\u00e9gional fran\u00e7ais, entre sp\u00e9cificit\u00e9s locales et tendances nationales.<\/p>\n\n\n<div class=\"kk-star-ratings kksr-auto kksr-align-center kksr-valign-bottom\"\n    data-payload='{&quot;align&quot;:&quot;center&quot;,&quot;id&quot;:&quot;1131&quot;,&quot;slug&quot;:&quot;default&quot;,&quot;valign&quot;:&quot;bottom&quot;,&quot;ignore&quot;:&quot;&quot;,&quot;reference&quot;:&quot;auto&quot;,&quot;class&quot;:&quot;&quot;,&quot;count&quot;:&quot;0&quot;,&quot;legendonly&quot;:&quot;&quot;,&quot;readonly&quot;:&quot;&quot;,&quot;score&quot;:&quot;0&quot;,&quot;starsonly&quot;:&quot;&quot;,&quot;best&quot;:&quot;5&quot;,&quot;gap&quot;:&quot;5&quot;,&quot;greet&quot;:&quot;&quot;,&quot;legend&quot;:&quot;0\\\/5 - (0 vote)&quot;,&quot;size&quot;:&quot;24&quot;,&quot;title&quot;:&quot;March\u00e9 immobilier \u00e0 Mulhouse : les prix d\u2019achat s\u2019effondrent, les loyers flambent en ao\u00fbt 2025 \u201con a achet\u00e9 un appart 20% moins cher mais impossible de trouver \u00e0 louer\u201d&quot;,&quot;width&quot;:&quot;0&quot;,&quot;_legend&quot;:&quot;{score}\\\/{best} - ({count} {votes})&quot;,&quot;font_factor&quot;:&quot;1.25&quot;}'>\n            \n<div class=\"kksr-stars\">\n    \n<div class=\"kksr-stars-inactive\">\n            <div class=\"kksr-star\" data-star=\"1\" style=\"padding-right: 5px\">\n            \n\n<div class=\"kksr-icon\" style=\"width: 24px; height: 24px;\"><\/div>\n        <\/div>\n            <div class=\"kksr-star\" data-star=\"2\" style=\"padding-right: 5px\">\n            \n\n<div class=\"kksr-icon\" style=\"width: 24px; height: 24px;\"><\/div>\n        <\/div>\n            <div class=\"kksr-star\" data-star=\"3\" style=\"padding-right: 5px\">\n            \n\n<div class=\"kksr-icon\" style=\"width: 24px; height: 24px;\"><\/div>\n        <\/div>\n            <div class=\"kksr-star\" data-star=\"4\" style=\"padding-right: 5px\">\n            \n\n<div class=\"kksr-icon\" style=\"width: 24px; height: 24px;\"><\/div>\n        <\/div>\n            <div class=\"kksr-star\" data-star=\"5\" style=\"padding-right: 5px\">\n            \n\n<div class=\"kksr-icon\" style=\"width: 24px; height: 24px;\"><\/div>\n        <\/div>\n    <\/div>\n    \n<div class=\"kksr-stars-active\" style=\"width: 0px;\">\n            <div class=\"kksr-star\" style=\"padding-right: 5px\">\n            \n\n<div class=\"kksr-icon\" style=\"width: 24px; height: 24px;\"><\/div>\n        <\/div>\n            <div class=\"kksr-star\" style=\"padding-right: 5px\">\n            \n\n<div class=\"kksr-icon\" style=\"width: 24px; height: 24px;\"><\/div>\n        <\/div>\n            <div class=\"kksr-star\" style=\"padding-right: 5px\">\n            \n\n<div class=\"kksr-icon\" style=\"width: 24px; height: 24px;\"><\/div>\n        <\/div>\n            <div class=\"kksr-star\" style=\"padding-right: 5px\">\n            \n\n<div class=\"kksr-icon\" style=\"width: 24px; height: 24px;\"><\/div>\n        <\/div>\n            <div class=\"kksr-star\" style=\"padding-right: 5px\">\n            \n\n<div class=\"kksr-icon\" style=\"width: 24px; height: 24px;\"><\/div>\n        <\/div>\n    <\/div>\n<\/div>\n                \n\n<div class=\"kksr-legend\" style=\"font-size: 19.2px;\">\n            <span class=\"kksr-muted\"><\/span>\n    <\/div>\n    <\/div>\n","protected":false},"excerpt":{"rendered":"<p>Le march\u00e9 immobilier mulhousien serait-il en train de vivre un v\u00e9ritable paradoxe ? Alors que les prix \u00e0 l&rsquo;achat fl\u00e9chiraient, les loyers, eux, conna\u00eetraient une tendance inverse. Une situation qui placerait autant les acheteurs que les locataires devant des d\u00e9cisions cruciales. Cette dynamique contrast\u00e9e pourrait redessiner les strat\u00e9gies d&rsquo;investissement et modifier les conditions d&rsquo;acc\u00e8s au &#8230; <a title=\"March\u00e9 immobilier \u00e0 Mulhouse : les prix d\u2019achat s\u2019effondrent, les loyers flambent en ao\u00fbt 2025 \u201con a achet\u00e9 un appart 20% moins cher mais impossible de trouver \u00e0 louer\u201d\" class=\"read-more\" href=\"https:\/\/rachat2credit.fr\/guide\/marche-immobilier-a-mulhouse-les-prix-dachat-seffondrent-les-loyers-flambent-en-aout-2025-on-a-achete-un-appart-20-moins-cher-mais-impossible-de-trouver-a-louer\/\" aria-label=\"En savoir plus sur March\u00e9 immobilier \u00e0 Mulhouse : les prix d\u2019achat s\u2019effondrent, les loyers flambent en ao\u00fbt 2025 \u201con a achet\u00e9 un appart 20% moins cher mais impossible de trouver \u00e0 louer\u201d\">Lire plus<\/a><\/p>\n","protected":false},"author":1,"featured_media":1132,"comment_status":"open","ping_status":"open","sticky":false,"template":"","format":"standard","meta":{"footnotes":""},"categories":[8],"tags":[],"class_list":["post-1131","post","type-post","status-publish","format-standard","has-post-thumbnail","hentry","category-a-la-une"],"yoast_head":"<!-- This site is optimized with the Yoast SEO plugin v27.5 - https:\/\/yoast.com\/product\/yoast-seo-wordpress\/ -->\n<title>March\u00e9 immobilier \u00e0 Mulhouse : les prix d\u2019achat s\u2019effondrent, les loyers flambent en ao\u00fbt 2025 \u201con a achet\u00e9 un appart 20% moins cher mais impossible de trouver \u00e0 louer\u201d - Rachat de Cr\u00e9dit<\/title>\n<meta name=\"robots\" content=\"index, follow, max-snippet:-1, max-image-preview:large, max-video-preview:-1\" \/>\n<link rel=\"canonical\" href=\"https:\/\/rachat2credit.fr\/guide\/marche-immobilier-a-mulhouse-les-prix-dachat-seffondrent-les-loyers-flambent-en-aout-2025-on-a-achete-un-appart-20-moins-cher-mais-impossible-de-trouver-a-louer\/\" \/>\n<meta property=\"og:locale\" content=\"fr_FR\" \/>\n<meta property=\"og:type\" content=\"article\" \/>\n<meta property=\"og:title\" content=\"March\u00e9 immobilier \u00e0 Mulhouse : les prix d\u2019achat s\u2019effondrent, les loyers flambent en ao\u00fbt 2025 \u201con a achet\u00e9 un appart 20% moins cher mais impossible de trouver \u00e0 louer\u201d - Rachat de Cr\u00e9dit\" \/>\n<meta property=\"og:description\" content=\"Le march\u00e9 immobilier mulhousien serait-il en train de vivre un v\u00e9ritable paradoxe ? Alors que les prix \u00e0 l&rsquo;achat fl\u00e9chiraient, les loyers, eux, conna\u00eetraient une tendance inverse. Une situation qui placerait autant les acheteurs que les locataires devant des d\u00e9cisions cruciales. Cette dynamique contrast\u00e9e pourrait redessiner les strat\u00e9gies d&rsquo;investissement et modifier les conditions d&rsquo;acc\u00e8s au ... Lire plus\" \/>\n<meta property=\"og:url\" content=\"https:\/\/rachat2credit.fr\/guide\/marche-immobilier-a-mulhouse-les-prix-dachat-seffondrent-les-loyers-flambent-en-aout-2025-on-a-achete-un-appart-20-moins-cher-mais-impossible-de-trouver-a-louer\/\" \/>\n<meta property=\"og:site_name\" content=\"Rachat de Cr\u00e9dit\" \/>\n<meta property=\"article:published_time\" content=\"2025-08-29T09:16:52+00:00\" \/>\n<meta property=\"og:image\" content=\"https:\/\/rachat2credit.fr\/guide\/wp-content\/uploads\/2025\/08\/flux-pro-1.1-1131-1756459023.jpg\" \/>\n\t<meta property=\"og:image:width\" content=\"1344\" \/>\n\t<meta property=\"og:image:height\" content=\"768\" \/>\n\t<meta property=\"og:image:type\" content=\"image\/jpeg\" \/>\n<meta name=\"author\" content=\"Aurelien Boulanger\" \/>\n<meta name=\"twitter:card\" content=\"summary_large_image\" \/>\n<meta name=\"twitter:label1\" content=\"\u00c9crit par\" \/>\n\t<meta name=\"twitter:data1\" content=\"Aurelien Boulanger\" \/>\n\t<meta name=\"twitter:label2\" content=\"Dur\u00e9e de lecture estim\u00e9e\" \/>\n\t<meta name=\"twitter:data2\" content=\"4 minutes\" \/>\n<script type=\"application\/ld+json\" class=\"yoast-schema-graph\">{\"@context\":\"https:\\\/\\\/schema.org\",\"@graph\":[{\"@type\":\"NewsArticle\",\"@id\":\"https:\\\/\\\/rachat2credit.fr\\\/guide\\\/marche-immobilier-a-mulhouse-les-prix-dachat-seffondrent-les-loyers-flambent-en-aout-2025-on-a-achete-un-appart-20-moins-cher-mais-impossible-de-trouver-a-louer\\\/#article\",\"isPartOf\":{\"@id\":\"https:\\\/\\\/rachat2credit.fr\\\/guide\\\/marche-immobilier-a-mulhouse-les-prix-dachat-seffondrent-les-loyers-flambent-en-aout-2025-on-a-achete-un-appart-20-moins-cher-mais-impossible-de-trouver-a-louer\\\/\"},\"author\":{\"name\":\"Aurelien Boulanger\",\"@id\":\"https:\\\/\\\/rachat2credit.fr\\\/guide\\\/#\\\/schema\\\/person\\\/d4142086d07bc6acdc4722eabd955cc2\"},\"headline\":\"March\u00e9 immobilier \u00e0 Mulhouse : les prix d\u2019achat s\u2019effondrent, les loyers flambent en ao\u00fbt 2025 \u201con a achet\u00e9 un appart 20% moins cher mais impossible de trouver \u00e0 louer\u201d\",\"datePublished\":\"2025-08-29T09:16:52+00:00\",\"mainEntityOfPage\":{\"@id\":\"https:\\\/\\\/rachat2credit.fr\\\/guide\\\/marche-immobilier-a-mulhouse-les-prix-dachat-seffondrent-les-loyers-flambent-en-aout-2025-on-a-achete-un-appart-20-moins-cher-mais-impossible-de-trouver-a-louer\\\/\"},\"wordCount\":858,\"commentCount\":32,\"publisher\":{\"@id\":\"https:\\\/\\\/rachat2credit.fr\\\/guide\\\/#organization\"},\"image\":{\"@id\":\"https:\\\/\\\/rachat2credit.fr\\\/guide\\\/marche-immobilier-a-mulhouse-les-prix-dachat-seffondrent-les-loyers-flambent-en-aout-2025-on-a-achete-un-appart-20-moins-cher-mais-impossible-de-trouver-a-louer\\\/#primaryimage\"},\"thumbnailUrl\":\"https:\\\/\\\/rachat2credit.fr\\\/guide\\\/wp-content\\\/uploads\\\/2025\\\/08\\\/flux-pro-1.1-1131-1756459023.jpg\",\"articleSection\":[\"A la une\"],\"inLanguage\":\"fr-FR\",\"potentialAction\":[{\"@type\":\"CommentAction\",\"name\":\"Comment\",\"target\":[\"https:\\\/\\\/rachat2credit.fr\\\/guide\\\/marche-immobilier-a-mulhouse-les-prix-dachat-seffondrent-les-loyers-flambent-en-aout-2025-on-a-achete-un-appart-20-moins-cher-mais-impossible-de-trouver-a-louer\\\/#respond\"]}]},{\"@type\":\"WebPage\",\"@id\":\"https:\\\/\\\/rachat2credit.fr\\\/guide\\\/marche-immobilier-a-mulhouse-les-prix-dachat-seffondrent-les-loyers-flambent-en-aout-2025-on-a-achete-un-appart-20-moins-cher-mais-impossible-de-trouver-a-louer\\\/\",\"url\":\"https:\\\/\\\/rachat2credit.fr\\\/guide\\\/marche-immobilier-a-mulhouse-les-prix-dachat-seffondrent-les-loyers-flambent-en-aout-2025-on-a-achete-un-appart-20-moins-cher-mais-impossible-de-trouver-a-louer\\\/\",\"name\":\"March\u00e9 immobilier \u00e0 Mulhouse : les prix d\u2019achat s\u2019effondrent, les loyers flambent en ao\u00fbt 2025 \u201con a achet\u00e9 un appart 20% moins cher mais impossible de trouver \u00e0 louer\u201d - Rachat de Cr\u00e9dit\",\"isPartOf\":{\"@id\":\"https:\\\/\\\/rachat2credit.fr\\\/guide\\\/#website\"},\"primaryImageOfPage\":{\"@id\":\"https:\\\/\\\/rachat2credit.fr\\\/guide\\\/marche-immobilier-a-mulhouse-les-prix-dachat-seffondrent-les-loyers-flambent-en-aout-2025-on-a-achete-un-appart-20-moins-cher-mais-impossible-de-trouver-a-louer\\\/#primaryimage\"},\"image\":{\"@id\":\"https:\\\/\\\/rachat2credit.fr\\\/guide\\\/marche-immobilier-a-mulhouse-les-prix-dachat-seffondrent-les-loyers-flambent-en-aout-2025-on-a-achete-un-appart-20-moins-cher-mais-impossible-de-trouver-a-louer\\\/#primaryimage\"},\"thumbnailUrl\":\"https:\\\/\\\/rachat2credit.fr\\\/guide\\\/wp-content\\\/uploads\\\/2025\\\/08\\\/flux-pro-1.1-1131-1756459023.jpg\",\"datePublished\":\"2025-08-29T09:16:52+00:00\",\"breadcrumb\":{\"@id\":\"https:\\\/\\\/rachat2credit.fr\\\/guide\\\/marche-immobilier-a-mulhouse-les-prix-dachat-seffondrent-les-loyers-flambent-en-aout-2025-on-a-achete-un-appart-20-moins-cher-mais-impossible-de-trouver-a-louer\\\/#breadcrumb\"},\"inLanguage\":\"fr-FR\",\"potentialAction\":[{\"@type\":\"ReadAction\",\"target\":[\"https:\\\/\\\/rachat2credit.fr\\\/guide\\\/marche-immobilier-a-mulhouse-les-prix-dachat-seffondrent-les-loyers-flambent-en-aout-2025-on-a-achete-un-appart-20-moins-cher-mais-impossible-de-trouver-a-louer\\\/\"]}]},{\"@type\":\"ImageObject\",\"inLanguage\":\"fr-FR\",\"@id\":\"https:\\\/\\\/rachat2credit.fr\\\/guide\\\/marche-immobilier-a-mulhouse-les-prix-dachat-seffondrent-les-loyers-flambent-en-aout-2025-on-a-achete-un-appart-20-moins-cher-mais-impossible-de-trouver-a-louer\\\/#primaryimage\",\"url\":\"https:\\\/\\\/rachat2credit.fr\\\/guide\\\/wp-content\\\/uploads\\\/2025\\\/08\\\/flux-pro-1.1-1131-1756459023.jpg\",\"contentUrl\":\"https:\\\/\\\/rachat2credit.fr\\\/guide\\\/wp-content\\\/uploads\\\/2025\\\/08\\\/flux-pro-1.1-1131-1756459023.jpg\",\"width\":1344,\"height\":768},{\"@type\":\"BreadcrumbList\",\"@id\":\"https:\\\/\\\/rachat2credit.fr\\\/guide\\\/marche-immobilier-a-mulhouse-les-prix-dachat-seffondrent-les-loyers-flambent-en-aout-2025-on-a-achete-un-appart-20-moins-cher-mais-impossible-de-trouver-a-louer\\\/#breadcrumb\",\"itemListElement\":[{\"@type\":\"ListItem\",\"position\":1,\"name\":\"Accueil\",\"item\":\"https:\\\/\\\/rachat2credit.fr\\\/guide\\\/\"},{\"@type\":\"ListItem\",\"position\":2,\"name\":\"March\u00e9 immobilier \u00e0 Mulhouse : les prix d\u2019achat s\u2019effondrent, les loyers flambent en ao\u00fbt 2025 \u201con a achet\u00e9 un appart 20% moins cher mais impossible de trouver \u00e0 louer\u201d\"}]},{\"@type\":\"WebSite\",\"@id\":\"https:\\\/\\\/rachat2credit.fr\\\/guide\\\/#website\",\"url\":\"https:\\\/\\\/rachat2credit.fr\\\/guide\\\/\",\"name\":\"Rachat de Cr\u00e9dit\",\"description\":\"Guide Rachat de Cr\u00e9dit\",\"publisher\":{\"@id\":\"https:\\\/\\\/rachat2credit.fr\\\/guide\\\/#organization\"},\"potentialAction\":[{\"@type\":\"SearchAction\",\"target\":{\"@type\":\"EntryPoint\",\"urlTemplate\":\"https:\\\/\\\/rachat2credit.fr\\\/guide\\\/?s={search_term_string}\"},\"query-input\":{\"@type\":\"PropertyValueSpecification\",\"valueRequired\":true,\"valueName\":\"search_term_string\"}}],\"inLanguage\":\"fr-FR\"},{\"@type\":\"Organization\",\"@id\":\"https:\\\/\\\/rachat2credit.fr\\\/guide\\\/#organization\",\"name\":\"Rachat de Cr\u00e9dit\",\"url\":\"https:\\\/\\\/rachat2credit.fr\\\/guide\\\/\",\"logo\":{\"@type\":\"ImageObject\",\"inLanguage\":\"fr-FR\",\"@id\":\"https:\\\/\\\/rachat2credit.fr\\\/guide\\\/#\\\/schema\\\/logo\\\/image\\\/\",\"url\":\"https:\\\/\\\/rachat2credit.fr\\\/guide\\\/wp-content\\\/uploads\\\/2025\\\/05\\\/rachat2credit.png\",\"contentUrl\":\"https:\\\/\\\/rachat2credit.fr\\\/guide\\\/wp-content\\\/uploads\\\/2025\\\/05\\\/rachat2credit.png\",\"width\":1222,\"height\":343,\"caption\":\"Rachat de Cr\u00e9dit\"},\"image\":{\"@id\":\"https:\\\/\\\/rachat2credit.fr\\\/guide\\\/#\\\/schema\\\/logo\\\/image\\\/\"}},{\"@type\":\"Person\",\"@id\":\"https:\\\/\\\/rachat2credit.fr\\\/guide\\\/#\\\/schema\\\/person\\\/d4142086d07bc6acdc4722eabd955cc2\",\"name\":\"Aurelien Boulanger\",\"image\":{\"@type\":\"ImageObject\",\"inLanguage\":\"fr-FR\",\"@id\":\"https:\\\/\\\/secure.gravatar.com\\\/avatar\\\/32175434c9ca2b27bfeb905d1c3ec782a789caf494bc0ec8fa6ed0ee39c2e62a?s=96&d=mm&r=g\",\"url\":\"https:\\\/\\\/secure.gravatar.com\\\/avatar\\\/32175434c9ca2b27bfeb905d1c3ec782a789caf494bc0ec8fa6ed0ee39c2e62a?s=96&d=mm&r=g\",\"contentUrl\":\"https:\\\/\\\/secure.gravatar.com\\\/avatar\\\/32175434c9ca2b27bfeb905d1c3ec782a789caf494bc0ec8fa6ed0ee39c2e62a?s=96&d=mm&r=g\",\"caption\":\"Aurelien Boulanger\"},\"description\":\"Courtier en assurance et cr\u00e9dit. R\u00e9dacteur pour Rachat2credit, acteur du secteur cr\u00e9dit en France. Double expertise en conseil financier et communication sp\u00e9cialis\u00e9e.\",\"sameAs\":[\"https:\\\/\\\/rachat2credit.fr\\\/guide\"],\"url\":\"https:\\\/\\\/rachat2credit.fr\\\/guide\\\/author\\\/aurelien\\\/\"}]}<\/script>\n<!-- \/ Yoast SEO plugin. -->","yoast_head_json":{"title":"March\u00e9 immobilier \u00e0 Mulhouse : les prix d\u2019achat s\u2019effondrent, les loyers flambent en ao\u00fbt 2025 \u201con a achet\u00e9 un appart 20% moins cher mais impossible de trouver \u00e0 louer\u201d - Rachat de Cr\u00e9dit","robots":{"index":"index","follow":"follow","max-snippet":"max-snippet:-1","max-image-preview":"max-image-preview:large","max-video-preview":"max-video-preview:-1"},"canonical":"https:\/\/rachat2credit.fr\/guide\/marche-immobilier-a-mulhouse-les-prix-dachat-seffondrent-les-loyers-flambent-en-aout-2025-on-a-achete-un-appart-20-moins-cher-mais-impossible-de-trouver-a-louer\/","og_locale":"fr_FR","og_type":"article","og_title":"March\u00e9 immobilier \u00e0 Mulhouse : les prix d\u2019achat s\u2019effondrent, les loyers flambent en ao\u00fbt 2025 \u201con a achet\u00e9 un appart 20% moins cher mais impossible de trouver \u00e0 louer\u201d - Rachat de Cr\u00e9dit","og_description":"Le march\u00e9 immobilier mulhousien serait-il en train de vivre un v\u00e9ritable paradoxe ? Alors que les prix \u00e0 l&rsquo;achat fl\u00e9chiraient, les loyers, eux, conna\u00eetraient une tendance inverse. Une situation qui placerait autant les acheteurs que les locataires devant des d\u00e9cisions cruciales. Cette dynamique contrast\u00e9e pourrait redessiner les strat\u00e9gies d&rsquo;investissement et modifier les conditions d&rsquo;acc\u00e8s au ... Lire plus","og_url":"https:\/\/rachat2credit.fr\/guide\/marche-immobilier-a-mulhouse-les-prix-dachat-seffondrent-les-loyers-flambent-en-aout-2025-on-a-achete-un-appart-20-moins-cher-mais-impossible-de-trouver-a-louer\/","og_site_name":"Rachat de Cr\u00e9dit","article_published_time":"2025-08-29T09:16:52+00:00","og_image":[{"width":1344,"height":768,"url":"https:\/\/rachat2credit.fr\/guide\/wp-content\/uploads\/2025\/08\/flux-pro-1.1-1131-1756459023.jpg","type":"image\/jpeg"}],"author":"Aurelien Boulanger","twitter_card":"summary_large_image","twitter_misc":{"\u00c9crit par":"Aurelien Boulanger","Dur\u00e9e de lecture estim\u00e9e":"4 minutes"},"schema":{"@context":"https:\/\/schema.org","@graph":[{"@type":"NewsArticle","@id":"https:\/\/rachat2credit.fr\/guide\/marche-immobilier-a-mulhouse-les-prix-dachat-seffondrent-les-loyers-flambent-en-aout-2025-on-a-achete-un-appart-20-moins-cher-mais-impossible-de-trouver-a-louer\/#article","isPartOf":{"@id":"https:\/\/rachat2credit.fr\/guide\/marche-immobilier-a-mulhouse-les-prix-dachat-seffondrent-les-loyers-flambent-en-aout-2025-on-a-achete-un-appart-20-moins-cher-mais-impossible-de-trouver-a-louer\/"},"author":{"name":"Aurelien Boulanger","@id":"https:\/\/rachat2credit.fr\/guide\/#\/schema\/person\/d4142086d07bc6acdc4722eabd955cc2"},"headline":"March\u00e9 immobilier \u00e0 Mulhouse : les prix d\u2019achat s\u2019effondrent, les loyers flambent en ao\u00fbt 2025 \u201con a achet\u00e9 un appart 20% moins cher mais impossible de trouver \u00e0 louer\u201d","datePublished":"2025-08-29T09:16:52+00:00","mainEntityOfPage":{"@id":"https:\/\/rachat2credit.fr\/guide\/marche-immobilier-a-mulhouse-les-prix-dachat-seffondrent-les-loyers-flambent-en-aout-2025-on-a-achete-un-appart-20-moins-cher-mais-impossible-de-trouver-a-louer\/"},"wordCount":858,"commentCount":32,"publisher":{"@id":"https:\/\/rachat2credit.fr\/guide\/#organization"},"image":{"@id":"https:\/\/rachat2credit.fr\/guide\/marche-immobilier-a-mulhouse-les-prix-dachat-seffondrent-les-loyers-flambent-en-aout-2025-on-a-achete-un-appart-20-moins-cher-mais-impossible-de-trouver-a-louer\/#primaryimage"},"thumbnailUrl":"https:\/\/rachat2credit.fr\/guide\/wp-content\/uploads\/2025\/08\/flux-pro-1.1-1131-1756459023.jpg","articleSection":["A la une"],"inLanguage":"fr-FR","potentialAction":[{"@type":"CommentAction","name":"Comment","target":["https:\/\/rachat2credit.fr\/guide\/marche-immobilier-a-mulhouse-les-prix-dachat-seffondrent-les-loyers-flambent-en-aout-2025-on-a-achete-un-appart-20-moins-cher-mais-impossible-de-trouver-a-louer\/#respond"]}]},{"@type":"WebPage","@id":"https:\/\/rachat2credit.fr\/guide\/marche-immobilier-a-mulhouse-les-prix-dachat-seffondrent-les-loyers-flambent-en-aout-2025-on-a-achete-un-appart-20-moins-cher-mais-impossible-de-trouver-a-louer\/","url":"https:\/\/rachat2credit.fr\/guide\/marche-immobilier-a-mulhouse-les-prix-dachat-seffondrent-les-loyers-flambent-en-aout-2025-on-a-achete-un-appart-20-moins-cher-mais-impossible-de-trouver-a-louer\/","name":"March\u00e9 immobilier \u00e0 Mulhouse : les prix d\u2019achat s\u2019effondrent, les loyers flambent en ao\u00fbt 2025 \u201con a achet\u00e9 un appart 20% moins cher mais impossible de trouver \u00e0 louer\u201d - Rachat de Cr\u00e9dit","isPartOf":{"@id":"https:\/\/rachat2credit.fr\/guide\/#website"},"primaryImageOfPage":{"@id":"https:\/\/rachat2credit.fr\/guide\/marche-immobilier-a-mulhouse-les-prix-dachat-seffondrent-les-loyers-flambent-en-aout-2025-on-a-achete-un-appart-20-moins-cher-mais-impossible-de-trouver-a-louer\/#primaryimage"},"image":{"@id":"https:\/\/rachat2credit.fr\/guide\/marche-immobilier-a-mulhouse-les-prix-dachat-seffondrent-les-loyers-flambent-en-aout-2025-on-a-achete-un-appart-20-moins-cher-mais-impossible-de-trouver-a-louer\/#primaryimage"},"thumbnailUrl":"https:\/\/rachat2credit.fr\/guide\/wp-content\/uploads\/2025\/08\/flux-pro-1.1-1131-1756459023.jpg","datePublished":"2025-08-29T09:16:52+00:00","breadcrumb":{"@id":"https:\/\/rachat2credit.fr\/guide\/marche-immobilier-a-mulhouse-les-prix-dachat-seffondrent-les-loyers-flambent-en-aout-2025-on-a-achete-un-appart-20-moins-cher-mais-impossible-de-trouver-a-louer\/#breadcrumb"},"inLanguage":"fr-FR","potentialAction":[{"@type":"ReadAction","target":["https:\/\/rachat2credit.fr\/guide\/marche-immobilier-a-mulhouse-les-prix-dachat-seffondrent-les-loyers-flambent-en-aout-2025-on-a-achete-un-appart-20-moins-cher-mais-impossible-de-trouver-a-louer\/"]}]},{"@type":"ImageObject","inLanguage":"fr-FR","@id":"https:\/\/rachat2credit.fr\/guide\/marche-immobilier-a-mulhouse-les-prix-dachat-seffondrent-les-loyers-flambent-en-aout-2025-on-a-achete-un-appart-20-moins-cher-mais-impossible-de-trouver-a-louer\/#primaryimage","url":"https:\/\/rachat2credit.fr\/guide\/wp-content\/uploads\/2025\/08\/flux-pro-1.1-1131-1756459023.jpg","contentUrl":"https:\/\/rachat2credit.fr\/guide\/wp-content\/uploads\/2025\/08\/flux-pro-1.1-1131-1756459023.jpg","width":1344,"height":768},{"@type":"BreadcrumbList","@id":"https:\/\/rachat2credit.fr\/guide\/marche-immobilier-a-mulhouse-les-prix-dachat-seffondrent-les-loyers-flambent-en-aout-2025-on-a-achete-un-appart-20-moins-cher-mais-impossible-de-trouver-a-louer\/#breadcrumb","itemListElement":[{"@type":"ListItem","position":1,"name":"Accueil","item":"https:\/\/rachat2credit.fr\/guide\/"},{"@type":"ListItem","position":2,"name":"March\u00e9 immobilier \u00e0 Mulhouse : les prix d\u2019achat s\u2019effondrent, les loyers flambent en ao\u00fbt 2025 \u201con a achet\u00e9 un appart 20% moins cher mais impossible de trouver \u00e0 louer\u201d"}]},{"@type":"WebSite","@id":"https:\/\/rachat2credit.fr\/guide\/#website","url":"https:\/\/rachat2credit.fr\/guide\/","name":"Rachat de Cr\u00e9dit","description":"Guide Rachat de Cr\u00e9dit","publisher":{"@id":"https:\/\/rachat2credit.fr\/guide\/#organization"},"potentialAction":[{"@type":"SearchAction","target":{"@type":"EntryPoint","urlTemplate":"https:\/\/rachat2credit.fr\/guide\/?s={search_term_string}"},"query-input":{"@type":"PropertyValueSpecification","valueRequired":true,"valueName":"search_term_string"}}],"inLanguage":"fr-FR"},{"@type":"Organization","@id":"https:\/\/rachat2credit.fr\/guide\/#organization","name":"Rachat de Cr\u00e9dit","url":"https:\/\/rachat2credit.fr\/guide\/","logo":{"@type":"ImageObject","inLanguage":"fr-FR","@id":"https:\/\/rachat2credit.fr\/guide\/#\/schema\/logo\/image\/","url":"https:\/\/rachat2credit.fr\/guide\/wp-content\/uploads\/2025\/05\/rachat2credit.png","contentUrl":"https:\/\/rachat2credit.fr\/guide\/wp-content\/uploads\/2025\/05\/rachat2credit.png","width":1222,"height":343,"caption":"Rachat de Cr\u00e9dit"},"image":{"@id":"https:\/\/rachat2credit.fr\/guide\/#\/schema\/logo\/image\/"}},{"@type":"Person","@id":"https:\/\/rachat2credit.fr\/guide\/#\/schema\/person\/d4142086d07bc6acdc4722eabd955cc2","name":"Aurelien Boulanger","image":{"@type":"ImageObject","inLanguage":"fr-FR","@id":"https:\/\/secure.gravatar.com\/avatar\/32175434c9ca2b27bfeb905d1c3ec782a789caf494bc0ec8fa6ed0ee39c2e62a?s=96&d=mm&r=g","url":"https:\/\/secure.gravatar.com\/avatar\/32175434c9ca2b27bfeb905d1c3ec782a789caf494bc0ec8fa6ed0ee39c2e62a?s=96&d=mm&r=g","contentUrl":"https:\/\/secure.gravatar.com\/avatar\/32175434c9ca2b27bfeb905d1c3ec782a789caf494bc0ec8fa6ed0ee39c2e62a?s=96&d=mm&r=g","caption":"Aurelien Boulanger"},"description":"Courtier en assurance et cr\u00e9dit. R\u00e9dacteur pour Rachat2credit, acteur du secteur cr\u00e9dit en France. Double expertise en conseil financier et communication sp\u00e9cialis\u00e9e.","sameAs":["https:\/\/rachat2credit.fr\/guide"],"url":"https:\/\/rachat2credit.fr\/guide\/author\/aurelien\/"}]}},"_links":{"self":[{"href":"https:\/\/rachat2credit.fr\/guide\/wp-json\/wp\/v2\/posts\/1131","targetHints":{"allow":["GET"]}}],"collection":[{"href":"https:\/\/rachat2credit.fr\/guide\/wp-json\/wp\/v2\/posts"}],"about":[{"href":"https:\/\/rachat2credit.fr\/guide\/wp-json\/wp\/v2\/types\/post"}],"author":[{"embeddable":true,"href":"https:\/\/rachat2credit.fr\/guide\/wp-json\/wp\/v2\/users\/1"}],"replies":[{"embeddable":true,"href":"https:\/\/rachat2credit.fr\/guide\/wp-json\/wp\/v2\/comments?post=1131"}],"version-history":[{"count":0,"href":"https:\/\/rachat2credit.fr\/guide\/wp-json\/wp\/v2\/posts\/1131\/revisions"}],"wp:featuredmedia":[{"embeddable":true,"href":"https:\/\/rachat2credit.fr\/guide\/wp-json\/wp\/v2\/media\/1132"}],"wp:attachment":[{"href":"https:\/\/rachat2credit.fr\/guide\/wp-json\/wp\/v2\/media?parent=1131"}],"wp:term":[{"taxonomy":"category","embeddable":true,"href":"https:\/\/rachat2credit.fr\/guide\/wp-json\/wp\/v2\/categories?post=1131"},{"taxonomy":"post_tag","embeddable":true,"href":"https:\/\/rachat2credit.fr\/guide\/wp-json\/wp\/v2\/tags?post=1131"}],"curies":[{"name":"wp","href":"https:\/\/api.w.org\/{rel}","templated":true}]}}