{"id":224,"date":"2025-06-03T08:08:38","date_gmt":"2025-06-03T08:08:38","guid":{"rendered":"https:\/\/rachat2credit.fr\/guide\/?p=224"},"modified":"2025-05-11T08:17:40","modified_gmt":"2025-05-11T08:17:40","slug":"rachat-credit-brest","status":"publish","type":"post","link":"https:\/\/rachat2credit.fr\/guide\/rachat-credit-brest\/","title":{"rendered":"Rachat de cr\u00e9dit \u00e0 Brest"},"content":{"rendered":"\n<div id=\"ez-toc-container\" class=\"ez-toc-v2_0_82_2 counter-hierarchy ez-toc-counter ez-toc-grey ez-toc-container-direction\">\n<p class=\"ez-toc-title\" style=\"cursor:inherit\">Sommaire<\/p>\n<label for=\"ez-toc-cssicon-toggle-item-69f103743e03b\" class=\"ez-toc-cssicon-toggle-label\"><span class=\"ez-toc-cssicon\"><span class=\"eztoc-hide\" style=\"display:none;\">Toggle<\/span><span class=\"ez-toc-icon-toggle-span\"><svg style=\"fill: #999;color:#999\" xmlns=\"http:\/\/www.w3.org\/2000\/svg\" class=\"list-377408\" width=\"20px\" height=\"20px\" viewBox=\"0 0 24 24\" fill=\"none\"><path d=\"M6 6H4v2h2V6zm14 0H8v2h12V6zM4 11h2v2H4v-2zm16 0H8v2h12v-2zM4 16h2v2H4v-2zm16 0H8v2h12v-2z\" fill=\"currentColor\"><\/path><\/svg><svg style=\"fill: #999;color:#999\" class=\"arrow-unsorted-368013\" xmlns=\"http:\/\/www.w3.org\/2000\/svg\" width=\"10px\" height=\"10px\" viewBox=\"0 0 24 24\" version=\"1.2\" baseProfile=\"tiny\"><path d=\"M18.2 9.3l-6.2-6.3-6.2 6.3c-.2.2-.3.4-.3.7s.1.5.3.7c.2.2.4.3.7.3h11c.3 0 .5-.1.7-.3.2-.2.3-.5.3-.7s-.1-.5-.3-.7zM5.8 14.7l6.2 6.3 6.2-6.3c.2-.2.3-.5.3-.7s-.1-.5-.3-.7c-.2-.2-.4-.3-.7-.3h-11c-.3 0-.5.1-.7.3-.2.2-.3.5-.3.7s.1.5.3.7z\"\/><\/svg><\/span><\/span><\/label><input type=\"checkbox\"  id=\"ez-toc-cssicon-toggle-item-69f103743e03b\" checked aria-label=\"Toggle\" \/><nav><ul class='ez-toc-list ez-toc-list-level-1 ' ><li class='ez-toc-page-1 ez-toc-heading-level-2'><a class=\"ez-toc-link ez-toc-heading-1\" href=\"https:\/\/rachat2credit.fr\/guide\/rachat-credit-brest\/#Comprendre_le_rachat_de_credit_une_solution_financiere_adaptee_aux_Brestois\" >Comprendre le rachat de cr\u00e9dit : une solution financi\u00e8re adapt\u00e9e aux Brestois<\/a><ul class='ez-toc-list-level-3' ><li class='ez-toc-heading-level-3'><a class=\"ez-toc-link ez-toc-heading-2\" href=\"https:\/\/rachat2credit.fr\/guide\/rachat-credit-brest\/#Points_cles_a_retenir\" >Points cl\u00e9s \u00e0 retenir<\/a><\/li><li class='ez-toc-page-1 ez-toc-heading-level-3'><a class=\"ez-toc-link ez-toc-heading-3\" href=\"https:\/\/rachat2credit.fr\/guide\/rachat-credit-brest\/#Definition_et_principes_fondamentaux_du_rachat_de_credit\" >D\u00e9finition et principes fondamentaux du rachat de cr\u00e9dit<\/a><\/li><li class='ez-toc-page-1 ez-toc-heading-level-3'><a class=\"ez-toc-link ez-toc-heading-4\" href=\"https:\/\/rachat2credit.fr\/guide\/rachat-credit-brest\/#Types_de_credits_eligibles_au_regroupement_a_Brest_consommation_immobilier_professionnel\" >Types de cr\u00e9dits \u00e9ligibles au regroupement \u00e0 Brest (consommation, immobilier, professionnel)<\/a><\/li><li class='ez-toc-page-1 ez-toc-heading-level-3'><a class=\"ez-toc-link ez-toc-heading-5\" href=\"https:\/\/rachat2credit.fr\/guide\/rachat-credit-brest\/#Les_specificites_du_marche_financier_brestois_en_2025\" >Les sp\u00e9cificit\u00e9s du march\u00e9 financier brestois en 2025<\/a><\/li><\/ul><\/li><li class='ez-toc-page-1 ez-toc-heading-level-2'><a class=\"ez-toc-link ez-toc-heading-6\" href=\"https:\/\/rachat2credit.fr\/guide\/rachat-credit-brest\/#Avantages_strategiques_du_rachat_de_credit_pour_les_habitants_de_Brest\" >Avantages strat\u00e9giques du rachat de cr\u00e9dit pour les habitants de Brest<\/a><ul class='ez-toc-list-level-3' ><li class='ez-toc-heading-level-3'><a class=\"ez-toc-link ez-toc-heading-7\" href=\"https:\/\/rachat2credit.fr\/guide\/rachat-credit-brest\/#Reduction_significative_du_taux_dendettement_et_des_mensualites\" >R\u00e9duction significative du taux d&rsquo;endettement et des mensualit\u00e9s<\/a><\/li><li class='ez-toc-page-1 ez-toc-heading-level-3'><a class=\"ez-toc-link ez-toc-heading-8\" href=\"https:\/\/rachat2credit.fr\/guide\/rachat-credit-brest\/#Simplification_de_la_gestion_budgetaire_un_seul_prelevement_un_seul_interlocuteur\" >Simplification de la gestion budg\u00e9taire : un seul pr\u00e9l\u00e8vement, un seul interlocuteur<\/a><\/li><li class='ez-toc-page-1 ez-toc-heading-level-3'><a class=\"ez-toc-link ez-toc-heading-9\" href=\"https:\/\/rachat2credit.fr\/guide\/rachat-credit-brest\/#Acces_a_une_tresorerie_supplementaire_pour_financer_de_nouveaux_projets_a_Brest\" >Acc\u00e8s \u00e0 une tr\u00e9sorerie suppl\u00e9mentaire pour financer de nouveaux projets \u00e0 Brest<\/a><\/li><li class='ez-toc-page-1 ez-toc-heading-level-3'><a class=\"ez-toc-link ez-toc-heading-10\" href=\"https:\/\/rachat2credit.fr\/guide\/rachat-credit-brest\/#Protection_contre_le_surendettement_dans_le_contexte_economique_finisterien\" >Protection contre le surendettement dans le contexte \u00e9conomique finist\u00e9rien<\/a><\/li><\/ul><\/li><li class='ez-toc-page-1 ez-toc-heading-level-2'><a class=\"ez-toc-link ez-toc-heading-11\" href=\"https:\/\/rachat2credit.fr\/guide\/rachat-credit-brest\/#Processus_dobtention_dun_rachat_de_credit_a_Brest_demarches_et_criteres_deligibilite\" >Processus d&rsquo;obtention d&rsquo;un rachat de cr\u00e9dit \u00e0 Brest : d\u00e9marches et crit\u00e8res d&rsquo;\u00e9ligibilit\u00e9<\/a><ul class='ez-toc-list-level-3' ><li class='ez-toc-heading-level-3'><a class=\"ez-toc-link ez-toc-heading-12\" href=\"https:\/\/rachat2credit.fr\/guide\/rachat-credit-brest\/#Constitution_du_dossier_documents_essentiels_et_informations_requises\" >Constitution du dossier : documents essentiels et informations requises<\/a><\/li><li class='ez-toc-page-1 ez-toc-heading-level-3'><a class=\"ez-toc-link ez-toc-heading-13\" href=\"https:\/\/rachat2credit.fr\/guide\/rachat-credit-brest\/#Analyse_de_la_capacite_de_remboursement_selon_les_standards_financiers_bretons\" >Analyse de la capacit\u00e9 de remboursement selon les standards financiers bretons<\/a><\/li><li class='ez-toc-page-1 ez-toc-heading-level-3'><a class=\"ez-toc-link ez-toc-heading-14\" href=\"https:\/\/rachat2credit.fr\/guide\/rachat-credit-brest\/#Evaluation_des_garanties_et_suretes_adaptees_au_marche_immobilier_de_Brest\" >\u00c9valuation des garanties et s\u00fbret\u00e9s adapt\u00e9es au march\u00e9 immobilier de Brest<\/a><\/li><li class='ez-toc-page-1 ez-toc-heading-level-3'><a class=\"ez-toc-link ez-toc-heading-15\" href=\"https:\/\/rachat2credit.fr\/guide\/rachat-credit-brest\/#Delais_dobtention_et_formalites_administratives_specifiques_au_Finistere\" >D\u00e9lais d&rsquo;obtention et formalit\u00e9s administratives sp\u00e9cifiques au Finist\u00e8re<\/a><\/li><\/ul><\/li><li class='ez-toc-page-1 ez-toc-heading-level-2'><a class=\"ez-toc-link ez-toc-heading-16\" href=\"https:\/\/rachat2credit.fr\/guide\/rachat-credit-brest\/#Comparatif_des_courtiers_specialises_en_rachat_de_credit_a_Brest\" >Comparatif des courtiers sp\u00e9cialis\u00e9s en rachat de cr\u00e9dit \u00e0 Brest<\/a><ul class='ez-toc-list-level-3' ><li class='ez-toc-heading-level-3'><a class=\"ez-toc-link ez-toc-heading-17\" href=\"https:\/\/rachat2credit.fr\/guide\/rachat-credit-brest\/#Expertise_et_positionnement_des_agences_de_courtage_brestoises\" >Expertise et positionnement des agences de courtage brestoises<\/a><\/li><li class='ez-toc-page-1 ez-toc-heading-level-3'><a class=\"ez-toc-link ez-toc-heading-18\" href=\"https:\/\/rachat2credit.fr\/guide\/rachat-credit-brest\/#Analyse_des_partenariats_bancaires_et_capacite_de_negociation_locale\" >Analyse des partenariats bancaires et capacit\u00e9 de n\u00e9gociation locale<\/a><\/li><li class='ez-toc-page-1 ez-toc-heading-level-3'><a class=\"ez-toc-link ez-toc-heading-19\" href=\"https:\/\/rachat2credit.fr\/guide\/rachat-credit-brest\/#Temoignages_et_retours_dexperience_de_clients_brestois\" >T\u00e9moignages et retours d&rsquo;exp\u00e9rience de clients brestois<\/a><\/li><li class='ez-toc-page-1 ez-toc-heading-level-3'><a class=\"ez-toc-link ez-toc-heading-20\" href=\"https:\/\/rachat2credit.fr\/guide\/rachat-credit-brest\/#Services_personnalises_et_accompagnement_durant_toute_la_procedure\" >Services personnalis\u00e9s et accompagnement durant toute la proc\u00e9dure<\/a><\/li><\/ul><\/li><li class='ez-toc-page-1 ez-toc-heading-level-2'><a class=\"ez-toc-link ez-toc-heading-21\" href=\"https:\/\/rachat2credit.fr\/guide\/rachat-credit-brest\/#Optimisation_fiscale_et_financiere_du_rachat_de_credit_a_Brest\" >Optimisation fiscale et financi\u00e8re du rachat de cr\u00e9dit \u00e0 Brest<\/a><ul class='ez-toc-list-level-3' ><li class='ez-toc-heading-level-3'><a class=\"ez-toc-link ez-toc-heading-22\" href=\"https:\/\/rachat2credit.fr\/guide\/rachat-credit-brest\/#Impacts_sur_limposition_locale_et_deductions_fiscales_potentielles\" >Impacts sur l&rsquo;imposition locale et d\u00e9ductions fiscales potentielles<\/a><\/li><li class='ez-toc-page-1 ez-toc-heading-level-3'><a class=\"ez-toc-link ez-toc-heading-23\" href=\"https:\/\/rachat2credit.fr\/guide\/rachat-credit-brest\/#Strategies_damelioration_du_pouvoir_dachat_dans_le_contexte_economique_brestois\" >Strat\u00e9gies d&rsquo;am\u00e9lioration du pouvoir d&rsquo;achat dans le contexte \u00e9conomique brestois<\/a><\/li><li class='ez-toc-page-1 ez-toc-heading-level-3'><a class=\"ez-toc-link ez-toc-heading-24\" href=\"https:\/\/rachat2credit.fr\/guide\/rachat-credit-brest\/#Coordination_avec_dautres_dispositifs_financiers_disponibles_en_Bretagne\" >Coordination avec d&rsquo;autres dispositifs financiers disponibles en Bretagne<\/a><\/li><li class='ez-toc-page-1 ez-toc-heading-level-3'><a class=\"ez-toc-link ez-toc-heading-25\" href=\"https:\/\/rachat2credit.fr\/guide\/rachat-credit-brest\/#Projection_financiere_a_long_terme_couts_reels_et_economies_realisables\" >Projection financi\u00e8re \u00e0 long terme : co\u00fbts r\u00e9els et \u00e9conomies r\u00e9alisables<\/a><\/li><\/ul><\/li><li class='ez-toc-page-1 ez-toc-heading-level-2'><a class=\"ez-toc-link ez-toc-heading-26\" href=\"https:\/\/rachat2credit.fr\/guide\/rachat-credit-brest\/#Solutions_de_rachat_de_credit_pour_profils_specifiques_a_Brest\" >Solutions de rachat de cr\u00e9dit pour profils sp\u00e9cifiques \u00e0 Brest<\/a><ul class='ez-toc-list-level-3' ><li class='ez-toc-heading-level-3'><a class=\"ez-toc-link ez-toc-heading-27\" href=\"https:\/\/rachat2credit.fr\/guide\/rachat-credit-brest\/#Offres_adaptees_aux_fonctionnaires_et_employes_du_secteur_public_brestois\" >Offres adapt\u00e9es aux fonctionnaires et employ\u00e9s du secteur public brestois<\/a><\/li><li class='ez-toc-page-1 ez-toc-heading-level-3'><a class=\"ez-toc-link ez-toc-heading-28\" href=\"https:\/\/rachat2credit.fr\/guide\/rachat-credit-brest\/#Options_pour_les_professions_liberales_et_independants_du_Finistere\" >Options pour les professions lib\u00e9rales et ind\u00e9pendants du Finist\u00e8re<\/a><\/li><li class='ez-toc-page-1 ez-toc-heading-level-3'><a class=\"ez-toc-link ez-toc-heading-29\" href=\"https:\/\/rachat2credit.fr\/guide\/rachat-credit-brest\/#Dispositifs_destines_aux_retraites_residant_a_Brest_et_environs\" >Dispositifs destin\u00e9s aux retrait\u00e9s r\u00e9sidant \u00e0 Brest et environs<\/a><\/li><li class='ez-toc-page-1 ez-toc-heading-level-3'><a class=\"ez-toc-link ez-toc-heading-30\" href=\"https:\/\/rachat2credit.fr\/guide\/rachat-credit-brest\/#Alternatives_pour_les_personnes_presentant_un_taux_dendettement_eleve\" >Alternatives pour les personnes pr\u00e9sentant un taux d&rsquo;endettement \u00e9lev\u00e9<\/a><\/li><\/ul><\/li><li class='ez-toc-page-1 ez-toc-heading-level-2'><a class=\"ez-toc-link ez-toc-heading-31\" href=\"https:\/\/rachat2credit.fr\/guide\/rachat-credit-brest\/#Conseils_dexperts_pour_reussir_son_rachat_de_credit_a_Brest\" >Conseils d&rsquo;experts pour r\u00e9ussir son rachat de cr\u00e9dit \u00e0 Brest<\/a><ul class='ez-toc-list-level-3' ><li class='ez-toc-heading-level-3'><a class=\"ez-toc-link ez-toc-heading-32\" href=\"https:\/\/rachat2credit.fr\/guide\/rachat-credit-brest\/#Timing_optimal_et_conditions_de_marche_favorables_en_2025\" >Timing optimal et conditions de march\u00e9 favorables en 2025<\/a><\/li><li class='ez-toc-page-1 ez-toc-heading-level-3'><a class=\"ez-toc-link ez-toc-heading-33\" href=\"https:\/\/rachat2credit.fr\/guide\/rachat-credit-brest\/#Negociation_des_clauses_contractuelles_avec_les_etablissements_financiers_locaux\" >N\u00e9gociation des clauses contractuelles avec les \u00e9tablissements financiers locaux<\/a><\/li><li class='ez-toc-page-1 ez-toc-heading-level-3'><a class=\"ez-toc-link ez-toc-heading-34\" href=\"https:\/\/rachat2credit.fr\/guide\/rachat-credit-brest\/#Prevention_des_pieges_et_erreurs_courantes_dans_le_processus_de_rachat\" >Pr\u00e9vention des pi\u00e8ges et erreurs courantes dans le processus de rachat<\/a><\/li><li class='ez-toc-page-1 ez-toc-heading-level-3'><a class=\"ez-toc-link ez-toc-heading-35\" href=\"https:\/\/rachat2credit.fr\/guide\/rachat-credit-brest\/#Suivi_et_gestion_post-rachat_pour_une_optimisation_financiere_durable\" >Suivi et gestion post-rachat pour une optimisation financi\u00e8re durable<\/a><\/li><\/ul><\/li><li class='ez-toc-page-1 ez-toc-heading-level-2'><a class=\"ez-toc-link ez-toc-heading-36\" href=\"https:\/\/rachat2credit.fr\/guide\/rachat-credit-brest\/#Questions_frequentes_sur_le_rachat_de_credit_a_Brest\" >Questions fr\u00e9quentes sur le rachat de cr\u00e9dit \u00e0 Brest<\/a><ul class='ez-toc-list-level-3' ><li class='ez-toc-heading-level-3'><a class=\"ez-toc-link ez-toc-heading-37\" href=\"https:\/\/rachat2credit.fr\/guide\/rachat-credit-brest\/#Delais_moyens_de_traitement_des_dossiers_par_les_organismes_brestois\" >D\u00e9lais moyens de traitement des dossiers par les organismes brestois<\/a><\/li><li class='ez-toc-page-1 ez-toc-heading-level-3'><a class=\"ez-toc-link ez-toc-heading-38\" href=\"https:\/\/rachat2credit.fr\/guide\/rachat-credit-brest\/#Consequences_dun_refus_et_strategies_alternatives\" >Cons\u00e9quences d&rsquo;un refus et strat\u00e9gies alternatives<\/a><\/li><li class='ez-toc-page-1 ez-toc-heading-level-3'><a class=\"ez-toc-link ez-toc-heading-39\" href=\"https:\/\/rachat2credit.fr\/guide\/rachat-credit-brest\/#Possibilites_de_remboursement_anticipe_et_modalites_specifiques\" >Possibilit\u00e9s de remboursement anticip\u00e9 et modalit\u00e9s sp\u00e9cifiques<\/a><\/li><li class='ez-toc-page-1 ez-toc-heading-level-3'><a class=\"ez-toc-link ez-toc-heading-40\" href=\"https:\/\/rachat2credit.fr\/guide\/rachat-credit-brest\/#Evolution_des_taux_et_perspectives_du_marche_du_rachat_de_credit_a_Brest\" >\u00c9volution des taux et perspectives du march\u00e9 du rachat de cr\u00e9dit \u00e0 Brest<\/a><\/li><\/ul><\/li><\/ul><\/nav><\/div>\n<h2 class=\"wp-block-heading\"><span class=\"ez-toc-section\" id=\"Comprendre_le_rachat_de_credit_une_solution_financiere_adaptee_aux_Brestois\"><\/span>Comprendre le rachat de cr\u00e9dit : une solution financi\u00e8re adapt\u00e9e aux Brestois<span class=\"ez-toc-section-end\"><\/span><\/h2>\n\n\n\n<p>Le <strong>rachat de cr\u00e9dit<\/strong> repr\u00e9sente une strat\u00e9gie financi\u00e8re particuli\u00e8rement pertinente pour les habitants de Brest confront\u00e9s \u00e0 des engagements multiples ou \u00e0 des mensualit\u00e9s trop \u00e9lev\u00e9es. Cette solution m\u00e9rite une analyse approfondie dans le contexte \u00e9conomique sp\u00e9cifique du Finist\u00e8re.<\/p>\n\n\n\n<h3 class=\"wp-block-heading\"><span class=\"ez-toc-section\" id=\"Points_cles_a_retenir\"><\/span>Points cl\u00e9s \u00e0 retenir<span class=\"ez-toc-section-end\"><\/span><\/h3>\n\n\n\n<figure class=\"wp-block-table\"><table class=\"has-fixed-layout\"><thead><tr><th>Aspect<\/th><th>B\u00e9n\u00e9fice<\/th><\/tr><\/thead><tbody><tr><td>Endettement<\/td><td>R\u00e9duction jusqu&rsquo;\u00e0 60% des mensualit\u00e9s<\/td><\/tr><tr><td>Gestion<\/td><td>Un seul pr\u00e9l\u00e8vement et un interlocuteur unique<\/td><\/tr><tr><td>Tr\u00e9sorerie<\/td><td>Possibilit\u00e9 de financement compl\u00e9mentaire<\/td><\/tr><tr><td>D\u00e9lai<\/td><td>Traitement sous 15 \u00e0 21 jours ouvr\u00e9s<\/td><\/tr><tr><td>\u00c9ligibilit\u00e9<\/td><td>Accessible d\u00e8s 3 cr\u00e9dits en cours<\/td><\/tr><tr><td>Fiscalit\u00e9<\/td><td>D\u00e9ductions possibles pour les r\u00e9sidences principales<\/td><\/tr><tr><td>Co\u00fbt<\/td><td>\u00c9conomie moyenne de 12 000\u20ac sur la dur\u00e9e totale<\/td><\/tr><\/tbody><\/table><\/figure>\n\n\n\n<h3 class=\"wp-block-heading\"><span class=\"ez-toc-section\" id=\"Definition_et_principes_fondamentaux_du_rachat_de_credit\"><\/span>D\u00e9finition et principes fondamentaux du rachat de cr\u00e9dit<span class=\"ez-toc-section-end\"><\/span><\/h3>\n\n\n\n<p>Le rachat de cr\u00e9dit, \u00e9galement d\u00e9sign\u00e9 sous les termes de <strong>regroupement de cr\u00e9dits<\/strong> ou <strong>restructuration financi\u00e8re<\/strong>, consiste \u00e0 fusionner plusieurs engagements financiers existants en un seul pr\u00eat. Cette op\u00e9ration permet d&rsquo;obtenir un <strong>taux d&rsquo;int\u00e9r\u00eat g\u00e9n\u00e9ralement plus avantageux<\/strong> et d&rsquo;\u00e9taler les remboursements sur une dur\u00e9e plus longue.<\/p>\n\n\n\n<p>L&rsquo;objectif principal r\u00e9side dans l&rsquo;all\u00e8gement imm\u00e9diat des charges mensuelles, permettant de retrouver un \u00e9quilibre budg\u00e9taire en ad\u00e9quation avec les revenus du foyer. Cette solution pr\u00e9sente un int\u00e9r\u00eat particulier pour les r\u00e9sidents brestois confront\u00e9s \u00e0 une accumulation d&rsquo;engagements financiers devenus difficiles \u00e0 g\u00e9rer.<\/p>\n\n\n\n<h3 class=\"wp-block-heading\"><span class=\"ez-toc-section\" id=\"Types_de_credits_eligibles_au_regroupement_a_Brest_consommation_immobilier_professionnel\"><\/span>Types de cr\u00e9dits \u00e9ligibles au regroupement \u00e0 Brest (consommation, immobilier, professionnel)<span class=\"ez-toc-section-end\"><\/span><\/h3>\n\n\n\n<p>La diversit\u00e9 des cr\u00e9dits susceptibles d&rsquo;\u00eatre regroup\u00e9s constitue l&rsquo;un des avantages majeurs de cette d\u00e9marche financi\u00e8re :<\/p>\n\n\n\n<ul class=\"wp-block-list\">\n<li><strong>Cr\u00e9dits \u00e0 la consommation<\/strong> : pr\u00eats personnels, cr\u00e9dits renouvelables, financements automobiles, cr\u00e9dits travaux<\/li>\n\n\n\n<li><strong>Pr\u00eats immobiliers<\/strong> : r\u00e9sidence principale, secondaire ou investissement locatif \u00e0 Brest et ses environs<\/li>\n\n\n\n<li><strong>Cr\u00e9dits professionnels<\/strong> : financements li\u00e9s \u00e0 une activit\u00e9 ind\u00e9pendante ou lib\u00e9rale exerc\u00e9e dans l&rsquo;agglom\u00e9ration brestoise<\/li>\n\n\n\n<li><strong>D\u00e9couverts bancaires<\/strong> autoris\u00e9s et consolid\u00e9s<\/li>\n\n\n\n<li><strong>Dettes fiscales<\/strong> sous certaines conditions sp\u00e9cifiques<\/li>\n<\/ul>\n\n\n\n<p>Cette diversit\u00e9 permet aux emprunteurs brestois d&rsquo;\u00e9laborer une strat\u00e9gie de restructuration adapt\u00e9e \u00e0 leur situation particuli\u00e8re, qu&rsquo;il s&rsquo;agisse de m\u00e9nages ou de professionnels exer\u00e7ant dans le bassin \u00e9conomique finist\u00e9rien.<\/p>\n\n\n\n<h3 class=\"wp-block-heading\"><span class=\"ez-toc-section\" id=\"Les_specificites_du_marche_financier_brestois_en_2025\"><\/span>Les sp\u00e9cificit\u00e9s du march\u00e9 financier brestois en 2025<span class=\"ez-toc-section-end\"><\/span><\/h3>\n\n\n\n<p>Le contexte \u00e9conomique brestois pr\u00e9sente plusieurs caract\u00e9ristiques influen\u00e7ant directement les op\u00e9rations de rachat de cr\u00e9dit :<\/p>\n\n\n\n<p>La <strong>dynamique immobili\u00e8re<\/strong> locale affiche une augmentation mod\u00e9r\u00e9e des prix (+3,7% sur 12 mois), cr\u00e9ant des conditions favorables pour les propri\u00e9taires souhaitant valoriser leur bien en garantie. La pr\u00e9sence d&rsquo;un <strong>tissu \u00e9conomique diversifi\u00e9<\/strong>, soutenu par le secteur maritime, la d\u00e9fense et les technologies num\u00e9riques, g\u00e9n\u00e8re une stabilit\u00e9 professionnelle propice aux restructurations financi\u00e8res.<\/p>\n\n\n\n<p>Les \u00e9tablissements financiers implant\u00e9s \u00e0 Brest ont d\u00e9velopp\u00e9 une <strong>expertise sp\u00e9cifique<\/strong> dans l&rsquo;accompagnement des emprunteurs locaux, avec une connaissance approfondie des probl\u00e9matiques \u00e9conomiques r\u00e9gionales. Cette proximit\u00e9 facilite l&rsquo;analyse des dossiers et l&rsquo;adaptation des offres aux r\u00e9alit\u00e9s du territoire.<\/p>\n\n\n\n<h2 class=\"wp-block-heading\"><span class=\"ez-toc-section\" id=\"Avantages_strategiques_du_rachat_de_credit_pour_les_habitants_de_Brest\"><\/span>Avantages strat\u00e9giques du rachat de cr\u00e9dit pour les habitants de Brest<span class=\"ez-toc-section-end\"><\/span><\/h2>\n\n\n\n<p>Le regroupement de cr\u00e9dits offre des b\u00e9n\u00e9fices substantiels pour les r\u00e9sidents brestois, particuli\u00e8rement dans le contexte \u00e9conomique actuel marqu\u00e9 par des contraintes budg\u00e9taires croissantes et une vigilance accrue des \u00e9tablissements pr\u00eateurs.<\/p>\n\n\n\n<h3 class=\"wp-block-heading\"><span class=\"ez-toc-section\" id=\"Reduction_significative_du_taux_dendettement_et_des_mensualites\"><\/span>R\u00e9duction significative du taux d&rsquo;endettement et des mensualit\u00e9s<span class=\"ez-toc-section-end\"><\/span><\/h3>\n\n\n\n<p>L&rsquo;avantage premier d&rsquo;un rachat de cr\u00e9dit r\u00e9side dans la <strong>diminution imm\u00e9diate des mensualit\u00e9s<\/strong>, pouvant atteindre 30 \u00e0 60% selon les situations. Cette r\u00e9duction s&rsquo;obtient par la combinaison de trois facteurs principaux :<\/p>\n\n\n\n<ul class=\"wp-block-list\">\n<li>L&rsquo;obtention d&rsquo;un <strong>taux d&rsquo;int\u00e9r\u00eat global optimis\u00e9<\/strong>, souvent inf\u00e9rieur \u00e0 la moyenne pond\u00e9r\u00e9e des taux initiaux<\/li>\n\n\n\n<li>L&rsquo;<strong>allongement de la dur\u00e9e<\/strong> de remboursement, permettant de r\u00e9partir la charge sur une p\u00e9riode plus longue<\/li>\n\n\n\n<li>La <strong>suppression de certains frais<\/strong> li\u00e9s aux multiples contrats de cr\u00e9dit (assurances redondantes, frais de gestion)<\/li>\n<\/ul>\n\n\n\n<p>Pour les foyers brestois, cette diminution repr\u00e9sente un gain imm\u00e9diat en pouvoir d&rsquo;achat, particuli\u00e8rement appr\u00e9ciable dans une ville o\u00f9 le co\u00fbt de la vie, bien qu&rsquo;inf\u00e9rieur \u00e0 la moyenne nationale, conna\u00eet une progression constante.<\/p>\n\n\n\n<h3 class=\"wp-block-heading\"><span class=\"ez-toc-section\" id=\"Simplification_de_la_gestion_budgetaire_un_seul_prelevement_un_seul_interlocuteur\"><\/span>Simplification de la gestion budg\u00e9taire : un seul pr\u00e9l\u00e8vement, un seul interlocuteur<span class=\"ez-toc-section-end\"><\/span><\/h3>\n\n\n\n<p>La centralisation des engagements financiers apporte une <strong>clarification administrative<\/strong> consid\u00e9rable :<\/p>\n\n\n\n<ul class=\"wp-block-list\">\n<li>Remplacement de multiples \u00e9ch\u00e9ances \u00e9chelonn\u00e9es tout au long du mois par <strong>un unique pr\u00e9l\u00e8vement<\/strong> \u00e0 date fixe<\/li>\n\n\n\n<li>Relation avec un <strong>interlocuteur unique<\/strong> pour toutes les questions relatives au cr\u00e9dit<\/li>\n\n\n\n<li><strong>Suivi simplifi\u00e9<\/strong> de l&rsquo;\u00e9volution du capital restant d\u00fb<\/li>\n\n\n\n<li><strong>R\u00e9duction des risques d&rsquo;incidents bancaires<\/strong> li\u00e9s \u00e0 la multiplication des pr\u00e9l\u00e8vements<\/li>\n<\/ul>\n\n\n\n<p>Cette simplification s&rsquo;av\u00e8re particuli\u00e8rement pertinente pour les travailleurs aux revenus variables, nombreux dans le bassin d&#8217;emploi brestois, notamment dans les secteurs maritime et touristique caract\u00e9ris\u00e9s par une forte saisonnalit\u00e9.<\/p>\n\n\n\n<h3 class=\"wp-block-heading\"><span class=\"ez-toc-section\" id=\"Acces_a_une_tresorerie_supplementaire_pour_financer_de_nouveaux_projets_a_Brest\"><\/span>Acc\u00e8s \u00e0 une tr\u00e9sorerie suppl\u00e9mentaire pour financer de nouveaux projets \u00e0 Brest<span class=\"ez-toc-section-end\"><\/span><\/h3>\n\n\n\n<p>Le rachat de cr\u00e9dit permet g\u00e9n\u00e9ralement d&rsquo;int\u00e9grer une <strong>enveloppe de tr\u00e9sorerie compl\u00e9mentaire<\/strong>, utilisable pour divers projets :<\/p>\n\n\n\n<ul class=\"wp-block-list\">\n<li><strong>R\u00e9novation \u00e9nerg\u00e9tique<\/strong> du logement, particuli\u00e8rement pertinente dans l&rsquo;habitat brestois soumis aux conditions climatiques maritimes<\/li>\n\n\n\n<li><strong>Acquisition d&rsquo;\u00e9quipements<\/strong> am\u00e9liorant la qualit\u00e9 de vie<\/li>\n\n\n\n<li><strong>Financement d&rsquo;\u00e9tudes sup\u00e9rieures<\/strong> pour les enfants, avec la pr\u00e9sence de nombreux \u00e9tablissements d&rsquo;enseignement \u00e0 Brest<\/li>\n\n\n\n<li>Constitution d&rsquo;une <strong>r\u00e9serve de s\u00e9curit\u00e9<\/strong> pour faire face aux impr\u00e9vus<\/li>\n<\/ul>\n\n\n\n<p>Cette capacit\u00e9 de financement additionnel s&rsquo;inscrit parfaitement dans les dynamiques locales d&rsquo;am\u00e9lioration de l&rsquo;habitat et de modernisation des \u00e9quipements, contribuant indirectement au d\u00e9veloppement \u00e9conomique de l&rsquo;agglom\u00e9ration.<\/p>\n\n\n\n<h3 class=\"wp-block-heading\"><span class=\"ez-toc-section\" id=\"Protection_contre_le_surendettement_dans_le_contexte_economique_finisterien\"><\/span>Protection contre le surendettement dans le contexte \u00e9conomique finist\u00e9rien<span class=\"ez-toc-section-end\"><\/span><\/h3>\n\n\n\n<p>Le rachat de cr\u00e9dit constitue un <strong>outil pr\u00e9ventif efficace<\/strong> contre les risques de d\u00e9gradation financi\u00e8re :<\/p>\n\n\n\n<ul class=\"wp-block-list\">\n<li><strong>Anticipation des difficult\u00e9s<\/strong> avant l&rsquo;apparition d&rsquo;incidents de paiement<\/li>\n\n\n\n<li><strong>Restructuration adapt\u00e9e<\/strong> aux capacit\u00e9s r\u00e9elles de remboursement du foyer<\/li>\n\n\n\n<li><strong>R\u00e9duction des sollicitations commerciales<\/strong> pour de nouveaux cr\u00e9dits<\/li>\n\n\n\n<li><strong>Stabilisation budg\u00e9taire<\/strong> favorable \u00e0 une gestion financi\u00e8re sereine<\/li>\n<\/ul>\n\n\n\n<p>Cette dimension pr\u00e9ventive rev\u00eat une importance particuli\u00e8re dans le contexte finist\u00e9rien, o\u00f9 certains secteurs \u00e9conomiques connaissent des fluctuations d&rsquo;activit\u00e9 pouvant fragiliser temporairement les revenus des m\u00e9nages.<\/p>\n\n\n\n<h2 class=\"wp-block-heading\"><span class=\"ez-toc-section\" id=\"Processus_dobtention_dun_rachat_de_credit_a_Brest_demarches_et_criteres_deligibilite\"><\/span>Processus d&rsquo;obtention d&rsquo;un rachat de cr\u00e9dit \u00e0 Brest : d\u00e9marches et crit\u00e8res d&rsquo;\u00e9ligibilit\u00e9<span class=\"ez-toc-section-end\"><\/span><\/h2>\n\n\n\n<p>L&rsquo;obtention d&rsquo;un rachat de cr\u00e9dit \u00e0 Brest suit un processus structur\u00e9, n\u00e9cessitant une pr\u00e9paration rigoureuse et une connaissance pr\u00e9cise des crit\u00e8res d&rsquo;\u00e9valuation appliqu\u00e9s par les \u00e9tablissements pr\u00eateurs.<\/p>\n\n\n\n<h3 class=\"wp-block-heading\"><span class=\"ez-toc-section\" id=\"Constitution_du_dossier_documents_essentiels_et_informations_requises\"><\/span>Constitution du dossier : documents essentiels et informations requises<span class=\"ez-toc-section-end\"><\/span><\/h3>\n\n\n\n<p>La qualit\u00e9 du dossier pr\u00e9sent\u00e9 influence directement les conditions obtenues. Les \u00e9l\u00e9ments indispensables comprennent :<\/p>\n\n\n\n<ul class=\"wp-block-list\">\n<li><strong>Justificatifs d&rsquo;identit\u00e9<\/strong> et de domiciliation \u00e0 Brest ou dans son agglom\u00e9ration<\/li>\n\n\n\n<li><strong>Bulletins de salaire<\/strong> des trois derniers mois et avis d&rsquo;imposition des deux derni\u00e8res ann\u00e9es<\/li>\n\n\n\n<li><strong>Relev\u00e9s de comptes bancaires<\/strong> couvrant une p\u00e9riode minimale de trois mois<\/li>\n\n\n\n<li><strong>Tableaux d&rsquo;amortissement<\/strong> complets de tous les cr\u00e9dits en cours<\/li>\n\n\n\n<li><strong>Estimation immobili\u00e8re<\/strong> r\u00e9cente pour les propri\u00e9taires (moins de 3 mois)<\/li>\n\n\n\n<li><strong>Justificatifs de charges r\u00e9currentes<\/strong> (loyer, pensions vers\u00e9es)<\/li>\n\n\n\n<li><strong>Attestation de propri\u00e9t\u00e9<\/strong> et taxe fonci\u00e8re pour les biens immobiliers<\/li>\n<\/ul>\n\n\n\n<p>La pr\u00e9cision et l&rsquo;exhaustivit\u00e9 de ces documents permettent une analyse fine de la situation financi\u00e8re et d\u00e9terminent la recevabilit\u00e9 de la demande selon les crit\u00e8res des \u00e9tablissements financiers pr\u00e9sents sur le march\u00e9 brestois.<\/p>\n\n\n\n<h3 class=\"wp-block-heading\"><span class=\"ez-toc-section\" id=\"Analyse_de_la_capacite_de_remboursement_selon_les_standards_financiers_bretons\"><\/span>Analyse de la capacit\u00e9 de remboursement selon les standards financiers bretons<span class=\"ez-toc-section-end\"><\/span><\/h3>\n\n\n\n<p>Les organismes pr\u00eateurs \u00e9valuent la solvabilit\u00e9 du demandeur selon des param\u00e8tres adapt\u00e9s aux r\u00e9alit\u00e9s \u00e9conomiques locales :<\/p>\n\n\n\n<ul class=\"wp-block-list\">\n<li>Le <strong>taux d&rsquo;endettement<\/strong> ne doit g\u00e9n\u00e9ralement pas exc\u00e9der 35% des revenus stables, avec une appr\u00e9ciation particuli\u00e8re pour les professions maritimes et militaires fortement repr\u00e9sent\u00e9es \u00e0 Brest<\/li>\n\n\n\n<li>Le <strong>reste \u00e0 vivre<\/strong> minimal exig\u00e9 tient compte du co\u00fbt de la vie dans l&rsquo;agglom\u00e9ration brestoise, g\u00e9n\u00e9ralement estim\u00e9 \u00e0 850\u20ac par mois pour une personne seule<\/li>\n\n\n\n<li>La <strong>stabilit\u00e9 professionnelle<\/strong> est \u00e9valu\u00e9e en fonction des sp\u00e9cificit\u00e9s du bassin d&#8217;emploi brestois<\/li>\n\n\n\n<li>L&rsquo;<strong>historique bancaire<\/strong> r\u00e9cent doit d\u00e9montrer une gestion ma\u00eetris\u00e9e des comptes<\/li>\n<\/ul>\n\n\n\n<p>Cette analyse contextuelle permet d&rsquo;adapter les crit\u00e8res d&rsquo;acceptation aux particularit\u00e9s socio-\u00e9conomiques du territoire, o\u00f9 coexistent des emplois publics stables (arsenal, h\u00f4pital, universit\u00e9) et des activit\u00e9s plus cycliques li\u00e9es au tourisme et \u00e0 la mer.<\/p>\n\n\n\n<h3 class=\"wp-block-heading\"><span class=\"ez-toc-section\" id=\"Evaluation_des_garanties_et_suretes_adaptees_au_marche_immobilier_de_Brest\"><\/span>\u00c9valuation des garanties et s\u00fbret\u00e9s adapt\u00e9es au march\u00e9 immobilier de Brest<span class=\"ez-toc-section-end\"><\/span><\/h3>\n\n\n\n<p>La qualit\u00e9 des garanties propos\u00e9es constitue un \u00e9l\u00e9ment d\u00e9terminant dans la construction de l&rsquo;offre :<\/p>\n\n\n\n<ul class=\"wp-block-list\">\n<li>Pour les <strong>propri\u00e9taires<\/strong>, l&rsquo;inscription hypoth\u00e9caire sur un bien situ\u00e9 \u00e0 Brest pr\u00e9sente un avantage certain, le march\u00e9 immobilier local affichant une stabilit\u00e9 appr\u00e9ci\u00e9e des \u00e9tablissements financiers<\/li>\n\n\n\n<li>Les <strong>cautions personnelles<\/strong> \u00e9manant de tiers solvables r\u00e9sidant dans la r\u00e9gion peuvent renforcer un dossier pr\u00e9sentant certaines fragilit\u00e9s<\/li>\n\n\n\n<li>Les <strong>nantissements de produits d&rsquo;\u00e9pargne<\/strong> constituent une alternative int\u00e9ressante dans certaines configurations<\/li>\n\n\n\n<li>L&rsquo;<strong>assurance emprunteur<\/strong> adapt\u00e9e aux profils \u00e0 risque (m\u00e9tiers maritimes, professions m\u00e9caniques) peut compenser certaines faiblesses du dossier<\/li>\n<\/ul>\n\n\n\n<p>La valorisation de ces garanties tient compte des particularit\u00e9s du march\u00e9 immobilier brestois, caract\u00e9ris\u00e9 par des prix mod\u00e9r\u00e9s mais stables et une liquidit\u00e9 satisfaisante.<\/p>\n\n\n\n<h3 class=\"wp-block-heading\"><span class=\"ez-toc-section\" id=\"Delais_dobtention_et_formalites_administratives_specifiques_au_Finistere\"><\/span>D\u00e9lais d&rsquo;obtention et formalit\u00e9s administratives sp\u00e9cifiques au Finist\u00e8re<span class=\"ez-toc-section-end\"><\/span><\/h3>\n\n\n\n<p>Le processus complet de rachat de cr\u00e9dit \u00e0 Brest s&rsquo;inscrit dans un calendrier relativement standardis\u00e9 :<\/p>\n\n\n\n<ul class=\"wp-block-list\">\n<li><strong>\u00c9tude pr\u00e9liminaire<\/strong> du dossier : 48 \u00e0 72 heures<\/li>\n\n\n\n<li><strong>Accord de principe<\/strong> : 5 \u00e0 8 jours ouvr\u00e9s apr\u00e8s soumission du dossier complet<\/li>\n\n\n\n<li><strong>\u00c9dition de l&rsquo;offre de pr\u00eat<\/strong> : 7 \u00e0 10 jours apr\u00e8s l&rsquo;accord de principe<\/li>\n\n\n\n<li><strong>D\u00e9lai l\u00e9gal de r\u00e9flexion<\/strong> : 10 jours incompressibles<\/li>\n\n\n\n<li><strong>D\u00e9blocage des fonds<\/strong> : 5 \u00e0 7 jours apr\u00e8s retour des offres sign\u00e9es<\/li>\n<\/ul>\n\n\n\n<p>Certaines particularit\u00e9s administratives finist\u00e9riennes peuvent influencer ces d\u00e9lais, notamment en mati\u00e8re d&rsquo;enregistrement hypoth\u00e9caire aupr\u00e8s du service de publicit\u00e9 fonci\u00e8re de Brest, dont les d\u00e9lais de traitement varient selon les p\u00e9riodes de l&rsquo;ann\u00e9e.<\/p>\n\n\n\n<h2 class=\"wp-block-heading\"><span class=\"ez-toc-section\" id=\"Comparatif_des_courtiers_specialises_en_rachat_de_credit_a_Brest\"><\/span>Comparatif des courtiers sp\u00e9cialis\u00e9s en rachat de cr\u00e9dit \u00e0 Brest<span class=\"ez-toc-section-end\"><\/span><\/h2>\n\n\n\n<p>Le recours \u00e0 un interm\u00e9diaire financier sp\u00e9cialis\u00e9 constitue g\u00e9n\u00e9ralement la d\u00e9marche la plus efficiente pour optimiser une op\u00e9ration de rachat de cr\u00e9dit \u00e0 Brest. Une analyse comparative des acteurs locaux permet d&rsquo;identifier les partenaires les plus pertinents.<\/p>\n\n\n\n<h3 class=\"wp-block-heading\"><span class=\"ez-toc-section\" id=\"Expertise_et_positionnement_des_agences_de_courtage_brestoises\"><\/span>Expertise et positionnement des agences de courtage brestoises<span class=\"ez-toc-section-end\"><\/span><\/h3>\n\n\n\n<p>Le march\u00e9 brestois du courtage en restructuration financi\u00e8re pr\u00e9sente diff\u00e9rents profils d&rsquo;intervenants :<\/p>\n\n\n\n<ul class=\"wp-block-list\">\n<li><strong>Cabinets ind\u00e9pendants locaux<\/strong> disposant d&rsquo;une connaissance approfondie des sp\u00e9cificit\u00e9s \u00e9conomiques brestoises et d&rsquo;un r\u00e9seau relationnel dense<\/li>\n\n\n\n<li><strong>Antennes r\u00e9gionales<\/strong> de r\u00e9seaux nationaux b\u00e9n\u00e9ficiant d&rsquo;une force de n\u00e9gociation accrue aupr\u00e8s des grands \u00e9tablissements<\/li>\n\n\n\n<li><strong>Courtiers sp\u00e9cialis\u00e9s<\/strong> par typologie de client\u00e8le (fonctionnaires, marins, militaires) avec une expertise sectorielle marqu\u00e9e<\/li>\n\n\n\n<li><strong>Plateformes digitales<\/strong> compl\u00e9t\u00e9es par des permanences physiques \u00e0 Brest, combinant r\u00e9activit\u00e9 et proximit\u00e9<\/li>\n<\/ul>\n\n\n\n<p>Les cabinets implant\u00e9s durablement dans l&rsquo;agglom\u00e9ration brestoise pr\u00e9sentent g\u00e9n\u00e9ralement l&rsquo;avantage d&rsquo;une meilleure compr\u00e9hension des particularit\u00e9s patrimoniales locales et des sp\u00e9cificit\u00e9s professionnelles du bassin d&#8217;emploi.<\/p>\n\n\n\n<h3 class=\"wp-block-heading\"><span class=\"ez-toc-section\" id=\"Analyse_des_partenariats_bancaires_et_capacite_de_negociation_locale\"><\/span>Analyse des partenariats bancaires et capacit\u00e9 de n\u00e9gociation locale<span class=\"ez-toc-section-end\"><\/span><\/h3>\n\n\n\n<p>La qualit\u00e9 du r\u00e9seau partenarial constitue un diff\u00e9renciateur majeur entre les interm\u00e9diaires financiers :<\/p>\n\n\n\n<ul class=\"wp-block-list\">\n<li><strong>Diversit\u00e9 des \u00e9tablissements<\/strong> partenaires, incluant les banques r\u00e9gionales fortement implant\u00e9es en Bretagne<\/li>\n\n\n\n<li><strong>Accords pr\u00e9f\u00e9rentiels<\/strong> n\u00e9goci\u00e9s avec certains pr\u00eateurs, permettant l&rsquo;acc\u00e8s \u00e0 des conditions avantageuses<\/li>\n\n\n\n<li><strong>Volume d&rsquo;affaires trait\u00e9<\/strong> influen\u00e7ant la capacit\u00e9 \u00e0 obtenir des d\u00e9rogations aux crit\u00e8res standard<\/li>\n\n\n\n<li><strong>Relations privil\u00e9gi\u00e9es<\/strong> avec les centres de d\u00e9cision r\u00e9gionaux, facilitant le traitement des dossiers complexes<\/li>\n<\/ul>\n\n\n\n<p>Les courtiers disposant d&rsquo;une implantation historique \u00e0 Brest b\u00e9n\u00e9ficient g\u00e9n\u00e9ralement de relations \u00e9tablies avec les d\u00e9cideurs locaux des \u00e9tablissements financiers, constituant un atout d\u00e9cisif pour les dossiers atypiques ou pr\u00e9sentant certaines particularit\u00e9s.<\/p>\n\n\n\n<h3 class=\"wp-block-heading\"><span class=\"ez-toc-section\" id=\"Temoignages_et_retours_dexperience_de_clients_brestois\"><\/span>T\u00e9moignages et retours d&rsquo;exp\u00e9rience de clients brestois<span class=\"ez-toc-section-end\"><\/span><\/h3>\n\n\n\n<p>L&rsquo;analyse des retours clients permet d&rsquo;identifier plusieurs facteurs diff\u00e9renciants dans la qualit\u00e9 d&rsquo;accompagnement propos\u00e9e :<\/p>\n\n\n\n<ul class=\"wp-block-list\">\n<li><strong>R\u00e9activit\u00e9 dans le traitement<\/strong> initial des demandes, avec des d\u00e9lais de premier contact oscillant entre quelques heures et plusieurs jours selon les structures<\/li>\n\n\n\n<li><strong>Transparence sur les conditions<\/strong> obtenues et les alternatives envisageables<\/li>\n\n\n\n<li><strong>Pers\u00e9v\u00e9rance dans la recherche<\/strong> de solutions pour les dossiers complexes<\/li>\n\n\n\n<li><strong>Qualit\u00e9 du suivi<\/strong> post-signature et disponibilit\u00e9 en cas de difficult\u00e9s ult\u00e9rieures<\/li>\n<\/ul>\n\n\n\n<p>Les t\u00e9moignages recueillis aupr\u00e8s de clients brestois soulignent l&rsquo;importance de la proximit\u00e9 g\u00e9ographique et de la disponibilit\u00e9 des conseillers, particuli\u00e8rement appr\u00e9ci\u00e9es lors des phases critiques du processus de restructuration.<\/p>\n\n\n\n<h3 class=\"wp-block-heading\"><span class=\"ez-toc-section\" id=\"Services_personnalises_et_accompagnement_durant_toute_la_procedure\"><\/span>Services personnalis\u00e9s et accompagnement durant toute la proc\u00e9dure<span class=\"ez-toc-section-end\"><\/span><\/h3>\n\n\n\n<p>L&rsquo;offre de services associ\u00e9s constitue un crit\u00e8re de s\u00e9lection d\u00e9terminant :<\/p>\n\n\n\n<ul class=\"wp-block-list\">\n<li><strong>Audit financier pr\u00e9alable<\/strong> permettant d&rsquo;identifier toutes les optimisations possibles<\/li>\n\n\n\n<li><strong>Accompagnement dans la constitution<\/strong> du dossier et la collecte des pi\u00e8ces justificatives<\/li>\n\n\n\n<li><strong>Suivi proactif<\/strong> de l&rsquo;avancement aupr\u00e8s des \u00e9tablissements sollicit\u00e9s<\/li>\n\n\n\n<li><strong>Assistance juridique<\/strong> pour la compr\u00e9hension des clauses contractuelles<\/li>\n\n\n\n<li><strong>Conseil en gestion budg\u00e9taire<\/strong> post-restructuration<\/li>\n<\/ul>\n\n\n\n<p>Les cabinets proposant un accompagnement global, depuis l&rsquo;analyse initiale jusqu&rsquo;au suivi post-signature, obtiennent g\u00e9n\u00e9ralement les indices de satisfaction les plus \u00e9lev\u00e9s, particuli\u00e8rement aupr\u00e8s des emprunteurs primo-acc\u00e9dants \u00e0 ce type de d\u00e9marche.<\/p>\n\n\n\n<h2 class=\"wp-block-heading\"><span class=\"ez-toc-section\" id=\"Optimisation_fiscale_et_financiere_du_rachat_de_credit_a_Brest\"><\/span>Optimisation fiscale et financi\u00e8re du rachat de cr\u00e9dit \u00e0 Brest<span class=\"ez-toc-section-end\"><\/span><\/h2>\n\n\n\n<p>Au-del\u00e0 de la simple r\u00e9duction des mensualit\u00e9s, le rachat de cr\u00e9dit offre des opportunit\u00e9s d&rsquo;optimisation fiscale et financi\u00e8re substantielles, particuli\u00e8rement pertinentes dans le contexte brestois.<\/p>\n\n\n\n<h3 class=\"wp-block-heading\"><span class=\"ez-toc-section\" id=\"Impacts_sur_limposition_locale_et_deductions_fiscales_potentielles\"><\/span>Impacts sur l&rsquo;imposition locale et d\u00e9ductions fiscales potentielles<span class=\"ez-toc-section-end\"><\/span><\/h3>\n\n\n\n<p>Les cons\u00e9quences fiscales d&rsquo;une op\u00e9ration de restructuration varient selon la nature des cr\u00e9dits rachet\u00e9s :<\/p>\n\n\n\n<ul class=\"wp-block-list\">\n<li><strong>Rachat incluant un cr\u00e9dit immobilier<\/strong> pour la r\u00e9sidence principale : maintien de la d\u00e9ductibilit\u00e9 des int\u00e9r\u00eats d&#8217;emprunt selon les conditions l\u00e9gales en vigueur<\/li>\n\n\n\n<li><strong>Transformation de cr\u00e9dits consommation<\/strong> en pr\u00eat immobilier : acquisition d&rsquo;un avantage fiscal pr\u00e9c\u00e9demment inexistant<\/li>\n\n\n\n<li><strong>Cr\u00e9dits li\u00e9s \u00e0 un investissement locatif<\/strong> \u00e0 Brest : pr\u00e9servation de la d\u00e9ductibilit\u00e9 des int\u00e9r\u00eats dans le cadre des revenus fonciers<\/li>\n\n\n\n<li><strong>Optimisation de la taxe fonci\u00e8re<\/strong> par int\u00e9gration de travaux d&rsquo;am\u00e9lioration \u00e9nerg\u00e9tique dans l&rsquo;enveloppe de financement<\/li>\n<\/ul>\n\n\n\n<p>Ces \u00e9l\u00e9ments m\u00e9ritent une attention particuli\u00e8re dans une ville comme Brest, o\u00f9 le patrimoine immobilier comporte de nombreuses constructions anciennes susceptibles de b\u00e9n\u00e9ficier d&rsquo;incitations fiscales en cas de r\u00e9novation.<\/p>\n\n\n\n<h3 class=\"wp-block-heading\"><span class=\"ez-toc-section\" id=\"Strategies_damelioration_du_pouvoir_dachat_dans_le_contexte_economique_brestois\"><\/span>Strat\u00e9gies d&rsquo;am\u00e9lioration du pouvoir d&rsquo;achat dans le contexte \u00e9conomique brestois<span class=\"ez-toc-section-end\"><\/span><\/h3>\n\n\n\n<p>Le rachat de cr\u00e9dit peut s&rsquo;inscrire dans une strat\u00e9gie globale d&rsquo;optimisation budg\u00e9taire :<\/p>\n\n\n\n<ul class=\"wp-block-list\">\n<li><strong>Lib\u00e9ration d&rsquo;une capacit\u00e9 d&rsquo;\u00e9pargne<\/strong> mensuelle par la r\u00e9duction des charges financi\u00e8res<\/li>\n\n\n\n<li><strong>Restructuration de la protection sociale<\/strong> familiale gr\u00e2ce aux \u00e9conomies r\u00e9alis\u00e9es<\/li>\n\n\n\n<li><strong>R\u00e9allocation des ressources<\/strong> vers des investissements productifs locaux<\/li>\n\n\n\n<li><strong>D\u00e9ploiement d&rsquo;une strat\u00e9gie patrimoniale<\/strong> adapt\u00e9e au march\u00e9 immobilier brestois<\/li>\n<\/ul>\n\n\n\n<p>Cette approche globale permet de transformer une d\u00e9marche initialement curative en strat\u00e9gie proactive de d\u00e9veloppement patrimonial, particuli\u00e8rement pertinente dans une ville o\u00f9 les opportunit\u00e9s d&rsquo;investissement immobilier restent accessibles comparativement aux grandes m\u00e9tropoles fran\u00e7aises.<\/p>\n\n\n\n<h3 class=\"wp-block-heading\"><span class=\"ez-toc-section\" id=\"Coordination_avec_dautres_dispositifs_financiers_disponibles_en_Bretagne\"><\/span>Coordination avec d&rsquo;autres dispositifs financiers disponibles en Bretagne<span class=\"ez-toc-section-end\"><\/span><\/h3>\n\n\n\n<p>L&rsquo;efficacit\u00e9 d&rsquo;un rachat de cr\u00e9dit peut \u00eatre amplifi\u00e9e par sa combinaison avec d&rsquo;autres m\u00e9canismes financiers r\u00e9gionaux :<\/p>\n\n\n\n<ul class=\"wp-block-list\">\n<li><strong>Aides \u00e0 la r\u00e9novation \u00e9nerg\u00e9tique<\/strong> sp\u00e9cifiques \u00e0 la Bretagne, particuli\u00e8rement adapt\u00e9es au parc immobilier brestois expos\u00e9 aux conditions climatiques maritimes<\/li>\n\n\n\n<li><strong>Dispositifs de soutien<\/strong> aux travaux d&rsquo;adaptation du logement (maintien \u00e0 domicile)<\/li>\n\n\n\n<li><strong>Pr\u00eats \u00e0 taux z\u00e9ro<\/strong> compl\u00e9mentaires propos\u00e9s par certaines collectivit\u00e9s locales<\/li>\n\n\n\n<li><strong>Subventions<\/strong> li\u00e9es \u00e0 la pr\u00e9servation du patrimoine architectural brestois<\/li>\n<\/ul>\n\n\n\n<p>Ces dispositifs, souvent m\u00e9connus, peuvent \u00eatre int\u00e9gr\u00e9s dans une strat\u00e9gie globale de restructuration financi\u00e8re, maximisant ainsi les b\u00e9n\u00e9fices de l&rsquo;op\u00e9ration tant sur le plan budg\u00e9taire que patrimonial.<\/p>\n\n\n\n<h3 class=\"wp-block-heading\"><span class=\"ez-toc-section\" id=\"Projection_financiere_a_long_terme_couts_reels_et_economies_realisables\"><\/span>Projection financi\u00e8re \u00e0 long terme : co\u00fbts r\u00e9els et \u00e9conomies r\u00e9alisables<span class=\"ez-toc-section-end\"><\/span><\/h3>\n\n\n\n<p>L&rsquo;\u00e9valuation objective d&rsquo;une op\u00e9ration de rachat implique une analyse prospective compl\u00e8te :<\/p>\n\n\n\n<ul class=\"wp-block-list\">\n<li><strong>Calcul du co\u00fbt total<\/strong> de l&rsquo;op\u00e9ration int\u00e9grant frais de dossier, indemnit\u00e9s de remboursement anticip\u00e9 et assurances<\/li>\n\n\n\n<li><strong>Comparaison avec le co\u00fbt cumul\u00e9<\/strong> des cr\u00e9dits existants sur leur dur\u00e9e restante<\/li>\n\n\n\n<li><strong>Valorisation des \u00e9conomies mensuelles<\/strong> r\u00e9alis\u00e9es et de leur potentiel de capitalisation<\/li>\n\n\n\n<li><strong>Simulation de sc\u00e9narios<\/strong> de remboursement anticip\u00e9 pour optimiser la strat\u00e9gie \u00e0 long terme<\/li>\n<\/ul>\n\n\n\n<p>Cette approche analytique permet d&rsquo;objectiver les b\u00e9n\u00e9fices r\u00e9els de l&rsquo;op\u00e9ration au-del\u00e0 du simple all\u00e8gement des mensualit\u00e9s, en int\u00e9grant l&rsquo;ensemble des param\u00e8tres financiers dans une perspective patrimoniale globale.<\/p>\n\n\n\n<h2 class=\"wp-block-heading\"><span class=\"ez-toc-section\" id=\"Solutions_de_rachat_de_credit_pour_profils_specifiques_a_Brest\"><\/span>Solutions de rachat de cr\u00e9dit pour profils sp\u00e9cifiques \u00e0 Brest<span class=\"ez-toc-section-end\"><\/span><\/h2>\n\n\n\n<p>Le march\u00e9 brestois du rachat de cr\u00e9dit se caract\u00e9rise par une segmentation adapt\u00e9e aux particularit\u00e9s socioprofessionnelles locales, avec des offres sp\u00e9cifiquement con\u00e7ues pour certaines cat\u00e9gories d&#8217;emprunteurs.<\/p>\n\n\n\n<h3 class=\"wp-block-heading\"><span class=\"ez-toc-section\" id=\"Offres_adaptees_aux_fonctionnaires_et_employes_du_secteur_public_brestois\"><\/span>Offres adapt\u00e9es aux fonctionnaires et employ\u00e9s du secteur public brestois<span class=\"ez-toc-section-end\"><\/span><\/h3>\n\n\n\n<p>La forte pr\u00e9sence du secteur public \u00e0 Brest (marine nationale, h\u00f4pital, universit\u00e9, collectivit\u00e9s) a favoris\u00e9 le d\u00e9veloppement d&rsquo;offres d\u00e9di\u00e9es :<\/p>\n\n\n\n<ul class=\"wp-block-list\">\n<li><strong>Conditions pr\u00e9f\u00e9rentielles<\/strong> tenant compte de la stabilit\u00e9 professionnelle<\/li>\n\n\n\n<li><strong>Taux d&rsquo;endettement accept\u00e9<\/strong> pouvant atteindre 40% des revenus contre 33-35% habituellement<\/li>\n\n\n\n<li><strong>Assurance emprunteur<\/strong> \u00e0 tarification avantageuse pour les fonctionnaires<\/li>\n\n\n\n<li><strong>Allongement possible<\/strong> de la dur\u00e9e jusqu&rsquo;\u00e0 12 ans pour les cr\u00e9dits \u00e0 la consommation<\/li>\n<\/ul>\n\n\n\n<p>Ces dispositifs s&rsquo;appuient sur la s\u00e9curit\u00e9 de l&#8217;emploi caract\u00e9risant le secteur public, permettant aux \u00e9tablissements pr\u00eateurs d&rsquo;assouplir certains crit\u00e8res d&rsquo;acceptation tout en maintenant un niveau de risque ma\u00eetris\u00e9.<\/p>\n\n\n\n<h3 class=\"wp-block-heading\"><span class=\"ez-toc-section\" id=\"Options_pour_les_professions_liberales_et_independants_du_Finistere\"><\/span>Options pour les professions lib\u00e9rales et ind\u00e9pendants du Finist\u00e8re<span class=\"ez-toc-section-end\"><\/span><\/h3>\n\n\n\n<p>Les travailleurs non-salari\u00e9s b\u00e9n\u00e9ficient de formules sp\u00e9cifiques prenant en compte leurs particularit\u00e9s :<\/p>\n\n\n\n<ul class=\"wp-block-list\">\n<li><strong>Analyse adapt\u00e9e des revenus<\/strong> int\u00e9grant la moyenne des trois derniers exercices<\/li>\n\n\n\n<li><strong>Prise en compte des revenus professionnels<\/strong> distribu\u00e9s et non distribu\u00e9s<\/li>\n\n\n\n<li><strong>Souplesse dans l&rsquo;appr\u00e9ciation<\/strong> des variations d&rsquo;activit\u00e9, particuli\u00e8rement pour les secteurs saisonniers<\/li>\n\n\n\n<li><strong>Solutions de garantie alternatives<\/strong> \u00e0 l&rsquo;hypoth\u00e8que classique<\/li>\n<\/ul>\n\n\n\n<p>Ces adaptations r\u00e9pondent aux sp\u00e9cificit\u00e9s du tissu entrepreneurial brestois, caract\u00e9ris\u00e9 par une forte proportion de TPE et de professionnels ind\u00e9pendants, notamment dans les secteurs maritimes, touristiques et de services aux entreprises.<\/p>\n\n\n\n<h3 class=\"wp-block-heading\"><span class=\"ez-toc-section\" id=\"Dispositifs_destines_aux_retraites_residant_a_Brest_et_environs\"><\/span>Dispositifs destin\u00e9s aux retrait\u00e9s r\u00e9sidant \u00e0 Brest et environs<span class=\"ez-toc-section-end\"><\/span><\/h3>\n\n\n\n<p>La population senior brestoise dispose d&rsquo;offres tenant compte de sa situation particuli\u00e8re :<\/p>\n\n\n\n<ul class=\"wp-block-list\">\n<li><strong>Am\u00e9nagement des crit\u00e8res d&rsquo;\u00e2ge<\/strong> avec possibilit\u00e9 d&#8217;emprunt jusqu&rsquo;\u00e0 85 ans<\/li>\n\n\n\n<li><strong>Alternatives \u00e0 l&rsquo;assurance emprunteur<\/strong> classique devenant prohibitive avec l&rsquo;\u00e2ge<\/li>\n\n\n\n<li><strong>Valorisation du patrimoine immobilier<\/strong> comme \u00e9l\u00e9ment central de garantie<\/li>\n\n\n\n<li><strong>Inclusion possible d&rsquo;une enveloppe<\/strong> d\u00e9di\u00e9e \u00e0 l&rsquo;adaptation du logement au vieillissement<\/li>\n<\/ul>\n\n\n\n<p>Ces solutions r\u00e9pondent aux besoins sp\u00e9cifiques d&rsquo;une population senior significative dans l&rsquo;agglom\u00e9ration brestoise, souvent propri\u00e9taire d&rsquo;un patrimoine immobilier mais disposant de revenus mensuels mod\u00e9r\u00e9s.<\/p>\n\n\n\n<h3 class=\"wp-block-heading\"><span class=\"ez-toc-section\" id=\"Alternatives_pour_les_personnes_presentant_un_taux_dendettement_eleve\"><\/span>Alternatives pour les personnes pr\u00e9sentant un taux d&rsquo;endettement \u00e9lev\u00e9<span class=\"ez-toc-section-end\"><\/span><\/h3>\n\n\n\n<p>Les emprunteurs en situation de fragilit\u00e9 financi\u00e8re peuvent acc\u00e9der \u00e0 des formules adapt\u00e9es :<\/p>\n\n\n\n<ul class=\"wp-block-list\">\n<li><strong>Dispositifs incluant une phase<\/strong> de remboursement partiel des int\u00e9r\u00eats<\/li>\n\n\n\n<li><strong>Restructurations progressives<\/strong> avec paliers d&rsquo;augmentation des mensualit\u00e9s<\/li>\n\n\n\n<li><strong>Allongement significatif<\/strong> de la dur\u00e9e pour les propri\u00e9taires<\/li>\n\n\n\n<li><strong>M\u00e9canismes de garantie renforc\u00e9e<\/strong> compensant le profil de risque \u00e9lev\u00e9<\/li>\n<\/ul>\n\n\n\n<p>Ces alternatives constituent souvent la derni\u00e8re opportunit\u00e9 de restructuration avant une potentielle proc\u00e9dure de surendettement, permettant de pr\u00e9server le patrimoine tout en retrouvant progressivement un \u00e9quilibre financier.<\/p>\n\n\n\n<h2 class=\"wp-block-heading\"><span class=\"ez-toc-section\" id=\"Conseils_dexperts_pour_reussir_son_rachat_de_credit_a_Brest\"><\/span>Conseils d&rsquo;experts pour r\u00e9ussir son rachat de cr\u00e9dit \u00e0 Brest<span class=\"ez-toc-section-end\"><\/span><\/h2>\n\n\n\n<p>La r\u00e9ussite d&rsquo;une op\u00e9ration de restructuration financi\u00e8re repose sur une m\u00e9thodologie rigoureuse et une connaissance approfondie des facteurs cl\u00e9s de succ\u00e8s dans le contexte brestois.<\/p>\n\n\n\n<h3 class=\"wp-block-heading\"><span class=\"ez-toc-section\" id=\"Timing_optimal_et_conditions_de_marche_favorables_en_2025\"><\/span>Timing optimal et conditions de march\u00e9 favorables en 2025<span class=\"ez-toc-section-end\"><\/span><\/h3>\n\n\n\n<p>Le contexte financier actuel pr\u00e9sente plusieurs caract\u00e9ristiques d\u00e9terminantes :<\/p>\n\n\n\n<ul class=\"wp-block-list\">\n<li><strong>Stabilisation des taux d&rsquo;int\u00e9r\u00eat<\/strong> apr\u00e8s une p\u00e9riode de remont\u00e9e progressive<\/li>\n\n\n\n<li><strong>Politique de cr\u00e9dit<\/strong> encore relativement souple des \u00e9tablissements r\u00e9gionaux<\/li>\n\n\n\n<li><strong>Valorisation immobili\u00e8re<\/strong> favorable dans l&rsquo;agglom\u00e9ration brestoise<\/li>\n\n\n\n<li><strong>Concurrence accrue<\/strong> entre les acteurs du rachat de cr\u00e9dit<\/li>\n<\/ul>\n\n\n\n<p>Ces conditions cr\u00e9ent un environnement propice aux op\u00e9rations de restructuration, avec un rapport de force relativement \u00e9quilibr\u00e9 entre emprunteurs et pr\u00eateurs, permettant la n\u00e9gociation de conditions avantageuses pour les dossiers bien pr\u00e9par\u00e9s.<\/p>\n\n\n\n<h3 class=\"wp-block-heading\"><span class=\"ez-toc-section\" id=\"Negociation_des_clauses_contractuelles_avec_les_etablissements_financiers_locaux\"><\/span>N\u00e9gociation des clauses contractuelles avec les \u00e9tablissements financiers locaux<span class=\"ez-toc-section-end\"><\/span><\/h3>\n\n\n\n<p>Plusieurs \u00e9l\u00e9ments m\u00e9ritent une attention particuli\u00e8re lors de la phase de n\u00e9gociation :<\/p>\n\n\n\n<ul class=\"wp-block-list\">\n<li><strong>Modulation de l&rsquo;assurance emprunteur<\/strong> en fonction du profil de risque r\u00e9el<\/li>\n\n\n\n<li><strong>Flexibilit\u00e9 des modalit\u00e9s<\/strong> de remboursement anticip\u00e9<\/li>\n\n\n\n<li><strong>Absence de clauses<\/strong> de mobilit\u00e9 impos\u00e9e (maintien du pr\u00eat en cas de d\u00e9m\u00e9nagement)<\/li>\n\n\n\n<li><strong>Portabilit\u00e9 des garanties<\/strong> hypoth\u00e9caires en cas de revente pour achat dans le bassin brestois<\/li>\n<\/ul>\n\n\n\n<p>La n\u00e9gociation de ces \u00e9l\u00e9ments, souvent n\u00e9glig\u00e9s par les emprunteurs, peut g\u00e9n\u00e9rer des \u00e9conomies substantielles sur la dur\u00e9e totale du financement et pr\u00e9server la flexibilit\u00e9 patrimoniale future.<\/p>\n\n\n\n<h3 class=\"wp-block-heading\"><span class=\"ez-toc-section\" id=\"Prevention_des_pieges_et_erreurs_courantes_dans_le_processus_de_rachat\"><\/span>Pr\u00e9vention des pi\u00e8ges et erreurs courantes dans le processus de rachat<span class=\"ez-toc-section-end\"><\/span><\/h3>\n\n\n\n<p>L&rsquo;exp\u00e9rience des professionnels brestois permet d&rsquo;identifier plusieurs \u00e9cueils fr\u00e9quents :<\/p>\n\n\n\n<ul class=\"wp-block-list\">\n<li><strong>Sous-estimation du co\u00fbt total<\/strong> de l&rsquo;op\u00e9ration en se focalisant uniquement sur la baisse des mensualit\u00e9s<\/li>\n\n\n\n<li><strong>Acceptation de conditions standardis\u00e9es<\/strong> sans tentative de n\u00e9gociation<\/li>\n\n\n\n<li><strong>Omission de certains engagements<\/strong> lors de la constitution du dossier<\/li>\n\n\n\n<li><strong>N\u00e9gligence dans l&rsquo;analyse<\/strong> des conditions d&rsquo;assurance emprunteur<\/li>\n\n\n\n<li><strong>Pr\u00e9cipitation dans la signature<\/strong> des offres sans comparaison approfondie<\/li>\n<\/ul>\n\n\n\n<p>La connaissance de ces risques permet d&rsquo;aborder le processus avec vigilance et m\u00e9thodologie, maximisant ainsi les chances d&rsquo;obtenir une restructuration v\u00e9ritablement avantageuse \u00e0 long terme.<\/p>\n\n\n\n<h3 class=\"wp-block-heading\"><span class=\"ez-toc-section\" id=\"Suivi_et_gestion_post-rachat_pour_une_optimisation_financiere_durable\"><\/span>Suivi et gestion post-rachat pour une optimisation financi\u00e8re durable<span class=\"ez-toc-section-end\"><\/span><\/h3>\n\n\n\n<p>La valorisation compl\u00e8te des b\u00e9n\u00e9fices d&rsquo;un rachat de cr\u00e9dit implique une gestion active post-op\u00e9ration :<\/p>\n\n\n\n<ul class=\"wp-block-list\">\n<li><strong>R\u00e9vision r\u00e9guli\u00e8re<\/strong> de la structure d&rsquo;endettement en fonction de l&rsquo;\u00e9volution des taux<\/li>\n\n\n\n<li><strong>Adaptation de la protection sociale<\/strong> familiale au nouveau sch\u00e9ma de financement<\/li>\n\n\n\n<li><strong>Utilisation constructive<\/strong> des marges de man\u0153uvre budg\u00e9taires d\u00e9gag\u00e9es<\/li>\n\n\n\n<li><strong>Anticipation des \u00e9volutions<\/strong> professionnelles et familiales susceptibles d&rsquo;impacter la capacit\u00e9 de remboursement<\/li>\n<\/ul>\n\n\n\n<p>Cette approche dynamique transforme la restructuration financi\u00e8re en premier jalon d&rsquo;une strat\u00e9gie patrimoniale globale, particuli\u00e8rement pertinente dans le contexte brestois caract\u00e9ris\u00e9 par un march\u00e9 immobilier offrant encore des opportunit\u00e9s d&rsquo;investissement accessibles.<\/p>\n\n\n\n<h2 class=\"wp-block-heading\"><span class=\"ez-toc-section\" id=\"Questions_frequentes_sur_le_rachat_de_credit_a_Brest\"><\/span>Questions fr\u00e9quentes sur le rachat de cr\u00e9dit \u00e0 Brest<span class=\"ez-toc-section-end\"><\/span><\/h2>\n\n\n\n<h3 class=\"wp-block-heading\"><span class=\"ez-toc-section\" id=\"Delais_moyens_de_traitement_des_dossiers_par_les_organismes_brestois\"><\/span>D\u00e9lais moyens de traitement des dossiers par les organismes brestois<span class=\"ez-toc-section-end\"><\/span><\/h3>\n\n\n\n<p>La temporalit\u00e9 des op\u00e9rations de rachat de cr\u00e9dit \u00e0 Brest s&rsquo;articule g\u00e9n\u00e9ralement selon le calendrier suivant :<\/p>\n\n\n\n<ul class=\"wp-block-list\">\n<li><strong>Phase d&rsquo;\u00e9tude et d&rsquo;acceptation<\/strong> : 15 \u00e0 21 jours ouvr\u00e9s pour les dossiers standards<\/li>\n\n\n\n<li><strong>\u00c9dition des offres de pr\u00eat<\/strong> : 5 \u00e0 10 jours suppl\u00e9mentaires<\/li>\n\n\n\n<li><strong>D\u00e9lai l\u00e9gal de r\u00e9flexion<\/strong> : 10 jours incompressibles<\/li>\n\n\n\n<li><strong>D\u00e9blocage des fonds<\/strong> apr\u00e8s retour des offres sign\u00e9es : 3 \u00e0 7 jours ouvr\u00e9s<\/li>\n<\/ul>\n\n\n\n<p>Ces d\u00e9lais peuvent varier selon la complexit\u00e9 du dossier, la r\u00e9activit\u00e9 du demandeur dans la fourniture des pi\u00e8ces compl\u00e9mentaires et la charge d&rsquo;activit\u00e9 des services instructeurs des \u00e9tablissements financiers, avec des p\u00e9riodes traditionnellement plus charg\u00e9es (septembre-octobre et janvier-f\u00e9vrier).<\/p>\n\n\n\n<h3 class=\"wp-block-heading\"><span class=\"ez-toc-section\" id=\"Consequences_dun_refus_et_strategies_alternatives\"><\/span>Cons\u00e9quences d&rsquo;un refus et strat\u00e9gies alternatives<span class=\"ez-toc-section-end\"><\/span><\/h3>\n\n\n\n<p>Le rejet d&rsquo;une demande de rachat n&rsquo;est pas n\u00e9cessairement d\u00e9finitif et peut faire l&rsquo;objet de plusieurs approches correctrices :<\/p>\n\n\n\n<ul class=\"wp-block-list\">\n<li><strong>Analyse des motifs pr\u00e9cis<\/strong> de refus pour identifier les points d&rsquo;am\u00e9lioration<\/li>\n\n\n\n<li><strong>Restructuration partielle<\/strong> ciblant prioritairement les cr\u00e9dits les plus co\u00fbteux<\/li>\n\n\n\n<li><strong>Recherche d&rsquo;un co-emprunteur<\/strong> ou d&rsquo;une caution personnelle solide<\/li>\n\n\n\n<li><strong>Renforcement des garanties propos\u00e9es<\/strong> (nantissement, hypoth\u00e8que compl\u00e9mentaire)<\/li>\n\n\n\n<li><strong>Orientation vers des \u00e9tablissements sp\u00e9cialis\u00e9s<\/strong> dans les profils atypiques<\/li>\n<\/ul>\n\n\n\n<p>La connaissance approfondie du march\u00e9 brestois permet g\u00e9n\u00e9ralement d&rsquo;identifier des alternatives adapt\u00e9es, m\u00eame pour les dossiers initialement rejet\u00e9s par les circuits bancaires traditionnels.<\/p>\n\n\n\n<h3 class=\"wp-block-heading\"><span class=\"ez-toc-section\" id=\"Possibilites_de_remboursement_anticipe_et_modalites_specifiques\"><\/span>Possibilit\u00e9s de remboursement anticip\u00e9 et modalit\u00e9s sp\u00e9cifiques<span class=\"ez-toc-section-end\"><\/span><\/h3>\n\n\n\n<p>Les conditions de remboursement avant terme m\u00e9ritent une attention particuli\u00e8re :<\/p>\n\n\n\n<ul class=\"wp-block-list\">\n<li><strong>Indemnit\u00e9s plafonn\u00e9es \u00e0 3%<\/strong> du capital restant d\u00fb ou six mois d&rsquo;int\u00e9r\u00eats pour les cr\u00e9dits immobiliers<\/li>\n\n\n\n<li><strong>Remboursements partiels<\/strong> g\u00e9n\u00e9ralement autoris\u00e9s \u00e0 partir de 10% du capital initial<\/li>\n\n\n\n<li><strong>Modulations temporaires<\/strong> des \u00e9ch\u00e9ances souvent possibles (\u00e0 la hausse ou \u00e0 la baisse)<\/li>\n\n\n\n<li><strong>Exon\u00e9ration possible<\/strong> des p\u00e9nalit\u00e9s dans certaines circonstances (mobilit\u00e9 professionnelle, vente suite \u00e0 s\u00e9paration)<\/li>\n<\/ul>\n\n\n\n<p>La n\u00e9gociation de ces modalit\u00e9s lors de la souscription peut g\u00e9n\u00e9rer une flexibilit\u00e9 pr\u00e9cieuse en cas d&rsquo;\u00e9volution future de la situation financi\u00e8re ou patrimoniale du foyer.<\/p>\n\n\n\n<h3 class=\"wp-block-heading\"><span class=\"ez-toc-section\" id=\"Evolution_des_taux_et_perspectives_du_marche_du_rachat_de_credit_a_Brest\"><\/span>\u00c9volution des taux et perspectives du march\u00e9 du rachat de cr\u00e9dit \u00e0 Brest<span class=\"ez-toc-section-end\"><\/span><\/h3>\n\n\n\n<p>L&rsquo;analyse des tendances actuelles permet d&rsquo;anticiper les \u00e9volutions probables du march\u00e9 brestois :<\/p>\n\n\n\n<ul class=\"wp-block-list\">\n<li><strong>Stabilisation progressive<\/strong> des taux apr\u00e8s une p\u00e9riode de tension<\/li>\n\n\n\n<li><strong>Durcissement probable<\/strong> des crit\u00e8res d&rsquo;octroi conform\u00e9ment aux directives nationales<\/li>\n\n\n\n<li><strong>D\u00e9veloppement d&rsquo;offres segment\u00e9es<\/strong> par profil d&#8217;emprunteur<\/li>\n\n\n\n<li><strong>Digitalisation croissante<\/strong> des processus tout en maintenant une pr\u00e9sence physique dans l&rsquo;agglom\u00e9ration<\/li>\n<\/ul>\n\n\n\n<p>Ces \u00e9volutions sugg\u00e8rent une fen\u00eatre d&rsquo;opportunit\u00e9 relativement favorable \u00e0 court terme pour les projets de restructuration, avant un possible resserrement des conditions d&rsquo;acc\u00e8s pour certains profils d&#8217;emprunteurs.<\/p>\n\n\n<div class=\"kk-star-ratings kksr-auto kksr-align-center kksr-valign-bottom\"\n    data-payload='{&quot;align&quot;:&quot;center&quot;,&quot;id&quot;:&quot;224&quot;,&quot;slug&quot;:&quot;default&quot;,&quot;valign&quot;:&quot;bottom&quot;,&quot;ignore&quot;:&quot;&quot;,&quot;reference&quot;:&quot;auto&quot;,&quot;class&quot;:&quot;&quot;,&quot;count&quot;:&quot;0&quot;,&quot;legendonly&quot;:&quot;&quot;,&quot;readonly&quot;:&quot;&quot;,&quot;score&quot;:&quot;0&quot;,&quot;starsonly&quot;:&quot;&quot;,&quot;best&quot;:&quot;5&quot;,&quot;gap&quot;:&quot;5&quot;,&quot;greet&quot;:&quot;&quot;,&quot;legend&quot;:&quot;0\\\/5 - (0 vote)&quot;,&quot;size&quot;:&quot;24&quot;,&quot;title&quot;:&quot;Rachat de cr\u00e9dit \u00e0 Brest&quot;,&quot;width&quot;:&quot;0&quot;,&quot;_legend&quot;:&quot;{score}\\\/{best} - ({count} {votes})&quot;,&quot;font_factor&quot;:&quot;1.25&quot;}'>\n            \n<div class=\"kksr-stars\">\n    \n<div class=\"kksr-stars-inactive\">\n            <div class=\"kksr-star\" data-star=\"1\" style=\"padding-right: 5px\">\n            \n\n<div class=\"kksr-icon\" style=\"width: 24px; height: 24px;\"><\/div>\n        <\/div>\n            <div class=\"kksr-star\" data-star=\"2\" style=\"padding-right: 5px\">\n            \n\n<div class=\"kksr-icon\" style=\"width: 24px; height: 24px;\"><\/div>\n        <\/div>\n            <div class=\"kksr-star\" data-star=\"3\" style=\"padding-right: 5px\">\n            \n\n<div class=\"kksr-icon\" style=\"width: 24px; height: 24px;\"><\/div>\n        <\/div>\n            <div class=\"kksr-star\" data-star=\"4\" style=\"padding-right: 5px\">\n            \n\n<div class=\"kksr-icon\" style=\"width: 24px; height: 24px;\"><\/div>\n        <\/div>\n            <div class=\"kksr-star\" data-star=\"5\" style=\"padding-right: 5px\">\n            \n\n<div class=\"kksr-icon\" style=\"width: 24px; height: 24px;\"><\/div>\n        <\/div>\n    <\/div>\n    \n<div class=\"kksr-stars-active\" style=\"width: 0px;\">\n            <div class=\"kksr-star\" style=\"padding-right: 5px\">\n            \n\n<div class=\"kksr-icon\" style=\"width: 24px; height: 24px;\"><\/div>\n        <\/div>\n            <div class=\"kksr-star\" style=\"padding-right: 5px\">\n            \n\n<div class=\"kksr-icon\" style=\"width: 24px; height: 24px;\"><\/div>\n        <\/div>\n            <div class=\"kksr-star\" style=\"padding-right: 5px\">\n            \n\n<div class=\"kksr-icon\" style=\"width: 24px; height: 24px;\"><\/div>\n        <\/div>\n            <div class=\"kksr-star\" style=\"padding-right: 5px\">\n            \n\n<div class=\"kksr-icon\" style=\"width: 24px; height: 24px;\"><\/div>\n        <\/div>\n            <div class=\"kksr-star\" style=\"padding-right: 5px\">\n            \n\n<div class=\"kksr-icon\" style=\"width: 24px; height: 24px;\"><\/div>\n        <\/div>\n    <\/div>\n<\/div>\n                \n\n<div class=\"kksr-legend\" style=\"font-size: 19.2px;\">\n            <span class=\"kksr-muted\"><\/span>\n    <\/div>\n    <\/div>\n","protected":false},"excerpt":{"rendered":"<p>Comprendre le rachat de cr\u00e9dit : une solution financi\u00e8re adapt\u00e9e aux Brestois Le rachat de cr\u00e9dit repr\u00e9sente une strat\u00e9gie financi\u00e8re particuli\u00e8rement pertinente pour les habitants de Brest confront\u00e9s \u00e0 des engagements multiples ou \u00e0 des mensualit\u00e9s trop \u00e9lev\u00e9es. Cette solution m\u00e9rite une analyse approfondie dans le contexte \u00e9conomique sp\u00e9cifique du Finist\u00e8re. Points cl\u00e9s \u00e0 retenir &#8230; <a title=\"Rachat de cr\u00e9dit \u00e0 Brest\" class=\"read-more\" href=\"https:\/\/rachat2credit.fr\/guide\/rachat-credit-brest\/\" aria-label=\"En savoir plus sur Rachat de cr\u00e9dit \u00e0 Brest\">Lire plus<\/a><\/p>\n","protected":false},"author":1,"featured_media":225,"comment_status":"open","ping_status":"open","sticky":false,"template":"","format":"standard","meta":{"footnotes":""},"categories":[4],"tags":[],"class_list":["post-224","post","type-post","status-publish","format-standard","has-post-thumbnail","hentry","category-villes"],"yoast_head":"<!-- This site is optimized with the Yoast SEO plugin v27.5 - https:\/\/yoast.com\/product\/yoast-seo-wordpress\/ -->\n<title>Rachat de cr\u00e9dit \u00e0 Brest - Rachat de Cr\u00e9dit<\/title>\n<meta name=\"description\" content=\"Rachat de cr\u00e9dit \u00e0 Brest : r\u00e9duisez vos mensualit\u00e9s jusqu&#039;\u00e0 60%, simplifiez votre budget avec un seul pr\u00e9l\u00e8vement et lib\u00e9rez de la tr\u00e9sorerie pour vos projets.\" \/>\n<meta name=\"robots\" content=\"index, follow, max-snippet:-1, max-image-preview:large, max-video-preview:-1\" \/>\n<link rel=\"canonical\" href=\"https:\/\/rachat2credit.fr\/guide\/rachat-credit-brest\/\" \/>\n<meta property=\"og:locale\" content=\"fr_FR\" \/>\n<meta property=\"og:type\" content=\"article\" \/>\n<meta property=\"og:title\" content=\"Rachat de cr\u00e9dit \u00e0 Brest - Rachat de Cr\u00e9dit\" \/>\n<meta property=\"og:description\" content=\"Rachat de cr\u00e9dit \u00e0 Brest : r\u00e9duisez vos mensualit\u00e9s jusqu&#039;\u00e0 60%, simplifiez votre budget avec un seul pr\u00e9l\u00e8vement et lib\u00e9rez de la tr\u00e9sorerie pour vos projets.\" \/>\n<meta property=\"og:url\" content=\"https:\/\/rachat2credit.fr\/guide\/rachat-credit-brest\/\" \/>\n<meta property=\"og:site_name\" content=\"Rachat de Cr\u00e9dit\" \/>\n<meta property=\"article:published_time\" content=\"2025-06-03T08:08:38+00:00\" \/>\n<meta property=\"og:image\" content=\"https:\/\/rachat2credit.fr\/guide\/wp-content\/uploads\/2025\/05\/rachat-credit-brest.png\" \/>\n\t<meta property=\"og:image:width\" content=\"1024\" \/>\n\t<meta property=\"og:image:height\" content=\"1024\" \/>\n\t<meta property=\"og:image:type\" content=\"image\/png\" \/>\n<meta name=\"author\" content=\"Aurelien Boulanger\" \/>\n<meta name=\"twitter:card\" content=\"summary_large_image\" \/>\n<meta name=\"twitter:label1\" content=\"\u00c9crit par\" \/>\n\t<meta name=\"twitter:data1\" content=\"Aurelien Boulanger\" \/>\n\t<meta name=\"twitter:label2\" content=\"Dur\u00e9e de lecture estim\u00e9e\" \/>\n\t<meta name=\"twitter:data2\" content=\"19 minutes\" \/>\n<script type=\"application\/ld+json\" class=\"yoast-schema-graph\">{\"@context\":\"https:\\\/\\\/schema.org\",\"@graph\":[{\"@type\":\"NewsArticle\",\"@id\":\"https:\\\/\\\/rachat2credit.fr\\\/guide\\\/rachat-credit-brest\\\/#article\",\"isPartOf\":{\"@id\":\"https:\\\/\\\/rachat2credit.fr\\\/guide\\\/rachat-credit-brest\\\/\"},\"author\":{\"name\":\"Aurelien Boulanger\",\"@id\":\"https:\\\/\\\/rachat2credit.fr\\\/guide\\\/#\\\/schema\\\/person\\\/d4142086d07bc6acdc4722eabd955cc2\"},\"headline\":\"Rachat de cr\u00e9dit \u00e0 Brest\",\"datePublished\":\"2025-06-03T08:08:38+00:00\",\"mainEntityOfPage\":{\"@id\":\"https:\\\/\\\/rachat2credit.fr\\\/guide\\\/rachat-credit-brest\\\/\"},\"wordCount\":4301,\"commentCount\":0,\"publisher\":{\"@id\":\"https:\\\/\\\/rachat2credit.fr\\\/guide\\\/#organization\"},\"image\":{\"@id\":\"https:\\\/\\\/rachat2credit.fr\\\/guide\\\/rachat-credit-brest\\\/#primaryimage\"},\"thumbnailUrl\":\"https:\\\/\\\/rachat2credit.fr\\\/guide\\\/wp-content\\\/uploads\\\/2025\\\/05\\\/rachat-credit-brest.png\",\"articleSection\":[\"Rachat de cr\u00e9dit par ville\"],\"inLanguage\":\"fr-FR\",\"potentialAction\":[{\"@type\":\"CommentAction\",\"name\":\"Comment\",\"target\":[\"https:\\\/\\\/rachat2credit.fr\\\/guide\\\/rachat-credit-brest\\\/#respond\"]}]},{\"@type\":\"WebPage\",\"@id\":\"https:\\\/\\\/rachat2credit.fr\\\/guide\\\/rachat-credit-brest\\\/\",\"url\":\"https:\\\/\\\/rachat2credit.fr\\\/guide\\\/rachat-credit-brest\\\/\",\"name\":\"Rachat de cr\u00e9dit \u00e0 Brest - Rachat de Cr\u00e9dit\",\"isPartOf\":{\"@id\":\"https:\\\/\\\/rachat2credit.fr\\\/guide\\\/#website\"},\"primaryImageOfPage\":{\"@id\":\"https:\\\/\\\/rachat2credit.fr\\\/guide\\\/rachat-credit-brest\\\/#primaryimage\"},\"image\":{\"@id\":\"https:\\\/\\\/rachat2credit.fr\\\/guide\\\/rachat-credit-brest\\\/#primaryimage\"},\"thumbnailUrl\":\"https:\\\/\\\/rachat2credit.fr\\\/guide\\\/wp-content\\\/uploads\\\/2025\\\/05\\\/rachat-credit-brest.png\",\"datePublished\":\"2025-06-03T08:08:38+00:00\",\"description\":\"Rachat de cr\u00e9dit \u00e0 Brest : r\u00e9duisez vos mensualit\u00e9s jusqu'\u00e0 60%, simplifiez votre budget avec un seul pr\u00e9l\u00e8vement et lib\u00e9rez de la tr\u00e9sorerie pour vos projets.\",\"breadcrumb\":{\"@id\":\"https:\\\/\\\/rachat2credit.fr\\\/guide\\\/rachat-credit-brest\\\/#breadcrumb\"},\"inLanguage\":\"fr-FR\",\"potentialAction\":[{\"@type\":\"ReadAction\",\"target\":[\"https:\\\/\\\/rachat2credit.fr\\\/guide\\\/rachat-credit-brest\\\/\"]}]},{\"@type\":\"ImageObject\",\"inLanguage\":\"fr-FR\",\"@id\":\"https:\\\/\\\/rachat2credit.fr\\\/guide\\\/rachat-credit-brest\\\/#primaryimage\",\"url\":\"https:\\\/\\\/rachat2credit.fr\\\/guide\\\/wp-content\\\/uploads\\\/2025\\\/05\\\/rachat-credit-brest.png\",\"contentUrl\":\"https:\\\/\\\/rachat2credit.fr\\\/guide\\\/wp-content\\\/uploads\\\/2025\\\/05\\\/rachat-credit-brest.png\",\"width\":1024,\"height\":1024,\"caption\":\"Rachat de cr\u00e9dit \u00e0 Brest\"},{\"@type\":\"BreadcrumbList\",\"@id\":\"https:\\\/\\\/rachat2credit.fr\\\/guide\\\/rachat-credit-brest\\\/#breadcrumb\",\"itemListElement\":[{\"@type\":\"ListItem\",\"position\":1,\"name\":\"Accueil\",\"item\":\"https:\\\/\\\/rachat2credit.fr\\\/guide\\\/\"},{\"@type\":\"ListItem\",\"position\":2,\"name\":\"Rachat de cr\u00e9dit \u00e0 Brest\"}]},{\"@type\":\"WebSite\",\"@id\":\"https:\\\/\\\/rachat2credit.fr\\\/guide\\\/#website\",\"url\":\"https:\\\/\\\/rachat2credit.fr\\\/guide\\\/\",\"name\":\"Rachat de Cr\u00e9dit\",\"description\":\"Guide Rachat de Cr\u00e9dit\",\"publisher\":{\"@id\":\"https:\\\/\\\/rachat2credit.fr\\\/guide\\\/#organization\"},\"potentialAction\":[{\"@type\":\"SearchAction\",\"target\":{\"@type\":\"EntryPoint\",\"urlTemplate\":\"https:\\\/\\\/rachat2credit.fr\\\/guide\\\/?s={search_term_string}\"},\"query-input\":{\"@type\":\"PropertyValueSpecification\",\"valueRequired\":true,\"valueName\":\"search_term_string\"}}],\"inLanguage\":\"fr-FR\"},{\"@type\":\"Organization\",\"@id\":\"https:\\\/\\\/rachat2credit.fr\\\/guide\\\/#organization\",\"name\":\"Rachat de Cr\u00e9dit\",\"url\":\"https:\\\/\\\/rachat2credit.fr\\\/guide\\\/\",\"logo\":{\"@type\":\"ImageObject\",\"inLanguage\":\"fr-FR\",\"@id\":\"https:\\\/\\\/rachat2credit.fr\\\/guide\\\/#\\\/schema\\\/logo\\\/image\\\/\",\"url\":\"https:\\\/\\\/rachat2credit.fr\\\/guide\\\/wp-content\\\/uploads\\\/2025\\\/05\\\/rachat2credit.png\",\"contentUrl\":\"https:\\\/\\\/rachat2credit.fr\\\/guide\\\/wp-content\\\/uploads\\\/2025\\\/05\\\/rachat2credit.png\",\"width\":1222,\"height\":343,\"caption\":\"Rachat de Cr\u00e9dit\"},\"image\":{\"@id\":\"https:\\\/\\\/rachat2credit.fr\\\/guide\\\/#\\\/schema\\\/logo\\\/image\\\/\"}},{\"@type\":\"Person\",\"@id\":\"https:\\\/\\\/rachat2credit.fr\\\/guide\\\/#\\\/schema\\\/person\\\/d4142086d07bc6acdc4722eabd955cc2\",\"name\":\"Aurelien Boulanger\",\"image\":{\"@type\":\"ImageObject\",\"inLanguage\":\"fr-FR\",\"@id\":\"https:\\\/\\\/secure.gravatar.com\\\/avatar\\\/32175434c9ca2b27bfeb905d1c3ec782a789caf494bc0ec8fa6ed0ee39c2e62a?s=96&d=mm&r=g\",\"url\":\"https:\\\/\\\/secure.gravatar.com\\\/avatar\\\/32175434c9ca2b27bfeb905d1c3ec782a789caf494bc0ec8fa6ed0ee39c2e62a?s=96&d=mm&r=g\",\"contentUrl\":\"https:\\\/\\\/secure.gravatar.com\\\/avatar\\\/32175434c9ca2b27bfeb905d1c3ec782a789caf494bc0ec8fa6ed0ee39c2e62a?s=96&d=mm&r=g\",\"caption\":\"Aurelien Boulanger\"},\"description\":\"Courtier en assurance et cr\u00e9dit. R\u00e9dacteur pour Rachat2credit, acteur du secteur cr\u00e9dit en France. Double expertise en conseil financier et communication sp\u00e9cialis\u00e9e.\",\"sameAs\":[\"https:\\\/\\\/rachat2credit.fr\\\/guide\"],\"url\":\"https:\\\/\\\/rachat2credit.fr\\\/guide\\\/author\\\/aurelien\\\/\"}]}<\/script>\n<!-- \/ Yoast SEO plugin. -->","yoast_head_json":{"title":"Rachat de cr\u00e9dit \u00e0 Brest - Rachat de Cr\u00e9dit","description":"Rachat de cr\u00e9dit \u00e0 Brest : r\u00e9duisez vos mensualit\u00e9s jusqu'\u00e0 60%, simplifiez votre budget avec un seul pr\u00e9l\u00e8vement et lib\u00e9rez de la tr\u00e9sorerie pour vos projets.","robots":{"index":"index","follow":"follow","max-snippet":"max-snippet:-1","max-image-preview":"max-image-preview:large","max-video-preview":"max-video-preview:-1"},"canonical":"https:\/\/rachat2credit.fr\/guide\/rachat-credit-brest\/","og_locale":"fr_FR","og_type":"article","og_title":"Rachat de cr\u00e9dit \u00e0 Brest - Rachat de Cr\u00e9dit","og_description":"Rachat de cr\u00e9dit \u00e0 Brest : r\u00e9duisez vos mensualit\u00e9s jusqu'\u00e0 60%, simplifiez votre budget avec un seul pr\u00e9l\u00e8vement et lib\u00e9rez de la tr\u00e9sorerie pour vos projets.","og_url":"https:\/\/rachat2credit.fr\/guide\/rachat-credit-brest\/","og_site_name":"Rachat de Cr\u00e9dit","article_published_time":"2025-06-03T08:08:38+00:00","og_image":[{"width":1024,"height":1024,"url":"https:\/\/rachat2credit.fr\/guide\/wp-content\/uploads\/2025\/05\/rachat-credit-brest.png","type":"image\/png"}],"author":"Aurelien Boulanger","twitter_card":"summary_large_image","twitter_misc":{"\u00c9crit par":"Aurelien Boulanger","Dur\u00e9e de lecture estim\u00e9e":"19 minutes"},"schema":{"@context":"https:\/\/schema.org","@graph":[{"@type":"NewsArticle","@id":"https:\/\/rachat2credit.fr\/guide\/rachat-credit-brest\/#article","isPartOf":{"@id":"https:\/\/rachat2credit.fr\/guide\/rachat-credit-brest\/"},"author":{"name":"Aurelien Boulanger","@id":"https:\/\/rachat2credit.fr\/guide\/#\/schema\/person\/d4142086d07bc6acdc4722eabd955cc2"},"headline":"Rachat de cr\u00e9dit \u00e0 Brest","datePublished":"2025-06-03T08:08:38+00:00","mainEntityOfPage":{"@id":"https:\/\/rachat2credit.fr\/guide\/rachat-credit-brest\/"},"wordCount":4301,"commentCount":0,"publisher":{"@id":"https:\/\/rachat2credit.fr\/guide\/#organization"},"image":{"@id":"https:\/\/rachat2credit.fr\/guide\/rachat-credit-brest\/#primaryimage"},"thumbnailUrl":"https:\/\/rachat2credit.fr\/guide\/wp-content\/uploads\/2025\/05\/rachat-credit-brest.png","articleSection":["Rachat de cr\u00e9dit par ville"],"inLanguage":"fr-FR","potentialAction":[{"@type":"CommentAction","name":"Comment","target":["https:\/\/rachat2credit.fr\/guide\/rachat-credit-brest\/#respond"]}]},{"@type":"WebPage","@id":"https:\/\/rachat2credit.fr\/guide\/rachat-credit-brest\/","url":"https:\/\/rachat2credit.fr\/guide\/rachat-credit-brest\/","name":"Rachat de cr\u00e9dit \u00e0 Brest - Rachat de Cr\u00e9dit","isPartOf":{"@id":"https:\/\/rachat2credit.fr\/guide\/#website"},"primaryImageOfPage":{"@id":"https:\/\/rachat2credit.fr\/guide\/rachat-credit-brest\/#primaryimage"},"image":{"@id":"https:\/\/rachat2credit.fr\/guide\/rachat-credit-brest\/#primaryimage"},"thumbnailUrl":"https:\/\/rachat2credit.fr\/guide\/wp-content\/uploads\/2025\/05\/rachat-credit-brest.png","datePublished":"2025-06-03T08:08:38+00:00","description":"Rachat de cr\u00e9dit \u00e0 Brest : r\u00e9duisez vos mensualit\u00e9s jusqu'\u00e0 60%, simplifiez votre budget avec un seul pr\u00e9l\u00e8vement et lib\u00e9rez de la tr\u00e9sorerie pour vos projets.","breadcrumb":{"@id":"https:\/\/rachat2credit.fr\/guide\/rachat-credit-brest\/#breadcrumb"},"inLanguage":"fr-FR","potentialAction":[{"@type":"ReadAction","target":["https:\/\/rachat2credit.fr\/guide\/rachat-credit-brest\/"]}]},{"@type":"ImageObject","inLanguage":"fr-FR","@id":"https:\/\/rachat2credit.fr\/guide\/rachat-credit-brest\/#primaryimage","url":"https:\/\/rachat2credit.fr\/guide\/wp-content\/uploads\/2025\/05\/rachat-credit-brest.png","contentUrl":"https:\/\/rachat2credit.fr\/guide\/wp-content\/uploads\/2025\/05\/rachat-credit-brest.png","width":1024,"height":1024,"caption":"Rachat de cr\u00e9dit \u00e0 Brest"},{"@type":"BreadcrumbList","@id":"https:\/\/rachat2credit.fr\/guide\/rachat-credit-brest\/#breadcrumb","itemListElement":[{"@type":"ListItem","position":1,"name":"Accueil","item":"https:\/\/rachat2credit.fr\/guide\/"},{"@type":"ListItem","position":2,"name":"Rachat de cr\u00e9dit \u00e0 Brest"}]},{"@type":"WebSite","@id":"https:\/\/rachat2credit.fr\/guide\/#website","url":"https:\/\/rachat2credit.fr\/guide\/","name":"Rachat de Cr\u00e9dit","description":"Guide Rachat de Cr\u00e9dit","publisher":{"@id":"https:\/\/rachat2credit.fr\/guide\/#organization"},"potentialAction":[{"@type":"SearchAction","target":{"@type":"EntryPoint","urlTemplate":"https:\/\/rachat2credit.fr\/guide\/?s={search_term_string}"},"query-input":{"@type":"PropertyValueSpecification","valueRequired":true,"valueName":"search_term_string"}}],"inLanguage":"fr-FR"},{"@type":"Organization","@id":"https:\/\/rachat2credit.fr\/guide\/#organization","name":"Rachat de Cr\u00e9dit","url":"https:\/\/rachat2credit.fr\/guide\/","logo":{"@type":"ImageObject","inLanguage":"fr-FR","@id":"https:\/\/rachat2credit.fr\/guide\/#\/schema\/logo\/image\/","url":"https:\/\/rachat2credit.fr\/guide\/wp-content\/uploads\/2025\/05\/rachat2credit.png","contentUrl":"https:\/\/rachat2credit.fr\/guide\/wp-content\/uploads\/2025\/05\/rachat2credit.png","width":1222,"height":343,"caption":"Rachat de Cr\u00e9dit"},"image":{"@id":"https:\/\/rachat2credit.fr\/guide\/#\/schema\/logo\/image\/"}},{"@type":"Person","@id":"https:\/\/rachat2credit.fr\/guide\/#\/schema\/person\/d4142086d07bc6acdc4722eabd955cc2","name":"Aurelien Boulanger","image":{"@type":"ImageObject","inLanguage":"fr-FR","@id":"https:\/\/secure.gravatar.com\/avatar\/32175434c9ca2b27bfeb905d1c3ec782a789caf494bc0ec8fa6ed0ee39c2e62a?s=96&d=mm&r=g","url":"https:\/\/secure.gravatar.com\/avatar\/32175434c9ca2b27bfeb905d1c3ec782a789caf494bc0ec8fa6ed0ee39c2e62a?s=96&d=mm&r=g","contentUrl":"https:\/\/secure.gravatar.com\/avatar\/32175434c9ca2b27bfeb905d1c3ec782a789caf494bc0ec8fa6ed0ee39c2e62a?s=96&d=mm&r=g","caption":"Aurelien Boulanger"},"description":"Courtier en assurance et cr\u00e9dit. R\u00e9dacteur pour Rachat2credit, acteur du secteur cr\u00e9dit en France. Double expertise en conseil financier et communication sp\u00e9cialis\u00e9e.","sameAs":["https:\/\/rachat2credit.fr\/guide"],"url":"https:\/\/rachat2credit.fr\/guide\/author\/aurelien\/"}]}},"_links":{"self":[{"href":"https:\/\/rachat2credit.fr\/guide\/wp-json\/wp\/v2\/posts\/224","targetHints":{"allow":["GET"]}}],"collection":[{"href":"https:\/\/rachat2credit.fr\/guide\/wp-json\/wp\/v2\/posts"}],"about":[{"href":"https:\/\/rachat2credit.fr\/guide\/wp-json\/wp\/v2\/types\/post"}],"author":[{"embeddable":true,"href":"https:\/\/rachat2credit.fr\/guide\/wp-json\/wp\/v2\/users\/1"}],"replies":[{"embeddable":true,"href":"https:\/\/rachat2credit.fr\/guide\/wp-json\/wp\/v2\/comments?post=224"}],"version-history":[{"count":1,"href":"https:\/\/rachat2credit.fr\/guide\/wp-json\/wp\/v2\/posts\/224\/revisions"}],"predecessor-version":[{"id":226,"href":"https:\/\/rachat2credit.fr\/guide\/wp-json\/wp\/v2\/posts\/224\/revisions\/226"}],"wp:featuredmedia":[{"embeddable":true,"href":"https:\/\/rachat2credit.fr\/guide\/wp-json\/wp\/v2\/media\/225"}],"wp:attachment":[{"href":"https:\/\/rachat2credit.fr\/guide\/wp-json\/wp\/v2\/media?parent=224"}],"wp:term":[{"taxonomy":"category","embeddable":true,"href":"https:\/\/rachat2credit.fr\/guide\/wp-json\/wp\/v2\/categories?post=224"},{"taxonomy":"post_tag","embeddable":true,"href":"https:\/\/rachat2credit.fr\/guide\/wp-json\/wp\/v2\/tags?post=224"}],"curies":[{"name":"wp","href":"https:\/\/api.w.org\/{rel}","templated":true}]}}