{"id":271,"date":"2025-06-17T13:36:22","date_gmt":"2025-06-17T13:36:22","guid":{"rendered":"https:\/\/rachat2credit.fr\/guide\/?p=271"},"modified":"2025-05-11T13:38:33","modified_gmt":"2025-05-11T13:38:33","slug":"rachat-credit-travailleur-handicape","status":"publish","type":"post","link":"https:\/\/rachat2credit.fr\/guide\/rachat-credit-travailleur-handicape\/","title":{"rendered":"Rachat de cr\u00e9dit pour travailleur handicap\u00e9"},"content":{"rendered":"\n<div id=\"ez-toc-container\" class=\"ez-toc-v2_0_82_2 counter-hierarchy ez-toc-counter ez-toc-grey ez-toc-container-direction\">\n<p class=\"ez-toc-title\" style=\"cursor:inherit\">Sommaire<\/p>\n<label for=\"ez-toc-cssicon-toggle-item-69f1047ef2cc1\" class=\"ez-toc-cssicon-toggle-label\"><span class=\"ez-toc-cssicon\"><span class=\"eztoc-hide\" style=\"display:none;\">Toggle<\/span><span class=\"ez-toc-icon-toggle-span\"><svg style=\"fill: #999;color:#999\" xmlns=\"http:\/\/www.w3.org\/2000\/svg\" class=\"list-377408\" width=\"20px\" height=\"20px\" viewBox=\"0 0 24 24\" fill=\"none\"><path d=\"M6 6H4v2h2V6zm14 0H8v2h12V6zM4 11h2v2H4v-2zm16 0H8v2h12v-2zM4 16h2v2H4v-2zm16 0H8v2h12v-2z\" fill=\"currentColor\"><\/path><\/svg><svg style=\"fill: #999;color:#999\" class=\"arrow-unsorted-368013\" xmlns=\"http:\/\/www.w3.org\/2000\/svg\" width=\"10px\" height=\"10px\" viewBox=\"0 0 24 24\" version=\"1.2\" baseProfile=\"tiny\"><path d=\"M18.2 9.3l-6.2-6.3-6.2 6.3c-.2.2-.3.4-.3.7s.1.5.3.7c.2.2.4.3.7.3h11c.3 0 .5-.1.7-.3.2-.2.3-.5.3-.7s-.1-.5-.3-.7zM5.8 14.7l6.2 6.3 6.2-6.3c.2-.2.3-.5.3-.7s-.1-.5-.3-.7c-.2-.2-.4-.3-.7-.3h-11c-.3 0-.5.1-.7.3-.2.2-.3.5-.3.7s.1.5.3.7z\"\/><\/svg><\/span><\/span><\/label><input type=\"checkbox\"  id=\"ez-toc-cssicon-toggle-item-69f1047ef2cc1\" checked aria-label=\"Toggle\" \/><nav><ul class='ez-toc-list ez-toc-list-level-1 ' ><li class='ez-toc-page-1 ez-toc-heading-level-2'><a class=\"ez-toc-link ez-toc-heading-1\" href=\"https:\/\/rachat2credit.fr\/guide\/rachat-credit-travailleur-handicape\/#Comprendre_le_rachat_de_credit_pour_travailleur_handicape\" >Comprendre le rachat de cr\u00e9dit pour travailleur handicap\u00e9<\/a><ul class='ez-toc-list-level-3' ><li class='ez-toc-heading-level-3'><a class=\"ez-toc-link ez-toc-heading-2\" href=\"https:\/\/rachat2credit.fr\/guide\/rachat-credit-travailleur-handicape\/#Definition_et_principe_du_rachat_de_credit_adapte\" >D\u00e9finition et principe du rachat de cr\u00e9dit adapt\u00e9<\/a><\/li><li class='ez-toc-page-1 ez-toc-heading-level-3'><a class=\"ez-toc-link ez-toc-heading-3\" href=\"https:\/\/rachat2credit.fr\/guide\/rachat-credit-travailleur-handicape\/#Points_cles_a_retenir\" >Points cl\u00e9s \u00e0 retenir<\/a><\/li><li class='ez-toc-page-1 ez-toc-heading-level-3'><a class=\"ez-toc-link ez-toc-heading-4\" href=\"https:\/\/rachat2credit.fr\/guide\/rachat-credit-travailleur-handicape\/#Les_avantages_specifiques_pour_les_travailleurs_handicapes\" >Les avantages sp\u00e9cifiques pour les travailleurs handicap\u00e9s<\/a><\/li><li class='ez-toc-page-1 ez-toc-heading-level-3'><a class=\"ez-toc-link ez-toc-heading-5\" href=\"https:\/\/rachat2credit.fr\/guide\/rachat-credit-travailleur-handicape\/#Les_differentes_formules_possibles\" >Les diff\u00e9rentes formules possibles<\/a><\/li><\/ul><\/li><li class='ez-toc-page-1 ez-toc-heading-level-2'><a class=\"ez-toc-link ez-toc-heading-6\" href=\"https:\/\/rachat2credit.fr\/guide\/rachat-credit-travailleur-handicape\/#Eligibilite_et_conditions_dacces_au_rachat_de_credit\" >\u00c9ligibilit\u00e9 et conditions d&rsquo;acc\u00e8s au rachat de cr\u00e9dit<\/a><ul class='ez-toc-list-level-3' ><li class='ez-toc-heading-level-3'><a class=\"ez-toc-link ez-toc-heading-7\" href=\"https:\/\/rachat2credit.fr\/guide\/rachat-credit-travailleur-handicape\/#Statuts_reconnus_et_droits_associes\" >Statuts reconnus et droits associ\u00e9s<\/a><\/li><li class='ez-toc-page-1 ez-toc-heading-level-3'><a class=\"ez-toc-link ez-toc-heading-8\" href=\"https:\/\/rachat2credit.fr\/guide\/rachat-credit-travailleur-handicape\/#Criteres_devaluation_des_dossiers\" >Crit\u00e8res d&rsquo;\u00e9valuation des dossiers<\/a><\/li><li class='ez-toc-page-1 ez-toc-heading-level-3'><a class=\"ez-toc-link ez-toc-heading-9\" href=\"https:\/\/rachat2credit.fr\/guide\/rachat-credit-travailleur-handicape\/#Impact_du_type_et_du_taux_dinvalidite\" >Impact du type et du taux d&rsquo;invalidit\u00e9<\/a><\/li><\/ul><\/li><li class='ez-toc-page-1 ez-toc-heading-level-2'><a class=\"ez-toc-link ez-toc-heading-10\" href=\"https:\/\/rachat2credit.fr\/guide\/rachat-credit-travailleur-handicape\/#Solutions_dassurance_emprunteur_adaptees\" >Solutions d&rsquo;assurance emprunteur adapt\u00e9es<\/a><ul class='ez-toc-list-level-3' ><li class='ez-toc-heading-level-3'><a class=\"ez-toc-link ez-toc-heading-11\" href=\"https:\/\/rachat2credit.fr\/guide\/rachat-credit-travailleur-handicape\/#La_convention_AERAS_et_ses_garanties\" >La convention AERAS et ses garanties<\/a><\/li><li class='ez-toc-page-1 ez-toc-heading-level-3'><a class=\"ez-toc-link ez-toc-heading-12\" href=\"https:\/\/rachat2credit.fr\/guide\/rachat-credit-travailleur-handicape\/#Alternatives_aux_assurances_traditionnelles\" >Alternatives aux assurances traditionnelles<\/a><\/li><li class='ez-toc-page-1 ez-toc-heading-level-3'><a class=\"ez-toc-link ez-toc-heading-13\" href=\"https:\/\/rachat2credit.fr\/guide\/rachat-credit-travailleur-handicape\/#Optimisation_du_cout_de_lassurance\" >Optimisation du co\u00fbt de l&rsquo;assurance<\/a><\/li><\/ul><\/li><li class='ez-toc-page-1 ez-toc-heading-level-2'><a class=\"ez-toc-link ez-toc-heading-14\" href=\"https:\/\/rachat2credit.fr\/guide\/rachat-credit-travailleur-handicape\/#Aides_financieres_complementaires_mobilisables\" >Aides financi\u00e8res compl\u00e9mentaires mobilisables<\/a><ul class='ez-toc-list-level-3' ><li class='ez-toc-heading-level-3'><a class=\"ez-toc-link ez-toc-heading-15\" href=\"https:\/\/rachat2credit.fr\/guide\/rachat-credit-travailleur-handicape\/#Dispositifs_de_la_MDPH_et_leurs_conditions\" >Dispositifs de la MDPH et leurs conditions<\/a><\/li><li class='ez-toc-page-1 ez-toc-heading-level-3'><a class=\"ez-toc-link ez-toc-heading-16\" href=\"https:\/\/rachat2credit.fr\/guide\/rachat-credit-travailleur-handicape\/#Soutiens_de_lAGEFIPH_pour_les_travailleurs\" >Soutiens de l&rsquo;AGEFIPH pour les travailleurs<\/a><\/li><li class='ez-toc-page-1 ez-toc-heading-level-3'><a class=\"ez-toc-link ez-toc-heading-17\" href=\"https:\/\/rachat2credit.fr\/guide\/rachat-credit-travailleur-handicape\/#Dispositifs_specifiques_de_la_CAF\" >Dispositifs sp\u00e9cifiques de la CAF<\/a><\/li><\/ul><\/li><li class='ez-toc-page-1 ez-toc-heading-level-2'><a class=\"ez-toc-link ez-toc-heading-18\" href=\"https:\/\/rachat2credit.fr\/guide\/rachat-credit-travailleur-handicape\/#Demarches_et_constitution_du_dossier\" >D\u00e9marches et constitution du dossier<\/a><ul class='ez-toc-list-level-3' ><li class='ez-toc-heading-level-3'><a class=\"ez-toc-link ez-toc-heading-19\" href=\"https:\/\/rachat2credit.fr\/guide\/rachat-credit-travailleur-handicape\/#Documents_specifiques_a_fournir\" >Documents sp\u00e9cifiques \u00e0 fournir<\/a><\/li><li class='ez-toc-page-1 ez-toc-heading-level-3'><a class=\"ez-toc-link ez-toc-heading-20\" href=\"https:\/\/rachat2credit.fr\/guide\/rachat-credit-travailleur-handicape\/#Etapes_cles_de_la_procedure\" >\u00c9tapes cl\u00e9s de la proc\u00e9dure<\/a><\/li><li class='ez-toc-page-1 ez-toc-heading-level-3'><a class=\"ez-toc-link ez-toc-heading-21\" href=\"https:\/\/rachat2credit.fr\/guide\/rachat-credit-travailleur-handicape\/#Role_et_importance_du_courtier_specialise\" >R\u00f4le et importance du courtier sp\u00e9cialis\u00e9<\/a><\/li><\/ul><\/li><li class='ez-toc-page-1 ez-toc-heading-level-2'><a class=\"ez-toc-link ez-toc-heading-22\" href=\"https:\/\/rachat2credit.fr\/guide\/rachat-credit-travailleur-handicape\/#Situations_particulieres_et_solutions_specifiques\" >Situations particuli\u00e8res et solutions sp\u00e9cifiques<\/a><ul class='ez-toc-list-level-3' ><li class='ez-toc-heading-level-3'><a class=\"ez-toc-link ez-toc-heading-23\" href=\"https:\/\/rachat2credit.fr\/guide\/rachat-credit-travailleur-handicape\/#Rachat_de_credit_avec_AAH_comme_principale_ressource\" >Rachat de cr\u00e9dit avec AAH comme principale ressource<\/a><\/li><li class='ez-toc-page-1 ez-toc-heading-level-3'><a class=\"ez-toc-link ez-toc-heading-24\" href=\"https:\/\/rachat2credit.fr\/guide\/rachat-credit-travailleur-handicape\/#Options_pour_les_differentes_categories_dinvalidite\" >Options pour les diff\u00e9rentes cat\u00e9gories d&rsquo;invalidit\u00e9<\/a><\/li><li class='ez-toc-page-1 ez-toc-heading-level-3'><a class=\"ez-toc-link ez-toc-heading-25\" href=\"https:\/\/rachat2credit.fr\/guide\/rachat-credit-travailleur-handicape\/#Solutions_pour_les_travailleurs_en_ESAT_ou_en_milieu_protege\" >Solutions pour les travailleurs en ESAT ou en milieu prot\u00e9g\u00e9<\/a><\/li><\/ul><\/li><li class='ez-toc-page-1 ez-toc-heading-level-2'><a class=\"ez-toc-link ez-toc-heading-26\" href=\"https:\/\/rachat2credit.fr\/guide\/rachat-credit-travailleur-handicape\/#Optimisation_du_budget_apres_rachat_de_credit\" >Optimisation du budget apr\u00e8s rachat de cr\u00e9dit<\/a><ul class='ez-toc-list-level-3' ><li class='ez-toc-heading-level-3'><a class=\"ez-toc-link ez-toc-heading-27\" href=\"https:\/\/rachat2credit.fr\/guide\/rachat-credit-travailleur-handicape\/#Gestion_adaptee_des_nouvelles_mensualites\" >Gestion adapt\u00e9e des nouvelles mensualit\u00e9s<\/a><\/li><li class='ez-toc-page-1 ez-toc-heading-level-3'><a class=\"ez-toc-link ez-toc-heading-28\" href=\"https:\/\/rachat2credit.fr\/guide\/rachat-credit-travailleur-handicape\/#Anticipation_des_besoins_lies_au_handicap\" >Anticipation des besoins li\u00e9s au handicap<\/a><\/li><li class='ez-toc-page-1 ez-toc-heading-level-3'><a class=\"ez-toc-link ez-toc-heading-29\" href=\"https:\/\/rachat2credit.fr\/guide\/rachat-credit-travailleur-handicape\/#Accompagnement_social_et_financier_disponible\" >Accompagnement social et financier disponible<\/a><\/li><\/ul><\/li><li class='ez-toc-page-1 ez-toc-heading-level-2'><a class=\"ez-toc-link ez-toc-heading-30\" href=\"https:\/\/rachat2credit.fr\/guide\/rachat-credit-travailleur-handicape\/#Temoignages_et_cas_pratiques\" >T\u00e9moignages et cas pratiques<\/a><ul class='ez-toc-list-level-3' ><li class='ez-toc-heading-level-3'><a class=\"ez-toc-link ez-toc-heading-31\" href=\"https:\/\/rachat2credit.fr\/guide\/rachat-credit-travailleur-handicape\/#Exemples_de_dossiers_acceptes_et_refuses\" >Exemples de dossiers accept\u00e9s et refus\u00e9s<\/a><\/li><li class='ez-toc-page-1 ez-toc-heading-level-3'><a class=\"ez-toc-link ez-toc-heading-32\" href=\"https:\/\/rachat2credit.fr\/guide\/rachat-credit-travailleur-handicape\/#Facteurs_cles_de_succes_identifies\" >Facteurs cl\u00e9s de succ\u00e8s identifi\u00e9s<\/a><\/li><li class='ez-toc-page-1 ez-toc-heading-level-3'><a class=\"ez-toc-link ez-toc-heading-33\" href=\"https:\/\/rachat2credit.fr\/guide\/rachat-credit-travailleur-handicape\/#Analyse_des_meilleures_pratiques\" >Analyse des meilleures pratiques<\/a><\/li><\/ul><\/li><li class='ez-toc-page-1 ez-toc-heading-level-2'><a class=\"ez-toc-link ez-toc-heading-34\" href=\"https:\/\/rachat2credit.fr\/guide\/rachat-credit-travailleur-handicape\/#Evolutions_legislatives_et_perspectives\" >\u00c9volutions l\u00e9gislatives et perspectives<\/a><ul class='ez-toc-list-level-3' ><li class='ez-toc-heading-level-3'><a class=\"ez-toc-link ez-toc-heading-35\" href=\"https:\/\/rachat2credit.fr\/guide\/rachat-credit-travailleur-handicape\/#Impact_des_recentes_modifications_reglementaires\" >Impact des r\u00e9centes modifications r\u00e9glementaires<\/a><\/li><li class='ez-toc-page-1 ez-toc-heading-level-3'><a class=\"ez-toc-link ez-toc-heading-36\" href=\"https:\/\/rachat2credit.fr\/guide\/rachat-credit-travailleur-handicape\/#Tendances_actuelles_du_marche_financier\" >Tendances actuelles du march\u00e9 financier<\/a><\/li><li class='ez-toc-page-1 ez-toc-heading-level-3'><a class=\"ez-toc-link ez-toc-heading-37\" href=\"https:\/\/rachat2credit.fr\/guide\/rachat-credit-travailleur-handicape\/#Recommandations_pour_une_demande_optimale\" >Recommandations pour une demande optimale<\/a><\/li><\/ul><\/li><li class='ez-toc-page-1 ez-toc-heading-level-2'><a class=\"ez-toc-link ez-toc-heading-38\" href=\"https:\/\/rachat2credit.fr\/guide\/rachat-credit-travailleur-handicape\/#Trouver_la_solution_adaptee_a_sa_situation\" >Trouver la solution adapt\u00e9e \u00e0 sa situation<\/a><ul class='ez-toc-list-level-3' ><li class='ez-toc-heading-level-3'><a class=\"ez-toc-link ez-toc-heading-39\" href=\"https:\/\/rachat2credit.fr\/guide\/rachat-credit-travailleur-handicape\/#Synthese_des_options_disponibles\" >Synth\u00e8se des options disponibles<\/a><\/li><li class='ez-toc-page-1 ez-toc-heading-level-3'><a class=\"ez-toc-link ez-toc-heading-40\" href=\"https:\/\/rachat2credit.fr\/guide\/rachat-credit-travailleur-handicape\/#Importance_dun_accompagnement_personnalise\" >Importance d&rsquo;un accompagnement personnalis\u00e9<\/a><\/li><li class='ez-toc-page-1 ez-toc-heading-level-3'><a class=\"ez-toc-link ez-toc-heading-41\" href=\"https:\/\/rachat2credit.fr\/guide\/rachat-credit-travailleur-handicape\/#Vers_une_gestion_financiere_sereine_et_adaptee\" >Vers une gestion financi\u00e8re sereine et adapt\u00e9e<\/a><\/li><\/ul><\/li><\/ul><\/nav><\/div>\n<h2 class=\"wp-block-heading\"><span class=\"ez-toc-section\" id=\"Comprendre_le_rachat_de_credit_pour_travailleur_handicape\"><\/span>Comprendre le rachat de cr\u00e9dit pour travailleur handicap\u00e9<span class=\"ez-toc-section-end\"><\/span><\/h2>\n\n\n\n<h3 class=\"wp-block-heading\"><span class=\"ez-toc-section\" id=\"Definition_et_principe_du_rachat_de_credit_adapte\"><\/span>D\u00e9finition et principe du rachat de cr\u00e9dit adapt\u00e9<span class=\"ez-toc-section-end\"><\/span><\/h3>\n\n\n\n<p>Le rachat de cr\u00e9dit pour travailleur handicap\u00e9 constitue une solution financi\u00e8re sp\u00e9cifiquement con\u00e7ue pour les personnes en situation de handicap souhaitant r\u00e9organiser leurs finances. Cette op\u00e9ration regroupe plusieurs cr\u00e9dits en cours (consommation, immobilier) en un seul pr\u00eat, avec une mensualit\u00e9 unique g\u00e9n\u00e9ralement r\u00e9duite. L&rsquo;objectif principal r\u00e9side dans l&rsquo;<strong>adaptation de la charge financi\u00e8re<\/strong> \u00e0 la situation particuli\u00e8re du travailleur handicap\u00e9, en tenant compte des sp\u00e9cificit\u00e9s de ses revenus et contraintes budg\u00e9taires.<\/p>\n\n\n\n<h3 class=\"wp-block-heading\"><span class=\"ez-toc-section\" id=\"Points_cles_a_retenir\"><\/span>Points cl\u00e9s \u00e0 retenir<span class=\"ez-toc-section-end\"><\/span><\/h3>\n\n\n\n<figure class=\"wp-block-table\"><table class=\"has-fixed-layout\"><thead><tr><th>Aspect<\/th><th>Informations essentielles<\/th><\/tr><\/thead><tbody><tr><td>Principe<\/td><td>Regroupement de plusieurs cr\u00e9dits en un seul pr\u00eat<\/td><\/tr><tr><td>Avantages principaux<\/td><td>Mensualit\u00e9s r\u00e9duites, gestion simplifi\u00e9e, adaptation aux revenus sp\u00e9cifiques<\/td><\/tr><tr><td>Statuts \u00e9ligibles<\/td><td>RQTH, AAH, invalidit\u00e9 (1\u00e8re, 2\u00e8me, 3\u00e8me cat\u00e9gorie), rente accident du travail<\/td><\/tr><tr><td>Solutions d&rsquo;assurance<\/td><td>Convention AERAS, d\u00e9l\u00e9gation d&rsquo;assurance, garanties alternatives<\/td><\/tr><tr><td>Aides compl\u00e9mentaires<\/td><td>MDPH (PCH), AGEFIPH, CAF<\/td><\/tr><tr><td>Documents sp\u00e9cifiques<\/td><td>Justificatif RQTH, attestation AAH\/pension, notification MDPH<\/td><\/tr><\/tbody><\/table><\/figure>\n\n\n\n<h3 class=\"wp-block-heading\"><span class=\"ez-toc-section\" id=\"Les_avantages_specifiques_pour_les_travailleurs_handicapes\"><\/span>Les avantages sp\u00e9cifiques pour les travailleurs handicap\u00e9s<span class=\"ez-toc-section-end\"><\/span><\/h3>\n\n\n\n<p>Le rachat de cr\u00e9dit offre plusieurs avantages essentiels pour les travailleurs en situation de handicap :<\/p>\n\n\n\n<ul class=\"wp-block-list\">\n<li>R\u00e9duction des mensualit\u00e9s pour un meilleur \u00e9quilibre budg\u00e9taire<\/li>\n\n\n\n<li>Simplification de la gestion financi\u00e8re avec une seule \u00e9ch\u00e9ance<\/li>\n\n\n\n<li>Possibilit\u00e9 d&rsquo;int\u00e9grer des d\u00e9penses li\u00e9es \u00e0 l&rsquo;am\u00e9nagement du logement ou du v\u00e9hicule<\/li>\n\n\n\n<li>Adaptation du plan de remboursement aux revenus particuliers (<em>salaire \u00e0 temps partiel, pension d&rsquo;invalidit\u00e9, AAH<\/em>)<\/li>\n\n\n\n<li>Facilitation de l&rsquo;acc\u00e8s au cr\u00e9dit malgr\u00e9 une situation m\u00e9dicale consid\u00e9r\u00e9e comme un \u00ab\u00a0<strong>risque aggrav\u00e9<\/strong>\u00ab\u00a0<\/li>\n<\/ul>\n\n\n\n<h3 class=\"wp-block-heading\"><span class=\"ez-toc-section\" id=\"Les_differentes_formules_possibles\"><\/span>Les diff\u00e9rentes formules possibles<span class=\"ez-toc-section-end\"><\/span><\/h3>\n\n\n\n<p>Plusieurs formules de rachat de cr\u00e9dit sont accessibles aux travailleurs handicap\u00e9s :<\/p>\n\n\n\n<ul class=\"wp-block-list\">\n<li>Le rachat de cr\u00e9dits \u00e0 la consommation uniquement<\/li>\n\n\n\n<li>Le rachat mixte (cr\u00e9dits \u00e0 la consommation et cr\u00e9dit immobilier)<\/li>\n\n\n\n<li>Le rachat hypoth\u00e9caire, utilisant le bien immobilier comme garantie<\/li>\n\n\n\n<li>Le rachat avec ou sans tr\u00e9sorerie compl\u00e9mentaire pour financer d&rsquo;\u00e9ventuels am\u00e9nagements<\/li>\n<\/ul>\n\n\n\n<h2 class=\"wp-block-heading\"><span class=\"ez-toc-section\" id=\"Eligibilite_et_conditions_dacces_au_rachat_de_credit\"><\/span>\u00c9ligibilit\u00e9 et conditions d&rsquo;acc\u00e8s au rachat de cr\u00e9dit<span class=\"ez-toc-section-end\"><\/span><\/h2>\n\n\n\n<h3 class=\"wp-block-heading\"><span class=\"ez-toc-section\" id=\"Statuts_reconnus_et_droits_associes\"><\/span>Statuts reconnus et droits associ\u00e9s<span class=\"ez-toc-section-end\"><\/span><\/h3>\n\n\n\n<p>Pour b\u00e9n\u00e9ficier des dispositifs sp\u00e9cifiques de rachat de cr\u00e9dit, plusieurs statuts sont reconnus :<\/p>\n\n\n\n<ul class=\"wp-block-list\">\n<li>Travailleur avec <strong>reconnaissance RQTH<\/strong> (Reconnaissance de la Qualit\u00e9 de Travailleur Handicap\u00e9)<\/li>\n\n\n\n<li>B\u00e9n\u00e9ficiaire de l&rsquo;<strong>AAH<\/strong> (Allocation aux Adultes Handicap\u00e9s)<\/li>\n\n\n\n<li>Personne en situation d&rsquo;invalidit\u00e9 (1\u00e8re, 2\u00e8me ou 3\u00e8me cat\u00e9gorie)<\/li>\n\n\n\n<li>Titulaire d&rsquo;une pension d&rsquo;invalidit\u00e9<\/li>\n\n\n\n<li>B\u00e9n\u00e9ficiaire d&rsquo;une rente accident du travail<\/li>\n<\/ul>\n\n\n\n<h3 class=\"wp-block-heading\"><span class=\"ez-toc-section\" id=\"Criteres_devaluation_des_dossiers\"><\/span>Crit\u00e8res d&rsquo;\u00e9valuation des dossiers<span class=\"ez-toc-section-end\"><\/span><\/h3>\n\n\n\n<p>Les organismes financiers \u00e9valuent les dossiers de rachat de cr\u00e9dit selon plusieurs crit\u00e8res sp\u00e9cifiques :<\/p>\n\n\n\n<ul class=\"wp-block-list\">\n<li>Le <strong>taux d&rsquo;endettement<\/strong>, calcul\u00e9 en int\u00e9grant l&rsquo;ensemble des revenus (salaire, pension d&rsquo;invalidit\u00e9, AAH)<\/li>\n\n\n\n<li>La stabilit\u00e9 des revenus, y compris ceux li\u00e9s au handicap<\/li>\n\n\n\n<li>Les garanties disponibles (hypoth\u00e8que, caution)<\/li>\n\n\n\n<li>Le reste \u00e0 vivre apr\u00e8s remboursement de la mensualit\u00e9<\/li>\n\n\n\n<li>L&rsquo;historique bancaire et la situation professionnelle<\/li>\n<\/ul>\n\n\n\n<h3 class=\"wp-block-heading\"><span class=\"ez-toc-section\" id=\"Impact_du_type_et_du_taux_dinvalidite\"><\/span>Impact du type et du taux d&rsquo;invalidit\u00e9<span class=\"ez-toc-section-end\"><\/span><\/h3>\n\n\n\n<p>Le type et le taux d&rsquo;invalidit\u00e9 influencent consid\u00e9rablement l&rsquo;\u00e9ligibilit\u00e9 au rachat de cr\u00e9dit :<\/p>\n\n\n\n<ul class=\"wp-block-list\">\n<li><strong>Invalidit\u00e9 de 1\u00e8re cat\u00e9gorie<\/strong> : possibilit\u00e9 de poursuivre une activit\u00e9 professionnelle, dossier g\u00e9n\u00e9ralement plus facilement accept\u00e9<\/li>\n\n\n\n<li><strong>Invalidit\u00e9 de 2\u00e8me cat\u00e9gorie<\/strong> : impossibilit\u00e9 de travailler, prise en compte de la pension d&rsquo;invalidit\u00e9 comme revenu stable<\/li>\n\n\n\n<li><strong>Invalidit\u00e9 de 3\u00e8me cat\u00e9gorie<\/strong> : besoin d&rsquo;assistance, examen plus rigoureux du dossier par les \u00e9tablissements financiers<\/li>\n<\/ul>\n\n\n\n<h2 class=\"wp-block-heading\"><span class=\"ez-toc-section\" id=\"Solutions_dassurance_emprunteur_adaptees\"><\/span>Solutions d&rsquo;assurance emprunteur adapt\u00e9es<span class=\"ez-toc-section-end\"><\/span><\/h2>\n\n\n\n<h3 class=\"wp-block-heading\"><span class=\"ez-toc-section\" id=\"La_convention_AERAS_et_ses_garanties\"><\/span>La convention AERAS et ses garanties<span class=\"ez-toc-section-end\"><\/span><\/h3>\n\n\n\n<p>La convention <strong>AERAS<\/strong> (S&rsquo;Assurer et Emprunter avec un Risque Aggrav\u00e9 de Sant\u00e9) constitue un dispositif essentiel pour faciliter l&rsquo;acc\u00e8s \u00e0 l&rsquo;assurance emprunteur des travailleurs handicap\u00e9s :<\/p>\n\n\n\n<ul class=\"wp-block-list\">\n<li>Accessible pour les emprunts ne d\u00e9passant pas 320 000 euros<\/li>\n\n\n\n<li>Syst\u00e8me \u00e0 trois niveaux d&rsquo;analyse du risque m\u00e9dical<\/li>\n\n\n\n<li>Possibilit\u00e9 d&rsquo;obtenir une garantie invalidit\u00e9 sp\u00e9cifique<\/li>\n\n\n\n<li>Limitation des surprimes d&rsquo;assurance pour les personnes aux revenus modestes<\/li>\n<\/ul>\n\n\n\n<h3 class=\"wp-block-heading\"><span class=\"ez-toc-section\" id=\"Alternatives_aux_assurances_traditionnelles\"><\/span>Alternatives aux assurances traditionnelles<span class=\"ez-toc-section-end\"><\/span><\/h3>\n\n\n\n<p>En cas de difficult\u00e9 \u00e0 obtenir une assurance standard, plusieurs alternatives existent :<\/p>\n\n\n\n<ul class=\"wp-block-list\">\n<li><strong>D\u00e9l\u00e9gation d&rsquo;assurance<\/strong> aupr\u00e8s d&rsquo;organismes sp\u00e9cialis\u00e9s dans les risques aggrav\u00e9s<\/li>\n\n\n\n<li>Garanties alternatives comme l&rsquo;hypoth\u00e8que ou la caution d&rsquo;un organisme tiers<\/li>\n\n\n\n<li>Assurances avec couverture partielle des risques<\/li>\n\n\n\n<li>Montage financier sans assurance (sous conditions particuli\u00e8res)<\/li>\n<\/ul>\n\n\n\n<h3 class=\"wp-block-heading\"><span class=\"ez-toc-section\" id=\"Optimisation_du_cout_de_lassurance\"><\/span>Optimisation du co\u00fbt de l&rsquo;assurance<span class=\"ez-toc-section-end\"><\/span><\/h3>\n\n\n\n<p>Pour r\u00e9duire le co\u00fbt souvent \u00e9lev\u00e9 de l&rsquo;assurance dans le cadre d&rsquo;un rachat de cr\u00e9dit :<\/p>\n\n\n\n<ul class=\"wp-block-list\">\n<li>Comparaison syst\u00e9matique des offres via un courtier sp\u00e9cialis\u00e9<\/li>\n\n\n\n<li>N\u00e9gociation des exclusions de garantie plut\u00f4t que refus complet<\/li>\n\n\n\n<li>Mise en concurrence des assureurs sp\u00e9cialis\u00e9s<\/li>\n\n\n\n<li>Ajustement des quotit\u00e9s d&rsquo;assurance en fonction de la situation<\/li>\n<\/ul>\n\n\n\n<h2 class=\"wp-block-heading\"><span class=\"ez-toc-section\" id=\"Aides_financieres_complementaires_mobilisables\"><\/span>Aides financi\u00e8res compl\u00e9mentaires mobilisables<span class=\"ez-toc-section-end\"><\/span><\/h2>\n\n\n\n<h3 class=\"wp-block-heading\"><span class=\"ez-toc-section\" id=\"Dispositifs_de_la_MDPH_et_leurs_conditions\"><\/span>Dispositifs de la MDPH et leurs conditions<span class=\"ez-toc-section-end\"><\/span><\/h3>\n\n\n\n<p>La Maison D\u00e9partementale des Personnes Handicap\u00e9es (MDPH) propose plusieurs dispositifs qui peuvent \u00eatre combin\u00e9s avec un rachat de cr\u00e9dit :<\/p>\n\n\n\n<ul class=\"wp-block-list\">\n<li>La <strong>Prestation de Compensation du Handicap<\/strong> (PCH) pour l&rsquo;am\u00e9nagement du logement ou du v\u00e9hicule<\/li>\n\n\n\n<li>Des compl\u00e9ments de ressources sous conditions<\/li>\n\n\n\n<li>Des aides techniques sp\u00e9cifiques selon les besoins<\/li>\n<\/ul>\n\n\n\n<h3 class=\"wp-block-heading\"><span class=\"ez-toc-section\" id=\"Soutiens_de_lAGEFIPH_pour_les_travailleurs\"><\/span>Soutiens de l&rsquo;AGEFIPH pour les travailleurs<span class=\"ez-toc-section-end\"><\/span><\/h3>\n\n\n\n<p>L&rsquo;Association de Gestion du Fonds pour l&rsquo;Insertion Professionnelle des Personnes Handicap\u00e9es (AGEFIPH) offre aux travailleurs handicap\u00e9s du secteur priv\u00e9 :<\/p>\n\n\n\n<ul class=\"wp-block-list\">\n<li>Une aide \u00e0 l&rsquo;am\u00e9nagement du poste de conduite<\/li>\n\n\n\n<li>Une subvention pouvant atteindre 5250 euros pour l&rsquo;achat d&rsquo;un v\u00e9hicule<\/li>\n\n\n\n<li>Des aides favorisant la mobilit\u00e9 professionnelle<\/li>\n\n\n\n<li>Un soutien pour l&rsquo;acquisition du permis de conduire<\/li>\n<\/ul>\n\n\n\n<h3 class=\"wp-block-heading\"><span class=\"ez-toc-section\" id=\"Dispositifs_specifiques_de_la_CAF\"><\/span>Dispositifs sp\u00e9cifiques de la CAF<span class=\"ez-toc-section-end\"><\/span><\/h3>\n\n\n\n<p>La Caisse d&rsquo;Allocations Familiales propose des dispositifs qui peuvent compl\u00e9ter un rachat de cr\u00e9dit :<\/p>\n\n\n\n<ul class=\"wp-block-list\">\n<li>Pr\u00eat \u00e0 taux z\u00e9ro de 2300 euros pour l&rsquo;am\u00e9nagement du logement (sous conditions)<\/li>\n\n\n\n<li>Aides au logement adapt\u00e9es \u00e0 la situation de handicap<\/li>\n\n\n\n<li>Dispositifs d&rsquo;aide exceptionnelle en cas de difficult\u00e9 financi\u00e8re<\/li>\n<\/ul>\n\n\n\n<h2 class=\"wp-block-heading\"><span class=\"ez-toc-section\" id=\"Demarches_et_constitution_du_dossier\"><\/span>D\u00e9marches et constitution du dossier<span class=\"ez-toc-section-end\"><\/span><\/h2>\n\n\n\n<h3 class=\"wp-block-heading\"><span class=\"ez-toc-section\" id=\"Documents_specifiques_a_fournir\"><\/span>Documents sp\u00e9cifiques \u00e0 fournir<span class=\"ez-toc-section-end\"><\/span><\/h3>\n\n\n\n<p>Pour constituer un dossier de rachat de cr\u00e9dit en tant que travailleur handicap\u00e9, plusieurs documents sp\u00e9cifiques sont n\u00e9cessaires :<\/p>\n\n\n\n<ul class=\"wp-block-list\">\n<li>Justificatif de reconnaissance RQTH<\/li>\n\n\n\n<li>Attestation de versement de l&rsquo;AAH ou de la pension d&rsquo;invalidit\u00e9<\/li>\n\n\n\n<li>Notification de d\u00e9cision de la MDPH<\/li>\n\n\n\n<li>Justificatifs des aides per\u00e7ues (PCH, aides au logement)<\/li>\n\n\n\n<li>Devis d&rsquo;am\u00e9nagements sp\u00e9cifiques le cas \u00e9ch\u00e9ant<\/li>\n<\/ul>\n\n\n\n<h3 class=\"wp-block-heading\"><span class=\"ez-toc-section\" id=\"Etapes_cles_de_la_procedure\"><\/span>\u00c9tapes cl\u00e9s de la proc\u00e9dure<span class=\"ez-toc-section-end\"><\/span><\/h3>\n\n\n\n<p>La proc\u00e9dure de rachat de cr\u00e9dit pour un travailleur handicap\u00e9 comprend plusieurs \u00e9tapes essentielles :<\/p>\n\n\n\n<ol class=\"wp-block-list\">\n<li>Analyse pr\u00e9alable de la situation financi\u00e8re et des besoins sp\u00e9cifiques<\/li>\n\n\n\n<li>Constitution d&rsquo;un dossier complet incluant les justificatifs li\u00e9s au handicap<\/li>\n\n\n\n<li>Recherche d&rsquo;organismes financiers adapt\u00e9s \u00e0 la situation particuli\u00e8re<\/li>\n\n\n\n<li>Demande parall\u00e8le d&rsquo;assurance emprunteur (convention AERAS si n\u00e9cessaire)<\/li>\n\n\n\n<li>Analyse des propositions et n\u00e9gociation des conditions<\/li>\n\n\n\n<li>Signature de l&rsquo;offre de pr\u00eat avec d\u00e9lai de r\u00e9flexion<\/li>\n\n\n\n<li>Mise en place du nouveau financement et remboursement des anciens cr\u00e9dits<\/li>\n<\/ol>\n\n\n\n<h3 class=\"wp-block-heading\"><span class=\"ez-toc-section\" id=\"Role_et_importance_du_courtier_specialise\"><\/span>R\u00f4le et importance du courtier sp\u00e9cialis\u00e9<span class=\"ez-toc-section-end\"><\/span><\/h3>\n\n\n\n<p>Le recours \u00e0 un courtier sp\u00e9cialis\u00e9 dans les rachats de cr\u00e9dit pour personnes en situation de handicap pr\u00e9sente plusieurs avantages d\u00e9terminants :<\/p>\n\n\n\n<ul class=\"wp-block-list\">\n<li>Connaissance approfondie des \u00e9tablissements financiers acceptant ces profils sp\u00e9cifiques<\/li>\n\n\n\n<li>Expertise dans la pr\u00e9sentation optimale du dossier (mise en valeur des revenus stables)<\/li>\n\n\n\n<li>Acc\u00e8s \u00e0 des assureurs sp\u00e9cialis\u00e9s dans les <strong>risques aggrav\u00e9s de sant\u00e9<\/strong><\/li>\n\n\n\n<li>Accompagnement dans les d\u00e9marches administratives complexes<\/li>\n\n\n\n<li>N\u00e9gociation des conditions optimales adapt\u00e9es \u00e0 la situation particuli\u00e8re<\/li>\n<\/ul>\n\n\n\n<h2 class=\"wp-block-heading\"><span class=\"ez-toc-section\" id=\"Situations_particulieres_et_solutions_specifiques\"><\/span>Situations particuli\u00e8res et solutions sp\u00e9cifiques<span class=\"ez-toc-section-end\"><\/span><\/h2>\n\n\n\n<h3 class=\"wp-block-heading\"><span class=\"ez-toc-section\" id=\"Rachat_de_credit_avec_AAH_comme_principale_ressource\"><\/span>Rachat de cr\u00e9dit avec AAH comme principale ressource<span class=\"ez-toc-section-end\"><\/span><\/h3>\n\n\n\n<p>L&rsquo;Allocation aux Adultes Handicap\u00e9s (AAH) pr\u00e9sente des sp\u00e9cificit\u00e9s dans le cadre d&rsquo;un rachat de cr\u00e9dit :<\/p>\n\n\n\n<ul class=\"wp-block-list\">\n<li>Consid\u00e9r\u00e9e comme un revenu stable mais parfois insuffisante seule<\/li>\n\n\n\n<li>Caract\u00e8re insaisissable limitant les garanties pour l&rsquo;organisme pr\u00eateur<\/li>\n\n\n\n<li>Possibilit\u00e9 de rachat de cr\u00e9dit sous conditions sp\u00e9cifiques (co-emprunteur, garantie immobili\u00e8re)<\/li>\n\n\n\n<li>N\u00e9cessit\u00e9 d&rsquo;un accompagnement par un courtier sp\u00e9cialis\u00e9<\/li>\n<\/ul>\n\n\n\n<h3 class=\"wp-block-heading\"><span class=\"ez-toc-section\" id=\"Options_pour_les_differentes_categories_dinvalidite\"><\/span>Options pour les diff\u00e9rentes cat\u00e9gories d&rsquo;invalidit\u00e9<span class=\"ez-toc-section-end\"><\/span><\/h3>\n\n\n\n<p>Les solutions varient selon la cat\u00e9gorie d&rsquo;invalidit\u00e9 :<\/p>\n\n\n\n<ul class=\"wp-block-list\">\n<li><strong>1\u00e8re cat\u00e9gorie<\/strong> : rachat de cr\u00e9dit classique avec prise en compte des revenus professionnels et de la pension<\/li>\n\n\n\n<li><strong>2\u00e8me cat\u00e9gorie<\/strong> : analyse approfondie de la pension comme revenu principal, garanties compl\u00e9mentaires souvent n\u00e9cessaires<\/li>\n\n\n\n<li><strong>3\u00e8me cat\u00e9gorie<\/strong> : montage financier sp\u00e9cifique, souvent avec co-emprunteur ou garantie renforc\u00e9e<\/li>\n<\/ul>\n\n\n\n<h3 class=\"wp-block-heading\"><span class=\"ez-toc-section\" id=\"Solutions_pour_les_travailleurs_en_ESAT_ou_en_milieu_protege\"><\/span>Solutions pour les travailleurs en ESAT ou en milieu prot\u00e9g\u00e9<span class=\"ez-toc-section-end\"><\/span><\/h3>\n\n\n\n<p>Les travailleurs en ESAT (\u00c9tablissement et Service d&rsquo;Aide par le Travail) ou en milieu prot\u00e9g\u00e9 b\u00e9n\u00e9ficient de solutions adapt\u00e9es :<\/p>\n\n\n\n<ul class=\"wp-block-list\">\n<li>Prise en compte de la stabilit\u00e9 de leur emploi en milieu prot\u00e9g\u00e9<\/li>\n\n\n\n<li>Combinaison des revenus d&rsquo;activit\u00e9 et des compl\u00e9ments d&rsquo;AAH<\/li>\n\n\n\n<li>Montages financiers sp\u00e9cifiques avec organismes partenaires des ESAT<\/li>\n\n\n\n<li>Accompagnement social compl\u00e9mentaire dans certaines structures<\/li>\n<\/ul>\n\n\n\n<h2 class=\"wp-block-heading\"><span class=\"ez-toc-section\" id=\"Optimisation_du_budget_apres_rachat_de_credit\"><\/span>Optimisation du budget apr\u00e8s rachat de cr\u00e9dit<span class=\"ez-toc-section-end\"><\/span><\/h2>\n\n\n\n<h3 class=\"wp-block-heading\"><span class=\"ez-toc-section\" id=\"Gestion_adaptee_des_nouvelles_mensualites\"><\/span>Gestion adapt\u00e9e des nouvelles mensualit\u00e9s<span class=\"ez-toc-section-end\"><\/span><\/h3>\n\n\n\n<p>Apr\u00e8s un rachat de cr\u00e9dit, une gestion optimis\u00e9e des nouvelles mensualit\u00e9s est essentielle :<\/p>\n\n\n\n<ul class=\"wp-block-list\">\n<li>Mise en place d&rsquo;un suivi budg\u00e9taire adapt\u00e9 aux sp\u00e9cificit\u00e9s des revenus<\/li>\n\n\n\n<li>Anticipation des variations possibles des aides et allocations<\/li>\n\n\n\n<li>Constitution progressive d&rsquo;une \u00e9pargne de pr\u00e9caution<\/li>\n\n\n\n<li>Programmation des \u00e9ch\u00e9ances en fonction des dates de versement des diff\u00e9rentes ressources<\/li>\n<\/ul>\n\n\n\n<h3 class=\"wp-block-heading\"><span class=\"ez-toc-section\" id=\"Anticipation_des_besoins_lies_au_handicap\"><\/span>Anticipation des besoins li\u00e9s au handicap<span class=\"ez-toc-section-end\"><\/span><\/h3>\n\n\n\n<p>La planification financi\u00e8re doit int\u00e9grer les besoins futurs li\u00e9s au handicap :<\/p>\n\n\n\n<ul class=\"wp-block-list\">\n<li>Provision pour le renouvellement des <strong>\u00e9quipements sp\u00e9cifiques<\/strong><\/li>\n\n\n\n<li>Anticipation des adaptations n\u00e9cessaires du logement ou du v\u00e9hicule<\/li>\n\n\n\n<li>Prise en compte de l&rsquo;\u00e9volution possible du handicap et de ses implications financi\u00e8res<\/li>\n\n\n\n<li>Int\u00e9gration des co\u00fbts non couverts par les aides publiques<\/li>\n<\/ul>\n\n\n\n<h3 class=\"wp-block-heading\"><span class=\"ez-toc-section\" id=\"Accompagnement_social_et_financier_disponible\"><\/span>Accompagnement social et financier disponible<span class=\"ez-toc-section-end\"><\/span><\/h3>\n\n\n\n<p>Plusieurs dispositifs d&rsquo;accompagnement peuvent \u00eatre mobilis\u00e9s apr\u00e8s un rachat de cr\u00e9dit :<\/p>\n\n\n\n<ul class=\"wp-block-list\">\n<li>Suivi budg\u00e9taire propos\u00e9 par certaines associations sp\u00e9cialis\u00e9es<\/li>\n\n\n\n<li>Points conseil budget pour une gestion adapt\u00e9e aux sp\u00e9cificit\u00e9s du handicap<\/li>\n\n\n\n<li>Accompagnement par les services sociaux de la MDPH ou des organismes sp\u00e9cialis\u00e9s<\/li>\n\n\n\n<li>Soutien des services d&rsquo;accompagnement \u00e0 la vie sociale (SAVS)<\/li>\n<\/ul>\n\n\n\n<h2 class=\"wp-block-heading\"><span class=\"ez-toc-section\" id=\"Temoignages_et_cas_pratiques\"><\/span>T\u00e9moignages et cas pratiques<span class=\"ez-toc-section-end\"><\/span><\/h2>\n\n\n\n<h3 class=\"wp-block-heading\"><span class=\"ez-toc-section\" id=\"Exemples_de_dossiers_acceptes_et_refuses\"><\/span>Exemples de dossiers accept\u00e9s et refus\u00e9s<span class=\"ez-toc-section-end\"><\/span><\/h3>\n\n\n\n<p>L&rsquo;analyse de situations r\u00e9elles permet de mieux comprendre les facteurs d\u00e9terminants :<\/p>\n\n\n\n<figure class=\"wp-block-table\"><table class=\"has-fixed-layout\"><thead><tr><th>Situation<\/th><th>R\u00e9sultat<\/th><th>Facteurs d\u00e9terminants<\/th><\/tr><\/thead><tbody><tr><td>Travailleur RQTH \u00e0 temps partiel<\/td><td>Accept\u00e9<\/td><td>Stabilit\u00e9 de l&#8217;emploi, taux d&rsquo;endettement raisonnable<\/td><\/tr><tr><td>B\u00e9n\u00e9ficiaire AAH propri\u00e9taire<\/td><td>Accept\u00e9<\/td><td>Garantie hypoth\u00e9caire, reste \u00e0 vivre suffisant<\/td><\/tr><tr><td>Invalidit\u00e9 2\u00e8me cat\u00e9gorie avec co-emprunteur<\/td><td>Accept\u00e9<\/td><td>Solidit\u00e9 financi\u00e8re du co-emprunteur, pension stable<\/td><\/tr><tr><td>Taux d&rsquo;endettement excessif<\/td><td>Refus\u00e9<\/td><td>Capacit\u00e9 de remboursement insuffisante malgr\u00e9 revenus stables<\/td><\/tr><\/tbody><\/table><\/figure>\n\n\n\n<h3 class=\"wp-block-heading\"><span class=\"ez-toc-section\" id=\"Facteurs_cles_de_succes_identifies\"><\/span>Facteurs cl\u00e9s de succ\u00e8s identifi\u00e9s<span class=\"ez-toc-section-end\"><\/span><\/h3>\n\n\n\n<p>Plusieurs \u00e9l\u00e9ments apparaissent d\u00e9terminants pour la r\u00e9ussite d&rsquo;un rachat de cr\u00e9dit :<\/p>\n\n\n\n<ul class=\"wp-block-list\">\n<li>Pr\u00e9paration minutieuse du dossier avec tous les justificatifs pertinents<\/li>\n\n\n\n<li>Choix d&rsquo;un courtier sp\u00e9cialis\u00e9 connaissant les organismes adapt\u00e9s<\/li>\n\n\n\n<li>Anticipation de la question de l&rsquo;assurance emprunteur<\/li>\n\n\n\n<li>Mise en valeur de la <strong>stabilit\u00e9 des revenus<\/strong>, m\u00eame non salariaux<\/li>\n\n\n\n<li>Mobilisation de garanties compl\u00e9mentaires si n\u00e9cessaire<\/li>\n<\/ul>\n\n\n\n<h3 class=\"wp-block-heading\"><span class=\"ez-toc-section\" id=\"Analyse_des_meilleures_pratiques\"><\/span>Analyse des meilleures pratiques<span class=\"ez-toc-section-end\"><\/span><\/h3>\n\n\n\n<p>L&rsquo;exp\u00e9rience montre que certaines approches sont particuli\u00e8rement efficaces :<\/p>\n\n\n\n<ul class=\"wp-block-list\">\n<li>Commencer par une \u00e9valuation pr\u00e9cise de la situation financi\u00e8re globale<\/li>\n\n\n\n<li>Contacter un courtier sp\u00e9cialis\u00e9 avant toute d\u00e9marche directe aupr\u00e8s des banques<\/li>\n\n\n\n<li>Pr\u00e9voir un plan B en cas de difficult\u00e9 avec l&rsquo;assurance emprunteur<\/li>\n\n\n\n<li>Associer le rachat de cr\u00e9dit \u00e0 une r\u00e9flexion globale sur l&rsquo;adaptation du logement<\/li>\n\n\n\n<li>Int\u00e9grer les dispositifs d&rsquo;aide sp\u00e9cifiques dans le montage financier<\/li>\n<\/ul>\n\n\n\n<h2 class=\"wp-block-heading\"><span class=\"ez-toc-section\" id=\"Evolutions_legislatives_et_perspectives\"><\/span>\u00c9volutions l\u00e9gislatives et perspectives<span class=\"ez-toc-section-end\"><\/span><\/h2>\n\n\n\n<h3 class=\"wp-block-heading\"><span class=\"ez-toc-section\" id=\"Impact_des_recentes_modifications_reglementaires\"><\/span>Impact des r\u00e9centes modifications r\u00e9glementaires<span class=\"ez-toc-section-end\"><\/span><\/h3>\n\n\n\n<p>Plusieurs \u00e9volutions l\u00e9gislatives r\u00e9centes influencent les rachats de cr\u00e9dit pour travailleurs handicap\u00e9s :<\/p>\n\n\n\n<ul class=\"wp-block-list\">\n<li><strong>Loi Lemoine<\/strong> supprimant le questionnaire m\u00e9dical pour certains pr\u00eats<\/li>\n\n\n\n<li>Renforcement des garanties de la convention AERAS<\/li>\n\n\n\n<li>Modifications des conditions d&rsquo;attribution de l&rsquo;AAH et de son calcul<\/li>\n\n\n\n<li>\u00c9volutions de la prise en compte du handicap dans les crit\u00e8res d&rsquo;\u00e9valuation bancaire<\/li>\n<\/ul>\n\n\n\n<h3 class=\"wp-block-heading\"><span class=\"ez-toc-section\" id=\"Tendances_actuelles_du_marche_financier\"><\/span>Tendances actuelles du march\u00e9 financier<span class=\"ez-toc-section-end\"><\/span><\/h3>\n\n\n\n<p>Le march\u00e9 du rachat de cr\u00e9dit pour travailleurs handicap\u00e9s conna\u00eet plusieurs tendances :<\/p>\n\n\n\n<ul class=\"wp-block-list\">\n<li>D\u00e9veloppement d&rsquo;offres sp\u00e9cifiques par certains \u00e9tablissements sp\u00e9cialis\u00e9s<\/li>\n\n\n\n<li>Am\u00e9lioration des conditions d&rsquo;assurance pour les risques aggrav\u00e9s<\/li>\n\n\n\n<li>Digitalisation croissante des d\u00e9marches, avec accessibilit\u00e9 variable<\/li>\n\n\n\n<li>Apparition d&rsquo;acteurs sp\u00e9cialis\u00e9s dans l&rsquo;accompagnement financier des personnes handicap\u00e9es<\/li>\n<\/ul>\n\n\n\n<h3 class=\"wp-block-heading\"><span class=\"ez-toc-section\" id=\"Recommandations_pour_une_demande_optimale\"><\/span>Recommandations pour une demande optimale<span class=\"ez-toc-section-end\"><\/span><\/h3>\n\n\n\n<p>Pour maximiser les chances d&rsquo;obtenir un rachat de cr\u00e9dit dans des conditions favorables :<\/p>\n\n\n\n<ul class=\"wp-block-list\">\n<li>Anticiper la d\u00e9marche avant d&rsquo;atteindre une situation financi\u00e8re critique<\/li>\n\n\n\n<li>Constituer un dossier complet mettant en valeur la <strong>stabilit\u00e9 des ressources<\/strong><\/li>\n\n\n\n<li>Solliciter l&rsquo;expertise d&rsquo;un courtier sp\u00e9cialis\u00e9 dans les situations de handicap<\/li>\n\n\n\n<li>Explorer toutes les aides financi\u00e8res compl\u00e9mentaires disponibles<\/li>\n\n\n\n<li>Privil\u00e9gier les organismes financiers conventionn\u00e9s AERAS<\/li>\n<\/ul>\n\n\n\n<h2 class=\"wp-block-heading\"><span class=\"ez-toc-section\" id=\"Trouver_la_solution_adaptee_a_sa_situation\"><\/span>Trouver la solution adapt\u00e9e \u00e0 sa situation<span class=\"ez-toc-section-end\"><\/span><\/h2>\n\n\n\n<h3 class=\"wp-block-heading\"><span class=\"ez-toc-section\" id=\"Synthese_des_options_disponibles\"><\/span>Synth\u00e8se des options disponibles<span class=\"ez-toc-section-end\"><\/span><\/h3>\n\n\n\n<p>Le rachat de cr\u00e9dit pour travailleur handicap\u00e9 offre diverses solutions adaptables selon :<\/p>\n\n\n\n<ul class=\"wp-block-list\">\n<li>Le type et le degr\u00e9 de handicap ou d&rsquo;invalidit\u00e9<\/li>\n\n\n\n<li>La nature et le montant des revenus (salaire, AAH, pension)<\/li>\n\n\n\n<li>La situation patrimoniale (propri\u00e9taire ou locataire)<\/li>\n\n\n\n<li>Les garanties mobilisables (hypoth\u00e8que, caution, co-emprunteur)<\/li>\n\n\n\n<li>Les projets associ\u00e9s au rachat (am\u00e9nagements, tr\u00e9sorerie compl\u00e9mentaire)<\/li>\n<\/ul>\n\n\n\n<h3 class=\"wp-block-heading\"><span class=\"ez-toc-section\" id=\"Importance_dun_accompagnement_personnalise\"><\/span>Importance d&rsquo;un accompagnement personnalis\u00e9<span class=\"ez-toc-section-end\"><\/span><\/h3>\n\n\n\n<p>Un accompagnement sur mesure constitue un facteur d\u00e9terminant de succ\u00e8s :<\/p>\n\n\n\n<ul class=\"wp-block-list\">\n<li>Analyse pr\u00e9cise des besoins sp\u00e9cifiques li\u00e9s au handicap<\/li>\n\n\n\n<li>\u00c9valuation de l&rsquo;impact financier \u00e0 long terme du rachat de cr\u00e9dit<\/li>\n\n\n\n<li>Recherche des solutions les plus adapt\u00e9es parmi les organismes sp\u00e9cialis\u00e9s<\/li>\n\n\n\n<li>Optimisation de l&rsquo;assurance emprunteur en fonction de la situation m\u00e9dicale<\/li>\n\n\n\n<li>Coordination des diff\u00e9rentes aides et dispositifs mobilisables<\/li>\n<\/ul>\n\n\n\n<h3 class=\"wp-block-heading\"><span class=\"ez-toc-section\" id=\"Vers_une_gestion_financiere_sereine_et_adaptee\"><\/span>Vers une gestion financi\u00e8re sereine et adapt\u00e9e<span class=\"ez-toc-section-end\"><\/span><\/h3>\n\n\n\n<p>Le rachat de cr\u00e9dit offre au travailleur handicap\u00e9 :<\/p>\n\n\n\n<ul class=\"wp-block-list\">\n<li>Un all\u00e8gement des contraintes financi\u00e8res mensuelles<\/li>\n\n\n\n<li>Une meilleure visibilit\u00e9 sur son budget \u00e0 moyen et long terme<\/li>\n\n\n\n<li>Une adaptation des charges financi\u00e8res \u00e0 sa situation particuli\u00e8re<\/li>\n\n\n\n<li>Une int\u00e9gration harmonieuse des besoins sp\u00e9cifiques li\u00e9s au handicap<\/li>\n\n\n\n<li>Une tranquillit\u00e9 d&rsquo;esprit permettant de se concentrer sur d&rsquo;autres aspects de la vie<\/li>\n<\/ul>\n\n\n\n<p><\/p>\n\n\n<div class=\"kk-star-ratings kksr-auto kksr-align-center kksr-valign-bottom\"\n    data-payload='{&quot;align&quot;:&quot;center&quot;,&quot;id&quot;:&quot;271&quot;,&quot;slug&quot;:&quot;default&quot;,&quot;valign&quot;:&quot;bottom&quot;,&quot;ignore&quot;:&quot;&quot;,&quot;reference&quot;:&quot;auto&quot;,&quot;class&quot;:&quot;&quot;,&quot;count&quot;:&quot;0&quot;,&quot;legendonly&quot;:&quot;&quot;,&quot;readonly&quot;:&quot;&quot;,&quot;score&quot;:&quot;0&quot;,&quot;starsonly&quot;:&quot;&quot;,&quot;best&quot;:&quot;5&quot;,&quot;gap&quot;:&quot;5&quot;,&quot;greet&quot;:&quot;&quot;,&quot;legend&quot;:&quot;0\\\/5 - (0 vote)&quot;,&quot;size&quot;:&quot;24&quot;,&quot;title&quot;:&quot;Rachat de cr\u00e9dit pour travailleur handicap\u00e9&quot;,&quot;width&quot;:&quot;0&quot;,&quot;_legend&quot;:&quot;{score}\\\/{best} - ({count} {votes})&quot;,&quot;font_factor&quot;:&quot;1.25&quot;}'>\n            \n<div class=\"kksr-stars\">\n    \n<div class=\"kksr-stars-inactive\">\n            <div class=\"kksr-star\" data-star=\"1\" style=\"padding-right: 5px\">\n            \n\n<div class=\"kksr-icon\" style=\"width: 24px; height: 24px;\"><\/div>\n        <\/div>\n            <div class=\"kksr-star\" data-star=\"2\" style=\"padding-right: 5px\">\n            \n\n<div class=\"kksr-icon\" style=\"width: 24px; height: 24px;\"><\/div>\n        <\/div>\n            <div class=\"kksr-star\" data-star=\"3\" style=\"padding-right: 5px\">\n            \n\n<div class=\"kksr-icon\" style=\"width: 24px; height: 24px;\"><\/div>\n        <\/div>\n            <div class=\"kksr-star\" data-star=\"4\" style=\"padding-right: 5px\">\n            \n\n<div class=\"kksr-icon\" style=\"width: 24px; height: 24px;\"><\/div>\n        <\/div>\n            <div class=\"kksr-star\" data-star=\"5\" style=\"padding-right: 5px\">\n            \n\n<div class=\"kksr-icon\" style=\"width: 24px; height: 24px;\"><\/div>\n        <\/div>\n    <\/div>\n    \n<div class=\"kksr-stars-active\" style=\"width: 0px;\">\n            <div class=\"kksr-star\" style=\"padding-right: 5px\">\n            \n\n<div class=\"kksr-icon\" style=\"width: 24px; height: 24px;\"><\/div>\n        <\/div>\n            <div class=\"kksr-star\" style=\"padding-right: 5px\">\n            \n\n<div class=\"kksr-icon\" style=\"width: 24px; height: 24px;\"><\/div>\n        <\/div>\n            <div class=\"kksr-star\" style=\"padding-right: 5px\">\n            \n\n<div class=\"kksr-icon\" style=\"width: 24px; height: 24px;\"><\/div>\n        <\/div>\n            <div class=\"kksr-star\" style=\"padding-right: 5px\">\n            \n\n<div class=\"kksr-icon\" style=\"width: 24px; height: 24px;\"><\/div>\n        <\/div>\n            <div class=\"kksr-star\" style=\"padding-right: 5px\">\n            \n\n<div class=\"kksr-icon\" style=\"width: 24px; height: 24px;\"><\/div>\n        <\/div>\n    <\/div>\n<\/div>\n                \n\n<div class=\"kksr-legend\" style=\"font-size: 19.2px;\">\n            <span class=\"kksr-muted\"><\/span>\n    <\/div>\n    <\/div>\n","protected":false},"excerpt":{"rendered":"<p>Comprendre le rachat de cr\u00e9dit pour travailleur handicap\u00e9 D\u00e9finition et principe du rachat de cr\u00e9dit adapt\u00e9 Le rachat de cr\u00e9dit pour travailleur handicap\u00e9 constitue une solution financi\u00e8re sp\u00e9cifiquement con\u00e7ue pour les personnes en situation de handicap souhaitant r\u00e9organiser leurs finances. Cette op\u00e9ration regroupe plusieurs cr\u00e9dits en cours (consommation, immobilier) en un seul pr\u00eat, avec une &#8230; <a title=\"Rachat de cr\u00e9dit pour travailleur handicap\u00e9\" class=\"read-more\" href=\"https:\/\/rachat2credit.fr\/guide\/rachat-credit-travailleur-handicape\/\" aria-label=\"En savoir plus sur Rachat de cr\u00e9dit pour travailleur handicap\u00e9\">Lire plus<\/a><\/p>\n","protected":false},"author":1,"featured_media":272,"comment_status":"open","ping_status":"open","sticky":false,"template":"","format":"standard","meta":{"footnotes":""},"categories":[3],"tags":[],"class_list":["post-271","post","type-post","status-publish","format-standard","has-post-thumbnail","hentry","category-rachat-de-credit"],"yoast_head":"<!-- This site is optimized with the Yoast SEO plugin v27.5 - https:\/\/yoast.com\/product\/yoast-seo-wordpress\/ -->\n<title>Rachat de cr\u00e9dit pour travailleur handicap\u00e9 - Rachat de Cr\u00e9dit<\/title>\n<meta name=\"description\" content=\"Rachat de cr\u00e9dit adapt\u00e9 pour travailleurs handicap\u00e9s : solutions financi\u00e8res sur mesure, r\u00e9duction des mensualit\u00e9s, aides sp\u00e9cifiques et accompagnement personnalis\u00e9. RQTH, AAH, invalidit\u00e9.\" \/>\n<meta name=\"robots\" content=\"index, follow, max-snippet:-1, max-image-preview:large, max-video-preview:-1\" \/>\n<link rel=\"canonical\" href=\"https:\/\/rachat2credit.fr\/guide\/rachat-credit-travailleur-handicape\/\" \/>\n<meta property=\"og:locale\" content=\"fr_FR\" \/>\n<meta property=\"og:type\" content=\"article\" \/>\n<meta property=\"og:title\" content=\"Rachat de cr\u00e9dit pour travailleur handicap\u00e9 - Rachat de Cr\u00e9dit\" \/>\n<meta property=\"og:description\" content=\"Rachat de cr\u00e9dit adapt\u00e9 pour travailleurs handicap\u00e9s : solutions financi\u00e8res sur mesure, r\u00e9duction des mensualit\u00e9s, aides sp\u00e9cifiques et accompagnement personnalis\u00e9. RQTH, AAH, invalidit\u00e9.\" \/>\n<meta property=\"og:url\" content=\"https:\/\/rachat2credit.fr\/guide\/rachat-credit-travailleur-handicape\/\" \/>\n<meta property=\"og:site_name\" content=\"Rachat de Cr\u00e9dit\" \/>\n<meta property=\"article:published_time\" content=\"2025-06-17T13:36:22+00:00\" \/>\n<meta property=\"og:image\" content=\"https:\/\/rachat2credit.fr\/guide\/wp-content\/uploads\/2025\/05\/Rachat-de-credit-travailleur-handicape.png\" \/>\n\t<meta property=\"og:image:width\" content=\"1024\" \/>\n\t<meta property=\"og:image:height\" content=\"1024\" \/>\n\t<meta property=\"og:image:type\" content=\"image\/png\" \/>\n<meta name=\"author\" content=\"Aurelien Boulanger\" \/>\n<meta name=\"twitter:card\" content=\"summary_large_image\" \/>\n<meta name=\"twitter:label1\" content=\"\u00c9crit par\" \/>\n\t<meta name=\"twitter:data1\" content=\"Aurelien Boulanger\" \/>\n\t<meta name=\"twitter:label2\" content=\"Dur\u00e9e de lecture estim\u00e9e\" \/>\n\t<meta name=\"twitter:data2\" content=\"11 minutes\" \/>\n<script type=\"application\/ld+json\" class=\"yoast-schema-graph\">{\"@context\":\"https:\\\/\\\/schema.org\",\"@graph\":[{\"@type\":\"NewsArticle\",\"@id\":\"https:\\\/\\\/rachat2credit.fr\\\/guide\\\/rachat-credit-travailleur-handicape\\\/#article\",\"isPartOf\":{\"@id\":\"https:\\\/\\\/rachat2credit.fr\\\/guide\\\/rachat-credit-travailleur-handicape\\\/\"},\"author\":{\"name\":\"Aurelien Boulanger\",\"@id\":\"https:\\\/\\\/rachat2credit.fr\\\/guide\\\/#\\\/schema\\\/person\\\/d4142086d07bc6acdc4722eabd955cc2\"},\"headline\":\"Rachat de cr\u00e9dit pour travailleur handicap\u00e9\",\"datePublished\":\"2025-06-17T13:36:22+00:00\",\"mainEntityOfPage\":{\"@id\":\"https:\\\/\\\/rachat2credit.fr\\\/guide\\\/rachat-credit-travailleur-handicape\\\/\"},\"wordCount\":2349,\"commentCount\":0,\"publisher\":{\"@id\":\"https:\\\/\\\/rachat2credit.fr\\\/guide\\\/#organization\"},\"image\":{\"@id\":\"https:\\\/\\\/rachat2credit.fr\\\/guide\\\/rachat-credit-travailleur-handicape\\\/#primaryimage\"},\"thumbnailUrl\":\"https:\\\/\\\/rachat2credit.fr\\\/guide\\\/wp-content\\\/uploads\\\/2025\\\/05\\\/Rachat-de-credit-travailleur-handicape.png\",\"articleSection\":[\"Rachat de cr\u00e9dit\"],\"inLanguage\":\"fr-FR\",\"potentialAction\":[{\"@type\":\"CommentAction\",\"name\":\"Comment\",\"target\":[\"https:\\\/\\\/rachat2credit.fr\\\/guide\\\/rachat-credit-travailleur-handicape\\\/#respond\"]}]},{\"@type\":\"WebPage\",\"@id\":\"https:\\\/\\\/rachat2credit.fr\\\/guide\\\/rachat-credit-travailleur-handicape\\\/\",\"url\":\"https:\\\/\\\/rachat2credit.fr\\\/guide\\\/rachat-credit-travailleur-handicape\\\/\",\"name\":\"Rachat de cr\u00e9dit pour travailleur handicap\u00e9 - Rachat de Cr\u00e9dit\",\"isPartOf\":{\"@id\":\"https:\\\/\\\/rachat2credit.fr\\\/guide\\\/#website\"},\"primaryImageOfPage\":{\"@id\":\"https:\\\/\\\/rachat2credit.fr\\\/guide\\\/rachat-credit-travailleur-handicape\\\/#primaryimage\"},\"image\":{\"@id\":\"https:\\\/\\\/rachat2credit.fr\\\/guide\\\/rachat-credit-travailleur-handicape\\\/#primaryimage\"},\"thumbnailUrl\":\"https:\\\/\\\/rachat2credit.fr\\\/guide\\\/wp-content\\\/uploads\\\/2025\\\/05\\\/Rachat-de-credit-travailleur-handicape.png\",\"datePublished\":\"2025-06-17T13:36:22+00:00\",\"description\":\"Rachat de cr\u00e9dit adapt\u00e9 pour travailleurs handicap\u00e9s : solutions financi\u00e8res sur mesure, r\u00e9duction des mensualit\u00e9s, aides sp\u00e9cifiques et accompagnement personnalis\u00e9. RQTH, AAH, invalidit\u00e9.\",\"breadcrumb\":{\"@id\":\"https:\\\/\\\/rachat2credit.fr\\\/guide\\\/rachat-credit-travailleur-handicape\\\/#breadcrumb\"},\"inLanguage\":\"fr-FR\",\"potentialAction\":[{\"@type\":\"ReadAction\",\"target\":[\"https:\\\/\\\/rachat2credit.fr\\\/guide\\\/rachat-credit-travailleur-handicape\\\/\"]}]},{\"@type\":\"ImageObject\",\"inLanguage\":\"fr-FR\",\"@id\":\"https:\\\/\\\/rachat2credit.fr\\\/guide\\\/rachat-credit-travailleur-handicape\\\/#primaryimage\",\"url\":\"https:\\\/\\\/rachat2credit.fr\\\/guide\\\/wp-content\\\/uploads\\\/2025\\\/05\\\/Rachat-de-credit-travailleur-handicape.png\",\"contentUrl\":\"https:\\\/\\\/rachat2credit.fr\\\/guide\\\/wp-content\\\/uploads\\\/2025\\\/05\\\/Rachat-de-credit-travailleur-handicape.png\",\"width\":1024,\"height\":1024,\"caption\":\"Rachat de cr\u00e9dit pour travailleur handicap\u00e9\"},{\"@type\":\"BreadcrumbList\",\"@id\":\"https:\\\/\\\/rachat2credit.fr\\\/guide\\\/rachat-credit-travailleur-handicape\\\/#breadcrumb\",\"itemListElement\":[{\"@type\":\"ListItem\",\"position\":1,\"name\":\"Accueil\",\"item\":\"https:\\\/\\\/rachat2credit.fr\\\/guide\\\/\"},{\"@type\":\"ListItem\",\"position\":2,\"name\":\"Rachat de cr\u00e9dit pour travailleur handicap\u00e9\"}]},{\"@type\":\"WebSite\",\"@id\":\"https:\\\/\\\/rachat2credit.fr\\\/guide\\\/#website\",\"url\":\"https:\\\/\\\/rachat2credit.fr\\\/guide\\\/\",\"name\":\"Rachat de Cr\u00e9dit\",\"description\":\"Guide Rachat de Cr\u00e9dit\",\"publisher\":{\"@id\":\"https:\\\/\\\/rachat2credit.fr\\\/guide\\\/#organization\"},\"potentialAction\":[{\"@type\":\"SearchAction\",\"target\":{\"@type\":\"EntryPoint\",\"urlTemplate\":\"https:\\\/\\\/rachat2credit.fr\\\/guide\\\/?s={search_term_string}\"},\"query-input\":{\"@type\":\"PropertyValueSpecification\",\"valueRequired\":true,\"valueName\":\"search_term_string\"}}],\"inLanguage\":\"fr-FR\"},{\"@type\":\"Organization\",\"@id\":\"https:\\\/\\\/rachat2credit.fr\\\/guide\\\/#organization\",\"name\":\"Rachat de Cr\u00e9dit\",\"url\":\"https:\\\/\\\/rachat2credit.fr\\\/guide\\\/\",\"logo\":{\"@type\":\"ImageObject\",\"inLanguage\":\"fr-FR\",\"@id\":\"https:\\\/\\\/rachat2credit.fr\\\/guide\\\/#\\\/schema\\\/logo\\\/image\\\/\",\"url\":\"https:\\\/\\\/rachat2credit.fr\\\/guide\\\/wp-content\\\/uploads\\\/2025\\\/05\\\/rachat2credit.png\",\"contentUrl\":\"https:\\\/\\\/rachat2credit.fr\\\/guide\\\/wp-content\\\/uploads\\\/2025\\\/05\\\/rachat2credit.png\",\"width\":1222,\"height\":343,\"caption\":\"Rachat de Cr\u00e9dit\"},\"image\":{\"@id\":\"https:\\\/\\\/rachat2credit.fr\\\/guide\\\/#\\\/schema\\\/logo\\\/image\\\/\"}},{\"@type\":\"Person\",\"@id\":\"https:\\\/\\\/rachat2credit.fr\\\/guide\\\/#\\\/schema\\\/person\\\/d4142086d07bc6acdc4722eabd955cc2\",\"name\":\"Aurelien Boulanger\",\"image\":{\"@type\":\"ImageObject\",\"inLanguage\":\"fr-FR\",\"@id\":\"https:\\\/\\\/secure.gravatar.com\\\/avatar\\\/32175434c9ca2b27bfeb905d1c3ec782a789caf494bc0ec8fa6ed0ee39c2e62a?s=96&d=mm&r=g\",\"url\":\"https:\\\/\\\/secure.gravatar.com\\\/avatar\\\/32175434c9ca2b27bfeb905d1c3ec782a789caf494bc0ec8fa6ed0ee39c2e62a?s=96&d=mm&r=g\",\"contentUrl\":\"https:\\\/\\\/secure.gravatar.com\\\/avatar\\\/32175434c9ca2b27bfeb905d1c3ec782a789caf494bc0ec8fa6ed0ee39c2e62a?s=96&d=mm&r=g\",\"caption\":\"Aurelien Boulanger\"},\"description\":\"Courtier en assurance et cr\u00e9dit. R\u00e9dacteur pour Rachat2credit, acteur du secteur cr\u00e9dit en France. Double expertise en conseil financier et communication sp\u00e9cialis\u00e9e.\",\"sameAs\":[\"https:\\\/\\\/rachat2credit.fr\\\/guide\"],\"url\":\"https:\\\/\\\/rachat2credit.fr\\\/guide\\\/author\\\/aurelien\\\/\"}]}<\/script>\n<!-- \/ Yoast SEO plugin. -->","yoast_head_json":{"title":"Rachat de cr\u00e9dit pour travailleur handicap\u00e9 - Rachat de Cr\u00e9dit","description":"Rachat de cr\u00e9dit adapt\u00e9 pour travailleurs handicap\u00e9s : solutions financi\u00e8res sur mesure, r\u00e9duction des mensualit\u00e9s, aides sp\u00e9cifiques et accompagnement personnalis\u00e9. RQTH, AAH, invalidit\u00e9.","robots":{"index":"index","follow":"follow","max-snippet":"max-snippet:-1","max-image-preview":"max-image-preview:large","max-video-preview":"max-video-preview:-1"},"canonical":"https:\/\/rachat2credit.fr\/guide\/rachat-credit-travailleur-handicape\/","og_locale":"fr_FR","og_type":"article","og_title":"Rachat de cr\u00e9dit pour travailleur handicap\u00e9 - Rachat de Cr\u00e9dit","og_description":"Rachat de cr\u00e9dit adapt\u00e9 pour travailleurs handicap\u00e9s : solutions financi\u00e8res sur mesure, r\u00e9duction des mensualit\u00e9s, aides sp\u00e9cifiques et accompagnement personnalis\u00e9. RQTH, AAH, invalidit\u00e9.","og_url":"https:\/\/rachat2credit.fr\/guide\/rachat-credit-travailleur-handicape\/","og_site_name":"Rachat de Cr\u00e9dit","article_published_time":"2025-06-17T13:36:22+00:00","og_image":[{"width":1024,"height":1024,"url":"https:\/\/rachat2credit.fr\/guide\/wp-content\/uploads\/2025\/05\/Rachat-de-credit-travailleur-handicape.png","type":"image\/png"}],"author":"Aurelien Boulanger","twitter_card":"summary_large_image","twitter_misc":{"\u00c9crit par":"Aurelien Boulanger","Dur\u00e9e de lecture estim\u00e9e":"11 minutes"},"schema":{"@context":"https:\/\/schema.org","@graph":[{"@type":"NewsArticle","@id":"https:\/\/rachat2credit.fr\/guide\/rachat-credit-travailleur-handicape\/#article","isPartOf":{"@id":"https:\/\/rachat2credit.fr\/guide\/rachat-credit-travailleur-handicape\/"},"author":{"name":"Aurelien Boulanger","@id":"https:\/\/rachat2credit.fr\/guide\/#\/schema\/person\/d4142086d07bc6acdc4722eabd955cc2"},"headline":"Rachat de cr\u00e9dit pour travailleur handicap\u00e9","datePublished":"2025-06-17T13:36:22+00:00","mainEntityOfPage":{"@id":"https:\/\/rachat2credit.fr\/guide\/rachat-credit-travailleur-handicape\/"},"wordCount":2349,"commentCount":0,"publisher":{"@id":"https:\/\/rachat2credit.fr\/guide\/#organization"},"image":{"@id":"https:\/\/rachat2credit.fr\/guide\/rachat-credit-travailleur-handicape\/#primaryimage"},"thumbnailUrl":"https:\/\/rachat2credit.fr\/guide\/wp-content\/uploads\/2025\/05\/Rachat-de-credit-travailleur-handicape.png","articleSection":["Rachat de cr\u00e9dit"],"inLanguage":"fr-FR","potentialAction":[{"@type":"CommentAction","name":"Comment","target":["https:\/\/rachat2credit.fr\/guide\/rachat-credit-travailleur-handicape\/#respond"]}]},{"@type":"WebPage","@id":"https:\/\/rachat2credit.fr\/guide\/rachat-credit-travailleur-handicape\/","url":"https:\/\/rachat2credit.fr\/guide\/rachat-credit-travailleur-handicape\/","name":"Rachat de cr\u00e9dit pour travailleur handicap\u00e9 - Rachat de Cr\u00e9dit","isPartOf":{"@id":"https:\/\/rachat2credit.fr\/guide\/#website"},"primaryImageOfPage":{"@id":"https:\/\/rachat2credit.fr\/guide\/rachat-credit-travailleur-handicape\/#primaryimage"},"image":{"@id":"https:\/\/rachat2credit.fr\/guide\/rachat-credit-travailleur-handicape\/#primaryimage"},"thumbnailUrl":"https:\/\/rachat2credit.fr\/guide\/wp-content\/uploads\/2025\/05\/Rachat-de-credit-travailleur-handicape.png","datePublished":"2025-06-17T13:36:22+00:00","description":"Rachat de cr\u00e9dit adapt\u00e9 pour travailleurs handicap\u00e9s : solutions financi\u00e8res sur mesure, r\u00e9duction des mensualit\u00e9s, aides sp\u00e9cifiques et accompagnement personnalis\u00e9. RQTH, AAH, invalidit\u00e9.","breadcrumb":{"@id":"https:\/\/rachat2credit.fr\/guide\/rachat-credit-travailleur-handicape\/#breadcrumb"},"inLanguage":"fr-FR","potentialAction":[{"@type":"ReadAction","target":["https:\/\/rachat2credit.fr\/guide\/rachat-credit-travailleur-handicape\/"]}]},{"@type":"ImageObject","inLanguage":"fr-FR","@id":"https:\/\/rachat2credit.fr\/guide\/rachat-credit-travailleur-handicape\/#primaryimage","url":"https:\/\/rachat2credit.fr\/guide\/wp-content\/uploads\/2025\/05\/Rachat-de-credit-travailleur-handicape.png","contentUrl":"https:\/\/rachat2credit.fr\/guide\/wp-content\/uploads\/2025\/05\/Rachat-de-credit-travailleur-handicape.png","width":1024,"height":1024,"caption":"Rachat de cr\u00e9dit pour travailleur handicap\u00e9"},{"@type":"BreadcrumbList","@id":"https:\/\/rachat2credit.fr\/guide\/rachat-credit-travailleur-handicape\/#breadcrumb","itemListElement":[{"@type":"ListItem","position":1,"name":"Accueil","item":"https:\/\/rachat2credit.fr\/guide\/"},{"@type":"ListItem","position":2,"name":"Rachat de cr\u00e9dit pour travailleur handicap\u00e9"}]},{"@type":"WebSite","@id":"https:\/\/rachat2credit.fr\/guide\/#website","url":"https:\/\/rachat2credit.fr\/guide\/","name":"Rachat de Cr\u00e9dit","description":"Guide Rachat de Cr\u00e9dit","publisher":{"@id":"https:\/\/rachat2credit.fr\/guide\/#organization"},"potentialAction":[{"@type":"SearchAction","target":{"@type":"EntryPoint","urlTemplate":"https:\/\/rachat2credit.fr\/guide\/?s={search_term_string}"},"query-input":{"@type":"PropertyValueSpecification","valueRequired":true,"valueName":"search_term_string"}}],"inLanguage":"fr-FR"},{"@type":"Organization","@id":"https:\/\/rachat2credit.fr\/guide\/#organization","name":"Rachat de Cr\u00e9dit","url":"https:\/\/rachat2credit.fr\/guide\/","logo":{"@type":"ImageObject","inLanguage":"fr-FR","@id":"https:\/\/rachat2credit.fr\/guide\/#\/schema\/logo\/image\/","url":"https:\/\/rachat2credit.fr\/guide\/wp-content\/uploads\/2025\/05\/rachat2credit.png","contentUrl":"https:\/\/rachat2credit.fr\/guide\/wp-content\/uploads\/2025\/05\/rachat2credit.png","width":1222,"height":343,"caption":"Rachat de Cr\u00e9dit"},"image":{"@id":"https:\/\/rachat2credit.fr\/guide\/#\/schema\/logo\/image\/"}},{"@type":"Person","@id":"https:\/\/rachat2credit.fr\/guide\/#\/schema\/person\/d4142086d07bc6acdc4722eabd955cc2","name":"Aurelien Boulanger","image":{"@type":"ImageObject","inLanguage":"fr-FR","@id":"https:\/\/secure.gravatar.com\/avatar\/32175434c9ca2b27bfeb905d1c3ec782a789caf494bc0ec8fa6ed0ee39c2e62a?s=96&d=mm&r=g","url":"https:\/\/secure.gravatar.com\/avatar\/32175434c9ca2b27bfeb905d1c3ec782a789caf494bc0ec8fa6ed0ee39c2e62a?s=96&d=mm&r=g","contentUrl":"https:\/\/secure.gravatar.com\/avatar\/32175434c9ca2b27bfeb905d1c3ec782a789caf494bc0ec8fa6ed0ee39c2e62a?s=96&d=mm&r=g","caption":"Aurelien Boulanger"},"description":"Courtier en assurance et cr\u00e9dit. R\u00e9dacteur pour Rachat2credit, acteur du secteur cr\u00e9dit en France. Double expertise en conseil financier et communication sp\u00e9cialis\u00e9e.","sameAs":["https:\/\/rachat2credit.fr\/guide"],"url":"https:\/\/rachat2credit.fr\/guide\/author\/aurelien\/"}]}},"_links":{"self":[{"href":"https:\/\/rachat2credit.fr\/guide\/wp-json\/wp\/v2\/posts\/271","targetHints":{"allow":["GET"]}}],"collection":[{"href":"https:\/\/rachat2credit.fr\/guide\/wp-json\/wp\/v2\/posts"}],"about":[{"href":"https:\/\/rachat2credit.fr\/guide\/wp-json\/wp\/v2\/types\/post"}],"author":[{"embeddable":true,"href":"https:\/\/rachat2credit.fr\/guide\/wp-json\/wp\/v2\/users\/1"}],"replies":[{"embeddable":true,"href":"https:\/\/rachat2credit.fr\/guide\/wp-json\/wp\/v2\/comments?post=271"}],"version-history":[{"count":1,"href":"https:\/\/rachat2credit.fr\/guide\/wp-json\/wp\/v2\/posts\/271\/revisions"}],"predecessor-version":[{"id":273,"href":"https:\/\/rachat2credit.fr\/guide\/wp-json\/wp\/v2\/posts\/271\/revisions\/273"}],"wp:featuredmedia":[{"embeddable":true,"href":"https:\/\/rachat2credit.fr\/guide\/wp-json\/wp\/v2\/media\/272"}],"wp:attachment":[{"href":"https:\/\/rachat2credit.fr\/guide\/wp-json\/wp\/v2\/media?parent=271"}],"wp:term":[{"taxonomy":"category","embeddable":true,"href":"https:\/\/rachat2credit.fr\/guide\/wp-json\/wp\/v2\/categories?post=271"},{"taxonomy":"post_tag","embeddable":true,"href":"https:\/\/rachat2credit.fr\/guide\/wp-json\/wp\/v2\/tags?post=271"}],"curies":[{"name":"wp","href":"https:\/\/api.w.org\/{rel}","templated":true}]}}