{"id":37,"date":"2025-05-09T07:30:24","date_gmt":"2025-05-09T07:30:24","guid":{"rendered":"https:\/\/rachat2credit.fr\/guide\/?p=37"},"modified":"2025-05-13T13:32:56","modified_gmt":"2025-05-13T13:32:56","slug":"cfcal-avis","status":"publish","type":"post","link":"https:\/\/rachat2credit.fr\/guide\/cfcal-avis\/","title":{"rendered":"CFCAL Avis : Analyse Compl\u00e8te du Cr\u00e9dit Foncier d&rsquo;Alsace et de Lorraine"},"content":{"rendered":"\n<p>Le Cr\u00e9dit Foncier Communal d&rsquo;Alsace et de Lorraine (CFCAL) \u00e9volue dans le paysage financier fran\u00e7ais depuis 1872. Fond\u00e9 \u00e0 Strasbourg sur un mod\u00e8le inspir\u00e9 du Cr\u00e9dit Foncier de France, cet \u00e9tablissement s&rsquo;est sp\u00e9cialis\u00e9 dans le pr\u00eat hypoth\u00e9caire avant de d\u00e9velopper une expertise reconnue en mati\u00e8re de regroupement de cr\u00e9dits. Son int\u00e9gration au groupe Cr\u00e9dit Mutuel Ark\u00e9a en 2010 lui a conf\u00e9r\u00e9 une solidit\u00e9 financi\u00e8re renforc\u00e9e et un savoir-faire bancaire consolid\u00e9.<\/p>\n\n\n\n<div id=\"ez-toc-container\" class=\"ez-toc-v2_0_82_2 counter-hierarchy ez-toc-counter ez-toc-grey ez-toc-container-direction\">\n<p class=\"ez-toc-title\" style=\"cursor:inherit\">Sommaire<\/p>\n<label for=\"ez-toc-cssicon-toggle-item-69f5ee6cc3c33\" class=\"ez-toc-cssicon-toggle-label\"><span class=\"ez-toc-cssicon\"><span class=\"eztoc-hide\" style=\"display:none;\">Toggle<\/span><span class=\"ez-toc-icon-toggle-span\"><svg style=\"fill: #999;color:#999\" xmlns=\"http:\/\/www.w3.org\/2000\/svg\" class=\"list-377408\" width=\"20px\" height=\"20px\" viewBox=\"0 0 24 24\" fill=\"none\"><path d=\"M6 6H4v2h2V6zm14 0H8v2h12V6zM4 11h2v2H4v-2zm16 0H8v2h12v-2zM4 16h2v2H4v-2zm16 0H8v2h12v-2z\" fill=\"currentColor\"><\/path><\/svg><svg style=\"fill: #999;color:#999\" class=\"arrow-unsorted-368013\" xmlns=\"http:\/\/www.w3.org\/2000\/svg\" width=\"10px\" height=\"10px\" viewBox=\"0 0 24 24\" version=\"1.2\" baseProfile=\"tiny\"><path d=\"M18.2 9.3l-6.2-6.3-6.2 6.3c-.2.2-.3.4-.3.7s.1.5.3.7c.2.2.4.3.7.3h11c.3 0 .5-.1.7-.3.2-.2.3-.5.3-.7s-.1-.5-.3-.7zM5.8 14.7l6.2 6.3 6.2-6.3c.2-.2.3-.5.3-.7s-.1-.5-.3-.7c-.2-.2-.4-.3-.7-.3h-11c-.3 0-.5.1-.7.3-.2.2-.3.5-.3.7s.1.5.3.7z\"\/><\/svg><\/span><\/span><\/label><input type=\"checkbox\"  id=\"ez-toc-cssicon-toggle-item-69f5ee6cc3c33\" checked aria-label=\"Toggle\" \/><nav><ul class='ez-toc-list ez-toc-list-level-1 ' ><li class='ez-toc-page-1 ez-toc-heading-level-2'><a class=\"ez-toc-link ez-toc-heading-1\" href=\"https:\/\/rachat2credit.fr\/guide\/cfcal-avis\/#Points_cles_a_retenir\" >Points cl\u00e9s \u00e0 retenir<\/a><\/li><li class='ez-toc-page-1 ez-toc-heading-level-2'><a class=\"ez-toc-link ez-toc-heading-2\" href=\"https:\/\/rachat2credit.fr\/guide\/cfcal-avis\/#Positionnement_et_expertise_financiere_du_CFCAL\" >Positionnement et expertise financi\u00e8re du CFCAL<\/a><ul class='ez-toc-list-level-3' ><li class='ez-toc-heading-level-3'><a class=\"ez-toc-link ez-toc-heading-3\" href=\"https:\/\/rachat2credit.fr\/guide\/cfcal-avis\/#Domaines_de_specialisation\" >Domaines de sp\u00e9cialisation<\/a><\/li><li class='ez-toc-page-1 ez-toc-heading-level-3'><a class=\"ez-toc-link ez-toc-heading-4\" href=\"https:\/\/rachat2credit.fr\/guide\/cfcal-avis\/#Performance_et_implantation\" >Performance et implantation<\/a><\/li><\/ul><\/li><li class='ez-toc-page-1 ez-toc-heading-level-2'><a class=\"ez-toc-link ez-toc-heading-5\" href=\"https:\/\/rachat2credit.fr\/guide\/cfcal-avis\/#Solutions_de_regroupement_de_credits\" >Solutions de regroupement de cr\u00e9dits<\/a><ul class='ez-toc-list-level-3' ><li class='ez-toc-heading-level-3'><a class=\"ez-toc-link ez-toc-heading-6\" href=\"https:\/\/rachat2credit.fr\/guide\/cfcal-avis\/#Caracteristiques_des_offres\" >Caract\u00e9ristiques des offres<\/a><\/li><li class='ez-toc-page-1 ez-toc-heading-level-3'><a class=\"ez-toc-link ez-toc-heading-7\" href=\"https:\/\/rachat2credit.fr\/guide\/cfcal-avis\/#Avantages_strategiques\" >Avantages strat\u00e9giques<\/a><\/li><\/ul><\/li><li class='ez-toc-page-1 ez-toc-heading-level-2'><a class=\"ez-toc-link ez-toc-heading-8\" href=\"https:\/\/rachat2credit.fr\/guide\/cfcal-avis\/#Methodologie_devaluation_et_parcours_de_souscription\" >M\u00e9thodologie d&rsquo;\u00e9valuation et parcours de souscription<\/a><ul class='ez-toc-list-level-3' ><li class='ez-toc-heading-level-3'><a class=\"ez-toc-link ez-toc-heading-9\" href=\"https:\/\/rachat2credit.fr\/guide\/cfcal-avis\/#Analyse_des_dossiers\" >Analyse des dossiers<\/a><\/li><li class='ez-toc-page-1 ez-toc-heading-level-3'><a class=\"ez-toc-link ez-toc-heading-10\" href=\"https:\/\/rachat2credit.fr\/guide\/cfcal-avis\/#Experience_client\" >Exp\u00e9rience client<\/a><\/li><\/ul><\/li><li class='ez-toc-page-1 ez-toc-heading-level-2'><a class=\"ez-toc-link ez-toc-heading-11\" href=\"https:\/\/rachat2credit.fr\/guide\/cfcal-avis\/#Retours_dexperience_clients\" >Retours d&rsquo;exp\u00e9rience clients<\/a><ul class='ez-toc-list-level-3' ><li class='ez-toc-heading-level-3'><a class=\"ez-toc-link ez-toc-heading-12\" href=\"https:\/\/rachat2credit.fr\/guide\/cfcal-avis\/#Elements_de_satisfaction\" >\u00c9l\u00e9ments de satisfaction<\/a><\/li><li class='ez-toc-page-1 ez-toc-heading-level-3'><a class=\"ez-toc-link ez-toc-heading-13\" href=\"https:\/\/rachat2credit.fr\/guide\/cfcal-avis\/#Aspects_perfectibles\" >Aspects perfectibles<\/a><\/li><li class='ez-toc-page-1 ez-toc-heading-level-3'><a class=\"ez-toc-link ez-toc-heading-14\" href=\"https:\/\/rachat2credit.fr\/guide\/cfcal-avis\/#Indicateurs_de_confiance\" >Indicateurs de confiance<\/a><\/li><\/ul><\/li><li class='ez-toc-page-1 ez-toc-heading-level-2'><a class=\"ez-toc-link ez-toc-heading-15\" href=\"https:\/\/rachat2credit.fr\/guide\/cfcal-avis\/#Analyse_comparative_du_marche\" >Analyse comparative du march\u00e9<\/a><ul class='ez-toc-list-level-3' ><li class='ez-toc-heading-level-3'><a class=\"ez-toc-link ez-toc-heading-16\" href=\"https:\/\/rachat2credit.fr\/guide\/cfcal-avis\/#Differenciation_concurrentielle\" >Diff\u00e9renciation concurrentielle<\/a><\/li><li class='ez-toc-page-1 ez-toc-heading-level-3'><a class=\"ez-toc-link ez-toc-heading-17\" href=\"https:\/\/rachat2credit.fr\/guide\/cfcal-avis\/#Criteres_decisionnels_pour_le_consommateur\" >Crit\u00e8res d\u00e9cisionnels pour le consommateur<\/a><\/li><\/ul><\/li><li class='ez-toc-page-1 ez-toc-heading-level-2'><a class=\"ez-toc-link ez-toc-heading-18\" href=\"https:\/\/rachat2credit.fr\/guide\/cfcal-avis\/#Recommandations_pratiques\" >Recommandations pratiques<\/a><ul class='ez-toc-list-level-3' ><li class='ez-toc-heading-level-3'><a class=\"ez-toc-link ez-toc-heading-19\" href=\"https:\/\/rachat2credit.fr\/guide\/cfcal-avis\/#Optimisation_de_votre_demande\" >Optimisation de votre demande<\/a><\/li><li class='ez-toc-page-1 ez-toc-heading-level-3'><a class=\"ez-toc-link ez-toc-heading-20\" href=\"https:\/\/rachat2credit.fr\/guide\/cfcal-avis\/#Points_de_vigilance\" >Points de vigilance<\/a><\/li><\/ul><\/li><li class='ez-toc-page-1 ez-toc-heading-level-2'><a class=\"ez-toc-link ez-toc-heading-21\" href=\"https:\/\/rachat2credit.fr\/guide\/cfcal-avis\/#Evolutions_et_perspectives_du_CFCAL\" >\u00c9volutions et perspectives du CFCAL<\/a><ul class='ez-toc-list-level-3' ><li class='ez-toc-heading-level-3'><a class=\"ez-toc-link ez-toc-heading-22\" href=\"https:\/\/rachat2credit.fr\/guide\/cfcal-avis\/#Orientations_recentes\" >Orientations r\u00e9centes<\/a><\/li><li class='ez-toc-page-1 ez-toc-heading-level-3'><a class=\"ez-toc-link ez-toc-heading-23\" href=\"https:\/\/rachat2credit.fr\/guide\/cfcal-avis\/#Tendances_observees\" >Tendances observ\u00e9es<\/a><\/li><\/ul><\/li><li class='ez-toc-page-1 ez-toc-heading-level-2'><a class=\"ez-toc-link ez-toc-heading-24\" href=\"https:\/\/rachat2credit.fr\/guide\/cfcal-avis\/#Derniers_avis_clients_CFCAL\" >Derniers avis clients CFCAL<\/a><ul class='ez-toc-list-level-3' ><li class='ez-toc-heading-level-3'><a class=\"ez-toc-link ez-toc-heading-25\" href=\"https:\/\/rachat2credit.fr\/guide\/cfcal-avis\/#Service_client\" >Service client<\/a><\/li><li class='ez-toc-page-1 ez-toc-heading-level-3'><a class=\"ez-toc-link ez-toc-heading-26\" href=\"https:\/\/rachat2credit.fr\/guide\/cfcal-avis\/#Clarte_des_offres\" >Clart\u00e9 des offres<\/a><\/li><li class='ez-toc-page-1 ez-toc-heading-level-3'><a class=\"ez-toc-link ez-toc-heading-27\" href=\"https:\/\/rachat2credit.fr\/guide\/cfcal-avis\/#Delais_de_traitement\" >D\u00e9lais de traitement<\/a><\/li><li class='ez-toc-page-1 ez-toc-heading-level-3'><a class=\"ez-toc-link ez-toc-heading-28\" href=\"https:\/\/rachat2credit.fr\/guide\/cfcal-avis\/#Experience_globale_satisfaction\" >Exp\u00e9rience globale \/ satisfaction<\/a><\/li><\/ul><\/li><li class='ez-toc-page-1 ez-toc-heading-level-2'><a class=\"ez-toc-link ez-toc-heading-29\" href=\"https:\/\/rachat2credit.fr\/guide\/cfcal-avis\/#Conclusion_Evaluation_de_la_pertinence_du_CFCAL\" >Conclusion : \u00c9valuation de la pertinence du CFCAL<\/a><\/li><\/ul><\/nav><\/div>\n<h2 class=\"wp-block-heading\"><span class=\"ez-toc-section\" id=\"Points_cles_a_retenir\"><\/span>Points cl\u00e9s \u00e0 retenir<span class=\"ez-toc-section-end\"><\/span><\/h2>\n\n\n\n<figure class=\"wp-block-table\"><table class=\"has-fixed-layout\"><thead><tr><th>Caract\u00e9ristique<\/th><th>D\u00e9tail<\/th><\/tr><\/thead><tbody><tr><td><strong>Sp\u00e9cialit\u00e9s<\/strong><\/td><td>Regroupement de cr\u00e9dits, pr\u00eats hypoth\u00e9caires, restructuration de dettes<\/td><\/tr><tr><td><strong>Montants propos\u00e9s<\/strong><\/td><td>De 10 000\u20ac \u00e0 2 500 000\u20ac<\/td><\/tr><tr><td><strong>Dur\u00e9es<\/strong><\/td><td>Jusqu&rsquo;\u00e0 35 ans<\/td><\/tr><tr><td><strong>Profils accept\u00e9s<\/strong><\/td><td>Salari\u00e9s, ind\u00e9pendants, retrait\u00e9s, int\u00e9rimaires<\/td><\/tr><tr><td><strong>Forces<\/strong><\/td><td>Acceptation de dossiers complexes, tr\u00e9sorerie additionnelle possible<\/td><\/tr><tr><td><strong>Points d&rsquo;attention<\/strong><\/td><td>Taux potentiellement plus \u00e9lev\u00e9s que les banques traditionnelles<\/td><\/tr><tr><td><strong>Note Trustpilot<\/strong><\/td><td>2,5\/5 (\u00e9chantillon limit\u00e9)<\/td><\/tr><\/tbody><\/table><\/figure>\n\n\n\n<h2 class=\"wp-block-heading\"><span class=\"ez-toc-section\" id=\"Positionnement_et_expertise_financiere_du_CFCAL\"><\/span>Positionnement et expertise financi\u00e8re du CFCAL<span class=\"ez-toc-section-end\"><\/span><\/h2>\n\n\n\n<h3 class=\"wp-block-heading\"><span class=\"ez-toc-section\" id=\"Domaines_de_specialisation\"><\/span>Domaines de sp\u00e9cialisation<span class=\"ez-toc-section-end\"><\/span><\/h3>\n\n\n\n<p>Le CFCAL a d\u00e9velopp\u00e9 une <strong>expertise distinctive<\/strong> dans plusieurs segments financiers strat\u00e9giques. L&rsquo;\u00e9tablissement propose principalement :<\/p>\n\n\n\n<ul class=\"wp-block-list\">\n<li>Des solutions de <strong>regroupement de cr\u00e9dits<\/strong> avec ou sans garantie hypoth\u00e9caire<\/li>\n\n\n\n<li>Des <strong>pr\u00eats hypoth\u00e9caires<\/strong> destin\u00e9s tant aux particuliers qu&rsquo;aux professionnels<\/li>\n\n\n\n<li>Des options de <strong>restructuration de dettes<\/strong> adapt\u00e9es aux situations complexes<\/li>\n\n\n\n<li>Des <strong>cr\u00e9dits patrimoniaux<\/strong> incluant le Pr\u00eat Viager Hypoth\u00e9caire<\/li>\n\n\n\n<li>La gamme <em>Investys Nanti<\/em> pour le financement des SCPI<\/li>\n<\/ul>\n\n\n\n<h3 class=\"wp-block-heading\"><span class=\"ez-toc-section\" id=\"Performance_et_implantation\"><\/span>Performance et implantation<span class=\"ez-toc-section-end\"><\/span><\/h3>\n\n\n\n<p>Le CFCAL affiche en 2023 des indicateurs de solidit\u00e9 avec :<\/p>\n\n\n\n<ul class=\"wp-block-list\">\n<li>6,7 milliards d&rsquo;euros d&rsquo;encours de cr\u00e9dit<\/li>\n\n\n\n<li>206 collaborateurs d\u00e9di\u00e9s<\/li>\n\n\n\n<li>Plus de 100 000 clients accompagn\u00e9s<\/li>\n\n\n\n<li>Une long\u00e9vit\u00e9 exceptionnelle de plus de 150 ans dans le secteur bancaire<\/li>\n<\/ul>\n\n\n\n<h2 class=\"wp-block-heading\"><span class=\"ez-toc-section\" id=\"Solutions_de_regroupement_de_credits\"><\/span>Solutions de regroupement de cr\u00e9dits<span class=\"ez-toc-section-end\"><\/span><\/h2>\n\n\n\n<h3 class=\"wp-block-heading\"><span class=\"ez-toc-section\" id=\"Caracteristiques_des_offres\"><\/span>Caract\u00e9ristiques des offres<span class=\"ez-toc-section-end\"><\/span><\/h3>\n\n\n\n<p>Les propositions du CFCAL se distinguent par leur adaptabilit\u00e9 et leur amplitude. Les solutions pr\u00e9sentent les param\u00e8tres suivants :<\/p>\n\n\n\n<ul class=\"wp-block-list\">\n<li><strong>Montants accessibles<\/strong> : Entre 10 000\u20ac et 2 500 000\u20ac, couvrant ainsi un large spectre de besoins<\/li>\n\n\n\n<li><strong>Horizons de remboursement<\/strong> : Possibilit\u00e9 d&rsquo;\u00e9talement jusqu&rsquo;\u00e0 35 ann\u00e9es<\/li>\n\n\n\n<li><strong>Inclusivit\u00e9 des profils<\/strong> : Ouverture \u00e0 diverses situations professionnelles (salari\u00e9s, ind\u00e9pendants, retrait\u00e9s, travailleurs temporaires)<\/li>\n\n\n\n<li><strong>Souplesse d&rsquo;acceptation<\/strong> : Consid\u00e9ration des dossiers pr\u00e9c\u00e9demment refus\u00e9s par le circuit bancaire traditionnel<\/li>\n<\/ul>\n\n\n\n<h3 class=\"wp-block-heading\"><span class=\"ez-toc-section\" id=\"Avantages_strategiques\"><\/span>Avantages strat\u00e9giques<span class=\"ez-toc-section-end\"><\/span><\/h3>\n\n\n\n<p>Le mod\u00e8le CFCAL offre plusieurs b\u00e9n\u00e9fices distinctifs :<\/p>\n\n\n\n<ol class=\"wp-block-list\">\n<li><strong>Consolidation multisupport<\/strong> permettant l&rsquo;unification des cr\u00e9dits immobiliers et \u00e0 la consommation<\/li>\n\n\n\n<li><strong>Int\u00e9gration des engagements divers<\/strong> incluant d\u00e9couverts bancaires et situations d&rsquo;impay\u00e9s<\/li>\n\n\n\n<li><strong>Possibilit\u00e9 d&rsquo;injection de tr\u00e9sorerie<\/strong> pour financer de nouveaux projets pendant l&rsquo;op\u00e9ration de regroupement<\/li>\n\n\n\n<li><strong>Simplification administrative<\/strong> avec un interlocuteur unique et un \u00e9ch\u00e9ancier unifi\u00e9<\/li>\n\n\n\n<li><strong>Adaptation personnalis\u00e9e<\/strong> aux contraintes financi\u00e8res et situations individuelles sp\u00e9cifiques<\/li>\n<\/ol>\n\n\n\n<h2 class=\"wp-block-heading\"><span class=\"ez-toc-section\" id=\"Methodologie_devaluation_et_parcours_de_souscription\"><\/span>M\u00e9thodologie d&rsquo;\u00e9valuation et parcours de souscription<span class=\"ez-toc-section-end\"><\/span><\/h2>\n\n\n\n<h3 class=\"wp-block-heading\"><span class=\"ez-toc-section\" id=\"Analyse_des_dossiers\"><\/span>Analyse des dossiers<span class=\"ez-toc-section-end\"><\/span><\/h3>\n\n\n\n<p>L&rsquo;approche du CFCAL repose sur une \u00e9valuation structur\u00e9e mais personnalis\u00e9e :<\/p>\n\n\n\n<ul class=\"wp-block-list\">\n<li><strong>\u00c9tude individualis\u00e9e<\/strong> consid\u00e9rant les sp\u00e9cificit\u00e9s de chaque emprunteur<\/li>\n\n\n\n<li><strong>Crit\u00e8res d&rsquo;\u00e9ligibilit\u00e9<\/strong> incluant revenus, charges courantes, taux d&rsquo;endettement et historique cr\u00e9dit<\/li>\n\n\n\n<li><strong>Documentation n\u00e9cessaire<\/strong> comprenant justificatifs de revenus, contrats de pr\u00eats existants et tableaux d&rsquo;amortissement<\/li>\n<\/ul>\n\n\n\n<h3 class=\"wp-block-heading\"><span class=\"ez-toc-section\" id=\"Experience_client\"><\/span>Exp\u00e9rience client<span class=\"ez-toc-section-end\"><\/span><\/h3>\n\n\n\n<p>Le parcours de souscription s&rsquo;articule autour de six \u00e9tapes fondamentales :<\/p>\n\n\n\n<ol class=\"wp-block-list\">\n<li><strong>Phase initiale<\/strong> : Simulation pr\u00e9liminaire via formulaire en ligne ou contact t\u00e9l\u00e9phonique<\/li>\n\n\n\n<li><strong>Construction du dossier<\/strong> : Rassemblement m\u00e9thodique des pi\u00e8ces justificatives<\/li>\n\n\n\n<li><strong>Proposition commerciale<\/strong> : Pr\u00e9sentation des solutions appropri\u00e9es au profil \u00e9tudi\u00e9<\/li>\n\n\n\n<li><strong>Formalisation contractuelle<\/strong> : Signature des documents officiels<\/li>\n\n\n\n<li><strong>Phase op\u00e9rationnelle<\/strong> : Prise en charge du remboursement des cr\u00e9anciers par l&rsquo;\u00e9tablissement<\/li>\n\n\n\n<li><strong>Accompagnement continu<\/strong> : Suivi personnalis\u00e9 pendant toute la dur\u00e9e de l&rsquo;engagement<\/li>\n<\/ol>\n\n\n\n<h2 class=\"wp-block-heading\"><span class=\"ez-toc-section\" id=\"Retours_dexperience_clients\"><\/span>Retours d&rsquo;exp\u00e9rience clients<span class=\"ez-toc-section-end\"><\/span><\/h2>\n\n\n\n<h3 class=\"wp-block-heading\"><span class=\"ez-toc-section\" id=\"Elements_de_satisfaction\"><\/span>\u00c9l\u00e9ments de satisfaction<span class=\"ez-toc-section-end\"><\/span><\/h3>\n\n\n\n<p>Les avis clients font ressortir plusieurs <em>forces r\u00e9currentes<\/em> :<\/p>\n\n\n\n<ul class=\"wp-block-list\">\n<li>La <strong>ma\u00eetrise technique<\/strong> en mati\u00e8re de rachat de cr\u00e9dit<\/li>\n\n\n\n<li>La qualit\u00e9 de l&rsquo;<strong>accompagnement individualis\u00e9<\/strong><\/li>\n\n\n\n<li>L&rsquo;<strong>acceptation de profils complexes<\/strong> souvent rejet\u00e9s ailleurs<\/li>\n\n\n\n<li>La proposition de <strong>solutions adaptatives<\/strong> pour les situations financi\u00e8res d\u00e9licates<\/li>\n<\/ul>\n\n\n\n<h3 class=\"wp-block-heading\"><span class=\"ez-toc-section\" id=\"Aspects_perfectibles\"><\/span>Aspects perfectibles<span class=\"ez-toc-section-end\"><\/span><\/h3>\n\n\n\n<p>Certains points d&rsquo;am\u00e9lioration sont \u00e9galement identifi\u00e9s :<\/p>\n\n\n\n<ul class=\"wp-block-list\">\n<li>Des <strong>proc\u00e9dures administratives<\/strong> parfois consid\u00e9r\u00e9es comme longues<\/li>\n\n\n\n<li>Des <strong>crit\u00e8res de s\u00e9lection<\/strong> pouvant \u00eatre restrictifs selon les situations<\/li>\n\n\n\n<li>Des <strong>taux d&rsquo;int\u00e9r\u00eat<\/strong> g\u00e9n\u00e9ralement sup\u00e9rieurs \u00e0 ceux des \u00e9tablissements bancaires classiques<\/li>\n<\/ul>\n\n\n\n<h3 class=\"wp-block-heading\"><span class=\"ez-toc-section\" id=\"Indicateurs_de_confiance\"><\/span>Indicateurs de confiance<span class=\"ez-toc-section-end\"><\/span><\/h3>\n\n\n\n<p>La perception globale du CFCAL s&rsquo;articule autour de :<\/p>\n\n\n\n<ul class=\"wp-block-list\">\n<li>Une <strong>note Trustpilot<\/strong> de 2,5\/5 (bas\u00e9e sur un \u00e9chantillon restreint)<\/li>\n\n\n\n<li>Une <strong>reconnaissance du service client<\/strong> pour sa r\u00e9activit\u00e9 et son professionnalisme<\/li>\n\n\n\n<li>Une <strong>appr\u00e9ciation de la transparence<\/strong> dans la communication des informations essentielles<\/li>\n<\/ul>\n\n\n\n<h2 class=\"wp-block-heading\"><span class=\"ez-toc-section\" id=\"Analyse_comparative_du_marche\"><\/span>Analyse comparative du march\u00e9<span class=\"ez-toc-section-end\"><\/span><\/h2>\n\n\n\n<h3 class=\"wp-block-heading\"><span class=\"ez-toc-section\" id=\"Differenciation_concurrentielle\"><\/span>Diff\u00e9renciation concurrentielle<span class=\"ez-toc-section-end\"><\/span><\/h3>\n\n\n\n<p>Le CFCAL se d\u00e9marque de la concurrence par :<\/p>\n\n\n\n<ul class=\"wp-block-list\">\n<li>Sa <strong>sp\u00e9cialisation dans les dossiers non-standards<\/strong> ou pr\u00e9sentant des complexit\u00e9s particuli\u00e8res<\/li>\n\n\n\n<li>Une <strong>souplesse d&rsquo;\u00e9ligibilit\u00e9<\/strong> plus importante comparativement aux banques traditionnelles<\/li>\n\n\n\n<li>Des <strong>innovations produits<\/strong> comme les pr\u00eats sur 35 ans pour les emprunteurs jeunes<\/li>\n<\/ul>\n\n\n\n<h3 class=\"wp-block-heading\"><span class=\"ez-toc-section\" id=\"Criteres_decisionnels_pour_le_consommateur\"><\/span>Crit\u00e8res d\u00e9cisionnels pour le consommateur<span class=\"ez-toc-section-end\"><\/span><\/h3>\n\n\n\n<p>L&rsquo;analyse comparative doit s&rsquo;appuyer sur trois dimensions essentielles :<\/p>\n\n\n\n<ol class=\"wp-block-list\">\n<li>L&rsquo;\u00e9valuation du <strong>co\u00fbt global<\/strong> int\u00e9grant l&rsquo;ensemble des frais (dossier, indemnit\u00e9s de remboursement anticip\u00e9, assurance)<\/li>\n\n\n\n<li>La <strong>capacit\u00e9 d&rsquo;adaptation<\/strong> aux besoins sp\u00e9cifiques de l&#8217;emprunteur<\/li>\n\n\n\n<li>La <strong>cr\u00e9dibilit\u00e9 institutionnelle<\/strong> renforc\u00e9e par l&rsquo;appartenance au groupe Cr\u00e9dit Mutuel Ark\u00e9a<\/li>\n<\/ol>\n\n\n\n<h2 class=\"wp-block-heading\"><span class=\"ez-toc-section\" id=\"Recommandations_pratiques\"><\/span>Recommandations pratiques<span class=\"ez-toc-section-end\"><\/span><\/h2>\n\n\n\n<h3 class=\"wp-block-heading\"><span class=\"ez-toc-section\" id=\"Optimisation_de_votre_demande\"><\/span>Optimisation de votre demande<span class=\"ez-toc-section-end\"><\/span><\/h3>\n\n\n\n<p>Pour maximiser les chances d&rsquo;obtenir une solution adapt\u00e9e :<\/p>\n\n\n\n<ul class=\"wp-block-list\">\n<li><strong>Comparez syst\u00e9matiquement<\/strong> la proposition CFCAL avec d&rsquo;autres offres du march\u00e9<\/li>\n\n\n\n<li><strong>Analysez minutieusement<\/strong> l&rsquo;ensemble des param\u00e8tres financiers (frais, taux, dur\u00e9e)<\/li>\n\n\n\n<li><strong>Pr\u00e9parez rigoureusement<\/strong> votre dossier en anticipant les documents requis<\/li>\n\n\n\n<li><strong>Privil\u00e9giez le contact direct<\/strong> avec un conseiller sp\u00e9cialis\u00e9 pour les situations particuli\u00e8res<\/li>\n<\/ul>\n\n\n\n<h3 class=\"wp-block-heading\"><span class=\"ez-toc-section\" id=\"Points_de_vigilance\"><\/span>Points de vigilance<span class=\"ez-toc-section-end\"><\/span><\/h3>\n\n\n\n<p>Une attention particuli\u00e8re doit \u00eatre port\u00e9e \u00e0 :<\/p>\n\n\n\n<ul class=\"wp-block-list\">\n<li>La <strong>comp\u00e9titivit\u00e9 des taux<\/strong> propos\u00e9s par rapport au march\u00e9<\/li>\n\n\n\n<li>Le <strong>calcul exhaustif<\/strong> du co\u00fbt de l&rsquo;op\u00e9ration incluant tous les frais annexes<\/li>\n\n\n\n<li>L&rsquo;<strong>ad\u00e9quation pr\u00e9cise<\/strong> entre la solution propos\u00e9e et votre situation personnelle<\/li>\n<\/ul>\n\n\n\n<h2 class=\"wp-block-heading\"><span class=\"ez-toc-section\" id=\"Evolutions_et_perspectives_du_CFCAL\"><\/span>\u00c9volutions et perspectives du CFCAL<span class=\"ez-toc-section-end\"><\/span><\/h2>\n\n\n\n<h3 class=\"wp-block-heading\"><span class=\"ez-toc-section\" id=\"Orientations_recentes\"><\/span>Orientations r\u00e9centes<span class=\"ez-toc-section-end\"><\/span><\/h3>\n\n\n\n<p>L&rsquo;\u00e9tablissement manifeste plusieurs tendances strat\u00e9giques :<\/p>\n\n\n\n<ul class=\"wp-block-list\">\n<li>Une <strong>diversification progressive<\/strong> de l&rsquo;offre avec des solutions innovantes comme les pr\u00eats longue dur\u00e9e<\/li>\n\n\n\n<li>L&rsquo;<strong>\u00e9largissement des services<\/strong> aux profils locataires (financements jusqu&rsquo;\u00e0 15 ans)<\/li>\n\n\n\n<li>Une <strong>transformation num\u00e9rique<\/strong> avec la modernisation des outils de simulation et de gestion en ligne<\/li>\n<\/ul>\n\n\n\n<h3 class=\"wp-block-heading\"><span class=\"ez-toc-section\" id=\"Tendances_observees\"><\/span>Tendances observ\u00e9es<span class=\"ez-toc-section-end\"><\/span><\/h3>\n\n\n\n<p>Trois dynamiques majeures caract\u00e9risent l&rsquo;\u00e9volution r\u00e9cente du CFCAL :<\/p>\n\n\n\n<ol class=\"wp-block-list\">\n<li>Une <strong>flexibilit\u00e9 renforc\u00e9e<\/strong> face aux nouvelles r\u00e9alit\u00e9s \u00e9conomiques<\/li>\n\n\n\n<li>La <strong>consolidation de l&rsquo;expertise technique<\/strong> sur les segments sp\u00e9cialis\u00e9s<\/li>\n\n\n\n<li>Le d\u00e9veloppement de <strong>synergies op\u00e9rationnelles<\/strong> avec les autres entit\u00e9s du groupe Ark\u00e9a<\/li>\n<\/ol>\n\n\n\n<h2 class=\"wp-block-heading\"><span class=\"ez-toc-section\" id=\"Derniers_avis_clients_CFCAL\"><\/span>Derniers avis clients CFCAL<span class=\"ez-toc-section-end\"><\/span><\/h2>\n\n\n\n<h3 class=\"wp-block-heading\"><span class=\"ez-toc-section\" id=\"Service_client\"><\/span>Service client<span class=\"ez-toc-section-end\"><\/span><\/h3>\n\n\n\n<blockquote class=\"wp-block-quote is-layout-flow wp-block-quote-is-layout-flow\">\n<p>\u00ab Personne tr\u00e8s d\u00e9sagr\u00e9able au t\u00e9l\u00e9phone vous fait culpabiliser alors que vous demandez juste un renseignement\u2026 on vous r\u00e9pond qu&rsquo;\u00e0 8h30. Personne tr\u00e8s d\u00e9sagr\u00e9able et m\u00e9prisante\u2026 ils auraient besoin de cours de management et d&rsquo;accompagnement t\u00e9l\u00e9phonique. \u00bb \u2014 Alexandre L., Google Reviews, 20\/02\/2025<\/p>\n<\/blockquote>\n\n\n\n<blockquote class=\"wp-block-quote is-layout-flow wp-block-quote-is-layout-flow\">\n<p>\u00ab Aucune r\u00e9activit\u00e9, amabilit\u00e9 tr\u00e8s limite, aucune solution propos\u00e9e\u2026 Je n&rsquo;ai toujours pas ce document. Donc si on continue \u00e0 me dire que le document m&rsquo;a \u00e9t\u00e9 envoy\u00e9 et que de mon c\u00f4t\u00e9 je ne le re\u00e7ois pas, \u00e7a risque de durer longtemps\u2026 Pas agr\u00e9able de communiquer avec cette banque. \u00bb \u2014 Laurence P., Google Reviews, 14\/02\/2025<\/p>\n<\/blockquote>\n\n\n\n<h3 class=\"wp-block-heading\"><span class=\"ez-toc-section\" id=\"Clarte_des_offres\"><\/span>Clart\u00e9 des offres<span class=\"ez-toc-section-end\"><\/span><\/h3>\n\n\n\n<blockquote class=\"wp-block-quote is-layout-flow wp-block-quote-is-layout-flow\">\n<p>\u00ab Quand on souscrit un emprunt, c&rsquo;est qu&rsquo;on a lu et accept\u00e9 les conditions de la banque. Ces conditions \u00e9taient claires, connues et pouvaient \u00eatre refus\u00e9es. Pour notre part nous en sommes tr\u00e8s satisfaits. \u00bb \u2014 Yves R., Google Reviews, 27\/10\/2024<\/p>\n<\/blockquote>\n\n\n\n<h3 class=\"wp-block-heading\"><span class=\"ez-toc-section\" id=\"Delais_de_traitement\"><\/span>D\u00e9lais de traitement<span class=\"ez-toc-section-end\"><\/span><\/h3>\n\n\n\n<blockquote class=\"wp-block-quote is-layout-flow wp-block-quote-is-layout-flow\">\n<p>\u00ab \u2026Incendie de ma r\u00e9sidence principale : 2 semaines pour r\u00e9pondre \u00e0 mes demandes et pour r\u00e9pondre \u00e0 c\u00f4t\u00e9 de la plaque. Pas \u00e0 l&rsquo;\u00e9coute, pas r\u00e9actif, pas commercial\u2026 Apr\u00e8s avoir laiss\u00e9 cet avis, j&rsquo;ai \u00e9t\u00e9 recontact\u00e9 par le service client et on a trait\u00e9 ma demande d\u00e9cemment. \u00bb \u2014 Charl\u00e8ne B., Google Reviews, 04\/12\/2024<\/p>\n<\/blockquote>\n\n\n\n<h3 class=\"wp-block-heading\"><span class=\"ez-toc-section\" id=\"Experience_globale_satisfaction\"><\/span>Exp\u00e9rience globale \/ satisfaction<span class=\"ez-toc-section-end\"><\/span><\/h3>\n\n\n\n<blockquote class=\"wp-block-quote is-layout-flow wp-block-quote-is-layout-flow\">\n<p>\u00ab Encore merci pour tout, ce f\u00fbt un plaisir de travailler avec vous et le CFCAL. \u00bb \u2014 Josette et Christian D., t\u00e9moignage client sur Rachat-Cr\u00e9dit-Conseil<\/p>\n<\/blockquote>\n\n\n\n<h2 class=\"wp-block-heading\"><span class=\"ez-toc-section\" id=\"Conclusion_Evaluation_de_la_pertinence_du_CFCAL\"><\/span>Conclusion : \u00c9valuation de la pertinence du CFCAL<span class=\"ez-toc-section-end\"><\/span><\/h2>\n\n\n\n<p>Le CFCAL constitue un acteur diff\u00e9renci\u00e9 dans le paysage des solutions de regroupement de cr\u00e9dits et de pr\u00eats hypoth\u00e9caires. Son positionnement le rend particuli\u00e8rement adapt\u00e9 aux emprunteurs dont le profil s&rsquo;\u00e9carte des standards conventionnels du syst\u00e8me bancaire.<\/p>\n\n\n\n<p>La pertinence des offres CFCAL doit \u00eatre \u00e9valu\u00e9e \u00e0 l&rsquo;aune de votre situation individuelle, en portant une attention particuli\u00e8re au co\u00fbt global et \u00e0 la compatibilit\u00e9 des conditions propos\u00e9es avec vos objectifs financiers \u00e0 long terme.<\/p>\n\n\n\n<p>Une d\u00e9marche comparative approfondie avec d&rsquo;autres \u00e9tablissements demeure indispensable avant tout engagement, notamment concernant les conditions tarifaires. N\u00e9anmoins, le CFCAL repr\u00e9sente une option \u00e0 consid\u00e9rer s\u00e9rieusement pour les profils atypiques ou n\u00e9cessitant des solutions financi\u00e8res personnalis\u00e9es.<\/p>\n\n\n<div class=\"kk-star-ratings kksr-auto kksr-align-center kksr-valign-bottom\"\n    data-payload='{&quot;align&quot;:&quot;center&quot;,&quot;id&quot;:&quot;37&quot;,&quot;slug&quot;:&quot;default&quot;,&quot;valign&quot;:&quot;bottom&quot;,&quot;ignore&quot;:&quot;&quot;,&quot;reference&quot;:&quot;auto&quot;,&quot;class&quot;:&quot;&quot;,&quot;count&quot;:&quot;9&quot;,&quot;legendonly&quot;:&quot;&quot;,&quot;readonly&quot;:&quot;&quot;,&quot;score&quot;:&quot;5&quot;,&quot;starsonly&quot;:&quot;&quot;,&quot;best&quot;:&quot;5&quot;,&quot;gap&quot;:&quot;5&quot;,&quot;greet&quot;:&quot;&quot;,&quot;legend&quot;:&quot;5\\\/5 - (9 votes)&quot;,&quot;size&quot;:&quot;24&quot;,&quot;title&quot;:&quot;CFCAL Avis : Analyse Compl\u00e8te du Cr\u00e9dit Foncier d\\u0026#039;Alsace et de Lorraine&quot;,&quot;width&quot;:&quot;142.5&quot;,&quot;_legend&quot;:&quot;{score}\\\/{best} - ({count} {votes})&quot;,&quot;font_factor&quot;:&quot;1.25&quot;}'>\n            \n<div class=\"kksr-stars\">\n    \n<div class=\"kksr-stars-inactive\">\n            <div class=\"kksr-star\" data-star=\"1\" style=\"padding-right: 5px\">\n            \n\n<div class=\"kksr-icon\" style=\"width: 24px; height: 24px;\"><\/div>\n        <\/div>\n            <div class=\"kksr-star\" data-star=\"2\" style=\"padding-right: 5px\">\n            \n\n<div class=\"kksr-icon\" style=\"width: 24px; height: 24px;\"><\/div>\n        <\/div>\n            <div class=\"kksr-star\" data-star=\"3\" style=\"padding-right: 5px\">\n            \n\n<div class=\"kksr-icon\" style=\"width: 24px; height: 24px;\"><\/div>\n        <\/div>\n            <div class=\"kksr-star\" data-star=\"4\" style=\"padding-right: 5px\">\n            \n\n<div class=\"kksr-icon\" style=\"width: 24px; height: 24px;\"><\/div>\n        <\/div>\n            <div class=\"kksr-star\" data-star=\"5\" style=\"padding-right: 5px\">\n            \n\n<div class=\"kksr-icon\" style=\"width: 24px; height: 24px;\"><\/div>\n        <\/div>\n    <\/div>\n    \n<div class=\"kksr-stars-active\" style=\"width: 142.5px;\">\n            <div class=\"kksr-star\" style=\"padding-right: 5px\">\n            \n\n<div class=\"kksr-icon\" style=\"width: 24px; height: 24px;\"><\/div>\n        <\/div>\n            <div class=\"kksr-star\" style=\"padding-right: 5px\">\n            \n\n<div class=\"kksr-icon\" style=\"width: 24px; height: 24px;\"><\/div>\n        <\/div>\n            <div class=\"kksr-star\" style=\"padding-right: 5px\">\n            \n\n<div class=\"kksr-icon\" style=\"width: 24px; height: 24px;\"><\/div>\n        <\/div>\n            <div class=\"kksr-star\" style=\"padding-right: 5px\">\n            \n\n<div class=\"kksr-icon\" style=\"width: 24px; height: 24px;\"><\/div>\n        <\/div>\n            <div class=\"kksr-star\" style=\"padding-right: 5px\">\n            \n\n<div class=\"kksr-icon\" style=\"width: 24px; height: 24px;\"><\/div>\n        <\/div>\n    <\/div>\n<\/div>\n                \n\n<div class=\"kksr-legend\" style=\"font-size: 19.2px;\">\n            5\/5 - (9 votes)    <\/div>\n    <\/div>\n","protected":false},"excerpt":{"rendered":"<p>Le Cr\u00e9dit Foncier Communal d&rsquo;Alsace et de Lorraine (CFCAL) \u00e9volue dans le paysage financier fran\u00e7ais depuis 1872. Fond\u00e9 \u00e0 Strasbourg sur un mod\u00e8le inspir\u00e9 du Cr\u00e9dit Foncier de France, cet \u00e9tablissement s&rsquo;est sp\u00e9cialis\u00e9 dans le pr\u00eat hypoth\u00e9caire avant de d\u00e9velopper une expertise reconnue en mati\u00e8re de regroupement de cr\u00e9dits. Son int\u00e9gration au groupe Cr\u00e9dit Mutuel &#8230; <a title=\"CFCAL Avis : Analyse Compl\u00e8te du Cr\u00e9dit Foncier d&rsquo;Alsace et de Lorraine\" class=\"read-more\" href=\"https:\/\/rachat2credit.fr\/guide\/cfcal-avis\/\" aria-label=\"En savoir plus sur CFCAL Avis : Analyse Compl\u00e8te du Cr\u00e9dit Foncier d&rsquo;Alsace et de Lorraine\">Lire plus<\/a><\/p>\n","protected":false},"author":1,"featured_media":38,"comment_status":"open","ping_status":"open","sticky":false,"template":"","format":"standard","meta":{"footnotes":""},"categories":[1],"tags":[],"class_list":["post-37","post","type-post","status-publish","format-standard","has-post-thumbnail","hentry","category-organismes-rachat-de-credit"],"yoast_head":"<!-- This site is optimized with the Yoast SEO plugin v27.5 - https:\/\/yoast.com\/product\/yoast-seo-wordpress\/ -->\n<title>CFCAL Avis : Analyse Compl\u00e8te du Cr\u00e9dit Foncier d&#039;Alsace et de Lorraine - Rachat de Cr\u00e9dit<\/title>\n<meta name=\"description\" content=\"Analyse du CFCAL : expertise en regroupement de cr\u00e9dits, pr\u00eats jusqu&#039;\u00e0 2,5M\u20ac sur 35 ans, solutions pour profils atypiques. \u00c9valuation compl\u00e8te pour votre restructuration financi\u00e8re.\" \/>\n<meta name=\"robots\" content=\"index, follow, max-snippet:-1, max-image-preview:large, max-video-preview:-1\" \/>\n<link rel=\"canonical\" href=\"https:\/\/rachat2credit.fr\/guide\/cfcal-avis\/\" \/>\n<meta property=\"og:locale\" content=\"fr_FR\" \/>\n<meta property=\"og:type\" content=\"article\" \/>\n<meta property=\"og:title\" content=\"CFCAL Avis : Analyse Compl\u00e8te du Cr\u00e9dit Foncier d&#039;Alsace et de Lorraine - Rachat de Cr\u00e9dit\" \/>\n<meta property=\"og:description\" content=\"Analyse du CFCAL : expertise en regroupement de cr\u00e9dits, pr\u00eats jusqu&#039;\u00e0 2,5M\u20ac sur 35 ans, solutions pour profils atypiques. \u00c9valuation compl\u00e8te pour votre restructuration financi\u00e8re.\" \/>\n<meta property=\"og:url\" content=\"https:\/\/rachat2credit.fr\/guide\/cfcal-avis\/\" \/>\n<meta property=\"og:site_name\" content=\"Rachat de Cr\u00e9dit\" \/>\n<meta property=\"article:published_time\" content=\"2025-05-09T07:30:24+00:00\" \/>\n<meta property=\"article:modified_time\" content=\"2025-05-13T13:32:56+00:00\" \/>\n<meta property=\"og:image\" content=\"https:\/\/rachat2credit.fr\/guide\/wp-content\/uploads\/2025\/05\/cfcal-avis.png\" \/>\n\t<meta property=\"og:image:width\" content=\"1024\" \/>\n\t<meta property=\"og:image:height\" content=\"1024\" \/>\n\t<meta property=\"og:image:type\" content=\"image\/png\" \/>\n<meta name=\"author\" content=\"Aurelien Boulanger\" \/>\n<meta name=\"twitter:card\" content=\"summary_large_image\" \/>\n<meta name=\"twitter:label1\" content=\"\u00c9crit par\" \/>\n\t<meta name=\"twitter:data1\" content=\"Aurelien Boulanger\" \/>\n\t<meta name=\"twitter:label2\" content=\"Dur\u00e9e de lecture estim\u00e9e\" \/>\n\t<meta name=\"twitter:data2\" content=\"6 minutes\" \/>\n<script type=\"application\/ld+json\" class=\"yoast-schema-graph\">{\"@context\":\"https:\\\/\\\/schema.org\",\"@graph\":[{\"@type\":\"NewsArticle\",\"@id\":\"https:\\\/\\\/rachat2credit.fr\\\/guide\\\/cfcal-avis\\\/#article\",\"isPartOf\":{\"@id\":\"https:\\\/\\\/rachat2credit.fr\\\/guide\\\/cfcal-avis\\\/\"},\"author\":{\"name\":\"Aurelien Boulanger\",\"@id\":\"https:\\\/\\\/rachat2credit.fr\\\/guide\\\/#\\\/schema\\\/person\\\/d4142086d07bc6acdc4722eabd955cc2\"},\"headline\":\"CFCAL Avis : Analyse Compl\u00e8te du Cr\u00e9dit Foncier d&rsquo;Alsace et de Lorraine\",\"datePublished\":\"2025-05-09T07:30:24+00:00\",\"dateModified\":\"2025-05-13T13:32:56+00:00\",\"mainEntityOfPage\":{\"@id\":\"https:\\\/\\\/rachat2credit.fr\\\/guide\\\/cfcal-avis\\\/\"},\"wordCount\":1482,\"commentCount\":0,\"publisher\":{\"@id\":\"https:\\\/\\\/rachat2credit.fr\\\/guide\\\/#organization\"},\"image\":{\"@id\":\"https:\\\/\\\/rachat2credit.fr\\\/guide\\\/cfcal-avis\\\/#primaryimage\"},\"thumbnailUrl\":\"https:\\\/\\\/rachat2credit.fr\\\/guide\\\/wp-content\\\/uploads\\\/2025\\\/05\\\/cfcal-avis.png\",\"articleSection\":[\"Organismes de Rachat de cr\u00e9dit\"],\"inLanguage\":\"fr-FR\",\"potentialAction\":[{\"@type\":\"CommentAction\",\"name\":\"Comment\",\"target\":[\"https:\\\/\\\/rachat2credit.fr\\\/guide\\\/cfcal-avis\\\/#respond\"]}]},{\"@type\":\"WebPage\",\"@id\":\"https:\\\/\\\/rachat2credit.fr\\\/guide\\\/cfcal-avis\\\/\",\"url\":\"https:\\\/\\\/rachat2credit.fr\\\/guide\\\/cfcal-avis\\\/\",\"name\":\"CFCAL Avis : Analyse Compl\u00e8te du Cr\u00e9dit Foncier d'Alsace et de Lorraine - Rachat de Cr\u00e9dit\",\"isPartOf\":{\"@id\":\"https:\\\/\\\/rachat2credit.fr\\\/guide\\\/#website\"},\"primaryImageOfPage\":{\"@id\":\"https:\\\/\\\/rachat2credit.fr\\\/guide\\\/cfcal-avis\\\/#primaryimage\"},\"image\":{\"@id\":\"https:\\\/\\\/rachat2credit.fr\\\/guide\\\/cfcal-avis\\\/#primaryimage\"},\"thumbnailUrl\":\"https:\\\/\\\/rachat2credit.fr\\\/guide\\\/wp-content\\\/uploads\\\/2025\\\/05\\\/cfcal-avis.png\",\"datePublished\":\"2025-05-09T07:30:24+00:00\",\"dateModified\":\"2025-05-13T13:32:56+00:00\",\"description\":\"Analyse du CFCAL : expertise en regroupement de cr\u00e9dits, pr\u00eats jusqu'\u00e0 2,5M\u20ac sur 35 ans, solutions pour profils atypiques. \u00c9valuation compl\u00e8te pour votre restructuration financi\u00e8re.\",\"breadcrumb\":{\"@id\":\"https:\\\/\\\/rachat2credit.fr\\\/guide\\\/cfcal-avis\\\/#breadcrumb\"},\"inLanguage\":\"fr-FR\",\"potentialAction\":[{\"@type\":\"ReadAction\",\"target\":[\"https:\\\/\\\/rachat2credit.fr\\\/guide\\\/cfcal-avis\\\/\"]}]},{\"@type\":\"ImageObject\",\"inLanguage\":\"fr-FR\",\"@id\":\"https:\\\/\\\/rachat2credit.fr\\\/guide\\\/cfcal-avis\\\/#primaryimage\",\"url\":\"https:\\\/\\\/rachat2credit.fr\\\/guide\\\/wp-content\\\/uploads\\\/2025\\\/05\\\/cfcal-avis.png\",\"contentUrl\":\"https:\\\/\\\/rachat2credit.fr\\\/guide\\\/wp-content\\\/uploads\\\/2025\\\/05\\\/cfcal-avis.png\",\"width\":1024,\"height\":1024,\"caption\":\"CFCAL Avis : Analyse Compl\u00e8te du Cr\u00e9dit Foncier d'Alsace et de Lorraine\"},{\"@type\":\"BreadcrumbList\",\"@id\":\"https:\\\/\\\/rachat2credit.fr\\\/guide\\\/cfcal-avis\\\/#breadcrumb\",\"itemListElement\":[{\"@type\":\"ListItem\",\"position\":1,\"name\":\"Accueil\",\"item\":\"https:\\\/\\\/rachat2credit.fr\\\/guide\\\/\"},{\"@type\":\"ListItem\",\"position\":2,\"name\":\"CFCAL Avis : Analyse Compl\u00e8te du Cr\u00e9dit Foncier d&rsquo;Alsace et de Lorraine\"}]},{\"@type\":\"WebSite\",\"@id\":\"https:\\\/\\\/rachat2credit.fr\\\/guide\\\/#website\",\"url\":\"https:\\\/\\\/rachat2credit.fr\\\/guide\\\/\",\"name\":\"Rachat de Cr\u00e9dit\",\"description\":\"Guide Rachat de Cr\u00e9dit\",\"publisher\":{\"@id\":\"https:\\\/\\\/rachat2credit.fr\\\/guide\\\/#organization\"},\"potentialAction\":[{\"@type\":\"SearchAction\",\"target\":{\"@type\":\"EntryPoint\",\"urlTemplate\":\"https:\\\/\\\/rachat2credit.fr\\\/guide\\\/?s={search_term_string}\"},\"query-input\":{\"@type\":\"PropertyValueSpecification\",\"valueRequired\":true,\"valueName\":\"search_term_string\"}}],\"inLanguage\":\"fr-FR\"},{\"@type\":\"Organization\",\"@id\":\"https:\\\/\\\/rachat2credit.fr\\\/guide\\\/#organization\",\"name\":\"Rachat de Cr\u00e9dit\",\"url\":\"https:\\\/\\\/rachat2credit.fr\\\/guide\\\/\",\"logo\":{\"@type\":\"ImageObject\",\"inLanguage\":\"fr-FR\",\"@id\":\"https:\\\/\\\/rachat2credit.fr\\\/guide\\\/#\\\/schema\\\/logo\\\/image\\\/\",\"url\":\"https:\\\/\\\/rachat2credit.fr\\\/guide\\\/wp-content\\\/uploads\\\/2025\\\/05\\\/rachat2credit.png\",\"contentUrl\":\"https:\\\/\\\/rachat2credit.fr\\\/guide\\\/wp-content\\\/uploads\\\/2025\\\/05\\\/rachat2credit.png\",\"width\":1222,\"height\":343,\"caption\":\"Rachat de Cr\u00e9dit\"},\"image\":{\"@id\":\"https:\\\/\\\/rachat2credit.fr\\\/guide\\\/#\\\/schema\\\/logo\\\/image\\\/\"}},{\"@type\":\"Person\",\"@id\":\"https:\\\/\\\/rachat2credit.fr\\\/guide\\\/#\\\/schema\\\/person\\\/d4142086d07bc6acdc4722eabd955cc2\",\"name\":\"Aurelien Boulanger\",\"image\":{\"@type\":\"ImageObject\",\"inLanguage\":\"fr-FR\",\"@id\":\"https:\\\/\\\/secure.gravatar.com\\\/avatar\\\/32175434c9ca2b27bfeb905d1c3ec782a789caf494bc0ec8fa6ed0ee39c2e62a?s=96&d=mm&r=g\",\"url\":\"https:\\\/\\\/secure.gravatar.com\\\/avatar\\\/32175434c9ca2b27bfeb905d1c3ec782a789caf494bc0ec8fa6ed0ee39c2e62a?s=96&d=mm&r=g\",\"contentUrl\":\"https:\\\/\\\/secure.gravatar.com\\\/avatar\\\/32175434c9ca2b27bfeb905d1c3ec782a789caf494bc0ec8fa6ed0ee39c2e62a?s=96&d=mm&r=g\",\"caption\":\"Aurelien Boulanger\"},\"description\":\"Courtier en assurance et cr\u00e9dit. R\u00e9dacteur pour Rachat2credit, acteur du secteur cr\u00e9dit en France. Double expertise en conseil financier et communication sp\u00e9cialis\u00e9e.\",\"sameAs\":[\"https:\\\/\\\/rachat2credit.fr\\\/guide\"],\"url\":\"https:\\\/\\\/rachat2credit.fr\\\/guide\\\/author\\\/aurelien\\\/\"}]}<\/script>\n<!-- \/ Yoast SEO plugin. -->","yoast_head_json":{"title":"CFCAL Avis : Analyse Compl\u00e8te du Cr\u00e9dit Foncier d'Alsace et de Lorraine - Rachat de Cr\u00e9dit","description":"Analyse du CFCAL : expertise en regroupement de cr\u00e9dits, pr\u00eats jusqu'\u00e0 2,5M\u20ac sur 35 ans, solutions pour profils atypiques. \u00c9valuation compl\u00e8te pour votre restructuration financi\u00e8re.","robots":{"index":"index","follow":"follow","max-snippet":"max-snippet:-1","max-image-preview":"max-image-preview:large","max-video-preview":"max-video-preview:-1"},"canonical":"https:\/\/rachat2credit.fr\/guide\/cfcal-avis\/","og_locale":"fr_FR","og_type":"article","og_title":"CFCAL Avis : Analyse Compl\u00e8te du Cr\u00e9dit Foncier d'Alsace et de Lorraine - Rachat de Cr\u00e9dit","og_description":"Analyse du CFCAL : expertise en regroupement de cr\u00e9dits, pr\u00eats jusqu'\u00e0 2,5M\u20ac sur 35 ans, solutions pour profils atypiques. \u00c9valuation compl\u00e8te pour votre restructuration financi\u00e8re.","og_url":"https:\/\/rachat2credit.fr\/guide\/cfcal-avis\/","og_site_name":"Rachat de Cr\u00e9dit","article_published_time":"2025-05-09T07:30:24+00:00","article_modified_time":"2025-05-13T13:32:56+00:00","og_image":[{"width":1024,"height":1024,"url":"https:\/\/rachat2credit.fr\/guide\/wp-content\/uploads\/2025\/05\/cfcal-avis.png","type":"image\/png"}],"author":"Aurelien Boulanger","twitter_card":"summary_large_image","twitter_misc":{"\u00c9crit par":"Aurelien Boulanger","Dur\u00e9e de lecture estim\u00e9e":"6 minutes"},"schema":{"@context":"https:\/\/schema.org","@graph":[{"@type":"NewsArticle","@id":"https:\/\/rachat2credit.fr\/guide\/cfcal-avis\/#article","isPartOf":{"@id":"https:\/\/rachat2credit.fr\/guide\/cfcal-avis\/"},"author":{"name":"Aurelien Boulanger","@id":"https:\/\/rachat2credit.fr\/guide\/#\/schema\/person\/d4142086d07bc6acdc4722eabd955cc2"},"headline":"CFCAL Avis : Analyse Compl\u00e8te du Cr\u00e9dit Foncier d&rsquo;Alsace et de Lorraine","datePublished":"2025-05-09T07:30:24+00:00","dateModified":"2025-05-13T13:32:56+00:00","mainEntityOfPage":{"@id":"https:\/\/rachat2credit.fr\/guide\/cfcal-avis\/"},"wordCount":1482,"commentCount":0,"publisher":{"@id":"https:\/\/rachat2credit.fr\/guide\/#organization"},"image":{"@id":"https:\/\/rachat2credit.fr\/guide\/cfcal-avis\/#primaryimage"},"thumbnailUrl":"https:\/\/rachat2credit.fr\/guide\/wp-content\/uploads\/2025\/05\/cfcal-avis.png","articleSection":["Organismes de Rachat de cr\u00e9dit"],"inLanguage":"fr-FR","potentialAction":[{"@type":"CommentAction","name":"Comment","target":["https:\/\/rachat2credit.fr\/guide\/cfcal-avis\/#respond"]}]},{"@type":"WebPage","@id":"https:\/\/rachat2credit.fr\/guide\/cfcal-avis\/","url":"https:\/\/rachat2credit.fr\/guide\/cfcal-avis\/","name":"CFCAL Avis : Analyse Compl\u00e8te du Cr\u00e9dit Foncier d'Alsace et de Lorraine - Rachat de Cr\u00e9dit","isPartOf":{"@id":"https:\/\/rachat2credit.fr\/guide\/#website"},"primaryImageOfPage":{"@id":"https:\/\/rachat2credit.fr\/guide\/cfcal-avis\/#primaryimage"},"image":{"@id":"https:\/\/rachat2credit.fr\/guide\/cfcal-avis\/#primaryimage"},"thumbnailUrl":"https:\/\/rachat2credit.fr\/guide\/wp-content\/uploads\/2025\/05\/cfcal-avis.png","datePublished":"2025-05-09T07:30:24+00:00","dateModified":"2025-05-13T13:32:56+00:00","description":"Analyse du CFCAL : expertise en regroupement de cr\u00e9dits, pr\u00eats jusqu'\u00e0 2,5M\u20ac sur 35 ans, solutions pour profils atypiques. \u00c9valuation compl\u00e8te pour votre restructuration financi\u00e8re.","breadcrumb":{"@id":"https:\/\/rachat2credit.fr\/guide\/cfcal-avis\/#breadcrumb"},"inLanguage":"fr-FR","potentialAction":[{"@type":"ReadAction","target":["https:\/\/rachat2credit.fr\/guide\/cfcal-avis\/"]}]},{"@type":"ImageObject","inLanguage":"fr-FR","@id":"https:\/\/rachat2credit.fr\/guide\/cfcal-avis\/#primaryimage","url":"https:\/\/rachat2credit.fr\/guide\/wp-content\/uploads\/2025\/05\/cfcal-avis.png","contentUrl":"https:\/\/rachat2credit.fr\/guide\/wp-content\/uploads\/2025\/05\/cfcal-avis.png","width":1024,"height":1024,"caption":"CFCAL Avis : Analyse Compl\u00e8te du Cr\u00e9dit Foncier d'Alsace et de Lorraine"},{"@type":"BreadcrumbList","@id":"https:\/\/rachat2credit.fr\/guide\/cfcal-avis\/#breadcrumb","itemListElement":[{"@type":"ListItem","position":1,"name":"Accueil","item":"https:\/\/rachat2credit.fr\/guide\/"},{"@type":"ListItem","position":2,"name":"CFCAL Avis : Analyse Compl\u00e8te du Cr\u00e9dit Foncier d&rsquo;Alsace et de Lorraine"}]},{"@type":"WebSite","@id":"https:\/\/rachat2credit.fr\/guide\/#website","url":"https:\/\/rachat2credit.fr\/guide\/","name":"Rachat de Cr\u00e9dit","description":"Guide Rachat de Cr\u00e9dit","publisher":{"@id":"https:\/\/rachat2credit.fr\/guide\/#organization"},"potentialAction":[{"@type":"SearchAction","target":{"@type":"EntryPoint","urlTemplate":"https:\/\/rachat2credit.fr\/guide\/?s={search_term_string}"},"query-input":{"@type":"PropertyValueSpecification","valueRequired":true,"valueName":"search_term_string"}}],"inLanguage":"fr-FR"},{"@type":"Organization","@id":"https:\/\/rachat2credit.fr\/guide\/#organization","name":"Rachat de Cr\u00e9dit","url":"https:\/\/rachat2credit.fr\/guide\/","logo":{"@type":"ImageObject","inLanguage":"fr-FR","@id":"https:\/\/rachat2credit.fr\/guide\/#\/schema\/logo\/image\/","url":"https:\/\/rachat2credit.fr\/guide\/wp-content\/uploads\/2025\/05\/rachat2credit.png","contentUrl":"https:\/\/rachat2credit.fr\/guide\/wp-content\/uploads\/2025\/05\/rachat2credit.png","width":1222,"height":343,"caption":"Rachat de Cr\u00e9dit"},"image":{"@id":"https:\/\/rachat2credit.fr\/guide\/#\/schema\/logo\/image\/"}},{"@type":"Person","@id":"https:\/\/rachat2credit.fr\/guide\/#\/schema\/person\/d4142086d07bc6acdc4722eabd955cc2","name":"Aurelien Boulanger","image":{"@type":"ImageObject","inLanguage":"fr-FR","@id":"https:\/\/secure.gravatar.com\/avatar\/32175434c9ca2b27bfeb905d1c3ec782a789caf494bc0ec8fa6ed0ee39c2e62a?s=96&d=mm&r=g","url":"https:\/\/secure.gravatar.com\/avatar\/32175434c9ca2b27bfeb905d1c3ec782a789caf494bc0ec8fa6ed0ee39c2e62a?s=96&d=mm&r=g","contentUrl":"https:\/\/secure.gravatar.com\/avatar\/32175434c9ca2b27bfeb905d1c3ec782a789caf494bc0ec8fa6ed0ee39c2e62a?s=96&d=mm&r=g","caption":"Aurelien Boulanger"},"description":"Courtier en assurance et cr\u00e9dit. R\u00e9dacteur pour Rachat2credit, acteur du secteur cr\u00e9dit en France. Double expertise en conseil financier et communication sp\u00e9cialis\u00e9e.","sameAs":["https:\/\/rachat2credit.fr\/guide"],"url":"https:\/\/rachat2credit.fr\/guide\/author\/aurelien\/"}]}},"_links":{"self":[{"href":"https:\/\/rachat2credit.fr\/guide\/wp-json\/wp\/v2\/posts\/37","targetHints":{"allow":["GET"]}}],"collection":[{"href":"https:\/\/rachat2credit.fr\/guide\/wp-json\/wp\/v2\/posts"}],"about":[{"href":"https:\/\/rachat2credit.fr\/guide\/wp-json\/wp\/v2\/types\/post"}],"author":[{"embeddable":true,"href":"https:\/\/rachat2credit.fr\/guide\/wp-json\/wp\/v2\/users\/1"}],"replies":[{"embeddable":true,"href":"https:\/\/rachat2credit.fr\/guide\/wp-json\/wp\/v2\/comments?post=37"}],"version-history":[{"count":2,"href":"https:\/\/rachat2credit.fr\/guide\/wp-json\/wp\/v2\/posts\/37\/revisions"}],"predecessor-version":[{"id":339,"href":"https:\/\/rachat2credit.fr\/guide\/wp-json\/wp\/v2\/posts\/37\/revisions\/339"}],"wp:featuredmedia":[{"embeddable":true,"href":"https:\/\/rachat2credit.fr\/guide\/wp-json\/wp\/v2\/media\/38"}],"wp:attachment":[{"href":"https:\/\/rachat2credit.fr\/guide\/wp-json\/wp\/v2\/media?parent=37"}],"wp:term":[{"taxonomy":"category","embeddable":true,"href":"https:\/\/rachat2credit.fr\/guide\/wp-json\/wp\/v2\/categories?post=37"},{"taxonomy":"post_tag","embeddable":true,"href":"https:\/\/rachat2credit.fr\/guide\/wp-json\/wp\/v2\/tags?post=37"}],"curies":[{"name":"wp","href":"https:\/\/api.w.org\/{rel}","templated":true}]}}