{"id":404,"date":"2025-07-21T09:26:13","date_gmt":"2025-07-21T09:26:13","guid":{"rendered":"https:\/\/rachat2credit.fr\/guide\/?p=404"},"modified":"2025-05-19T09:28:22","modified_gmt":"2025-05-19T09:28:22","slug":"rachat-credit-reims","status":"publish","type":"post","link":"https:\/\/rachat2credit.fr\/guide\/rachat-credit-reims\/","title":{"rendered":"Rachat Cr\u00e9dit Reims : Guide Complet 2025"},"content":{"rendered":"\n<p>Le <strong>rachat de cr\u00e9dit<\/strong> repr\u00e9sente une solution financi\u00e8re strat\u00e9gique pour les r\u00e9sidents de Reims souhaitant optimiser leur gestion budg\u00e9taire. Cette op\u00e9ration de <strong>regroupement de pr\u00eats<\/strong> permet de r\u00e9unir plusieurs cr\u00e9dits en cours en un seul financement, offrant ainsi une visibilit\u00e9 renforc\u00e9e sur les \u00e9ch\u00e9ances et une potentielle r\u00e9duction des charges mensuelles.<\/p>\n\n\n\n<div id=\"ez-toc-container\" class=\"ez-toc-v2_0_82_2 counter-hierarchy ez-toc-counter ez-toc-grey ez-toc-container-direction\">\n<p class=\"ez-toc-title\" style=\"cursor:inherit\">Sommaire<\/p>\n<label for=\"ez-toc-cssicon-toggle-item-69f114c01b290\" class=\"ez-toc-cssicon-toggle-label\"><span class=\"ez-toc-cssicon\"><span class=\"eztoc-hide\" style=\"display:none;\">Toggle<\/span><span class=\"ez-toc-icon-toggle-span\"><svg style=\"fill: #999;color:#999\" xmlns=\"http:\/\/www.w3.org\/2000\/svg\" class=\"list-377408\" width=\"20px\" height=\"20px\" viewBox=\"0 0 24 24\" fill=\"none\"><path d=\"M6 6H4v2h2V6zm14 0H8v2h12V6zM4 11h2v2H4v-2zm16 0H8v2h12v-2zM4 16h2v2H4v-2zm16 0H8v2h12v-2z\" fill=\"currentColor\"><\/path><\/svg><svg style=\"fill: #999;color:#999\" class=\"arrow-unsorted-368013\" xmlns=\"http:\/\/www.w3.org\/2000\/svg\" width=\"10px\" height=\"10px\" viewBox=\"0 0 24 24\" version=\"1.2\" baseProfile=\"tiny\"><path d=\"M18.2 9.3l-6.2-6.3-6.2 6.3c-.2.2-.3.4-.3.7s.1.5.3.7c.2.2.4.3.7.3h11c.3 0 .5-.1.7-.3.2-.2.3-.5.3-.7s-.1-.5-.3-.7zM5.8 14.7l6.2 6.3 6.2-6.3c.2-.2.3-.5.3-.7s-.1-.5-.3-.7c-.2-.2-.4-.3-.7-.3h-11c-.3 0-.5.1-.7.3-.2.2-.3.5-.3.7s.1.5.3.7z\"\/><\/svg><\/span><\/span><\/label><input type=\"checkbox\"  id=\"ez-toc-cssicon-toggle-item-69f114c01b290\" checked aria-label=\"Toggle\" \/><nav><ul class='ez-toc-list ez-toc-list-level-1 ' ><li class='ez-toc-page-1 ez-toc-heading-level-2'><a class=\"ez-toc-link ez-toc-heading-1\" href=\"https:\/\/rachat2credit.fr\/guide\/rachat-credit-reims\/#Points_cles_a_retenir\" >Points cl\u00e9s \u00e0 retenir<\/a><\/li><li class='ez-toc-page-1 ez-toc-heading-level-2'><a class=\"ez-toc-link ez-toc-heading-2\" href=\"https:\/\/rachat2credit.fr\/guide\/rachat-credit-reims\/#Rachat_de_credit_a_Reims_Definition_et_fonctionnement\" >Rachat de cr\u00e9dit \u00e0 Reims : D\u00e9finition et fonctionnement<\/a><ul class='ez-toc-list-level-3' ><li class='ez-toc-heading-level-3'><a class=\"ez-toc-link ez-toc-heading-3\" href=\"https:\/\/rachat2credit.fr\/guide\/rachat-credit-reims\/#Principe_du_regroupement_de_credits_dans_la_Marne\" >Principe du regroupement de cr\u00e9dits dans la Marne<\/a><\/li><li class='ez-toc-page-1 ez-toc-heading-level-3'><a class=\"ez-toc-link ez-toc-heading-4\" href=\"https:\/\/rachat2credit.fr\/guide\/rachat-credit-reims\/#Types_de_dettes_regroupables_a_Reims\" >Types de dettes regroupables \u00e0 Reims<\/a><\/li><li class='ez-toc-page-1 ez-toc-heading-level-3'><a class=\"ez-toc-link ez-toc-heading-5\" href=\"https:\/\/rachat2credit.fr\/guide\/rachat-credit-reims\/#Mecanisme_de_substitution_des_prets_existants\" >M\u00e9canisme de substitution des pr\u00eats existants<\/a><\/li><\/ul><\/li><li class='ez-toc-page-1 ez-toc-heading-level-2'><a class=\"ez-toc-link ez-toc-heading-6\" href=\"https:\/\/rachat2credit.fr\/guide\/rachat-credit-reims\/#Avantages_du_rachat_de_credit_pour_les_Remois\" >Avantages du rachat de cr\u00e9dit pour les R\u00e9mois<\/a><ul class='ez-toc-list-level-3' ><li class='ez-toc-heading-level-3'><a class=\"ez-toc-link ez-toc-heading-7\" href=\"https:\/\/rachat2credit.fr\/guide\/rachat-credit-reims\/#Reduction_significative_des_mensualites\" >R\u00e9duction significative des mensualit\u00e9s<\/a><\/li><li class='ez-toc-page-1 ez-toc-heading-level-3'><a class=\"ez-toc-link ez-toc-heading-8\" href=\"https:\/\/rachat2credit.fr\/guide\/rachat-credit-reims\/#Simplification_de_la_gestion_financiere\" >Simplification de la gestion financi\u00e8re<\/a><\/li><li class='ez-toc-page-1 ez-toc-heading-level-3'><a class=\"ez-toc-link ez-toc-heading-9\" href=\"https:\/\/rachat2credit.fr\/guide\/rachat-credit-reims\/#Possibilite_dinclure_une_tresorerie_supplementaire\" >Possibilit\u00e9 d&rsquo;inclure une tr\u00e9sorerie suppl\u00e9mentaire<\/a><\/li><li class='ez-toc-page-1 ez-toc-heading-level-3'><a class=\"ez-toc-link ez-toc-heading-10\" href=\"https:\/\/rachat2credit.fr\/guide\/rachat-credit-reims\/#Solution_anti-surendettement_adaptee_au_marche_local\" >Solution anti-surendettement adapt\u00e9e au march\u00e9 local<\/a><\/li><\/ul><\/li><li class='ez-toc-page-1 ez-toc-heading-level-2'><a class=\"ez-toc-link ez-toc-heading-11\" href=\"https:\/\/rachat2credit.fr\/guide\/rachat-credit-reims\/#Conditions_deligibilite_au_rachat_de_credit_a_Reims\" >Conditions d&rsquo;\u00e9ligibilit\u00e9 au rachat de cr\u00e9dit \u00e0 Reims<\/a><ul class='ez-toc-list-level-3' ><li class='ez-toc-heading-level-3'><a class=\"ez-toc-link ez-toc-heading-12\" href=\"https:\/\/rachat2credit.fr\/guide\/rachat-credit-reims\/#Criteres_de_revenus_et_stabilite_professionnelle\" >Crit\u00e8res de revenus et stabilit\u00e9 professionnelle<\/a><\/li><li class='ez-toc-page-1 ez-toc-heading-level-3'><a class=\"ez-toc-link ez-toc-heading-13\" href=\"https:\/\/rachat2credit.fr\/guide\/rachat-credit-reims\/#Montant_minimum_des_credits_a_regrouper\" >Montant minimum des cr\u00e9dits \u00e0 regrouper<\/a><\/li><li class='ez-toc-page-1 ez-toc-heading-level-3'><a class=\"ez-toc-link ez-toc-heading-14\" href=\"https:\/\/rachat2credit.fr\/guide\/rachat-credit-reims\/#Taux_dendettement_maximum_accepte\" >Taux d&rsquo;endettement maximum accept\u00e9<\/a><\/li><li class='ez-toc-page-1 ez-toc-heading-level-3'><a class=\"ez-toc-link ez-toc-heading-15\" href=\"https:\/\/rachat2credit.fr\/guide\/rachat-credit-reims\/#Situation_geographique_et_specificites_regionales\" >Situation g\u00e9ographique et sp\u00e9cificit\u00e9s r\u00e9gionales<\/a><\/li><\/ul><\/li><li class='ez-toc-page-1 ez-toc-heading-level-2'><a class=\"ez-toc-link ez-toc-heading-16\" href=\"https:\/\/rachat2credit.fr\/guide\/rachat-credit-reims\/#Types_de_rachat_de_credit_disponibles_a_Reims\" >Types de rachat de cr\u00e9dit disponibles \u00e0 Reims<\/a><ul class='ez-toc-list-level-3' ><li class='ez-toc-heading-level-3'><a class=\"ez-toc-link ez-toc-heading-17\" href=\"https:\/\/rachat2credit.fr\/guide\/rachat-credit-reims\/#Rachat_de_credits_a_la_consommation\" >Rachat de cr\u00e9dits \u00e0 la consommation<\/a><\/li><li class='ez-toc-page-1 ez-toc-heading-level-3'><a class=\"ez-toc-link ez-toc-heading-18\" href=\"https:\/\/rachat2credit.fr\/guide\/rachat-credit-reims\/#Regroupement_hypothecaire_immobilier_consommation\" >Regroupement hypoth\u00e9caire (immobilier + consommation)<\/a><\/li><li class='ez-toc-page-1 ez-toc-heading-level-3'><a class=\"ez-toc-link ez-toc-heading-19\" href=\"https:\/\/rachat2credit.fr\/guide\/rachat-credit-reims\/#Rachat_de_credit_avec_financement_de_nouveaux_projets\" >Rachat de cr\u00e9dit avec financement de nouveaux projets<\/a><\/li><li class='ez-toc-page-1 ez-toc-heading-level-3'><a class=\"ez-toc-link ez-toc-heading-20\" href=\"https:\/\/rachat2credit.fr\/guide\/rachat-credit-reims\/#Solutions_specialisees_pour_les_fonctionnaires\" >Solutions sp\u00e9cialis\u00e9es pour les fonctionnaires<\/a><\/li><\/ul><\/li><li class='ez-toc-page-1 ez-toc-heading-level-2'><a class=\"ez-toc-link ez-toc-heading-21\" href=\"https:\/\/rachat2credit.fr\/guide\/rachat-credit-reims\/#Processus_et_demarches_pour_obtenir_un_rachat_de_credit_a_Reims\" >Processus et d\u00e9marches pour obtenir un rachat de cr\u00e9dit \u00e0 Reims<\/a><ul class='ez-toc-list-level-3' ><li class='ez-toc-heading-level-3'><a class=\"ez-toc-link ez-toc-heading-22\" href=\"https:\/\/rachat2credit.fr\/guide\/rachat-credit-reims\/#Constitution_du_dossier_de_demande\" >Constitution du dossier de demande<\/a><\/li><li class='ez-toc-page-1 ez-toc-heading-level-3'><a class=\"ez-toc-link ez-toc-heading-23\" href=\"https:\/\/rachat2credit.fr\/guide\/rachat-credit-reims\/#Documents_obligatoires_et_pieces_justificatives\" >Documents obligatoires et pi\u00e8ces justificatives<\/a><\/li><li class='ez-toc-page-1 ez-toc-heading-level-3'><a class=\"ez-toc-link ez-toc-heading-24\" href=\"https:\/\/rachat2credit.fr\/guide\/rachat-credit-reims\/#Etapes_de_validation_et_delais_de_traitement\" >\u00c9tapes de validation et d\u00e9lais de traitement<\/a><\/li><li class='ez-toc-page-1 ez-toc-heading-level-3'><a class=\"ez-toc-link ez-toc-heading-25\" href=\"https:\/\/rachat2credit.fr\/guide\/rachat-credit-reims\/#Signature_et_mise_en_place_du_nouveau_credit\" >Signature et mise en place du nouveau cr\u00e9dit<\/a><\/li><\/ul><\/li><li class='ez-toc-page-1 ez-toc-heading-level-2'><a class=\"ez-toc-link ez-toc-heading-26\" href=\"https:\/\/rachat2credit.fr\/guide\/rachat-credit-reims\/#Courtiers_en_rachat_de_credit_a_Reims_Avantages_et_selection\" >Courtiers en rachat de cr\u00e9dit \u00e0 Reims : Avantages et s\u00e9lection<\/a><ul class='ez-toc-list-level-3' ><li class='ez-toc-heading-level-3'><a class=\"ez-toc-link ez-toc-heading-27\" href=\"https:\/\/rachat2credit.fr\/guide\/rachat-credit-reims\/#Role_et_expertise_des_courtiers_specialises\" >R\u00f4le et expertise des courtiers sp\u00e9cialis\u00e9s<\/a><\/li><li class='ez-toc-page-1 ez-toc-heading-level-3'><a class=\"ez-toc-link ez-toc-heading-28\" href=\"https:\/\/rachat2credit.fr\/guide\/rachat-credit-reims\/#Negociation_des_conditions_et_taux_preferentiels\" >N\u00e9gociation des conditions et taux pr\u00e9f\u00e9rentiels<\/a><\/li><li class='ez-toc-page-1 ez-toc-heading-level-3'><a class=\"ez-toc-link ez-toc-heading-29\" href=\"https:\/\/rachat2credit.fr\/guide\/rachat-credit-reims\/#Comparaison_des_offres_bancaires_locales\" >Comparaison des offres bancaires locales<\/a><\/li><li class='ez-toc-page-1 ez-toc-heading-level-3'><a class=\"ez-toc-link ez-toc-heading-30\" href=\"https:\/\/rachat2credit.fr\/guide\/rachat-credit-reims\/#Accompagnement_personnalise_et_suivi_de_dossier\" >Accompagnement personnalis\u00e9 et suivi de dossier<\/a><\/li><\/ul><\/li><li class='ez-toc-page-1 ez-toc-heading-level-2'><a class=\"ez-toc-link ez-toc-heading-31\" href=\"https:\/\/rachat2credit.fr\/guide\/rachat-credit-reims\/#Couts_et_frais_associes_au_rachat_de_credit_a_Reims\" >Co\u00fbts et frais associ\u00e9s au rachat de cr\u00e9dit \u00e0 Reims<\/a><ul class='ez-toc-list-level-3' ><li class='ez-toc-heading-level-3'><a class=\"ez-toc-link ez-toc-heading-32\" href=\"https:\/\/rachat2credit.fr\/guide\/rachat-credit-reims\/#Taux_dinteret_pratiques_sur_le_marche_remois\" >Taux d&rsquo;int\u00e9r\u00eat pratiqu\u00e9s sur le march\u00e9 r\u00e9mois<\/a><\/li><li class='ez-toc-page-1 ez-toc-heading-level-3'><a class=\"ez-toc-link ez-toc-heading-33\" href=\"https:\/\/rachat2credit.fr\/guide\/rachat-credit-reims\/#Frais_de_dossier_et_commissions_de_courtage\" >Frais de dossier et commissions de courtage<\/a><\/li><li class='ez-toc-page-1 ez-toc-heading-level-3'><a class=\"ez-toc-link ez-toc-heading-34\" href=\"https:\/\/rachat2credit.fr\/guide\/rachat-credit-reims\/#Cout_total_du_credit_et_impact_de_lallongement_de_duree\" >Co\u00fbt total du cr\u00e9dit et impact de l&rsquo;allongement de dur\u00e9e<\/a><\/li><li class='ez-toc-page-1 ez-toc-heading-level-3'><a class=\"ez-toc-link ez-toc-heading-35\" href=\"https:\/\/rachat2credit.fr\/guide\/rachat-credit-reims\/#Comparaison_avec_les_tarifs_bancaires_classiques\" >Comparaison avec les tarifs bancaires classiques<\/a><\/li><\/ul><\/li><li class='ez-toc-page-1 ez-toc-heading-level-2'><a class=\"ez-toc-link ez-toc-heading-36\" href=\"https:\/\/rachat2credit.fr\/guide\/rachat-credit-reims\/#Banques_et_organismes_de_rachat_de_credit_a_Reims\" >Banques et organismes de rachat de cr\u00e9dit \u00e0 Reims<\/a><ul class='ez-toc-list-level-3' ><li class='ez-toc-heading-level-3'><a class=\"ez-toc-link ez-toc-heading-37\" href=\"https:\/\/rachat2credit.fr\/guide\/rachat-credit-reims\/#Etablissements_bancaires_traditionnels_presents_a_Reims\" >\u00c9tablissements bancaires traditionnels pr\u00e9sents \u00e0 Reims<\/a><\/li><li class='ez-toc-page-1 ez-toc-heading-level-3'><a class=\"ez-toc-link ez-toc-heading-38\" href=\"https:\/\/rachat2credit.fr\/guide\/rachat-credit-reims\/#Organismes_specialises_dans_le_regroupement_de_prets\" >Organismes sp\u00e9cialis\u00e9s dans le regroupement de pr\u00eats<\/a><\/li><li class='ez-toc-page-1 ez-toc-heading-level-3'><a class=\"ez-toc-link ez-toc-heading-39\" href=\"https:\/\/rachat2credit.fr\/guide\/rachat-credit-reims\/#Criteres_de_choix_de_lorganisme_preteur\" >Crit\u00e8res de choix de l&rsquo;organisme pr\u00eateur<\/a><\/li><li class='ez-toc-page-1 ez-toc-heading-level-3'><a class=\"ez-toc-link ez-toc-heading-40\" href=\"https:\/\/rachat2credit.fr\/guide\/rachat-credit-reims\/#Negociation_directe_vs_passage_par_un_courtier\" >N\u00e9gociation directe vs passage par un courtier<\/a><\/li><\/ul><\/li><li class='ez-toc-page-1 ez-toc-heading-level-2'><a class=\"ez-toc-link ez-toc-heading-41\" href=\"https:\/\/rachat2credit.fr\/guide\/rachat-credit-reims\/#Simulation_et_calcul_de_rachat_de_credit_a_Reims\" >Simulation et calcul de rachat de cr\u00e9dit \u00e0 Reims<\/a><ul class='ez-toc-list-level-3' ><li class='ez-toc-heading-level-3'><a class=\"ez-toc-link ez-toc-heading-42\" href=\"https:\/\/rachat2credit.fr\/guide\/rachat-credit-reims\/#Outils_de_simulation_en_ligne_personnalises\" >Outils de simulation en ligne personnalis\u00e9s<\/a><\/li><li class='ez-toc-page-1 ez-toc-heading-level-3'><a class=\"ez-toc-link ez-toc-heading-43\" href=\"https:\/\/rachat2credit.fr\/guide\/rachat-credit-reims\/#Calcul_de_la_nouvelle_mensualite\" >Calcul de la nouvelle mensualit\u00e9<\/a><\/li><li class='ez-toc-page-1 ez-toc-heading-level-3'><a class=\"ez-toc-link ez-toc-heading-44\" href=\"https:\/\/rachat2credit.fr\/guide\/rachat-credit-reims\/#Evaluation_du_gain_financier_mensuel\" >\u00c9valuation du gain financier mensuel<\/a><\/li><li class='ez-toc-page-1 ez-toc-heading-level-3'><a class=\"ez-toc-link ez-toc-heading-45\" href=\"https:\/\/rachat2credit.fr\/guide\/rachat-credit-reims\/#Projection_sur_la_duree_totale_de_remboursement\" >Projection sur la dur\u00e9e totale de remboursement<\/a><\/li><\/ul><\/li><li class='ez-toc-page-1 ez-toc-heading-level-2'><a class=\"ez-toc-link ez-toc-heading-46\" href=\"https:\/\/rachat2credit.fr\/guide\/rachat-credit-reims\/#Cas_concrets_et_temoignages_de_rachat_de_credit_a_Reims\" >Cas concrets et t\u00e9moignages de rachat de cr\u00e9dit \u00e0 Reims<\/a><ul class='ez-toc-list-level-3' ><li class='ez-toc-heading-level-3'><a class=\"ez-toc-link ez-toc-heading-47\" href=\"https:\/\/rachat2credit.fr\/guide\/rachat-credit-reims\/#Profil_emprunteur_couple_de_fonctionnaires_remois\" >Profil emprunteur : couple de fonctionnaires r\u00e9mois<\/a><\/li><li class='ez-toc-page-1 ez-toc-heading-level-3'><a class=\"ez-toc-link ez-toc-heading-48\" href=\"https:\/\/rachat2credit.fr\/guide\/rachat-credit-reims\/#Situation_de_surendettement_resolue_par_regroupement\" >Situation de surendettement r\u00e9solue par regroupement<\/a><\/li><li class='ez-toc-page-1 ez-toc-heading-level-3'><a class=\"ez-toc-link ez-toc-heading-49\" href=\"https:\/\/rachat2credit.fr\/guide\/rachat-credit-reims\/#Financement_dun_projet_immobilier_par_rachat_hypothecaire\" >Financement d&rsquo;un projet immobilier par rachat hypoth\u00e9caire<\/a><\/li><li class='ez-toc-page-1 ez-toc-heading-level-3'><a class=\"ez-toc-link ez-toc-heading-50\" href=\"https:\/\/rachat2credit.fr\/guide\/rachat-credit-reims\/#Optimisation_fiscale_pour_les_residents_de_la_Marne\" >Optimisation fiscale pour les r\u00e9sidents de la Marne<\/a><\/li><\/ul><\/li><li class='ez-toc-page-1 ez-toc-heading-level-2'><a class=\"ez-toc-link ez-toc-heading-51\" href=\"https:\/\/rachat2credit.fr\/guide\/rachat-credit-reims\/#Alternatives_au_rachat_de_credit_a_Reims\" >Alternatives au rachat de cr\u00e9dit \u00e0 Reims<\/a><ul class='ez-toc-list-level-3' ><li class='ez-toc-heading-level-3'><a class=\"ez-toc-link ez-toc-heading-52\" href=\"https:\/\/rachat2credit.fr\/guide\/rachat-credit-reims\/#Renegociation_des_credits_existants\" >Ren\u00e9gociation des cr\u00e9dits existants<\/a><\/li><li class='ez-toc-page-1 ez-toc-heading-level-3'><a class=\"ez-toc-link ez-toc-heading-53\" href=\"https:\/\/rachat2credit.fr\/guide\/rachat-credit-reims\/#Remboursement_anticipe_partiel_ou_total\" >Remboursement anticip\u00e9 partiel ou total<\/a><\/li><li class='ez-toc-page-1 ez-toc-heading-level-3'><a class=\"ez-toc-link ez-toc-heading-54\" href=\"https:\/\/rachat2credit.fr\/guide\/rachat-credit-reims\/#Solutions_de_mediation_et_accompagnement_social\" >Solutions de m\u00e9diation et accompagnement social<\/a><\/li><li class='ez-toc-page-1 ez-toc-heading-level-3'><a class=\"ez-toc-link ez-toc-heading-55\" href=\"https:\/\/rachat2credit.fr\/guide\/rachat-credit-reims\/#Prets_sociaux_et_aides_locales_disponibles\" >Pr\u00eats sociaux et aides locales disponibles<\/a><\/li><\/ul><\/li><li class='ez-toc-page-1 ez-toc-heading-level-2'><a class=\"ez-toc-link ez-toc-heading-56\" href=\"https:\/\/rachat2credit.fr\/guide\/rachat-credit-reims\/#Reglementation_et_protection_du_consommateur\" >R\u00e9glementation et protection du consommateur<\/a><ul class='ez-toc-list-level-3' ><li class='ez-toc-heading-level-3'><a class=\"ez-toc-link ez-toc-heading-57\" href=\"https:\/\/rachat2credit.fr\/guide\/rachat-credit-reims\/#Loi_Lagarde_et_droit_de_retractation\" >Loi Lagarde et droit de r\u00e9tractation<\/a><\/li><li class='ez-toc-page-1 ez-toc-heading-level-3'><a class=\"ez-toc-link ez-toc-heading-58\" href=\"https:\/\/rachat2credit.fr\/guide\/rachat-credit-reims\/#Obligations_legales_des_etablissements_preteurs\" >Obligations l\u00e9gales des \u00e9tablissements pr\u00eateurs<\/a><\/li><li class='ez-toc-page-1 ez-toc-heading-level-3'><a class=\"ez-toc-link ez-toc-heading-59\" href=\"https:\/\/rachat2credit.fr\/guide\/rachat-credit-reims\/#Recours_en_cas_de_litige_ou_de_demarchage_abusif\" >Recours en cas de litige ou de d\u00e9marchage abusif<\/a><\/li><li class='ez-toc-page-1 ez-toc-heading-level-3'><a class=\"ez-toc-link ez-toc-heading-60\" href=\"https:\/\/rachat2credit.fr\/guide\/rachat-credit-reims\/#Role_de_la_Banque_de_France_dans_le_surendettement\" >R\u00f4le de la Banque de France dans le surendettement<\/a><\/li><\/ul><\/li><li class='ez-toc-page-1 ez-toc-heading-level-2'><a class=\"ez-toc-link ez-toc-heading-61\" href=\"https:\/\/rachat2credit.fr\/guide\/rachat-credit-reims\/#Questions_frequentes_sur_le_rachat_de_credit_a_Reims\" >Questions fr\u00e9quentes sur le rachat de cr\u00e9dit \u00e0 Reims<\/a><ul class='ez-toc-list-level-3' ><li class='ez-toc-heading-level-3'><a class=\"ez-toc-link ez-toc-heading-62\" href=\"https:\/\/rachat2credit.fr\/guide\/rachat-credit-reims\/#Puis-je_inclure_tous_mes_credits_dans_le_regroupement\" >Puis-je inclure tous mes cr\u00e9dits dans le regroupement ?<\/a><\/li><li class='ez-toc-page-1 ez-toc-heading-level-3'><a class=\"ez-toc-link ez-toc-heading-63\" href=\"https:\/\/rachat2credit.fr\/guide\/rachat-credit-reims\/#Combien_de_temps_pour_obtenir_un_accord_de_principe\" >Combien de temps pour obtenir un accord de principe ?<\/a><\/li><li class='ez-toc-page-1 ez-toc-heading-level-3'><a class=\"ez-toc-link ez-toc-heading-64\" href=\"https:\/\/rachat2credit.fr\/guide\/rachat-credit-reims\/#Le_rachat_de_credit_affecte-t-il_mon_fichage_bancaire\" >Le rachat de cr\u00e9dit affecte-t-il mon fichage bancaire ?<\/a><\/li><li class='ez-toc-page-1 ez-toc-heading-level-3'><a class=\"ez-toc-link ez-toc-heading-65\" href=\"https:\/\/rachat2credit.fr\/guide\/rachat-credit-reims\/#Puis-je_changer_davis_apres_signature_de_loffre\" >Puis-je changer d&rsquo;avis apr\u00e8s signature de l&rsquo;offre ?<\/a><\/li><\/ul><\/li><li class='ez-toc-page-1 ez-toc-heading-level-2'><a class=\"ez-toc-link ez-toc-heading-66\" href=\"https:\/\/rachat2credit.fr\/guide\/rachat-credit-reims\/#Conclusion_Optimiser_sa_situation_financiere_grace_au_rachat_de_credit_a_Reims\" >Conclusion : Optimiser sa situation financi\u00e8re gr\u00e2ce au rachat de cr\u00e9dit \u00e0 Reims<\/a><ul class='ez-toc-list-level-3' ><li class='ez-toc-heading-level-3'><a class=\"ez-toc-link ez-toc-heading-67\" href=\"https:\/\/rachat2credit.fr\/guide\/rachat-credit-reims\/#Synthese_des_benefices_du_regroupement_de_credits\" >Synth\u00e8se des b\u00e9n\u00e9fices du regroupement de cr\u00e9dits<\/a><\/li><li class='ez-toc-page-1 ez-toc-heading-level-3'><a class=\"ez-toc-link ez-toc-heading-68\" href=\"https:\/\/rachat2credit.fr\/guide\/rachat-credit-reims\/#Conseils_pour_maximiser_les_chances_dacceptation\" >Conseils pour maximiser les chances d&rsquo;acceptation<\/a><\/li><li class='ez-toc-page-1 ez-toc-heading-level-3'><a class=\"ez-toc-link ez-toc-heading-69\" href=\"https:\/\/rachat2credit.fr\/guide\/rachat-credit-reims\/#Importance_de_laccompagnement_professionnel_personnalise\" >Importance de l&rsquo;accompagnement professionnel personnalis\u00e9<\/a><\/li><\/ul><\/li><\/ul><\/nav><\/div>\n<h2 class=\"wp-block-heading\"><span class=\"ez-toc-section\" id=\"Points_cles_a_retenir\"><\/span>Points cl\u00e9s \u00e0 retenir<span class=\"ez-toc-section-end\"><\/span><\/h2>\n\n\n\n<figure class=\"wp-block-table\"><table class=\"has-fixed-layout\"><thead><tr><th>Aspect<\/th><th>Information essentielle<\/th><\/tr><\/thead><tbody><tr><td><strong>Objectif principal<\/strong><\/td><td>R\u00e9duire les mensualit\u00e9s et simplifier la gestion financi\u00e8re<\/td><\/tr><tr><td><strong>Types de cr\u00e9dits regroupables<\/strong><\/td><td>Consommation, immobilier, cr\u00e9dit-bail, d\u00e9couverts<\/td><\/tr><tr><td><strong>Condition d&rsquo;\u00e9ligibilit\u00e9<\/strong><\/td><td>Taux d&rsquo;endettement g\u00e9n\u00e9ralement &lt; 33%<\/td><\/tr><tr><td><strong>Montant minimum<\/strong><\/td><td>\u00c0 partir de 15 000 \u20ac de dettes cumul\u00e9es<\/td><\/tr><tr><td><strong>Dur\u00e9e moyenne<\/strong><\/td><td>Extension possible jusqu&rsquo;\u00e0 25 ans (hypoth\u00e9caire)<\/td><\/tr><tr><td><strong>Frais moyens<\/strong><\/td><td>0,5 \u00e0 1,5% du montant emprunt\u00e9<\/td><\/tr><tr><td><strong>D\u00e9lai de traitement<\/strong><\/td><td>2 \u00e0 8 semaines selon la complexit\u00e9<\/td><\/tr><\/tbody><\/table><\/figure>\n\n\n\n<h2 class=\"wp-block-heading\"><span class=\"ez-toc-section\" id=\"Rachat_de_credit_a_Reims_Definition_et_fonctionnement\"><\/span>Rachat de cr\u00e9dit \u00e0 Reims : D\u00e9finition et fonctionnement<span class=\"ez-toc-section-end\"><\/span><\/h2>\n\n\n\n<h3 class=\"wp-block-heading\"><span class=\"ez-toc-section\" id=\"Principe_du_regroupement_de_credits_dans_la_Marne\"><\/span>Principe du regroupement de cr\u00e9dits dans la Marne<span class=\"ez-toc-section-end\"><\/span><\/h3>\n\n\n\n<p>Le <strong>rachat de cr\u00e9dit<\/strong> consiste en la substitution de plusieurs emprunts existants par un nouveau financement unique. Cette op\u00e9ration financi\u00e8re, parfaitement encadr\u00e9e par la l\u00e9gislation fran\u00e7aise, permet aux emprunteurs r\u00e9mois de restructurer leur endettement selon leurs capacit\u00e9s de remboursement actuelles.<\/p>\n\n\n\n<p>L&rsquo;organisme financier rembourse l&rsquo;int\u00e9gralit\u00e9 des cr\u00e9ances en cours aupr\u00e8s des cr\u00e9anciers initiaux, puis \u00e9tablit un nouveau contrat de pr\u00eat avec des conditions tarifaires et temporelles ren\u00e9goci\u00e9es.<\/p>\n\n\n\n<h3 class=\"wp-block-heading\"><span class=\"ez-toc-section\" id=\"Types_de_dettes_regroupables_a_Reims\"><\/span>Types de dettes regroupables \u00e0 Reims<span class=\"ez-toc-section-end\"><\/span><\/h3>\n\n\n\n<p>Les \u00e9tablissements bancaires de la r\u00e9gion r\u00e9moise acceptent g\u00e9n\u00e9ralement de regrouper :<\/p>\n\n\n\n<ul class=\"wp-block-list\">\n<li><strong>Cr\u00e9dits \u00e0 la consommation<\/strong> : personnels, affect\u00e9s, cartes de cr\u00e9dit<\/li>\n\n\n\n<li><strong>Pr\u00eats immobiliers<\/strong> en cours de remboursement<\/li>\n\n\n\n<li><strong>Cr\u00e9dit-bail automobile<\/strong> et professionnel<\/li>\n\n\n\n<li><strong>D\u00e9couverts bancaires<\/strong> r\u00e9currents et autoris\u00e9s<\/li>\n\n\n\n<li><strong>Dettes fiscales<\/strong> sous conditions sp\u00e9cifiques<\/li>\n<\/ul>\n\n\n\n<h3 class=\"wp-block-heading\"><span class=\"ez-toc-section\" id=\"Mecanisme_de_substitution_des_prets_existants\"><\/span>M\u00e9canisme de substitution des pr\u00eats existants<span class=\"ez-toc-section-end\"><\/span><\/h3>\n\n\n\n<p>La proc\u00e9dure de substitution s&rsquo;organise selon un protocole structur\u00e9 :<\/p>\n\n\n\n<p><strong>Phase 1<\/strong> : \u00c9valuation des cr\u00e9ances existantes et calcul du capital restant d\u00fb <strong>Phase 2<\/strong> : N\u00e9gociation des nouvelles conditions tarifaires et de remboursement <strong>Phase 3<\/strong> : Remboursement int\u00e9gral des cr\u00e9anciers par l&rsquo;organisme substitu\u00e9 <strong>Phase 4<\/strong> : Mise en place du nouveau cr\u00e9dit selon les modalit\u00e9s convenues<\/p>\n\n\n\n<h2 class=\"wp-block-heading\"><span class=\"ez-toc-section\" id=\"Avantages_du_rachat_de_credit_pour_les_Remois\"><\/span>Avantages du rachat de cr\u00e9dit pour les R\u00e9mois<span class=\"ez-toc-section-end\"><\/span><\/h2>\n\n\n\n<h3 class=\"wp-block-heading\"><span class=\"ez-toc-section\" id=\"Reduction_significative_des_mensualites\"><\/span>R\u00e9duction significative des mensualit\u00e9s<span class=\"ez-toc-section-end\"><\/span><\/h3>\n\n\n\n<p>La <strong>diminution des \u00e9ch\u00e9ances mensuelles<\/strong> constitue l&rsquo;avantage primordial du regroupement. Les emprunteurs r\u00e9mois observent g\u00e9n\u00e9ralement une baisse de <strong>30 \u00e0 60%<\/strong> de leurs charges de remboursement, lib\u00e9rant ainsi du pouvoir d&rsquo;achat pour leurs d\u00e9penses courantes.<\/p>\n\n\n\n<p>Cette optimisation r\u00e9sulte de l&rsquo;<strong>allongement de la dur\u00e9e de remboursement<\/strong> et de la ren\u00e9gociation des taux d&rsquo;int\u00e9r\u00eat selon les conditions du march\u00e9 au moment de l&rsquo;op\u00e9ration.<\/p>\n\n\n\n<h3 class=\"wp-block-heading\"><span class=\"ez-toc-section\" id=\"Simplification_de_la_gestion_financiere\"><\/span>Simplification de la gestion financi\u00e8re<span class=\"ez-toc-section-end\"><\/span><\/h3>\n\n\n\n<p>Le passage de multiples \u00e9ch\u00e9ances \u00e0 un <strong>pr\u00e9l\u00e8vement unique mensuel<\/strong> simplifie consid\u00e9rablement la gestion budg\u00e9taire. Cette centralisation \u00e9limine les risques d&rsquo;oubli de paiement et facilite le suivi des d\u00e9penses pour les foyers r\u00e9mois.<\/p>\n\n\n\n<p>L&rsquo;<strong>interlocuteur unique<\/strong> remplace les relations avec plusieurs \u00e9tablissements, optimisant ainsi les d\u00e9marches administratives et le suivi du dossier.<\/p>\n\n\n\n<h3 class=\"wp-block-heading\"><span class=\"ez-toc-section\" id=\"Possibilite_dinclure_une_tresorerie_supplementaire\"><\/span>Possibilit\u00e9 d&rsquo;inclure une tr\u00e9sorerie suppl\u00e9mentaire<span class=\"ez-toc-section-end\"><\/span><\/h3>\n\n\n\n<p>L&rsquo;op\u00e9ration de rachat peut int\u00e9grer un <strong>financement compl\u00e9mentaire<\/strong> destin\u00e9 \u00e0 de nouveaux projets :<\/p>\n\n\n\n<ul class=\"wp-block-list\">\n<li>Travaux de r\u00e9novation \u00e9nerg\u00e9tique<\/li>\n\n\n\n<li>Acquisition de v\u00e9hicule<\/li>\n\n\n\n<li>Investissement immobilier locatif<\/li>\n\n\n\n<li>Constitution d&rsquo;une r\u00e9serve de tr\u00e9sorerie<\/li>\n<\/ul>\n\n\n\n<h3 class=\"wp-block-heading\"><span class=\"ez-toc-section\" id=\"Solution_anti-surendettement_adaptee_au_marche_local\"><\/span>Solution anti-surendettement adapt\u00e9e au march\u00e9 local<span class=\"ez-toc-section-end\"><\/span><\/h3>\n\n\n\n<p>Pour les r\u00e9sidents de Reims confront\u00e9s \u00e0 des difficult\u00e9s de remboursement, le rachat de cr\u00e9dit constitue une alternative pr\u00e9ventive au <strong>d\u00e9p\u00f4t de dossier de surendettement<\/strong>. Cette solution pr\u00e9serve l&rsquo;<strong>historique de cr\u00e9dit<\/strong> et maintient l&rsquo;acc\u00e8s aux services bancaires traditionnels.<\/p>\n\n\n\n<h2 class=\"wp-block-heading\"><span class=\"ez-toc-section\" id=\"Conditions_deligibilite_au_rachat_de_credit_a_Reims\"><\/span>Conditions d&rsquo;\u00e9ligibilit\u00e9 au rachat de cr\u00e9dit \u00e0 Reims<span class=\"ez-toc-section-end\"><\/span><\/h2>\n\n\n\n<h3 class=\"wp-block-heading\"><span class=\"ez-toc-section\" id=\"Criteres_de_revenus_et_stabilite_professionnelle\"><\/span>Crit\u00e8res de revenus et stabilit\u00e9 professionnelle<span class=\"ez-toc-section-end\"><\/span><\/h3>\n\n\n\n<p>Les organismes pr\u00eateurs \u00e9valuent la <strong>capacit\u00e9 de remboursement<\/strong> selon des crit\u00e8res stricts :<\/p>\n\n\n\n<figure class=\"wp-block-table\"><table class=\"has-fixed-layout\"><thead><tr><th>Statut professionnel<\/th><th>Anciennet\u00e9 minimale requise<\/th><\/tr><\/thead><tbody><tr><td><strong>CDI secteur priv\u00e9<\/strong><\/td><td>3 \u00e0 6 mois<\/td><\/tr><tr><td><strong>Fonctionnaire<\/strong><\/td><td>Titularisation effective<\/td><\/tr><tr><td><strong>Profession lib\u00e9rale<\/strong><\/td><td>2 \u00e0 3 ans d&rsquo;exercice<\/td><\/tr><tr><td><strong>Retrait\u00e9<\/strong><\/td><td>Pension d\u00e9finitive<\/td><\/tr><\/tbody><\/table><\/figure>\n\n\n\n<p>Les revenus pris en compte incluent les salaires nets, pensions, revenus fonciers et allocations p\u00e9rennes.<\/p>\n\n\n\n<h3 class=\"wp-block-heading\"><span class=\"ez-toc-section\" id=\"Montant_minimum_des_credits_a_regrouper\"><\/span>Montant minimum des cr\u00e9dits \u00e0 regrouper<span class=\"ez-toc-section-end\"><\/span><\/h3>\n\n\n\n<p>Le seuil d&rsquo;intervention varie selon le type d&rsquo;op\u00e9ration :<\/p>\n\n\n\n<ul class=\"wp-block-list\">\n<li><strong>Rachat consommation<\/strong> : 15 000 \u20ac minimum<\/li>\n\n\n\n<li><strong>Rachat hypoth\u00e9caire<\/strong> : 50 000 \u20ac minimum<\/li>\n\n\n\n<li><strong>Regroupement mixte<\/strong> : 30 000 \u20ac minimum<\/li>\n<\/ul>\n\n\n\n<h3 class=\"wp-block-heading\"><span class=\"ez-toc-section\" id=\"Taux_dendettement_maximum_accepte\"><\/span>Taux d&rsquo;endettement maximum accept\u00e9<span class=\"ez-toc-section-end\"><\/span><\/h3>\n\n\n\n<p>Le <strong>ratio d&rsquo;endettement<\/strong> post-rachat doit respecter les normes prudentielles :<\/p>\n\n\n\n<ul class=\"wp-block-list\">\n<li><strong>Particuliers<\/strong> : 33% des revenus nets maximum<\/li>\n\n\n\n<li><strong>Profils s\u00e9curis\u00e9s<\/strong> : jusqu&rsquo;\u00e0 35% sous conditions<\/li>\n\n\n\n<li><strong>Fonctionnaires<\/strong> : possibilit\u00e9 d&rsquo;extension \u00e0 40%<\/li>\n<\/ul>\n\n\n\n<h3 class=\"wp-block-heading\"><span class=\"ez-toc-section\" id=\"Situation_geographique_et_specificites_regionales\"><\/span>Situation g\u00e9ographique et sp\u00e9cificit\u00e9s r\u00e9gionales<span class=\"ez-toc-section-end\"><\/span><\/h3>\n\n\n\n<p>La localisation \u00e0 Reims et dans la Marne peut influencer l&rsquo;\u00e9valuation :<\/p>\n\n\n\n<ul class=\"wp-block-list\">\n<li><strong>March\u00e9 immobilier local<\/strong> : valorisation des biens en garantie<\/li>\n\n\n\n<li><strong>Bassin d&#8217;emploi<\/strong> : stabilit\u00e9 \u00e9conomique r\u00e9gionale<\/li>\n\n\n\n<li><strong>Partenariats bancaires<\/strong> : accords sp\u00e9cifiques avec les \u00e9tablissements locaux<\/li>\n<\/ul>\n\n\n\n<h2 class=\"wp-block-heading\"><span class=\"ez-toc-section\" id=\"Types_de_rachat_de_credit_disponibles_a_Reims\"><\/span>Types de rachat de cr\u00e9dit disponibles \u00e0 Reims<span class=\"ez-toc-section-end\"><\/span><\/h2>\n\n\n\n<h3 class=\"wp-block-heading\"><span class=\"ez-toc-section\" id=\"Rachat_de_credits_a_la_consommation\"><\/span>Rachat de cr\u00e9dits \u00e0 la consommation<span class=\"ez-toc-section-end\"><\/span><\/h3>\n\n\n\n<p>Cette formule regroupe exclusivement les <strong>emprunts non garantis<\/strong> :<\/p>\n\n\n\n<ul class=\"wp-block-list\">\n<li>Dur\u00e9e maximale : 12 ans<\/li>\n\n\n\n<li>Montant plafonn\u00e9 \u00e0 75 000 \u20ac<\/li>\n\n\n\n<li>Garanties : caution ou assurance<\/li>\n\n\n\n<li>Taux g\u00e9n\u00e9ralement plus \u00e9lev\u00e9s que l&rsquo;hypoth\u00e9caire<\/li>\n<\/ul>\n\n\n\n<h3 class=\"wp-block-heading\"><span class=\"ez-toc-section\" id=\"Regroupement_hypothecaire_immobilier_consommation\"><\/span>Regroupement hypoth\u00e9caire (immobilier + consommation)<span class=\"ez-toc-section-end\"><\/span><\/h3>\n\n\n\n<p>L&rsquo;<strong>adossement \u00e0 une garantie immobili\u00e8re<\/strong> permet :<\/p>\n\n\n\n<ul class=\"wp-block-list\">\n<li>Dur\u00e9es \u00e9tendues jusqu&rsquo;\u00e0 25 ans<\/li>\n\n\n\n<li>Taux d&rsquo;int\u00e9r\u00eat plus avantageux<\/li>\n\n\n\n<li>Montants plus importants<\/li>\n\n\n\n<li>Int\u00e9gration de nouveaux financements<\/li>\n<\/ul>\n\n\n\n<h3 class=\"wp-block-heading\"><span class=\"ez-toc-section\" id=\"Rachat_de_credit_avec_financement_de_nouveaux_projets\"><\/span>Rachat de cr\u00e9dit avec financement de nouveaux projets<span class=\"ez-toc-section-end\"><\/span><\/h3>\n\n\n\n<p>Cette option combine regroupement et <strong>financement additionnel<\/strong> :<\/p>\n\n\n\n<figure class=\"wp-block-table\"><table class=\"has-fixed-layout\"><thead><tr><th>Type de projet<\/th><th>Montant typique<\/th><th>Conditions sp\u00e9cifiques<\/th><\/tr><\/thead><tbody><tr><td><strong>Travaux d&rsquo;am\u00e9lioration<\/strong><\/td><td>10 000 &#8211; 50 000 \u20ac<\/td><td>Devis obligatoire<\/td><\/tr><tr><td><strong>V\u00e9hicule<\/strong><\/td><td>8 000 &#8211; 40 000 \u20ac<\/td><td>Justificatifs d&rsquo;achat<\/td><\/tr><tr><td><strong>Tr\u00e9sorerie libre<\/strong><\/td><td>5 000 &#8211; 25 000 \u20ac<\/td><td>Usage non contr\u00f4l\u00e9<\/td><\/tr><\/tbody><\/table><\/figure>\n\n\n\n<h3 class=\"wp-block-heading\"><span class=\"ez-toc-section\" id=\"Solutions_specialisees_pour_les_fonctionnaires\"><\/span>Solutions sp\u00e9cialis\u00e9es pour les fonctionnaires<span class=\"ez-toc-section-end\"><\/span><\/h3>\n\n\n\n<p>Les agents publics r\u00e9mois b\u00e9n\u00e9ficient d&rsquo;<strong>offres pr\u00e9f\u00e9rentielles<\/strong> :<\/p>\n\n\n\n<ul class=\"wp-block-list\">\n<li>Taux bonifi\u00e9s sp\u00e9cifiques<\/li>\n\n\n\n<li>Conditions d&rsquo;endettement assouplies<\/li>\n\n\n\n<li>Proc\u00e9dures acc\u00e9l\u00e9r\u00e9es<\/li>\n\n\n\n<li>Garanties statutaires reconnues<\/li>\n<\/ul>\n\n\n\n<h2 class=\"wp-block-heading\"><span class=\"ez-toc-section\" id=\"Processus_et_demarches_pour_obtenir_un_rachat_de_credit_a_Reims\"><\/span>Processus et d\u00e9marches pour obtenir un rachat de cr\u00e9dit \u00e0 Reims<span class=\"ez-toc-section-end\"><\/span><\/h2>\n\n\n\n<h3 class=\"wp-block-heading\"><span class=\"ez-toc-section\" id=\"Constitution_du_dossier_de_demande\"><\/span>Constitution du dossier de demande<span class=\"ez-toc-section-end\"><\/span><\/h3>\n\n\n\n<p>La <strong>pr\u00e9paration minutieuse<\/strong> du dossier conditionne la r\u00e9ussite de l&rsquo;op\u00e9ration :<\/p>\n\n\n\n<p><strong>Documents financiers<\/strong> :<\/p>\n\n\n\n<ul class=\"wp-block-list\">\n<li>Derniers bulletins de salaire<\/li>\n\n\n\n<li>Avis d&rsquo;imposition des 2 derni\u00e8res ann\u00e9es<\/li>\n\n\n\n<li>Relev\u00e9s de comptes sur 3 mois<\/li>\n\n\n\n<li>Tableaux d&rsquo;amortissement des cr\u00e9dits en cours<\/li>\n<\/ul>\n\n\n\n<p><strong>Pi\u00e8ces d&rsquo;identit\u00e9 et situation familiale<\/strong> :<\/p>\n\n\n\n<ul class=\"wp-block-list\">\n<li>Justificatifs d&rsquo;identit\u00e9 et de domicile<\/li>\n\n\n\n<li>Livret de famille ou PACS<\/li>\n\n\n\n<li>Attestations d&rsquo;assurance en cours<\/li>\n<\/ul>\n\n\n\n<h3 class=\"wp-block-heading\"><span class=\"ez-toc-section\" id=\"Documents_obligatoires_et_pieces_justificatives\"><\/span>Documents obligatoires et pi\u00e8ces justificatives<span class=\"ez-toc-section-end\"><\/span><\/h3>\n\n\n\n<figure class=\"wp-block-table\"><table class=\"has-fixed-layout\"><thead><tr><th>Cat\u00e9gorie<\/th><th>Documents requis<\/th><\/tr><\/thead><tbody><tr><td><strong>Revenus<\/strong><\/td><td>Fiches de paie, attestation employeur, avis fiscal<\/td><\/tr><tr><td><strong>Charges<\/strong><\/td><td>\u00c9ch\u00e9anciers cr\u00e9dits, quittances loyer, pensions alimentaires<\/td><\/tr><tr><td><strong>Patrimoine<\/strong><\/td><td>Actes de propri\u00e9t\u00e9, estimations immobili\u00e8res, placements<\/td><\/tr><tr><td><strong>Assurances<\/strong><\/td><td>Contrats en cours, relev\u00e9s d&rsquo;information<\/td><\/tr><\/tbody><\/table><\/figure>\n\n\n\n<h3 class=\"wp-block-heading\"><span class=\"ez-toc-section\" id=\"Etapes_de_validation_et_delais_de_traitement\"><\/span>\u00c9tapes de validation et d\u00e9lais de traitement<span class=\"ez-toc-section-end\"><\/span><\/h3>\n\n\n\n<p><strong>Semaine 1-2<\/strong> : Analyse de recevabilit\u00e9 et v\u00e9rifications initiales <strong>Semaine 3-4<\/strong> : \u00c9tude approfondie et n\u00e9gociation interne <strong>Semaine 5-6<\/strong> : \u00c9mission de l&rsquo;accord de principe conditionnel <strong>Semaine 7-8<\/strong> : Finalisation et \u00e9mission de l&rsquo;offre d\u00e9finitive<\/p>\n\n\n\n<h3 class=\"wp-block-heading\"><span class=\"ez-toc-section\" id=\"Signature_et_mise_en_place_du_nouveau_credit\"><\/span>Signature et mise en place du nouveau cr\u00e9dit<span class=\"ez-toc-section-end\"><\/span><\/h3>\n\n\n\n<p>L&rsquo;<strong>offre de pr\u00eat<\/strong> respecte un d\u00e9lai de r\u00e9flexion obligatoire de <strong>10 jours<\/strong> avant acceptation d\u00e9finitive. La signature d\u00e9clenche le processus de substitution, avec mise en place effective sous 15 jours suivant l&rsquo;acceptation.<\/p>\n\n\n\n<h2 class=\"wp-block-heading\"><span class=\"ez-toc-section\" id=\"Courtiers_en_rachat_de_credit_a_Reims_Avantages_et_selection\"><\/span>Courtiers en rachat de cr\u00e9dit \u00e0 Reims : Avantages et s\u00e9lection<span class=\"ez-toc-section-end\"><\/span><\/h2>\n\n\n\n<h3 class=\"wp-block-heading\"><span class=\"ez-toc-section\" id=\"Role_et_expertise_des_courtiers_specialises\"><\/span>R\u00f4le et expertise des courtiers sp\u00e9cialis\u00e9s<span class=\"ez-toc-section-end\"><\/span><\/h3>\n\n\n\n<p>Les <strong>interm\u00e9diaires en op\u00e9rations bancaires<\/strong> (IOB) r\u00e9mois apportent une expertise sectorielle pr\u00e9cieuse :<\/p>\n\n\n\n<ul class=\"wp-block-list\">\n<li>Connaissance approfondie des crit\u00e8res d&rsquo;acceptation<\/li>\n\n\n\n<li>Optimisation du dossier selon les standards bancaires<\/li>\n\n\n\n<li>N\u00e9gociation technique des conditions contractuelles<\/li>\n\n\n\n<li>Suivi personnalis\u00e9 tout au long du processus<\/li>\n<\/ul>\n\n\n\n<h3 class=\"wp-block-heading\"><span class=\"ez-toc-section\" id=\"Negociation_des_conditions_et_taux_preferentiels\"><\/span>N\u00e9gociation des conditions et taux pr\u00e9f\u00e9rentiels<span class=\"ez-toc-section-end\"><\/span><\/h3>\n\n\n\n<p>L&rsquo;<strong>effet volume<\/strong> des courtiers leur permet d&rsquo;obtenir des conditions privil\u00e9gi\u00e9es :<\/p>\n\n\n\n<figure class=\"wp-block-table\"><table class=\"has-fixed-layout\"><thead><tr><th>Avantage<\/th><th>Gain potentiel<\/th><\/tr><\/thead><tbody><tr><td><strong>Taux d&rsquo;int\u00e9r\u00eat<\/strong><\/td><td>0,2 \u00e0 0,8 point de r\u00e9duction<\/td><\/tr><tr><td><strong>Frais de dossier<\/strong><\/td><td>N\u00e9gociation ou suppression<\/td><\/tr><tr><td><strong>Assurance emprunteur<\/strong><\/td><td>Tarifs groupe pr\u00e9f\u00e9rentiels<\/td><\/tr><tr><td><strong>D\u00e9lais de traitement<\/strong><\/td><td>Acc\u00e9l\u00e9ration de 30 \u00e0 50%<\/td><\/tr><\/tbody><\/table><\/figure>\n\n\n\n<h3 class=\"wp-block-heading\"><span class=\"ez-toc-section\" id=\"Comparaison_des_offres_bancaires_locales\"><\/span>Comparaison des offres bancaires locales<span class=\"ez-toc-section-end\"><\/span><\/h3>\n\n\n\n<p>Les courtiers r\u00e9mois disposent d&rsquo;un <strong>panel d&rsquo;\u00e9tablissements partenaires<\/strong> incluant :<\/p>\n\n\n\n<ul class=\"wp-block-list\">\n<li>Banques traditionnelles locales<\/li>\n\n\n\n<li>Organismes sp\u00e9cialis\u00e9s nationaux<\/li>\n\n\n\n<li>Filiales de rachat d\u00e9di\u00e9es<\/li>\n\n\n\n<li>\u00c9tablissements en ligne<\/li>\n<\/ul>\n\n\n\n<h3 class=\"wp-block-heading\"><span class=\"ez-toc-section\" id=\"Accompagnement_personnalise_et_suivi_de_dossier\"><\/span>Accompagnement personnalis\u00e9 et suivi de dossier<span class=\"ez-toc-section-end\"><\/span><\/h3>\n\n\n\n<p>Le <strong>service de courtage<\/strong> comprend :<\/p>\n\n\n\n<ul class=\"wp-block-list\">\n<li>Analyse gratuite de faisabilit\u00e9<\/li>\n\n\n\n<li>Optimisation du plan de financement<\/li>\n\n\n\n<li>Gestion des relations bancaires<\/li>\n\n\n\n<li>Suivi post-signature et conseil<\/li>\n<\/ul>\n\n\n\n<h2 class=\"wp-block-heading\"><span class=\"ez-toc-section\" id=\"Couts_et_frais_associes_au_rachat_de_credit_a_Reims\"><\/span>Co\u00fbts et frais associ\u00e9s au rachat de cr\u00e9dit \u00e0 Reims<span class=\"ez-toc-section-end\"><\/span><\/h2>\n\n\n\n<h3 class=\"wp-block-heading\"><span class=\"ez-toc-section\" id=\"Taux_dinteret_pratiques_sur_le_marche_remois\"><\/span>Taux d&rsquo;int\u00e9r\u00eat pratiqu\u00e9s sur le march\u00e9 r\u00e9mois<span class=\"ez-toc-section-end\"><\/span><\/h3>\n\n\n\n<p>Les <strong>conditions tarifaires<\/strong> varient selon le profil emprunteur et la nature de l&rsquo;op\u00e9ration :<\/p>\n\n\n\n<figure class=\"wp-block-table\"><table class=\"has-fixed-layout\"><thead><tr><th>Type de rachat<\/th><th>Taux moyen 2025<\/th><\/tr><\/thead><tbody><tr><td><strong>Consommation seule<\/strong><\/td><td>4,50% &#8211; 8,50%<\/td><\/tr><tr><td><strong>Hypoth\u00e9caire<\/strong><\/td><td>2,80% &#8211; 4,20%<\/td><\/tr><tr><td><strong>Mixte avec tr\u00e9sorerie<\/strong><\/td><td>3,20% &#8211; 5,80%<\/td><\/tr><\/tbody><\/table><\/figure>\n\n\n\n<h3 class=\"wp-block-heading\"><span class=\"ez-toc-section\" id=\"Frais_de_dossier_et_commissions_de_courtage\"><\/span>Frais de dossier et commissions de courtage<span class=\"ez-toc-section-end\"><\/span><\/h3>\n\n\n\n<p><strong>Frais bancaires<\/strong> :<\/p>\n\n\n\n<ul class=\"wp-block-list\">\n<li>Frais de dossier : 0,5 \u00e0 1,5% du montant emprunt\u00e9<\/li>\n\n\n\n<li>Frais de garantie hypoth\u00e9caire : 0,65% (conservateur) + 0,05% (caution)<\/li>\n\n\n\n<li>Frais de notaire (si n\u00e9cessaire) : 0,8 \u00e0 1,2%<\/li>\n<\/ul>\n\n\n\n<p><strong>R\u00e9mun\u00e9ration des courtiers<\/strong> :<\/p>\n\n\n\n<ul class=\"wp-block-list\">\n<li>Commission bancaire : incluse dans le taux propos\u00e9<\/li>\n\n\n\n<li>Frais de conseil : g\u00e9n\u00e9ralement non factur\u00e9s au client<\/li>\n<\/ul>\n\n\n\n<h3 class=\"wp-block-heading\"><span class=\"ez-toc-section\" id=\"Cout_total_du_credit_et_impact_de_lallongement_de_duree\"><\/span>Co\u00fbt total du cr\u00e9dit et impact de l&rsquo;allongement de dur\u00e9e<span class=\"ez-toc-section-end\"><\/span><\/h3>\n\n\n\n<p>L&rsquo;<strong>allongement de la dur\u00e9e<\/strong> r\u00e9duit les mensualit\u00e9s mais augmente le co\u00fbt total :<\/p>\n\n\n\n<figure class=\"wp-block-table\"><table class=\"has-fixed-layout\"><thead><tr><th>Dur\u00e9e initiale moyenne<\/th><th>Nouvelle dur\u00e9e<\/th><th>Mensualit\u00e9<\/th><th>Co\u00fbt total<\/th><\/tr><\/thead><tbody><tr><td><strong>8 ans<\/strong><\/td><td>15 ans<\/td><td>-45%<\/td><td>+25%<\/td><\/tr><tr><td><strong>12 ans<\/strong><\/td><td>20 ans<\/td><td>-35%<\/td><td>+30%<\/td><\/tr><tr><td><strong>15 ans<\/strong><\/td><td>25 ans<\/td><td>-25%<\/td><td>+35%<\/td><\/tr><\/tbody><\/table><\/figure>\n\n\n\n<h3 class=\"wp-block-heading\"><span class=\"ez-toc-section\" id=\"Comparaison_avec_les_tarifs_bancaires_classiques\"><\/span>Comparaison avec les tarifs bancaires classiques<span class=\"ez-toc-section-end\"><\/span><\/h3>\n\n\n\n<p>Le rachat de cr\u00e9dit s&rsquo;av\u00e8re <strong>financi\u00e8rement pertinent<\/strong> lorsque :<\/p>\n\n\n\n<ul class=\"wp-block-list\">\n<li>L&rsquo;\u00e9cart de taux avec les cr\u00e9dits initiaux exc\u00e8de 1 point<\/li>\n\n\n\n<li>Les \u00e9conomies de mensualit\u00e9s d\u00e9passent les frais d&rsquo;op\u00e9ration<\/li>\n\n\n\n<li>L&rsquo;am\u00e9lioration de tr\u00e9sorerie justifie le co\u00fbt additionnel<\/li>\n<\/ul>\n\n\n\n<h2 class=\"wp-block-heading\"><span class=\"ez-toc-section\" id=\"Banques_et_organismes_de_rachat_de_credit_a_Reims\"><\/span>Banques et organismes de rachat de cr\u00e9dit \u00e0 Reims<span class=\"ez-toc-section-end\"><\/span><\/h2>\n\n\n\n<h3 class=\"wp-block-heading\"><span class=\"ez-toc-section\" id=\"Etablissements_bancaires_traditionnels_presents_a_Reims\"><\/span>\u00c9tablissements bancaires traditionnels pr\u00e9sents \u00e0 Reims<span class=\"ez-toc-section-end\"><\/span><\/h3>\n\n\n\n<p>Les <strong>acteurs bancaires locaux<\/strong> proposent des solutions de regroupement :<\/p>\n\n\n\n<p><strong>Banques r\u00e9gionales<\/strong> :<\/p>\n\n\n\n<ul class=\"wp-block-list\">\n<li>Cr\u00e9dit Agricole Champagne-Bourgogne<\/li>\n\n\n\n<li>Banque Populaire Alsace Lorraine Champagne<\/li>\n\n\n\n<li>CIC Est<\/li>\n<\/ul>\n\n\n\n<p><strong>Banques nationales<\/strong> :<\/p>\n\n\n\n<ul class=\"wp-block-list\">\n<li>BNP Paribas, Soci\u00e9t\u00e9 G\u00e9n\u00e9rale, Cr\u00e9dit Lyonnais<\/li>\n\n\n\n<li>Banque Postale, Caisse d&rsquo;\u00c9pargne<\/li>\n<\/ul>\n\n\n\n<h3 class=\"wp-block-heading\"><span class=\"ez-toc-section\" id=\"Organismes_specialises_dans_le_regroupement_de_prets\"><\/span>Organismes sp\u00e9cialis\u00e9s dans le regroupement de pr\u00eats<span class=\"ez-toc-section-end\"><\/span><\/h3>\n\n\n\n<p>Les <strong>sp\u00e9cialistes du rachat<\/strong> offrent une expertise d\u00e9di\u00e9e :<\/p>\n\n\n\n<ul class=\"wp-block-list\">\n<li>Cofidis, Cetelem, Sofinco (groupes bancaires)<\/li>\n\n\n\n<li>Sygma Banque, CA Consumer Finance<\/li>\n\n\n\n<li>Younited Credit, Franfinance<\/li>\n<\/ul>\n\n\n\n<h3 class=\"wp-block-heading\"><span class=\"ez-toc-section\" id=\"Criteres_de_choix_de_lorganisme_preteur\"><\/span>Crit\u00e8res de choix de l&rsquo;organisme pr\u00eateur<span class=\"ez-toc-section-end\"><\/span><\/h3>\n\n\n\n<p><strong>Facteurs de s\u00e9lection prioritaires<\/strong> :<\/p>\n\n\n\n<ol class=\"wp-block-list\">\n<li><strong>Comp\u00e9titivit\u00e9 tarifaire<\/strong> globale de l&rsquo;offre<\/li>\n\n\n\n<li><strong>D\u00e9lais de traitement<\/strong> et r\u00e9activit\u00e9<\/li>\n\n\n\n<li><strong>Qualit\u00e9 de service<\/strong> et accompagnement<\/li>\n\n\n\n<li><strong>Flexibilit\u00e9<\/strong> des conditions contractuelles<\/li>\n\n\n\n<li><strong>Solidit\u00e9 financi\u00e8re<\/strong> de l&rsquo;\u00e9tablissement<\/li>\n<\/ol>\n\n\n\n<h3 class=\"wp-block-heading\"><span class=\"ez-toc-section\" id=\"Negociation_directe_vs_passage_par_un_courtier\"><\/span>N\u00e9gociation directe vs passage par un courtier<span class=\"ez-toc-section-end\"><\/span><\/h3>\n\n\n\n<figure class=\"wp-block-table\"><table class=\"has-fixed-layout\"><thead><tr><th>Approche<\/th><th>Avantages<\/th><th>Inconv\u00e9nients<\/th><\/tr><\/thead><tbody><tr><td><strong>N\u00e9gociation directe<\/strong><\/td><td>Relation personnalis\u00e9e, pas d&rsquo;interm\u00e9diaire<\/td><td>Temps d&rsquo;approche, conditions moins favorables<\/td><\/tr><tr><td><strong>Courtage<\/strong><\/td><td>Optimisation tarifaire, gain de temps, expertise<\/td><td>Commission int\u00e9gr\u00e9e, moins de contr\u00f4le direct<\/td><\/tr><\/tbody><\/table><\/figure>\n\n\n\n<h2 class=\"wp-block-heading\"><span class=\"ez-toc-section\" id=\"Simulation_et_calcul_de_rachat_de_credit_a_Reims\"><\/span>Simulation et calcul de rachat de cr\u00e9dit \u00e0 Reims<span class=\"ez-toc-section-end\"><\/span><\/h2>\n\n\n\n<h3 class=\"wp-block-heading\"><span class=\"ez-toc-section\" id=\"Outils_de_simulation_en_ligne_personnalises\"><\/span>Outils de simulation en ligne personnalis\u00e9s<span class=\"ez-toc-section-end\"><\/span><\/h3>\n\n\n\n<p>Les <strong>calculateurs digitaux<\/strong> permettent une <strong>\u00e9valuation pr\u00e9liminaire<\/strong> :<\/p>\n\n\n\n<ul class=\"wp-block-list\">\n<li>Estimation des nouvelles mensualit\u00e9s<\/li>\n\n\n\n<li>Projection des \u00e9conomies potentielles<\/li>\n\n\n\n<li>Calcul du co\u00fbt total de l&rsquo;op\u00e9ration<\/li>\n\n\n\n<li>Comparaison des sc\u00e9narios de dur\u00e9e<\/li>\n<\/ul>\n\n\n\n<h3 class=\"wp-block-heading\"><span class=\"ez-toc-section\" id=\"Calcul_de_la_nouvelle_mensualite\"><\/span>Calcul de la nouvelle mensualit\u00e9<span class=\"ez-toc-section-end\"><\/span><\/h3>\n\n\n\n<p>La <strong>mensualit\u00e9 unifi\u00e9e<\/strong> int\u00e8gre :<\/p>\n\n\n\n<ul class=\"wp-block-list\">\n<li>Capital \u00e0 financer (dettes + frais + \u00e9ventuelle tr\u00e9sorerie)<\/li>\n\n\n\n<li>Taux d&rsquo;int\u00e9r\u00eat n\u00e9goci\u00e9<\/li>\n\n\n\n<li>Dur\u00e9e de remboursement choisie<\/li>\n\n\n\n<li>Co\u00fbt de l&rsquo;assurance emprunteur<\/li>\n<\/ul>\n\n\n\n<p><strong>Formule de calcul<\/strong> : Mensualit\u00e9 = [Capital \u00d7 Taux mensuel \u00d7 (1 + Taux mensuel)^Nombre de mois] \/ [(1 + Taux mensuel)^Nombre de mois &#8211; 1]<\/p>\n\n\n\n<h3 class=\"wp-block-heading\"><span class=\"ez-toc-section\" id=\"Evaluation_du_gain_financier_mensuel\"><\/span>\u00c9valuation du gain financier mensuel<span class=\"ez-toc-section-end\"><\/span><\/h3>\n\n\n\n<p><strong>M\u00e9thode de calcul<\/strong> : \u00c9conomie mensuelle = Somme des anciennes mensualit\u00e9s &#8211; Nouvelle mensualit\u00e9 &#8211; Quote-part des frais<\/p>\n\n\n\n<p>Cette analyse doit int\u00e9grer l&rsquo;<strong>impact fiscal<\/strong> potentiel, notamment pour les emprunteurs d\u00e9tenant des pr\u00eats avec d\u00e9ductibilit\u00e9 fiscale.<\/p>\n\n\n\n<h3 class=\"wp-block-heading\"><span class=\"ez-toc-section\" id=\"Projection_sur_la_duree_totale_de_remboursement\"><\/span>Projection sur la dur\u00e9e totale de remboursement<span class=\"ez-toc-section-end\"><\/span><\/h3>\n\n\n\n<p>L&rsquo;<strong>analyse comparative<\/strong> porte sur :<\/p>\n\n\n\n<ul class=\"wp-block-list\">\n<li>Diff\u00e9rentiel de co\u00fbt total sur la dur\u00e9e<\/li>\n\n\n\n<li>Point d&rsquo;\u00e9quilibre financier<\/li>\n\n\n\n<li>Impact sur le patrimoine \u00e0 terme<\/li>\n\n\n\n<li>Capacit\u00e9 de remboursement anticip\u00e9<\/li>\n<\/ul>\n\n\n\n<h2 class=\"wp-block-heading\"><span class=\"ez-toc-section\" id=\"Cas_concrets_et_temoignages_de_rachat_de_credit_a_Reims\"><\/span>Cas concrets et t\u00e9moignages de rachat de cr\u00e9dit \u00e0 Reims<span class=\"ez-toc-section-end\"><\/span><\/h2>\n\n\n\n<h3 class=\"wp-block-heading\"><span class=\"ez-toc-section\" id=\"Profil_emprunteur_couple_de_fonctionnaires_remois\"><\/span>Profil emprunteur : couple de fonctionnaires r\u00e9mois<span class=\"ez-toc-section-end\"><\/span><\/h3>\n\n\n\n<p><strong>Situation initiale<\/strong> :<\/p>\n\n\n\n<ul class=\"wp-block-list\">\n<li>4 cr\u00e9dits en cours (total : 1 850 \u20ac\/mois)<\/li>\n\n\n\n<li>Revenus combin\u00e9s : 5 200 \u20ac<\/li>\n\n\n\n<li>Taux d&rsquo;endettement : 36%<\/li>\n<\/ul>\n\n\n\n<p><strong>Solution mise en place<\/strong> :<\/p>\n\n\n\n<ul class=\"wp-block-list\">\n<li>Rachat hypoth\u00e9caire sur 18 ans<\/li>\n\n\n\n<li>Nouvelle mensualit\u00e9 : 980 \u20ac<\/li>\n\n\n\n<li>\u00c9conomie mensuelle : 870 \u20ac<\/li>\n\n\n\n<li>Tr\u00e9sorerie suppl\u00e9mentaire : 15 000 \u20ac<\/li>\n<\/ul>\n\n\n\n<h3 class=\"wp-block-heading\"><span class=\"ez-toc-section\" id=\"Situation_de_surendettement_resolue_par_regroupement\"><\/span>Situation de surendettement r\u00e9solue par regroupement<span class=\"ez-toc-section-end\"><\/span><\/h3>\n\n\n\n<p><strong>Contexte<\/strong> : Commer\u00e7ant r\u00e9mois en difficult\u00e9<\/p>\n\n\n\n<ul class=\"wp-block-list\">\n<li>D\u00e9couverts permanents : 8 000 \u20ac<\/li>\n\n\n\n<li>Cr\u00e9dits conso : 42 000 \u20ac (950 \u20ac\/mois)<\/li>\n\n\n\n<li>Revenus fluctuants : 2 800 \u20ac moyenne<\/li>\n<\/ul>\n\n\n\n<p><strong>Restructuration op\u00e9r\u00e9e<\/strong> :<\/p>\n\n\n\n<ul class=\"wp-block-list\">\n<li>Rachat global sur 15 ans<\/li>\n\n\n\n<li>Mensualit\u00e9 adapt\u00e9e : 420 \u20ac<\/li>\n\n\n\n<li>Taux d&rsquo;endettement ramen\u00e9 \u00e0 28%<\/li>\n\n\n\n<li>\u00c9vitement de la proc\u00e9dure de surendettement<\/li>\n<\/ul>\n\n\n\n<h3 class=\"wp-block-heading\"><span class=\"ez-toc-section\" id=\"Financement_dun_projet_immobilier_par_rachat_hypothecaire\"><\/span>Financement d&rsquo;un projet immobilier par rachat hypoth\u00e9caire<span class=\"ez-toc-section-end\"><\/span><\/h3>\n\n\n\n<p><strong>Objectif<\/strong> : Acquisition r\u00e9sidence secondaire<\/p>\n\n\n\n<ul class=\"wp-block-list\">\n<li>Cr\u00e9dits existants : 78 000 \u20ac restants<\/li>\n\n\n\n<li>Besoin financement : 120 000 \u20ac<\/li>\n\n\n\n<li>Valeur du bien principal : 280 000 \u20ac<\/li>\n<\/ul>\n\n\n\n<p><strong>Montage financier<\/strong> :<\/p>\n\n\n\n<ul class=\"wp-block-list\">\n<li>Rachat hypoth\u00e9caire global : 198 000 \u20ac<\/li>\n\n\n\n<li>Dur\u00e9e : 20 ans<\/li>\n\n\n\n<li>Mensualit\u00e9 unique : 1 150 \u20ac<\/li>\n\n\n\n<li>\u00c9conomie vs financement s\u00e9par\u00e9 : 285 \u20ac\/mois<\/li>\n<\/ul>\n\n\n\n<h3 class=\"wp-block-heading\"><span class=\"ez-toc-section\" id=\"Optimisation_fiscale_pour_les_residents_de_la_Marne\"><\/span>Optimisation fiscale pour les r\u00e9sidents de la Marne<span class=\"ez-toc-section-end\"><\/span><\/h3>\n\n\n\n<p><strong>Strat\u00e9gie patrimoniale<\/strong> :<\/p>\n\n\n\n<ul class=\"wp-block-list\">\n<li>Regroupement de cr\u00e9dits d&rsquo;investissement locatif<\/li>\n\n\n\n<li>Pr\u00e9servation de la d\u00e9ductibilit\u00e9 des int\u00e9r\u00eats<\/li>\n\n\n\n<li>Optimisation de l&rsquo;imposition fonci\u00e8re locale<\/li>\n\n\n\n<li>Conservation des avantages fiscaux du statut \u00ab\u00a0Pinel\u00a0\u00bb<\/li>\n<\/ul>\n\n\n\n<h2 class=\"wp-block-heading\"><span class=\"ez-toc-section\" id=\"Alternatives_au_rachat_de_credit_a_Reims\"><\/span>Alternatives au rachat de cr\u00e9dit \u00e0 Reims<span class=\"ez-toc-section-end\"><\/span><\/h2>\n\n\n\n<h3 class=\"wp-block-heading\"><span class=\"ez-toc-section\" id=\"Renegociation_des_credits_existants\"><\/span>Ren\u00e9gociation des cr\u00e9dits existants<span class=\"ez-toc-section-end\"><\/span><\/h3>\n\n\n\n<p>La <strong>ren\u00e9gociation directe<\/strong> peut s&rsquo;av\u00e9rer suffisante lorsque :<\/p>\n\n\n\n<ul class=\"wp-block-list\">\n<li>L&rsquo;\u00e9cart de taux avec le march\u00e9 actuel est significatif<\/li>\n\n\n\n<li>La relation bancaire existante est solide<\/li>\n\n\n\n<li>Le nombre de cr\u00e9dits reste limit\u00e9<\/li>\n\n\n\n<li>Les frais de rachat semblent disproportionn\u00e9s<\/li>\n<\/ul>\n\n\n\n<p><strong>Avantages<\/strong> : pas de frais d&rsquo;op\u00e9ration, conservation des contrats <strong>Limites<\/strong> : n\u00e9gociation cr\u00e9dit par cr\u00e9dit, r\u00e9sultat incertain<\/p>\n\n\n\n<h3 class=\"wp-block-heading\"><span class=\"ez-toc-section\" id=\"Remboursement_anticipe_partiel_ou_total\"><\/span>Remboursement anticip\u00e9 partiel ou total<span class=\"ez-toc-section-end\"><\/span><\/h3>\n\n\n\n<p>Cette solution convient aux emprunteurs disposant de :<\/p>\n\n\n\n<ul class=\"wp-block-list\">\n<li>Liquidit\u00e9s importantes (h\u00e9ritage, vente immobili\u00e8re)<\/li>\n\n\n\n<li>Placements \u00e0 d\u00e9bloquer<\/li>\n\n\n\n<li>Prime exceptionnelle ou bonus<\/li>\n\n\n\n<li>Capacit\u00e9 d&rsquo;\u00e9pargne renforc\u00e9e<\/li>\n<\/ul>\n\n\n\n<h3 class=\"wp-block-heading\"><span class=\"ez-toc-section\" id=\"Solutions_de_mediation_et_accompagnement_social\"><\/span>Solutions de m\u00e9diation et accompagnement social<span class=\"ez-toc-section-end\"><\/span><\/h3>\n\n\n\n<p>Les <strong>dispositifs d&rsquo;aide locaux<\/strong> comprennent :<\/p>\n\n\n\n<ul class=\"wp-block-list\">\n<li>Points conseil budget de la Marne<\/li>\n\n\n\n<li>Services sociaux municipaux de Reims<\/li>\n\n\n\n<li>Associations de d\u00e9fense des consommateurs<\/li>\n\n\n\n<li>Permanences juridiques gratuites<\/li>\n<\/ul>\n\n\n\n<h3 class=\"wp-block-heading\"><span class=\"ez-toc-section\" id=\"Prets_sociaux_et_aides_locales_disponibles\"><\/span>Pr\u00eats sociaux et aides locales disponibles<span class=\"ez-toc-section-end\"><\/span><\/h3>\n\n\n\n<p><strong>Pr\u00eats d&rsquo;urgence<\/strong> accessibles :<\/p>\n\n\n\n<ul class=\"wp-block-list\">\n<li>Pr\u00eats CAF pour situations exceptionnelles<\/li>\n\n\n\n<li>Fonds de solidarit\u00e9 logement (FSL)<\/li>\n\n\n\n<li>Microcr\u00e9dits personnels via l&rsquo;Adie<\/li>\n\n\n\n<li>Pr\u00eats employeurs (1% patronal)<\/li>\n<\/ul>\n\n\n\n<h2 class=\"wp-block-heading\"><span class=\"ez-toc-section\" id=\"Reglementation_et_protection_du_consommateur\"><\/span>R\u00e9glementation et protection du consommateur<span class=\"ez-toc-section-end\"><\/span><\/h2>\n\n\n\n<h3 class=\"wp-block-heading\"><span class=\"ez-toc-section\" id=\"Loi_Lagarde_et_droit_de_retractation\"><\/span>Loi Lagarde et droit de r\u00e9tractation<span class=\"ez-toc-section-end\"><\/span><\/h3>\n\n\n\n<p>La <strong>r\u00e9glementation fran\u00e7aise<\/strong> encadre strictement le rachat de cr\u00e9dit :<\/p>\n\n\n\n<ul class=\"wp-block-list\">\n<li>D\u00e9lai de r\u00e9flexion obligatoire de 10 jours calendaires<\/li>\n\n\n\n<li>Information pr\u00e9contractuelle standardis\u00e9e (SECCI)<\/li>\n\n\n\n<li>Droit de r\u00e9tractation pendant 14 jours<\/li>\n\n\n\n<li>Interdiction du d\u00e9marchage \u00e0 domicile<\/li>\n<\/ul>\n\n\n\n<h3 class=\"wp-block-heading\"><span class=\"ez-toc-section\" id=\"Obligations_legales_des_etablissements_preteurs\"><\/span>Obligations l\u00e9gales des \u00e9tablissements pr\u00eateurs<span class=\"ez-toc-section-end\"><\/span><\/h3>\n\n\n\n<p>Les <strong>obligations r\u00e9glementaires<\/strong> incluent :<\/p>\n\n\n\n<ul class=\"wp-block-list\">\n<li>V\u00e9rification de la solvabilit\u00e9 avant accord<\/li>\n\n\n\n<li>Information claire sur le co\u00fbt total du cr\u00e9dit<\/li>\n\n\n\n<li>Proposition d&rsquo;assurance emprunteur avec libre choix<\/li>\n\n\n\n<li>Respect des ratios d&rsquo;endettement prudentiels<\/li>\n<\/ul>\n\n\n\n<h3 class=\"wp-block-heading\"><span class=\"ez-toc-section\" id=\"Recours_en_cas_de_litige_ou_de_demarchage_abusif\"><\/span>Recours en cas de litige ou de d\u00e9marchage abusif<span class=\"ez-toc-section-end\"><\/span><\/h3>\n\n\n\n<p><strong>Proc\u00e9dures de recours<\/strong> :<\/p>\n\n\n\n<ol class=\"wp-block-list\">\n<li><strong>M\u00e9diation bancaire<\/strong> : gratuite et contraignante<\/li>\n\n\n\n<li><strong>ACPR<\/strong> (Autorit\u00e9 de contr\u00f4le) : signalement d&rsquo;infractions<\/li>\n\n\n\n<li><strong>Direction de la concurrence<\/strong> : pratiques commerciales d\u00e9loyales<\/li>\n\n\n\n<li><strong>Justice<\/strong> : tribunaux sp\u00e9cialis\u00e9s en derniers recours<\/li>\n<\/ol>\n\n\n\n<h3 class=\"wp-block-heading\"><span class=\"ez-toc-section\" id=\"Role_de_la_Banque_de_France_dans_le_surendettement\"><\/span>R\u00f4le de la Banque de France dans le surendettement<span class=\"ez-toc-section-end\"><\/span><\/h3>\n\n\n\n<p>La <strong>Banque de France<\/strong> intervient via :<\/p>\n\n\n\n<ul class=\"wp-block-list\">\n<li>Commission de surendettement d\u00e9partementale<\/li>\n\n\n\n<li>Fichier central des ch\u00e8ques (FCC)<\/li>\n\n\n\n<li>Fichier des incidents de remboursement (FICP)<\/li>\n\n\n\n<li>Proc\u00e9dures de traitement amiable et judiciaire<\/li>\n<\/ul>\n\n\n\n<h2 class=\"wp-block-heading\"><span class=\"ez-toc-section\" id=\"Questions_frequentes_sur_le_rachat_de_credit_a_Reims\"><\/span>Questions fr\u00e9quentes sur le rachat de cr\u00e9dit \u00e0 Reims<span class=\"ez-toc-section-end\"><\/span><\/h2>\n\n\n\n<h3 class=\"wp-block-heading\"><span class=\"ez-toc-section\" id=\"Puis-je_inclure_tous_mes_credits_dans_le_regroupement\"><\/span>Puis-je inclure tous mes cr\u00e9dits dans le regroupement ?<span class=\"ez-toc-section-end\"><\/span><\/h3>\n\n\n\n<p><strong>Cr\u00e9dits regroupables<\/strong> : consommation, immobilier, cr\u00e9dit-bail, d\u00e9couverts autoris\u00e9s <strong>Exclusions<\/strong> : pr\u00eats \u00e9tudiants bonifi\u00e9s, cr\u00e9dits professionnels sp\u00e9cifiques, dettes fiscales \u00e9chues<\/p>\n\n\n\n<p>La <strong>faisabilit\u00e9 d\u00e9pend<\/strong> de l&rsquo;organisme pr\u00eateur et de la coh\u00e9rence du montage financier global.<\/p>\n\n\n\n<h3 class=\"wp-block-heading\"><span class=\"ez-toc-section\" id=\"Combien_de_temps_pour_obtenir_un_accord_de_principe\"><\/span>Combien de temps pour obtenir un accord de principe ?<span class=\"ez-toc-section-end\"><\/span><\/h3>\n\n\n\n<p><strong>D\u00e9lais typiques<\/strong> :<\/p>\n\n\n\n<ul class=\"wp-block-list\">\n<li>Dossier complet simple : 2 \u00e0 3 semaines<\/li>\n\n\n\n<li>Situation complexe : 4 \u00e0 6 semaines<\/li>\n\n\n\n<li>Rachat hypoth\u00e9caire : 6 \u00e0 8 semaines (expertise immobili\u00e8re)<\/li>\n<\/ul>\n\n\n\n<p>Le <strong>recours \u00e0 un courtier<\/strong> peut r\u00e9duire ces d\u00e9lais de 30 \u00e0 40%.<\/p>\n\n\n\n<h3 class=\"wp-block-heading\"><span class=\"ez-toc-section\" id=\"Le_rachat_de_credit_affecte-t-il_mon_fichage_bancaire\"><\/span>Le rachat de cr\u00e9dit affecte-t-il mon fichage bancaire ?<span class=\"ez-toc-section-end\"><\/span><\/h3>\n\n\n\n<p>Le rachat constitue une <strong>op\u00e9ration neutre<\/strong> pour le fichage FICP, contrairement au surendettement. L&rsquo;<strong>historique de cr\u00e9dit<\/strong> est pr\u00e9serv\u00e9, voire am\u00e9lior\u00e9 par la r\u00e9gularisation des \u00e9ventuels incidents.<\/p>\n\n\n\n<h3 class=\"wp-block-heading\"><span class=\"ez-toc-section\" id=\"Puis-je_changer_davis_apres_signature_de_loffre\"><\/span>Puis-je changer d&rsquo;avis apr\u00e8s signature de l&rsquo;offre ?<span class=\"ez-toc-section-end\"><\/span><\/h3>\n\n\n\n<p>Le <strong>droit de r\u00e9tractation de 14 jours<\/strong> s&rsquo;applique int\u00e9gralement. La r\u00e9tractation doit \u00eatre <strong>notifi\u00e9e par courrier recommand\u00e9<\/strong> avec accus\u00e9 de r\u00e9ception, entra\u00eenant l&rsquo;annulation automatique du contrat sans frais ni p\u00e9nalit\u00e9s.<\/p>\n\n\n\n<h2 class=\"wp-block-heading\"><span class=\"ez-toc-section\" id=\"Conclusion_Optimiser_sa_situation_financiere_grace_au_rachat_de_credit_a_Reims\"><\/span>Conclusion : Optimiser sa situation financi\u00e8re gr\u00e2ce au rachat de cr\u00e9dit \u00e0 Reims<span class=\"ez-toc-section-end\"><\/span><\/h2>\n\n\n\n<h3 class=\"wp-block-heading\"><span class=\"ez-toc-section\" id=\"Synthese_des_benefices_du_regroupement_de_credits\"><\/span>Synth\u00e8se des b\u00e9n\u00e9fices du regroupement de cr\u00e9dits<span class=\"ez-toc-section-end\"><\/span><\/h3>\n\n\n\n<p>Le <strong>rachat de cr\u00e9dit<\/strong> s&rsquo;impose comme une solution financi\u00e8re structurante pour les r\u00e9sidents r\u00e9mois cherchant \u00e0 optimiser leur gestion budg\u00e9taire. Les <strong>\u00e9conomies mensuelles<\/strong> g\u00e9n\u00e9r\u00e9es, combin\u00e9es \u00e0 la simplification administrative, cr\u00e9ent les conditions d&rsquo;un meilleur \u00e9quilibre financier durable.<\/p>\n\n\n\n<p>L&rsquo;<strong>acc\u00e8s \u00e0 une tr\u00e9sorerie additionnelle<\/strong> permet la concr\u00e9tisation de projets diff\u00e9r\u00e9s, tandis que la <strong>pr\u00e9vention du surendettement<\/strong> pr\u00e9serve l&rsquo;acc\u00e8s aux services bancaires traditionnels.<\/p>\n\n\n\n<h3 class=\"wp-block-heading\"><span class=\"ez-toc-section\" id=\"Conseils_pour_maximiser_les_chances_dacceptation\"><\/span>Conseils pour maximiser les chances d&rsquo;acceptation<span class=\"ez-toc-section-end\"><\/span><\/h3>\n\n\n\n<p><strong>Strat\u00e9gies d&rsquo;optimisation<\/strong> :<\/p>\n\n\n\n<ul class=\"wp-block-list\">\n<li>Constitution minutieuse du dossier de candidature<\/li>\n\n\n\n<li>Pr\u00e9sentation claire de la situation financi\u00e8re actuelle<\/li>\n\n\n\n<li>Justification argument\u00e9e du projet de regroupement<\/li>\n\n\n\n<li>Choix de l&rsquo;organisme pr\u00eateur adapt\u00e9 au profil<\/li>\n\n\n\n<li>N\u00e9gociation des conditions contractuelles<\/li>\n<\/ul>\n\n\n\n<h3 class=\"wp-block-heading\"><span class=\"ez-toc-section\" id=\"Importance_de_laccompagnement_professionnel_personnalise\"><\/span>Importance de l&rsquo;accompagnement professionnel personnalis\u00e9<span class=\"ez-toc-section-end\"><\/span><\/h3>\n\n\n\n<p>L&rsquo;<strong>expertise d&rsquo;un conseil sp\u00e9cialis\u00e9<\/strong> s&rsquo;av\u00e8re d\u00e9terminante pour :<\/p>\n\n\n\n<ul class=\"wp-block-list\">\n<li>\u00c9valuer objectivement la pertinence de l&rsquo;op\u00e9ration<\/li>\n\n\n\n<li>Optimiser la structure du financement<\/li>\n\n\n\n<li>N\u00e9gocier les meilleures conditions du march\u00e9<\/li>\n\n\n\n<li>S\u00e9curiser juridiquement le montage<\/li>\n\n\n\n<li>Assurer un suivi post-signature efficace<\/li>\n<\/ul>\n\n\n\n<p>Le <strong>march\u00e9 r\u00e9mois du rachat de cr\u00e9dit<\/strong> offre des opportunit\u00e9s significatives d&rsquo;am\u00e9lioration de la situation financi\u00e8re, sous r\u00e9serve d&rsquo;une approche m\u00e9thodique et professionnellement accompagn\u00e9e.<\/p>\n\n\n<div class=\"kk-star-ratings kksr-auto kksr-align-center kksr-valign-bottom\"\n    data-payload='{&quot;align&quot;:&quot;center&quot;,&quot;id&quot;:&quot;404&quot;,&quot;slug&quot;:&quot;default&quot;,&quot;valign&quot;:&quot;bottom&quot;,&quot;ignore&quot;:&quot;&quot;,&quot;reference&quot;:&quot;auto&quot;,&quot;class&quot;:&quot;&quot;,&quot;count&quot;:&quot;0&quot;,&quot;legendonly&quot;:&quot;&quot;,&quot;readonly&quot;:&quot;&quot;,&quot;score&quot;:&quot;0&quot;,&quot;starsonly&quot;:&quot;&quot;,&quot;best&quot;:&quot;5&quot;,&quot;gap&quot;:&quot;5&quot;,&quot;greet&quot;:&quot;&quot;,&quot;legend&quot;:&quot;0\\\/5 - (0 vote)&quot;,&quot;size&quot;:&quot;24&quot;,&quot;title&quot;:&quot;Rachat Cr\u00e9dit Reims : Guide Complet 2025&quot;,&quot;width&quot;:&quot;0&quot;,&quot;_legend&quot;:&quot;{score}\\\/{best} - ({count} {votes})&quot;,&quot;font_factor&quot;:&quot;1.25&quot;}'>\n            \n<div class=\"kksr-stars\">\n    \n<div class=\"kksr-stars-inactive\">\n            <div class=\"kksr-star\" data-star=\"1\" style=\"padding-right: 5px\">\n            \n\n<div class=\"kksr-icon\" style=\"width: 24px; height: 24px;\"><\/div>\n        <\/div>\n            <div class=\"kksr-star\" data-star=\"2\" style=\"padding-right: 5px\">\n            \n\n<div class=\"kksr-icon\" style=\"width: 24px; height: 24px;\"><\/div>\n        <\/div>\n            <div class=\"kksr-star\" data-star=\"3\" style=\"padding-right: 5px\">\n            \n\n<div class=\"kksr-icon\" style=\"width: 24px; height: 24px;\"><\/div>\n        <\/div>\n            <div class=\"kksr-star\" data-star=\"4\" style=\"padding-right: 5px\">\n            \n\n<div class=\"kksr-icon\" style=\"width: 24px; height: 24px;\"><\/div>\n        <\/div>\n            <div class=\"kksr-star\" data-star=\"5\" style=\"padding-right: 5px\">\n            \n\n<div class=\"kksr-icon\" style=\"width: 24px; height: 24px;\"><\/div>\n        <\/div>\n    <\/div>\n    \n<div class=\"kksr-stars-active\" style=\"width: 0px;\">\n            <div class=\"kksr-star\" style=\"padding-right: 5px\">\n            \n\n<div class=\"kksr-icon\" style=\"width: 24px; height: 24px;\"><\/div>\n        <\/div>\n            <div class=\"kksr-star\" style=\"padding-right: 5px\">\n            \n\n<div class=\"kksr-icon\" style=\"width: 24px; height: 24px;\"><\/div>\n        <\/div>\n            <div class=\"kksr-star\" style=\"padding-right: 5px\">\n            \n\n<div class=\"kksr-icon\" style=\"width: 24px; height: 24px;\"><\/div>\n        <\/div>\n            <div class=\"kksr-star\" style=\"padding-right: 5px\">\n            \n\n<div class=\"kksr-icon\" style=\"width: 24px; height: 24px;\"><\/div>\n        <\/div>\n            <div class=\"kksr-star\" style=\"padding-right: 5px\">\n            \n\n<div class=\"kksr-icon\" style=\"width: 24px; height: 24px;\"><\/div>\n        <\/div>\n    <\/div>\n<\/div>\n                \n\n<div class=\"kksr-legend\" style=\"font-size: 19.2px;\">\n            <span class=\"kksr-muted\"><\/span>\n    <\/div>\n    <\/div>\n","protected":false},"excerpt":{"rendered":"<p>Le rachat de cr\u00e9dit repr\u00e9sente une solution financi\u00e8re strat\u00e9gique pour les r\u00e9sidents de Reims souhaitant optimiser leur gestion budg\u00e9taire. Cette op\u00e9ration de regroupement de pr\u00eats permet de r\u00e9unir plusieurs cr\u00e9dits en cours en un seul financement, offrant ainsi une visibilit\u00e9 renforc\u00e9e sur les \u00e9ch\u00e9ances et une potentielle r\u00e9duction des charges mensuelles. Points cl\u00e9s \u00e0 retenir &#8230; <a title=\"Rachat Cr\u00e9dit Reims : Guide Complet 2025\" class=\"read-more\" href=\"https:\/\/rachat2credit.fr\/guide\/rachat-credit-reims\/\" aria-label=\"En savoir plus sur Rachat Cr\u00e9dit Reims : Guide Complet 2025\">Lire plus<\/a><\/p>\n","protected":false},"author":1,"featured_media":405,"comment_status":"open","ping_status":"open","sticky":false,"template":"","format":"standard","meta":{"footnotes":""},"categories":[4],"tags":[],"class_list":["post-404","post","type-post","status-publish","format-standard","has-post-thumbnail","hentry","category-villes"],"yoast_head":"<!-- This site is optimized with the Yoast SEO plugin v27.5 - https:\/\/yoast.com\/product\/yoast-seo-wordpress\/ -->\n<title>Rachat Cr\u00e9dit Reims : Guide Complet 2025 - Rachat de Cr\u00e9dit<\/title>\n<meta name=\"description\" content=\"Rachat de cr\u00e9dit \u00e0 Reims : conditions, d\u00e9marches et organismes sp\u00e9cialis\u00e9s. Guide complet 2025 des solutions de regroupement de pr\u00eats dans la Marne.\" \/>\n<meta name=\"robots\" content=\"index, follow, max-snippet:-1, max-image-preview:large, max-video-preview:-1\" \/>\n<link rel=\"canonical\" href=\"https:\/\/rachat2credit.fr\/guide\/rachat-credit-reims\/\" \/>\n<meta property=\"og:locale\" content=\"fr_FR\" \/>\n<meta property=\"og:type\" content=\"article\" \/>\n<meta property=\"og:title\" content=\"Rachat Cr\u00e9dit Reims : Guide Complet 2025 - Rachat de Cr\u00e9dit\" \/>\n<meta property=\"og:description\" content=\"Rachat de cr\u00e9dit \u00e0 Reims : conditions, d\u00e9marches et organismes sp\u00e9cialis\u00e9s. Guide complet 2025 des solutions de regroupement de pr\u00eats dans la Marne.\" \/>\n<meta property=\"og:url\" content=\"https:\/\/rachat2credit.fr\/guide\/rachat-credit-reims\/\" \/>\n<meta property=\"og:site_name\" content=\"Rachat de Cr\u00e9dit\" \/>\n<meta property=\"article:published_time\" content=\"2025-07-21T09:26:13+00:00\" \/>\n<meta property=\"og:image\" content=\"https:\/\/rachat2credit.fr\/guide\/wp-content\/uploads\/2025\/05\/Rachat-Credit-Reims.png\" \/>\n\t<meta property=\"og:image:width\" content=\"1024\" \/>\n\t<meta property=\"og:image:height\" content=\"1024\" \/>\n\t<meta property=\"og:image:type\" content=\"image\/png\" \/>\n<meta name=\"author\" content=\"Aurelien Boulanger\" \/>\n<meta name=\"twitter:card\" content=\"summary_large_image\" \/>\n<meta name=\"twitter:label1\" content=\"\u00c9crit par\" \/>\n\t<meta name=\"twitter:data1\" content=\"Aurelien Boulanger\" \/>\n\t<meta name=\"twitter:label2\" content=\"Dur\u00e9e de lecture estim\u00e9e\" \/>\n\t<meta name=\"twitter:data2\" content=\"13 minutes\" \/>\n<script type=\"application\/ld+json\" class=\"yoast-schema-graph\">{\"@context\":\"https:\\\/\\\/schema.org\",\"@graph\":[{\"@type\":\"NewsArticle\",\"@id\":\"https:\\\/\\\/rachat2credit.fr\\\/guide\\\/rachat-credit-reims\\\/#article\",\"isPartOf\":{\"@id\":\"https:\\\/\\\/rachat2credit.fr\\\/guide\\\/rachat-credit-reims\\\/\"},\"author\":{\"name\":\"Aurelien Boulanger\",\"@id\":\"https:\\\/\\\/rachat2credit.fr\\\/guide\\\/#\\\/schema\\\/person\\\/d4142086d07bc6acdc4722eabd955cc2\"},\"headline\":\"Rachat Cr\u00e9dit Reims : Guide Complet 2025\",\"datePublished\":\"2025-07-21T09:26:13+00:00\",\"mainEntityOfPage\":{\"@id\":\"https:\\\/\\\/rachat2credit.fr\\\/guide\\\/rachat-credit-reims\\\/\"},\"wordCount\":2869,\"commentCount\":0,\"publisher\":{\"@id\":\"https:\\\/\\\/rachat2credit.fr\\\/guide\\\/#organization\"},\"image\":{\"@id\":\"https:\\\/\\\/rachat2credit.fr\\\/guide\\\/rachat-credit-reims\\\/#primaryimage\"},\"thumbnailUrl\":\"https:\\\/\\\/rachat2credit.fr\\\/guide\\\/wp-content\\\/uploads\\\/2025\\\/05\\\/Rachat-Credit-Reims.png\",\"articleSection\":[\"Rachat de cr\u00e9dit par ville\"],\"inLanguage\":\"fr-FR\",\"potentialAction\":[{\"@type\":\"CommentAction\",\"name\":\"Comment\",\"target\":[\"https:\\\/\\\/rachat2credit.fr\\\/guide\\\/rachat-credit-reims\\\/#respond\"]}]},{\"@type\":\"WebPage\",\"@id\":\"https:\\\/\\\/rachat2credit.fr\\\/guide\\\/rachat-credit-reims\\\/\",\"url\":\"https:\\\/\\\/rachat2credit.fr\\\/guide\\\/rachat-credit-reims\\\/\",\"name\":\"Rachat Cr\u00e9dit Reims : Guide Complet 2025 - Rachat de Cr\u00e9dit\",\"isPartOf\":{\"@id\":\"https:\\\/\\\/rachat2credit.fr\\\/guide\\\/#website\"},\"primaryImageOfPage\":{\"@id\":\"https:\\\/\\\/rachat2credit.fr\\\/guide\\\/rachat-credit-reims\\\/#primaryimage\"},\"image\":{\"@id\":\"https:\\\/\\\/rachat2credit.fr\\\/guide\\\/rachat-credit-reims\\\/#primaryimage\"},\"thumbnailUrl\":\"https:\\\/\\\/rachat2credit.fr\\\/guide\\\/wp-content\\\/uploads\\\/2025\\\/05\\\/Rachat-Credit-Reims.png\",\"datePublished\":\"2025-07-21T09:26:13+00:00\",\"description\":\"Rachat de cr\u00e9dit \u00e0 Reims : conditions, d\u00e9marches et organismes sp\u00e9cialis\u00e9s. Guide complet 2025 des solutions de regroupement de pr\u00eats dans la Marne.\",\"breadcrumb\":{\"@id\":\"https:\\\/\\\/rachat2credit.fr\\\/guide\\\/rachat-credit-reims\\\/#breadcrumb\"},\"inLanguage\":\"fr-FR\",\"potentialAction\":[{\"@type\":\"ReadAction\",\"target\":[\"https:\\\/\\\/rachat2credit.fr\\\/guide\\\/rachat-credit-reims\\\/\"]}]},{\"@type\":\"ImageObject\",\"inLanguage\":\"fr-FR\",\"@id\":\"https:\\\/\\\/rachat2credit.fr\\\/guide\\\/rachat-credit-reims\\\/#primaryimage\",\"url\":\"https:\\\/\\\/rachat2credit.fr\\\/guide\\\/wp-content\\\/uploads\\\/2025\\\/05\\\/Rachat-Credit-Reims.png\",\"contentUrl\":\"https:\\\/\\\/rachat2credit.fr\\\/guide\\\/wp-content\\\/uploads\\\/2025\\\/05\\\/Rachat-Credit-Reims.png\",\"width\":1024,\"height\":1024,\"caption\":\"Rachat Cr\u00e9dit Reims : Guide Complet 2025\"},{\"@type\":\"BreadcrumbList\",\"@id\":\"https:\\\/\\\/rachat2credit.fr\\\/guide\\\/rachat-credit-reims\\\/#breadcrumb\",\"itemListElement\":[{\"@type\":\"ListItem\",\"position\":1,\"name\":\"Accueil\",\"item\":\"https:\\\/\\\/rachat2credit.fr\\\/guide\\\/\"},{\"@type\":\"ListItem\",\"position\":2,\"name\":\"Rachat Cr\u00e9dit Reims : Guide Complet 2025\"}]},{\"@type\":\"WebSite\",\"@id\":\"https:\\\/\\\/rachat2credit.fr\\\/guide\\\/#website\",\"url\":\"https:\\\/\\\/rachat2credit.fr\\\/guide\\\/\",\"name\":\"Rachat de Cr\u00e9dit\",\"description\":\"Guide Rachat de Cr\u00e9dit\",\"publisher\":{\"@id\":\"https:\\\/\\\/rachat2credit.fr\\\/guide\\\/#organization\"},\"potentialAction\":[{\"@type\":\"SearchAction\",\"target\":{\"@type\":\"EntryPoint\",\"urlTemplate\":\"https:\\\/\\\/rachat2credit.fr\\\/guide\\\/?s={search_term_string}\"},\"query-input\":{\"@type\":\"PropertyValueSpecification\",\"valueRequired\":true,\"valueName\":\"search_term_string\"}}],\"inLanguage\":\"fr-FR\"},{\"@type\":\"Organization\",\"@id\":\"https:\\\/\\\/rachat2credit.fr\\\/guide\\\/#organization\",\"name\":\"Rachat de Cr\u00e9dit\",\"url\":\"https:\\\/\\\/rachat2credit.fr\\\/guide\\\/\",\"logo\":{\"@type\":\"ImageObject\",\"inLanguage\":\"fr-FR\",\"@id\":\"https:\\\/\\\/rachat2credit.fr\\\/guide\\\/#\\\/schema\\\/logo\\\/image\\\/\",\"url\":\"https:\\\/\\\/rachat2credit.fr\\\/guide\\\/wp-content\\\/uploads\\\/2025\\\/05\\\/rachat2credit.png\",\"contentUrl\":\"https:\\\/\\\/rachat2credit.fr\\\/guide\\\/wp-content\\\/uploads\\\/2025\\\/05\\\/rachat2credit.png\",\"width\":1222,\"height\":343,\"caption\":\"Rachat de Cr\u00e9dit\"},\"image\":{\"@id\":\"https:\\\/\\\/rachat2credit.fr\\\/guide\\\/#\\\/schema\\\/logo\\\/image\\\/\"}},{\"@type\":\"Person\",\"@id\":\"https:\\\/\\\/rachat2credit.fr\\\/guide\\\/#\\\/schema\\\/person\\\/d4142086d07bc6acdc4722eabd955cc2\",\"name\":\"Aurelien Boulanger\",\"image\":{\"@type\":\"ImageObject\",\"inLanguage\":\"fr-FR\",\"@id\":\"https:\\\/\\\/secure.gravatar.com\\\/avatar\\\/32175434c9ca2b27bfeb905d1c3ec782a789caf494bc0ec8fa6ed0ee39c2e62a?s=96&d=mm&r=g\",\"url\":\"https:\\\/\\\/secure.gravatar.com\\\/avatar\\\/32175434c9ca2b27bfeb905d1c3ec782a789caf494bc0ec8fa6ed0ee39c2e62a?s=96&d=mm&r=g\",\"contentUrl\":\"https:\\\/\\\/secure.gravatar.com\\\/avatar\\\/32175434c9ca2b27bfeb905d1c3ec782a789caf494bc0ec8fa6ed0ee39c2e62a?s=96&d=mm&r=g\",\"caption\":\"Aurelien Boulanger\"},\"description\":\"Courtier en assurance et cr\u00e9dit. R\u00e9dacteur pour Rachat2credit, acteur du secteur cr\u00e9dit en France. Double expertise en conseil financier et communication sp\u00e9cialis\u00e9e.\",\"sameAs\":[\"https:\\\/\\\/rachat2credit.fr\\\/guide\"],\"url\":\"https:\\\/\\\/rachat2credit.fr\\\/guide\\\/author\\\/aurelien\\\/\"}]}<\/script>\n<!-- \/ Yoast SEO plugin. -->","yoast_head_json":{"title":"Rachat Cr\u00e9dit Reims : Guide Complet 2025 - Rachat de Cr\u00e9dit","description":"Rachat de cr\u00e9dit \u00e0 Reims : conditions, d\u00e9marches et organismes sp\u00e9cialis\u00e9s. Guide complet 2025 des solutions de regroupement de pr\u00eats dans la Marne.","robots":{"index":"index","follow":"follow","max-snippet":"max-snippet:-1","max-image-preview":"max-image-preview:large","max-video-preview":"max-video-preview:-1"},"canonical":"https:\/\/rachat2credit.fr\/guide\/rachat-credit-reims\/","og_locale":"fr_FR","og_type":"article","og_title":"Rachat Cr\u00e9dit Reims : Guide Complet 2025 - Rachat de Cr\u00e9dit","og_description":"Rachat de cr\u00e9dit \u00e0 Reims : conditions, d\u00e9marches et organismes sp\u00e9cialis\u00e9s. Guide complet 2025 des solutions de regroupement de pr\u00eats dans la Marne.","og_url":"https:\/\/rachat2credit.fr\/guide\/rachat-credit-reims\/","og_site_name":"Rachat de Cr\u00e9dit","article_published_time":"2025-07-21T09:26:13+00:00","og_image":[{"width":1024,"height":1024,"url":"https:\/\/rachat2credit.fr\/guide\/wp-content\/uploads\/2025\/05\/Rachat-Credit-Reims.png","type":"image\/png"}],"author":"Aurelien Boulanger","twitter_card":"summary_large_image","twitter_misc":{"\u00c9crit par":"Aurelien Boulanger","Dur\u00e9e de lecture estim\u00e9e":"13 minutes"},"schema":{"@context":"https:\/\/schema.org","@graph":[{"@type":"NewsArticle","@id":"https:\/\/rachat2credit.fr\/guide\/rachat-credit-reims\/#article","isPartOf":{"@id":"https:\/\/rachat2credit.fr\/guide\/rachat-credit-reims\/"},"author":{"name":"Aurelien Boulanger","@id":"https:\/\/rachat2credit.fr\/guide\/#\/schema\/person\/d4142086d07bc6acdc4722eabd955cc2"},"headline":"Rachat Cr\u00e9dit Reims : Guide Complet 2025","datePublished":"2025-07-21T09:26:13+00:00","mainEntityOfPage":{"@id":"https:\/\/rachat2credit.fr\/guide\/rachat-credit-reims\/"},"wordCount":2869,"commentCount":0,"publisher":{"@id":"https:\/\/rachat2credit.fr\/guide\/#organization"},"image":{"@id":"https:\/\/rachat2credit.fr\/guide\/rachat-credit-reims\/#primaryimage"},"thumbnailUrl":"https:\/\/rachat2credit.fr\/guide\/wp-content\/uploads\/2025\/05\/Rachat-Credit-Reims.png","articleSection":["Rachat de cr\u00e9dit par ville"],"inLanguage":"fr-FR","potentialAction":[{"@type":"CommentAction","name":"Comment","target":["https:\/\/rachat2credit.fr\/guide\/rachat-credit-reims\/#respond"]}]},{"@type":"WebPage","@id":"https:\/\/rachat2credit.fr\/guide\/rachat-credit-reims\/","url":"https:\/\/rachat2credit.fr\/guide\/rachat-credit-reims\/","name":"Rachat Cr\u00e9dit Reims : Guide Complet 2025 - Rachat de Cr\u00e9dit","isPartOf":{"@id":"https:\/\/rachat2credit.fr\/guide\/#website"},"primaryImageOfPage":{"@id":"https:\/\/rachat2credit.fr\/guide\/rachat-credit-reims\/#primaryimage"},"image":{"@id":"https:\/\/rachat2credit.fr\/guide\/rachat-credit-reims\/#primaryimage"},"thumbnailUrl":"https:\/\/rachat2credit.fr\/guide\/wp-content\/uploads\/2025\/05\/Rachat-Credit-Reims.png","datePublished":"2025-07-21T09:26:13+00:00","description":"Rachat de cr\u00e9dit \u00e0 Reims : conditions, d\u00e9marches et organismes sp\u00e9cialis\u00e9s. Guide complet 2025 des solutions de regroupement de pr\u00eats dans la Marne.","breadcrumb":{"@id":"https:\/\/rachat2credit.fr\/guide\/rachat-credit-reims\/#breadcrumb"},"inLanguage":"fr-FR","potentialAction":[{"@type":"ReadAction","target":["https:\/\/rachat2credit.fr\/guide\/rachat-credit-reims\/"]}]},{"@type":"ImageObject","inLanguage":"fr-FR","@id":"https:\/\/rachat2credit.fr\/guide\/rachat-credit-reims\/#primaryimage","url":"https:\/\/rachat2credit.fr\/guide\/wp-content\/uploads\/2025\/05\/Rachat-Credit-Reims.png","contentUrl":"https:\/\/rachat2credit.fr\/guide\/wp-content\/uploads\/2025\/05\/Rachat-Credit-Reims.png","width":1024,"height":1024,"caption":"Rachat Cr\u00e9dit Reims : Guide Complet 2025"},{"@type":"BreadcrumbList","@id":"https:\/\/rachat2credit.fr\/guide\/rachat-credit-reims\/#breadcrumb","itemListElement":[{"@type":"ListItem","position":1,"name":"Accueil","item":"https:\/\/rachat2credit.fr\/guide\/"},{"@type":"ListItem","position":2,"name":"Rachat Cr\u00e9dit Reims : Guide Complet 2025"}]},{"@type":"WebSite","@id":"https:\/\/rachat2credit.fr\/guide\/#website","url":"https:\/\/rachat2credit.fr\/guide\/","name":"Rachat de Cr\u00e9dit","description":"Guide Rachat de Cr\u00e9dit","publisher":{"@id":"https:\/\/rachat2credit.fr\/guide\/#organization"},"potentialAction":[{"@type":"SearchAction","target":{"@type":"EntryPoint","urlTemplate":"https:\/\/rachat2credit.fr\/guide\/?s={search_term_string}"},"query-input":{"@type":"PropertyValueSpecification","valueRequired":true,"valueName":"search_term_string"}}],"inLanguage":"fr-FR"},{"@type":"Organization","@id":"https:\/\/rachat2credit.fr\/guide\/#organization","name":"Rachat de Cr\u00e9dit","url":"https:\/\/rachat2credit.fr\/guide\/","logo":{"@type":"ImageObject","inLanguage":"fr-FR","@id":"https:\/\/rachat2credit.fr\/guide\/#\/schema\/logo\/image\/","url":"https:\/\/rachat2credit.fr\/guide\/wp-content\/uploads\/2025\/05\/rachat2credit.png","contentUrl":"https:\/\/rachat2credit.fr\/guide\/wp-content\/uploads\/2025\/05\/rachat2credit.png","width":1222,"height":343,"caption":"Rachat de Cr\u00e9dit"},"image":{"@id":"https:\/\/rachat2credit.fr\/guide\/#\/schema\/logo\/image\/"}},{"@type":"Person","@id":"https:\/\/rachat2credit.fr\/guide\/#\/schema\/person\/d4142086d07bc6acdc4722eabd955cc2","name":"Aurelien Boulanger","image":{"@type":"ImageObject","inLanguage":"fr-FR","@id":"https:\/\/secure.gravatar.com\/avatar\/32175434c9ca2b27bfeb905d1c3ec782a789caf494bc0ec8fa6ed0ee39c2e62a?s=96&d=mm&r=g","url":"https:\/\/secure.gravatar.com\/avatar\/32175434c9ca2b27bfeb905d1c3ec782a789caf494bc0ec8fa6ed0ee39c2e62a?s=96&d=mm&r=g","contentUrl":"https:\/\/secure.gravatar.com\/avatar\/32175434c9ca2b27bfeb905d1c3ec782a789caf494bc0ec8fa6ed0ee39c2e62a?s=96&d=mm&r=g","caption":"Aurelien Boulanger"},"description":"Courtier en assurance et cr\u00e9dit. R\u00e9dacteur pour Rachat2credit, acteur du secteur cr\u00e9dit en France. Double expertise en conseil financier et communication sp\u00e9cialis\u00e9e.","sameAs":["https:\/\/rachat2credit.fr\/guide"],"url":"https:\/\/rachat2credit.fr\/guide\/author\/aurelien\/"}]}},"_links":{"self":[{"href":"https:\/\/rachat2credit.fr\/guide\/wp-json\/wp\/v2\/posts\/404","targetHints":{"allow":["GET"]}}],"collection":[{"href":"https:\/\/rachat2credit.fr\/guide\/wp-json\/wp\/v2\/posts"}],"about":[{"href":"https:\/\/rachat2credit.fr\/guide\/wp-json\/wp\/v2\/types\/post"}],"author":[{"embeddable":true,"href":"https:\/\/rachat2credit.fr\/guide\/wp-json\/wp\/v2\/users\/1"}],"replies":[{"embeddable":true,"href":"https:\/\/rachat2credit.fr\/guide\/wp-json\/wp\/v2\/comments?post=404"}],"version-history":[{"count":1,"href":"https:\/\/rachat2credit.fr\/guide\/wp-json\/wp\/v2\/posts\/404\/revisions"}],"predecessor-version":[{"id":406,"href":"https:\/\/rachat2credit.fr\/guide\/wp-json\/wp\/v2\/posts\/404\/revisions\/406"}],"wp:featuredmedia":[{"embeddable":true,"href":"https:\/\/rachat2credit.fr\/guide\/wp-json\/wp\/v2\/media\/405"}],"wp:attachment":[{"href":"https:\/\/rachat2credit.fr\/guide\/wp-json\/wp\/v2\/media?parent=404"}],"wp:term":[{"taxonomy":"category","embeddable":true,"href":"https:\/\/rachat2credit.fr\/guide\/wp-json\/wp\/v2\/categories?post=404"},{"taxonomy":"post_tag","embeddable":true,"href":"https:\/\/rachat2credit.fr\/guide\/wp-json\/wp\/v2\/tags?post=404"}],"curies":[{"name":"wp","href":"https:\/\/api.w.org\/{rel}","templated":true}]}}