{"id":428,"date":"2025-07-28T12:20:32","date_gmt":"2025-07-28T12:20:32","guid":{"rendered":"https:\/\/rachat2credit.fr\/guide\/?p=428"},"modified":"2025-05-19T12:21:57","modified_gmt":"2025-05-19T12:21:57","slug":"rachat-credit-villeurbanne","status":"publish","type":"post","link":"https:\/\/rachat2credit.fr\/guide\/rachat-credit-villeurbanne\/","title":{"rendered":"Rachat de cr\u00e9dit \u00e0 Villeurbanne : Solutions de regroupement de cr\u00e9dits 2025"},"content":{"rendered":"\n<p>Le rachat de cr\u00e9dit constitue une <strong>solution financi\u00e8re strat\u00e9gique<\/strong> pour optimiser sa gestion budg\u00e9taire. \u00c0 Villeurbanne, cette op\u00e9ration permet aux particuliers de restructurer leurs dettes existantes en une seule mensualit\u00e9, offrant ainsi une meilleure visibilit\u00e9 sur leurs engagements financiers.<\/p>\n\n\n\n<div id=\"ez-toc-container\" class=\"ez-toc-v2_0_82_2 counter-hierarchy ez-toc-counter ez-toc-grey ez-toc-container-direction\">\n<p class=\"ez-toc-title\" style=\"cursor:inherit\">Sommaire<\/p>\n<label for=\"ez-toc-cssicon-toggle-item-69f1050ad62eb\" class=\"ez-toc-cssicon-toggle-label\"><span class=\"ez-toc-cssicon\"><span class=\"eztoc-hide\" style=\"display:none;\">Toggle<\/span><span class=\"ez-toc-icon-toggle-span\"><svg style=\"fill: #999;color:#999\" xmlns=\"http:\/\/www.w3.org\/2000\/svg\" class=\"list-377408\" width=\"20px\" height=\"20px\" viewBox=\"0 0 24 24\" fill=\"none\"><path d=\"M6 6H4v2h2V6zm14 0H8v2h12V6zM4 11h2v2H4v-2zm16 0H8v2h12v-2zM4 16h2v2H4v-2zm16 0H8v2h12v-2z\" fill=\"currentColor\"><\/path><\/svg><svg style=\"fill: #999;color:#999\" class=\"arrow-unsorted-368013\" xmlns=\"http:\/\/www.w3.org\/2000\/svg\" width=\"10px\" height=\"10px\" viewBox=\"0 0 24 24\" version=\"1.2\" baseProfile=\"tiny\"><path d=\"M18.2 9.3l-6.2-6.3-6.2 6.3c-.2.2-.3.4-.3.7s.1.5.3.7c.2.2.4.3.7.3h11c.3 0 .5-.1.7-.3.2-.2.3-.5.3-.7s-.1-.5-.3-.7zM5.8 14.7l6.2 6.3 6.2-6.3c.2-.2.3-.5.3-.7s-.1-.5-.3-.7c-.2-.2-.4-.3-.7-.3h-11c-.3 0-.5.1-.7.3-.2.2-.3.5-.3.7s.1.5.3.7z\"\/><\/svg><\/span><\/span><\/label><input type=\"checkbox\"  id=\"ez-toc-cssicon-toggle-item-69f1050ad62eb\" checked aria-label=\"Toggle\" \/><nav><ul class='ez-toc-list ez-toc-list-level-1 ' ><li class='ez-toc-page-1 ez-toc-heading-level-2'><a class=\"ez-toc-link ez-toc-heading-1\" href=\"https:\/\/rachat2credit.fr\/guide\/rachat-credit-villeurbanne\/#Points_cles_a_retenir\" >Points cl\u00e9s \u00e0 retenir<\/a><\/li><li class='ez-toc-page-1 ez-toc-heading-level-2'><a class=\"ez-toc-link ez-toc-heading-2\" href=\"https:\/\/rachat2credit.fr\/guide\/rachat-credit-villeurbanne\/#Principe_et_fonctionnement_du_rachat_de_credit\" >Principe et fonctionnement du rachat de cr\u00e9dit<\/a><ul class='ez-toc-list-level-3' ><li class='ez-toc-heading-level-3'><a class=\"ez-toc-link ez-toc-heading-3\" href=\"https:\/\/rachat2credit.fr\/guide\/rachat-credit-villeurbanne\/#Mecanisme_operationnel\" >M\u00e9canisme op\u00e9rationnel<\/a><\/li><li class='ez-toc-page-1 ez-toc-heading-level-3'><a class=\"ez-toc-link ez-toc-heading-4\" href=\"https:\/\/rachat2credit.fr\/guide\/rachat-credit-villeurbanne\/#Types_de_credits_consolidables\" >Types de cr\u00e9dits consolidables<\/a><\/li><\/ul><\/li><li class='ez-toc-page-1 ez-toc-heading-level-2'><a class=\"ez-toc-link ez-toc-heading-5\" href=\"https:\/\/rachat2credit.fr\/guide\/rachat-credit-villeurbanne\/#Avantages_financiers_pour_les_residents_villeurbannais\" >Avantages financiers pour les r\u00e9sidents villeurbannais<\/a><ul class='ez-toc-list-level-3' ><li class='ez-toc-heading-level-3'><a class=\"ez-toc-link ez-toc-heading-6\" href=\"https:\/\/rachat2credit.fr\/guide\/rachat-credit-villeurbanne\/#Reduction_des_charges_mensuelles\" >R\u00e9duction des charges mensuelles<\/a><\/li><li class='ez-toc-page-1 ez-toc-heading-level-3'><a class=\"ez-toc-link ez-toc-heading-7\" href=\"https:\/\/rachat2credit.fr\/guide\/rachat-credit-villeurbanne\/#Simplification_administrative\" >Simplification administrative<\/a><\/li><li class='ez-toc-page-1 ez-toc-heading-level-3'><a class=\"ez-toc-link ez-toc-heading-8\" href=\"https:\/\/rachat2credit.fr\/guide\/rachat-credit-villeurbanne\/#Prevention_du_surendettement\" >Pr\u00e9vention du surendettement<\/a><\/li><\/ul><\/li><li class='ez-toc-page-1 ez-toc-heading-level-2'><a class=\"ez-toc-link ez-toc-heading-9\" href=\"https:\/\/rachat2credit.fr\/guide\/rachat-credit-villeurbanne\/#Conditions_deligibilite_et_criteres_dacceptation\" >Conditions d&rsquo;\u00e9ligibilit\u00e9 et crit\u00e8res d&rsquo;acceptation<\/a><ul class='ez-toc-list-level-3' ><li class='ez-toc-heading-level-3'><a class=\"ez-toc-link ez-toc-heading-10\" href=\"https:\/\/rachat2credit.fr\/guide\/rachat-credit-villeurbanne\/#Profil_proprietaire\" >Profil propri\u00e9taire<\/a><\/li><li class='ez-toc-page-1 ez-toc-heading-level-3'><a class=\"ez-toc-link ez-toc-heading-11\" href=\"https:\/\/rachat2credit.fr\/guide\/rachat-credit-villeurbanne\/#Statut_locataire\" >Statut locataire<\/a><\/li><li class='ez-toc-page-1 ez-toc-heading-level-3'><a class=\"ez-toc-link ez-toc-heading-12\" href=\"https:\/\/rachat2credit.fr\/guide\/rachat-credit-villeurbanne\/#Documentation_requise\" >Documentation requise<\/a><\/li><\/ul><\/li><li class='ez-toc-page-1 ez-toc-heading-level-2'><a class=\"ez-toc-link ez-toc-heading-13\" href=\"https:\/\/rachat2credit.fr\/guide\/rachat-credit-villeurbanne\/#Types_de_rachat_disponibles_a_Villeurbanne\" >Types de rachat disponibles \u00e0 Villeurbanne<\/a><ul class='ez-toc-list-level-3' ><li class='ez-toc-heading-level-3'><a class=\"ez-toc-link ez-toc-heading-14\" href=\"https:\/\/rachat2credit.fr\/guide\/rachat-credit-villeurbanne\/#Rachat_de_credits_a_la_consommation\" >Rachat de cr\u00e9dits \u00e0 la consommation<\/a><\/li><li class='ez-toc-page-1 ez-toc-heading-level-3'><a class=\"ez-toc-link ez-toc-heading-15\" href=\"https:\/\/rachat2credit.fr\/guide\/rachat-credit-villeurbanne\/#Rachat_de_credit_immobilier\" >Rachat de cr\u00e9dit immobilier<\/a><\/li><li class='ez-toc-page-1 ez-toc-heading-level-3'><a class=\"ez-toc-link ez-toc-heading-16\" href=\"https:\/\/rachat2credit.fr\/guide\/rachat-credit-villeurbanne\/#Formule_mixte\" >Formule mixte<\/a><\/li><\/ul><\/li><li class='ez-toc-page-1 ez-toc-heading-level-2'><a class=\"ez-toc-link ez-toc-heading-17\" href=\"https:\/\/rachat2credit.fr\/guide\/rachat-credit-villeurbanne\/#Taux_et_couts_du_rachat_de_credit_en_2025\" >Taux et co\u00fbts du rachat de cr\u00e9dit en 2025<\/a><ul class='ez-toc-list-level-3' ><li class='ez-toc-heading-level-3'><a class=\"ez-toc-link ez-toc-heading-18\" href=\"https:\/\/rachat2credit.fr\/guide\/rachat-credit-villeurbanne\/#Evolution_tarifaire_regionale\" >\u00c9volution tarifaire r\u00e9gionale<\/a><\/li><li class='ez-toc-page-1 ez-toc-heading-level-3'><a class=\"ez-toc-link ez-toc-heading-19\" href=\"https:\/\/rachat2credit.fr\/guide\/rachat-credit-villeurbanne\/#Structure_des_couts\" >Structure des co\u00fbts<\/a><\/li><li class='ez-toc-page-1 ez-toc-heading-level-3'><a class=\"ez-toc-link ez-toc-heading-20\" href=\"https:\/\/rachat2credit.fr\/guide\/rachat-credit-villeurbanne\/#Optimisation_des_conditions\" >Optimisation des conditions<\/a><\/li><\/ul><\/li><li class='ez-toc-page-1 ez-toc-heading-level-2'><a class=\"ez-toc-link ez-toc-heading-21\" href=\"https:\/\/rachat2credit.fr\/guide\/rachat-credit-villeurbanne\/#Acteurs_du_rachat_de_credit_a_Villeurbanne\" >Acteurs du rachat de cr\u00e9dit \u00e0 Villeurbanne<\/a><ul class='ez-toc-list-level-3' ><li class='ez-toc-heading-level-3'><a class=\"ez-toc-link ez-toc-heading-22\" href=\"https:\/\/rachat2credit.fr\/guide\/rachat-credit-villeurbanne\/#Courtiers_specialises\" >Courtiers sp\u00e9cialis\u00e9s<\/a><\/li><li class='ez-toc-page-1 ez-toc-heading-level-3'><a class=\"ez-toc-link ez-toc-heading-23\" href=\"https:\/\/rachat2credit.fr\/guide\/rachat-credit-villeurbanne\/#Etablissements_bancaires_locaux\" >\u00c9tablissements bancaires locaux<\/a><\/li><\/ul><\/li><li class='ez-toc-page-1 ez-toc-heading-level-2'><a class=\"ez-toc-link ez-toc-heading-24\" href=\"https:\/\/rachat2credit.fr\/guide\/rachat-credit-villeurbanne\/#Processus_de_souscription_optimise\" >Processus de souscription optimis\u00e9<\/a><ul class='ez-toc-list-level-3' ><li class='ez-toc-heading-level-3'><a class=\"ez-toc-link ez-toc-heading-25\" href=\"https:\/\/rachat2credit.fr\/guide\/rachat-credit-villeurbanne\/#Constitution_du_dossier\" >Constitution du dossier<\/a><\/li><li class='ez-toc-page-1 ez-toc-heading-level-3'><a class=\"ez-toc-link ez-toc-heading-26\" href=\"https:\/\/rachat2credit.fr\/guide\/rachat-credit-villeurbanne\/#Formalisation_de_loffre\" >Formalisation de l&rsquo;offre<\/a><\/li><li class='ez-toc-page-1 ez-toc-heading-level-3'><a class=\"ez-toc-link ez-toc-heading-27\" href=\"https:\/\/rachat2credit.fr\/guide\/rachat-credit-villeurbanne\/#Finalisation\" >Finalisation<\/a><\/li><\/ul><\/li><li class='ez-toc-page-1 ez-toc-heading-level-2'><a class=\"ez-toc-link ez-toc-heading-28\" href=\"https:\/\/rachat2credit.fr\/guide\/rachat-credit-villeurbanne\/#Solutions_durgence_et_cas_particuliers\" >Solutions d&rsquo;urgence et cas particuliers<\/a><ul class='ez-toc-list-level-3' ><li class='ez-toc-heading-level-3'><a class=\"ez-toc-link ez-toc-heading-29\" href=\"https:\/\/rachat2credit.fr\/guide\/rachat-credit-villeurbanne\/#Procedures_accelerees\" >Proc\u00e9dures acc\u00e9l\u00e9r\u00e9es<\/a><\/li><li class='ez-toc-page-1 ez-toc-heading-level-3'><a class=\"ez-toc-link ez-toc-heading-30\" href=\"https:\/\/rachat2credit.fr\/guide\/rachat-credit-villeurbanne\/#Profils_specifiques\" >Profils sp\u00e9cifiques<\/a><\/li><\/ul><\/li><li class='ez-toc-page-1 ez-toc-heading-level-2'><a class=\"ez-toc-link ez-toc-heading-31\" href=\"https:\/\/rachat2credit.fr\/guide\/rachat-credit-villeurbanne\/#Rachat_avec_tresorerie_additionnelle\" >Rachat avec tr\u00e9sorerie additionnelle<\/a><ul class='ez-toc-list-level-3' ><li class='ez-toc-heading-level-3'><a class=\"ez-toc-link ez-toc-heading-32\" href=\"https:\/\/rachat2credit.fr\/guide\/rachat-credit-villeurbanne\/#Principe_du_cash-back\" >Principe du cash-back<\/a><\/li><li class='ez-toc-page-1 ez-toc-heading-level-3'><a class=\"ez-toc-link ez-toc-heading-33\" href=\"https:\/\/rachat2credit.fr\/guide\/rachat-credit-villeurbanne\/#Utilisation_optimale_des_fonds\" >Utilisation optimale des fonds<\/a><\/li><\/ul><\/li><li class='ez-toc-page-1 ez-toc-heading-level-2'><a class=\"ez-toc-link ez-toc-heading-34\" href=\"https:\/\/rachat2credit.fr\/guide\/rachat-credit-villeurbanne\/#Alternatives_au_rachat_de_credit\" >Alternatives au rachat de cr\u00e9dit<\/a><ul class='ez-toc-list-level-3' ><li class='ez-toc-heading-level-3'><a class=\"ez-toc-link ez-toc-heading-35\" href=\"https:\/\/rachat2credit.fr\/guide\/rachat-credit-villeurbanne\/#Renegociation_ciblee\" >Ren\u00e9gociation cibl\u00e9e<\/a><\/li><li class='ez-toc-page-1 ez-toc-heading-level-3'><a class=\"ez-toc-link ez-toc-heading-36\" href=\"https:\/\/rachat2credit.fr\/guide\/rachat-credit-villeurbanne\/#Mediation_et_accompagnement\" >M\u00e9diation et accompagnement<\/a><\/li><\/ul><\/li><li class='ez-toc-page-1 ez-toc-heading-level-2'><a class=\"ez-toc-link ez-toc-heading-37\" href=\"https:\/\/rachat2credit.fr\/guide\/rachat-credit-villeurbanne\/#Reglementation_applicable\" >R\u00e9glementation applicable<\/a><ul class='ez-toc-list-level-3' ><li class='ez-toc-heading-level-3'><a class=\"ez-toc-link ez-toc-heading-38\" href=\"https:\/\/rachat2credit.fr\/guide\/rachat-credit-villeurbanne\/#Protection_des_consommateurs\" >Protection des consommateurs<\/a><\/li><li class='ez-toc-page-1 ez-toc-heading-level-3'><a class=\"ez-toc-link ez-toc-heading-39\" href=\"https:\/\/rachat2credit.fr\/guide\/rachat-credit-villeurbanne\/#Controles_reglementaires\" >Contr\u00f4les r\u00e9glementaires<\/a><\/li><\/ul><\/li><li class='ez-toc-page-1 ez-toc-heading-level-2'><a class=\"ez-toc-link ez-toc-heading-40\" href=\"https:\/\/rachat2credit.fr\/guide\/rachat-credit-villeurbanne\/#Recommandations_strategiques\" >Recommandations strat\u00e9giques<\/a><ul class='ez-toc-list-level-3' ><li class='ez-toc-heading-level-3'><a class=\"ez-toc-link ez-toc-heading-41\" href=\"https:\/\/rachat2credit.fr\/guide\/rachat-credit-villeurbanne\/#Preparation_du_dossier\" >Pr\u00e9paration du dossier<\/a><\/li><li class='ez-toc-page-1 ez-toc-heading-level-3'><a class=\"ez-toc-link ez-toc-heading-42\" href=\"https:\/\/rachat2credit.fr\/guide\/rachat-credit-villeurbanne\/#Negociation_efficace\" >N\u00e9gociation efficace<\/a><\/li><li class='ez-toc-page-1 ez-toc-heading-level-3'><a class=\"ez-toc-link ez-toc-heading-43\" href=\"https:\/\/rachat2credit.fr\/guide\/rachat-credit-villeurbanne\/#Suivi_post-souscription\" >Suivi post-souscription<\/a><\/li><\/ul><\/li><li class='ez-toc-page-1 ez-toc-heading-level-2'><a class=\"ez-toc-link ez-toc-heading-44\" href=\"https:\/\/rachat2credit.fr\/guide\/rachat-credit-villeurbanne\/#Questions_frequemment_posees\" >Questions fr\u00e9quemment pos\u00e9es<\/a><\/li><li class='ez-toc-page-1 ez-toc-heading-level-2'><a class=\"ez-toc-link ez-toc-heading-45\" href=\"https:\/\/rachat2credit.fr\/guide\/rachat-credit-villeurbanne\/#Services_complementaires_disponibles\" >Services compl\u00e9mentaires disponibles<\/a><ul class='ez-toc-list-level-3' ><li class='ez-toc-heading-level-3'><a class=\"ez-toc-link ez-toc-heading-46\" href=\"https:\/\/rachat2credit.fr\/guide\/rachat-credit-villeurbanne\/#Assurance_emprunteur_deleguee\" >Assurance emprunteur d\u00e9l\u00e9gu\u00e9e<\/a><\/li><li class='ez-toc-page-1 ez-toc-heading-level-3'><a class=\"ez-toc-link ez-toc-heading-47\" href=\"https:\/\/rachat2credit.fr\/guide\/rachat-credit-villeurbanne\/#Conseil_patrimonial\" >Conseil patrimonial<\/a><\/li><li class='ez-toc-page-1 ez-toc-heading-level-3'><a class=\"ez-toc-link ez-toc-heading-48\" href=\"https:\/\/rachat2credit.fr\/guide\/rachat-credit-villeurbanne\/#Accompagnement_budgetaire\" >Accompagnement budg\u00e9taire<\/a><\/li><\/ul><\/li><li class='ez-toc-page-1 ez-toc-heading-level-2'><a class=\"ez-toc-link ez-toc-heading-49\" href=\"https:\/\/rachat2credit.fr\/guide\/rachat-credit-villeurbanne\/#Perspectives_devolution_du_secteur\" >Perspectives d&rsquo;\u00e9volution du secteur<\/a><ul class='ez-toc-list-level-3' ><li class='ez-toc-heading-level-3'><a class=\"ez-toc-link ez-toc-heading-50\" href=\"https:\/\/rachat2credit.fr\/guide\/rachat-credit-villeurbanne\/#Innovations_technologiques\" >Innovations technologiques<\/a><\/li><li class='ez-toc-page-1 ez-toc-heading-level-3'><a class=\"ez-toc-link ez-toc-heading-51\" href=\"https:\/\/rachat2credit.fr\/guide\/rachat-credit-villeurbanne\/#Evolution_reglementaire\" >\u00c9volution r\u00e9glementaire<\/a><\/li><li class='ez-toc-page-1 ez-toc-heading-level-3'><a class=\"ez-toc-link ez-toc-heading-52\" href=\"https:\/\/rachat2credit.fr\/guide\/rachat-credit-villeurbanne\/#Tendances_de_marche\" >Tendances de march\u00e9<\/a><\/li><\/ul><\/li><\/ul><\/nav><\/div>\n<h2 class=\"wp-block-heading\"><span class=\"ez-toc-section\" id=\"Points_cles_a_retenir\"><\/span>Points cl\u00e9s \u00e0 retenir<span class=\"ez-toc-section-end\"><\/span><\/h2>\n\n\n\n<figure class=\"wp-block-table\"><table class=\"has-fixed-layout\"><thead><tr><th>Aspect<\/th><th>Information essentielle<\/th><\/tr><\/thead><tbody><tr><td><strong>R\u00e9duction mensuelle<\/strong><\/td><td>Jusqu&rsquo;\u00e0 60% de diminution des mensualit\u00e9s<\/td><\/tr><tr><td><strong>Types \u00e9ligibles<\/strong><\/td><td>Cr\u00e9dits consommation, immobilier, renouvelables<\/td><\/tr><tr><td><strong>Conditions<\/strong><\/td><td>Revenus r\u00e9guliers, taux d&rsquo;endettement &lt;50%<\/td><\/tr><tr><td><strong>D\u00e9lais<\/strong><\/td><td>4 \u00e0 8 semaines pour un dossier complet<\/td><\/tr><tr><td><strong>Taux 2025<\/strong><\/td><td>Entre 2,5% et 9% selon le profil<\/td><\/tr><tr><td><strong>Co\u00fbt total<\/strong><\/td><td>Frais de dossier + assurance obligatoire<\/td><\/tr><\/tbody><\/table><\/figure>\n\n\n\n<h2 class=\"wp-block-heading\"><span class=\"ez-toc-section\" id=\"Principe_et_fonctionnement_du_rachat_de_credit\"><\/span>Principe et fonctionnement du rachat de cr\u00e9dit<span class=\"ez-toc-section-end\"><\/span><\/h2>\n\n\n\n<h3 class=\"wp-block-heading\"><span class=\"ez-toc-section\" id=\"Mecanisme_operationnel\"><\/span>M\u00e9canisme op\u00e9rationnel<span class=\"ez-toc-section-end\"><\/span><\/h3>\n\n\n\n<p>Le regroupement de cr\u00e9dits consiste \u00e0 <strong>remplacer plusieurs pr\u00eats existants<\/strong> par un cr\u00e9dit unique aupr\u00e8s d&rsquo;un nouvel \u00e9tablissement. Cette consolidation s&rsquo;appuie sur trois leviers principaux :<\/p>\n\n\n\n<ul class=\"wp-block-list\">\n<li>L&rsquo;<strong>allongement de la dur\u00e9e<\/strong> de remboursement<\/li>\n\n\n\n<li>La <strong>ren\u00e9gociation des taux<\/strong> d&rsquo;int\u00e9r\u00eat<\/li>\n\n\n\n<li>L&rsquo;<strong>optimisation des garanties<\/strong> selon le profil d&rsquo;endettement<\/li>\n<\/ul>\n\n\n\n<h3 class=\"wp-block-heading\"><span class=\"ez-toc-section\" id=\"Types_de_credits_consolidables\"><\/span>Types de cr\u00e9dits consolidables<span class=\"ez-toc-section-end\"><\/span><\/h3>\n\n\n\n<p>Les \u00e9tablissements financiers acceptent g\u00e9n\u00e9ralement :<\/p>\n\n\n\n<ul class=\"wp-block-list\">\n<li>Pr\u00eats personnels et affect\u00e9s<\/li>\n\n\n\n<li>Cr\u00e9dits automobiles<\/li>\n\n\n\n<li>Cartes de cr\u00e9dit et facilit\u00e9s de caisse<\/li>\n\n\n\n<li>Cr\u00e9dits renouvelables<\/li>\n\n\n\n<li>Pr\u00eats immobiliers (sous conditions)<\/li>\n<\/ul>\n\n\n\n<h2 class=\"wp-block-heading\"><span class=\"ez-toc-section\" id=\"Avantages_financiers_pour_les_residents_villeurbannais\"><\/span>Avantages financiers pour les r\u00e9sidents villeurbannais<span class=\"ez-toc-section-end\"><\/span><\/h2>\n\n\n\n<h3 class=\"wp-block-heading\"><span class=\"ez-toc-section\" id=\"Reduction_des_charges_mensuelles\"><\/span>R\u00e9duction des charges mensuelles<span class=\"ez-toc-section-end\"><\/span><\/h3>\n\n\n\n<p>L&rsquo;allongement de la dur\u00e9e permet une <strong>diminution significative<\/strong> des mensualit\u00e9s, lib\u00e9rant du pouvoir d&rsquo;achat pour les d\u00e9penses courantes. Cette optimisation s&rsquo;av\u00e8re particuli\u00e8rement b\u00e9n\u00e9fique dans un contexte de hausse des co\u00fbts de la vie.<\/p>\n\n\n\n<h3 class=\"wp-block-heading\"><span class=\"ez-toc-section\" id=\"Simplification_administrative\"><\/span>Simplification administrative<span class=\"ez-toc-section-end\"><\/span><\/h3>\n\n\n\n<p>La centralisation des remboursements aupr\u00e8s d&rsquo;un seul organisme r\u00e9duit les risques d&rsquo;impay\u00e9s et simplifie le suivi budg\u00e9taire. Cette approche favorise une meilleure <strong>ma\u00eetrise des \u00e9ch\u00e9ances<\/strong> financi\u00e8res.<\/p>\n\n\n\n<h3 class=\"wp-block-heading\"><span class=\"ez-toc-section\" id=\"Prevention_du_surendettement\"><\/span>Pr\u00e9vention du surendettement<span class=\"ez-toc-section-end\"><\/span><\/h3>\n\n\n\n<p>Le rachat de cr\u00e9dit constitue un outil pr\u00e9ventif efficace pour \u00e9viter l&rsquo;accumulation excessive de dettes et pr\u00e9server l&rsquo;\u00e9quilibre financier des m\u00e9nages.<\/p>\n\n\n\n<h2 class=\"wp-block-heading\"><span class=\"ez-toc-section\" id=\"Conditions_deligibilite_et_criteres_dacceptation\"><\/span>Conditions d&rsquo;\u00e9ligibilit\u00e9 et crit\u00e8res d&rsquo;acceptation<span class=\"ez-toc-section-end\"><\/span><\/h2>\n\n\n\n<h3 class=\"wp-block-heading\"><span class=\"ez-toc-section\" id=\"Profil_proprietaire\"><\/span>Profil propri\u00e9taire<span class=\"ez-toc-section-end\"><\/span><\/h3>\n\n\n\n<p>Les propri\u00e9taires villeurbannais b\u00e9n\u00e9ficient d&rsquo;<strong>conditions pr\u00e9f\u00e9rentielles<\/strong> gr\u00e2ce \u00e0 la garantie hypoth\u00e9caire offerte par leur bien immobilier. Cette s\u00e9curit\u00e9 permet d&rsquo;acc\u00e9der \u00e0 des taux plus avantageux et des montants plus \u00e9lev\u00e9s.<\/p>\n\n\n\n<h3 class=\"wp-block-heading\"><span class=\"ez-toc-section\" id=\"Statut_locataire\"><\/span>Statut locataire<span class=\"ez-toc-section-end\"><\/span><\/h3>\n\n\n\n<p>Les locataires peuvent \u00e9galement pr\u00e9tendre au rachat de cr\u00e9dit, avec des conditions adapt\u00e9es :<\/p>\n\n\n\n<ul class=\"wp-block-list\">\n<li>Justificatifs de revenus r\u00e9guliers<\/li>\n\n\n\n<li>Anciennet\u00e9 professionnelle minimale<\/li>\n\n\n\n<li>Taux d&rsquo;endettement inf\u00e9rieur \u00e0 50%<\/li>\n<\/ul>\n\n\n\n<h3 class=\"wp-block-heading\"><span class=\"ez-toc-section\" id=\"Documentation_requise\"><\/span>Documentation requise<span class=\"ez-toc-section-end\"><\/span><\/h3>\n\n\n\n<figure class=\"wp-block-table\"><table class=\"has-fixed-layout\"><thead><tr><th>Type de document<\/th><th>D\u00e9tail<\/th><\/tr><\/thead><tbody><tr><td><strong>Revenus<\/strong><\/td><td>3 derniers bulletins de salaire<\/td><\/tr><tr><td><strong>Fiscaux<\/strong><\/td><td>Avis d&rsquo;imposition N-1<\/td><\/tr><tr><td><strong>Bancaires<\/strong><\/td><td>Relev\u00e9s de comptes 3 mois<\/td><\/tr><tr><td><strong>Cr\u00e9dits<\/strong><\/td><td>Tableaux d&rsquo;amortissement<\/td><\/tr><tr><td><strong>Logement<\/strong><\/td><td>Titre de propri\u00e9t\u00e9 ou bail<\/td><\/tr><\/tbody><\/table><\/figure>\n\n\n\n<h2 class=\"wp-block-heading\"><span class=\"ez-toc-section\" id=\"Types_de_rachat_disponibles_a_Villeurbanne\"><\/span>Types de rachat disponibles \u00e0 Villeurbanne<span class=\"ez-toc-section-end\"><\/span><\/h2>\n\n\n\n<h3 class=\"wp-block-heading\"><span class=\"ez-toc-section\" id=\"Rachat_de_credits_a_la_consommation\"><\/span>Rachat de cr\u00e9dits \u00e0 la consommation<span class=\"ez-toc-section-end\"><\/span><\/h3>\n\n\n\n<p>Cette formule concerne exclusivement les pr\u00eats non immobiliers avec des montants g\u00e9n\u00e9ralement compris entre 5 000 et 75 000 euros.<\/p>\n\n\n\n<p><strong>Pr\u00eats automobiles<\/strong> Le regroupement des financements v\u00e9hicules permet d&rsquo;optimiser les conditions tarifaires et d&rsquo;\u00e9taler les remboursements sur une dur\u00e9e plus longue.<\/p>\n\n\n\n<p><strong>Pr\u00eats personnels consolid\u00e9s<\/strong> Les cr\u00e9dits affect\u00e9s ou libres peuvent \u00eatre regroup\u00e9s pour b\u00e9n\u00e9ficier de <strong>taux unifi\u00e9s<\/strong> et de mensualit\u00e9s r\u00e9duites.<\/p>\n\n\n\n<p><strong>Cr\u00e9dits renouvelables restructur\u00e9s<\/strong> Les facilit\u00e9s de caisse et cartes de cr\u00e9dit, souvent assorties de taux \u00e9lev\u00e9s, voient leurs conditions am\u00e9lior\u00e9es lors du regroupement.<\/p>\n\n\n\n<h3 class=\"wp-block-heading\"><span class=\"ez-toc-section\" id=\"Rachat_de_credit_immobilier\"><\/span>Rachat de cr\u00e9dit immobilier<span class=\"ez-toc-section-end\"><\/span><\/h3>\n\n\n\n<p>Le rachat peut inclure le pr\u00eat habitat principal avec deux modalit\u00e9s :<\/p>\n\n\n\n<p><strong>Avec hypoth\u00e8que<\/strong> Solution privil\u00e9gi\u00e9e pour les montants \u00e9lev\u00e9s, offrant les <strong>meilleures conditions tarifaires<\/strong> gr\u00e2ce \u00e0 la garantie immobili\u00e8re.<\/p>\n\n\n\n<p><strong>Sans garantie hypoth\u00e9caire<\/strong> Formule simplifi\u00e9e pour les montants mod\u00e9r\u00e9s, \u00e9vitant les frais de garantie mais avec des taux l\u00e9g\u00e8rement sup\u00e9rieurs.<\/p>\n\n\n\n<h3 class=\"wp-block-heading\"><span class=\"ez-toc-section\" id=\"Formule_mixte\"><\/span>Formule mixte<span class=\"ez-toc-section-end\"><\/span><\/h3>\n\n\n\n<p>Le rachat mixte combine cr\u00e9dits immobiliers et de consommation, permettant une <strong>restructuration globale<\/strong> de l&rsquo;endettement avec des conditions optimis\u00e9es.<\/p>\n\n\n\n<h2 class=\"wp-block-heading\"><span class=\"ez-toc-section\" id=\"Taux_et_couts_du_rachat_de_credit_en_2025\"><\/span>Taux et co\u00fbts du rachat de cr\u00e9dit en 2025<span class=\"ez-toc-section-end\"><\/span><\/h2>\n\n\n\n<h3 class=\"wp-block-heading\"><span class=\"ez-toc-section\" id=\"Evolution_tarifaire_regionale\"><\/span>\u00c9volution tarifaire r\u00e9gionale<span class=\"ez-toc-section-end\"><\/span><\/h3>\n\n\n\n<p>Le march\u00e9 villeurbannais suit les tendances nationales avec des sp\u00e9cificit\u00e9s locales :<\/p>\n\n\n\n<ul class=\"wp-block-list\">\n<li><strong>Taux hypoth\u00e9caires<\/strong> : 2,5% \u00e0 4,2% selon la dur\u00e9e<\/li>\n\n\n\n<li><strong>Taux sans garantie<\/strong> : 4,8% \u00e0 9% selon le profil de risque<\/li>\n\n\n\n<li>Variation selon l&rsquo;\u00e9tablissement et la n\u00e9gociation<\/li>\n<\/ul>\n\n\n\n<h3 class=\"wp-block-heading\"><span class=\"ez-toc-section\" id=\"Structure_des_couts\"><\/span>Structure des co\u00fbts<span class=\"ez-toc-section-end\"><\/span><\/h3>\n\n\n\n<figure class=\"wp-block-table\"><table class=\"has-fixed-layout\"><thead><tr><th>Composante<\/th><th>Montant indicatif<\/th><\/tr><\/thead><tbody><tr><td><strong>Frais de dossier<\/strong><\/td><td>0,5% \u00e0 1,5% du capital<\/td><\/tr><tr><td><strong>Assurance emprunteur<\/strong><\/td><td>0,2% \u00e0 0,5% du capital<\/td><\/tr><tr><td><strong>Garanties<\/strong><\/td><td>1% \u00e0 2% si hypoth\u00e8que<\/td><\/tr><tr><td><strong>Frais de notaire<\/strong><\/td><td>1% si hypoth\u00e8que<\/td><\/tr><\/tbody><\/table><\/figure>\n\n\n\n<h3 class=\"wp-block-heading\"><span class=\"ez-toc-section\" id=\"Optimisation_des_conditions\"><\/span>Optimisation des conditions<span class=\"ez-toc-section-end\"><\/span><\/h3>\n\n\n\n<p>La n\u00e9gociation s&rsquo;appuie sur plusieurs leviers :<\/p>\n\n\n\n<ul class=\"wp-block-list\">\n<li>Mise en concurrence des \u00e9tablissements<\/li>\n\n\n\n<li>Valorisation des garanties existantes<\/li>\n\n\n\n<li>N\u00e9gociation de l&rsquo;assurance d\u00e9l\u00e9gu\u00e9e<\/li>\n\n\n\n<li>Optimisation de la dur\u00e9e de remboursement<\/li>\n<\/ul>\n\n\n\n<h2 class=\"wp-block-heading\"><span class=\"ez-toc-section\" id=\"Acteurs_du_rachat_de_credit_a_Villeurbanne\"><\/span>Acteurs du rachat de cr\u00e9dit \u00e0 Villeurbanne<span class=\"ez-toc-section-end\"><\/span><\/h2>\n\n\n\n<h3 class=\"wp-block-heading\"><span class=\"ez-toc-section\" id=\"Courtiers_specialises\"><\/span>Courtiers sp\u00e9cialis\u00e9s<span class=\"ez-toc-section-end\"><\/span><\/h3>\n\n\n\n<p>Les courtiers villeurbannais offrent un <strong>accompagnement personnalis\u00e9<\/strong> avec :<\/p>\n\n\n\n<ul class=\"wp-block-list\">\n<li>Analyse comparative des offres de march\u00e9<\/li>\n\n\n\n<li>Constitution et suivi du dossier<\/li>\n\n\n\n<li>N\u00e9gociation des meilleures conditions<\/li>\n\n\n\n<li>Conseil strat\u00e9gique adapt\u00e9 au profil client<\/li>\n<\/ul>\n\n\n\n<p><strong>Crit\u00e8res de s\u00e9lection d&rsquo;un courtier<\/strong><\/p>\n\n\n\n<ul class=\"wp-block-list\">\n<li>Anciennet\u00e9 et r\u00e9putation locale<\/li>\n\n\n\n<li>R\u00e9seau de partenaires bancaires<\/li>\n\n\n\n<li>Transparence tarifaire<\/li>\n\n\n\n<li>Qualification professionnelle (IOBSP)<\/li>\n<\/ul>\n\n\n\n<h3 class=\"wp-block-heading\"><span class=\"ez-toc-section\" id=\"Etablissements_bancaires_locaux\"><\/span>\u00c9tablissements bancaires locaux<span class=\"ez-toc-section-end\"><\/span><\/h3>\n\n\n\n<p><strong>Banques traditionnelles<\/strong><\/p>\n\n\n\n<ul class=\"wp-block-list\">\n<li>Cr\u00e9dit Agricole Centre-est Villeurbanne<\/li>\n\n\n\n<li>Banque Populaire Auvergne Rh\u00f4ne-Alpes<\/li>\n\n\n\n<li>Cr\u00e9dit Mutuel Massif Central<\/li>\n<\/ul>\n\n\n\n<p><strong>Organismes sp\u00e9cialis\u00e9s<\/strong><\/p>\n\n\n\n<ul class=\"wp-block-list\">\n<li>Solutis (filiale Cr\u00e9dit Agricole)<\/li>\n\n\n\n<li>Araf regroupement de cr\u00e9dits<\/li>\n\n\n\n<li>Cafpi Villeurbanne<\/li>\n\n\n\n<li>Empruntis<\/li>\n<\/ul>\n\n\n\n<h2 class=\"wp-block-heading\"><span class=\"ez-toc-section\" id=\"Processus_de_souscription_optimise\"><\/span>Processus de souscription optimis\u00e9<span class=\"ez-toc-section-end\"><\/span><\/h2>\n\n\n\n<h3 class=\"wp-block-heading\"><span class=\"ez-toc-section\" id=\"Constitution_du_dossier\"><\/span>Constitution du dossier<span class=\"ez-toc-section-end\"><\/span><\/h3>\n\n\n\n<p><strong>Phase pr\u00e9paratoire<\/strong> (2-3 semaines)<\/p>\n\n\n\n<ul class=\"wp-block-list\">\n<li>Collecte des justificatifs<\/li>\n\n\n\n<li>\u00c9valuation de la capacit\u00e9 de remboursement<\/li>\n\n\n\n<li>D\u00e9finition des objectifs financiers<\/li>\n<\/ul>\n\n\n\n<p><strong>Instruction par l&rsquo;organisme<\/strong> (3-4 semaines)<\/p>\n\n\n\n<ul class=\"wp-block-list\">\n<li>Analyse de solvabilit\u00e9<\/li>\n\n\n\n<li>V\u00e9rification des pi\u00e8ces justificatives<\/li>\n\n\n\n<li>Validation du montage financier<\/li>\n<\/ul>\n\n\n\n<h3 class=\"wp-block-heading\"><span class=\"ez-toc-section\" id=\"Formalisation_de_loffre\"><\/span>Formalisation de l&rsquo;offre<span class=\"ez-toc-section-end\"><\/span><\/h3>\n\n\n\n<p>L&rsquo;\u00e9tablissement propose une <strong>offre pr\u00e9alable<\/strong> comportant :<\/p>\n\n\n\n<ul class=\"wp-block-list\">\n<li>Conditions d\u00e9finitives du cr\u00e9dit<\/li>\n\n\n\n<li>Tableau d&rsquo;amortissement<\/li>\n\n\n\n<li>Co\u00fbt total du financement<\/li>\n\n\n\n<li>Modalit\u00e9s de d\u00e9blocage<\/li>\n<\/ul>\n\n\n\n<h3 class=\"wp-block-heading\"><span class=\"ez-toc-section\" id=\"Finalisation\"><\/span>Finalisation<span class=\"ez-toc-section-end\"><\/span><\/h3>\n\n\n\n<p><strong>D\u00e9lai de r\u00e9tractation l\u00e9gal<\/strong> : 14 jours calendaires <strong>D\u00e9blocage des fonds<\/strong> : 7 jours apr\u00e8s acceptation <strong>Remboursement des cr\u00e9dits existants<\/strong> : imm\u00e9diat<\/p>\n\n\n\n<h2 class=\"wp-block-heading\"><span class=\"ez-toc-section\" id=\"Solutions_durgence_et_cas_particuliers\"><\/span>Solutions d&rsquo;urgence et cas particuliers<span class=\"ez-toc-section-end\"><\/span><\/h2>\n\n\n\n<h3 class=\"wp-block-heading\"><span class=\"ez-toc-section\" id=\"Procedures_accelerees\"><\/span>Proc\u00e9dures acc\u00e9l\u00e9r\u00e9es<span class=\"ez-toc-section-end\"><\/span><\/h3>\n\n\n\n<p>Certains \u00e9tablissements proposent des <strong>d\u00e9lais r\u00e9duits<\/strong> pour les situations d&rsquo;urgence :<\/p>\n\n\n\n<ul class=\"wp-block-list\">\n<li>R\u00e9ponse de principe en 48-72h<\/li>\n\n\n\n<li>Instruction prioritaire des dossiers<\/li>\n\n\n\n<li>D\u00e9blocage anticip\u00e9 sous conditions<\/li>\n<\/ul>\n\n\n\n<h3 class=\"wp-block-heading\"><span class=\"ez-toc-section\" id=\"Profils_specifiques\"><\/span>Profils sp\u00e9cifiques<span class=\"ez-toc-section-end\"><\/span><\/h3>\n\n\n\n<p><strong>Personnes fich\u00e9es FICP<\/strong> Solutions adapt\u00e9es avec organismes sp\u00e9cialis\u00e9s et conditions particuli\u00e8res.<\/p>\n\n\n\n<p><strong>Seniors de plus de 65 ans<\/strong> Offres d\u00e9di\u00e9es avec garanties adapt\u00e9es et assurances sp\u00e9cifiques.<\/p>\n\n\n\n<p><strong>Jeunes actifs<\/strong> Produits \u00e9volutifs tenant compte de la progression de carri\u00e8re.<\/p>\n\n\n\n<h2 class=\"wp-block-heading\"><span class=\"ez-toc-section\" id=\"Rachat_avec_tresorerie_additionnelle\"><\/span>Rachat avec tr\u00e9sorerie additionnelle<span class=\"ez-toc-section-end\"><\/span><\/h2>\n\n\n\n<h3 class=\"wp-block-heading\"><span class=\"ez-toc-section\" id=\"Principe_du_cash-back\"><\/span>Principe du cash-back<span class=\"ez-toc-section-end\"><\/span><\/h3>\n\n\n\n<p>Cette formule permet d&rsquo;<strong>obtenir des fonds suppl\u00e9mentaires<\/strong> lors du regroupement :<\/p>\n\n\n\n<ul class=\"wp-block-list\">\n<li>Financement de nouveaux projets<\/li>\n\n\n\n<li>Constitution d&rsquo;une r\u00e9serve de pr\u00e9caution<\/li>\n\n\n\n<li>Travaux d&rsquo;am\u00e9lioration du logement<\/li>\n<\/ul>\n\n\n\n<h3 class=\"wp-block-heading\"><span class=\"ez-toc-section\" id=\"Utilisation_optimale_des_fonds\"><\/span>Utilisation optimale des fonds<span class=\"ez-toc-section-end\"><\/span><\/h3>\n\n\n\n<ul class=\"wp-block-list\">\n<li>Investissements valorisants (r\u00e9novation \u00e9nerg\u00e9tique)<\/li>\n\n\n\n<li>Consolidation de dettes non incluses<\/li>\n\n\n\n<li>Projets familiaux ou professionnels<\/li>\n<\/ul>\n\n\n\n<h2 class=\"wp-block-heading\"><span class=\"ez-toc-section\" id=\"Alternatives_au_rachat_de_credit\"><\/span>Alternatives au rachat de cr\u00e9dit<span class=\"ez-toc-section-end\"><\/span><\/h2>\n\n\n\n<h3 class=\"wp-block-heading\"><span class=\"ez-toc-section\" id=\"Renegociation_ciblee\"><\/span>Ren\u00e9gociation cibl\u00e9e<span class=\"ez-toc-section-end\"><\/span><\/h3>\n\n\n\n<p>R\u00e9vision des conditions de cr\u00e9dits existants sans changement d&rsquo;\u00e9tablissement :<\/p>\n\n\n\n<ul class=\"wp-block-list\">\n<li>R\u00e9duction des taux d&rsquo;int\u00e9r\u00eat<\/li>\n\n\n\n<li>Modification des \u00e9ch\u00e9ances<\/li>\n\n\n\n<li>Ajustement de l&rsquo;assurance emprunteur<\/li>\n<\/ul>\n\n\n\n<h3 class=\"wp-block-heading\"><span class=\"ez-toc-section\" id=\"Mediation_et_accompagnement\"><\/span>M\u00e9diation et accompagnement<span class=\"ez-toc-section-end\"><\/span><\/h3>\n\n\n\n<p><strong>Commission de surendettement<\/strong> Proc\u00e9dure gratuite pour les situations critiques avec possibilit\u00e9 de plan de redressement.<\/p>\n\n\n\n<p><strong>Associations de conseil<\/strong> Accompagnement budg\u00e9taire et n\u00e9gociation avec les cr\u00e9anciers.<\/p>\n\n\n\n<h2 class=\"wp-block-heading\"><span class=\"ez-toc-section\" id=\"Reglementation_applicable\"><\/span>R\u00e9glementation applicable<span class=\"ez-toc-section-end\"><\/span><\/h2>\n\n\n\n<h3 class=\"wp-block-heading\"><span class=\"ez-toc-section\" id=\"Protection_des_consommateurs\"><\/span>Protection des consommateurs<span class=\"ez-toc-section-end\"><\/span><\/h3>\n\n\n\n<p>Le Code de la consommation encadre strictement le rachat de cr\u00e9dit :<\/p>\n\n\n\n<ul class=\"wp-block-list\">\n<li>Obligation d&rsquo;information pr\u00e9contractuelle<\/li>\n\n\n\n<li>D\u00e9lai de r\u00e9tractation de 14 jours<\/li>\n\n\n\n<li>Droit au remboursement anticip\u00e9<\/li>\n\n\n\n<li>Lutte contre le surendettement<\/li>\n<\/ul>\n\n\n\n<h3 class=\"wp-block-heading\"><span class=\"ez-toc-section\" id=\"Controles_reglementaires\"><\/span>Contr\u00f4les r\u00e9glementaires<span class=\"ez-toc-section-end\"><\/span><\/h3>\n\n\n\n<p>Les \u00e9tablissements sont soumis \u00e0 la supervision de l&rsquo;ACPR (Autorit\u00e9 de Contr\u00f4le Prudentiel et de R\u00e9solution) garantissant le respect des obligations l\u00e9gales.<\/p>\n\n\n\n<h2 class=\"wp-block-heading\"><span class=\"ez-toc-section\" id=\"Recommandations_strategiques\"><\/span>Recommandations strat\u00e9giques<span class=\"ez-toc-section-end\"><\/span><\/h2>\n\n\n\n<h3 class=\"wp-block-heading\"><span class=\"ez-toc-section\" id=\"Preparation_du_dossier\"><\/span>Pr\u00e9paration du dossier<span class=\"ez-toc-section-end\"><\/span><\/h3>\n\n\n\n<p><strong>Optimisation du profil emprunteur<\/strong><\/p>\n\n\n\n<ul class=\"wp-block-list\">\n<li>Stabilisation des revenus<\/li>\n\n\n\n<li>Apurement des incidents de paiement<\/li>\n\n\n\n<li>Am\u00e9lioration du reste \u00e0 vivre<\/li>\n<\/ul>\n\n\n\n<p><strong>Documentation compl\u00e8te<\/strong> Constituer un dossier exhaustif acc\u00e9l\u00e8re l&rsquo;instruction et am\u00e9liore les conditions d&rsquo;acceptation.<\/p>\n\n\n\n<h3 class=\"wp-block-heading\"><span class=\"ez-toc-section\" id=\"Negociation_efficace\"><\/span>N\u00e9gociation efficace<span class=\"ez-toc-section-end\"><\/span><\/h3>\n\n\n\n<ul class=\"wp-block-list\">\n<li>Mise en concurrence des \u00e9tablissements<\/li>\n\n\n\n<li>Valorisation des garanties existantes<\/li>\n\n\n\n<li>N\u00e9gociation globale incluant assurance et services<\/li>\n<\/ul>\n\n\n\n<h3 class=\"wp-block-heading\"><span class=\"ez-toc-section\" id=\"Suivi_post-souscription\"><\/span>Suivi post-souscription<span class=\"ez-toc-section-end\"><\/span><\/h3>\n\n\n\n<p><strong>Gestion optimis\u00e9e<\/strong><\/p>\n\n\n\n<ul class=\"wp-block-list\">\n<li>Automatisation des pr\u00e9l\u00e8vements<\/li>\n\n\n\n<li>Surveillance du taux d&rsquo;endettement<\/li>\n\n\n\n<li>Anticipation des \u00e9volutions de situation<\/li>\n<\/ul>\n\n\n\n<h2 class=\"wp-block-heading\"><span class=\"ez-toc-section\" id=\"Questions_frequemment_posees\"><\/span>Questions fr\u00e9quemment pos\u00e9es<span class=\"ez-toc-section-end\"><\/span><\/h2>\n\n\n\n<p><strong>Quel est le co\u00fbt r\u00e9el d&rsquo;un rachat de cr\u00e9dit \u00e0 Villeurbanne ?<\/strong> Le co\u00fbt total comprend les int\u00e9r\u00eats, l&rsquo;assurance et les frais annexes. Malgr\u00e9 l&rsquo;allongement de la dur\u00e9e, les \u00e9conomies mensuelles compensent g\u00e9n\u00e9ralement le surco\u00fbt global.<\/p>\n\n\n\n<p><strong>Les locataires peuvent-ils acc\u00e9der au rachat de cr\u00e9dit ?<\/strong> Oui, avec des conditions adapt\u00e9es et des plafonds g\u00e9n\u00e9ralement inf\u00e9rieurs \u00e0 ceux des propri\u00e9taires.<\/p>\n\n\n\n<p><strong>Quelle dur\u00e9e pour obtenir un accord d\u00e9finitif ?<\/strong> Entre 4 et 8 semaines selon la complexit\u00e9 du dossier et l&rsquo;\u00e9tablissement choisi.<\/p>\n\n\n\n<p><strong>Est-il possible d&rsquo;inclure des d\u00e9couverts bancaires ?<\/strong> Les d\u00e9couverts autoris\u00e9s peuvent \u00eatre int\u00e9gr\u00e9s dans certaines formules de rachat.<\/p>\n\n\n\n<h2 class=\"wp-block-heading\"><span class=\"ez-toc-section\" id=\"Services_complementaires_disponibles\"><\/span>Services compl\u00e9mentaires disponibles<span class=\"ez-toc-section-end\"><\/span><\/h2>\n\n\n\n<h3 class=\"wp-block-heading\"><span class=\"ez-toc-section\" id=\"Assurance_emprunteur_deleguee\"><\/span>Assurance emprunteur d\u00e9l\u00e9gu\u00e9e<span class=\"ez-toc-section-end\"><\/span><\/h3>\n\n\n\n<p>L&rsquo;assurance externe permet souvent de <strong>r\u00e9aliser des \u00e9conomies substantielles<\/strong> par rapport aux contrats groupe bancaires.<\/p>\n\n\n\n<h3 class=\"wp-block-heading\"><span class=\"ez-toc-section\" id=\"Conseil_patrimonial\"><\/span>Conseil patrimonial<span class=\"ez-toc-section-end\"><\/span><\/h3>\n\n\n\n<p>Optimisation globale de la situation financi\u00e8re :<\/p>\n\n\n\n<ul class=\"wp-block-list\">\n<li>Restructuration de l&rsquo;\u00e9pargne<\/li>\n\n\n\n<li>Planification fiscale<\/li>\n\n\n\n<li>Strat\u00e9gie d&rsquo;investissement<\/li>\n<\/ul>\n\n\n\n<h3 class=\"wp-block-heading\"><span class=\"ez-toc-section\" id=\"Accompagnement_budgetaire\"><\/span>Accompagnement budg\u00e9taire<span class=\"ez-toc-section-end\"><\/span><\/h3>\n\n\n\n<p>Services de suivi personnalis\u00e9 pour p\u00e9renniser l&rsquo;\u00e9quilibre financier retrouv\u00e9.<\/p>\n\n\n\n<h2 class=\"wp-block-heading\"><span class=\"ez-toc-section\" id=\"Perspectives_devolution_du_secteur\"><\/span>Perspectives d&rsquo;\u00e9volution du secteur<span class=\"ez-toc-section-end\"><\/span><\/h2>\n\n\n\n<h3 class=\"wp-block-heading\"><span class=\"ez-toc-section\" id=\"Innovations_technologiques\"><\/span>Innovations technologiques<span class=\"ez-toc-section-end\"><\/span><\/h3>\n\n\n\n<p>La digitalisation des processus acc\u00e9l\u00e8re les d\u00e9lais de traitement et am\u00e9liore l&rsquo;exp\u00e9rience client :<\/p>\n\n\n\n<ul class=\"wp-block-list\">\n<li>Dossiers d\u00e9mat\u00e9rialis\u00e9s<\/li>\n\n\n\n<li>Signature \u00e9lectronique<\/li>\n\n\n\n<li>Suivi en temps r\u00e9el<\/li>\n<\/ul>\n\n\n\n<h3 class=\"wp-block-heading\"><span class=\"ez-toc-section\" id=\"Evolution_reglementaire\"><\/span>\u00c9volution r\u00e9glementaire<span class=\"ez-toc-section-end\"><\/span><\/h3>\n\n\n\n<p>Les futures directives europ\u00e9ennes renforcent la protection des consommateurs et harmonisent les pratiques du secteur.<\/p>\n\n\n\n<h3 class=\"wp-block-heading\"><span class=\"ez-toc-section\" id=\"Tendances_de_marche\"><\/span>Tendances de march\u00e9<span class=\"ez-toc-section-end\"><\/span><\/h3>\n\n\n\n<p>L&rsquo;augmentation des taux directeurs influence les conditions de rachat, n\u00e9cessitant une veille active pour optimiser le timing des op\u00e9rations.<\/p>\n\n\n\n<p>Le rachat de cr\u00e9dit \u00e0 Villeurbanne s&rsquo;impose comme une solution financi\u00e8re mature, encadr\u00e9e et accessible. Son succ\u00e8s repose sur une analyse rigoureuse de la situation personnelle et le choix d&rsquo;un partenaire comp\u00e9tent pour accompagner la d\u00e9marche.<\/p>\n\n\n<div class=\"kk-star-ratings kksr-auto kksr-align-center kksr-valign-bottom\"\n    data-payload='{&quot;align&quot;:&quot;center&quot;,&quot;id&quot;:&quot;428&quot;,&quot;slug&quot;:&quot;default&quot;,&quot;valign&quot;:&quot;bottom&quot;,&quot;ignore&quot;:&quot;&quot;,&quot;reference&quot;:&quot;auto&quot;,&quot;class&quot;:&quot;&quot;,&quot;count&quot;:&quot;0&quot;,&quot;legendonly&quot;:&quot;&quot;,&quot;readonly&quot;:&quot;&quot;,&quot;score&quot;:&quot;0&quot;,&quot;starsonly&quot;:&quot;&quot;,&quot;best&quot;:&quot;5&quot;,&quot;gap&quot;:&quot;5&quot;,&quot;greet&quot;:&quot;&quot;,&quot;legend&quot;:&quot;0\\\/5 - (0 vote)&quot;,&quot;size&quot;:&quot;24&quot;,&quot;title&quot;:&quot;Rachat de cr\u00e9dit \u00e0 Villeurbanne : Solutions de regroupement de cr\u00e9dits 2025&quot;,&quot;width&quot;:&quot;0&quot;,&quot;_legend&quot;:&quot;{score}\\\/{best} - ({count} {votes})&quot;,&quot;font_factor&quot;:&quot;1.25&quot;}'>\n            \n<div class=\"kksr-stars\">\n    \n<div class=\"kksr-stars-inactive\">\n            <div class=\"kksr-star\" data-star=\"1\" style=\"padding-right: 5px\">\n            \n\n<div class=\"kksr-icon\" style=\"width: 24px; height: 24px;\"><\/div>\n        <\/div>\n            <div class=\"kksr-star\" data-star=\"2\" style=\"padding-right: 5px\">\n            \n\n<div class=\"kksr-icon\" style=\"width: 24px; height: 24px;\"><\/div>\n        <\/div>\n            <div class=\"kksr-star\" data-star=\"3\" style=\"padding-right: 5px\">\n            \n\n<div class=\"kksr-icon\" style=\"width: 24px; height: 24px;\"><\/div>\n        <\/div>\n            <div class=\"kksr-star\" data-star=\"4\" style=\"padding-right: 5px\">\n            \n\n<div class=\"kksr-icon\" style=\"width: 24px; height: 24px;\"><\/div>\n        <\/div>\n            <div class=\"kksr-star\" data-star=\"5\" style=\"padding-right: 5px\">\n            \n\n<div class=\"kksr-icon\" style=\"width: 24px; height: 24px;\"><\/div>\n        <\/div>\n    <\/div>\n    \n<div class=\"kksr-stars-active\" style=\"width: 0px;\">\n            <div class=\"kksr-star\" style=\"padding-right: 5px\">\n            \n\n<div class=\"kksr-icon\" style=\"width: 24px; height: 24px;\"><\/div>\n        <\/div>\n            <div class=\"kksr-star\" style=\"padding-right: 5px\">\n            \n\n<div class=\"kksr-icon\" style=\"width: 24px; height: 24px;\"><\/div>\n        <\/div>\n            <div class=\"kksr-star\" style=\"padding-right: 5px\">\n            \n\n<div class=\"kksr-icon\" style=\"width: 24px; height: 24px;\"><\/div>\n        <\/div>\n            <div class=\"kksr-star\" style=\"padding-right: 5px\">\n            \n\n<div class=\"kksr-icon\" style=\"width: 24px; height: 24px;\"><\/div>\n        <\/div>\n            <div class=\"kksr-star\" style=\"padding-right: 5px\">\n            \n\n<div class=\"kksr-icon\" style=\"width: 24px; height: 24px;\"><\/div>\n        <\/div>\n    <\/div>\n<\/div>\n                \n\n<div class=\"kksr-legend\" style=\"font-size: 19.2px;\">\n            <span class=\"kksr-muted\"><\/span>\n    <\/div>\n    <\/div>\n","protected":false},"excerpt":{"rendered":"<p>Le rachat de cr\u00e9dit constitue une solution financi\u00e8re strat\u00e9gique pour optimiser sa gestion budg\u00e9taire. \u00c0 Villeurbanne, cette op\u00e9ration permet aux particuliers de restructurer leurs dettes existantes en une seule mensualit\u00e9, offrant ainsi une meilleure visibilit\u00e9 sur leurs engagements financiers. Points cl\u00e9s \u00e0 retenir Aspect Information essentielle R\u00e9duction mensuelle Jusqu&rsquo;\u00e0 60% de diminution des mensualit\u00e9s Types &#8230; <a title=\"Rachat de cr\u00e9dit \u00e0 Villeurbanne : Solutions de regroupement de cr\u00e9dits 2025\" class=\"read-more\" href=\"https:\/\/rachat2credit.fr\/guide\/rachat-credit-villeurbanne\/\" aria-label=\"En savoir plus sur Rachat de cr\u00e9dit \u00e0 Villeurbanne : Solutions de regroupement de cr\u00e9dits 2025\">Lire plus<\/a><\/p>\n","protected":false},"author":1,"featured_media":429,"comment_status":"open","ping_status":"open","sticky":false,"template":"","format":"standard","meta":{"footnotes":""},"categories":[4],"tags":[],"class_list":["post-428","post","type-post","status-publish","format-standard","has-post-thumbnail","hentry","category-villes"],"yoast_head":"<!-- This site is optimized with the Yoast SEO plugin v27.5 - https:\/\/yoast.com\/product\/yoast-seo-wordpress\/ -->\n<title>Rachat de cr\u00e9dit \u00e0 Villeurbanne : Solutions de regroupement de cr\u00e9dits 2025 - Rachat de Cr\u00e9dit<\/title>\n<meta name=\"description\" content=\"Rachat de cr\u00e9dit Villeurbanne : regroupement de vos pr\u00eats avec r\u00e9duction jusqu&#039;\u00e0 60% des mensualit\u00e9s. Courtiers sp\u00e9cialis\u00e9s, taux 2025 optimis\u00e9s.\" \/>\n<meta name=\"robots\" content=\"index, follow, max-snippet:-1, max-image-preview:large, max-video-preview:-1\" \/>\n<link rel=\"canonical\" href=\"https:\/\/rachat2credit.fr\/guide\/rachat-credit-villeurbanne\/\" \/>\n<meta property=\"og:locale\" content=\"fr_FR\" \/>\n<meta property=\"og:type\" content=\"article\" \/>\n<meta property=\"og:title\" content=\"Rachat de cr\u00e9dit \u00e0 Villeurbanne : Solutions de regroupement de cr\u00e9dits 2025 - Rachat de Cr\u00e9dit\" \/>\n<meta property=\"og:description\" content=\"Rachat de cr\u00e9dit Villeurbanne : regroupement de vos pr\u00eats avec r\u00e9duction jusqu&#039;\u00e0 60% des mensualit\u00e9s. Courtiers sp\u00e9cialis\u00e9s, taux 2025 optimis\u00e9s.\" \/>\n<meta property=\"og:url\" content=\"https:\/\/rachat2credit.fr\/guide\/rachat-credit-villeurbanne\/\" \/>\n<meta property=\"og:site_name\" content=\"Rachat de Cr\u00e9dit\" \/>\n<meta property=\"article:published_time\" content=\"2025-07-28T12:20:32+00:00\" \/>\n<meta property=\"og:image\" content=\"https:\/\/rachat2credit.fr\/guide\/wp-content\/uploads\/2025\/05\/Rachat-de-credit-Villeurbanne.png\" \/>\n\t<meta property=\"og:image:width\" content=\"1024\" \/>\n\t<meta property=\"og:image:height\" content=\"1024\" \/>\n\t<meta property=\"og:image:type\" content=\"image\/png\" \/>\n<meta name=\"author\" content=\"Aurelien Boulanger\" \/>\n<meta name=\"twitter:card\" content=\"summary_large_image\" \/>\n<meta name=\"twitter:label1\" content=\"\u00c9crit par\" \/>\n\t<meta name=\"twitter:data1\" content=\"Aurelien Boulanger\" \/>\n\t<meta name=\"twitter:label2\" content=\"Dur\u00e9e de lecture estim\u00e9e\" \/>\n\t<meta name=\"twitter:data2\" content=\"8 minutes\" \/>\n<script type=\"application\/ld+json\" class=\"yoast-schema-graph\">{\"@context\":\"https:\\\/\\\/schema.org\",\"@graph\":[{\"@type\":\"NewsArticle\",\"@id\":\"https:\\\/\\\/rachat2credit.fr\\\/guide\\\/rachat-credit-villeurbanne\\\/#article\",\"isPartOf\":{\"@id\":\"https:\\\/\\\/rachat2credit.fr\\\/guide\\\/rachat-credit-villeurbanne\\\/\"},\"author\":{\"name\":\"Aurelien Boulanger\",\"@id\":\"https:\\\/\\\/rachat2credit.fr\\\/guide\\\/#\\\/schema\\\/person\\\/d4142086d07bc6acdc4722eabd955cc2\"},\"headline\":\"Rachat de cr\u00e9dit \u00e0 Villeurbanne : Solutions de regroupement de cr\u00e9dits 2025\",\"datePublished\":\"2025-07-28T12:20:32+00:00\",\"mainEntityOfPage\":{\"@id\":\"https:\\\/\\\/rachat2credit.fr\\\/guide\\\/rachat-credit-villeurbanne\\\/\"},\"wordCount\":1653,\"commentCount\":0,\"publisher\":{\"@id\":\"https:\\\/\\\/rachat2credit.fr\\\/guide\\\/#organization\"},\"image\":{\"@id\":\"https:\\\/\\\/rachat2credit.fr\\\/guide\\\/rachat-credit-villeurbanne\\\/#primaryimage\"},\"thumbnailUrl\":\"https:\\\/\\\/rachat2credit.fr\\\/guide\\\/wp-content\\\/uploads\\\/2025\\\/05\\\/Rachat-de-credit-Villeurbanne.png\",\"articleSection\":[\"Rachat de cr\u00e9dit par ville\"],\"inLanguage\":\"fr-FR\",\"potentialAction\":[{\"@type\":\"CommentAction\",\"name\":\"Comment\",\"target\":[\"https:\\\/\\\/rachat2credit.fr\\\/guide\\\/rachat-credit-villeurbanne\\\/#respond\"]}]},{\"@type\":\"WebPage\",\"@id\":\"https:\\\/\\\/rachat2credit.fr\\\/guide\\\/rachat-credit-villeurbanne\\\/\",\"url\":\"https:\\\/\\\/rachat2credit.fr\\\/guide\\\/rachat-credit-villeurbanne\\\/\",\"name\":\"Rachat de cr\u00e9dit \u00e0 Villeurbanne : Solutions de regroupement de cr\u00e9dits 2025 - Rachat de Cr\u00e9dit\",\"isPartOf\":{\"@id\":\"https:\\\/\\\/rachat2credit.fr\\\/guide\\\/#website\"},\"primaryImageOfPage\":{\"@id\":\"https:\\\/\\\/rachat2credit.fr\\\/guide\\\/rachat-credit-villeurbanne\\\/#primaryimage\"},\"image\":{\"@id\":\"https:\\\/\\\/rachat2credit.fr\\\/guide\\\/rachat-credit-villeurbanne\\\/#primaryimage\"},\"thumbnailUrl\":\"https:\\\/\\\/rachat2credit.fr\\\/guide\\\/wp-content\\\/uploads\\\/2025\\\/05\\\/Rachat-de-credit-Villeurbanne.png\",\"datePublished\":\"2025-07-28T12:20:32+00:00\",\"description\":\"Rachat de cr\u00e9dit Villeurbanne : regroupement de vos pr\u00eats avec r\u00e9duction jusqu'\u00e0 60% des mensualit\u00e9s. Courtiers sp\u00e9cialis\u00e9s, taux 2025 optimis\u00e9s.\",\"breadcrumb\":{\"@id\":\"https:\\\/\\\/rachat2credit.fr\\\/guide\\\/rachat-credit-villeurbanne\\\/#breadcrumb\"},\"inLanguage\":\"fr-FR\",\"potentialAction\":[{\"@type\":\"ReadAction\",\"target\":[\"https:\\\/\\\/rachat2credit.fr\\\/guide\\\/rachat-credit-villeurbanne\\\/\"]}]},{\"@type\":\"ImageObject\",\"inLanguage\":\"fr-FR\",\"@id\":\"https:\\\/\\\/rachat2credit.fr\\\/guide\\\/rachat-credit-villeurbanne\\\/#primaryimage\",\"url\":\"https:\\\/\\\/rachat2credit.fr\\\/guide\\\/wp-content\\\/uploads\\\/2025\\\/05\\\/Rachat-de-credit-Villeurbanne.png\",\"contentUrl\":\"https:\\\/\\\/rachat2credit.fr\\\/guide\\\/wp-content\\\/uploads\\\/2025\\\/05\\\/Rachat-de-credit-Villeurbanne.png\",\"width\":1024,\"height\":1024,\"caption\":\"Rachat de cr\u00e9dit \u00e0 Villeurbanne : Solutions de regroupement de cr\u00e9dits 2025\"},{\"@type\":\"BreadcrumbList\",\"@id\":\"https:\\\/\\\/rachat2credit.fr\\\/guide\\\/rachat-credit-villeurbanne\\\/#breadcrumb\",\"itemListElement\":[{\"@type\":\"ListItem\",\"position\":1,\"name\":\"Accueil\",\"item\":\"https:\\\/\\\/rachat2credit.fr\\\/guide\\\/\"},{\"@type\":\"ListItem\",\"position\":2,\"name\":\"Rachat de cr\u00e9dit \u00e0 Villeurbanne : Solutions de regroupement de cr\u00e9dits 2025\"}]},{\"@type\":\"WebSite\",\"@id\":\"https:\\\/\\\/rachat2credit.fr\\\/guide\\\/#website\",\"url\":\"https:\\\/\\\/rachat2credit.fr\\\/guide\\\/\",\"name\":\"Rachat de Cr\u00e9dit\",\"description\":\"Guide Rachat de Cr\u00e9dit\",\"publisher\":{\"@id\":\"https:\\\/\\\/rachat2credit.fr\\\/guide\\\/#organization\"},\"potentialAction\":[{\"@type\":\"SearchAction\",\"target\":{\"@type\":\"EntryPoint\",\"urlTemplate\":\"https:\\\/\\\/rachat2credit.fr\\\/guide\\\/?s={search_term_string}\"},\"query-input\":{\"@type\":\"PropertyValueSpecification\",\"valueRequired\":true,\"valueName\":\"search_term_string\"}}],\"inLanguage\":\"fr-FR\"},{\"@type\":\"Organization\",\"@id\":\"https:\\\/\\\/rachat2credit.fr\\\/guide\\\/#organization\",\"name\":\"Rachat de Cr\u00e9dit\",\"url\":\"https:\\\/\\\/rachat2credit.fr\\\/guide\\\/\",\"logo\":{\"@type\":\"ImageObject\",\"inLanguage\":\"fr-FR\",\"@id\":\"https:\\\/\\\/rachat2credit.fr\\\/guide\\\/#\\\/schema\\\/logo\\\/image\\\/\",\"url\":\"https:\\\/\\\/rachat2credit.fr\\\/guide\\\/wp-content\\\/uploads\\\/2025\\\/05\\\/rachat2credit.png\",\"contentUrl\":\"https:\\\/\\\/rachat2credit.fr\\\/guide\\\/wp-content\\\/uploads\\\/2025\\\/05\\\/rachat2credit.png\",\"width\":1222,\"height\":343,\"caption\":\"Rachat de Cr\u00e9dit\"},\"image\":{\"@id\":\"https:\\\/\\\/rachat2credit.fr\\\/guide\\\/#\\\/schema\\\/logo\\\/image\\\/\"}},{\"@type\":\"Person\",\"@id\":\"https:\\\/\\\/rachat2credit.fr\\\/guide\\\/#\\\/schema\\\/person\\\/d4142086d07bc6acdc4722eabd955cc2\",\"name\":\"Aurelien Boulanger\",\"image\":{\"@type\":\"ImageObject\",\"inLanguage\":\"fr-FR\",\"@id\":\"https:\\\/\\\/secure.gravatar.com\\\/avatar\\\/32175434c9ca2b27bfeb905d1c3ec782a789caf494bc0ec8fa6ed0ee39c2e62a?s=96&d=mm&r=g\",\"url\":\"https:\\\/\\\/secure.gravatar.com\\\/avatar\\\/32175434c9ca2b27bfeb905d1c3ec782a789caf494bc0ec8fa6ed0ee39c2e62a?s=96&d=mm&r=g\",\"contentUrl\":\"https:\\\/\\\/secure.gravatar.com\\\/avatar\\\/32175434c9ca2b27bfeb905d1c3ec782a789caf494bc0ec8fa6ed0ee39c2e62a?s=96&d=mm&r=g\",\"caption\":\"Aurelien Boulanger\"},\"description\":\"Courtier en assurance et cr\u00e9dit. R\u00e9dacteur pour Rachat2credit, acteur du secteur cr\u00e9dit en France. Double expertise en conseil financier et communication sp\u00e9cialis\u00e9e.\",\"sameAs\":[\"https:\\\/\\\/rachat2credit.fr\\\/guide\"],\"url\":\"https:\\\/\\\/rachat2credit.fr\\\/guide\\\/author\\\/aurelien\\\/\"}]}<\/script>\n<!-- \/ Yoast SEO plugin. -->","yoast_head_json":{"title":"Rachat de cr\u00e9dit \u00e0 Villeurbanne : Solutions de regroupement de cr\u00e9dits 2025 - Rachat de Cr\u00e9dit","description":"Rachat de cr\u00e9dit Villeurbanne : regroupement de vos pr\u00eats avec r\u00e9duction jusqu'\u00e0 60% des mensualit\u00e9s. Courtiers sp\u00e9cialis\u00e9s, taux 2025 optimis\u00e9s.","robots":{"index":"index","follow":"follow","max-snippet":"max-snippet:-1","max-image-preview":"max-image-preview:large","max-video-preview":"max-video-preview:-1"},"canonical":"https:\/\/rachat2credit.fr\/guide\/rachat-credit-villeurbanne\/","og_locale":"fr_FR","og_type":"article","og_title":"Rachat de cr\u00e9dit \u00e0 Villeurbanne : Solutions de regroupement de cr\u00e9dits 2025 - Rachat de Cr\u00e9dit","og_description":"Rachat de cr\u00e9dit Villeurbanne : regroupement de vos pr\u00eats avec r\u00e9duction jusqu'\u00e0 60% des mensualit\u00e9s. Courtiers sp\u00e9cialis\u00e9s, taux 2025 optimis\u00e9s.","og_url":"https:\/\/rachat2credit.fr\/guide\/rachat-credit-villeurbanne\/","og_site_name":"Rachat de Cr\u00e9dit","article_published_time":"2025-07-28T12:20:32+00:00","og_image":[{"width":1024,"height":1024,"url":"https:\/\/rachat2credit.fr\/guide\/wp-content\/uploads\/2025\/05\/Rachat-de-credit-Villeurbanne.png","type":"image\/png"}],"author":"Aurelien Boulanger","twitter_card":"summary_large_image","twitter_misc":{"\u00c9crit par":"Aurelien Boulanger","Dur\u00e9e de lecture estim\u00e9e":"8 minutes"},"schema":{"@context":"https:\/\/schema.org","@graph":[{"@type":"NewsArticle","@id":"https:\/\/rachat2credit.fr\/guide\/rachat-credit-villeurbanne\/#article","isPartOf":{"@id":"https:\/\/rachat2credit.fr\/guide\/rachat-credit-villeurbanne\/"},"author":{"name":"Aurelien Boulanger","@id":"https:\/\/rachat2credit.fr\/guide\/#\/schema\/person\/d4142086d07bc6acdc4722eabd955cc2"},"headline":"Rachat de cr\u00e9dit \u00e0 Villeurbanne : Solutions de regroupement de cr\u00e9dits 2025","datePublished":"2025-07-28T12:20:32+00:00","mainEntityOfPage":{"@id":"https:\/\/rachat2credit.fr\/guide\/rachat-credit-villeurbanne\/"},"wordCount":1653,"commentCount":0,"publisher":{"@id":"https:\/\/rachat2credit.fr\/guide\/#organization"},"image":{"@id":"https:\/\/rachat2credit.fr\/guide\/rachat-credit-villeurbanne\/#primaryimage"},"thumbnailUrl":"https:\/\/rachat2credit.fr\/guide\/wp-content\/uploads\/2025\/05\/Rachat-de-credit-Villeurbanne.png","articleSection":["Rachat de cr\u00e9dit par ville"],"inLanguage":"fr-FR","potentialAction":[{"@type":"CommentAction","name":"Comment","target":["https:\/\/rachat2credit.fr\/guide\/rachat-credit-villeurbanne\/#respond"]}]},{"@type":"WebPage","@id":"https:\/\/rachat2credit.fr\/guide\/rachat-credit-villeurbanne\/","url":"https:\/\/rachat2credit.fr\/guide\/rachat-credit-villeurbanne\/","name":"Rachat de cr\u00e9dit \u00e0 Villeurbanne : Solutions de regroupement de cr\u00e9dits 2025 - Rachat de Cr\u00e9dit","isPartOf":{"@id":"https:\/\/rachat2credit.fr\/guide\/#website"},"primaryImageOfPage":{"@id":"https:\/\/rachat2credit.fr\/guide\/rachat-credit-villeurbanne\/#primaryimage"},"image":{"@id":"https:\/\/rachat2credit.fr\/guide\/rachat-credit-villeurbanne\/#primaryimage"},"thumbnailUrl":"https:\/\/rachat2credit.fr\/guide\/wp-content\/uploads\/2025\/05\/Rachat-de-credit-Villeurbanne.png","datePublished":"2025-07-28T12:20:32+00:00","description":"Rachat de cr\u00e9dit Villeurbanne : regroupement de vos pr\u00eats avec r\u00e9duction jusqu'\u00e0 60% des mensualit\u00e9s. Courtiers sp\u00e9cialis\u00e9s, taux 2025 optimis\u00e9s.","breadcrumb":{"@id":"https:\/\/rachat2credit.fr\/guide\/rachat-credit-villeurbanne\/#breadcrumb"},"inLanguage":"fr-FR","potentialAction":[{"@type":"ReadAction","target":["https:\/\/rachat2credit.fr\/guide\/rachat-credit-villeurbanne\/"]}]},{"@type":"ImageObject","inLanguage":"fr-FR","@id":"https:\/\/rachat2credit.fr\/guide\/rachat-credit-villeurbanne\/#primaryimage","url":"https:\/\/rachat2credit.fr\/guide\/wp-content\/uploads\/2025\/05\/Rachat-de-credit-Villeurbanne.png","contentUrl":"https:\/\/rachat2credit.fr\/guide\/wp-content\/uploads\/2025\/05\/Rachat-de-credit-Villeurbanne.png","width":1024,"height":1024,"caption":"Rachat de cr\u00e9dit \u00e0 Villeurbanne : Solutions de regroupement de cr\u00e9dits 2025"},{"@type":"BreadcrumbList","@id":"https:\/\/rachat2credit.fr\/guide\/rachat-credit-villeurbanne\/#breadcrumb","itemListElement":[{"@type":"ListItem","position":1,"name":"Accueil","item":"https:\/\/rachat2credit.fr\/guide\/"},{"@type":"ListItem","position":2,"name":"Rachat de cr\u00e9dit \u00e0 Villeurbanne : Solutions de regroupement de cr\u00e9dits 2025"}]},{"@type":"WebSite","@id":"https:\/\/rachat2credit.fr\/guide\/#website","url":"https:\/\/rachat2credit.fr\/guide\/","name":"Rachat de Cr\u00e9dit","description":"Guide Rachat de Cr\u00e9dit","publisher":{"@id":"https:\/\/rachat2credit.fr\/guide\/#organization"},"potentialAction":[{"@type":"SearchAction","target":{"@type":"EntryPoint","urlTemplate":"https:\/\/rachat2credit.fr\/guide\/?s={search_term_string}"},"query-input":{"@type":"PropertyValueSpecification","valueRequired":true,"valueName":"search_term_string"}}],"inLanguage":"fr-FR"},{"@type":"Organization","@id":"https:\/\/rachat2credit.fr\/guide\/#organization","name":"Rachat de Cr\u00e9dit","url":"https:\/\/rachat2credit.fr\/guide\/","logo":{"@type":"ImageObject","inLanguage":"fr-FR","@id":"https:\/\/rachat2credit.fr\/guide\/#\/schema\/logo\/image\/","url":"https:\/\/rachat2credit.fr\/guide\/wp-content\/uploads\/2025\/05\/rachat2credit.png","contentUrl":"https:\/\/rachat2credit.fr\/guide\/wp-content\/uploads\/2025\/05\/rachat2credit.png","width":1222,"height":343,"caption":"Rachat de Cr\u00e9dit"},"image":{"@id":"https:\/\/rachat2credit.fr\/guide\/#\/schema\/logo\/image\/"}},{"@type":"Person","@id":"https:\/\/rachat2credit.fr\/guide\/#\/schema\/person\/d4142086d07bc6acdc4722eabd955cc2","name":"Aurelien Boulanger","image":{"@type":"ImageObject","inLanguage":"fr-FR","@id":"https:\/\/secure.gravatar.com\/avatar\/32175434c9ca2b27bfeb905d1c3ec782a789caf494bc0ec8fa6ed0ee39c2e62a?s=96&d=mm&r=g","url":"https:\/\/secure.gravatar.com\/avatar\/32175434c9ca2b27bfeb905d1c3ec782a789caf494bc0ec8fa6ed0ee39c2e62a?s=96&d=mm&r=g","contentUrl":"https:\/\/secure.gravatar.com\/avatar\/32175434c9ca2b27bfeb905d1c3ec782a789caf494bc0ec8fa6ed0ee39c2e62a?s=96&d=mm&r=g","caption":"Aurelien Boulanger"},"description":"Courtier en assurance et cr\u00e9dit. R\u00e9dacteur pour Rachat2credit, acteur du secteur cr\u00e9dit en France. Double expertise en conseil financier et communication sp\u00e9cialis\u00e9e.","sameAs":["https:\/\/rachat2credit.fr\/guide"],"url":"https:\/\/rachat2credit.fr\/guide\/author\/aurelien\/"}]}},"_links":{"self":[{"href":"https:\/\/rachat2credit.fr\/guide\/wp-json\/wp\/v2\/posts\/428","targetHints":{"allow":["GET"]}}],"collection":[{"href":"https:\/\/rachat2credit.fr\/guide\/wp-json\/wp\/v2\/posts"}],"about":[{"href":"https:\/\/rachat2credit.fr\/guide\/wp-json\/wp\/v2\/types\/post"}],"author":[{"embeddable":true,"href":"https:\/\/rachat2credit.fr\/guide\/wp-json\/wp\/v2\/users\/1"}],"replies":[{"embeddable":true,"href":"https:\/\/rachat2credit.fr\/guide\/wp-json\/wp\/v2\/comments?post=428"}],"version-history":[{"count":1,"href":"https:\/\/rachat2credit.fr\/guide\/wp-json\/wp\/v2\/posts\/428\/revisions"}],"predecessor-version":[{"id":430,"href":"https:\/\/rachat2credit.fr\/guide\/wp-json\/wp\/v2\/posts\/428\/revisions\/430"}],"wp:featuredmedia":[{"embeddable":true,"href":"https:\/\/rachat2credit.fr\/guide\/wp-json\/wp\/v2\/media\/429"}],"wp:attachment":[{"href":"https:\/\/rachat2credit.fr\/guide\/wp-json\/wp\/v2\/media?parent=428"}],"wp:term":[{"taxonomy":"category","embeddable":true,"href":"https:\/\/rachat2credit.fr\/guide\/wp-json\/wp\/v2\/categories?post=428"},{"taxonomy":"post_tag","embeddable":true,"href":"https:\/\/rachat2credit.fr\/guide\/wp-json\/wp\/v2\/tags?post=428"}],"curies":[{"name":"wp","href":"https:\/\/api.w.org\/{rel}","templated":true}]}}