{"id":434,"date":"2025-07-30T12:30:34","date_gmt":"2025-07-30T12:30:34","guid":{"rendered":"https:\/\/rachat2credit.fr\/guide\/?p=434"},"modified":"2025-05-19T12:31:53","modified_gmt":"2025-05-19T12:31:53","slug":"rachat-credit-amiens","status":"publish","type":"post","link":"https:\/\/rachat2credit.fr\/guide\/rachat-credit-amiens\/","title":{"rendered":"Rachat de cr\u00e9dit \u00e0 Amiens : Analyse technique des solutions de regroupement financier"},"content":{"rendered":"\n<p>Le <strong>rachat de cr\u00e9dit<\/strong> repr\u00e9sente une solution technique permettant aux r\u00e9sidents ami\u00e9nois de restructurer leurs engagements financiers. Cette op\u00e9ration consiste \u00e0 regrouper plusieurs pr\u00eats existants en un financement unique, optimisant ainsi la gestion budg\u00e9taire et r\u00e9duisant la charge mensuelle.<\/p>\n\n\n\n<div id=\"ez-toc-container\" class=\"ez-toc-v2_0_82_2 counter-hierarchy ez-toc-counter ez-toc-grey ez-toc-container-direction\">\n<p class=\"ez-toc-title\" style=\"cursor:inherit\">Sommaire<\/p>\n<label for=\"ez-toc-cssicon-toggle-item-69f105066999b\" class=\"ez-toc-cssicon-toggle-label\"><span class=\"ez-toc-cssicon\"><span class=\"eztoc-hide\" style=\"display:none;\">Toggle<\/span><span class=\"ez-toc-icon-toggle-span\"><svg style=\"fill: #999;color:#999\" xmlns=\"http:\/\/www.w3.org\/2000\/svg\" class=\"list-377408\" width=\"20px\" height=\"20px\" viewBox=\"0 0 24 24\" fill=\"none\"><path d=\"M6 6H4v2h2V6zm14 0H8v2h12V6zM4 11h2v2H4v-2zm16 0H8v2h12v-2zM4 16h2v2H4v-2zm16 0H8v2h12v-2z\" fill=\"currentColor\"><\/path><\/svg><svg style=\"fill: #999;color:#999\" class=\"arrow-unsorted-368013\" xmlns=\"http:\/\/www.w3.org\/2000\/svg\" width=\"10px\" height=\"10px\" viewBox=\"0 0 24 24\" version=\"1.2\" baseProfile=\"tiny\"><path d=\"M18.2 9.3l-6.2-6.3-6.2 6.3c-.2.2-.3.4-.3.7s.1.5.3.7c.2.2.4.3.7.3h11c.3 0 .5-.1.7-.3.2-.2.3-.5.3-.7s-.1-.5-.3-.7zM5.8 14.7l6.2 6.3 6.2-6.3c.2-.2.3-.5.3-.7s-.1-.5-.3-.7c-.2-.2-.4-.3-.7-.3h-11c-.3 0-.5.1-.7.3-.2.2-.3.5-.3.7s.1.5.3.7z\"\/><\/svg><\/span><\/span><\/label><input type=\"checkbox\"  id=\"ez-toc-cssicon-toggle-item-69f105066999b\" checked aria-label=\"Toggle\" \/><nav><ul class='ez-toc-list ez-toc-list-level-1 ' ><li class='ez-toc-page-1 ez-toc-heading-level-2'><a class=\"ez-toc-link ez-toc-heading-1\" href=\"https:\/\/rachat2credit.fr\/guide\/rachat-credit-amiens\/#Points_cles_a_retenir\" >Points cl\u00e9s \u00e0 retenir<\/a><\/li><li class='ez-toc-page-1 ez-toc-heading-level-2'><a class=\"ez-toc-link ez-toc-heading-2\" href=\"https:\/\/rachat2credit.fr\/guide\/rachat-credit-amiens\/#Conditions_deligibilite_au_rachat_de_credit\" >Conditions d&rsquo;\u00e9ligibilit\u00e9 au rachat de cr\u00e9dit<\/a><ul class='ez-toc-list-level-3' ><li class='ez-toc-heading-level-3'><a class=\"ez-toc-link ez-toc-heading-3\" href=\"https:\/\/rachat2credit.fr\/guide\/rachat-credit-amiens\/#Profils_concernes_par_cette_solution\" >Profils concern\u00e9s par cette solution<\/a><\/li><li class='ez-toc-page-1 ez-toc-heading-level-3'><a class=\"ez-toc-link ez-toc-heading-4\" href=\"https:\/\/rachat2credit.fr\/guide\/rachat-credit-amiens\/#Criteres_techniques_dacceptation\" >Crit\u00e8res techniques d&rsquo;acceptation<\/a><\/li><\/ul><\/li><li class='ez-toc-page-1 ez-toc-heading-level-2'><a class=\"ez-toc-link ez-toc-heading-5\" href=\"https:\/\/rachat2credit.fr\/guide\/rachat-credit-amiens\/#Mecanismes_techniques_du_regroupement_de_credits\" >M\u00e9canismes techniques du regroupement de cr\u00e9dits<\/a><ul class='ez-toc-list-level-3' ><li class='ez-toc-heading-level-3'><a class=\"ez-toc-link ez-toc-heading-6\" href=\"https:\/\/rachat2credit.fr\/guide\/rachat-credit-amiens\/#Processus_de_consolidation_financiere\" >Processus de consolidation financi\u00e8re<\/a><\/li><li class='ez-toc-page-1 ez-toc-heading-level-3'><a class=\"ez-toc-link ez-toc-heading-7\" href=\"https:\/\/rachat2credit.fr\/guide\/rachat-credit-amiens\/#Types_de_creances_regroupables\" >Types de cr\u00e9ances regroupables<\/a><\/li><\/ul><\/li><li class='ez-toc-page-1 ez-toc-heading-level-2'><a class=\"ez-toc-link ez-toc-heading-8\" href=\"https:\/\/rachat2credit.fr\/guide\/rachat-credit-amiens\/#Solutions_adaptees_selon_le_statut_patrimonial\" >Solutions adapt\u00e9es selon le statut patrimonial<\/a><ul class='ez-toc-list-level-3' ><li class='ez-toc-heading-level-3'><a class=\"ez-toc-link ez-toc-heading-9\" href=\"https:\/\/rachat2credit.fr\/guide\/rachat-credit-amiens\/#Rachat_de_credit_pour_locataires\" >Rachat de cr\u00e9dit pour locataires<\/a><\/li><li class='ez-toc-page-1 ez-toc-heading-level-3'><a class=\"ez-toc-link ez-toc-heading-10\" href=\"https:\/\/rachat2credit.fr\/guide\/rachat-credit-amiens\/#Rachat_hypothecaire_pour_proprietaires\" >Rachat hypoth\u00e9caire pour propri\u00e9taires<\/a><\/li><\/ul><\/li><li class='ez-toc-page-1 ez-toc-heading-level-2'><a class=\"ez-toc-link ez-toc-heading-11\" href=\"https:\/\/rachat2credit.fr\/guide\/rachat-credit-amiens\/#Analyse_des_avantages_economiques\" >Analyse des avantages \u00e9conomiques<\/a><ul class='ez-toc-list-level-3' ><li class='ez-toc-heading-level-3'><a class=\"ez-toc-link ez-toc-heading-12\" href=\"https:\/\/rachat2credit.fr\/guide\/rachat-credit-amiens\/#Impact_sur_la_capacite_budgetaire\" >Impact sur la capacit\u00e9 budg\u00e9taire<\/a><\/li><li class='ez-toc-page-1 ez-toc-heading-level-3'><a class=\"ez-toc-link ez-toc-heading-13\" href=\"https:\/\/rachat2credit.fr\/guide\/rachat-credit-amiens\/#Simulation_economique_pratique\" >Simulation \u00e9conomique pratique<\/a><\/li><\/ul><\/li><li class='ez-toc-page-1 ez-toc-heading-level-2'><a class=\"ez-toc-link ez-toc-heading-14\" href=\"https:\/\/rachat2credit.fr\/guide\/rachat-credit-amiens\/#Procedure_de_mise_en_oeuvre\" >Proc\u00e9dure de mise en \u0153uvre<\/a><ul class='ez-toc-list-level-3' ><li class='ez-toc-heading-level-3'><a class=\"ez-toc-link ez-toc-heading-15\" href=\"https:\/\/rachat2credit.fr\/guide\/rachat-credit-amiens\/#Constitution_et_analyse_du_dossier\" >Constitution et analyse du dossier<\/a><\/li><li class='ez-toc-page-1 ez-toc-heading-level-3'><a class=\"ez-toc-link ez-toc-heading-16\" href=\"https:\/\/rachat2credit.fr\/guide\/rachat-credit-amiens\/#Phase_de_negociation_bancaire\" >Phase de n\u00e9gociation bancaire<\/a><\/li><li class='ez-toc-page-1 ez-toc-heading-level-3'><a class=\"ez-toc-link ez-toc-heading-17\" href=\"https:\/\/rachat2credit.fr\/guide\/rachat-credit-amiens\/#Formalites_administratives\" >Formalit\u00e9s administratives<\/a><\/li><\/ul><\/li><li class='ez-toc-page-1 ez-toc-heading-level-2'><a class=\"ez-toc-link ez-toc-heading-18\" href=\"https:\/\/rachat2credit.fr\/guide\/rachat-credit-amiens\/#Cadre_reglementaire_et_protections_legales\" >Cadre r\u00e9glementaire et protections l\u00e9gales<\/a><ul class='ez-toc-list-level-3' ><li class='ez-toc-heading-level-3'><a class=\"ez-toc-link ez-toc-heading-19\" href=\"https:\/\/rachat2credit.fr\/guide\/rachat-credit-amiens\/#Application_de_la_loi_Murcef\" >Application de la loi Murcef<\/a><\/li><li class='ez-toc-page-1 ez-toc-heading-level-3'><a class=\"ez-toc-link ez-toc-heading-20\" href=\"https:\/\/rachat2credit.fr\/guide\/rachat-credit-amiens\/#Droits_de_lemprunteur\" >Droits de l&#8217;emprunteur<\/a><\/li><\/ul><\/li><li class='ez-toc-page-1 ez-toc-heading-level-2'><a class=\"ez-toc-link ez-toc-heading-21\" href=\"https:\/\/rachat2credit.fr\/guide\/rachat-credit-amiens\/#Optimisation_fiscale_et_patrimoniale\" >Optimisation fiscale et patrimoniale<\/a><ul class='ez-toc-list-level-3' ><li class='ez-toc-heading-level-3'><a class=\"ez-toc-link ez-toc-heading-22\" href=\"https:\/\/rachat2credit.fr\/guide\/rachat-credit-amiens\/#Strategies_de_deduction_fiscale\" >Strat\u00e9gies de d\u00e9duction fiscale<\/a><\/li><li class='ez-toc-page-1 ez-toc-heading-level-3'><a class=\"ez-toc-link ez-toc-heading-23\" href=\"https:\/\/rachat2credit.fr\/guide\/rachat-credit-amiens\/#Specificites_du_marche_amienois\" >Sp\u00e9cificit\u00e9s du march\u00e9 ami\u00e9nois<\/a><\/li><\/ul><\/li><li class='ez-toc-page-1 ez-toc-heading-level-2'><a class=\"ez-toc-link ez-toc-heading-24\" href=\"https:\/\/rachat2credit.fr\/guide\/rachat-credit-amiens\/#Selection_dun_courtier_specialise\" >S\u00e9lection d&rsquo;un courtier sp\u00e9cialis\u00e9<\/a><ul class='ez-toc-list-level-3' ><li class='ez-toc-heading-level-3'><a class=\"ez-toc-link ez-toc-heading-25\" href=\"https:\/\/rachat2credit.fr\/guide\/rachat-credit-amiens\/#Criteres_techniques_devaluation\" >Crit\u00e8res techniques d&rsquo;\u00e9valuation<\/a><\/li><li class='ez-toc-page-1 ez-toc-heading-level-3'><a class=\"ez-toc-link ez-toc-heading-26\" href=\"https:\/\/rachat2credit.fr\/guide\/rachat-credit-amiens\/#Services_daccompagnement\" >Services d&rsquo;accompagnement<\/a><\/li><\/ul><\/li><li class='ez-toc-page-1 ez-toc-heading-level-2'><a class=\"ez-toc-link ez-toc-heading-27\" href=\"https:\/\/rachat2credit.fr\/guide\/rachat-credit-amiens\/#Cas_pratiques_et_retours_dexperience\" >Cas pratiques et retours d&rsquo;exp\u00e9rience<\/a><ul class='ez-toc-list-level-3' ><li class='ez-toc-heading-level-3'><a class=\"ez-toc-link ez-toc-heading-28\" href=\"https:\/\/rachat2credit.fr\/guide\/rachat-credit-amiens\/#Profil_famille_avec_enfants\" >Profil famille avec enfants<\/a><\/li><li class='ez-toc-page-1 ez-toc-heading-level-3'><a class=\"ez-toc-link ez-toc-heading-29\" href=\"https:\/\/rachat2credit.fr\/guide\/rachat-credit-amiens\/#Profil_travailleur_independant\" >Profil travailleur ind\u00e9pendant<\/a><\/li><li class='ez-toc-page-1 ez-toc-heading-level-3'><a class=\"ez-toc-link ez-toc-heading-30\" href=\"https:\/\/rachat2credit.fr\/guide\/rachat-credit-amiens\/#Profil_jeune_couple_primo-accedant\" >Profil jeune couple primo-acc\u00e9dant<\/a><\/li><\/ul><\/li><li class='ez-toc-page-1 ez-toc-heading-level-2'><a class=\"ez-toc-link ez-toc-heading-31\" href=\"https:\/\/rachat2credit.fr\/guide\/rachat-credit-amiens\/#Questions_techniques_frequentes\" >Questions techniques fr\u00e9quentes<\/a><ul class='ez-toc-list-level-3' ><li class='ez-toc-heading-level-3'><a class=\"ez-toc-link ez-toc-heading-32\" href=\"https:\/\/rachat2credit.fr\/guide\/rachat-credit-amiens\/#Eligibilite_et_conditions_dacceptation\" >\u00c9ligibilit\u00e9 et conditions d&rsquo;acceptation<\/a><\/li><li class='ez-toc-page-1 ez-toc-heading-level-3'><a class=\"ez-toc-link ez-toc-heading-33\" href=\"https:\/\/rachat2credit.fr\/guide\/rachat-credit-amiens\/#Structure_tarifaire\" >Structure tarifaire<\/a><\/li><li class='ez-toc-page-1 ez-toc-heading-level-3'><a class=\"ez-toc-link ez-toc-heading-34\" href=\"https:\/\/rachat2credit.fr\/guide\/rachat-credit-amiens\/#Procedures_et_delais\" >Proc\u00e9dures et d\u00e9lais<\/a><\/li><\/ul><\/li><li class='ez-toc-page-1 ez-toc-heading-level-2'><a class=\"ez-toc-link ez-toc-heading-35\" href=\"https:\/\/rachat2credit.fr\/guide\/rachat-credit-amiens\/#Synthese_technique_et_recommandations\" >Synth\u00e8se technique et recommandations<\/a><ul class='ez-toc-list-level-3' ><li class='ez-toc-heading-level-3'><a class=\"ez-toc-link ez-toc-heading-36\" href=\"https:\/\/rachat2credit.fr\/guide\/rachat-credit-amiens\/#Benefices_mesurables_du_rachat_de_credit\" >B\u00e9n\u00e9fices mesurables du rachat de cr\u00e9dit<\/a><\/li><li class='ez-toc-page-1 ez-toc-heading-level-3'><a class=\"ez-toc-link ez-toc-heading-37\" href=\"https:\/\/rachat2credit.fr\/guide\/rachat-credit-amiens\/#Demarche_recommandee\" >D\u00e9marche recommand\u00e9e<\/a><\/li><\/ul><\/li><\/ul><\/nav><\/div>\n<h2 class=\"wp-block-heading\"><span class=\"ez-toc-section\" id=\"Points_cles_a_retenir\"><\/span>Points cl\u00e9s \u00e0 retenir<span class=\"ez-toc-section-end\"><\/span><\/h2>\n\n\n\n<figure class=\"wp-block-table\"><table class=\"has-fixed-layout\"><thead><tr><th><strong>Crit\u00e8re<\/strong><\/th><th><strong>Information<\/strong><\/th><\/tr><\/thead><tbody><tr><td><strong>R\u00e9duction des mensualit\u00e9s<\/strong><\/td><td>Jusqu&rsquo;\u00e0 60% de diminution possible<\/td><\/tr><tr><td><strong>Dur\u00e9e maximale<\/strong><\/td><td>25 ans pour les cr\u00e9dits hypoth\u00e9caires<\/td><\/tr><tr><td><strong>Montants \u00e9ligibles<\/strong><\/td><td>Jusqu&rsquo;\u00e0 75 000\u20ac pour les cr\u00e9dits consommation<\/td><\/tr><tr><td><strong>D\u00e9lai de traitement<\/strong><\/td><td>15 \u00e0 45 jours ouvr\u00e9s<\/td><\/tr><tr><td><strong>Taux d&rsquo;endettement optimal<\/strong><\/td><td>Retour sous le seuil de 33%<\/td><\/tr><tr><td><strong>Types de dettes regroupables<\/strong><\/td><td>Immobilier, consommation, d\u00e9couverts<\/td><\/tr><\/tbody><\/table><\/figure>\n\n\n\n<h2 class=\"wp-block-heading\"><span class=\"ez-toc-section\" id=\"Conditions_deligibilite_au_rachat_de_credit\"><\/span>Conditions d&rsquo;\u00e9ligibilit\u00e9 au rachat de cr\u00e9dit<span class=\"ez-toc-section-end\"><\/span><\/h2>\n\n\n\n<h3 class=\"wp-block-heading\"><span class=\"ez-toc-section\" id=\"Profils_concernes_par_cette_solution\"><\/span>Profils concern\u00e9s par cette solution<span class=\"ez-toc-section-end\"><\/span><\/h3>\n\n\n\n<p>Les r\u00e9sidents d&rsquo;Amiens peuvent solliciter un regroupement de cr\u00e9dits lorsque plusieurs indicateurs financiers r\u00e9v\u00e8lent une situation critique :<\/p>\n\n\n\n<ul class=\"wp-block-list\">\n<li><strong>Taux d&rsquo;endettement sup\u00e9rieur \u00e0 33%<\/strong> des revenus nets<\/li>\n\n\n\n<li>Multiplication des \u00e9ch\u00e9ances avec diff\u00e9rents organismes<\/li>\n\n\n\n<li>Difficult\u00e9s r\u00e9currentes de tr\u00e9sorerie en fin de mois<\/li>\n\n\n\n<li>Volont\u00e9 d&rsquo;optimiser la structure financi\u00e8re existante<\/li>\n<\/ul>\n\n\n\n<h3 class=\"wp-block-heading\"><span class=\"ez-toc-section\" id=\"Criteres_techniques_dacceptation\"><\/span>Crit\u00e8res techniques d&rsquo;acceptation<span class=\"ez-toc-section-end\"><\/span><\/h3>\n\n\n\n<p>L&rsquo;\u00e9ligibilit\u00e9 d&rsquo;un dossier de rachat repose sur l&rsquo;\u00e9valuation de plusieurs param\u00e8tres :<\/p>\n\n\n\n<ul class=\"wp-block-list\">\n<li>Stabilit\u00e9 professionnelle (CDI privil\u00e9gi\u00e9, minimum 6 mois d&rsquo;anciennet\u00e9)<\/li>\n\n\n\n<li>Revenus r\u00e9guliers justifi\u00e9s sur les 3 derniers mois<\/li>\n\n\n\n<li>Absence d&rsquo;incidents bancaires majeurs (FICP, FCC)<\/li>\n\n\n\n<li>Capacit\u00e9 de remboursement r\u00e9siduelle apr\u00e8s regroupement<\/li>\n<\/ul>\n\n\n\n<h2 class=\"wp-block-heading\"><span class=\"ez-toc-section\" id=\"Mecanismes_techniques_du_regroupement_de_credits\"><\/span>M\u00e9canismes techniques du regroupement de cr\u00e9dits<span class=\"ez-toc-section-end\"><\/span><\/h2>\n\n\n\n<h3 class=\"wp-block-heading\"><span class=\"ez-toc-section\" id=\"Processus_de_consolidation_financiere\"><\/span>Processus de consolidation financi\u00e8re<span class=\"ez-toc-section-end\"><\/span><\/h3>\n\n\n\n<p>Le rachat de cr\u00e9dit op\u00e8re selon un principe de <strong>substitution contractuelle<\/strong>. L&rsquo;\u00e9tablissement financier proc\u00e8de au remboursement int\u00e9gral des cr\u00e9ances existantes et les remplace par un nouveau contrat unique aux conditions ren\u00e9goci\u00e9es.<\/p>\n\n\n\n<p>Cette op\u00e9ration technique comprend :<\/p>\n\n\n\n<ul class=\"wp-block-list\">\n<li>\u00c9valuation du capital restant d\u00fb sur chaque cr\u00e9dit<\/li>\n\n\n\n<li>Calcul des indemnit\u00e9s de remboursement anticip\u00e9<\/li>\n\n\n\n<li>N\u00e9gociation d&rsquo;un nouveau <em>TAEG<\/em> (Taux Annuel Effectif Global)<\/li>\n\n\n\n<li>Extension de la dur\u00e9e de remboursement pour r\u00e9duire les mensualit\u00e9s<\/li>\n<\/ul>\n\n\n\n<h3 class=\"wp-block-heading\"><span class=\"ez-toc-section\" id=\"Types_de_creances_regroupables\"><\/span>Types de cr\u00e9ances regroupables<span class=\"ez-toc-section-end\"><\/span><\/h3>\n\n\n\n<p>L&rsquo;op\u00e9ration de rachat peut int\u00e9grer diverses cat\u00e9gories de dettes :<\/p>\n\n\n\n<p><strong>Cr\u00e9dits immobiliers en cours<\/strong><\/p>\n\n\n\n<ul class=\"wp-block-list\">\n<li>Pr\u00eat principal pour r\u00e9sidence principale<\/li>\n\n\n\n<li>Cr\u00e9dits travaux et am\u00e9nagements<\/li>\n\n\n\n<li>Investissements locatifs<\/li>\n<\/ul>\n\n\n\n<p><strong>Pr\u00eats \u00e0 la consommation<\/strong><\/p>\n\n\n\n<ul class=\"wp-block-list\">\n<li>Cr\u00e9dits automobiles<\/li>\n\n\n\n<li>Pr\u00eats personnels affect\u00e9s ou non affect\u00e9s<\/li>\n\n\n\n<li>Financements pour \u00e9quipements<\/li>\n<\/ul>\n\n\n\n<p><strong>D\u00e9couverts et facilit\u00e9s de caisse<\/strong><\/p>\n\n\n\n<ul class=\"wp-block-list\">\n<li>Autorisations de d\u00e9couvert bancaire<\/li>\n\n\n\n<li>Cr\u00e9dits renouvelables<\/li>\n\n\n\n<li>Retards fiscaux et sociaux<\/li>\n<\/ul>\n\n\n\n<h2 class=\"wp-block-heading\"><span class=\"ez-toc-section\" id=\"Solutions_adaptees_selon_le_statut_patrimonial\"><\/span>Solutions adapt\u00e9es selon le statut patrimonial<span class=\"ez-toc-section-end\"><\/span><\/h2>\n\n\n\n<h3 class=\"wp-block-heading\"><span class=\"ez-toc-section\" id=\"Rachat_de_credit_pour_locataires\"><\/span>Rachat de cr\u00e9dit pour locataires<span class=\"ez-toc-section-end\"><\/span><\/h3>\n\n\n\n<p>Cette formule cible les emprunteurs ne disposant pas de garantie immobili\u00e8re :<\/p>\n\n\n\n<figure class=\"wp-block-table\"><table class=\"has-fixed-layout\"><thead><tr><th><strong>Caract\u00e9ristique<\/strong><\/th><th><strong>Limite technique<\/strong><\/th><\/tr><\/thead><tbody><tr><td>Dur\u00e9e maximale<\/td><td>12 ans<\/td><\/tr><tr><td>Montant finan\u00e7able<\/td><td>75 000\u20ac<\/td><\/tr><tr><td>Garantie requise<\/td><td>Caution ou assurance-cr\u00e9dit<\/td><\/tr><tr><td>Taux d&rsquo;int\u00e9r\u00eat<\/td><td>Variable selon profil<\/td><\/tr><\/tbody><\/table><\/figure>\n\n\n\n<p>La proc\u00e9dure simplifi\u00e9e permet un traitement acc\u00e9l\u00e9r\u00e9, particuli\u00e8rement adapt\u00e9 aux jeunes actifs ami\u00e9nois ou aux investisseurs sans patrimoine immobilier.<\/p>\n\n\n\n<h3 class=\"wp-block-heading\"><span class=\"ez-toc-section\" id=\"Rachat_hypothecaire_pour_proprietaires\"><\/span>Rachat hypoth\u00e9caire pour propri\u00e9taires<span class=\"ez-toc-section-end\"><\/span><\/h3>\n\n\n\n<p>L&rsquo;utilisation du patrimoine immobilier comme garantie offre des conditions pr\u00e9f\u00e9rentielles :<\/p>\n\n\n\n<ul class=\"wp-block-list\">\n<li><strong>Dur\u00e9es \u00e9tendues<\/strong> jusqu&rsquo;\u00e0 25 ans<\/li>\n\n\n\n<li>Montants significativement sup\u00e9rieurs selon la valeur du bien<\/li>\n\n\n\n<li>Taux d&rsquo;int\u00e9r\u00eat r\u00e9duits gr\u00e2ce \u00e0 la s\u00e9curisation hypoth\u00e9caire<\/li>\n\n\n\n<li>Possibilit\u00e9 d&rsquo;int\u00e9grer une <em>tr\u00e9sorerie suppl\u00e9mentaire<\/em><\/li>\n<\/ul>\n\n\n\n<p>L&rsquo;inscription hypoth\u00e9caire constitue une garantie r\u00e9elle permettant aux \u00e9tablissements de proposer des conditions tarifaires optimis\u00e9es.<\/p>\n\n\n\n<h2 class=\"wp-block-heading\"><span class=\"ez-toc-section\" id=\"Analyse_des_avantages_economiques\"><\/span>Analyse des avantages \u00e9conomiques<span class=\"ez-toc-section-end\"><\/span><\/h2>\n\n\n\n<h3 class=\"wp-block-heading\"><span class=\"ez-toc-section\" id=\"Impact_sur_la_capacite_budgetaire\"><\/span>Impact sur la capacit\u00e9 budg\u00e9taire<span class=\"ez-toc-section-end\"><\/span><\/h3>\n\n\n\n<p>Le regroupement de cr\u00e9dits g\u00e9n\u00e8re plusieurs b\u00e9n\u00e9fices \u00e9conomiques mesurables :<\/p>\n\n\n\n<p><strong>R\u00e9duction imm\u00e9diate des charges<\/strong><\/p>\n\n\n\n<ul class=\"wp-block-list\">\n<li>Diminution des mensualit\u00e9s de 30% \u00e0 60%<\/li>\n\n\n\n<li>Lib\u00e9ration de capacit\u00e9 d&rsquo;autofinancement<\/li>\n\n\n\n<li>Am\u00e9lioration du <em>reste \u00e0 vivre<\/em> familial<\/li>\n<\/ul>\n\n\n\n<p><strong>Simplification administrative<\/strong><\/p>\n\n\n\n<ul class=\"wp-block-list\">\n<li>Interface unique avec un seul \u00e9tablissement<\/li>\n\n\n\n<li>Centralisation des pr\u00e9l\u00e8vements automatiques<\/li>\n\n\n\n<li>R\u00e9duction des frais de tenue de compte multiples<\/li>\n<\/ul>\n\n\n\n<h3 class=\"wp-block-heading\"><span class=\"ez-toc-section\" id=\"Simulation_economique_pratique\"><\/span>Simulation \u00e9conomique pratique<span class=\"ez-toc-section-end\"><\/span><\/h3>\n\n\n\n<p><strong>Situation initiale d&rsquo;une famille ami\u00e9noise :<\/strong><\/p>\n\n\n\n<ul class=\"wp-block-list\">\n<li>4 cr\u00e9dits totalisant 1 250\u20ac mensuels<\/li>\n\n\n\n<li>Taux d&rsquo;endettement de 50%<\/li>\n\n\n\n<li>Revenus nets de 2 500\u20ac<\/li>\n<\/ul>\n\n\n\n<p><strong>Apr\u00e8s regroupement :<\/strong><\/p>\n\n\n\n<ul class=\"wp-block-list\">\n<li>Mensualit\u00e9 unique de 830\u20ac<\/li>\n\n\n\n<li>Nouveau taux d&rsquo;endettement de 33%<\/li>\n\n\n\n<li>Gain de pouvoir d&rsquo;achat de 420\u20ac mensuels<\/li>\n\n\n\n<li>Dur\u00e9e totale de 18 ans<\/li>\n<\/ul>\n\n\n\n<p>Cette restructuration permet le retour \u00e0 un \u00e9quilibre budg\u00e9taire sain et d\u00e9gage des marges pour de nouveaux projets.<\/p>\n\n\n\n<h2 class=\"wp-block-heading\"><span class=\"ez-toc-section\" id=\"Procedure_de_mise_en_oeuvre\"><\/span>Proc\u00e9dure de mise en \u0153uvre<span class=\"ez-toc-section-end\"><\/span><\/h2>\n\n\n\n<h3 class=\"wp-block-heading\"><span class=\"ez-toc-section\" id=\"Constitution_et_analyse_du_dossier\"><\/span>Constitution et analyse du dossier<span class=\"ez-toc-section-end\"><\/span><\/h3>\n\n\n\n<p>Le processus d\u00e9bute par une <strong>\u00e9valuation technique compl\u00e8te<\/strong> incluant :<\/p>\n\n\n\n<ul class=\"wp-block-list\">\n<li>Audit des cr\u00e9dits existants (capitaux restants, taux, dur\u00e9es)<\/li>\n\n\n\n<li>Analyse des revenus sur 6 mois minimum<\/li>\n\n\n\n<li>\u00c9valuation du patrimoine mobilier et immobilier<\/li>\n\n\n\n<li>Calcul de la capacit\u00e9 d&rsquo;endettement r\u00e9siduelle<\/li>\n<\/ul>\n\n\n\n<h3 class=\"wp-block-heading\"><span class=\"ez-toc-section\" id=\"Phase_de_negociation_bancaire\"><\/span>Phase de n\u00e9gociation bancaire<span class=\"ez-toc-section-end\"><\/span><\/h3>\n\n\n\n<p>La mise en concurrence des \u00e9tablissements financiers optimise les conditions :<\/p>\n\n\n\n<ul class=\"wp-block-list\">\n<li>Sollicitation de multiples organismes de cr\u00e9dit<\/li>\n\n\n\n<li>N\u00e9gociation compar\u00e9e des taux et conditions<\/li>\n\n\n\n<li>S\u00e9curisation des garanties et assurances<\/li>\n\n\n\n<li>Validation des clauses contractuelles<\/li>\n<\/ul>\n\n\n\n<h3 class=\"wp-block-heading\"><span class=\"ez-toc-section\" id=\"Formalites_administratives\"><\/span>Formalit\u00e9s administratives<span class=\"ez-toc-section-end\"><\/span><\/h3>\n\n\n\n<p>Le processus r\u00e9glementaire respecte un calendrier pr\u00e9cis :<\/p>\n\n\n\n<ol class=\"wp-block-list\">\n<li><strong>Offre pr\u00e9alable<\/strong> (envoi sous 15 jours)<\/li>\n\n\n\n<li><strong>D\u00e9lai de r\u00e9flexion<\/strong> obligatoire de 10 jours<\/li>\n\n\n\n<li><strong>Signature<\/strong> et d\u00e9blocage des fonds<\/li>\n\n\n\n<li><strong>Remboursement<\/strong> automatique des anciens cr\u00e9dits<\/li>\n<\/ol>\n\n\n\n<p>Le d\u00e9lai global varie entre 15 et 45 jours selon la complexit\u00e9 du dossier.<\/p>\n\n\n\n<h2 class=\"wp-block-heading\"><span class=\"ez-toc-section\" id=\"Cadre_reglementaire_et_protections_legales\"><\/span>Cadre r\u00e9glementaire et protections l\u00e9gales<span class=\"ez-toc-section-end\"><\/span><\/h2>\n\n\n\n<h3 class=\"wp-block-heading\"><span class=\"ez-toc-section\" id=\"Application_de_la_loi_Murcef\"><\/span>Application de la loi Murcef<span class=\"ez-toc-section-end\"><\/span><\/h3>\n\n\n\n<p>La r\u00e9glementation bancaire prot\u00e8ge l&#8217;emprunteur par plusieurs dispositifs :<\/p>\n\n\n\n<ul class=\"wp-block-list\">\n<li><strong>Transparence tarifaire<\/strong> obligatoire sur tous les co\u00fbts<\/li>\n\n\n\n<li>Information claire sur le co\u00fbt total du cr\u00e9dit<\/li>\n\n\n\n<li>Mentions l\u00e9gales relatives aux cons\u00e9quences de l&rsquo;allongement de dur\u00e9e<\/li>\n\n\n\n<li>Protection contre les pratiques commerciales abusives<\/li>\n<\/ul>\n\n\n\n<h3 class=\"wp-block-heading\"><span class=\"ez-toc-section\" id=\"Droits_de_lemprunteur\"><\/span>Droits de l&#8217;emprunteur<span class=\"ez-toc-section-end\"><\/span><\/h3>\n\n\n\n<p>Les garanties l\u00e9gales incluent :<\/p>\n\n\n\n<ul class=\"wp-block-list\">\n<li>Droit de r\u00e9tractation de 14 jours calendaires<\/li>\n\n\n\n<li>Possibilit\u00e9 de remboursement anticip\u00e9 sans p\u00e9nalit\u00e9s excessives<\/li>\n\n\n\n<li>Information pr\u00e9contractuelle d\u00e9taill\u00e9e<\/li>\n\n\n\n<li>Recours amiable en cas de litige<\/li>\n<\/ul>\n\n\n\n<h2 class=\"wp-block-heading\"><span class=\"ez-toc-section\" id=\"Optimisation_fiscale_et_patrimoniale\"><\/span>Optimisation fiscale et patrimoniale<span class=\"ez-toc-section-end\"><\/span><\/h2>\n\n\n\n<h3 class=\"wp-block-heading\"><span class=\"ez-toc-section\" id=\"Strategies_de_deduction_fiscale\"><\/span>Strat\u00e9gies de d\u00e9duction fiscale<span class=\"ez-toc-section-end\"><\/span><\/h3>\n\n\n\n<p>Le rachat de cr\u00e9dit peut s&rsquo;int\u00e9grer dans une approche patrimoniale globale :<\/p>\n\n\n\n<p><strong>Investissements locatifs<\/strong><\/p>\n\n\n\n<ul class=\"wp-block-list\">\n<li>Optimisation des int\u00e9r\u00eats d&#8217;emprunt d\u00e9ductibles<\/li>\n\n\n\n<li>Planification des acquisitions immobili\u00e8res<\/li>\n\n\n\n<li>Gestion de la fiscalit\u00e9 des revenus fonciers<\/li>\n<\/ul>\n\n\n\n<p><strong>Constitution d&rsquo;\u00e9pargne<\/strong><\/p>\n\n\n\n<ul class=\"wp-block-list\">\n<li>Utilisation de la tr\u00e9sorerie lib\u00e9r\u00e9e pour placements financiers<\/li>\n\n\n\n<li>Diversification du patrimoine<\/li>\n\n\n\n<li>Pr\u00e9paration de la retraite par capitalisation<\/li>\n<\/ul>\n\n\n\n<h3 class=\"wp-block-heading\"><span class=\"ez-toc-section\" id=\"Specificites_du_marche_amienois\"><\/span>Sp\u00e9cificit\u00e9s du march\u00e9 ami\u00e9nois<span class=\"ez-toc-section-end\"><\/span><\/h3>\n\n\n\n<p>L&rsquo;\u00e9conomie locale d&rsquo;Amiens pr\u00e9sente des caract\u00e9ristiques favorables :<\/p>\n\n\n\n<ul class=\"wp-block-list\">\n<li>Stabilit\u00e9 de l&#8217;emploi public (universit\u00e9, collectivit\u00e9s)<\/li>\n\n\n\n<li>Dynamisme du secteur tertiaire<\/li>\n\n\n\n<li>Attractivit\u00e9 immobili\u00e8re r\u00e9gionale<\/li>\n\n\n\n<li>Tissu \u00e9conomique diversifi\u00e9<\/li>\n<\/ul>\n\n\n\n<p>Ces \u00e9l\u00e9ments renforcent la s\u00e9curit\u00e9 des dossiers de rachat pour les \u00e9tablissements pr\u00eateurs.<\/p>\n\n\n\n<h2 class=\"wp-block-heading\"><span class=\"ez-toc-section\" id=\"Selection_dun_courtier_specialise\"><\/span>S\u00e9lection d&rsquo;un courtier sp\u00e9cialis\u00e9<span class=\"ez-toc-section-end\"><\/span><\/h2>\n\n\n\n<h3 class=\"wp-block-heading\"><span class=\"ez-toc-section\" id=\"Criteres_techniques_devaluation\"><\/span>Crit\u00e8res techniques d&rsquo;\u00e9valuation<span class=\"ez-toc-section-end\"><\/span><\/h3>\n\n\n\n<p>Le choix d&rsquo;un interm\u00e9diaire requiert l&rsquo;analyse de plusieurs facteurs :<\/p>\n\n\n\n<p><strong>Expertise technique<\/strong><\/p>\n\n\n\n<ul class=\"wp-block-list\">\n<li>Connaissance approfondie de la r\u00e9glementation bancaire<\/li>\n\n\n\n<li>Exp\u00e9rience dans le traitement de dossiers complexes<\/li>\n\n\n\n<li>Formation continue aux \u00e9volutions du march\u00e9<\/li>\n\n\n\n<li>Ma\u00eetrise des outils d&rsquo;analyse financi\u00e8re<\/li>\n<\/ul>\n\n\n\n<p><strong>R\u00e9seau partenaire<\/strong><\/p>\n\n\n\n<ul class=\"wp-block-list\">\n<li>Diversit\u00e9 des \u00e9tablissements repr\u00e9sent\u00e9s<\/li>\n\n\n\n<li>Acc\u00e8s aux offres exclusives du march\u00e9<\/li>\n\n\n\n<li>Capacit\u00e9 de n\u00e9gociation renforc\u00e9e<\/li>\n\n\n\n<li>Garantie du meilleur taux disponible<\/li>\n<\/ul>\n\n\n\n<h3 class=\"wp-block-heading\"><span class=\"ez-toc-section\" id=\"Services_daccompagnement\"><\/span>Services d&rsquo;accompagnement<span class=\"ez-toc-section-end\"><\/span><\/h3>\n\n\n\n<p>L&rsquo;accompagnement professionnel inclut :<\/p>\n\n\n\n<ul class=\"wp-block-list\">\n<li>\u00c9tude gratuite et sans engagement initial<\/li>\n\n\n\n<li>Simulation personnalis\u00e9e des \u00e9conomies r\u00e9alisables<\/li>\n\n\n\n<li>Conseils en optimisation budg\u00e9taire<\/li>\n\n\n\n<li>Suivi post-signature pour v\u00e9rification de la bonne ex\u00e9cution<\/li>\n<\/ul>\n\n\n\n<h2 class=\"wp-block-heading\"><span class=\"ez-toc-section\" id=\"Cas_pratiques_et_retours_dexperience\"><\/span>Cas pratiques et retours d&rsquo;exp\u00e9rience<span class=\"ez-toc-section-end\"><\/span><\/h2>\n\n\n\n<h3 class=\"wp-block-heading\"><span class=\"ez-toc-section\" id=\"Profil_famille_avec_enfants\"><\/span>Profil famille avec enfants<span class=\"ez-toc-section-end\"><\/span><\/h3>\n\n\n\n<p><strong>Situation initiale :<\/strong><\/p>\n\n\n\n<ul class=\"wp-block-list\">\n<li>Mensualit\u00e9s multiples de 1 420\u20ac<\/li>\n\n\n\n<li>Taux d&rsquo;endettement de 48%<\/li>\n\n\n\n<li>Difficult\u00e9s de tr\u00e9sorerie r\u00e9currentes<\/li>\n<\/ul>\n\n\n\n<p><strong>Solution mise en place :<\/strong><\/p>\n\n\n\n<ul class=\"wp-block-list\">\n<li>Rachat global avec tr\u00e9sorerie de 15 000\u20ac<\/li>\n\n\n\n<li>Nouvelle mensualit\u00e9 de 950\u20ac<\/li>\n\n\n\n<li>Financement simultan\u00e9 de travaux d&rsquo;agrandissement<\/li>\n<\/ul>\n\n\n\n<p><strong>R\u00e9sultats :<\/strong><\/p>\n\n\n\n<ul class=\"wp-block-list\">\n<li>Stabilisation budg\u00e9taire imm\u00e9diate<\/li>\n\n\n\n<li>Am\u00e9lioration du cadre de vie familial<\/li>\n\n\n\n<li>Constitution d&rsquo;une \u00e9pargne de pr\u00e9caution<\/li>\n<\/ul>\n\n\n\n<h3 class=\"wp-block-heading\"><span class=\"ez-toc-section\" id=\"Profil_travailleur_independant\"><\/span>Profil travailleur ind\u00e9pendant<span class=\"ez-toc-section-end\"><\/span><\/h3>\n\n\n\n<p><strong>Probl\u00e9matique :<\/strong><\/p>\n\n\n\n<ul class=\"wp-block-list\">\n<li>Revenus irr\u00e9guliers selon l&rsquo;activit\u00e9 saisonni\u00e8re<\/li>\n\n\n\n<li>Multiple financements professionnels et personnels<\/li>\n\n\n\n<li>Besoin de flexibilit\u00e9 dans les remboursements<\/li>\n<\/ul>\n\n\n\n<p><strong>Approche personnalis\u00e9e :<\/strong><\/p>\n\n\n\n<ul class=\"wp-block-list\">\n<li>N\u00e9gociation de modularit\u00e9 des \u00e9ch\u00e9ances<\/li>\n\n\n\n<li>Int\u00e9gration d&rsquo;une clause de suspension temporaire<\/li>\n\n\n\n<li>Optimisation selon les cycles d&rsquo;activit\u00e9<\/li>\n<\/ul>\n\n\n\n<p><strong>B\u00e9n\u00e9fices obtenus :<\/strong><\/p>\n\n\n\n<ul class=\"wp-block-list\">\n<li>Pr\u00e9visibilit\u00e9 financi\u00e8re retrouv\u00e9e<\/li>\n\n\n\n<li>Adaptation aux fluctuations de revenus<\/li>\n\n\n\n<li>S\u00e9r\u00e9nit\u00e9 dans la gestion d&rsquo;entreprise<\/li>\n<\/ul>\n\n\n\n<h3 class=\"wp-block-heading\"><span class=\"ez-toc-section\" id=\"Profil_jeune_couple_primo-accedant\"><\/span>Profil jeune couple primo-acc\u00e9dant<span class=\"ez-toc-section-end\"><\/span><\/h3>\n\n\n\n<p><strong>Objectif :<\/strong><\/p>\n\n\n\n<ul class=\"wp-block-list\">\n<li>Optimisation financi\u00e8re pour acquisition r\u00e9sidence principale<\/li>\n\n\n\n<li>Lib\u00e9ration de capacit\u00e9 d&#8217;emprunt immobilier<\/li>\n\n\n\n<li>Rationalisation des charges existantes<\/li>\n<\/ul>\n\n\n\n<p><strong>Strat\u00e9gie d\u00e9velopp\u00e9e :<\/strong><\/p>\n\n\n\n<ul class=\"wp-block-list\">\n<li>Rachat anticip\u00e9 des cr\u00e9dits consommation<\/li>\n\n\n\n<li>Am\u00e9lioration du profil emprunteur<\/li>\n\n\n\n<li>N\u00e9gociation globale incluant le futur pr\u00eat immobilier<\/li>\n<\/ul>\n\n\n\n<p><strong>Accomplissement :<\/strong><\/p>\n\n\n\n<ul class=\"wp-block-list\">\n<li>Concr\u00e9tisation du projet d&rsquo;accession<\/li>\n\n\n\n<li>Conditions pr\u00e9f\u00e9rentielles obtenues<\/li>\n\n\n\n<li>R\u00e9alisation de l&rsquo;objectif patrimonial<\/li>\n<\/ul>\n\n\n\n<h2 class=\"wp-block-heading\"><span class=\"ez-toc-section\" id=\"Questions_techniques_frequentes\"><\/span>Questions techniques fr\u00e9quentes<span class=\"ez-toc-section-end\"><\/span><\/h2>\n\n\n\n<h3 class=\"wp-block-heading\"><span class=\"ez-toc-section\" id=\"Eligibilite_et_conditions_dacceptation\"><\/span>\u00c9ligibilit\u00e9 et conditions d&rsquo;acceptation<span class=\"ez-toc-section-end\"><\/span><\/h3>\n\n\n\n<p><strong>Revenus minimum requis :<\/strong> Aucun seuil l\u00e9gal, \u00e9valuation selon le reste \u00e0 vivre apr\u00e8s rachat<\/p>\n\n\n\n<p><strong>Situation professionnelle :<\/strong> Stabilit\u00e9 privil\u00e9gi\u00e9e, possibilit\u00e9 pour les CDD sous conditions<\/p>\n\n\n\n<p><strong>Capacit\u00e9 de remboursement :<\/strong> \u00c9valuation globale incluant charges courantes et familiales<\/p>\n\n\n\n<p><strong>\u00c2ge limite :<\/strong> Variable selon les \u00e9tablissements, g\u00e9n\u00e9ralement 75 ans en fin de pr\u00eat<\/p>\n\n\n\n<h3 class=\"wp-block-heading\"><span class=\"ez-toc-section\" id=\"Structure_tarifaire\"><\/span>Structure tarifaire<span class=\"ez-toc-section-end\"><\/span><\/h3>\n\n\n\n<p><strong>Frais de courtage :<\/strong> Transparents, g\u00e9n\u00e9ralement inclus dans le financement<\/p>\n\n\n\n<p><strong>P\u00e9nalit\u00e9s de remboursement anticip\u00e9 :<\/strong> Calcul\u00e9es selon les contrats existants<\/p>\n\n\n\n<p><strong>Co\u00fbts des garanties :<\/strong> Variables selon le type de rachat choisi<\/p>\n\n\n\n<p><strong>\u00c9conomies nettes :<\/strong> Calcul\u00e9es apr\u00e8s d\u00e9duction de tous les frais<\/p>\n\n\n\n<h3 class=\"wp-block-heading\"><span class=\"ez-toc-section\" id=\"Procedures_et_delais\"><\/span>Proc\u00e9dures et d\u00e9lais<span class=\"ez-toc-section-end\"><\/span><\/h3>\n\n\n\n<p><strong>Dur\u00e9e moyenne :<\/strong> 30 jours pour un dossier standard<\/p>\n\n\n\n<p><strong>Documents requis :<\/strong> Justificatifs de revenus, tableaux d&rsquo;amortissement, relev\u00e9s bancaires<\/p>\n\n\n\n<p><strong>\u00c9tapes de validation :<\/strong> Instruction, comit\u00e9 de cr\u00e9dit, formalisation<\/p>\n\n\n\n<p><strong>Suivi personnalis\u00e9 :<\/strong> Accompagnement jusqu&rsquo;\u00e0 la mise en place effective<\/p>\n\n\n\n<h2 class=\"wp-block-heading\"><span class=\"ez-toc-section\" id=\"Synthese_technique_et_recommandations\"><\/span>Synth\u00e8se technique et recommandations<span class=\"ez-toc-section-end\"><\/span><\/h2>\n\n\n\n<h3 class=\"wp-block-heading\"><span class=\"ez-toc-section\" id=\"Benefices_mesurables_du_rachat_de_credit\"><\/span>B\u00e9n\u00e9fices mesurables du rachat de cr\u00e9dit<span class=\"ez-toc-section-end\"><\/span><\/h3>\n\n\n\n<p>L&rsquo;op\u00e9ration de regroupement g\u00e9n\u00e8re des avantages quantifiables :<\/p>\n\n\n\n<ul class=\"wp-block-list\">\n<li><strong>R\u00e9duction substantielle<\/strong> des mensualit\u00e9s (moyenne 40%)<\/li>\n\n\n\n<li>Simplification de la gestion budg\u00e9taire<\/li>\n\n\n\n<li>Lib\u00e9ration de capacit\u00e9 d&rsquo;investissement<\/li>\n\n\n\n<li>Optimisation de la structure financi\u00e8re<\/li>\n<\/ul>\n\n\n\n<h3 class=\"wp-block-heading\"><span class=\"ez-toc-section\" id=\"Demarche_recommandee\"><\/span>D\u00e9marche recommand\u00e9e<span class=\"ez-toc-section-end\"><\/span><\/h3>\n\n\n\n<p>Pour concr\u00e9tiser un projet de rachat \u00e0 Amiens :<\/p>\n\n\n\n<ol class=\"wp-block-list\">\n<li><strong>\u00c9valuation pr\u00e9liminaire<\/strong> gratuite de la situation<\/li>\n\n\n\n<li>Simulation personnalis\u00e9e des gains potentiels<\/li>\n\n\n\n<li>Constitution du dossier avec accompagnement expert<\/li>\n\n\n\n<li>N\u00e9gociation optimis\u00e9e aupr\u00e8s des \u00e9tablissements<\/li>\n\n\n\n<li>Suivi post-contractuel pour optimisation continue<\/li>\n<\/ol>\n\n\n\n<p>Le rachat de cr\u00e9dit constitue un outil technique efficace pour retrouver l&rsquo;\u00e9quilibre financier et d\u00e9velopper de nouveaux projets dans le contexte \u00e9conomique ami\u00e9nois.<\/p>\n\n\n<div class=\"kk-star-ratings kksr-auto kksr-align-center kksr-valign-bottom\"\n    data-payload='{&quot;align&quot;:&quot;center&quot;,&quot;id&quot;:&quot;434&quot;,&quot;slug&quot;:&quot;default&quot;,&quot;valign&quot;:&quot;bottom&quot;,&quot;ignore&quot;:&quot;&quot;,&quot;reference&quot;:&quot;auto&quot;,&quot;class&quot;:&quot;&quot;,&quot;count&quot;:&quot;0&quot;,&quot;legendonly&quot;:&quot;&quot;,&quot;readonly&quot;:&quot;&quot;,&quot;score&quot;:&quot;0&quot;,&quot;starsonly&quot;:&quot;&quot;,&quot;best&quot;:&quot;5&quot;,&quot;gap&quot;:&quot;5&quot;,&quot;greet&quot;:&quot;&quot;,&quot;legend&quot;:&quot;0\\\/5 - (0 vote)&quot;,&quot;size&quot;:&quot;24&quot;,&quot;title&quot;:&quot;Rachat de cr\u00e9dit \u00e0 Amiens : Analyse technique des solutions de regroupement financier&quot;,&quot;width&quot;:&quot;0&quot;,&quot;_legend&quot;:&quot;{score}\\\/{best} - ({count} {votes})&quot;,&quot;font_factor&quot;:&quot;1.25&quot;}'>\n            \n<div class=\"kksr-stars\">\n    \n<div class=\"kksr-stars-inactive\">\n            <div class=\"kksr-star\" data-star=\"1\" style=\"padding-right: 5px\">\n            \n\n<div class=\"kksr-icon\" style=\"width: 24px; height: 24px;\"><\/div>\n        <\/div>\n            <div class=\"kksr-star\" data-star=\"2\" style=\"padding-right: 5px\">\n            \n\n<div class=\"kksr-icon\" style=\"width: 24px; height: 24px;\"><\/div>\n        <\/div>\n            <div class=\"kksr-star\" data-star=\"3\" style=\"padding-right: 5px\">\n            \n\n<div class=\"kksr-icon\" style=\"width: 24px; height: 24px;\"><\/div>\n        <\/div>\n            <div class=\"kksr-star\" data-star=\"4\" style=\"padding-right: 5px\">\n            \n\n<div class=\"kksr-icon\" style=\"width: 24px; height: 24px;\"><\/div>\n        <\/div>\n            <div class=\"kksr-star\" data-star=\"5\" style=\"padding-right: 5px\">\n            \n\n<div class=\"kksr-icon\" style=\"width: 24px; height: 24px;\"><\/div>\n        <\/div>\n    <\/div>\n    \n<div class=\"kksr-stars-active\" style=\"width: 0px;\">\n            <div class=\"kksr-star\" style=\"padding-right: 5px\">\n            \n\n<div class=\"kksr-icon\" style=\"width: 24px; height: 24px;\"><\/div>\n        <\/div>\n            <div class=\"kksr-star\" style=\"padding-right: 5px\">\n            \n\n<div class=\"kksr-icon\" style=\"width: 24px; height: 24px;\"><\/div>\n        <\/div>\n            <div class=\"kksr-star\" style=\"padding-right: 5px\">\n            \n\n<div class=\"kksr-icon\" style=\"width: 24px; height: 24px;\"><\/div>\n        <\/div>\n            <div class=\"kksr-star\" style=\"padding-right: 5px\">\n            \n\n<div class=\"kksr-icon\" style=\"width: 24px; height: 24px;\"><\/div>\n        <\/div>\n            <div class=\"kksr-star\" style=\"padding-right: 5px\">\n            \n\n<div class=\"kksr-icon\" style=\"width: 24px; height: 24px;\"><\/div>\n        <\/div>\n    <\/div>\n<\/div>\n                \n\n<div class=\"kksr-legend\" style=\"font-size: 19.2px;\">\n            <span class=\"kksr-muted\"><\/span>\n    <\/div>\n    <\/div>\n","protected":false},"excerpt":{"rendered":"<p>Le rachat de cr\u00e9dit repr\u00e9sente une solution technique permettant aux r\u00e9sidents ami\u00e9nois de restructurer leurs engagements financiers. Cette op\u00e9ration consiste \u00e0 regrouper plusieurs pr\u00eats existants en un financement unique, optimisant ainsi la gestion budg\u00e9taire et r\u00e9duisant la charge mensuelle. Points cl\u00e9s \u00e0 retenir Crit\u00e8re Information R\u00e9duction des mensualit\u00e9s Jusqu&rsquo;\u00e0 60% de diminution possible Dur\u00e9e maximale &#8230; <a title=\"Rachat de cr\u00e9dit \u00e0 Amiens : Analyse technique des solutions de regroupement financier\" class=\"read-more\" href=\"https:\/\/rachat2credit.fr\/guide\/rachat-credit-amiens\/\" aria-label=\"En savoir plus sur Rachat de cr\u00e9dit \u00e0 Amiens : Analyse technique des solutions de regroupement financier\">Lire plus<\/a><\/p>\n","protected":false},"author":1,"featured_media":435,"comment_status":"open","ping_status":"open","sticky":false,"template":"","format":"standard","meta":{"footnotes":""},"categories":[4],"tags":[],"class_list":["post-434","post","type-post","status-publish","format-standard","has-post-thumbnail","hentry","category-villes"],"yoast_head":"<!-- This site is optimized with the Yoast SEO plugin v27.5 - https:\/\/yoast.com\/product\/yoast-seo-wordpress\/ -->\n<title>Rachat de cr\u00e9dit \u00e0 Amiens : Analyse technique des solutions de regroupement financier - Rachat de Cr\u00e9dit<\/title>\n<meta name=\"description\" content=\"Rachat de cr\u00e9dit Amiens : regroupez vos pr\u00eats, r\u00e9duisez vos mensualit\u00e9s jusqu&#039;\u00e0 60%. Solutions techniques adapt\u00e9es aux locataires et propri\u00e9taires.\" \/>\n<meta name=\"robots\" content=\"index, follow, max-snippet:-1, max-image-preview:large, max-video-preview:-1\" \/>\n<link rel=\"canonical\" href=\"https:\/\/rachat2credit.fr\/guide\/rachat-credit-amiens\/\" \/>\n<meta property=\"og:locale\" content=\"fr_FR\" \/>\n<meta property=\"og:type\" content=\"article\" \/>\n<meta property=\"og:title\" content=\"Rachat de cr\u00e9dit \u00e0 Amiens : Analyse technique des solutions de regroupement financier - Rachat de Cr\u00e9dit\" \/>\n<meta property=\"og:description\" content=\"Rachat de cr\u00e9dit Amiens : regroupez vos pr\u00eats, r\u00e9duisez vos mensualit\u00e9s jusqu&#039;\u00e0 60%. Solutions techniques adapt\u00e9es aux locataires et propri\u00e9taires.\" \/>\n<meta property=\"og:url\" content=\"https:\/\/rachat2credit.fr\/guide\/rachat-credit-amiens\/\" \/>\n<meta property=\"og:site_name\" content=\"Rachat de Cr\u00e9dit\" \/>\n<meta property=\"article:published_time\" content=\"2025-07-30T12:30:34+00:00\" \/>\n<meta property=\"og:image\" content=\"https:\/\/rachat2credit.fr\/guide\/wp-content\/uploads\/2025\/05\/Rachat-de-credit-Amiens.png\" \/>\n\t<meta property=\"og:image:width\" content=\"1024\" \/>\n\t<meta property=\"og:image:height\" content=\"1024\" \/>\n\t<meta property=\"og:image:type\" content=\"image\/png\" \/>\n<meta name=\"author\" content=\"Aurelien Boulanger\" \/>\n<meta name=\"twitter:card\" content=\"summary_large_image\" \/>\n<meta name=\"twitter:label1\" content=\"\u00c9crit par\" \/>\n\t<meta name=\"twitter:data1\" content=\"Aurelien Boulanger\" \/>\n\t<meta name=\"twitter:label2\" content=\"Dur\u00e9e de lecture estim\u00e9e\" \/>\n\t<meta name=\"twitter:data2\" content=\"8 minutes\" \/>\n<script type=\"application\/ld+json\" class=\"yoast-schema-graph\">{\"@context\":\"https:\\\/\\\/schema.org\",\"@graph\":[{\"@type\":\"NewsArticle\",\"@id\":\"https:\\\/\\\/rachat2credit.fr\\\/guide\\\/rachat-credit-amiens\\\/#article\",\"isPartOf\":{\"@id\":\"https:\\\/\\\/rachat2credit.fr\\\/guide\\\/rachat-credit-amiens\\\/\"},\"author\":{\"name\":\"Aurelien Boulanger\",\"@id\":\"https:\\\/\\\/rachat2credit.fr\\\/guide\\\/#\\\/schema\\\/person\\\/d4142086d07bc6acdc4722eabd955cc2\"},\"headline\":\"Rachat de cr\u00e9dit \u00e0 Amiens : Analyse technique des solutions de regroupement financier\",\"datePublished\":\"2025-07-30T12:30:34+00:00\",\"mainEntityOfPage\":{\"@id\":\"https:\\\/\\\/rachat2credit.fr\\\/guide\\\/rachat-credit-amiens\\\/\"},\"wordCount\":1657,\"commentCount\":0,\"publisher\":{\"@id\":\"https:\\\/\\\/rachat2credit.fr\\\/guide\\\/#organization\"},\"image\":{\"@id\":\"https:\\\/\\\/rachat2credit.fr\\\/guide\\\/rachat-credit-amiens\\\/#primaryimage\"},\"thumbnailUrl\":\"https:\\\/\\\/rachat2credit.fr\\\/guide\\\/wp-content\\\/uploads\\\/2025\\\/05\\\/Rachat-de-credit-Amiens.png\",\"articleSection\":[\"Rachat de cr\u00e9dit par ville\"],\"inLanguage\":\"fr-FR\",\"potentialAction\":[{\"@type\":\"CommentAction\",\"name\":\"Comment\",\"target\":[\"https:\\\/\\\/rachat2credit.fr\\\/guide\\\/rachat-credit-amiens\\\/#respond\"]}]},{\"@type\":\"WebPage\",\"@id\":\"https:\\\/\\\/rachat2credit.fr\\\/guide\\\/rachat-credit-amiens\\\/\",\"url\":\"https:\\\/\\\/rachat2credit.fr\\\/guide\\\/rachat-credit-amiens\\\/\",\"name\":\"Rachat de cr\u00e9dit \u00e0 Amiens : Analyse technique des solutions de regroupement financier - Rachat de Cr\u00e9dit\",\"isPartOf\":{\"@id\":\"https:\\\/\\\/rachat2credit.fr\\\/guide\\\/#website\"},\"primaryImageOfPage\":{\"@id\":\"https:\\\/\\\/rachat2credit.fr\\\/guide\\\/rachat-credit-amiens\\\/#primaryimage\"},\"image\":{\"@id\":\"https:\\\/\\\/rachat2credit.fr\\\/guide\\\/rachat-credit-amiens\\\/#primaryimage\"},\"thumbnailUrl\":\"https:\\\/\\\/rachat2credit.fr\\\/guide\\\/wp-content\\\/uploads\\\/2025\\\/05\\\/Rachat-de-credit-Amiens.png\",\"datePublished\":\"2025-07-30T12:30:34+00:00\",\"description\":\"Rachat de cr\u00e9dit Amiens : regroupez vos pr\u00eats, r\u00e9duisez vos mensualit\u00e9s jusqu'\u00e0 60%. Solutions techniques adapt\u00e9es aux locataires et propri\u00e9taires.\",\"breadcrumb\":{\"@id\":\"https:\\\/\\\/rachat2credit.fr\\\/guide\\\/rachat-credit-amiens\\\/#breadcrumb\"},\"inLanguage\":\"fr-FR\",\"potentialAction\":[{\"@type\":\"ReadAction\",\"target\":[\"https:\\\/\\\/rachat2credit.fr\\\/guide\\\/rachat-credit-amiens\\\/\"]}]},{\"@type\":\"ImageObject\",\"inLanguage\":\"fr-FR\",\"@id\":\"https:\\\/\\\/rachat2credit.fr\\\/guide\\\/rachat-credit-amiens\\\/#primaryimage\",\"url\":\"https:\\\/\\\/rachat2credit.fr\\\/guide\\\/wp-content\\\/uploads\\\/2025\\\/05\\\/Rachat-de-credit-Amiens.png\",\"contentUrl\":\"https:\\\/\\\/rachat2credit.fr\\\/guide\\\/wp-content\\\/uploads\\\/2025\\\/05\\\/Rachat-de-credit-Amiens.png\",\"width\":1024,\"height\":1024,\"caption\":\"Rachat de cr\u00e9dit \u00e0 Amiens : Analyse technique des solutions de regroupement financier\"},{\"@type\":\"BreadcrumbList\",\"@id\":\"https:\\\/\\\/rachat2credit.fr\\\/guide\\\/rachat-credit-amiens\\\/#breadcrumb\",\"itemListElement\":[{\"@type\":\"ListItem\",\"position\":1,\"name\":\"Accueil\",\"item\":\"https:\\\/\\\/rachat2credit.fr\\\/guide\\\/\"},{\"@type\":\"ListItem\",\"position\":2,\"name\":\"Rachat de cr\u00e9dit \u00e0 Amiens : Analyse technique des solutions de regroupement financier\"}]},{\"@type\":\"WebSite\",\"@id\":\"https:\\\/\\\/rachat2credit.fr\\\/guide\\\/#website\",\"url\":\"https:\\\/\\\/rachat2credit.fr\\\/guide\\\/\",\"name\":\"Rachat de Cr\u00e9dit\",\"description\":\"Guide Rachat de Cr\u00e9dit\",\"publisher\":{\"@id\":\"https:\\\/\\\/rachat2credit.fr\\\/guide\\\/#organization\"},\"potentialAction\":[{\"@type\":\"SearchAction\",\"target\":{\"@type\":\"EntryPoint\",\"urlTemplate\":\"https:\\\/\\\/rachat2credit.fr\\\/guide\\\/?s={search_term_string}\"},\"query-input\":{\"@type\":\"PropertyValueSpecification\",\"valueRequired\":true,\"valueName\":\"search_term_string\"}}],\"inLanguage\":\"fr-FR\"},{\"@type\":\"Organization\",\"@id\":\"https:\\\/\\\/rachat2credit.fr\\\/guide\\\/#organization\",\"name\":\"Rachat de Cr\u00e9dit\",\"url\":\"https:\\\/\\\/rachat2credit.fr\\\/guide\\\/\",\"logo\":{\"@type\":\"ImageObject\",\"inLanguage\":\"fr-FR\",\"@id\":\"https:\\\/\\\/rachat2credit.fr\\\/guide\\\/#\\\/schema\\\/logo\\\/image\\\/\",\"url\":\"https:\\\/\\\/rachat2credit.fr\\\/guide\\\/wp-content\\\/uploads\\\/2025\\\/05\\\/rachat2credit.png\",\"contentUrl\":\"https:\\\/\\\/rachat2credit.fr\\\/guide\\\/wp-content\\\/uploads\\\/2025\\\/05\\\/rachat2credit.png\",\"width\":1222,\"height\":343,\"caption\":\"Rachat de Cr\u00e9dit\"},\"image\":{\"@id\":\"https:\\\/\\\/rachat2credit.fr\\\/guide\\\/#\\\/schema\\\/logo\\\/image\\\/\"}},{\"@type\":\"Person\",\"@id\":\"https:\\\/\\\/rachat2credit.fr\\\/guide\\\/#\\\/schema\\\/person\\\/d4142086d07bc6acdc4722eabd955cc2\",\"name\":\"Aurelien Boulanger\",\"image\":{\"@type\":\"ImageObject\",\"inLanguage\":\"fr-FR\",\"@id\":\"https:\\\/\\\/secure.gravatar.com\\\/avatar\\\/32175434c9ca2b27bfeb905d1c3ec782a789caf494bc0ec8fa6ed0ee39c2e62a?s=96&d=mm&r=g\",\"url\":\"https:\\\/\\\/secure.gravatar.com\\\/avatar\\\/32175434c9ca2b27bfeb905d1c3ec782a789caf494bc0ec8fa6ed0ee39c2e62a?s=96&d=mm&r=g\",\"contentUrl\":\"https:\\\/\\\/secure.gravatar.com\\\/avatar\\\/32175434c9ca2b27bfeb905d1c3ec782a789caf494bc0ec8fa6ed0ee39c2e62a?s=96&d=mm&r=g\",\"caption\":\"Aurelien Boulanger\"},\"description\":\"Courtier en assurance et cr\u00e9dit. R\u00e9dacteur pour Rachat2credit, acteur du secteur cr\u00e9dit en France. Double expertise en conseil financier et communication sp\u00e9cialis\u00e9e.\",\"sameAs\":[\"https:\\\/\\\/rachat2credit.fr\\\/guide\"],\"url\":\"https:\\\/\\\/rachat2credit.fr\\\/guide\\\/author\\\/aurelien\\\/\"}]}<\/script>\n<!-- \/ Yoast SEO plugin. -->","yoast_head_json":{"title":"Rachat de cr\u00e9dit \u00e0 Amiens : Analyse technique des solutions de regroupement financier - Rachat de Cr\u00e9dit","description":"Rachat de cr\u00e9dit Amiens : regroupez vos pr\u00eats, r\u00e9duisez vos mensualit\u00e9s jusqu'\u00e0 60%. Solutions techniques adapt\u00e9es aux locataires et propri\u00e9taires.","robots":{"index":"index","follow":"follow","max-snippet":"max-snippet:-1","max-image-preview":"max-image-preview:large","max-video-preview":"max-video-preview:-1"},"canonical":"https:\/\/rachat2credit.fr\/guide\/rachat-credit-amiens\/","og_locale":"fr_FR","og_type":"article","og_title":"Rachat de cr\u00e9dit \u00e0 Amiens : Analyse technique des solutions de regroupement financier - Rachat de Cr\u00e9dit","og_description":"Rachat de cr\u00e9dit Amiens : regroupez vos pr\u00eats, r\u00e9duisez vos mensualit\u00e9s jusqu'\u00e0 60%. Solutions techniques adapt\u00e9es aux locataires et propri\u00e9taires.","og_url":"https:\/\/rachat2credit.fr\/guide\/rachat-credit-amiens\/","og_site_name":"Rachat de Cr\u00e9dit","article_published_time":"2025-07-30T12:30:34+00:00","og_image":[{"width":1024,"height":1024,"url":"https:\/\/rachat2credit.fr\/guide\/wp-content\/uploads\/2025\/05\/Rachat-de-credit-Amiens.png","type":"image\/png"}],"author":"Aurelien Boulanger","twitter_card":"summary_large_image","twitter_misc":{"\u00c9crit par":"Aurelien Boulanger","Dur\u00e9e de lecture estim\u00e9e":"8 minutes"},"schema":{"@context":"https:\/\/schema.org","@graph":[{"@type":"NewsArticle","@id":"https:\/\/rachat2credit.fr\/guide\/rachat-credit-amiens\/#article","isPartOf":{"@id":"https:\/\/rachat2credit.fr\/guide\/rachat-credit-amiens\/"},"author":{"name":"Aurelien Boulanger","@id":"https:\/\/rachat2credit.fr\/guide\/#\/schema\/person\/d4142086d07bc6acdc4722eabd955cc2"},"headline":"Rachat de cr\u00e9dit \u00e0 Amiens : Analyse technique des solutions de regroupement financier","datePublished":"2025-07-30T12:30:34+00:00","mainEntityOfPage":{"@id":"https:\/\/rachat2credit.fr\/guide\/rachat-credit-amiens\/"},"wordCount":1657,"commentCount":0,"publisher":{"@id":"https:\/\/rachat2credit.fr\/guide\/#organization"},"image":{"@id":"https:\/\/rachat2credit.fr\/guide\/rachat-credit-amiens\/#primaryimage"},"thumbnailUrl":"https:\/\/rachat2credit.fr\/guide\/wp-content\/uploads\/2025\/05\/Rachat-de-credit-Amiens.png","articleSection":["Rachat de cr\u00e9dit par ville"],"inLanguage":"fr-FR","potentialAction":[{"@type":"CommentAction","name":"Comment","target":["https:\/\/rachat2credit.fr\/guide\/rachat-credit-amiens\/#respond"]}]},{"@type":"WebPage","@id":"https:\/\/rachat2credit.fr\/guide\/rachat-credit-amiens\/","url":"https:\/\/rachat2credit.fr\/guide\/rachat-credit-amiens\/","name":"Rachat de cr\u00e9dit \u00e0 Amiens : Analyse technique des solutions de regroupement financier - Rachat de Cr\u00e9dit","isPartOf":{"@id":"https:\/\/rachat2credit.fr\/guide\/#website"},"primaryImageOfPage":{"@id":"https:\/\/rachat2credit.fr\/guide\/rachat-credit-amiens\/#primaryimage"},"image":{"@id":"https:\/\/rachat2credit.fr\/guide\/rachat-credit-amiens\/#primaryimage"},"thumbnailUrl":"https:\/\/rachat2credit.fr\/guide\/wp-content\/uploads\/2025\/05\/Rachat-de-credit-Amiens.png","datePublished":"2025-07-30T12:30:34+00:00","description":"Rachat de cr\u00e9dit Amiens : regroupez vos pr\u00eats, r\u00e9duisez vos mensualit\u00e9s jusqu'\u00e0 60%. Solutions techniques adapt\u00e9es aux locataires et propri\u00e9taires.","breadcrumb":{"@id":"https:\/\/rachat2credit.fr\/guide\/rachat-credit-amiens\/#breadcrumb"},"inLanguage":"fr-FR","potentialAction":[{"@type":"ReadAction","target":["https:\/\/rachat2credit.fr\/guide\/rachat-credit-amiens\/"]}]},{"@type":"ImageObject","inLanguage":"fr-FR","@id":"https:\/\/rachat2credit.fr\/guide\/rachat-credit-amiens\/#primaryimage","url":"https:\/\/rachat2credit.fr\/guide\/wp-content\/uploads\/2025\/05\/Rachat-de-credit-Amiens.png","contentUrl":"https:\/\/rachat2credit.fr\/guide\/wp-content\/uploads\/2025\/05\/Rachat-de-credit-Amiens.png","width":1024,"height":1024,"caption":"Rachat de cr\u00e9dit \u00e0 Amiens : Analyse technique des solutions de regroupement financier"},{"@type":"BreadcrumbList","@id":"https:\/\/rachat2credit.fr\/guide\/rachat-credit-amiens\/#breadcrumb","itemListElement":[{"@type":"ListItem","position":1,"name":"Accueil","item":"https:\/\/rachat2credit.fr\/guide\/"},{"@type":"ListItem","position":2,"name":"Rachat de cr\u00e9dit \u00e0 Amiens : Analyse technique des solutions de regroupement financier"}]},{"@type":"WebSite","@id":"https:\/\/rachat2credit.fr\/guide\/#website","url":"https:\/\/rachat2credit.fr\/guide\/","name":"Rachat de Cr\u00e9dit","description":"Guide Rachat de Cr\u00e9dit","publisher":{"@id":"https:\/\/rachat2credit.fr\/guide\/#organization"},"potentialAction":[{"@type":"SearchAction","target":{"@type":"EntryPoint","urlTemplate":"https:\/\/rachat2credit.fr\/guide\/?s={search_term_string}"},"query-input":{"@type":"PropertyValueSpecification","valueRequired":true,"valueName":"search_term_string"}}],"inLanguage":"fr-FR"},{"@type":"Organization","@id":"https:\/\/rachat2credit.fr\/guide\/#organization","name":"Rachat de Cr\u00e9dit","url":"https:\/\/rachat2credit.fr\/guide\/","logo":{"@type":"ImageObject","inLanguage":"fr-FR","@id":"https:\/\/rachat2credit.fr\/guide\/#\/schema\/logo\/image\/","url":"https:\/\/rachat2credit.fr\/guide\/wp-content\/uploads\/2025\/05\/rachat2credit.png","contentUrl":"https:\/\/rachat2credit.fr\/guide\/wp-content\/uploads\/2025\/05\/rachat2credit.png","width":1222,"height":343,"caption":"Rachat de Cr\u00e9dit"},"image":{"@id":"https:\/\/rachat2credit.fr\/guide\/#\/schema\/logo\/image\/"}},{"@type":"Person","@id":"https:\/\/rachat2credit.fr\/guide\/#\/schema\/person\/d4142086d07bc6acdc4722eabd955cc2","name":"Aurelien Boulanger","image":{"@type":"ImageObject","inLanguage":"fr-FR","@id":"https:\/\/secure.gravatar.com\/avatar\/32175434c9ca2b27bfeb905d1c3ec782a789caf494bc0ec8fa6ed0ee39c2e62a?s=96&d=mm&r=g","url":"https:\/\/secure.gravatar.com\/avatar\/32175434c9ca2b27bfeb905d1c3ec782a789caf494bc0ec8fa6ed0ee39c2e62a?s=96&d=mm&r=g","contentUrl":"https:\/\/secure.gravatar.com\/avatar\/32175434c9ca2b27bfeb905d1c3ec782a789caf494bc0ec8fa6ed0ee39c2e62a?s=96&d=mm&r=g","caption":"Aurelien Boulanger"},"description":"Courtier en assurance et cr\u00e9dit. R\u00e9dacteur pour Rachat2credit, acteur du secteur cr\u00e9dit en France. Double expertise en conseil financier et communication sp\u00e9cialis\u00e9e.","sameAs":["https:\/\/rachat2credit.fr\/guide"],"url":"https:\/\/rachat2credit.fr\/guide\/author\/aurelien\/"}]}},"_links":{"self":[{"href":"https:\/\/rachat2credit.fr\/guide\/wp-json\/wp\/v2\/posts\/434","targetHints":{"allow":["GET"]}}],"collection":[{"href":"https:\/\/rachat2credit.fr\/guide\/wp-json\/wp\/v2\/posts"}],"about":[{"href":"https:\/\/rachat2credit.fr\/guide\/wp-json\/wp\/v2\/types\/post"}],"author":[{"embeddable":true,"href":"https:\/\/rachat2credit.fr\/guide\/wp-json\/wp\/v2\/users\/1"}],"replies":[{"embeddable":true,"href":"https:\/\/rachat2credit.fr\/guide\/wp-json\/wp\/v2\/comments?post=434"}],"version-history":[{"count":1,"href":"https:\/\/rachat2credit.fr\/guide\/wp-json\/wp\/v2\/posts\/434\/revisions"}],"predecessor-version":[{"id":436,"href":"https:\/\/rachat2credit.fr\/guide\/wp-json\/wp\/v2\/posts\/434\/revisions\/436"}],"wp:featuredmedia":[{"embeddable":true,"href":"https:\/\/rachat2credit.fr\/guide\/wp-json\/wp\/v2\/media\/435"}],"wp:attachment":[{"href":"https:\/\/rachat2credit.fr\/guide\/wp-json\/wp\/v2\/media?parent=434"}],"wp:term":[{"taxonomy":"category","embeddable":true,"href":"https:\/\/rachat2credit.fr\/guide\/wp-json\/wp\/v2\/categories?post=434"},{"taxonomy":"post_tag","embeddable":true,"href":"https:\/\/rachat2credit.fr\/guide\/wp-json\/wp\/v2\/tags?post=434"}],"curies":[{"name":"wp","href":"https:\/\/api.w.org\/{rel}","templated":true}]}}