{"id":481,"date":"2025-08-01T08:18:45","date_gmt":"2025-08-01T08:18:45","guid":{"rendered":"https:\/\/rachat2credit.fr\/guide\/?p=481"},"modified":"2025-05-20T08:20:57","modified_gmt":"2025-05-20T08:20:57","slug":"rachat-credit-interim","status":"publish","type":"post","link":"https:\/\/rachat2credit.fr\/guide\/rachat-credit-interim\/","title":{"rendered":"Rachat de cr\u00e9dit pour int\u00e9rimaires : solutions et strat\u00e9gies"},"content":{"rendered":"\n<p>Le statut d&rsquo;int\u00e9rimaire ne constitue plus un obstacle insurmontable pour acc\u00e9der au rachat de cr\u00e9dit. Cette solution financi\u00e8re, longtemps r\u00e9serv\u00e9e aux emprunteurs disposant d&rsquo;un CDI, s&rsquo;adapte progressivement aux r\u00e9alit\u00e9s du march\u00e9 du travail et aux parcours professionnels non-lin\u00e9aires. Les \u00e9tablissements financiers d\u00e9veloppent des approches sp\u00e9cifiques pour r\u00e9pondre aux besoins des travailleurs temporaires confront\u00e9s \u00e0 des probl\u00e9matiques d&rsquo;endettement.<\/p>\n\n\n\n<div id=\"ez-toc-container\" class=\"ez-toc-v2_0_82_2 counter-hierarchy ez-toc-counter ez-toc-grey ez-toc-container-direction\">\n<p class=\"ez-toc-title\" style=\"cursor:inherit\">Sommaire<\/p>\n<label for=\"ez-toc-cssicon-toggle-item-69f103734647d\" class=\"ez-toc-cssicon-toggle-label\"><span class=\"ez-toc-cssicon\"><span class=\"eztoc-hide\" style=\"display:none;\">Toggle<\/span><span class=\"ez-toc-icon-toggle-span\"><svg style=\"fill: #999;color:#999\" xmlns=\"http:\/\/www.w3.org\/2000\/svg\" class=\"list-377408\" width=\"20px\" height=\"20px\" viewBox=\"0 0 24 24\" fill=\"none\"><path d=\"M6 6H4v2h2V6zm14 0H8v2h12V6zM4 11h2v2H4v-2zm16 0H8v2h12v-2zM4 16h2v2H4v-2zm16 0H8v2h12v-2z\" fill=\"currentColor\"><\/path><\/svg><svg style=\"fill: #999;color:#999\" class=\"arrow-unsorted-368013\" xmlns=\"http:\/\/www.w3.org\/2000\/svg\" width=\"10px\" height=\"10px\" viewBox=\"0 0 24 24\" version=\"1.2\" baseProfile=\"tiny\"><path d=\"M18.2 9.3l-6.2-6.3-6.2 6.3c-.2.2-.3.4-.3.7s.1.5.3.7c.2.2.4.3.7.3h11c.3 0 .5-.1.7-.3.2-.2.3-.5.3-.7s-.1-.5-.3-.7zM5.8 14.7l6.2 6.3 6.2-6.3c.2-.2.3-.5.3-.7s-.1-.5-.3-.7c-.2-.2-.4-.3-.7-.3h-11c-.3 0-.5.1-.7.3-.2.2-.3.5-.3.7s.1.5.3.7z\"\/><\/svg><\/span><\/span><\/label><input type=\"checkbox\"  id=\"ez-toc-cssicon-toggle-item-69f103734647d\" checked aria-label=\"Toggle\" \/><nav><ul class='ez-toc-list ez-toc-list-level-1 ' ><li class='ez-toc-page-1 ez-toc-heading-level-2'><a class=\"ez-toc-link ez-toc-heading-1\" href=\"https:\/\/rachat2credit.fr\/guide\/rachat-credit-interim\/#Points_cles_a_retenir\" >Points cl\u00e9s \u00e0 retenir<\/a><\/li><li class='ez-toc-page-1 ez-toc-heading-level-2'><a class=\"ez-toc-link ez-toc-heading-2\" href=\"https:\/\/rachat2credit.fr\/guide\/rachat-credit-interim\/#Definition_et_principe_du_rachat_de_credit_pour_travailleurs_interimaires\" >D\u00e9finition et principe du rachat de cr\u00e9dit pour travailleurs int\u00e9rimaires<\/a><ul class='ez-toc-list-level-3' ><li class='ez-toc-heading-level-3'><a class=\"ez-toc-link ez-toc-heading-3\" href=\"https:\/\/rachat2credit.fr\/guide\/rachat-credit-interim\/#Les_enjeux_specifiques_du_statut_dinterimaire\" >Les enjeux sp\u00e9cifiques du statut d&rsquo;int\u00e9rimaire<\/a><\/li><\/ul><\/li><li class='ez-toc-page-1 ez-toc-heading-level-2'><a class=\"ez-toc-link ez-toc-heading-4\" href=\"https:\/\/rachat2credit.fr\/guide\/rachat-credit-interim\/#Criteres_deligibilite_au_rachat_de_credit_pour_interimaires\" >Crit\u00e8res d&rsquo;\u00e9ligibilit\u00e9 au rachat de cr\u00e9dit pour int\u00e9rimaires<\/a><ul class='ez-toc-list-level-3' ><li class='ez-toc-heading-level-3'><a class=\"ez-toc-link ez-toc-heading-5\" href=\"https:\/\/rachat2credit.fr\/guide\/rachat-credit-interim\/#Conditions_professionnelles_exigees\" >Conditions professionnelles exig\u00e9es<\/a><ul class='ez-toc-list-level-4' ><li class='ez-toc-heading-level-4'><a class=\"ez-toc-link ez-toc-heading-6\" href=\"https:\/\/rachat2credit.fr\/guide\/rachat-credit-interim\/#Anciennete_requise_dans_le_secteur_interimaire\" >Anciennet\u00e9 requise dans le secteur int\u00e9rimaire<\/a><\/li><li class='ez-toc-page-1 ez-toc-heading-level-4'><a class=\"ez-toc-link ez-toc-heading-7\" href=\"https:\/\/rachat2credit.fr\/guide\/rachat-credit-interim\/#Continuite_des_missions_et_stabilite_professionnelle\" >Continuit\u00e9 des missions et stabilit\u00e9 professionnelle<\/a><\/li><li class='ez-toc-page-1 ez-toc-heading-level-4'><a class=\"ez-toc-link ez-toc-heading-8\" href=\"https:\/\/rachat2credit.fr\/guide\/rachat-credit-interim\/#Importance_des_revenus_reguliers\" >Importance des revenus r\u00e9guliers<\/a><\/li><\/ul><\/li><li class='ez-toc-page-1 ez-toc-heading-level-3'><a class=\"ez-toc-link ez-toc-heading-9\" href=\"https:\/\/rachat2credit.fr\/guide\/rachat-credit-interim\/#Situation_financiere_et_bancaire_a_optimiser\" >Situation financi\u00e8re et bancaire \u00e0 optimiser<\/a><ul class='ez-toc-list-level-4' ><li class='ez-toc-heading-level-4'><a class=\"ez-toc-link ez-toc-heading-10\" href=\"https:\/\/rachat2credit.fr\/guide\/rachat-credit-interim\/#Taux_dendettement_acceptable\" >Taux d&rsquo;endettement acceptable<\/a><\/li><li class='ez-toc-page-1 ez-toc-heading-level-4'><a class=\"ez-toc-link ez-toc-heading-11\" href=\"https:\/\/rachat2credit.fr\/guide\/rachat-credit-interim\/#Gestion_rigoureuse_des_comptes_bancaires\" >Gestion rigoureuse des comptes bancaires<\/a><\/li><li class='ez-toc-page-1 ez-toc-heading-level-4'><a class=\"ez-toc-link ez-toc-heading-12\" href=\"https:\/\/rachat2credit.fr\/guide\/rachat-credit-interim\/#Absence_de_fichage_FICP_FCC\" >Absence de fichage (FICP, FCC)<\/a><\/li><\/ul><\/li><li class='ez-toc-page-1 ez-toc-heading-level-3'><a class=\"ez-toc-link ez-toc-heading-13\" href=\"https:\/\/rachat2credit.fr\/guide\/rachat-credit-interim\/#Le_role_determinant_du_co-emprunteur\" >Le r\u00f4le d\u00e9terminant du co-emprunteur<\/a><ul class='ez-toc-list-level-4' ><li class='ez-toc-heading-level-4'><a class=\"ez-toc-link ez-toc-heading-14\" href=\"https:\/\/rachat2credit.fr\/guide\/rachat-credit-interim\/#Avantages_dun_co-emprunteur_en_CDI\" >Avantages d&rsquo;un co-emprunteur en CDI<\/a><\/li><li class='ez-toc-page-1 ez-toc-heading-level-4'><a class=\"ez-toc-link ez-toc-heading-15\" href=\"https:\/\/rachat2credit.fr\/guide\/rachat-credit-interim\/#Autres_profils_de_co-emprunteurs_acceptes\" >Autres profils de co-emprunteurs accept\u00e9s<\/a><\/li><li class='ez-toc-page-1 ez-toc-heading-level-4'><a class=\"ez-toc-link ez-toc-heading-16\" href=\"https:\/\/rachat2credit.fr\/guide\/rachat-credit-interim\/#Solutions_alternatives_sans_co-emprunteur\" >Solutions alternatives sans co-emprunteur<\/a><\/li><\/ul><\/li><\/ul><\/li><li class='ez-toc-page-1 ez-toc-heading-level-2'><a class=\"ez-toc-link ez-toc-heading-17\" href=\"https:\/\/rachat2credit.fr\/guide\/rachat-credit-interim\/#Avantages_specifiques_du_rachat_de_credit_pour_les_interimaires\" >Avantages sp\u00e9cifiques du rachat de cr\u00e9dit pour les int\u00e9rimaires<\/a><ul class='ez-toc-list-level-3' ><li class='ez-toc-heading-level-3'><a class=\"ez-toc-link ez-toc-heading-18\" href=\"https:\/\/rachat2credit.fr\/guide\/rachat-credit-interim\/#Reduction_des_mensualites_adaptee_aux_variations_de_revenus\" >R\u00e9duction des mensualit\u00e9s adapt\u00e9e aux variations de revenus<\/a><ul class='ez-toc-list-level-4' ><li class='ez-toc-heading-level-4'><a class=\"ez-toc-link ez-toc-heading-19\" href=\"https:\/\/rachat2credit.fr\/guide\/rachat-credit-interim\/#Ajustement_du_montant_des_remboursements\" >Ajustement du montant des remboursements<\/a><\/li><li class='ez-toc-page-1 ez-toc-heading-level-4'><a class=\"ez-toc-link ez-toc-heading-20\" href=\"https:\/\/rachat2credit.fr\/guide\/rachat-credit-interim\/#Allongement_de_la_duree_du_credit\" >Allongement de la dur\u00e9e du cr\u00e9dit<\/a><\/li><li class='ez-toc-page-1 ez-toc-heading-level-4'><a class=\"ez-toc-link ez-toc-heading-21\" href=\"https:\/\/rachat2credit.fr\/guide\/rachat-credit-interim\/#Lissage_des_charges_financieres\" >Lissage des charges financi\u00e8res<\/a><\/li><\/ul><\/li><li class='ez-toc-page-1 ez-toc-heading-level-3'><a class=\"ez-toc-link ez-toc-heading-22\" href=\"https:\/\/rachat2credit.fr\/guide\/rachat-credit-interim\/#Simplification_de_la_gestion_budgetaire\" >Simplification de la gestion budg\u00e9taire<\/a><ul class='ez-toc-list-level-4' ><li class='ez-toc-heading-level-4'><a class=\"ez-toc-link ez-toc-heading-23\" href=\"https:\/\/rachat2credit.fr\/guide\/rachat-credit-interim\/#Unification_des_echeances\" >Unification des \u00e9ch\u00e9ances<\/a><\/li><li class='ez-toc-page-1 ez-toc-heading-level-4'><a class=\"ez-toc-link ez-toc-heading-24\" href=\"https:\/\/rachat2credit.fr\/guide\/rachat-credit-interim\/#Choix_de_la_date_de_prelevement\" >Choix de la date de pr\u00e9l\u00e8vement<\/a><\/li><li class='ez-toc-page-1 ez-toc-heading-level-4'><a class=\"ez-toc-link ez-toc-heading-25\" href=\"https:\/\/rachat2credit.fr\/guide\/rachat-credit-interim\/#Meilleure_visibilite_financiere\" >Meilleure visibilit\u00e9 financi\u00e8re<\/a><\/li><\/ul><\/li><li class='ez-toc-page-1 ez-toc-heading-level-3'><a class=\"ez-toc-link ez-toc-heading-26\" href=\"https:\/\/rachat2credit.fr\/guide\/rachat-credit-interim\/#Acces_a_une_tresorerie_supplementaire\" >Acc\u00e8s \u00e0 une tr\u00e9sorerie suppl\u00e9mentaire<\/a><ul class='ez-toc-list-level-4' ><li class='ez-toc-heading-level-4'><a class=\"ez-toc-link ez-toc-heading-27\" href=\"https:\/\/rachat2credit.fr\/guide\/rachat-credit-interim\/#Financement_de_nouveaux_projets\" >Financement de nouveaux projets<\/a><\/li><li class='ez-toc-page-1 ez-toc-heading-level-4'><a class=\"ez-toc-link ez-toc-heading-28\" href=\"https:\/\/rachat2credit.fr\/guide\/rachat-credit-interim\/#Consolidation_des_dettes_existantes\" >Consolidation des dettes existantes<\/a><\/li><li class='ez-toc-page-1 ez-toc-heading-level-4'><a class=\"ez-toc-link ez-toc-heading-29\" href=\"https:\/\/rachat2credit.fr\/guide\/rachat-credit-interim\/#Marge_de_manoeuvre_financiere_renforcee\" >Marge de man\u0153uvre financi\u00e8re renforc\u00e9e<\/a><\/li><\/ul><\/li><\/ul><\/li><li class='ez-toc-page-1 ez-toc-heading-level-2'><a class=\"ez-toc-link ez-toc-heading-30\" href=\"https:\/\/rachat2credit.fr\/guide\/rachat-credit-interim\/#Processus_de_demande_de_rachat_de_credit_pour_interimaires\" >Processus de demande de rachat de cr\u00e9dit pour int\u00e9rimaires<\/a><ul class='ez-toc-list-level-3' ><li class='ez-toc-heading-level-3'><a class=\"ez-toc-link ez-toc-heading-31\" href=\"https:\/\/rachat2credit.fr\/guide\/rachat-credit-interim\/#Preparation_optimale_du_dossier\" >Pr\u00e9paration optimale du dossier<\/a><ul class='ez-toc-list-level-4' ><li class='ez-toc-heading-level-4'><a class=\"ez-toc-link ez-toc-heading-32\" href=\"https:\/\/rachat2credit.fr\/guide\/rachat-credit-interim\/#Documents_relatifs_a_la_situation_professionnelle\" >Documents relatifs \u00e0 la situation professionnelle<\/a><\/li><li class='ez-toc-page-1 ez-toc-heading-level-4'><a class=\"ez-toc-link ez-toc-heading-33\" href=\"https:\/\/rachat2credit.fr\/guide\/rachat-credit-interim\/#Justificatifs_de_revenus_et_didentite\" >Justificatifs de revenus et d&rsquo;identit\u00e9<\/a><\/li><li class='ez-toc-page-1 ez-toc-heading-level-4'><a class=\"ez-toc-link ez-toc-heading-34\" href=\"https:\/\/rachat2credit.fr\/guide\/rachat-credit-interim\/#Historique_des_contrats_dinterim\" >Historique des contrats d&rsquo;int\u00e9rim<\/a><\/li><\/ul><\/li><li class='ez-toc-page-1 ez-toc-heading-level-3'><a class=\"ez-toc-link ez-toc-heading-35\" href=\"https:\/\/rachat2credit.fr\/guide\/rachat-credit-interim\/#Recours_a_un_courtier_specialise\" >Recours \u00e0 un courtier sp\u00e9cialis\u00e9<\/a><ul class='ez-toc-list-level-4' ><li class='ez-toc-heading-level-4'><a class=\"ez-toc-link ez-toc-heading-36\" href=\"https:\/\/rachat2credit.fr\/guide\/rachat-credit-interim\/#Expertise_dans_laccompagnement_des_profils_interimaires\" >Expertise dans l&rsquo;accompagnement des profils int\u00e9rimaires<\/a><\/li><li class='ez-toc-page-1 ez-toc-heading-level-4'><a class=\"ez-toc-link ez-toc-heading-37\" href=\"https:\/\/rachat2credit.fr\/guide\/rachat-credit-interim\/#Acces_a_un_reseau_de_partenaires_bancaires_adaptes\" >Acc\u00e8s \u00e0 un r\u00e9seau de partenaires bancaires adapt\u00e9s<\/a><\/li><li class='ez-toc-page-1 ez-toc-heading-level-4'><a class=\"ez-toc-link ez-toc-heading-38\" href=\"https:\/\/rachat2credit.fr\/guide\/rachat-credit-interim\/#Optimisation_des_chances_dacceptation_du_dossier\" >Optimisation des chances d&rsquo;acceptation du dossier<\/a><\/li><\/ul><\/li><li class='ez-toc-page-1 ez-toc-heading-level-3'><a class=\"ez-toc-link ez-toc-heading-39\" href=\"https:\/\/rachat2credit.fr\/guide\/rachat-credit-interim\/#Simulation_et_comparaison_des_offres\" >Simulation et comparaison des offres<\/a><ul class='ez-toc-list-level-4' ><li class='ez-toc-heading-level-4'><a class=\"ez-toc-link ez-toc-heading-40\" href=\"https:\/\/rachat2credit.fr\/guide\/rachat-credit-interim\/#Outils_en_ligne_disponibles\" >Outils en ligne disponibles<\/a><\/li><li class='ez-toc-page-1 ez-toc-heading-level-4'><a class=\"ez-toc-link ez-toc-heading-41\" href=\"https:\/\/rachat2credit.fr\/guide\/rachat-credit-interim\/#Criteres_devaluation_pertinents\" >Crit\u00e8res d&rsquo;\u00e9valuation pertinents<\/a><\/li><li class='ez-toc-page-1 ez-toc-heading-level-4'><a class=\"ez-toc-link ez-toc-heading-42\" href=\"https:\/\/rachat2credit.fr\/guide\/rachat-credit-interim\/#Analyse_du_TAEG_et_des_conditions_contractuelles\" >Analyse du TAEG et des conditions contractuelles<\/a><\/li><\/ul><\/li><\/ul><\/li><li class='ez-toc-page-1 ez-toc-heading-level-2'><a class=\"ez-toc-link ez-toc-heading-43\" href=\"https:\/\/rachat2credit.fr\/guide\/rachat-credit-interim\/#Strategies_pour_renforcer_son_dossier_de_rachat_de_credit_en_tant_quinterimaire\" >Strat\u00e9gies pour renforcer son dossier de rachat de cr\u00e9dit en tant qu&rsquo;int\u00e9rimaire<\/a><ul class='ez-toc-list-level-3' ><li class='ez-toc-heading-level-3'><a class=\"ez-toc-link ez-toc-heading-44\" href=\"https:\/\/rachat2credit.fr\/guide\/rachat-credit-interim\/#Demontrer_sa_stabilite_professionnelle\" >D\u00e9montrer sa stabilit\u00e9 professionnelle<\/a><ul class='ez-toc-list-level-4' ><li class='ez-toc-heading-level-4'><a class=\"ez-toc-link ez-toc-heading-45\" href=\"https:\/\/rachat2credit.fr\/guide\/rachat-credit-interim\/#Valorisation_de_lexperience_dans_le_meme_secteur\" >Valorisation de l&rsquo;exp\u00e9rience dans le m\u00eame secteur<\/a><\/li><li class='ez-toc-page-1 ez-toc-heading-level-4'><a class=\"ez-toc-link ez-toc-heading-46\" href=\"https:\/\/rachat2credit.fr\/guide\/rachat-credit-interim\/#Presentation_des_missions_recurrentes\" >Pr\u00e9sentation des missions r\u00e9currentes<\/a><\/li><li class='ez-toc-page-1 ez-toc-heading-level-4'><a class=\"ez-toc-link ez-toc-heading-47\" href=\"https:\/\/rachat2credit.fr\/guide\/rachat-credit-interim\/#Mise_en_avant_des_competences_recherchees\" >Mise en avant des comp\u00e9tences recherch\u00e9es<\/a><\/li><\/ul><\/li><li class='ez-toc-page-1 ez-toc-heading-level-3'><a class=\"ez-toc-link ez-toc-heading-48\" href=\"https:\/\/rachat2credit.fr\/guide\/rachat-credit-interim\/#Optimiser_sa_situation_patrimoniale\" >Optimiser sa situation patrimoniale<\/a><ul class='ez-toc-list-level-4' ><li class='ez-toc-heading-level-4'><a class=\"ez-toc-link ez-toc-heading-49\" href=\"https:\/\/rachat2credit.fr\/guide\/rachat-credit-interim\/#Utilisation_dune_garantie_hypothecaire\" >Utilisation d&rsquo;une garantie hypoth\u00e9caire<\/a><\/li><li class='ez-toc-page-1 ez-toc-heading-level-4'><a class=\"ez-toc-link ez-toc-heading-50\" href=\"https:\/\/rachat2credit.fr\/guide\/rachat-credit-interim\/#Nantissement_dactifs_financiers\" >Nantissement d&rsquo;actifs financiers<\/a><\/li><li class='ez-toc-page-1 ez-toc-heading-level-4'><a class=\"ez-toc-link ez-toc-heading-51\" href=\"https:\/\/rachat2credit.fr\/guide\/rachat-credit-interim\/#Apport_personnel_pour_rassurer_les_preteurs\" >Apport personnel pour rassurer les pr\u00eateurs<\/a><\/li><\/ul><\/li><li class='ez-toc-page-1 ez-toc-heading-level-3'><a class=\"ez-toc-link ez-toc-heading-52\" href=\"https:\/\/rachat2credit.fr\/guide\/rachat-credit-interim\/#Choisir_le_moment_opportun_pour_sa_demande\" >Choisir le moment opportun pour sa demande<\/a><ul class='ez-toc-list-level-4' ><li class='ez-toc-heading-level-4'><a class=\"ez-toc-link ez-toc-heading-53\" href=\"https:\/\/rachat2credit.fr\/guide\/rachat-credit-interim\/#Periode_active_en_mission_dinterim\" >P\u00e9riode active en mission d&rsquo;int\u00e9rim<\/a><\/li><li class='ez-toc-page-1 ez-toc-heading-level-4'><a class=\"ez-toc-link ez-toc-heading-54\" href=\"https:\/\/rachat2credit.fr\/guide\/rachat-credit-interim\/#Apres_plusieurs_annees_dactivite_continue\" >Apr\u00e8s plusieurs ann\u00e9es d&rsquo;activit\u00e9 continue<\/a><\/li><li class='ez-toc-page-1 ez-toc-heading-level-4'><a class=\"ez-toc-link ez-toc-heading-55\" href=\"https:\/\/rachat2credit.fr\/guide\/rachat-credit-interim\/#En_phase_de_renouvellement_de_contrat\" >En phase de renouvellement de contrat<\/a><\/li><\/ul><\/li><\/ul><\/li><li class='ez-toc-page-1 ez-toc-heading-level-2'><a class=\"ez-toc-link ez-toc-heading-56\" href=\"https:\/\/rachat2credit.fr\/guide\/rachat-credit-interim\/#Solutions_specifiques_et_organismes_specialises\" >Solutions sp\u00e9cifiques et organismes sp\u00e9cialis\u00e9s<\/a><ul class='ez-toc-list-level-3' ><li class='ez-toc-heading-level-3'><a class=\"ez-toc-link ez-toc-heading-57\" href=\"https:\/\/rachat2credit.fr\/guide\/rachat-credit-interim\/#Les_etablissements_financiers_ouverts_aux_profils_interimaires\" >Les \u00e9tablissements financiers ouverts aux profils int\u00e9rimaires<\/a><ul class='ez-toc-list-level-4' ><li class='ez-toc-heading-level-4'><a class=\"ez-toc-link ez-toc-heading-58\" href=\"https:\/\/rachat2credit.fr\/guide\/rachat-credit-interim\/#Banques_traditionnelles_avec_offres_adaptees\" >Banques traditionnelles avec offres adapt\u00e9es<\/a><\/li><li class='ez-toc-page-1 ez-toc-heading-level-4'><a class=\"ez-toc-link ez-toc-heading-59\" href=\"https:\/\/rachat2credit.fr\/guide\/rachat-credit-interim\/#Organismes_de_credit_specialises\" >Organismes de cr\u00e9dit sp\u00e9cialis\u00e9s<\/a><\/li><li class='ez-toc-page-1 ez-toc-heading-level-4'><a class=\"ez-toc-link ez-toc-heading-60\" href=\"https:\/\/rachat2credit.fr\/guide\/rachat-credit-interim\/#Plateformes_de_financement_alternatif\" >Plateformes de financement alternatif<\/a><\/li><\/ul><\/li><li class='ez-toc-page-1 ez-toc-heading-level-3'><a class=\"ez-toc-link ez-toc-heading-61\" href=\"https:\/\/rachat2credit.fr\/guide\/rachat-credit-interim\/#Le_FASTT_Fonds_dAction_Sociale_du_Travail_Temporaire\" >Le FASTT (Fonds d&rsquo;Action Sociale du Travail Temporaire)<\/a><ul class='ez-toc-list-level-4' ><li class='ez-toc-heading-level-4'><a class=\"ez-toc-link ez-toc-heading-62\" href=\"https:\/\/rachat2credit.fr\/guide\/rachat-credit-interim\/#Accompagnement_dedie_aux_interimaires\" >Accompagnement d\u00e9di\u00e9 aux int\u00e9rimaires<\/a><\/li><li class='ez-toc-page-1 ez-toc-heading-level-4'><a class=\"ez-toc-link ez-toc-heading-63\" href=\"https:\/\/rachat2credit.fr\/guide\/rachat-credit-interim\/#Services_daide_a_la_constitution_du_dossier\" >Services d&rsquo;aide \u00e0 la constitution du dossier<\/a><\/li><li class='ez-toc-page-1 ez-toc-heading-level-4'><a class=\"ez-toc-link ez-toc-heading-64\" href=\"https:\/\/rachat2credit.fr\/guide\/rachat-credit-interim\/#Solutions_de_microcredit_complementaires\" >Solutions de microcr\u00e9dit compl\u00e9mentaires<\/a><\/li><\/ul><\/li><li class='ez-toc-page-1 ez-toc-heading-level-3'><a class=\"ez-toc-link ez-toc-heading-65\" href=\"https:\/\/rachat2credit.fr\/guide\/rachat-credit-interim\/#Le_CDI_interimaire_un_atout_pour_le_rachat_de_credit\" >Le CDI int\u00e9rimaire : un atout pour le rachat de cr\u00e9dit<\/a><ul class='ez-toc-list-level-4' ><li class='ez-toc-heading-level-4'><a class=\"ez-toc-link ez-toc-heading-66\" href=\"https:\/\/rachat2credit.fr\/guide\/rachat-credit-interim\/#Caracteristiques_de_ce_statut_hybride\" >Caract\u00e9ristiques de ce statut hybride<\/a><\/li><li class='ez-toc-page-1 ez-toc-heading-level-4'><a class=\"ez-toc-link ez-toc-heading-67\" href=\"https:\/\/rachat2credit.fr\/guide\/rachat-credit-interim\/#Avantages_en_termes_de_garanties_bancaires\" >Avantages en termes de garanties bancaires<\/a><\/li><li class='ez-toc-page-1 ez-toc-heading-level-4'><a class=\"ez-toc-link ez-toc-heading-68\" href=\"https:\/\/rachat2credit.fr\/guide\/rachat-credit-interim\/#Impact_sur_lacceptation_du_dossier\" >Impact sur l&rsquo;acceptation du dossier<\/a><\/li><\/ul><\/li><\/ul><\/li><li class='ez-toc-page-1 ez-toc-heading-level-2'><a class=\"ez-toc-link ez-toc-heading-69\" href=\"https:\/\/rachat2credit.fr\/guide\/rachat-credit-interim\/#Precautions_et_points_de_vigilance\" >Pr\u00e9cautions et points de vigilance<\/a><ul class='ez-toc-list-level-3' ><li class='ez-toc-heading-level-3'><a class=\"ez-toc-link ez-toc-heading-70\" href=\"https:\/\/rachat2credit.fr\/guide\/rachat-credit-interim\/#Analyse_prealable_de_sa_capacite_de_remboursement\" >Analyse pr\u00e9alable de sa capacit\u00e9 de remboursement<\/a><ul class='ez-toc-list-level-4' ><li class='ez-toc-heading-level-4'><a class=\"ez-toc-link ez-toc-heading-71\" href=\"https:\/\/rachat2credit.fr\/guide\/rachat-credit-interim\/#Evaluation_realiste_des_revenus_futurs\" >\u00c9valuation r\u00e9aliste des revenus futurs<\/a><\/li><li class='ez-toc-page-1 ez-toc-heading-level-4'><a class=\"ez-toc-link ez-toc-heading-72\" href=\"https:\/\/rachat2credit.fr\/guide\/rachat-credit-interim\/#Prise_en_compte_des_periodes_potentielles_sans_mission\" >Prise en compte des p\u00e9riodes potentielles sans mission<\/a><\/li><li class='ez-toc-page-1 ez-toc-heading-level-4'><a class=\"ez-toc-link ez-toc-heading-73\" href=\"https:\/\/rachat2credit.fr\/guide\/rachat-credit-interim\/#Maintien_dune_reserve_de_securite_financiere\" >Maintien d&rsquo;une r\u00e9serve de s\u00e9curit\u00e9 financi\u00e8re<\/a><\/li><\/ul><\/li><li class='ez-toc-page-1 ez-toc-heading-level-3'><a class=\"ez-toc-link ez-toc-heading-74\" href=\"https:\/\/rachat2credit.fr\/guide\/rachat-credit-interim\/#Lecture_attentive_des_conditions_contractuelles\" >Lecture attentive des conditions contractuelles<\/a><ul class='ez-toc-list-level-4' ><li class='ez-toc-heading-level-4'><a class=\"ez-toc-link ez-toc-heading-75\" href=\"https:\/\/rachat2credit.fr\/guide\/rachat-credit-interim\/#Clauses_specifiques_liees_au_statut_dinterimaire\" >Clauses sp\u00e9cifiques li\u00e9es au statut d&rsquo;int\u00e9rimaire<\/a><\/li><li class='ez-toc-page-1 ez-toc-heading-level-4'><a class=\"ez-toc-link ez-toc-heading-76\" href=\"https:\/\/rachat2credit.fr\/guide\/rachat-credit-interim\/#Assurances_associees_au_pret\" >Assurances associ\u00e9es au pr\u00eat<\/a><\/li><li class='ez-toc-page-1 ez-toc-heading-level-4'><a class=\"ez-toc-link ez-toc-heading-77\" href=\"https:\/\/rachat2credit.fr\/guide\/rachat-credit-interim\/#Frais_annexes_et_cout_total_du_credit\" >Frais annexes et co\u00fbt total du cr\u00e9dit<\/a><\/li><\/ul><\/li><li class='ez-toc-page-1 ez-toc-heading-level-3'><a class=\"ez-toc-link ez-toc-heading-78\" href=\"https:\/\/rachat2credit.fr\/guide\/rachat-credit-interim\/#Alternatives_a_considerer_en_cas_de_refus\" >Alternatives \u00e0 consid\u00e9rer en cas de refus<\/a><ul class='ez-toc-list-level-4' ><li class='ez-toc-heading-level-4'><a class=\"ez-toc-link ez-toc-heading-79\" href=\"https:\/\/rachat2credit.fr\/guide\/rachat-credit-interim\/#Mediation_bancaire\" >M\u00e9diation bancaire<\/a><\/li><li class='ez-toc-page-1 ez-toc-heading-level-4'><a class=\"ez-toc-link ez-toc-heading-80\" href=\"https:\/\/rachat2credit.fr\/guide\/rachat-credit-interim\/#Renegociation_directe_avec_les_creanciers_actuels\" >Ren\u00e9gociation directe avec les cr\u00e9anciers actuels<\/a><\/li><li class='ez-toc-page-1 ez-toc-heading-level-4'><a class=\"ez-toc-link ez-toc-heading-81\" href=\"https:\/\/rachat2credit.fr\/guide\/rachat-credit-interim\/#Plans_dapurement_progressif_des_dettes\" >Plans d&rsquo;apurement progressif des dettes<\/a><\/li><\/ul><\/li><\/ul><\/li><li class='ez-toc-page-1 ez-toc-heading-level-2'><a class=\"ez-toc-link ez-toc-heading-82\" href=\"https:\/\/rachat2credit.fr\/guide\/rachat-credit-interim\/#Optimiser_ses_chances_dobtenir_un_rachat_de_credit_en_tant_quinterimaire\" >Optimiser ses chances d&rsquo;obtenir un rachat de cr\u00e9dit en tant qu&rsquo;int\u00e9rimaire<\/a><\/li><\/ul><\/nav><\/div>\n<h2 class=\"wp-block-heading\"><span class=\"ez-toc-section\" id=\"Points_cles_a_retenir\"><\/span>Points cl\u00e9s \u00e0 retenir<span class=\"ez-toc-section-end\"><\/span><\/h2>\n\n\n\n<figure class=\"wp-block-table\"><table class=\"has-fixed-layout\"><thead><tr><th>Crit\u00e8re<\/th><th>Informations essentielles<\/th><\/tr><\/thead><tbody><tr><td>\u00c9ligibilit\u00e9 professionnelle<\/td><td>\u2022 Minimum 12-18 mois d&rsquo;anciennet\u00e9 dans l&rsquo;int\u00e9rim&lt;br&gt;\u2022 Continuit\u00e9 des missions (id\u00e9alement moins de 15 jours entre contrats)&lt;br&gt;\u2022 Secteur d&rsquo;activit\u00e9 stable et porteur<\/td><\/tr><tr><td>Renforcement du dossier<\/td><td>\u2022 Co-emprunteur en CDI fortement valoris\u00e9&lt;br&gt;\u2022 Apport personnel ou garantie (bien immobilier)&lt;br&gt;\u2022 Absence de fichage bancaire (FICP\/FCC)<\/td><\/tr><tr><td>Avantages principaux<\/td><td>\u2022 Mensualit\u00e9s adapt\u00e9es aux fluctuations de revenus&lt;br&gt;\u2022 Regroupement de cr\u00e9dits en une seule \u00e9ch\u00e9ance&lt;br&gt;\u2022 Tr\u00e9sorerie additionnelle possible<\/td><\/tr><tr><td>Organismes sp\u00e9cialis\u00e9s<\/td><td>\u2022 Courtiers experts en profils atypiques&lt;br&gt;\u2022 FASTT (accompagnement d\u00e9di\u00e9)&lt;br&gt;\u2022 \u00c9tablissements financiers alternatifs<\/td><\/tr><\/tbody><\/table><\/figure>\n\n\n\n<h2 class=\"wp-block-heading\"><span class=\"ez-toc-section\" id=\"Definition_et_principe_du_rachat_de_credit_pour_travailleurs_interimaires\"><\/span>D\u00e9finition et principe du rachat de cr\u00e9dit pour travailleurs int\u00e9rimaires<span class=\"ez-toc-section-end\"><\/span><\/h2>\n\n\n\n<p>Le rachat de cr\u00e9dit, \u00e9galement appel\u00e9 <strong>regroupement de cr\u00e9dits<\/strong> ou <strong>consolidation de dettes<\/strong>, permet de fusionner plusieurs engagements financiers en un seul pr\u00eat. Cette op\u00e9ration vise principalement la <strong>r\u00e9duction du montant des mensualit\u00e9s<\/strong> gr\u00e2ce \u00e0 un allongement de la dur\u00e9e de remboursement et potentiellement \u00e0 l&rsquo;obtention d&rsquo;un taux d&rsquo;int\u00e9r\u00eat plus avantageux.<\/p>\n\n\n\n<p>Pour les int\u00e9rimaires, cette solution r\u00e9pond \u00e0 des probl\u00e9matiques sp\u00e9cifiques li\u00e9es \u00e0 la <em>variabilit\u00e9 des revenus<\/em> et \u00e0 la <em>discontinuit\u00e9 potentielle entre les missions<\/em>. Le rachat de cr\u00e9dit s&rsquo;adapte \u00e0 cette r\u00e9alit\u00e9 en proposant une restructuration de la dette compatible avec les particularit\u00e9s de ce statut professionnel.<\/p>\n\n\n\n<h3 class=\"wp-block-heading\"><span class=\"ez-toc-section\" id=\"Les_enjeux_specifiques_du_statut_dinterimaire\"><\/span>Les enjeux sp\u00e9cifiques du statut d&rsquo;int\u00e9rimaire<span class=\"ez-toc-section-end\"><\/span><\/h3>\n\n\n\n<p>Le travail temporaire pr\u00e9sente des caract\u00e9ristiques qui influencent directement l&rsquo;analyse de risque effectu\u00e9e par les \u00e9tablissements financiers :<\/p>\n\n\n\n<ul class=\"wp-block-list\">\n<li><strong>Fluctuation des revenus<\/strong> entre les p\u00e9riodes d&rsquo;activit\u00e9 et d&rsquo;inactivit\u00e9<\/li>\n\n\n\n<li><em>Incertitude relative<\/em> concernant le renouvellement des missions<\/li>\n\n\n\n<li><strong>Multiplicit\u00e9 des employeurs<\/strong> sur une p\u00e9riode donn\u00e9e<\/li>\n\n\n\n<li><em>Variabilit\u00e9 des contrats<\/em> en termes de dur\u00e9e et de r\u00e9mun\u00e9ration<\/li>\n<\/ul>\n\n\n\n<p>Ces particularit\u00e9s exigent une approche diff\u00e9renci\u00e9e de la part des organismes pr\u00eateurs, qui doivent adapter leurs crit\u00e8res d&rsquo;\u00e9valuation habituels pour prendre en compte la r\u00e9alit\u00e9 professionnelle des travailleurs int\u00e9rimaires.<\/p>\n\n\n\n<h2 class=\"wp-block-heading\"><span class=\"ez-toc-section\" id=\"Criteres_deligibilite_au_rachat_de_credit_pour_interimaires\"><\/span>Crit\u00e8res d&rsquo;\u00e9ligibilit\u00e9 au rachat de cr\u00e9dit pour int\u00e9rimaires<span class=\"ez-toc-section-end\"><\/span><\/h2>\n\n\n\n<h3 class=\"wp-block-heading\"><span class=\"ez-toc-section\" id=\"Conditions_professionnelles_exigees\"><\/span>Conditions professionnelles exig\u00e9es<span class=\"ez-toc-section-end\"><\/span><\/h3>\n\n\n\n<h4 class=\"wp-block-heading\"><span class=\"ez-toc-section\" id=\"Anciennete_requise_dans_le_secteur_interimaire\"><\/span>Anciennet\u00e9 requise dans le secteur int\u00e9rimaire<span class=\"ez-toc-section-end\"><\/span><\/h4>\n\n\n\n<p>Les \u00e9tablissements financiers attendent g\u00e9n\u00e9ralement une <strong>exp\u00e9rience minimale de 12 \u00e0 18 mois<\/strong> dans le travail temporaire. Cette dur\u00e9e t\u00e9moigne d&rsquo;une capacit\u00e9 \u00e0 s&rsquo;int\u00e9grer durablement dans ce mode de fonctionnement professionnel et constitue un indicateur de stabilit\u00e9 pour les pr\u00eateurs.<\/p>\n\n\n\n<h4 class=\"wp-block-heading\"><span class=\"ez-toc-section\" id=\"Continuite_des_missions_et_stabilite_professionnelle\"><\/span>Continuit\u00e9 des missions et stabilit\u00e9 professionnelle<span class=\"ez-toc-section-end\"><\/span><\/h4>\n\n\n\n<p>La r\u00e9gularit\u00e9 des contrats repr\u00e9sente un crit\u00e8re d\u00e9terminant. Les organismes pr\u00eateurs analysent :<\/p>\n\n\n\n<ul class=\"wp-block-list\">\n<li>Le <strong>temps moyen entre deux missions<\/strong> (id\u00e9alement inf\u00e9rieur \u00e0 15 jours)<\/li>\n\n\n\n<li>La <em>r\u00e9currence des collaborations<\/em> avec les m\u00eames entreprises utilisatrices<\/li>\n\n\n\n<li>Le <strong>cumul annuel de jours travaill\u00e9s<\/strong> (minimum 8 \u00e0 10 mois par an)<\/li>\n\n\n\n<li>L&rsquo;\u00e9volution de la <em>r\u00e9mun\u00e9ration<\/em> sur les derni\u00e8res ann\u00e9es<\/li>\n<\/ul>\n\n\n\n<p>Un parcours d\u00e9montrant une progression constante et des p\u00e9riodes d&rsquo;inactivit\u00e9 limit\u00e9es renforce consid\u00e9rablement la cr\u00e9dibilit\u00e9 du dossier.<\/p>\n\n\n\n<h4 class=\"wp-block-heading\"><span class=\"ez-toc-section\" id=\"Importance_des_revenus_reguliers\"><\/span>Importance des revenus r\u00e9guliers<span class=\"ez-toc-section-end\"><\/span><\/h4>\n\n\n\n<p>Au-del\u00e0 du montant des revenus, leur <em>pr\u00e9visibilit\u00e9<\/em> joue un r\u00f4le essentiel. Les organismes financiers privil\u00e9gient :<\/p>\n\n\n\n<ul class=\"wp-block-list\">\n<li>Les int\u00e9rimaires \u00e9voluant dans des <strong>secteurs d&rsquo;activit\u00e9 porteurs<\/strong><\/li>\n\n\n\n<li>Les profils disposant de <strong>comp\u00e9tences recherch\u00e9es<\/strong> sur le march\u00e9<\/li>\n\n\n\n<li>Les travailleurs temporaires b\u00e9n\u00e9ficiant d&rsquo;un <strong>planning pr\u00e9visionnel de missions<\/strong><\/li>\n<\/ul>\n\n\n\n<h3 class=\"wp-block-heading\"><span class=\"ez-toc-section\" id=\"Situation_financiere_et_bancaire_a_optimiser\"><\/span>Situation financi\u00e8re et bancaire \u00e0 optimiser<span class=\"ez-toc-section-end\"><\/span><\/h3>\n\n\n\n<h4 class=\"wp-block-heading\"><span class=\"ez-toc-section\" id=\"Taux_dendettement_acceptable\"><\/span>Taux d&rsquo;endettement acceptable<span class=\"ez-toc-section-end\"><\/span><\/h4>\n\n\n\n<p>Le ratio d&rsquo;endettement constitue un indicateur incontournable dans l&rsquo;analyse du dossier. Pour les int\u00e9rimaires, les \u00e9tablissements appliquent g\u00e9n\u00e9ralement une <strong>marge de s\u00e9curit\u00e9 suppl\u00e9mentaire<\/strong> par rapport aux emprunteurs en CDI :<\/p>\n\n\n\n<ul class=\"wp-block-list\">\n<li>Taux d&rsquo;endettement maximum apr\u00e8s rachat : g\u00e9n\u00e9ralement <strong>30-33%<\/strong> (contre 35-40% pour un CDI)<\/li>\n\n\n\n<li>Calcul bas\u00e9 sur une <em>moyenne des revenus<\/em> des 12 derniers mois<\/li>\n\n\n\n<li><strong>Reste \u00e0 vivre<\/strong> \u00e9valu\u00e9 avec une attention particuli\u00e8re<\/li>\n<\/ul>\n\n\n\n<h4 class=\"wp-block-heading\"><span class=\"ez-toc-section\" id=\"Gestion_rigoureuse_des_comptes_bancaires\"><\/span>Gestion rigoureuse des comptes bancaires<span class=\"ez-toc-section-end\"><\/span><\/h4>\n\n\n\n<p>L&rsquo;historique bancaire fait l&rsquo;objet d&rsquo;un examen approfondi. Sont particuli\u00e8rement valoris\u00e9s :<\/p>\n\n\n\n<ul class=\"wp-block-list\">\n<li>L&rsquo;<strong>absence d&rsquo;incidents de paiement<\/strong> (rejets de pr\u00e9l\u00e8vement, d\u00e9couverts non autoris\u00e9s)<\/li>\n\n\n\n<li>Une <em>gestion \u00e9quilibr\u00e9e<\/em> du compte courant<\/li>\n\n\n\n<li>Le <strong>respect des engagements<\/strong> financiers ant\u00e9rieurs<\/li>\n<\/ul>\n\n\n\n<h4 class=\"wp-block-heading\"><span class=\"ez-toc-section\" id=\"Absence_de_fichage_FICP_FCC\"><\/span>Absence de fichage (FICP, FCC)<span class=\"ez-toc-section-end\"><\/span><\/h4>\n\n\n\n<p>L&rsquo;inscription aux fichiers bancaires constitue g\u00e9n\u00e9ralement un obstacle majeur :<\/p>\n\n\n\n<ul class=\"wp-block-list\">\n<li><strong>Fichier des Incidents de remboursement des Cr\u00e9dits aux Particuliers<\/strong> (FICP)<\/li>\n\n\n\n<li><em>Fichier Central des Ch\u00e8ques<\/em> (FCC)<\/li>\n<\/ul>\n\n\n\n<p>Certains \u00e9tablissements sp\u00e9cialis\u00e9s peuvent n\u00e9anmoins \u00e9tudier les dossiers de personnes fich\u00e9es, sous conditions sp\u00e9cifiques et moyennant des garanties renforc\u00e9es.<\/p>\n\n\n\n<h3 class=\"wp-block-heading\"><span class=\"ez-toc-section\" id=\"Le_role_determinant_du_co-emprunteur\"><\/span>Le r\u00f4le d\u00e9terminant du co-emprunteur<span class=\"ez-toc-section-end\"><\/span><\/h3>\n\n\n\n<h4 class=\"wp-block-heading\"><span class=\"ez-toc-section\" id=\"Avantages_dun_co-emprunteur_en_CDI\"><\/span>Avantages d&rsquo;un co-emprunteur en CDI<span class=\"ez-toc-section-end\"><\/span><\/h4>\n\n\n\n<p>La pr\u00e9sence d&rsquo;un co-emprunteur b\u00e9n\u00e9ficiant d&rsquo;un contrat \u00e0 dur\u00e9e ind\u00e9termin\u00e9e repr\u00e9sente un <strong>atout consid\u00e9rable<\/strong> pour le dossier de rachat de cr\u00e9dit. Cette configuration offre :<\/p>\n\n\n\n<ul class=\"wp-block-list\">\n<li>Une <em>s\u00e9curisation des revenus<\/em> du m\u00e9nage<\/li>\n\n\n\n<li>Une <strong>r\u00e9duction significative du risque<\/strong> per\u00e7u par l&rsquo;\u00e9tablissement pr\u00eateur<\/li>\n\n\n\n<li>Un <em>\u00e9largissement des offres<\/em> accessibles<\/li>\n<\/ul>\n\n\n\n<h4 class=\"wp-block-heading\"><span class=\"ez-toc-section\" id=\"Autres_profils_de_co-emprunteurs_acceptes\"><\/span>Autres profils de co-emprunteurs accept\u00e9s<span class=\"ez-toc-section-end\"><\/span><\/h4>\n\n\n\n<p>D&rsquo;autres statuts professionnels peuvent \u00e9galement renforcer la demande :<\/p>\n\n\n\n<ul class=\"wp-block-list\">\n<li>Fonctionnaires<\/li>\n\n\n\n<li>Professions lib\u00e9rales \u00e9tablies<\/li>\n\n\n\n<li>Retrait\u00e9s disposant de revenus stables<\/li>\n<\/ul>\n\n\n\n<h4 class=\"wp-block-heading\"><span class=\"ez-toc-section\" id=\"Solutions_alternatives_sans_co-emprunteur\"><\/span>Solutions alternatives sans co-emprunteur<span class=\"ez-toc-section-end\"><\/span><\/h4>\n\n\n\n<p>En l&rsquo;absence de co-emprunteur, plusieurs approches permettent de consolider le dossier :<\/p>\n\n\n\n<ul class=\"wp-block-list\">\n<li>Pr\u00e9sentation d&rsquo;une <strong>garantie hypoth\u00e9caire<\/strong><\/li>\n\n\n\n<li>Constitution d&rsquo;un <em>apport personnel significatif<\/em><\/li>\n\n\n\n<li>Nantissement d&rsquo;<strong>actifs financiers<\/strong> (assurance-vie, portefeuille de valeurs mobili\u00e8res)<\/li>\n<\/ul>\n\n\n\n<h2 class=\"wp-block-heading\"><span class=\"ez-toc-section\" id=\"Avantages_specifiques_du_rachat_de_credit_pour_les_interimaires\"><\/span>Avantages sp\u00e9cifiques du rachat de cr\u00e9dit pour les int\u00e9rimaires<span class=\"ez-toc-section-end\"><\/span><\/h2>\n\n\n\n<h3 class=\"wp-block-heading\"><span class=\"ez-toc-section\" id=\"Reduction_des_mensualites_adaptee_aux_variations_de_revenus\"><\/span>R\u00e9duction des mensualit\u00e9s adapt\u00e9e aux variations de revenus<span class=\"ez-toc-section-end\"><\/span><\/h3>\n\n\n\n<h4 class=\"wp-block-heading\"><span class=\"ez-toc-section\" id=\"Ajustement_du_montant_des_remboursements\"><\/span>Ajustement du montant des remboursements<span class=\"ez-toc-section-end\"><\/span><\/h4>\n\n\n\n<p>Le rachat de cr\u00e9dit permet d&rsquo;obtenir des mensualit\u00e9s en ad\u00e9quation avec la r\u00e9alit\u00e9 professionnelle des int\u00e9rimaires. Cette restructuration facilite :<\/p>\n\n\n\n<ul class=\"wp-block-list\">\n<li>L&rsquo;<strong>alignement des \u00e9ch\u00e9ances<\/strong> sur les capacit\u00e9s r\u00e9elles de remboursement<\/li>\n\n\n\n<li>La <em>diminution de la pression financi\u00e8re<\/em> pendant les p\u00e9riodes d&rsquo;inactivit\u00e9<\/li>\n\n\n\n<li>Un <strong>\u00e9quilibre budg\u00e9taire<\/strong> plus p\u00e9renne<\/li>\n<\/ul>\n\n\n\n<h4 class=\"wp-block-heading\"><span class=\"ez-toc-section\" id=\"Allongement_de_la_duree_du_credit\"><\/span>Allongement de la dur\u00e9e du cr\u00e9dit<span class=\"ez-toc-section-end\"><\/span><\/h4>\n\n\n\n<p>L&rsquo;extension de la p\u00e9riode de remboursement constitue un levier majeur pour r\u00e9duire le montant des mensualit\u00e9s :<\/p>\n\n\n\n<ul class=\"wp-block-list\">\n<li>Dur\u00e9es pouvant atteindre <strong>12 \u00e0 15 ans<\/strong> selon le profil<\/li>\n\n\n\n<li><em>Impact direct<\/em> sur la charge mensuelle<\/li>\n\n\n\n<li><strong>Souplesse accrue<\/strong> face aux al\u00e9as professionnels<\/li>\n<\/ul>\n\n\n\n<h4 class=\"wp-block-heading\"><span class=\"ez-toc-section\" id=\"Lissage_des_charges_financieres\"><\/span>Lissage des charges financi\u00e8res<span class=\"ez-toc-section-end\"><\/span><\/h4>\n\n\n\n<p>La r\u00e9organisation de la dette permet d&rsquo;harmoniser les remboursements sur l&rsquo;ensemble de l&rsquo;ann\u00e9e, ind\u00e9pendamment des fluctuations d&rsquo;activit\u00e9.<\/p>\n\n\n\n<h3 class=\"wp-block-heading\"><span class=\"ez-toc-section\" id=\"Simplification_de_la_gestion_budgetaire\"><\/span>Simplification de la gestion budg\u00e9taire<span class=\"ez-toc-section-end\"><\/span><\/h3>\n\n\n\n<h4 class=\"wp-block-heading\"><span class=\"ez-toc-section\" id=\"Unification_des_echeances\"><\/span>Unification des \u00e9ch\u00e9ances<span class=\"ez-toc-section-end\"><\/span><\/h4>\n\n\n\n<p>Le regroupement des cr\u00e9dits en un seul engagement pr\u00e9sente des avantages organisationnels significatifs :<\/p>\n\n\n\n<ul class=\"wp-block-list\">\n<li><strong>R\u00e9duction du nombre d&rsquo;interlocuteurs<\/strong> financiers<\/li>\n\n\n\n<li><em>Simplification du suivi<\/em> des remboursements<\/li>\n\n\n\n<li><strong>Clarification de la situation d&rsquo;endettement<\/strong> globale<\/li>\n<\/ul>\n\n\n\n<h4 class=\"wp-block-heading\"><span class=\"ez-toc-section\" id=\"Choix_de_la_date_de_prelevement\"><\/span>Choix de la date de pr\u00e9l\u00e8vement<span class=\"ez-toc-section-end\"><\/span><\/h4>\n\n\n\n<p>La possibilit\u00e9 de d\u00e9terminer la date de pr\u00e9l\u00e8vement mensuel constitue un atout particuli\u00e8rement adapt\u00e9 aux sp\u00e9cificit\u00e9s du travail int\u00e9rimaire :<\/p>\n\n\n\n<ul class=\"wp-block-list\">\n<li>Synchronisation avec les <em>p\u00e9riodes de r\u00e9mun\u00e9ration<\/em><\/li>\n\n\n\n<li><strong>Adaptation aux cycles d&rsquo;activit\u00e9<\/strong> professionnelle<\/li>\n\n\n\n<li>Optimisation de la <em>gestion de tr\u00e9sorerie<\/em> personnelle<\/li>\n<\/ul>\n\n\n\n<h4 class=\"wp-block-heading\"><span class=\"ez-toc-section\" id=\"Meilleure_visibilite_financiere\"><\/span>Meilleure visibilit\u00e9 financi\u00e8re<span class=\"ez-toc-section-end\"><\/span><\/h4>\n\n\n\n<p>La consolidation des dettes apporte une transparence accrue sur la situation financi\u00e8re :<\/p>\n\n\n\n<ul class=\"wp-block-list\">\n<li><strong>\u00c9ch\u00e9ance unique<\/strong> \u00e0 montant constant<\/li>\n\n\n\n<li><em>Plan de remboursement<\/em> clairement d\u00e9fini<\/li>\n\n\n\n<li><strong>Horizon de d\u00e9sendettement<\/strong> pr\u00e9cis\u00e9ment identifi\u00e9<\/li>\n<\/ul>\n\n\n\n<h3 class=\"wp-block-heading\"><span class=\"ez-toc-section\" id=\"Acces_a_une_tresorerie_supplementaire\"><\/span>Acc\u00e8s \u00e0 une tr\u00e9sorerie suppl\u00e9mentaire<span class=\"ez-toc-section-end\"><\/span><\/h3>\n\n\n\n<h4 class=\"wp-block-heading\"><span class=\"ez-toc-section\" id=\"Financement_de_nouveaux_projets\"><\/span>Financement de nouveaux projets<span class=\"ez-toc-section-end\"><\/span><\/h4>\n\n\n\n<p>Le rachat de cr\u00e9dit peut inclure une enveloppe additionnelle destin\u00e9e \u00e0 concr\u00e9tiser de nouveaux objectifs :<\/p>\n\n\n\n<ul class=\"wp-block-list\">\n<li>Acquisition d&rsquo;un <em>v\u00e9hicule<\/em> (souvent indispensable pour les missions d&rsquo;int\u00e9rim)<\/li>\n\n\n\n<li><strong>Travaux d&rsquo;am\u00e9lioration<\/strong> du logement<\/li>\n\n\n\n<li>Constitution d&rsquo;une <em>r\u00e9serve de s\u00e9curit\u00e9<\/em> financi\u00e8re<\/li>\n<\/ul>\n\n\n\n<h4 class=\"wp-block-heading\"><span class=\"ez-toc-section\" id=\"Consolidation_des_dettes_existantes\"><\/span>Consolidation des dettes existantes<span class=\"ez-toc-section-end\"><\/span><\/h4>\n\n\n\n<p>L&rsquo;op\u00e9ration permet d&rsquo;int\u00e9grer l&rsquo;ensemble des engagements, y compris ceux habituellement difficiles \u00e0 restructurer :<\/p>\n\n\n\n<ul class=\"wp-block-list\">\n<li><strong>D\u00e9couverts bancaires<\/strong> chroniques<\/li>\n\n\n\n<li><em>Cr\u00e9dits renouvelables<\/em> \u00e0 taux \u00e9lev\u00e9s<\/li>\n\n\n\n<li><strong>Dettes fiscales<\/strong> ou charges impay\u00e9es<\/li>\n<\/ul>\n\n\n\n<h4 class=\"wp-block-heading\"><span class=\"ez-toc-section\" id=\"Marge_de_manoeuvre_financiere_renforcee\"><\/span>Marge de man\u0153uvre financi\u00e8re renforc\u00e9e<span class=\"ez-toc-section-end\"><\/span><\/h4>\n\n\n\n<p>La r\u00e9duction des mensualit\u00e9s lib\u00e8re un pouvoir d&rsquo;achat imm\u00e9diat qui peut \u00eatre allou\u00e9 \u00e0 :<\/p>\n\n\n\n<ul class=\"wp-block-list\">\n<li>La <strong>reconstitution d&rsquo;une \u00e9pargne<\/strong> de pr\u00e9caution<\/li>\n\n\n\n<li>L&rsquo;<em>am\u00e9lioration du quotidien<\/em><\/li>\n\n\n\n<li>La <strong>pr\u00e9paration de transitions professionnelles<\/strong><\/li>\n<\/ul>\n\n\n\n<h2 class=\"wp-block-heading\"><span class=\"ez-toc-section\" id=\"Processus_de_demande_de_rachat_de_credit_pour_interimaires\"><\/span>Processus de demande de rachat de cr\u00e9dit pour int\u00e9rimaires<span class=\"ez-toc-section-end\"><\/span><\/h2>\n\n\n\n<h3 class=\"wp-block-heading\"><span class=\"ez-toc-section\" id=\"Preparation_optimale_du_dossier\"><\/span>Pr\u00e9paration optimale du dossier<span class=\"ez-toc-section-end\"><\/span><\/h3>\n\n\n\n<h4 class=\"wp-block-heading\"><span class=\"ez-toc-section\" id=\"Documents_relatifs_a_la_situation_professionnelle\"><\/span>Documents relatifs \u00e0 la situation professionnelle<span class=\"ez-toc-section-end\"><\/span><\/h4>\n\n\n\n<p>La constitution d&rsquo;un dossier complet et structur\u00e9 augmente significativement les chances d&rsquo;acceptation :<\/p>\n\n\n\n<ul class=\"wp-block-list\">\n<li><strong>Contrats de mission<\/strong> des 12-24 derniers mois<\/li>\n\n\n\n<li><em>Attestations P\u00f4le Emploi<\/em> des p\u00e9riodes d&rsquo;intermission<\/li>\n\n\n\n<li><strong>Certificats de travail<\/strong> des employeurs<\/li>\n\n\n\n<li><em>Relev\u00e9s d&rsquo;activit\u00e9<\/em> fournis par les agences d&rsquo;int\u00e9rim<\/li>\n<\/ul>\n\n\n\n<h4 class=\"wp-block-heading\"><span class=\"ez-toc-section\" id=\"Justificatifs_de_revenus_et_didentite\"><\/span>Justificatifs de revenus et d&rsquo;identit\u00e9<span class=\"ez-toc-section-end\"><\/span><\/h4>\n\n\n\n<p>Les documents financiers font l&rsquo;objet d&rsquo;une attention particuli\u00e8re :<\/p>\n\n\n\n<ul class=\"wp-block-list\">\n<li><strong>Avis d&rsquo;imposition<\/strong> des deux derni\u00e8res ann\u00e9es<\/li>\n\n\n\n<li><em>Bulletins de salaire<\/em> des 12 derniers mois<\/li>\n\n\n\n<li><strong>Justificatifs d&rsquo;allocations<\/strong> compl\u00e9mentaires \u00e9ventuelles<\/li>\n\n\n\n<li><em>Pi\u00e8ces d&rsquo;identit\u00e9<\/em> et justificatifs de domicile<\/li>\n<\/ul>\n\n\n\n<h4 class=\"wp-block-heading\"><span class=\"ez-toc-section\" id=\"Historique_des_contrats_dinterim\"><\/span>Historique des contrats d&rsquo;int\u00e9rim<span class=\"ez-toc-section-end\"><\/span><\/h4>\n\n\n\n<p>La pr\u00e9sentation d\u00e9taill\u00e9e du parcours professionnel permet de valoriser la stabilit\u00e9 dans le travail temporaire :<\/p>\n\n\n\n<ul class=\"wp-block-list\">\n<li><strong>Tableau r\u00e9capitulatif<\/strong> des missions (dur\u00e9es, employeurs, secteurs)<\/li>\n\n\n\n<li><em>Attestations de comp\u00e9tences<\/em> ou qualifications obtenues<\/li>\n\n\n\n<li><strong>Lettres de recommandation<\/strong> des entreprises utilisatrices<\/li>\n<\/ul>\n\n\n\n<h3 class=\"wp-block-heading\"><span class=\"ez-toc-section\" id=\"Recours_a_un_courtier_specialise\"><\/span>Recours \u00e0 un courtier sp\u00e9cialis\u00e9<span class=\"ez-toc-section-end\"><\/span><\/h3>\n\n\n\n<h4 class=\"wp-block-heading\"><span class=\"ez-toc-section\" id=\"Expertise_dans_laccompagnement_des_profils_interimaires\"><\/span>Expertise dans l&rsquo;accompagnement des profils int\u00e9rimaires<span class=\"ez-toc-section-end\"><\/span><\/h4>\n\n\n\n<p>Les courtiers sp\u00e9cialis\u00e9s dans les profils atypiques disposent :<\/p>\n\n\n\n<ul class=\"wp-block-list\">\n<li>D&rsquo;une <strong>connaissance approfondie<\/strong> des crit\u00e8res d&rsquo;acceptation adapt\u00e9s aux int\u00e9rimaires<\/li>\n\n\n\n<li>D&rsquo;un <em>savoir-faire<\/em> dans la pr\u00e9sentation optimale des dossiers<\/li>\n\n\n\n<li>D&rsquo;une <strong>exp\u00e9rience<\/strong> dans le traitement des situations complexes<\/li>\n<\/ul>\n\n\n\n<h4 class=\"wp-block-heading\"><span class=\"ez-toc-section\" id=\"Acces_a_un_reseau_de_partenaires_bancaires_adaptes\"><\/span>Acc\u00e8s \u00e0 un r\u00e9seau de partenaires bancaires adapt\u00e9s<span class=\"ez-toc-section-end\"><\/span><\/h4>\n\n\n\n<p>Le courtier identifie les \u00e9tablissements financiers proposant :<\/p>\n\n\n\n<ul class=\"wp-block-list\">\n<li>Des <strong>grilles d&rsquo;analyse<\/strong> tenant compte des sp\u00e9cificit\u00e9s du travail temporaire<\/li>\n\n\n\n<li>Des <em>offres d\u00e9di\u00e9es<\/em> aux profils non standards<\/li>\n\n\n\n<li>Des <strong>conditions pr\u00e9f\u00e9rentielles<\/strong> n\u00e9goci\u00e9es pour ces situations particuli\u00e8res<\/li>\n<\/ul>\n\n\n\n<h4 class=\"wp-block-heading\"><span class=\"ez-toc-section\" id=\"Optimisation_des_chances_dacceptation_du_dossier\"><\/span>Optimisation des chances d&rsquo;acceptation du dossier<span class=\"ez-toc-section-end\"><\/span><\/h4>\n\n\n\n<p>L&rsquo;intervention d&rsquo;un interm\u00e9diaire sp\u00e9cialis\u00e9 permet :<\/p>\n\n\n\n<ul class=\"wp-block-list\">\n<li>Une <strong>pr\u00e9s\u00e9lection des organismes<\/strong> susceptibles d&rsquo;accepter le dossier<\/li>\n\n\n\n<li>Une <em>pr\u00e9sentation valoris\u00e9e<\/em> des atouts du profil int\u00e9rimaire<\/li>\n\n\n\n<li>Un <strong>accompagnement personnalis\u00e9<\/strong> tout au long du processus<\/li>\n<\/ul>\n\n\n\n<h3 class=\"wp-block-heading\"><span class=\"ez-toc-section\" id=\"Simulation_et_comparaison_des_offres\"><\/span>Simulation et comparaison des offres<span class=\"ez-toc-section-end\"><\/span><\/h3>\n\n\n\n<h4 class=\"wp-block-heading\"><span class=\"ez-toc-section\" id=\"Outils_en_ligne_disponibles\"><\/span>Outils en ligne disponibles<span class=\"ez-toc-section-end\"><\/span><\/h4>\n\n\n\n<p>De nombreuses plateformes proposent des simulateurs permettant d&rsquo;obtenir une premi\u00e8re estimation :<\/p>\n\n\n\n<ul class=\"wp-block-list\">\n<li><strong>Sites sp\u00e9cialis\u00e9s<\/strong> en rachat de cr\u00e9dit<\/li>\n\n\n\n<li><em>Comparateurs financiers<\/em> int\u00e9grant les profils atypiques<\/li>\n\n\n\n<li><strong>Interfaces des courtiers<\/strong> en ligne<\/li>\n<\/ul>\n\n\n\n<h4 class=\"wp-block-heading\"><span class=\"ez-toc-section\" id=\"Criteres_devaluation_pertinents\"><\/span>Crit\u00e8res d&rsquo;\u00e9valuation pertinents<span class=\"ez-toc-section-end\"><\/span><\/h4>\n\n\n\n<p>L&rsquo;analyse des propositions doit s&rsquo;appuyer sur des indicateurs pr\u00e9cis :<\/p>\n\n\n\n<ul class=\"wp-block-list\">\n<li><strong>Taux Annuel Effectif Global<\/strong> (TAEG)<\/li>\n\n\n\n<li><em>Co\u00fbt total du cr\u00e9dit<\/em> incluant l&rsquo;ensemble des frais<\/li>\n\n\n\n<li><strong>Flexibilit\u00e9<\/strong> des conditions de remboursement<\/li>\n\n\n\n<li><em>Options de modulation<\/em> des \u00e9ch\u00e9ances<\/li>\n<\/ul>\n\n\n\n<h4 class=\"wp-block-heading\"><span class=\"ez-toc-section\" id=\"Analyse_du_TAEG_et_des_conditions_contractuelles\"><\/span>Analyse du TAEG et des conditions contractuelles<span class=\"ez-toc-section-end\"><\/span><\/h4>\n\n\n\n<p>Une attention particuli\u00e8re doit \u00eatre port\u00e9e aux \u00e9l\u00e9ments suivants :<\/p>\n\n\n\n<ul class=\"wp-block-list\">\n<li><strong>Assurances<\/strong> associ\u00e9es au contrat (notamment les garanties perte d&#8217;emploi)<\/li>\n\n\n\n<li><em>Frais de dossier<\/em> et commissions diverses<\/li>\n\n\n\n<li><strong>Indemnit\u00e9s<\/strong> de remboursement anticip\u00e9<\/li>\n\n\n\n<li><em>Conditions de report<\/em> d&rsquo;\u00e9ch\u00e9ances \u00e9ventuelles<\/li>\n<\/ul>\n\n\n\n<h2 class=\"wp-block-heading\"><span class=\"ez-toc-section\" id=\"Strategies_pour_renforcer_son_dossier_de_rachat_de_credit_en_tant_quinterimaire\"><\/span>Strat\u00e9gies pour renforcer son dossier de rachat de cr\u00e9dit en tant qu&rsquo;int\u00e9rimaire<span class=\"ez-toc-section-end\"><\/span><\/h2>\n\n\n\n<h3 class=\"wp-block-heading\"><span class=\"ez-toc-section\" id=\"Demontrer_sa_stabilite_professionnelle\"><\/span>D\u00e9montrer sa stabilit\u00e9 professionnelle<span class=\"ez-toc-section-end\"><\/span><\/h3>\n\n\n\n<h4 class=\"wp-block-heading\"><span class=\"ez-toc-section\" id=\"Valorisation_de_lexperience_dans_le_meme_secteur\"><\/span>Valorisation de l&rsquo;exp\u00e9rience dans le m\u00eame secteur<span class=\"ez-toc-section-end\"><\/span><\/h4>\n\n\n\n<p>La sp\u00e9cialisation sectorielle constitue un argument de poids :<\/p>\n\n\n\n<ul class=\"wp-block-list\">\n<li><strong>Continuit\u00e9 des missions<\/strong> dans un domaine d&rsquo;activit\u00e9 identique<\/li>\n\n\n\n<li><em>D\u00e9veloppement d&rsquo;une expertise<\/em> reconnue<\/li>\n\n\n\n<li><strong>Progression de la qualification<\/strong> et des responsabilit\u00e9s<\/li>\n<\/ul>\n\n\n\n<h4 class=\"wp-block-heading\"><span class=\"ez-toc-section\" id=\"Presentation_des_missions_recurrentes\"><\/span>Pr\u00e9sentation des missions r\u00e9currentes<span class=\"ez-toc-section-end\"><\/span><\/h4>\n\n\n\n<p>Les collaborations r\u00e9guli\u00e8res avec certaines entreprises utilisatrices d\u00e9montrent une forme de stabilit\u00e9 :<\/p>\n\n\n\n<ul class=\"wp-block-list\">\n<li><strong>Renouvellements de contrats<\/strong> avec les m\u00eames employeurs<\/li>\n\n\n\n<li><em>Saisonnalit\u00e9 pr\u00e9visible<\/em> de certaines missions<\/li>\n\n\n\n<li><strong>Accords de principe<\/strong> pour des interventions futures<\/li>\n<\/ul>\n\n\n\n<h4 class=\"wp-block-heading\"><span class=\"ez-toc-section\" id=\"Mise_en_avant_des_competences_recherchees\"><\/span>Mise en avant des comp\u00e9tences recherch\u00e9es<span class=\"ez-toc-section-end\"><\/span><\/h4>\n\n\n\n<p>Les qualifications dans des secteurs en tension permettent de justifier une employabilit\u00e9 durable :<\/p>\n\n\n\n<ul class=\"wp-block-list\">\n<li><strong>Certifications professionnelles<\/strong> obtenues<\/li>\n\n\n\n<li><em>Formations<\/em> suivies pendant les p\u00e9riodes d&rsquo;intermission<\/li>\n\n\n\n<li><strong>Veille technologique<\/strong> et adaptation aux \u00e9volutions du march\u00e9<\/li>\n<\/ul>\n\n\n\n<h3 class=\"wp-block-heading\"><span class=\"ez-toc-section\" id=\"Optimiser_sa_situation_patrimoniale\"><\/span>Optimiser sa situation patrimoniale<span class=\"ez-toc-section-end\"><\/span><\/h3>\n\n\n\n<h4 class=\"wp-block-heading\"><span class=\"ez-toc-section\" id=\"Utilisation_dune_garantie_hypothecaire\"><\/span>Utilisation d&rsquo;une garantie hypoth\u00e9caire<span class=\"ez-toc-section-end\"><\/span><\/h4>\n\n\n\n<p>L&rsquo;adossement du rachat de cr\u00e9dit \u00e0 un bien immobilier transforme radicalement l&rsquo;analyse du risque :<\/p>\n\n\n\n<ul class=\"wp-block-list\">\n<li><strong>S\u00e9curisation<\/strong> significative pour l&rsquo;\u00e9tablissement pr\u00eateur<\/li>\n\n\n\n<li><em>Acc\u00e8s \u00e0 des taux<\/em> plus avantageux<\/li>\n\n\n\n<li><strong>\u00c9largissement<\/strong> des possibilit\u00e9s de financement<\/li>\n<\/ul>\n\n\n\n<h4 class=\"wp-block-heading\"><span class=\"ez-toc-section\" id=\"Nantissement_dactifs_financiers\"><\/span>Nantissement d&rsquo;actifs financiers<span class=\"ez-toc-section-end\"><\/span><\/h4>\n\n\n\n<p>La mobilisation de placements existants renforce consid\u00e9rablement le dossier :<\/p>\n\n\n\n<ul class=\"wp-block-list\">\n<li><strong>Contrats d&rsquo;assurance-vie<\/strong> en garantie<\/li>\n\n\n\n<li><em>Portefeuilles de valeurs mobili\u00e8res<\/em> nantis<\/li>\n\n\n\n<li><strong>\u00c9pargne bloqu\u00e9e<\/strong> pendant la dur\u00e9e du cr\u00e9dit<\/li>\n<\/ul>\n\n\n\n<h4 class=\"wp-block-heading\"><span class=\"ez-toc-section\" id=\"Apport_personnel_pour_rassurer_les_preteurs\"><\/span>Apport personnel pour rassurer les pr\u00eateurs<span class=\"ez-toc-section-end\"><\/span><\/h4>\n\n\n\n<p>La participation financi\u00e8re de l&#8217;emprunteur t\u00e9moigne de son engagement :<\/p>\n\n\n\n<ul class=\"wp-block-list\">\n<li><strong>R\u00e9duction du montant<\/strong> emprunt\u00e9<\/li>\n\n\n\n<li><em>Am\u00e9lioration du ratio<\/em> d&rsquo;endettement<\/li>\n\n\n\n<li><strong>Signal positif<\/strong> quant \u00e0 la capacit\u00e9 d&rsquo;\u00e9pargne<\/li>\n<\/ul>\n\n\n\n<h3 class=\"wp-block-heading\"><span class=\"ez-toc-section\" id=\"Choisir_le_moment_opportun_pour_sa_demande\"><\/span>Choisir le moment opportun pour sa demande<span class=\"ez-toc-section-end\"><\/span><\/h3>\n\n\n\n<h4 class=\"wp-block-heading\"><span class=\"ez-toc-section\" id=\"Periode_active_en_mission_dinterim\"><\/span>P\u00e9riode active en mission d&rsquo;int\u00e9rim<span class=\"ez-toc-section-end\"><\/span><\/h4>\n\n\n\n<p>Le timing de la demande influence directement les chances d&rsquo;acceptation :<\/p>\n\n\n\n<ul class=\"wp-block-list\">\n<li><strong>Sollicitation pendant<\/strong> une mission longue<\/li>\n\n\n\n<li><em>\u00c9vitement des p\u00e9riodes<\/em> d&rsquo;intermission<\/li>\n\n\n\n<li><strong>Proximit\u00e9<\/strong> avec un renouvellement de contrat<\/li>\n<\/ul>\n\n\n\n<h4 class=\"wp-block-heading\"><span class=\"ez-toc-section\" id=\"Apres_plusieurs_annees_dactivite_continue\"><\/span>Apr\u00e8s plusieurs ann\u00e9es d&rsquo;activit\u00e9 continue<span class=\"ez-toc-section-end\"><\/span><\/h4>\n\n\n\n<p>La d\u00e9monstration d&rsquo;un historique solide dans l&rsquo;int\u00e9rim renforce la cr\u00e9dibilit\u00e9 du dossier :<\/p>\n\n\n\n<ul class=\"wp-block-list\">\n<li><strong>Minimum de 24-36 mois<\/strong> d&rsquo;exp\u00e9rience pour les dossiers complexes<\/li>\n\n\n\n<li><em>Stabilit\u00e9 d\u00e9montr\u00e9e<\/em> malgr\u00e9 le statut temporaire<\/li>\n\n\n\n<li><strong>Progression professionnelle<\/strong> visible dans le parcours<\/li>\n<\/ul>\n\n\n\n<h4 class=\"wp-block-heading\"><span class=\"ez-toc-section\" id=\"En_phase_de_renouvellement_de_contrat\"><\/span>En phase de renouvellement de contrat<span class=\"ez-toc-section-end\"><\/span><\/h4>\n\n\n\n<p>Les p\u00e9riodes de transition contractuelle pr\u00e9sentent des opportunit\u00e9s strat\u00e9giques :<\/p>\n\n\n\n<ul class=\"wp-block-list\">\n<li><strong>Justificatifs r\u00e9cents<\/strong> d&rsquo;activit\u00e9<\/li>\n\n\n\n<li><em>Visibilit\u00e9 accrue<\/em> sur les revenus \u00e0 venir<\/li>\n\n\n\n<li><strong>Documentation compl\u00e8te<\/strong> du parcours professionnel<\/li>\n<\/ul>\n\n\n\n<h2 class=\"wp-block-heading\"><span class=\"ez-toc-section\" id=\"Solutions_specifiques_et_organismes_specialises\"><\/span>Solutions sp\u00e9cifiques et organismes sp\u00e9cialis\u00e9s<span class=\"ez-toc-section-end\"><\/span><\/h2>\n\n\n\n<h3 class=\"wp-block-heading\"><span class=\"ez-toc-section\" id=\"Les_etablissements_financiers_ouverts_aux_profils_interimaires\"><\/span>Les \u00e9tablissements financiers ouverts aux profils int\u00e9rimaires<span class=\"ez-toc-section-end\"><\/span><\/h3>\n\n\n\n<h4 class=\"wp-block-heading\"><span class=\"ez-toc-section\" id=\"Banques_traditionnelles_avec_offres_adaptees\"><\/span>Banques traditionnelles avec offres adapt\u00e9es<span class=\"ez-toc-section-end\"><\/span><\/h4>\n\n\n\n<p>Certains r\u00e9seaux bancaires d\u00e9veloppent des approches sp\u00e9cifiques :<\/p>\n\n\n\n<ul class=\"wp-block-list\">\n<li><strong>Filiales sp\u00e9cialis\u00e9es<\/strong> dans les profils atypiques<\/li>\n\n\n\n<li><em>Programmes d\u00e9di\u00e9s<\/em> aux travailleurs non-permanents<\/li>\n\n\n\n<li><strong>Conseillers form\u00e9s<\/strong> aux particularit\u00e9s du travail temporaire<\/li>\n<\/ul>\n\n\n\n<h4 class=\"wp-block-heading\"><span class=\"ez-toc-section\" id=\"Organismes_de_credit_specialises\"><\/span>Organismes de cr\u00e9dit sp\u00e9cialis\u00e9s<span class=\"ez-toc-section-end\"><\/span><\/h4>\n\n\n\n<p>Des \u00e9tablissements se positionnent explicitement sur ce segment :<\/p>\n\n\n\n<ul class=\"wp-block-list\">\n<li><strong>Soci\u00e9t\u00e9s financi\u00e8res<\/strong> focalis\u00e9es sur les profils non standards<\/li>\n\n\n\n<li><em>Acteurs du cr\u00e9dit \u00e0 la consommation<\/em> avec des grilles d&rsquo;analyse adapt\u00e9es<\/li>\n\n\n\n<li><strong>Structures de cr\u00e9dit social<\/strong> proposant des solutions inclusives<\/li>\n<\/ul>\n\n\n\n<h4 class=\"wp-block-heading\"><span class=\"ez-toc-section\" id=\"Plateformes_de_financement_alternatif\"><\/span>Plateformes de financement alternatif<span class=\"ez-toc-section-end\"><\/span><\/h4>\n\n\n\n<p>Le d\u00e9veloppement de la fintech ouvre de nouvelles perspectives :<\/p>\n\n\n\n<ul class=\"wp-block-list\">\n<li><strong>Plateformes de pr\u00eats entre particuliers<\/strong><\/li>\n\n\n\n<li><em>Financements participatifs<\/em> pour certains projets<\/li>\n\n\n\n<li><strong>Solutions hybrides<\/strong> combinant plusieurs approches<\/li>\n<\/ul>\n\n\n\n<h3 class=\"wp-block-heading\"><span class=\"ez-toc-section\" id=\"Le_FASTT_Fonds_dAction_Sociale_du_Travail_Temporaire\"><\/span>Le FASTT (Fonds d&rsquo;Action Sociale du Travail Temporaire)<span class=\"ez-toc-section-end\"><\/span><\/h3>\n\n\n\n<h4 class=\"wp-block-heading\"><span class=\"ez-toc-section\" id=\"Accompagnement_dedie_aux_interimaires\"><\/span>Accompagnement d\u00e9di\u00e9 aux int\u00e9rimaires<span class=\"ez-toc-section-end\"><\/span><\/h4>\n\n\n\n<p>Cette institution propose un soutien sp\u00e9cifique aux travailleurs temporaires :<\/p>\n\n\n\n<ul class=\"wp-block-list\">\n<li><strong>Conseils personnalis\u00e9s<\/strong> en mati\u00e8re d&rsquo;acc\u00e8s au cr\u00e9dit<\/li>\n\n\n\n<li><em>Dispositifs de garantie<\/em> pour certains financements<\/li>\n\n\n\n<li><strong>Accompagnement budg\u00e9taire<\/strong> pr\u00e9ventif<\/li>\n<\/ul>\n\n\n\n<h4 class=\"wp-block-heading\"><span class=\"ez-toc-section\" id=\"Services_daide_a_la_constitution_du_dossier\"><\/span>Services d&rsquo;aide \u00e0 la constitution du dossier<span class=\"ez-toc-section-end\"><\/span><\/h4>\n\n\n\n<p>Le FASTT offre une assistance technique pr\u00e9cieuse :<\/p>\n\n\n\n<ul class=\"wp-block-list\">\n<li><strong>Analyse pr\u00e9alable<\/strong> de la situation financi\u00e8re<\/li>\n\n\n\n<li><em>Orientation vers<\/em> les partenaires adapt\u00e9s<\/li>\n\n\n\n<li><strong>Pr\u00e9paration des justificatifs<\/strong> n\u00e9cessaires<\/li>\n<\/ul>\n\n\n\n<h4 class=\"wp-block-heading\"><span class=\"ez-toc-section\" id=\"Solutions_de_microcredit_complementaires\"><\/span>Solutions de microcr\u00e9dit compl\u00e9mentaires<span class=\"ez-toc-section-end\"><\/span><\/h4>\n\n\n\n<p>Des financements \u00e0 petite \u00e9chelle peuvent \u00eatre propos\u00e9s :<\/p>\n\n\n\n<ul class=\"wp-block-list\">\n<li><strong>Pr\u00eats d&rsquo;urgence<\/strong> pour faire face \u00e0 des impr\u00e9vus<\/li>\n\n\n\n<li><em>Microcr\u00e9dits personnels<\/em> pour des projets sp\u00e9cifiques<\/li>\n\n\n\n<li><strong>Avances sur droits<\/strong> dans certaines situations<\/li>\n<\/ul>\n\n\n\n<h3 class=\"wp-block-heading\"><span class=\"ez-toc-section\" id=\"Le_CDI_interimaire_un_atout_pour_le_rachat_de_credit\"><\/span>Le CDI int\u00e9rimaire : un atout pour le rachat de cr\u00e9dit<span class=\"ez-toc-section-end\"><\/span><\/h3>\n\n\n\n<h4 class=\"wp-block-heading\"><span class=\"ez-toc-section\" id=\"Caracteristiques_de_ce_statut_hybride\"><\/span>Caract\u00e9ristiques de ce statut hybride<span class=\"ez-toc-section-end\"><\/span><\/h4>\n\n\n\n<p>Cette forme contractuelle innovante combine :<\/p>\n\n\n\n<ul class=\"wp-block-list\">\n<li>Une <strong>relation d&#8217;emploi permanente<\/strong> avec l&rsquo;agence d&rsquo;int\u00e9rim<\/li>\n\n\n\n<li>Des <em>p\u00e9riodes de mission<\/em> chez diff\u00e9rents clients<\/li>\n\n\n\n<li>Une <strong>garantie minimale<\/strong> de r\u00e9mun\u00e9ration<\/li>\n<\/ul>\n\n\n\n<h4 class=\"wp-block-heading\"><span class=\"ez-toc-section\" id=\"Avantages_en_termes_de_garanties_bancaires\"><\/span>Avantages en termes de garanties bancaires<span class=\"ez-toc-section-end\"><\/span><\/h4>\n\n\n\n<p>Le CDI int\u00e9rimaire transforme consid\u00e9rablement la perception du risque :<\/p>\n\n\n\n<ul class=\"wp-block-list\">\n<li><strong>Stabilit\u00e9 contractuelle<\/strong> reconnue par les \u00e9tablissements financiers<\/li>\n\n\n\n<li><em>Pr\u00e9visibilit\u00e9 accrue<\/em> des revenus<\/li>\n\n\n\n<li><strong>R\u00e9duction de l&rsquo;incertitude<\/strong> professionnelle<\/li>\n<\/ul>\n\n\n\n<h4 class=\"wp-block-heading\"><span class=\"ez-toc-section\" id=\"Impact_sur_lacceptation_du_dossier\"><\/span>Impact sur l&rsquo;acceptation du dossier<span class=\"ez-toc-section-end\"><\/span><\/h4>\n\n\n\n<p>Ce statut facilite significativement l&rsquo;acc\u00e8s au rachat de cr\u00e9dit :<\/p>\n\n\n\n<ul class=\"wp-block-list\">\n<li><strong>\u00c9largissement<\/strong> du panel d&rsquo;organismes accessibles<\/li>\n\n\n\n<li><em>Am\u00e9lioration<\/em> des conditions propos\u00e9es<\/li>\n\n\n\n<li><strong>Simplification<\/strong> du processus d&rsquo;acceptation<\/li>\n<\/ul>\n\n\n\n<h2 class=\"wp-block-heading\"><span class=\"ez-toc-section\" id=\"Precautions_et_points_de_vigilance\"><\/span>Pr\u00e9cautions et points de vigilance<span class=\"ez-toc-section-end\"><\/span><\/h2>\n\n\n\n<h3 class=\"wp-block-heading\"><span class=\"ez-toc-section\" id=\"Analyse_prealable_de_sa_capacite_de_remboursement\"><\/span>Analyse pr\u00e9alable de sa capacit\u00e9 de remboursement<span class=\"ez-toc-section-end\"><\/span><\/h3>\n\n\n\n<h4 class=\"wp-block-heading\"><span class=\"ez-toc-section\" id=\"Evaluation_realiste_des_revenus_futurs\"><\/span>\u00c9valuation r\u00e9aliste des revenus futurs<span class=\"ez-toc-section-end\"><\/span><\/h4>\n\n\n\n<p>Une projection financi\u00e8re prudente s&rsquo;impose :<\/p>\n\n\n\n<ul class=\"wp-block-list\">\n<li><strong>Calcul bas\u00e9<\/strong> sur les revenus moyens des p\u00e9riodes basses<\/li>\n\n\n\n<li><em>Int\u00e9gration des variations<\/em> saisonni\u00e8res d&rsquo;activit\u00e9<\/li>\n\n\n\n<li><strong>Anticipation<\/strong> des \u00e9volutions sectorielles<\/li>\n<\/ul>\n\n\n\n<h4 class=\"wp-block-heading\"><span class=\"ez-toc-section\" id=\"Prise_en_compte_des_periodes_potentielles_sans_mission\"><\/span>Prise en compte des p\u00e9riodes potentielles sans mission<span class=\"ez-toc-section-end\"><\/span><\/h4>\n\n\n\n<p>Une marge de s\u00e9curit\u00e9 doit \u00eatre int\u00e9gr\u00e9e pour faire face :<\/p>\n\n\n\n<ul class=\"wp-block-list\">\n<li>Aux <strong>intervalles entre deux contrats<\/strong><\/li>\n\n\n\n<li>Aux <em>fluctuations<\/em> du march\u00e9 de l&#8217;emploi temporaire<\/li>\n\n\n\n<li>Aux <strong>impr\u00e9vus<\/strong> professionnels ou personnels<\/li>\n<\/ul>\n\n\n\n<h4 class=\"wp-block-heading\"><span class=\"ez-toc-section\" id=\"Maintien_dune_reserve_de_securite_financiere\"><\/span>Maintien d&rsquo;une r\u00e9serve de s\u00e9curit\u00e9 financi\u00e8re<span class=\"ez-toc-section-end\"><\/span><\/h4>\n\n\n\n<p>La constitution d&rsquo;un matelas financier reste indispensable :<\/p>\n\n\n\n<ul class=\"wp-block-list\">\n<li><strong>\u00c9pargne disponible<\/strong> correspondant \u00e0 3-6 mois de charges fixes<\/li>\n\n\n\n<li><em>Plan d&rsquo;urgence<\/em> en cas d&rsquo;interruption prolong\u00e9e d&rsquo;activit\u00e9<\/li>\n\n\n\n<li><strong>Diversification des sources<\/strong> de revenus quand c&rsquo;est possible<\/li>\n<\/ul>\n\n\n\n<h3 class=\"wp-block-heading\"><span class=\"ez-toc-section\" id=\"Lecture_attentive_des_conditions_contractuelles\"><\/span>Lecture attentive des conditions contractuelles<span class=\"ez-toc-section-end\"><\/span><\/h3>\n\n\n\n<h4 class=\"wp-block-heading\"><span class=\"ez-toc-section\" id=\"Clauses_specifiques_liees_au_statut_dinterimaire\"><\/span>Clauses sp\u00e9cifiques li\u00e9es au statut d&rsquo;int\u00e9rimaire<span class=\"ez-toc-section-end\"><\/span><\/h4>\n\n\n\n<p>Certaines dispositions m\u00e9ritent une attention particuli\u00e8re :<\/p>\n\n\n\n<ul class=\"wp-block-list\">\n<li><strong>Conditions de maintien<\/strong> du taux en cas de changement professionnel<\/li>\n\n\n\n<li><em>Exigences de d\u00e9claration<\/em> lors des p\u00e9riodes d&rsquo;intermission<\/li>\n\n\n\n<li><strong>Flexibilit\u00e9<\/strong> des remboursements selon l&rsquo;activit\u00e9<\/li>\n<\/ul>\n\n\n\n<h4 class=\"wp-block-heading\"><span class=\"ez-toc-section\" id=\"Assurances_associees_au_pret\"><\/span>Assurances associ\u00e9es au pr\u00eat<span class=\"ez-toc-section-end\"><\/span><\/h4>\n\n\n\n<p>La couverture assurantielle joue un r\u00f4le crucial :<\/p>\n\n\n\n<ul class=\"wp-block-list\">\n<li><strong>Garantie perte d&#8217;emploi<\/strong> adapt\u00e9e au statut d&rsquo;int\u00e9rimaire<\/li>\n\n\n\n<li><em>Conditions sp\u00e9cifiques<\/em> pour les p\u00e9riodes sans activit\u00e9<\/li>\n\n\n\n<li><strong>D\u00e9lai de carence<\/strong> applicable aux situations d&rsquo;intermission<\/li>\n<\/ul>\n\n\n\n<h4 class=\"wp-block-heading\"><span class=\"ez-toc-section\" id=\"Frais_annexes_et_cout_total_du_credit\"><\/span>Frais annexes et co\u00fbt total du cr\u00e9dit<span class=\"ez-toc-section-end\"><\/span><\/h4>\n\n\n\n<p>Une vision globale du financement n\u00e9cessite d&rsquo;int\u00e9grer :<\/p>\n\n\n\n<ul class=\"wp-block-list\">\n<li><strong>Frais de dossier<\/strong> et commissions diverses<\/li>\n\n\n\n<li><em>Co\u00fbt des assurances<\/em> sur la dur\u00e9e totale du pr\u00eat<\/li>\n\n\n\n<li><strong>Indemnit\u00e9s<\/strong> potentielles de remboursement anticip\u00e9<\/li>\n<\/ul>\n\n\n\n<h3 class=\"wp-block-heading\"><span class=\"ez-toc-section\" id=\"Alternatives_a_considerer_en_cas_de_refus\"><\/span>Alternatives \u00e0 consid\u00e9rer en cas de refus<span class=\"ez-toc-section-end\"><\/span><\/h3>\n\n\n\n<h4 class=\"wp-block-heading\"><span class=\"ez-toc-section\" id=\"Mediation_bancaire\"><\/span>M\u00e9diation bancaire<span class=\"ez-toc-section-end\"><\/span><\/h4>\n\n\n\n<p>En cas de difficult\u00e9s \u00e0 obtenir un rachat de cr\u00e9dit :<\/p>\n\n\n\n<ul class=\"wp-block-list\">\n<li><strong>Saisine du m\u00e9diateur<\/strong> de l&rsquo;\u00e9tablissement financier<\/li>\n\n\n\n<li><em>Pr\u00e9sentation d&rsquo;\u00e9l\u00e9ments compl\u00e9mentaires<\/em> justifiant la demande<\/li>\n\n\n\n<li><strong>N\u00e9gociation<\/strong> de conditions adapt\u00e9es<\/li>\n<\/ul>\n\n\n\n<h4 class=\"wp-block-heading\"><span class=\"ez-toc-section\" id=\"Renegociation_directe_avec_les_creanciers_actuels\"><\/span>Ren\u00e9gociation directe avec les cr\u00e9anciers actuels<span class=\"ez-toc-section-end\"><\/span><\/h4>\n\n\n\n<p>L&rsquo;approche individuelle peut produire des r\u00e9sultats :<\/p>\n\n\n\n<ul class=\"wp-block-list\">\n<li><strong>Contact proactif<\/strong> avec chaque organisme pr\u00eateur<\/li>\n\n\n\n<li><em>Proposition de solutions<\/em> de r\u00e9am\u00e9nagement<\/li>\n\n\n\n<li><strong>Justification<\/strong> de la d\u00e9marche par la situation professionnelle<\/li>\n<\/ul>\n\n\n\n<h4 class=\"wp-block-heading\"><span class=\"ez-toc-section\" id=\"Plans_dapurement_progressif_des_dettes\"><\/span>Plans d&rsquo;apurement progressif des dettes<span class=\"ez-toc-section-end\"><\/span><\/h4>\n\n\n\n<p>Des approches alternatives m\u00e9ritent d&rsquo;\u00eatre explor\u00e9es :<\/p>\n\n\n\n<ul class=\"wp-block-list\">\n<li><strong>\u00c9chelonnement n\u00e9goci\u00e9<\/strong> des remboursements<\/li>\n\n\n\n<li><em>Moratoires temporaires<\/em> pendant les p\u00e9riodes sans mission<\/li>\n\n\n\n<li><strong>Plans conventionnels<\/strong> via les commissions de surendettement<\/li>\n<\/ul>\n\n\n\n<h2 class=\"wp-block-heading\"><span class=\"ez-toc-section\" id=\"Optimiser_ses_chances_dobtenir_un_rachat_de_credit_en_tant_quinterimaire\"><\/span>Optimiser ses chances d&rsquo;obtenir un rachat de cr\u00e9dit en tant qu&rsquo;int\u00e9rimaire<span class=\"ez-toc-section-end\"><\/span><\/h2>\n\n\n\n<p>Le rachat de cr\u00e9dit repr\u00e9sente une solution financi\u00e8re particuli\u00e8rement adapt\u00e9e aux travailleurs int\u00e9rimaires confront\u00e9s \u00e0 des probl\u00e9matiques d&rsquo;endettement. La <strong>r\u00e9ussite de cette d\u00e9marche<\/strong> repose sur une pr\u00e9paration minutieuse du dossier et une compr\u00e9hension pr\u00e9cise des attentes des \u00e9tablissements financiers.<\/p>\n\n\n\n<p>Les <em>facteurs d\u00e9terminants<\/em> incluent la d\u00e9monstration d&rsquo;une stabilit\u00e9 professionnelle malgr\u00e9 le statut temporaire, l&rsquo;optimisation de la situation bancaire et la constitution de garanties solides. Le recours \u00e0 un <strong>accompagnement sp\u00e9cialis\u00e9<\/strong> (courtier ou FASTT) augmente significativement les chances d&rsquo;aboutissement du projet.<\/p>\n\n\n\n<p>L&rsquo;\u00e9volution du march\u00e9 financier tend progressivement vers une meilleure prise en compte des parcours professionnels non-lin\u00e9aires. Cette tendance, combin\u00e9e au d\u00e9veloppement de statuts hybrides comme le CDI int\u00e9rimaire, laisse entrevoir des <em>perspectives favorables<\/em> pour l&rsquo;acc\u00e8s au cr\u00e9dit des travailleurs temporaires dans les ann\u00e9es \u00e0 venir.<\/p>\n\n\n<div class=\"kk-star-ratings kksr-auto kksr-align-center kksr-valign-bottom\"\n    data-payload='{&quot;align&quot;:&quot;center&quot;,&quot;id&quot;:&quot;481&quot;,&quot;slug&quot;:&quot;default&quot;,&quot;valign&quot;:&quot;bottom&quot;,&quot;ignore&quot;:&quot;&quot;,&quot;reference&quot;:&quot;auto&quot;,&quot;class&quot;:&quot;&quot;,&quot;count&quot;:&quot;0&quot;,&quot;legendonly&quot;:&quot;&quot;,&quot;readonly&quot;:&quot;&quot;,&quot;score&quot;:&quot;0&quot;,&quot;starsonly&quot;:&quot;&quot;,&quot;best&quot;:&quot;5&quot;,&quot;gap&quot;:&quot;5&quot;,&quot;greet&quot;:&quot;&quot;,&quot;legend&quot;:&quot;0\\\/5 - (0 vote)&quot;,&quot;size&quot;:&quot;24&quot;,&quot;title&quot;:&quot;Rachat de cr\u00e9dit pour int\u00e9rimaires : solutions et strat\u00e9gies&quot;,&quot;width&quot;:&quot;0&quot;,&quot;_legend&quot;:&quot;{score}\\\/{best} - ({count} {votes})&quot;,&quot;font_factor&quot;:&quot;1.25&quot;}'>\n            \n<div class=\"kksr-stars\">\n    \n<div class=\"kksr-stars-inactive\">\n            <div class=\"kksr-star\" data-star=\"1\" style=\"padding-right: 5px\">\n            \n\n<div class=\"kksr-icon\" style=\"width: 24px; height: 24px;\"><\/div>\n        <\/div>\n            <div class=\"kksr-star\" data-star=\"2\" style=\"padding-right: 5px\">\n            \n\n<div class=\"kksr-icon\" style=\"width: 24px; height: 24px;\"><\/div>\n        <\/div>\n            <div class=\"kksr-star\" data-star=\"3\" style=\"padding-right: 5px\">\n            \n\n<div class=\"kksr-icon\" style=\"width: 24px; height: 24px;\"><\/div>\n        <\/div>\n            <div class=\"kksr-star\" data-star=\"4\" style=\"padding-right: 5px\">\n            \n\n<div class=\"kksr-icon\" style=\"width: 24px; height: 24px;\"><\/div>\n        <\/div>\n            <div class=\"kksr-star\" data-star=\"5\" style=\"padding-right: 5px\">\n            \n\n<div class=\"kksr-icon\" style=\"width: 24px; height: 24px;\"><\/div>\n        <\/div>\n    <\/div>\n    \n<div class=\"kksr-stars-active\" style=\"width: 0px;\">\n            <div class=\"kksr-star\" style=\"padding-right: 5px\">\n            \n\n<div class=\"kksr-icon\" style=\"width: 24px; height: 24px;\"><\/div>\n        <\/div>\n            <div class=\"kksr-star\" style=\"padding-right: 5px\">\n            \n\n<div class=\"kksr-icon\" style=\"width: 24px; height: 24px;\"><\/div>\n        <\/div>\n            <div class=\"kksr-star\" style=\"padding-right: 5px\">\n            \n\n<div class=\"kksr-icon\" style=\"width: 24px; height: 24px;\"><\/div>\n        <\/div>\n            <div class=\"kksr-star\" style=\"padding-right: 5px\">\n            \n\n<div class=\"kksr-icon\" style=\"width: 24px; height: 24px;\"><\/div>\n        <\/div>\n            <div class=\"kksr-star\" style=\"padding-right: 5px\">\n            \n\n<div class=\"kksr-icon\" style=\"width: 24px; height: 24px;\"><\/div>\n        <\/div>\n    <\/div>\n<\/div>\n                \n\n<div class=\"kksr-legend\" style=\"font-size: 19.2px;\">\n            <span class=\"kksr-muted\"><\/span>\n    <\/div>\n    <\/div>\n","protected":false},"excerpt":{"rendered":"<p>Le statut d&rsquo;int\u00e9rimaire ne constitue plus un obstacle insurmontable pour acc\u00e9der au rachat de cr\u00e9dit. Cette solution financi\u00e8re, longtemps r\u00e9serv\u00e9e aux emprunteurs disposant d&rsquo;un CDI, s&rsquo;adapte progressivement aux r\u00e9alit\u00e9s du march\u00e9 du travail et aux parcours professionnels non-lin\u00e9aires. Les \u00e9tablissements financiers d\u00e9veloppent des approches sp\u00e9cifiques pour r\u00e9pondre aux besoins des travailleurs temporaires confront\u00e9s \u00e0 des &#8230; <a title=\"Rachat de cr\u00e9dit pour int\u00e9rimaires : solutions et strat\u00e9gies\" class=\"read-more\" href=\"https:\/\/rachat2credit.fr\/guide\/rachat-credit-interim\/\" aria-label=\"En savoir plus sur Rachat de cr\u00e9dit pour int\u00e9rimaires : solutions et strat\u00e9gies\">Lire plus<\/a><\/p>\n","protected":false},"author":1,"featured_media":482,"comment_status":"open","ping_status":"open","sticky":false,"template":"","format":"standard","meta":{"footnotes":""},"categories":[3],"tags":[],"class_list":["post-481","post","type-post","status-publish","format-standard","has-post-thumbnail","hentry","category-rachat-de-credit"],"yoast_head":"<!-- This site is optimized with the Yoast SEO plugin v27.5 - https:\/\/yoast.com\/product\/yoast-seo-wordpress\/ -->\n<title>Rachat de cr\u00e9dit pour int\u00e9rimaires : solutions et strat\u00e9gies - Rachat de Cr\u00e9dit<\/title>\n<meta name=\"description\" content=\"Int\u00e9rimaire ? R\u00e9duisez vos mensualit\u00e9s gr\u00e2ce au rachat de cr\u00e9dit adapt\u00e9 \u00e0 votre statut. Solutions, crit\u00e8res d&#039;\u00e9ligibilit\u00e9 et strat\u00e9gies pour maximiser vos chances d&#039;acceptation.\" \/>\n<meta name=\"robots\" content=\"index, follow, max-snippet:-1, max-image-preview:large, max-video-preview:-1\" \/>\n<link rel=\"canonical\" href=\"https:\/\/rachat2credit.fr\/guide\/rachat-credit-interim\/\" \/>\n<meta property=\"og:locale\" content=\"fr_FR\" \/>\n<meta property=\"og:type\" content=\"article\" \/>\n<meta property=\"og:title\" content=\"Rachat de cr\u00e9dit pour int\u00e9rimaires : solutions et strat\u00e9gies - Rachat de Cr\u00e9dit\" \/>\n<meta property=\"og:description\" content=\"Int\u00e9rimaire ? R\u00e9duisez vos mensualit\u00e9s gr\u00e2ce au rachat de cr\u00e9dit adapt\u00e9 \u00e0 votre statut. Solutions, crit\u00e8res d&#039;\u00e9ligibilit\u00e9 et strat\u00e9gies pour maximiser vos chances d&#039;acceptation.\" \/>\n<meta property=\"og:url\" content=\"https:\/\/rachat2credit.fr\/guide\/rachat-credit-interim\/\" \/>\n<meta property=\"og:site_name\" content=\"Rachat de Cr\u00e9dit\" \/>\n<meta property=\"article:published_time\" content=\"2025-08-01T08:18:45+00:00\" \/>\n<meta property=\"og:image\" content=\"https:\/\/rachat2credit.fr\/guide\/wp-content\/uploads\/2025\/05\/Rachat-de-credit-pour-interimaires.png\" \/>\n\t<meta property=\"og:image:width\" content=\"1024\" \/>\n\t<meta property=\"og:image:height\" content=\"1024\" \/>\n\t<meta property=\"og:image:type\" content=\"image\/png\" \/>\n<meta name=\"author\" content=\"Aurelien Boulanger\" \/>\n<meta name=\"twitter:card\" content=\"summary_large_image\" \/>\n<meta name=\"twitter:label1\" content=\"\u00c9crit par\" \/>\n\t<meta name=\"twitter:data1\" content=\"Aurelien Boulanger\" \/>\n\t<meta name=\"twitter:label2\" content=\"Dur\u00e9e de lecture estim\u00e9e\" \/>\n\t<meta name=\"twitter:data2\" content=\"14 minutes\" \/>\n<script type=\"application\/ld+json\" class=\"yoast-schema-graph\">{\"@context\":\"https:\\\/\\\/schema.org\",\"@graph\":[{\"@type\":\"NewsArticle\",\"@id\":\"https:\\\/\\\/rachat2credit.fr\\\/guide\\\/rachat-credit-interim\\\/#article\",\"isPartOf\":{\"@id\":\"https:\\\/\\\/rachat2credit.fr\\\/guide\\\/rachat-credit-interim\\\/\"},\"author\":{\"name\":\"Aurelien Boulanger\",\"@id\":\"https:\\\/\\\/rachat2credit.fr\\\/guide\\\/#\\\/schema\\\/person\\\/d4142086d07bc6acdc4722eabd955cc2\"},\"headline\":\"Rachat de cr\u00e9dit pour int\u00e9rimaires : solutions et strat\u00e9gies\",\"datePublished\":\"2025-08-01T08:18:45+00:00\",\"mainEntityOfPage\":{\"@id\":\"https:\\\/\\\/rachat2credit.fr\\\/guide\\\/rachat-credit-interim\\\/\"},\"wordCount\":3194,\"commentCount\":0,\"publisher\":{\"@id\":\"https:\\\/\\\/rachat2credit.fr\\\/guide\\\/#organization\"},\"image\":{\"@id\":\"https:\\\/\\\/rachat2credit.fr\\\/guide\\\/rachat-credit-interim\\\/#primaryimage\"},\"thumbnailUrl\":\"https:\\\/\\\/rachat2credit.fr\\\/guide\\\/wp-content\\\/uploads\\\/2025\\\/05\\\/Rachat-de-credit-pour-interimaires.png\",\"articleSection\":[\"Rachat de cr\u00e9dit\"],\"inLanguage\":\"fr-FR\",\"potentialAction\":[{\"@type\":\"CommentAction\",\"name\":\"Comment\",\"target\":[\"https:\\\/\\\/rachat2credit.fr\\\/guide\\\/rachat-credit-interim\\\/#respond\"]}]},{\"@type\":\"WebPage\",\"@id\":\"https:\\\/\\\/rachat2credit.fr\\\/guide\\\/rachat-credit-interim\\\/\",\"url\":\"https:\\\/\\\/rachat2credit.fr\\\/guide\\\/rachat-credit-interim\\\/\",\"name\":\"Rachat de cr\u00e9dit pour int\u00e9rimaires : solutions et strat\u00e9gies - Rachat de Cr\u00e9dit\",\"isPartOf\":{\"@id\":\"https:\\\/\\\/rachat2credit.fr\\\/guide\\\/#website\"},\"primaryImageOfPage\":{\"@id\":\"https:\\\/\\\/rachat2credit.fr\\\/guide\\\/rachat-credit-interim\\\/#primaryimage\"},\"image\":{\"@id\":\"https:\\\/\\\/rachat2credit.fr\\\/guide\\\/rachat-credit-interim\\\/#primaryimage\"},\"thumbnailUrl\":\"https:\\\/\\\/rachat2credit.fr\\\/guide\\\/wp-content\\\/uploads\\\/2025\\\/05\\\/Rachat-de-credit-pour-interimaires.png\",\"datePublished\":\"2025-08-01T08:18:45+00:00\",\"description\":\"Int\u00e9rimaire ? R\u00e9duisez vos mensualit\u00e9s gr\u00e2ce au rachat de cr\u00e9dit adapt\u00e9 \u00e0 votre statut. Solutions, crit\u00e8res d'\u00e9ligibilit\u00e9 et strat\u00e9gies pour maximiser vos chances d'acceptation.\",\"breadcrumb\":{\"@id\":\"https:\\\/\\\/rachat2credit.fr\\\/guide\\\/rachat-credit-interim\\\/#breadcrumb\"},\"inLanguage\":\"fr-FR\",\"potentialAction\":[{\"@type\":\"ReadAction\",\"target\":[\"https:\\\/\\\/rachat2credit.fr\\\/guide\\\/rachat-credit-interim\\\/\"]}]},{\"@type\":\"ImageObject\",\"inLanguage\":\"fr-FR\",\"@id\":\"https:\\\/\\\/rachat2credit.fr\\\/guide\\\/rachat-credit-interim\\\/#primaryimage\",\"url\":\"https:\\\/\\\/rachat2credit.fr\\\/guide\\\/wp-content\\\/uploads\\\/2025\\\/05\\\/Rachat-de-credit-pour-interimaires.png\",\"contentUrl\":\"https:\\\/\\\/rachat2credit.fr\\\/guide\\\/wp-content\\\/uploads\\\/2025\\\/05\\\/Rachat-de-credit-pour-interimaires.png\",\"width\":1024,\"height\":1024,\"caption\":\"Rachat de cr\u00e9dit pour int\u00e9rimaires : solutions et strat\u00e9gies\"},{\"@type\":\"BreadcrumbList\",\"@id\":\"https:\\\/\\\/rachat2credit.fr\\\/guide\\\/rachat-credit-interim\\\/#breadcrumb\",\"itemListElement\":[{\"@type\":\"ListItem\",\"position\":1,\"name\":\"Accueil\",\"item\":\"https:\\\/\\\/rachat2credit.fr\\\/guide\\\/\"},{\"@type\":\"ListItem\",\"position\":2,\"name\":\"Rachat de cr\u00e9dit pour int\u00e9rimaires : solutions et strat\u00e9gies\"}]},{\"@type\":\"WebSite\",\"@id\":\"https:\\\/\\\/rachat2credit.fr\\\/guide\\\/#website\",\"url\":\"https:\\\/\\\/rachat2credit.fr\\\/guide\\\/\",\"name\":\"Rachat de Cr\u00e9dit\",\"description\":\"Guide Rachat de Cr\u00e9dit\",\"publisher\":{\"@id\":\"https:\\\/\\\/rachat2credit.fr\\\/guide\\\/#organization\"},\"potentialAction\":[{\"@type\":\"SearchAction\",\"target\":{\"@type\":\"EntryPoint\",\"urlTemplate\":\"https:\\\/\\\/rachat2credit.fr\\\/guide\\\/?s={search_term_string}\"},\"query-input\":{\"@type\":\"PropertyValueSpecification\",\"valueRequired\":true,\"valueName\":\"search_term_string\"}}],\"inLanguage\":\"fr-FR\"},{\"@type\":\"Organization\",\"@id\":\"https:\\\/\\\/rachat2credit.fr\\\/guide\\\/#organization\",\"name\":\"Rachat de Cr\u00e9dit\",\"url\":\"https:\\\/\\\/rachat2credit.fr\\\/guide\\\/\",\"logo\":{\"@type\":\"ImageObject\",\"inLanguage\":\"fr-FR\",\"@id\":\"https:\\\/\\\/rachat2credit.fr\\\/guide\\\/#\\\/schema\\\/logo\\\/image\\\/\",\"url\":\"https:\\\/\\\/rachat2credit.fr\\\/guide\\\/wp-content\\\/uploads\\\/2025\\\/05\\\/rachat2credit.png\",\"contentUrl\":\"https:\\\/\\\/rachat2credit.fr\\\/guide\\\/wp-content\\\/uploads\\\/2025\\\/05\\\/rachat2credit.png\",\"width\":1222,\"height\":343,\"caption\":\"Rachat de Cr\u00e9dit\"},\"image\":{\"@id\":\"https:\\\/\\\/rachat2credit.fr\\\/guide\\\/#\\\/schema\\\/logo\\\/image\\\/\"}},{\"@type\":\"Person\",\"@id\":\"https:\\\/\\\/rachat2credit.fr\\\/guide\\\/#\\\/schema\\\/person\\\/d4142086d07bc6acdc4722eabd955cc2\",\"name\":\"Aurelien Boulanger\",\"image\":{\"@type\":\"ImageObject\",\"inLanguage\":\"fr-FR\",\"@id\":\"https:\\\/\\\/secure.gravatar.com\\\/avatar\\\/32175434c9ca2b27bfeb905d1c3ec782a789caf494bc0ec8fa6ed0ee39c2e62a?s=96&d=mm&r=g\",\"url\":\"https:\\\/\\\/secure.gravatar.com\\\/avatar\\\/32175434c9ca2b27bfeb905d1c3ec782a789caf494bc0ec8fa6ed0ee39c2e62a?s=96&d=mm&r=g\",\"contentUrl\":\"https:\\\/\\\/secure.gravatar.com\\\/avatar\\\/32175434c9ca2b27bfeb905d1c3ec782a789caf494bc0ec8fa6ed0ee39c2e62a?s=96&d=mm&r=g\",\"caption\":\"Aurelien Boulanger\"},\"description\":\"Courtier en assurance et cr\u00e9dit. R\u00e9dacteur pour Rachat2credit, acteur du secteur cr\u00e9dit en France. Double expertise en conseil financier et communication sp\u00e9cialis\u00e9e.\",\"sameAs\":[\"https:\\\/\\\/rachat2credit.fr\\\/guide\"],\"url\":\"https:\\\/\\\/rachat2credit.fr\\\/guide\\\/author\\\/aurelien\\\/\"}]}<\/script>\n<!-- \/ Yoast SEO plugin. -->","yoast_head_json":{"title":"Rachat de cr\u00e9dit pour int\u00e9rimaires : solutions et strat\u00e9gies - Rachat de Cr\u00e9dit","description":"Int\u00e9rimaire ? R\u00e9duisez vos mensualit\u00e9s gr\u00e2ce au rachat de cr\u00e9dit adapt\u00e9 \u00e0 votre statut. Solutions, crit\u00e8res d'\u00e9ligibilit\u00e9 et strat\u00e9gies pour maximiser vos chances d'acceptation.","robots":{"index":"index","follow":"follow","max-snippet":"max-snippet:-1","max-image-preview":"max-image-preview:large","max-video-preview":"max-video-preview:-1"},"canonical":"https:\/\/rachat2credit.fr\/guide\/rachat-credit-interim\/","og_locale":"fr_FR","og_type":"article","og_title":"Rachat de cr\u00e9dit pour int\u00e9rimaires : solutions et strat\u00e9gies - Rachat de Cr\u00e9dit","og_description":"Int\u00e9rimaire ? R\u00e9duisez vos mensualit\u00e9s gr\u00e2ce au rachat de cr\u00e9dit adapt\u00e9 \u00e0 votre statut. Solutions, crit\u00e8res d'\u00e9ligibilit\u00e9 et strat\u00e9gies pour maximiser vos chances d'acceptation.","og_url":"https:\/\/rachat2credit.fr\/guide\/rachat-credit-interim\/","og_site_name":"Rachat de Cr\u00e9dit","article_published_time":"2025-08-01T08:18:45+00:00","og_image":[{"width":1024,"height":1024,"url":"https:\/\/rachat2credit.fr\/guide\/wp-content\/uploads\/2025\/05\/Rachat-de-credit-pour-interimaires.png","type":"image\/png"}],"author":"Aurelien Boulanger","twitter_card":"summary_large_image","twitter_misc":{"\u00c9crit par":"Aurelien Boulanger","Dur\u00e9e de lecture estim\u00e9e":"14 minutes"},"schema":{"@context":"https:\/\/schema.org","@graph":[{"@type":"NewsArticle","@id":"https:\/\/rachat2credit.fr\/guide\/rachat-credit-interim\/#article","isPartOf":{"@id":"https:\/\/rachat2credit.fr\/guide\/rachat-credit-interim\/"},"author":{"name":"Aurelien Boulanger","@id":"https:\/\/rachat2credit.fr\/guide\/#\/schema\/person\/d4142086d07bc6acdc4722eabd955cc2"},"headline":"Rachat de cr\u00e9dit pour int\u00e9rimaires : solutions et strat\u00e9gies","datePublished":"2025-08-01T08:18:45+00:00","mainEntityOfPage":{"@id":"https:\/\/rachat2credit.fr\/guide\/rachat-credit-interim\/"},"wordCount":3194,"commentCount":0,"publisher":{"@id":"https:\/\/rachat2credit.fr\/guide\/#organization"},"image":{"@id":"https:\/\/rachat2credit.fr\/guide\/rachat-credit-interim\/#primaryimage"},"thumbnailUrl":"https:\/\/rachat2credit.fr\/guide\/wp-content\/uploads\/2025\/05\/Rachat-de-credit-pour-interimaires.png","articleSection":["Rachat de cr\u00e9dit"],"inLanguage":"fr-FR","potentialAction":[{"@type":"CommentAction","name":"Comment","target":["https:\/\/rachat2credit.fr\/guide\/rachat-credit-interim\/#respond"]}]},{"@type":"WebPage","@id":"https:\/\/rachat2credit.fr\/guide\/rachat-credit-interim\/","url":"https:\/\/rachat2credit.fr\/guide\/rachat-credit-interim\/","name":"Rachat de cr\u00e9dit pour int\u00e9rimaires : solutions et strat\u00e9gies - Rachat de Cr\u00e9dit","isPartOf":{"@id":"https:\/\/rachat2credit.fr\/guide\/#website"},"primaryImageOfPage":{"@id":"https:\/\/rachat2credit.fr\/guide\/rachat-credit-interim\/#primaryimage"},"image":{"@id":"https:\/\/rachat2credit.fr\/guide\/rachat-credit-interim\/#primaryimage"},"thumbnailUrl":"https:\/\/rachat2credit.fr\/guide\/wp-content\/uploads\/2025\/05\/Rachat-de-credit-pour-interimaires.png","datePublished":"2025-08-01T08:18:45+00:00","description":"Int\u00e9rimaire ? R\u00e9duisez vos mensualit\u00e9s gr\u00e2ce au rachat de cr\u00e9dit adapt\u00e9 \u00e0 votre statut. Solutions, crit\u00e8res d'\u00e9ligibilit\u00e9 et strat\u00e9gies pour maximiser vos chances d'acceptation.","breadcrumb":{"@id":"https:\/\/rachat2credit.fr\/guide\/rachat-credit-interim\/#breadcrumb"},"inLanguage":"fr-FR","potentialAction":[{"@type":"ReadAction","target":["https:\/\/rachat2credit.fr\/guide\/rachat-credit-interim\/"]}]},{"@type":"ImageObject","inLanguage":"fr-FR","@id":"https:\/\/rachat2credit.fr\/guide\/rachat-credit-interim\/#primaryimage","url":"https:\/\/rachat2credit.fr\/guide\/wp-content\/uploads\/2025\/05\/Rachat-de-credit-pour-interimaires.png","contentUrl":"https:\/\/rachat2credit.fr\/guide\/wp-content\/uploads\/2025\/05\/Rachat-de-credit-pour-interimaires.png","width":1024,"height":1024,"caption":"Rachat de cr\u00e9dit pour int\u00e9rimaires : solutions et strat\u00e9gies"},{"@type":"BreadcrumbList","@id":"https:\/\/rachat2credit.fr\/guide\/rachat-credit-interim\/#breadcrumb","itemListElement":[{"@type":"ListItem","position":1,"name":"Accueil","item":"https:\/\/rachat2credit.fr\/guide\/"},{"@type":"ListItem","position":2,"name":"Rachat de cr\u00e9dit pour int\u00e9rimaires : solutions et strat\u00e9gies"}]},{"@type":"WebSite","@id":"https:\/\/rachat2credit.fr\/guide\/#website","url":"https:\/\/rachat2credit.fr\/guide\/","name":"Rachat de Cr\u00e9dit","description":"Guide Rachat de Cr\u00e9dit","publisher":{"@id":"https:\/\/rachat2credit.fr\/guide\/#organization"},"potentialAction":[{"@type":"SearchAction","target":{"@type":"EntryPoint","urlTemplate":"https:\/\/rachat2credit.fr\/guide\/?s={search_term_string}"},"query-input":{"@type":"PropertyValueSpecification","valueRequired":true,"valueName":"search_term_string"}}],"inLanguage":"fr-FR"},{"@type":"Organization","@id":"https:\/\/rachat2credit.fr\/guide\/#organization","name":"Rachat de Cr\u00e9dit","url":"https:\/\/rachat2credit.fr\/guide\/","logo":{"@type":"ImageObject","inLanguage":"fr-FR","@id":"https:\/\/rachat2credit.fr\/guide\/#\/schema\/logo\/image\/","url":"https:\/\/rachat2credit.fr\/guide\/wp-content\/uploads\/2025\/05\/rachat2credit.png","contentUrl":"https:\/\/rachat2credit.fr\/guide\/wp-content\/uploads\/2025\/05\/rachat2credit.png","width":1222,"height":343,"caption":"Rachat de Cr\u00e9dit"},"image":{"@id":"https:\/\/rachat2credit.fr\/guide\/#\/schema\/logo\/image\/"}},{"@type":"Person","@id":"https:\/\/rachat2credit.fr\/guide\/#\/schema\/person\/d4142086d07bc6acdc4722eabd955cc2","name":"Aurelien Boulanger","image":{"@type":"ImageObject","inLanguage":"fr-FR","@id":"https:\/\/secure.gravatar.com\/avatar\/32175434c9ca2b27bfeb905d1c3ec782a789caf494bc0ec8fa6ed0ee39c2e62a?s=96&d=mm&r=g","url":"https:\/\/secure.gravatar.com\/avatar\/32175434c9ca2b27bfeb905d1c3ec782a789caf494bc0ec8fa6ed0ee39c2e62a?s=96&d=mm&r=g","contentUrl":"https:\/\/secure.gravatar.com\/avatar\/32175434c9ca2b27bfeb905d1c3ec782a789caf494bc0ec8fa6ed0ee39c2e62a?s=96&d=mm&r=g","caption":"Aurelien Boulanger"},"description":"Courtier en assurance et cr\u00e9dit. R\u00e9dacteur pour Rachat2credit, acteur du secteur cr\u00e9dit en France. Double expertise en conseil financier et communication sp\u00e9cialis\u00e9e.","sameAs":["https:\/\/rachat2credit.fr\/guide"],"url":"https:\/\/rachat2credit.fr\/guide\/author\/aurelien\/"}]}},"_links":{"self":[{"href":"https:\/\/rachat2credit.fr\/guide\/wp-json\/wp\/v2\/posts\/481","targetHints":{"allow":["GET"]}}],"collection":[{"href":"https:\/\/rachat2credit.fr\/guide\/wp-json\/wp\/v2\/posts"}],"about":[{"href":"https:\/\/rachat2credit.fr\/guide\/wp-json\/wp\/v2\/types\/post"}],"author":[{"embeddable":true,"href":"https:\/\/rachat2credit.fr\/guide\/wp-json\/wp\/v2\/users\/1"}],"replies":[{"embeddable":true,"href":"https:\/\/rachat2credit.fr\/guide\/wp-json\/wp\/v2\/comments?post=481"}],"version-history":[{"count":1,"href":"https:\/\/rachat2credit.fr\/guide\/wp-json\/wp\/v2\/posts\/481\/revisions"}],"predecessor-version":[{"id":483,"href":"https:\/\/rachat2credit.fr\/guide\/wp-json\/wp\/v2\/posts\/481\/revisions\/483"}],"wp:featuredmedia":[{"embeddable":true,"href":"https:\/\/rachat2credit.fr\/guide\/wp-json\/wp\/v2\/media\/482"}],"wp:attachment":[{"href":"https:\/\/rachat2credit.fr\/guide\/wp-json\/wp\/v2\/media?parent=481"}],"wp:term":[{"taxonomy":"category","embeddable":true,"href":"https:\/\/rachat2credit.fr\/guide\/wp-json\/wp\/v2\/categories?post=481"},{"taxonomy":"post_tag","embeddable":true,"href":"https:\/\/rachat2credit.fr\/guide\/wp-json\/wp\/v2\/tags?post=481"}],"curies":[{"name":"wp","href":"https:\/\/api.w.org\/{rel}","templated":true}]}}