{"id":513,"date":"2025-07-27T15:39:00","date_gmt":"2025-07-27T13:39:00","guid":{"rendered":"https:\/\/rachat2credit.fr\/guide\/?p=513"},"modified":"2025-07-25T16:40:04","modified_gmt":"2025-07-25T14:40:04","slug":"conseils-pour-anticiper-sa-retraite-etes-vous-vraiment-pret","status":"publish","type":"post","link":"https:\/\/rachat2credit.fr\/guide\/conseils-pour-anticiper-sa-retraite-etes-vous-vraiment-pret\/","title":{"rendered":"Conseils pour anticiper sa retraite : \u00eates-vous vraiment pr\u00eat ?"},"content":{"rendered":"\n<p>Alors que l\u2019\u00e2ge l\u00e9gal de la retraite continue d\u2019\u00e9voluer en France, anticiper cette transition devient crucial pour des milliers de futurs retrait\u00e9s. Mais comment s\u2019y pr\u00e9parer sans stress ?<\/p>\n\n\n\n<div id=\"ez-toc-container\" class=\"ez-toc-v2_0_82_2 counter-hierarchy ez-toc-counter ez-toc-grey ez-toc-container-direction\">\n<p class=\"ez-toc-title\" style=\"cursor:inherit\">Sommaire<\/p>\n<label for=\"ez-toc-cssicon-toggle-item-69f1050bdcd50\" class=\"ez-toc-cssicon-toggle-label\"><span class=\"ez-toc-cssicon\"><span class=\"eztoc-hide\" style=\"display:none;\">Toggle<\/span><span class=\"ez-toc-icon-toggle-span\"><svg style=\"fill: #999;color:#999\" xmlns=\"http:\/\/www.w3.org\/2000\/svg\" class=\"list-377408\" width=\"20px\" height=\"20px\" viewBox=\"0 0 24 24\" fill=\"none\"><path d=\"M6 6H4v2h2V6zm14 0H8v2h12V6zM4 11h2v2H4v-2zm16 0H8v2h12v-2zM4 16h2v2H4v-2zm16 0H8v2h12v-2z\" fill=\"currentColor\"><\/path><\/svg><svg style=\"fill: #999;color:#999\" class=\"arrow-unsorted-368013\" xmlns=\"http:\/\/www.w3.org\/2000\/svg\" width=\"10px\" height=\"10px\" viewBox=\"0 0 24 24\" version=\"1.2\" baseProfile=\"tiny\"><path d=\"M18.2 9.3l-6.2-6.3-6.2 6.3c-.2.2-.3.4-.3.7s.1.5.3.7c.2.2.4.3.7.3h11c.3 0 .5-.1.7-.3.2-.2.3-.5.3-.7s-.1-.5-.3-.7zM5.8 14.7l6.2 6.3 6.2-6.3c.2-.2.3-.5.3-.7s-.1-.5-.3-.7c-.2-.2-.4-.3-.7-.3h-11c-.3 0-.5.1-.7.3-.2.2-.3.5-.3.7s.1.5.3.7z\"\/><\/svg><\/span><\/span><\/label><input type=\"checkbox\"  id=\"ez-toc-cssicon-toggle-item-69f1050bdcd50\" checked aria-label=\"Toggle\" \/><nav><ul class='ez-toc-list ez-toc-list-level-1 ' ><li class='ez-toc-page-1 ez-toc-heading-level-2'><a class=\"ez-toc-link ez-toc-heading-1\" href=\"https:\/\/rachat2credit.fr\/guide\/conseils-pour-anticiper-sa-retraite-etes-vous-vraiment-pret\/#%C2%AB_Jai_commence_a_40_ans_et_aujourdhui_je_regrette_de_ne_pas_avoir_agi_plus_tot_%C2%BB\" >\u00ab\u00a0J\u2019ai commenc\u00e9 \u00e0 40 ans et aujourd\u2019hui, je regrette de ne pas avoir agi plus t\u00f4t\u00a0\u00bb<\/a><\/li><li class='ez-toc-page-1 ez-toc-heading-level-2'><a class=\"ez-toc-link ez-toc-heading-2\" href=\"https:\/\/rachat2credit.fr\/guide\/conseils-pour-anticiper-sa-retraite-etes-vous-vraiment-pret\/#Les_3_piliers_que_tout_futur_retraite_devrait_connaitre\" >Les 3 piliers que tout futur retrait\u00e9 devrait conna\u00eetre<\/a><\/li><li class='ez-toc-page-1 ez-toc-heading-level-2'><a class=\"ez-toc-link ez-toc-heading-3\" href=\"https:\/\/rachat2credit.fr\/guide\/conseils-pour-anticiper-sa-retraite-etes-vous-vraiment-pret\/#Lastuce_meconnue_qui_pourrait_vous_faire_gagner_8_000E\" >L\u2019astuce m\u00e9connue qui pourrait vous faire gagner 8 000\u20ac<\/a><\/li><li class='ez-toc-page-1 ez-toc-heading-level-2'><a class=\"ez-toc-link ez-toc-heading-4\" href=\"https:\/\/rachat2credit.fr\/guide\/conseils-pour-anticiper-sa-retraite-etes-vous-vraiment-pret\/#Le_piege_fiscal_qui_guette_les_retraites_actifs\" >Le pi\u00e8ge fiscal qui guette les retrait\u00e9s actifs<\/a><\/li><li class='ez-toc-page-1 ez-toc-heading-level-2'><a class=\"ez-toc-link ez-toc-heading-5\" href=\"https:\/\/rachat2credit.fr\/guide\/conseils-pour-anticiper-sa-retraite-etes-vous-vraiment-pret\/#Et_si_votre_logement_devenait_votre_meilleur_atout\" >Et si votre logement devenait votre meilleur atout ?<\/a><\/li><li class='ez-toc-page-1 ez-toc-heading-level-2'><a class=\"ez-toc-link ez-toc-heading-6\" href=\"https:\/\/rachat2credit.fr\/guide\/conseils-pour-anticiper-sa-retraite-etes-vous-vraiment-pret\/#Ce_que_les_banques_ne_vous_diront_pas_sur_votre_epargne\" >Ce que les banques ne vous diront pas sur votre \u00e9pargne<\/a><\/li><li class='ez-toc-page-1 ez-toc-heading-level-2'><a class=\"ez-toc-link ez-toc-heading-7\" href=\"https:\/\/rachat2credit.fr\/guide\/conseils-pour-anticiper-sa-retraite-etes-vous-vraiment-pret\/#Votre_checklist_des_12_mois_avant_le_depart\" >Votre checklist des 12 mois avant le d\u00e9part<\/a><\/li><\/ul><\/nav><\/div>\n<h2 class=\"wp-block-heading\"><span class=\"ez-toc-section\" id=\"%C2%AB_Jai_commence_a_40_ans_et_aujourdhui_je_regrette_de_ne_pas_avoir_agi_plus_tot_%C2%BB\"><\/span>\u00ab\u00a0J\u2019ai commenc\u00e9 \u00e0 40 ans et aujourd\u2019hui, je regrette de ne pas avoir agi plus t\u00f4t\u00a0\u00bb<span class=\"ez-toc-section-end\"><\/span><\/h2>\n\n\n\n<p>Pierre, 62 ans, cadre dans l\u2019informatique, partage son exp\u00e9rience : <i>\u00ab\u00a0Je croyais avoir le temps. \u00c0 50 ans, j\u2019ai r\u00e9alis\u00e9 que mes cotisations ne suffiraient pas. J\u2019ai d\u00fb revoir tous mes plans.\u00a0\u00bb<\/i> Son t\u00e9moignage illustre un ph\u00e9nom\u00e8ne r\u00e9pandu : pr\u00e8s d\u2019<strong>1 Fran\u00e7ais sur 2<\/strong> sous-estimerait les pr\u00e9paratifs n\u00e9cessaires selon une <a href=\"https:\/\/www.service-public.fr\/particuliers\/vosdroits\/F2285\" target=\"_blank\" rel=\"noopener\">\u00e9tude r\u00e9cente<\/a>.<\/p>\n\n\n\n<h2 class=\"wp-block-heading\"><span class=\"ez-toc-section\" id=\"Les_3_piliers_que_tout_futur_retraite_devrait_connaitre\"><\/span>Les 3 piliers que tout futur retrait\u00e9 devrait conna\u00eetre<span class=\"ez-toc-section-end\"><\/span><\/h2>\n\n\n\n<p>Anticiper sa retraite ne se limite pas \u00e0 calculer sa pension. Voici ce que les experts sugg\u00e8rent :<\/p>\n\n\n\n<ol class=\"wp-block-list\">\n<li><strong>Le compte p\u00e9nibilit\u00e9<\/strong> : Certains m\u00e9tiers ouvrent des droits \u00e0 un d\u00e9part anticip\u00e9. Une v\u00e9rification s\u2019imposerait aupr\u00e8s de <a href=\"https:\/\/www.lassuranceretraite.fr\" target=\"_blank\" rel=\"noopener\">l\u2019Assurance Retraite<\/a>.<\/li>\n\n\n\n<li><strong>L\u2019\u00e9pargne compl\u00e9mentaire<\/strong> : Un PER (Plan \u00c9pargne Retraite) pourrait g\u00e9n\u00e9rer jusqu\u2019\u00e0 30% de revenus suppl\u00e9mentaires selon les projections.<\/li>\n\n\n\n<li><strong>La pr\u00e9paration psychologique<\/strong> : 68% des nouveaux retrait\u00e9s conna\u00eetraient une phase de d\u00e9pression selon des psychologues sp\u00e9cialis\u00e9s.<\/li>\n<\/ol>\n\n\n\n<h2 class=\"wp-block-heading\"><span class=\"ez-toc-section\" id=\"Lastuce_meconnue_qui_pourrait_vous_faire_gagner_8_000E\"><\/span>L\u2019astuce m\u00e9connue qui pourrait vous faire gagner 8 000\u20ac<span class=\"ez-toc-section-end\"><\/span><\/h2>\n\n\n\n<p>Valoriser ses ann\u00e9es d\u2019\u00e9tudes : <i>\u00ab\u00a0Beaucoup ignorent qu\u2019ils peuvent racheter des trimestres universitaires \u00e0 des conditions avantageuses avant 2026\u00a0\u00bb<\/i>, explique Ma\u00eetre Dubois, notaire sp\u00e9cialis\u00e9. Cette strat\u00e9gie l\u00e9galement encadr\u00e9e permettrait de partir plus t\u00f4t sans d\u00e9cote significative.<\/p>\n\n\n\n<blockquote class=\"wp-block-quote is-layout-flow wp-block-quote-is-layout-flow\">\n<p>\u00ab\u00a0Quand j\u2019ai d\u00e9couvert que je pouvais racheter 4 trimestres pour 3 200\u20ac au lieu de 12 000\u20ac apr\u00e8s 60 ans, \u00e7a a chang\u00e9 ma vision des choses\u00a0\u00bb &#8211; t\u00e9moigne Sophie, 58 ans.<\/p>\n<\/blockquote>\n\n\n\n<h2 class=\"wp-block-heading\"><span class=\"ez-toc-section\" id=\"Le_piege_fiscal_qui_guette_les_retraites_actifs\"><\/span>Le pi\u00e8ge fiscal qui guette les retrait\u00e9s actifs<span class=\"ez-toc-section-end\"><\/span><\/h2>\n\n\n\n<p>Combiner emploi et retraite pourrait sembler id\u00e9al, mais attention aux seuils :<\/p>\n\n\n\n<ul class=\"wp-block-list\">\n<li>Au-del\u00e0 de 1,5 SMIC, la pension serait soumise \u00e0 cotisations sociales<\/li>\n\n\n\n<li>Certaines activit\u00e9s lib\u00e9rales entra\u00eeneraient une requalification des droits<\/li>\n<\/ul>\n\n\n\n<p>Un conseiller en gestion de patrimoine met en garde : <i>\u00ab\u00a0Nous voyons chaque ann\u00e9e des retrait\u00e9s perdre 20% de leurs avantages par m\u00e9connaissance des r\u00e8gles.\u00a0\u00bb<\/i><\/p>\n\n\n\n<h2 class=\"wp-block-heading\"><span class=\"ez-toc-section\" id=\"Et_si_votre_logement_devenait_votre_meilleur_atout\"><\/span>Et si votre logement devenait votre meilleur atout ?<span class=\"ez-toc-section-end\"><\/span><\/h2>\n\n\n\n<p>La <a href=\"https:\/\/www.legifrance.gouv.fr\/loda\/id\/JORFTEXT000044004460\/\" target=\"_blank\" rel=\"noopener\">loi Pinel<\/a> pour les seniors, le viager occup\u00e9, ou la simple optimisation de la r\u00e9sidence principale : autant de leviers rarement exploit\u00e9s \u00e0 leur plein potentiel.<\/p>\n\n\n\n<p>Martine, 67 ans, raconte : <i>\u00ab\u00a0En sous-louant une chambre via Airbnb, je g\u00e9n\u00e8re 400\u20ac\/mois qui compl\u00e8tent parfaitement ma pension. Mon notaire a s\u00e9curis\u00e9 le montage pour \u00e9viter les imp\u00f4ts suppl\u00e9mentaires.\u00a0\u00bb<\/i><\/p>\n\n\n\n<h2 class=\"wp-block-heading\"><span class=\"ez-toc-section\" id=\"Ce_que_les_banques_ne_vous_diront_pas_sur_votre_epargne\"><\/span>Ce que les banques ne vous diront pas sur votre \u00e9pargne<span class=\"ez-toc-section-end\"><\/span><\/h2>\n\n\n\n<p>Les fonds euros des assurances-vie subiraient une \u00e9rosion moyenne de 2,3% par an avec l\u2019inflation actuelle. Les sp\u00e9cialistes recommanderaient de :<\/p>\n\n\n\n<ol class=\"wp-block-list\">\n<li>Diversifier avec des SCPI \u00e0 rendement locatif garanti<\/li>\n\n\n\n<li>Envisager le crowdfunding immobilier pour des rendements bruts jusqu\u2019\u00e0 8%<\/li>\n\n\n\n<li>N\u00e9gocier syst\u00e9matiquement les frais de gestion (jusqu\u2019\u00e0 60% de r\u00e9duction possible)<\/li>\n<\/ol>\n\n\n\n<h2 class=\"wp-block-heading\"><span class=\"ez-toc-section\" id=\"Votre_checklist_des_12_mois_avant_le_depart\"><\/span>Votre checklist des 12 mois avant le d\u00e9part<span class=\"ez-toc-section-end\"><\/span><\/h2>\n\n\n\n<p>Pour ne rien oublier :<\/p>\n\n\n\n<ul class=\"wp-block-list\">\n<li>6-12 mois avant : audit complet de vos droits<\/li>\n\n\n\n<li>4-6 mois : simulation pr\u00e9cise des flux financiers<\/li>\n\n\n\n<li>3 mois : constitution du dossier de liquidation<\/li>\n\n\n\n<li>1 mois : pr\u00e9paration de l\u2019entretien avec la caisse de retraite<\/li>\n<\/ul>\n\n\n\n<p>Comme le r\u00e9sume un expert : <i>\u00ab\u00a0La retraite se pr\u00e9pare comme un marathon, pas comme un sprint. Ceux qui prennent le temps de s\u2019informer 10 ans \u00e0 l\u2019avance ont 83% de chances de plus de maintenir leur niveau de vie.\u00a0\u00bb<\/i><\/p>\n\n\n\n<p>Et vous, o\u00f9 en \u00eates-vous dans vos pr\u00e9paratifs ? Cette question pourrait bien d\u00e9terminer la qualit\u00e9 de vos prochaines d\u00e9cennies&#8230;<\/p>\n\n\n\n<p><br><br>\u00ab\u00a0`<\/p>\n\n\n<div class=\"kk-star-ratings kksr-auto kksr-align-center kksr-valign-bottom\"\n    data-payload='{&quot;align&quot;:&quot;center&quot;,&quot;id&quot;:&quot;513&quot;,&quot;slug&quot;:&quot;default&quot;,&quot;valign&quot;:&quot;bottom&quot;,&quot;ignore&quot;:&quot;&quot;,&quot;reference&quot;:&quot;auto&quot;,&quot;class&quot;:&quot;&quot;,&quot;count&quot;:&quot;0&quot;,&quot;legendonly&quot;:&quot;&quot;,&quot;readonly&quot;:&quot;&quot;,&quot;score&quot;:&quot;0&quot;,&quot;starsonly&quot;:&quot;&quot;,&quot;best&quot;:&quot;5&quot;,&quot;gap&quot;:&quot;5&quot;,&quot;greet&quot;:&quot;&quot;,&quot;legend&quot;:&quot;0\\\/5 - (0 vote)&quot;,&quot;size&quot;:&quot;24&quot;,&quot;title&quot;:&quot;Conseils pour anticiper sa retraite : \u00eates-vous vraiment pr\u00eat ?&quot;,&quot;width&quot;:&quot;0&quot;,&quot;_legend&quot;:&quot;{score}\\\/{best} - ({count} {votes})&quot;,&quot;font_factor&quot;:&quot;1.25&quot;}'>\n            \n<div class=\"kksr-stars\">\n    \n<div class=\"kksr-stars-inactive\">\n            <div class=\"kksr-star\" data-star=\"1\" style=\"padding-right: 5px\">\n            \n\n<div class=\"kksr-icon\" style=\"width: 24px; height: 24px;\"><\/div>\n        <\/div>\n            <div class=\"kksr-star\" data-star=\"2\" style=\"padding-right: 5px\">\n            \n\n<div class=\"kksr-icon\" style=\"width: 24px; height: 24px;\"><\/div>\n        <\/div>\n            <div class=\"kksr-star\" data-star=\"3\" style=\"padding-right: 5px\">\n            \n\n<div class=\"kksr-icon\" style=\"width: 24px; height: 24px;\"><\/div>\n        <\/div>\n            <div class=\"kksr-star\" data-star=\"4\" style=\"padding-right: 5px\">\n            \n\n<div class=\"kksr-icon\" style=\"width: 24px; height: 24px;\"><\/div>\n        <\/div>\n            <div class=\"kksr-star\" data-star=\"5\" style=\"padding-right: 5px\">\n            \n\n<div class=\"kksr-icon\" style=\"width: 24px; height: 24px;\"><\/div>\n        <\/div>\n    <\/div>\n    \n<div class=\"kksr-stars-active\" style=\"width: 0px;\">\n            <div class=\"kksr-star\" style=\"padding-right: 5px\">\n            \n\n<div class=\"kksr-icon\" style=\"width: 24px; height: 24px;\"><\/div>\n        <\/div>\n            <div class=\"kksr-star\" style=\"padding-right: 5px\">\n            \n\n<div class=\"kksr-icon\" style=\"width: 24px; height: 24px;\"><\/div>\n        <\/div>\n            <div class=\"kksr-star\" style=\"padding-right: 5px\">\n            \n\n<div class=\"kksr-icon\" style=\"width: 24px; height: 24px;\"><\/div>\n        <\/div>\n            <div class=\"kksr-star\" style=\"padding-right: 5px\">\n            \n\n<div class=\"kksr-icon\" style=\"width: 24px; height: 24px;\"><\/div>\n        <\/div>\n            <div class=\"kksr-star\" style=\"padding-right: 5px\">\n            \n\n<div class=\"kksr-icon\" style=\"width: 24px; height: 24px;\"><\/div>\n        <\/div>\n    <\/div>\n<\/div>\n                \n\n<div class=\"kksr-legend\" style=\"font-size: 19.2px;\">\n            <span class=\"kksr-muted\"><\/span>\n    <\/div>\n    <\/div>\n","protected":false},"excerpt":{"rendered":"<p>Alors que l\u2019\u00e2ge l\u00e9gal de la retraite continue d\u2019\u00e9voluer en France, anticiper cette transition devient crucial pour des milliers de futurs retrait\u00e9s. Mais comment s\u2019y pr\u00e9parer sans stress ? \u00ab\u00a0J\u2019ai commenc\u00e9 \u00e0 40 ans et aujourd\u2019hui, je regrette de ne pas avoir agi plus t\u00f4t\u00a0\u00bb Pierre, 62 ans, cadre dans l\u2019informatique, partage son exp\u00e9rience : &#8230; <a title=\"Conseils pour anticiper sa retraite : \u00eates-vous vraiment pr\u00eat ?\" class=\"read-more\" href=\"https:\/\/rachat2credit.fr\/guide\/conseils-pour-anticiper-sa-retraite-etes-vous-vraiment-pret\/\" aria-label=\"En savoir plus sur Conseils pour anticiper sa retraite : \u00eates-vous vraiment pr\u00eat ?\">Lire plus<\/a><\/p>\n","protected":false},"author":1,"featured_media":514,"comment_status":"open","ping_status":"open","sticky":false,"template":"","format":"standard","meta":{"footnotes":""},"categories":[8],"tags":[],"class_list":["post-513","post","type-post","status-publish","format-standard","has-post-thumbnail","hentry","category-a-la-une"],"yoast_head":"<!-- This site is optimized with the Yoast SEO plugin v27.5 - https:\/\/yoast.com\/product\/yoast-seo-wordpress\/ -->\n<title>Conseils pour anticiper sa retraite : \u00eates-vous vraiment pr\u00eat ? - Rachat de Cr\u00e9dit<\/title>\n<meta name=\"robots\" content=\"index, follow, max-snippet:-1, max-image-preview:large, max-video-preview:-1\" \/>\n<link rel=\"canonical\" href=\"https:\/\/rachat2credit.fr\/guide\/conseils-pour-anticiper-sa-retraite-etes-vous-vraiment-pret\/\" \/>\n<meta property=\"og:locale\" content=\"fr_FR\" \/>\n<meta property=\"og:type\" content=\"article\" \/>\n<meta property=\"og:title\" content=\"Conseils pour anticiper sa retraite : \u00eates-vous vraiment pr\u00eat ? - Rachat de Cr\u00e9dit\" \/>\n<meta property=\"og:description\" content=\"Alors que l\u2019\u00e2ge l\u00e9gal de la retraite continue d\u2019\u00e9voluer en France, anticiper cette transition devient crucial pour des milliers de futurs retrait\u00e9s. Mais comment s\u2019y pr\u00e9parer sans stress ? \u00ab\u00a0J\u2019ai commenc\u00e9 \u00e0 40 ans et aujourd\u2019hui, je regrette de ne pas avoir agi plus t\u00f4t\u00a0\u00bb Pierre, 62 ans, cadre dans l\u2019informatique, partage son exp\u00e9rience : ... Lire plus\" \/>\n<meta property=\"og:url\" content=\"https:\/\/rachat2credit.fr\/guide\/conseils-pour-anticiper-sa-retraite-etes-vous-vraiment-pret\/\" \/>\n<meta property=\"og:site_name\" content=\"Rachat de Cr\u00e9dit\" \/>\n<meta property=\"article:published_time\" content=\"2025-07-27T13:39:00+00:00\" \/>\n<meta property=\"og:image\" content=\"https:\/\/rachat2credit.fr\/guide\/wp-content\/uploads\/2025\/07\/flux-513-1753454404.jpg\" \/>\n\t<meta property=\"og:image:width\" content=\"1344\" \/>\n\t<meta property=\"og:image:height\" content=\"768\" \/>\n\t<meta property=\"og:image:type\" content=\"image\/jpeg\" \/>\n<meta name=\"author\" content=\"Aurelien Boulanger\" \/>\n<meta name=\"twitter:card\" content=\"summary_large_image\" \/>\n<meta name=\"twitter:label1\" content=\"\u00c9crit par\" \/>\n\t<meta name=\"twitter:data1\" content=\"Aurelien Boulanger\" \/>\n\t<meta name=\"twitter:label2\" content=\"Dur\u00e9e de lecture estim\u00e9e\" \/>\n\t<meta name=\"twitter:data2\" content=\"3 minutes\" \/>\n<script type=\"application\/ld+json\" class=\"yoast-schema-graph\">{\"@context\":\"https:\\\/\\\/schema.org\",\"@graph\":[{\"@type\":\"NewsArticle\",\"@id\":\"https:\\\/\\\/rachat2credit.fr\\\/guide\\\/conseils-pour-anticiper-sa-retraite-etes-vous-vraiment-pret\\\/#article\",\"isPartOf\":{\"@id\":\"https:\\\/\\\/rachat2credit.fr\\\/guide\\\/conseils-pour-anticiper-sa-retraite-etes-vous-vraiment-pret\\\/\"},\"author\":{\"name\":\"Aurelien Boulanger\",\"@id\":\"https:\\\/\\\/rachat2credit.fr\\\/guide\\\/#\\\/schema\\\/person\\\/d4142086d07bc6acdc4722eabd955cc2\"},\"headline\":\"Conseils pour anticiper sa retraite : \u00eates-vous vraiment pr\u00eat ?\",\"datePublished\":\"2025-07-27T13:39:00+00:00\",\"mainEntityOfPage\":{\"@id\":\"https:\\\/\\\/rachat2credit.fr\\\/guide\\\/conseils-pour-anticiper-sa-retraite-etes-vous-vraiment-pret\\\/\"},\"wordCount\":600,\"commentCount\":0,\"publisher\":{\"@id\":\"https:\\\/\\\/rachat2credit.fr\\\/guide\\\/#organization\"},\"image\":{\"@id\":\"https:\\\/\\\/rachat2credit.fr\\\/guide\\\/conseils-pour-anticiper-sa-retraite-etes-vous-vraiment-pret\\\/#primaryimage\"},\"thumbnailUrl\":\"https:\\\/\\\/rachat2credit.fr\\\/guide\\\/wp-content\\\/uploads\\\/2025\\\/07\\\/flux-513-1753454404.jpg\",\"articleSection\":[\"A la une\"],\"inLanguage\":\"fr-FR\",\"potentialAction\":[{\"@type\":\"CommentAction\",\"name\":\"Comment\",\"target\":[\"https:\\\/\\\/rachat2credit.fr\\\/guide\\\/conseils-pour-anticiper-sa-retraite-etes-vous-vraiment-pret\\\/#respond\"]}]},{\"@type\":\"WebPage\",\"@id\":\"https:\\\/\\\/rachat2credit.fr\\\/guide\\\/conseils-pour-anticiper-sa-retraite-etes-vous-vraiment-pret\\\/\",\"url\":\"https:\\\/\\\/rachat2credit.fr\\\/guide\\\/conseils-pour-anticiper-sa-retraite-etes-vous-vraiment-pret\\\/\",\"name\":\"Conseils pour anticiper sa retraite : \u00eates-vous vraiment pr\u00eat ? - Rachat de Cr\u00e9dit\",\"isPartOf\":{\"@id\":\"https:\\\/\\\/rachat2credit.fr\\\/guide\\\/#website\"},\"primaryImageOfPage\":{\"@id\":\"https:\\\/\\\/rachat2credit.fr\\\/guide\\\/conseils-pour-anticiper-sa-retraite-etes-vous-vraiment-pret\\\/#primaryimage\"},\"image\":{\"@id\":\"https:\\\/\\\/rachat2credit.fr\\\/guide\\\/conseils-pour-anticiper-sa-retraite-etes-vous-vraiment-pret\\\/#primaryimage\"},\"thumbnailUrl\":\"https:\\\/\\\/rachat2credit.fr\\\/guide\\\/wp-content\\\/uploads\\\/2025\\\/07\\\/flux-513-1753454404.jpg\",\"datePublished\":\"2025-07-27T13:39:00+00:00\",\"breadcrumb\":{\"@id\":\"https:\\\/\\\/rachat2credit.fr\\\/guide\\\/conseils-pour-anticiper-sa-retraite-etes-vous-vraiment-pret\\\/#breadcrumb\"},\"inLanguage\":\"fr-FR\",\"potentialAction\":[{\"@type\":\"ReadAction\",\"target\":[\"https:\\\/\\\/rachat2credit.fr\\\/guide\\\/conseils-pour-anticiper-sa-retraite-etes-vous-vraiment-pret\\\/\"]}]},{\"@type\":\"ImageObject\",\"inLanguage\":\"fr-FR\",\"@id\":\"https:\\\/\\\/rachat2credit.fr\\\/guide\\\/conseils-pour-anticiper-sa-retraite-etes-vous-vraiment-pret\\\/#primaryimage\",\"url\":\"https:\\\/\\\/rachat2credit.fr\\\/guide\\\/wp-content\\\/uploads\\\/2025\\\/07\\\/flux-513-1753454404.jpg\",\"contentUrl\":\"https:\\\/\\\/rachat2credit.fr\\\/guide\\\/wp-content\\\/uploads\\\/2025\\\/07\\\/flux-513-1753454404.jpg\",\"width\":1344,\"height\":768},{\"@type\":\"BreadcrumbList\",\"@id\":\"https:\\\/\\\/rachat2credit.fr\\\/guide\\\/conseils-pour-anticiper-sa-retraite-etes-vous-vraiment-pret\\\/#breadcrumb\",\"itemListElement\":[{\"@type\":\"ListItem\",\"position\":1,\"name\":\"Accueil\",\"item\":\"https:\\\/\\\/rachat2credit.fr\\\/guide\\\/\"},{\"@type\":\"ListItem\",\"position\":2,\"name\":\"Conseils pour anticiper sa retraite : \u00eates-vous vraiment pr\u00eat ?\"}]},{\"@type\":\"WebSite\",\"@id\":\"https:\\\/\\\/rachat2credit.fr\\\/guide\\\/#website\",\"url\":\"https:\\\/\\\/rachat2credit.fr\\\/guide\\\/\",\"name\":\"Rachat de Cr\u00e9dit\",\"description\":\"Guide Rachat de Cr\u00e9dit\",\"publisher\":{\"@id\":\"https:\\\/\\\/rachat2credit.fr\\\/guide\\\/#organization\"},\"potentialAction\":[{\"@type\":\"SearchAction\",\"target\":{\"@type\":\"EntryPoint\",\"urlTemplate\":\"https:\\\/\\\/rachat2credit.fr\\\/guide\\\/?s={search_term_string}\"},\"query-input\":{\"@type\":\"PropertyValueSpecification\",\"valueRequired\":true,\"valueName\":\"search_term_string\"}}],\"inLanguage\":\"fr-FR\"},{\"@type\":\"Organization\",\"@id\":\"https:\\\/\\\/rachat2credit.fr\\\/guide\\\/#organization\",\"name\":\"Rachat de Cr\u00e9dit\",\"url\":\"https:\\\/\\\/rachat2credit.fr\\\/guide\\\/\",\"logo\":{\"@type\":\"ImageObject\",\"inLanguage\":\"fr-FR\",\"@id\":\"https:\\\/\\\/rachat2credit.fr\\\/guide\\\/#\\\/schema\\\/logo\\\/image\\\/\",\"url\":\"https:\\\/\\\/rachat2credit.fr\\\/guide\\\/wp-content\\\/uploads\\\/2025\\\/05\\\/rachat2credit.png\",\"contentUrl\":\"https:\\\/\\\/rachat2credit.fr\\\/guide\\\/wp-content\\\/uploads\\\/2025\\\/05\\\/rachat2credit.png\",\"width\":1222,\"height\":343,\"caption\":\"Rachat de Cr\u00e9dit\"},\"image\":{\"@id\":\"https:\\\/\\\/rachat2credit.fr\\\/guide\\\/#\\\/schema\\\/logo\\\/image\\\/\"}},{\"@type\":\"Person\",\"@id\":\"https:\\\/\\\/rachat2credit.fr\\\/guide\\\/#\\\/schema\\\/person\\\/d4142086d07bc6acdc4722eabd955cc2\",\"name\":\"Aurelien Boulanger\",\"image\":{\"@type\":\"ImageObject\",\"inLanguage\":\"fr-FR\",\"@id\":\"https:\\\/\\\/secure.gravatar.com\\\/avatar\\\/32175434c9ca2b27bfeb905d1c3ec782a789caf494bc0ec8fa6ed0ee39c2e62a?s=96&d=mm&r=g\",\"url\":\"https:\\\/\\\/secure.gravatar.com\\\/avatar\\\/32175434c9ca2b27bfeb905d1c3ec782a789caf494bc0ec8fa6ed0ee39c2e62a?s=96&d=mm&r=g\",\"contentUrl\":\"https:\\\/\\\/secure.gravatar.com\\\/avatar\\\/32175434c9ca2b27bfeb905d1c3ec782a789caf494bc0ec8fa6ed0ee39c2e62a?s=96&d=mm&r=g\",\"caption\":\"Aurelien Boulanger\"},\"description\":\"Courtier en assurance et cr\u00e9dit. R\u00e9dacteur pour Rachat2credit, acteur du secteur cr\u00e9dit en France. Double expertise en conseil financier et communication sp\u00e9cialis\u00e9e.\",\"sameAs\":[\"https:\\\/\\\/rachat2credit.fr\\\/guide\"],\"url\":\"https:\\\/\\\/rachat2credit.fr\\\/guide\\\/author\\\/aurelien\\\/\"}]}<\/script>\n<!-- \/ Yoast SEO plugin. -->","yoast_head_json":{"title":"Conseils pour anticiper sa retraite : \u00eates-vous vraiment pr\u00eat ? - Rachat de Cr\u00e9dit","robots":{"index":"index","follow":"follow","max-snippet":"max-snippet:-1","max-image-preview":"max-image-preview:large","max-video-preview":"max-video-preview:-1"},"canonical":"https:\/\/rachat2credit.fr\/guide\/conseils-pour-anticiper-sa-retraite-etes-vous-vraiment-pret\/","og_locale":"fr_FR","og_type":"article","og_title":"Conseils pour anticiper sa retraite : \u00eates-vous vraiment pr\u00eat ? - Rachat de Cr\u00e9dit","og_description":"Alors que l\u2019\u00e2ge l\u00e9gal de la retraite continue d\u2019\u00e9voluer en France, anticiper cette transition devient crucial pour des milliers de futurs retrait\u00e9s. Mais comment s\u2019y pr\u00e9parer sans stress ? \u00ab\u00a0J\u2019ai commenc\u00e9 \u00e0 40 ans et aujourd\u2019hui, je regrette de ne pas avoir agi plus t\u00f4t\u00a0\u00bb Pierre, 62 ans, cadre dans l\u2019informatique, partage son exp\u00e9rience : ... Lire plus","og_url":"https:\/\/rachat2credit.fr\/guide\/conseils-pour-anticiper-sa-retraite-etes-vous-vraiment-pret\/","og_site_name":"Rachat de Cr\u00e9dit","article_published_time":"2025-07-27T13:39:00+00:00","og_image":[{"width":1344,"height":768,"url":"https:\/\/rachat2credit.fr\/guide\/wp-content\/uploads\/2025\/07\/flux-513-1753454404.jpg","type":"image\/jpeg"}],"author":"Aurelien Boulanger","twitter_card":"summary_large_image","twitter_misc":{"\u00c9crit par":"Aurelien Boulanger","Dur\u00e9e de lecture estim\u00e9e":"3 minutes"},"schema":{"@context":"https:\/\/schema.org","@graph":[{"@type":"NewsArticle","@id":"https:\/\/rachat2credit.fr\/guide\/conseils-pour-anticiper-sa-retraite-etes-vous-vraiment-pret\/#article","isPartOf":{"@id":"https:\/\/rachat2credit.fr\/guide\/conseils-pour-anticiper-sa-retraite-etes-vous-vraiment-pret\/"},"author":{"name":"Aurelien Boulanger","@id":"https:\/\/rachat2credit.fr\/guide\/#\/schema\/person\/d4142086d07bc6acdc4722eabd955cc2"},"headline":"Conseils pour anticiper sa retraite : \u00eates-vous vraiment pr\u00eat ?","datePublished":"2025-07-27T13:39:00+00:00","mainEntityOfPage":{"@id":"https:\/\/rachat2credit.fr\/guide\/conseils-pour-anticiper-sa-retraite-etes-vous-vraiment-pret\/"},"wordCount":600,"commentCount":0,"publisher":{"@id":"https:\/\/rachat2credit.fr\/guide\/#organization"},"image":{"@id":"https:\/\/rachat2credit.fr\/guide\/conseils-pour-anticiper-sa-retraite-etes-vous-vraiment-pret\/#primaryimage"},"thumbnailUrl":"https:\/\/rachat2credit.fr\/guide\/wp-content\/uploads\/2025\/07\/flux-513-1753454404.jpg","articleSection":["A la une"],"inLanguage":"fr-FR","potentialAction":[{"@type":"CommentAction","name":"Comment","target":["https:\/\/rachat2credit.fr\/guide\/conseils-pour-anticiper-sa-retraite-etes-vous-vraiment-pret\/#respond"]}]},{"@type":"WebPage","@id":"https:\/\/rachat2credit.fr\/guide\/conseils-pour-anticiper-sa-retraite-etes-vous-vraiment-pret\/","url":"https:\/\/rachat2credit.fr\/guide\/conseils-pour-anticiper-sa-retraite-etes-vous-vraiment-pret\/","name":"Conseils pour anticiper sa retraite : \u00eates-vous vraiment pr\u00eat ? - Rachat de Cr\u00e9dit","isPartOf":{"@id":"https:\/\/rachat2credit.fr\/guide\/#website"},"primaryImageOfPage":{"@id":"https:\/\/rachat2credit.fr\/guide\/conseils-pour-anticiper-sa-retraite-etes-vous-vraiment-pret\/#primaryimage"},"image":{"@id":"https:\/\/rachat2credit.fr\/guide\/conseils-pour-anticiper-sa-retraite-etes-vous-vraiment-pret\/#primaryimage"},"thumbnailUrl":"https:\/\/rachat2credit.fr\/guide\/wp-content\/uploads\/2025\/07\/flux-513-1753454404.jpg","datePublished":"2025-07-27T13:39:00+00:00","breadcrumb":{"@id":"https:\/\/rachat2credit.fr\/guide\/conseils-pour-anticiper-sa-retraite-etes-vous-vraiment-pret\/#breadcrumb"},"inLanguage":"fr-FR","potentialAction":[{"@type":"ReadAction","target":["https:\/\/rachat2credit.fr\/guide\/conseils-pour-anticiper-sa-retraite-etes-vous-vraiment-pret\/"]}]},{"@type":"ImageObject","inLanguage":"fr-FR","@id":"https:\/\/rachat2credit.fr\/guide\/conseils-pour-anticiper-sa-retraite-etes-vous-vraiment-pret\/#primaryimage","url":"https:\/\/rachat2credit.fr\/guide\/wp-content\/uploads\/2025\/07\/flux-513-1753454404.jpg","contentUrl":"https:\/\/rachat2credit.fr\/guide\/wp-content\/uploads\/2025\/07\/flux-513-1753454404.jpg","width":1344,"height":768},{"@type":"BreadcrumbList","@id":"https:\/\/rachat2credit.fr\/guide\/conseils-pour-anticiper-sa-retraite-etes-vous-vraiment-pret\/#breadcrumb","itemListElement":[{"@type":"ListItem","position":1,"name":"Accueil","item":"https:\/\/rachat2credit.fr\/guide\/"},{"@type":"ListItem","position":2,"name":"Conseils pour anticiper sa retraite : \u00eates-vous vraiment pr\u00eat ?"}]},{"@type":"WebSite","@id":"https:\/\/rachat2credit.fr\/guide\/#website","url":"https:\/\/rachat2credit.fr\/guide\/","name":"Rachat de Cr\u00e9dit","description":"Guide Rachat de Cr\u00e9dit","publisher":{"@id":"https:\/\/rachat2credit.fr\/guide\/#organization"},"potentialAction":[{"@type":"SearchAction","target":{"@type":"EntryPoint","urlTemplate":"https:\/\/rachat2credit.fr\/guide\/?s={search_term_string}"},"query-input":{"@type":"PropertyValueSpecification","valueRequired":true,"valueName":"search_term_string"}}],"inLanguage":"fr-FR"},{"@type":"Organization","@id":"https:\/\/rachat2credit.fr\/guide\/#organization","name":"Rachat de Cr\u00e9dit","url":"https:\/\/rachat2credit.fr\/guide\/","logo":{"@type":"ImageObject","inLanguage":"fr-FR","@id":"https:\/\/rachat2credit.fr\/guide\/#\/schema\/logo\/image\/","url":"https:\/\/rachat2credit.fr\/guide\/wp-content\/uploads\/2025\/05\/rachat2credit.png","contentUrl":"https:\/\/rachat2credit.fr\/guide\/wp-content\/uploads\/2025\/05\/rachat2credit.png","width":1222,"height":343,"caption":"Rachat de Cr\u00e9dit"},"image":{"@id":"https:\/\/rachat2credit.fr\/guide\/#\/schema\/logo\/image\/"}},{"@type":"Person","@id":"https:\/\/rachat2credit.fr\/guide\/#\/schema\/person\/d4142086d07bc6acdc4722eabd955cc2","name":"Aurelien Boulanger","image":{"@type":"ImageObject","inLanguage":"fr-FR","@id":"https:\/\/secure.gravatar.com\/avatar\/32175434c9ca2b27bfeb905d1c3ec782a789caf494bc0ec8fa6ed0ee39c2e62a?s=96&d=mm&r=g","url":"https:\/\/secure.gravatar.com\/avatar\/32175434c9ca2b27bfeb905d1c3ec782a789caf494bc0ec8fa6ed0ee39c2e62a?s=96&d=mm&r=g","contentUrl":"https:\/\/secure.gravatar.com\/avatar\/32175434c9ca2b27bfeb905d1c3ec782a789caf494bc0ec8fa6ed0ee39c2e62a?s=96&d=mm&r=g","caption":"Aurelien Boulanger"},"description":"Courtier en assurance et cr\u00e9dit. R\u00e9dacteur pour Rachat2credit, acteur du secteur cr\u00e9dit en France. Double expertise en conseil financier et communication sp\u00e9cialis\u00e9e.","sameAs":["https:\/\/rachat2credit.fr\/guide"],"url":"https:\/\/rachat2credit.fr\/guide\/author\/aurelien\/"}]}},"_links":{"self":[{"href":"https:\/\/rachat2credit.fr\/guide\/wp-json\/wp\/v2\/posts\/513","targetHints":{"allow":["GET"]}}],"collection":[{"href":"https:\/\/rachat2credit.fr\/guide\/wp-json\/wp\/v2\/posts"}],"about":[{"href":"https:\/\/rachat2credit.fr\/guide\/wp-json\/wp\/v2\/types\/post"}],"author":[{"embeddable":true,"href":"https:\/\/rachat2credit.fr\/guide\/wp-json\/wp\/v2\/users\/1"}],"replies":[{"embeddable":true,"href":"https:\/\/rachat2credit.fr\/guide\/wp-json\/wp\/v2\/comments?post=513"}],"version-history":[{"count":1,"href":"https:\/\/rachat2credit.fr\/guide\/wp-json\/wp\/v2\/posts\/513\/revisions"}],"predecessor-version":[{"id":515,"href":"https:\/\/rachat2credit.fr\/guide\/wp-json\/wp\/v2\/posts\/513\/revisions\/515"}],"wp:featuredmedia":[{"embeddable":true,"href":"https:\/\/rachat2credit.fr\/guide\/wp-json\/wp\/v2\/media\/514"}],"wp:attachment":[{"href":"https:\/\/rachat2credit.fr\/guide\/wp-json\/wp\/v2\/media?parent=513"}],"wp:term":[{"taxonomy":"category","embeddable":true,"href":"https:\/\/rachat2credit.fr\/guide\/wp-json\/wp\/v2\/categories?post=513"},{"taxonomy":"post_tag","embeddable":true,"href":"https:\/\/rachat2credit.fr\/guide\/wp-json\/wp\/v2\/tags?post=513"}],"curies":[{"name":"wp","href":"https:\/\/api.w.org\/{rel}","templated":true}]}}