{"id":54,"date":"2025-05-09T10:49:44","date_gmt":"2025-05-09T10:49:44","guid":{"rendered":"https:\/\/rachat2credit.fr\/guide\/?p=54"},"modified":"2025-05-09T10:49:45","modified_gmt":"2025-05-09T10:49:45","slug":"rachat-de-credit-fonctionnaire","status":"publish","type":"post","link":"https:\/\/rachat2credit.fr\/guide\/rachat-de-credit-fonctionnaire\/","title":{"rendered":"Rachat de cr\u00e9dit pour fonctionnaire : Guide complet"},"content":{"rendered":"\n<div id=\"ez-toc-container\" class=\"ez-toc-v2_0_82_2 counter-hierarchy ez-toc-counter ez-toc-grey ez-toc-container-direction\">\n<p class=\"ez-toc-title\" style=\"cursor:inherit\">Sommaire<\/p>\n<label for=\"ez-toc-cssicon-toggle-item-69f1068bd3651\" class=\"ez-toc-cssicon-toggle-label\"><span class=\"ez-toc-cssicon\"><span class=\"eztoc-hide\" style=\"display:none;\">Toggle<\/span><span class=\"ez-toc-icon-toggle-span\"><svg style=\"fill: #999;color:#999\" xmlns=\"http:\/\/www.w3.org\/2000\/svg\" class=\"list-377408\" width=\"20px\" height=\"20px\" viewBox=\"0 0 24 24\" fill=\"none\"><path d=\"M6 6H4v2h2V6zm14 0H8v2h12V6zM4 11h2v2H4v-2zm16 0H8v2h12v-2zM4 16h2v2H4v-2zm16 0H8v2h12v-2z\" fill=\"currentColor\"><\/path><\/svg><svg style=\"fill: #999;color:#999\" class=\"arrow-unsorted-368013\" xmlns=\"http:\/\/www.w3.org\/2000\/svg\" width=\"10px\" height=\"10px\" viewBox=\"0 0 24 24\" version=\"1.2\" baseProfile=\"tiny\"><path d=\"M18.2 9.3l-6.2-6.3-6.2 6.3c-.2.2-.3.4-.3.7s.1.5.3.7c.2.2.4.3.7.3h11c.3 0 .5-.1.7-.3.2-.2.3-.5.3-.7s-.1-.5-.3-.7zM5.8 14.7l6.2 6.3 6.2-6.3c.2-.2.3-.5.3-.7s-.1-.5-.3-.7c-.2-.2-.4-.3-.7-.3h-11c-.3 0-.5.1-.7.3-.2.2-.3.5-.3.7s.1.5.3.7z\"\/><\/svg><\/span><\/span><\/label><input type=\"checkbox\"  id=\"ez-toc-cssicon-toggle-item-69f1068bd3651\" checked aria-label=\"Toggle\" \/><nav><ul class='ez-toc-list ez-toc-list-level-1 ' ><li class='ez-toc-page-1 ez-toc-heading-level-2'><a class=\"ez-toc-link ez-toc-heading-1\" href=\"https:\/\/rachat2credit.fr\/guide\/rachat-de-credit-fonctionnaire\/#Fondamentaux_du_rachat_de_credit_adapte_au_secteur_public\" >Fondamentaux du rachat de cr\u00e9dit adapt\u00e9 au secteur public<\/a><ul class='ez-toc-list-level-3' ><li class='ez-toc-heading-level-3'><a class=\"ez-toc-link ez-toc-heading-2\" href=\"https:\/\/rachat2credit.fr\/guide\/rachat-de-credit-fonctionnaire\/#Points_cles_a_retenir\" >Points cl\u00e9s \u00e0 retenir<\/a><\/li><\/ul><\/li><li class='ez-toc-page-1 ez-toc-heading-level-2'><a class=\"ez-toc-link ez-toc-heading-3\" href=\"https:\/\/rachat2credit.fr\/guide\/rachat-de-credit-fonctionnaire\/#Benefices_specifiques_pour_les_agents_publics\" >B\u00e9n\u00e9fices sp\u00e9cifiques pour les agents publics<\/a><ul class='ez-toc-list-level-3' ><li class='ez-toc-heading-level-3'><a class=\"ez-toc-link ez-toc-heading-4\" href=\"https:\/\/rachat2credit.fr\/guide\/rachat-de-credit-fonctionnaire\/#Allegement_financier_immediat\" >All\u00e8gement financier imm\u00e9diat<\/a><\/li><li class='ez-toc-page-1 ez-toc-heading-level-3'><a class=\"ez-toc-link ez-toc-heading-5\" href=\"https:\/\/rachat2credit.fr\/guide\/rachat-de-credit-fonctionnaire\/#Simplification_administrative\" >Simplification administrative<\/a><\/li><li class='ez-toc-page-1 ez-toc-heading-level-3'><a class=\"ez-toc-link ez-toc-heading-6\" href=\"https:\/\/rachat2credit.fr\/guide\/rachat-de-credit-fonctionnaire\/#Conditions_preferentielles\" >Conditions pr\u00e9f\u00e9rentielles<\/a><\/li><li class='ez-toc-page-1 ez-toc-heading-level-3'><a class=\"ez-toc-link ez-toc-heading-7\" href=\"https:\/\/rachat2credit.fr\/guide\/rachat-de-credit-fonctionnaire\/#Financement_complementaire\" >Financement compl\u00e9mentaire<\/a><\/li><\/ul><\/li><li class='ez-toc-page-1 ez-toc-heading-level-2'><a class=\"ez-toc-link ez-toc-heading-8\" href=\"https:\/\/rachat2credit.fr\/guide\/rachat-de-credit-fonctionnaire\/#Criteres_deligibilite_et_profils_concernes\" >Crit\u00e8res d&rsquo;\u00e9ligibilit\u00e9 et profils concern\u00e9s<\/a><ul class='ez-toc-list-level-3' ><li class='ez-toc-heading-level-3'><a class=\"ez-toc-link ez-toc-heading-9\" href=\"https:\/\/rachat2credit.fr\/guide\/rachat-de-credit-fonctionnaire\/#Statuts_professionnels_acceptes\" >Statuts professionnels accept\u00e9s<\/a><\/li><li class='ez-toc-page-1 ez-toc-heading-level-3'><a class=\"ez-toc-link ez-toc-heading-10\" href=\"https:\/\/rachat2credit.fr\/guide\/rachat-de-credit-fonctionnaire\/#Parametres_financiers_determinants\" >Param\u00e8tres financiers d\u00e9terminants<\/a><\/li><\/ul><\/li><li class='ez-toc-page-1 ez-toc-heading-level-2'><a class=\"ez-toc-link ez-toc-heading-11\" href=\"https:\/\/rachat2credit.fr\/guide\/rachat-de-credit-fonctionnaire\/#Methodologie_devaluation_prealable\" >M\u00e9thodologie d&rsquo;\u00e9valuation pr\u00e9alable<\/a><ul class='ez-toc-list-level-3' ><li class='ez-toc-heading-level-3'><a class=\"ez-toc-link ez-toc-heading-12\" href=\"https:\/\/rachat2credit.fr\/guide\/rachat-de-credit-fonctionnaire\/#Simulateurs_et_outils_danalyse\" >Simulateurs et outils d&rsquo;analyse<\/a><\/li><li class='ez-toc-page-1 ez-toc-heading-level-3'><a class=\"ez-toc-link ez-toc-heading-13\" href=\"https:\/\/rachat2credit.fr\/guide\/rachat-de-credit-fonctionnaire\/#Elements_requis_pour_une_evaluation_fiable\" >\u00c9l\u00e9ments requis pour une \u00e9valuation fiable<\/a><\/li><\/ul><\/li><li class='ez-toc-page-1 ez-toc-heading-level-2'><a class=\"ez-toc-link ez-toc-heading-14\" href=\"https:\/\/rachat2credit.fr\/guide\/rachat-de-credit-fonctionnaire\/#Constitution_du_dossier_administratif\" >Constitution du dossier administratif<\/a><ul class='ez-toc-list-level-3' ><li class='ez-toc-heading-level-3'><a class=\"ez-toc-link ez-toc-heading-15\" href=\"https:\/\/rachat2credit.fr\/guide\/rachat-de-credit-fonctionnaire\/#Documentation_professionnelle\" >Documentation professionnelle<\/a><\/li><li class='ez-toc-page-1 ez-toc-heading-level-3'><a class=\"ez-toc-link ez-toc-heading-16\" href=\"https:\/\/rachat2credit.fr\/guide\/rachat-de-credit-fonctionnaire\/#Elements_financiers\" >\u00c9l\u00e9ments financiers<\/a><\/li><li class='ez-toc-page-1 ez-toc-heading-level-3'><a class=\"ez-toc-link ez-toc-heading-17\" href=\"https:\/\/rachat2credit.fr\/guide\/rachat-de-credit-fonctionnaire\/#Pieces_administratives_complementaires\" >Pi\u00e8ces administratives compl\u00e9mentaires<\/a><\/li><\/ul><\/li><li class='ez-toc-page-1 ez-toc-heading-level-2'><a class=\"ez-toc-link ez-toc-heading-18\" href=\"https:\/\/rachat2credit.fr\/guide\/rachat-de-credit-fonctionnaire\/#Solutions_adaptees_aux_fonctionnaires\" >Solutions adapt\u00e9es aux fonctionnaires<\/a><ul class='ez-toc-list-level-3' ><li class='ez-toc-heading-level-3'><a class=\"ez-toc-link ez-toc-heading-19\" href=\"https:\/\/rachat2credit.fr\/guide\/rachat-de-credit-fonctionnaire\/#Rachat_de_credit_immobilier\" >Rachat de cr\u00e9dit immobilier<\/a><\/li><li class='ez-toc-page-1 ez-toc-heading-level-3'><a class=\"ez-toc-link ez-toc-heading-20\" href=\"https:\/\/rachat2credit.fr\/guide\/rachat-de-credit-fonctionnaire\/#Rachat_de_credit_a_la_consommation\" >Rachat de cr\u00e9dit \u00e0 la consommation<\/a><\/li><li class='ez-toc-page-1 ez-toc-heading-level-3'><a class=\"ez-toc-link ez-toc-heading-21\" href=\"https:\/\/rachat2credit.fr\/guide\/rachat-de-credit-fonctionnaire\/#Rachat_de_soulte_pour_situations_matrimoniales_particulieres\" >Rachat de soulte pour situations matrimoniales particuli\u00e8res<\/a><\/li><li class='ez-toc-page-1 ez-toc-heading-level-3'><a class=\"ez-toc-link ez-toc-heading-22\" href=\"https:\/\/rachat2credit.fr\/guide\/rachat-de-credit-fonctionnaire\/#Formules_specifiques_pour_projets_dhabitat\" >Formules sp\u00e9cifiques pour projets d&rsquo;habitat<\/a><\/li><\/ul><\/li><li class='ez-toc-page-1 ez-toc-heading-level-2'><a class=\"ez-toc-link ez-toc-heading-23\" href=\"https:\/\/rachat2credit.fr\/guide\/rachat-de-credit-fonctionnaire\/#Strategies_doptimisation_financiere\" >Strat\u00e9gies d&rsquo;optimisation financi\u00e8re<\/a><ul class='ez-toc-list-level-3' ><li class='ez-toc-heading-level-3'><a class=\"ez-toc-link ez-toc-heading-24\" href=\"https:\/\/rachat2credit.fr\/guide\/rachat-de-credit-fonctionnaire\/#Negociation_des_conditions_contractuelles\" >N\u00e9gociation des conditions contractuelles<\/a><\/li><li class='ez-toc-page-1 ez-toc-heading-level-3'><a class=\"ez-toc-link ez-toc-heading-25\" href=\"https:\/\/rachat2credit.fr\/guide\/rachat-de-credit-fonctionnaire\/#Determination_strategique_de_la_duree\" >D\u00e9termination strat\u00e9gique de la dur\u00e9e<\/a><\/li><li class='ez-toc-page-1 ez-toc-heading-level-3'><a class=\"ez-toc-link ez-toc-heading-26\" href=\"https:\/\/rachat2credit.fr\/guide\/rachat-de-credit-fonctionnaire\/#Flexibilite_des_remboursements\" >Flexibilit\u00e9 des remboursements<\/a><\/li><li class='ez-toc-page-1 ez-toc-heading-level-3'><a class=\"ez-toc-link ez-toc-heading-27\" href=\"https:\/\/rachat2credit.fr\/guide\/rachat-de-credit-fonctionnaire\/#Couvertures_assurantielles_recommandees\" >Couvertures assurantielles recommand\u00e9es<\/a><\/li><\/ul><\/li><li class='ez-toc-page-1 ez-toc-heading-level-2'><a class=\"ez-toc-link ez-toc-heading-28\" href=\"https:\/\/rachat2credit.fr\/guide\/rachat-de-credit-fonctionnaire\/#Acteurs_du_marche_specialises\" >Acteurs du march\u00e9 sp\u00e9cialis\u00e9s<\/a><ul class='ez-toc-list-level-3' ><li class='ez-toc-heading-level-3'><a class=\"ez-toc-link ez-toc-heading-29\" href=\"https:\/\/rachat2credit.fr\/guide\/rachat-de-credit-fonctionnaire\/#Etablissements_bancaires_traditionnels\" >\u00c9tablissements bancaires traditionnels<\/a><\/li><li class='ez-toc-page-1 ez-toc-heading-level-3'><a class=\"ez-toc-link ez-toc-heading-30\" href=\"https:\/\/rachat2credit.fr\/guide\/rachat-de-credit-fonctionnaire\/#Organismes_specialises_fonction_publique\" >Organismes sp\u00e9cialis\u00e9s fonction publique<\/a><\/li><li class='ez-toc-page-1 ez-toc-heading-level-3'><a class=\"ez-toc-link ez-toc-heading-31\" href=\"https:\/\/rachat2credit.fr\/guide\/rachat-de-credit-fonctionnaire\/#Intermediaires_et_courtiers_specialises\" >Interm\u00e9diaires et courtiers sp\u00e9cialis\u00e9s<\/a><\/li><\/ul><\/li><li class='ez-toc-page-1 ez-toc-heading-level-2'><a class=\"ez-toc-link ez-toc-heading-32\" href=\"https:\/\/rachat2credit.fr\/guide\/rachat-de-credit-fonctionnaire\/#Illustrations_de_cas_pratiques\" >Illustrations de cas pratiques<\/a><ul class='ez-toc-list-level-3' ><li class='ez-toc-heading-level-3'><a class=\"ez-toc-link ez-toc-heading-33\" href=\"https:\/\/rachat2credit.fr\/guide\/rachat-de-credit-fonctionnaire\/#Profil_type_Enseignant_titulaire\" >Profil type: Enseignant titulaire<\/a><\/li><li class='ez-toc-page-1 ez-toc-heading-level-3'><a class=\"ez-toc-link ez-toc-heading-34\" href=\"https:\/\/rachat2credit.fr\/guide\/rachat-de-credit-fonctionnaire\/#Profil_type_Infirmiere_hospitaliere\" >Profil type: Infirmi\u00e8re hospitali\u00e8re<\/a><\/li><\/ul><\/li><li class='ez-toc-page-1 ez-toc-heading-level-2'><a class=\"ez-toc-link ez-toc-heading-35\" href=\"https:\/\/rachat2credit.fr\/guide\/rachat-de-credit-fonctionnaire\/#Precautions_et_points_de_vigilance\" >Pr\u00e9cautions et points de vigilance<\/a><ul class='ez-toc-list-level-3' ><li class='ez-toc-heading-level-3'><a class=\"ez-toc-link ez-toc-heading-36\" href=\"https:\/\/rachat2credit.fr\/guide\/rachat-de-credit-fonctionnaire\/#Analyse_du_cout_global\" >Analyse du co\u00fbt global<\/a><\/li><li class='ez-toc-page-1 ez-toc-heading-level-3'><a class=\"ez-toc-link ez-toc-heading-37\" href=\"https:\/\/rachat2credit.fr\/guide\/rachat-de-credit-fonctionnaire\/#Examen_des_frais_annexes\" >Examen des frais annexes<\/a><\/li><li class='ez-toc-page-1 ez-toc-heading-level-3'><a class=\"ez-toc-link ez-toc-heading-38\" href=\"https:\/\/rachat2credit.fr\/guide\/rachat-de-credit-fonctionnaire\/#Comprehension_des_engagements_contractuels\" >Compr\u00e9hension des engagements contractuels<\/a><\/li><li class='ez-toc-page-1 ez-toc-heading-level-3'><a class=\"ez-toc-link ez-toc-heading-39\" href=\"https:\/\/rachat2credit.fr\/guide\/rachat-de-credit-fonctionnaire\/#Impact_sur_la_capacite_demprunt_future\" >Impact sur la capacit\u00e9 d&#8217;emprunt future<\/a><\/li><\/ul><\/li><li class='ez-toc-page-1 ez-toc-heading-level-2'><a class=\"ez-toc-link ez-toc-heading-40\" href=\"https:\/\/rachat2credit.fr\/guide\/rachat-de-credit-fonctionnaire\/#Alternatives_au_regroupement_de_prets\" >Alternatives au regroupement de pr\u00eats<\/a><ul class='ez-toc-list-level-3' ><li class='ez-toc-heading-level-3'><a class=\"ez-toc-link ez-toc-heading-41\" href=\"https:\/\/rachat2credit.fr\/guide\/rachat-de-credit-fonctionnaire\/#Renegociation_individuelle\" >Ren\u00e9gociation individuelle<\/a><\/li><li class='ez-toc-page-1 ez-toc-heading-level-3'><a class=\"ez-toc-link ez-toc-heading-42\" href=\"https:\/\/rachat2credit.fr\/guide\/rachat-de-credit-fonctionnaire\/#Restructuration_partielle\" >Restructuration partielle<\/a><\/li><li class='ez-toc-page-1 ez-toc-heading-level-3'><a class=\"ez-toc-link ez-toc-heading-43\" href=\"https:\/\/rachat2credit.fr\/guide\/rachat-de-credit-fonctionnaire\/#Dispositifs_daide_specifiques\" >Dispositifs d&rsquo;aide sp\u00e9cifiques<\/a><\/li><\/ul><\/li><li class='ez-toc-page-1 ez-toc-heading-level-2'><a class=\"ez-toc-link ez-toc-heading-44\" href=\"https:\/\/rachat2credit.fr\/guide\/rachat-de-credit-fonctionnaire\/#Cadre_reglementaire_et_demarches\" >Cadre r\u00e9glementaire et d\u00e9marches<\/a><ul class='ez-toc-list-level-3' ><li class='ez-toc-heading-level-3'><a class=\"ez-toc-link ez-toc-heading-45\" href=\"https:\/\/rachat2credit.fr\/guide\/rachat-de-credit-fonctionnaire\/#Procedure_et_calendrier_operationnel\" >Proc\u00e9dure et calendrier op\u00e9rationnel<\/a><\/li><li class='ez-toc-page-1 ez-toc-heading-level-3'><a class=\"ez-toc-link ez-toc-heading-46\" href=\"https:\/\/rachat2credit.fr\/guide\/rachat-de-credit-fonctionnaire\/#Protection_juridique_du_consommateur\" >Protection juridique du consommateur<\/a><\/li><li class='ez-toc-page-1 ez-toc-heading-level-3'><a class=\"ez-toc-link ez-toc-heading-47\" href=\"https:\/\/rachat2credit.fr\/guide\/rachat-de-credit-fonctionnaire\/#Implications_fiscales\" >Implications fiscales<\/a><\/li><\/ul><\/li><li class='ez-toc-page-1 ez-toc-heading-level-2'><a class=\"ez-toc-link ez-toc-heading-48\" href=\"https:\/\/rachat2credit.fr\/guide\/rachat-de-credit-fonctionnaire\/#Tendances_et_perspectives_devolution\" >Tendances et perspectives d&rsquo;\u00e9volution<\/a><ul class='ez-toc-list-level-3' ><li class='ez-toc-heading-level-3'><a class=\"ez-toc-link ez-toc-heading-49\" href=\"https:\/\/rachat2credit.fr\/guide\/rachat-de-credit-fonctionnaire\/#Evolutions_recentes_du_marche\" >\u00c9volutions r\u00e9centes du march\u00e9<\/a><\/li><li class='ez-toc-page-1 ez-toc-heading-level-3'><a class=\"ez-toc-link ez-toc-heading-50\" href=\"https:\/\/rachat2credit.fr\/guide\/rachat-de-credit-fonctionnaire\/#Innovations_dans_loffre_dediee\" >Innovations dans l&rsquo;offre d\u00e9di\u00e9e<\/a><\/li><li class='ez-toc-page-1 ez-toc-heading-level-3'><a class=\"ez-toc-link ez-toc-heading-51\" href=\"https:\/\/rachat2credit.fr\/guide\/rachat-de-credit-fonctionnaire\/#Adaptation_aux_evolutions_statutaires\" >Adaptation aux \u00e9volutions statutaires<\/a><\/li><\/ul><\/li><li class='ez-toc-page-1 ez-toc-heading-level-2'><a class=\"ez-toc-link ez-toc-heading-52\" href=\"https:\/\/rachat2credit.fr\/guide\/rachat-de-credit-fonctionnaire\/#Financement_de_nouveaux_projets_post-rachat\" >Financement de nouveaux projets post-rachat<\/a><ul class='ez-toc-list-level-3' ><li class='ez-toc-heading-level-3'><a class=\"ez-toc-link ez-toc-heading-53\" href=\"https:\/\/rachat2credit.fr\/guide\/rachat-de-credit-fonctionnaire\/#Evaluation_de_la_capacite_residuelle\" >\u00c9valuation de la capacit\u00e9 r\u00e9siduelle<\/a><\/li><li class='ez-toc-page-1 ez-toc-heading-level-3'><a class=\"ez-toc-link ez-toc-heading-54\" href=\"https:\/\/rachat2credit.fr\/guide\/rachat-de-credit-fonctionnaire\/#Solutions_de_financement_complementaires\" >Solutions de financement compl\u00e9mentaires<\/a><\/li><li class='ez-toc-page-1 ez-toc-heading-level-3'><a class=\"ez-toc-link ez-toc-heading-55\" href=\"https:\/\/rachat2credit.fr\/guide\/rachat-de-credit-fonctionnaire\/#Reconstitution_progressive_de_la_capacite_demprunt\" >Reconstitution progressive de la capacit\u00e9 d&#8217;emprunt<\/a><\/li><\/ul><\/li><li class='ez-toc-page-1 ez-toc-heading-level-2'><a class=\"ez-toc-link ez-toc-heading-56\" href=\"https:\/\/rachat2credit.fr\/guide\/rachat-de-credit-fonctionnaire\/#Conclusion_Prise_de_decision_eclairee\" >Conclusion: Prise de d\u00e9cision \u00e9clair\u00e9e<\/a><\/li><\/ul><\/nav><\/div>\n<h2 class=\"wp-block-heading\"><span class=\"ez-toc-section\" id=\"Fondamentaux_du_rachat_de_credit_adapte_au_secteur_public\"><\/span>Fondamentaux du rachat de cr\u00e9dit adapt\u00e9 au secteur public<span class=\"ez-toc-section-end\"><\/span><\/h2>\n\n\n\n<p>Le <strong>rachat de cr\u00e9dit pour fonctionnaire<\/strong> constitue une op\u00e9ration financi\u00e8re permettant aux agents de la fonction publique de regrouper l&rsquo;ensemble de leurs emprunts en cours en un seul pr\u00eat. Cette solution s&rsquo;adresse sp\u00e9cifiquement aux agents de la <strong>fonction publique d&rsquo;\u00c9tat<\/strong>, <strong>territoriale<\/strong> et <strong>hospitali\u00e8re<\/strong>, offrant des conditions adapt\u00e9es \u00e0 leur statut professionnel.<\/p>\n\n\n\n<p>Le m\u00e9canisme distingue deux cat\u00e9gories principales : le <em>rachat de cr\u00e9dit immobilier<\/em> (lorsque plus de 60% des cr\u00e9dits concernent un bien immobilier) et le <em>rachat de cr\u00e9dit \u00e0 la consommation<\/em> (moins de 60% de cr\u00e9dit immobilier).<\/p>\n\n\n\n<h3 class=\"wp-block-heading\"><span class=\"ez-toc-section\" id=\"Points_cles_a_retenir\"><\/span>Points cl\u00e9s \u00e0 retenir<span class=\"ez-toc-section-end\"><\/span><\/h3>\n\n\n\n<figure class=\"wp-block-table\"><table class=\"has-fixed-layout\"><thead><tr><th>Caract\u00e9ristique<\/th><th>D\u00e9tail<\/th><\/tr><\/thead><tbody><tr><td>Population concern\u00e9e<\/td><td>Agents des 3 fonctions publiques (\u00c9tat, territoriale, hospitali\u00e8re)<\/td><\/tr><tr><td>Principaux avantages<\/td><td>R\u00e9duction du taux d&rsquo;endettement, mensualit\u00e9 unique, conditions pr\u00e9f\u00e9rentielles<\/td><\/tr><tr><td>Statuts \u00e9ligibles<\/td><td>Titulaires, stagiaires, contractuels (conditions variables)<\/td><\/tr><tr><td>Types de rachats<\/td><td>Immobilier (&gt;60% du total), consommation (&lt;60% immobilier)<\/td><\/tr><tr><td>Documents essentiels<\/td><td>Bulletins de salaire, justificatifs de statut, tableaux d&rsquo;amortissement<\/td><\/tr><tr><td>Points de vigilance<\/td><td>Co\u00fbt total, frais de dossier, impact sur capacit\u00e9 d&#8217;emprunt future<\/td><\/tr><\/tbody><\/table><\/figure>\n\n\n\n<h2 class=\"wp-block-heading\"><span class=\"ez-toc-section\" id=\"Benefices_specifiques_pour_les_agents_publics\"><\/span>B\u00e9n\u00e9fices sp\u00e9cifiques pour les agents publics<span class=\"ez-toc-section-end\"><\/span><\/h2>\n\n\n\n<p>Le regroupement de cr\u00e9dits offre aux fonctionnaires des avantages particuli\u00e8rement adapt\u00e9s \u00e0 leur profil professionnel.<\/p>\n\n\n\n<h3 class=\"wp-block-heading\"><span class=\"ez-toc-section\" id=\"Allegement_financier_immediat\"><\/span>All\u00e8gement financier imm\u00e9diat<span class=\"ez-toc-section-end\"><\/span><\/h3>\n\n\n\n<p>La restructuration de dette permet une <strong>diminution significative du taux d&rsquo;endettement<\/strong> gr\u00e2ce \u00e0 la r\u00e9vision des conditions d&#8217;emprunt. Les mensualit\u00e9s sont g\u00e9n\u00e9ralement r\u00e9duites, lib\u00e9rant ainsi une marge de man\u0153uvre budg\u00e9taire mensuelle substantielle.<\/p>\n\n\n\n<h3 class=\"wp-block-heading\"><span class=\"ez-toc-section\" id=\"Simplification_administrative\"><\/span>Simplification administrative<span class=\"ez-toc-section-end\"><\/span><\/h3>\n\n\n\n<p>L&rsquo;unification des diff\u00e9rents pr\u00eats en un seul contrat g\u00e9n\u00e8re une <strong>simplification notable de la gestion budg\u00e9taire<\/strong>. Cette centralisation facilite le suivi des remboursements et r\u00e9duit les risques d&rsquo;oubli ou de retard.<\/p>\n\n\n\n<h3 class=\"wp-block-heading\"><span class=\"ez-toc-section\" id=\"Conditions_preferentielles\"><\/span>Conditions pr\u00e9f\u00e9rentielles<span class=\"ez-toc-section-end\"><\/span><\/h3>\n\n\n\n<p>La <strong>stabilit\u00e9 professionnelle inh\u00e9rente au statut de fonctionnaire<\/strong> repr\u00e9sente un atout majeur aupr\u00e8s des \u00e9tablissements financiers. Cette garantie d&#8217;emploi se traduit g\u00e9n\u00e9ralement par:<\/p>\n\n\n\n<ul class=\"wp-block-list\">\n<li>Des taux plus avantageux<\/li>\n\n\n\n<li>Des frais de dossier n\u00e9gociables<\/li>\n\n\n\n<li>Des dur\u00e9es de remboursement optimis\u00e9es<\/li>\n<\/ul>\n\n\n\n<h3 class=\"wp-block-heading\"><span class=\"ez-toc-section\" id=\"Financement_complementaire\"><\/span>Financement compl\u00e9mentaire<span class=\"ez-toc-section-end\"><\/span><\/h3>\n\n\n\n<p>Le rachat de cr\u00e9dit peut int\u00e9grer une <strong>enveloppe de tr\u00e9sorerie suppl\u00e9mentaire<\/strong> permettant le financement de nouveaux projets personnels ou professionnels sans augmenter excessivement la charge mensuelle.<\/p>\n\n\n\n<h2 class=\"wp-block-heading\"><span class=\"ez-toc-section\" id=\"Criteres_deligibilite_et_profils_concernes\"><\/span>Crit\u00e8res d&rsquo;\u00e9ligibilit\u00e9 et profils concern\u00e9s<span class=\"ez-toc-section-end\"><\/span><\/h2>\n\n\n\n<h3 class=\"wp-block-heading\"><span class=\"ez-toc-section\" id=\"Statuts_professionnels_acceptes\"><\/span>Statuts professionnels accept\u00e9s<span class=\"ez-toc-section-end\"><\/span><\/h3>\n\n\n\n<p>Les \u00e9tablissements sp\u00e9cialis\u00e9s dans le rachat de cr\u00e9dit pour agents publics consid\u00e8rent diff\u00e9rents statuts:<\/p>\n\n\n\n<ul class=\"wp-block-list\">\n<li><strong>Fonctionnaires titulaires<\/strong>: Profil privil\u00e9gi\u00e9 b\u00e9n\u00e9ficiant des meilleures conditions<\/li>\n\n\n\n<li><strong>Agents stagiaires<\/strong>: \u00c9ligibles sous conditions, g\u00e9n\u00e9ralement apr\u00e8s p\u00e9riode probatoire<\/li>\n\n\n\n<li><strong>Contractuels<\/strong>: Accept\u00e9s selon la dur\u00e9e et la nature du contrat<\/li>\n<\/ul>\n\n\n\n<p>L&rsquo;<strong>anciennet\u00e9 dans la fonction publique<\/strong> et la date de <strong>titularisation<\/strong> influencent directement l&rsquo;analyse de risque et les conditions propos\u00e9es.<\/p>\n\n\n\n<h3 class=\"wp-block-heading\"><span class=\"ez-toc-section\" id=\"Parametres_financiers_determinants\"><\/span>Param\u00e8tres financiers d\u00e9terminants<span class=\"ez-toc-section-end\"><\/span><\/h3>\n\n\n\n<p>Les organismes pr\u00eateurs \u00e9valuent principalement:<\/p>\n\n\n\n<ul class=\"wp-block-list\">\n<li>Le <strong>taux d&rsquo;endettement actuel et projet\u00e9<\/strong> (g\u00e9n\u00e9ralement plafonn\u00e9 \u00e0 33-35%)<\/li>\n\n\n\n<li>La <strong>capacit\u00e9 d&#8217;emprunt<\/strong> bas\u00e9e sur les revenus r\u00e9guliers<\/li>\n\n\n\n<li>Le <strong>reste \u00e0 vivre<\/strong> minimal garantissant la viabilit\u00e9 financi\u00e8re du projet<\/li>\n\n\n\n<li>Les <strong>garanties compl\u00e9mentaires<\/strong> \u00e9ventuellement n\u00e9cessaires<\/li>\n<\/ul>\n\n\n\n<h2 class=\"wp-block-heading\"><span class=\"ez-toc-section\" id=\"Methodologie_devaluation_prealable\"><\/span>M\u00e9thodologie d&rsquo;\u00e9valuation pr\u00e9alable<span class=\"ez-toc-section-end\"><\/span><\/h2>\n\n\n\n<h3 class=\"wp-block-heading\"><span class=\"ez-toc-section\" id=\"Simulateurs_et_outils_danalyse\"><\/span>Simulateurs et outils d&rsquo;analyse<span class=\"ez-toc-section-end\"><\/span><\/h3>\n\n\n\n<p>Avant d&rsquo;entamer les d\u00e9marches formelles, une <strong>simulation pr\u00e9cise<\/strong> permet d&rsquo;\u00e9valuer la pertinence du projet. Cette \u00e9tape pr\u00e9liminaire n\u00e9cessite:<\/p>\n\n\n\n<ul class=\"wp-block-list\">\n<li>L&rsquo;utilisation d&rsquo;outils de simulation sp\u00e9cialis\u00e9s<\/li>\n\n\n\n<li>La compilation des donn\u00e9es financi\u00e8res personnelles<\/li>\n\n\n\n<li>L&rsquo;analyse comparative des sc\u00e9narios avant\/apr\u00e8s rachat<\/li>\n<\/ul>\n\n\n\n<h3 class=\"wp-block-heading\"><span class=\"ez-toc-section\" id=\"Elements_requis_pour_une_evaluation_fiable\"><\/span>\u00c9l\u00e9ments requis pour une \u00e9valuation fiable<span class=\"ez-toc-section-end\"><\/span><\/h3>\n\n\n\n<p>Pour obtenir une projection r\u00e9aliste, la simulation doit int\u00e9grer:<\/p>\n\n\n\n<ol class=\"wp-block-list\">\n<li>L&rsquo;ensemble des <strong>revenus mensuels<\/strong> (traitement indiciaire, primes, indemnit\u00e9s)<\/li>\n\n\n\n<li>Le d\u00e9tail des <strong>charges courantes<\/strong> (loyer, assurances, imp\u00f4ts)<\/li>\n\n\n\n<li>L&rsquo;inventaire exhaustif des <strong>cr\u00e9dits en cours<\/strong> (nature, capital restant d\u00fb, mensualit\u00e9s)<\/li>\n\n\n\n<li>Le <strong>taux d&rsquo;endettement calcul\u00e9<\/strong> avant restructuration<\/li>\n\n\n\n<li>L&rsquo;estimation du <strong>reste \u00e0 vivre<\/strong> apr\u00e8s op\u00e9ration<\/li>\n<\/ol>\n\n\n\n<h2 class=\"wp-block-heading\"><span class=\"ez-toc-section\" id=\"Constitution_du_dossier_administratif\"><\/span>Constitution du dossier administratif<span class=\"ez-toc-section-end\"><\/span><\/h2>\n\n\n\n<p>La qualit\u00e9 et l&rsquo;exhaustivit\u00e9 du dossier conditionnent directement les chances d&rsquo;acceptation et les conditions obtenues.<\/p>\n\n\n\n<h3 class=\"wp-block-heading\"><span class=\"ez-toc-section\" id=\"Documentation_professionnelle\"><\/span>Documentation professionnelle<span class=\"ez-toc-section-end\"><\/span><\/h3>\n\n\n\n<p>Les justificatifs professionnels constituent le socle du dossier:<\/p>\n\n\n\n<ul class=\"wp-block-list\">\n<li><strong>Bulletins de salaire<\/strong> des 3 derniers mois<\/li>\n\n\n\n<li><strong>Attestation d&#8217;employeur<\/strong> pr\u00e9cisant le statut<\/li>\n\n\n\n<li><strong>Arr\u00eat\u00e9 de nomination<\/strong> pour les titulaires<\/li>\n\n\n\n<li><strong>Contrat de travail<\/strong> pour les contractuels<\/li>\n<\/ul>\n\n\n\n<h3 class=\"wp-block-heading\"><span class=\"ez-toc-section\" id=\"Elements_financiers\"><\/span>\u00c9l\u00e9ments financiers<span class=\"ez-toc-section-end\"><\/span><\/h3>\n\n\n\n<p>Le volet financier comprend:<\/p>\n\n\n\n<ul class=\"wp-block-list\">\n<li><strong>Tableaux d&rsquo;amortissement<\/strong> de chaque cr\u00e9dit existant<\/li>\n\n\n\n<li><strong>Relev\u00e9s bancaires<\/strong> des 3 derniers mois<\/li>\n\n\n\n<li><strong>Avis d&rsquo;imposition<\/strong> le plus r\u00e9cent<\/li>\n\n\n\n<li><strong>Justificatifs patrimoniaux<\/strong> \u00e9ventuels<\/li>\n<\/ul>\n\n\n\n<h3 class=\"wp-block-heading\"><span class=\"ez-toc-section\" id=\"Pieces_administratives_complementaires\"><\/span>Pi\u00e8ces administratives compl\u00e9mentaires<span class=\"ez-toc-section-end\"><\/span><\/h3>\n\n\n\n<p>S&rsquo;ajoutent \u00e0 ces documents:<\/p>\n\n\n\n<ul class=\"wp-block-list\">\n<li><strong>Justificatif de domicile<\/strong> r\u00e9cent<\/li>\n\n\n\n<li><strong>Pi\u00e8ce d&rsquo;identit\u00e9<\/strong> en cours de validit\u00e9<\/li>\n\n\n\n<li><strong>Relev\u00e9 d&rsquo;Identit\u00e9 Bancaire<\/strong><\/li>\n\n\n\n<li><strong>Estimation immobili\u00e8re<\/strong> pour les rachats incluant un bien immobilier<\/li>\n<\/ul>\n\n\n\n<h2 class=\"wp-block-heading\"><span class=\"ez-toc-section\" id=\"Solutions_adaptees_aux_fonctionnaires\"><\/span>Solutions adapt\u00e9es aux fonctionnaires<span class=\"ez-toc-section-end\"><\/span><\/h2>\n\n\n\n<h3 class=\"wp-block-heading\"><span class=\"ez-toc-section\" id=\"Rachat_de_credit_immobilier\"><\/span>Rachat de cr\u00e9dit immobilier<span class=\"ez-toc-section-end\"><\/span><\/h3>\n\n\n\n<p>Cette formule s&rsquo;applique lorsque la <strong>proportion de cr\u00e9dit immobilier d\u00e9passe 60%<\/strong> du montant total. Elle pr\u00e9sente plusieurs sp\u00e9cificit\u00e9s:<\/p>\n\n\n\n<ul class=\"wp-block-list\">\n<li>Dur\u00e9e de remboursement potentiellement plus longue<\/li>\n\n\n\n<li>Garantie hypoth\u00e9caire fr\u00e9quemment requise<\/li>\n\n\n\n<li>Frais notari\u00e9s \u00e0 anticiper<\/li>\n\n\n\n<li>Taux g\u00e9n\u00e9ralement plus avantageux que le cr\u00e9dit consommation<\/li>\n<\/ul>\n\n\n\n<h3 class=\"wp-block-heading\"><span class=\"ez-toc-section\" id=\"Rachat_de_credit_a_la_consommation\"><\/span>Rachat de cr\u00e9dit \u00e0 la consommation<span class=\"ez-toc-section-end\"><\/span><\/h3>\n\n\n\n<p>Lorsque la <strong>part immobili\u00e8re est inf\u00e9rieure \u00e0 60%<\/strong>, le rachat rel\u00e8ve du cr\u00e9dit \u00e0 la consommation avec:<\/p>\n\n\n\n<ul class=\"wp-block-list\">\n<li>Proc\u00e9dure simplifi\u00e9e sans intervention notariale<\/li>\n\n\n\n<li>Dur\u00e9e limit\u00e9e g\u00e9n\u00e9ralement \u00e0 12 ans maximum<\/li>\n\n\n\n<li>Taux l\u00e9g\u00e8rement sup\u00e9rieurs aux rachats immobiliers<\/li>\n\n\n\n<li>Mise en place plus rapide<\/li>\n<\/ul>\n\n\n\n<h3 class=\"wp-block-heading\"><span class=\"ez-toc-section\" id=\"Rachat_de_soulte_pour_situations_matrimoniales_particulieres\"><\/span>Rachat de soulte pour situations matrimoniales particuli\u00e8res<span class=\"ez-toc-section-end\"><\/span><\/h3>\n\n\n\n<p>Dans les contextes de <strong>divorce ou succession<\/strong>, le rachat de soulte permet:<\/p>\n\n\n\n<ul class=\"wp-block-list\">\n<li>Le refinancement de la part du bien revenant \u00e0 l&rsquo;ex-conjoint<\/li>\n\n\n\n<li>La r\u00e9organisation compl\u00e8te de la structure d&rsquo;endettement<\/li>\n\n\n\n<li>L&rsquo;int\u00e9gration des frais juridiques associ\u00e9s<\/li>\n<\/ul>\n\n\n\n<h3 class=\"wp-block-heading\"><span class=\"ez-toc-section\" id=\"Formules_specifiques_pour_projets_dhabitat\"><\/span>Formules sp\u00e9cifiques pour projets d&rsquo;habitat<span class=\"ez-toc-section-end\"><\/span><\/h3>\n\n\n\n<p>Des solutions d\u00e9di\u00e9es existent pour:<\/p>\n\n\n\n<ul class=\"wp-block-list\">\n<li>Les <strong>projets de r\u00e9novation \u00e9nerg\u00e9tique<\/strong><\/li>\n\n\n\n<li>L&rsquo;<strong>extension d&rsquo;une r\u00e9sidence principale<\/strong><\/li>\n\n\n\n<li>L&rsquo;<strong>acquisition d&rsquo;une r\u00e9sidence secondaire<\/strong><\/li>\n\n\n\n<li>Les <strong>investissements locatifs<\/strong><\/li>\n<\/ul>\n\n\n\n<h2 class=\"wp-block-heading\"><span class=\"ez-toc-section\" id=\"Strategies_doptimisation_financiere\"><\/span>Strat\u00e9gies d&rsquo;optimisation financi\u00e8re<span class=\"ez-toc-section-end\"><\/span><\/h2>\n\n\n\n<h3 class=\"wp-block-heading\"><span class=\"ez-toc-section\" id=\"Negociation_des_conditions_contractuelles\"><\/span>N\u00e9gociation des conditions contractuelles<span class=\"ez-toc-section-end\"><\/span><\/h3>\n\n\n\n<p>L&rsquo;optimisation d&rsquo;un rachat de cr\u00e9dit repose sur:<\/p>\n\n\n\n<ul class=\"wp-block-list\">\n<li>La <strong>mise en concurrence syst\u00e9matique<\/strong> des \u00e9tablissements<\/li>\n\n\n\n<li>La <strong>n\u00e9gociation active<\/strong> des taux propos\u00e9s<\/li>\n\n\n\n<li>La <strong>r\u00e9duction des frais annexes<\/strong> (dossier, garantie)<\/li>\n\n\n\n<li>L&rsquo;<strong>ajustement des clauses<\/strong> contractuelles<\/li>\n<\/ul>\n\n\n\n<h3 class=\"wp-block-heading\"><span class=\"ez-toc-section\" id=\"Determination_strategique_de_la_duree\"><\/span>D\u00e9termination strat\u00e9gique de la dur\u00e9e<span class=\"ez-toc-section-end\"><\/span><\/h3>\n\n\n\n<p>Le <strong>choix de la dur\u00e9e de remboursement<\/strong> repr\u00e9sente un param\u00e8tre d\u00e9cisif:<\/p>\n\n\n\n<ul class=\"wp-block-list\">\n<li>Une dur\u00e9e plus courte r\u00e9duit le co\u00fbt total mais maintient des mensualit\u00e9s \u00e9lev\u00e9es<\/li>\n\n\n\n<li>Une dur\u00e9e allong\u00e9e diminue l&rsquo;effort mensuel mais augmente le co\u00fbt global<\/li>\n\n\n\n<li>La p\u00e9riode optimale \u00e9quilibre ces deux consid\u00e9rations selon la situation personnelle<\/li>\n<\/ul>\n\n\n\n<h3 class=\"wp-block-heading\"><span class=\"ez-toc-section\" id=\"Flexibilite_des_remboursements\"><\/span>Flexibilit\u00e9 des remboursements<span class=\"ez-toc-section-end\"><\/span><\/h3>\n\n\n\n<p>Certains contrats offrent des options avantageuses:<\/p>\n\n\n\n<ul class=\"wp-block-list\">\n<li><strong>Modulation des mensualit\u00e9s<\/strong> selon les p\u00e9riodes<\/li>\n\n\n\n<li>Possibilit\u00e9 de <strong>remboursements anticip\u00e9s<\/strong> partiels<\/li>\n\n\n\n<li><strong>Suspension temporaire<\/strong> des \u00e9ch\u00e9ances en cas d&rsquo;impr\u00e9vu<\/li>\n<\/ul>\n\n\n\n<h3 class=\"wp-block-heading\"><span class=\"ez-toc-section\" id=\"Couvertures_assurantielles_recommandees\"><\/span>Couvertures assurantielles recommand\u00e9es<span class=\"ez-toc-section-end\"><\/span><\/h3>\n\n\n\n<p>La protection du projet de rachat implique:<\/p>\n\n\n\n<ul class=\"wp-block-list\">\n<li>Une <strong>assurance emprunteur<\/strong> adapt\u00e9e au profil<\/li>\n\n\n\n<li>Des <strong>garanties sp\u00e9cifiques<\/strong> (invalidit\u00e9, incapacit\u00e9)<\/li>\n\n\n\n<li>Des <strong>options de pr\u00e9voyance<\/strong> compl\u00e9mentaires<\/li>\n<\/ul>\n\n\n\n<h2 class=\"wp-block-heading\"><span class=\"ez-toc-section\" id=\"Acteurs_du_marche_specialises\"><\/span>Acteurs du march\u00e9 sp\u00e9cialis\u00e9s<span class=\"ez-toc-section-end\"><\/span><\/h2>\n\n\n\n<h3 class=\"wp-block-heading\"><span class=\"ez-toc-section\" id=\"Etablissements_bancaires_traditionnels\"><\/span>\u00c9tablissements bancaires traditionnels<span class=\"ez-toc-section-end\"><\/span><\/h3>\n\n\n\n<p>De nombreuses banques conventionnelles proposent des offres d\u00e9di\u00e9es aux fonctionnaires:<\/p>\n\n\n\n<ul class=\"wp-block-list\">\n<li>BNP Paribas<\/li>\n\n\n\n<li>Soci\u00e9t\u00e9 G\u00e9n\u00e9rale<\/li>\n\n\n\n<li>Cr\u00e9dit Agricole<\/li>\n\n\n\n<li>Banque Postale<\/li>\n<\/ul>\n\n\n\n<h3 class=\"wp-block-heading\"><span class=\"ez-toc-section\" id=\"Organismes_specialises_fonction_publique\"><\/span>Organismes sp\u00e9cialis\u00e9s fonction publique<span class=\"ez-toc-section-end\"><\/span><\/h3>\n\n\n\n<p>Certains \u00e9tablissements se concentrent sp\u00e9cifiquement sur les agents publics:<\/p>\n\n\n\n<ul class=\"wp-block-list\">\n<li>Cr\u00e9dit Social des Fonctionnaires<\/li>\n\n\n\n<li>Banque Fran\u00e7aise Mutualiste<\/li>\n\n\n\n<li>CASDEN Banque Populaire<\/li>\n<\/ul>\n\n\n\n<h3 class=\"wp-block-heading\"><span class=\"ez-toc-section\" id=\"Intermediaires_et_courtiers_specialises\"><\/span>Interm\u00e9diaires et courtiers sp\u00e9cialis\u00e9s<span class=\"ez-toc-section-end\"><\/span><\/h3>\n\n\n\n<p>Le recours \u00e0 un <strong>courtier expert en rachat de cr\u00e9dit fonctionnaire<\/strong> pr\u00e9sente plusieurs avantages:<\/p>\n\n\n\n<ul class=\"wp-block-list\">\n<li>Acc\u00e8s \u00e0 un panel \u00e9largi d&rsquo;\u00e9tablissements<\/li>\n\n\n\n<li>N\u00e9gociation professionnelle des conditions<\/li>\n\n\n\n<li>Accompagnement personnalis\u00e9 dans les d\u00e9marches<\/li>\n\n\n\n<li>Optimisation du montage financier<\/li>\n<\/ul>\n\n\n\n<h2 class=\"wp-block-heading\"><span class=\"ez-toc-section\" id=\"Illustrations_de_cas_pratiques\"><\/span>Illustrations de cas pratiques<span class=\"ez-toc-section-end\"><\/span><\/h2>\n\n\n\n<h3 class=\"wp-block-heading\"><span class=\"ez-toc-section\" id=\"Profil_type_Enseignant_titulaire\"><\/span>Profil type: Enseignant titulaire<span class=\"ez-toc-section-end\"><\/span><\/h3>\n\n\n\n<p><strong>Situation initiale:<\/strong><\/p>\n\n\n\n<ul class=\"wp-block-list\">\n<li>Revenus mensuels: 2 800\u20ac<\/li>\n\n\n\n<li>Cr\u00e9dits en cours: pr\u00eat immobilier (850\u20ac\/mois), cr\u00e9dit auto (320\u20ac\/mois), pr\u00eat travaux (230\u20ac\/mois)<\/li>\n\n\n\n<li>Taux d&rsquo;endettement: 50%<\/li>\n<\/ul>\n\n\n\n<p><strong>Apr\u00e8s rachat:<\/strong><\/p>\n\n\n\n<ul class=\"wp-block-list\">\n<li>Nouvelle mensualit\u00e9 unique: 980\u20ac<\/li>\n\n\n\n<li>Taux d&rsquo;endettement ramen\u00e9 \u00e0 35%<\/li>\n\n\n\n<li>Gain mensuel: 420\u20ac<\/li>\n\n\n\n<li>Dur\u00e9e allong\u00e9e de 3 ans<\/li>\n<\/ul>\n\n\n\n<h3 class=\"wp-block-heading\"><span class=\"ez-toc-section\" id=\"Profil_type_Infirmiere_hospitaliere\"><\/span>Profil type: Infirmi\u00e8re hospitali\u00e8re<span class=\"ez-toc-section-end\"><\/span><\/h3>\n\n\n\n<p><strong>Situation initiale:<\/strong><\/p>\n\n\n\n<ul class=\"wp-block-list\">\n<li>Revenus mensuels: 2 400\u20ac<\/li>\n\n\n\n<li>Cr\u00e9dits multiples totalisant 1 100\u20ac\/mois<\/li>\n\n\n\n<li>Taux d&rsquo;endettement: 46%<\/li>\n<\/ul>\n\n\n\n<p><strong>Apr\u00e8s rachat:<\/strong><\/p>\n\n\n\n<ul class=\"wp-block-list\">\n<li>Mensualit\u00e9 r\u00e9duite \u00e0 780\u20ac<\/li>\n\n\n\n<li>Taux d&rsquo;endettement: 32,5%<\/li>\n\n\n\n<li>\u00c9conomie mensuelle: 320\u20ac<\/li>\n\n\n\n<li>Tr\u00e9sorerie compl\u00e9mentaire obtenue: 5 000\u20ac<\/li>\n<\/ul>\n\n\n\n<h2 class=\"wp-block-heading\"><span class=\"ez-toc-section\" id=\"Precautions_et_points_de_vigilance\"><\/span>Pr\u00e9cautions et points de vigilance<span class=\"ez-toc-section-end\"><\/span><\/h2>\n\n\n\n<h3 class=\"wp-block-heading\"><span class=\"ez-toc-section\" id=\"Analyse_du_cout_global\"><\/span>Analyse du co\u00fbt global<span class=\"ez-toc-section-end\"><\/span><\/h3>\n\n\n\n<p>L&rsquo;\u00e9valuation compl\u00e8te doit int\u00e9grer:<\/p>\n\n\n\n<ul class=\"wp-block-list\">\n<li>Le <strong>co\u00fbt total du cr\u00e9dit<\/strong> sur la dur\u00e9e<\/li>\n\n\n\n<li>L&rsquo;impact de l&rsquo;<strong>allongement \u00e9ventuel<\/strong> de la p\u00e9riode de remboursement<\/li>\n\n\n\n<li>La comparaison avec le <strong>cumul des co\u00fbts actuels<\/strong><\/li>\n<\/ul>\n\n\n\n<h3 class=\"wp-block-heading\"><span class=\"ez-toc-section\" id=\"Examen_des_frais_annexes\"><\/span>Examen des frais annexes<span class=\"ez-toc-section-end\"><\/span><\/h3>\n\n\n\n<p>Une attention particuli\u00e8re doit \u00eatre port\u00e9e aux:<\/p>\n\n\n\n<ul class=\"wp-block-list\">\n<li><strong>Frais de dossier<\/strong> (g\u00e9n\u00e9ralement n\u00e9gociables)<\/li>\n\n\n\n<li><strong>Indemnit\u00e9s de remboursement anticip\u00e9<\/strong> des pr\u00eats existants<\/li>\n\n\n\n<li><strong>Frais de garantie<\/strong> (hypoth\u00e8que, caution)<\/li>\n\n\n\n<li><strong>Co\u00fbts notari\u00e9s<\/strong> pour les rachats immobiliers<\/li>\n<\/ul>\n\n\n\n<h3 class=\"wp-block-heading\"><span class=\"ez-toc-section\" id=\"Comprehension_des_engagements_contractuels\"><\/span>Compr\u00e9hension des engagements contractuels<span class=\"ez-toc-section-end\"><\/span><\/h3>\n\n\n\n<p>La lecture attentive des clauses doit identifier:<\/p>\n\n\n\n<ul class=\"wp-block-list\">\n<li>Les <strong>conditions de remboursement anticip\u00e9<\/strong><\/li>\n\n\n\n<li>Les <strong>modalit\u00e9s de modulation<\/strong> des \u00e9ch\u00e9ances<\/li>\n\n\n\n<li>Les <strong>clauses d&rsquo;exigibilit\u00e9<\/strong> imm\u00e9diate<\/li>\n\n\n\n<li>Les <strong>p\u00e9nalit\u00e9s<\/strong> \u00e9ventuelles en cas d&rsquo;incident<\/li>\n<\/ul>\n\n\n\n<h3 class=\"wp-block-heading\"><span class=\"ez-toc-section\" id=\"Impact_sur_la_capacite_demprunt_future\"><\/span>Impact sur la capacit\u00e9 d&#8217;emprunt future<span class=\"ez-toc-section-end\"><\/span><\/h3>\n\n\n\n<p>Le rachat modifie significativement le profil d&#8217;emprunteur:<\/p>\n\n\n\n<ul class=\"wp-block-list\">\n<li><strong>P\u00e9riode de consolidation<\/strong> n\u00e9cessaire avant nouveau cr\u00e9dit<\/li>\n\n\n\n<li><strong>Restructuration de l&rsquo;historique<\/strong> bancaire<\/li>\n\n\n\n<li><strong>Modification de la notation<\/strong> interne des \u00e9tablissements<\/li>\n<\/ul>\n\n\n\n<h2 class=\"wp-block-heading\"><span class=\"ez-toc-section\" id=\"Alternatives_au_regroupement_de_prets\"><\/span>Alternatives au regroupement de pr\u00eats<span class=\"ez-toc-section-end\"><\/span><\/h2>\n\n\n\n<h3 class=\"wp-block-heading\"><span class=\"ez-toc-section\" id=\"Renegociation_individuelle\"><\/span>Ren\u00e9gociation individuelle<span class=\"ez-toc-section-end\"><\/span><\/h3>\n\n\n\n<p>La <strong>r\u00e9vision des conditions<\/strong> de chaque pr\u00eat existant peut constituer une alternative pertinente:<\/p>\n\n\n\n<ul class=\"wp-block-list\">\n<li>Avantage: conservation de la structure d&rsquo;endettement actuelle<\/li>\n\n\n\n<li>Inconv\u00e9nient: complexit\u00e9 de gestion maintenue<\/li>\n<\/ul>\n\n\n\n<h3 class=\"wp-block-heading\"><span class=\"ez-toc-section\" id=\"Restructuration_partielle\"><\/span>Restructuration partielle<span class=\"ez-toc-section-end\"><\/span><\/h3>\n\n\n\n<p>Le regroupement s\u00e9lectif de certains cr\u00e9dits uniquement permet:<\/p>\n\n\n\n<ul class=\"wp-block-list\">\n<li>De <strong>cibler les pr\u00eats les plus co\u00fbteux<\/strong><\/li>\n\n\n\n<li>De <strong>pr\u00e9server les financements avantageux<\/strong><\/li>\n\n\n\n<li>D&rsquo;<strong>optimiser la structure globale<\/strong> sans tout refondre<\/li>\n<\/ul>\n\n\n\n<h3 class=\"wp-block-heading\"><span class=\"ez-toc-section\" id=\"Dispositifs_daide_specifiques\"><\/span>Dispositifs d&rsquo;aide sp\u00e9cifiques<span class=\"ez-toc-section-end\"><\/span><\/h3>\n\n\n\n<p>Les fonctionnaires peuvent explorer:<\/p>\n\n\n\n<ul class=\"wp-block-list\">\n<li>Les <strong>pr\u00eats sociaux<\/strong> r\u00e9serv\u00e9s aux agents publics<\/li>\n\n\n\n<li>Les <strong>aides exceptionnelles<\/strong> des comit\u00e9s d&rsquo;action sociale<\/li>\n\n\n\n<li>Les <strong>dispositifs de solidarit\u00e9<\/strong> des mutuelles professionnelles<\/li>\n<\/ul>\n\n\n\n<h2 class=\"wp-block-heading\"><span class=\"ez-toc-section\" id=\"Cadre_reglementaire_et_demarches\"><\/span>Cadre r\u00e9glementaire et d\u00e9marches<span class=\"ez-toc-section-end\"><\/span><\/h2>\n\n\n\n<h3 class=\"wp-block-heading\"><span class=\"ez-toc-section\" id=\"Procedure_et_calendrier_operationnel\"><\/span>Proc\u00e9dure et calendrier op\u00e9rationnel<span class=\"ez-toc-section-end\"><\/span><\/h3>\n\n\n\n<p>La mise en \u0153uvre d&rsquo;un rachat suit g\u00e9n\u00e9ralement les \u00e9tapes suivantes:<\/p>\n\n\n\n<ol class=\"wp-block-list\">\n<li>Phase pr\u00e9paratoire d&rsquo;\u00e9valuation (1-2 semaines)<\/li>\n\n\n\n<li>Constitution et soumission du dossier (1 semaine)<\/li>\n\n\n\n<li>\u00c9tude par l&rsquo;\u00e9tablissement financier (2-3 semaines)<\/li>\n\n\n\n<li>\u00c9dition de l&rsquo;offre de pr\u00eat<\/li>\n\n\n\n<li>D\u00e9lai l\u00e9gal de r\u00e9flexion (14 jours)<\/li>\n\n\n\n<li>Finalisation notariale pour les rachats immobiliers (1 mois)<\/li>\n\n\n\n<li>D\u00e9blocage des fonds et remboursement des cr\u00e9anciers actuels<\/li>\n<\/ol>\n\n\n\n<h3 class=\"wp-block-heading\"><span class=\"ez-toc-section\" id=\"Protection_juridique_du_consommateur\"><\/span>Protection juridique du consommateur<span class=\"ez-toc-section-end\"><\/span><\/h3>\n\n\n\n<p>Le cadre l\u00e9gal offre plusieurs protections:<\/p>\n\n\n\n<ul class=\"wp-block-list\">\n<li><strong>Droit de r\u00e9tractation<\/strong> de 14 jours<\/li>\n\n\n\n<li><strong>Information pr\u00e9contractuelle<\/strong> obligatoire<\/li>\n\n\n\n<li><strong>Encadrement des p\u00e9nalit\u00e9s<\/strong> de remboursement anticip\u00e9<\/li>\n\n\n\n<li><strong>Plafonnement des taux<\/strong> (taux d&rsquo;usure)<\/li>\n<\/ul>\n\n\n\n<h3 class=\"wp-block-heading\"><span class=\"ez-toc-section\" id=\"Implications_fiscales\"><\/span>Implications fiscales<span class=\"ez-toc-section-end\"><\/span><\/h3>\n\n\n\n<p>Le rachat peut entra\u00eener des cons\u00e9quences fiscales:<\/p>\n\n\n\n<ul class=\"wp-block-list\">\n<li><strong>Modification des int\u00e9r\u00eats d\u00e9ductibles<\/strong> pour les cr\u00e9dits immobiliers<\/li>\n\n\n\n<li><strong>R\u00e9am\u00e9nagement des avantages fiscaux<\/strong> li\u00e9s \u00e0 certains pr\u00eats sp\u00e9cifiques<\/li>\n\n\n\n<li><strong>Impact potentiel sur la d\u00e9claration<\/strong> de revenus fonciers<\/li>\n<\/ul>\n\n\n\n<h2 class=\"wp-block-heading\"><span class=\"ez-toc-section\" id=\"Tendances_et_perspectives_devolution\"><\/span>Tendances et perspectives d&rsquo;\u00e9volution<span class=\"ez-toc-section-end\"><\/span><\/h2>\n\n\n\n<h3 class=\"wp-block-heading\"><span class=\"ez-toc-section\" id=\"Evolutions_recentes_du_marche\"><\/span>\u00c9volutions r\u00e9centes du march\u00e9<span class=\"ez-toc-section-end\"><\/span><\/h3>\n\n\n\n<p>Le secteur du rachat de cr\u00e9dit fonctionnaire conna\u00eet plusieurs mutations:<\/p>\n\n\n\n<ul class=\"wp-block-list\">\n<li><strong>D\u00e9mat\u00e9rialisation croissante<\/strong> des proc\u00e9dures<\/li>\n\n\n\n<li><strong>Acc\u00e9l\u00e9ration des d\u00e9lais<\/strong> de traitement<\/li>\n\n\n\n<li><strong>Personnalisation accrue<\/strong> des offres<\/li>\n\n\n\n<li><strong>D\u00e9veloppement de solutions digitales<\/strong> d&rsquo;\u00e9valuation<\/li>\n<\/ul>\n\n\n\n<h3 class=\"wp-block-heading\"><span class=\"ez-toc-section\" id=\"Innovations_dans_loffre_dediee\"><\/span>Innovations dans l&rsquo;offre d\u00e9di\u00e9e<span class=\"ez-toc-section-end\"><\/span><\/h3>\n\n\n\n<p>Les \u00e9tablissements d\u00e9veloppent de nouvelles approches:<\/p>\n\n\n\n<ul class=\"wp-block-list\">\n<li><strong>Formules modulaires<\/strong> adapt\u00e9es aux parcours professionnels<\/li>\n\n\n\n<li><strong>Options de flexibilit\u00e9<\/strong> renforc\u00e9es<\/li>\n\n\n\n<li><strong>Services compl\u00e9mentaires<\/strong> de conseil budg\u00e9taire<\/li>\n\n\n\n<li><strong>Applications de suivi<\/strong> personnalis\u00e9<\/li>\n<\/ul>\n\n\n\n<h3 class=\"wp-block-heading\"><span class=\"ez-toc-section\" id=\"Adaptation_aux_evolutions_statutaires\"><\/span>Adaptation aux \u00e9volutions statutaires<span class=\"ez-toc-section-end\"><\/span><\/h3>\n\n\n\n<p>Le march\u00e9 int\u00e8gre les modifications du statut des fonctionnaires:<\/p>\n\n\n\n<ul class=\"wp-block-list\">\n<li><strong>Prise en compte des r\u00e9formes<\/strong> de la fonction publique<\/li>\n\n\n\n<li><strong>Adaptation aux nouveaux r\u00e9gimes indemnitaires<\/strong><\/li>\n\n\n\n<li><strong>Int\u00e9gration des \u00e9volutions<\/strong> des parcours de carri\u00e8re<\/li>\n<\/ul>\n\n\n\n<h2 class=\"wp-block-heading\"><span class=\"ez-toc-section\" id=\"Financement_de_nouveaux_projets_post-rachat\"><\/span>Financement de nouveaux projets post-rachat<span class=\"ez-toc-section-end\"><\/span><\/h2>\n\n\n\n<h3 class=\"wp-block-heading\"><span class=\"ez-toc-section\" id=\"Evaluation_de_la_capacite_residuelle\"><\/span>\u00c9valuation de la capacit\u00e9 r\u00e9siduelle<span class=\"ez-toc-section-end\"><\/span><\/h3>\n\n\n\n<p>Apr\u00e8s rachat, l&rsquo;analyse de la capacit\u00e9 d&#8217;emprunt repose sur:<\/p>\n\n\n\n<ul class=\"wp-block-list\">\n<li>Le <strong>nouveau taux d&rsquo;endettement<\/strong> effectif<\/li>\n\n\n\n<li>Le <strong>reste \u00e0 vivre optimis\u00e9<\/strong><\/li>\n\n\n\n<li>L&rsquo;<strong>historique de remboursement<\/strong> du regroupement<\/li>\n\n\n\n<li>La <strong>stabilit\u00e9 financi\u00e8re<\/strong> d\u00e9montr\u00e9e<\/li>\n<\/ul>\n\n\n\n<h3 class=\"wp-block-heading\"><span class=\"ez-toc-section\" id=\"Solutions_de_financement_complementaires\"><\/span>Solutions de financement compl\u00e9mentaires<span class=\"ez-toc-section-end\"><\/span><\/h3>\n\n\n\n<p>Plusieurs options demeurent accessibles:<\/p>\n\n\n\n<ul class=\"wp-block-list\">\n<li><strong>Pr\u00eats \u00e0 taux z\u00e9ro<\/strong> pour certains projets \u00e9ligibles<\/li>\n\n\n\n<li><strong>Financements professionnels<\/strong> sp\u00e9cifiques<\/li>\n\n\n\n<li><strong>Cr\u00e9dits renouvelables<\/strong> \u00e0 utilisation ma\u00eetris\u00e9e<\/li>\n\n\n\n<li><strong>Pr\u00eats d&rsquo;action sociale<\/strong> des employeurs publics<\/li>\n<\/ul>\n\n\n\n<h3 class=\"wp-block-heading\"><span class=\"ez-toc-section\" id=\"Reconstitution_progressive_de_la_capacite_demprunt\"><\/span>Reconstitution progressive de la capacit\u00e9 d&#8217;emprunt<span class=\"ez-toc-section-end\"><\/span><\/h3>\n\n\n\n<p>Une strat\u00e9gie \u00e0 moyen terme peut inclure:<\/p>\n\n\n\n<ul class=\"wp-block-list\">\n<li><strong>Remboursements anticip\u00e9s partiels<\/strong> programm\u00e9s<\/li>\n\n\n\n<li><strong>Augmentation progressive<\/strong> des mensualit\u00e9s<\/li>\n\n\n\n<li><strong>\u00c9pargne parall\u00e8le<\/strong> constituant un apport futur<\/li>\n\n\n\n<li><strong>Suivi r\u00e9gulier<\/strong> du taux d&rsquo;endettement<\/li>\n<\/ul>\n\n\n\n<h2 class=\"wp-block-heading\"><span class=\"ez-toc-section\" id=\"Conclusion_Prise_de_decision_eclairee\"><\/span>Conclusion: Prise de d\u00e9cision \u00e9clair\u00e9e<span class=\"ez-toc-section-end\"><\/span><\/h2>\n\n\n\n<p>Le rachat de cr\u00e9dit repr\u00e9sente une solution financi\u00e8re strat\u00e9gique pour les fonctionnaires confront\u00e9s \u00e0 un endettement contraignant. La d\u00e9cision doit s&rsquo;appuyer sur:<\/p>\n\n\n\n<ul class=\"wp-block-list\">\n<li>Une <strong>analyse objective<\/strong> de la situation financi\u00e8re actuelle<\/li>\n\n\n\n<li>Une <strong>\u00e9valuation pr\u00e9cise<\/strong> des gains potentiels \u00e0 court et long terme<\/li>\n\n\n\n<li>Une <strong>compr\u00e9hension compl\u00e8te<\/strong> des engagements contractuels<\/li>\n\n\n\n<li>Un <strong>accompagnement professionnel<\/strong> dans les diff\u00e9rentes \u00e9tapes<\/li>\n<\/ul>\n\n\n\n<p>L&rsquo;optimisation financi\u00e8re obtenue permet g\u00e9n\u00e9ralement de retrouver une marge de man\u0153uvre budg\u00e9taire significative, favorisant ainsi la r\u00e9alisation de nouveaux projets personnels ou professionnels. La stabilit\u00e9 d&#8217;emploi caract\u00e9ristique du statut de fonctionnaire constitue un atout majeur dans la n\u00e9gociation des conditions, g\u00e9n\u00e9rant des opportunit\u00e9s particuli\u00e8rement avantageuses pour cette cat\u00e9gorie d&#8217;emprunteurs.<\/p>\n\n\n<div class=\"kk-star-ratings kksr-auto kksr-align-center kksr-valign-bottom\"\n    data-payload='{&quot;align&quot;:&quot;center&quot;,&quot;id&quot;:&quot;54&quot;,&quot;slug&quot;:&quot;default&quot;,&quot;valign&quot;:&quot;bottom&quot;,&quot;ignore&quot;:&quot;&quot;,&quot;reference&quot;:&quot;auto&quot;,&quot;class&quot;:&quot;&quot;,&quot;count&quot;:&quot;0&quot;,&quot;legendonly&quot;:&quot;&quot;,&quot;readonly&quot;:&quot;&quot;,&quot;score&quot;:&quot;0&quot;,&quot;starsonly&quot;:&quot;&quot;,&quot;best&quot;:&quot;5&quot;,&quot;gap&quot;:&quot;5&quot;,&quot;greet&quot;:&quot;&quot;,&quot;legend&quot;:&quot;0\\\/5 - (0 vote)&quot;,&quot;size&quot;:&quot;24&quot;,&quot;title&quot;:&quot;Rachat de cr\u00e9dit pour fonctionnaire : Guide complet&quot;,&quot;width&quot;:&quot;0&quot;,&quot;_legend&quot;:&quot;{score}\\\/{best} - ({count} {votes})&quot;,&quot;font_factor&quot;:&quot;1.25&quot;}'>\n            \n<div class=\"kksr-stars\">\n    \n<div class=\"kksr-stars-inactive\">\n            <div class=\"kksr-star\" data-star=\"1\" style=\"padding-right: 5px\">\n            \n\n<div class=\"kksr-icon\" style=\"width: 24px; height: 24px;\"><\/div>\n        <\/div>\n            <div class=\"kksr-star\" data-star=\"2\" style=\"padding-right: 5px\">\n            \n\n<div class=\"kksr-icon\" style=\"width: 24px; height: 24px;\"><\/div>\n        <\/div>\n            <div class=\"kksr-star\" data-star=\"3\" style=\"padding-right: 5px\">\n            \n\n<div class=\"kksr-icon\" style=\"width: 24px; height: 24px;\"><\/div>\n        <\/div>\n            <div class=\"kksr-star\" data-star=\"4\" style=\"padding-right: 5px\">\n            \n\n<div class=\"kksr-icon\" style=\"width: 24px; height: 24px;\"><\/div>\n        <\/div>\n            <div class=\"kksr-star\" data-star=\"5\" style=\"padding-right: 5px\">\n            \n\n<div class=\"kksr-icon\" style=\"width: 24px; height: 24px;\"><\/div>\n        <\/div>\n    <\/div>\n    \n<div class=\"kksr-stars-active\" style=\"width: 0px;\">\n            <div class=\"kksr-star\" style=\"padding-right: 5px\">\n            \n\n<div class=\"kksr-icon\" style=\"width: 24px; height: 24px;\"><\/div>\n        <\/div>\n            <div class=\"kksr-star\" style=\"padding-right: 5px\">\n            \n\n<div class=\"kksr-icon\" style=\"width: 24px; height: 24px;\"><\/div>\n        <\/div>\n            <div class=\"kksr-star\" style=\"padding-right: 5px\">\n            \n\n<div class=\"kksr-icon\" style=\"width: 24px; height: 24px;\"><\/div>\n        <\/div>\n            <div class=\"kksr-star\" style=\"padding-right: 5px\">\n            \n\n<div class=\"kksr-icon\" style=\"width: 24px; height: 24px;\"><\/div>\n        <\/div>\n            <div class=\"kksr-star\" style=\"padding-right: 5px\">\n            \n\n<div class=\"kksr-icon\" style=\"width: 24px; height: 24px;\"><\/div>\n        <\/div>\n    <\/div>\n<\/div>\n                \n\n<div class=\"kksr-legend\" style=\"font-size: 19.2px;\">\n            <span class=\"kksr-muted\"><\/span>\n    <\/div>\n    <\/div>\n","protected":false},"excerpt":{"rendered":"<p>Fondamentaux du rachat de cr\u00e9dit adapt\u00e9 au secteur public Le rachat de cr\u00e9dit pour fonctionnaire constitue une op\u00e9ration financi\u00e8re permettant aux agents de la fonction publique de regrouper l&rsquo;ensemble de leurs emprunts en cours en un seul pr\u00eat. Cette solution s&rsquo;adresse sp\u00e9cifiquement aux agents de la fonction publique d&rsquo;\u00c9tat, territoriale et hospitali\u00e8re, offrant des conditions &#8230; <a title=\"Rachat de cr\u00e9dit pour fonctionnaire : Guide complet\" class=\"read-more\" href=\"https:\/\/rachat2credit.fr\/guide\/rachat-de-credit-fonctionnaire\/\" aria-label=\"En savoir plus sur Rachat de cr\u00e9dit pour fonctionnaire : Guide complet\">Lire plus<\/a><\/p>\n","protected":false},"author":1,"featured_media":55,"comment_status":"open","ping_status":"open","sticky":false,"template":"","format":"standard","meta":{"footnotes":""},"categories":[3],"tags":[],"class_list":["post-54","post","type-post","status-publish","format-standard","has-post-thumbnail","hentry","category-rachat-de-credit"],"yoast_head":"<!-- This site is optimized with the Yoast SEO plugin v27.5 - https:\/\/yoast.com\/product\/yoast-seo-wordpress\/ -->\n<title>Rachat de cr\u00e9dit pour fonctionnaire : Guide complet 2026 - Rachat de Cr\u00e9dit<\/title>\n<meta name=\"description\" content=\"Fonctionnaires : optimisez votre budget avec un rachat de cr\u00e9dit adapt\u00e9 \u00e0 votre statut. Conditions pr\u00e9f\u00e9rentielles, taux r\u00e9duits et mensualit\u00e9s all\u00e9g\u00e9es pour retrouver une stabilit\u00e9 financi\u00e8re.\" \/>\n<meta name=\"robots\" content=\"index, follow, max-snippet:-1, max-image-preview:large, max-video-preview:-1\" \/>\n<link rel=\"canonical\" href=\"https:\/\/rachat2credit.fr\/guide\/rachat-de-credit-fonctionnaire\/\" \/>\n<meta property=\"og:locale\" content=\"fr_FR\" \/>\n<meta property=\"og:type\" content=\"article\" \/>\n<meta property=\"og:title\" content=\"Rachat de cr\u00e9dit pour fonctionnaire : Guide complet 2026 - Rachat de Cr\u00e9dit\" \/>\n<meta property=\"og:description\" content=\"Fonctionnaires : optimisez votre budget avec un rachat de cr\u00e9dit adapt\u00e9 \u00e0 votre statut. Conditions pr\u00e9f\u00e9rentielles, taux r\u00e9duits et mensualit\u00e9s all\u00e9g\u00e9es pour retrouver une stabilit\u00e9 financi\u00e8re.\" \/>\n<meta property=\"og:url\" content=\"https:\/\/rachat2credit.fr\/guide\/rachat-de-credit-fonctionnaire\/\" \/>\n<meta property=\"og:site_name\" content=\"Rachat de Cr\u00e9dit\" \/>\n<meta property=\"article:published_time\" content=\"2025-05-09T10:49:44+00:00\" \/>\n<meta property=\"article:modified_time\" content=\"2025-05-09T10:49:45+00:00\" \/>\n<meta property=\"og:image\" content=\"https:\/\/rachat2credit.fr\/guide\/wp-content\/uploads\/2025\/05\/rachat-credit-fonctionnaire.png\" \/>\n\t<meta property=\"og:image:width\" content=\"1024\" \/>\n\t<meta property=\"og:image:height\" content=\"1024\" \/>\n\t<meta property=\"og:image:type\" content=\"image\/png\" \/>\n<meta name=\"author\" content=\"Aurelien Boulanger\" \/>\n<meta name=\"twitter:card\" content=\"summary_large_image\" \/>\n<meta name=\"twitter:label1\" content=\"\u00c9crit par\" \/>\n\t<meta name=\"twitter:data1\" content=\"Aurelien Boulanger\" \/>\n\t<meta name=\"twitter:label2\" content=\"Dur\u00e9e de lecture estim\u00e9e\" \/>\n\t<meta name=\"twitter:data2\" content=\"10 minutes\" \/>\n<script type=\"application\/ld+json\" class=\"yoast-schema-graph\">{\"@context\":\"https:\\\/\\\/schema.org\",\"@graph\":[{\"@type\":\"NewsArticle\",\"@id\":\"https:\\\/\\\/rachat2credit.fr\\\/guide\\\/rachat-de-credit-fonctionnaire\\\/#article\",\"isPartOf\":{\"@id\":\"https:\\\/\\\/rachat2credit.fr\\\/guide\\\/rachat-de-credit-fonctionnaire\\\/\"},\"author\":{\"name\":\"Aurelien Boulanger\",\"@id\":\"https:\\\/\\\/rachat2credit.fr\\\/guide\\\/#\\\/schema\\\/person\\\/d4142086d07bc6acdc4722eabd955cc2\"},\"headline\":\"Rachat de cr\u00e9dit pour fonctionnaire : Guide complet\",\"datePublished\":\"2025-05-09T10:49:44+00:00\",\"dateModified\":\"2025-05-09T10:49:45+00:00\",\"mainEntityOfPage\":{\"@id\":\"https:\\\/\\\/rachat2credit.fr\\\/guide\\\/rachat-de-credit-fonctionnaire\\\/\"},\"wordCount\":2175,\"commentCount\":0,\"publisher\":{\"@id\":\"https:\\\/\\\/rachat2credit.fr\\\/guide\\\/#organization\"},\"image\":{\"@id\":\"https:\\\/\\\/rachat2credit.fr\\\/guide\\\/rachat-de-credit-fonctionnaire\\\/#primaryimage\"},\"thumbnailUrl\":\"https:\\\/\\\/rachat2credit.fr\\\/guide\\\/wp-content\\\/uploads\\\/2025\\\/05\\\/rachat-credit-fonctionnaire.png\",\"articleSection\":[\"Rachat de cr\u00e9dit\"],\"inLanguage\":\"fr-FR\",\"potentialAction\":[{\"@type\":\"CommentAction\",\"name\":\"Comment\",\"target\":[\"https:\\\/\\\/rachat2credit.fr\\\/guide\\\/rachat-de-credit-fonctionnaire\\\/#respond\"]}]},{\"@type\":\"WebPage\",\"@id\":\"https:\\\/\\\/rachat2credit.fr\\\/guide\\\/rachat-de-credit-fonctionnaire\\\/\",\"url\":\"https:\\\/\\\/rachat2credit.fr\\\/guide\\\/rachat-de-credit-fonctionnaire\\\/\",\"name\":\"Rachat de cr\u00e9dit pour fonctionnaire : Guide complet 2026 - Rachat de Cr\u00e9dit\",\"isPartOf\":{\"@id\":\"https:\\\/\\\/rachat2credit.fr\\\/guide\\\/#website\"},\"primaryImageOfPage\":{\"@id\":\"https:\\\/\\\/rachat2credit.fr\\\/guide\\\/rachat-de-credit-fonctionnaire\\\/#primaryimage\"},\"image\":{\"@id\":\"https:\\\/\\\/rachat2credit.fr\\\/guide\\\/rachat-de-credit-fonctionnaire\\\/#primaryimage\"},\"thumbnailUrl\":\"https:\\\/\\\/rachat2credit.fr\\\/guide\\\/wp-content\\\/uploads\\\/2025\\\/05\\\/rachat-credit-fonctionnaire.png\",\"datePublished\":\"2025-05-09T10:49:44+00:00\",\"dateModified\":\"2025-05-09T10:49:45+00:00\",\"description\":\"Fonctionnaires : optimisez votre budget avec un rachat de cr\u00e9dit adapt\u00e9 \u00e0 votre statut. Conditions pr\u00e9f\u00e9rentielles, taux r\u00e9duits et mensualit\u00e9s all\u00e9g\u00e9es pour retrouver une stabilit\u00e9 financi\u00e8re.\",\"breadcrumb\":{\"@id\":\"https:\\\/\\\/rachat2credit.fr\\\/guide\\\/rachat-de-credit-fonctionnaire\\\/#breadcrumb\"},\"inLanguage\":\"fr-FR\",\"potentialAction\":[{\"@type\":\"ReadAction\",\"target\":[\"https:\\\/\\\/rachat2credit.fr\\\/guide\\\/rachat-de-credit-fonctionnaire\\\/\"]}]},{\"@type\":\"ImageObject\",\"inLanguage\":\"fr-FR\",\"@id\":\"https:\\\/\\\/rachat2credit.fr\\\/guide\\\/rachat-de-credit-fonctionnaire\\\/#primaryimage\",\"url\":\"https:\\\/\\\/rachat2credit.fr\\\/guide\\\/wp-content\\\/uploads\\\/2025\\\/05\\\/rachat-credit-fonctionnaire.png\",\"contentUrl\":\"https:\\\/\\\/rachat2credit.fr\\\/guide\\\/wp-content\\\/uploads\\\/2025\\\/05\\\/rachat-credit-fonctionnaire.png\",\"width\":1024,\"height\":1024,\"caption\":\"Rachat de cr\u00e9dit pour fonctionnaire : Guide complet\"},{\"@type\":\"BreadcrumbList\",\"@id\":\"https:\\\/\\\/rachat2credit.fr\\\/guide\\\/rachat-de-credit-fonctionnaire\\\/#breadcrumb\",\"itemListElement\":[{\"@type\":\"ListItem\",\"position\":1,\"name\":\"Accueil\",\"item\":\"https:\\\/\\\/rachat2credit.fr\\\/guide\\\/\"},{\"@type\":\"ListItem\",\"position\":2,\"name\":\"Rachat de cr\u00e9dit pour fonctionnaire : Guide complet\"}]},{\"@type\":\"WebSite\",\"@id\":\"https:\\\/\\\/rachat2credit.fr\\\/guide\\\/#website\",\"url\":\"https:\\\/\\\/rachat2credit.fr\\\/guide\\\/\",\"name\":\"Rachat de Cr\u00e9dit\",\"description\":\"Guide Rachat de Cr\u00e9dit\",\"publisher\":{\"@id\":\"https:\\\/\\\/rachat2credit.fr\\\/guide\\\/#organization\"},\"potentialAction\":[{\"@type\":\"SearchAction\",\"target\":{\"@type\":\"EntryPoint\",\"urlTemplate\":\"https:\\\/\\\/rachat2credit.fr\\\/guide\\\/?s={search_term_string}\"},\"query-input\":{\"@type\":\"PropertyValueSpecification\",\"valueRequired\":true,\"valueName\":\"search_term_string\"}}],\"inLanguage\":\"fr-FR\"},{\"@type\":\"Organization\",\"@id\":\"https:\\\/\\\/rachat2credit.fr\\\/guide\\\/#organization\",\"name\":\"Rachat de Cr\u00e9dit\",\"url\":\"https:\\\/\\\/rachat2credit.fr\\\/guide\\\/\",\"logo\":{\"@type\":\"ImageObject\",\"inLanguage\":\"fr-FR\",\"@id\":\"https:\\\/\\\/rachat2credit.fr\\\/guide\\\/#\\\/schema\\\/logo\\\/image\\\/\",\"url\":\"https:\\\/\\\/rachat2credit.fr\\\/guide\\\/wp-content\\\/uploads\\\/2025\\\/05\\\/rachat2credit.png\",\"contentUrl\":\"https:\\\/\\\/rachat2credit.fr\\\/guide\\\/wp-content\\\/uploads\\\/2025\\\/05\\\/rachat2credit.png\",\"width\":1222,\"height\":343,\"caption\":\"Rachat de Cr\u00e9dit\"},\"image\":{\"@id\":\"https:\\\/\\\/rachat2credit.fr\\\/guide\\\/#\\\/schema\\\/logo\\\/image\\\/\"}},{\"@type\":\"Person\",\"@id\":\"https:\\\/\\\/rachat2credit.fr\\\/guide\\\/#\\\/schema\\\/person\\\/d4142086d07bc6acdc4722eabd955cc2\",\"name\":\"Aurelien Boulanger\",\"image\":{\"@type\":\"ImageObject\",\"inLanguage\":\"fr-FR\",\"@id\":\"https:\\\/\\\/secure.gravatar.com\\\/avatar\\\/32175434c9ca2b27bfeb905d1c3ec782a789caf494bc0ec8fa6ed0ee39c2e62a?s=96&d=mm&r=g\",\"url\":\"https:\\\/\\\/secure.gravatar.com\\\/avatar\\\/32175434c9ca2b27bfeb905d1c3ec782a789caf494bc0ec8fa6ed0ee39c2e62a?s=96&d=mm&r=g\",\"contentUrl\":\"https:\\\/\\\/secure.gravatar.com\\\/avatar\\\/32175434c9ca2b27bfeb905d1c3ec782a789caf494bc0ec8fa6ed0ee39c2e62a?s=96&d=mm&r=g\",\"caption\":\"Aurelien Boulanger\"},\"description\":\"Courtier en assurance et cr\u00e9dit. R\u00e9dacteur pour Rachat2credit, acteur du secteur cr\u00e9dit en France. Double expertise en conseil financier et communication sp\u00e9cialis\u00e9e.\",\"sameAs\":[\"https:\\\/\\\/rachat2credit.fr\\\/guide\"],\"url\":\"https:\\\/\\\/rachat2credit.fr\\\/guide\\\/author\\\/aurelien\\\/\"}]}<\/script>\n<!-- \/ Yoast SEO plugin. -->","yoast_head_json":{"title":"Rachat de cr\u00e9dit pour fonctionnaire : Guide complet 2026 - Rachat de Cr\u00e9dit","description":"Fonctionnaires : optimisez votre budget avec un rachat de cr\u00e9dit adapt\u00e9 \u00e0 votre statut. Conditions pr\u00e9f\u00e9rentielles, taux r\u00e9duits et mensualit\u00e9s all\u00e9g\u00e9es pour retrouver une stabilit\u00e9 financi\u00e8re.","robots":{"index":"index","follow":"follow","max-snippet":"max-snippet:-1","max-image-preview":"max-image-preview:large","max-video-preview":"max-video-preview:-1"},"canonical":"https:\/\/rachat2credit.fr\/guide\/rachat-de-credit-fonctionnaire\/","og_locale":"fr_FR","og_type":"article","og_title":"Rachat de cr\u00e9dit pour fonctionnaire : Guide complet 2026 - Rachat de Cr\u00e9dit","og_description":"Fonctionnaires : optimisez votre budget avec un rachat de cr\u00e9dit adapt\u00e9 \u00e0 votre statut. Conditions pr\u00e9f\u00e9rentielles, taux r\u00e9duits et mensualit\u00e9s all\u00e9g\u00e9es pour retrouver une stabilit\u00e9 financi\u00e8re.","og_url":"https:\/\/rachat2credit.fr\/guide\/rachat-de-credit-fonctionnaire\/","og_site_name":"Rachat de Cr\u00e9dit","article_published_time":"2025-05-09T10:49:44+00:00","article_modified_time":"2025-05-09T10:49:45+00:00","og_image":[{"width":1024,"height":1024,"url":"https:\/\/rachat2credit.fr\/guide\/wp-content\/uploads\/2025\/05\/rachat-credit-fonctionnaire.png","type":"image\/png"}],"author":"Aurelien Boulanger","twitter_card":"summary_large_image","twitter_misc":{"\u00c9crit par":"Aurelien Boulanger","Dur\u00e9e de lecture estim\u00e9e":"10 minutes"},"schema":{"@context":"https:\/\/schema.org","@graph":[{"@type":"NewsArticle","@id":"https:\/\/rachat2credit.fr\/guide\/rachat-de-credit-fonctionnaire\/#article","isPartOf":{"@id":"https:\/\/rachat2credit.fr\/guide\/rachat-de-credit-fonctionnaire\/"},"author":{"name":"Aurelien Boulanger","@id":"https:\/\/rachat2credit.fr\/guide\/#\/schema\/person\/d4142086d07bc6acdc4722eabd955cc2"},"headline":"Rachat de cr\u00e9dit pour fonctionnaire : Guide complet","datePublished":"2025-05-09T10:49:44+00:00","dateModified":"2025-05-09T10:49:45+00:00","mainEntityOfPage":{"@id":"https:\/\/rachat2credit.fr\/guide\/rachat-de-credit-fonctionnaire\/"},"wordCount":2175,"commentCount":0,"publisher":{"@id":"https:\/\/rachat2credit.fr\/guide\/#organization"},"image":{"@id":"https:\/\/rachat2credit.fr\/guide\/rachat-de-credit-fonctionnaire\/#primaryimage"},"thumbnailUrl":"https:\/\/rachat2credit.fr\/guide\/wp-content\/uploads\/2025\/05\/rachat-credit-fonctionnaire.png","articleSection":["Rachat de cr\u00e9dit"],"inLanguage":"fr-FR","potentialAction":[{"@type":"CommentAction","name":"Comment","target":["https:\/\/rachat2credit.fr\/guide\/rachat-de-credit-fonctionnaire\/#respond"]}]},{"@type":"WebPage","@id":"https:\/\/rachat2credit.fr\/guide\/rachat-de-credit-fonctionnaire\/","url":"https:\/\/rachat2credit.fr\/guide\/rachat-de-credit-fonctionnaire\/","name":"Rachat de cr\u00e9dit pour fonctionnaire : Guide complet 2026 - Rachat de Cr\u00e9dit","isPartOf":{"@id":"https:\/\/rachat2credit.fr\/guide\/#website"},"primaryImageOfPage":{"@id":"https:\/\/rachat2credit.fr\/guide\/rachat-de-credit-fonctionnaire\/#primaryimage"},"image":{"@id":"https:\/\/rachat2credit.fr\/guide\/rachat-de-credit-fonctionnaire\/#primaryimage"},"thumbnailUrl":"https:\/\/rachat2credit.fr\/guide\/wp-content\/uploads\/2025\/05\/rachat-credit-fonctionnaire.png","datePublished":"2025-05-09T10:49:44+00:00","dateModified":"2025-05-09T10:49:45+00:00","description":"Fonctionnaires : optimisez votre budget avec un rachat de cr\u00e9dit adapt\u00e9 \u00e0 votre statut. Conditions pr\u00e9f\u00e9rentielles, taux r\u00e9duits et mensualit\u00e9s all\u00e9g\u00e9es pour retrouver une stabilit\u00e9 financi\u00e8re.","breadcrumb":{"@id":"https:\/\/rachat2credit.fr\/guide\/rachat-de-credit-fonctionnaire\/#breadcrumb"},"inLanguage":"fr-FR","potentialAction":[{"@type":"ReadAction","target":["https:\/\/rachat2credit.fr\/guide\/rachat-de-credit-fonctionnaire\/"]}]},{"@type":"ImageObject","inLanguage":"fr-FR","@id":"https:\/\/rachat2credit.fr\/guide\/rachat-de-credit-fonctionnaire\/#primaryimage","url":"https:\/\/rachat2credit.fr\/guide\/wp-content\/uploads\/2025\/05\/rachat-credit-fonctionnaire.png","contentUrl":"https:\/\/rachat2credit.fr\/guide\/wp-content\/uploads\/2025\/05\/rachat-credit-fonctionnaire.png","width":1024,"height":1024,"caption":"Rachat de cr\u00e9dit pour fonctionnaire : Guide complet"},{"@type":"BreadcrumbList","@id":"https:\/\/rachat2credit.fr\/guide\/rachat-de-credit-fonctionnaire\/#breadcrumb","itemListElement":[{"@type":"ListItem","position":1,"name":"Accueil","item":"https:\/\/rachat2credit.fr\/guide\/"},{"@type":"ListItem","position":2,"name":"Rachat de cr\u00e9dit pour fonctionnaire : Guide complet"}]},{"@type":"WebSite","@id":"https:\/\/rachat2credit.fr\/guide\/#website","url":"https:\/\/rachat2credit.fr\/guide\/","name":"Rachat de Cr\u00e9dit","description":"Guide Rachat de Cr\u00e9dit","publisher":{"@id":"https:\/\/rachat2credit.fr\/guide\/#organization"},"potentialAction":[{"@type":"SearchAction","target":{"@type":"EntryPoint","urlTemplate":"https:\/\/rachat2credit.fr\/guide\/?s={search_term_string}"},"query-input":{"@type":"PropertyValueSpecification","valueRequired":true,"valueName":"search_term_string"}}],"inLanguage":"fr-FR"},{"@type":"Organization","@id":"https:\/\/rachat2credit.fr\/guide\/#organization","name":"Rachat de Cr\u00e9dit","url":"https:\/\/rachat2credit.fr\/guide\/","logo":{"@type":"ImageObject","inLanguage":"fr-FR","@id":"https:\/\/rachat2credit.fr\/guide\/#\/schema\/logo\/image\/","url":"https:\/\/rachat2credit.fr\/guide\/wp-content\/uploads\/2025\/05\/rachat2credit.png","contentUrl":"https:\/\/rachat2credit.fr\/guide\/wp-content\/uploads\/2025\/05\/rachat2credit.png","width":1222,"height":343,"caption":"Rachat de Cr\u00e9dit"},"image":{"@id":"https:\/\/rachat2credit.fr\/guide\/#\/schema\/logo\/image\/"}},{"@type":"Person","@id":"https:\/\/rachat2credit.fr\/guide\/#\/schema\/person\/d4142086d07bc6acdc4722eabd955cc2","name":"Aurelien Boulanger","image":{"@type":"ImageObject","inLanguage":"fr-FR","@id":"https:\/\/secure.gravatar.com\/avatar\/32175434c9ca2b27bfeb905d1c3ec782a789caf494bc0ec8fa6ed0ee39c2e62a?s=96&d=mm&r=g","url":"https:\/\/secure.gravatar.com\/avatar\/32175434c9ca2b27bfeb905d1c3ec782a789caf494bc0ec8fa6ed0ee39c2e62a?s=96&d=mm&r=g","contentUrl":"https:\/\/secure.gravatar.com\/avatar\/32175434c9ca2b27bfeb905d1c3ec782a789caf494bc0ec8fa6ed0ee39c2e62a?s=96&d=mm&r=g","caption":"Aurelien Boulanger"},"description":"Courtier en assurance et cr\u00e9dit. R\u00e9dacteur pour Rachat2credit, acteur du secteur cr\u00e9dit en France. Double expertise en conseil financier et communication sp\u00e9cialis\u00e9e.","sameAs":["https:\/\/rachat2credit.fr\/guide"],"url":"https:\/\/rachat2credit.fr\/guide\/author\/aurelien\/"}]}},"_links":{"self":[{"href":"https:\/\/rachat2credit.fr\/guide\/wp-json\/wp\/v2\/posts\/54","targetHints":{"allow":["GET"]}}],"collection":[{"href":"https:\/\/rachat2credit.fr\/guide\/wp-json\/wp\/v2\/posts"}],"about":[{"href":"https:\/\/rachat2credit.fr\/guide\/wp-json\/wp\/v2\/types\/post"}],"author":[{"embeddable":true,"href":"https:\/\/rachat2credit.fr\/guide\/wp-json\/wp\/v2\/users\/1"}],"replies":[{"embeddable":true,"href":"https:\/\/rachat2credit.fr\/guide\/wp-json\/wp\/v2\/comments?post=54"}],"version-history":[{"count":1,"href":"https:\/\/rachat2credit.fr\/guide\/wp-json\/wp\/v2\/posts\/54\/revisions"}],"predecessor-version":[{"id":56,"href":"https:\/\/rachat2credit.fr\/guide\/wp-json\/wp\/v2\/posts\/54\/revisions\/56"}],"wp:featuredmedia":[{"embeddable":true,"href":"https:\/\/rachat2credit.fr\/guide\/wp-json\/wp\/v2\/media\/55"}],"wp:attachment":[{"href":"https:\/\/rachat2credit.fr\/guide\/wp-json\/wp\/v2\/media?parent=54"}],"wp:term":[{"taxonomy":"category","embeddable":true,"href":"https:\/\/rachat2credit.fr\/guide\/wp-json\/wp\/v2\/categories?post=54"},{"taxonomy":"post_tag","embeddable":true,"href":"https:\/\/rachat2credit.fr\/guide\/wp-json\/wp\/v2\/tags?post=54"}],"curies":[{"name":"wp","href":"https:\/\/api.w.org\/{rel}","templated":true}]}}