{"id":552,"date":"2025-07-30T07:15:00","date_gmt":"2025-07-30T05:15:00","guid":{"rendered":"https:\/\/rachat2credit.fr\/guide\/?p=552"},"modified":"2025-07-26T17:16:35","modified_gmt":"2025-07-26T15:16:35","slug":"pouvoir-dachat-et-presidentielle-une-promesse-electorale-qui-pourrait-changer-la-donne","status":"publish","type":"post","link":"https:\/\/rachat2credit.fr\/guide\/pouvoir-dachat-et-presidentielle-une-promesse-electorale-qui-pourrait-changer-la-donne\/","title":{"rendered":"Pouvoir d&rsquo;achat et pr\u00e9sidentielle : une promesse \u00e9lectorale qui pourrait changer la donne ?"},"content":{"rendered":"\n<p>Alors que la prochaine \u00e9lection pr\u00e9sidentielle fran\u00e7aise approche \u00e0 grands pas, le pouvoir d&rsquo;achat s&rsquo;impose comme le sujet br\u00fblant qui pourrait d\u00e9terminer l&rsquo;issue du scrutin. Dans un contexte d&rsquo;inflation persistante, les Fran\u00e7ais scrutent chaque proposition avec une attention particuli\u00e8re.<\/p>\n\n\n\n<div id=\"ez-toc-container\" class=\"ez-toc-v2_0_82_2 counter-hierarchy ez-toc-counter ez-toc-grey ez-toc-container-direction\">\n<p class=\"ez-toc-title\" style=\"cursor:inherit\">Sommaire<\/p>\n<label for=\"ez-toc-cssicon-toggle-item-69f104d5651fc\" class=\"ez-toc-cssicon-toggle-label\"><span class=\"ez-toc-cssicon\"><span class=\"eztoc-hide\" style=\"display:none;\">Toggle<\/span><span class=\"ez-toc-icon-toggle-span\"><svg style=\"fill: #999;color:#999\" xmlns=\"http:\/\/www.w3.org\/2000\/svg\" class=\"list-377408\" width=\"20px\" height=\"20px\" viewBox=\"0 0 24 24\" fill=\"none\"><path d=\"M6 6H4v2h2V6zm14 0H8v2h12V6zM4 11h2v2H4v-2zm16 0H8v2h12v-2zM4 16h2v2H4v-2zm16 0H8v2h12v-2z\" fill=\"currentColor\"><\/path><\/svg><svg style=\"fill: #999;color:#999\" class=\"arrow-unsorted-368013\" xmlns=\"http:\/\/www.w3.org\/2000\/svg\" width=\"10px\" height=\"10px\" viewBox=\"0 0 24 24\" version=\"1.2\" baseProfile=\"tiny\"><path d=\"M18.2 9.3l-6.2-6.3-6.2 6.3c-.2.2-.3.4-.3.7s.1.5.3.7c.2.2.4.3.7.3h11c.3 0 .5-.1.7-.3.2-.2.3-.5.3-.7s-.1-.5-.3-.7zM5.8 14.7l6.2 6.3 6.2-6.3c.2-.2.3-.5.3-.7s-.1-.5-.3-.7c-.2-.2-.4-.3-.7-.3h-11c-.3 0-.5.1-.7.3-.2.2-.3.5-.3.7s.1.5.3.7z\"\/><\/svg><\/span><\/span><\/label><input type=\"checkbox\"  id=\"ez-toc-cssicon-toggle-item-69f104d5651fc\" checked aria-label=\"Toggle\" \/><nav><ul class='ez-toc-list ez-toc-list-level-1 ' ><li class='ez-toc-page-1 ez-toc-heading-level-2'><a class=\"ez-toc-link ez-toc-heading-1\" href=\"https:\/\/rachat2credit.fr\/guide\/pouvoir-dachat-et-presidentielle-une-promesse-electorale-qui-pourrait-changer-la-donne\/#%C2%AB_Je_gagne_2000E_par_mois_mais_je_dois_compter_chaque_centime_%C2%BB_le_cri_du_coeur_de_Mathieu_pere_de_famille\" >\u00ab\u00a0Je gagne 2000\u20ac par mois mais je dois compter chaque centime\u00a0\u00bb : le cri du c\u0153ur de Mathieu, p\u00e8re de famille<\/a><\/li><li class='ez-toc-page-1 ez-toc-heading-level-2'><a class=\"ez-toc-link ez-toc-heading-2\" href=\"https:\/\/rachat2credit.fr\/guide\/pouvoir-dachat-et-presidentielle-une-promesse-electorale-qui-pourrait-changer-la-donne\/#Les_mesures_phares_proposees_par_les_candidats\" >Les mesures phares propos\u00e9es par les candidats<\/a><\/li><li class='ez-toc-page-1 ez-toc-heading-level-2'><a class=\"ez-toc-link ez-toc-heading-3\" href=\"https:\/\/rachat2credit.fr\/guide\/pouvoir-dachat-et-presidentielle-une-promesse-electorale-qui-pourrait-changer-la-donne\/#Le_casse-tete_des_classes_moyennes\" >Le casse-t\u00eate des classes moyennes<\/a><\/li><li class='ez-toc-page-1 ez-toc-heading-level-2'><a class=\"ez-toc-link ez-toc-heading-4\" href=\"https:\/\/rachat2credit.fr\/guide\/pouvoir-dachat-et-presidentielle-une-promesse-electorale-qui-pourrait-changer-la-donne\/#Les_pieges_a_eviter_dans_le_debat\" >Les pi\u00e8ges \u00e0 \u00e9viter dans le d\u00e9bat<\/a><\/li><li class='ez-toc-page-1 ez-toc-heading-level-2'><a class=\"ez-toc-link ez-toc-heading-5\" href=\"https:\/\/rachat2credit.fr\/guide\/pouvoir-dachat-et-presidentielle-une-promesse-electorale-qui-pourrait-changer-la-donne\/#Et_vous_comment_vivez-vous_cette_situation\" >Et vous, comment vivez-vous cette situation ?<\/a><\/li><\/ul><\/nav><\/div>\n<h2 class=\"wp-block-heading\"><span class=\"ez-toc-section\" id=\"%C2%AB_Je_gagne_2000E_par_mois_mais_je_dois_compter_chaque_centime_%C2%BB_le_cri_du_coeur_de_Mathieu_pere_de_famille\"><\/span>\u00ab\u00a0Je gagne 2000\u20ac par mois mais je dois compter chaque centime\u00a0\u00bb : le cri du c\u0153ur de Mathieu, p\u00e8re de famille<span class=\"ez-toc-section-end\"><\/span><\/h2>\n\n\n\n<p>Mathieu, 38 ans, informaticien dans une PME parisienne, incarne cette France qui peine \u00e0 boucler ses fins de mois. \u00ab\u00a0Avec mon salaire, je devrais pouvoir vivre d\u00e9cemment. Pourtant, entre le loyer, les courses et les activit\u00e9s des enfants, je dois faire des choix tous les jours\u00a0\u00bb, confie-t-il, visiblement \u00e9puis\u00e9 par cette pression financi\u00e8re constante.<\/p>\n\n\n\n<p>Son t\u00e9moignage refl\u00e8te une r\u00e9alit\u00e9 partag\u00e9e par des millions de Fran\u00e7ais. Selon une <a href=\"https:\/\/www.insee.fr\/fr\/statistiques\" target=\"_blank\" rel=\"noopener noreferrer\">\u00e9tude r\u00e9cente de l&rsquo;INSEE<\/a>, le pouvoir d&rsquo;achat des m\u00e9nages aurait stagn\u00e9 au cours des cinq derni\u00e8res ann\u00e9es, alors que les prix \u00e0 la consommation auraient augment\u00e9 de pr\u00e8s de 8% sur la m\u00eame p\u00e9riode.<\/p>\n\n\n\n<h2 class=\"wp-block-heading\"><span class=\"ez-toc-section\" id=\"Les_mesures_phares_proposees_par_les_candidats\"><\/span>Les mesures phares propos\u00e9es par les candidats<span class=\"ez-toc-section-end\"><\/span><\/h2>\n\n\n\n<p>Face \u00e0 cette situation, les principaux candidats \u00e0 la pr\u00e9sidentielle rivalisent de propositions. Certains \u00e9voqueraient une revalorisation significative du SMIC, tandis que d&rsquo;autres privil\u00e9gieraient des baisses d&rsquo;imp\u00f4ts cibl\u00e9es ou des ch\u00e8ques \u00e9nergie exceptionnels.<\/p>\n\n\n\n<ul class=\"wp-block-list\">\n<li>Revalorisation du SMIC de 10% sur le quinquennat<\/li>\n\n\n\n<li>Instauration d&rsquo;un bouclier carburant<\/li>\n\n\n\n<li>Majoration des allocations familiales<\/li>\n\n\n\n<li>Plafonnement des loyers dans les zones tendues<\/li>\n<\/ul>\n\n\n\n<p>Ces mesures, si elles \u00e9taient appliqu\u00e9es, pourraient repr\u00e9senter un co\u00fbt consid\u00e9rable pour les finances publiques. Les experts s&rsquo;interrogeraient sur leur financement et leur impact r\u00e9el sur le quotidien des Fran\u00e7ais.<\/p>\n\n\n\n<h2 class=\"wp-block-heading\"><span class=\"ez-toc-section\" id=\"Le_casse-tete_des_classes_moyennes\"><\/span>Le casse-t\u00eate des classes moyennes<span class=\"ez-toc-section-end\"><\/span><\/h2>\n\n\n\n<p>Sandrine, 45 ans, cadre dans une entreprise de logistique, appartient \u00e0 cette classe moyenne qui se sent souvent oubli\u00e9e par les politiques publiques. \u00ab\u00a0Je gagne trop pour b\u00e9n\u00e9ficier des aides, mais pas assez pour vivre sans compter. Les candidats parlent beaucoup des plus modestes et des plus ais\u00e9s, mais nous, on est coinc\u00e9s au milieu\u00a0\u00bb, d\u00e9plore-t-elle.<\/p>\n\n\n\n<p>Cette frustration pourrait expliquer pourquoi le pouvoir d&rsquo;achat devient un enjeu \u00e9lectoral aussi crucial. Les analystes politiques sugg\u00e8rent que le candidat capable de proposer des solutions concr\u00e8tes \u00e0 cette probl\u00e9matique aurait de fortes chances de s\u00e9duire cet \u00e9lectorat pivot.<\/p>\n\n\n\n<h2 class=\"wp-block-heading\"><span class=\"ez-toc-section\" id=\"Les_pieges_a_eviter_dans_le_debat\"><\/span>Les pi\u00e8ges \u00e0 \u00e9viter dans le d\u00e9bat<span class=\"ez-toc-section-end\"><\/span><\/h2>\n\n\n\n<p>Les sp\u00e9cialistes mettent en garde contre les promesses irr\u00e9alistes ou les mesures trop g\u00e9n\u00e9reuses qui pourraient mettre en p\u00e9ril l&rsquo;\u00e9quilibre budg\u00e9taire du pays. Ils recommanderaient plut\u00f4t des approches cibl\u00e9es et progressives, combinant soutien imm\u00e9diat aux m\u00e9nages et r\u00e9formes structurelles pour relancer la comp\u00e9titivit\u00e9 de l&rsquo;\u00e9conomie fran\u00e7aise.<\/p>\n\n\n\n<p>Le d\u00e9fi est de taille : comment redonner du pouvoir d&rsquo;achat sans creuser les d\u00e9ficits publics ni d\u00e9courager l&rsquo;investissement des entreprises ? Cette \u00e9quation complexe pourrait bien d\u00e9terminer le prochain locataire de l&rsquo;\u00c9lys\u00e9e.<\/p>\n\n\n\n<h2 class=\"wp-block-heading\"><span class=\"ez-toc-section\" id=\"Et_vous_comment_vivez-vous_cette_situation\"><\/span>Et vous, comment vivez-vous cette situation ?<span class=\"ez-toc-section-end\"><\/span><\/h2>\n\n\n\n<p>Votre quotidien a-t-il \u00e9t\u00e9 impact\u00e9 par la hausse des prix ? Quelles mesures attendez-vous des candidats \u00e0 la pr\u00e9sidentielle ? Partagez votre exp\u00e9rience dans les commentaires et d\u00e9couvrez comment d&rsquo;autres Fran\u00e7ais font face \u00e0 ces d\u00e9fis financiers.<\/p>\n\n\n\n<p>Pour aller plus loin sur ce sujet crucial, nous vous recommandons de consulter notre article sur les astuces pour prot\u00e9ger son pouvoir d&rsquo;achat en p\u00e9riode d&rsquo;inflation, o\u00f9 des experts partagent des conseils pratiques pour optimiser son budget sans renoncer \u00e0 sa qualit\u00e9 de vie.<\/p>\n\n\n\n<p><br><br>\u00ab\u00a0`<\/p>\n\n\n<div class=\"kk-star-ratings kksr-auto kksr-align-center kksr-valign-bottom\"\n    data-payload='{&quot;align&quot;:&quot;center&quot;,&quot;id&quot;:&quot;552&quot;,&quot;slug&quot;:&quot;default&quot;,&quot;valign&quot;:&quot;bottom&quot;,&quot;ignore&quot;:&quot;&quot;,&quot;reference&quot;:&quot;auto&quot;,&quot;class&quot;:&quot;&quot;,&quot;count&quot;:&quot;0&quot;,&quot;legendonly&quot;:&quot;&quot;,&quot;readonly&quot;:&quot;&quot;,&quot;score&quot;:&quot;0&quot;,&quot;starsonly&quot;:&quot;&quot;,&quot;best&quot;:&quot;5&quot;,&quot;gap&quot;:&quot;5&quot;,&quot;greet&quot;:&quot;&quot;,&quot;legend&quot;:&quot;0\\\/5 - (0 vote)&quot;,&quot;size&quot;:&quot;24&quot;,&quot;title&quot;:&quot;Pouvoir d\\u0026#039;achat et pr\u00e9sidentielle : une promesse \u00e9lectorale qui pourrait changer la donne ?&quot;,&quot;width&quot;:&quot;0&quot;,&quot;_legend&quot;:&quot;{score}\\\/{best} - ({count} {votes})&quot;,&quot;font_factor&quot;:&quot;1.25&quot;}'>\n            \n<div class=\"kksr-stars\">\n    \n<div class=\"kksr-stars-inactive\">\n            <div class=\"kksr-star\" data-star=\"1\" style=\"padding-right: 5px\">\n            \n\n<div class=\"kksr-icon\" style=\"width: 24px; height: 24px;\"><\/div>\n        <\/div>\n            <div class=\"kksr-star\" data-star=\"2\" style=\"padding-right: 5px\">\n            \n\n<div class=\"kksr-icon\" style=\"width: 24px; height: 24px;\"><\/div>\n        <\/div>\n            <div class=\"kksr-star\" data-star=\"3\" style=\"padding-right: 5px\">\n            \n\n<div class=\"kksr-icon\" style=\"width: 24px; height: 24px;\"><\/div>\n        <\/div>\n            <div class=\"kksr-star\" data-star=\"4\" style=\"padding-right: 5px\">\n            \n\n<div class=\"kksr-icon\" style=\"width: 24px; height: 24px;\"><\/div>\n        <\/div>\n            <div class=\"kksr-star\" data-star=\"5\" style=\"padding-right: 5px\">\n            \n\n<div class=\"kksr-icon\" style=\"width: 24px; height: 24px;\"><\/div>\n        <\/div>\n    <\/div>\n    \n<div class=\"kksr-stars-active\" style=\"width: 0px;\">\n            <div class=\"kksr-star\" style=\"padding-right: 5px\">\n            \n\n<div class=\"kksr-icon\" style=\"width: 24px; height: 24px;\"><\/div>\n        <\/div>\n            <div class=\"kksr-star\" style=\"padding-right: 5px\">\n            \n\n<div class=\"kksr-icon\" style=\"width: 24px; height: 24px;\"><\/div>\n        <\/div>\n            <div class=\"kksr-star\" style=\"padding-right: 5px\">\n            \n\n<div class=\"kksr-icon\" style=\"width: 24px; height: 24px;\"><\/div>\n        <\/div>\n            <div class=\"kksr-star\" style=\"padding-right: 5px\">\n            \n\n<div class=\"kksr-icon\" style=\"width: 24px; height: 24px;\"><\/div>\n        <\/div>\n            <div class=\"kksr-star\" style=\"padding-right: 5px\">\n            \n\n<div class=\"kksr-icon\" style=\"width: 24px; height: 24px;\"><\/div>\n        <\/div>\n    <\/div>\n<\/div>\n                \n\n<div class=\"kksr-legend\" style=\"font-size: 19.2px;\">\n            <span class=\"kksr-muted\"><\/span>\n    <\/div>\n    <\/div>\n","protected":false},"excerpt":{"rendered":"<p>Alors que la prochaine \u00e9lection pr\u00e9sidentielle fran\u00e7aise approche \u00e0 grands pas, le pouvoir d&rsquo;achat s&rsquo;impose comme le sujet br\u00fblant qui pourrait d\u00e9terminer l&rsquo;issue du scrutin. Dans un contexte d&rsquo;inflation persistante, les Fran\u00e7ais scrutent chaque proposition avec une attention particuli\u00e8re. \u00ab\u00a0Je gagne 2000\u20ac par mois mais je dois compter chaque centime\u00a0\u00bb : le cri du c\u0153ur &#8230; <a title=\"Pouvoir d&rsquo;achat et pr\u00e9sidentielle : une promesse \u00e9lectorale qui pourrait changer la donne ?\" class=\"read-more\" href=\"https:\/\/rachat2credit.fr\/guide\/pouvoir-dachat-et-presidentielle-une-promesse-electorale-qui-pourrait-changer-la-donne\/\" aria-label=\"En savoir plus sur Pouvoir d&rsquo;achat et pr\u00e9sidentielle : une promesse \u00e9lectorale qui pourrait changer la donne ?\">Lire plus<\/a><\/p>\n","protected":false},"author":1,"featured_media":553,"comment_status":"open","ping_status":"open","sticky":false,"template":"","format":"standard","meta":{"footnotes":""},"categories":[8],"tags":[],"class_list":["post-552","post","type-post","status-publish","format-standard","has-post-thumbnail","hentry","category-a-la-une"],"yoast_head":"<!-- This site is optimized with the Yoast SEO plugin v27.5 - https:\/\/yoast.com\/product\/yoast-seo-wordpress\/ -->\n<title>Pouvoir d&#039;achat et pr\u00e9sidentielle : une promesse \u00e9lectorale qui pourrait changer la donne ? - Rachat de Cr\u00e9dit<\/title>\n<meta name=\"robots\" content=\"index, follow, max-snippet:-1, max-image-preview:large, max-video-preview:-1\" \/>\n<link rel=\"canonical\" href=\"https:\/\/rachat2credit.fr\/guide\/pouvoir-dachat-et-presidentielle-une-promesse-electorale-qui-pourrait-changer-la-donne\/\" \/>\n<meta property=\"og:locale\" content=\"fr_FR\" \/>\n<meta property=\"og:type\" content=\"article\" \/>\n<meta property=\"og:title\" content=\"Pouvoir d&#039;achat et pr\u00e9sidentielle : une promesse \u00e9lectorale qui pourrait changer la donne ? - Rachat de Cr\u00e9dit\" \/>\n<meta property=\"og:description\" content=\"Alors que la prochaine \u00e9lection pr\u00e9sidentielle fran\u00e7aise approche \u00e0 grands pas, le pouvoir d&rsquo;achat s&rsquo;impose comme le sujet br\u00fblant qui pourrait d\u00e9terminer l&rsquo;issue du scrutin. Dans un contexte d&rsquo;inflation persistante, les Fran\u00e7ais scrutent chaque proposition avec une attention particuli\u00e8re. \u00ab\u00a0Je gagne 2000\u20ac par mois mais je dois compter chaque centime\u00a0\u00bb : le cri du c\u0153ur ... Lire plus\" \/>\n<meta property=\"og:url\" content=\"https:\/\/rachat2credit.fr\/guide\/pouvoir-dachat-et-presidentielle-une-promesse-electorale-qui-pourrait-changer-la-donne\/\" \/>\n<meta property=\"og:site_name\" content=\"Rachat de Cr\u00e9dit\" \/>\n<meta property=\"article:published_time\" content=\"2025-07-30T05:15:00+00:00\" \/>\n<meta property=\"og:image\" content=\"https:\/\/rachat2credit.fr\/guide\/wp-content\/uploads\/2025\/07\/flux-552-1753542994.jpg\" \/>\n\t<meta property=\"og:image:width\" content=\"1344\" \/>\n\t<meta property=\"og:image:height\" content=\"768\" \/>\n\t<meta property=\"og:image:type\" content=\"image\/jpeg\" \/>\n<meta name=\"author\" content=\"Aurelien Boulanger\" \/>\n<meta name=\"twitter:card\" content=\"summary_large_image\" \/>\n<meta name=\"twitter:label1\" content=\"\u00c9crit par\" \/>\n\t<meta name=\"twitter:data1\" content=\"Aurelien Boulanger\" \/>\n\t<meta name=\"twitter:label2\" content=\"Dur\u00e9e de lecture estim\u00e9e\" \/>\n\t<meta name=\"twitter:data2\" content=\"3 minutes\" \/>\n<script type=\"application\/ld+json\" class=\"yoast-schema-graph\">{\"@context\":\"https:\\\/\\\/schema.org\",\"@graph\":[{\"@type\":\"NewsArticle\",\"@id\":\"https:\\\/\\\/rachat2credit.fr\\\/guide\\\/pouvoir-dachat-et-presidentielle-une-promesse-electorale-qui-pourrait-changer-la-donne\\\/#article\",\"isPartOf\":{\"@id\":\"https:\\\/\\\/rachat2credit.fr\\\/guide\\\/pouvoir-dachat-et-presidentielle-une-promesse-electorale-qui-pourrait-changer-la-donne\\\/\"},\"author\":{\"name\":\"Aurelien Boulanger\",\"@id\":\"https:\\\/\\\/rachat2credit.fr\\\/guide\\\/#\\\/schema\\\/person\\\/d4142086d07bc6acdc4722eabd955cc2\"},\"headline\":\"Pouvoir d&rsquo;achat et pr\u00e9sidentielle : une promesse \u00e9lectorale qui pourrait changer la donne ?\",\"datePublished\":\"2025-07-30T05:15:00+00:00\",\"mainEntityOfPage\":{\"@id\":\"https:\\\/\\\/rachat2credit.fr\\\/guide\\\/pouvoir-dachat-et-presidentielle-une-promesse-electorale-qui-pourrait-changer-la-donne\\\/\"},\"wordCount\":612,\"commentCount\":0,\"publisher\":{\"@id\":\"https:\\\/\\\/rachat2credit.fr\\\/guide\\\/#organization\"},\"image\":{\"@id\":\"https:\\\/\\\/rachat2credit.fr\\\/guide\\\/pouvoir-dachat-et-presidentielle-une-promesse-electorale-qui-pourrait-changer-la-donne\\\/#primaryimage\"},\"thumbnailUrl\":\"https:\\\/\\\/rachat2credit.fr\\\/guide\\\/wp-content\\\/uploads\\\/2025\\\/07\\\/flux-552-1753542994.jpg\",\"articleSection\":[\"A la une\"],\"inLanguage\":\"fr-FR\",\"potentialAction\":[{\"@type\":\"CommentAction\",\"name\":\"Comment\",\"target\":[\"https:\\\/\\\/rachat2credit.fr\\\/guide\\\/pouvoir-dachat-et-presidentielle-une-promesse-electorale-qui-pourrait-changer-la-donne\\\/#respond\"]}]},{\"@type\":\"WebPage\",\"@id\":\"https:\\\/\\\/rachat2credit.fr\\\/guide\\\/pouvoir-dachat-et-presidentielle-une-promesse-electorale-qui-pourrait-changer-la-donne\\\/\",\"url\":\"https:\\\/\\\/rachat2credit.fr\\\/guide\\\/pouvoir-dachat-et-presidentielle-une-promesse-electorale-qui-pourrait-changer-la-donne\\\/\",\"name\":\"Pouvoir d'achat et pr\u00e9sidentielle : une promesse \u00e9lectorale qui pourrait changer la donne ? - Rachat de Cr\u00e9dit\",\"isPartOf\":{\"@id\":\"https:\\\/\\\/rachat2credit.fr\\\/guide\\\/#website\"},\"primaryImageOfPage\":{\"@id\":\"https:\\\/\\\/rachat2credit.fr\\\/guide\\\/pouvoir-dachat-et-presidentielle-une-promesse-electorale-qui-pourrait-changer-la-donne\\\/#primaryimage\"},\"image\":{\"@id\":\"https:\\\/\\\/rachat2credit.fr\\\/guide\\\/pouvoir-dachat-et-presidentielle-une-promesse-electorale-qui-pourrait-changer-la-donne\\\/#primaryimage\"},\"thumbnailUrl\":\"https:\\\/\\\/rachat2credit.fr\\\/guide\\\/wp-content\\\/uploads\\\/2025\\\/07\\\/flux-552-1753542994.jpg\",\"datePublished\":\"2025-07-30T05:15:00+00:00\",\"breadcrumb\":{\"@id\":\"https:\\\/\\\/rachat2credit.fr\\\/guide\\\/pouvoir-dachat-et-presidentielle-une-promesse-electorale-qui-pourrait-changer-la-donne\\\/#breadcrumb\"},\"inLanguage\":\"fr-FR\",\"potentialAction\":[{\"@type\":\"ReadAction\",\"target\":[\"https:\\\/\\\/rachat2credit.fr\\\/guide\\\/pouvoir-dachat-et-presidentielle-une-promesse-electorale-qui-pourrait-changer-la-donne\\\/\"]}]},{\"@type\":\"ImageObject\",\"inLanguage\":\"fr-FR\",\"@id\":\"https:\\\/\\\/rachat2credit.fr\\\/guide\\\/pouvoir-dachat-et-presidentielle-une-promesse-electorale-qui-pourrait-changer-la-donne\\\/#primaryimage\",\"url\":\"https:\\\/\\\/rachat2credit.fr\\\/guide\\\/wp-content\\\/uploads\\\/2025\\\/07\\\/flux-552-1753542994.jpg\",\"contentUrl\":\"https:\\\/\\\/rachat2credit.fr\\\/guide\\\/wp-content\\\/uploads\\\/2025\\\/07\\\/flux-552-1753542994.jpg\",\"width\":1344,\"height\":768},{\"@type\":\"BreadcrumbList\",\"@id\":\"https:\\\/\\\/rachat2credit.fr\\\/guide\\\/pouvoir-dachat-et-presidentielle-une-promesse-electorale-qui-pourrait-changer-la-donne\\\/#breadcrumb\",\"itemListElement\":[{\"@type\":\"ListItem\",\"position\":1,\"name\":\"Accueil\",\"item\":\"https:\\\/\\\/rachat2credit.fr\\\/guide\\\/\"},{\"@type\":\"ListItem\",\"position\":2,\"name\":\"Pouvoir d&rsquo;achat et pr\u00e9sidentielle : une promesse \u00e9lectorale qui pourrait changer la donne ?\"}]},{\"@type\":\"WebSite\",\"@id\":\"https:\\\/\\\/rachat2credit.fr\\\/guide\\\/#website\",\"url\":\"https:\\\/\\\/rachat2credit.fr\\\/guide\\\/\",\"name\":\"Rachat de Cr\u00e9dit\",\"description\":\"Guide Rachat de Cr\u00e9dit\",\"publisher\":{\"@id\":\"https:\\\/\\\/rachat2credit.fr\\\/guide\\\/#organization\"},\"potentialAction\":[{\"@type\":\"SearchAction\",\"target\":{\"@type\":\"EntryPoint\",\"urlTemplate\":\"https:\\\/\\\/rachat2credit.fr\\\/guide\\\/?s={search_term_string}\"},\"query-input\":{\"@type\":\"PropertyValueSpecification\",\"valueRequired\":true,\"valueName\":\"search_term_string\"}}],\"inLanguage\":\"fr-FR\"},{\"@type\":\"Organization\",\"@id\":\"https:\\\/\\\/rachat2credit.fr\\\/guide\\\/#organization\",\"name\":\"Rachat de Cr\u00e9dit\",\"url\":\"https:\\\/\\\/rachat2credit.fr\\\/guide\\\/\",\"logo\":{\"@type\":\"ImageObject\",\"inLanguage\":\"fr-FR\",\"@id\":\"https:\\\/\\\/rachat2credit.fr\\\/guide\\\/#\\\/schema\\\/logo\\\/image\\\/\",\"url\":\"https:\\\/\\\/rachat2credit.fr\\\/guide\\\/wp-content\\\/uploads\\\/2025\\\/05\\\/rachat2credit.png\",\"contentUrl\":\"https:\\\/\\\/rachat2credit.fr\\\/guide\\\/wp-content\\\/uploads\\\/2025\\\/05\\\/rachat2credit.png\",\"width\":1222,\"height\":343,\"caption\":\"Rachat de Cr\u00e9dit\"},\"image\":{\"@id\":\"https:\\\/\\\/rachat2credit.fr\\\/guide\\\/#\\\/schema\\\/logo\\\/image\\\/\"}},{\"@type\":\"Person\",\"@id\":\"https:\\\/\\\/rachat2credit.fr\\\/guide\\\/#\\\/schema\\\/person\\\/d4142086d07bc6acdc4722eabd955cc2\",\"name\":\"Aurelien Boulanger\",\"image\":{\"@type\":\"ImageObject\",\"inLanguage\":\"fr-FR\",\"@id\":\"https:\\\/\\\/secure.gravatar.com\\\/avatar\\\/32175434c9ca2b27bfeb905d1c3ec782a789caf494bc0ec8fa6ed0ee39c2e62a?s=96&d=mm&r=g\",\"url\":\"https:\\\/\\\/secure.gravatar.com\\\/avatar\\\/32175434c9ca2b27bfeb905d1c3ec782a789caf494bc0ec8fa6ed0ee39c2e62a?s=96&d=mm&r=g\",\"contentUrl\":\"https:\\\/\\\/secure.gravatar.com\\\/avatar\\\/32175434c9ca2b27bfeb905d1c3ec782a789caf494bc0ec8fa6ed0ee39c2e62a?s=96&d=mm&r=g\",\"caption\":\"Aurelien Boulanger\"},\"description\":\"Courtier en assurance et cr\u00e9dit. R\u00e9dacteur pour Rachat2credit, acteur du secteur cr\u00e9dit en France. Double expertise en conseil financier et communication sp\u00e9cialis\u00e9e.\",\"sameAs\":[\"https:\\\/\\\/rachat2credit.fr\\\/guide\"],\"url\":\"https:\\\/\\\/rachat2credit.fr\\\/guide\\\/author\\\/aurelien\\\/\"}]}<\/script>\n<!-- \/ Yoast SEO plugin. -->","yoast_head_json":{"title":"Pouvoir d'achat et pr\u00e9sidentielle : une promesse \u00e9lectorale qui pourrait changer la donne ? - Rachat de Cr\u00e9dit","robots":{"index":"index","follow":"follow","max-snippet":"max-snippet:-1","max-image-preview":"max-image-preview:large","max-video-preview":"max-video-preview:-1"},"canonical":"https:\/\/rachat2credit.fr\/guide\/pouvoir-dachat-et-presidentielle-une-promesse-electorale-qui-pourrait-changer-la-donne\/","og_locale":"fr_FR","og_type":"article","og_title":"Pouvoir d'achat et pr\u00e9sidentielle : une promesse \u00e9lectorale qui pourrait changer la donne ? - Rachat de Cr\u00e9dit","og_description":"Alors que la prochaine \u00e9lection pr\u00e9sidentielle fran\u00e7aise approche \u00e0 grands pas, le pouvoir d&rsquo;achat s&rsquo;impose comme le sujet br\u00fblant qui pourrait d\u00e9terminer l&rsquo;issue du scrutin. Dans un contexte d&rsquo;inflation persistante, les Fran\u00e7ais scrutent chaque proposition avec une attention particuli\u00e8re. \u00ab\u00a0Je gagne 2000\u20ac par mois mais je dois compter chaque centime\u00a0\u00bb : le cri du c\u0153ur ... Lire plus","og_url":"https:\/\/rachat2credit.fr\/guide\/pouvoir-dachat-et-presidentielle-une-promesse-electorale-qui-pourrait-changer-la-donne\/","og_site_name":"Rachat de Cr\u00e9dit","article_published_time":"2025-07-30T05:15:00+00:00","og_image":[{"width":1344,"height":768,"url":"https:\/\/rachat2credit.fr\/guide\/wp-content\/uploads\/2025\/07\/flux-552-1753542994.jpg","type":"image\/jpeg"}],"author":"Aurelien Boulanger","twitter_card":"summary_large_image","twitter_misc":{"\u00c9crit par":"Aurelien Boulanger","Dur\u00e9e de lecture estim\u00e9e":"3 minutes"},"schema":{"@context":"https:\/\/schema.org","@graph":[{"@type":"NewsArticle","@id":"https:\/\/rachat2credit.fr\/guide\/pouvoir-dachat-et-presidentielle-une-promesse-electorale-qui-pourrait-changer-la-donne\/#article","isPartOf":{"@id":"https:\/\/rachat2credit.fr\/guide\/pouvoir-dachat-et-presidentielle-une-promesse-electorale-qui-pourrait-changer-la-donne\/"},"author":{"name":"Aurelien Boulanger","@id":"https:\/\/rachat2credit.fr\/guide\/#\/schema\/person\/d4142086d07bc6acdc4722eabd955cc2"},"headline":"Pouvoir d&rsquo;achat et pr\u00e9sidentielle : une promesse \u00e9lectorale qui pourrait changer la donne ?","datePublished":"2025-07-30T05:15:00+00:00","mainEntityOfPage":{"@id":"https:\/\/rachat2credit.fr\/guide\/pouvoir-dachat-et-presidentielle-une-promesse-electorale-qui-pourrait-changer-la-donne\/"},"wordCount":612,"commentCount":0,"publisher":{"@id":"https:\/\/rachat2credit.fr\/guide\/#organization"},"image":{"@id":"https:\/\/rachat2credit.fr\/guide\/pouvoir-dachat-et-presidentielle-une-promesse-electorale-qui-pourrait-changer-la-donne\/#primaryimage"},"thumbnailUrl":"https:\/\/rachat2credit.fr\/guide\/wp-content\/uploads\/2025\/07\/flux-552-1753542994.jpg","articleSection":["A la une"],"inLanguage":"fr-FR","potentialAction":[{"@type":"CommentAction","name":"Comment","target":["https:\/\/rachat2credit.fr\/guide\/pouvoir-dachat-et-presidentielle-une-promesse-electorale-qui-pourrait-changer-la-donne\/#respond"]}]},{"@type":"WebPage","@id":"https:\/\/rachat2credit.fr\/guide\/pouvoir-dachat-et-presidentielle-une-promesse-electorale-qui-pourrait-changer-la-donne\/","url":"https:\/\/rachat2credit.fr\/guide\/pouvoir-dachat-et-presidentielle-une-promesse-electorale-qui-pourrait-changer-la-donne\/","name":"Pouvoir d'achat et pr\u00e9sidentielle : une promesse \u00e9lectorale qui pourrait changer la donne ? - Rachat de Cr\u00e9dit","isPartOf":{"@id":"https:\/\/rachat2credit.fr\/guide\/#website"},"primaryImageOfPage":{"@id":"https:\/\/rachat2credit.fr\/guide\/pouvoir-dachat-et-presidentielle-une-promesse-electorale-qui-pourrait-changer-la-donne\/#primaryimage"},"image":{"@id":"https:\/\/rachat2credit.fr\/guide\/pouvoir-dachat-et-presidentielle-une-promesse-electorale-qui-pourrait-changer-la-donne\/#primaryimage"},"thumbnailUrl":"https:\/\/rachat2credit.fr\/guide\/wp-content\/uploads\/2025\/07\/flux-552-1753542994.jpg","datePublished":"2025-07-30T05:15:00+00:00","breadcrumb":{"@id":"https:\/\/rachat2credit.fr\/guide\/pouvoir-dachat-et-presidentielle-une-promesse-electorale-qui-pourrait-changer-la-donne\/#breadcrumb"},"inLanguage":"fr-FR","potentialAction":[{"@type":"ReadAction","target":["https:\/\/rachat2credit.fr\/guide\/pouvoir-dachat-et-presidentielle-une-promesse-electorale-qui-pourrait-changer-la-donne\/"]}]},{"@type":"ImageObject","inLanguage":"fr-FR","@id":"https:\/\/rachat2credit.fr\/guide\/pouvoir-dachat-et-presidentielle-une-promesse-electorale-qui-pourrait-changer-la-donne\/#primaryimage","url":"https:\/\/rachat2credit.fr\/guide\/wp-content\/uploads\/2025\/07\/flux-552-1753542994.jpg","contentUrl":"https:\/\/rachat2credit.fr\/guide\/wp-content\/uploads\/2025\/07\/flux-552-1753542994.jpg","width":1344,"height":768},{"@type":"BreadcrumbList","@id":"https:\/\/rachat2credit.fr\/guide\/pouvoir-dachat-et-presidentielle-une-promesse-electorale-qui-pourrait-changer-la-donne\/#breadcrumb","itemListElement":[{"@type":"ListItem","position":1,"name":"Accueil","item":"https:\/\/rachat2credit.fr\/guide\/"},{"@type":"ListItem","position":2,"name":"Pouvoir d&rsquo;achat et pr\u00e9sidentielle : une promesse \u00e9lectorale qui pourrait changer la donne ?"}]},{"@type":"WebSite","@id":"https:\/\/rachat2credit.fr\/guide\/#website","url":"https:\/\/rachat2credit.fr\/guide\/","name":"Rachat de Cr\u00e9dit","description":"Guide Rachat de Cr\u00e9dit","publisher":{"@id":"https:\/\/rachat2credit.fr\/guide\/#organization"},"potentialAction":[{"@type":"SearchAction","target":{"@type":"EntryPoint","urlTemplate":"https:\/\/rachat2credit.fr\/guide\/?s={search_term_string}"},"query-input":{"@type":"PropertyValueSpecification","valueRequired":true,"valueName":"search_term_string"}}],"inLanguage":"fr-FR"},{"@type":"Organization","@id":"https:\/\/rachat2credit.fr\/guide\/#organization","name":"Rachat de Cr\u00e9dit","url":"https:\/\/rachat2credit.fr\/guide\/","logo":{"@type":"ImageObject","inLanguage":"fr-FR","@id":"https:\/\/rachat2credit.fr\/guide\/#\/schema\/logo\/image\/","url":"https:\/\/rachat2credit.fr\/guide\/wp-content\/uploads\/2025\/05\/rachat2credit.png","contentUrl":"https:\/\/rachat2credit.fr\/guide\/wp-content\/uploads\/2025\/05\/rachat2credit.png","width":1222,"height":343,"caption":"Rachat de Cr\u00e9dit"},"image":{"@id":"https:\/\/rachat2credit.fr\/guide\/#\/schema\/logo\/image\/"}},{"@type":"Person","@id":"https:\/\/rachat2credit.fr\/guide\/#\/schema\/person\/d4142086d07bc6acdc4722eabd955cc2","name":"Aurelien Boulanger","image":{"@type":"ImageObject","inLanguage":"fr-FR","@id":"https:\/\/secure.gravatar.com\/avatar\/32175434c9ca2b27bfeb905d1c3ec782a789caf494bc0ec8fa6ed0ee39c2e62a?s=96&d=mm&r=g","url":"https:\/\/secure.gravatar.com\/avatar\/32175434c9ca2b27bfeb905d1c3ec782a789caf494bc0ec8fa6ed0ee39c2e62a?s=96&d=mm&r=g","contentUrl":"https:\/\/secure.gravatar.com\/avatar\/32175434c9ca2b27bfeb905d1c3ec782a789caf494bc0ec8fa6ed0ee39c2e62a?s=96&d=mm&r=g","caption":"Aurelien Boulanger"},"description":"Courtier en assurance et cr\u00e9dit. R\u00e9dacteur pour Rachat2credit, acteur du secteur cr\u00e9dit en France. Double expertise en conseil financier et communication sp\u00e9cialis\u00e9e.","sameAs":["https:\/\/rachat2credit.fr\/guide"],"url":"https:\/\/rachat2credit.fr\/guide\/author\/aurelien\/"}]}},"_links":{"self":[{"href":"https:\/\/rachat2credit.fr\/guide\/wp-json\/wp\/v2\/posts\/552","targetHints":{"allow":["GET"]}}],"collection":[{"href":"https:\/\/rachat2credit.fr\/guide\/wp-json\/wp\/v2\/posts"}],"about":[{"href":"https:\/\/rachat2credit.fr\/guide\/wp-json\/wp\/v2\/types\/post"}],"author":[{"embeddable":true,"href":"https:\/\/rachat2credit.fr\/guide\/wp-json\/wp\/v2\/users\/1"}],"replies":[{"embeddable":true,"href":"https:\/\/rachat2credit.fr\/guide\/wp-json\/wp\/v2\/comments?post=552"}],"version-history":[{"count":1,"href":"https:\/\/rachat2credit.fr\/guide\/wp-json\/wp\/v2\/posts\/552\/revisions"}],"predecessor-version":[{"id":554,"href":"https:\/\/rachat2credit.fr\/guide\/wp-json\/wp\/v2\/posts\/552\/revisions\/554"}],"wp:featuredmedia":[{"embeddable":true,"href":"https:\/\/rachat2credit.fr\/guide\/wp-json\/wp\/v2\/media\/553"}],"wp:attachment":[{"href":"https:\/\/rachat2credit.fr\/guide\/wp-json\/wp\/v2\/media?parent=552"}],"wp:term":[{"taxonomy":"category","embeddable":true,"href":"https:\/\/rachat2credit.fr\/guide\/wp-json\/wp\/v2\/categories?post=552"},{"taxonomy":"post_tag","embeddable":true,"href":"https:\/\/rachat2credit.fr\/guide\/wp-json\/wp\/v2\/tags?post=552"}],"curies":[{"name":"wp","href":"https:\/\/api.w.org\/{rel}","templated":true}]}}