{"id":649,"date":"2025-07-29T10:47:28","date_gmt":"2025-07-29T08:47:28","guid":{"rendered":"https:\/\/rachat2credit.fr\/guide\/?p=649"},"modified":"2025-07-29T10:53:14","modified_gmt":"2025-07-29T08:53:14","slug":"les-depenses-de-sante-des-seniors-pourraient-elles-exploser-en-2026","status":"publish","type":"post","link":"https:\/\/rachat2credit.fr\/guide\/les-depenses-de-sante-des-seniors-pourraient-elles-exploser-en-2026\/","title":{"rendered":"Les d\u00e9penses de sant\u00e9 des seniors pourraient-elles exploser en 2026 ?"},"content":{"rendered":"\n<p>Alors que la population vieillit en France et en Europe, une question cruciale \u00e9merge : comment financer les soins m\u00e9dicaux des seniors sans alourdir davantage les comptes publics ? Entre innovations technologiques et d\u00e9fis budg\u00e9taires, le syst\u00e8me de sant\u00e9 pourrait conna\u00eetre des bouleversements majeurs.<\/p>\n\n\n\n<div id=\"ez-toc-container\" class=\"ez-toc-v2_0_82_2 counter-hierarchy ez-toc-counter ez-toc-grey ez-toc-container-direction\">\n<p class=\"ez-toc-title\" style=\"cursor:inherit\">Sommaire<\/p>\n<label for=\"ez-toc-cssicon-toggle-item-69f1047ec3532\" class=\"ez-toc-cssicon-toggle-label\"><span class=\"ez-toc-cssicon\"><span class=\"eztoc-hide\" style=\"display:none;\">Toggle<\/span><span class=\"ez-toc-icon-toggle-span\"><svg style=\"fill: #999;color:#999\" xmlns=\"http:\/\/www.w3.org\/2000\/svg\" class=\"list-377408\" width=\"20px\" height=\"20px\" viewBox=\"0 0 24 24\" fill=\"none\"><path d=\"M6 6H4v2h2V6zm14 0H8v2h12V6zM4 11h2v2H4v-2zm16 0H8v2h12v-2zM4 16h2v2H4v-2zm16 0H8v2h12v-2z\" fill=\"currentColor\"><\/path><\/svg><svg style=\"fill: #999;color:#999\" class=\"arrow-unsorted-368013\" xmlns=\"http:\/\/www.w3.org\/2000\/svg\" width=\"10px\" height=\"10px\" viewBox=\"0 0 24 24\" version=\"1.2\" baseProfile=\"tiny\"><path d=\"M18.2 9.3l-6.2-6.3-6.2 6.3c-.2.2-.3.4-.3.7s.1.5.3.7c.2.2.4.3.7.3h11c.3 0 .5-.1.7-.3.2-.2.3-.5.3-.7s-.1-.5-.3-.7zM5.8 14.7l6.2 6.3 6.2-6.3c.2-.2.3-.5.3-.7s-.1-.5-.3-.7c-.2-.2-.4-.3-.7-.3h-11c-.3 0-.5.1-.7.3-.2.2-.3.5-.3.7s.1.5.3.7z\"\/><\/svg><\/span><\/span><\/label><input type=\"checkbox\"  id=\"ez-toc-cssicon-toggle-item-69f1047ec3532\" checked aria-label=\"Toggle\" \/><nav><ul class='ez-toc-list ez-toc-list-level-1 ' ><li class='ez-toc-page-1 ez-toc-heading-level-2'><a class=\"ez-toc-link ez-toc-heading-1\" href=\"https:\/\/rachat2credit.fr\/guide\/les-depenses-de-sante-des-seniors-pourraient-elles-exploser-en-2026\/#Un_tsunami_argente_qui_inquiete_les_economistes\" >Un tsunami argent\u00e9 qui inqui\u00e8te les \u00e9conomistes<\/a><\/li><li class='ez-toc-page-1 ez-toc-heading-level-2'><a class=\"ez-toc-link ez-toc-heading-2\" href=\"https:\/\/rachat2credit.fr\/guide\/les-depenses-de-sante-des-seniors-pourraient-elles-exploser-en-2026\/#%C2%AB_Je_dois_choisir_entre_mes_medicaments_et_mon_loyer_%C2%BB_le_dilemme_des_petits_retraites\" >\u00ab\u00a0Je dois choisir entre mes m\u00e9dicaments et mon loyer\u00a0\u00bb : le dilemme des petits retrait\u00e9s<\/a><\/li><li class='ez-toc-page-1 ez-toc-heading-level-2'><a class=\"ez-toc-link ez-toc-heading-3\" href=\"https:\/\/rachat2credit.fr\/guide\/les-depenses-de-sante-des-seniors-pourraient-elles-exploser-en-2026\/#Mutuelle_senior_protection_ou_piege_a_sous\" >Mutuelle senior : protection ou pi\u00e8ge \u00e0 sous ?<\/a><\/li><li class='ez-toc-page-1 ez-toc-heading-level-2'><a class=\"ez-toc-link ez-toc-heading-4\" href=\"https:\/\/rachat2credit.fr\/guide\/les-depenses-de-sante-des-seniors-pourraient-elles-exploser-en-2026\/#La_Silver_economie_solution_miracle_ou_mirage\" >La Silver \u00e9conomie : solution miracle ou mirage ?<\/a><\/li><li class='ez-toc-page-1 ez-toc-heading-level-2'><a class=\"ez-toc-link ez-toc-heading-5\" href=\"https:\/\/rachat2credit.fr\/guide\/les-depenses-de-sante-des-seniors-pourraient-elles-exploser-en-2026\/#Et_demain_Quelles_solutions_pour_un_systeme_durable\" >Et demain ? Quelles solutions pour un syst\u00e8me durable ?<\/a><\/li><\/ul><\/nav><\/div>\n<h2 class=\"wp-block-heading\"><span class=\"ez-toc-section\" id=\"Un_tsunami_argente_qui_inquiete_les_economistes\"><\/span>Un tsunami argent\u00e9 qui inqui\u00e8te les \u00e9conomistes<span class=\"ez-toc-section-end\"><\/span><\/h2>\n\n\n\n<p>Marc, 72 ans, ancien enseignant \u00e0 la retraite, consulte d\u00e9sormais trois sp\u00e9cialistes diff\u00e9rents chaque mois. \u00ab\u00a0Entre mon cardiologue, mon rhumatologue et les s\u00e9ances de kin\u00e9, je d\u00e9pense pr\u00e8s de 200\u20ac mensuels apr\u00e8s remboursement\u00a0\u00bb, confie-t-il. Son cas n&rsquo;a rien d&rsquo;exceptionnel : selon une <a href=\"https:\/\/www.drees.solidarites-sante.gouv.fr\/\" target=\"_blank\" rel=\"noopener\">\u00e9tude de la DREES<\/a>, les plus de 65 ans consacreraient en moyenne 15% de leur budget aux d\u00e9penses de sant\u00e9.<\/p>\n\n\n\n<p>Les projections seraient alarmantes : d&rsquo;ici 2030, les d\u00e9penses de sant\u00e9 des seniors pourraient augmenter de 40% selon certains experts. Cette hausse s&rsquo;expliquerait par plusieurs facteurs :<\/p>\n\n\n\n<ul class=\"wp-block-list\">\n<li>L&rsquo;allongement de l&rsquo;esp\u00e9rance de vie<\/li>\n\n\n\n<li>La multiplication des pathologies chroniques<\/li>\n\n\n\n<li>Le co\u00fbt croissant des innovations m\u00e9dicales<\/li>\n<\/ul>\n\n\n\n<h2 class=\"wp-block-heading\"><span class=\"ez-toc-section\" id=\"%C2%AB_Je_dois_choisir_entre_mes_medicaments_et_mon_loyer_%C2%BB_le_dilemme_des_petits_retraites\"><\/span>\u00ab\u00a0Je dois choisir entre mes m\u00e9dicaments et mon loyer\u00a0\u00bb : le dilemme des petits retrait\u00e9s<span class=\"ez-toc-section-end\"><\/span><\/h2>\n\n\n\n<p>Nicole, 68 ans, ancienne employ\u00e9e de maison, vit avec une pension de 850\u20ac par mois. \u00ab\u00a0Quand mon m\u00e9decin m&rsquo;a prescrit un nouveau traitement \u00e0 50\u20ac par mois non rembours\u00e9, j&rsquo;ai d\u00fb arr\u00eater mes s\u00e9ances d&rsquo;ost\u00e9opathie contre mes douleurs dorsales\u00a0\u00bb, raconte-t-elle, les larmes aux yeux.<\/p>\n\n\n\n<p>Ce t\u00e9moignage poignant illustre une r\u00e9alit\u00e9 m\u00e9connue : pr\u00e8s d&rsquo;un senior sur cinq renoncerait \u00e0 des soins pour des raisons financi\u00e8res selon les associations d&rsquo;aide aux personnes \u00e2g\u00e9es. Les d\u00e9penses les plus probl\u00e9matiques concerneraient :<\/p>\n\n\n\n<ul class=\"wp-block-list\">\n<li>Les d\u00e9passements d&rsquo;honoraires<\/li>\n\n\n\n<li>Les proth\u00e8ses dentaires et auditives<\/li>\n\n\n\n<li>Les cures thermales<\/li>\n\n\n\n<li>Certains m\u00e9dicaments innovants<\/li>\n<\/ul>\n\n\n\n<h2 class=\"wp-block-heading\"><span class=\"ez-toc-section\" id=\"Mutuelle_senior_protection_ou_piege_a_sous\"><\/span>Mutuelle senior : protection ou pi\u00e8ge \u00e0 sous ?<span class=\"ez-toc-section-end\"><\/span><\/h2>\n\n\n\n<p>\u00ab\u00a0J&rsquo;ai souscrit une mutuelle \u00e0 120\u20ac par mois pensant \u00eatre bien couvert, mais on m&rsquo;a refus\u00e9 le remboursement de mon implant dentaire\u00a0\u00bb, s&rsquo;indigne Robert, 71 ans. Comme lui, de nombreux seniors d\u00e9couvriraient trop tard les limites de leur contrat.<\/p>\n\n\n\n<p>Les sp\u00e9cialistes recommanderaient de :<\/p>\n\n\n\n<ul class=\"wp-block-list\">\n<li>Comparer syst\u00e9matiquement les garanties<\/li>\n\n\n\n<li>V\u00e9rifier les d\u00e9lais de carence<\/li>\n\n\n\n<li>N\u00e9gocier avec son ancienne mutuelle avant 65 ans<\/li>\n\n\n\n<li>Privil\u00e9gier les contraux responsables<\/li>\n<\/ul>\n\n\n\n<p>Une r\u00e9forme des mutuelles seniors serait en discussion au minist\u00e8re de la Sant\u00e9 pour am\u00e9liorer la transparence des contrats.<\/p>\n\n\n\n<h2 class=\"wp-block-heading\"><span class=\"ez-toc-section\" id=\"La_Silver_economie_solution_miracle_ou_mirage\"><\/span>La Silver \u00e9conomie : solution miracle ou mirage ?<span class=\"ez-toc-section-end\"><\/span><\/h2>\n\n\n\n<p>Les technologies d\u00e9di\u00e9es aux seniors (t\u00e9l\u00e9m\u00e9decine, capteurs connect\u00e9s, robots d&rsquo;assistance) promettraient de r\u00e9duire les co\u00fbts tout en am\u00e9liorant la qualit\u00e9 des soins. Mais ces innovations auraient un co\u00fbt&#8230;<\/p>\n\n\n\n<p>Le gouvernement testerait actuellement un \u00ab\u00a0forfait autonomie connect\u00e9e\u00a0\u00bb dans plusieurs d\u00e9partements, permettant aux seniors de b\u00e9n\u00e9ficier d&rsquo;\u00e9quipements technologiques subventionn\u00e9s. Les premiers retours seraient mitig\u00e9s :<\/p>\n\n\n\n<ul class=\"wp-block-list\">\n<li>80% de satisfaction chez les utilisateurs<\/li>\n\n\n\n<li>Mais seulement 15% d&rsquo;adoption chez les plus de 80 ans<\/li>\n<\/ul>\n\n\n\n<h2 class=\"wp-block-heading\"><span class=\"ez-toc-section\" id=\"Et_demain_Quelles_solutions_pour_un_systeme_durable\"><\/span>Et demain ? Quelles solutions pour un syst\u00e8me durable ?<span class=\"ez-toc-section-end\"><\/span><\/h2>\n\n\n\n<p>Face \u00e0 ce d\u00e9fi, plusieurs pistes seraient explor\u00e9es :<\/p>\n\n\n\n<ul class=\"wp-block-list\">\n<li>Un reste \u00e0 charge z\u00e9ro \u00e9tendu aux proth\u00e8ses auditives et dentaires<\/li>\n\n\n\n<li>Des incitations fiscales pour les enfants aidant leurs parents \u00e2g\u00e9s<\/li>\n\n\n\n<li>Le d\u00e9veloppement des maisons m\u00e9dicales sp\u00e9cialis\u00e9es en g\u00e9riatrie<\/li>\n\n\n\n<li>Une meilleure pr\u00e9vention d\u00e8s 50-60 ans<\/li>\n<\/ul>\n\n\n\n<p>Comme le souligne le Dr Lef\u00e8vre, g\u00e9riatre : \u00ab\u00a0Investir dans la pr\u00e9vention aujourd&rsquo;hui, c&rsquo;est \u00e9conomiser des hospitalisations demain.\u00a0\u00bb Une philosophie qui pourrait guider les politiques de sant\u00e9 des prochaines ann\u00e9es.<\/p>\n\n\n\n<p>Et vous, comment envisagez-vous le financement de vos futurs soins ? Avez-vous d\u00e9j\u00e0 d\u00fb faire des arbitrages douloureux pour des raisons financi\u00e8res ? Partagez votre exp\u00e9rience dans les commentaires.<\/p>\n\n\n\n<p>Pour aller plus loin : d\u00e9couvrez notre enqu\u00eate exclusive sur les 10 astuces pour r\u00e9duire ses d\u00e9penses de sant\u00e9 apr\u00e8s 60 ans.<\/p>\n\n\n\n<p>\u00ab\u00a0`<\/p>\n\n\n<div class=\"kk-star-ratings kksr-auto kksr-align-center kksr-valign-bottom\"\n    data-payload='{&quot;align&quot;:&quot;center&quot;,&quot;id&quot;:&quot;649&quot;,&quot;slug&quot;:&quot;default&quot;,&quot;valign&quot;:&quot;bottom&quot;,&quot;ignore&quot;:&quot;&quot;,&quot;reference&quot;:&quot;auto&quot;,&quot;class&quot;:&quot;&quot;,&quot;count&quot;:&quot;0&quot;,&quot;legendonly&quot;:&quot;&quot;,&quot;readonly&quot;:&quot;&quot;,&quot;score&quot;:&quot;0&quot;,&quot;starsonly&quot;:&quot;&quot;,&quot;best&quot;:&quot;5&quot;,&quot;gap&quot;:&quot;5&quot;,&quot;greet&quot;:&quot;&quot;,&quot;legend&quot;:&quot;0\\\/5 - (0 vote)&quot;,&quot;size&quot;:&quot;24&quot;,&quot;title&quot;:&quot;Les d\u00e9penses de sant\u00e9 des seniors pourraient-elles exploser en 2026 ?&quot;,&quot;width&quot;:&quot;0&quot;,&quot;_legend&quot;:&quot;{score}\\\/{best} - ({count} {votes})&quot;,&quot;font_factor&quot;:&quot;1.25&quot;}'>\n            \n<div class=\"kksr-stars\">\n    \n<div class=\"kksr-stars-inactive\">\n            <div class=\"kksr-star\" data-star=\"1\" style=\"padding-right: 5px\">\n            \n\n<div class=\"kksr-icon\" style=\"width: 24px; height: 24px;\"><\/div>\n        <\/div>\n            <div class=\"kksr-star\" data-star=\"2\" style=\"padding-right: 5px\">\n            \n\n<div class=\"kksr-icon\" style=\"width: 24px; height: 24px;\"><\/div>\n        <\/div>\n            <div class=\"kksr-star\" data-star=\"3\" style=\"padding-right: 5px\">\n            \n\n<div class=\"kksr-icon\" style=\"width: 24px; height: 24px;\"><\/div>\n        <\/div>\n            <div class=\"kksr-star\" data-star=\"4\" style=\"padding-right: 5px\">\n            \n\n<div class=\"kksr-icon\" style=\"width: 24px; height: 24px;\"><\/div>\n        <\/div>\n            <div class=\"kksr-star\" data-star=\"5\" style=\"padding-right: 5px\">\n            \n\n<div class=\"kksr-icon\" style=\"width: 24px; height: 24px;\"><\/div>\n        <\/div>\n    <\/div>\n    \n<div class=\"kksr-stars-active\" style=\"width: 0px;\">\n            <div class=\"kksr-star\" style=\"padding-right: 5px\">\n            \n\n<div class=\"kksr-icon\" style=\"width: 24px; height: 24px;\"><\/div>\n        <\/div>\n            <div class=\"kksr-star\" style=\"padding-right: 5px\">\n            \n\n<div class=\"kksr-icon\" style=\"width: 24px; height: 24px;\"><\/div>\n        <\/div>\n            <div class=\"kksr-star\" style=\"padding-right: 5px\">\n            \n\n<div class=\"kksr-icon\" style=\"width: 24px; height: 24px;\"><\/div>\n        <\/div>\n            <div class=\"kksr-star\" style=\"padding-right: 5px\">\n            \n\n<div class=\"kksr-icon\" style=\"width: 24px; height: 24px;\"><\/div>\n        <\/div>\n            <div class=\"kksr-star\" style=\"padding-right: 5px\">\n            \n\n<div class=\"kksr-icon\" style=\"width: 24px; height: 24px;\"><\/div>\n        <\/div>\n    <\/div>\n<\/div>\n                \n\n<div class=\"kksr-legend\" style=\"font-size: 19.2px;\">\n            <span class=\"kksr-muted\"><\/span>\n    <\/div>\n    <\/div>\n","protected":false},"excerpt":{"rendered":"<p>Alors que la population vieillit en France et en Europe, une question cruciale \u00e9merge : comment financer les soins m\u00e9dicaux des seniors sans alourdir davantage les comptes publics ? Entre innovations technologiques et d\u00e9fis budg\u00e9taires, le syst\u00e8me de sant\u00e9 pourrait conna\u00eetre des bouleversements majeurs. Un tsunami argent\u00e9 qui inqui\u00e8te les \u00e9conomistes Marc, 72 ans, ancien &#8230; <a title=\"Les d\u00e9penses de sant\u00e9 des seniors pourraient-elles exploser en 2026 ?\" class=\"read-more\" href=\"https:\/\/rachat2credit.fr\/guide\/les-depenses-de-sante-des-seniors-pourraient-elles-exploser-en-2026\/\" aria-label=\"En savoir plus sur Les d\u00e9penses de sant\u00e9 des seniors pourraient-elles exploser en 2026 ?\">Lire plus<\/a><\/p>\n","protected":false},"author":1,"featured_media":683,"comment_status":"open","ping_status":"open","sticky":false,"template":"","format":"standard","meta":{"footnotes":""},"categories":[8],"tags":[],"class_list":["post-649","post","type-post","status-publish","format-standard","has-post-thumbnail","hentry","category-a-la-une"],"yoast_head":"<!-- This site is optimized with the Yoast SEO plugin v27.5 - https:\/\/yoast.com\/product\/yoast-seo-wordpress\/ -->\n<title>Les d\u00e9penses de sant\u00e9 des seniors pourraient-elles exploser en 2026 ? - Rachat de Cr\u00e9dit<\/title>\n<meta name=\"robots\" content=\"index, follow, max-snippet:-1, max-image-preview:large, max-video-preview:-1\" \/>\n<link rel=\"canonical\" href=\"https:\/\/rachat2credit.fr\/guide\/les-depenses-de-sante-des-seniors-pourraient-elles-exploser-en-2026\/\" \/>\n<meta property=\"og:locale\" content=\"fr_FR\" \/>\n<meta property=\"og:type\" content=\"article\" \/>\n<meta property=\"og:title\" content=\"Les d\u00e9penses de sant\u00e9 des seniors pourraient-elles exploser en 2026 ? - Rachat de Cr\u00e9dit\" \/>\n<meta property=\"og:description\" content=\"Alors que la population vieillit en France et en Europe, une question cruciale \u00e9merge : comment financer les soins m\u00e9dicaux des seniors sans alourdir davantage les comptes publics ? Entre innovations technologiques et d\u00e9fis budg\u00e9taires, le syst\u00e8me de sant\u00e9 pourrait conna\u00eetre des bouleversements majeurs. Un tsunami argent\u00e9 qui inqui\u00e8te les \u00e9conomistes Marc, 72 ans, ancien ... Lire plus\" \/>\n<meta property=\"og:url\" content=\"https:\/\/rachat2credit.fr\/guide\/les-depenses-de-sante-des-seniors-pourraient-elles-exploser-en-2026\/\" \/>\n<meta property=\"og:site_name\" content=\"Rachat de Cr\u00e9dit\" \/>\n<meta property=\"article:published_time\" content=\"2025-07-29T08:47:28+00:00\" \/>\n<meta property=\"article:modified_time\" content=\"2025-07-29T08:53:14+00:00\" \/>\n<meta property=\"og:image\" content=\"https:\/\/rachat2credit.fr\/guide\/wp-content\/uploads\/2025\/07\/flux-649-1753778859.jpg\" \/>\n\t<meta property=\"og:image:width\" content=\"1344\" \/>\n\t<meta property=\"og:image:height\" content=\"768\" \/>\n\t<meta property=\"og:image:type\" content=\"image\/jpeg\" \/>\n<meta name=\"author\" content=\"Aurelien Boulanger\" \/>\n<meta name=\"twitter:card\" content=\"summary_large_image\" \/>\n<meta name=\"twitter:label1\" content=\"\u00c9crit par\" \/>\n\t<meta name=\"twitter:data1\" content=\"Aurelien Boulanger\" \/>\n\t<meta name=\"twitter:label2\" content=\"Dur\u00e9e de lecture estim\u00e9e\" \/>\n\t<meta name=\"twitter:data2\" content=\"3 minutes\" \/>\n<script type=\"application\/ld+json\" class=\"yoast-schema-graph\">{\"@context\":\"https:\\\/\\\/schema.org\",\"@graph\":[{\"@type\":\"NewsArticle\",\"@id\":\"https:\\\/\\\/rachat2credit.fr\\\/guide\\\/les-depenses-de-sante-des-seniors-pourraient-elles-exploser-en-2026\\\/#article\",\"isPartOf\":{\"@id\":\"https:\\\/\\\/rachat2credit.fr\\\/guide\\\/les-depenses-de-sante-des-seniors-pourraient-elles-exploser-en-2026\\\/\"},\"author\":{\"name\":\"Aurelien Boulanger\",\"@id\":\"https:\\\/\\\/rachat2credit.fr\\\/guide\\\/#\\\/schema\\\/person\\\/d4142086d07bc6acdc4722eabd955cc2\"},\"headline\":\"Les d\u00e9penses de sant\u00e9 des seniors pourraient-elles exploser en 2026 ?\",\"datePublished\":\"2025-07-29T08:47:28+00:00\",\"dateModified\":\"2025-07-29T08:53:14+00:00\",\"mainEntityOfPage\":{\"@id\":\"https:\\\/\\\/rachat2credit.fr\\\/guide\\\/les-depenses-de-sante-des-seniors-pourraient-elles-exploser-en-2026\\\/\"},\"wordCount\":643,\"commentCount\":0,\"publisher\":{\"@id\":\"https:\\\/\\\/rachat2credit.fr\\\/guide\\\/#organization\"},\"image\":{\"@id\":\"https:\\\/\\\/rachat2credit.fr\\\/guide\\\/les-depenses-de-sante-des-seniors-pourraient-elles-exploser-en-2026\\\/#primaryimage\"},\"thumbnailUrl\":\"https:\\\/\\\/rachat2credit.fr\\\/guide\\\/wp-content\\\/uploads\\\/2025\\\/07\\\/flux-649-1753778859.jpg\",\"articleSection\":[\"A la une\"],\"inLanguage\":\"fr-FR\",\"potentialAction\":[{\"@type\":\"CommentAction\",\"name\":\"Comment\",\"target\":[\"https:\\\/\\\/rachat2credit.fr\\\/guide\\\/les-depenses-de-sante-des-seniors-pourraient-elles-exploser-en-2026\\\/#respond\"]}]},{\"@type\":\"WebPage\",\"@id\":\"https:\\\/\\\/rachat2credit.fr\\\/guide\\\/les-depenses-de-sante-des-seniors-pourraient-elles-exploser-en-2026\\\/\",\"url\":\"https:\\\/\\\/rachat2credit.fr\\\/guide\\\/les-depenses-de-sante-des-seniors-pourraient-elles-exploser-en-2026\\\/\",\"name\":\"Les d\u00e9penses de sant\u00e9 des seniors pourraient-elles exploser en 2026 ? - Rachat de Cr\u00e9dit\",\"isPartOf\":{\"@id\":\"https:\\\/\\\/rachat2credit.fr\\\/guide\\\/#website\"},\"primaryImageOfPage\":{\"@id\":\"https:\\\/\\\/rachat2credit.fr\\\/guide\\\/les-depenses-de-sante-des-seniors-pourraient-elles-exploser-en-2026\\\/#primaryimage\"},\"image\":{\"@id\":\"https:\\\/\\\/rachat2credit.fr\\\/guide\\\/les-depenses-de-sante-des-seniors-pourraient-elles-exploser-en-2026\\\/#primaryimage\"},\"thumbnailUrl\":\"https:\\\/\\\/rachat2credit.fr\\\/guide\\\/wp-content\\\/uploads\\\/2025\\\/07\\\/flux-649-1753778859.jpg\",\"datePublished\":\"2025-07-29T08:47:28+00:00\",\"dateModified\":\"2025-07-29T08:53:14+00:00\",\"breadcrumb\":{\"@id\":\"https:\\\/\\\/rachat2credit.fr\\\/guide\\\/les-depenses-de-sante-des-seniors-pourraient-elles-exploser-en-2026\\\/#breadcrumb\"},\"inLanguage\":\"fr-FR\",\"potentialAction\":[{\"@type\":\"ReadAction\",\"target\":[\"https:\\\/\\\/rachat2credit.fr\\\/guide\\\/les-depenses-de-sante-des-seniors-pourraient-elles-exploser-en-2026\\\/\"]}]},{\"@type\":\"ImageObject\",\"inLanguage\":\"fr-FR\",\"@id\":\"https:\\\/\\\/rachat2credit.fr\\\/guide\\\/les-depenses-de-sante-des-seniors-pourraient-elles-exploser-en-2026\\\/#primaryimage\",\"url\":\"https:\\\/\\\/rachat2credit.fr\\\/guide\\\/wp-content\\\/uploads\\\/2025\\\/07\\\/flux-649-1753778859.jpg\",\"contentUrl\":\"https:\\\/\\\/rachat2credit.fr\\\/guide\\\/wp-content\\\/uploads\\\/2025\\\/07\\\/flux-649-1753778859.jpg\",\"width\":1344,\"height\":768},{\"@type\":\"BreadcrumbList\",\"@id\":\"https:\\\/\\\/rachat2credit.fr\\\/guide\\\/les-depenses-de-sante-des-seniors-pourraient-elles-exploser-en-2026\\\/#breadcrumb\",\"itemListElement\":[{\"@type\":\"ListItem\",\"position\":1,\"name\":\"Accueil\",\"item\":\"https:\\\/\\\/rachat2credit.fr\\\/guide\\\/\"},{\"@type\":\"ListItem\",\"position\":2,\"name\":\"Les d\u00e9penses de sant\u00e9 des seniors pourraient-elles exploser en 2026 ?\"}]},{\"@type\":\"WebSite\",\"@id\":\"https:\\\/\\\/rachat2credit.fr\\\/guide\\\/#website\",\"url\":\"https:\\\/\\\/rachat2credit.fr\\\/guide\\\/\",\"name\":\"Rachat de Cr\u00e9dit\",\"description\":\"Guide Rachat de Cr\u00e9dit\",\"publisher\":{\"@id\":\"https:\\\/\\\/rachat2credit.fr\\\/guide\\\/#organization\"},\"potentialAction\":[{\"@type\":\"SearchAction\",\"target\":{\"@type\":\"EntryPoint\",\"urlTemplate\":\"https:\\\/\\\/rachat2credit.fr\\\/guide\\\/?s={search_term_string}\"},\"query-input\":{\"@type\":\"PropertyValueSpecification\",\"valueRequired\":true,\"valueName\":\"search_term_string\"}}],\"inLanguage\":\"fr-FR\"},{\"@type\":\"Organization\",\"@id\":\"https:\\\/\\\/rachat2credit.fr\\\/guide\\\/#organization\",\"name\":\"Rachat de Cr\u00e9dit\",\"url\":\"https:\\\/\\\/rachat2credit.fr\\\/guide\\\/\",\"logo\":{\"@type\":\"ImageObject\",\"inLanguage\":\"fr-FR\",\"@id\":\"https:\\\/\\\/rachat2credit.fr\\\/guide\\\/#\\\/schema\\\/logo\\\/image\\\/\",\"url\":\"https:\\\/\\\/rachat2credit.fr\\\/guide\\\/wp-content\\\/uploads\\\/2025\\\/05\\\/rachat2credit.png\",\"contentUrl\":\"https:\\\/\\\/rachat2credit.fr\\\/guide\\\/wp-content\\\/uploads\\\/2025\\\/05\\\/rachat2credit.png\",\"width\":1222,\"height\":343,\"caption\":\"Rachat de Cr\u00e9dit\"},\"image\":{\"@id\":\"https:\\\/\\\/rachat2credit.fr\\\/guide\\\/#\\\/schema\\\/logo\\\/image\\\/\"}},{\"@type\":\"Person\",\"@id\":\"https:\\\/\\\/rachat2credit.fr\\\/guide\\\/#\\\/schema\\\/person\\\/d4142086d07bc6acdc4722eabd955cc2\",\"name\":\"Aurelien Boulanger\",\"image\":{\"@type\":\"ImageObject\",\"inLanguage\":\"fr-FR\",\"@id\":\"https:\\\/\\\/secure.gravatar.com\\\/avatar\\\/32175434c9ca2b27bfeb905d1c3ec782a789caf494bc0ec8fa6ed0ee39c2e62a?s=96&d=mm&r=g\",\"url\":\"https:\\\/\\\/secure.gravatar.com\\\/avatar\\\/32175434c9ca2b27bfeb905d1c3ec782a789caf494bc0ec8fa6ed0ee39c2e62a?s=96&d=mm&r=g\",\"contentUrl\":\"https:\\\/\\\/secure.gravatar.com\\\/avatar\\\/32175434c9ca2b27bfeb905d1c3ec782a789caf494bc0ec8fa6ed0ee39c2e62a?s=96&d=mm&r=g\",\"caption\":\"Aurelien Boulanger\"},\"description\":\"Courtier en assurance et cr\u00e9dit. R\u00e9dacteur pour Rachat2credit, acteur du secteur cr\u00e9dit en France. Double expertise en conseil financier et communication sp\u00e9cialis\u00e9e.\",\"sameAs\":[\"https:\\\/\\\/rachat2credit.fr\\\/guide\"],\"url\":\"https:\\\/\\\/rachat2credit.fr\\\/guide\\\/author\\\/aurelien\\\/\"}]}<\/script>\n<!-- \/ Yoast SEO plugin. -->","yoast_head_json":{"title":"Les d\u00e9penses de sant\u00e9 des seniors pourraient-elles exploser en 2026 ? - Rachat de Cr\u00e9dit","robots":{"index":"index","follow":"follow","max-snippet":"max-snippet:-1","max-image-preview":"max-image-preview:large","max-video-preview":"max-video-preview:-1"},"canonical":"https:\/\/rachat2credit.fr\/guide\/les-depenses-de-sante-des-seniors-pourraient-elles-exploser-en-2026\/","og_locale":"fr_FR","og_type":"article","og_title":"Les d\u00e9penses de sant\u00e9 des seniors pourraient-elles exploser en 2026 ? - Rachat de Cr\u00e9dit","og_description":"Alors que la population vieillit en France et en Europe, une question cruciale \u00e9merge : comment financer les soins m\u00e9dicaux des seniors sans alourdir davantage les comptes publics ? Entre innovations technologiques et d\u00e9fis budg\u00e9taires, le syst\u00e8me de sant\u00e9 pourrait conna\u00eetre des bouleversements majeurs. Un tsunami argent\u00e9 qui inqui\u00e8te les \u00e9conomistes Marc, 72 ans, ancien ... Lire plus","og_url":"https:\/\/rachat2credit.fr\/guide\/les-depenses-de-sante-des-seniors-pourraient-elles-exploser-en-2026\/","og_site_name":"Rachat de Cr\u00e9dit","article_published_time":"2025-07-29T08:47:28+00:00","article_modified_time":"2025-07-29T08:53:14+00:00","og_image":[{"width":1344,"height":768,"url":"https:\/\/rachat2credit.fr\/guide\/wp-content\/uploads\/2025\/07\/flux-649-1753778859.jpg","type":"image\/jpeg"}],"author":"Aurelien Boulanger","twitter_card":"summary_large_image","twitter_misc":{"\u00c9crit par":"Aurelien Boulanger","Dur\u00e9e de lecture estim\u00e9e":"3 minutes"},"schema":{"@context":"https:\/\/schema.org","@graph":[{"@type":"NewsArticle","@id":"https:\/\/rachat2credit.fr\/guide\/les-depenses-de-sante-des-seniors-pourraient-elles-exploser-en-2026\/#article","isPartOf":{"@id":"https:\/\/rachat2credit.fr\/guide\/les-depenses-de-sante-des-seniors-pourraient-elles-exploser-en-2026\/"},"author":{"name":"Aurelien Boulanger","@id":"https:\/\/rachat2credit.fr\/guide\/#\/schema\/person\/d4142086d07bc6acdc4722eabd955cc2"},"headline":"Les d\u00e9penses de sant\u00e9 des seniors pourraient-elles exploser en 2026 ?","datePublished":"2025-07-29T08:47:28+00:00","dateModified":"2025-07-29T08:53:14+00:00","mainEntityOfPage":{"@id":"https:\/\/rachat2credit.fr\/guide\/les-depenses-de-sante-des-seniors-pourraient-elles-exploser-en-2026\/"},"wordCount":643,"commentCount":0,"publisher":{"@id":"https:\/\/rachat2credit.fr\/guide\/#organization"},"image":{"@id":"https:\/\/rachat2credit.fr\/guide\/les-depenses-de-sante-des-seniors-pourraient-elles-exploser-en-2026\/#primaryimage"},"thumbnailUrl":"https:\/\/rachat2credit.fr\/guide\/wp-content\/uploads\/2025\/07\/flux-649-1753778859.jpg","articleSection":["A la une"],"inLanguage":"fr-FR","potentialAction":[{"@type":"CommentAction","name":"Comment","target":["https:\/\/rachat2credit.fr\/guide\/les-depenses-de-sante-des-seniors-pourraient-elles-exploser-en-2026\/#respond"]}]},{"@type":"WebPage","@id":"https:\/\/rachat2credit.fr\/guide\/les-depenses-de-sante-des-seniors-pourraient-elles-exploser-en-2026\/","url":"https:\/\/rachat2credit.fr\/guide\/les-depenses-de-sante-des-seniors-pourraient-elles-exploser-en-2026\/","name":"Les d\u00e9penses de sant\u00e9 des seniors pourraient-elles exploser en 2026 ? - Rachat de Cr\u00e9dit","isPartOf":{"@id":"https:\/\/rachat2credit.fr\/guide\/#website"},"primaryImageOfPage":{"@id":"https:\/\/rachat2credit.fr\/guide\/les-depenses-de-sante-des-seniors-pourraient-elles-exploser-en-2026\/#primaryimage"},"image":{"@id":"https:\/\/rachat2credit.fr\/guide\/les-depenses-de-sante-des-seniors-pourraient-elles-exploser-en-2026\/#primaryimage"},"thumbnailUrl":"https:\/\/rachat2credit.fr\/guide\/wp-content\/uploads\/2025\/07\/flux-649-1753778859.jpg","datePublished":"2025-07-29T08:47:28+00:00","dateModified":"2025-07-29T08:53:14+00:00","breadcrumb":{"@id":"https:\/\/rachat2credit.fr\/guide\/les-depenses-de-sante-des-seniors-pourraient-elles-exploser-en-2026\/#breadcrumb"},"inLanguage":"fr-FR","potentialAction":[{"@type":"ReadAction","target":["https:\/\/rachat2credit.fr\/guide\/les-depenses-de-sante-des-seniors-pourraient-elles-exploser-en-2026\/"]}]},{"@type":"ImageObject","inLanguage":"fr-FR","@id":"https:\/\/rachat2credit.fr\/guide\/les-depenses-de-sante-des-seniors-pourraient-elles-exploser-en-2026\/#primaryimage","url":"https:\/\/rachat2credit.fr\/guide\/wp-content\/uploads\/2025\/07\/flux-649-1753778859.jpg","contentUrl":"https:\/\/rachat2credit.fr\/guide\/wp-content\/uploads\/2025\/07\/flux-649-1753778859.jpg","width":1344,"height":768},{"@type":"BreadcrumbList","@id":"https:\/\/rachat2credit.fr\/guide\/les-depenses-de-sante-des-seniors-pourraient-elles-exploser-en-2026\/#breadcrumb","itemListElement":[{"@type":"ListItem","position":1,"name":"Accueil","item":"https:\/\/rachat2credit.fr\/guide\/"},{"@type":"ListItem","position":2,"name":"Les d\u00e9penses de sant\u00e9 des seniors pourraient-elles exploser en 2026 ?"}]},{"@type":"WebSite","@id":"https:\/\/rachat2credit.fr\/guide\/#website","url":"https:\/\/rachat2credit.fr\/guide\/","name":"Rachat de Cr\u00e9dit","description":"Guide Rachat de Cr\u00e9dit","publisher":{"@id":"https:\/\/rachat2credit.fr\/guide\/#organization"},"potentialAction":[{"@type":"SearchAction","target":{"@type":"EntryPoint","urlTemplate":"https:\/\/rachat2credit.fr\/guide\/?s={search_term_string}"},"query-input":{"@type":"PropertyValueSpecification","valueRequired":true,"valueName":"search_term_string"}}],"inLanguage":"fr-FR"},{"@type":"Organization","@id":"https:\/\/rachat2credit.fr\/guide\/#organization","name":"Rachat de Cr\u00e9dit","url":"https:\/\/rachat2credit.fr\/guide\/","logo":{"@type":"ImageObject","inLanguage":"fr-FR","@id":"https:\/\/rachat2credit.fr\/guide\/#\/schema\/logo\/image\/","url":"https:\/\/rachat2credit.fr\/guide\/wp-content\/uploads\/2025\/05\/rachat2credit.png","contentUrl":"https:\/\/rachat2credit.fr\/guide\/wp-content\/uploads\/2025\/05\/rachat2credit.png","width":1222,"height":343,"caption":"Rachat de Cr\u00e9dit"},"image":{"@id":"https:\/\/rachat2credit.fr\/guide\/#\/schema\/logo\/image\/"}},{"@type":"Person","@id":"https:\/\/rachat2credit.fr\/guide\/#\/schema\/person\/d4142086d07bc6acdc4722eabd955cc2","name":"Aurelien Boulanger","image":{"@type":"ImageObject","inLanguage":"fr-FR","@id":"https:\/\/secure.gravatar.com\/avatar\/32175434c9ca2b27bfeb905d1c3ec782a789caf494bc0ec8fa6ed0ee39c2e62a?s=96&d=mm&r=g","url":"https:\/\/secure.gravatar.com\/avatar\/32175434c9ca2b27bfeb905d1c3ec782a789caf494bc0ec8fa6ed0ee39c2e62a?s=96&d=mm&r=g","contentUrl":"https:\/\/secure.gravatar.com\/avatar\/32175434c9ca2b27bfeb905d1c3ec782a789caf494bc0ec8fa6ed0ee39c2e62a?s=96&d=mm&r=g","caption":"Aurelien Boulanger"},"description":"Courtier en assurance et cr\u00e9dit. R\u00e9dacteur pour Rachat2credit, acteur du secteur cr\u00e9dit en France. Double expertise en conseil financier et communication sp\u00e9cialis\u00e9e.","sameAs":["https:\/\/rachat2credit.fr\/guide"],"url":"https:\/\/rachat2credit.fr\/guide\/author\/aurelien\/"}]}},"_links":{"self":[{"href":"https:\/\/rachat2credit.fr\/guide\/wp-json\/wp\/v2\/posts\/649","targetHints":{"allow":["GET"]}}],"collection":[{"href":"https:\/\/rachat2credit.fr\/guide\/wp-json\/wp\/v2\/posts"}],"about":[{"href":"https:\/\/rachat2credit.fr\/guide\/wp-json\/wp\/v2\/types\/post"}],"author":[{"embeddable":true,"href":"https:\/\/rachat2credit.fr\/guide\/wp-json\/wp\/v2\/users\/1"}],"replies":[{"embeddable":true,"href":"https:\/\/rachat2credit.fr\/guide\/wp-json\/wp\/v2\/comments?post=649"}],"version-history":[{"count":1,"href":"https:\/\/rachat2credit.fr\/guide\/wp-json\/wp\/v2\/posts\/649\/revisions"}],"predecessor-version":[{"id":685,"href":"https:\/\/rachat2credit.fr\/guide\/wp-json\/wp\/v2\/posts\/649\/revisions\/685"}],"wp:featuredmedia":[{"embeddable":true,"href":"https:\/\/rachat2credit.fr\/guide\/wp-json\/wp\/v2\/media\/683"}],"wp:attachment":[{"href":"https:\/\/rachat2credit.fr\/guide\/wp-json\/wp\/v2\/media?parent=649"}],"wp:term":[{"taxonomy":"category","embeddable":true,"href":"https:\/\/rachat2credit.fr\/guide\/wp-json\/wp\/v2\/categories?post=649"},{"taxonomy":"post_tag","embeddable":true,"href":"https:\/\/rachat2credit.fr\/guide\/wp-json\/wp\/v2\/tags?post=649"}],"curies":[{"name":"wp","href":"https:\/\/api.w.org\/{rel}","templated":true}]}}