{"id":652,"date":"2025-07-29T10:07:29","date_gmt":"2025-07-29T08:07:29","guid":{"rendered":"https:\/\/rachat2credit.fr\/guide\/?p=652"},"modified":"2025-07-29T10:07:42","modified_gmt":"2025-07-29T08:07:42","slug":"le-prix-de-la-mutuelle-senior-pourrait-il-exploser-en-2025-je-ne-sais-plus-comment-men-sortir","status":"publish","type":"post","link":"https:\/\/rachat2credit.fr\/guide\/le-prix-de-la-mutuelle-senior-pourrait-il-exploser-en-2025-je-ne-sais-plus-comment-men-sortir\/","title":{"rendered":"Le prix de la mutuelle senior pourrait-il exploser en 2025 ? \u00ab\u00a0Je ne sais plus comment m&rsquo;en sortir\u00a0\u00bb"},"content":{"rendered":"\n<p>Alors que les tarifs des compl\u00e9mentaires sant\u00e9 pour les seniors s&rsquo;envolent depuis trois ans, une nouvelle hausse menace. Les experts pr\u00e9disent des augmentations record qui pourraient plonger des milliers de retrait\u00e9s dans la pr\u00e9carit\u00e9.<\/p>\n\n\n\n<div id=\"ez-toc-container\" class=\"ez-toc-v2_0_82_2 counter-hierarchy ez-toc-counter ez-toc-grey ez-toc-container-direction\">\n<p class=\"ez-toc-title\" style=\"cursor:inherit\">Sommaire<\/p>\n<label for=\"ez-toc-cssicon-toggle-item-69f104d664e08\" class=\"ez-toc-cssicon-toggle-label\"><span class=\"ez-toc-cssicon\"><span class=\"eztoc-hide\" style=\"display:none;\">Toggle<\/span><span class=\"ez-toc-icon-toggle-span\"><svg style=\"fill: #999;color:#999\" xmlns=\"http:\/\/www.w3.org\/2000\/svg\" class=\"list-377408\" width=\"20px\" height=\"20px\" viewBox=\"0 0 24 24\" fill=\"none\"><path d=\"M6 6H4v2h2V6zm14 0H8v2h12V6zM4 11h2v2H4v-2zm16 0H8v2h12v-2zM4 16h2v2H4v-2zm16 0H8v2h12v-2z\" fill=\"currentColor\"><\/path><\/svg><svg style=\"fill: #999;color:#999\" class=\"arrow-unsorted-368013\" xmlns=\"http:\/\/www.w3.org\/2000\/svg\" width=\"10px\" height=\"10px\" viewBox=\"0 0 24 24\" version=\"1.2\" baseProfile=\"tiny\"><path d=\"M18.2 9.3l-6.2-6.3-6.2 6.3c-.2.2-.3.4-.3.7s.1.5.3.7c.2.2.4.3.7.3h11c.3 0 .5-.1.7-.3.2-.2.3-.5.3-.7s-.1-.5-.3-.7zM5.8 14.7l6.2 6.3 6.2-6.3c.2-.2.3-.5.3-.7s-.1-.5-.3-.7c-.2-.2-.4-.3-.7-.3h-11c-.3 0-.5.1-.7.3-.2.2-.3.5-.3.7s.1.5.3.7z\"\/><\/svg><\/span><\/span><\/label><input type=\"checkbox\"  id=\"ez-toc-cssicon-toggle-item-69f104d664e08\" checked aria-label=\"Toggle\" \/><nav><ul class='ez-toc-list ez-toc-list-level-1 ' ><li class='ez-toc-page-1 ez-toc-heading-level-2'><a class=\"ez-toc-link ez-toc-heading-1\" href=\"https:\/\/rachat2credit.fr\/guide\/le-prix-de-la-mutuelle-senior-pourrait-il-exploser-en-2025-je-ne-sais-plus-comment-men-sortir\/#Un_budget_sante_qui_pese_lourd\" >Un budget sant\u00e9 qui p\u00e8se lourd<\/a><\/li><li class='ez-toc-page-1 ez-toc-heading-level-2'><a class=\"ez-toc-link ez-toc-heading-2\" href=\"https:\/\/rachat2credit.fr\/guide\/le-prix-de-la-mutuelle-senior-pourrait-il-exploser-en-2025-je-ne-sais-plus-comment-men-sortir\/#Pourquoi_cette_flambee_des_tarifs\" >Pourquoi cette flamb\u00e9e des tarifs ?<\/a><\/li><li class='ez-toc-page-1 ez-toc-heading-level-2'><a class=\"ez-toc-link ez-toc-heading-3\" href=\"https:\/\/rachat2credit.fr\/guide\/le-prix-de-la-mutuelle-senior-pourrait-il-exploser-en-2025-je-ne-sais-plus-comment-men-sortir\/#Les_astuces_pour_payer_moins_cher\" >Les astuces pour payer moins cher<\/a><ul class='ez-toc-list-level-3' ><li class='ez-toc-heading-level-3'><a class=\"ez-toc-link ez-toc-heading-4\" href=\"https:\/\/rachat2credit.fr\/guide\/le-prix-de-la-mutuelle-senior-pourrait-il-exploser-en-2025-je-ne-sais-plus-comment-men-sortir\/#3_strategies_pour_reduire_sa_facture\" >3 strat\u00e9gies pour r\u00e9duire sa facture<\/a><\/li><\/ul><\/li><li class='ez-toc-page-1 ez-toc-heading-level-2'><a class=\"ez-toc-link ez-toc-heading-5\" href=\"https:\/\/rachat2credit.fr\/guide\/le-prix-de-la-mutuelle-senior-pourrait-il-exploser-en-2025-je-ne-sais-plus-comment-men-sortir\/#Un_systeme_a_bout_de_souffle\" >Un syst\u00e8me \u00e0 bout de souffle ?<\/a><\/li><li class='ez-toc-page-1 ez-toc-heading-level-2'><a class=\"ez-toc-link ez-toc-heading-6\" href=\"https:\/\/rachat2credit.fr\/guide\/le-prix-de-la-mutuelle-senior-pourrait-il-exploser-en-2025-je-ne-sais-plus-comment-men-sortir\/#Et_vous_comment_gerez-vous_cette_hausse\" >Et vous, comment g\u00e9rez-vous cette hausse ?<\/a><\/li><\/ul><\/nav><\/div>\n<h2 class=\"wp-block-heading\"><span class=\"ez-toc-section\" id=\"Un_budget_sante_qui_pese_lourd\"><\/span>Un budget sant\u00e9 qui p\u00e8se lourd<span class=\"ez-toc-section-end\"><\/span><\/h2>\n\n\n\n<p>Martine, 68 ans, ancienne secr\u00e9taire m\u00e9dicale \u00e0 la retraite, voit son contrat de mutuelle passer de 89\u20ac \u00e0 127\u20ac mensuels. \u00ab\u00a0Avec ma petite retraite, chaque euro compte. Je dois maintenant choisir entre mes m\u00e9dicaments et mon chauffage\u00a0\u00bb, confie-t-elle, les mains tremblantes.<\/p>\n\n\n\n<p>D&rsquo;apr\u00e8s une <a href=\"https:\/\/www.service-public.fr\/particuliers\/vosdroits\/F31889\" target=\"_blank\" rel=\"noopener\">\u00e9tude du service public<\/a>, le prix moyen d&rsquo;une mutuelle senior aurait augment\u00e9 de 23% depuis 2022. Une tendance qui ne montrerait aucun signe d&rsquo;essoufflement.<\/p>\n\n\n\n<h2 class=\"wp-block-heading\"><span class=\"ez-toc-section\" id=\"Pourquoi_cette_flambee_des_tarifs\"><\/span>Pourquoi cette flamb\u00e9e des tarifs ?<span class=\"ez-toc-section-end\"><\/span><\/h2>\n\n\n\n<p>Plusieurs facteurs expliqueraient cette situation explosive :<\/p>\n\n\n\n<ul class=\"wp-block-list\">\n<li>Le vieillissement de la population fran\u00e7aise avec 20 millions de seniors pr\u00e9vus en 2030<\/li>\n\n\n\n<li>L&rsquo;explosion des d\u00e9penses de sant\u00e9 post-Covid<\/li>\n\n\n\n<li>La r\u00e9forme du 100% Sant\u00e9 qui aurait transf\u00e9r\u00e9 des co\u00fbts vers les assureurs<\/li>\n<\/ul>\n\n\n\n<p>Un porte-parole de la F\u00e9d\u00e9ration Fran\u00e7aise de l&rsquo;Assurance temp\u00e8re : \u00ab\u00a0Nos tarifs refl\u00e8tent simplement l&rsquo;augmentation des remboursements. Les seniors consomment plus de soins et de m\u00e9dicaments que la moyenne.\u00a0\u00bb<\/p>\n\n\n\n<h2 class=\"wp-block-heading\"><span class=\"ez-toc-section\" id=\"Les_astuces_pour_payer_moins_cher\"><\/span>Les astuces pour payer moins cher<span class=\"ez-toc-section-end\"><\/span><\/h2>\n\n\n\n<p>Face \u00e0 cette crise, des solutions \u00e9mergent :<\/p>\n\n\n\n<div class=\"tips\">\n<h3><span class=\"ez-toc-section\" id=\"3_strategies_pour_reduire_sa_facture\"><\/span>3 strat\u00e9gies pour r\u00e9duire sa facture<span class=\"ez-toc-section-end\"><\/span><\/h3>\n<ol>\n<li><strong>Comparer chaque ann\u00e9e<\/strong> : Les \u00e9carts entre assureurs atteindraient 40% pour des garanties similaires<\/li>\n<li><strong>Adapter son contrat<\/strong> : Supprimer les garanties inutiles comme l&rsquo;orthodontie apr\u00e8s 60 ans<\/li>\n<li><strong>Profiter des aides<\/strong> : L&rsquo;ACS (Aide Compl\u00e9mentaire Sant\u00e9) pourrait couvrir jusqu&rsquo;\u00e0 100\u20ac mensuels<\/li>\n<\/ol>\n<\/div>\n\n\n\n<p>Jean-Luc, 72 ans, a r\u00e9ussi \u00e0 \u00e9conomiser 35\u20ac par mois gr\u00e2ce \u00e0 ces m\u00e9thodes : \u00ab\u00a0J&rsquo;ai mis 3 heures \u00e0 tout comparer sur Internet, mais \u00e7a valait le coup. Cet argent me permet maintenant de payer mes s\u00e9ances de kin\u00e9.\u00a0\u00bb<\/p>\n\n\n\n<h2 class=\"wp-block-heading\"><span class=\"ez-toc-section\" id=\"Un_systeme_a_bout_de_souffle\"><\/span>Un syst\u00e8me \u00e0 bout de souffle ?<span class=\"ez-toc-section-end\"><\/span><\/h2>\n\n\n\n<p>Certains experts alertent sur les risques de fracture sanitaire. \u00ab\u00a0Nous pourrions voir appara\u00eetre deux cat\u00e9gories de seniors : ceux qui peuvent se payer des soins et les autres\u00a0\u00bb, analyse le Dr Lef\u00e8vre, g\u00e9riatre.<\/p>\n\n\n\n<p>Le gouvernement \u00e9tudierait plusieurs pistes :<\/p>\n\n\n\n<ul class=\"wp-block-list\">\n<li>Un plafonnement des tarifs pour les bas revenus<\/li>\n\n\n\n<li>Une meilleure prise en charge des soins optiques et dentaires<\/li>\n\n\n\n<li>Un bonus\/malus pour inciter les assureurs \u00e0 mod\u00e9rer leurs hausses<\/li>\n<\/ul>\n\n\n\n<p>En attendant, Martine continue de serrer les dents : \u00ab\u00a0Je reporte mon rendez-vous chez le dentiste depuis six mois. \u00c0 ce prix-l\u00e0, je pr\u00e9f\u00e8re souffrir un peu plus longtemps.\u00a0\u00bb<\/p>\n\n\n\n<h2 class=\"wp-block-heading\"><span class=\"ez-toc-section\" id=\"Et_vous_comment_gerez-vous_cette_hausse\"><\/span>Et vous, comment g\u00e9rez-vous cette hausse ?<span class=\"ez-toc-section-end\"><\/span><\/h2>\n\n\n\n<p>Votre exp\u00e9rience int\u00e9resse nos lecteurs. Partagez vos astuces et t\u00e9moignages en commentaire. D\u00e9couvrez aussi notre guide complet pour choisir sa mutuelle senior avec les comparatifs actualis\u00e9s chaque mois.<\/p>\n\n\n\n<p>Cet article vous a ouvert les yeux ? <strong>Ne partez pas encore<\/strong> : nos journalistes ont enqu\u00eat\u00e9 sur les 5 pi\u00e8ges \u00e0 \u00e9viter lors de la r\u00e9siliation de votre mutuelle. Ce dossier exclusif pourrait vous faire \u00e9conomiser des centaines d&rsquo;euros<\/p>\n\n\n<div class=\"kk-star-ratings kksr-auto kksr-align-center kksr-valign-bottom\"\n    data-payload='{&quot;align&quot;:&quot;center&quot;,&quot;id&quot;:&quot;652&quot;,&quot;slug&quot;:&quot;default&quot;,&quot;valign&quot;:&quot;bottom&quot;,&quot;ignore&quot;:&quot;&quot;,&quot;reference&quot;:&quot;auto&quot;,&quot;class&quot;:&quot;&quot;,&quot;count&quot;:&quot;1&quot;,&quot;legendonly&quot;:&quot;&quot;,&quot;readonly&quot;:&quot;&quot;,&quot;score&quot;:&quot;5&quot;,&quot;starsonly&quot;:&quot;&quot;,&quot;best&quot;:&quot;5&quot;,&quot;gap&quot;:&quot;5&quot;,&quot;greet&quot;:&quot;&quot;,&quot;legend&quot;:&quot;5\\\/5 - (1 vote)&quot;,&quot;size&quot;:&quot;24&quot;,&quot;title&quot;:&quot;Le prix de la mutuelle senior pourrait-il exploser en 2025 ? \\u0026quot;Je ne sais plus comment m\\u0026#039;en sortir\\u0026quot;&quot;,&quot;width&quot;:&quot;142.5&quot;,&quot;_legend&quot;:&quot;{score}\\\/{best} - ({count} {votes})&quot;,&quot;font_factor&quot;:&quot;1.25&quot;}'>\n            \n<div class=\"kksr-stars\">\n    \n<div class=\"kksr-stars-inactive\">\n            <div class=\"kksr-star\" data-star=\"1\" style=\"padding-right: 5px\">\n            \n\n<div class=\"kksr-icon\" style=\"width: 24px; height: 24px;\"><\/div>\n        <\/div>\n            <div class=\"kksr-star\" data-star=\"2\" style=\"padding-right: 5px\">\n            \n\n<div class=\"kksr-icon\" style=\"width: 24px; height: 24px;\"><\/div>\n        <\/div>\n            <div class=\"kksr-star\" data-star=\"3\" style=\"padding-right: 5px\">\n            \n\n<div class=\"kksr-icon\" style=\"width: 24px; height: 24px;\"><\/div>\n        <\/div>\n            <div class=\"kksr-star\" data-star=\"4\" style=\"padding-right: 5px\">\n            \n\n<div class=\"kksr-icon\" style=\"width: 24px; height: 24px;\"><\/div>\n        <\/div>\n            <div class=\"kksr-star\" data-star=\"5\" style=\"padding-right: 5px\">\n            \n\n<div class=\"kksr-icon\" style=\"width: 24px; height: 24px;\"><\/div>\n        <\/div>\n    <\/div>\n    \n<div class=\"kksr-stars-active\" style=\"width: 142.5px;\">\n            <div class=\"kksr-star\" style=\"padding-right: 5px\">\n            \n\n<div class=\"kksr-icon\" style=\"width: 24px; height: 24px;\"><\/div>\n        <\/div>\n            <div class=\"kksr-star\" style=\"padding-right: 5px\">\n            \n\n<div class=\"kksr-icon\" style=\"width: 24px; height: 24px;\"><\/div>\n        <\/div>\n            <div class=\"kksr-star\" style=\"padding-right: 5px\">\n            \n\n<div class=\"kksr-icon\" style=\"width: 24px; height: 24px;\"><\/div>\n        <\/div>\n            <div class=\"kksr-star\" style=\"padding-right: 5px\">\n            \n\n<div class=\"kksr-icon\" style=\"width: 24px; height: 24px;\"><\/div>\n        <\/div>\n            <div class=\"kksr-star\" style=\"padding-right: 5px\">\n            \n\n<div class=\"kksr-icon\" style=\"width: 24px; height: 24px;\"><\/div>\n        <\/div>\n    <\/div>\n<\/div>\n                \n\n<div class=\"kksr-legend\" style=\"font-size: 19.2px;\">\n            5\/5 - (1 vote)    <\/div>\n    <\/div>\n","protected":false},"excerpt":{"rendered":"<p>Alors que les tarifs des compl\u00e9mentaires sant\u00e9 pour les seniors s&rsquo;envolent depuis trois ans, une nouvelle hausse menace. Les experts pr\u00e9disent des augmentations record qui pourraient plonger des milliers de retrait\u00e9s dans la pr\u00e9carit\u00e9. Un budget sant\u00e9 qui p\u00e8se lourd Martine, 68 ans, ancienne secr\u00e9taire m\u00e9dicale \u00e0 la retraite, voit son contrat de mutuelle passer &#8230; <a title=\"Le prix de la mutuelle senior pourrait-il exploser en 2025 ? \u00ab\u00a0Je ne sais plus comment m&rsquo;en sortir\u00a0\u00bb\" class=\"read-more\" href=\"https:\/\/rachat2credit.fr\/guide\/le-prix-de-la-mutuelle-senior-pourrait-il-exploser-en-2025-je-ne-sais-plus-comment-men-sortir\/\" aria-label=\"En savoir plus sur Le prix de la mutuelle senior pourrait-il exploser en 2025 ? \u00ab\u00a0Je ne sais plus comment m&rsquo;en sortir\u00a0\u00bb\">Lire plus<\/a><\/p>\n","protected":false},"author":1,"featured_media":677,"comment_status":"open","ping_status":"open","sticky":false,"template":"","format":"standard","meta":{"footnotes":""},"categories":[8],"tags":[],"class_list":["post-652","post","type-post","status-publish","format-standard","has-post-thumbnail","hentry","category-a-la-une"],"yoast_head":"<!-- This site is optimized with the Yoast SEO plugin v27.5 - https:\/\/yoast.com\/product\/yoast-seo-wordpress\/ -->\n<title>Le prix de la mutuelle senior pourrait-il exploser en 2025 ? &quot;Je ne sais plus comment m&#039;en sortir&quot; - Rachat de Cr\u00e9dit<\/title>\n<meta name=\"robots\" content=\"index, follow, max-snippet:-1, max-image-preview:large, max-video-preview:-1\" \/>\n<link rel=\"canonical\" href=\"https:\/\/rachat2credit.fr\/guide\/le-prix-de-la-mutuelle-senior-pourrait-il-exploser-en-2025-je-ne-sais-plus-comment-men-sortir\/\" \/>\n<meta property=\"og:locale\" content=\"fr_FR\" \/>\n<meta property=\"og:type\" content=\"article\" \/>\n<meta property=\"og:title\" content=\"Le prix de la mutuelle senior pourrait-il exploser en 2025 ? &quot;Je ne sais plus comment m&#039;en sortir&quot; - Rachat de Cr\u00e9dit\" \/>\n<meta property=\"og:description\" content=\"Alors que les tarifs des compl\u00e9mentaires sant\u00e9 pour les seniors s&rsquo;envolent depuis trois ans, une nouvelle hausse menace. Les experts pr\u00e9disent des augmentations record qui pourraient plonger des milliers de retrait\u00e9s dans la pr\u00e9carit\u00e9. Un budget sant\u00e9 qui p\u00e8se lourd Martine, 68 ans, ancienne secr\u00e9taire m\u00e9dicale \u00e0 la retraite, voit son contrat de mutuelle passer ... Lire plus\" \/>\n<meta property=\"og:url\" content=\"https:\/\/rachat2credit.fr\/guide\/le-prix-de-la-mutuelle-senior-pourrait-il-exploser-en-2025-je-ne-sais-plus-comment-men-sortir\/\" \/>\n<meta property=\"og:site_name\" content=\"Rachat de Cr\u00e9dit\" \/>\n<meta property=\"article:published_time\" content=\"2025-07-29T08:07:29+00:00\" \/>\n<meta property=\"article:modified_time\" content=\"2025-07-29T08:07:42+00:00\" \/>\n<meta property=\"og:image\" content=\"https:\/\/rachat2credit.fr\/guide\/wp-content\/uploads\/2025\/07\/flux-652-1753776460.jpg\" \/>\n\t<meta property=\"og:image:width\" content=\"1344\" \/>\n\t<meta property=\"og:image:height\" content=\"768\" \/>\n\t<meta property=\"og:image:type\" content=\"image\/jpeg\" \/>\n<meta name=\"author\" content=\"Aurelien Boulanger\" \/>\n<meta name=\"twitter:card\" content=\"summary_large_image\" \/>\n<meta name=\"twitter:label1\" content=\"\u00c9crit par\" \/>\n\t<meta name=\"twitter:data1\" content=\"Aurelien Boulanger\" \/>\n\t<meta name=\"twitter:label2\" content=\"Dur\u00e9e de lecture estim\u00e9e\" \/>\n\t<meta name=\"twitter:data2\" content=\"3 minutes\" \/>\n<script type=\"application\/ld+json\" class=\"yoast-schema-graph\">{\"@context\":\"https:\\\/\\\/schema.org\",\"@graph\":[{\"@type\":\"NewsArticle\",\"@id\":\"https:\\\/\\\/rachat2credit.fr\\\/guide\\\/le-prix-de-la-mutuelle-senior-pourrait-il-exploser-en-2025-je-ne-sais-plus-comment-men-sortir\\\/#article\",\"isPartOf\":{\"@id\":\"https:\\\/\\\/rachat2credit.fr\\\/guide\\\/le-prix-de-la-mutuelle-senior-pourrait-il-exploser-en-2025-je-ne-sais-plus-comment-men-sortir\\\/\"},\"author\":{\"name\":\"Aurelien Boulanger\",\"@id\":\"https:\\\/\\\/rachat2credit.fr\\\/guide\\\/#\\\/schema\\\/person\\\/d4142086d07bc6acdc4722eabd955cc2\"},\"headline\":\"Le prix de la mutuelle senior pourrait-il exploser en 2025 ? \u00ab\u00a0Je ne sais plus comment m&rsquo;en sortir\u00a0\u00bb\",\"datePublished\":\"2025-07-29T08:07:29+00:00\",\"dateModified\":\"2025-07-29T08:07:42+00:00\",\"mainEntityOfPage\":{\"@id\":\"https:\\\/\\\/rachat2credit.fr\\\/guide\\\/le-prix-de-la-mutuelle-senior-pourrait-il-exploser-en-2025-je-ne-sais-plus-comment-men-sortir\\\/\"},\"wordCount\":496,\"commentCount\":0,\"publisher\":{\"@id\":\"https:\\\/\\\/rachat2credit.fr\\\/guide\\\/#organization\"},\"image\":{\"@id\":\"https:\\\/\\\/rachat2credit.fr\\\/guide\\\/le-prix-de-la-mutuelle-senior-pourrait-il-exploser-en-2025-je-ne-sais-plus-comment-men-sortir\\\/#primaryimage\"},\"thumbnailUrl\":\"https:\\\/\\\/rachat2credit.fr\\\/guide\\\/wp-content\\\/uploads\\\/2025\\\/07\\\/flux-652-1753776460.jpg\",\"articleSection\":[\"A la une\"],\"inLanguage\":\"fr-FR\",\"potentialAction\":[{\"@type\":\"CommentAction\",\"name\":\"Comment\",\"target\":[\"https:\\\/\\\/rachat2credit.fr\\\/guide\\\/le-prix-de-la-mutuelle-senior-pourrait-il-exploser-en-2025-je-ne-sais-plus-comment-men-sortir\\\/#respond\"]}]},{\"@type\":\"WebPage\",\"@id\":\"https:\\\/\\\/rachat2credit.fr\\\/guide\\\/le-prix-de-la-mutuelle-senior-pourrait-il-exploser-en-2025-je-ne-sais-plus-comment-men-sortir\\\/\",\"url\":\"https:\\\/\\\/rachat2credit.fr\\\/guide\\\/le-prix-de-la-mutuelle-senior-pourrait-il-exploser-en-2025-je-ne-sais-plus-comment-men-sortir\\\/\",\"name\":\"Le prix de la mutuelle senior pourrait-il exploser en 2025 ? \\\"Je ne sais plus comment m'en sortir\\\" - Rachat de Cr\u00e9dit\",\"isPartOf\":{\"@id\":\"https:\\\/\\\/rachat2credit.fr\\\/guide\\\/#website\"},\"primaryImageOfPage\":{\"@id\":\"https:\\\/\\\/rachat2credit.fr\\\/guide\\\/le-prix-de-la-mutuelle-senior-pourrait-il-exploser-en-2025-je-ne-sais-plus-comment-men-sortir\\\/#primaryimage\"},\"image\":{\"@id\":\"https:\\\/\\\/rachat2credit.fr\\\/guide\\\/le-prix-de-la-mutuelle-senior-pourrait-il-exploser-en-2025-je-ne-sais-plus-comment-men-sortir\\\/#primaryimage\"},\"thumbnailUrl\":\"https:\\\/\\\/rachat2credit.fr\\\/guide\\\/wp-content\\\/uploads\\\/2025\\\/07\\\/flux-652-1753776460.jpg\",\"datePublished\":\"2025-07-29T08:07:29+00:00\",\"dateModified\":\"2025-07-29T08:07:42+00:00\",\"breadcrumb\":{\"@id\":\"https:\\\/\\\/rachat2credit.fr\\\/guide\\\/le-prix-de-la-mutuelle-senior-pourrait-il-exploser-en-2025-je-ne-sais-plus-comment-men-sortir\\\/#breadcrumb\"},\"inLanguage\":\"fr-FR\",\"potentialAction\":[{\"@type\":\"ReadAction\",\"target\":[\"https:\\\/\\\/rachat2credit.fr\\\/guide\\\/le-prix-de-la-mutuelle-senior-pourrait-il-exploser-en-2025-je-ne-sais-plus-comment-men-sortir\\\/\"]}]},{\"@type\":\"ImageObject\",\"inLanguage\":\"fr-FR\",\"@id\":\"https:\\\/\\\/rachat2credit.fr\\\/guide\\\/le-prix-de-la-mutuelle-senior-pourrait-il-exploser-en-2025-je-ne-sais-plus-comment-men-sortir\\\/#primaryimage\",\"url\":\"https:\\\/\\\/rachat2credit.fr\\\/guide\\\/wp-content\\\/uploads\\\/2025\\\/07\\\/flux-652-1753776460.jpg\",\"contentUrl\":\"https:\\\/\\\/rachat2credit.fr\\\/guide\\\/wp-content\\\/uploads\\\/2025\\\/07\\\/flux-652-1753776460.jpg\",\"width\":1344,\"height\":768},{\"@type\":\"BreadcrumbList\",\"@id\":\"https:\\\/\\\/rachat2credit.fr\\\/guide\\\/le-prix-de-la-mutuelle-senior-pourrait-il-exploser-en-2025-je-ne-sais-plus-comment-men-sortir\\\/#breadcrumb\",\"itemListElement\":[{\"@type\":\"ListItem\",\"position\":1,\"name\":\"Accueil\",\"item\":\"https:\\\/\\\/rachat2credit.fr\\\/guide\\\/\"},{\"@type\":\"ListItem\",\"position\":2,\"name\":\"Le prix de la mutuelle senior pourrait-il exploser en 2025 ? \u00ab\u00a0Je ne sais plus comment m&rsquo;en sortir\u00a0\u00bb\"}]},{\"@type\":\"WebSite\",\"@id\":\"https:\\\/\\\/rachat2credit.fr\\\/guide\\\/#website\",\"url\":\"https:\\\/\\\/rachat2credit.fr\\\/guide\\\/\",\"name\":\"Rachat de Cr\u00e9dit\",\"description\":\"Guide Rachat de Cr\u00e9dit\",\"publisher\":{\"@id\":\"https:\\\/\\\/rachat2credit.fr\\\/guide\\\/#organization\"},\"potentialAction\":[{\"@type\":\"SearchAction\",\"target\":{\"@type\":\"EntryPoint\",\"urlTemplate\":\"https:\\\/\\\/rachat2credit.fr\\\/guide\\\/?s={search_term_string}\"},\"query-input\":{\"@type\":\"PropertyValueSpecification\",\"valueRequired\":true,\"valueName\":\"search_term_string\"}}],\"inLanguage\":\"fr-FR\"},{\"@type\":\"Organization\",\"@id\":\"https:\\\/\\\/rachat2credit.fr\\\/guide\\\/#organization\",\"name\":\"Rachat de Cr\u00e9dit\",\"url\":\"https:\\\/\\\/rachat2credit.fr\\\/guide\\\/\",\"logo\":{\"@type\":\"ImageObject\",\"inLanguage\":\"fr-FR\",\"@id\":\"https:\\\/\\\/rachat2credit.fr\\\/guide\\\/#\\\/schema\\\/logo\\\/image\\\/\",\"url\":\"https:\\\/\\\/rachat2credit.fr\\\/guide\\\/wp-content\\\/uploads\\\/2025\\\/05\\\/rachat2credit.png\",\"contentUrl\":\"https:\\\/\\\/rachat2credit.fr\\\/guide\\\/wp-content\\\/uploads\\\/2025\\\/05\\\/rachat2credit.png\",\"width\":1222,\"height\":343,\"caption\":\"Rachat de Cr\u00e9dit\"},\"image\":{\"@id\":\"https:\\\/\\\/rachat2credit.fr\\\/guide\\\/#\\\/schema\\\/logo\\\/image\\\/\"}},{\"@type\":\"Person\",\"@id\":\"https:\\\/\\\/rachat2credit.fr\\\/guide\\\/#\\\/schema\\\/person\\\/d4142086d07bc6acdc4722eabd955cc2\",\"name\":\"Aurelien Boulanger\",\"image\":{\"@type\":\"ImageObject\",\"inLanguage\":\"fr-FR\",\"@id\":\"https:\\\/\\\/secure.gravatar.com\\\/avatar\\\/32175434c9ca2b27bfeb905d1c3ec782a789caf494bc0ec8fa6ed0ee39c2e62a?s=96&d=mm&r=g\",\"url\":\"https:\\\/\\\/secure.gravatar.com\\\/avatar\\\/32175434c9ca2b27bfeb905d1c3ec782a789caf494bc0ec8fa6ed0ee39c2e62a?s=96&d=mm&r=g\",\"contentUrl\":\"https:\\\/\\\/secure.gravatar.com\\\/avatar\\\/32175434c9ca2b27bfeb905d1c3ec782a789caf494bc0ec8fa6ed0ee39c2e62a?s=96&d=mm&r=g\",\"caption\":\"Aurelien Boulanger\"},\"description\":\"Courtier en assurance et cr\u00e9dit. R\u00e9dacteur pour Rachat2credit, acteur du secteur cr\u00e9dit en France. Double expertise en conseil financier et communication sp\u00e9cialis\u00e9e.\",\"sameAs\":[\"https:\\\/\\\/rachat2credit.fr\\\/guide\"],\"url\":\"https:\\\/\\\/rachat2credit.fr\\\/guide\\\/author\\\/aurelien\\\/\"}]}<\/script>\n<!-- \/ Yoast SEO plugin. -->","yoast_head_json":{"title":"Le prix de la mutuelle senior pourrait-il exploser en 2025 ? \"Je ne sais plus comment m'en sortir\" - Rachat de Cr\u00e9dit","robots":{"index":"index","follow":"follow","max-snippet":"max-snippet:-1","max-image-preview":"max-image-preview:large","max-video-preview":"max-video-preview:-1"},"canonical":"https:\/\/rachat2credit.fr\/guide\/le-prix-de-la-mutuelle-senior-pourrait-il-exploser-en-2025-je-ne-sais-plus-comment-men-sortir\/","og_locale":"fr_FR","og_type":"article","og_title":"Le prix de la mutuelle senior pourrait-il exploser en 2025 ? \"Je ne sais plus comment m'en sortir\" - Rachat de Cr\u00e9dit","og_description":"Alors que les tarifs des compl\u00e9mentaires sant\u00e9 pour les seniors s&rsquo;envolent depuis trois ans, une nouvelle hausse menace. Les experts pr\u00e9disent des augmentations record qui pourraient plonger des milliers de retrait\u00e9s dans la pr\u00e9carit\u00e9. Un budget sant\u00e9 qui p\u00e8se lourd Martine, 68 ans, ancienne secr\u00e9taire m\u00e9dicale \u00e0 la retraite, voit son contrat de mutuelle passer ... Lire plus","og_url":"https:\/\/rachat2credit.fr\/guide\/le-prix-de-la-mutuelle-senior-pourrait-il-exploser-en-2025-je-ne-sais-plus-comment-men-sortir\/","og_site_name":"Rachat de Cr\u00e9dit","article_published_time":"2025-07-29T08:07:29+00:00","article_modified_time":"2025-07-29T08:07:42+00:00","og_image":[{"width":1344,"height":768,"url":"https:\/\/rachat2credit.fr\/guide\/wp-content\/uploads\/2025\/07\/flux-652-1753776460.jpg","type":"image\/jpeg"}],"author":"Aurelien Boulanger","twitter_card":"summary_large_image","twitter_misc":{"\u00c9crit par":"Aurelien Boulanger","Dur\u00e9e de lecture estim\u00e9e":"3 minutes"},"schema":{"@context":"https:\/\/schema.org","@graph":[{"@type":"NewsArticle","@id":"https:\/\/rachat2credit.fr\/guide\/le-prix-de-la-mutuelle-senior-pourrait-il-exploser-en-2025-je-ne-sais-plus-comment-men-sortir\/#article","isPartOf":{"@id":"https:\/\/rachat2credit.fr\/guide\/le-prix-de-la-mutuelle-senior-pourrait-il-exploser-en-2025-je-ne-sais-plus-comment-men-sortir\/"},"author":{"name":"Aurelien Boulanger","@id":"https:\/\/rachat2credit.fr\/guide\/#\/schema\/person\/d4142086d07bc6acdc4722eabd955cc2"},"headline":"Le prix de la mutuelle senior pourrait-il exploser en 2025 ? \u00ab\u00a0Je ne sais plus comment m&rsquo;en sortir\u00a0\u00bb","datePublished":"2025-07-29T08:07:29+00:00","dateModified":"2025-07-29T08:07:42+00:00","mainEntityOfPage":{"@id":"https:\/\/rachat2credit.fr\/guide\/le-prix-de-la-mutuelle-senior-pourrait-il-exploser-en-2025-je-ne-sais-plus-comment-men-sortir\/"},"wordCount":496,"commentCount":0,"publisher":{"@id":"https:\/\/rachat2credit.fr\/guide\/#organization"},"image":{"@id":"https:\/\/rachat2credit.fr\/guide\/le-prix-de-la-mutuelle-senior-pourrait-il-exploser-en-2025-je-ne-sais-plus-comment-men-sortir\/#primaryimage"},"thumbnailUrl":"https:\/\/rachat2credit.fr\/guide\/wp-content\/uploads\/2025\/07\/flux-652-1753776460.jpg","articleSection":["A la une"],"inLanguage":"fr-FR","potentialAction":[{"@type":"CommentAction","name":"Comment","target":["https:\/\/rachat2credit.fr\/guide\/le-prix-de-la-mutuelle-senior-pourrait-il-exploser-en-2025-je-ne-sais-plus-comment-men-sortir\/#respond"]}]},{"@type":"WebPage","@id":"https:\/\/rachat2credit.fr\/guide\/le-prix-de-la-mutuelle-senior-pourrait-il-exploser-en-2025-je-ne-sais-plus-comment-men-sortir\/","url":"https:\/\/rachat2credit.fr\/guide\/le-prix-de-la-mutuelle-senior-pourrait-il-exploser-en-2025-je-ne-sais-plus-comment-men-sortir\/","name":"Le prix de la mutuelle senior pourrait-il exploser en 2025 ? \"Je ne sais plus comment m'en sortir\" - Rachat de Cr\u00e9dit","isPartOf":{"@id":"https:\/\/rachat2credit.fr\/guide\/#website"},"primaryImageOfPage":{"@id":"https:\/\/rachat2credit.fr\/guide\/le-prix-de-la-mutuelle-senior-pourrait-il-exploser-en-2025-je-ne-sais-plus-comment-men-sortir\/#primaryimage"},"image":{"@id":"https:\/\/rachat2credit.fr\/guide\/le-prix-de-la-mutuelle-senior-pourrait-il-exploser-en-2025-je-ne-sais-plus-comment-men-sortir\/#primaryimage"},"thumbnailUrl":"https:\/\/rachat2credit.fr\/guide\/wp-content\/uploads\/2025\/07\/flux-652-1753776460.jpg","datePublished":"2025-07-29T08:07:29+00:00","dateModified":"2025-07-29T08:07:42+00:00","breadcrumb":{"@id":"https:\/\/rachat2credit.fr\/guide\/le-prix-de-la-mutuelle-senior-pourrait-il-exploser-en-2025-je-ne-sais-plus-comment-men-sortir\/#breadcrumb"},"inLanguage":"fr-FR","potentialAction":[{"@type":"ReadAction","target":["https:\/\/rachat2credit.fr\/guide\/le-prix-de-la-mutuelle-senior-pourrait-il-exploser-en-2025-je-ne-sais-plus-comment-men-sortir\/"]}]},{"@type":"ImageObject","inLanguage":"fr-FR","@id":"https:\/\/rachat2credit.fr\/guide\/le-prix-de-la-mutuelle-senior-pourrait-il-exploser-en-2025-je-ne-sais-plus-comment-men-sortir\/#primaryimage","url":"https:\/\/rachat2credit.fr\/guide\/wp-content\/uploads\/2025\/07\/flux-652-1753776460.jpg","contentUrl":"https:\/\/rachat2credit.fr\/guide\/wp-content\/uploads\/2025\/07\/flux-652-1753776460.jpg","width":1344,"height":768},{"@type":"BreadcrumbList","@id":"https:\/\/rachat2credit.fr\/guide\/le-prix-de-la-mutuelle-senior-pourrait-il-exploser-en-2025-je-ne-sais-plus-comment-men-sortir\/#breadcrumb","itemListElement":[{"@type":"ListItem","position":1,"name":"Accueil","item":"https:\/\/rachat2credit.fr\/guide\/"},{"@type":"ListItem","position":2,"name":"Le prix de la mutuelle senior pourrait-il exploser en 2025 ? \u00ab\u00a0Je ne sais plus comment m&rsquo;en sortir\u00a0\u00bb"}]},{"@type":"WebSite","@id":"https:\/\/rachat2credit.fr\/guide\/#website","url":"https:\/\/rachat2credit.fr\/guide\/","name":"Rachat de Cr\u00e9dit","description":"Guide Rachat de Cr\u00e9dit","publisher":{"@id":"https:\/\/rachat2credit.fr\/guide\/#organization"},"potentialAction":[{"@type":"SearchAction","target":{"@type":"EntryPoint","urlTemplate":"https:\/\/rachat2credit.fr\/guide\/?s={search_term_string}"},"query-input":{"@type":"PropertyValueSpecification","valueRequired":true,"valueName":"search_term_string"}}],"inLanguage":"fr-FR"},{"@type":"Organization","@id":"https:\/\/rachat2credit.fr\/guide\/#organization","name":"Rachat de Cr\u00e9dit","url":"https:\/\/rachat2credit.fr\/guide\/","logo":{"@type":"ImageObject","inLanguage":"fr-FR","@id":"https:\/\/rachat2credit.fr\/guide\/#\/schema\/logo\/image\/","url":"https:\/\/rachat2credit.fr\/guide\/wp-content\/uploads\/2025\/05\/rachat2credit.png","contentUrl":"https:\/\/rachat2credit.fr\/guide\/wp-content\/uploads\/2025\/05\/rachat2credit.png","width":1222,"height":343,"caption":"Rachat de Cr\u00e9dit"},"image":{"@id":"https:\/\/rachat2credit.fr\/guide\/#\/schema\/logo\/image\/"}},{"@type":"Person","@id":"https:\/\/rachat2credit.fr\/guide\/#\/schema\/person\/d4142086d07bc6acdc4722eabd955cc2","name":"Aurelien Boulanger","image":{"@type":"ImageObject","inLanguage":"fr-FR","@id":"https:\/\/secure.gravatar.com\/avatar\/32175434c9ca2b27bfeb905d1c3ec782a789caf494bc0ec8fa6ed0ee39c2e62a?s=96&d=mm&r=g","url":"https:\/\/secure.gravatar.com\/avatar\/32175434c9ca2b27bfeb905d1c3ec782a789caf494bc0ec8fa6ed0ee39c2e62a?s=96&d=mm&r=g","contentUrl":"https:\/\/secure.gravatar.com\/avatar\/32175434c9ca2b27bfeb905d1c3ec782a789caf494bc0ec8fa6ed0ee39c2e62a?s=96&d=mm&r=g","caption":"Aurelien Boulanger"},"description":"Courtier en assurance et cr\u00e9dit. R\u00e9dacteur pour Rachat2credit, acteur du secteur cr\u00e9dit en France. Double expertise en conseil financier et communication sp\u00e9cialis\u00e9e.","sameAs":["https:\/\/rachat2credit.fr\/guide"],"url":"https:\/\/rachat2credit.fr\/guide\/author\/aurelien\/"}]}},"_links":{"self":[{"href":"https:\/\/rachat2credit.fr\/guide\/wp-json\/wp\/v2\/posts\/652","targetHints":{"allow":["GET"]}}],"collection":[{"href":"https:\/\/rachat2credit.fr\/guide\/wp-json\/wp\/v2\/posts"}],"about":[{"href":"https:\/\/rachat2credit.fr\/guide\/wp-json\/wp\/v2\/types\/post"}],"author":[{"embeddable":true,"href":"https:\/\/rachat2credit.fr\/guide\/wp-json\/wp\/v2\/users\/1"}],"replies":[{"embeddable":true,"href":"https:\/\/rachat2credit.fr\/guide\/wp-json\/wp\/v2\/comments?post=652"}],"version-history":[{"count":1,"href":"https:\/\/rachat2credit.fr\/guide\/wp-json\/wp\/v2\/posts\/652\/revisions"}],"predecessor-version":[{"id":678,"href":"https:\/\/rachat2credit.fr\/guide\/wp-json\/wp\/v2\/posts\/652\/revisions\/678"}],"wp:featuredmedia":[{"embeddable":true,"href":"https:\/\/rachat2credit.fr\/guide\/wp-json\/wp\/v2\/media\/677"}],"wp:attachment":[{"href":"https:\/\/rachat2credit.fr\/guide\/wp-json\/wp\/v2\/media?parent=652"}],"wp:term":[{"taxonomy":"category","embeddable":true,"href":"https:\/\/rachat2credit.fr\/guide\/wp-json\/wp\/v2\/categories?post=652"},{"taxonomy":"post_tag","embeddable":true,"href":"https:\/\/rachat2credit.fr\/guide\/wp-json\/wp\/v2\/tags?post=652"}],"curies":[{"name":"wp","href":"https:\/\/api.w.org\/{rel}","templated":true}]}}