{"id":654,"date":"2025-08-03T09:23:00","date_gmt":"2025-08-03T07:23:00","guid":{"rendered":"https:\/\/rachat2credit.fr\/guide\/?p=654"},"modified":"2025-07-26T21:45:48","modified_gmt":"2025-07-26T19:45:48","slug":"je-pensais-etre-bien-couvert-5-erreurs-a-eviter-avec-sa-mutuelle-a-la-retraite-sous-peine-de-lourdes-consequences","status":"publish","type":"post","link":"https:\/\/rachat2credit.fr\/guide\/je-pensais-etre-bien-couvert-5-erreurs-a-eviter-avec-sa-mutuelle-a-la-retraite-sous-peine-de-lourdes-consequences\/","title":{"rendered":"\u00ab\u00a0Je pensais \u00eatre bien couvert\u00a0\u00bb : 5 erreurs \u00e0 \u00e9viter avec sa mutuelle \u00e0 la retraite sous peine de lourdes cons\u00e9quences"},"content":{"rendered":"\n<p>Alors que les d\u00e9penses de sant\u00e9 augmentent avec l&rsquo;\u00e2ge, une mauvaise gestion de sa mutuelle retraite pourrait entra\u00eener des surprises d\u00e9sagr\u00e9ables. Voici les pi\u00e8ges \u00e0 d\u00e9jouer pour ne pas mettre en p\u00e9ril son budget sant\u00e9.<\/p>\n\n\n\n<div id=\"ez-toc-container\" class=\"ez-toc-v2_0_82_2 counter-hierarchy ez-toc-counter ez-toc-grey ez-toc-container-direction\">\n<p class=\"ez-toc-title\" style=\"cursor:inherit\">Sommaire<\/p>\n<label for=\"ez-toc-cssicon-toggle-item-69f106920ac66\" class=\"ez-toc-cssicon-toggle-label\"><span class=\"ez-toc-cssicon\"><span class=\"eztoc-hide\" style=\"display:none;\">Toggle<\/span><span class=\"ez-toc-icon-toggle-span\"><svg style=\"fill: #999;color:#999\" xmlns=\"http:\/\/www.w3.org\/2000\/svg\" class=\"list-377408\" width=\"20px\" height=\"20px\" viewBox=\"0 0 24 24\" fill=\"none\"><path d=\"M6 6H4v2h2V6zm14 0H8v2h12V6zM4 11h2v2H4v-2zm16 0H8v2h12v-2zM4 16h2v2H4v-2zm16 0H8v2h12v-2z\" fill=\"currentColor\"><\/path><\/svg><svg style=\"fill: #999;color:#999\" class=\"arrow-unsorted-368013\" xmlns=\"http:\/\/www.w3.org\/2000\/svg\" width=\"10px\" height=\"10px\" viewBox=\"0 0 24 24\" version=\"1.2\" baseProfile=\"tiny\"><path d=\"M18.2 9.3l-6.2-6.3-6.2 6.3c-.2.2-.3.4-.3.7s.1.5.3.7c.2.2.4.3.7.3h11c.3 0 .5-.1.7-.3.2-.2.3-.5.3-.7s-.1-.5-.3-.7zM5.8 14.7l6.2 6.3 6.2-6.3c.2-.2.3-.5.3-.7s-.1-.5-.3-.7c-.2-.2-.4-.3-.7-.3h-11c-.3 0-.5.1-.7.3-.2.2-.3.5-.3.7s.1.5.3.7z\"\/><\/svg><\/span><\/span><\/label><input type=\"checkbox\"  id=\"ez-toc-cssicon-toggle-item-69f106920ac66\" checked aria-label=\"Toggle\" \/><nav><ul class='ez-toc-list ez-toc-list-level-1 ' ><li class='ez-toc-page-1 ez-toc-heading-level-2'><a class=\"ez-toc-link ez-toc-heading-1\" href=\"https:\/\/rachat2credit.fr\/guide\/je-pensais-etre-bien-couvert-5-erreurs-a-eviter-avec-sa-mutuelle-a-la-retraite-sous-peine-de-lourdes-consequences\/#1_Rester_fidele_a_sa_mutuelle_employeur_sans_comparer\" >1. Rester fid\u00e8le \u00e0 sa mutuelle employeur sans comparer<\/a><\/li><li class='ez-toc-page-1 ez-toc-heading-level-2'><a class=\"ez-toc-link ez-toc-heading-2\" href=\"https:\/\/rachat2credit.fr\/guide\/je-pensais-etre-bien-couvert-5-erreurs-a-eviter-avec-sa-mutuelle-a-la-retraite-sous-peine-de-lourdes-consequences\/#2_Negliger_levolution_de_ses_besoins_sante\" >2. N\u00e9gliger l&rsquo;\u00e9volution de ses besoins sant\u00e9<\/a><\/li><li class='ez-toc-page-1 ez-toc-heading-level-2'><a class=\"ez-toc-link ez-toc-heading-3\" href=\"https:\/\/rachat2credit.fr\/guide\/je-pensais-etre-bien-couvert-5-erreurs-a-eviter-avec-sa-mutuelle-a-la-retraite-sous-peine-de-lourdes-consequences\/#3_Oublier_de_declarer_son_changement_de_situation\" >3. Oublier de d\u00e9clarer son changement de situation<\/a><\/li><li class='ez-toc-page-1 ez-toc-heading-level-2'><a class=\"ez-toc-link ez-toc-heading-4\" href=\"https:\/\/rachat2credit.fr\/guide\/je-pensais-etre-bien-couvert-5-erreurs-a-eviter-avec-sa-mutuelle-a-la-retraite-sous-peine-de-lourdes-consequences\/#4_Sous-estimer_limpact_des_delais_de_carence\" >4. Sous-estimer l&rsquo;impact des d\u00e9lais de carence<\/a><\/li><li class='ez-toc-page-1 ez-toc-heading-level-2'><a class=\"ez-toc-link ez-toc-heading-5\" href=\"https:\/\/rachat2credit.fr\/guide\/je-pensais-etre-bien-couvert-5-erreurs-a-eviter-avec-sa-mutuelle-a-la-retraite-sous-peine-de-lourdes-consequences\/#5_Faire_limpasse_sur_les_garanties_dependance\" >5. Faire l&rsquo;impasse sur les garanties d\u00e9pendance<\/a><ul class='ez-toc-list-level-3' ><li class='ez-toc-heading-level-3'><a class=\"ez-toc-link ez-toc-heading-6\" href=\"https:\/\/rachat2credit.fr\/guide\/je-pensais-etre-bien-couvert-5-erreurs-a-eviter-avec-sa-mutuelle-a-la-retraite-sous-peine-de-lourdes-consequences\/#Comment_bien_choisir_sa_mutuelle_retraite\" >Comment bien choisir sa mutuelle retraite ?<\/a><\/li><\/ul><\/li><\/ul><\/nav><\/div>\n<h2 class=\"wp-block-heading\"><span class=\"ez-toc-section\" id=\"1_Rester_fidele_a_sa_mutuelle_employeur_sans_comparer\"><\/span>1. Rester fid\u00e8le \u00e0 sa mutuelle employeur sans comparer<span class=\"ez-toc-section-end\"><\/span><\/h2>\n\n\n\n<p>Jean-Luc, 63 ans, a d\u00e9couvert \u00e0 ses d\u00e9pens les limites de cette strat\u00e9gie : \u00ab\u00a0Apr\u00e8s mon d\u00e9part en retraite, j&rsquo;ai gard\u00e9 ma mutuelle d&rsquo;entreprise par habitude. Deux ans plus tard, j&rsquo;ai r\u00e9alis\u00e9 que je payais 40% plus cher pour des garanties moins adapt\u00e9es \u00e0 mon nouveau rythme de vie.\u00a0\u00bb<\/p>\n\n\n\n<p>Les experts sugg\u00e9reraient que <strong>70% des retrait\u00e9s<\/strong> ne prendraient pas le temps de comparer les offres disponibles lors de leur d\u00e9part \u00e0 la retraite. Pourtant, selon <a href=\"https:\/\/www.service-public.fr\/particuliers\/vosdroits\/F31202\" target=\"_blank\" rel=\"noopener noreferrer\">le service public<\/a>, cette p\u00e9riode constituerait un moment cl\u00e9 pour r\u00e9\u00e9valuer ses besoins.<\/p>\n\n\n\n<h2 class=\"wp-block-heading\"><span class=\"ez-toc-section\" id=\"2_Negliger_levolution_de_ses_besoins_sante\"><\/span>2. N\u00e9gliger l&rsquo;\u00e9volution de ses besoins sant\u00e9<span class=\"ez-toc-section-end\"><\/span><\/h2>\n\n\n\n<p>Martine, 68 ans, t\u00e9moigne : \u00ab\u00a0J&rsquo;avais souscrit une mutuelle &lsquo;basique&rsquo; \u00e0 50 ans. Quand j&rsquo;ai eu besoin de proth\u00e8ses auditives, j&rsquo;ai d\u00e9couvert que le remboursement \u00e9tait d\u00e9risoire.\u00a0\u00bb<\/p>\n\n\n\n<p>Les sp\u00e9cialistes indiqueraient que les besoins en sant\u00e9 \u00e9volueraient consid\u00e9rablement apr\u00e8s 60 ans. Les postes suivants m\u00e9riteraient une attention particuli\u00e8re :<\/p>\n\n\n\n<ul class=\"wp-block-list\">\n<li>Optique (cataracte, presbytie)<\/li>\n\n\n\n<li>Dentaire (proth\u00e8ses, implants)<\/li>\n\n\n\n<li>Audition<\/li>\n\n\n\n<li>Hospitalisation<\/li>\n<\/ul>\n\n\n\n<h2 class=\"wp-block-heading\"><span class=\"ez-toc-section\" id=\"3_Oublier_de_declarer_son_changement_de_situation\"><\/span>3. Oublier de d\u00e9clarer son changement de situation<span class=\"ez-toc-section-end\"><\/span><\/h2>\n\n\n\n<p>Un r\u00e9cent rapport de la DGCCRF r\u00e9v\u00e9lerait que <strong>1 retrait\u00e9 sur 3<\/strong> ne mettrait pas \u00e0 jour les informations concernant ses revenus aupr\u00e8s de sa mutuelle. Or, certaines compl\u00e9mentaires sant\u00e9 proposeraient des tarifs adapt\u00e9s aux pensions modestes.<\/p>\n\n\n\n<p>\u00ab\u00a0Apr\u00e8s mon veuvage, j&rsquo;ai mis deux ans \u00e0 r\u00e9aliser que je pouvais b\u00e9n\u00e9ficier d&rsquo;un tarif pr\u00e9f\u00e9rentiel\u00a0\u00bb, confie \u00c9lisabeth, 71 ans.<\/p>\n\n\n\n<h2 class=\"wp-block-heading\"><span class=\"ez-toc-section\" id=\"4_Sous-estimer_limpact_des_delais_de_carence\"><\/span>4. Sous-estimer l&rsquo;impact des d\u00e9lais de carence<span class=\"ez-toc-section-end\"><\/span><\/h2>\n\n\n\n<p>Pierre, 65 ans, raconte son exp\u00e9rience douloureuse : \u00ab\u00a0J&rsquo;ai chang\u00e9 de mutuelle pour faire des \u00e9conomies. Quand j&rsquo;ai eu besoin d&rsquo;une op\u00e9ration de la hanche trois mois plus tard, j&rsquo;ai d\u00fb payer 5 000\u20ac de ma poche \u00e0 cause des d\u00e9lais de carence.\u00a0\u00bb<\/p>\n\n\n\n<p>Les contrats pour seniors comporteraient fr\u00e9quemment des p\u00e9riodes d&rsquo;attente pour les garanties lourdes. Ces d\u00e9lais pourraient aller jusqu&rsquo;\u00e0 :<\/p>\n\n\n\n<ul class=\"wp-block-list\">\n<li>6 mois pour l&rsquo;hospitalisation<\/li>\n\n\n\n<li>1 an pour les proth\u00e8ses dentaires<\/li>\n\n\n\n<li>2 ans pour les appareils auditifs<\/li>\n<\/ul>\n\n\n\n<h2 class=\"wp-block-heading\"><span class=\"ez-toc-section\" id=\"5_Faire_limpasse_sur_les_garanties_dependance\"><\/span>5. Faire l&rsquo;impasse sur les garanties d\u00e9pendance<span class=\"ez-toc-section-end\"><\/span><\/h2>\n\n\n\n<p>Alors que 15% des plus de 60 ans seraient concern\u00e9s par la perte d&rsquo;autonomie, seulement 5% des contrats seniors incluraient cette garantie optionnelle. \u00ab\u00a0Nous avons d\u00fb vendre la maison de ma m\u00e8re pour finoir son EHPAD\u00a0\u00bb, regrette Thomas, 55 ans.<\/p>\n\n\n\n<p>Les solutions alternatives comme les contrats sp\u00e9cifiques ou les pr\u00e9voyances collectives m\u00e9riteraient d&rsquo;\u00eatre \u00e9tudi\u00e9es bien avant la retraite.<\/p>\n\n\n\n<h3 class=\"wp-block-heading\"><span class=\"ez-toc-section\" id=\"Comment_bien_choisir_sa_mutuelle_retraite\"><\/span>Comment bien choisir sa mutuelle retraite ?<span class=\"ez-toc-section-end\"><\/span><\/h3>\n\n\n\n<p>Face \u00e0 ces \u00e9cueils, quelques bonnes pratiques pourraient faire la diff\u00e9rence :<\/p>\n\n\n\n<ol class=\"wp-block-list\">\n<li>Comparer au moins 3 offres diff\u00e9rentes<\/li>\n\n\n\n<li>Privil\u00e9gier les contrats labellis\u00e9s \u00ab\u00a0Senior\u00a0\u00bb ou \u00ab\u00a0Retraite\u00a0\u00bb<\/li>\n\n\n\n<li>V\u00e9rifier les plafonds de remboursement sur les postes cl\u00e9s<\/li>\n\n\n\n<li>N\u00e9gocier la suppression des d\u00e9lais de carence<\/li>\n\n\n\n<li>Envisager des options comme l&rsquo;assistance ou la pr\u00e9vention<\/li>\n<\/ol>\n\n\n\n<p>Comme le rappelle la <a href=\"https:\/\/www.economie.gouv.fr\/particuliers\/complementaire-sante\" target=\"_blank\" rel=\"noopener noreferrer\">DGCCRF<\/a>, \u00ab\u00a0le choix d&rsquo;une compl\u00e9mentaire sant\u00e9 doit faire l&rsquo;objet d&rsquo;une attention particuli\u00e8re \u00e0 l&rsquo;approche de la retraite\u00a0\u00bb. Une vigilance qui pourrait permettre d&rsquo;\u00e9conomiser plusieurs milliers d&rsquo;euros sur une retraite.<\/p>\n\n\n\n<p>Et vous, avez-vous d\u00e9j\u00e0 \u00e9t\u00e9 confront\u00e9 \u00e0 des surprises avec votre mutuelle retraite ? Partagez votre exp\u00e9rience en commentaire et d\u00e9couvrez notre comparatif des meilleures offres du moment.<\/p>\n\n\n\n<p><br><br>\u00ab\u00a0`<\/p>\n\n\n<div class=\"kk-star-ratings kksr-auto kksr-align-center kksr-valign-bottom\"\n    data-payload='{&quot;align&quot;:&quot;center&quot;,&quot;id&quot;:&quot;654&quot;,&quot;slug&quot;:&quot;default&quot;,&quot;valign&quot;:&quot;bottom&quot;,&quot;ignore&quot;:&quot;&quot;,&quot;reference&quot;:&quot;auto&quot;,&quot;class&quot;:&quot;&quot;,&quot;count&quot;:&quot;0&quot;,&quot;legendonly&quot;:&quot;&quot;,&quot;readonly&quot;:&quot;&quot;,&quot;score&quot;:&quot;0&quot;,&quot;starsonly&quot;:&quot;&quot;,&quot;best&quot;:&quot;5&quot;,&quot;gap&quot;:&quot;5&quot;,&quot;greet&quot;:&quot;&quot;,&quot;legend&quot;:&quot;0\\\/5 - (0 vote)&quot;,&quot;size&quot;:&quot;24&quot;,&quot;title&quot;:&quot;\\u0026quot;Je pensais \u00eatre bien couvert\\u0026quot; : 5 erreurs \u00e0 \u00e9viter avec sa mutuelle \u00e0 la retraite sous peine de lourdes cons\u00e9quences&quot;,&quot;width&quot;:&quot;0&quot;,&quot;_legend&quot;:&quot;{score}\\\/{best} - ({count} {votes})&quot;,&quot;font_factor&quot;:&quot;1.25&quot;}'>\n            \n<div class=\"kksr-stars\">\n    \n<div class=\"kksr-stars-inactive\">\n            <div class=\"kksr-star\" data-star=\"1\" style=\"padding-right: 5px\">\n            \n\n<div class=\"kksr-icon\" style=\"width: 24px; height: 24px;\"><\/div>\n        <\/div>\n            <div class=\"kksr-star\" data-star=\"2\" style=\"padding-right: 5px\">\n            \n\n<div class=\"kksr-icon\" style=\"width: 24px; height: 24px;\"><\/div>\n        <\/div>\n            <div class=\"kksr-star\" data-star=\"3\" style=\"padding-right: 5px\">\n            \n\n<div class=\"kksr-icon\" style=\"width: 24px; height: 24px;\"><\/div>\n        <\/div>\n            <div class=\"kksr-star\" data-star=\"4\" style=\"padding-right: 5px\">\n            \n\n<div class=\"kksr-icon\" style=\"width: 24px; height: 24px;\"><\/div>\n        <\/div>\n            <div class=\"kksr-star\" data-star=\"5\" style=\"padding-right: 5px\">\n            \n\n<div class=\"kksr-icon\" style=\"width: 24px; height: 24px;\"><\/div>\n        <\/div>\n    <\/div>\n    \n<div class=\"kksr-stars-active\" style=\"width: 0px;\">\n            <div class=\"kksr-star\" style=\"padding-right: 5px\">\n            \n\n<div class=\"kksr-icon\" style=\"width: 24px; height: 24px;\"><\/div>\n        <\/div>\n            <div class=\"kksr-star\" style=\"padding-right: 5px\">\n            \n\n<div class=\"kksr-icon\" style=\"width: 24px; height: 24px;\"><\/div>\n        <\/div>\n            <div class=\"kksr-star\" style=\"padding-right: 5px\">\n            \n\n<div class=\"kksr-icon\" style=\"width: 24px; height: 24px;\"><\/div>\n        <\/div>\n            <div class=\"kksr-star\" style=\"padding-right: 5px\">\n            \n\n<div class=\"kksr-icon\" style=\"width: 24px; height: 24px;\"><\/div>\n        <\/div>\n            <div class=\"kksr-star\" style=\"padding-right: 5px\">\n            \n\n<div class=\"kksr-icon\" style=\"width: 24px; height: 24px;\"><\/div>\n        <\/div>\n    <\/div>\n<\/div>\n                \n\n<div class=\"kksr-legend\" style=\"font-size: 19.2px;\">\n            <span class=\"kksr-muted\"><\/span>\n    <\/div>\n    <\/div>\n","protected":false},"excerpt":{"rendered":"<p>Alors que les d\u00e9penses de sant\u00e9 augmentent avec l&rsquo;\u00e2ge, une mauvaise gestion de sa mutuelle retraite pourrait entra\u00eener des surprises d\u00e9sagr\u00e9ables. Voici les pi\u00e8ges \u00e0 d\u00e9jouer pour ne pas mettre en p\u00e9ril son budget sant\u00e9. 1. Rester fid\u00e8le \u00e0 sa mutuelle employeur sans comparer Jean-Luc, 63 ans, a d\u00e9couvert \u00e0 ses d\u00e9pens les limites de &#8230; <a title=\"\u00ab\u00a0Je pensais \u00eatre bien couvert\u00a0\u00bb : 5 erreurs \u00e0 \u00e9viter avec sa mutuelle \u00e0 la retraite sous peine de lourdes cons\u00e9quences\" class=\"read-more\" href=\"https:\/\/rachat2credit.fr\/guide\/je-pensais-etre-bien-couvert-5-erreurs-a-eviter-avec-sa-mutuelle-a-la-retraite-sous-peine-de-lourdes-consequences\/\" aria-label=\"En savoir plus sur \u00ab\u00a0Je pensais \u00eatre bien couvert\u00a0\u00bb : 5 erreurs \u00e0 \u00e9viter avec sa mutuelle \u00e0 la retraite sous peine de lourdes cons\u00e9quences\">Lire plus<\/a><\/p>\n","protected":false},"author":1,"featured_media":670,"comment_status":"open","ping_status":"open","sticky":false,"template":"","format":"standard","meta":{"footnotes":""},"categories":[8],"tags":[],"class_list":["post-654","post","type-post","status-publish","format-standard","has-post-thumbnail","hentry","category-a-la-une"],"yoast_head":"<!-- This site is optimized with the Yoast SEO plugin v27.5 - https:\/\/yoast.com\/product\/yoast-seo-wordpress\/ -->\n<title>&quot;Je pensais \u00eatre bien couvert&quot; : 5 erreurs \u00e0 \u00e9viter avec sa mutuelle \u00e0 la retraite sous peine de lourdes cons\u00e9quences - Rachat de Cr\u00e9dit<\/title>\n<meta name=\"robots\" content=\"index, follow, max-snippet:-1, max-image-preview:large, max-video-preview:-1\" \/>\n<link rel=\"canonical\" href=\"https:\/\/rachat2credit.fr\/guide\/je-pensais-etre-bien-couvert-5-erreurs-a-eviter-avec-sa-mutuelle-a-la-retraite-sous-peine-de-lourdes-consequences\/\" \/>\n<meta property=\"og:locale\" content=\"fr_FR\" \/>\n<meta property=\"og:type\" content=\"article\" \/>\n<meta property=\"og:title\" content=\"&quot;Je pensais \u00eatre bien couvert&quot; : 5 erreurs \u00e0 \u00e9viter avec sa mutuelle \u00e0 la retraite sous peine de lourdes cons\u00e9quences - Rachat de Cr\u00e9dit\" \/>\n<meta property=\"og:description\" content=\"Alors que les d\u00e9penses de sant\u00e9 augmentent avec l&rsquo;\u00e2ge, une mauvaise gestion de sa mutuelle retraite pourrait entra\u00eener des surprises d\u00e9sagr\u00e9ables. Voici les pi\u00e8ges \u00e0 d\u00e9jouer pour ne pas mettre en p\u00e9ril son budget sant\u00e9. 1. Rester fid\u00e8le \u00e0 sa mutuelle employeur sans comparer Jean-Luc, 63 ans, a d\u00e9couvert \u00e0 ses d\u00e9pens les limites de ... Lire plus\" \/>\n<meta property=\"og:url\" content=\"https:\/\/rachat2credit.fr\/guide\/je-pensais-etre-bien-couvert-5-erreurs-a-eviter-avec-sa-mutuelle-a-la-retraite-sous-peine-de-lourdes-consequences\/\" \/>\n<meta property=\"og:site_name\" content=\"Rachat de Cr\u00e9dit\" \/>\n<meta property=\"article:published_time\" content=\"2025-08-03T07:23:00+00:00\" \/>\n<meta property=\"og:image\" content=\"https:\/\/rachat2credit.fr\/guide\/wp-content\/uploads\/2025\/07\/flux-654-1753559147.jpg\" \/>\n\t<meta property=\"og:image:width\" content=\"1344\" \/>\n\t<meta property=\"og:image:height\" content=\"768\" \/>\n\t<meta property=\"og:image:type\" content=\"image\/jpeg\" \/>\n<meta name=\"author\" content=\"Aurelien Boulanger\" \/>\n<meta name=\"twitter:card\" content=\"summary_large_image\" \/>\n<meta name=\"twitter:label1\" content=\"\u00c9crit par\" \/>\n\t<meta name=\"twitter:data1\" content=\"Aurelien Boulanger\" \/>\n\t<meta name=\"twitter:label2\" content=\"Dur\u00e9e de lecture estim\u00e9e\" \/>\n\t<meta name=\"twitter:data2\" content=\"3 minutes\" \/>\n<script type=\"application\/ld+json\" class=\"yoast-schema-graph\">{\"@context\":\"https:\\\/\\\/schema.org\",\"@graph\":[{\"@type\":\"NewsArticle\",\"@id\":\"https:\\\/\\\/rachat2credit.fr\\\/guide\\\/je-pensais-etre-bien-couvert-5-erreurs-a-eviter-avec-sa-mutuelle-a-la-retraite-sous-peine-de-lourdes-consequences\\\/#article\",\"isPartOf\":{\"@id\":\"https:\\\/\\\/rachat2credit.fr\\\/guide\\\/je-pensais-etre-bien-couvert-5-erreurs-a-eviter-avec-sa-mutuelle-a-la-retraite-sous-peine-de-lourdes-consequences\\\/\"},\"author\":{\"name\":\"Aurelien Boulanger\",\"@id\":\"https:\\\/\\\/rachat2credit.fr\\\/guide\\\/#\\\/schema\\\/person\\\/d4142086d07bc6acdc4722eabd955cc2\"},\"headline\":\"\u00ab\u00a0Je pensais \u00eatre bien couvert\u00a0\u00bb : 5 erreurs \u00e0 \u00e9viter avec sa mutuelle \u00e0 la retraite sous peine de lourdes cons\u00e9quences\",\"datePublished\":\"2025-08-03T07:23:00+00:00\",\"mainEntityOfPage\":{\"@id\":\"https:\\\/\\\/rachat2credit.fr\\\/guide\\\/je-pensais-etre-bien-couvert-5-erreurs-a-eviter-avec-sa-mutuelle-a-la-retraite-sous-peine-de-lourdes-consequences\\\/\"},\"wordCount\":600,\"commentCount\":0,\"publisher\":{\"@id\":\"https:\\\/\\\/rachat2credit.fr\\\/guide\\\/#organization\"},\"image\":{\"@id\":\"https:\\\/\\\/rachat2credit.fr\\\/guide\\\/je-pensais-etre-bien-couvert-5-erreurs-a-eviter-avec-sa-mutuelle-a-la-retraite-sous-peine-de-lourdes-consequences\\\/#primaryimage\"},\"thumbnailUrl\":\"https:\\\/\\\/rachat2credit.fr\\\/guide\\\/wp-content\\\/uploads\\\/2025\\\/07\\\/flux-654-1753559147.jpg\",\"articleSection\":[\"A la une\"],\"inLanguage\":\"fr-FR\",\"potentialAction\":[{\"@type\":\"CommentAction\",\"name\":\"Comment\",\"target\":[\"https:\\\/\\\/rachat2credit.fr\\\/guide\\\/je-pensais-etre-bien-couvert-5-erreurs-a-eviter-avec-sa-mutuelle-a-la-retraite-sous-peine-de-lourdes-consequences\\\/#respond\"]}]},{\"@type\":\"WebPage\",\"@id\":\"https:\\\/\\\/rachat2credit.fr\\\/guide\\\/je-pensais-etre-bien-couvert-5-erreurs-a-eviter-avec-sa-mutuelle-a-la-retraite-sous-peine-de-lourdes-consequences\\\/\",\"url\":\"https:\\\/\\\/rachat2credit.fr\\\/guide\\\/je-pensais-etre-bien-couvert-5-erreurs-a-eviter-avec-sa-mutuelle-a-la-retraite-sous-peine-de-lourdes-consequences\\\/\",\"name\":\"\\\"Je pensais \u00eatre bien couvert\\\" : 5 erreurs \u00e0 \u00e9viter avec sa mutuelle \u00e0 la retraite sous peine de lourdes cons\u00e9quences - Rachat de Cr\u00e9dit\",\"isPartOf\":{\"@id\":\"https:\\\/\\\/rachat2credit.fr\\\/guide\\\/#website\"},\"primaryImageOfPage\":{\"@id\":\"https:\\\/\\\/rachat2credit.fr\\\/guide\\\/je-pensais-etre-bien-couvert-5-erreurs-a-eviter-avec-sa-mutuelle-a-la-retraite-sous-peine-de-lourdes-consequences\\\/#primaryimage\"},\"image\":{\"@id\":\"https:\\\/\\\/rachat2credit.fr\\\/guide\\\/je-pensais-etre-bien-couvert-5-erreurs-a-eviter-avec-sa-mutuelle-a-la-retraite-sous-peine-de-lourdes-consequences\\\/#primaryimage\"},\"thumbnailUrl\":\"https:\\\/\\\/rachat2credit.fr\\\/guide\\\/wp-content\\\/uploads\\\/2025\\\/07\\\/flux-654-1753559147.jpg\",\"datePublished\":\"2025-08-03T07:23:00+00:00\",\"breadcrumb\":{\"@id\":\"https:\\\/\\\/rachat2credit.fr\\\/guide\\\/je-pensais-etre-bien-couvert-5-erreurs-a-eviter-avec-sa-mutuelle-a-la-retraite-sous-peine-de-lourdes-consequences\\\/#breadcrumb\"},\"inLanguage\":\"fr-FR\",\"potentialAction\":[{\"@type\":\"ReadAction\",\"target\":[\"https:\\\/\\\/rachat2credit.fr\\\/guide\\\/je-pensais-etre-bien-couvert-5-erreurs-a-eviter-avec-sa-mutuelle-a-la-retraite-sous-peine-de-lourdes-consequences\\\/\"]}]},{\"@type\":\"ImageObject\",\"inLanguage\":\"fr-FR\",\"@id\":\"https:\\\/\\\/rachat2credit.fr\\\/guide\\\/je-pensais-etre-bien-couvert-5-erreurs-a-eviter-avec-sa-mutuelle-a-la-retraite-sous-peine-de-lourdes-consequences\\\/#primaryimage\",\"url\":\"https:\\\/\\\/rachat2credit.fr\\\/guide\\\/wp-content\\\/uploads\\\/2025\\\/07\\\/flux-654-1753559147.jpg\",\"contentUrl\":\"https:\\\/\\\/rachat2credit.fr\\\/guide\\\/wp-content\\\/uploads\\\/2025\\\/07\\\/flux-654-1753559147.jpg\",\"width\":1344,\"height\":768},{\"@type\":\"BreadcrumbList\",\"@id\":\"https:\\\/\\\/rachat2credit.fr\\\/guide\\\/je-pensais-etre-bien-couvert-5-erreurs-a-eviter-avec-sa-mutuelle-a-la-retraite-sous-peine-de-lourdes-consequences\\\/#breadcrumb\",\"itemListElement\":[{\"@type\":\"ListItem\",\"position\":1,\"name\":\"Accueil\",\"item\":\"https:\\\/\\\/rachat2credit.fr\\\/guide\\\/\"},{\"@type\":\"ListItem\",\"position\":2,\"name\":\"\u00ab\u00a0Je pensais \u00eatre bien couvert\u00a0\u00bb : 5 erreurs \u00e0 \u00e9viter avec sa mutuelle \u00e0 la retraite sous peine de lourdes cons\u00e9quences\"}]},{\"@type\":\"WebSite\",\"@id\":\"https:\\\/\\\/rachat2credit.fr\\\/guide\\\/#website\",\"url\":\"https:\\\/\\\/rachat2credit.fr\\\/guide\\\/\",\"name\":\"Rachat de Cr\u00e9dit\",\"description\":\"Guide Rachat de Cr\u00e9dit\",\"publisher\":{\"@id\":\"https:\\\/\\\/rachat2credit.fr\\\/guide\\\/#organization\"},\"potentialAction\":[{\"@type\":\"SearchAction\",\"target\":{\"@type\":\"EntryPoint\",\"urlTemplate\":\"https:\\\/\\\/rachat2credit.fr\\\/guide\\\/?s={search_term_string}\"},\"query-input\":{\"@type\":\"PropertyValueSpecification\",\"valueRequired\":true,\"valueName\":\"search_term_string\"}}],\"inLanguage\":\"fr-FR\"},{\"@type\":\"Organization\",\"@id\":\"https:\\\/\\\/rachat2credit.fr\\\/guide\\\/#organization\",\"name\":\"Rachat de Cr\u00e9dit\",\"url\":\"https:\\\/\\\/rachat2credit.fr\\\/guide\\\/\",\"logo\":{\"@type\":\"ImageObject\",\"inLanguage\":\"fr-FR\",\"@id\":\"https:\\\/\\\/rachat2credit.fr\\\/guide\\\/#\\\/schema\\\/logo\\\/image\\\/\",\"url\":\"https:\\\/\\\/rachat2credit.fr\\\/guide\\\/wp-content\\\/uploads\\\/2025\\\/05\\\/rachat2credit.png\",\"contentUrl\":\"https:\\\/\\\/rachat2credit.fr\\\/guide\\\/wp-content\\\/uploads\\\/2025\\\/05\\\/rachat2credit.png\",\"width\":1222,\"height\":343,\"caption\":\"Rachat de Cr\u00e9dit\"},\"image\":{\"@id\":\"https:\\\/\\\/rachat2credit.fr\\\/guide\\\/#\\\/schema\\\/logo\\\/image\\\/\"}},{\"@type\":\"Person\",\"@id\":\"https:\\\/\\\/rachat2credit.fr\\\/guide\\\/#\\\/schema\\\/person\\\/d4142086d07bc6acdc4722eabd955cc2\",\"name\":\"Aurelien Boulanger\",\"image\":{\"@type\":\"ImageObject\",\"inLanguage\":\"fr-FR\",\"@id\":\"https:\\\/\\\/secure.gravatar.com\\\/avatar\\\/32175434c9ca2b27bfeb905d1c3ec782a789caf494bc0ec8fa6ed0ee39c2e62a?s=96&d=mm&r=g\",\"url\":\"https:\\\/\\\/secure.gravatar.com\\\/avatar\\\/32175434c9ca2b27bfeb905d1c3ec782a789caf494bc0ec8fa6ed0ee39c2e62a?s=96&d=mm&r=g\",\"contentUrl\":\"https:\\\/\\\/secure.gravatar.com\\\/avatar\\\/32175434c9ca2b27bfeb905d1c3ec782a789caf494bc0ec8fa6ed0ee39c2e62a?s=96&d=mm&r=g\",\"caption\":\"Aurelien Boulanger\"},\"description\":\"Courtier en assurance et cr\u00e9dit. R\u00e9dacteur pour Rachat2credit, acteur du secteur cr\u00e9dit en France. Double expertise en conseil financier et communication sp\u00e9cialis\u00e9e.\",\"sameAs\":[\"https:\\\/\\\/rachat2credit.fr\\\/guide\"],\"url\":\"https:\\\/\\\/rachat2credit.fr\\\/guide\\\/author\\\/aurelien\\\/\"}]}<\/script>\n<!-- \/ Yoast SEO plugin. -->","yoast_head_json":{"title":"\"Je pensais \u00eatre bien couvert\" : 5 erreurs \u00e0 \u00e9viter avec sa mutuelle \u00e0 la retraite sous peine de lourdes cons\u00e9quences - Rachat de Cr\u00e9dit","robots":{"index":"index","follow":"follow","max-snippet":"max-snippet:-1","max-image-preview":"max-image-preview:large","max-video-preview":"max-video-preview:-1"},"canonical":"https:\/\/rachat2credit.fr\/guide\/je-pensais-etre-bien-couvert-5-erreurs-a-eviter-avec-sa-mutuelle-a-la-retraite-sous-peine-de-lourdes-consequences\/","og_locale":"fr_FR","og_type":"article","og_title":"\"Je pensais \u00eatre bien couvert\" : 5 erreurs \u00e0 \u00e9viter avec sa mutuelle \u00e0 la retraite sous peine de lourdes cons\u00e9quences - Rachat de Cr\u00e9dit","og_description":"Alors que les d\u00e9penses de sant\u00e9 augmentent avec l&rsquo;\u00e2ge, une mauvaise gestion de sa mutuelle retraite pourrait entra\u00eener des surprises d\u00e9sagr\u00e9ables. Voici les pi\u00e8ges \u00e0 d\u00e9jouer pour ne pas mettre en p\u00e9ril son budget sant\u00e9. 1. Rester fid\u00e8le \u00e0 sa mutuelle employeur sans comparer Jean-Luc, 63 ans, a d\u00e9couvert \u00e0 ses d\u00e9pens les limites de ... Lire plus","og_url":"https:\/\/rachat2credit.fr\/guide\/je-pensais-etre-bien-couvert-5-erreurs-a-eviter-avec-sa-mutuelle-a-la-retraite-sous-peine-de-lourdes-consequences\/","og_site_name":"Rachat de Cr\u00e9dit","article_published_time":"2025-08-03T07:23:00+00:00","og_image":[{"width":1344,"height":768,"url":"https:\/\/rachat2credit.fr\/guide\/wp-content\/uploads\/2025\/07\/flux-654-1753559147.jpg","type":"image\/jpeg"}],"author":"Aurelien Boulanger","twitter_card":"summary_large_image","twitter_misc":{"\u00c9crit par":"Aurelien Boulanger","Dur\u00e9e de lecture estim\u00e9e":"3 minutes"},"schema":{"@context":"https:\/\/schema.org","@graph":[{"@type":"NewsArticle","@id":"https:\/\/rachat2credit.fr\/guide\/je-pensais-etre-bien-couvert-5-erreurs-a-eviter-avec-sa-mutuelle-a-la-retraite-sous-peine-de-lourdes-consequences\/#article","isPartOf":{"@id":"https:\/\/rachat2credit.fr\/guide\/je-pensais-etre-bien-couvert-5-erreurs-a-eviter-avec-sa-mutuelle-a-la-retraite-sous-peine-de-lourdes-consequences\/"},"author":{"name":"Aurelien Boulanger","@id":"https:\/\/rachat2credit.fr\/guide\/#\/schema\/person\/d4142086d07bc6acdc4722eabd955cc2"},"headline":"\u00ab\u00a0Je pensais \u00eatre bien couvert\u00a0\u00bb : 5 erreurs \u00e0 \u00e9viter avec sa mutuelle \u00e0 la retraite sous peine de lourdes cons\u00e9quences","datePublished":"2025-08-03T07:23:00+00:00","mainEntityOfPage":{"@id":"https:\/\/rachat2credit.fr\/guide\/je-pensais-etre-bien-couvert-5-erreurs-a-eviter-avec-sa-mutuelle-a-la-retraite-sous-peine-de-lourdes-consequences\/"},"wordCount":600,"commentCount":0,"publisher":{"@id":"https:\/\/rachat2credit.fr\/guide\/#organization"},"image":{"@id":"https:\/\/rachat2credit.fr\/guide\/je-pensais-etre-bien-couvert-5-erreurs-a-eviter-avec-sa-mutuelle-a-la-retraite-sous-peine-de-lourdes-consequences\/#primaryimage"},"thumbnailUrl":"https:\/\/rachat2credit.fr\/guide\/wp-content\/uploads\/2025\/07\/flux-654-1753559147.jpg","articleSection":["A la une"],"inLanguage":"fr-FR","potentialAction":[{"@type":"CommentAction","name":"Comment","target":["https:\/\/rachat2credit.fr\/guide\/je-pensais-etre-bien-couvert-5-erreurs-a-eviter-avec-sa-mutuelle-a-la-retraite-sous-peine-de-lourdes-consequences\/#respond"]}]},{"@type":"WebPage","@id":"https:\/\/rachat2credit.fr\/guide\/je-pensais-etre-bien-couvert-5-erreurs-a-eviter-avec-sa-mutuelle-a-la-retraite-sous-peine-de-lourdes-consequences\/","url":"https:\/\/rachat2credit.fr\/guide\/je-pensais-etre-bien-couvert-5-erreurs-a-eviter-avec-sa-mutuelle-a-la-retraite-sous-peine-de-lourdes-consequences\/","name":"\"Je pensais \u00eatre bien couvert\" : 5 erreurs \u00e0 \u00e9viter avec sa mutuelle \u00e0 la retraite sous peine de lourdes cons\u00e9quences - Rachat de Cr\u00e9dit","isPartOf":{"@id":"https:\/\/rachat2credit.fr\/guide\/#website"},"primaryImageOfPage":{"@id":"https:\/\/rachat2credit.fr\/guide\/je-pensais-etre-bien-couvert-5-erreurs-a-eviter-avec-sa-mutuelle-a-la-retraite-sous-peine-de-lourdes-consequences\/#primaryimage"},"image":{"@id":"https:\/\/rachat2credit.fr\/guide\/je-pensais-etre-bien-couvert-5-erreurs-a-eviter-avec-sa-mutuelle-a-la-retraite-sous-peine-de-lourdes-consequences\/#primaryimage"},"thumbnailUrl":"https:\/\/rachat2credit.fr\/guide\/wp-content\/uploads\/2025\/07\/flux-654-1753559147.jpg","datePublished":"2025-08-03T07:23:00+00:00","breadcrumb":{"@id":"https:\/\/rachat2credit.fr\/guide\/je-pensais-etre-bien-couvert-5-erreurs-a-eviter-avec-sa-mutuelle-a-la-retraite-sous-peine-de-lourdes-consequences\/#breadcrumb"},"inLanguage":"fr-FR","potentialAction":[{"@type":"ReadAction","target":["https:\/\/rachat2credit.fr\/guide\/je-pensais-etre-bien-couvert-5-erreurs-a-eviter-avec-sa-mutuelle-a-la-retraite-sous-peine-de-lourdes-consequences\/"]}]},{"@type":"ImageObject","inLanguage":"fr-FR","@id":"https:\/\/rachat2credit.fr\/guide\/je-pensais-etre-bien-couvert-5-erreurs-a-eviter-avec-sa-mutuelle-a-la-retraite-sous-peine-de-lourdes-consequences\/#primaryimage","url":"https:\/\/rachat2credit.fr\/guide\/wp-content\/uploads\/2025\/07\/flux-654-1753559147.jpg","contentUrl":"https:\/\/rachat2credit.fr\/guide\/wp-content\/uploads\/2025\/07\/flux-654-1753559147.jpg","width":1344,"height":768},{"@type":"BreadcrumbList","@id":"https:\/\/rachat2credit.fr\/guide\/je-pensais-etre-bien-couvert-5-erreurs-a-eviter-avec-sa-mutuelle-a-la-retraite-sous-peine-de-lourdes-consequences\/#breadcrumb","itemListElement":[{"@type":"ListItem","position":1,"name":"Accueil","item":"https:\/\/rachat2credit.fr\/guide\/"},{"@type":"ListItem","position":2,"name":"\u00ab\u00a0Je pensais \u00eatre bien couvert\u00a0\u00bb : 5 erreurs \u00e0 \u00e9viter avec sa mutuelle \u00e0 la retraite sous peine de lourdes cons\u00e9quences"}]},{"@type":"WebSite","@id":"https:\/\/rachat2credit.fr\/guide\/#website","url":"https:\/\/rachat2credit.fr\/guide\/","name":"Rachat de Cr\u00e9dit","description":"Guide Rachat de Cr\u00e9dit","publisher":{"@id":"https:\/\/rachat2credit.fr\/guide\/#organization"},"potentialAction":[{"@type":"SearchAction","target":{"@type":"EntryPoint","urlTemplate":"https:\/\/rachat2credit.fr\/guide\/?s={search_term_string}"},"query-input":{"@type":"PropertyValueSpecification","valueRequired":true,"valueName":"search_term_string"}}],"inLanguage":"fr-FR"},{"@type":"Organization","@id":"https:\/\/rachat2credit.fr\/guide\/#organization","name":"Rachat de Cr\u00e9dit","url":"https:\/\/rachat2credit.fr\/guide\/","logo":{"@type":"ImageObject","inLanguage":"fr-FR","@id":"https:\/\/rachat2credit.fr\/guide\/#\/schema\/logo\/image\/","url":"https:\/\/rachat2credit.fr\/guide\/wp-content\/uploads\/2025\/05\/rachat2credit.png","contentUrl":"https:\/\/rachat2credit.fr\/guide\/wp-content\/uploads\/2025\/05\/rachat2credit.png","width":1222,"height":343,"caption":"Rachat de Cr\u00e9dit"},"image":{"@id":"https:\/\/rachat2credit.fr\/guide\/#\/schema\/logo\/image\/"}},{"@type":"Person","@id":"https:\/\/rachat2credit.fr\/guide\/#\/schema\/person\/d4142086d07bc6acdc4722eabd955cc2","name":"Aurelien Boulanger","image":{"@type":"ImageObject","inLanguage":"fr-FR","@id":"https:\/\/secure.gravatar.com\/avatar\/32175434c9ca2b27bfeb905d1c3ec782a789caf494bc0ec8fa6ed0ee39c2e62a?s=96&d=mm&r=g","url":"https:\/\/secure.gravatar.com\/avatar\/32175434c9ca2b27bfeb905d1c3ec782a789caf494bc0ec8fa6ed0ee39c2e62a?s=96&d=mm&r=g","contentUrl":"https:\/\/secure.gravatar.com\/avatar\/32175434c9ca2b27bfeb905d1c3ec782a789caf494bc0ec8fa6ed0ee39c2e62a?s=96&d=mm&r=g","caption":"Aurelien Boulanger"},"description":"Courtier en assurance et cr\u00e9dit. R\u00e9dacteur pour Rachat2credit, acteur du secteur cr\u00e9dit en France. Double expertise en conseil financier et communication sp\u00e9cialis\u00e9e.","sameAs":["https:\/\/rachat2credit.fr\/guide"],"url":"https:\/\/rachat2credit.fr\/guide\/author\/aurelien\/"}]}},"_links":{"self":[{"href":"https:\/\/rachat2credit.fr\/guide\/wp-json\/wp\/v2\/posts\/654","targetHints":{"allow":["GET"]}}],"collection":[{"href":"https:\/\/rachat2credit.fr\/guide\/wp-json\/wp\/v2\/posts"}],"about":[{"href":"https:\/\/rachat2credit.fr\/guide\/wp-json\/wp\/v2\/types\/post"}],"author":[{"embeddable":true,"href":"https:\/\/rachat2credit.fr\/guide\/wp-json\/wp\/v2\/users\/1"}],"replies":[{"embeddable":true,"href":"https:\/\/rachat2credit.fr\/guide\/wp-json\/wp\/v2\/comments?post=654"}],"version-history":[{"count":1,"href":"https:\/\/rachat2credit.fr\/guide\/wp-json\/wp\/v2\/posts\/654\/revisions"}],"predecessor-version":[{"id":671,"href":"https:\/\/rachat2credit.fr\/guide\/wp-json\/wp\/v2\/posts\/654\/revisions\/671"}],"wp:featuredmedia":[{"embeddable":true,"href":"https:\/\/rachat2credit.fr\/guide\/wp-json\/wp\/v2\/media\/670"}],"wp:attachment":[{"href":"https:\/\/rachat2credit.fr\/guide\/wp-json\/wp\/v2\/media?parent=654"}],"wp:term":[{"taxonomy":"category","embeddable":true,"href":"https:\/\/rachat2credit.fr\/guide\/wp-json\/wp\/v2\/categories?post=654"},{"taxonomy":"post_tag","embeddable":true,"href":"https:\/\/rachat2credit.fr\/guide\/wp-json\/wp\/v2\/tags?post=654"}],"curies":[{"name":"wp","href":"https:\/\/api.w.org\/{rel}","templated":true}]}}