{"id":657,"date":"2025-08-02T11:26:00","date_gmt":"2025-08-02T09:26:00","guid":{"rendered":"https:\/\/rachat2credit.fr\/guide\/?p=657"},"modified":"2025-07-26T21:38:17","modified_gmt":"2025-07-26T19:38:17","slug":"mutuelle-seniors-apres-80-ans-une-necessite-ou-un-luxe","status":"publish","type":"post","link":"https:\/\/rachat2credit.fr\/guide\/mutuelle-seniors-apres-80-ans-une-necessite-ou-un-luxe\/","title":{"rendered":"\u00ab\u00a0Mutuelle seniors apr\u00e8s 80 ans : une n\u00e9cessit\u00e9 ou un luxe ?\u00a0\u00bb"},"content":{"rendered":"\n<p>Alors que l\u2019esp\u00e9rance de vie augmente en France, la question de la couverture sant\u00e9 pour les seniors de plus de 80 ans devient cruciale. Entre tarifs prohibitifs et garanties souvent limit\u00e9es, choisir une mutuelle adapt\u00e9e rel\u00e8verait presque du parcours du combattant.<\/p>\n\n\n\n<div id=\"ez-toc-container\" class=\"ez-toc-v2_0_82_2 counter-hierarchy ez-toc-counter ez-toc-grey ez-toc-container-direction\">\n<p class=\"ez-toc-title\" style=\"cursor:inherit\">Sommaire<\/p>\n<label for=\"ez-toc-cssicon-toggle-item-69f104d6cb5eb\" class=\"ez-toc-cssicon-toggle-label\"><span class=\"ez-toc-cssicon\"><span class=\"eztoc-hide\" style=\"display:none;\">Toggle<\/span><span class=\"ez-toc-icon-toggle-span\"><svg style=\"fill: #999;color:#999\" xmlns=\"http:\/\/www.w3.org\/2000\/svg\" class=\"list-377408\" width=\"20px\" height=\"20px\" viewBox=\"0 0 24 24\" fill=\"none\"><path d=\"M6 6H4v2h2V6zm14 0H8v2h12V6zM4 11h2v2H4v-2zm16 0H8v2h12v-2zM4 16h2v2H4v-2zm16 0H8v2h12v-2z\" fill=\"currentColor\"><\/path><\/svg><svg style=\"fill: #999;color:#999\" class=\"arrow-unsorted-368013\" xmlns=\"http:\/\/www.w3.org\/2000\/svg\" width=\"10px\" height=\"10px\" viewBox=\"0 0 24 24\" version=\"1.2\" baseProfile=\"tiny\"><path d=\"M18.2 9.3l-6.2-6.3-6.2 6.3c-.2.2-.3.4-.3.7s.1.5.3.7c.2.2.4.3.7.3h11c.3 0 .5-.1.7-.3.2-.2.3-.5.3-.7s-.1-.5-.3-.7zM5.8 14.7l6.2 6.3 6.2-6.3c.2-.2.3-.5.3-.7s-.1-.5-.3-.7c-.2-.2-.4-.3-.7-.3h-11c-.3 0-.5.1-.7.3-.2.2-.3.5-.3.7s.1.5.3.7z\"\/><\/svg><\/span><\/span><\/label><input type=\"checkbox\"  id=\"ez-toc-cssicon-toggle-item-69f104d6cb5eb\" checked aria-label=\"Toggle\" \/><nav><ul class='ez-toc-list ez-toc-list-level-1 ' ><li class='ez-toc-page-1 ez-toc-heading-level-2'><a class=\"ez-toc-link ez-toc-heading-1\" href=\"https:\/\/rachat2credit.fr\/guide\/mutuelle-seniors-apres-80-ans-une-necessite-ou-un-luxe\/#Le_cas_de_Robert_82_ans_%C2%AB_Je_payais_180_E_par_mois_pour_des_remboursements_derisoires_%C2%BB\" >Le cas de Robert, 82 ans : \u00ab\u00a0Je payais 180 \u20ac par mois pour des remboursements d\u00e9risoires\u00a0\u00bb<\/a><\/li><li class='ez-toc-page-1 ez-toc-heading-level-2'><a class=\"ez-toc-link ez-toc-heading-2\" href=\"https:\/\/rachat2credit.fr\/guide\/mutuelle-seniors-apres-80-ans-une-necessite-ou-un-luxe\/#Pourquoi_les_mutuelles_seniors_couteraient-elles_si_cher\" >Pourquoi les mutuelles seniors co\u00fbteraient-elles si cher ?<\/a><\/li><li class='ez-toc-page-1 ez-toc-heading-level-2'><a class=\"ez-toc-link ez-toc-heading-3\" href=\"https:\/\/rachat2credit.fr\/guide\/mutuelle-seniors-apres-80-ans-une-necessite-ou-un-luxe\/#Les_alternatives_qui_feraient_economiser_jusqua_40\" >Les alternatives qui feraient \u00e9conomiser jusqu\u2019\u00e0 40%<\/a><ul class='ez-toc-list-level-3' ><li class='ez-toc-heading-level-3'><a class=\"ez-toc-link ez-toc-heading-4\" href=\"https:\/\/rachat2credit.fr\/guide\/mutuelle-seniors-apres-80-ans-une-necessite-ou-un-luxe\/#1_Les_contrats_solidaires\" >1. Les contrats solidaires<\/a><\/li><li class='ez-toc-page-1 ez-toc-heading-level-3'><a class=\"ez-toc-link ez-toc-heading-5\" href=\"https:\/\/rachat2credit.fr\/guide\/mutuelle-seniors-apres-80-ans-une-necessite-ou-un-luxe\/#2_Les_groupements_dachat\" >2. Les groupements d\u2019achat<\/a><\/li><li class='ez-toc-page-1 ez-toc-heading-level-3'><a class=\"ez-toc-link ez-toc-heading-6\" href=\"https:\/\/rachat2credit.fr\/guide\/mutuelle-seniors-apres-80-ans-une-necessite-ou-un-luxe\/#3_Les_forfaits_%C2%AB_a_la_carte_%C2%BB\" >3. Les forfaits \u00ab\u00a0\u00e0 la carte\u00a0\u00bb<\/a><\/li><\/ul><\/li><li class='ez-toc-page-1 ez-toc-heading-level-2'><a class=\"ez-toc-link ez-toc-heading-7\" href=\"https:\/\/rachat2credit.fr\/guide\/mutuelle-seniors-apres-80-ans-une-necessite-ou-un-luxe\/#Ce_que_changerait_la_reforme_2025\" >Ce que changerait la r\u00e9forme 2025<\/a><\/li><\/ul><\/nav><\/div>\n<h2 class=\"wp-block-heading\"><span class=\"ez-toc-section\" id=\"Le_cas_de_Robert_82_ans_%C2%AB_Je_payais_180_E_par_mois_pour_des_remboursements_derisoires_%C2%BB\"><\/span>Le cas de Robert, 82 ans : \u00ab\u00a0Je payais 180 \u20ac par mois pour des remboursements d\u00e9risoires\u00a0\u00bb<span class=\"ez-toc-section-end\"><\/span><\/h2>\n\n\n\n<p>Robert, ancien enseignant \u00e0 la retraite dans le Var, pensait \u00eatre bien couvert jusqu\u2019\u00e0 sa derni\u00e8re hospitalisation. \u00ab\u00a0On m\u2019a factur\u00e9 1 200 \u20ac de d\u00e9passements d\u2019honoraires. Ma mutuelle n\u2019a rembours\u00e9 que 300 \u20ac. \u00c0 mon \u00e2ge, comment faire face ?\u00a0\u00bb<\/p>\n\n\n\n<p>Son t\u00e9moignage illustre un probl\u00e8me syst\u00e9mique : selon une <a href=\"https:\/\/www.service-public.fr\/particuliers\/vosdroits\/F31202\" target=\"_blank\" rel=\"noopener\">\u00e9tude r\u00e9cente<\/a>, pr\u00e8s de 40% des seniors de plus de 80 ans sous-estimeraient les lacunes de leur couverture compl\u00e9mentaire.<\/p>\n\n\n\n<h2 class=\"wp-block-heading\"><span class=\"ez-toc-section\" id=\"Pourquoi_les_mutuelles_seniors_couteraient-elles_si_cher\"><\/span>Pourquoi les mutuelles seniors co\u00fbteraient-elles si cher ?<span class=\"ez-toc-section-end\"><\/span><\/h2>\n\n\n\n<p>Trois facteurs principaux expliqueraient cette flamb\u00e9e des tarifs :<\/p>\n\n\n\n<ul class=\"wp-block-list\">\n<li>La fr\u00e9quence accrue des soins apr\u00e8s 80 ans<\/li>\n\n\n\n<li>Les limitations de garanties impos\u00e9es par les assureurs<\/li>\n\n\n\n<li>L\u2019exclusion syst\u00e9matique des pathologies pr\u00e9existantes<\/li>\n<\/ul>\n\n\n\n<p>Un expert en \u00e9conomie de la sant\u00e9, sous couvert d\u2019anonymat, confierait : \u00ab\u00a0Certains contrats seniors ressembleraient \u00e0 des produits d\u2019appel avec des plafonds de remboursement d\u00e9risoires sur les postes les plus co\u00fbteux comme l\u2019optique ou les proth\u00e8ses dentaires.\u00a0\u00bb<\/p>\n\n\n\n<h2 class=\"wp-block-heading\"><span class=\"ez-toc-section\" id=\"Les_alternatives_qui_feraient_economiser_jusqua_40\"><\/span>Les alternatives qui feraient \u00e9conomiser jusqu\u2019\u00e0 40%<span class=\"ez-toc-section-end\"><\/span><\/h2>\n\n\n\n<p>Face \u00e0 ce constat, des solutions \u00e9mergeraient :<\/p>\n\n\n\n<h3 class=\"wp-block-heading\"><span class=\"ez-toc-section\" id=\"1_Les_contrats_solidaires\"><\/span>1. Les contrats solidaires<span class=\"ez-toc-section-end\"><\/span><\/h3>\n\n\n\n<p>Certaines mutuelles proposeraient des tarifs mod\u00e9r\u00e9s en \u00e9change d\u2019un questionnaire sant\u00e9 simplifi\u00e9 et d\u2019un d\u00e9lai de carence r\u00e9duit.<\/p>\n\n\n\n<h3 class=\"wp-block-heading\"><span class=\"ez-toc-section\" id=\"2_Les_groupements_dachat\"><\/span>2. Les groupements d\u2019achat<span class=\"ez-toc-section-end\"><\/span><\/h3>\n\n\n\n<p>Des associations comme la <a href=\"https:\/\/www.cnav.fr\" target=\"_blank\" rel=\"noopener\">CNAV<\/a> n\u00e9gocieraient des tarifs pr\u00e9f\u00e9rentiels pour leurs membres.<\/p>\n\n\n\n<h3 class=\"wp-block-heading\"><span class=\"ez-toc-section\" id=\"3_Les_forfaits_%C2%AB_a_la_carte_%C2%BB\"><\/span>3. Les forfaits \u00ab\u00a0\u00e0 la carte\u00a0\u00bb<span class=\"ez-toc-section-end\"><\/span><\/h3>\n\n\n\n<p>Plut\u00f4t que des formules toutes faites, adapter sa couverture \u00e0 ses besoins r\u00e9els permettrait d\u2019optimiser son budget.<\/p>\n\n\n\n<h2 class=\"wp-block-heading\"><span class=\"ez-toc-section\" id=\"Ce_que_changerait_la_reforme_2025\"><\/span>Ce que changerait la r\u00e9forme 2025<span class=\"ez-toc-section-end\"><\/span><\/h2>\n\n\n\n<p>Le gouvernement pr\u00e9parerait un dispositif sp\u00e9cifique pour les \u00ab\u00a0super seniors\u00a0\u00bb :<\/p>\n\n\n\n<ul class=\"wp-block-list\">\n<li>Un plafonnement des tarifs selon les revenus<\/li>\n\n\n\n<li>L\u2019obligation de couvrir au moins 3 consultations sp\u00e9cialis\u00e9es par an<\/li>\n\n\n\n<li>Une prise en charge minimale de 75% sur l\u2019optique et le dentaire<\/li>\n<\/ul>\n\n\n\n<p>En attendant, les professionnels conseilleraient de :<\/p>\n\n\n\n<ol class=\"wp-block-list\">\n<li>Faire un bilan complet de ses d\u00e9penses sant\u00e9 sur 12 mois<\/li>\n\n\n\n<li>Comparer syst\u00e9matiquement les garanties plut\u00f4t que les prix<\/li>\n\n\n\n<li>N\u00e9gocier avec son assureur actuel avant de r\u00e9silier<\/li>\n<\/ol>\n\n\n\n<p>Comme le confie Monique, 84 ans : \u00ab\u00a0Apr\u00e8s avoir compar\u00e9 5 offres, j\u2019ai trouv\u00e9 une mutuelle qui couvre vraiment mes besoins pour 30% moins cher. Il faut pers\u00e9v\u00e9rer.\u00a0\u00bb<\/p>\n\n\n\n<p>Une lueur d\u2019espoir dans un paysage souvent anxiog\u00e8ne, prouvant qu\u2019avec m\u00e9thode et patience, des solutions existent.<\/p>\n\n\n<div class=\"kk-star-ratings kksr-auto kksr-align-center kksr-valign-bottom\"\n    data-payload='{&quot;align&quot;:&quot;center&quot;,&quot;id&quot;:&quot;657&quot;,&quot;slug&quot;:&quot;default&quot;,&quot;valign&quot;:&quot;bottom&quot;,&quot;ignore&quot;:&quot;&quot;,&quot;reference&quot;:&quot;auto&quot;,&quot;class&quot;:&quot;&quot;,&quot;count&quot;:&quot;0&quot;,&quot;legendonly&quot;:&quot;&quot;,&quot;readonly&quot;:&quot;&quot;,&quot;score&quot;:&quot;0&quot;,&quot;starsonly&quot;:&quot;&quot;,&quot;best&quot;:&quot;5&quot;,&quot;gap&quot;:&quot;5&quot;,&quot;greet&quot;:&quot;&quot;,&quot;legend&quot;:&quot;0\\\/5 - (0 vote)&quot;,&quot;size&quot;:&quot;24&quot;,&quot;title&quot;:&quot;\\u0026quot;Mutuelle seniors apr\u00e8s 80 ans : une n\u00e9cessit\u00e9 ou un luxe ?\\u0026quot;&quot;,&quot;width&quot;:&quot;0&quot;,&quot;_legend&quot;:&quot;{score}\\\/{best} - ({count} {votes})&quot;,&quot;font_factor&quot;:&quot;1.25&quot;}'>\n            \n<div class=\"kksr-stars\">\n    \n<div class=\"kksr-stars-inactive\">\n            <div class=\"kksr-star\" data-star=\"1\" style=\"padding-right: 5px\">\n            \n\n<div class=\"kksr-icon\" style=\"width: 24px; height: 24px;\"><\/div>\n        <\/div>\n            <div class=\"kksr-star\" data-star=\"2\" style=\"padding-right: 5px\">\n            \n\n<div class=\"kksr-icon\" style=\"width: 24px; height: 24px;\"><\/div>\n        <\/div>\n            <div class=\"kksr-star\" data-star=\"3\" style=\"padding-right: 5px\">\n            \n\n<div class=\"kksr-icon\" style=\"width: 24px; height: 24px;\"><\/div>\n        <\/div>\n            <div class=\"kksr-star\" data-star=\"4\" style=\"padding-right: 5px\">\n            \n\n<div class=\"kksr-icon\" style=\"width: 24px; height: 24px;\"><\/div>\n        <\/div>\n            <div class=\"kksr-star\" data-star=\"5\" style=\"padding-right: 5px\">\n            \n\n<div class=\"kksr-icon\" style=\"width: 24px; height: 24px;\"><\/div>\n        <\/div>\n    <\/div>\n    \n<div class=\"kksr-stars-active\" style=\"width: 0px;\">\n            <div class=\"kksr-star\" style=\"padding-right: 5px\">\n            \n\n<div class=\"kksr-icon\" style=\"width: 24px; height: 24px;\"><\/div>\n        <\/div>\n            <div class=\"kksr-star\" style=\"padding-right: 5px\">\n            \n\n<div class=\"kksr-icon\" style=\"width: 24px; height: 24px;\"><\/div>\n        <\/div>\n            <div class=\"kksr-star\" style=\"padding-right: 5px\">\n            \n\n<div class=\"kksr-icon\" style=\"width: 24px; height: 24px;\"><\/div>\n        <\/div>\n            <div class=\"kksr-star\" style=\"padding-right: 5px\">\n            \n\n<div class=\"kksr-icon\" style=\"width: 24px; height: 24px;\"><\/div>\n        <\/div>\n            <div class=\"kksr-star\" style=\"padding-right: 5px\">\n            \n\n<div class=\"kksr-icon\" style=\"width: 24px; height: 24px;\"><\/div>\n        <\/div>\n    <\/div>\n<\/div>\n                \n\n<div class=\"kksr-legend\" style=\"font-size: 19.2px;\">\n            <span class=\"kksr-muted\"><\/span>\n    <\/div>\n    <\/div>\n","protected":false},"excerpt":{"rendered":"<p>Alors que l\u2019esp\u00e9rance de vie augmente en France, la question de la couverture sant\u00e9 pour les seniors de plus de 80 ans devient cruciale. Entre tarifs prohibitifs et garanties souvent limit\u00e9es, choisir une mutuelle adapt\u00e9e rel\u00e8verait presque du parcours du combattant. Le cas de Robert, 82 ans : \u00ab\u00a0Je payais 180 \u20ac par mois pour &#8230; <a title=\"\u00ab\u00a0Mutuelle seniors apr\u00e8s 80 ans : une n\u00e9cessit\u00e9 ou un luxe ?\u00a0\u00bb\" class=\"read-more\" href=\"https:\/\/rachat2credit.fr\/guide\/mutuelle-seniors-apres-80-ans-une-necessite-ou-un-luxe\/\" aria-label=\"En savoir plus sur \u00ab\u00a0Mutuelle seniors apr\u00e8s 80 ans : une n\u00e9cessit\u00e9 ou un luxe ?\u00a0\u00bb\">Lire plus<\/a><\/p>\n","protected":false},"author":1,"featured_media":664,"comment_status":"open","ping_status":"open","sticky":false,"template":"","format":"standard","meta":{"footnotes":""},"categories":[8],"tags":[],"class_list":["post-657","post","type-post","status-publish","format-standard","has-post-thumbnail","hentry","category-a-la-une"],"yoast_head":"<!-- This site is optimized with the Yoast SEO plugin v27.5 - https:\/\/yoast.com\/product\/yoast-seo-wordpress\/ -->\n<title>&quot;Mutuelle seniors apr\u00e8s 80 ans : une n\u00e9cessit\u00e9 ou un luxe ?&quot; - Rachat de Cr\u00e9dit<\/title>\n<meta name=\"robots\" content=\"index, follow, max-snippet:-1, max-image-preview:large, max-video-preview:-1\" \/>\n<link rel=\"canonical\" href=\"https:\/\/rachat2credit.fr\/guide\/mutuelle-seniors-apres-80-ans-une-necessite-ou-un-luxe\/\" \/>\n<meta property=\"og:locale\" content=\"fr_FR\" \/>\n<meta property=\"og:type\" content=\"article\" \/>\n<meta property=\"og:title\" content=\"&quot;Mutuelle seniors apr\u00e8s 80 ans : une n\u00e9cessit\u00e9 ou un luxe ?&quot; - Rachat de Cr\u00e9dit\" \/>\n<meta property=\"og:description\" content=\"Alors que l\u2019esp\u00e9rance de vie augmente en France, la question de la couverture sant\u00e9 pour les seniors de plus de 80 ans devient cruciale. Entre tarifs prohibitifs et garanties souvent limit\u00e9es, choisir une mutuelle adapt\u00e9e rel\u00e8verait presque du parcours du combattant. Le cas de Robert, 82 ans : \u00ab\u00a0Je payais 180 \u20ac par mois pour ... Lire plus\" \/>\n<meta property=\"og:url\" content=\"https:\/\/rachat2credit.fr\/guide\/mutuelle-seniors-apres-80-ans-une-necessite-ou-un-luxe\/\" \/>\n<meta property=\"og:site_name\" content=\"Rachat de Cr\u00e9dit\" \/>\n<meta property=\"article:published_time\" content=\"2025-08-02T09:26:00+00:00\" \/>\n<meta property=\"og:image\" content=\"https:\/\/rachat2credit.fr\/guide\/wp-content\/uploads\/2025\/07\/flux-657-1753558696.jpg\" \/>\n\t<meta property=\"og:image:width\" content=\"1344\" \/>\n\t<meta property=\"og:image:height\" content=\"768\" \/>\n\t<meta property=\"og:image:type\" content=\"image\/jpeg\" \/>\n<meta name=\"author\" content=\"Aurelien Boulanger\" \/>\n<meta name=\"twitter:card\" content=\"summary_large_image\" \/>\n<meta name=\"twitter:label1\" content=\"\u00c9crit par\" \/>\n\t<meta name=\"twitter:data1\" content=\"Aurelien Boulanger\" \/>\n\t<meta name=\"twitter:label2\" content=\"Dur\u00e9e de lecture estim\u00e9e\" \/>\n\t<meta name=\"twitter:data2\" content=\"3 minutes\" \/>\n<script type=\"application\/ld+json\" class=\"yoast-schema-graph\">{\"@context\":\"https:\\\/\\\/schema.org\",\"@graph\":[{\"@type\":\"NewsArticle\",\"@id\":\"https:\\\/\\\/rachat2credit.fr\\\/guide\\\/mutuelle-seniors-apres-80-ans-une-necessite-ou-un-luxe\\\/#article\",\"isPartOf\":{\"@id\":\"https:\\\/\\\/rachat2credit.fr\\\/guide\\\/mutuelle-seniors-apres-80-ans-une-necessite-ou-un-luxe\\\/\"},\"author\":{\"name\":\"Aurelien Boulanger\",\"@id\":\"https:\\\/\\\/rachat2credit.fr\\\/guide\\\/#\\\/schema\\\/person\\\/d4142086d07bc6acdc4722eabd955cc2\"},\"headline\":\"\u00ab\u00a0Mutuelle seniors apr\u00e8s 80 ans : une n\u00e9cessit\u00e9 ou un luxe ?\u00a0\u00bb\",\"datePublished\":\"2025-08-02T09:26:00+00:00\",\"mainEntityOfPage\":{\"@id\":\"https:\\\/\\\/rachat2credit.fr\\\/guide\\\/mutuelle-seniors-apres-80-ans-une-necessite-ou-un-luxe\\\/\"},\"wordCount\":438,\"commentCount\":0,\"publisher\":{\"@id\":\"https:\\\/\\\/rachat2credit.fr\\\/guide\\\/#organization\"},\"image\":{\"@id\":\"https:\\\/\\\/rachat2credit.fr\\\/guide\\\/mutuelle-seniors-apres-80-ans-une-necessite-ou-un-luxe\\\/#primaryimage\"},\"thumbnailUrl\":\"https:\\\/\\\/rachat2credit.fr\\\/guide\\\/wp-content\\\/uploads\\\/2025\\\/07\\\/flux-657-1753558696.jpg\",\"articleSection\":[\"A la une\"],\"inLanguage\":\"fr-FR\",\"potentialAction\":[{\"@type\":\"CommentAction\",\"name\":\"Comment\",\"target\":[\"https:\\\/\\\/rachat2credit.fr\\\/guide\\\/mutuelle-seniors-apres-80-ans-une-necessite-ou-un-luxe\\\/#respond\"]}]},{\"@type\":\"WebPage\",\"@id\":\"https:\\\/\\\/rachat2credit.fr\\\/guide\\\/mutuelle-seniors-apres-80-ans-une-necessite-ou-un-luxe\\\/\",\"url\":\"https:\\\/\\\/rachat2credit.fr\\\/guide\\\/mutuelle-seniors-apres-80-ans-une-necessite-ou-un-luxe\\\/\",\"name\":\"\\\"Mutuelle seniors apr\u00e8s 80 ans : une n\u00e9cessit\u00e9 ou un luxe ?\\\" - Rachat de Cr\u00e9dit\",\"isPartOf\":{\"@id\":\"https:\\\/\\\/rachat2credit.fr\\\/guide\\\/#website\"},\"primaryImageOfPage\":{\"@id\":\"https:\\\/\\\/rachat2credit.fr\\\/guide\\\/mutuelle-seniors-apres-80-ans-une-necessite-ou-un-luxe\\\/#primaryimage\"},\"image\":{\"@id\":\"https:\\\/\\\/rachat2credit.fr\\\/guide\\\/mutuelle-seniors-apres-80-ans-une-necessite-ou-un-luxe\\\/#primaryimage\"},\"thumbnailUrl\":\"https:\\\/\\\/rachat2credit.fr\\\/guide\\\/wp-content\\\/uploads\\\/2025\\\/07\\\/flux-657-1753558696.jpg\",\"datePublished\":\"2025-08-02T09:26:00+00:00\",\"breadcrumb\":{\"@id\":\"https:\\\/\\\/rachat2credit.fr\\\/guide\\\/mutuelle-seniors-apres-80-ans-une-necessite-ou-un-luxe\\\/#breadcrumb\"},\"inLanguage\":\"fr-FR\",\"potentialAction\":[{\"@type\":\"ReadAction\",\"target\":[\"https:\\\/\\\/rachat2credit.fr\\\/guide\\\/mutuelle-seniors-apres-80-ans-une-necessite-ou-un-luxe\\\/\"]}]},{\"@type\":\"ImageObject\",\"inLanguage\":\"fr-FR\",\"@id\":\"https:\\\/\\\/rachat2credit.fr\\\/guide\\\/mutuelle-seniors-apres-80-ans-une-necessite-ou-un-luxe\\\/#primaryimage\",\"url\":\"https:\\\/\\\/rachat2credit.fr\\\/guide\\\/wp-content\\\/uploads\\\/2025\\\/07\\\/flux-657-1753558696.jpg\",\"contentUrl\":\"https:\\\/\\\/rachat2credit.fr\\\/guide\\\/wp-content\\\/uploads\\\/2025\\\/07\\\/flux-657-1753558696.jpg\",\"width\":1344,\"height\":768},{\"@type\":\"BreadcrumbList\",\"@id\":\"https:\\\/\\\/rachat2credit.fr\\\/guide\\\/mutuelle-seniors-apres-80-ans-une-necessite-ou-un-luxe\\\/#breadcrumb\",\"itemListElement\":[{\"@type\":\"ListItem\",\"position\":1,\"name\":\"Accueil\",\"item\":\"https:\\\/\\\/rachat2credit.fr\\\/guide\\\/\"},{\"@type\":\"ListItem\",\"position\":2,\"name\":\"\u00ab\u00a0Mutuelle seniors apr\u00e8s 80 ans : une n\u00e9cessit\u00e9 ou un luxe ?\u00a0\u00bb\"}]},{\"@type\":\"WebSite\",\"@id\":\"https:\\\/\\\/rachat2credit.fr\\\/guide\\\/#website\",\"url\":\"https:\\\/\\\/rachat2credit.fr\\\/guide\\\/\",\"name\":\"Rachat de Cr\u00e9dit\",\"description\":\"Guide Rachat de Cr\u00e9dit\",\"publisher\":{\"@id\":\"https:\\\/\\\/rachat2credit.fr\\\/guide\\\/#organization\"},\"potentialAction\":[{\"@type\":\"SearchAction\",\"target\":{\"@type\":\"EntryPoint\",\"urlTemplate\":\"https:\\\/\\\/rachat2credit.fr\\\/guide\\\/?s={search_term_string}\"},\"query-input\":{\"@type\":\"PropertyValueSpecification\",\"valueRequired\":true,\"valueName\":\"search_term_string\"}}],\"inLanguage\":\"fr-FR\"},{\"@type\":\"Organization\",\"@id\":\"https:\\\/\\\/rachat2credit.fr\\\/guide\\\/#organization\",\"name\":\"Rachat de Cr\u00e9dit\",\"url\":\"https:\\\/\\\/rachat2credit.fr\\\/guide\\\/\",\"logo\":{\"@type\":\"ImageObject\",\"inLanguage\":\"fr-FR\",\"@id\":\"https:\\\/\\\/rachat2credit.fr\\\/guide\\\/#\\\/schema\\\/logo\\\/image\\\/\",\"url\":\"https:\\\/\\\/rachat2credit.fr\\\/guide\\\/wp-content\\\/uploads\\\/2025\\\/05\\\/rachat2credit.png\",\"contentUrl\":\"https:\\\/\\\/rachat2credit.fr\\\/guide\\\/wp-content\\\/uploads\\\/2025\\\/05\\\/rachat2credit.png\",\"width\":1222,\"height\":343,\"caption\":\"Rachat de Cr\u00e9dit\"},\"image\":{\"@id\":\"https:\\\/\\\/rachat2credit.fr\\\/guide\\\/#\\\/schema\\\/logo\\\/image\\\/\"}},{\"@type\":\"Person\",\"@id\":\"https:\\\/\\\/rachat2credit.fr\\\/guide\\\/#\\\/schema\\\/person\\\/d4142086d07bc6acdc4722eabd955cc2\",\"name\":\"Aurelien Boulanger\",\"image\":{\"@type\":\"ImageObject\",\"inLanguage\":\"fr-FR\",\"@id\":\"https:\\\/\\\/secure.gravatar.com\\\/avatar\\\/32175434c9ca2b27bfeb905d1c3ec782a789caf494bc0ec8fa6ed0ee39c2e62a?s=96&d=mm&r=g\",\"url\":\"https:\\\/\\\/secure.gravatar.com\\\/avatar\\\/32175434c9ca2b27bfeb905d1c3ec782a789caf494bc0ec8fa6ed0ee39c2e62a?s=96&d=mm&r=g\",\"contentUrl\":\"https:\\\/\\\/secure.gravatar.com\\\/avatar\\\/32175434c9ca2b27bfeb905d1c3ec782a789caf494bc0ec8fa6ed0ee39c2e62a?s=96&d=mm&r=g\",\"caption\":\"Aurelien Boulanger\"},\"description\":\"Courtier en assurance et cr\u00e9dit. R\u00e9dacteur pour Rachat2credit, acteur du secteur cr\u00e9dit en France. Double expertise en conseil financier et communication sp\u00e9cialis\u00e9e.\",\"sameAs\":[\"https:\\\/\\\/rachat2credit.fr\\\/guide\"],\"url\":\"https:\\\/\\\/rachat2credit.fr\\\/guide\\\/author\\\/aurelien\\\/\"}]}<\/script>\n<!-- \/ Yoast SEO plugin. -->","yoast_head_json":{"title":"\"Mutuelle seniors apr\u00e8s 80 ans : une n\u00e9cessit\u00e9 ou un luxe ?\" - Rachat de Cr\u00e9dit","robots":{"index":"index","follow":"follow","max-snippet":"max-snippet:-1","max-image-preview":"max-image-preview:large","max-video-preview":"max-video-preview:-1"},"canonical":"https:\/\/rachat2credit.fr\/guide\/mutuelle-seniors-apres-80-ans-une-necessite-ou-un-luxe\/","og_locale":"fr_FR","og_type":"article","og_title":"\"Mutuelle seniors apr\u00e8s 80 ans : une n\u00e9cessit\u00e9 ou un luxe ?\" - Rachat de Cr\u00e9dit","og_description":"Alors que l\u2019esp\u00e9rance de vie augmente en France, la question de la couverture sant\u00e9 pour les seniors de plus de 80 ans devient cruciale. Entre tarifs prohibitifs et garanties souvent limit\u00e9es, choisir une mutuelle adapt\u00e9e rel\u00e8verait presque du parcours du combattant. Le cas de Robert, 82 ans : \u00ab\u00a0Je payais 180 \u20ac par mois pour ... Lire plus","og_url":"https:\/\/rachat2credit.fr\/guide\/mutuelle-seniors-apres-80-ans-une-necessite-ou-un-luxe\/","og_site_name":"Rachat de Cr\u00e9dit","article_published_time":"2025-08-02T09:26:00+00:00","og_image":[{"width":1344,"height":768,"url":"https:\/\/rachat2credit.fr\/guide\/wp-content\/uploads\/2025\/07\/flux-657-1753558696.jpg","type":"image\/jpeg"}],"author":"Aurelien Boulanger","twitter_card":"summary_large_image","twitter_misc":{"\u00c9crit par":"Aurelien Boulanger","Dur\u00e9e de lecture estim\u00e9e":"3 minutes"},"schema":{"@context":"https:\/\/schema.org","@graph":[{"@type":"NewsArticle","@id":"https:\/\/rachat2credit.fr\/guide\/mutuelle-seniors-apres-80-ans-une-necessite-ou-un-luxe\/#article","isPartOf":{"@id":"https:\/\/rachat2credit.fr\/guide\/mutuelle-seniors-apres-80-ans-une-necessite-ou-un-luxe\/"},"author":{"name":"Aurelien Boulanger","@id":"https:\/\/rachat2credit.fr\/guide\/#\/schema\/person\/d4142086d07bc6acdc4722eabd955cc2"},"headline":"\u00ab\u00a0Mutuelle seniors apr\u00e8s 80 ans : une n\u00e9cessit\u00e9 ou un luxe ?\u00a0\u00bb","datePublished":"2025-08-02T09:26:00+00:00","mainEntityOfPage":{"@id":"https:\/\/rachat2credit.fr\/guide\/mutuelle-seniors-apres-80-ans-une-necessite-ou-un-luxe\/"},"wordCount":438,"commentCount":0,"publisher":{"@id":"https:\/\/rachat2credit.fr\/guide\/#organization"},"image":{"@id":"https:\/\/rachat2credit.fr\/guide\/mutuelle-seniors-apres-80-ans-une-necessite-ou-un-luxe\/#primaryimage"},"thumbnailUrl":"https:\/\/rachat2credit.fr\/guide\/wp-content\/uploads\/2025\/07\/flux-657-1753558696.jpg","articleSection":["A la une"],"inLanguage":"fr-FR","potentialAction":[{"@type":"CommentAction","name":"Comment","target":["https:\/\/rachat2credit.fr\/guide\/mutuelle-seniors-apres-80-ans-une-necessite-ou-un-luxe\/#respond"]}]},{"@type":"WebPage","@id":"https:\/\/rachat2credit.fr\/guide\/mutuelle-seniors-apres-80-ans-une-necessite-ou-un-luxe\/","url":"https:\/\/rachat2credit.fr\/guide\/mutuelle-seniors-apres-80-ans-une-necessite-ou-un-luxe\/","name":"\"Mutuelle seniors apr\u00e8s 80 ans : une n\u00e9cessit\u00e9 ou un luxe ?\" - Rachat de Cr\u00e9dit","isPartOf":{"@id":"https:\/\/rachat2credit.fr\/guide\/#website"},"primaryImageOfPage":{"@id":"https:\/\/rachat2credit.fr\/guide\/mutuelle-seniors-apres-80-ans-une-necessite-ou-un-luxe\/#primaryimage"},"image":{"@id":"https:\/\/rachat2credit.fr\/guide\/mutuelle-seniors-apres-80-ans-une-necessite-ou-un-luxe\/#primaryimage"},"thumbnailUrl":"https:\/\/rachat2credit.fr\/guide\/wp-content\/uploads\/2025\/07\/flux-657-1753558696.jpg","datePublished":"2025-08-02T09:26:00+00:00","breadcrumb":{"@id":"https:\/\/rachat2credit.fr\/guide\/mutuelle-seniors-apres-80-ans-une-necessite-ou-un-luxe\/#breadcrumb"},"inLanguage":"fr-FR","potentialAction":[{"@type":"ReadAction","target":["https:\/\/rachat2credit.fr\/guide\/mutuelle-seniors-apres-80-ans-une-necessite-ou-un-luxe\/"]}]},{"@type":"ImageObject","inLanguage":"fr-FR","@id":"https:\/\/rachat2credit.fr\/guide\/mutuelle-seniors-apres-80-ans-une-necessite-ou-un-luxe\/#primaryimage","url":"https:\/\/rachat2credit.fr\/guide\/wp-content\/uploads\/2025\/07\/flux-657-1753558696.jpg","contentUrl":"https:\/\/rachat2credit.fr\/guide\/wp-content\/uploads\/2025\/07\/flux-657-1753558696.jpg","width":1344,"height":768},{"@type":"BreadcrumbList","@id":"https:\/\/rachat2credit.fr\/guide\/mutuelle-seniors-apres-80-ans-une-necessite-ou-un-luxe\/#breadcrumb","itemListElement":[{"@type":"ListItem","position":1,"name":"Accueil","item":"https:\/\/rachat2credit.fr\/guide\/"},{"@type":"ListItem","position":2,"name":"\u00ab\u00a0Mutuelle seniors apr\u00e8s 80 ans : une n\u00e9cessit\u00e9 ou un luxe ?\u00a0\u00bb"}]},{"@type":"WebSite","@id":"https:\/\/rachat2credit.fr\/guide\/#website","url":"https:\/\/rachat2credit.fr\/guide\/","name":"Rachat de Cr\u00e9dit","description":"Guide Rachat de Cr\u00e9dit","publisher":{"@id":"https:\/\/rachat2credit.fr\/guide\/#organization"},"potentialAction":[{"@type":"SearchAction","target":{"@type":"EntryPoint","urlTemplate":"https:\/\/rachat2credit.fr\/guide\/?s={search_term_string}"},"query-input":{"@type":"PropertyValueSpecification","valueRequired":true,"valueName":"search_term_string"}}],"inLanguage":"fr-FR"},{"@type":"Organization","@id":"https:\/\/rachat2credit.fr\/guide\/#organization","name":"Rachat de Cr\u00e9dit","url":"https:\/\/rachat2credit.fr\/guide\/","logo":{"@type":"ImageObject","inLanguage":"fr-FR","@id":"https:\/\/rachat2credit.fr\/guide\/#\/schema\/logo\/image\/","url":"https:\/\/rachat2credit.fr\/guide\/wp-content\/uploads\/2025\/05\/rachat2credit.png","contentUrl":"https:\/\/rachat2credit.fr\/guide\/wp-content\/uploads\/2025\/05\/rachat2credit.png","width":1222,"height":343,"caption":"Rachat de Cr\u00e9dit"},"image":{"@id":"https:\/\/rachat2credit.fr\/guide\/#\/schema\/logo\/image\/"}},{"@type":"Person","@id":"https:\/\/rachat2credit.fr\/guide\/#\/schema\/person\/d4142086d07bc6acdc4722eabd955cc2","name":"Aurelien Boulanger","image":{"@type":"ImageObject","inLanguage":"fr-FR","@id":"https:\/\/secure.gravatar.com\/avatar\/32175434c9ca2b27bfeb905d1c3ec782a789caf494bc0ec8fa6ed0ee39c2e62a?s=96&d=mm&r=g","url":"https:\/\/secure.gravatar.com\/avatar\/32175434c9ca2b27bfeb905d1c3ec782a789caf494bc0ec8fa6ed0ee39c2e62a?s=96&d=mm&r=g","contentUrl":"https:\/\/secure.gravatar.com\/avatar\/32175434c9ca2b27bfeb905d1c3ec782a789caf494bc0ec8fa6ed0ee39c2e62a?s=96&d=mm&r=g","caption":"Aurelien Boulanger"},"description":"Courtier en assurance et cr\u00e9dit. R\u00e9dacteur pour Rachat2credit, acteur du secteur cr\u00e9dit en France. Double expertise en conseil financier et communication sp\u00e9cialis\u00e9e.","sameAs":["https:\/\/rachat2credit.fr\/guide"],"url":"https:\/\/rachat2credit.fr\/guide\/author\/aurelien\/"}]}},"_links":{"self":[{"href":"https:\/\/rachat2credit.fr\/guide\/wp-json\/wp\/v2\/posts\/657","targetHints":{"allow":["GET"]}}],"collection":[{"href":"https:\/\/rachat2credit.fr\/guide\/wp-json\/wp\/v2\/posts"}],"about":[{"href":"https:\/\/rachat2credit.fr\/guide\/wp-json\/wp\/v2\/types\/post"}],"author":[{"embeddable":true,"href":"https:\/\/rachat2credit.fr\/guide\/wp-json\/wp\/v2\/users\/1"}],"replies":[{"embeddable":true,"href":"https:\/\/rachat2credit.fr\/guide\/wp-json\/wp\/v2\/comments?post=657"}],"version-history":[{"count":1,"href":"https:\/\/rachat2credit.fr\/guide\/wp-json\/wp\/v2\/posts\/657\/revisions"}],"predecessor-version":[{"id":665,"href":"https:\/\/rachat2credit.fr\/guide\/wp-json\/wp\/v2\/posts\/657\/revisions\/665"}],"wp:featuredmedia":[{"embeddable":true,"href":"https:\/\/rachat2credit.fr\/guide\/wp-json\/wp\/v2\/media\/664"}],"wp:attachment":[{"href":"https:\/\/rachat2credit.fr\/guide\/wp-json\/wp\/v2\/media?parent=657"}],"wp:term":[{"taxonomy":"category","embeddable":true,"href":"https:\/\/rachat2credit.fr\/guide\/wp-json\/wp\/v2\/categories?post=657"},{"taxonomy":"post_tag","embeddable":true,"href":"https:\/\/rachat2credit.fr\/guide\/wp-json\/wp\/v2\/tags?post=657"}],"curies":[{"name":"wp","href":"https:\/\/api.w.org\/{rel}","templated":true}]}}