{"id":659,"date":"2025-08-03T07:28:00","date_gmt":"2025-08-03T05:28:00","guid":{"rendered":"https:\/\/rachat2credit.fr\/guide\/?p=659"},"modified":"2025-07-26T21:32:56","modified_gmt":"2025-07-26T19:32:56","slug":"beneficier-des-cheques-vacances-a-la-retraite-est-ce-vraiment-possible","status":"publish","type":"post","link":"https:\/\/rachat2credit.fr\/guide\/beneficier-des-cheques-vacances-a-la-retraite-est-ce-vraiment-possible\/","title":{"rendered":"B\u00e9n\u00e9ficier des ch\u00e8ques vacances \u00e0 la retraite : est-ce vraiment possible ?"},"content":{"rendered":"\n<p>Alors que les seniors repr\u00e9sentent une part croissante de la population fran\u00e7aise, une question revient souvent : peut-on encore profiter des ch\u00e8ques vacances apr\u00e8s la retraite ?<\/p>\n\n\n\n<div id=\"ez-toc-container\" class=\"ez-toc-v2_0_82_2 counter-hierarchy ez-toc-counter ez-toc-grey ez-toc-container-direction\">\n<p class=\"ez-toc-title\" style=\"cursor:inherit\">Sommaire<\/p>\n<label for=\"ez-toc-cssicon-toggle-item-69f104d5b1585\" class=\"ez-toc-cssicon-toggle-label\"><span class=\"ez-toc-cssicon\"><span class=\"eztoc-hide\" style=\"display:none;\">Toggle<\/span><span class=\"ez-toc-icon-toggle-span\"><svg style=\"fill: #999;color:#999\" xmlns=\"http:\/\/www.w3.org\/2000\/svg\" class=\"list-377408\" width=\"20px\" height=\"20px\" viewBox=\"0 0 24 24\" fill=\"none\"><path d=\"M6 6H4v2h2V6zm14 0H8v2h12V6zM4 11h2v2H4v-2zm16 0H8v2h12v-2zM4 16h2v2H4v-2zm16 0H8v2h12v-2z\" fill=\"currentColor\"><\/path><\/svg><svg style=\"fill: #999;color:#999\" class=\"arrow-unsorted-368013\" xmlns=\"http:\/\/www.w3.org\/2000\/svg\" width=\"10px\" height=\"10px\" viewBox=\"0 0 24 24\" version=\"1.2\" baseProfile=\"tiny\"><path d=\"M18.2 9.3l-6.2-6.3-6.2 6.3c-.2.2-.3.4-.3.7s.1.5.3.7c.2.2.4.3.7.3h11c.3 0 .5-.1.7-.3.2-.2.3-.5.3-.7s-.1-.5-.3-.7zM5.8 14.7l6.2 6.3 6.2-6.3c.2-.2.3-.5.3-.7s-.1-.5-.3-.7c-.2-.2-.4-.3-.7-.3h-11c-.3 0-.5.1-.7.3-.2.2-.3.5-.3.7s.1.5.3.7z\"\/><\/svg><\/span><\/span><\/label><input type=\"checkbox\"  id=\"ez-toc-cssicon-toggle-item-69f104d5b1585\" checked aria-label=\"Toggle\" \/><nav><ul class='ez-toc-list ez-toc-list-level-1 ' ><li class='ez-toc-page-1 ez-toc-heading-level-2'><a class=\"ez-toc-link ez-toc-heading-1\" href=\"https:\/\/rachat2credit.fr\/guide\/beneficier-des-cheques-vacances-a-la-retraite-est-ce-vraiment-possible\/#Un_droit_meconnu_des_retraites\" >Un droit m\u00e9connu des retrait\u00e9s<\/a><\/li><li class='ez-toc-page-1 ez-toc-heading-level-2'><a class=\"ez-toc-link ez-toc-heading-2\" href=\"https:\/\/rachat2credit.fr\/guide\/beneficier-des-cheques-vacances-a-la-retraite-est-ce-vraiment-possible\/#Comment_ca_marche_apres_la_retraite\" >Comment \u00e7a marche apr\u00e8s la retraite ?<\/a><\/li><li class='ez-toc-page-1 ez-toc-heading-level-2'><a class=\"ez-toc-link ez-toc-heading-3\" href=\"https:\/\/rachat2credit.fr\/guide\/beneficier-des-cheques-vacances-a-la-retraite-est-ce-vraiment-possible\/#Les_pieges_a_eviter\" >Les pi\u00e8ges \u00e0 \u00e9viter<\/a><\/li><li class='ez-toc-page-1 ez-toc-heading-level-2'><a class=\"ez-toc-link ez-toc-heading-4\" href=\"https:\/\/rachat2credit.fr\/guide\/beneficier-des-cheques-vacances-a-la-retraite-est-ce-vraiment-possible\/#Les_alternatives_pour_les_seniors\" >Les alternatives pour les seniors<\/a><\/li><li class='ez-toc-page-1 ez-toc-heading-level-2'><a class=\"ez-toc-link ez-toc-heading-5\" href=\"https:\/\/rachat2credit.fr\/guide\/beneficier-des-cheques-vacances-a-la-retraite-est-ce-vraiment-possible\/#Un_enjeu_de_societe\" >Un enjeu de soci\u00e9t\u00e9<\/a><\/li><\/ul><\/nav><\/div>\n<h2 class=\"wp-block-heading\"><span class=\"ez-toc-section\" id=\"Un_droit_meconnu_des_retraites\"><\/span>Un droit m\u00e9connu des retrait\u00e9s<span class=\"ez-toc-section-end\"><\/span><\/h2>\n\n\n\n<p>Contrairement \u00e0 une id\u00e9e re\u00e7ue, les ch\u00e8ques vacances ne seraient pas r\u00e9serv\u00e9s aux actifs. \u00ab\u00a0J&rsquo;ai d\u00e9couvert par hasard que je pouvais encore en b\u00e9n\u00e9ficier \u00e0 68 ans\u00a0\u00bb, confie Jean-Luc, ancien cadre dans l&rsquo;industrie.<\/p>\n\n\n\n<p>Selon les derni\u00e8res donn\u00e9es, pr\u00e8s de 40% des retrait\u00e9s \u00e9ligibles ignoreraient qu&rsquo;ils peuvent continuer \u00e0 utiliser ce dispositif. Pourtant, le <a href=\"https:\/\/www.service-public.fr\/particuliers\/vosdroits\/F12011\" target=\"_blank\" rel=\"noopener\">service-public.fr<\/a> confirme cette possibilit\u00e9 sous certaines conditions.<\/p>\n\n\n\n<h2 class=\"wp-block-heading\"><span class=\"ez-toc-section\" id=\"Comment_ca_marche_apres_la_retraite\"><\/span>Comment \u00e7a marche apr\u00e8s la retraite ?<span class=\"ez-toc-section-end\"><\/span><\/h2>\n\n\n\n<p>Le syst\u00e8me fonctionnerait sur le m\u00eame principe que pour les actifs, avec quelques particularit\u00e9s :<\/p>\n\n\n\n<ul class=\"wp-block-list\">\n<li>Possibilit\u00e9 d&rsquo;achat direct aupr\u00e8s d&rsquo;organismes agr\u00e9\u00e9s<\/li>\n\n\n\n<li>Utilisation dans les m\u00eames r\u00e9seaux d&rsquo;h\u00e9bergement et de loisirs<\/li>\n\n\n\n<li>Avantage fiscal maintenu sous plafond de revenus<\/li>\n<\/ul>\n\n\n\n<p>\u00ab\u00a0Nous avons pu partir en Bretagne avec ma femme gr\u00e2ce \u00e0 ces ch\u00e8ques\u00a0\u00bb, t\u00e9moigne Michel, 72 ans. \u00ab\u00a0Cela nous a fait \u00e9conomiser pr\u00e8s de 300\u20ac sur notre s\u00e9jour.\u00a0\u00bb<\/p>\n\n\n\n<h2 class=\"wp-block-heading\"><span class=\"ez-toc-section\" id=\"Les_pieges_a_eviter\"><\/span>Les pi\u00e8ges \u00e0 \u00e9viter<span class=\"ez-toc-section-end\"><\/span><\/h2>\n\n\n\n<p>Plusieurs restrictions m\u00e9riteraient cependant attention :<\/p>\n\n\n\n<ul class=\"wp-block-list\">\n<li>D\u00e9lai d&rsquo;utilisation souvent r\u00e9duit \u00e0 1 an<\/li>\n\n\n\n<li>Certaines activit\u00e9s exclues selon les r\u00e9gions<\/li>\n\n\n\n<li>Plafond annuel \u00e0 respecter pour les achats<\/li>\n<\/ul>\n\n\n\n<p>Martine, 65 ans, en a fait les frais : \u00ab\u00a0J&rsquo;avais gard\u00e9 des ch\u00e8ques de l&rsquo;ann\u00e9e pr\u00e9c\u00e9dente sans v\u00e9rifier&#8230; Ils \u00e9taient p\u00e9rim\u00e9s.\u00a0\u00bb<\/p>\n\n\n\n<h2 class=\"wp-block-heading\"><span class=\"ez-toc-section\" id=\"Les_alternatives_pour_les_seniors\"><\/span>Les alternatives pour les seniors<span class=\"ez-toc-section-end\"><\/span><\/h2>\n\n\n\n<p>Face \u00e0 ces limitations, d&rsquo;autres dispositifs compl\u00e9mentaires pourraient int\u00e9resser les retrait\u00e9s :<\/p>\n\n\n\n<ul class=\"wp-block-list\">\n<li>Aides locales des conseils d\u00e9partementaux<\/li>\n\n\n\n<li>Tarifs seniors dans les h\u00e9bergements labellis\u00e9s<\/li>\n\n\n\n<li>Ch\u00e8ques culture pour les activit\u00e9s<\/li>\n<\/ul>\n\n\n\n<p>Comme le rappelle le site officiel <a href=\"https:\/\/www.chequesvacances.fr\" target=\"_blank\" rel=\"noopener\">ch\u00e8ques-vacances.fr<\/a>, il serait judicieux de comparer les diff\u00e9rentes offres avant de choisir.<\/p>\n\n\n\n<h2 class=\"wp-block-heading\"><span class=\"ez-toc-section\" id=\"Un_enjeu_de_societe\"><\/span>Un enjeu de soci\u00e9t\u00e9<span class=\"ez-toc-section-end\"><\/span><\/h2>\n\n\n\n<p>Avec le vieillissement de la population, la question du tourisme senior prend une nouvelle dimension. Les professionnels du secteur auraient tout int\u00e9r\u00eat \u00e0 mieux adapter leur communication.<\/p>\n\n\n\n<p>\u00ab\u00a0Nous travaillons sur des offres sp\u00e9cifiques pour cette client\u00e8le\u00a0\u00bb, explique Sophie, directrice d&rsquo;un office de tourisme. \u00ab\u00a0Les retrait\u00e9s repr\u00e9sentent d\u00e9sormais pr\u00e8s de 30% de notre fr\u00e9quentation estivale.\u00a0\u00bb<\/p>\n\n\n\n<p>Reste \u00e0 savoir si les futures r\u00e9formes pr\u00e9serveront ce dispositif qui semble contribuer au maintien du lien social et \u00e0 la qualit\u00e9 de vie des seniors.<\/p>\n\n\n\n<p>Vous souhaitez en savoir plus sur les aides aux vacances pour les personnes \u00e2g\u00e9es ? D\u00e9couvrez notre article sur les bons plans voyage apr\u00e8s 60 ans.<\/p>\n\n\n\n<p><br><br>\u00ab\u00a0`<\/p>\n\n\n<div class=\"kk-star-ratings kksr-auto kksr-align-center kksr-valign-bottom\"\n    data-payload='{&quot;align&quot;:&quot;center&quot;,&quot;id&quot;:&quot;659&quot;,&quot;slug&quot;:&quot;default&quot;,&quot;valign&quot;:&quot;bottom&quot;,&quot;ignore&quot;:&quot;&quot;,&quot;reference&quot;:&quot;auto&quot;,&quot;class&quot;:&quot;&quot;,&quot;count&quot;:&quot;0&quot;,&quot;legendonly&quot;:&quot;&quot;,&quot;readonly&quot;:&quot;&quot;,&quot;score&quot;:&quot;0&quot;,&quot;starsonly&quot;:&quot;&quot;,&quot;best&quot;:&quot;5&quot;,&quot;gap&quot;:&quot;5&quot;,&quot;greet&quot;:&quot;&quot;,&quot;legend&quot;:&quot;0\\\/5 - (0 vote)&quot;,&quot;size&quot;:&quot;24&quot;,&quot;title&quot;:&quot;B\u00e9n\u00e9ficier des ch\u00e8ques vacances \u00e0 la retraite : est-ce vraiment possible ?&quot;,&quot;width&quot;:&quot;0&quot;,&quot;_legend&quot;:&quot;{score}\\\/{best} - ({count} {votes})&quot;,&quot;font_factor&quot;:&quot;1.25&quot;}'>\n            \n<div class=\"kksr-stars\">\n    \n<div class=\"kksr-stars-inactive\">\n            <div class=\"kksr-star\" data-star=\"1\" style=\"padding-right: 5px\">\n            \n\n<div class=\"kksr-icon\" style=\"width: 24px; height: 24px;\"><\/div>\n        <\/div>\n            <div class=\"kksr-star\" data-star=\"2\" style=\"padding-right: 5px\">\n            \n\n<div class=\"kksr-icon\" style=\"width: 24px; height: 24px;\"><\/div>\n        <\/div>\n            <div class=\"kksr-star\" data-star=\"3\" style=\"padding-right: 5px\">\n            \n\n<div class=\"kksr-icon\" style=\"width: 24px; height: 24px;\"><\/div>\n        <\/div>\n            <div class=\"kksr-star\" data-star=\"4\" style=\"padding-right: 5px\">\n            \n\n<div class=\"kksr-icon\" style=\"width: 24px; height: 24px;\"><\/div>\n        <\/div>\n            <div class=\"kksr-star\" data-star=\"5\" style=\"padding-right: 5px\">\n            \n\n<div class=\"kksr-icon\" style=\"width: 24px; height: 24px;\"><\/div>\n        <\/div>\n    <\/div>\n    \n<div class=\"kksr-stars-active\" style=\"width: 0px;\">\n            <div class=\"kksr-star\" style=\"padding-right: 5px\">\n            \n\n<div class=\"kksr-icon\" style=\"width: 24px; height: 24px;\"><\/div>\n        <\/div>\n            <div class=\"kksr-star\" style=\"padding-right: 5px\">\n            \n\n<div class=\"kksr-icon\" style=\"width: 24px; height: 24px;\"><\/div>\n        <\/div>\n            <div class=\"kksr-star\" style=\"padding-right: 5px\">\n            \n\n<div class=\"kksr-icon\" style=\"width: 24px; height: 24px;\"><\/div>\n        <\/div>\n            <div class=\"kksr-star\" style=\"padding-right: 5px\">\n            \n\n<div class=\"kksr-icon\" style=\"width: 24px; height: 24px;\"><\/div>\n        <\/div>\n            <div class=\"kksr-star\" style=\"padding-right: 5px\">\n            \n\n<div class=\"kksr-icon\" style=\"width: 24px; height: 24px;\"><\/div>\n        <\/div>\n    <\/div>\n<\/div>\n                \n\n<div class=\"kksr-legend\" style=\"font-size: 19.2px;\">\n            <span class=\"kksr-muted\"><\/span>\n    <\/div>\n    <\/div>\n","protected":false},"excerpt":{"rendered":"<p>Alors que les seniors repr\u00e9sentent une part croissante de la population fran\u00e7aise, une question revient souvent : peut-on encore profiter des ch\u00e8ques vacances apr\u00e8s la retraite ? Un droit m\u00e9connu des retrait\u00e9s Contrairement \u00e0 une id\u00e9e re\u00e7ue, les ch\u00e8ques vacances ne seraient pas r\u00e9serv\u00e9s aux actifs. \u00ab\u00a0J&rsquo;ai d\u00e9couvert par hasard que je pouvais encore en &#8230; <a title=\"B\u00e9n\u00e9ficier des ch\u00e8ques vacances \u00e0 la retraite : est-ce vraiment possible ?\" class=\"read-more\" href=\"https:\/\/rachat2credit.fr\/guide\/beneficier-des-cheques-vacances-a-la-retraite-est-ce-vraiment-possible\/\" aria-label=\"En savoir plus sur B\u00e9n\u00e9ficier des ch\u00e8ques vacances \u00e0 la retraite : est-ce vraiment possible ?\">Lire plus<\/a><\/p>\n","protected":false},"author":1,"featured_media":660,"comment_status":"open","ping_status":"open","sticky":false,"template":"","format":"standard","meta":{"footnotes":""},"categories":[8],"tags":[],"class_list":["post-659","post","type-post","status-publish","format-standard","has-post-thumbnail","hentry","category-a-la-une"],"yoast_head":"<!-- This site is optimized with the Yoast SEO plugin v27.5 - https:\/\/yoast.com\/product\/yoast-seo-wordpress\/ -->\n<title>B\u00e9n\u00e9ficier des ch\u00e8ques vacances \u00e0 la retraite : est-ce vraiment possible ? - Rachat de Cr\u00e9dit<\/title>\n<meta name=\"robots\" content=\"index, follow, max-snippet:-1, max-image-preview:large, max-video-preview:-1\" \/>\n<link rel=\"canonical\" href=\"https:\/\/rachat2credit.fr\/guide\/beneficier-des-cheques-vacances-a-la-retraite-est-ce-vraiment-possible\/\" \/>\n<meta property=\"og:locale\" content=\"fr_FR\" \/>\n<meta property=\"og:type\" content=\"article\" \/>\n<meta property=\"og:title\" content=\"B\u00e9n\u00e9ficier des ch\u00e8ques vacances \u00e0 la retraite : est-ce vraiment possible ? - Rachat de Cr\u00e9dit\" \/>\n<meta property=\"og:description\" content=\"Alors que les seniors repr\u00e9sentent une part croissante de la population fran\u00e7aise, une question revient souvent : peut-on encore profiter des ch\u00e8ques vacances apr\u00e8s la retraite ? Un droit m\u00e9connu des retrait\u00e9s Contrairement \u00e0 une id\u00e9e re\u00e7ue, les ch\u00e8ques vacances ne seraient pas r\u00e9serv\u00e9s aux actifs. \u00ab\u00a0J&rsquo;ai d\u00e9couvert par hasard que je pouvais encore en ... Lire plus\" \/>\n<meta property=\"og:url\" content=\"https:\/\/rachat2credit.fr\/guide\/beneficier-des-cheques-vacances-a-la-retraite-est-ce-vraiment-possible\/\" \/>\n<meta property=\"og:site_name\" content=\"Rachat de Cr\u00e9dit\" \/>\n<meta property=\"article:published_time\" content=\"2025-08-03T05:28:00+00:00\" \/>\n<meta property=\"og:image\" content=\"https:\/\/rachat2credit.fr\/guide\/wp-content\/uploads\/2025\/07\/flux-659-1753558376.jpg\" \/>\n\t<meta property=\"og:image:width\" content=\"1344\" \/>\n\t<meta property=\"og:image:height\" content=\"768\" \/>\n\t<meta property=\"og:image:type\" content=\"image\/jpeg\" \/>\n<meta name=\"author\" content=\"Aurelien Boulanger\" \/>\n<meta name=\"twitter:card\" content=\"summary_large_image\" \/>\n<meta name=\"twitter:label1\" content=\"\u00c9crit par\" \/>\n\t<meta name=\"twitter:data1\" content=\"Aurelien Boulanger\" \/>\n\t<meta name=\"twitter:label2\" content=\"Dur\u00e9e de lecture estim\u00e9e\" \/>\n\t<meta name=\"twitter:data2\" content=\"2 minutes\" \/>\n<script type=\"application\/ld+json\" class=\"yoast-schema-graph\">{\"@context\":\"https:\\\/\\\/schema.org\",\"@graph\":[{\"@type\":\"NewsArticle\",\"@id\":\"https:\\\/\\\/rachat2credit.fr\\\/guide\\\/beneficier-des-cheques-vacances-a-la-retraite-est-ce-vraiment-possible\\\/#article\",\"isPartOf\":{\"@id\":\"https:\\\/\\\/rachat2credit.fr\\\/guide\\\/beneficier-des-cheques-vacances-a-la-retraite-est-ce-vraiment-possible\\\/\"},\"author\":{\"name\":\"Aurelien Boulanger\",\"@id\":\"https:\\\/\\\/rachat2credit.fr\\\/guide\\\/#\\\/schema\\\/person\\\/d4142086d07bc6acdc4722eabd955cc2\"},\"headline\":\"B\u00e9n\u00e9ficier des ch\u00e8ques vacances \u00e0 la retraite : est-ce vraiment possible ?\",\"datePublished\":\"2025-08-03T05:28:00+00:00\",\"mainEntityOfPage\":{\"@id\":\"https:\\\/\\\/rachat2credit.fr\\\/guide\\\/beneficier-des-cheques-vacances-a-la-retraite-est-ce-vraiment-possible\\\/\"},\"wordCount\":444,\"commentCount\":0,\"publisher\":{\"@id\":\"https:\\\/\\\/rachat2credit.fr\\\/guide\\\/#organization\"},\"image\":{\"@id\":\"https:\\\/\\\/rachat2credit.fr\\\/guide\\\/beneficier-des-cheques-vacances-a-la-retraite-est-ce-vraiment-possible\\\/#primaryimage\"},\"thumbnailUrl\":\"https:\\\/\\\/rachat2credit.fr\\\/guide\\\/wp-content\\\/uploads\\\/2025\\\/07\\\/flux-659-1753558376.jpg\",\"articleSection\":[\"A la une\"],\"inLanguage\":\"fr-FR\",\"potentialAction\":[{\"@type\":\"CommentAction\",\"name\":\"Comment\",\"target\":[\"https:\\\/\\\/rachat2credit.fr\\\/guide\\\/beneficier-des-cheques-vacances-a-la-retraite-est-ce-vraiment-possible\\\/#respond\"]}]},{\"@type\":\"WebPage\",\"@id\":\"https:\\\/\\\/rachat2credit.fr\\\/guide\\\/beneficier-des-cheques-vacances-a-la-retraite-est-ce-vraiment-possible\\\/\",\"url\":\"https:\\\/\\\/rachat2credit.fr\\\/guide\\\/beneficier-des-cheques-vacances-a-la-retraite-est-ce-vraiment-possible\\\/\",\"name\":\"B\u00e9n\u00e9ficier des ch\u00e8ques vacances \u00e0 la retraite : est-ce vraiment possible ? - Rachat de Cr\u00e9dit\",\"isPartOf\":{\"@id\":\"https:\\\/\\\/rachat2credit.fr\\\/guide\\\/#website\"},\"primaryImageOfPage\":{\"@id\":\"https:\\\/\\\/rachat2credit.fr\\\/guide\\\/beneficier-des-cheques-vacances-a-la-retraite-est-ce-vraiment-possible\\\/#primaryimage\"},\"image\":{\"@id\":\"https:\\\/\\\/rachat2credit.fr\\\/guide\\\/beneficier-des-cheques-vacances-a-la-retraite-est-ce-vraiment-possible\\\/#primaryimage\"},\"thumbnailUrl\":\"https:\\\/\\\/rachat2credit.fr\\\/guide\\\/wp-content\\\/uploads\\\/2025\\\/07\\\/flux-659-1753558376.jpg\",\"datePublished\":\"2025-08-03T05:28:00+00:00\",\"breadcrumb\":{\"@id\":\"https:\\\/\\\/rachat2credit.fr\\\/guide\\\/beneficier-des-cheques-vacances-a-la-retraite-est-ce-vraiment-possible\\\/#breadcrumb\"},\"inLanguage\":\"fr-FR\",\"potentialAction\":[{\"@type\":\"ReadAction\",\"target\":[\"https:\\\/\\\/rachat2credit.fr\\\/guide\\\/beneficier-des-cheques-vacances-a-la-retraite-est-ce-vraiment-possible\\\/\"]}]},{\"@type\":\"ImageObject\",\"inLanguage\":\"fr-FR\",\"@id\":\"https:\\\/\\\/rachat2credit.fr\\\/guide\\\/beneficier-des-cheques-vacances-a-la-retraite-est-ce-vraiment-possible\\\/#primaryimage\",\"url\":\"https:\\\/\\\/rachat2credit.fr\\\/guide\\\/wp-content\\\/uploads\\\/2025\\\/07\\\/flux-659-1753558376.jpg\",\"contentUrl\":\"https:\\\/\\\/rachat2credit.fr\\\/guide\\\/wp-content\\\/uploads\\\/2025\\\/07\\\/flux-659-1753558376.jpg\",\"width\":1344,\"height\":768},{\"@type\":\"BreadcrumbList\",\"@id\":\"https:\\\/\\\/rachat2credit.fr\\\/guide\\\/beneficier-des-cheques-vacances-a-la-retraite-est-ce-vraiment-possible\\\/#breadcrumb\",\"itemListElement\":[{\"@type\":\"ListItem\",\"position\":1,\"name\":\"Accueil\",\"item\":\"https:\\\/\\\/rachat2credit.fr\\\/guide\\\/\"},{\"@type\":\"ListItem\",\"position\":2,\"name\":\"B\u00e9n\u00e9ficier des ch\u00e8ques vacances \u00e0 la retraite : est-ce vraiment possible ?\"}]},{\"@type\":\"WebSite\",\"@id\":\"https:\\\/\\\/rachat2credit.fr\\\/guide\\\/#website\",\"url\":\"https:\\\/\\\/rachat2credit.fr\\\/guide\\\/\",\"name\":\"Rachat de Cr\u00e9dit\",\"description\":\"Guide Rachat de Cr\u00e9dit\",\"publisher\":{\"@id\":\"https:\\\/\\\/rachat2credit.fr\\\/guide\\\/#organization\"},\"potentialAction\":[{\"@type\":\"SearchAction\",\"target\":{\"@type\":\"EntryPoint\",\"urlTemplate\":\"https:\\\/\\\/rachat2credit.fr\\\/guide\\\/?s={search_term_string}\"},\"query-input\":{\"@type\":\"PropertyValueSpecification\",\"valueRequired\":true,\"valueName\":\"search_term_string\"}}],\"inLanguage\":\"fr-FR\"},{\"@type\":\"Organization\",\"@id\":\"https:\\\/\\\/rachat2credit.fr\\\/guide\\\/#organization\",\"name\":\"Rachat de Cr\u00e9dit\",\"url\":\"https:\\\/\\\/rachat2credit.fr\\\/guide\\\/\",\"logo\":{\"@type\":\"ImageObject\",\"inLanguage\":\"fr-FR\",\"@id\":\"https:\\\/\\\/rachat2credit.fr\\\/guide\\\/#\\\/schema\\\/logo\\\/image\\\/\",\"url\":\"https:\\\/\\\/rachat2credit.fr\\\/guide\\\/wp-content\\\/uploads\\\/2025\\\/05\\\/rachat2credit.png\",\"contentUrl\":\"https:\\\/\\\/rachat2credit.fr\\\/guide\\\/wp-content\\\/uploads\\\/2025\\\/05\\\/rachat2credit.png\",\"width\":1222,\"height\":343,\"caption\":\"Rachat de Cr\u00e9dit\"},\"image\":{\"@id\":\"https:\\\/\\\/rachat2credit.fr\\\/guide\\\/#\\\/schema\\\/logo\\\/image\\\/\"}},{\"@type\":\"Person\",\"@id\":\"https:\\\/\\\/rachat2credit.fr\\\/guide\\\/#\\\/schema\\\/person\\\/d4142086d07bc6acdc4722eabd955cc2\",\"name\":\"Aurelien Boulanger\",\"image\":{\"@type\":\"ImageObject\",\"inLanguage\":\"fr-FR\",\"@id\":\"https:\\\/\\\/secure.gravatar.com\\\/avatar\\\/32175434c9ca2b27bfeb905d1c3ec782a789caf494bc0ec8fa6ed0ee39c2e62a?s=96&d=mm&r=g\",\"url\":\"https:\\\/\\\/secure.gravatar.com\\\/avatar\\\/32175434c9ca2b27bfeb905d1c3ec782a789caf494bc0ec8fa6ed0ee39c2e62a?s=96&d=mm&r=g\",\"contentUrl\":\"https:\\\/\\\/secure.gravatar.com\\\/avatar\\\/32175434c9ca2b27bfeb905d1c3ec782a789caf494bc0ec8fa6ed0ee39c2e62a?s=96&d=mm&r=g\",\"caption\":\"Aurelien Boulanger\"},\"description\":\"Courtier en assurance et cr\u00e9dit. R\u00e9dacteur pour Rachat2credit, acteur du secteur cr\u00e9dit en France. Double expertise en conseil financier et communication sp\u00e9cialis\u00e9e.\",\"sameAs\":[\"https:\\\/\\\/rachat2credit.fr\\\/guide\"],\"url\":\"https:\\\/\\\/rachat2credit.fr\\\/guide\\\/author\\\/aurelien\\\/\"}]}<\/script>\n<!-- \/ Yoast SEO plugin. -->","yoast_head_json":{"title":"B\u00e9n\u00e9ficier des ch\u00e8ques vacances \u00e0 la retraite : est-ce vraiment possible ? - Rachat de Cr\u00e9dit","robots":{"index":"index","follow":"follow","max-snippet":"max-snippet:-1","max-image-preview":"max-image-preview:large","max-video-preview":"max-video-preview:-1"},"canonical":"https:\/\/rachat2credit.fr\/guide\/beneficier-des-cheques-vacances-a-la-retraite-est-ce-vraiment-possible\/","og_locale":"fr_FR","og_type":"article","og_title":"B\u00e9n\u00e9ficier des ch\u00e8ques vacances \u00e0 la retraite : est-ce vraiment possible ? - Rachat de Cr\u00e9dit","og_description":"Alors que les seniors repr\u00e9sentent une part croissante de la population fran\u00e7aise, une question revient souvent : peut-on encore profiter des ch\u00e8ques vacances apr\u00e8s la retraite ? Un droit m\u00e9connu des retrait\u00e9s Contrairement \u00e0 une id\u00e9e re\u00e7ue, les ch\u00e8ques vacances ne seraient pas r\u00e9serv\u00e9s aux actifs. \u00ab\u00a0J&rsquo;ai d\u00e9couvert par hasard que je pouvais encore en ... Lire plus","og_url":"https:\/\/rachat2credit.fr\/guide\/beneficier-des-cheques-vacances-a-la-retraite-est-ce-vraiment-possible\/","og_site_name":"Rachat de Cr\u00e9dit","article_published_time":"2025-08-03T05:28:00+00:00","og_image":[{"width":1344,"height":768,"url":"https:\/\/rachat2credit.fr\/guide\/wp-content\/uploads\/2025\/07\/flux-659-1753558376.jpg","type":"image\/jpeg"}],"author":"Aurelien Boulanger","twitter_card":"summary_large_image","twitter_misc":{"\u00c9crit par":"Aurelien Boulanger","Dur\u00e9e de lecture estim\u00e9e":"2 minutes"},"schema":{"@context":"https:\/\/schema.org","@graph":[{"@type":"NewsArticle","@id":"https:\/\/rachat2credit.fr\/guide\/beneficier-des-cheques-vacances-a-la-retraite-est-ce-vraiment-possible\/#article","isPartOf":{"@id":"https:\/\/rachat2credit.fr\/guide\/beneficier-des-cheques-vacances-a-la-retraite-est-ce-vraiment-possible\/"},"author":{"name":"Aurelien Boulanger","@id":"https:\/\/rachat2credit.fr\/guide\/#\/schema\/person\/d4142086d07bc6acdc4722eabd955cc2"},"headline":"B\u00e9n\u00e9ficier des ch\u00e8ques vacances \u00e0 la retraite : est-ce vraiment possible ?","datePublished":"2025-08-03T05:28:00+00:00","mainEntityOfPage":{"@id":"https:\/\/rachat2credit.fr\/guide\/beneficier-des-cheques-vacances-a-la-retraite-est-ce-vraiment-possible\/"},"wordCount":444,"commentCount":0,"publisher":{"@id":"https:\/\/rachat2credit.fr\/guide\/#organization"},"image":{"@id":"https:\/\/rachat2credit.fr\/guide\/beneficier-des-cheques-vacances-a-la-retraite-est-ce-vraiment-possible\/#primaryimage"},"thumbnailUrl":"https:\/\/rachat2credit.fr\/guide\/wp-content\/uploads\/2025\/07\/flux-659-1753558376.jpg","articleSection":["A la une"],"inLanguage":"fr-FR","potentialAction":[{"@type":"CommentAction","name":"Comment","target":["https:\/\/rachat2credit.fr\/guide\/beneficier-des-cheques-vacances-a-la-retraite-est-ce-vraiment-possible\/#respond"]}]},{"@type":"WebPage","@id":"https:\/\/rachat2credit.fr\/guide\/beneficier-des-cheques-vacances-a-la-retraite-est-ce-vraiment-possible\/","url":"https:\/\/rachat2credit.fr\/guide\/beneficier-des-cheques-vacances-a-la-retraite-est-ce-vraiment-possible\/","name":"B\u00e9n\u00e9ficier des ch\u00e8ques vacances \u00e0 la retraite : est-ce vraiment possible ? - Rachat de Cr\u00e9dit","isPartOf":{"@id":"https:\/\/rachat2credit.fr\/guide\/#website"},"primaryImageOfPage":{"@id":"https:\/\/rachat2credit.fr\/guide\/beneficier-des-cheques-vacances-a-la-retraite-est-ce-vraiment-possible\/#primaryimage"},"image":{"@id":"https:\/\/rachat2credit.fr\/guide\/beneficier-des-cheques-vacances-a-la-retraite-est-ce-vraiment-possible\/#primaryimage"},"thumbnailUrl":"https:\/\/rachat2credit.fr\/guide\/wp-content\/uploads\/2025\/07\/flux-659-1753558376.jpg","datePublished":"2025-08-03T05:28:00+00:00","breadcrumb":{"@id":"https:\/\/rachat2credit.fr\/guide\/beneficier-des-cheques-vacances-a-la-retraite-est-ce-vraiment-possible\/#breadcrumb"},"inLanguage":"fr-FR","potentialAction":[{"@type":"ReadAction","target":["https:\/\/rachat2credit.fr\/guide\/beneficier-des-cheques-vacances-a-la-retraite-est-ce-vraiment-possible\/"]}]},{"@type":"ImageObject","inLanguage":"fr-FR","@id":"https:\/\/rachat2credit.fr\/guide\/beneficier-des-cheques-vacances-a-la-retraite-est-ce-vraiment-possible\/#primaryimage","url":"https:\/\/rachat2credit.fr\/guide\/wp-content\/uploads\/2025\/07\/flux-659-1753558376.jpg","contentUrl":"https:\/\/rachat2credit.fr\/guide\/wp-content\/uploads\/2025\/07\/flux-659-1753558376.jpg","width":1344,"height":768},{"@type":"BreadcrumbList","@id":"https:\/\/rachat2credit.fr\/guide\/beneficier-des-cheques-vacances-a-la-retraite-est-ce-vraiment-possible\/#breadcrumb","itemListElement":[{"@type":"ListItem","position":1,"name":"Accueil","item":"https:\/\/rachat2credit.fr\/guide\/"},{"@type":"ListItem","position":2,"name":"B\u00e9n\u00e9ficier des ch\u00e8ques vacances \u00e0 la retraite : est-ce vraiment possible ?"}]},{"@type":"WebSite","@id":"https:\/\/rachat2credit.fr\/guide\/#website","url":"https:\/\/rachat2credit.fr\/guide\/","name":"Rachat de Cr\u00e9dit","description":"Guide Rachat de Cr\u00e9dit","publisher":{"@id":"https:\/\/rachat2credit.fr\/guide\/#organization"},"potentialAction":[{"@type":"SearchAction","target":{"@type":"EntryPoint","urlTemplate":"https:\/\/rachat2credit.fr\/guide\/?s={search_term_string}"},"query-input":{"@type":"PropertyValueSpecification","valueRequired":true,"valueName":"search_term_string"}}],"inLanguage":"fr-FR"},{"@type":"Organization","@id":"https:\/\/rachat2credit.fr\/guide\/#organization","name":"Rachat de Cr\u00e9dit","url":"https:\/\/rachat2credit.fr\/guide\/","logo":{"@type":"ImageObject","inLanguage":"fr-FR","@id":"https:\/\/rachat2credit.fr\/guide\/#\/schema\/logo\/image\/","url":"https:\/\/rachat2credit.fr\/guide\/wp-content\/uploads\/2025\/05\/rachat2credit.png","contentUrl":"https:\/\/rachat2credit.fr\/guide\/wp-content\/uploads\/2025\/05\/rachat2credit.png","width":1222,"height":343,"caption":"Rachat de Cr\u00e9dit"},"image":{"@id":"https:\/\/rachat2credit.fr\/guide\/#\/schema\/logo\/image\/"}},{"@type":"Person","@id":"https:\/\/rachat2credit.fr\/guide\/#\/schema\/person\/d4142086d07bc6acdc4722eabd955cc2","name":"Aurelien Boulanger","image":{"@type":"ImageObject","inLanguage":"fr-FR","@id":"https:\/\/secure.gravatar.com\/avatar\/32175434c9ca2b27bfeb905d1c3ec782a789caf494bc0ec8fa6ed0ee39c2e62a?s=96&d=mm&r=g","url":"https:\/\/secure.gravatar.com\/avatar\/32175434c9ca2b27bfeb905d1c3ec782a789caf494bc0ec8fa6ed0ee39c2e62a?s=96&d=mm&r=g","contentUrl":"https:\/\/secure.gravatar.com\/avatar\/32175434c9ca2b27bfeb905d1c3ec782a789caf494bc0ec8fa6ed0ee39c2e62a?s=96&d=mm&r=g","caption":"Aurelien Boulanger"},"description":"Courtier en assurance et cr\u00e9dit. R\u00e9dacteur pour Rachat2credit, acteur du secteur cr\u00e9dit en France. Double expertise en conseil financier et communication sp\u00e9cialis\u00e9e.","sameAs":["https:\/\/rachat2credit.fr\/guide"],"url":"https:\/\/rachat2credit.fr\/guide\/author\/aurelien\/"}]}},"_links":{"self":[{"href":"https:\/\/rachat2credit.fr\/guide\/wp-json\/wp\/v2\/posts\/659","targetHints":{"allow":["GET"]}}],"collection":[{"href":"https:\/\/rachat2credit.fr\/guide\/wp-json\/wp\/v2\/posts"}],"about":[{"href":"https:\/\/rachat2credit.fr\/guide\/wp-json\/wp\/v2\/types\/post"}],"author":[{"embeddable":true,"href":"https:\/\/rachat2credit.fr\/guide\/wp-json\/wp\/v2\/users\/1"}],"replies":[{"embeddable":true,"href":"https:\/\/rachat2credit.fr\/guide\/wp-json\/wp\/v2\/comments?post=659"}],"version-history":[{"count":1,"href":"https:\/\/rachat2credit.fr\/guide\/wp-json\/wp\/v2\/posts\/659\/revisions"}],"predecessor-version":[{"id":661,"href":"https:\/\/rachat2credit.fr\/guide\/wp-json\/wp\/v2\/posts\/659\/revisions\/661"}],"wp:featuredmedia":[{"embeddable":true,"href":"https:\/\/rachat2credit.fr\/guide\/wp-json\/wp\/v2\/media\/660"}],"wp:attachment":[{"href":"https:\/\/rachat2credit.fr\/guide\/wp-json\/wp\/v2\/media?parent=659"}],"wp:term":[{"taxonomy":"category","embeddable":true,"href":"https:\/\/rachat2credit.fr\/guide\/wp-json\/wp\/v2\/categories?post=659"},{"taxonomy":"post_tag","embeddable":true,"href":"https:\/\/rachat2credit.fr\/guide\/wp-json\/wp\/v2\/tags?post=659"}],"curies":[{"name":"wp","href":"https:\/\/api.w.org\/{rel}","templated":true}]}}