{"id":704,"date":"2025-08-05T06:45:52","date_gmt":"2025-08-05T04:45:52","guid":{"rendered":"https:\/\/rachat2credit.fr\/guide\/combien-couterait-vieillir-chez-soi-jai-du-vendre-ma-maison-pour-payer-les-aides-a-domicile\/"},"modified":"2025-08-05T06:45:52","modified_gmt":"2025-08-05T04:45:52","slug":"combien-couterait-vieillir-chez-soi-jai-du-vendre-ma-maison-pour-payer-les-aides-a-domicile","status":"publish","type":"post","link":"https:\/\/rachat2credit.fr\/guide\/combien-couterait-vieillir-chez-soi-jai-du-vendre-ma-maison-pour-payer-les-aides-a-domicile\/","title":{"rendered":"Combien co\u00fbterait vieillir chez soi ? \u201cJ\u2019ai d\u00fb vendre ma maison pour payer les aides \u00e0 domicile\u201d"},"content":{"rendered":"<p>\u00ab\u00a0`html<\/p>\n<p><strong>\u00ab\u00a0Combien co\u00fbte vieillir chez soi ?\u00a0\u00bb<\/strong> La r\u00e9ponse pourrait surprendre ceux qui imaginent cette solution comme la plus \u00e9conomique. Entre adaptations du logement, aides \u00e0 domicile et technologies m\u00e9dicales, le maintien \u00e0 domicile des seniors r\u00e9v\u00e8le une r\u00e9alit\u00e9 financi\u00e8re complexe.<\/p>\n<div id=\"ez-toc-container\" class=\"ez-toc-v2_0_82_2 counter-hierarchy ez-toc-counter ez-toc-grey ez-toc-container-direction\">\n<p class=\"ez-toc-title\" style=\"cursor:inherit\">Sommaire<\/p>\n<label for=\"ez-toc-cssicon-toggle-item-69f10506049f1\" class=\"ez-toc-cssicon-toggle-label\"><span class=\"ez-toc-cssicon\"><span class=\"eztoc-hide\" style=\"display:none;\">Toggle<\/span><span class=\"ez-toc-icon-toggle-span\"><svg style=\"fill: #999;color:#999\" xmlns=\"http:\/\/www.w3.org\/2000\/svg\" class=\"list-377408\" width=\"20px\" height=\"20px\" viewBox=\"0 0 24 24\" fill=\"none\"><path d=\"M6 6H4v2h2V6zm14 0H8v2h12V6zM4 11h2v2H4v-2zm16 0H8v2h12v-2zM4 16h2v2H4v-2zm16 0H8v2h12v-2z\" fill=\"currentColor\"><\/path><\/svg><svg style=\"fill: #999;color:#999\" class=\"arrow-unsorted-368013\" xmlns=\"http:\/\/www.w3.org\/2000\/svg\" width=\"10px\" height=\"10px\" viewBox=\"0 0 24 24\" version=\"1.2\" baseProfile=\"tiny\"><path d=\"M18.2 9.3l-6.2-6.3-6.2 6.3c-.2.2-.3.4-.3.7s.1.5.3.7c.2.2.4.3.7.3h11c.3 0 .5-.1.7-.3.2-.2.3-.5.3-.7s-.1-.5-.3-.7zM5.8 14.7l6.2 6.3 6.2-6.3c.2-.2.3-.5.3-.7s-.1-.5-.3-.7c-.2-.2-.4-.3-.7-.3h-11c-.3 0-.5.1-.7.3-.2.2-.3.5-.3.7s.1.5.3.7z\"\/><\/svg><\/span><\/span><\/label><input type=\"checkbox\"  id=\"ez-toc-cssicon-toggle-item-69f10506049f1\" checked aria-label=\"Toggle\" \/><nav><ul class='ez-toc-list ez-toc-list-level-1 ' ><li class='ez-toc-page-1 ez-toc-heading-level-2'><a class=\"ez-toc-link ez-toc-heading-1\" href=\"https:\/\/rachat2credit.fr\/guide\/combien-couterait-vieillir-chez-soi-jai-du-vendre-ma-maison-pour-payer-les-aides-a-domicile\/#Un_choix_de_coeur%E2%80%A6_mais_a_quel_prix\" >Un choix de c\u0153ur&#8230; mais \u00e0 quel prix ?<\/a><\/li><li class='ez-toc-page-1 ez-toc-heading-level-2'><a class=\"ez-toc-link ez-toc-heading-2\" href=\"https:\/\/rachat2credit.fr\/guide\/combien-couterait-vieillir-chez-soi-jai-du-vendre-ma-maison-pour-payer-les-aides-a-domicile\/#Les_postes_de_depenses_invisibles\" >Les postes de d\u00e9penses invisibles<\/a><\/li><li class='ez-toc-page-1 ez-toc-heading-level-2'><a class=\"ez-toc-link ez-toc-heading-3\" href=\"https:\/\/rachat2credit.fr\/guide\/combien-couterait-vieillir-chez-soi-jai-du-vendre-ma-maison-pour-payer-les-aides-a-domicile\/#Les_aides_existent%E2%80%A6_mais_se_meritent\" >Les aides existent&#8230; mais se m\u00e9ritent<\/a><\/li><li class='ez-toc-page-1 ez-toc-heading-level-2'><a class=\"ez-toc-link ez-toc-heading-4\" href=\"https:\/\/rachat2credit.fr\/guide\/combien-couterait-vieillir-chez-soi-jai-du-vendre-ma-maison-pour-payer-les-aides-a-domicile\/#La_solution_intermediaire_qui_seduit\" >La solution interm\u00e9diaire qui s\u00e9duit<\/a><\/li><li class='ez-toc-page-1 ez-toc-heading-level-2'><a class=\"ez-toc-link ez-toc-heading-5\" href=\"https:\/\/rachat2credit.fr\/guide\/combien-couterait-vieillir-chez-soi-jai-du-vendre-ma-maison-pour-payer-les-aides-a-domicile\/#Votre_logement_est-il_adapte_Le_test_choc\" >Votre logement est-il adapt\u00e9 ? Le test choc<\/a><\/li><\/ul><\/nav><\/div>\n<h2><span class=\"ez-toc-section\" id=\"Un_choix_de_coeur%E2%80%A6_mais_a_quel_prix\"><\/span>Un choix de c\u0153ur&#8230; mais \u00e0 quel prix ?<span class=\"ez-toc-section-end\"><\/span><\/h2>\n<p>Martine, 68 ans, a pr\u00e9f\u00e9r\u00e9 rester dans sa maison de famille plut\u00f4t que d&rsquo;int\u00e9grer une r\u00e9sidence senior. <em>\u00ab\u00a0Je pensais \u00e9conomiser, mais entre l&rsquo;ascenseur et les travaux de salle de bain, j&rsquo;ai d\u00e9j\u00e0 d\u00e9pens\u00e9 25 000\u20ac\u00a0\u00bb<\/em>, confie-t-elle. Son cas n&rsquo;est pas isol\u00e9 : selon une <a href=\"https:\/\/www.service-public.fr\/particuliers\/vosdroits\/F2035\" target=\"_blank\" rel=\"noopener\">\u00e9tude gouvernementale<\/a>, 73% des Fran\u00e7ais sous-estiment les co\u00fbts r\u00e9els du maintien \u00e0 domicile.<\/p>\n<h2><span class=\"ez-toc-section\" id=\"Les_postes_de_depenses_invisibles\"><\/span>Les postes de d\u00e9penses invisibles<span class=\"ez-toc-section-end\"><\/span><\/h2>\n<p>Contrairement aux id\u00e9es re\u00e7ues, vieillir chez soi implique des investissements souvent m\u00e9connus :<\/p>\n<ul>\n<li><strong>Am\u00e9nagements de s\u00e9curit\u00e9<\/strong> : barres d&rsquo;appui, sols antid\u00e9rapants (\u00e0 partir de 1 500\u20ac)<\/li>\n<li><strong>Services \u00e0 domicile<\/strong> : aide-m\u00e9nag\u00e8re, infirmi\u00e8re (jusqu&rsquo;\u00e0 3 000\u20ac\/mois)<\/li>\n<li><strong>Technologies<\/strong> : capteurs de chute, piluliers connect\u00e9s (environ 200\u20ac\/mois)<\/li>\n<\/ul>\n<p><em>\u00ab\u00a0Ma t\u00e9l\u00e9surveillance co\u00fbte plus cher que ma box internet\u00a0\u00bb<\/em>, ironise Robert, 72 ans, qui consacre 15% de sa retraite \u00e0 ces dispositifs.<\/p>\n<h2><span class=\"ez-toc-section\" id=\"Les_aides_existent%E2%80%A6_mais_se_meritent\"><\/span>Les aides existent&#8230; mais se m\u00e9ritent<span class=\"ez-toc-section-end\"><\/span><\/h2>\n<p>L&rsquo;\u00c9tat propose effectivement des subventions comme l&rsquo;<a href=\"https:\/\/www.service-public.fr\/particuliers\/vosdroits\/F17521\" target=\"_blank\" rel=\"noopener\">APA (Allocation Personnalis\u00e9e d&rsquo;Autonomie)<\/a>, mais leur obtention rel\u00e8verait du parcours du combattant selon plusieurs b\u00e9n\u00e9ficiaires. <em>\u00ab\u00a0J&rsquo;ai mis huit mois \u00e0 obtenir 280\u20ac mensuels\u00a0\u00bb<\/em>, t\u00e9moigne Suzanne, 81 ans.<\/p>\n<h2><span class=\"ez-toc-section\" id=\"La_solution_intermediaire_qui_seduit\"><\/span>La solution interm\u00e9diaire qui s\u00e9duit<span class=\"ez-toc-section-end\"><\/span><\/h2>\n<p>Face \u00e0 ces co\u00fbts, certaines familles optent pour des solutions hybrides :<\/p>\n<ul>\n<li>Colocation interg\u00e9n\u00e9rationnelle (\u00e9conomie moyenne de 40%)<\/li>\n<li>R\u00e9sidences services avec assistance modulable<\/li>\n<li>Maisons partag\u00e9es entre seniors<\/li>\n<\/ul>\n<p>Comme le souligne un expert du secteur : <em>\u00ab\u00a0L&rsquo;id\u00e9al serait de planifier ces d\u00e9penses d\u00e8s 60 ans, comme on pr\u00e9pare sa retraite financi\u00e8re.\u00a0\u00bb<\/em> Une anticipation qui pourrait \u00e9viter bien des surprises d\u00e9sagr\u00e9ables.<\/p>\n<h2><span class=\"ez-toc-section\" id=\"Votre_logement_est-il_adapte_Le_test_choc\"><\/span>Votre logement est-il adapt\u00e9 ? Le test choc<span class=\"ez-toc-section-end\"><\/span><\/h2>\n<p>Pour \u00e9valuer le co\u00fbt potentiel de votre maintien \u00e0 domicile, posez-vous ces 3 questions :<\/p>\n<ol>\n<li>Votre salle de bain permet-elle une aide ext\u00e9rieure ?<\/li>\n<li>Pouvez-vous vivre sans monter d&rsquo;escaliers ?<\/li>\n<li>Avez-vous pr\u00e9vu un budget \u00ab\u00a0d\u00e9pendance\u00a0\u00bb ?<\/li>\n<\/ol>\n<p>Si vous avez r\u00e9pondu non \u00e0 l&rsquo;une de ces questions, votre projet pourrait n\u00e9cessiter des investissements importants. Comme le rappelle Martine : <em>\u00ab\u00a0Vieillir chez soi, c&rsquo;est possible&#8230; \u00e0 condition d&rsquo;en conna\u00eetre le vrai prix.\u00a0\u00bb<\/em><\/p>\n<p>\u00ab\u00a0`<\/p>\n\n\n<div class=\"kk-star-ratings kksr-auto kksr-align-center kksr-valign-bottom\"\n    data-payload='{&quot;align&quot;:&quot;center&quot;,&quot;id&quot;:&quot;704&quot;,&quot;slug&quot;:&quot;default&quot;,&quot;valign&quot;:&quot;bottom&quot;,&quot;ignore&quot;:&quot;&quot;,&quot;reference&quot;:&quot;auto&quot;,&quot;class&quot;:&quot;&quot;,&quot;count&quot;:&quot;0&quot;,&quot;legendonly&quot;:&quot;&quot;,&quot;readonly&quot;:&quot;&quot;,&quot;score&quot;:&quot;0&quot;,&quot;starsonly&quot;:&quot;&quot;,&quot;best&quot;:&quot;5&quot;,&quot;gap&quot;:&quot;5&quot;,&quot;greet&quot;:&quot;&quot;,&quot;legend&quot;:&quot;0\\\/5 - (0 vote)&quot;,&quot;size&quot;:&quot;24&quot;,&quot;title&quot;:&quot;Combien co\u00fbterait vieillir chez soi ? \u201cJ\u2019ai d\u00fb vendre ma maison pour payer les aides \u00e0 domicile\u201d&quot;,&quot;width&quot;:&quot;0&quot;,&quot;_legend&quot;:&quot;{score}\\\/{best} - ({count} {votes})&quot;,&quot;font_factor&quot;:&quot;1.25&quot;}'>\n            \n<div class=\"kksr-stars\">\n    \n<div class=\"kksr-stars-inactive\">\n            <div class=\"kksr-star\" data-star=\"1\" style=\"padding-right: 5px\">\n            \n\n<div class=\"kksr-icon\" style=\"width: 24px; height: 24px;\"><\/div>\n        <\/div>\n            <div class=\"kksr-star\" data-star=\"2\" style=\"padding-right: 5px\">\n            \n\n<div class=\"kksr-icon\" style=\"width: 24px; height: 24px;\"><\/div>\n        <\/div>\n            <div class=\"kksr-star\" data-star=\"3\" style=\"padding-right: 5px\">\n            \n\n<div class=\"kksr-icon\" style=\"width: 24px; height: 24px;\"><\/div>\n        <\/div>\n            <div class=\"kksr-star\" data-star=\"4\" style=\"padding-right: 5px\">\n            \n\n<div class=\"kksr-icon\" style=\"width: 24px; height: 24px;\"><\/div>\n        <\/div>\n            <div class=\"kksr-star\" data-star=\"5\" style=\"padding-right: 5px\">\n            \n\n<div class=\"kksr-icon\" style=\"width: 24px; height: 24px;\"><\/div>\n        <\/div>\n    <\/div>\n    \n<div class=\"kksr-stars-active\" style=\"width: 0px;\">\n            <div class=\"kksr-star\" style=\"padding-right: 5px\">\n            \n\n<div class=\"kksr-icon\" style=\"width: 24px; height: 24px;\"><\/div>\n        <\/div>\n            <div class=\"kksr-star\" style=\"padding-right: 5px\">\n            \n\n<div class=\"kksr-icon\" style=\"width: 24px; height: 24px;\"><\/div>\n        <\/div>\n            <div class=\"kksr-star\" style=\"padding-right: 5px\">\n            \n\n<div class=\"kksr-icon\" style=\"width: 24px; height: 24px;\"><\/div>\n        <\/div>\n            <div class=\"kksr-star\" style=\"padding-right: 5px\">\n            \n\n<div class=\"kksr-icon\" style=\"width: 24px; height: 24px;\"><\/div>\n        <\/div>\n            <div class=\"kksr-star\" style=\"padding-right: 5px\">\n            \n\n<div class=\"kksr-icon\" style=\"width: 24px; height: 24px;\"><\/div>\n        <\/div>\n    <\/div>\n<\/div>\n                \n\n<div class=\"kksr-legend\" style=\"font-size: 19.2px;\">\n            <span class=\"kksr-muted\"><\/span>\n    <\/div>\n    <\/div>\n","protected":false},"excerpt":{"rendered":"<p>\u00ab\u00a0`html \u00ab\u00a0Combien co\u00fbte vieillir chez soi ?\u00a0\u00bb La r\u00e9ponse pourrait surprendre ceux qui imaginent cette solution comme la plus \u00e9conomique. Entre adaptations du logement, aides \u00e0 domicile et technologies m\u00e9dicales, le maintien \u00e0 domicile des seniors r\u00e9v\u00e8le une r\u00e9alit\u00e9 financi\u00e8re complexe. Un choix de c\u0153ur&#8230; mais \u00e0 quel prix ? Martine, 68 ans, a pr\u00e9f\u00e9r\u00e9 &#8230; <a title=\"Combien co\u00fbterait vieillir chez soi ? \u201cJ\u2019ai d\u00fb vendre ma maison pour payer les aides \u00e0 domicile\u201d\" class=\"read-more\" href=\"https:\/\/rachat2credit.fr\/guide\/combien-couterait-vieillir-chez-soi-jai-du-vendre-ma-maison-pour-payer-les-aides-a-domicile\/\" aria-label=\"En savoir plus sur Combien co\u00fbterait vieillir chez soi ? \u201cJ\u2019ai d\u00fb vendre ma maison pour payer les aides \u00e0 domicile\u201d\">Lire plus<\/a><\/p>\n","protected":false},"author":1,"featured_media":705,"comment_status":"open","ping_status":"open","sticky":false,"template":"","format":"standard","meta":{"footnotes":""},"categories":[8],"tags":[],"class_list":["post-704","post","type-post","status-publish","format-standard","has-post-thumbnail","hentry","category-a-la-une"],"yoast_head":"<!-- This site is optimized with the Yoast SEO plugin v27.5 - https:\/\/yoast.com\/product\/yoast-seo-wordpress\/ -->\n<title>Combien co\u00fbterait vieillir chez soi ? \u201cJ\u2019ai d\u00fb vendre ma maison pour payer les aides \u00e0 domicile\u201d - Rachat de Cr\u00e9dit<\/title>\n<meta name=\"robots\" content=\"index, follow, max-snippet:-1, max-image-preview:large, max-video-preview:-1\" \/>\n<link rel=\"canonical\" href=\"https:\/\/rachat2credit.fr\/guide\/combien-couterait-vieillir-chez-soi-jai-du-vendre-ma-maison-pour-payer-les-aides-a-domicile\/\" \/>\n<meta property=\"og:locale\" content=\"fr_FR\" \/>\n<meta property=\"og:type\" content=\"article\" \/>\n<meta property=\"og:title\" content=\"Combien co\u00fbterait vieillir chez soi ? \u201cJ\u2019ai d\u00fb vendre ma maison pour payer les aides \u00e0 domicile\u201d - Rachat de Cr\u00e9dit\" \/>\n<meta property=\"og:description\" content=\"\u00ab\u00a0`html \u00ab\u00a0Combien co\u00fbte vieillir chez soi ?\u00a0\u00bb La r\u00e9ponse pourrait surprendre ceux qui imaginent cette solution comme la plus \u00e9conomique. Entre adaptations du logement, aides \u00e0 domicile et technologies m\u00e9dicales, le maintien \u00e0 domicile des seniors r\u00e9v\u00e8le une r\u00e9alit\u00e9 financi\u00e8re complexe. Un choix de c\u0153ur&#8230; mais \u00e0 quel prix ? Martine, 68 ans, a pr\u00e9f\u00e9r\u00e9 ... Lire plus\" \/>\n<meta property=\"og:url\" content=\"https:\/\/rachat2credit.fr\/guide\/combien-couterait-vieillir-chez-soi-jai-du-vendre-ma-maison-pour-payer-les-aides-a-domicile\/\" \/>\n<meta property=\"og:site_name\" content=\"Rachat de Cr\u00e9dit\" \/>\n<meta property=\"article:published_time\" content=\"2025-08-05T04:45:52+00:00\" \/>\n<meta property=\"og:image\" content=\"https:\/\/rachat2credit.fr\/guide\/wp-content\/uploads\/2025\/08\/flux-704-1754369162.jpg\" \/>\n\t<meta property=\"og:image:width\" content=\"1344\" \/>\n\t<meta property=\"og:image:height\" content=\"768\" \/>\n\t<meta property=\"og:image:type\" content=\"image\/jpeg\" \/>\n<meta name=\"author\" content=\"Aurelien Boulanger\" \/>\n<meta name=\"twitter:card\" content=\"summary_large_image\" \/>\n<meta name=\"twitter:label1\" content=\"\u00c9crit par\" \/>\n\t<meta name=\"twitter:data1\" content=\"Aurelien Boulanger\" \/>\n\t<meta name=\"twitter:label2\" content=\"Dur\u00e9e de lecture estim\u00e9e\" \/>\n\t<meta name=\"twitter:data2\" content=\"2 minutes\" \/>\n<script type=\"application\/ld+json\" class=\"yoast-schema-graph\">{\"@context\":\"https:\\\/\\\/schema.org\",\"@graph\":[{\"@type\":\"NewsArticle\",\"@id\":\"https:\\\/\\\/rachat2credit.fr\\\/guide\\\/combien-couterait-vieillir-chez-soi-jai-du-vendre-ma-maison-pour-payer-les-aides-a-domicile\\\/#article\",\"isPartOf\":{\"@id\":\"https:\\\/\\\/rachat2credit.fr\\\/guide\\\/combien-couterait-vieillir-chez-soi-jai-du-vendre-ma-maison-pour-payer-les-aides-a-domicile\\\/\"},\"author\":{\"name\":\"Aurelien Boulanger\",\"@id\":\"https:\\\/\\\/rachat2credit.fr\\\/guide\\\/#\\\/schema\\\/person\\\/d4142086d07bc6acdc4722eabd955cc2\"},\"headline\":\"Combien co\u00fbterait vieillir chez soi ? \u201cJ\u2019ai d\u00fb vendre ma maison pour payer les aides \u00e0 domicile\u201d\",\"datePublished\":\"2025-08-05T04:45:52+00:00\",\"mainEntityOfPage\":{\"@id\":\"https:\\\/\\\/rachat2credit.fr\\\/guide\\\/combien-couterait-vieillir-chez-soi-jai-du-vendre-ma-maison-pour-payer-les-aides-a-domicile\\\/\"},\"wordCount\":408,\"commentCount\":0,\"publisher\":{\"@id\":\"https:\\\/\\\/rachat2credit.fr\\\/guide\\\/#organization\"},\"image\":{\"@id\":\"https:\\\/\\\/rachat2credit.fr\\\/guide\\\/combien-couterait-vieillir-chez-soi-jai-du-vendre-ma-maison-pour-payer-les-aides-a-domicile\\\/#primaryimage\"},\"thumbnailUrl\":\"https:\\\/\\\/rachat2credit.fr\\\/guide\\\/wp-content\\\/uploads\\\/2025\\\/08\\\/flux-704-1754369162.jpg\",\"articleSection\":[\"A la une\"],\"inLanguage\":\"fr-FR\",\"potentialAction\":[{\"@type\":\"CommentAction\",\"name\":\"Comment\",\"target\":[\"https:\\\/\\\/rachat2credit.fr\\\/guide\\\/combien-couterait-vieillir-chez-soi-jai-du-vendre-ma-maison-pour-payer-les-aides-a-domicile\\\/#respond\"]}]},{\"@type\":\"WebPage\",\"@id\":\"https:\\\/\\\/rachat2credit.fr\\\/guide\\\/combien-couterait-vieillir-chez-soi-jai-du-vendre-ma-maison-pour-payer-les-aides-a-domicile\\\/\",\"url\":\"https:\\\/\\\/rachat2credit.fr\\\/guide\\\/combien-couterait-vieillir-chez-soi-jai-du-vendre-ma-maison-pour-payer-les-aides-a-domicile\\\/\",\"name\":\"Combien co\u00fbterait vieillir chez soi ? \u201cJ\u2019ai d\u00fb vendre ma maison pour payer les aides \u00e0 domicile\u201d - Rachat de Cr\u00e9dit\",\"isPartOf\":{\"@id\":\"https:\\\/\\\/rachat2credit.fr\\\/guide\\\/#website\"},\"primaryImageOfPage\":{\"@id\":\"https:\\\/\\\/rachat2credit.fr\\\/guide\\\/combien-couterait-vieillir-chez-soi-jai-du-vendre-ma-maison-pour-payer-les-aides-a-domicile\\\/#primaryimage\"},\"image\":{\"@id\":\"https:\\\/\\\/rachat2credit.fr\\\/guide\\\/combien-couterait-vieillir-chez-soi-jai-du-vendre-ma-maison-pour-payer-les-aides-a-domicile\\\/#primaryimage\"},\"thumbnailUrl\":\"https:\\\/\\\/rachat2credit.fr\\\/guide\\\/wp-content\\\/uploads\\\/2025\\\/08\\\/flux-704-1754369162.jpg\",\"datePublished\":\"2025-08-05T04:45:52+00:00\",\"breadcrumb\":{\"@id\":\"https:\\\/\\\/rachat2credit.fr\\\/guide\\\/combien-couterait-vieillir-chez-soi-jai-du-vendre-ma-maison-pour-payer-les-aides-a-domicile\\\/#breadcrumb\"},\"inLanguage\":\"fr-FR\",\"potentialAction\":[{\"@type\":\"ReadAction\",\"target\":[\"https:\\\/\\\/rachat2credit.fr\\\/guide\\\/combien-couterait-vieillir-chez-soi-jai-du-vendre-ma-maison-pour-payer-les-aides-a-domicile\\\/\"]}]},{\"@type\":\"ImageObject\",\"inLanguage\":\"fr-FR\",\"@id\":\"https:\\\/\\\/rachat2credit.fr\\\/guide\\\/combien-couterait-vieillir-chez-soi-jai-du-vendre-ma-maison-pour-payer-les-aides-a-domicile\\\/#primaryimage\",\"url\":\"https:\\\/\\\/rachat2credit.fr\\\/guide\\\/wp-content\\\/uploads\\\/2025\\\/08\\\/flux-704-1754369162.jpg\",\"contentUrl\":\"https:\\\/\\\/rachat2credit.fr\\\/guide\\\/wp-content\\\/uploads\\\/2025\\\/08\\\/flux-704-1754369162.jpg\",\"width\":1344,\"height\":768},{\"@type\":\"BreadcrumbList\",\"@id\":\"https:\\\/\\\/rachat2credit.fr\\\/guide\\\/combien-couterait-vieillir-chez-soi-jai-du-vendre-ma-maison-pour-payer-les-aides-a-domicile\\\/#breadcrumb\",\"itemListElement\":[{\"@type\":\"ListItem\",\"position\":1,\"name\":\"Accueil\",\"item\":\"https:\\\/\\\/rachat2credit.fr\\\/guide\\\/\"},{\"@type\":\"ListItem\",\"position\":2,\"name\":\"Combien co\u00fbterait vieillir chez soi ? \u201cJ\u2019ai d\u00fb vendre ma maison pour payer les aides \u00e0 domicile\u201d\"}]},{\"@type\":\"WebSite\",\"@id\":\"https:\\\/\\\/rachat2credit.fr\\\/guide\\\/#website\",\"url\":\"https:\\\/\\\/rachat2credit.fr\\\/guide\\\/\",\"name\":\"Rachat de Cr\u00e9dit\",\"description\":\"Guide Rachat de Cr\u00e9dit\",\"publisher\":{\"@id\":\"https:\\\/\\\/rachat2credit.fr\\\/guide\\\/#organization\"},\"potentialAction\":[{\"@type\":\"SearchAction\",\"target\":{\"@type\":\"EntryPoint\",\"urlTemplate\":\"https:\\\/\\\/rachat2credit.fr\\\/guide\\\/?s={search_term_string}\"},\"query-input\":{\"@type\":\"PropertyValueSpecification\",\"valueRequired\":true,\"valueName\":\"search_term_string\"}}],\"inLanguage\":\"fr-FR\"},{\"@type\":\"Organization\",\"@id\":\"https:\\\/\\\/rachat2credit.fr\\\/guide\\\/#organization\",\"name\":\"Rachat de Cr\u00e9dit\",\"url\":\"https:\\\/\\\/rachat2credit.fr\\\/guide\\\/\",\"logo\":{\"@type\":\"ImageObject\",\"inLanguage\":\"fr-FR\",\"@id\":\"https:\\\/\\\/rachat2credit.fr\\\/guide\\\/#\\\/schema\\\/logo\\\/image\\\/\",\"url\":\"https:\\\/\\\/rachat2credit.fr\\\/guide\\\/wp-content\\\/uploads\\\/2025\\\/05\\\/rachat2credit.png\",\"contentUrl\":\"https:\\\/\\\/rachat2credit.fr\\\/guide\\\/wp-content\\\/uploads\\\/2025\\\/05\\\/rachat2credit.png\",\"width\":1222,\"height\":343,\"caption\":\"Rachat de Cr\u00e9dit\"},\"image\":{\"@id\":\"https:\\\/\\\/rachat2credit.fr\\\/guide\\\/#\\\/schema\\\/logo\\\/image\\\/\"}},{\"@type\":\"Person\",\"@id\":\"https:\\\/\\\/rachat2credit.fr\\\/guide\\\/#\\\/schema\\\/person\\\/d4142086d07bc6acdc4722eabd955cc2\",\"name\":\"Aurelien Boulanger\",\"image\":{\"@type\":\"ImageObject\",\"inLanguage\":\"fr-FR\",\"@id\":\"https:\\\/\\\/secure.gravatar.com\\\/avatar\\\/32175434c9ca2b27bfeb905d1c3ec782a789caf494bc0ec8fa6ed0ee39c2e62a?s=96&d=mm&r=g\",\"url\":\"https:\\\/\\\/secure.gravatar.com\\\/avatar\\\/32175434c9ca2b27bfeb905d1c3ec782a789caf494bc0ec8fa6ed0ee39c2e62a?s=96&d=mm&r=g\",\"contentUrl\":\"https:\\\/\\\/secure.gravatar.com\\\/avatar\\\/32175434c9ca2b27bfeb905d1c3ec782a789caf494bc0ec8fa6ed0ee39c2e62a?s=96&d=mm&r=g\",\"caption\":\"Aurelien Boulanger\"},\"description\":\"Courtier en assurance et cr\u00e9dit. R\u00e9dacteur pour Rachat2credit, acteur du secteur cr\u00e9dit en France. Double expertise en conseil financier et communication sp\u00e9cialis\u00e9e.\",\"sameAs\":[\"https:\\\/\\\/rachat2credit.fr\\\/guide\"],\"url\":\"https:\\\/\\\/rachat2credit.fr\\\/guide\\\/author\\\/aurelien\\\/\"}]}<\/script>\n<!-- \/ Yoast SEO plugin. -->","yoast_head_json":{"title":"Combien co\u00fbterait vieillir chez soi ? \u201cJ\u2019ai d\u00fb vendre ma maison pour payer les aides \u00e0 domicile\u201d - Rachat de Cr\u00e9dit","robots":{"index":"index","follow":"follow","max-snippet":"max-snippet:-1","max-image-preview":"max-image-preview:large","max-video-preview":"max-video-preview:-1"},"canonical":"https:\/\/rachat2credit.fr\/guide\/combien-couterait-vieillir-chez-soi-jai-du-vendre-ma-maison-pour-payer-les-aides-a-domicile\/","og_locale":"fr_FR","og_type":"article","og_title":"Combien co\u00fbterait vieillir chez soi ? \u201cJ\u2019ai d\u00fb vendre ma maison pour payer les aides \u00e0 domicile\u201d - Rachat de Cr\u00e9dit","og_description":"\u00ab\u00a0`html \u00ab\u00a0Combien co\u00fbte vieillir chez soi ?\u00a0\u00bb La r\u00e9ponse pourrait surprendre ceux qui imaginent cette solution comme la plus \u00e9conomique. Entre adaptations du logement, aides \u00e0 domicile et technologies m\u00e9dicales, le maintien \u00e0 domicile des seniors r\u00e9v\u00e8le une r\u00e9alit\u00e9 financi\u00e8re complexe. Un choix de c\u0153ur&#8230; mais \u00e0 quel prix ? Martine, 68 ans, a pr\u00e9f\u00e9r\u00e9 ... Lire plus","og_url":"https:\/\/rachat2credit.fr\/guide\/combien-couterait-vieillir-chez-soi-jai-du-vendre-ma-maison-pour-payer-les-aides-a-domicile\/","og_site_name":"Rachat de Cr\u00e9dit","article_published_time":"2025-08-05T04:45:52+00:00","og_image":[{"width":1344,"height":768,"url":"https:\/\/rachat2credit.fr\/guide\/wp-content\/uploads\/2025\/08\/flux-704-1754369162.jpg","type":"image\/jpeg"}],"author":"Aurelien Boulanger","twitter_card":"summary_large_image","twitter_misc":{"\u00c9crit par":"Aurelien Boulanger","Dur\u00e9e de lecture estim\u00e9e":"2 minutes"},"schema":{"@context":"https:\/\/schema.org","@graph":[{"@type":"NewsArticle","@id":"https:\/\/rachat2credit.fr\/guide\/combien-couterait-vieillir-chez-soi-jai-du-vendre-ma-maison-pour-payer-les-aides-a-domicile\/#article","isPartOf":{"@id":"https:\/\/rachat2credit.fr\/guide\/combien-couterait-vieillir-chez-soi-jai-du-vendre-ma-maison-pour-payer-les-aides-a-domicile\/"},"author":{"name":"Aurelien Boulanger","@id":"https:\/\/rachat2credit.fr\/guide\/#\/schema\/person\/d4142086d07bc6acdc4722eabd955cc2"},"headline":"Combien co\u00fbterait vieillir chez soi ? \u201cJ\u2019ai d\u00fb vendre ma maison pour payer les aides \u00e0 domicile\u201d","datePublished":"2025-08-05T04:45:52+00:00","mainEntityOfPage":{"@id":"https:\/\/rachat2credit.fr\/guide\/combien-couterait-vieillir-chez-soi-jai-du-vendre-ma-maison-pour-payer-les-aides-a-domicile\/"},"wordCount":408,"commentCount":0,"publisher":{"@id":"https:\/\/rachat2credit.fr\/guide\/#organization"},"image":{"@id":"https:\/\/rachat2credit.fr\/guide\/combien-couterait-vieillir-chez-soi-jai-du-vendre-ma-maison-pour-payer-les-aides-a-domicile\/#primaryimage"},"thumbnailUrl":"https:\/\/rachat2credit.fr\/guide\/wp-content\/uploads\/2025\/08\/flux-704-1754369162.jpg","articleSection":["A la une"],"inLanguage":"fr-FR","potentialAction":[{"@type":"CommentAction","name":"Comment","target":["https:\/\/rachat2credit.fr\/guide\/combien-couterait-vieillir-chez-soi-jai-du-vendre-ma-maison-pour-payer-les-aides-a-domicile\/#respond"]}]},{"@type":"WebPage","@id":"https:\/\/rachat2credit.fr\/guide\/combien-couterait-vieillir-chez-soi-jai-du-vendre-ma-maison-pour-payer-les-aides-a-domicile\/","url":"https:\/\/rachat2credit.fr\/guide\/combien-couterait-vieillir-chez-soi-jai-du-vendre-ma-maison-pour-payer-les-aides-a-domicile\/","name":"Combien co\u00fbterait vieillir chez soi ? \u201cJ\u2019ai d\u00fb vendre ma maison pour payer les aides \u00e0 domicile\u201d - Rachat de Cr\u00e9dit","isPartOf":{"@id":"https:\/\/rachat2credit.fr\/guide\/#website"},"primaryImageOfPage":{"@id":"https:\/\/rachat2credit.fr\/guide\/combien-couterait-vieillir-chez-soi-jai-du-vendre-ma-maison-pour-payer-les-aides-a-domicile\/#primaryimage"},"image":{"@id":"https:\/\/rachat2credit.fr\/guide\/combien-couterait-vieillir-chez-soi-jai-du-vendre-ma-maison-pour-payer-les-aides-a-domicile\/#primaryimage"},"thumbnailUrl":"https:\/\/rachat2credit.fr\/guide\/wp-content\/uploads\/2025\/08\/flux-704-1754369162.jpg","datePublished":"2025-08-05T04:45:52+00:00","breadcrumb":{"@id":"https:\/\/rachat2credit.fr\/guide\/combien-couterait-vieillir-chez-soi-jai-du-vendre-ma-maison-pour-payer-les-aides-a-domicile\/#breadcrumb"},"inLanguage":"fr-FR","potentialAction":[{"@type":"ReadAction","target":["https:\/\/rachat2credit.fr\/guide\/combien-couterait-vieillir-chez-soi-jai-du-vendre-ma-maison-pour-payer-les-aides-a-domicile\/"]}]},{"@type":"ImageObject","inLanguage":"fr-FR","@id":"https:\/\/rachat2credit.fr\/guide\/combien-couterait-vieillir-chez-soi-jai-du-vendre-ma-maison-pour-payer-les-aides-a-domicile\/#primaryimage","url":"https:\/\/rachat2credit.fr\/guide\/wp-content\/uploads\/2025\/08\/flux-704-1754369162.jpg","contentUrl":"https:\/\/rachat2credit.fr\/guide\/wp-content\/uploads\/2025\/08\/flux-704-1754369162.jpg","width":1344,"height":768},{"@type":"BreadcrumbList","@id":"https:\/\/rachat2credit.fr\/guide\/combien-couterait-vieillir-chez-soi-jai-du-vendre-ma-maison-pour-payer-les-aides-a-domicile\/#breadcrumb","itemListElement":[{"@type":"ListItem","position":1,"name":"Accueil","item":"https:\/\/rachat2credit.fr\/guide\/"},{"@type":"ListItem","position":2,"name":"Combien co\u00fbterait vieillir chez soi ? \u201cJ\u2019ai d\u00fb vendre ma maison pour payer les aides \u00e0 domicile\u201d"}]},{"@type":"WebSite","@id":"https:\/\/rachat2credit.fr\/guide\/#website","url":"https:\/\/rachat2credit.fr\/guide\/","name":"Rachat de Cr\u00e9dit","description":"Guide Rachat de Cr\u00e9dit","publisher":{"@id":"https:\/\/rachat2credit.fr\/guide\/#organization"},"potentialAction":[{"@type":"SearchAction","target":{"@type":"EntryPoint","urlTemplate":"https:\/\/rachat2credit.fr\/guide\/?s={search_term_string}"},"query-input":{"@type":"PropertyValueSpecification","valueRequired":true,"valueName":"search_term_string"}}],"inLanguage":"fr-FR"},{"@type":"Organization","@id":"https:\/\/rachat2credit.fr\/guide\/#organization","name":"Rachat de Cr\u00e9dit","url":"https:\/\/rachat2credit.fr\/guide\/","logo":{"@type":"ImageObject","inLanguage":"fr-FR","@id":"https:\/\/rachat2credit.fr\/guide\/#\/schema\/logo\/image\/","url":"https:\/\/rachat2credit.fr\/guide\/wp-content\/uploads\/2025\/05\/rachat2credit.png","contentUrl":"https:\/\/rachat2credit.fr\/guide\/wp-content\/uploads\/2025\/05\/rachat2credit.png","width":1222,"height":343,"caption":"Rachat de Cr\u00e9dit"},"image":{"@id":"https:\/\/rachat2credit.fr\/guide\/#\/schema\/logo\/image\/"}},{"@type":"Person","@id":"https:\/\/rachat2credit.fr\/guide\/#\/schema\/person\/d4142086d07bc6acdc4722eabd955cc2","name":"Aurelien Boulanger","image":{"@type":"ImageObject","inLanguage":"fr-FR","@id":"https:\/\/secure.gravatar.com\/avatar\/32175434c9ca2b27bfeb905d1c3ec782a789caf494bc0ec8fa6ed0ee39c2e62a?s=96&d=mm&r=g","url":"https:\/\/secure.gravatar.com\/avatar\/32175434c9ca2b27bfeb905d1c3ec782a789caf494bc0ec8fa6ed0ee39c2e62a?s=96&d=mm&r=g","contentUrl":"https:\/\/secure.gravatar.com\/avatar\/32175434c9ca2b27bfeb905d1c3ec782a789caf494bc0ec8fa6ed0ee39c2e62a?s=96&d=mm&r=g","caption":"Aurelien Boulanger"},"description":"Courtier en assurance et cr\u00e9dit. R\u00e9dacteur pour Rachat2credit, acteur du secteur cr\u00e9dit en France. Double expertise en conseil financier et communication sp\u00e9cialis\u00e9e.","sameAs":["https:\/\/rachat2credit.fr\/guide"],"url":"https:\/\/rachat2credit.fr\/guide\/author\/aurelien\/"}]}},"_links":{"self":[{"href":"https:\/\/rachat2credit.fr\/guide\/wp-json\/wp\/v2\/posts\/704","targetHints":{"allow":["GET"]}}],"collection":[{"href":"https:\/\/rachat2credit.fr\/guide\/wp-json\/wp\/v2\/posts"}],"about":[{"href":"https:\/\/rachat2credit.fr\/guide\/wp-json\/wp\/v2\/types\/post"}],"author":[{"embeddable":true,"href":"https:\/\/rachat2credit.fr\/guide\/wp-json\/wp\/v2\/users\/1"}],"replies":[{"embeddable":true,"href":"https:\/\/rachat2credit.fr\/guide\/wp-json\/wp\/v2\/comments?post=704"}],"version-history":[{"count":0,"href":"https:\/\/rachat2credit.fr\/guide\/wp-json\/wp\/v2\/posts\/704\/revisions"}],"wp:featuredmedia":[{"embeddable":true,"href":"https:\/\/rachat2credit.fr\/guide\/wp-json\/wp\/v2\/media\/705"}],"wp:attachment":[{"href":"https:\/\/rachat2credit.fr\/guide\/wp-json\/wp\/v2\/media?parent=704"}],"wp:term":[{"taxonomy":"category","embeddable":true,"href":"https:\/\/rachat2credit.fr\/guide\/wp-json\/wp\/v2\/categories?post=704"},{"taxonomy":"post_tag","embeddable":true,"href":"https:\/\/rachat2credit.fr\/guide\/wp-json\/wp\/v2\/tags?post=704"}],"curies":[{"name":"wp","href":"https:\/\/api.w.org\/{rel}","templated":true}]}}