{"id":729,"date":"2025-08-05T12:46:27","date_gmt":"2025-08-05T10:46:27","guid":{"rendered":"https:\/\/rachat2credit.fr\/guide\/combien-couterait-une-residence-senior-jai-ete-surpris-par-les-tarifs-caches\/"},"modified":"2025-08-05T12:46:27","modified_gmt":"2025-08-05T10:46:27","slug":"combien-couterait-une-residence-senior-jai-ete-surpris-par-les-tarifs-caches","status":"publish","type":"post","link":"https:\/\/rachat2credit.fr\/guide\/combien-couterait-une-residence-senior-jai-ete-surpris-par-les-tarifs-caches\/","title":{"rendered":"Combien co\u00fbterait une r\u00e9sidence senior ? \u201cj\u2019ai \u00e9t\u00e9 surpris par les tarifs cach\u00e9s\u201d"},"content":{"rendered":"<p>\u00ab&nbsp;Je pensais que c&rsquo;\u00e9tait abordable, mais j&rsquo;ai eu un choc en d\u00e9couvrant les tarifs&nbsp;\u00bb&nbsp;: le vrai co\u00fbt d&rsquo;une r\u00e9sidence senior en France<\/p>\n<p>Alors que la population vieillissante augmente, de plus en plus de familles s&rsquo;interrogent sur le prix d&rsquo;une place en r\u00e9sidence senior. Entre services inclus et options cach\u00e9es, le budget peut rapidement s&rsquo;envoler. D\u00e9cryptage d&rsquo;un choix crucial pour les seniors et leurs proches.<\/p>\n<div id=\"ez-toc-container\" class=\"ez-toc-v2_0_82_2 counter-hierarchy ez-toc-counter ez-toc-grey ez-toc-container-direction\">\n<p class=\"ez-toc-title\" style=\"cursor:inherit\">Sommaire<\/p>\n<label for=\"ez-toc-cssicon-toggle-item-69f10505ca901\" class=\"ez-toc-cssicon-toggle-label\"><span class=\"ez-toc-cssicon\"><span class=\"eztoc-hide\" style=\"display:none;\">Toggle<\/span><span class=\"ez-toc-icon-toggle-span\"><svg style=\"fill: #999;color:#999\" xmlns=\"http:\/\/www.w3.org\/2000\/svg\" class=\"list-377408\" width=\"20px\" height=\"20px\" viewBox=\"0 0 24 24\" fill=\"none\"><path d=\"M6 6H4v2h2V6zm14 0H8v2h12V6zM4 11h2v2H4v-2zm16 0H8v2h12v-2zM4 16h2v2H4v-2zm16 0H8v2h12v-2z\" fill=\"currentColor\"><\/path><\/svg><svg style=\"fill: #999;color:#999\" class=\"arrow-unsorted-368013\" xmlns=\"http:\/\/www.w3.org\/2000\/svg\" width=\"10px\" height=\"10px\" viewBox=\"0 0 24 24\" version=\"1.2\" baseProfile=\"tiny\"><path d=\"M18.2 9.3l-6.2-6.3-6.2 6.3c-.2.2-.3.4-.3.7s.1.5.3.7c.2.2.4.3.7.3h11c.3 0 .5-.1.7-.3.2-.2.3-.5.3-.7s-.1-.5-.3-.7zM5.8 14.7l6.2 6.3 6.2-6.3c.2-.2.3-.5.3-.7s-.1-.5-.3-.7c-.2-.2-.4-.3-.7-.3h-11c-.3 0-.5.1-.7.3-.2.2-.3.5-.3.7s.1.5.3.7z\"\/><\/svg><\/span><\/span><\/label><input type=\"checkbox\"  id=\"ez-toc-cssicon-toggle-item-69f10505ca901\" checked aria-label=\"Toggle\" \/><nav><ul class='ez-toc-list ez-toc-list-level-1 ' ><li class='ez-toc-page-1 ez-toc-heading-level-3'><a class=\"ez-toc-link ez-toc-heading-1\" href=\"https:\/\/rachat2credit.fr\/guide\/combien-couterait-une-residence-senior-jai-ete-surpris-par-les-tarifs-caches\/#Un_investissement_qui_varie_du_simple_au_triple\" >Un investissement qui varie du simple au triple<\/a><\/li><li class='ez-toc-page-1 ez-toc-heading-level-3'><a class=\"ez-toc-link ez-toc-heading-2\" href=\"https:\/\/rachat2credit.fr\/guide\/combien-couterait-une-residence-senior-jai-ete-surpris-par-les-tarifs-caches\/#%C2%AB_On_a_du_vendre_la_maison_familiale_%C2%BB_le_dilemme_des_familles\" >\u00ab&nbsp;On a d\u00fb vendre la maison familiale&nbsp;\u00bb&nbsp;: le dilemme des familles<\/a><\/li><li class='ez-toc-page-1 ez-toc-heading-level-3'><a class=\"ez-toc-link ez-toc-heading-3\" href=\"https:\/\/rachat2credit.fr\/guide\/combien-couterait-une-residence-senior-jai-ete-surpris-par-les-tarifs-caches\/#Les_pieges_a_dejouer_dans_les_contrats\" >Les pi\u00e8ges \u00e0 d\u00e9jouer dans les contrats<\/a><\/li><li class='ez-toc-page-1 ez-toc-heading-level-3'><a class=\"ez-toc-link ez-toc-heading-4\" href=\"https:\/\/rachat2credit.fr\/guide\/combien-couterait-une-residence-senior-jai-ete-surpris-par-les-tarifs-caches\/#Alternatives_et_solutions_de_financement\" >Alternatives et solutions de financement<\/a><\/li><li class='ez-toc-page-1 ez-toc-heading-level-3'><a class=\"ez-toc-link ez-toc-heading-5\" href=\"https:\/\/rachat2credit.fr\/guide\/combien-couterait-une-residence-senior-jai-ete-surpris-par-les-tarifs-caches\/#Ce_que_les_professionnels_ne_vous_disent_pas_toujours\" >Ce que les professionnels ne vous disent pas toujours<\/a><\/li><\/ul><\/nav><\/div>\n<h3><span class=\"ez-toc-section\" id=\"Un_investissement_qui_varie_du_simple_au_triple\"><\/span>Un investissement qui varie du simple au triple<span class=\"ez-toc-section-end\"><\/span><\/h3>\n<p>Martine, 68 ans, a longtemps cru qu&rsquo;une r\u00e9sidence senior restait accessible avec sa pension de 1&nbsp;400 \u20ac mensuels. \u00ab&nbsp;Quand j&rsquo;ai visit\u00e9 un \u00e9tablissement \u00e0 Nice, on m&rsquo;a parl\u00e9 de 2&nbsp;800 \u20ac par mois pour un studio de 30 m\u00b2 avec service minimal. J&rsquo;ai d\u00fb renoncer&nbsp;\u00bb, confie-t-elle. Son cas n&rsquo;est pas isol\u00e9&nbsp;: selon les r\u00e9gions et le niveau de d\u00e9pendance, les tarifs oscilleraient entre 1&nbsp;500 \u20ac et plus de 5&nbsp;000 \u20ac mensuels.<\/p>\n<p>Trois facteurs principaux influencent le co\u00fbt&nbsp;:<\/p>\n<ul>\n<li><strong>La localisation<\/strong>&nbsp;: +30% en moyenne sur la C\u00f4te d&rsquo;Azur vs les zones rurales<\/li>\n<li><strong>Le niveau d&rsquo;autonomie<\/strong>&nbsp;: des forfaits \u00ab&nbsp;vie autonome&nbsp;\u00bb aux packages \u00ab&nbsp;d\u00e9pendance lourde&nbsp;\u00bb<\/li>\n<li><strong>Les prestations optionnelles<\/strong>&nbsp;: animations, soins esth\u00e9tiques, sorties culturelles<\/li>\n<\/ul>\n<h3><span class=\"ez-toc-section\" id=\"%C2%AB_On_a_du_vendre_la_maison_familiale_%C2%BB_le_dilemme_des_familles\"><\/span>\u00ab&nbsp;On a d\u00fb vendre la maison familiale&nbsp;\u00bb&nbsp;: le dilemme des familles<span class=\"ez-toc-section-end\"><\/span><\/h3>\n<p>Pierre, dont la m\u00e8re souffre d&rsquo;Alzheimer, t\u00e9moigne&nbsp;: \u00ab&nbsp;L&rsquo;Ehpad le plus proche facturait 3&nbsp;200 \u20ac\/mois pour une chambre m\u00e9dicalis\u00e9e. Nous avons finalement opt\u00e9 pour une r\u00e9sidence service \u00e0 2&nbsp;500 \u20ac, mais cela a n\u00e9cessit\u00e9 de liquider un patrimoine.&nbsp;\u00bb Une situation confirm\u00e9e par les chiffres du <a href=\"https:\/\/www.service-public.fr\/particuliers\/vosdroits\/F2466\" target=\"_blank\" rel=\"noopener\">service-public.fr<\/a>&nbsp;: seuls 15% des seniors pourraient financer int\u00e9gralement ce type de structure sans aide ext\u00e9rieure.<\/p>\n<h3><span class=\"ez-toc-section\" id=\"Les_pieges_a_dejouer_dans_les_contrats\"><\/span>Les pi\u00e8ges \u00e0 d\u00e9jouer dans les contrats<span class=\"ez-toc-section-end\"><\/span><\/h3>\n<p>Plusieurs r\u00e9sidents interrog\u00e9s mettent en garde contre&nbsp;:<\/p>\n<ul>\n<li>Les frais d&rsquo;entr\u00e9e dissimul\u00e9s (jusqu&rsquo;\u00e0 6 mois de loyer)<\/li>\n<li>Les majorations impr\u00e9vues pour services d&rsquo;urgence<\/li>\n<li>Les clauses de r\u00e9\u00e9valuation annuelle peu transparentes<\/li>\n<\/ul>\n<p>\u00ab&nbsp;Mon contrat mentionnait une indexation sur l&rsquo;IRL, mais personne ne m&rsquo;avait expliqu\u00e9 que cela pouvait signifier +5% par an&nbsp;\u00bb, regrette Jean-Louis, 72 ans.<\/p>\n<h3><span class=\"ez-toc-section\" id=\"Alternatives_et_solutions_de_financement\"><\/span>Alternatives et solutions de financement<span class=\"ez-toc-section-end\"><\/span><\/h3>\n<p>Face \u00e0 ces co\u00fbts, des options \u00e9mergent&nbsp;:<\/p>\n<ul>\n<li><strong>Les r\u00e9sidences interg\u00e9n\u00e9rationnelles<\/strong>&nbsp;: -40% en moyenne<\/li>\n<li><strong>L&rsquo;habitat partag\u00e9<\/strong>&nbsp;: formules collaboratives entre seniors<\/li>\n<li><strong>Les aides d\u00e9partementales<\/strong>&nbsp;: l&rsquo;APA peut couvrir jusqu&rsquo;\u00e0 60% des frais<\/li>\n<\/ul>\n<p>\u00ab&nbsp;Notre plateforme permet de comparer 200 \u00e9tablissements avec leurs tarifs r\u00e9els&nbsp;\u00bb, explique Sophie Martin, fondatrice de SeniorConseil. Un outil pr\u00e9cieux pour \u00e9viter les mauvaises surprises.<\/p>\n<h3><span class=\"ez-toc-section\" id=\"Ce_que_les_professionnels_ne_vous_disent_pas_toujours\"><\/span>Ce que les professionnels ne vous disent pas toujours<span class=\"ez-toc-section-end\"><\/span><\/h3>\n<p>D&rsquo;apr\u00e8s une enqu\u00eate de l&rsquo;UFC-Que Choisir, 7 r\u00e9sidences sur 10 omettraient volontairement de mentionner&nbsp;:<\/p>\n<ul>\n<li>Les co\u00fbts des transports m\u00e9dicaux externes<\/li>\n<li>Les suppl\u00e9ments pour r\u00e9gimes alimentaires sp\u00e9cifiques<\/li>\n<li>Les frais de dossier non remboursables<\/li>\n<\/ul>\n<p>\u00ab&nbsp;La transparence devrait \u00eatre obligatoire&nbsp;\u00bb, insiste Me Dubois, avocate sp\u00e9cialis\u00e9e en droit des seniors. Elle recommande syst\u00e9matiquement de faire v\u00e9rifier les contrats par un expert avant signature.<\/p>\n<p>Alors que le gouvernement planche sur une r\u00e9forme des tarifs encadr\u00e9s, une chose est s\u00fbre&nbsp;: choisir une r\u00e9sidence senior n\u00e9cessite une pr\u00e9paration financi\u00e8re et juridique minutieuse. Comme le r\u00e9sume Martine&nbsp;: \u00ab&nbsp;C&rsquo;est un choix de c\u0153ur, mais qui ne peut pas se faire sans calculer froidement.&nbsp;\u00bb<\/p>\n\n\n<div class=\"kk-star-ratings kksr-auto kksr-align-center kksr-valign-bottom\"\n    data-payload='{&quot;align&quot;:&quot;center&quot;,&quot;id&quot;:&quot;729&quot;,&quot;slug&quot;:&quot;default&quot;,&quot;valign&quot;:&quot;bottom&quot;,&quot;ignore&quot;:&quot;&quot;,&quot;reference&quot;:&quot;auto&quot;,&quot;class&quot;:&quot;&quot;,&quot;count&quot;:&quot;0&quot;,&quot;legendonly&quot;:&quot;&quot;,&quot;readonly&quot;:&quot;&quot;,&quot;score&quot;:&quot;0&quot;,&quot;starsonly&quot;:&quot;&quot;,&quot;best&quot;:&quot;5&quot;,&quot;gap&quot;:&quot;5&quot;,&quot;greet&quot;:&quot;&quot;,&quot;legend&quot;:&quot;0\\\/5 - (0 vote)&quot;,&quot;size&quot;:&quot;24&quot;,&quot;title&quot;:&quot;Combien co\u00fbterait une r\u00e9sidence senior ? \u201cj\u2019ai \u00e9t\u00e9 surpris par les tarifs cach\u00e9s\u201d&quot;,&quot;width&quot;:&quot;0&quot;,&quot;_legend&quot;:&quot;{score}\\\/{best} - ({count} {votes})&quot;,&quot;font_factor&quot;:&quot;1.25&quot;}'>\n            \n<div class=\"kksr-stars\">\n    \n<div class=\"kksr-stars-inactive\">\n            <div class=\"kksr-star\" data-star=\"1\" style=\"padding-right: 5px\">\n            \n\n<div class=\"kksr-icon\" style=\"width: 24px; height: 24px;\"><\/div>\n        <\/div>\n            <div class=\"kksr-star\" data-star=\"2\" style=\"padding-right: 5px\">\n            \n\n<div class=\"kksr-icon\" style=\"width: 24px; height: 24px;\"><\/div>\n        <\/div>\n            <div class=\"kksr-star\" data-star=\"3\" style=\"padding-right: 5px\">\n            \n\n<div class=\"kksr-icon\" style=\"width: 24px; height: 24px;\"><\/div>\n        <\/div>\n            <div class=\"kksr-star\" data-star=\"4\" style=\"padding-right: 5px\">\n            \n\n<div class=\"kksr-icon\" style=\"width: 24px; height: 24px;\"><\/div>\n        <\/div>\n            <div class=\"kksr-star\" data-star=\"5\" style=\"padding-right: 5px\">\n            \n\n<div class=\"kksr-icon\" style=\"width: 24px; height: 24px;\"><\/div>\n        <\/div>\n    <\/div>\n    \n<div class=\"kksr-stars-active\" style=\"width: 0px;\">\n            <div class=\"kksr-star\" style=\"padding-right: 5px\">\n            \n\n<div class=\"kksr-icon\" style=\"width: 24px; height: 24px;\"><\/div>\n        <\/div>\n            <div class=\"kksr-star\" style=\"padding-right: 5px\">\n            \n\n<div class=\"kksr-icon\" style=\"width: 24px; height: 24px;\"><\/div>\n        <\/div>\n            <div class=\"kksr-star\" style=\"padding-right: 5px\">\n            \n\n<div class=\"kksr-icon\" style=\"width: 24px; height: 24px;\"><\/div>\n        <\/div>\n            <div class=\"kksr-star\" style=\"padding-right: 5px\">\n            \n\n<div class=\"kksr-icon\" style=\"width: 24px; height: 24px;\"><\/div>\n        <\/div>\n            <div class=\"kksr-star\" style=\"padding-right: 5px\">\n            \n\n<div class=\"kksr-icon\" style=\"width: 24px; height: 24px;\"><\/div>\n        <\/div>\n    <\/div>\n<\/div>\n                \n\n<div class=\"kksr-legend\" style=\"font-size: 19.2px;\">\n            <span class=\"kksr-muted\"><\/span>\n    <\/div>\n    <\/div>\n","protected":false},"excerpt":{"rendered":"<p>\u00ab&nbsp;Je pensais que c&rsquo;\u00e9tait abordable, mais j&rsquo;ai eu un choc en d\u00e9couvrant les tarifs&nbsp;\u00bb&nbsp;: le vrai co\u00fbt d&rsquo;une r\u00e9sidence senior en France Alors que la population vieillissante augmente, de plus en plus de familles s&rsquo;interrogent sur le prix d&rsquo;une place en r\u00e9sidence senior. Entre services inclus et options cach\u00e9es, le budget peut rapidement s&rsquo;envoler. D\u00e9cryptage &#8230; <a title=\"Combien co\u00fbterait une r\u00e9sidence senior ? \u201cj\u2019ai \u00e9t\u00e9 surpris par les tarifs cach\u00e9s\u201d\" class=\"read-more\" href=\"https:\/\/rachat2credit.fr\/guide\/combien-couterait-une-residence-senior-jai-ete-surpris-par-les-tarifs-caches\/\" aria-label=\"En savoir plus sur Combien co\u00fbterait une r\u00e9sidence senior ? \u201cj\u2019ai \u00e9t\u00e9 surpris par les tarifs cach\u00e9s\u201d\">Lire plus<\/a><\/p>\n","protected":false},"author":1,"featured_media":730,"comment_status":"open","ping_status":"open","sticky":false,"template":"","format":"standard","meta":{"footnotes":""},"categories":[8],"tags":[],"class_list":["post-729","post","type-post","status-publish","format-standard","has-post-thumbnail","hentry","category-a-la-une"],"yoast_head":"<!-- This site is optimized with the Yoast SEO plugin v27.5 - https:\/\/yoast.com\/product\/yoast-seo-wordpress\/ -->\n<title>Combien co\u00fbterait une r\u00e9sidence senior ? \u201cj\u2019ai \u00e9t\u00e9 surpris par les tarifs cach\u00e9s\u201d - Rachat de Cr\u00e9dit<\/title>\n<meta name=\"robots\" content=\"index, follow, max-snippet:-1, max-image-preview:large, max-video-preview:-1\" \/>\n<link rel=\"canonical\" href=\"https:\/\/rachat2credit.fr\/guide\/combien-couterait-une-residence-senior-jai-ete-surpris-par-les-tarifs-caches\/\" \/>\n<meta property=\"og:locale\" content=\"fr_FR\" \/>\n<meta property=\"og:type\" content=\"article\" \/>\n<meta property=\"og:title\" content=\"Combien co\u00fbterait une r\u00e9sidence senior ? \u201cj\u2019ai \u00e9t\u00e9 surpris par les tarifs cach\u00e9s\u201d - Rachat de Cr\u00e9dit\" \/>\n<meta property=\"og:description\" content=\"\u00ab&nbsp;Je pensais que c&rsquo;\u00e9tait abordable, mais j&rsquo;ai eu un choc en d\u00e9couvrant les tarifs&nbsp;\u00bb&nbsp;: le vrai co\u00fbt d&rsquo;une r\u00e9sidence senior en France Alors que la population vieillissante augmente, de plus en plus de familles s&rsquo;interrogent sur le prix d&rsquo;une place en r\u00e9sidence senior. Entre services inclus et options cach\u00e9es, le budget peut rapidement s&rsquo;envoler. D\u00e9cryptage ... Lire plus\" \/>\n<meta property=\"og:url\" content=\"https:\/\/rachat2credit.fr\/guide\/combien-couterait-une-residence-senior-jai-ete-surpris-par-les-tarifs-caches\/\" \/>\n<meta property=\"og:site_name\" content=\"Rachat de Cr\u00e9dit\" \/>\n<meta property=\"article:published_time\" content=\"2025-08-05T10:46:27+00:00\" \/>\n<meta property=\"og:image\" content=\"https:\/\/rachat2credit.fr\/guide\/wp-content\/uploads\/2025\/08\/flux-729-1754390798.jpg\" \/>\n\t<meta property=\"og:image:width\" content=\"1344\" \/>\n\t<meta property=\"og:image:height\" content=\"768\" \/>\n\t<meta property=\"og:image:type\" content=\"image\/jpeg\" \/>\n<meta name=\"author\" content=\"Aurelien Boulanger\" \/>\n<meta name=\"twitter:card\" content=\"summary_large_image\" \/>\n<meta name=\"twitter:label1\" content=\"\u00c9crit par\" \/>\n\t<meta name=\"twitter:data1\" content=\"Aurelien Boulanger\" \/>\n\t<meta name=\"twitter:label2\" content=\"Dur\u00e9e de lecture estim\u00e9e\" \/>\n\t<meta name=\"twitter:data2\" content=\"3 minutes\" \/>\n<script type=\"application\/ld+json\" class=\"yoast-schema-graph\">{\"@context\":\"https:\\\/\\\/schema.org\",\"@graph\":[{\"@type\":\"NewsArticle\",\"@id\":\"https:\\\/\\\/rachat2credit.fr\\\/guide\\\/combien-couterait-une-residence-senior-jai-ete-surpris-par-les-tarifs-caches\\\/#article\",\"isPartOf\":{\"@id\":\"https:\\\/\\\/rachat2credit.fr\\\/guide\\\/combien-couterait-une-residence-senior-jai-ete-surpris-par-les-tarifs-caches\\\/\"},\"author\":{\"name\":\"Aurelien Boulanger\",\"@id\":\"https:\\\/\\\/rachat2credit.fr\\\/guide\\\/#\\\/schema\\\/person\\\/d4142086d07bc6acdc4722eabd955cc2\"},\"headline\":\"Combien co\u00fbterait une r\u00e9sidence senior ? \u201cj\u2019ai \u00e9t\u00e9 surpris par les tarifs cach\u00e9s\u201d\",\"datePublished\":\"2025-08-05T10:46:27+00:00\",\"mainEntityOfPage\":{\"@id\":\"https:\\\/\\\/rachat2credit.fr\\\/guide\\\/combien-couterait-une-residence-senior-jai-ete-surpris-par-les-tarifs-caches\\\/\"},\"wordCount\":599,\"commentCount\":41,\"publisher\":{\"@id\":\"https:\\\/\\\/rachat2credit.fr\\\/guide\\\/#organization\"},\"image\":{\"@id\":\"https:\\\/\\\/rachat2credit.fr\\\/guide\\\/combien-couterait-une-residence-senior-jai-ete-surpris-par-les-tarifs-caches\\\/#primaryimage\"},\"thumbnailUrl\":\"https:\\\/\\\/rachat2credit.fr\\\/guide\\\/wp-content\\\/uploads\\\/2025\\\/08\\\/flux-729-1754390798.jpg\",\"articleSection\":[\"A la une\"],\"inLanguage\":\"fr-FR\",\"potentialAction\":[{\"@type\":\"CommentAction\",\"name\":\"Comment\",\"target\":[\"https:\\\/\\\/rachat2credit.fr\\\/guide\\\/combien-couterait-une-residence-senior-jai-ete-surpris-par-les-tarifs-caches\\\/#respond\"]}]},{\"@type\":\"WebPage\",\"@id\":\"https:\\\/\\\/rachat2credit.fr\\\/guide\\\/combien-couterait-une-residence-senior-jai-ete-surpris-par-les-tarifs-caches\\\/\",\"url\":\"https:\\\/\\\/rachat2credit.fr\\\/guide\\\/combien-couterait-une-residence-senior-jai-ete-surpris-par-les-tarifs-caches\\\/\",\"name\":\"Combien co\u00fbterait une r\u00e9sidence senior ? \u201cj\u2019ai \u00e9t\u00e9 surpris par les tarifs cach\u00e9s\u201d - Rachat de Cr\u00e9dit\",\"isPartOf\":{\"@id\":\"https:\\\/\\\/rachat2credit.fr\\\/guide\\\/#website\"},\"primaryImageOfPage\":{\"@id\":\"https:\\\/\\\/rachat2credit.fr\\\/guide\\\/combien-couterait-une-residence-senior-jai-ete-surpris-par-les-tarifs-caches\\\/#primaryimage\"},\"image\":{\"@id\":\"https:\\\/\\\/rachat2credit.fr\\\/guide\\\/combien-couterait-une-residence-senior-jai-ete-surpris-par-les-tarifs-caches\\\/#primaryimage\"},\"thumbnailUrl\":\"https:\\\/\\\/rachat2credit.fr\\\/guide\\\/wp-content\\\/uploads\\\/2025\\\/08\\\/flux-729-1754390798.jpg\",\"datePublished\":\"2025-08-05T10:46:27+00:00\",\"breadcrumb\":{\"@id\":\"https:\\\/\\\/rachat2credit.fr\\\/guide\\\/combien-couterait-une-residence-senior-jai-ete-surpris-par-les-tarifs-caches\\\/#breadcrumb\"},\"inLanguage\":\"fr-FR\",\"potentialAction\":[{\"@type\":\"ReadAction\",\"target\":[\"https:\\\/\\\/rachat2credit.fr\\\/guide\\\/combien-couterait-une-residence-senior-jai-ete-surpris-par-les-tarifs-caches\\\/\"]}]},{\"@type\":\"ImageObject\",\"inLanguage\":\"fr-FR\",\"@id\":\"https:\\\/\\\/rachat2credit.fr\\\/guide\\\/combien-couterait-une-residence-senior-jai-ete-surpris-par-les-tarifs-caches\\\/#primaryimage\",\"url\":\"https:\\\/\\\/rachat2credit.fr\\\/guide\\\/wp-content\\\/uploads\\\/2025\\\/08\\\/flux-729-1754390798.jpg\",\"contentUrl\":\"https:\\\/\\\/rachat2credit.fr\\\/guide\\\/wp-content\\\/uploads\\\/2025\\\/08\\\/flux-729-1754390798.jpg\",\"width\":1344,\"height\":768},{\"@type\":\"BreadcrumbList\",\"@id\":\"https:\\\/\\\/rachat2credit.fr\\\/guide\\\/combien-couterait-une-residence-senior-jai-ete-surpris-par-les-tarifs-caches\\\/#breadcrumb\",\"itemListElement\":[{\"@type\":\"ListItem\",\"position\":1,\"name\":\"Accueil\",\"item\":\"https:\\\/\\\/rachat2credit.fr\\\/guide\\\/\"},{\"@type\":\"ListItem\",\"position\":2,\"name\":\"Combien co\u00fbterait une r\u00e9sidence senior ? \u201cj\u2019ai \u00e9t\u00e9 surpris par les tarifs cach\u00e9s\u201d\"}]},{\"@type\":\"WebSite\",\"@id\":\"https:\\\/\\\/rachat2credit.fr\\\/guide\\\/#website\",\"url\":\"https:\\\/\\\/rachat2credit.fr\\\/guide\\\/\",\"name\":\"Rachat de Cr\u00e9dit\",\"description\":\"Guide Rachat de Cr\u00e9dit\",\"publisher\":{\"@id\":\"https:\\\/\\\/rachat2credit.fr\\\/guide\\\/#organization\"},\"potentialAction\":[{\"@type\":\"SearchAction\",\"target\":{\"@type\":\"EntryPoint\",\"urlTemplate\":\"https:\\\/\\\/rachat2credit.fr\\\/guide\\\/?s={search_term_string}\"},\"query-input\":{\"@type\":\"PropertyValueSpecification\",\"valueRequired\":true,\"valueName\":\"search_term_string\"}}],\"inLanguage\":\"fr-FR\"},{\"@type\":\"Organization\",\"@id\":\"https:\\\/\\\/rachat2credit.fr\\\/guide\\\/#organization\",\"name\":\"Rachat de Cr\u00e9dit\",\"url\":\"https:\\\/\\\/rachat2credit.fr\\\/guide\\\/\",\"logo\":{\"@type\":\"ImageObject\",\"inLanguage\":\"fr-FR\",\"@id\":\"https:\\\/\\\/rachat2credit.fr\\\/guide\\\/#\\\/schema\\\/logo\\\/image\\\/\",\"url\":\"https:\\\/\\\/rachat2credit.fr\\\/guide\\\/wp-content\\\/uploads\\\/2025\\\/05\\\/rachat2credit.png\",\"contentUrl\":\"https:\\\/\\\/rachat2credit.fr\\\/guide\\\/wp-content\\\/uploads\\\/2025\\\/05\\\/rachat2credit.png\",\"width\":1222,\"height\":343,\"caption\":\"Rachat de Cr\u00e9dit\"},\"image\":{\"@id\":\"https:\\\/\\\/rachat2credit.fr\\\/guide\\\/#\\\/schema\\\/logo\\\/image\\\/\"}},{\"@type\":\"Person\",\"@id\":\"https:\\\/\\\/rachat2credit.fr\\\/guide\\\/#\\\/schema\\\/person\\\/d4142086d07bc6acdc4722eabd955cc2\",\"name\":\"Aurelien Boulanger\",\"image\":{\"@type\":\"ImageObject\",\"inLanguage\":\"fr-FR\",\"@id\":\"https:\\\/\\\/secure.gravatar.com\\\/avatar\\\/32175434c9ca2b27bfeb905d1c3ec782a789caf494bc0ec8fa6ed0ee39c2e62a?s=96&d=mm&r=g\",\"url\":\"https:\\\/\\\/secure.gravatar.com\\\/avatar\\\/32175434c9ca2b27bfeb905d1c3ec782a789caf494bc0ec8fa6ed0ee39c2e62a?s=96&d=mm&r=g\",\"contentUrl\":\"https:\\\/\\\/secure.gravatar.com\\\/avatar\\\/32175434c9ca2b27bfeb905d1c3ec782a789caf494bc0ec8fa6ed0ee39c2e62a?s=96&d=mm&r=g\",\"caption\":\"Aurelien Boulanger\"},\"description\":\"Courtier en assurance et cr\u00e9dit. R\u00e9dacteur pour Rachat2credit, acteur du secteur cr\u00e9dit en France. Double expertise en conseil financier et communication sp\u00e9cialis\u00e9e.\",\"sameAs\":[\"https:\\\/\\\/rachat2credit.fr\\\/guide\"],\"url\":\"https:\\\/\\\/rachat2credit.fr\\\/guide\\\/author\\\/aurelien\\\/\"}]}<\/script>\n<!-- \/ Yoast SEO plugin. -->","yoast_head_json":{"title":"Combien co\u00fbterait une r\u00e9sidence senior ? \u201cj\u2019ai \u00e9t\u00e9 surpris par les tarifs cach\u00e9s\u201d - Rachat de Cr\u00e9dit","robots":{"index":"index","follow":"follow","max-snippet":"max-snippet:-1","max-image-preview":"max-image-preview:large","max-video-preview":"max-video-preview:-1"},"canonical":"https:\/\/rachat2credit.fr\/guide\/combien-couterait-une-residence-senior-jai-ete-surpris-par-les-tarifs-caches\/","og_locale":"fr_FR","og_type":"article","og_title":"Combien co\u00fbterait une r\u00e9sidence senior ? \u201cj\u2019ai \u00e9t\u00e9 surpris par les tarifs cach\u00e9s\u201d - Rachat de Cr\u00e9dit","og_description":"\u00ab&nbsp;Je pensais que c&rsquo;\u00e9tait abordable, mais j&rsquo;ai eu un choc en d\u00e9couvrant les tarifs&nbsp;\u00bb&nbsp;: le vrai co\u00fbt d&rsquo;une r\u00e9sidence senior en France Alors que la population vieillissante augmente, de plus en plus de familles s&rsquo;interrogent sur le prix d&rsquo;une place en r\u00e9sidence senior. Entre services inclus et options cach\u00e9es, le budget peut rapidement s&rsquo;envoler. D\u00e9cryptage ... Lire plus","og_url":"https:\/\/rachat2credit.fr\/guide\/combien-couterait-une-residence-senior-jai-ete-surpris-par-les-tarifs-caches\/","og_site_name":"Rachat de Cr\u00e9dit","article_published_time":"2025-08-05T10:46:27+00:00","og_image":[{"width":1344,"height":768,"url":"https:\/\/rachat2credit.fr\/guide\/wp-content\/uploads\/2025\/08\/flux-729-1754390798.jpg","type":"image\/jpeg"}],"author":"Aurelien Boulanger","twitter_card":"summary_large_image","twitter_misc":{"\u00c9crit par":"Aurelien Boulanger","Dur\u00e9e de lecture estim\u00e9e":"3 minutes"},"schema":{"@context":"https:\/\/schema.org","@graph":[{"@type":"NewsArticle","@id":"https:\/\/rachat2credit.fr\/guide\/combien-couterait-une-residence-senior-jai-ete-surpris-par-les-tarifs-caches\/#article","isPartOf":{"@id":"https:\/\/rachat2credit.fr\/guide\/combien-couterait-une-residence-senior-jai-ete-surpris-par-les-tarifs-caches\/"},"author":{"name":"Aurelien Boulanger","@id":"https:\/\/rachat2credit.fr\/guide\/#\/schema\/person\/d4142086d07bc6acdc4722eabd955cc2"},"headline":"Combien co\u00fbterait une r\u00e9sidence senior ? \u201cj\u2019ai \u00e9t\u00e9 surpris par les tarifs cach\u00e9s\u201d","datePublished":"2025-08-05T10:46:27+00:00","mainEntityOfPage":{"@id":"https:\/\/rachat2credit.fr\/guide\/combien-couterait-une-residence-senior-jai-ete-surpris-par-les-tarifs-caches\/"},"wordCount":599,"commentCount":41,"publisher":{"@id":"https:\/\/rachat2credit.fr\/guide\/#organization"},"image":{"@id":"https:\/\/rachat2credit.fr\/guide\/combien-couterait-une-residence-senior-jai-ete-surpris-par-les-tarifs-caches\/#primaryimage"},"thumbnailUrl":"https:\/\/rachat2credit.fr\/guide\/wp-content\/uploads\/2025\/08\/flux-729-1754390798.jpg","articleSection":["A la une"],"inLanguage":"fr-FR","potentialAction":[{"@type":"CommentAction","name":"Comment","target":["https:\/\/rachat2credit.fr\/guide\/combien-couterait-une-residence-senior-jai-ete-surpris-par-les-tarifs-caches\/#respond"]}]},{"@type":"WebPage","@id":"https:\/\/rachat2credit.fr\/guide\/combien-couterait-une-residence-senior-jai-ete-surpris-par-les-tarifs-caches\/","url":"https:\/\/rachat2credit.fr\/guide\/combien-couterait-une-residence-senior-jai-ete-surpris-par-les-tarifs-caches\/","name":"Combien co\u00fbterait une r\u00e9sidence senior ? \u201cj\u2019ai \u00e9t\u00e9 surpris par les tarifs cach\u00e9s\u201d - Rachat de Cr\u00e9dit","isPartOf":{"@id":"https:\/\/rachat2credit.fr\/guide\/#website"},"primaryImageOfPage":{"@id":"https:\/\/rachat2credit.fr\/guide\/combien-couterait-une-residence-senior-jai-ete-surpris-par-les-tarifs-caches\/#primaryimage"},"image":{"@id":"https:\/\/rachat2credit.fr\/guide\/combien-couterait-une-residence-senior-jai-ete-surpris-par-les-tarifs-caches\/#primaryimage"},"thumbnailUrl":"https:\/\/rachat2credit.fr\/guide\/wp-content\/uploads\/2025\/08\/flux-729-1754390798.jpg","datePublished":"2025-08-05T10:46:27+00:00","breadcrumb":{"@id":"https:\/\/rachat2credit.fr\/guide\/combien-couterait-une-residence-senior-jai-ete-surpris-par-les-tarifs-caches\/#breadcrumb"},"inLanguage":"fr-FR","potentialAction":[{"@type":"ReadAction","target":["https:\/\/rachat2credit.fr\/guide\/combien-couterait-une-residence-senior-jai-ete-surpris-par-les-tarifs-caches\/"]}]},{"@type":"ImageObject","inLanguage":"fr-FR","@id":"https:\/\/rachat2credit.fr\/guide\/combien-couterait-une-residence-senior-jai-ete-surpris-par-les-tarifs-caches\/#primaryimage","url":"https:\/\/rachat2credit.fr\/guide\/wp-content\/uploads\/2025\/08\/flux-729-1754390798.jpg","contentUrl":"https:\/\/rachat2credit.fr\/guide\/wp-content\/uploads\/2025\/08\/flux-729-1754390798.jpg","width":1344,"height":768},{"@type":"BreadcrumbList","@id":"https:\/\/rachat2credit.fr\/guide\/combien-couterait-une-residence-senior-jai-ete-surpris-par-les-tarifs-caches\/#breadcrumb","itemListElement":[{"@type":"ListItem","position":1,"name":"Accueil","item":"https:\/\/rachat2credit.fr\/guide\/"},{"@type":"ListItem","position":2,"name":"Combien co\u00fbterait une r\u00e9sidence senior ? \u201cj\u2019ai \u00e9t\u00e9 surpris par les tarifs cach\u00e9s\u201d"}]},{"@type":"WebSite","@id":"https:\/\/rachat2credit.fr\/guide\/#website","url":"https:\/\/rachat2credit.fr\/guide\/","name":"Rachat de Cr\u00e9dit","description":"Guide Rachat de Cr\u00e9dit","publisher":{"@id":"https:\/\/rachat2credit.fr\/guide\/#organization"},"potentialAction":[{"@type":"SearchAction","target":{"@type":"EntryPoint","urlTemplate":"https:\/\/rachat2credit.fr\/guide\/?s={search_term_string}"},"query-input":{"@type":"PropertyValueSpecification","valueRequired":true,"valueName":"search_term_string"}}],"inLanguage":"fr-FR"},{"@type":"Organization","@id":"https:\/\/rachat2credit.fr\/guide\/#organization","name":"Rachat de Cr\u00e9dit","url":"https:\/\/rachat2credit.fr\/guide\/","logo":{"@type":"ImageObject","inLanguage":"fr-FR","@id":"https:\/\/rachat2credit.fr\/guide\/#\/schema\/logo\/image\/","url":"https:\/\/rachat2credit.fr\/guide\/wp-content\/uploads\/2025\/05\/rachat2credit.png","contentUrl":"https:\/\/rachat2credit.fr\/guide\/wp-content\/uploads\/2025\/05\/rachat2credit.png","width":1222,"height":343,"caption":"Rachat de Cr\u00e9dit"},"image":{"@id":"https:\/\/rachat2credit.fr\/guide\/#\/schema\/logo\/image\/"}},{"@type":"Person","@id":"https:\/\/rachat2credit.fr\/guide\/#\/schema\/person\/d4142086d07bc6acdc4722eabd955cc2","name":"Aurelien Boulanger","image":{"@type":"ImageObject","inLanguage":"fr-FR","@id":"https:\/\/secure.gravatar.com\/avatar\/32175434c9ca2b27bfeb905d1c3ec782a789caf494bc0ec8fa6ed0ee39c2e62a?s=96&d=mm&r=g","url":"https:\/\/secure.gravatar.com\/avatar\/32175434c9ca2b27bfeb905d1c3ec782a789caf494bc0ec8fa6ed0ee39c2e62a?s=96&d=mm&r=g","contentUrl":"https:\/\/secure.gravatar.com\/avatar\/32175434c9ca2b27bfeb905d1c3ec782a789caf494bc0ec8fa6ed0ee39c2e62a?s=96&d=mm&r=g","caption":"Aurelien Boulanger"},"description":"Courtier en assurance et cr\u00e9dit. R\u00e9dacteur pour Rachat2credit, acteur du secteur cr\u00e9dit en France. Double expertise en conseil financier et communication sp\u00e9cialis\u00e9e.","sameAs":["https:\/\/rachat2credit.fr\/guide"],"url":"https:\/\/rachat2credit.fr\/guide\/author\/aurelien\/"}]}},"_links":{"self":[{"href":"https:\/\/rachat2credit.fr\/guide\/wp-json\/wp\/v2\/posts\/729","targetHints":{"allow":["GET"]}}],"collection":[{"href":"https:\/\/rachat2credit.fr\/guide\/wp-json\/wp\/v2\/posts"}],"about":[{"href":"https:\/\/rachat2credit.fr\/guide\/wp-json\/wp\/v2\/types\/post"}],"author":[{"embeddable":true,"href":"https:\/\/rachat2credit.fr\/guide\/wp-json\/wp\/v2\/users\/1"}],"replies":[{"embeddable":true,"href":"https:\/\/rachat2credit.fr\/guide\/wp-json\/wp\/v2\/comments?post=729"}],"version-history":[{"count":0,"href":"https:\/\/rachat2credit.fr\/guide\/wp-json\/wp\/v2\/posts\/729\/revisions"}],"wp:featuredmedia":[{"embeddable":true,"href":"https:\/\/rachat2credit.fr\/guide\/wp-json\/wp\/v2\/media\/730"}],"wp:attachment":[{"href":"https:\/\/rachat2credit.fr\/guide\/wp-json\/wp\/v2\/media?parent=729"}],"wp:term":[{"taxonomy":"category","embeddable":true,"href":"https:\/\/rachat2credit.fr\/guide\/wp-json\/wp\/v2\/categories?post=729"},{"taxonomy":"post_tag","embeddable":true,"href":"https:\/\/rachat2credit.fr\/guide\/wp-json\/wp\/v2\/tags?post=729"}],"curies":[{"name":"wp","href":"https:\/\/api.w.org\/{rel}","templated":true}]}}