{"id":735,"date":"2025-08-05T18:46:09","date_gmt":"2025-08-05T16:46:09","guid":{"rendered":"https:\/\/rachat2credit.fr\/guide\/combien-couterait-une-residence-senior-selon-les-experts-jai-ete-surpris-par-les-tarifs-caches\/"},"modified":"2025-08-05T18:46:09","modified_gmt":"2025-08-05T16:46:09","slug":"combien-couterait-une-residence-senior-selon-les-experts-jai-ete-surpris-par-les-tarifs-caches","status":"publish","type":"post","link":"https:\/\/rachat2credit.fr\/guide\/combien-couterait-une-residence-senior-selon-les-experts-jai-ete-surpris-par-les-tarifs-caches\/","title":{"rendered":"Combien co\u00fbterait une r\u00e9sidence senior selon les experts \u201cj\u2019ai \u00e9t\u00e9 surpris par les tarifs cach\u00e9s\u201d"},"content":{"rendered":"<article>\n<p>Dans un contexte de vieillissement de la population fran\u00e7aise, de plus en plus de familles s&rsquo;interrogent : <strong>\u00ab\u00a0Combien co\u00fbte une r\u00e9sidence senior ?\u00a0\u00bb<\/strong> Une question cruciale alors que 20% des Fran\u00e7ais auront plus de 65 ans d&rsquo;ici 2030 selon les projections de l&rsquo;<a href=\"https:\/\/www.insee.fr\" target=\"_blank\" rel=\"noopener\">INSEE<\/a>.<\/p>\n<div id=\"ez-toc-container\" class=\"ez-toc-v2_0_82_2 counter-hierarchy ez-toc-counter ez-toc-grey ez-toc-container-direction\">\n<p class=\"ez-toc-title\" style=\"cursor:inherit\">Sommaire<\/p>\n<label for=\"ez-toc-cssicon-toggle-item-69f1051ac92ed\" class=\"ez-toc-cssicon-toggle-label\"><span class=\"ez-toc-cssicon\"><span class=\"eztoc-hide\" style=\"display:none;\">Toggle<\/span><span class=\"ez-toc-icon-toggle-span\"><svg style=\"fill: #999;color:#999\" xmlns=\"http:\/\/www.w3.org\/2000\/svg\" class=\"list-377408\" width=\"20px\" height=\"20px\" viewBox=\"0 0 24 24\" fill=\"none\"><path d=\"M6 6H4v2h2V6zm14 0H8v2h12V6zM4 11h2v2H4v-2zm16 0H8v2h12v-2zM4 16h2v2H4v-2zm16 0H8v2h12v-2z\" fill=\"currentColor\"><\/path><\/svg><svg style=\"fill: #999;color:#999\" class=\"arrow-unsorted-368013\" xmlns=\"http:\/\/www.w3.org\/2000\/svg\" width=\"10px\" height=\"10px\" viewBox=\"0 0 24 24\" version=\"1.2\" baseProfile=\"tiny\"><path d=\"M18.2 9.3l-6.2-6.3-6.2 6.3c-.2.2-.3.4-.3.7s.1.5.3.7c.2.2.4.3.7.3h11c.3 0 .5-.1.7-.3.2-.2.3-.5.3-.7s-.1-.5-.3-.7zM5.8 14.7l6.2 6.3 6.2-6.3c.2-.2.3-.5.3-.7s-.1-.5-.3-.7c-.2-.2-.4-.3-.7-.3h-11c-.3 0-.5.1-.7.3-.2.2-.3.5-.3.7s.1.5.3.7z\"\/><\/svg><\/span><\/span><\/label><input type=\"checkbox\"  id=\"ez-toc-cssicon-toggle-item-69f1051ac92ed\" checked aria-label=\"Toggle\" \/><nav><ul class='ez-toc-list ez-toc-list-level-1 ' ><li class='ez-toc-page-1 ez-toc-heading-level-2'><a class=\"ez-toc-link ez-toc-heading-1\" href=\"https:\/\/rachat2credit.fr\/guide\/combien-couterait-une-residence-senior-selon-les-experts-jai-ete-surpris-par-les-tarifs-caches\/#Un_choix_aux_multiples_variables\" >Un choix aux multiples variables<\/a><\/li><li class='ez-toc-page-1 ez-toc-heading-level-2'><a class=\"ez-toc-link ez-toc-heading-2\" href=\"https:\/\/rachat2credit.fr\/guide\/combien-couterait-une-residence-senior-selon-les-experts-jai-ete-surpris-par-les-tarifs-caches\/#Les_criteres_qui_font_exploser_la_facture\" >Les crit\u00e8res qui font exploser la facture<\/a><\/li><li class='ez-toc-page-1 ez-toc-heading-level-2'><a class=\"ez-toc-link ez-toc-heading-3\" href=\"https:\/\/rachat2credit.fr\/guide\/combien-couterait-une-residence-senior-selon-les-experts-jai-ete-surpris-par-les-tarifs-caches\/#Les_aides_meconnues_qui_changent_tout\" >Les aides m\u00e9connues qui changent tout<\/a><\/li><li class='ez-toc-page-1 ez-toc-heading-level-2'><a class=\"ez-toc-link ez-toc-heading-4\" href=\"https:\/\/rachat2credit.fr\/guide\/combien-couterait-une-residence-senior-selon-les-experts-jai-ete-surpris-par-les-tarifs-caches\/#Lalternative_qui_seduit_1_famille_sur_3\" >L&rsquo;alternative qui s\u00e9duit 1 famille sur 3<\/a><\/li><li class='ez-toc-page-1 ez-toc-heading-level-2'><a class=\"ez-toc-link ez-toc-heading-5\" href=\"https:\/\/rachat2credit.fr\/guide\/combien-couterait-une-residence-senior-selon-les-experts-jai-ete-surpris-par-les-tarifs-caches\/#Comment_bien_preparer_son_projet\" >Comment bien pr\u00e9parer son projet ?<\/a><\/li><\/ul><\/nav><\/div>\n<h2><span class=\"ez-toc-section\" id=\"Un_choix_aux_multiples_variables\"><\/span>Un choix aux multiples variables<span class=\"ez-toc-section-end\"><\/span><\/h2>\n<p>Le prix d&rsquo;une r\u00e9sidence senior pourrait varier du simple au triple selon les services propos\u00e9s et la localisation. \u00ab\u00a0Nous avons visit\u00e9 cinq \u00e9tablissements avant de choisir, les tarifs allaient de 1 500 \u20ac \u00e0 plus de 4 000 \u20ac mensuels\u00a0\u00bb, t\u00e9moigne Jean-Luc, 58 ans, qui cherchait une solution pour sa m\u00e8re.<\/p>\n<blockquote><p>\u00ab\u00a0Le prix affich\u00e9 ne correspondait jamais au co\u00fbt r\u00e9el. Il fallait ajouter les options : aide \u00e0 la toilette, repas sp\u00e9ciaux, activit\u00e9s&#8230; Ces suppl\u00e9ments repr\u00e9sentaient parfois 30% du tarif de base\u00a0\u00bb<\/p><\/blockquote>\n<h2><span class=\"ez-toc-section\" id=\"Les_criteres_qui_font_exploser_la_facture\"><\/span>Les crit\u00e8res qui font exploser la facture<span class=\"ez-toc-section-end\"><\/span><\/h2>\n<p>Plusieurs \u00e9l\u00e9ments d\u00e9termineraient le co\u00fbt final :<\/p>\n<ul>\n<li>La <strong>localisation g\u00e9ographique<\/strong> (jusqu&rsquo;\u00e0 +40% en r\u00e9gion parisienne)<\/li>\n<li>Le <strong>niveau de d\u00e9pendance<\/strong> (tarifs progressifs selon l&rsquo;autonomie)<\/li>\n<li>Les <strong>prestations incluses<\/strong> (m\u00e9nage, blanchisserie, soins)<\/li>\n<li>La <strong>taille du logement<\/strong> (studio vs appartement 2 pi\u00e8ces)<\/li>\n<\/ul>\n<h2><span class=\"ez-toc-section\" id=\"Les_aides_meconnues_qui_changent_tout\"><\/span>Les aides m\u00e9connues qui changent tout<span class=\"ez-toc-section-end\"><\/span><\/h2>\n<p>Contrairement aux id\u00e9es re\u00e7ues, des dispositifs d&rsquo;aide existent :<\/p>\n<ul>\n<li>L&rsquo;<strong>APA<\/strong> (Allocation Personnalis\u00e9e d&rsquo;Autonomie) pouvant couvrir jusqu&rsquo;\u00e0 1 800 \u20ac\/mois<\/li>\n<li>Les <strong>r\u00e9ductions d&rsquo;imp\u00f4ts<\/strong> pour les proches aidants (jusqu&rsquo;\u00e0 1 500 \u20ac\/an)<\/li>\n<li>Les <strong>aides au logement<\/strong> (APL sous conditions)<\/li>\n<\/ul>\n<p>Le site <a href=\"https:\/\/www.service-public.fr\" target=\"_blank\" rel=\"noopener\">service-public.fr<\/a> propose un simulateur officiel pour estimer ces aides.<\/p>\n<h2><span class=\"ez-toc-section\" id=\"Lalternative_qui_seduit_1_famille_sur_3\"><\/span>L&rsquo;alternative qui s\u00e9duit 1 famille sur 3<span class=\"ez-toc-section-end\"><\/span><\/h2>\n<p>Face \u00e0 ces co\u00fbts, certaines familles opteraient pour des solutions hybrides. \u00ab\u00a0Nous avons am\u00e9nag\u00e9 un studio ind\u00e9pendant dans notre maison avec une auxiliaire de vie \u00e0 mi-temps. Le co\u00fbt est 35% moins \u00e9lev\u00e9 qu&rsquo;une r\u00e9sidence classique\u00a0\u00bb, explique Sophie, 45 ans.<\/p>\n<p>Cette tendance s&rsquo;inscrirait dans un mouvement plus large de recherche de solutions personnalis\u00e9es, combinant maintien \u00e0 domicile et services externalis\u00e9s.<\/p>\n<h2><span class=\"ez-toc-section\" id=\"Comment_bien_preparer_son_projet\"><\/span>Comment bien pr\u00e9parer son projet ?<span class=\"ez-toc-section-end\"><\/span><\/h2>\n<p>Les experts recommanderaient de :<\/p>\n<ol>\n<li>Faire un <strong>bilan complet des besoins<\/strong> (m\u00e9dical, social, loisirs)<\/li>\n<li>Comparer <strong>au moins 5 \u00e9tablissements<\/strong><\/li>\n<li>Pr\u00e9voir <strong>une marge de 15%<\/strong> pour les impr\u00e9vus<\/li>\n<li>Consulter les <strong>rapports d&rsquo;\u00e9valuation<\/strong> des r\u00e9sidences<\/li>\n<\/ol>\n<p>Le choix d&rsquo;une r\u00e9sidence senior repr\u00e9senterait donc un investissement important, mais des solutions existent pour l&rsquo;adapter \u00e0 chaque situation. Une r\u00e9flexion \u00e0 anticiper, id\u00e9alement plusieurs ann\u00e9es avant le besoin, pour \u00e9viter les d\u00e9cisions sous pression.<\/p>\n<p>Et vous, avez-vous d\u00e9j\u00e0 \u00e9t\u00e9 confront\u00e9 \u00e0 ce dilemme financier pour un proche \u00e2g\u00e9 ? Partagez votre exp\u00e9rience en commentaire et d\u00e9couvrez notre guide complet sur <a href=\"#\">les 10 erreurs \u00e0 \u00e9viter quand on choisit une r\u00e9sidence senior<\/a>.<\/p>\n<\/article>\n\n\n<div class=\"kk-star-ratings kksr-auto kksr-align-center kksr-valign-bottom\"\n    data-payload='{&quot;align&quot;:&quot;center&quot;,&quot;id&quot;:&quot;735&quot;,&quot;slug&quot;:&quot;default&quot;,&quot;valign&quot;:&quot;bottom&quot;,&quot;ignore&quot;:&quot;&quot;,&quot;reference&quot;:&quot;auto&quot;,&quot;class&quot;:&quot;&quot;,&quot;count&quot;:&quot;0&quot;,&quot;legendonly&quot;:&quot;&quot;,&quot;readonly&quot;:&quot;&quot;,&quot;score&quot;:&quot;0&quot;,&quot;starsonly&quot;:&quot;&quot;,&quot;best&quot;:&quot;5&quot;,&quot;gap&quot;:&quot;5&quot;,&quot;greet&quot;:&quot;&quot;,&quot;legend&quot;:&quot;0\\\/5 - (0 vote)&quot;,&quot;size&quot;:&quot;24&quot;,&quot;title&quot;:&quot;Combien co\u00fbterait une r\u00e9sidence senior selon les experts \u201cj\u2019ai \u00e9t\u00e9 surpris par les tarifs cach\u00e9s\u201d&quot;,&quot;width&quot;:&quot;0&quot;,&quot;_legend&quot;:&quot;{score}\\\/{best} - ({count} {votes})&quot;,&quot;font_factor&quot;:&quot;1.25&quot;}'>\n            \n<div class=\"kksr-stars\">\n    \n<div class=\"kksr-stars-inactive\">\n            <div class=\"kksr-star\" data-star=\"1\" style=\"padding-right: 5px\">\n            \n\n<div class=\"kksr-icon\" style=\"width: 24px; height: 24px;\"><\/div>\n        <\/div>\n            <div class=\"kksr-star\" data-star=\"2\" style=\"padding-right: 5px\">\n            \n\n<div class=\"kksr-icon\" style=\"width: 24px; height: 24px;\"><\/div>\n        <\/div>\n            <div class=\"kksr-star\" data-star=\"3\" style=\"padding-right: 5px\">\n            \n\n<div class=\"kksr-icon\" style=\"width: 24px; height: 24px;\"><\/div>\n        <\/div>\n            <div class=\"kksr-star\" data-star=\"4\" style=\"padding-right: 5px\">\n            \n\n<div class=\"kksr-icon\" style=\"width: 24px; height: 24px;\"><\/div>\n        <\/div>\n            <div class=\"kksr-star\" data-star=\"5\" style=\"padding-right: 5px\">\n            \n\n<div class=\"kksr-icon\" style=\"width: 24px; height: 24px;\"><\/div>\n        <\/div>\n    <\/div>\n    \n<div class=\"kksr-stars-active\" style=\"width: 0px;\">\n            <div class=\"kksr-star\" style=\"padding-right: 5px\">\n            \n\n<div class=\"kksr-icon\" style=\"width: 24px; height: 24px;\"><\/div>\n        <\/div>\n            <div class=\"kksr-star\" style=\"padding-right: 5px\">\n            \n\n<div class=\"kksr-icon\" style=\"width: 24px; height: 24px;\"><\/div>\n        <\/div>\n            <div class=\"kksr-star\" style=\"padding-right: 5px\">\n            \n\n<div class=\"kksr-icon\" style=\"width: 24px; height: 24px;\"><\/div>\n        <\/div>\n            <div class=\"kksr-star\" style=\"padding-right: 5px\">\n            \n\n<div class=\"kksr-icon\" style=\"width: 24px; height: 24px;\"><\/div>\n        <\/div>\n            <div class=\"kksr-star\" style=\"padding-right: 5px\">\n            \n\n<div class=\"kksr-icon\" style=\"width: 24px; height: 24px;\"><\/div>\n        <\/div>\n    <\/div>\n<\/div>\n                \n\n<div class=\"kksr-legend\" style=\"font-size: 19.2px;\">\n            <span class=\"kksr-muted\"><\/span>\n    <\/div>\n    <\/div>\n","protected":false},"excerpt":{"rendered":"<p>Dans un contexte de vieillissement de la population fran\u00e7aise, de plus en plus de familles s&rsquo;interrogent : \u00ab\u00a0Combien co\u00fbte une r\u00e9sidence senior ?\u00a0\u00bb Une question cruciale alors que 20% des Fran\u00e7ais auront plus de 65 ans d&rsquo;ici 2030 selon les projections de l&rsquo;INSEE. Un choix aux multiples variables Le prix d&rsquo;une r\u00e9sidence senior pourrait varier &#8230; <a title=\"Combien co\u00fbterait une r\u00e9sidence senior selon les experts \u201cj\u2019ai \u00e9t\u00e9 surpris par les tarifs cach\u00e9s\u201d\" class=\"read-more\" href=\"https:\/\/rachat2credit.fr\/guide\/combien-couterait-une-residence-senior-selon-les-experts-jai-ete-surpris-par-les-tarifs-caches\/\" aria-label=\"En savoir plus sur Combien co\u00fbterait une r\u00e9sidence senior selon les experts \u201cj\u2019ai \u00e9t\u00e9 surpris par les tarifs cach\u00e9s\u201d\">Lire plus<\/a><\/p>\n","protected":false},"author":1,"featured_media":736,"comment_status":"open","ping_status":"open","sticky":false,"template":"","format":"standard","meta":{"footnotes":""},"categories":[8],"tags":[],"class_list":["post-735","post","type-post","status-publish","format-standard","has-post-thumbnail","hentry","category-a-la-une"],"yoast_head":"<!-- This site is optimized with the Yoast SEO plugin v27.5 - https:\/\/yoast.com\/product\/yoast-seo-wordpress\/ -->\n<title>Combien co\u00fbterait une r\u00e9sidence senior selon les experts \u201cj\u2019ai \u00e9t\u00e9 surpris par les tarifs cach\u00e9s\u201d - Rachat de Cr\u00e9dit<\/title>\n<meta name=\"robots\" content=\"index, follow, max-snippet:-1, max-image-preview:large, max-video-preview:-1\" \/>\n<link rel=\"canonical\" href=\"https:\/\/rachat2credit.fr\/guide\/combien-couterait-une-residence-senior-selon-les-experts-jai-ete-surpris-par-les-tarifs-caches\/\" \/>\n<meta property=\"og:locale\" content=\"fr_FR\" \/>\n<meta property=\"og:type\" content=\"article\" \/>\n<meta property=\"og:title\" content=\"Combien co\u00fbterait une r\u00e9sidence senior selon les experts \u201cj\u2019ai \u00e9t\u00e9 surpris par les tarifs cach\u00e9s\u201d - Rachat de Cr\u00e9dit\" \/>\n<meta property=\"og:description\" content=\"Dans un contexte de vieillissement de la population fran\u00e7aise, de plus en plus de familles s&rsquo;interrogent : \u00ab\u00a0Combien co\u00fbte une r\u00e9sidence senior ?\u00a0\u00bb Une question cruciale alors que 20% des Fran\u00e7ais auront plus de 65 ans d&rsquo;ici 2030 selon les projections de l&rsquo;INSEE. Un choix aux multiples variables Le prix d&rsquo;une r\u00e9sidence senior pourrait varier ... Lire plus\" \/>\n<meta property=\"og:url\" content=\"https:\/\/rachat2credit.fr\/guide\/combien-couterait-une-residence-senior-selon-les-experts-jai-ete-surpris-par-les-tarifs-caches\/\" \/>\n<meta property=\"og:site_name\" content=\"Rachat de Cr\u00e9dit\" \/>\n<meta property=\"article:published_time\" content=\"2025-08-05T16:46:09+00:00\" \/>\n<meta property=\"og:image\" content=\"https:\/\/rachat2credit.fr\/guide\/wp-content\/uploads\/2025\/08\/flux-735-1754412380.jpg\" \/>\n\t<meta property=\"og:image:width\" content=\"1344\" \/>\n\t<meta property=\"og:image:height\" content=\"768\" \/>\n\t<meta property=\"og:image:type\" content=\"image\/jpeg\" \/>\n<meta name=\"author\" content=\"Aurelien Boulanger\" \/>\n<meta name=\"twitter:card\" content=\"summary_large_image\" \/>\n<meta name=\"twitter:label1\" content=\"\u00c9crit par\" \/>\n\t<meta name=\"twitter:data1\" content=\"Aurelien Boulanger\" \/>\n\t<meta name=\"twitter:label2\" content=\"Dur\u00e9e de lecture estim\u00e9e\" \/>\n\t<meta name=\"twitter:data2\" content=\"2 minutes\" \/>\n<script type=\"application\/ld+json\" class=\"yoast-schema-graph\">{\"@context\":\"https:\\\/\\\/schema.org\",\"@graph\":[{\"@type\":\"NewsArticle\",\"@id\":\"https:\\\/\\\/rachat2credit.fr\\\/guide\\\/combien-couterait-une-residence-senior-selon-les-experts-jai-ete-surpris-par-les-tarifs-caches\\\/#article\",\"isPartOf\":{\"@id\":\"https:\\\/\\\/rachat2credit.fr\\\/guide\\\/combien-couterait-une-residence-senior-selon-les-experts-jai-ete-surpris-par-les-tarifs-caches\\\/\"},\"author\":{\"name\":\"Aurelien Boulanger\",\"@id\":\"https:\\\/\\\/rachat2credit.fr\\\/guide\\\/#\\\/schema\\\/person\\\/d4142086d07bc6acdc4722eabd955cc2\"},\"headline\":\"Combien co\u00fbterait une r\u00e9sidence senior selon les experts \u201cj\u2019ai \u00e9t\u00e9 surpris par les tarifs cach\u00e9s\u201d\",\"datePublished\":\"2025-08-05T16:46:09+00:00\",\"mainEntityOfPage\":{\"@id\":\"https:\\\/\\\/rachat2credit.fr\\\/guide\\\/combien-couterait-une-residence-senior-selon-les-experts-jai-ete-surpris-par-les-tarifs-caches\\\/\"},\"wordCount\":453,\"commentCount\":40,\"publisher\":{\"@id\":\"https:\\\/\\\/rachat2credit.fr\\\/guide\\\/#organization\"},\"image\":{\"@id\":\"https:\\\/\\\/rachat2credit.fr\\\/guide\\\/combien-couterait-une-residence-senior-selon-les-experts-jai-ete-surpris-par-les-tarifs-caches\\\/#primaryimage\"},\"thumbnailUrl\":\"https:\\\/\\\/rachat2credit.fr\\\/guide\\\/wp-content\\\/uploads\\\/2025\\\/08\\\/flux-735-1754412380.jpg\",\"articleSection\":[\"A la une\"],\"inLanguage\":\"fr-FR\",\"potentialAction\":[{\"@type\":\"CommentAction\",\"name\":\"Comment\",\"target\":[\"https:\\\/\\\/rachat2credit.fr\\\/guide\\\/combien-couterait-une-residence-senior-selon-les-experts-jai-ete-surpris-par-les-tarifs-caches\\\/#respond\"]}]},{\"@type\":\"WebPage\",\"@id\":\"https:\\\/\\\/rachat2credit.fr\\\/guide\\\/combien-couterait-une-residence-senior-selon-les-experts-jai-ete-surpris-par-les-tarifs-caches\\\/\",\"url\":\"https:\\\/\\\/rachat2credit.fr\\\/guide\\\/combien-couterait-une-residence-senior-selon-les-experts-jai-ete-surpris-par-les-tarifs-caches\\\/\",\"name\":\"Combien co\u00fbterait une r\u00e9sidence senior selon les experts \u201cj\u2019ai \u00e9t\u00e9 surpris par les tarifs cach\u00e9s\u201d - Rachat de Cr\u00e9dit\",\"isPartOf\":{\"@id\":\"https:\\\/\\\/rachat2credit.fr\\\/guide\\\/#website\"},\"primaryImageOfPage\":{\"@id\":\"https:\\\/\\\/rachat2credit.fr\\\/guide\\\/combien-couterait-une-residence-senior-selon-les-experts-jai-ete-surpris-par-les-tarifs-caches\\\/#primaryimage\"},\"image\":{\"@id\":\"https:\\\/\\\/rachat2credit.fr\\\/guide\\\/combien-couterait-une-residence-senior-selon-les-experts-jai-ete-surpris-par-les-tarifs-caches\\\/#primaryimage\"},\"thumbnailUrl\":\"https:\\\/\\\/rachat2credit.fr\\\/guide\\\/wp-content\\\/uploads\\\/2025\\\/08\\\/flux-735-1754412380.jpg\",\"datePublished\":\"2025-08-05T16:46:09+00:00\",\"breadcrumb\":{\"@id\":\"https:\\\/\\\/rachat2credit.fr\\\/guide\\\/combien-couterait-une-residence-senior-selon-les-experts-jai-ete-surpris-par-les-tarifs-caches\\\/#breadcrumb\"},\"inLanguage\":\"fr-FR\",\"potentialAction\":[{\"@type\":\"ReadAction\",\"target\":[\"https:\\\/\\\/rachat2credit.fr\\\/guide\\\/combien-couterait-une-residence-senior-selon-les-experts-jai-ete-surpris-par-les-tarifs-caches\\\/\"]}]},{\"@type\":\"ImageObject\",\"inLanguage\":\"fr-FR\",\"@id\":\"https:\\\/\\\/rachat2credit.fr\\\/guide\\\/combien-couterait-une-residence-senior-selon-les-experts-jai-ete-surpris-par-les-tarifs-caches\\\/#primaryimage\",\"url\":\"https:\\\/\\\/rachat2credit.fr\\\/guide\\\/wp-content\\\/uploads\\\/2025\\\/08\\\/flux-735-1754412380.jpg\",\"contentUrl\":\"https:\\\/\\\/rachat2credit.fr\\\/guide\\\/wp-content\\\/uploads\\\/2025\\\/08\\\/flux-735-1754412380.jpg\",\"width\":1344,\"height\":768},{\"@type\":\"BreadcrumbList\",\"@id\":\"https:\\\/\\\/rachat2credit.fr\\\/guide\\\/combien-couterait-une-residence-senior-selon-les-experts-jai-ete-surpris-par-les-tarifs-caches\\\/#breadcrumb\",\"itemListElement\":[{\"@type\":\"ListItem\",\"position\":1,\"name\":\"Accueil\",\"item\":\"https:\\\/\\\/rachat2credit.fr\\\/guide\\\/\"},{\"@type\":\"ListItem\",\"position\":2,\"name\":\"Combien co\u00fbterait une r\u00e9sidence senior selon les experts \u201cj\u2019ai \u00e9t\u00e9 surpris par les tarifs cach\u00e9s\u201d\"}]},{\"@type\":\"WebSite\",\"@id\":\"https:\\\/\\\/rachat2credit.fr\\\/guide\\\/#website\",\"url\":\"https:\\\/\\\/rachat2credit.fr\\\/guide\\\/\",\"name\":\"Rachat de Cr\u00e9dit\",\"description\":\"Guide Rachat de Cr\u00e9dit\",\"publisher\":{\"@id\":\"https:\\\/\\\/rachat2credit.fr\\\/guide\\\/#organization\"},\"potentialAction\":[{\"@type\":\"SearchAction\",\"target\":{\"@type\":\"EntryPoint\",\"urlTemplate\":\"https:\\\/\\\/rachat2credit.fr\\\/guide\\\/?s={search_term_string}\"},\"query-input\":{\"@type\":\"PropertyValueSpecification\",\"valueRequired\":true,\"valueName\":\"search_term_string\"}}],\"inLanguage\":\"fr-FR\"},{\"@type\":\"Organization\",\"@id\":\"https:\\\/\\\/rachat2credit.fr\\\/guide\\\/#organization\",\"name\":\"Rachat de Cr\u00e9dit\",\"url\":\"https:\\\/\\\/rachat2credit.fr\\\/guide\\\/\",\"logo\":{\"@type\":\"ImageObject\",\"inLanguage\":\"fr-FR\",\"@id\":\"https:\\\/\\\/rachat2credit.fr\\\/guide\\\/#\\\/schema\\\/logo\\\/image\\\/\",\"url\":\"https:\\\/\\\/rachat2credit.fr\\\/guide\\\/wp-content\\\/uploads\\\/2025\\\/05\\\/rachat2credit.png\",\"contentUrl\":\"https:\\\/\\\/rachat2credit.fr\\\/guide\\\/wp-content\\\/uploads\\\/2025\\\/05\\\/rachat2credit.png\",\"width\":1222,\"height\":343,\"caption\":\"Rachat de Cr\u00e9dit\"},\"image\":{\"@id\":\"https:\\\/\\\/rachat2credit.fr\\\/guide\\\/#\\\/schema\\\/logo\\\/image\\\/\"}},{\"@type\":\"Person\",\"@id\":\"https:\\\/\\\/rachat2credit.fr\\\/guide\\\/#\\\/schema\\\/person\\\/d4142086d07bc6acdc4722eabd955cc2\",\"name\":\"Aurelien Boulanger\",\"image\":{\"@type\":\"ImageObject\",\"inLanguage\":\"fr-FR\",\"@id\":\"https:\\\/\\\/secure.gravatar.com\\\/avatar\\\/32175434c9ca2b27bfeb905d1c3ec782a789caf494bc0ec8fa6ed0ee39c2e62a?s=96&d=mm&r=g\",\"url\":\"https:\\\/\\\/secure.gravatar.com\\\/avatar\\\/32175434c9ca2b27bfeb905d1c3ec782a789caf494bc0ec8fa6ed0ee39c2e62a?s=96&d=mm&r=g\",\"contentUrl\":\"https:\\\/\\\/secure.gravatar.com\\\/avatar\\\/32175434c9ca2b27bfeb905d1c3ec782a789caf494bc0ec8fa6ed0ee39c2e62a?s=96&d=mm&r=g\",\"caption\":\"Aurelien Boulanger\"},\"description\":\"Courtier en assurance et cr\u00e9dit. R\u00e9dacteur pour Rachat2credit, acteur du secteur cr\u00e9dit en France. Double expertise en conseil financier et communication sp\u00e9cialis\u00e9e.\",\"sameAs\":[\"https:\\\/\\\/rachat2credit.fr\\\/guide\"],\"url\":\"https:\\\/\\\/rachat2credit.fr\\\/guide\\\/author\\\/aurelien\\\/\"}]}<\/script>\n<!-- \/ Yoast SEO plugin. -->","yoast_head_json":{"title":"Combien co\u00fbterait une r\u00e9sidence senior selon les experts \u201cj\u2019ai \u00e9t\u00e9 surpris par les tarifs cach\u00e9s\u201d - Rachat de Cr\u00e9dit","robots":{"index":"index","follow":"follow","max-snippet":"max-snippet:-1","max-image-preview":"max-image-preview:large","max-video-preview":"max-video-preview:-1"},"canonical":"https:\/\/rachat2credit.fr\/guide\/combien-couterait-une-residence-senior-selon-les-experts-jai-ete-surpris-par-les-tarifs-caches\/","og_locale":"fr_FR","og_type":"article","og_title":"Combien co\u00fbterait une r\u00e9sidence senior selon les experts \u201cj\u2019ai \u00e9t\u00e9 surpris par les tarifs cach\u00e9s\u201d - Rachat de Cr\u00e9dit","og_description":"Dans un contexte de vieillissement de la population fran\u00e7aise, de plus en plus de familles s&rsquo;interrogent : \u00ab\u00a0Combien co\u00fbte une r\u00e9sidence senior ?\u00a0\u00bb Une question cruciale alors que 20% des Fran\u00e7ais auront plus de 65 ans d&rsquo;ici 2030 selon les projections de l&rsquo;INSEE. Un choix aux multiples variables Le prix d&rsquo;une r\u00e9sidence senior pourrait varier ... Lire plus","og_url":"https:\/\/rachat2credit.fr\/guide\/combien-couterait-une-residence-senior-selon-les-experts-jai-ete-surpris-par-les-tarifs-caches\/","og_site_name":"Rachat de Cr\u00e9dit","article_published_time":"2025-08-05T16:46:09+00:00","og_image":[{"width":1344,"height":768,"url":"https:\/\/rachat2credit.fr\/guide\/wp-content\/uploads\/2025\/08\/flux-735-1754412380.jpg","type":"image\/jpeg"}],"author":"Aurelien Boulanger","twitter_card":"summary_large_image","twitter_misc":{"\u00c9crit par":"Aurelien Boulanger","Dur\u00e9e de lecture estim\u00e9e":"2 minutes"},"schema":{"@context":"https:\/\/schema.org","@graph":[{"@type":"NewsArticle","@id":"https:\/\/rachat2credit.fr\/guide\/combien-couterait-une-residence-senior-selon-les-experts-jai-ete-surpris-par-les-tarifs-caches\/#article","isPartOf":{"@id":"https:\/\/rachat2credit.fr\/guide\/combien-couterait-une-residence-senior-selon-les-experts-jai-ete-surpris-par-les-tarifs-caches\/"},"author":{"name":"Aurelien Boulanger","@id":"https:\/\/rachat2credit.fr\/guide\/#\/schema\/person\/d4142086d07bc6acdc4722eabd955cc2"},"headline":"Combien co\u00fbterait une r\u00e9sidence senior selon les experts \u201cj\u2019ai \u00e9t\u00e9 surpris par les tarifs cach\u00e9s\u201d","datePublished":"2025-08-05T16:46:09+00:00","mainEntityOfPage":{"@id":"https:\/\/rachat2credit.fr\/guide\/combien-couterait-une-residence-senior-selon-les-experts-jai-ete-surpris-par-les-tarifs-caches\/"},"wordCount":453,"commentCount":40,"publisher":{"@id":"https:\/\/rachat2credit.fr\/guide\/#organization"},"image":{"@id":"https:\/\/rachat2credit.fr\/guide\/combien-couterait-une-residence-senior-selon-les-experts-jai-ete-surpris-par-les-tarifs-caches\/#primaryimage"},"thumbnailUrl":"https:\/\/rachat2credit.fr\/guide\/wp-content\/uploads\/2025\/08\/flux-735-1754412380.jpg","articleSection":["A la une"],"inLanguage":"fr-FR","potentialAction":[{"@type":"CommentAction","name":"Comment","target":["https:\/\/rachat2credit.fr\/guide\/combien-couterait-une-residence-senior-selon-les-experts-jai-ete-surpris-par-les-tarifs-caches\/#respond"]}]},{"@type":"WebPage","@id":"https:\/\/rachat2credit.fr\/guide\/combien-couterait-une-residence-senior-selon-les-experts-jai-ete-surpris-par-les-tarifs-caches\/","url":"https:\/\/rachat2credit.fr\/guide\/combien-couterait-une-residence-senior-selon-les-experts-jai-ete-surpris-par-les-tarifs-caches\/","name":"Combien co\u00fbterait une r\u00e9sidence senior selon les experts \u201cj\u2019ai \u00e9t\u00e9 surpris par les tarifs cach\u00e9s\u201d - Rachat de Cr\u00e9dit","isPartOf":{"@id":"https:\/\/rachat2credit.fr\/guide\/#website"},"primaryImageOfPage":{"@id":"https:\/\/rachat2credit.fr\/guide\/combien-couterait-une-residence-senior-selon-les-experts-jai-ete-surpris-par-les-tarifs-caches\/#primaryimage"},"image":{"@id":"https:\/\/rachat2credit.fr\/guide\/combien-couterait-une-residence-senior-selon-les-experts-jai-ete-surpris-par-les-tarifs-caches\/#primaryimage"},"thumbnailUrl":"https:\/\/rachat2credit.fr\/guide\/wp-content\/uploads\/2025\/08\/flux-735-1754412380.jpg","datePublished":"2025-08-05T16:46:09+00:00","breadcrumb":{"@id":"https:\/\/rachat2credit.fr\/guide\/combien-couterait-une-residence-senior-selon-les-experts-jai-ete-surpris-par-les-tarifs-caches\/#breadcrumb"},"inLanguage":"fr-FR","potentialAction":[{"@type":"ReadAction","target":["https:\/\/rachat2credit.fr\/guide\/combien-couterait-une-residence-senior-selon-les-experts-jai-ete-surpris-par-les-tarifs-caches\/"]}]},{"@type":"ImageObject","inLanguage":"fr-FR","@id":"https:\/\/rachat2credit.fr\/guide\/combien-couterait-une-residence-senior-selon-les-experts-jai-ete-surpris-par-les-tarifs-caches\/#primaryimage","url":"https:\/\/rachat2credit.fr\/guide\/wp-content\/uploads\/2025\/08\/flux-735-1754412380.jpg","contentUrl":"https:\/\/rachat2credit.fr\/guide\/wp-content\/uploads\/2025\/08\/flux-735-1754412380.jpg","width":1344,"height":768},{"@type":"BreadcrumbList","@id":"https:\/\/rachat2credit.fr\/guide\/combien-couterait-une-residence-senior-selon-les-experts-jai-ete-surpris-par-les-tarifs-caches\/#breadcrumb","itemListElement":[{"@type":"ListItem","position":1,"name":"Accueil","item":"https:\/\/rachat2credit.fr\/guide\/"},{"@type":"ListItem","position":2,"name":"Combien co\u00fbterait une r\u00e9sidence senior selon les experts \u201cj\u2019ai \u00e9t\u00e9 surpris par les tarifs cach\u00e9s\u201d"}]},{"@type":"WebSite","@id":"https:\/\/rachat2credit.fr\/guide\/#website","url":"https:\/\/rachat2credit.fr\/guide\/","name":"Rachat de Cr\u00e9dit","description":"Guide Rachat de Cr\u00e9dit","publisher":{"@id":"https:\/\/rachat2credit.fr\/guide\/#organization"},"potentialAction":[{"@type":"SearchAction","target":{"@type":"EntryPoint","urlTemplate":"https:\/\/rachat2credit.fr\/guide\/?s={search_term_string}"},"query-input":{"@type":"PropertyValueSpecification","valueRequired":true,"valueName":"search_term_string"}}],"inLanguage":"fr-FR"},{"@type":"Organization","@id":"https:\/\/rachat2credit.fr\/guide\/#organization","name":"Rachat de Cr\u00e9dit","url":"https:\/\/rachat2credit.fr\/guide\/","logo":{"@type":"ImageObject","inLanguage":"fr-FR","@id":"https:\/\/rachat2credit.fr\/guide\/#\/schema\/logo\/image\/","url":"https:\/\/rachat2credit.fr\/guide\/wp-content\/uploads\/2025\/05\/rachat2credit.png","contentUrl":"https:\/\/rachat2credit.fr\/guide\/wp-content\/uploads\/2025\/05\/rachat2credit.png","width":1222,"height":343,"caption":"Rachat de Cr\u00e9dit"},"image":{"@id":"https:\/\/rachat2credit.fr\/guide\/#\/schema\/logo\/image\/"}},{"@type":"Person","@id":"https:\/\/rachat2credit.fr\/guide\/#\/schema\/person\/d4142086d07bc6acdc4722eabd955cc2","name":"Aurelien Boulanger","image":{"@type":"ImageObject","inLanguage":"fr-FR","@id":"https:\/\/secure.gravatar.com\/avatar\/32175434c9ca2b27bfeb905d1c3ec782a789caf494bc0ec8fa6ed0ee39c2e62a?s=96&d=mm&r=g","url":"https:\/\/secure.gravatar.com\/avatar\/32175434c9ca2b27bfeb905d1c3ec782a789caf494bc0ec8fa6ed0ee39c2e62a?s=96&d=mm&r=g","contentUrl":"https:\/\/secure.gravatar.com\/avatar\/32175434c9ca2b27bfeb905d1c3ec782a789caf494bc0ec8fa6ed0ee39c2e62a?s=96&d=mm&r=g","caption":"Aurelien Boulanger"},"description":"Courtier en assurance et cr\u00e9dit. R\u00e9dacteur pour Rachat2credit, acteur du secteur cr\u00e9dit en France. Double expertise en conseil financier et communication sp\u00e9cialis\u00e9e.","sameAs":["https:\/\/rachat2credit.fr\/guide"],"url":"https:\/\/rachat2credit.fr\/guide\/author\/aurelien\/"}]}},"_links":{"self":[{"href":"https:\/\/rachat2credit.fr\/guide\/wp-json\/wp\/v2\/posts\/735","targetHints":{"allow":["GET"]}}],"collection":[{"href":"https:\/\/rachat2credit.fr\/guide\/wp-json\/wp\/v2\/posts"}],"about":[{"href":"https:\/\/rachat2credit.fr\/guide\/wp-json\/wp\/v2\/types\/post"}],"author":[{"embeddable":true,"href":"https:\/\/rachat2credit.fr\/guide\/wp-json\/wp\/v2\/users\/1"}],"replies":[{"embeddable":true,"href":"https:\/\/rachat2credit.fr\/guide\/wp-json\/wp\/v2\/comments?post=735"}],"version-history":[{"count":0,"href":"https:\/\/rachat2credit.fr\/guide\/wp-json\/wp\/v2\/posts\/735\/revisions"}],"wp:featuredmedia":[{"embeddable":true,"href":"https:\/\/rachat2credit.fr\/guide\/wp-json\/wp\/v2\/media\/736"}],"wp:attachment":[{"href":"https:\/\/rachat2credit.fr\/guide\/wp-json\/wp\/v2\/media?parent=735"}],"wp:term":[{"taxonomy":"category","embeddable":true,"href":"https:\/\/rachat2credit.fr\/guide\/wp-json\/wp\/v2\/categories?post=735"},{"taxonomy":"post_tag","embeddable":true,"href":"https:\/\/rachat2credit.fr\/guide\/wp-json\/wp\/v2\/tags?post=735"}],"curies":[{"name":"wp","href":"https:\/\/api.w.org\/{rel}","templated":true}]}}