{"id":739,"date":"2025-08-06T08:46:13","date_gmt":"2025-08-06T06:46:13","guid":{"rendered":"https:\/\/rachat2credit.fr\/guide\/le-per-pourrait-il-reduire-les-inegalites-hommes-femmes-jai-enfin-pu-epargner-autant-que-mon-mari\/"},"modified":"2025-08-06T08:46:13","modified_gmt":"2025-08-06T06:46:13","slug":"le-per-pourrait-il-reduire-les-inegalites-hommes-femmes-jai-enfin-pu-epargner-autant-que-mon-mari","status":"publish","type":"post","link":"https:\/\/rachat2credit.fr\/guide\/le-per-pourrait-il-reduire-les-inegalites-hommes-femmes-jai-enfin-pu-epargner-autant-que-mon-mari\/","title":{"rendered":"Le PER pourrait-il r\u00e9duire les in\u00e9galit\u00e9s hommes-femmes ? \u00ab\u00a0j&rsquo;ai enfin pu \u00e9pargner autant que mon mari\u00a0\u00bb"},"content":{"rendered":"<p>\u00ab\u00a0`html<\/p>\n<p>Et si le PER (Plan d&rsquo;\u00c9pargne Retraite) pouvait r\u00e9duire les in\u00e9galit\u00e9s entre hommes et femmes ? Alors que l&rsquo;\u00e9cart de pension moyenne entre les sexes atteint encore 40% selon le Conseil d&rsquo;orientation des retraites, ce dispositif m\u00e9connu pourrait-il devenir une arme contre cette injustice financi\u00e8re ?<\/p>\n<div id=\"ez-toc-container\" class=\"ez-toc-v2_0_82_2 counter-hierarchy ez-toc-counter ez-toc-grey ez-toc-container-direction\">\n<p class=\"ez-toc-title\" style=\"cursor:inherit\">Sommaire<\/p>\n<label for=\"ez-toc-cssicon-toggle-item-69f11bda0f7c5\" class=\"ez-toc-cssicon-toggle-label\"><span class=\"ez-toc-cssicon\"><span class=\"eztoc-hide\" style=\"display:none;\">Toggle<\/span><span class=\"ez-toc-icon-toggle-span\"><svg style=\"fill: #999;color:#999\" xmlns=\"http:\/\/www.w3.org\/2000\/svg\" class=\"list-377408\" width=\"20px\" height=\"20px\" viewBox=\"0 0 24 24\" fill=\"none\"><path d=\"M6 6H4v2h2V6zm14 0H8v2h12V6zM4 11h2v2H4v-2zm16 0H8v2h12v-2zM4 16h2v2H4v-2zm16 0H8v2h12v-2z\" fill=\"currentColor\"><\/path><\/svg><svg style=\"fill: #999;color:#999\" class=\"arrow-unsorted-368013\" xmlns=\"http:\/\/www.w3.org\/2000\/svg\" width=\"10px\" height=\"10px\" viewBox=\"0 0 24 24\" version=\"1.2\" baseProfile=\"tiny\"><path d=\"M18.2 9.3l-6.2-6.3-6.2 6.3c-.2.2-.3.4-.3.7s.1.5.3.7c.2.2.4.3.7.3h11c.3 0 .5-.1.7-.3.2-.2.3-.5.3-.7s-.1-.5-.3-.7zM5.8 14.7l6.2 6.3 6.2-6.3c.2-.2.3-.5.3-.7s-.1-.5-.3-.7c-.2-.2-.4-.3-.7-.3h-11c-.3 0-.5.1-.7.3-.2.2-.3.5-.3.7s.1.5.3.7z\"\/><\/svg><\/span><\/span><\/label><input type=\"checkbox\"  id=\"ez-toc-cssicon-toggle-item-69f11bda0f7c5\" checked aria-label=\"Toggle\" \/><nav><ul class='ez-toc-list ez-toc-list-level-1 ' ><li class='ez-toc-page-1 ez-toc-heading-level-3'><a class=\"ez-toc-link ez-toc-heading-1\" href=\"https:\/\/rachat2credit.fr\/guide\/le-per-pourrait-il-reduire-les-inegalites-hommes-femmes-jai-enfin-pu-epargner-autant-que-mon-mari\/#Un_outil_meconnu_face_a_un_ecart_abyssal\" >Un outil m\u00e9connu face \u00e0 un \u00e9cart abyssal<\/a><\/li><li class='ez-toc-page-1 ez-toc-heading-level-3'><a class=\"ez-toc-link ez-toc-heading-2\" href=\"https:\/\/rachat2credit.fr\/guide\/le-per-pourrait-il-reduire-les-inegalites-hommes-femmes-jai-enfin-pu-epargner-autant-que-mon-mari\/#Trois_atouts_cles_pour_les_femmes\" >Trois atouts cl\u00e9s pour les femmes<\/a><\/li><li class='ez-toc-page-1 ez-toc-heading-level-3'><a class=\"ez-toc-link ez-toc-heading-3\" href=\"https:\/\/rachat2credit.fr\/guide\/le-per-pourrait-il-reduire-les-inegalites-hommes-femmes-jai-enfin-pu-epargner-autant-que-mon-mari\/#Le_piege_de_la_fiscalite_differee\" >Le pi\u00e8ge de la fiscalit\u00e9 diff\u00e9r\u00e9e<\/a><\/li><li class='ez-toc-page-1 ez-toc-heading-level-3'><a class=\"ez-toc-link ez-toc-heading-4\" href=\"https:\/\/rachat2credit.fr\/guide\/le-per-pourrait-il-reduire-les-inegalites-hommes-femmes-jai-enfin-pu-epargner-autant-que-mon-mari\/#Vers_une_prise_de_conscience_collective\" >Vers une prise de conscience collective ?<\/a><\/li><\/ul><\/nav><\/div>\n<h3><span class=\"ez-toc-section\" id=\"Un_outil_meconnu_face_a_un_ecart_abyssal\"><\/span>Un outil m\u00e9connu face \u00e0 un \u00e9cart abyssal<span class=\"ez-toc-section-end\"><\/span><\/h3>\n<p>Sophie, 34 ans, consultante en marketing, a d\u00e9couvert le PER presque par hasard : \u00ab\u00a0Mon conseiller bancaire m&rsquo;en a parl\u00e9 lors d&rsquo;un rendez-vous routine. J&rsquo;ignorais qu&rsquo;en versant seulement 100\u20ac par mois, je pouvais constituer un compl\u00e9ment de retraite tout en r\u00e9duisant mes imp\u00f4ts imm\u00e9diatement.\u00a0\u00bb<\/p>\n<p>Ce t\u00e9moignage illustre une r\u00e9alit\u00e9 : seules 22% des souscripteurs de PER individuels seraient des femmes selon une <a href=\"https:\/\/www.economie.gouv.fr\/particuliers\/epargne-retraite-per\" target=\"_blank\" rel=\"noopener\">\u00e9tude de la DGCCRF<\/a>. Pourtant, les sp\u00e9cificit\u00e9s du dispositif pr\u00e9senteraient des avantages particuli\u00e8rement adapt\u00e9s aux parcours professionnels f\u00e9minins.<\/p>\n<h3><span class=\"ez-toc-section\" id=\"Trois_atouts_cles_pour_les_femmes\"><\/span>Trois atouts cl\u00e9s pour les femmes<span class=\"ez-toc-section-end\"><\/span><\/h3>\n<p>Le PER offrirait des solutions concr\u00e8tes face aux principaux facteurs d&rsquo;in\u00e9galit\u00e9s :<\/p>\n<ul>\n<li><strong>Flexibilit\u00e9 des versements<\/strong> : id\u00e9al pour compenser les carri\u00e8res hach\u00e9es par les cong\u00e9s parentaux<\/li>\n<li><strong>Avantage fiscal imm\u00e9diat<\/strong> : jusqu&rsquo;\u00e0 30% d&rsquo;\u00e9conomie d&rsquo;imp\u00f4t sur les versements volontaires<\/li>\n<li><strong>Capital garanti<\/strong> : protection contre les al\u00e9as des march\u00e9s pour les profils prudents<\/li>\n<\/ul>\n<p>\u00ab\u00a0Apr\u00e8s mon deuxi\u00e8me enfant, j&rsquo;ai pu mettre mon PER en pause pendant 18 mois sans p\u00e9nalit\u00e9, puis reprendre mes versements quand j&rsquo;ai retrouv\u00e9 un CDI\u00a0\u00bb, explique \u00c9lodie, 41 ans, ancienne intermittente du spectacle.<\/p>\n<h3><span class=\"ez-toc-section\" id=\"Le_piege_de_la_fiscalite_differee\"><\/span>Le pi\u00e8ge de la fiscalit\u00e9 diff\u00e9r\u00e9e<span class=\"ez-toc-section-end\"><\/span><\/h3>\n<p>Certains experts mettraient cependant en garde contre un \u00e9cueil majeur : la tentation de trop se focaliser sur l&rsquo;avantage fiscal imm\u00e9diat au d\u00e9triment de la performance long terme. \u00ab\u00a0Le PER n&rsquo;est pas une solution magique, pr\u00e9vient Marc Lef\u00e8vre, consultant en strat\u00e9gie patrimoniale. Son efficacit\u00e9 d\u00e9pend surtout de la r\u00e9gularit\u00e9 et de la dur\u00e9e des versements.\u00a0\u00bb<\/p>\n<p>Une analyse que partage le <a href=\"https:\/\/www.service-public.fr\/particuliers\/vosdroits\/F2102\" target=\"_blank\" rel=\"noopener\">site officiel du service public<\/a>, qui recommande une approche sur plusieurs d\u00e9cennies pour maximiser les b\u00e9n\u00e9fices.<\/p>\n<h3><span class=\"ez-toc-section\" id=\"Vers_une_prise_de_conscience_collective\"><\/span>Vers une prise de conscience collective ?<span class=\"ez-toc-section-end\"><\/span><\/h3>\n<p>Des initiatives \u00e9mergeraient pour sensibiliser les femmes \u00e0 cet outil. Certains r\u00e9seaux professionnels f\u00e9minins organiseraient d\u00e9sormais des ateliers d\u00e9di\u00e9s, tandis que des applications mobiles proposeraient des simulateurs adapt\u00e9s aux parcours discontinus.<\/p>\n<p>Pour Sophie, c&rsquo;est une \u00e9vidence : \u00ab\u00a0Avec mon PER, je construis ma s\u00e9curit\u00e9 financi\u00e8re pour plus tard. C&rsquo;est ma fa\u00e7on de lutter contre le plafond de verre des retraites.\u00a0\u00bb Une d\u00e9marche qui, multipli\u00e9e par des milliers de femmes, pourrait effectivement contribuer \u00e0 r\u00e9duire les in\u00e9galit\u00e9s persistantes.<\/p>\n<p>Reste \u00e0 savoir si cette prise de conscience parviendra \u00e0 contrebalancer des d\u00e9cennies de d\u00e9savantages structurels. Le d\u00e9bat est ouvert, mais une chose semble certaine : ignorer les potentialit\u00e9s du PER reviendrait \u00e0 se priver d&rsquo;une arme suppl\u00e9mentaire dans ce combat pour l&rsquo;\u00e9galit\u00e9 financi\u00e8re.<\/p>\n<p>\u00ab\u00a0`<\/p>\n\n\n<div class=\"kk-star-ratings kksr-auto kksr-align-center kksr-valign-bottom\"\n    data-payload='{&quot;align&quot;:&quot;center&quot;,&quot;id&quot;:&quot;739&quot;,&quot;slug&quot;:&quot;default&quot;,&quot;valign&quot;:&quot;bottom&quot;,&quot;ignore&quot;:&quot;&quot;,&quot;reference&quot;:&quot;auto&quot;,&quot;class&quot;:&quot;&quot;,&quot;count&quot;:&quot;0&quot;,&quot;legendonly&quot;:&quot;&quot;,&quot;readonly&quot;:&quot;&quot;,&quot;score&quot;:&quot;0&quot;,&quot;starsonly&quot;:&quot;&quot;,&quot;best&quot;:&quot;5&quot;,&quot;gap&quot;:&quot;5&quot;,&quot;greet&quot;:&quot;&quot;,&quot;legend&quot;:&quot;0\\\/5 - (0 vote)&quot;,&quot;size&quot;:&quot;24&quot;,&quot;title&quot;:&quot;Le PER pourrait-il r\u00e9duire les in\u00e9galit\u00e9s hommes-femmes ? \\u0026quot;j\\u0026#039;ai enfin pu \u00e9pargner autant que mon mari\\u0026quot;&quot;,&quot;width&quot;:&quot;0&quot;,&quot;_legend&quot;:&quot;{score}\\\/{best} - ({count} {votes})&quot;,&quot;font_factor&quot;:&quot;1.25&quot;}'>\n            \n<div class=\"kksr-stars\">\n    \n<div class=\"kksr-stars-inactive\">\n            <div class=\"kksr-star\" data-star=\"1\" style=\"padding-right: 5px\">\n            \n\n<div class=\"kksr-icon\" style=\"width: 24px; height: 24px;\"><\/div>\n        <\/div>\n            <div class=\"kksr-star\" data-star=\"2\" style=\"padding-right: 5px\">\n            \n\n<div class=\"kksr-icon\" style=\"width: 24px; height: 24px;\"><\/div>\n        <\/div>\n            <div class=\"kksr-star\" data-star=\"3\" style=\"padding-right: 5px\">\n            \n\n<div class=\"kksr-icon\" style=\"width: 24px; height: 24px;\"><\/div>\n        <\/div>\n            <div class=\"kksr-star\" data-star=\"4\" style=\"padding-right: 5px\">\n            \n\n<div class=\"kksr-icon\" style=\"width: 24px; height: 24px;\"><\/div>\n        <\/div>\n            <div class=\"kksr-star\" data-star=\"5\" style=\"padding-right: 5px\">\n            \n\n<div class=\"kksr-icon\" style=\"width: 24px; height: 24px;\"><\/div>\n        <\/div>\n    <\/div>\n    \n<div class=\"kksr-stars-active\" style=\"width: 0px;\">\n            <div class=\"kksr-star\" style=\"padding-right: 5px\">\n            \n\n<div class=\"kksr-icon\" style=\"width: 24px; height: 24px;\"><\/div>\n        <\/div>\n            <div class=\"kksr-star\" style=\"padding-right: 5px\">\n            \n\n<div class=\"kksr-icon\" style=\"width: 24px; height: 24px;\"><\/div>\n        <\/div>\n            <div class=\"kksr-star\" style=\"padding-right: 5px\">\n            \n\n<div class=\"kksr-icon\" style=\"width: 24px; height: 24px;\"><\/div>\n        <\/div>\n            <div class=\"kksr-star\" style=\"padding-right: 5px\">\n            \n\n<div class=\"kksr-icon\" style=\"width: 24px; height: 24px;\"><\/div>\n        <\/div>\n            <div class=\"kksr-star\" style=\"padding-right: 5px\">\n            \n\n<div class=\"kksr-icon\" style=\"width: 24px; height: 24px;\"><\/div>\n        <\/div>\n    <\/div>\n<\/div>\n                \n\n<div class=\"kksr-legend\" style=\"font-size: 19.2px;\">\n            <span class=\"kksr-muted\"><\/span>\n    <\/div>\n    <\/div>\n","protected":false},"excerpt":{"rendered":"<p>\u00ab\u00a0`html Et si le PER (Plan d&rsquo;\u00c9pargne Retraite) pouvait r\u00e9duire les in\u00e9galit\u00e9s entre hommes et femmes ? Alors que l&rsquo;\u00e9cart de pension moyenne entre les sexes atteint encore 40% selon le Conseil d&rsquo;orientation des retraites, ce dispositif m\u00e9connu pourrait-il devenir une arme contre cette injustice financi\u00e8re ? Un outil m\u00e9connu face \u00e0 un \u00e9cart abyssal &#8230; <a title=\"Le PER pourrait-il r\u00e9duire les in\u00e9galit\u00e9s hommes-femmes ? \u00ab\u00a0j&rsquo;ai enfin pu \u00e9pargner autant que mon mari\u00a0\u00bb\" class=\"read-more\" href=\"https:\/\/rachat2credit.fr\/guide\/le-per-pourrait-il-reduire-les-inegalites-hommes-femmes-jai-enfin-pu-epargner-autant-que-mon-mari\/\" aria-label=\"En savoir plus sur Le PER pourrait-il r\u00e9duire les in\u00e9galit\u00e9s hommes-femmes ? \u00ab\u00a0j&rsquo;ai enfin pu \u00e9pargner autant que mon mari\u00a0\u00bb\">Lire plus<\/a><\/p>\n","protected":false},"author":1,"featured_media":740,"comment_status":"open","ping_status":"open","sticky":false,"template":"","format":"standard","meta":{"footnotes":""},"categories":[8],"tags":[],"class_list":["post-739","post","type-post","status-publish","format-standard","has-post-thumbnail","hentry","category-a-la-une"],"yoast_head":"<!-- This site is optimized with the Yoast SEO plugin v27.5 - https:\/\/yoast.com\/product\/yoast-seo-wordpress\/ -->\n<title>Le PER pourrait-il r\u00e9duire les in\u00e9galit\u00e9s hommes-femmes ? &quot;j&#039;ai enfin pu \u00e9pargner autant que mon mari&quot; - Rachat de Cr\u00e9dit<\/title>\n<meta name=\"robots\" content=\"index, follow, max-snippet:-1, max-image-preview:large, max-video-preview:-1\" \/>\n<link rel=\"canonical\" href=\"https:\/\/rachat2credit.fr\/guide\/le-per-pourrait-il-reduire-les-inegalites-hommes-femmes-jai-enfin-pu-epargner-autant-que-mon-mari\/\" \/>\n<meta property=\"og:locale\" content=\"fr_FR\" \/>\n<meta property=\"og:type\" content=\"article\" \/>\n<meta property=\"og:title\" content=\"Le PER pourrait-il r\u00e9duire les in\u00e9galit\u00e9s hommes-femmes ? &quot;j&#039;ai enfin pu \u00e9pargner autant que mon mari&quot; - Rachat de Cr\u00e9dit\" \/>\n<meta property=\"og:description\" content=\"\u00ab\u00a0`html Et si le PER (Plan d&rsquo;\u00c9pargne Retraite) pouvait r\u00e9duire les in\u00e9galit\u00e9s entre hommes et femmes ? Alors que l&rsquo;\u00e9cart de pension moyenne entre les sexes atteint encore 40% selon le Conseil d&rsquo;orientation des retraites, ce dispositif m\u00e9connu pourrait-il devenir une arme contre cette injustice financi\u00e8re ? Un outil m\u00e9connu face \u00e0 un \u00e9cart abyssal ... Lire plus\" \/>\n<meta property=\"og:url\" content=\"https:\/\/rachat2credit.fr\/guide\/le-per-pourrait-il-reduire-les-inegalites-hommes-femmes-jai-enfin-pu-epargner-autant-que-mon-mari\/\" \/>\n<meta property=\"og:site_name\" content=\"Rachat de Cr\u00e9dit\" \/>\n<meta property=\"article:published_time\" content=\"2025-08-06T06:46:13+00:00\" \/>\n<meta property=\"og:image\" content=\"https:\/\/rachat2credit.fr\/guide\/wp-content\/uploads\/2025\/08\/flux-739-1754462784.jpg\" \/>\n\t<meta property=\"og:image:width\" content=\"1344\" \/>\n\t<meta property=\"og:image:height\" content=\"768\" \/>\n\t<meta property=\"og:image:type\" content=\"image\/jpeg\" \/>\n<meta name=\"author\" content=\"Aurelien Boulanger\" \/>\n<meta name=\"twitter:card\" content=\"summary_large_image\" \/>\n<meta name=\"twitter:label1\" content=\"\u00c9crit par\" \/>\n\t<meta name=\"twitter:data1\" content=\"Aurelien Boulanger\" \/>\n\t<meta name=\"twitter:label2\" content=\"Dur\u00e9e de lecture estim\u00e9e\" \/>\n\t<meta name=\"twitter:data2\" content=\"2 minutes\" \/>\n<script type=\"application\/ld+json\" class=\"yoast-schema-graph\">{\"@context\":\"https:\\\/\\\/schema.org\",\"@graph\":[{\"@type\":\"NewsArticle\",\"@id\":\"https:\\\/\\\/rachat2credit.fr\\\/guide\\\/le-per-pourrait-il-reduire-les-inegalites-hommes-femmes-jai-enfin-pu-epargner-autant-que-mon-mari\\\/#article\",\"isPartOf\":{\"@id\":\"https:\\\/\\\/rachat2credit.fr\\\/guide\\\/le-per-pourrait-il-reduire-les-inegalites-hommes-femmes-jai-enfin-pu-epargner-autant-que-mon-mari\\\/\"},\"author\":{\"name\":\"Aurelien Boulanger\",\"@id\":\"https:\\\/\\\/rachat2credit.fr\\\/guide\\\/#\\\/schema\\\/person\\\/d4142086d07bc6acdc4722eabd955cc2\"},\"headline\":\"Le PER pourrait-il r\u00e9duire les in\u00e9galit\u00e9s hommes-femmes ? \u00ab\u00a0j&rsquo;ai enfin pu \u00e9pargner autant que mon mari\u00a0\u00bb\",\"datePublished\":\"2025-08-06T06:46:13+00:00\",\"mainEntityOfPage\":{\"@id\":\"https:\\\/\\\/rachat2credit.fr\\\/guide\\\/le-per-pourrait-il-reduire-les-inegalites-hommes-femmes-jai-enfin-pu-epargner-autant-que-mon-mari\\\/\"},\"wordCount\":515,\"commentCount\":48,\"publisher\":{\"@id\":\"https:\\\/\\\/rachat2credit.fr\\\/guide\\\/#organization\"},\"image\":{\"@id\":\"https:\\\/\\\/rachat2credit.fr\\\/guide\\\/le-per-pourrait-il-reduire-les-inegalites-hommes-femmes-jai-enfin-pu-epargner-autant-que-mon-mari\\\/#primaryimage\"},\"thumbnailUrl\":\"https:\\\/\\\/rachat2credit.fr\\\/guide\\\/wp-content\\\/uploads\\\/2025\\\/08\\\/flux-739-1754462784.jpg\",\"articleSection\":[\"A la une\"],\"inLanguage\":\"fr-FR\",\"potentialAction\":[{\"@type\":\"CommentAction\",\"name\":\"Comment\",\"target\":[\"https:\\\/\\\/rachat2credit.fr\\\/guide\\\/le-per-pourrait-il-reduire-les-inegalites-hommes-femmes-jai-enfin-pu-epargner-autant-que-mon-mari\\\/#respond\"]}]},{\"@type\":\"WebPage\",\"@id\":\"https:\\\/\\\/rachat2credit.fr\\\/guide\\\/le-per-pourrait-il-reduire-les-inegalites-hommes-femmes-jai-enfin-pu-epargner-autant-que-mon-mari\\\/\",\"url\":\"https:\\\/\\\/rachat2credit.fr\\\/guide\\\/le-per-pourrait-il-reduire-les-inegalites-hommes-femmes-jai-enfin-pu-epargner-autant-que-mon-mari\\\/\",\"name\":\"Le PER pourrait-il r\u00e9duire les in\u00e9galit\u00e9s hommes-femmes ? \\\"j'ai enfin pu \u00e9pargner autant que mon mari\\\" - Rachat de Cr\u00e9dit\",\"isPartOf\":{\"@id\":\"https:\\\/\\\/rachat2credit.fr\\\/guide\\\/#website\"},\"primaryImageOfPage\":{\"@id\":\"https:\\\/\\\/rachat2credit.fr\\\/guide\\\/le-per-pourrait-il-reduire-les-inegalites-hommes-femmes-jai-enfin-pu-epargner-autant-que-mon-mari\\\/#primaryimage\"},\"image\":{\"@id\":\"https:\\\/\\\/rachat2credit.fr\\\/guide\\\/le-per-pourrait-il-reduire-les-inegalites-hommes-femmes-jai-enfin-pu-epargner-autant-que-mon-mari\\\/#primaryimage\"},\"thumbnailUrl\":\"https:\\\/\\\/rachat2credit.fr\\\/guide\\\/wp-content\\\/uploads\\\/2025\\\/08\\\/flux-739-1754462784.jpg\",\"datePublished\":\"2025-08-06T06:46:13+00:00\",\"breadcrumb\":{\"@id\":\"https:\\\/\\\/rachat2credit.fr\\\/guide\\\/le-per-pourrait-il-reduire-les-inegalites-hommes-femmes-jai-enfin-pu-epargner-autant-que-mon-mari\\\/#breadcrumb\"},\"inLanguage\":\"fr-FR\",\"potentialAction\":[{\"@type\":\"ReadAction\",\"target\":[\"https:\\\/\\\/rachat2credit.fr\\\/guide\\\/le-per-pourrait-il-reduire-les-inegalites-hommes-femmes-jai-enfin-pu-epargner-autant-que-mon-mari\\\/\"]}]},{\"@type\":\"ImageObject\",\"inLanguage\":\"fr-FR\",\"@id\":\"https:\\\/\\\/rachat2credit.fr\\\/guide\\\/le-per-pourrait-il-reduire-les-inegalites-hommes-femmes-jai-enfin-pu-epargner-autant-que-mon-mari\\\/#primaryimage\",\"url\":\"https:\\\/\\\/rachat2credit.fr\\\/guide\\\/wp-content\\\/uploads\\\/2025\\\/08\\\/flux-739-1754462784.jpg\",\"contentUrl\":\"https:\\\/\\\/rachat2credit.fr\\\/guide\\\/wp-content\\\/uploads\\\/2025\\\/08\\\/flux-739-1754462784.jpg\",\"width\":1344,\"height\":768},{\"@type\":\"BreadcrumbList\",\"@id\":\"https:\\\/\\\/rachat2credit.fr\\\/guide\\\/le-per-pourrait-il-reduire-les-inegalites-hommes-femmes-jai-enfin-pu-epargner-autant-que-mon-mari\\\/#breadcrumb\",\"itemListElement\":[{\"@type\":\"ListItem\",\"position\":1,\"name\":\"Accueil\",\"item\":\"https:\\\/\\\/rachat2credit.fr\\\/guide\\\/\"},{\"@type\":\"ListItem\",\"position\":2,\"name\":\"Le PER pourrait-il r\u00e9duire les in\u00e9galit\u00e9s hommes-femmes ? \u00ab\u00a0j&rsquo;ai enfin pu \u00e9pargner autant que mon mari\u00a0\u00bb\"}]},{\"@type\":\"WebSite\",\"@id\":\"https:\\\/\\\/rachat2credit.fr\\\/guide\\\/#website\",\"url\":\"https:\\\/\\\/rachat2credit.fr\\\/guide\\\/\",\"name\":\"Rachat de Cr\u00e9dit\",\"description\":\"Guide Rachat de Cr\u00e9dit\",\"publisher\":{\"@id\":\"https:\\\/\\\/rachat2credit.fr\\\/guide\\\/#organization\"},\"potentialAction\":[{\"@type\":\"SearchAction\",\"target\":{\"@type\":\"EntryPoint\",\"urlTemplate\":\"https:\\\/\\\/rachat2credit.fr\\\/guide\\\/?s={search_term_string}\"},\"query-input\":{\"@type\":\"PropertyValueSpecification\",\"valueRequired\":true,\"valueName\":\"search_term_string\"}}],\"inLanguage\":\"fr-FR\"},{\"@type\":\"Organization\",\"@id\":\"https:\\\/\\\/rachat2credit.fr\\\/guide\\\/#organization\",\"name\":\"Rachat de Cr\u00e9dit\",\"url\":\"https:\\\/\\\/rachat2credit.fr\\\/guide\\\/\",\"logo\":{\"@type\":\"ImageObject\",\"inLanguage\":\"fr-FR\",\"@id\":\"https:\\\/\\\/rachat2credit.fr\\\/guide\\\/#\\\/schema\\\/logo\\\/image\\\/\",\"url\":\"https:\\\/\\\/rachat2credit.fr\\\/guide\\\/wp-content\\\/uploads\\\/2025\\\/05\\\/rachat2credit.png\",\"contentUrl\":\"https:\\\/\\\/rachat2credit.fr\\\/guide\\\/wp-content\\\/uploads\\\/2025\\\/05\\\/rachat2credit.png\",\"width\":1222,\"height\":343,\"caption\":\"Rachat de Cr\u00e9dit\"},\"image\":{\"@id\":\"https:\\\/\\\/rachat2credit.fr\\\/guide\\\/#\\\/schema\\\/logo\\\/image\\\/\"}},{\"@type\":\"Person\",\"@id\":\"https:\\\/\\\/rachat2credit.fr\\\/guide\\\/#\\\/schema\\\/person\\\/d4142086d07bc6acdc4722eabd955cc2\",\"name\":\"Aurelien Boulanger\",\"image\":{\"@type\":\"ImageObject\",\"inLanguage\":\"fr-FR\",\"@id\":\"https:\\\/\\\/secure.gravatar.com\\\/avatar\\\/32175434c9ca2b27bfeb905d1c3ec782a789caf494bc0ec8fa6ed0ee39c2e62a?s=96&d=mm&r=g\",\"url\":\"https:\\\/\\\/secure.gravatar.com\\\/avatar\\\/32175434c9ca2b27bfeb905d1c3ec782a789caf494bc0ec8fa6ed0ee39c2e62a?s=96&d=mm&r=g\",\"contentUrl\":\"https:\\\/\\\/secure.gravatar.com\\\/avatar\\\/32175434c9ca2b27bfeb905d1c3ec782a789caf494bc0ec8fa6ed0ee39c2e62a?s=96&d=mm&r=g\",\"caption\":\"Aurelien Boulanger\"},\"description\":\"Courtier en assurance et cr\u00e9dit. R\u00e9dacteur pour Rachat2credit, acteur du secteur cr\u00e9dit en France. Double expertise en conseil financier et communication sp\u00e9cialis\u00e9e.\",\"sameAs\":[\"https:\\\/\\\/rachat2credit.fr\\\/guide\"],\"url\":\"https:\\\/\\\/rachat2credit.fr\\\/guide\\\/author\\\/aurelien\\\/\"}]}<\/script>\n<!-- \/ Yoast SEO plugin. -->","yoast_head_json":{"title":"Le PER pourrait-il r\u00e9duire les in\u00e9galit\u00e9s hommes-femmes ? \"j'ai enfin pu \u00e9pargner autant que mon mari\" - Rachat de Cr\u00e9dit","robots":{"index":"index","follow":"follow","max-snippet":"max-snippet:-1","max-image-preview":"max-image-preview:large","max-video-preview":"max-video-preview:-1"},"canonical":"https:\/\/rachat2credit.fr\/guide\/le-per-pourrait-il-reduire-les-inegalites-hommes-femmes-jai-enfin-pu-epargner-autant-que-mon-mari\/","og_locale":"fr_FR","og_type":"article","og_title":"Le PER pourrait-il r\u00e9duire les in\u00e9galit\u00e9s hommes-femmes ? \"j'ai enfin pu \u00e9pargner autant que mon mari\" - Rachat de Cr\u00e9dit","og_description":"\u00ab\u00a0`html Et si le PER (Plan d&rsquo;\u00c9pargne Retraite) pouvait r\u00e9duire les in\u00e9galit\u00e9s entre hommes et femmes ? Alors que l&rsquo;\u00e9cart de pension moyenne entre les sexes atteint encore 40% selon le Conseil d&rsquo;orientation des retraites, ce dispositif m\u00e9connu pourrait-il devenir une arme contre cette injustice financi\u00e8re ? Un outil m\u00e9connu face \u00e0 un \u00e9cart abyssal ... Lire plus","og_url":"https:\/\/rachat2credit.fr\/guide\/le-per-pourrait-il-reduire-les-inegalites-hommes-femmes-jai-enfin-pu-epargner-autant-que-mon-mari\/","og_site_name":"Rachat de Cr\u00e9dit","article_published_time":"2025-08-06T06:46:13+00:00","og_image":[{"width":1344,"height":768,"url":"https:\/\/rachat2credit.fr\/guide\/wp-content\/uploads\/2025\/08\/flux-739-1754462784.jpg","type":"image\/jpeg"}],"author":"Aurelien Boulanger","twitter_card":"summary_large_image","twitter_misc":{"\u00c9crit par":"Aurelien Boulanger","Dur\u00e9e de lecture estim\u00e9e":"2 minutes"},"schema":{"@context":"https:\/\/schema.org","@graph":[{"@type":"NewsArticle","@id":"https:\/\/rachat2credit.fr\/guide\/le-per-pourrait-il-reduire-les-inegalites-hommes-femmes-jai-enfin-pu-epargner-autant-que-mon-mari\/#article","isPartOf":{"@id":"https:\/\/rachat2credit.fr\/guide\/le-per-pourrait-il-reduire-les-inegalites-hommes-femmes-jai-enfin-pu-epargner-autant-que-mon-mari\/"},"author":{"name":"Aurelien Boulanger","@id":"https:\/\/rachat2credit.fr\/guide\/#\/schema\/person\/d4142086d07bc6acdc4722eabd955cc2"},"headline":"Le PER pourrait-il r\u00e9duire les in\u00e9galit\u00e9s hommes-femmes ? \u00ab\u00a0j&rsquo;ai enfin pu \u00e9pargner autant que mon mari\u00a0\u00bb","datePublished":"2025-08-06T06:46:13+00:00","mainEntityOfPage":{"@id":"https:\/\/rachat2credit.fr\/guide\/le-per-pourrait-il-reduire-les-inegalites-hommes-femmes-jai-enfin-pu-epargner-autant-que-mon-mari\/"},"wordCount":515,"commentCount":48,"publisher":{"@id":"https:\/\/rachat2credit.fr\/guide\/#organization"},"image":{"@id":"https:\/\/rachat2credit.fr\/guide\/le-per-pourrait-il-reduire-les-inegalites-hommes-femmes-jai-enfin-pu-epargner-autant-que-mon-mari\/#primaryimage"},"thumbnailUrl":"https:\/\/rachat2credit.fr\/guide\/wp-content\/uploads\/2025\/08\/flux-739-1754462784.jpg","articleSection":["A la une"],"inLanguage":"fr-FR","potentialAction":[{"@type":"CommentAction","name":"Comment","target":["https:\/\/rachat2credit.fr\/guide\/le-per-pourrait-il-reduire-les-inegalites-hommes-femmes-jai-enfin-pu-epargner-autant-que-mon-mari\/#respond"]}]},{"@type":"WebPage","@id":"https:\/\/rachat2credit.fr\/guide\/le-per-pourrait-il-reduire-les-inegalites-hommes-femmes-jai-enfin-pu-epargner-autant-que-mon-mari\/","url":"https:\/\/rachat2credit.fr\/guide\/le-per-pourrait-il-reduire-les-inegalites-hommes-femmes-jai-enfin-pu-epargner-autant-que-mon-mari\/","name":"Le PER pourrait-il r\u00e9duire les in\u00e9galit\u00e9s hommes-femmes ? \"j'ai enfin pu \u00e9pargner autant que mon mari\" - Rachat de Cr\u00e9dit","isPartOf":{"@id":"https:\/\/rachat2credit.fr\/guide\/#website"},"primaryImageOfPage":{"@id":"https:\/\/rachat2credit.fr\/guide\/le-per-pourrait-il-reduire-les-inegalites-hommes-femmes-jai-enfin-pu-epargner-autant-que-mon-mari\/#primaryimage"},"image":{"@id":"https:\/\/rachat2credit.fr\/guide\/le-per-pourrait-il-reduire-les-inegalites-hommes-femmes-jai-enfin-pu-epargner-autant-que-mon-mari\/#primaryimage"},"thumbnailUrl":"https:\/\/rachat2credit.fr\/guide\/wp-content\/uploads\/2025\/08\/flux-739-1754462784.jpg","datePublished":"2025-08-06T06:46:13+00:00","breadcrumb":{"@id":"https:\/\/rachat2credit.fr\/guide\/le-per-pourrait-il-reduire-les-inegalites-hommes-femmes-jai-enfin-pu-epargner-autant-que-mon-mari\/#breadcrumb"},"inLanguage":"fr-FR","potentialAction":[{"@type":"ReadAction","target":["https:\/\/rachat2credit.fr\/guide\/le-per-pourrait-il-reduire-les-inegalites-hommes-femmes-jai-enfin-pu-epargner-autant-que-mon-mari\/"]}]},{"@type":"ImageObject","inLanguage":"fr-FR","@id":"https:\/\/rachat2credit.fr\/guide\/le-per-pourrait-il-reduire-les-inegalites-hommes-femmes-jai-enfin-pu-epargner-autant-que-mon-mari\/#primaryimage","url":"https:\/\/rachat2credit.fr\/guide\/wp-content\/uploads\/2025\/08\/flux-739-1754462784.jpg","contentUrl":"https:\/\/rachat2credit.fr\/guide\/wp-content\/uploads\/2025\/08\/flux-739-1754462784.jpg","width":1344,"height":768},{"@type":"BreadcrumbList","@id":"https:\/\/rachat2credit.fr\/guide\/le-per-pourrait-il-reduire-les-inegalites-hommes-femmes-jai-enfin-pu-epargner-autant-que-mon-mari\/#breadcrumb","itemListElement":[{"@type":"ListItem","position":1,"name":"Accueil","item":"https:\/\/rachat2credit.fr\/guide\/"},{"@type":"ListItem","position":2,"name":"Le PER pourrait-il r\u00e9duire les in\u00e9galit\u00e9s hommes-femmes ? \u00ab\u00a0j&rsquo;ai enfin pu \u00e9pargner autant que mon mari\u00a0\u00bb"}]},{"@type":"WebSite","@id":"https:\/\/rachat2credit.fr\/guide\/#website","url":"https:\/\/rachat2credit.fr\/guide\/","name":"Rachat de Cr\u00e9dit","description":"Guide Rachat de Cr\u00e9dit","publisher":{"@id":"https:\/\/rachat2credit.fr\/guide\/#organization"},"potentialAction":[{"@type":"SearchAction","target":{"@type":"EntryPoint","urlTemplate":"https:\/\/rachat2credit.fr\/guide\/?s={search_term_string}"},"query-input":{"@type":"PropertyValueSpecification","valueRequired":true,"valueName":"search_term_string"}}],"inLanguage":"fr-FR"},{"@type":"Organization","@id":"https:\/\/rachat2credit.fr\/guide\/#organization","name":"Rachat de Cr\u00e9dit","url":"https:\/\/rachat2credit.fr\/guide\/","logo":{"@type":"ImageObject","inLanguage":"fr-FR","@id":"https:\/\/rachat2credit.fr\/guide\/#\/schema\/logo\/image\/","url":"https:\/\/rachat2credit.fr\/guide\/wp-content\/uploads\/2025\/05\/rachat2credit.png","contentUrl":"https:\/\/rachat2credit.fr\/guide\/wp-content\/uploads\/2025\/05\/rachat2credit.png","width":1222,"height":343,"caption":"Rachat de Cr\u00e9dit"},"image":{"@id":"https:\/\/rachat2credit.fr\/guide\/#\/schema\/logo\/image\/"}},{"@type":"Person","@id":"https:\/\/rachat2credit.fr\/guide\/#\/schema\/person\/d4142086d07bc6acdc4722eabd955cc2","name":"Aurelien Boulanger","image":{"@type":"ImageObject","inLanguage":"fr-FR","@id":"https:\/\/secure.gravatar.com\/avatar\/32175434c9ca2b27bfeb905d1c3ec782a789caf494bc0ec8fa6ed0ee39c2e62a?s=96&d=mm&r=g","url":"https:\/\/secure.gravatar.com\/avatar\/32175434c9ca2b27bfeb905d1c3ec782a789caf494bc0ec8fa6ed0ee39c2e62a?s=96&d=mm&r=g","contentUrl":"https:\/\/secure.gravatar.com\/avatar\/32175434c9ca2b27bfeb905d1c3ec782a789caf494bc0ec8fa6ed0ee39c2e62a?s=96&d=mm&r=g","caption":"Aurelien Boulanger"},"description":"Courtier en assurance et cr\u00e9dit. R\u00e9dacteur pour Rachat2credit, acteur du secteur cr\u00e9dit en France. Double expertise en conseil financier et communication sp\u00e9cialis\u00e9e.","sameAs":["https:\/\/rachat2credit.fr\/guide"],"url":"https:\/\/rachat2credit.fr\/guide\/author\/aurelien\/"}]}},"_links":{"self":[{"href":"https:\/\/rachat2credit.fr\/guide\/wp-json\/wp\/v2\/posts\/739","targetHints":{"allow":["GET"]}}],"collection":[{"href":"https:\/\/rachat2credit.fr\/guide\/wp-json\/wp\/v2\/posts"}],"about":[{"href":"https:\/\/rachat2credit.fr\/guide\/wp-json\/wp\/v2\/types\/post"}],"author":[{"embeddable":true,"href":"https:\/\/rachat2credit.fr\/guide\/wp-json\/wp\/v2\/users\/1"}],"replies":[{"embeddable":true,"href":"https:\/\/rachat2credit.fr\/guide\/wp-json\/wp\/v2\/comments?post=739"}],"version-history":[{"count":0,"href":"https:\/\/rachat2credit.fr\/guide\/wp-json\/wp\/v2\/posts\/739\/revisions"}],"wp:featuredmedia":[{"embeddable":true,"href":"https:\/\/rachat2credit.fr\/guide\/wp-json\/wp\/v2\/media\/740"}],"wp:attachment":[{"href":"https:\/\/rachat2credit.fr\/guide\/wp-json\/wp\/v2\/media?parent=739"}],"wp:term":[{"taxonomy":"category","embeddable":true,"href":"https:\/\/rachat2credit.fr\/guide\/wp-json\/wp\/v2\/categories?post=739"},{"taxonomy":"post_tag","embeddable":true,"href":"https:\/\/rachat2credit.fr\/guide\/wp-json\/wp\/v2\/tags?post=739"}],"curies":[{"name":"wp","href":"https:\/\/api.w.org\/{rel}","templated":true}]}}