{"id":743,"date":"2025-08-06T12:46:19","date_gmt":"2025-08-06T10:46:19","guid":{"rendered":"https:\/\/rachat2credit.fr\/guide\/les-retraites-craindraient-une-baisse-inquietante-de-leur-pouvoir-dachat-on-ne-peut-plus-se-permettre-de-vivre-dignement\/"},"modified":"2025-08-06T12:46:19","modified_gmt":"2025-08-06T10:46:19","slug":"les-retraites-craindraient-une-baisse-inquietante-de-leur-pouvoir-dachat-on-ne-peut-plus-se-permettre-de-vivre-dignement","status":"publish","type":"post","link":"https:\/\/rachat2credit.fr\/guide\/les-retraites-craindraient-une-baisse-inquietante-de-leur-pouvoir-dachat-on-ne-peut-plus-se-permettre-de-vivre-dignement\/","title":{"rendered":"Les retrait\u00e9s craindraient une baisse inqui\u00e9tante de leur pouvoir d\u2019achat \u201con ne peut plus se permettre de vivre dignement\u201d"},"content":{"rendered":"<article>\n<p>Dans un contexte d&rsquo;inflation persistante, de nombreux retrait\u00e9s fran\u00e7ais expriment leur inqui\u00e9tude face \u00e0 l&rsquo;\u00e9rosion progressive de leur pouvoir d&rsquo;achat. Une situation qui pourrait remettre en question leur qualit\u00e9 de vie apr\u00e8s des d\u00e9cennies de travail.<\/p>\n<div id=\"ez-toc-container\" class=\"ez-toc-v2_0_82_2 counter-hierarchy ez-toc-counter ez-toc-grey ez-toc-container-direction\">\n<p class=\"ez-toc-title\" style=\"cursor:inherit\">Sommaire<\/p>\n<label for=\"ez-toc-cssicon-toggle-item-69f1060b84c02\" class=\"ez-toc-cssicon-toggle-label\"><span class=\"ez-toc-cssicon\"><span class=\"eztoc-hide\" style=\"display:none;\">Toggle<\/span><span class=\"ez-toc-icon-toggle-span\"><svg style=\"fill: #999;color:#999\" xmlns=\"http:\/\/www.w3.org\/2000\/svg\" class=\"list-377408\" width=\"20px\" height=\"20px\" viewBox=\"0 0 24 24\" fill=\"none\"><path d=\"M6 6H4v2h2V6zm14 0H8v2h12V6zM4 11h2v2H4v-2zm16 0H8v2h12v-2zM4 16h2v2H4v-2zm16 0H8v2h12v-2z\" fill=\"currentColor\"><\/path><\/svg><svg style=\"fill: #999;color:#999\" class=\"arrow-unsorted-368013\" xmlns=\"http:\/\/www.w3.org\/2000\/svg\" width=\"10px\" height=\"10px\" viewBox=\"0 0 24 24\" version=\"1.2\" baseProfile=\"tiny\"><path d=\"M18.2 9.3l-6.2-6.3-6.2 6.3c-.2.2-.3.4-.3.7s.1.5.3.7c.2.2.4.3.7.3h11c.3 0 .5-.1.7-.3.2-.2.3-.5.3-.7s-.1-.5-.3-.7zM5.8 14.7l6.2 6.3 6.2-6.3c.2-.2.3-.5.3-.7s-.1-.5-.3-.7c-.2-.2-.4-.3-.7-.3h-11c-.3 0-.5.1-.7.3-.2.2-.3.5-.3.7s.1.5.3.7z\"\/><\/svg><\/span><\/span><\/label><input type=\"checkbox\"  id=\"ez-toc-cssicon-toggle-item-69f1060b84c02\" checked aria-label=\"Toggle\" \/><nav><ul class='ez-toc-list ez-toc-list-level-1 ' ><li class='ez-toc-page-1 ez-toc-heading-level-2'><a class=\"ez-toc-link ez-toc-heading-1\" href=\"https:\/\/rachat2credit.fr\/guide\/les-retraites-craindraient-une-baisse-inquietante-de-leur-pouvoir-dachat-on-ne-peut-plus-se-permettre-de-vivre-dignement\/#%C2%AB_Je_dois_choisir_entre_chauffage_et_medicaments_%C2%BB_le_dilemme_des_seniors\" >\u00ab\u00a0Je dois choisir entre chauffage et m\u00e9dicaments\u00a0\u00bb : le dilemme des seniors<\/a><\/li><li class='ez-toc-page-1 ez-toc-heading-level-2'><a class=\"ez-toc-link ez-toc-heading-2\" href=\"https:\/\/rachat2credit.fr\/guide\/les-retraites-craindraient-une-baisse-inquietante-de-leur-pouvoir-dachat-on-ne-peut-plus-se-permettre-de-vivre-dignement\/#Les_factures_qui_grimpent_plus_vite_que_les_pensions\" >Les factures qui grimpent plus vite que les pensions<\/a><\/li><li class='ez-toc-page-1 ez-toc-heading-level-2'><a class=\"ez-toc-link ez-toc-heading-3\" href=\"https:\/\/rachat2credit.fr\/guide\/les-retraites-craindraient-une-baisse-inquietante-de-leur-pouvoir-dachat-on-ne-peut-plus-se-permettre-de-vivre-dignement\/#Quelles_solutions_pour_les_retraites\" >Quelles solutions pour les retrait\u00e9s ?<\/a><ul class='ez-toc-list-level-3' ><li class='ez-toc-heading-level-3'><a class=\"ez-toc-link ez-toc-heading-4\" href=\"https:\/\/rachat2credit.fr\/guide\/les-retraites-craindraient-une-baisse-inquietante-de-leur-pouvoir-dachat-on-ne-peut-plus-se-permettre-de-vivre-dignement\/#1_Les_aides_meconnues\" >1. Les aides m\u00e9connues<\/a><\/li><li class='ez-toc-page-1 ez-toc-heading-level-3'><a class=\"ez-toc-link ez-toc-heading-5\" href=\"https:\/\/rachat2credit.fr\/guide\/les-retraites-craindraient-une-baisse-inquietante-de-leur-pouvoir-dachat-on-ne-peut-plus-se-permettre-de-vivre-dignement\/#2_Le_retour_a_lactivite_professionnelle\" >2. Le retour \u00e0 l&rsquo;activit\u00e9 professionnelle<\/a><\/li><li class='ez-toc-page-1 ez-toc-heading-level-3'><a class=\"ez-toc-link ez-toc-heading-6\" href=\"https:\/\/rachat2credit.fr\/guide\/les-retraites-craindraient-une-baisse-inquietante-de-leur-pouvoir-dachat-on-ne-peut-plus-se-permettre-de-vivre-dignement\/#3_Loptimisation_du_budget\" >3. L&rsquo;optimisation du budget<\/a><\/li><\/ul><\/li><li class='ez-toc-page-1 ez-toc-heading-level-2'><a class=\"ez-toc-link ez-toc-heading-7\" href=\"https:\/\/rachat2credit.fr\/guide\/les-retraites-craindraient-une-baisse-inquietante-de-leur-pouvoir-dachat-on-ne-peut-plus-se-permettre-de-vivre-dignement\/#Un_avenir_incertain\" >Un avenir incertain<\/a><\/li><\/ul><\/nav><\/div>\n<h2><span class=\"ez-toc-section\" id=\"%C2%AB_Je_dois_choisir_entre_chauffage_et_medicaments_%C2%BB_le_dilemme_des_seniors\"><\/span>\u00ab\u00a0Je dois choisir entre chauffage et m\u00e9dicaments\u00a0\u00bb : le dilemme des seniors<span class=\"ez-toc-section-end\"><\/span><\/h2>\n<p>Robert, 72 ans, ancien ouvrier dans le b\u00e2timent, voit ses \u00e9conomies fondre comme neige au soleil. \u00ab\u00a0Avec ma petite retraite de 980\u20ac, je dois maintenant faire des choix que je n&rsquo;imaginais pas il y a cinq ans\u00a0\u00bb, confie-t-il, les mains tremblantes. \u00ab\u00a0Ce mois-ci, j&rsquo;ai d\u00fb reporter l&rsquo;achat de mes m\u00e9dicaments pour la tension afin de payer ma facture d&rsquo;\u00e9lectricit\u00e9.\u00a0\u00bb<\/p>\n<p>Selon une <a href=\"https:\/\/www.insee.fr\" target=\"_blank\" rel=\"noopener\">\u00e9tude r\u00e9cente de l&rsquo;INSEE<\/a>, le pouvoir d&rsquo;achat des retrait\u00e9s aurait baiss\u00e9 de 3,2% en moyenne depuis 2022, une tendance qui pourrait s&rsquo;accentuer avec les pr\u00e9visions \u00e9conomiques actuelles.<\/p>\n<h2><span class=\"ez-toc-section\" id=\"Les_factures_qui_grimpent_plus_vite_que_les_pensions\"><\/span>Les factures qui grimpent plus vite que les pensions<span class=\"ez-toc-section-end\"><\/span><\/h2>\n<p>Plusieurs \u00e9l\u00e9ments combin\u00e9s expliqueraient cette situation pr\u00e9occupante :<\/p>\n<ul>\n<li>Une revalorisation des pensions qui ne suivrait pas l&rsquo;inflation r\u00e9elle<\/li>\n<li>L&rsquo;explosion des co\u00fbts \u00e9nerg\u00e9tiques et alimentaires<\/li>\n<li>Des d\u00e9penses de sant\u00e9 de moins en moins bien rembours\u00e9es<\/li>\n<\/ul>\n<p>Monique, 68 ans, ancienne infirmi\u00e8re, t\u00e9moigne : \u00ab\u00a0Avant, je mettais 50\u20ac de c\u00f4t\u00e9 chaque mois. Maintenant, je dois puiser dans mes \u00e9conomies pour boucler mes fins de mois. Je ne sais pas combien de temps \u00e7a va durer.\u00a0\u00bb<\/p>\n<h2><span class=\"ez-toc-section\" id=\"Quelles_solutions_pour_les_retraites\"><\/span>Quelles solutions pour les retrait\u00e9s ?<span class=\"ez-toc-section-end\"><\/span><\/h2>\n<p>Face \u00e0 cette crise silencieuse, plusieurs pistes pourraient \u00eatre explor\u00e9es :<\/p>\n<h3><span class=\"ez-toc-section\" id=\"1_Les_aides_meconnues\"><\/span>1. Les aides m\u00e9connues<span class=\"ez-toc-section-end\"><\/span><\/h3>\n<p>De nombreuses aides existent mais restent sous-utilis\u00e9es. Le <a href=\"https:\/\/www.service-public.fr\" target=\"_blank\" rel=\"noopener\">site du service public<\/a> recense notamment :<\/p>\n<ul>\n<li>L&rsquo;ASPA (Allocation de Solidarit\u00e9 aux Personnes \u00c2g\u00e9es)<\/li>\n<li>Les tarifs sociaux pour l&rsquo;\u00e9nergie<\/li>\n<li>Les r\u00e9ductions fiscales pour travaux d&rsquo;\u00e9conomie d&rsquo;\u00e9nergie<\/li>\n<\/ul>\n<h3><span class=\"ez-toc-section\" id=\"2_Le_retour_a_lactivite_professionnelle\"><\/span>2. Le retour \u00e0 l&rsquo;activit\u00e9 professionnelle<span class=\"ez-toc-section-end\"><\/span><\/h3>\n<p>De plus en plus de seniors choisissent de reprendre une activit\u00e9, m\u00eame \u00e0 temps partiel. \u00ab\u00a0J&rsquo;ai commenc\u00e9 \u00e0 faire du soutien scolaire 10 heures par semaine\u00a0\u00bb, raconte Pierre, 67 ans. \u00ab\u00a0\u00c7a me permet de compl\u00e9ter ma retraite de 300\u20ac par mois.\u00a0\u00bb<\/p>\n<h3><span class=\"ez-toc-section\" id=\"3_Loptimisation_du_budget\"><\/span>3. L&rsquo;optimisation du budget<span class=\"ez-toc-section-end\"><\/span><\/h3>\n<p>Des associations proposent des ateliers pour apprendre \u00e0 mieux g\u00e9rer son budget retraite. \u00ab\u00a0On montre comment faire des \u00e9conomies sans sacrifier sa qualit\u00e9 de vie\u00a0\u00bb, explique une b\u00e9n\u00e9vole de l&rsquo;association Les Petits Fr\u00e8res des Pauvres.<\/p>\n<h2><span class=\"ez-toc-section\" id=\"Un_avenir_incertain\"><\/span>Un avenir incertain<span class=\"ez-toc-section-end\"><\/span><\/h2>\n<p>Alors que le gouvernement \u00e9voque une possible r\u00e9forme du syst\u00e8me de retraite, les personnes \u00e2g\u00e9es s&rsquo;interrogent sur leur avenir. \u00ab\u00a0On a travaill\u00e9 toute notre vie, on pensait pouvoir profiter tranquillement de nos vieux jours\u00a0\u00bb, soupire Robert. \u00ab\u00a0Maintenant, on a l&rsquo;impression d&rsquo;\u00eatre devenus invisibles.\u00a0\u00bb<\/p>\n<p>Cette situation pose des questions fondamentales sur la place des a\u00een\u00e9s dans notre soci\u00e9t\u00e9 et sur la solidarit\u00e9 interg\u00e9n\u00e9rationnelle. Dans les mois \u00e0 venir, le sujet pourrait prendre encore plus d&rsquo;importance alors que la population fran\u00e7aise continue de vieillir.<\/p>\n<p><strong>Et vous, comment g\u00e9rez-vous votre budget retraite ? Partagez votre exp\u00e9rience dans les commentaires.<\/strong> D\u00e9couvrez aussi notre article sur <a href=\"#\">les astuces pour r\u00e9duire ses d\u00e9penses apr\u00e8s 60 ans<\/a>.<\/p>\n<\/article>\n\n\n<div class=\"kk-star-ratings kksr-auto kksr-align-center kksr-valign-bottom\"\n    data-payload='{&quot;align&quot;:&quot;center&quot;,&quot;id&quot;:&quot;743&quot;,&quot;slug&quot;:&quot;default&quot;,&quot;valign&quot;:&quot;bottom&quot;,&quot;ignore&quot;:&quot;&quot;,&quot;reference&quot;:&quot;auto&quot;,&quot;class&quot;:&quot;&quot;,&quot;count&quot;:&quot;0&quot;,&quot;legendonly&quot;:&quot;&quot;,&quot;readonly&quot;:&quot;&quot;,&quot;score&quot;:&quot;0&quot;,&quot;starsonly&quot;:&quot;&quot;,&quot;best&quot;:&quot;5&quot;,&quot;gap&quot;:&quot;5&quot;,&quot;greet&quot;:&quot;&quot;,&quot;legend&quot;:&quot;0\\\/5 - (0 vote)&quot;,&quot;size&quot;:&quot;24&quot;,&quot;title&quot;:&quot;Les retrait\u00e9s craindraient une baisse inqui\u00e9tante de leur pouvoir d\u2019achat \u201con ne peut plus se permettre de vivre dignement\u201d&quot;,&quot;width&quot;:&quot;0&quot;,&quot;_legend&quot;:&quot;{score}\\\/{best} - ({count} {votes})&quot;,&quot;font_factor&quot;:&quot;1.25&quot;}'>\n            \n<div class=\"kksr-stars\">\n    \n<div class=\"kksr-stars-inactive\">\n            <div class=\"kksr-star\" data-star=\"1\" style=\"padding-right: 5px\">\n            \n\n<div class=\"kksr-icon\" style=\"width: 24px; height: 24px;\"><\/div>\n        <\/div>\n            <div class=\"kksr-star\" data-star=\"2\" style=\"padding-right: 5px\">\n            \n\n<div class=\"kksr-icon\" style=\"width: 24px; height: 24px;\"><\/div>\n        <\/div>\n            <div class=\"kksr-star\" data-star=\"3\" style=\"padding-right: 5px\">\n            \n\n<div class=\"kksr-icon\" style=\"width: 24px; height: 24px;\"><\/div>\n        <\/div>\n            <div class=\"kksr-star\" data-star=\"4\" style=\"padding-right: 5px\">\n            \n\n<div class=\"kksr-icon\" style=\"width: 24px; height: 24px;\"><\/div>\n        <\/div>\n            <div class=\"kksr-star\" data-star=\"5\" style=\"padding-right: 5px\">\n            \n\n<div class=\"kksr-icon\" style=\"width: 24px; height: 24px;\"><\/div>\n        <\/div>\n    <\/div>\n    \n<div class=\"kksr-stars-active\" style=\"width: 0px;\">\n            <div class=\"kksr-star\" style=\"padding-right: 5px\">\n            \n\n<div class=\"kksr-icon\" style=\"width: 24px; height: 24px;\"><\/div>\n        <\/div>\n            <div class=\"kksr-star\" style=\"padding-right: 5px\">\n            \n\n<div class=\"kksr-icon\" style=\"width: 24px; height: 24px;\"><\/div>\n        <\/div>\n            <div class=\"kksr-star\" style=\"padding-right: 5px\">\n            \n\n<div class=\"kksr-icon\" style=\"width: 24px; height: 24px;\"><\/div>\n        <\/div>\n            <div class=\"kksr-star\" style=\"padding-right: 5px\">\n            \n\n<div class=\"kksr-icon\" style=\"width: 24px; height: 24px;\"><\/div>\n        <\/div>\n            <div class=\"kksr-star\" style=\"padding-right: 5px\">\n            \n\n<div class=\"kksr-icon\" style=\"width: 24px; height: 24px;\"><\/div>\n        <\/div>\n    <\/div>\n<\/div>\n                \n\n<div class=\"kksr-legend\" style=\"font-size: 19.2px;\">\n            <span class=\"kksr-muted\"><\/span>\n    <\/div>\n    <\/div>\n","protected":false},"excerpt":{"rendered":"<p>Dans un contexte d&rsquo;inflation persistante, de nombreux retrait\u00e9s fran\u00e7ais expriment leur inqui\u00e9tude face \u00e0 l&rsquo;\u00e9rosion progressive de leur pouvoir d&rsquo;achat. Une situation qui pourrait remettre en question leur qualit\u00e9 de vie apr\u00e8s des d\u00e9cennies de travail. \u00ab\u00a0Je dois choisir entre chauffage et m\u00e9dicaments\u00a0\u00bb : le dilemme des seniors Robert, 72 ans, ancien ouvrier dans le &#8230; <a title=\"Les retrait\u00e9s craindraient une baisse inqui\u00e9tante de leur pouvoir d\u2019achat \u201con ne peut plus se permettre de vivre dignement\u201d\" class=\"read-more\" href=\"https:\/\/rachat2credit.fr\/guide\/les-retraites-craindraient-une-baisse-inquietante-de-leur-pouvoir-dachat-on-ne-peut-plus-se-permettre-de-vivre-dignement\/\" aria-label=\"En savoir plus sur Les retrait\u00e9s craindraient une baisse inqui\u00e9tante de leur pouvoir d\u2019achat \u201con ne peut plus se permettre de vivre dignement\u201d\">Lire plus<\/a><\/p>\n","protected":false},"author":1,"featured_media":744,"comment_status":"open","ping_status":"open","sticky":false,"template":"","format":"standard","meta":{"footnotes":""},"categories":[8],"tags":[],"class_list":["post-743","post","type-post","status-publish","format-standard","has-post-thumbnail","hentry","category-a-la-une"],"yoast_head":"<!-- This site is optimized with the Yoast SEO plugin v27.5 - https:\/\/yoast.com\/product\/yoast-seo-wordpress\/ -->\n<title>Les retrait\u00e9s craindraient une baisse inqui\u00e9tante de leur pouvoir d\u2019achat \u201con ne peut plus se permettre de vivre dignement\u201d - Rachat de Cr\u00e9dit<\/title>\n<meta name=\"robots\" content=\"index, follow, max-snippet:-1, max-image-preview:large, max-video-preview:-1\" \/>\n<link rel=\"canonical\" href=\"https:\/\/rachat2credit.fr\/guide\/les-retraites-craindraient-une-baisse-inquietante-de-leur-pouvoir-dachat-on-ne-peut-plus-se-permettre-de-vivre-dignement\/\" \/>\n<meta property=\"og:locale\" content=\"fr_FR\" \/>\n<meta property=\"og:type\" content=\"article\" \/>\n<meta property=\"og:title\" content=\"Les retrait\u00e9s craindraient une baisse inqui\u00e9tante de leur pouvoir d\u2019achat \u201con ne peut plus se permettre de vivre dignement\u201d - Rachat de Cr\u00e9dit\" \/>\n<meta property=\"og:description\" content=\"Dans un contexte d&rsquo;inflation persistante, de nombreux retrait\u00e9s fran\u00e7ais expriment leur inqui\u00e9tude face \u00e0 l&rsquo;\u00e9rosion progressive de leur pouvoir d&rsquo;achat. Une situation qui pourrait remettre en question leur qualit\u00e9 de vie apr\u00e8s des d\u00e9cennies de travail. \u00ab\u00a0Je dois choisir entre chauffage et m\u00e9dicaments\u00a0\u00bb : le dilemme des seniors Robert, 72 ans, ancien ouvrier dans le ... Lire plus\" \/>\n<meta property=\"og:url\" content=\"https:\/\/rachat2credit.fr\/guide\/les-retraites-craindraient-une-baisse-inquietante-de-leur-pouvoir-dachat-on-ne-peut-plus-se-permettre-de-vivre-dignement\/\" \/>\n<meta property=\"og:site_name\" content=\"Rachat de Cr\u00e9dit\" \/>\n<meta property=\"article:published_time\" content=\"2025-08-06T10:46:19+00:00\" \/>\n<meta property=\"og:image\" content=\"https:\/\/rachat2credit.fr\/guide\/wp-content\/uploads\/2025\/08\/flux-743-1754477189.jpg\" \/>\n\t<meta property=\"og:image:width\" content=\"1344\" \/>\n\t<meta property=\"og:image:height\" content=\"768\" \/>\n\t<meta property=\"og:image:type\" content=\"image\/jpeg\" \/>\n<meta name=\"author\" content=\"Aurelien Boulanger\" \/>\n<meta name=\"twitter:card\" content=\"summary_large_image\" \/>\n<meta name=\"twitter:label1\" content=\"\u00c9crit par\" \/>\n\t<meta name=\"twitter:data1\" content=\"Aurelien Boulanger\" \/>\n\t<meta name=\"twitter:label2\" content=\"Dur\u00e9e de lecture estim\u00e9e\" \/>\n\t<meta name=\"twitter:data2\" content=\"2 minutes\" \/>\n<script type=\"application\/ld+json\" class=\"yoast-schema-graph\">{\"@context\":\"https:\\\/\\\/schema.org\",\"@graph\":[{\"@type\":\"NewsArticle\",\"@id\":\"https:\\\/\\\/rachat2credit.fr\\\/guide\\\/les-retraites-craindraient-une-baisse-inquietante-de-leur-pouvoir-dachat-on-ne-peut-plus-se-permettre-de-vivre-dignement\\\/#article\",\"isPartOf\":{\"@id\":\"https:\\\/\\\/rachat2credit.fr\\\/guide\\\/les-retraites-craindraient-une-baisse-inquietante-de-leur-pouvoir-dachat-on-ne-peut-plus-se-permettre-de-vivre-dignement\\\/\"},\"author\":{\"name\":\"Aurelien Boulanger\",\"@id\":\"https:\\\/\\\/rachat2credit.fr\\\/guide\\\/#\\\/schema\\\/person\\\/d4142086d07bc6acdc4722eabd955cc2\"},\"headline\":\"Les retrait\u00e9s craindraient une baisse inqui\u00e9tante de leur pouvoir d\u2019achat \u201con ne peut plus se permettre de vivre dignement\u201d\",\"datePublished\":\"2025-08-06T10:46:19+00:00\",\"mainEntityOfPage\":{\"@id\":\"https:\\\/\\\/rachat2credit.fr\\\/guide\\\/les-retraites-craindraient-une-baisse-inquietante-de-leur-pouvoir-dachat-on-ne-peut-plus-se-permettre-de-vivre-dignement\\\/\"},\"wordCount\":539,\"commentCount\":13,\"publisher\":{\"@id\":\"https:\\\/\\\/rachat2credit.fr\\\/guide\\\/#organization\"},\"image\":{\"@id\":\"https:\\\/\\\/rachat2credit.fr\\\/guide\\\/les-retraites-craindraient-une-baisse-inquietante-de-leur-pouvoir-dachat-on-ne-peut-plus-se-permettre-de-vivre-dignement\\\/#primaryimage\"},\"thumbnailUrl\":\"https:\\\/\\\/rachat2credit.fr\\\/guide\\\/wp-content\\\/uploads\\\/2025\\\/08\\\/flux-743-1754477189.jpg\",\"articleSection\":[\"A la une\"],\"inLanguage\":\"fr-FR\",\"potentialAction\":[{\"@type\":\"CommentAction\",\"name\":\"Comment\",\"target\":[\"https:\\\/\\\/rachat2credit.fr\\\/guide\\\/les-retraites-craindraient-une-baisse-inquietante-de-leur-pouvoir-dachat-on-ne-peut-plus-se-permettre-de-vivre-dignement\\\/#respond\"]}]},{\"@type\":\"WebPage\",\"@id\":\"https:\\\/\\\/rachat2credit.fr\\\/guide\\\/les-retraites-craindraient-une-baisse-inquietante-de-leur-pouvoir-dachat-on-ne-peut-plus-se-permettre-de-vivre-dignement\\\/\",\"url\":\"https:\\\/\\\/rachat2credit.fr\\\/guide\\\/les-retraites-craindraient-une-baisse-inquietante-de-leur-pouvoir-dachat-on-ne-peut-plus-se-permettre-de-vivre-dignement\\\/\",\"name\":\"Les retrait\u00e9s craindraient une baisse inqui\u00e9tante de leur pouvoir d\u2019achat \u201con ne peut plus se permettre de vivre dignement\u201d - Rachat de Cr\u00e9dit\",\"isPartOf\":{\"@id\":\"https:\\\/\\\/rachat2credit.fr\\\/guide\\\/#website\"},\"primaryImageOfPage\":{\"@id\":\"https:\\\/\\\/rachat2credit.fr\\\/guide\\\/les-retraites-craindraient-une-baisse-inquietante-de-leur-pouvoir-dachat-on-ne-peut-plus-se-permettre-de-vivre-dignement\\\/#primaryimage\"},\"image\":{\"@id\":\"https:\\\/\\\/rachat2credit.fr\\\/guide\\\/les-retraites-craindraient-une-baisse-inquietante-de-leur-pouvoir-dachat-on-ne-peut-plus-se-permettre-de-vivre-dignement\\\/#primaryimage\"},\"thumbnailUrl\":\"https:\\\/\\\/rachat2credit.fr\\\/guide\\\/wp-content\\\/uploads\\\/2025\\\/08\\\/flux-743-1754477189.jpg\",\"datePublished\":\"2025-08-06T10:46:19+00:00\",\"breadcrumb\":{\"@id\":\"https:\\\/\\\/rachat2credit.fr\\\/guide\\\/les-retraites-craindraient-une-baisse-inquietante-de-leur-pouvoir-dachat-on-ne-peut-plus-se-permettre-de-vivre-dignement\\\/#breadcrumb\"},\"inLanguage\":\"fr-FR\",\"potentialAction\":[{\"@type\":\"ReadAction\",\"target\":[\"https:\\\/\\\/rachat2credit.fr\\\/guide\\\/les-retraites-craindraient-une-baisse-inquietante-de-leur-pouvoir-dachat-on-ne-peut-plus-se-permettre-de-vivre-dignement\\\/\"]}]},{\"@type\":\"ImageObject\",\"inLanguage\":\"fr-FR\",\"@id\":\"https:\\\/\\\/rachat2credit.fr\\\/guide\\\/les-retraites-craindraient-une-baisse-inquietante-de-leur-pouvoir-dachat-on-ne-peut-plus-se-permettre-de-vivre-dignement\\\/#primaryimage\",\"url\":\"https:\\\/\\\/rachat2credit.fr\\\/guide\\\/wp-content\\\/uploads\\\/2025\\\/08\\\/flux-743-1754477189.jpg\",\"contentUrl\":\"https:\\\/\\\/rachat2credit.fr\\\/guide\\\/wp-content\\\/uploads\\\/2025\\\/08\\\/flux-743-1754477189.jpg\",\"width\":1344,\"height\":768},{\"@type\":\"BreadcrumbList\",\"@id\":\"https:\\\/\\\/rachat2credit.fr\\\/guide\\\/les-retraites-craindraient-une-baisse-inquietante-de-leur-pouvoir-dachat-on-ne-peut-plus-se-permettre-de-vivre-dignement\\\/#breadcrumb\",\"itemListElement\":[{\"@type\":\"ListItem\",\"position\":1,\"name\":\"Accueil\",\"item\":\"https:\\\/\\\/rachat2credit.fr\\\/guide\\\/\"},{\"@type\":\"ListItem\",\"position\":2,\"name\":\"Les retrait\u00e9s craindraient une baisse inqui\u00e9tante de leur pouvoir d\u2019achat \u201con ne peut plus se permettre de vivre dignement\u201d\"}]},{\"@type\":\"WebSite\",\"@id\":\"https:\\\/\\\/rachat2credit.fr\\\/guide\\\/#website\",\"url\":\"https:\\\/\\\/rachat2credit.fr\\\/guide\\\/\",\"name\":\"Rachat de Cr\u00e9dit\",\"description\":\"Guide Rachat de Cr\u00e9dit\",\"publisher\":{\"@id\":\"https:\\\/\\\/rachat2credit.fr\\\/guide\\\/#organization\"},\"potentialAction\":[{\"@type\":\"SearchAction\",\"target\":{\"@type\":\"EntryPoint\",\"urlTemplate\":\"https:\\\/\\\/rachat2credit.fr\\\/guide\\\/?s={search_term_string}\"},\"query-input\":{\"@type\":\"PropertyValueSpecification\",\"valueRequired\":true,\"valueName\":\"search_term_string\"}}],\"inLanguage\":\"fr-FR\"},{\"@type\":\"Organization\",\"@id\":\"https:\\\/\\\/rachat2credit.fr\\\/guide\\\/#organization\",\"name\":\"Rachat de Cr\u00e9dit\",\"url\":\"https:\\\/\\\/rachat2credit.fr\\\/guide\\\/\",\"logo\":{\"@type\":\"ImageObject\",\"inLanguage\":\"fr-FR\",\"@id\":\"https:\\\/\\\/rachat2credit.fr\\\/guide\\\/#\\\/schema\\\/logo\\\/image\\\/\",\"url\":\"https:\\\/\\\/rachat2credit.fr\\\/guide\\\/wp-content\\\/uploads\\\/2025\\\/05\\\/rachat2credit.png\",\"contentUrl\":\"https:\\\/\\\/rachat2credit.fr\\\/guide\\\/wp-content\\\/uploads\\\/2025\\\/05\\\/rachat2credit.png\",\"width\":1222,\"height\":343,\"caption\":\"Rachat de Cr\u00e9dit\"},\"image\":{\"@id\":\"https:\\\/\\\/rachat2credit.fr\\\/guide\\\/#\\\/schema\\\/logo\\\/image\\\/\"}},{\"@type\":\"Person\",\"@id\":\"https:\\\/\\\/rachat2credit.fr\\\/guide\\\/#\\\/schema\\\/person\\\/d4142086d07bc6acdc4722eabd955cc2\",\"name\":\"Aurelien Boulanger\",\"image\":{\"@type\":\"ImageObject\",\"inLanguage\":\"fr-FR\",\"@id\":\"https:\\\/\\\/secure.gravatar.com\\\/avatar\\\/32175434c9ca2b27bfeb905d1c3ec782a789caf494bc0ec8fa6ed0ee39c2e62a?s=96&d=mm&r=g\",\"url\":\"https:\\\/\\\/secure.gravatar.com\\\/avatar\\\/32175434c9ca2b27bfeb905d1c3ec782a789caf494bc0ec8fa6ed0ee39c2e62a?s=96&d=mm&r=g\",\"contentUrl\":\"https:\\\/\\\/secure.gravatar.com\\\/avatar\\\/32175434c9ca2b27bfeb905d1c3ec782a789caf494bc0ec8fa6ed0ee39c2e62a?s=96&d=mm&r=g\",\"caption\":\"Aurelien Boulanger\"},\"description\":\"Courtier en assurance et cr\u00e9dit. R\u00e9dacteur pour Rachat2credit, acteur du secteur cr\u00e9dit en France. Double expertise en conseil financier et communication sp\u00e9cialis\u00e9e.\",\"sameAs\":[\"https:\\\/\\\/rachat2credit.fr\\\/guide\"],\"url\":\"https:\\\/\\\/rachat2credit.fr\\\/guide\\\/author\\\/aurelien\\\/\"}]}<\/script>\n<!-- \/ Yoast SEO plugin. -->","yoast_head_json":{"title":"Les retrait\u00e9s craindraient une baisse inqui\u00e9tante de leur pouvoir d\u2019achat \u201con ne peut plus se permettre de vivre dignement\u201d - Rachat de Cr\u00e9dit","robots":{"index":"index","follow":"follow","max-snippet":"max-snippet:-1","max-image-preview":"max-image-preview:large","max-video-preview":"max-video-preview:-1"},"canonical":"https:\/\/rachat2credit.fr\/guide\/les-retraites-craindraient-une-baisse-inquietante-de-leur-pouvoir-dachat-on-ne-peut-plus-se-permettre-de-vivre-dignement\/","og_locale":"fr_FR","og_type":"article","og_title":"Les retrait\u00e9s craindraient une baisse inqui\u00e9tante de leur pouvoir d\u2019achat \u201con ne peut plus se permettre de vivre dignement\u201d - Rachat de Cr\u00e9dit","og_description":"Dans un contexte d&rsquo;inflation persistante, de nombreux retrait\u00e9s fran\u00e7ais expriment leur inqui\u00e9tude face \u00e0 l&rsquo;\u00e9rosion progressive de leur pouvoir d&rsquo;achat. Une situation qui pourrait remettre en question leur qualit\u00e9 de vie apr\u00e8s des d\u00e9cennies de travail. \u00ab\u00a0Je dois choisir entre chauffage et m\u00e9dicaments\u00a0\u00bb : le dilemme des seniors Robert, 72 ans, ancien ouvrier dans le ... Lire plus","og_url":"https:\/\/rachat2credit.fr\/guide\/les-retraites-craindraient-une-baisse-inquietante-de-leur-pouvoir-dachat-on-ne-peut-plus-se-permettre-de-vivre-dignement\/","og_site_name":"Rachat de Cr\u00e9dit","article_published_time":"2025-08-06T10:46:19+00:00","og_image":[{"width":1344,"height":768,"url":"https:\/\/rachat2credit.fr\/guide\/wp-content\/uploads\/2025\/08\/flux-743-1754477189.jpg","type":"image\/jpeg"}],"author":"Aurelien Boulanger","twitter_card":"summary_large_image","twitter_misc":{"\u00c9crit par":"Aurelien Boulanger","Dur\u00e9e de lecture estim\u00e9e":"2 minutes"},"schema":{"@context":"https:\/\/schema.org","@graph":[{"@type":"NewsArticle","@id":"https:\/\/rachat2credit.fr\/guide\/les-retraites-craindraient-une-baisse-inquietante-de-leur-pouvoir-dachat-on-ne-peut-plus-se-permettre-de-vivre-dignement\/#article","isPartOf":{"@id":"https:\/\/rachat2credit.fr\/guide\/les-retraites-craindraient-une-baisse-inquietante-de-leur-pouvoir-dachat-on-ne-peut-plus-se-permettre-de-vivre-dignement\/"},"author":{"name":"Aurelien Boulanger","@id":"https:\/\/rachat2credit.fr\/guide\/#\/schema\/person\/d4142086d07bc6acdc4722eabd955cc2"},"headline":"Les retrait\u00e9s craindraient une baisse inqui\u00e9tante de leur pouvoir d\u2019achat \u201con ne peut plus se permettre de vivre dignement\u201d","datePublished":"2025-08-06T10:46:19+00:00","mainEntityOfPage":{"@id":"https:\/\/rachat2credit.fr\/guide\/les-retraites-craindraient-une-baisse-inquietante-de-leur-pouvoir-dachat-on-ne-peut-plus-se-permettre-de-vivre-dignement\/"},"wordCount":539,"commentCount":13,"publisher":{"@id":"https:\/\/rachat2credit.fr\/guide\/#organization"},"image":{"@id":"https:\/\/rachat2credit.fr\/guide\/les-retraites-craindraient-une-baisse-inquietante-de-leur-pouvoir-dachat-on-ne-peut-plus-se-permettre-de-vivre-dignement\/#primaryimage"},"thumbnailUrl":"https:\/\/rachat2credit.fr\/guide\/wp-content\/uploads\/2025\/08\/flux-743-1754477189.jpg","articleSection":["A la une"],"inLanguage":"fr-FR","potentialAction":[{"@type":"CommentAction","name":"Comment","target":["https:\/\/rachat2credit.fr\/guide\/les-retraites-craindraient-une-baisse-inquietante-de-leur-pouvoir-dachat-on-ne-peut-plus-se-permettre-de-vivre-dignement\/#respond"]}]},{"@type":"WebPage","@id":"https:\/\/rachat2credit.fr\/guide\/les-retraites-craindraient-une-baisse-inquietante-de-leur-pouvoir-dachat-on-ne-peut-plus-se-permettre-de-vivre-dignement\/","url":"https:\/\/rachat2credit.fr\/guide\/les-retraites-craindraient-une-baisse-inquietante-de-leur-pouvoir-dachat-on-ne-peut-plus-se-permettre-de-vivre-dignement\/","name":"Les retrait\u00e9s craindraient une baisse inqui\u00e9tante de leur pouvoir d\u2019achat \u201con ne peut plus se permettre de vivre dignement\u201d - Rachat de Cr\u00e9dit","isPartOf":{"@id":"https:\/\/rachat2credit.fr\/guide\/#website"},"primaryImageOfPage":{"@id":"https:\/\/rachat2credit.fr\/guide\/les-retraites-craindraient-une-baisse-inquietante-de-leur-pouvoir-dachat-on-ne-peut-plus-se-permettre-de-vivre-dignement\/#primaryimage"},"image":{"@id":"https:\/\/rachat2credit.fr\/guide\/les-retraites-craindraient-une-baisse-inquietante-de-leur-pouvoir-dachat-on-ne-peut-plus-se-permettre-de-vivre-dignement\/#primaryimage"},"thumbnailUrl":"https:\/\/rachat2credit.fr\/guide\/wp-content\/uploads\/2025\/08\/flux-743-1754477189.jpg","datePublished":"2025-08-06T10:46:19+00:00","breadcrumb":{"@id":"https:\/\/rachat2credit.fr\/guide\/les-retraites-craindraient-une-baisse-inquietante-de-leur-pouvoir-dachat-on-ne-peut-plus-se-permettre-de-vivre-dignement\/#breadcrumb"},"inLanguage":"fr-FR","potentialAction":[{"@type":"ReadAction","target":["https:\/\/rachat2credit.fr\/guide\/les-retraites-craindraient-une-baisse-inquietante-de-leur-pouvoir-dachat-on-ne-peut-plus-se-permettre-de-vivre-dignement\/"]}]},{"@type":"ImageObject","inLanguage":"fr-FR","@id":"https:\/\/rachat2credit.fr\/guide\/les-retraites-craindraient-une-baisse-inquietante-de-leur-pouvoir-dachat-on-ne-peut-plus-se-permettre-de-vivre-dignement\/#primaryimage","url":"https:\/\/rachat2credit.fr\/guide\/wp-content\/uploads\/2025\/08\/flux-743-1754477189.jpg","contentUrl":"https:\/\/rachat2credit.fr\/guide\/wp-content\/uploads\/2025\/08\/flux-743-1754477189.jpg","width":1344,"height":768},{"@type":"BreadcrumbList","@id":"https:\/\/rachat2credit.fr\/guide\/les-retraites-craindraient-une-baisse-inquietante-de-leur-pouvoir-dachat-on-ne-peut-plus-se-permettre-de-vivre-dignement\/#breadcrumb","itemListElement":[{"@type":"ListItem","position":1,"name":"Accueil","item":"https:\/\/rachat2credit.fr\/guide\/"},{"@type":"ListItem","position":2,"name":"Les retrait\u00e9s craindraient une baisse inqui\u00e9tante de leur pouvoir d\u2019achat \u201con ne peut plus se permettre de vivre dignement\u201d"}]},{"@type":"WebSite","@id":"https:\/\/rachat2credit.fr\/guide\/#website","url":"https:\/\/rachat2credit.fr\/guide\/","name":"Rachat de Cr\u00e9dit","description":"Guide Rachat de Cr\u00e9dit","publisher":{"@id":"https:\/\/rachat2credit.fr\/guide\/#organization"},"potentialAction":[{"@type":"SearchAction","target":{"@type":"EntryPoint","urlTemplate":"https:\/\/rachat2credit.fr\/guide\/?s={search_term_string}"},"query-input":{"@type":"PropertyValueSpecification","valueRequired":true,"valueName":"search_term_string"}}],"inLanguage":"fr-FR"},{"@type":"Organization","@id":"https:\/\/rachat2credit.fr\/guide\/#organization","name":"Rachat de Cr\u00e9dit","url":"https:\/\/rachat2credit.fr\/guide\/","logo":{"@type":"ImageObject","inLanguage":"fr-FR","@id":"https:\/\/rachat2credit.fr\/guide\/#\/schema\/logo\/image\/","url":"https:\/\/rachat2credit.fr\/guide\/wp-content\/uploads\/2025\/05\/rachat2credit.png","contentUrl":"https:\/\/rachat2credit.fr\/guide\/wp-content\/uploads\/2025\/05\/rachat2credit.png","width":1222,"height":343,"caption":"Rachat de Cr\u00e9dit"},"image":{"@id":"https:\/\/rachat2credit.fr\/guide\/#\/schema\/logo\/image\/"}},{"@type":"Person","@id":"https:\/\/rachat2credit.fr\/guide\/#\/schema\/person\/d4142086d07bc6acdc4722eabd955cc2","name":"Aurelien Boulanger","image":{"@type":"ImageObject","inLanguage":"fr-FR","@id":"https:\/\/secure.gravatar.com\/avatar\/32175434c9ca2b27bfeb905d1c3ec782a789caf494bc0ec8fa6ed0ee39c2e62a?s=96&d=mm&r=g","url":"https:\/\/secure.gravatar.com\/avatar\/32175434c9ca2b27bfeb905d1c3ec782a789caf494bc0ec8fa6ed0ee39c2e62a?s=96&d=mm&r=g","contentUrl":"https:\/\/secure.gravatar.com\/avatar\/32175434c9ca2b27bfeb905d1c3ec782a789caf494bc0ec8fa6ed0ee39c2e62a?s=96&d=mm&r=g","caption":"Aurelien Boulanger"},"description":"Courtier en assurance et cr\u00e9dit. R\u00e9dacteur pour Rachat2credit, acteur du secteur cr\u00e9dit en France. Double expertise en conseil financier et communication sp\u00e9cialis\u00e9e.","sameAs":["https:\/\/rachat2credit.fr\/guide"],"url":"https:\/\/rachat2credit.fr\/guide\/author\/aurelien\/"}]}},"_links":{"self":[{"href":"https:\/\/rachat2credit.fr\/guide\/wp-json\/wp\/v2\/posts\/743","targetHints":{"allow":["GET"]}}],"collection":[{"href":"https:\/\/rachat2credit.fr\/guide\/wp-json\/wp\/v2\/posts"}],"about":[{"href":"https:\/\/rachat2credit.fr\/guide\/wp-json\/wp\/v2\/types\/post"}],"author":[{"embeddable":true,"href":"https:\/\/rachat2credit.fr\/guide\/wp-json\/wp\/v2\/users\/1"}],"replies":[{"embeddable":true,"href":"https:\/\/rachat2credit.fr\/guide\/wp-json\/wp\/v2\/comments?post=743"}],"version-history":[{"count":0,"href":"https:\/\/rachat2credit.fr\/guide\/wp-json\/wp\/v2\/posts\/743\/revisions"}],"wp:featuredmedia":[{"embeddable":true,"href":"https:\/\/rachat2credit.fr\/guide\/wp-json\/wp\/v2\/media\/744"}],"wp:attachment":[{"href":"https:\/\/rachat2credit.fr\/guide\/wp-json\/wp\/v2\/media?parent=743"}],"wp:term":[{"taxonomy":"category","embeddable":true,"href":"https:\/\/rachat2credit.fr\/guide\/wp-json\/wp\/v2\/categories?post=743"},{"taxonomy":"post_tag","embeddable":true,"href":"https:\/\/rachat2credit.fr\/guide\/wp-json\/wp\/v2\/tags?post=743"}],"curies":[{"name":"wp","href":"https:\/\/api.w.org\/{rel}","templated":true}]}}