{"id":747,"date":"2025-08-06T16:46:24","date_gmt":"2025-08-06T14:46:24","guid":{"rendered":"https:\/\/rachat2credit.fr\/guide\/defiscaliser-avec-le-per-a-partir-de-50-ans-pourrait-vous-faire-economiser-des-milliers-deuros-jai-divise-mon-impot-par-deux-en-quelques-mois\/"},"modified":"2025-08-06T16:46:24","modified_gmt":"2025-08-06T14:46:24","slug":"defiscaliser-avec-le-per-a-partir-de-50-ans-pourrait-vous-faire-economiser-des-milliers-deuros-jai-divise-mon-impot-par-deux-en-quelques-mois","status":"publish","type":"post","link":"https:\/\/rachat2credit.fr\/guide\/defiscaliser-avec-le-per-a-partir-de-50-ans-pourrait-vous-faire-economiser-des-milliers-deuros-jai-divise-mon-impot-par-deux-en-quelques-mois\/","title":{"rendered":"D\u00e9fiscaliser avec le PER \u00e0 partir de 50 ans pourrait vous faire \u00e9conomiser des milliers d\u2019euros \u201cj\u2019ai divis\u00e9 mon imp\u00f4t par deux en quelques mois\u201d"},"content":{"rendered":"<article>\n<p>Et si le PER devenait votre alli\u00e9 fiscal apr\u00e8s 50 ans ? Ce dispositif m\u00e9connu pourrait permettre aux quinquas et plus de r\u00e9duire leur imposition tout en pr\u00e9parant sereinement leur retraite. T\u00e9moignages et strat\u00e9gies \u00e0 d\u00e9couvrir.<\/p>\n<div id=\"ez-toc-container\" class=\"ez-toc-v2_0_82_2 counter-hierarchy ez-toc-counter ez-toc-grey ez-toc-container-direction\">\n<p class=\"ez-toc-title\" style=\"cursor:inherit\">Sommaire<\/p>\n<label for=\"ez-toc-cssicon-toggle-item-69f1197f2dd75\" class=\"ez-toc-cssicon-toggle-label\"><span class=\"ez-toc-cssicon\"><span class=\"eztoc-hide\" style=\"display:none;\">Toggle<\/span><span class=\"ez-toc-icon-toggle-span\"><svg style=\"fill: #999;color:#999\" xmlns=\"http:\/\/www.w3.org\/2000\/svg\" class=\"list-377408\" width=\"20px\" height=\"20px\" viewBox=\"0 0 24 24\" fill=\"none\"><path d=\"M6 6H4v2h2V6zm14 0H8v2h12V6zM4 11h2v2H4v-2zm16 0H8v2h12v-2zM4 16h2v2H4v-2zm16 0H8v2h12v-2z\" fill=\"currentColor\"><\/path><\/svg><svg style=\"fill: #999;color:#999\" class=\"arrow-unsorted-368013\" xmlns=\"http:\/\/www.w3.org\/2000\/svg\" width=\"10px\" height=\"10px\" viewBox=\"0 0 24 24\" version=\"1.2\" baseProfile=\"tiny\"><path d=\"M18.2 9.3l-6.2-6.3-6.2 6.3c-.2.2-.3.4-.3.7s.1.5.3.7c.2.2.4.3.7.3h11c.3 0 .5-.1.7-.3.2-.2.3-.5.3-.7s-.1-.5-.3-.7zM5.8 14.7l6.2 6.3 6.2-6.3c.2-.2.3-.5.3-.7s-.1-.5-.3-.7c-.2-.2-.4-.3-.7-.3h-11c-.3 0-.5.1-.7.3-.2.2-.3.5-.3.7s.1.5.3.7z\"\/><\/svg><\/span><\/span><\/label><input type=\"checkbox\"  id=\"ez-toc-cssicon-toggle-item-69f1197f2dd75\" checked aria-label=\"Toggle\" \/><nav><ul class='ez-toc-list ez-toc-list-level-1 ' ><li class='ez-toc-page-1 ez-toc-heading-level-2'><a class=\"ez-toc-link ez-toc-heading-1\" href=\"https:\/\/rachat2credit.fr\/guide\/defiscaliser-avec-le-per-a-partir-de-50-ans-pourrait-vous-faire-economiser-des-milliers-deuros-jai-divise-mon-impot-par-deux-en-quelques-mois\/#Un_outil_de_defiscalisation_meconnu_des_plus_de_50_ans\" >Un outil de d\u00e9fiscalisation m\u00e9connu des plus de 50 ans<\/a><\/li><li class='ez-toc-page-1 ez-toc-heading-level-2'><a class=\"ez-toc-link ez-toc-heading-2\" href=\"https:\/\/rachat2credit.fr\/guide\/defiscaliser-avec-le-per-a-partir-de-50-ans-pourrait-vous-faire-economiser-des-milliers-deuros-jai-divise-mon-impot-par-deux-en-quelques-mois\/#Comment_ca_marche_concretement\" >Comment \u00e7a marche concr\u00e8tement ?<\/a><\/li><li class='ez-toc-page-1 ez-toc-heading-level-2'><a class=\"ez-toc-link ez-toc-heading-3\" href=\"https:\/\/rachat2credit.fr\/guide\/defiscaliser-avec-le-per-a-partir-de-50-ans-pourrait-vous-faire-economiser-des-milliers-deuros-jai-divise-mon-impot-par-deux-en-quelques-mois\/#Les_pieges_a_eviter\" >Les pi\u00e8ges \u00e0 \u00e9viter<\/a><\/li><li class='ez-toc-page-1 ez-toc-heading-level-2'><a class=\"ez-toc-link ez-toc-heading-4\" href=\"https:\/\/rachat2credit.fr\/guide\/defiscaliser-avec-le-per-a-partir-de-50-ans-pourrait-vous-faire-economiser-des-milliers-deuros-jai-divise-mon-impot-par-deux-en-quelques-mois\/#Comparaison_avec_les_autres_dispositifs\" >Comparaison avec les autres dispositifs<\/a><\/li><li class='ez-toc-page-1 ez-toc-heading-level-2'><a class=\"ez-toc-link ez-toc-heading-5\" href=\"https:\/\/rachat2credit.fr\/guide\/defiscaliser-avec-le-per-a-partir-de-50-ans-pourrait-vous-faire-economiser-des-milliers-deuros-jai-divise-mon-impot-par-deux-en-quelques-mois\/#Le_bon_moment_pour_se_lancer\" >Le bon moment pour se lancer<\/a><\/li><li class='ez-toc-page-1 ez-toc-heading-level-2'><a class=\"ez-toc-link ez-toc-heading-6\" href=\"https:\/\/rachat2credit.fr\/guide\/defiscaliser-avec-le-per-a-partir-de-50-ans-pourrait-vous-faire-economiser-des-milliers-deuros-jai-divise-mon-impot-par-deux-en-quelques-mois\/#Et_apres_la_retraite\" >Et apr\u00e8s la retraite ?<\/a><\/li><\/ul><\/nav><\/div>\n<h2><span class=\"ez-toc-section\" id=\"Un_outil_de_defiscalisation_meconnu_des_plus_de_50_ans\"><\/span>Un outil de d\u00e9fiscalisation m\u00e9connu des plus de 50 ans<span class=\"ez-toc-section-end\"><\/span><\/h2>\n<p>Jean-Luc, 53 ans, chef d&rsquo;entreprise \u00e0 Lyon, a d\u00e9couvert le Plan d&rsquo;\u00c9pargne Retraite (PER) presque par hasard : \u00ab\u00a0Mon expert-comptable m&rsquo;a parl\u00e9 du PER comme d&rsquo;une solution miracle. J&rsquo;ai pu d\u00e9duire pr\u00e8s de 10% de mon revenu imposable l&rsquo;an dernier tout en constituant un capital pour plus tard.\u00a0\u00bb<\/p>\n<p>Le PER fonctionnerait comme un couteau suisse fiscal pour les contribuables de plus de 50 ans. Selon les derni\u00e8res donn\u00e9es de la <a href=\"https:\/\/www.economie.gouv.fr\/particuliers\/epargne-retraite-per\" target=\"_blank\" rel=\"noopener\">Direction g\u00e9n\u00e9rale du Tr\u00e9sor<\/a>, les versements sur un PER ouvriraient droit \u00e0 une r\u00e9duction d&rsquo;imp\u00f4t pouvant atteindre plusieurs milliers d&rsquo;euros selon les cas.<\/p>\n<h2><span class=\"ez-toc-section\" id=\"Comment_ca_marche_concretement\"><\/span>Comment \u00e7a marche concr\u00e8tement ?<span class=\"ez-toc-section-end\"><\/span><\/h2>\n<p>Le m\u00e9canisme serait relativement simple : chaque euro vers\u00e9 sur son PER avant 60 ans pourrait \u00eatre d\u00e9duit du revenu imposable, dans la limite de 10% des revenus professionnels. Pour un cadre sup\u00e9rieur gagnant 70 000\u20ac par an, cela repr\u00e9senterait une \u00e9conomie fiscale potentielle de pr\u00e8s de 2 800\u20ac.<\/p>\n<blockquote><p>\u00ab\u00a0J&rsquo;ai vers\u00e9 15 000\u20ac sur mon PER l&rsquo;an dernier. Gr\u00e2ce \u00e0 la d\u00e9duction, j&rsquo;ai \u00e9conomis\u00e9 pr\u00e8s de 5 000\u20ac d&rsquo;imp\u00f4ts\u00a0\u00bb confie Sophie, 55 ans, directrice marketing \u00e0 Paris.<\/p><\/blockquote>\n<h2><span class=\"ez-toc-section\" id=\"Les_pieges_a_eviter\"><\/span>Les pi\u00e8ges \u00e0 \u00e9viter<span class=\"ez-toc-section-end\"><\/span><\/h2>\n<p>Attention cependant : les fonds vers\u00e9s sur un PER seraient bloqu\u00e9s jusqu&rsquo;au d\u00e9part \u00e0 la retraite, sauf cas tr\u00e8s particuliers (achat de r\u00e9sidence principale, invalidit\u00e9&#8230;). Certains contrats pourraient \u00e9galement comporter des frais de gestion \u00e9lev\u00e9s qu&rsquo;il conviendrait de n\u00e9gocier.<\/p>\n<p>Marie-No\u00eblle, 58 ans, en a fait l&rsquo;am\u00e8re exp\u00e9rience : \u00ab\u00a0J&rsquo;ai souscrit un PER chez mon banquier sans regarder les frais. R\u00e9sultat : 2% de frais annuels qui gr\u00e8vent s\u00e9rieusement ma performance&#8230;\u00a0\u00bb<\/p>\n<h2><span class=\"ez-toc-section\" id=\"Comparaison_avec_les_autres_dispositifs\"><\/span>Comparaison avec les autres dispositifs<span class=\"ez-toc-section-end\"><\/span><\/h2>\n<table>\n<tr>\n<th>Dispositif<\/th>\n<th>Avantage fiscal<\/th>\n<th>Blocage des fonds<\/th>\n<\/tr>\n<tr>\n<td>PER<\/td>\n<td>D\u00e9duction imm\u00e9diate<\/td>\n<td>Jusqu&rsquo;\u00e0 la retraite<\/td>\n<\/tr>\n<tr>\n<td>Assurance-vie<\/td>\n<td>Exon\u00e9ration apr\u00e8s 8 ans<\/td>\n<td>Libre<\/td>\n<\/tr>\n<tr>\n<td>LDDS<\/td>\n<td>Aucun<\/td>\n<td>Libre<\/td>\n<\/tr>\n<\/table>\n<h2><span class=\"ez-toc-section\" id=\"Le_bon_moment_pour_se_lancer\"><\/span>Le bon moment pour se lancer<span class=\"ez-toc-section-end\"><\/span><\/h2>\n<p>Contrairement aux id\u00e9es re\u00e7ues, il ne serait pas trop tard pour ouvrir un PER apr\u00e8s 50 ans. Les experts consult\u00e9s sugg\u00e8rent m\u00eame que cette p\u00e9riode serait id\u00e9ale :<\/p>\n<ul>\n<li>Revenus souvent au plus haut<\/li>\n<li>Horizon de placement encore suffisant (10-15 ans)<\/li>\n<li>Besoin de s\u00e9curiser l&rsquo;\u00e9pargne retraite<\/li>\n<\/ul>\n<p>Philippe Crevel, directeur du Cercle de l&rsquo;\u00c9pargne, confirme : \u00ab\u00a0Le PER pr\u00e9sente un int\u00e9r\u00eat particulier pour les 50-60 ans qui cherchent \u00e0 optimiser leur imposition tout en pr\u00e9parant activement leur retraite.\u00a0\u00bb<\/p>\n<h2><span class=\"ez-toc-section\" id=\"Et_apres_la_retraite\"><\/span>Et apr\u00e8s la retraite ?<span class=\"ez-toc-section-end\"><\/span><\/h2>\n<p>Au moment du d\u00e9part \u00e0 la retraite, plusieurs options s&rsquo;offriraient aux \u00e9pargnants :<\/p>\n<ol>\n<li>Capitalisation progressive (rente viag\u00e8re)<\/li>\n<li>Rachat partiel (25% en capital)<\/li>\n<li>Mix des deux solutions<\/li>\n<\/ol>\n<p>Le choix d\u00e9pendrait alors de la situation personnelle et des besoins de chacun. Une consultation avec un conseiller en gestion de patrimoine pourrait s&rsquo;av\u00e9rer pr\u00e9cieuse pour faire les bons arbitrages.<\/p>\n<p>Le PER appara\u00eetrait ainsi comme une solution sur mesure pour les actifs de plus de 50 ans souhaitant all\u00e9ger leur fiscalit\u00e9 tout en b\u00e2tissant un compl\u00e9ment de retraite solide. Une opportunit\u00e9 \u00e0 \u00e9tudier de pr\u00e8s, mais avec discernement.<\/p>\n<\/article>\n\n\n<div class=\"kk-star-ratings kksr-auto kksr-align-center kksr-valign-bottom\"\n    data-payload='{&quot;align&quot;:&quot;center&quot;,&quot;id&quot;:&quot;747&quot;,&quot;slug&quot;:&quot;default&quot;,&quot;valign&quot;:&quot;bottom&quot;,&quot;ignore&quot;:&quot;&quot;,&quot;reference&quot;:&quot;auto&quot;,&quot;class&quot;:&quot;&quot;,&quot;count&quot;:&quot;0&quot;,&quot;legendonly&quot;:&quot;&quot;,&quot;readonly&quot;:&quot;&quot;,&quot;score&quot;:&quot;0&quot;,&quot;starsonly&quot;:&quot;&quot;,&quot;best&quot;:&quot;5&quot;,&quot;gap&quot;:&quot;5&quot;,&quot;greet&quot;:&quot;&quot;,&quot;legend&quot;:&quot;0\\\/5 - (0 vote)&quot;,&quot;size&quot;:&quot;24&quot;,&quot;title&quot;:&quot;D\u00e9fiscaliser avec le PER \u00e0 partir de 50 ans pourrait vous faire \u00e9conomiser des milliers d\u2019euros \u201cj\u2019ai divis\u00e9 mon imp\u00f4t par deux en quelques mois\u201d&quot;,&quot;width&quot;:&quot;0&quot;,&quot;_legend&quot;:&quot;{score}\\\/{best} - ({count} {votes})&quot;,&quot;font_factor&quot;:&quot;1.25&quot;}'>\n            \n<div class=\"kksr-stars\">\n    \n<div class=\"kksr-stars-inactive\">\n            <div class=\"kksr-star\" data-star=\"1\" style=\"padding-right: 5px\">\n            \n\n<div class=\"kksr-icon\" style=\"width: 24px; height: 24px;\"><\/div>\n        <\/div>\n            <div class=\"kksr-star\" data-star=\"2\" style=\"padding-right: 5px\">\n            \n\n<div class=\"kksr-icon\" style=\"width: 24px; height: 24px;\"><\/div>\n        <\/div>\n            <div class=\"kksr-star\" data-star=\"3\" style=\"padding-right: 5px\">\n            \n\n<div class=\"kksr-icon\" style=\"width: 24px; height: 24px;\"><\/div>\n        <\/div>\n            <div class=\"kksr-star\" data-star=\"4\" style=\"padding-right: 5px\">\n            \n\n<div class=\"kksr-icon\" style=\"width: 24px; height: 24px;\"><\/div>\n        <\/div>\n            <div class=\"kksr-star\" data-star=\"5\" style=\"padding-right: 5px\">\n            \n\n<div class=\"kksr-icon\" style=\"width: 24px; height: 24px;\"><\/div>\n        <\/div>\n    <\/div>\n    \n<div class=\"kksr-stars-active\" style=\"width: 0px;\">\n            <div class=\"kksr-star\" style=\"padding-right: 5px\">\n            \n\n<div class=\"kksr-icon\" style=\"width: 24px; height: 24px;\"><\/div>\n        <\/div>\n            <div class=\"kksr-star\" style=\"padding-right: 5px\">\n            \n\n<div class=\"kksr-icon\" style=\"width: 24px; height: 24px;\"><\/div>\n        <\/div>\n            <div class=\"kksr-star\" style=\"padding-right: 5px\">\n            \n\n<div class=\"kksr-icon\" style=\"width: 24px; height: 24px;\"><\/div>\n        <\/div>\n            <div class=\"kksr-star\" style=\"padding-right: 5px\">\n            \n\n<div class=\"kksr-icon\" style=\"width: 24px; height: 24px;\"><\/div>\n        <\/div>\n            <div class=\"kksr-star\" style=\"padding-right: 5px\">\n            \n\n<div class=\"kksr-icon\" style=\"width: 24px; height: 24px;\"><\/div>\n        <\/div>\n    <\/div>\n<\/div>\n                \n\n<div class=\"kksr-legend\" style=\"font-size: 19.2px;\">\n            <span class=\"kksr-muted\"><\/span>\n    <\/div>\n    <\/div>\n","protected":false},"excerpt":{"rendered":"<p>Et si le PER devenait votre alli\u00e9 fiscal apr\u00e8s 50 ans ? Ce dispositif m\u00e9connu pourrait permettre aux quinquas et plus de r\u00e9duire leur imposition tout en pr\u00e9parant sereinement leur retraite. T\u00e9moignages et strat\u00e9gies \u00e0 d\u00e9couvrir. Un outil de d\u00e9fiscalisation m\u00e9connu des plus de 50 ans Jean-Luc, 53 ans, chef d&rsquo;entreprise \u00e0 Lyon, a d\u00e9couvert &#8230; <a title=\"D\u00e9fiscaliser avec le PER \u00e0 partir de 50 ans pourrait vous faire \u00e9conomiser des milliers d\u2019euros \u201cj\u2019ai divis\u00e9 mon imp\u00f4t par deux en quelques mois\u201d\" class=\"read-more\" href=\"https:\/\/rachat2credit.fr\/guide\/defiscaliser-avec-le-per-a-partir-de-50-ans-pourrait-vous-faire-economiser-des-milliers-deuros-jai-divise-mon-impot-par-deux-en-quelques-mois\/\" aria-label=\"En savoir plus sur D\u00e9fiscaliser avec le PER \u00e0 partir de 50 ans pourrait vous faire \u00e9conomiser des milliers d\u2019euros \u201cj\u2019ai divis\u00e9 mon imp\u00f4t par deux en quelques mois\u201d\">Lire plus<\/a><\/p>\n","protected":false},"author":1,"featured_media":748,"comment_status":"open","ping_status":"open","sticky":false,"template":"","format":"standard","meta":{"footnotes":""},"categories":[8],"tags":[],"class_list":["post-747","post","type-post","status-publish","format-standard","has-post-thumbnail","hentry","category-a-la-une"],"yoast_head":"<!-- This site is optimized with the Yoast SEO plugin v27.5 - https:\/\/yoast.com\/product\/yoast-seo-wordpress\/ -->\n<title>D\u00e9fiscaliser avec le PER \u00e0 partir de 50 ans pourrait vous faire \u00e9conomiser des milliers d\u2019euros \u201cj\u2019ai divis\u00e9 mon imp\u00f4t par deux en quelques mois\u201d - Rachat de Cr\u00e9dit<\/title>\n<meta name=\"robots\" content=\"index, follow, max-snippet:-1, max-image-preview:large, max-video-preview:-1\" \/>\n<link rel=\"canonical\" href=\"https:\/\/rachat2credit.fr\/guide\/defiscaliser-avec-le-per-a-partir-de-50-ans-pourrait-vous-faire-economiser-des-milliers-deuros-jai-divise-mon-impot-par-deux-en-quelques-mois\/\" \/>\n<meta property=\"og:locale\" content=\"fr_FR\" \/>\n<meta property=\"og:type\" content=\"article\" \/>\n<meta property=\"og:title\" content=\"D\u00e9fiscaliser avec le PER \u00e0 partir de 50 ans pourrait vous faire \u00e9conomiser des milliers d\u2019euros \u201cj\u2019ai divis\u00e9 mon imp\u00f4t par deux en quelques mois\u201d - Rachat de Cr\u00e9dit\" \/>\n<meta property=\"og:description\" content=\"Et si le PER devenait votre alli\u00e9 fiscal apr\u00e8s 50 ans ? Ce dispositif m\u00e9connu pourrait permettre aux quinquas et plus de r\u00e9duire leur imposition tout en pr\u00e9parant sereinement leur retraite. T\u00e9moignages et strat\u00e9gies \u00e0 d\u00e9couvrir. Un outil de d\u00e9fiscalisation m\u00e9connu des plus de 50 ans Jean-Luc, 53 ans, chef d&rsquo;entreprise \u00e0 Lyon, a d\u00e9couvert ... Lire plus\" \/>\n<meta property=\"og:url\" content=\"https:\/\/rachat2credit.fr\/guide\/defiscaliser-avec-le-per-a-partir-de-50-ans-pourrait-vous-faire-economiser-des-milliers-deuros-jai-divise-mon-impot-par-deux-en-quelques-mois\/\" \/>\n<meta property=\"og:site_name\" content=\"Rachat de Cr\u00e9dit\" \/>\n<meta property=\"article:published_time\" content=\"2025-08-06T14:46:24+00:00\" \/>\n<meta property=\"og:image\" content=\"https:\/\/rachat2credit.fr\/guide\/wp-content\/uploads\/2025\/08\/flux-747-1754491595.jpg\" \/>\n\t<meta property=\"og:image:width\" content=\"1344\" \/>\n\t<meta property=\"og:image:height\" content=\"768\" \/>\n\t<meta property=\"og:image:type\" content=\"image\/jpeg\" \/>\n<meta name=\"author\" content=\"Aurelien Boulanger\" \/>\n<meta name=\"twitter:card\" content=\"summary_large_image\" \/>\n<meta name=\"twitter:label1\" content=\"\u00c9crit par\" \/>\n\t<meta name=\"twitter:data1\" content=\"Aurelien Boulanger\" \/>\n\t<meta name=\"twitter:label2\" content=\"Dur\u00e9e de lecture estim\u00e9e\" \/>\n\t<meta name=\"twitter:data2\" content=\"3 minutes\" \/>\n<script type=\"application\/ld+json\" class=\"yoast-schema-graph\">{\"@context\":\"https:\\\/\\\/schema.org\",\"@graph\":[{\"@type\":\"NewsArticle\",\"@id\":\"https:\\\/\\\/rachat2credit.fr\\\/guide\\\/defiscaliser-avec-le-per-a-partir-de-50-ans-pourrait-vous-faire-economiser-des-milliers-deuros-jai-divise-mon-impot-par-deux-en-quelques-mois\\\/#article\",\"isPartOf\":{\"@id\":\"https:\\\/\\\/rachat2credit.fr\\\/guide\\\/defiscaliser-avec-le-per-a-partir-de-50-ans-pourrait-vous-faire-economiser-des-milliers-deuros-jai-divise-mon-impot-par-deux-en-quelques-mois\\\/\"},\"author\":{\"name\":\"Aurelien Boulanger\",\"@id\":\"https:\\\/\\\/rachat2credit.fr\\\/guide\\\/#\\\/schema\\\/person\\\/d4142086d07bc6acdc4722eabd955cc2\"},\"headline\":\"D\u00e9fiscaliser avec le PER \u00e0 partir de 50 ans pourrait vous faire \u00e9conomiser des milliers d\u2019euros \u201cj\u2019ai divis\u00e9 mon imp\u00f4t par deux en quelques mois\u201d\",\"datePublished\":\"2025-08-06T14:46:24+00:00\",\"mainEntityOfPage\":{\"@id\":\"https:\\\/\\\/rachat2credit.fr\\\/guide\\\/defiscaliser-avec-le-per-a-partir-de-50-ans-pourrait-vous-faire-economiser-des-milliers-deuros-jai-divise-mon-impot-par-deux-en-quelques-mois\\\/\"},\"wordCount\":577,\"commentCount\":42,\"publisher\":{\"@id\":\"https:\\\/\\\/rachat2credit.fr\\\/guide\\\/#organization\"},\"image\":{\"@id\":\"https:\\\/\\\/rachat2credit.fr\\\/guide\\\/defiscaliser-avec-le-per-a-partir-de-50-ans-pourrait-vous-faire-economiser-des-milliers-deuros-jai-divise-mon-impot-par-deux-en-quelques-mois\\\/#primaryimage\"},\"thumbnailUrl\":\"https:\\\/\\\/rachat2credit.fr\\\/guide\\\/wp-content\\\/uploads\\\/2025\\\/08\\\/flux-747-1754491595.jpg\",\"articleSection\":[\"A la une\"],\"inLanguage\":\"fr-FR\",\"potentialAction\":[{\"@type\":\"CommentAction\",\"name\":\"Comment\",\"target\":[\"https:\\\/\\\/rachat2credit.fr\\\/guide\\\/defiscaliser-avec-le-per-a-partir-de-50-ans-pourrait-vous-faire-economiser-des-milliers-deuros-jai-divise-mon-impot-par-deux-en-quelques-mois\\\/#respond\"]}]},{\"@type\":\"WebPage\",\"@id\":\"https:\\\/\\\/rachat2credit.fr\\\/guide\\\/defiscaliser-avec-le-per-a-partir-de-50-ans-pourrait-vous-faire-economiser-des-milliers-deuros-jai-divise-mon-impot-par-deux-en-quelques-mois\\\/\",\"url\":\"https:\\\/\\\/rachat2credit.fr\\\/guide\\\/defiscaliser-avec-le-per-a-partir-de-50-ans-pourrait-vous-faire-economiser-des-milliers-deuros-jai-divise-mon-impot-par-deux-en-quelques-mois\\\/\",\"name\":\"D\u00e9fiscaliser avec le PER \u00e0 partir de 50 ans pourrait vous faire \u00e9conomiser des milliers d\u2019euros \u201cj\u2019ai divis\u00e9 mon imp\u00f4t par deux en quelques mois\u201d - Rachat de Cr\u00e9dit\",\"isPartOf\":{\"@id\":\"https:\\\/\\\/rachat2credit.fr\\\/guide\\\/#website\"},\"primaryImageOfPage\":{\"@id\":\"https:\\\/\\\/rachat2credit.fr\\\/guide\\\/defiscaliser-avec-le-per-a-partir-de-50-ans-pourrait-vous-faire-economiser-des-milliers-deuros-jai-divise-mon-impot-par-deux-en-quelques-mois\\\/#primaryimage\"},\"image\":{\"@id\":\"https:\\\/\\\/rachat2credit.fr\\\/guide\\\/defiscaliser-avec-le-per-a-partir-de-50-ans-pourrait-vous-faire-economiser-des-milliers-deuros-jai-divise-mon-impot-par-deux-en-quelques-mois\\\/#primaryimage\"},\"thumbnailUrl\":\"https:\\\/\\\/rachat2credit.fr\\\/guide\\\/wp-content\\\/uploads\\\/2025\\\/08\\\/flux-747-1754491595.jpg\",\"datePublished\":\"2025-08-06T14:46:24+00:00\",\"breadcrumb\":{\"@id\":\"https:\\\/\\\/rachat2credit.fr\\\/guide\\\/defiscaliser-avec-le-per-a-partir-de-50-ans-pourrait-vous-faire-economiser-des-milliers-deuros-jai-divise-mon-impot-par-deux-en-quelques-mois\\\/#breadcrumb\"},\"inLanguage\":\"fr-FR\",\"potentialAction\":[{\"@type\":\"ReadAction\",\"target\":[\"https:\\\/\\\/rachat2credit.fr\\\/guide\\\/defiscaliser-avec-le-per-a-partir-de-50-ans-pourrait-vous-faire-economiser-des-milliers-deuros-jai-divise-mon-impot-par-deux-en-quelques-mois\\\/\"]}]},{\"@type\":\"ImageObject\",\"inLanguage\":\"fr-FR\",\"@id\":\"https:\\\/\\\/rachat2credit.fr\\\/guide\\\/defiscaliser-avec-le-per-a-partir-de-50-ans-pourrait-vous-faire-economiser-des-milliers-deuros-jai-divise-mon-impot-par-deux-en-quelques-mois\\\/#primaryimage\",\"url\":\"https:\\\/\\\/rachat2credit.fr\\\/guide\\\/wp-content\\\/uploads\\\/2025\\\/08\\\/flux-747-1754491595.jpg\",\"contentUrl\":\"https:\\\/\\\/rachat2credit.fr\\\/guide\\\/wp-content\\\/uploads\\\/2025\\\/08\\\/flux-747-1754491595.jpg\",\"width\":1344,\"height\":768},{\"@type\":\"BreadcrumbList\",\"@id\":\"https:\\\/\\\/rachat2credit.fr\\\/guide\\\/defiscaliser-avec-le-per-a-partir-de-50-ans-pourrait-vous-faire-economiser-des-milliers-deuros-jai-divise-mon-impot-par-deux-en-quelques-mois\\\/#breadcrumb\",\"itemListElement\":[{\"@type\":\"ListItem\",\"position\":1,\"name\":\"Accueil\",\"item\":\"https:\\\/\\\/rachat2credit.fr\\\/guide\\\/\"},{\"@type\":\"ListItem\",\"position\":2,\"name\":\"D\u00e9fiscaliser avec le PER \u00e0 partir de 50 ans pourrait vous faire \u00e9conomiser des milliers d\u2019euros \u201cj\u2019ai divis\u00e9 mon imp\u00f4t par deux en quelques mois\u201d\"}]},{\"@type\":\"WebSite\",\"@id\":\"https:\\\/\\\/rachat2credit.fr\\\/guide\\\/#website\",\"url\":\"https:\\\/\\\/rachat2credit.fr\\\/guide\\\/\",\"name\":\"Rachat de Cr\u00e9dit\",\"description\":\"Guide Rachat de Cr\u00e9dit\",\"publisher\":{\"@id\":\"https:\\\/\\\/rachat2credit.fr\\\/guide\\\/#organization\"},\"potentialAction\":[{\"@type\":\"SearchAction\",\"target\":{\"@type\":\"EntryPoint\",\"urlTemplate\":\"https:\\\/\\\/rachat2credit.fr\\\/guide\\\/?s={search_term_string}\"},\"query-input\":{\"@type\":\"PropertyValueSpecification\",\"valueRequired\":true,\"valueName\":\"search_term_string\"}}],\"inLanguage\":\"fr-FR\"},{\"@type\":\"Organization\",\"@id\":\"https:\\\/\\\/rachat2credit.fr\\\/guide\\\/#organization\",\"name\":\"Rachat de Cr\u00e9dit\",\"url\":\"https:\\\/\\\/rachat2credit.fr\\\/guide\\\/\",\"logo\":{\"@type\":\"ImageObject\",\"inLanguage\":\"fr-FR\",\"@id\":\"https:\\\/\\\/rachat2credit.fr\\\/guide\\\/#\\\/schema\\\/logo\\\/image\\\/\",\"url\":\"https:\\\/\\\/rachat2credit.fr\\\/guide\\\/wp-content\\\/uploads\\\/2025\\\/05\\\/rachat2credit.png\",\"contentUrl\":\"https:\\\/\\\/rachat2credit.fr\\\/guide\\\/wp-content\\\/uploads\\\/2025\\\/05\\\/rachat2credit.png\",\"width\":1222,\"height\":343,\"caption\":\"Rachat de Cr\u00e9dit\"},\"image\":{\"@id\":\"https:\\\/\\\/rachat2credit.fr\\\/guide\\\/#\\\/schema\\\/logo\\\/image\\\/\"}},{\"@type\":\"Person\",\"@id\":\"https:\\\/\\\/rachat2credit.fr\\\/guide\\\/#\\\/schema\\\/person\\\/d4142086d07bc6acdc4722eabd955cc2\",\"name\":\"Aurelien Boulanger\",\"image\":{\"@type\":\"ImageObject\",\"inLanguage\":\"fr-FR\",\"@id\":\"https:\\\/\\\/secure.gravatar.com\\\/avatar\\\/32175434c9ca2b27bfeb905d1c3ec782a789caf494bc0ec8fa6ed0ee39c2e62a?s=96&d=mm&r=g\",\"url\":\"https:\\\/\\\/secure.gravatar.com\\\/avatar\\\/32175434c9ca2b27bfeb905d1c3ec782a789caf494bc0ec8fa6ed0ee39c2e62a?s=96&d=mm&r=g\",\"contentUrl\":\"https:\\\/\\\/secure.gravatar.com\\\/avatar\\\/32175434c9ca2b27bfeb905d1c3ec782a789caf494bc0ec8fa6ed0ee39c2e62a?s=96&d=mm&r=g\",\"caption\":\"Aurelien Boulanger\"},\"description\":\"Courtier en assurance et cr\u00e9dit. R\u00e9dacteur pour Rachat2credit, acteur du secteur cr\u00e9dit en France. Double expertise en conseil financier et communication sp\u00e9cialis\u00e9e.\",\"sameAs\":[\"https:\\\/\\\/rachat2credit.fr\\\/guide\"],\"url\":\"https:\\\/\\\/rachat2credit.fr\\\/guide\\\/author\\\/aurelien\\\/\"}]}<\/script>\n<!-- \/ Yoast SEO plugin. -->","yoast_head_json":{"title":"D\u00e9fiscaliser avec le PER \u00e0 partir de 50 ans pourrait vous faire \u00e9conomiser des milliers d\u2019euros \u201cj\u2019ai divis\u00e9 mon imp\u00f4t par deux en quelques mois\u201d - Rachat de Cr\u00e9dit","robots":{"index":"index","follow":"follow","max-snippet":"max-snippet:-1","max-image-preview":"max-image-preview:large","max-video-preview":"max-video-preview:-1"},"canonical":"https:\/\/rachat2credit.fr\/guide\/defiscaliser-avec-le-per-a-partir-de-50-ans-pourrait-vous-faire-economiser-des-milliers-deuros-jai-divise-mon-impot-par-deux-en-quelques-mois\/","og_locale":"fr_FR","og_type":"article","og_title":"D\u00e9fiscaliser avec le PER \u00e0 partir de 50 ans pourrait vous faire \u00e9conomiser des milliers d\u2019euros \u201cj\u2019ai divis\u00e9 mon imp\u00f4t par deux en quelques mois\u201d - Rachat de Cr\u00e9dit","og_description":"Et si le PER devenait votre alli\u00e9 fiscal apr\u00e8s 50 ans ? Ce dispositif m\u00e9connu pourrait permettre aux quinquas et plus de r\u00e9duire leur imposition tout en pr\u00e9parant sereinement leur retraite. T\u00e9moignages et strat\u00e9gies \u00e0 d\u00e9couvrir. Un outil de d\u00e9fiscalisation m\u00e9connu des plus de 50 ans Jean-Luc, 53 ans, chef d&rsquo;entreprise \u00e0 Lyon, a d\u00e9couvert ... Lire plus","og_url":"https:\/\/rachat2credit.fr\/guide\/defiscaliser-avec-le-per-a-partir-de-50-ans-pourrait-vous-faire-economiser-des-milliers-deuros-jai-divise-mon-impot-par-deux-en-quelques-mois\/","og_site_name":"Rachat de Cr\u00e9dit","article_published_time":"2025-08-06T14:46:24+00:00","og_image":[{"width":1344,"height":768,"url":"https:\/\/rachat2credit.fr\/guide\/wp-content\/uploads\/2025\/08\/flux-747-1754491595.jpg","type":"image\/jpeg"}],"author":"Aurelien Boulanger","twitter_card":"summary_large_image","twitter_misc":{"\u00c9crit par":"Aurelien Boulanger","Dur\u00e9e de lecture estim\u00e9e":"3 minutes"},"schema":{"@context":"https:\/\/schema.org","@graph":[{"@type":"NewsArticle","@id":"https:\/\/rachat2credit.fr\/guide\/defiscaliser-avec-le-per-a-partir-de-50-ans-pourrait-vous-faire-economiser-des-milliers-deuros-jai-divise-mon-impot-par-deux-en-quelques-mois\/#article","isPartOf":{"@id":"https:\/\/rachat2credit.fr\/guide\/defiscaliser-avec-le-per-a-partir-de-50-ans-pourrait-vous-faire-economiser-des-milliers-deuros-jai-divise-mon-impot-par-deux-en-quelques-mois\/"},"author":{"name":"Aurelien Boulanger","@id":"https:\/\/rachat2credit.fr\/guide\/#\/schema\/person\/d4142086d07bc6acdc4722eabd955cc2"},"headline":"D\u00e9fiscaliser avec le PER \u00e0 partir de 50 ans pourrait vous faire \u00e9conomiser des milliers d\u2019euros \u201cj\u2019ai divis\u00e9 mon imp\u00f4t par deux en quelques mois\u201d","datePublished":"2025-08-06T14:46:24+00:00","mainEntityOfPage":{"@id":"https:\/\/rachat2credit.fr\/guide\/defiscaliser-avec-le-per-a-partir-de-50-ans-pourrait-vous-faire-economiser-des-milliers-deuros-jai-divise-mon-impot-par-deux-en-quelques-mois\/"},"wordCount":577,"commentCount":42,"publisher":{"@id":"https:\/\/rachat2credit.fr\/guide\/#organization"},"image":{"@id":"https:\/\/rachat2credit.fr\/guide\/defiscaliser-avec-le-per-a-partir-de-50-ans-pourrait-vous-faire-economiser-des-milliers-deuros-jai-divise-mon-impot-par-deux-en-quelques-mois\/#primaryimage"},"thumbnailUrl":"https:\/\/rachat2credit.fr\/guide\/wp-content\/uploads\/2025\/08\/flux-747-1754491595.jpg","articleSection":["A la une"],"inLanguage":"fr-FR","potentialAction":[{"@type":"CommentAction","name":"Comment","target":["https:\/\/rachat2credit.fr\/guide\/defiscaliser-avec-le-per-a-partir-de-50-ans-pourrait-vous-faire-economiser-des-milliers-deuros-jai-divise-mon-impot-par-deux-en-quelques-mois\/#respond"]}]},{"@type":"WebPage","@id":"https:\/\/rachat2credit.fr\/guide\/defiscaliser-avec-le-per-a-partir-de-50-ans-pourrait-vous-faire-economiser-des-milliers-deuros-jai-divise-mon-impot-par-deux-en-quelques-mois\/","url":"https:\/\/rachat2credit.fr\/guide\/defiscaliser-avec-le-per-a-partir-de-50-ans-pourrait-vous-faire-economiser-des-milliers-deuros-jai-divise-mon-impot-par-deux-en-quelques-mois\/","name":"D\u00e9fiscaliser avec le PER \u00e0 partir de 50 ans pourrait vous faire \u00e9conomiser des milliers d\u2019euros \u201cj\u2019ai divis\u00e9 mon imp\u00f4t par deux en quelques mois\u201d - Rachat de Cr\u00e9dit","isPartOf":{"@id":"https:\/\/rachat2credit.fr\/guide\/#website"},"primaryImageOfPage":{"@id":"https:\/\/rachat2credit.fr\/guide\/defiscaliser-avec-le-per-a-partir-de-50-ans-pourrait-vous-faire-economiser-des-milliers-deuros-jai-divise-mon-impot-par-deux-en-quelques-mois\/#primaryimage"},"image":{"@id":"https:\/\/rachat2credit.fr\/guide\/defiscaliser-avec-le-per-a-partir-de-50-ans-pourrait-vous-faire-economiser-des-milliers-deuros-jai-divise-mon-impot-par-deux-en-quelques-mois\/#primaryimage"},"thumbnailUrl":"https:\/\/rachat2credit.fr\/guide\/wp-content\/uploads\/2025\/08\/flux-747-1754491595.jpg","datePublished":"2025-08-06T14:46:24+00:00","breadcrumb":{"@id":"https:\/\/rachat2credit.fr\/guide\/defiscaliser-avec-le-per-a-partir-de-50-ans-pourrait-vous-faire-economiser-des-milliers-deuros-jai-divise-mon-impot-par-deux-en-quelques-mois\/#breadcrumb"},"inLanguage":"fr-FR","potentialAction":[{"@type":"ReadAction","target":["https:\/\/rachat2credit.fr\/guide\/defiscaliser-avec-le-per-a-partir-de-50-ans-pourrait-vous-faire-economiser-des-milliers-deuros-jai-divise-mon-impot-par-deux-en-quelques-mois\/"]}]},{"@type":"ImageObject","inLanguage":"fr-FR","@id":"https:\/\/rachat2credit.fr\/guide\/defiscaliser-avec-le-per-a-partir-de-50-ans-pourrait-vous-faire-economiser-des-milliers-deuros-jai-divise-mon-impot-par-deux-en-quelques-mois\/#primaryimage","url":"https:\/\/rachat2credit.fr\/guide\/wp-content\/uploads\/2025\/08\/flux-747-1754491595.jpg","contentUrl":"https:\/\/rachat2credit.fr\/guide\/wp-content\/uploads\/2025\/08\/flux-747-1754491595.jpg","width":1344,"height":768},{"@type":"BreadcrumbList","@id":"https:\/\/rachat2credit.fr\/guide\/defiscaliser-avec-le-per-a-partir-de-50-ans-pourrait-vous-faire-economiser-des-milliers-deuros-jai-divise-mon-impot-par-deux-en-quelques-mois\/#breadcrumb","itemListElement":[{"@type":"ListItem","position":1,"name":"Accueil","item":"https:\/\/rachat2credit.fr\/guide\/"},{"@type":"ListItem","position":2,"name":"D\u00e9fiscaliser avec le PER \u00e0 partir de 50 ans pourrait vous faire \u00e9conomiser des milliers d\u2019euros \u201cj\u2019ai divis\u00e9 mon imp\u00f4t par deux en quelques mois\u201d"}]},{"@type":"WebSite","@id":"https:\/\/rachat2credit.fr\/guide\/#website","url":"https:\/\/rachat2credit.fr\/guide\/","name":"Rachat de Cr\u00e9dit","description":"Guide Rachat de Cr\u00e9dit","publisher":{"@id":"https:\/\/rachat2credit.fr\/guide\/#organization"},"potentialAction":[{"@type":"SearchAction","target":{"@type":"EntryPoint","urlTemplate":"https:\/\/rachat2credit.fr\/guide\/?s={search_term_string}"},"query-input":{"@type":"PropertyValueSpecification","valueRequired":true,"valueName":"search_term_string"}}],"inLanguage":"fr-FR"},{"@type":"Organization","@id":"https:\/\/rachat2credit.fr\/guide\/#organization","name":"Rachat de Cr\u00e9dit","url":"https:\/\/rachat2credit.fr\/guide\/","logo":{"@type":"ImageObject","inLanguage":"fr-FR","@id":"https:\/\/rachat2credit.fr\/guide\/#\/schema\/logo\/image\/","url":"https:\/\/rachat2credit.fr\/guide\/wp-content\/uploads\/2025\/05\/rachat2credit.png","contentUrl":"https:\/\/rachat2credit.fr\/guide\/wp-content\/uploads\/2025\/05\/rachat2credit.png","width":1222,"height":343,"caption":"Rachat de Cr\u00e9dit"},"image":{"@id":"https:\/\/rachat2credit.fr\/guide\/#\/schema\/logo\/image\/"}},{"@type":"Person","@id":"https:\/\/rachat2credit.fr\/guide\/#\/schema\/person\/d4142086d07bc6acdc4722eabd955cc2","name":"Aurelien Boulanger","image":{"@type":"ImageObject","inLanguage":"fr-FR","@id":"https:\/\/secure.gravatar.com\/avatar\/32175434c9ca2b27bfeb905d1c3ec782a789caf494bc0ec8fa6ed0ee39c2e62a?s=96&d=mm&r=g","url":"https:\/\/secure.gravatar.com\/avatar\/32175434c9ca2b27bfeb905d1c3ec782a789caf494bc0ec8fa6ed0ee39c2e62a?s=96&d=mm&r=g","contentUrl":"https:\/\/secure.gravatar.com\/avatar\/32175434c9ca2b27bfeb905d1c3ec782a789caf494bc0ec8fa6ed0ee39c2e62a?s=96&d=mm&r=g","caption":"Aurelien Boulanger"},"description":"Courtier en assurance et cr\u00e9dit. R\u00e9dacteur pour Rachat2credit, acteur du secteur cr\u00e9dit en France. Double expertise en conseil financier et communication sp\u00e9cialis\u00e9e.","sameAs":["https:\/\/rachat2credit.fr\/guide"],"url":"https:\/\/rachat2credit.fr\/guide\/author\/aurelien\/"}]}},"_links":{"self":[{"href":"https:\/\/rachat2credit.fr\/guide\/wp-json\/wp\/v2\/posts\/747","targetHints":{"allow":["GET"]}}],"collection":[{"href":"https:\/\/rachat2credit.fr\/guide\/wp-json\/wp\/v2\/posts"}],"about":[{"href":"https:\/\/rachat2credit.fr\/guide\/wp-json\/wp\/v2\/types\/post"}],"author":[{"embeddable":true,"href":"https:\/\/rachat2credit.fr\/guide\/wp-json\/wp\/v2\/users\/1"}],"replies":[{"embeddable":true,"href":"https:\/\/rachat2credit.fr\/guide\/wp-json\/wp\/v2\/comments?post=747"}],"version-history":[{"count":0,"href":"https:\/\/rachat2credit.fr\/guide\/wp-json\/wp\/v2\/posts\/747\/revisions"}],"wp:featuredmedia":[{"embeddable":true,"href":"https:\/\/rachat2credit.fr\/guide\/wp-json\/wp\/v2\/media\/748"}],"wp:attachment":[{"href":"https:\/\/rachat2credit.fr\/guide\/wp-json\/wp\/v2\/media?parent=747"}],"wp:term":[{"taxonomy":"category","embeddable":true,"href":"https:\/\/rachat2credit.fr\/guide\/wp-json\/wp\/v2\/categories?post=747"},{"taxonomy":"post_tag","embeddable":true,"href":"https:\/\/rachat2credit.fr\/guide\/wp-json\/wp\/v2\/tags?post=747"}],"curies":[{"name":"wp","href":"https:\/\/api.w.org\/{rel}","templated":true}]}}