{"id":749,"date":"2025-08-06T18:46:08","date_gmt":"2025-08-06T16:46:08","guid":{"rendered":"https:\/\/rachat2credit.fr\/guide\/transferer-son-perp-ou-madelin-en-per-pourrait-vous-faire-economiser-des-milliers-deuros-jai-divise-mes-frais-par-deux-en-changeant-de-contrat\/"},"modified":"2025-08-06T18:46:08","modified_gmt":"2025-08-06T16:46:08","slug":"transferer-son-perp-ou-madelin-en-per-pourrait-vous-faire-economiser-des-milliers-deuros-jai-divise-mes-frais-par-deux-en-changeant-de-contrat","status":"publish","type":"post","link":"https:\/\/rachat2credit.fr\/guide\/transferer-son-perp-ou-madelin-en-per-pourrait-vous-faire-economiser-des-milliers-deuros-jai-divise-mes-frais-par-deux-en-changeant-de-contrat\/","title":{"rendered":"Transf\u00e9rer son PERP ou Madelin en PER pourrait vous faire \u00e9conomiser des milliers d\u2019euros \u201cj\u2019ai divis\u00e9 mes frais par deux en changeant de contrat\u201d"},"content":{"rendered":"<article>\n<p>Dans un contexte o\u00f9 l&rsquo;\u00e9pargne retraite devient un enjeu crucial pour les Fran\u00e7ais, une question revient fr\u00e9quemment : <strong>\u00ab\u00a0Transf\u00e9rer son PERP ou Madelin en PER pourrait-il \u00eatre la solution id\u00e9ale ?\u00a0\u00bb<\/strong> Cette option, de plus en plus envisag\u00e9e par les \u00e9pargnants, soul\u00e8ve \u00e0 la fois des opportunit\u00e9s et des interrogations.<\/p>\n<div id=\"ez-toc-container\" class=\"ez-toc-v2_0_82_2 counter-hierarchy ez-toc-counter ez-toc-grey ez-toc-container-direction\">\n<p class=\"ez-toc-title\" style=\"cursor:inherit\">Sommaire<\/p>\n<label for=\"ez-toc-cssicon-toggle-item-69f106d3a09d5\" class=\"ez-toc-cssicon-toggle-label\"><span class=\"ez-toc-cssicon\"><span class=\"eztoc-hide\" style=\"display:none;\">Toggle<\/span><span class=\"ez-toc-icon-toggle-span\"><svg style=\"fill: #999;color:#999\" xmlns=\"http:\/\/www.w3.org\/2000\/svg\" class=\"list-377408\" width=\"20px\" height=\"20px\" viewBox=\"0 0 24 24\" fill=\"none\"><path d=\"M6 6H4v2h2V6zm14 0H8v2h12V6zM4 11h2v2H4v-2zm16 0H8v2h12v-2zM4 16h2v2H4v-2zm16 0H8v2h12v-2z\" fill=\"currentColor\"><\/path><\/svg><svg style=\"fill: #999;color:#999\" class=\"arrow-unsorted-368013\" xmlns=\"http:\/\/www.w3.org\/2000\/svg\" width=\"10px\" height=\"10px\" viewBox=\"0 0 24 24\" version=\"1.2\" baseProfile=\"tiny\"><path d=\"M18.2 9.3l-6.2-6.3-6.2 6.3c-.2.2-.3.4-.3.7s.1.5.3.7c.2.2.4.3.7.3h11c.3 0 .5-.1.7-.3.2-.2.3-.5.3-.7s-.1-.5-.3-.7zM5.8 14.7l6.2 6.3 6.2-6.3c.2-.2.3-.5.3-.7s-.1-.5-.3-.7c-.2-.2-.4-.3-.7-.3h-11c-.3 0-.5.1-.7.3-.2.2-.3.5-.3.7s.1.5.3.7z\"\/><\/svg><\/span><\/span><\/label><input type=\"checkbox\"  id=\"ez-toc-cssicon-toggle-item-69f106d3a09d5\" checked aria-label=\"Toggle\" \/><nav><ul class='ez-toc-list ez-toc-list-level-1 ' ><li class='ez-toc-page-1 ez-toc-heading-level-2'><a class=\"ez-toc-link ez-toc-heading-1\" href=\"https:\/\/rachat2credit.fr\/guide\/transferer-son-perp-ou-madelin-en-per-pourrait-vous-faire-economiser-des-milliers-deuros-jai-divise-mes-frais-par-deux-en-changeant-de-contrat\/#Un_choix_strategique_aux_implications_majeures\" >Un choix strat\u00e9gique aux implications majeures<\/a><\/li><li class='ez-toc-page-1 ez-toc-heading-level-2'><a class=\"ez-toc-link ez-toc-heading-2\" href=\"https:\/\/rachat2credit.fr\/guide\/transferer-son-perp-ou-madelin-en-per-pourrait-vous-faire-economiser-des-milliers-deuros-jai-divise-mes-frais-par-deux-en-changeant-de-contrat\/#Les_pieges_a_eviter_absolument\" >Les pi\u00e8ges \u00e0 \u00e9viter absolument<\/a><\/li><li class='ez-toc-page-1 ez-toc-heading-level-2'><a class=\"ez-toc-link ez-toc-heading-3\" href=\"https:\/\/rachat2credit.fr\/guide\/transferer-son-perp-ou-madelin-en-per-pourrait-vous-faire-economiser-des-milliers-deuros-jai-divise-mes-frais-par-deux-en-changeant-de-contrat\/#Temoignage_edifiant_dune_transfuge_decue\" >T\u00e9moignage \u00e9difiant d&rsquo;une transfuge d\u00e9\u00e7ue<\/a><\/li><li class='ez-toc-page-1 ez-toc-heading-level-2'><a class=\"ez-toc-link ez-toc-heading-4\" href=\"https:\/\/rachat2credit.fr\/guide\/transferer-son-perp-ou-madelin-en-per-pourrait-vous-faire-economiser-des-milliers-deuros-jai-divise-mes-frais-par-deux-en-changeant-de-contrat\/#Les_3_questions_a_poser_avant_de_se_decider\" >Les 3 questions \u00e0 poser avant de se d\u00e9cider<\/a><\/li><li class='ez-toc-page-1 ez-toc-heading-level-2'><a class=\"ez-toc-link ez-toc-heading-5\" href=\"https:\/\/rachat2credit.fr\/guide\/transferer-son-perp-ou-madelin-en-per-pourrait-vous-faire-economiser-des-milliers-deuros-jai-divise-mes-frais-par-deux-en-changeant-de-contrat\/#Une_tendance_qui_saccelere\" >Une tendance qui s&rsquo;acc\u00e9l\u00e8re<\/a><\/li><\/ul><\/nav><\/div>\n<h2><span class=\"ez-toc-section\" id=\"Un_choix_strategique_aux_implications_majeures\"><\/span>Un choix strat\u00e9gique aux implications majeures<span class=\"ez-toc-section-end\"><\/span><\/h2>\n<p>Jean-Luc, 52 ans, artisan \u00e9b\u00e9niste \u00e0 Bordeaux, t\u00e9moigne : <em>\u00ab\u00a0J&rsquo;ai d\u00e9couvert par hasard que je pouvais transf\u00e9rer mon PERP vers un PER. Mon conseiller m&rsquo;a expliqu\u00e9 que cela me donnerait plus de flexibilit\u00e9 pour mes futurs retraits.\u00a0\u00bb<\/em> Comme lui, de nombreux Fran\u00e7ais ignorent encore les possibilit\u00e9s offertes par le Plan d&rsquo;\u00c9pargne Retraite, successeur des anciens dispositifs.<\/p>\n<p>Le PER pr\u00e9senterait effectivement plusieurs avantages selon les experts :<\/p>\n<ul>\n<li>Une fiscalit\u00e9 avantageuse au moment du versement<\/li>\n<li>Plus de souplesse dans les modalit\u00e9s de d\u00e9blocage anticip\u00e9<\/li>\n<li>La possibilit\u00e9 de choisir entre versements programm\u00e9s ou capital<\/li>\n<\/ul>\n<h2><span class=\"ez-toc-section\" id=\"Les_pieges_a_eviter_absolument\"><\/span>Les pi\u00e8ges \u00e0 \u00e9viter absolument<span class=\"ez-toc-section-end\"><\/span><\/h2>\n<p>N\u00e9anmoins, le transfert ne s&rsquo;effectuerait pas sans certaines pr\u00e9cautions. <em>\u00ab\u00a0Le pi\u00e8ge principal r\u00e9siderait dans les frais de transfert et les \u00e9ventuelles p\u00e9nalit\u00e9s de sortie anticip\u00e9e\u00a0\u00bb<\/em>, met en garde Sophie Martin, conseill\u00e8re en gestion de patrimoine.<\/p>\n<p>Certains contrats anciens pourraient en effet pr\u00e9voir des clauses d\u00e9favorables en cas de transfert avant l&rsquo;\u00e9ch\u00e9ance contractuelle. Il serait donc crucial de :<\/p>\n<ol>\n<li>Demander un \u00e9ch\u00e9ancier complet des frais applicables<\/li>\n<li>Comparer les performances historiques des deux supports<\/li>\n<li>V\u00e9rifier les garanties \u00e9ventuellement perdues<\/li>\n<\/ol>\n<p>Pour une information fiable sur les caract\u00e9ristiques des diff\u00e9rents produits d&rsquo;\u00e9pargne retraite, le site du <a href=\"https:\/\/www.service-public.fr\/particuliers\/vosdroits\/F2155\" target=\"_blank\" rel=\"noopener\">Service Public<\/a> propose une synth\u00e8se actualis\u00e9e.<\/p>\n<h2><span class=\"ez-toc-section\" id=\"Temoignage_edifiant_dune_transfuge_decue\"><\/span>T\u00e9moignage \u00e9difiant d&rsquo;une transfuge d\u00e9\u00e7ue<span class=\"ez-toc-section-end\"><\/span><\/h2>\n<p>Caroline, 48 ans, cadre dans l&rsquo;a\u00e9ronautique, partage son exp\u00e9rience mitig\u00e9e : <em>\u00ab\u00a0J&rsquo;ai transf\u00e9r\u00e9 mon Madelin vers un PER il y a deux ans. Si la flexibilit\u00e9 est appr\u00e9ciable, je n&rsquo;avais pas anticip\u00e9 la baisse de performance du nouveau support. Avec le recul, j&rsquo;aurais d\u00fb mieux \u00e9tudier les fonds propos\u00e9s.\u00a0\u00bb<\/em><\/p>\n<p>Son cas illustrerait l&rsquo;importance cruciale de ne pas se focaliser uniquement sur les aspects fiscaux, mais d&rsquo;analyser aussi la qualit\u00e9 des supports d&rsquo;investissement propos\u00e9s dans le nouveau contrat.<\/p>\n<h2><span class=\"ez-toc-section\" id=\"Les_3_questions_a_poser_avant_de_se_decider\"><\/span>Les 3 questions \u00e0 poser avant de se d\u00e9cider<span class=\"ez-toc-section-end\"><\/span><\/h2>\n<p>Avant d&rsquo;entreprendre un transfert, les sp\u00e9cialistes recommanderaient syst\u00e9matiquement de s&rsquo;interroger sur :<\/p>\n<ol>\n<li>Mon horizon de placement a-t-il chang\u00e9 depuis la souscription initiale ?<\/li>\n<li>Quels avantages concrets le PER m&rsquo;apporterait-il par rapport \u00e0 mon contrat actuel ?<\/li>\n<li>Suis-je pr\u00eat \u00e0 assumer un \u00e9ventuel changement de risque sur mon \u00e9pargne ?<\/li>\n<\/ol>\n<p>La r\u00e9ponse \u00e0 ces questions permettrait d&rsquo;\u00e9viter bien des d\u00e9convenues et de prendre une d\u00e9cision r\u00e9ellement adapt\u00e9e \u00e0 sa situation personnelle.<\/p>\n<h2><span class=\"ez-toc-section\" id=\"Une_tendance_qui_saccelere\"><\/span>Une tendance qui s&rsquo;acc\u00e9l\u00e8re<span class=\"ez-toc-section-end\"><\/span><\/h2>\n<p>Selon certaines estimations, les transferts vers les PER auraient augment\u00e9 de pr\u00e8s de 40% sur les deux derni\u00e8res ann\u00e9es. Cette dynamique s&rsquo;expliquerait par :<\/p>\n<ul>\n<li>La communication intensive des assureurs sur les avantages du PER<\/li>\n<li>La recherche de solutions plus modernes et flexibles<\/li>\n<li>L&rsquo;envie de regrouper ses contrats pour une meilleure lisibilit\u00e9<\/li>\n<\/ul>\n<p>Pour autant, le transfert syst\u00e9matique ne constituerait pas n\u00e9cessairement la meilleure option pour tous. Comme souvent en mati\u00e8re financi\u00e8re, la personnalisation de l&rsquo;analyse resterait la cl\u00e9 d&rsquo;une d\u00e9cision \u00e9clair\u00e9e.<\/p>\n<p>En conclusion, le transfert d&rsquo;un PERP ou Madelin vers un PER repr\u00e9senterait une opportunit\u00e9 int\u00e9ressante \u00e0 \u00e9tudier, mais n\u00e9cessiterait une approche prudente et document\u00e9e. L&rsquo;accompagnement par un professionnel impartial pourrait s&rsquo;av\u00e9rer pr\u00e9cieux pour naviguer dans ce dossier complexe mais potentiellement tr\u00e8s b\u00e9n\u00e9fique pour votre avenir financier.<\/p>\n<\/article>\n\n\n<div class=\"kk-star-ratings kksr-auto kksr-align-center kksr-valign-bottom\"\n    data-payload='{&quot;align&quot;:&quot;center&quot;,&quot;id&quot;:&quot;749&quot;,&quot;slug&quot;:&quot;default&quot;,&quot;valign&quot;:&quot;bottom&quot;,&quot;ignore&quot;:&quot;&quot;,&quot;reference&quot;:&quot;auto&quot;,&quot;class&quot;:&quot;&quot;,&quot;count&quot;:&quot;0&quot;,&quot;legendonly&quot;:&quot;&quot;,&quot;readonly&quot;:&quot;&quot;,&quot;score&quot;:&quot;0&quot;,&quot;starsonly&quot;:&quot;&quot;,&quot;best&quot;:&quot;5&quot;,&quot;gap&quot;:&quot;5&quot;,&quot;greet&quot;:&quot;&quot;,&quot;legend&quot;:&quot;0\\\/5 - (0 vote)&quot;,&quot;size&quot;:&quot;24&quot;,&quot;title&quot;:&quot;Transf\u00e9rer son PERP ou Madelin en PER pourrait vous faire \u00e9conomiser des milliers d\u2019euros \u201cj\u2019ai divis\u00e9 mes frais par deux en changeant de contrat\u201d&quot;,&quot;width&quot;:&quot;0&quot;,&quot;_legend&quot;:&quot;{score}\\\/{best} - ({count} {votes})&quot;,&quot;font_factor&quot;:&quot;1.25&quot;}'>\n            \n<div class=\"kksr-stars\">\n    \n<div class=\"kksr-stars-inactive\">\n            <div class=\"kksr-star\" data-star=\"1\" style=\"padding-right: 5px\">\n            \n\n<div class=\"kksr-icon\" style=\"width: 24px; height: 24px;\"><\/div>\n        <\/div>\n            <div class=\"kksr-star\" data-star=\"2\" style=\"padding-right: 5px\">\n            \n\n<div class=\"kksr-icon\" style=\"width: 24px; height: 24px;\"><\/div>\n        <\/div>\n            <div class=\"kksr-star\" data-star=\"3\" style=\"padding-right: 5px\">\n            \n\n<div class=\"kksr-icon\" style=\"width: 24px; height: 24px;\"><\/div>\n        <\/div>\n            <div class=\"kksr-star\" data-star=\"4\" style=\"padding-right: 5px\">\n            \n\n<div class=\"kksr-icon\" style=\"width: 24px; height: 24px;\"><\/div>\n        <\/div>\n            <div class=\"kksr-star\" data-star=\"5\" style=\"padding-right: 5px\">\n            \n\n<div class=\"kksr-icon\" style=\"width: 24px; height: 24px;\"><\/div>\n        <\/div>\n    <\/div>\n    \n<div class=\"kksr-stars-active\" style=\"width: 0px;\">\n            <div class=\"kksr-star\" style=\"padding-right: 5px\">\n            \n\n<div class=\"kksr-icon\" style=\"width: 24px; height: 24px;\"><\/div>\n        <\/div>\n            <div class=\"kksr-star\" style=\"padding-right: 5px\">\n            \n\n<div class=\"kksr-icon\" style=\"width: 24px; height: 24px;\"><\/div>\n        <\/div>\n            <div class=\"kksr-star\" style=\"padding-right: 5px\">\n            \n\n<div class=\"kksr-icon\" style=\"width: 24px; height: 24px;\"><\/div>\n        <\/div>\n            <div class=\"kksr-star\" style=\"padding-right: 5px\">\n            \n\n<div class=\"kksr-icon\" style=\"width: 24px; height: 24px;\"><\/div>\n        <\/div>\n            <div class=\"kksr-star\" style=\"padding-right: 5px\">\n            \n\n<div class=\"kksr-icon\" style=\"width: 24px; height: 24px;\"><\/div>\n        <\/div>\n    <\/div>\n<\/div>\n                \n\n<div class=\"kksr-legend\" style=\"font-size: 19.2px;\">\n            <span class=\"kksr-muted\"><\/span>\n    <\/div>\n    <\/div>\n","protected":false},"excerpt":{"rendered":"<p>Dans un contexte o\u00f9 l&rsquo;\u00e9pargne retraite devient un enjeu crucial pour les Fran\u00e7ais, une question revient fr\u00e9quemment : \u00ab\u00a0Transf\u00e9rer son PERP ou Madelin en PER pourrait-il \u00eatre la solution id\u00e9ale ?\u00a0\u00bb Cette option, de plus en plus envisag\u00e9e par les \u00e9pargnants, soul\u00e8ve \u00e0 la fois des opportunit\u00e9s et des interrogations. Un choix strat\u00e9gique aux implications &#8230; <a title=\"Transf\u00e9rer son PERP ou Madelin en PER pourrait vous faire \u00e9conomiser des milliers d\u2019euros \u201cj\u2019ai divis\u00e9 mes frais par deux en changeant de contrat\u201d\" class=\"read-more\" href=\"https:\/\/rachat2credit.fr\/guide\/transferer-son-perp-ou-madelin-en-per-pourrait-vous-faire-economiser-des-milliers-deuros-jai-divise-mes-frais-par-deux-en-changeant-de-contrat\/\" aria-label=\"En savoir plus sur Transf\u00e9rer son PERP ou Madelin en PER pourrait vous faire \u00e9conomiser des milliers d\u2019euros \u201cj\u2019ai divis\u00e9 mes frais par deux en changeant de contrat\u201d\">Lire plus<\/a><\/p>\n","protected":false},"author":1,"featured_media":750,"comment_status":"open","ping_status":"open","sticky":false,"template":"","format":"standard","meta":{"footnotes":""},"categories":[8],"tags":[],"class_list":["post-749","post","type-post","status-publish","format-standard","has-post-thumbnail","hentry","category-a-la-une"],"yoast_head":"<!-- This site is optimized with the Yoast SEO plugin v27.5 - https:\/\/yoast.com\/product\/yoast-seo-wordpress\/ -->\n<title>Transf\u00e9rer son PERP ou Madelin en PER pourrait vous faire \u00e9conomiser des milliers d\u2019euros \u201cj\u2019ai divis\u00e9 mes frais par deux en changeant de contrat\u201d - Rachat de Cr\u00e9dit<\/title>\n<meta name=\"robots\" content=\"index, follow, max-snippet:-1, max-image-preview:large, max-video-preview:-1\" \/>\n<link rel=\"canonical\" href=\"https:\/\/rachat2credit.fr\/guide\/transferer-son-perp-ou-madelin-en-per-pourrait-vous-faire-economiser-des-milliers-deuros-jai-divise-mes-frais-par-deux-en-changeant-de-contrat\/\" \/>\n<meta property=\"og:locale\" content=\"fr_FR\" \/>\n<meta property=\"og:type\" content=\"article\" \/>\n<meta property=\"og:title\" content=\"Transf\u00e9rer son PERP ou Madelin en PER pourrait vous faire \u00e9conomiser des milliers d\u2019euros \u201cj\u2019ai divis\u00e9 mes frais par deux en changeant de contrat\u201d - Rachat de Cr\u00e9dit\" \/>\n<meta property=\"og:description\" content=\"Dans un contexte o\u00f9 l&rsquo;\u00e9pargne retraite devient un enjeu crucial pour les Fran\u00e7ais, une question revient fr\u00e9quemment : \u00ab\u00a0Transf\u00e9rer son PERP ou Madelin en PER pourrait-il \u00eatre la solution id\u00e9ale ?\u00a0\u00bb Cette option, de plus en plus envisag\u00e9e par les \u00e9pargnants, soul\u00e8ve \u00e0 la fois des opportunit\u00e9s et des interrogations. Un choix strat\u00e9gique aux implications ... Lire plus\" \/>\n<meta property=\"og:url\" content=\"https:\/\/rachat2credit.fr\/guide\/transferer-son-perp-ou-madelin-en-per-pourrait-vous-faire-economiser-des-milliers-deuros-jai-divise-mes-frais-par-deux-en-changeant-de-contrat\/\" \/>\n<meta property=\"og:site_name\" content=\"Rachat de Cr\u00e9dit\" \/>\n<meta property=\"article:published_time\" content=\"2025-08-06T16:46:08+00:00\" \/>\n<meta property=\"og:image\" content=\"https:\/\/rachat2credit.fr\/guide\/wp-content\/uploads\/2025\/08\/flux-749-1754498779.jpg\" \/>\n\t<meta property=\"og:image:width\" content=\"1344\" \/>\n\t<meta property=\"og:image:height\" content=\"768\" \/>\n\t<meta property=\"og:image:type\" content=\"image\/jpeg\" \/>\n<meta name=\"author\" content=\"Aurelien Boulanger\" \/>\n<meta name=\"twitter:card\" content=\"summary_large_image\" \/>\n<meta name=\"twitter:label1\" content=\"\u00c9crit par\" \/>\n\t<meta name=\"twitter:data1\" content=\"Aurelien Boulanger\" \/>\n\t<meta name=\"twitter:label2\" content=\"Dur\u00e9e de lecture estim\u00e9e\" \/>\n\t<meta name=\"twitter:data2\" content=\"3 minutes\" \/>\n<script type=\"application\/ld+json\" class=\"yoast-schema-graph\">{\"@context\":\"https:\\\/\\\/schema.org\",\"@graph\":[{\"@type\":\"NewsArticle\",\"@id\":\"https:\\\/\\\/rachat2credit.fr\\\/guide\\\/transferer-son-perp-ou-madelin-en-per-pourrait-vous-faire-economiser-des-milliers-deuros-jai-divise-mes-frais-par-deux-en-changeant-de-contrat\\\/#article\",\"isPartOf\":{\"@id\":\"https:\\\/\\\/rachat2credit.fr\\\/guide\\\/transferer-son-perp-ou-madelin-en-per-pourrait-vous-faire-economiser-des-milliers-deuros-jai-divise-mes-frais-par-deux-en-changeant-de-contrat\\\/\"},\"author\":{\"name\":\"Aurelien Boulanger\",\"@id\":\"https:\\\/\\\/rachat2credit.fr\\\/guide\\\/#\\\/schema\\\/person\\\/d4142086d07bc6acdc4722eabd955cc2\"},\"headline\":\"Transf\u00e9rer son PERP ou Madelin en PER pourrait vous faire \u00e9conomiser des milliers d\u2019euros \u201cj\u2019ai divis\u00e9 mes frais par deux en changeant de contrat\u201d\",\"datePublished\":\"2025-08-06T16:46:08+00:00\",\"mainEntityOfPage\":{\"@id\":\"https:\\\/\\\/rachat2credit.fr\\\/guide\\\/transferer-son-perp-ou-madelin-en-per-pourrait-vous-faire-economiser-des-milliers-deuros-jai-divise-mes-frais-par-deux-en-changeant-de-contrat\\\/\"},\"wordCount\":645,\"commentCount\":19,\"publisher\":{\"@id\":\"https:\\\/\\\/rachat2credit.fr\\\/guide\\\/#organization\"},\"image\":{\"@id\":\"https:\\\/\\\/rachat2credit.fr\\\/guide\\\/transferer-son-perp-ou-madelin-en-per-pourrait-vous-faire-economiser-des-milliers-deuros-jai-divise-mes-frais-par-deux-en-changeant-de-contrat\\\/#primaryimage\"},\"thumbnailUrl\":\"https:\\\/\\\/rachat2credit.fr\\\/guide\\\/wp-content\\\/uploads\\\/2025\\\/08\\\/flux-749-1754498779.jpg\",\"articleSection\":[\"A la une\"],\"inLanguage\":\"fr-FR\",\"potentialAction\":[{\"@type\":\"CommentAction\",\"name\":\"Comment\",\"target\":[\"https:\\\/\\\/rachat2credit.fr\\\/guide\\\/transferer-son-perp-ou-madelin-en-per-pourrait-vous-faire-economiser-des-milliers-deuros-jai-divise-mes-frais-par-deux-en-changeant-de-contrat\\\/#respond\"]}]},{\"@type\":\"WebPage\",\"@id\":\"https:\\\/\\\/rachat2credit.fr\\\/guide\\\/transferer-son-perp-ou-madelin-en-per-pourrait-vous-faire-economiser-des-milliers-deuros-jai-divise-mes-frais-par-deux-en-changeant-de-contrat\\\/\",\"url\":\"https:\\\/\\\/rachat2credit.fr\\\/guide\\\/transferer-son-perp-ou-madelin-en-per-pourrait-vous-faire-economiser-des-milliers-deuros-jai-divise-mes-frais-par-deux-en-changeant-de-contrat\\\/\",\"name\":\"Transf\u00e9rer son PERP ou Madelin en PER pourrait vous faire \u00e9conomiser des milliers d\u2019euros \u201cj\u2019ai divis\u00e9 mes frais par deux en changeant de contrat\u201d - Rachat de Cr\u00e9dit\",\"isPartOf\":{\"@id\":\"https:\\\/\\\/rachat2credit.fr\\\/guide\\\/#website\"},\"primaryImageOfPage\":{\"@id\":\"https:\\\/\\\/rachat2credit.fr\\\/guide\\\/transferer-son-perp-ou-madelin-en-per-pourrait-vous-faire-economiser-des-milliers-deuros-jai-divise-mes-frais-par-deux-en-changeant-de-contrat\\\/#primaryimage\"},\"image\":{\"@id\":\"https:\\\/\\\/rachat2credit.fr\\\/guide\\\/transferer-son-perp-ou-madelin-en-per-pourrait-vous-faire-economiser-des-milliers-deuros-jai-divise-mes-frais-par-deux-en-changeant-de-contrat\\\/#primaryimage\"},\"thumbnailUrl\":\"https:\\\/\\\/rachat2credit.fr\\\/guide\\\/wp-content\\\/uploads\\\/2025\\\/08\\\/flux-749-1754498779.jpg\",\"datePublished\":\"2025-08-06T16:46:08+00:00\",\"breadcrumb\":{\"@id\":\"https:\\\/\\\/rachat2credit.fr\\\/guide\\\/transferer-son-perp-ou-madelin-en-per-pourrait-vous-faire-economiser-des-milliers-deuros-jai-divise-mes-frais-par-deux-en-changeant-de-contrat\\\/#breadcrumb\"},\"inLanguage\":\"fr-FR\",\"potentialAction\":[{\"@type\":\"ReadAction\",\"target\":[\"https:\\\/\\\/rachat2credit.fr\\\/guide\\\/transferer-son-perp-ou-madelin-en-per-pourrait-vous-faire-economiser-des-milliers-deuros-jai-divise-mes-frais-par-deux-en-changeant-de-contrat\\\/\"]}]},{\"@type\":\"ImageObject\",\"inLanguage\":\"fr-FR\",\"@id\":\"https:\\\/\\\/rachat2credit.fr\\\/guide\\\/transferer-son-perp-ou-madelin-en-per-pourrait-vous-faire-economiser-des-milliers-deuros-jai-divise-mes-frais-par-deux-en-changeant-de-contrat\\\/#primaryimage\",\"url\":\"https:\\\/\\\/rachat2credit.fr\\\/guide\\\/wp-content\\\/uploads\\\/2025\\\/08\\\/flux-749-1754498779.jpg\",\"contentUrl\":\"https:\\\/\\\/rachat2credit.fr\\\/guide\\\/wp-content\\\/uploads\\\/2025\\\/08\\\/flux-749-1754498779.jpg\",\"width\":1344,\"height\":768},{\"@type\":\"BreadcrumbList\",\"@id\":\"https:\\\/\\\/rachat2credit.fr\\\/guide\\\/transferer-son-perp-ou-madelin-en-per-pourrait-vous-faire-economiser-des-milliers-deuros-jai-divise-mes-frais-par-deux-en-changeant-de-contrat\\\/#breadcrumb\",\"itemListElement\":[{\"@type\":\"ListItem\",\"position\":1,\"name\":\"Accueil\",\"item\":\"https:\\\/\\\/rachat2credit.fr\\\/guide\\\/\"},{\"@type\":\"ListItem\",\"position\":2,\"name\":\"Transf\u00e9rer son PERP ou Madelin en PER pourrait vous faire \u00e9conomiser des milliers d\u2019euros \u201cj\u2019ai divis\u00e9 mes frais par deux en changeant de contrat\u201d\"}]},{\"@type\":\"WebSite\",\"@id\":\"https:\\\/\\\/rachat2credit.fr\\\/guide\\\/#website\",\"url\":\"https:\\\/\\\/rachat2credit.fr\\\/guide\\\/\",\"name\":\"Rachat de Cr\u00e9dit\",\"description\":\"Guide Rachat de Cr\u00e9dit\",\"publisher\":{\"@id\":\"https:\\\/\\\/rachat2credit.fr\\\/guide\\\/#organization\"},\"potentialAction\":[{\"@type\":\"SearchAction\",\"target\":{\"@type\":\"EntryPoint\",\"urlTemplate\":\"https:\\\/\\\/rachat2credit.fr\\\/guide\\\/?s={search_term_string}\"},\"query-input\":{\"@type\":\"PropertyValueSpecification\",\"valueRequired\":true,\"valueName\":\"search_term_string\"}}],\"inLanguage\":\"fr-FR\"},{\"@type\":\"Organization\",\"@id\":\"https:\\\/\\\/rachat2credit.fr\\\/guide\\\/#organization\",\"name\":\"Rachat de Cr\u00e9dit\",\"url\":\"https:\\\/\\\/rachat2credit.fr\\\/guide\\\/\",\"logo\":{\"@type\":\"ImageObject\",\"inLanguage\":\"fr-FR\",\"@id\":\"https:\\\/\\\/rachat2credit.fr\\\/guide\\\/#\\\/schema\\\/logo\\\/image\\\/\",\"url\":\"https:\\\/\\\/rachat2credit.fr\\\/guide\\\/wp-content\\\/uploads\\\/2025\\\/05\\\/rachat2credit.png\",\"contentUrl\":\"https:\\\/\\\/rachat2credit.fr\\\/guide\\\/wp-content\\\/uploads\\\/2025\\\/05\\\/rachat2credit.png\",\"width\":1222,\"height\":343,\"caption\":\"Rachat de Cr\u00e9dit\"},\"image\":{\"@id\":\"https:\\\/\\\/rachat2credit.fr\\\/guide\\\/#\\\/schema\\\/logo\\\/image\\\/\"}},{\"@type\":\"Person\",\"@id\":\"https:\\\/\\\/rachat2credit.fr\\\/guide\\\/#\\\/schema\\\/person\\\/d4142086d07bc6acdc4722eabd955cc2\",\"name\":\"Aurelien Boulanger\",\"image\":{\"@type\":\"ImageObject\",\"inLanguage\":\"fr-FR\",\"@id\":\"https:\\\/\\\/secure.gravatar.com\\\/avatar\\\/32175434c9ca2b27bfeb905d1c3ec782a789caf494bc0ec8fa6ed0ee39c2e62a?s=96&d=mm&r=g\",\"url\":\"https:\\\/\\\/secure.gravatar.com\\\/avatar\\\/32175434c9ca2b27bfeb905d1c3ec782a789caf494bc0ec8fa6ed0ee39c2e62a?s=96&d=mm&r=g\",\"contentUrl\":\"https:\\\/\\\/secure.gravatar.com\\\/avatar\\\/32175434c9ca2b27bfeb905d1c3ec782a789caf494bc0ec8fa6ed0ee39c2e62a?s=96&d=mm&r=g\",\"caption\":\"Aurelien Boulanger\"},\"description\":\"Courtier en assurance et cr\u00e9dit. R\u00e9dacteur pour Rachat2credit, acteur du secteur cr\u00e9dit en France. Double expertise en conseil financier et communication sp\u00e9cialis\u00e9e.\",\"sameAs\":[\"https:\\\/\\\/rachat2credit.fr\\\/guide\"],\"url\":\"https:\\\/\\\/rachat2credit.fr\\\/guide\\\/author\\\/aurelien\\\/\"}]}<\/script>\n<!-- \/ Yoast SEO plugin. -->","yoast_head_json":{"title":"Transf\u00e9rer son PERP ou Madelin en PER pourrait vous faire \u00e9conomiser des milliers d\u2019euros \u201cj\u2019ai divis\u00e9 mes frais par deux en changeant de contrat\u201d - Rachat de Cr\u00e9dit","robots":{"index":"index","follow":"follow","max-snippet":"max-snippet:-1","max-image-preview":"max-image-preview:large","max-video-preview":"max-video-preview:-1"},"canonical":"https:\/\/rachat2credit.fr\/guide\/transferer-son-perp-ou-madelin-en-per-pourrait-vous-faire-economiser-des-milliers-deuros-jai-divise-mes-frais-par-deux-en-changeant-de-contrat\/","og_locale":"fr_FR","og_type":"article","og_title":"Transf\u00e9rer son PERP ou Madelin en PER pourrait vous faire \u00e9conomiser des milliers d\u2019euros \u201cj\u2019ai divis\u00e9 mes frais par deux en changeant de contrat\u201d - Rachat de Cr\u00e9dit","og_description":"Dans un contexte o\u00f9 l&rsquo;\u00e9pargne retraite devient un enjeu crucial pour les Fran\u00e7ais, une question revient fr\u00e9quemment : \u00ab\u00a0Transf\u00e9rer son PERP ou Madelin en PER pourrait-il \u00eatre la solution id\u00e9ale ?\u00a0\u00bb Cette option, de plus en plus envisag\u00e9e par les \u00e9pargnants, soul\u00e8ve \u00e0 la fois des opportunit\u00e9s et des interrogations. Un choix strat\u00e9gique aux implications ... Lire plus","og_url":"https:\/\/rachat2credit.fr\/guide\/transferer-son-perp-ou-madelin-en-per-pourrait-vous-faire-economiser-des-milliers-deuros-jai-divise-mes-frais-par-deux-en-changeant-de-contrat\/","og_site_name":"Rachat de Cr\u00e9dit","article_published_time":"2025-08-06T16:46:08+00:00","og_image":[{"width":1344,"height":768,"url":"https:\/\/rachat2credit.fr\/guide\/wp-content\/uploads\/2025\/08\/flux-749-1754498779.jpg","type":"image\/jpeg"}],"author":"Aurelien Boulanger","twitter_card":"summary_large_image","twitter_misc":{"\u00c9crit par":"Aurelien Boulanger","Dur\u00e9e de lecture estim\u00e9e":"3 minutes"},"schema":{"@context":"https:\/\/schema.org","@graph":[{"@type":"NewsArticle","@id":"https:\/\/rachat2credit.fr\/guide\/transferer-son-perp-ou-madelin-en-per-pourrait-vous-faire-economiser-des-milliers-deuros-jai-divise-mes-frais-par-deux-en-changeant-de-contrat\/#article","isPartOf":{"@id":"https:\/\/rachat2credit.fr\/guide\/transferer-son-perp-ou-madelin-en-per-pourrait-vous-faire-economiser-des-milliers-deuros-jai-divise-mes-frais-par-deux-en-changeant-de-contrat\/"},"author":{"name":"Aurelien Boulanger","@id":"https:\/\/rachat2credit.fr\/guide\/#\/schema\/person\/d4142086d07bc6acdc4722eabd955cc2"},"headline":"Transf\u00e9rer son PERP ou Madelin en PER pourrait vous faire \u00e9conomiser des milliers d\u2019euros \u201cj\u2019ai divis\u00e9 mes frais par deux en changeant de contrat\u201d","datePublished":"2025-08-06T16:46:08+00:00","mainEntityOfPage":{"@id":"https:\/\/rachat2credit.fr\/guide\/transferer-son-perp-ou-madelin-en-per-pourrait-vous-faire-economiser-des-milliers-deuros-jai-divise-mes-frais-par-deux-en-changeant-de-contrat\/"},"wordCount":645,"commentCount":19,"publisher":{"@id":"https:\/\/rachat2credit.fr\/guide\/#organization"},"image":{"@id":"https:\/\/rachat2credit.fr\/guide\/transferer-son-perp-ou-madelin-en-per-pourrait-vous-faire-economiser-des-milliers-deuros-jai-divise-mes-frais-par-deux-en-changeant-de-contrat\/#primaryimage"},"thumbnailUrl":"https:\/\/rachat2credit.fr\/guide\/wp-content\/uploads\/2025\/08\/flux-749-1754498779.jpg","articleSection":["A la une"],"inLanguage":"fr-FR","potentialAction":[{"@type":"CommentAction","name":"Comment","target":["https:\/\/rachat2credit.fr\/guide\/transferer-son-perp-ou-madelin-en-per-pourrait-vous-faire-economiser-des-milliers-deuros-jai-divise-mes-frais-par-deux-en-changeant-de-contrat\/#respond"]}]},{"@type":"WebPage","@id":"https:\/\/rachat2credit.fr\/guide\/transferer-son-perp-ou-madelin-en-per-pourrait-vous-faire-economiser-des-milliers-deuros-jai-divise-mes-frais-par-deux-en-changeant-de-contrat\/","url":"https:\/\/rachat2credit.fr\/guide\/transferer-son-perp-ou-madelin-en-per-pourrait-vous-faire-economiser-des-milliers-deuros-jai-divise-mes-frais-par-deux-en-changeant-de-contrat\/","name":"Transf\u00e9rer son PERP ou Madelin en PER pourrait vous faire \u00e9conomiser des milliers d\u2019euros \u201cj\u2019ai divis\u00e9 mes frais par deux en changeant de contrat\u201d - Rachat de Cr\u00e9dit","isPartOf":{"@id":"https:\/\/rachat2credit.fr\/guide\/#website"},"primaryImageOfPage":{"@id":"https:\/\/rachat2credit.fr\/guide\/transferer-son-perp-ou-madelin-en-per-pourrait-vous-faire-economiser-des-milliers-deuros-jai-divise-mes-frais-par-deux-en-changeant-de-contrat\/#primaryimage"},"image":{"@id":"https:\/\/rachat2credit.fr\/guide\/transferer-son-perp-ou-madelin-en-per-pourrait-vous-faire-economiser-des-milliers-deuros-jai-divise-mes-frais-par-deux-en-changeant-de-contrat\/#primaryimage"},"thumbnailUrl":"https:\/\/rachat2credit.fr\/guide\/wp-content\/uploads\/2025\/08\/flux-749-1754498779.jpg","datePublished":"2025-08-06T16:46:08+00:00","breadcrumb":{"@id":"https:\/\/rachat2credit.fr\/guide\/transferer-son-perp-ou-madelin-en-per-pourrait-vous-faire-economiser-des-milliers-deuros-jai-divise-mes-frais-par-deux-en-changeant-de-contrat\/#breadcrumb"},"inLanguage":"fr-FR","potentialAction":[{"@type":"ReadAction","target":["https:\/\/rachat2credit.fr\/guide\/transferer-son-perp-ou-madelin-en-per-pourrait-vous-faire-economiser-des-milliers-deuros-jai-divise-mes-frais-par-deux-en-changeant-de-contrat\/"]}]},{"@type":"ImageObject","inLanguage":"fr-FR","@id":"https:\/\/rachat2credit.fr\/guide\/transferer-son-perp-ou-madelin-en-per-pourrait-vous-faire-economiser-des-milliers-deuros-jai-divise-mes-frais-par-deux-en-changeant-de-contrat\/#primaryimage","url":"https:\/\/rachat2credit.fr\/guide\/wp-content\/uploads\/2025\/08\/flux-749-1754498779.jpg","contentUrl":"https:\/\/rachat2credit.fr\/guide\/wp-content\/uploads\/2025\/08\/flux-749-1754498779.jpg","width":1344,"height":768},{"@type":"BreadcrumbList","@id":"https:\/\/rachat2credit.fr\/guide\/transferer-son-perp-ou-madelin-en-per-pourrait-vous-faire-economiser-des-milliers-deuros-jai-divise-mes-frais-par-deux-en-changeant-de-contrat\/#breadcrumb","itemListElement":[{"@type":"ListItem","position":1,"name":"Accueil","item":"https:\/\/rachat2credit.fr\/guide\/"},{"@type":"ListItem","position":2,"name":"Transf\u00e9rer son PERP ou Madelin en PER pourrait vous faire \u00e9conomiser des milliers d\u2019euros \u201cj\u2019ai divis\u00e9 mes frais par deux en changeant de contrat\u201d"}]},{"@type":"WebSite","@id":"https:\/\/rachat2credit.fr\/guide\/#website","url":"https:\/\/rachat2credit.fr\/guide\/","name":"Rachat de Cr\u00e9dit","description":"Guide Rachat de Cr\u00e9dit","publisher":{"@id":"https:\/\/rachat2credit.fr\/guide\/#organization"},"potentialAction":[{"@type":"SearchAction","target":{"@type":"EntryPoint","urlTemplate":"https:\/\/rachat2credit.fr\/guide\/?s={search_term_string}"},"query-input":{"@type":"PropertyValueSpecification","valueRequired":true,"valueName":"search_term_string"}}],"inLanguage":"fr-FR"},{"@type":"Organization","@id":"https:\/\/rachat2credit.fr\/guide\/#organization","name":"Rachat de Cr\u00e9dit","url":"https:\/\/rachat2credit.fr\/guide\/","logo":{"@type":"ImageObject","inLanguage":"fr-FR","@id":"https:\/\/rachat2credit.fr\/guide\/#\/schema\/logo\/image\/","url":"https:\/\/rachat2credit.fr\/guide\/wp-content\/uploads\/2025\/05\/rachat2credit.png","contentUrl":"https:\/\/rachat2credit.fr\/guide\/wp-content\/uploads\/2025\/05\/rachat2credit.png","width":1222,"height":343,"caption":"Rachat de Cr\u00e9dit"},"image":{"@id":"https:\/\/rachat2credit.fr\/guide\/#\/schema\/logo\/image\/"}},{"@type":"Person","@id":"https:\/\/rachat2credit.fr\/guide\/#\/schema\/person\/d4142086d07bc6acdc4722eabd955cc2","name":"Aurelien Boulanger","image":{"@type":"ImageObject","inLanguage":"fr-FR","@id":"https:\/\/secure.gravatar.com\/avatar\/32175434c9ca2b27bfeb905d1c3ec782a789caf494bc0ec8fa6ed0ee39c2e62a?s=96&d=mm&r=g","url":"https:\/\/secure.gravatar.com\/avatar\/32175434c9ca2b27bfeb905d1c3ec782a789caf494bc0ec8fa6ed0ee39c2e62a?s=96&d=mm&r=g","contentUrl":"https:\/\/secure.gravatar.com\/avatar\/32175434c9ca2b27bfeb905d1c3ec782a789caf494bc0ec8fa6ed0ee39c2e62a?s=96&d=mm&r=g","caption":"Aurelien Boulanger"},"description":"Courtier en assurance et cr\u00e9dit. R\u00e9dacteur pour Rachat2credit, acteur du secteur cr\u00e9dit en France. Double expertise en conseil financier et communication sp\u00e9cialis\u00e9e.","sameAs":["https:\/\/rachat2credit.fr\/guide"],"url":"https:\/\/rachat2credit.fr\/guide\/author\/aurelien\/"}]}},"_links":{"self":[{"href":"https:\/\/rachat2credit.fr\/guide\/wp-json\/wp\/v2\/posts\/749","targetHints":{"allow":["GET"]}}],"collection":[{"href":"https:\/\/rachat2credit.fr\/guide\/wp-json\/wp\/v2\/posts"}],"about":[{"href":"https:\/\/rachat2credit.fr\/guide\/wp-json\/wp\/v2\/types\/post"}],"author":[{"embeddable":true,"href":"https:\/\/rachat2credit.fr\/guide\/wp-json\/wp\/v2\/users\/1"}],"replies":[{"embeddable":true,"href":"https:\/\/rachat2credit.fr\/guide\/wp-json\/wp\/v2\/comments?post=749"}],"version-history":[{"count":0,"href":"https:\/\/rachat2credit.fr\/guide\/wp-json\/wp\/v2\/posts\/749\/revisions"}],"wp:featuredmedia":[{"embeddable":true,"href":"https:\/\/rachat2credit.fr\/guide\/wp-json\/wp\/v2\/media\/750"}],"wp:attachment":[{"href":"https:\/\/rachat2credit.fr\/guide\/wp-json\/wp\/v2\/media?parent=749"}],"wp:term":[{"taxonomy":"category","embeddable":true,"href":"https:\/\/rachat2credit.fr\/guide\/wp-json\/wp\/v2\/categories?post=749"},{"taxonomy":"post_tag","embeddable":true,"href":"https:\/\/rachat2credit.fr\/guide\/wp-json\/wp\/v2\/tags?post=749"}],"curies":[{"name":"wp","href":"https:\/\/api.w.org\/{rel}","templated":true}]}}