{"id":777,"date":"2025-08-08T18:45:56","date_gmt":"2025-08-08T16:45:56","guid":{"rendered":"https:\/\/rachat2credit.fr\/guide\/le-cesu-pourrait-revolutionner-laide-a-domicile-jai-divise-mes-frais-par-deux-grace-a-ce-dispositif-meconnu\/"},"modified":"2025-08-08T18:45:56","modified_gmt":"2025-08-08T16:45:56","slug":"le-cesu-pourrait-revolutionner-laide-a-domicile-jai-divise-mes-frais-par-deux-grace-a-ce-dispositif-meconnu","status":"publish","type":"post","link":"https:\/\/rachat2credit.fr\/guide\/le-cesu-pourrait-revolutionner-laide-a-domicile-jai-divise-mes-frais-par-deux-grace-a-ce-dispositif-meconnu\/","title":{"rendered":"Le CESU pourrait r\u00e9volutionner l\u2019aide \u00e0 domicile \u201cj\u2019ai divis\u00e9 mes frais par deux gr\u00e2ce \u00e0 ce dispositif m\u00e9connu\u201d"},"content":{"rendered":"<article>\n<p>Et si le CESU \u00e9tait la solution miracle pour financer l&rsquo;aide \u00e0 domicile de vos proches ? Ce syst\u00e8me m\u00e9connu pourrait bien r\u00e9volutionner l&rsquo;accompagnement des personnes \u00e2g\u00e9es ou d\u00e9pendantes, \u00e0 condition de ma\u00eetriser ses subtilit\u00e9s.<\/p>\n<div id=\"ez-toc-container\" class=\"ez-toc-v2_0_82_2 counter-hierarchy ez-toc-counter ez-toc-grey ez-toc-container-direction\">\n<p class=\"ez-toc-title\" style=\"cursor:inherit\">Sommaire<\/p>\n<label for=\"ez-toc-cssicon-toggle-item-69f1047e8ad39\" class=\"ez-toc-cssicon-toggle-label\"><span class=\"ez-toc-cssicon\"><span class=\"eztoc-hide\" style=\"display:none;\">Toggle<\/span><span class=\"ez-toc-icon-toggle-span\"><svg style=\"fill: #999;color:#999\" xmlns=\"http:\/\/www.w3.org\/2000\/svg\" class=\"list-377408\" width=\"20px\" height=\"20px\" viewBox=\"0 0 24 24\" fill=\"none\"><path d=\"M6 6H4v2h2V6zm14 0H8v2h12V6zM4 11h2v2H4v-2zm16 0H8v2h12v-2zM4 16h2v2H4v-2zm16 0H8v2h12v-2z\" fill=\"currentColor\"><\/path><\/svg><svg style=\"fill: #999;color:#999\" class=\"arrow-unsorted-368013\" xmlns=\"http:\/\/www.w3.org\/2000\/svg\" width=\"10px\" height=\"10px\" viewBox=\"0 0 24 24\" version=\"1.2\" baseProfile=\"tiny\"><path d=\"M18.2 9.3l-6.2-6.3-6.2 6.3c-.2.2-.3.4-.3.7s.1.5.3.7c.2.2.4.3.7.3h11c.3 0 .5-.1.7-.3.2-.2.3-.5.3-.7s-.1-.5-.3-.7zM5.8 14.7l6.2 6.3 6.2-6.3c.2-.2.3-.5.3-.7s-.1-.5-.3-.7c-.2-.2-.4-.3-.7-.3h-11c-.3 0-.5.1-.7.3-.2.2-.3.5-.3.7s.1.5.3.7z\"\/><\/svg><\/span><\/span><\/label><input type=\"checkbox\"  id=\"ez-toc-cssicon-toggle-item-69f1047e8ad39\" checked aria-label=\"Toggle\" \/><nav><ul class='ez-toc-list ez-toc-list-level-1 ' ><li class='ez-toc-page-1 ez-toc-heading-level-2'><a class=\"ez-toc-link ez-toc-heading-1\" href=\"https:\/\/rachat2credit.fr\/guide\/le-cesu-pourrait-revolutionner-laide-a-domicile-jai-divise-mes-frais-par-deux-grace-a-ce-dispositif-meconnu\/#%C2%AB_Jai_decouvert_le_CESU_trop_tard_%C2%BB_le_temoignage_poignant_de_Nathalie\" >\u00ab\u00a0J&rsquo;ai d\u00e9couvert le CESU trop tard\u00a0\u00bb : le t\u00e9moignage poignant de Nathalie<\/a><\/li><li class='ez-toc-page-1 ez-toc-heading-level-2'><a class=\"ez-toc-link ez-toc-heading-2\" href=\"https:\/\/rachat2credit.fr\/guide\/le-cesu-pourrait-revolutionner-laide-a-domicile-jai-divise-mes-frais-par-deux-grace-a-ce-dispositif-meconnu\/#Comment_le_CESU_transforme_laide_a_domicile\" >Comment le CESU transforme l&rsquo;aide \u00e0 domicile<\/a><\/li><li class='ez-toc-page-1 ez-toc-heading-level-2'><a class=\"ez-toc-link ez-toc-heading-3\" href=\"https:\/\/rachat2credit.fr\/guide\/le-cesu-pourrait-revolutionner-laide-a-domicile-jai-divise-mes-frais-par-deux-grace-a-ce-dispositif-meconnu\/#Les_pieges_a_eviter_absolument\" >Les pi\u00e8ges \u00e0 \u00e9viter absolument<\/a><\/li><li class='ez-toc-page-1 ez-toc-heading-level-2'><a class=\"ez-toc-link ez-toc-heading-4\" href=\"https:\/\/rachat2credit.fr\/guide\/le-cesu-pourrait-revolutionner-laide-a-domicile-jai-divise-mes-frais-par-deux-grace-a-ce-dispositif-meconnu\/#Lastuce_meconnue_des_professionnels\" >L&rsquo;astuce m\u00e9connue des professionnels<\/a><\/li><li class='ez-toc-page-1 ez-toc-heading-level-2'><a class=\"ez-toc-link ez-toc-heading-5\" href=\"https:\/\/rachat2credit.fr\/guide\/le-cesu-pourrait-revolutionner-laide-a-domicile-jai-divise-mes-frais-par-deux-grace-a-ce-dispositif-meconnu\/#Vers_une_revolution_silencieuse_de_laide_a_domicile\" >Vers une r\u00e9volution silencieuse de l&rsquo;aide \u00e0 domicile ?<\/a><\/li><\/ul><\/nav><\/div>\n<h2><span class=\"ez-toc-section\" id=\"%C2%AB_Jai_decouvert_le_CESU_trop_tard_%C2%BB_le_temoignage_poignant_de_Nathalie\"><\/span>\u00ab\u00a0J&rsquo;ai d\u00e9couvert le CESU trop tard\u00a0\u00bb : le t\u00e9moignage poignant de Nathalie<span class=\"ez-toc-section-end\"><\/span><\/h2>\n<p>Nathalie, 48 ans, a v\u00e9cu deux ann\u00e9es de gal\u00e8re avant de d\u00e9couvrir le Ch\u00e8que Emploi Service Universel. \u00ab\u00a0Quand ma m\u00e8re a commenc\u00e9 \u00e0 avoir besoin d&rsquo;aide pour se laver et s&rsquo;habiller, j&rsquo;ai engag\u00e9 une auxiliaire de vie sans conna\u00eetre les aides disponibles. Je payais tout de ma poche jusqu&rsquo;\u00e0 ce qu&rsquo;une voisine me parle du CESU.\u00a0\u00bb<\/p>\n<p>Ce syst\u00e8me permettrait selon les experts de b\u00e9n\u00e9ficier d&rsquo;un cr\u00e9dit d&rsquo;imp\u00f4t pouvant atteindre 50% des d\u00e9penses engag\u00e9es. \u00ab\u00a0Avec du recul, j&rsquo;aurais pu \u00e9conomiser pr\u00e8s de 4000\u20ac par an\u00a0\u00bb, regrette Nathalie.<\/p>\n<h2><span class=\"ez-toc-section\" id=\"Comment_le_CESU_transforme_laide_a_domicile\"><\/span>Comment le CESU transforme l&rsquo;aide \u00e0 domicile<span class=\"ez-toc-section-end\"><\/span><\/h2>\n<p>Le CESU pr\u00e9senterait plusieurs avantages majeurs pour les particuliers employeurs :<\/p>\n<ul>\n<li>Simplification des d\u00e9marches administratives<\/li>\n<li>R\u00e9duction fiscale attractive<\/li>\n<li>Couverture sociale compl\u00e8te pour l&rsquo;intervenant<\/li>\n<li>Possibilit\u00e9 de payer les heures suppl\u00e9mentaires<\/li>\n<\/ul>\n<p>Selon une <a href=\"https:\/\/www.service-public.fr\/particuliers\/vosdroits\/F2282\" target=\"_blank\" rel=\"noopener\">source gouvernementale<\/a>, plus de 2 millions de foyers fran\u00e7ais auraient recours \u00e0 ce dispositif. Pourtant, son potentiel resterait largement sous-exploit\u00e9.<\/p>\n<h2><span class=\"ez-toc-section\" id=\"Les_pieges_a_eviter_absolument\"><\/span>Les pi\u00e8ges \u00e0 \u00e9viter absolument<span class=\"ez-toc-section-end\"><\/span><\/h2>\n<p>Certaines familles se heurteraient \u00e0 des difficult\u00e9s inattendues :<\/p>\n<blockquote><p>\n    \u00ab\u00a0J&rsquo;ai cru que le CESU couvrait tous les types d&rsquo;aide \u00e0 domicile. En r\u00e9alit\u00e9, certaines prestations comme les soins infirmiers ne sont pas \u00e9ligibles\u00a0\u00bb, t\u00e9moigne Marc, dont le p\u00e8re est atteint d&rsquo;Alzheimer.\n  <\/p><\/blockquote>\n<p>Parmi les erreurs fr\u00e9quentes :<\/p>\n<ul>\n<li>Confondre CESU bancaire et CESU pr\u00e9financ\u00e9<\/li>\n<li>Oublier de d\u00e9clarer les heures travaill\u00e9es<\/li>\n<li>N\u00e9gliger le contrat de travail \u00e9crit<\/li>\n<li>Se tromper dans le calcul des cotisations sociales<\/li>\n<\/ul>\n<h2><span class=\"ez-toc-section\" id=\"Lastuce_meconnue_des_professionnels\"><\/span>L&rsquo;astuce m\u00e9connue des professionnels<span class=\"ez-toc-section-end\"><\/span><\/h2>\n<p>Les sp\u00e9cialistes du secteur recommanderaient une strat\u00e9gie peu connue : cumuler CESU et APA (Allocation Personnalis\u00e9e d&rsquo;Autonomie). \u00ab\u00a0Cette combinaison permet de couvrir jusqu&rsquo;\u00e0 80% des frais dans certains cas\u00a0\u00bb, r\u00e9v\u00e8le Sophie Lambert, conseill\u00e8re en g\u00e9rontologie.<\/p>\n<p>Cette approche n\u00e9cessiterait cependant une planification rigoureuse et une bonne compr\u00e9hension des plafonds de ressources. Certaines communes proposeraient des ateliers gratuits pour aider les familles \u00e0 optimiser ces dispositifs.<\/p>\n<h2><span class=\"ez-toc-section\" id=\"Vers_une_revolution_silencieuse_de_laide_a_domicile\"><\/span>Vers une r\u00e9volution silencieuse de l&rsquo;aide \u00e0 domicile ?<span class=\"ez-toc-section-end\"><\/span><\/h2>\n<p>Alors que la France vieillit, le CESU pourrait devenir un pilier du maintien \u00e0 domicile. Des exp\u00e9rimentations seraient en cours pour \u00e9tendre son usage aux aidants familiaux, une avanc\u00e9e qui red\u00e9finirait les contours de la d\u00e9pendance.<\/p>\n<p>Mais attention : ce syst\u00e8me \u00e9volue rapidement. Ce qui \u00e9tait vrai l&rsquo;an dernier pourrait ne plus l&rsquo;\u00eatre aujourd&rsquo;hui. La cl\u00e9 ? Se tenir inform\u00e9 et ne pas h\u00e9siter \u00e0 consulter les points d&rsquo;information d\u00e9di\u00e9s dans chaque d\u00e9partement.<\/p>\n<p>Et vous, connaissiez-vous toutes les possibilit\u00e9s offertes par le CESU pour l&rsquo;aide \u00e0 domicile ? La r\u00e9ponse pourrait bien changer la vie de vos proches&#8230;<\/p>\n<\/article>\n\n\n<div class=\"kk-star-ratings kksr-auto kksr-align-center kksr-valign-bottom\"\n    data-payload='{&quot;align&quot;:&quot;center&quot;,&quot;id&quot;:&quot;777&quot;,&quot;slug&quot;:&quot;default&quot;,&quot;valign&quot;:&quot;bottom&quot;,&quot;ignore&quot;:&quot;&quot;,&quot;reference&quot;:&quot;auto&quot;,&quot;class&quot;:&quot;&quot;,&quot;count&quot;:&quot;0&quot;,&quot;legendonly&quot;:&quot;&quot;,&quot;readonly&quot;:&quot;&quot;,&quot;score&quot;:&quot;0&quot;,&quot;starsonly&quot;:&quot;&quot;,&quot;best&quot;:&quot;5&quot;,&quot;gap&quot;:&quot;5&quot;,&quot;greet&quot;:&quot;&quot;,&quot;legend&quot;:&quot;0\\\/5 - (0 vote)&quot;,&quot;size&quot;:&quot;24&quot;,&quot;title&quot;:&quot;Le CESU pourrait r\u00e9volutionner l\u2019aide \u00e0 domicile \u201cj\u2019ai divis\u00e9 mes frais par deux gr\u00e2ce \u00e0 ce dispositif m\u00e9connu\u201d&quot;,&quot;width&quot;:&quot;0&quot;,&quot;_legend&quot;:&quot;{score}\\\/{best} - ({count} {votes})&quot;,&quot;font_factor&quot;:&quot;1.25&quot;}'>\n            \n<div class=\"kksr-stars\">\n    \n<div class=\"kksr-stars-inactive\">\n            <div class=\"kksr-star\" data-star=\"1\" style=\"padding-right: 5px\">\n            \n\n<div class=\"kksr-icon\" style=\"width: 24px; height: 24px;\"><\/div>\n        <\/div>\n            <div class=\"kksr-star\" data-star=\"2\" style=\"padding-right: 5px\">\n            \n\n<div class=\"kksr-icon\" style=\"width: 24px; height: 24px;\"><\/div>\n        <\/div>\n            <div class=\"kksr-star\" data-star=\"3\" style=\"padding-right: 5px\">\n            \n\n<div class=\"kksr-icon\" style=\"width: 24px; height: 24px;\"><\/div>\n        <\/div>\n            <div class=\"kksr-star\" data-star=\"4\" style=\"padding-right: 5px\">\n            \n\n<div class=\"kksr-icon\" style=\"width: 24px; height: 24px;\"><\/div>\n        <\/div>\n            <div class=\"kksr-star\" data-star=\"5\" style=\"padding-right: 5px\">\n            \n\n<div class=\"kksr-icon\" style=\"width: 24px; height: 24px;\"><\/div>\n        <\/div>\n    <\/div>\n    \n<div class=\"kksr-stars-active\" style=\"width: 0px;\">\n            <div class=\"kksr-star\" style=\"padding-right: 5px\">\n            \n\n<div class=\"kksr-icon\" style=\"width: 24px; height: 24px;\"><\/div>\n        <\/div>\n            <div class=\"kksr-star\" style=\"padding-right: 5px\">\n            \n\n<div class=\"kksr-icon\" style=\"width: 24px; height: 24px;\"><\/div>\n        <\/div>\n            <div class=\"kksr-star\" style=\"padding-right: 5px\">\n            \n\n<div class=\"kksr-icon\" style=\"width: 24px; height: 24px;\"><\/div>\n        <\/div>\n            <div class=\"kksr-star\" style=\"padding-right: 5px\">\n            \n\n<div class=\"kksr-icon\" style=\"width: 24px; height: 24px;\"><\/div>\n        <\/div>\n            <div class=\"kksr-star\" style=\"padding-right: 5px\">\n            \n\n<div class=\"kksr-icon\" style=\"width: 24px; height: 24px;\"><\/div>\n        <\/div>\n    <\/div>\n<\/div>\n                \n\n<div class=\"kksr-legend\" style=\"font-size: 19.2px;\">\n            <span class=\"kksr-muted\"><\/span>\n    <\/div>\n    <\/div>\n","protected":false},"excerpt":{"rendered":"<p>Et si le CESU \u00e9tait la solution miracle pour financer l&rsquo;aide \u00e0 domicile de vos proches ? Ce syst\u00e8me m\u00e9connu pourrait bien r\u00e9volutionner l&rsquo;accompagnement des personnes \u00e2g\u00e9es ou d\u00e9pendantes, \u00e0 condition de ma\u00eetriser ses subtilit\u00e9s. \u00ab\u00a0J&rsquo;ai d\u00e9couvert le CESU trop tard\u00a0\u00bb : le t\u00e9moignage poignant de Nathalie Nathalie, 48 ans, a v\u00e9cu deux ann\u00e9es de &#8230; <a title=\"Le CESU pourrait r\u00e9volutionner l\u2019aide \u00e0 domicile \u201cj\u2019ai divis\u00e9 mes frais par deux gr\u00e2ce \u00e0 ce dispositif m\u00e9connu\u201d\" class=\"read-more\" href=\"https:\/\/rachat2credit.fr\/guide\/le-cesu-pourrait-revolutionner-laide-a-domicile-jai-divise-mes-frais-par-deux-grace-a-ce-dispositif-meconnu\/\" aria-label=\"En savoir plus sur Le CESU pourrait r\u00e9volutionner l\u2019aide \u00e0 domicile \u201cj\u2019ai divis\u00e9 mes frais par deux gr\u00e2ce \u00e0 ce dispositif m\u00e9connu\u201d\">Lire plus<\/a><\/p>\n","protected":false},"author":1,"featured_media":778,"comment_status":"open","ping_status":"open","sticky":false,"template":"","format":"standard","meta":{"footnotes":""},"categories":[8],"tags":[],"class_list":["post-777","post","type-post","status-publish","format-standard","has-post-thumbnail","hentry","category-a-la-une"],"yoast_head":"<!-- This site is optimized with the Yoast SEO plugin v27.5 - https:\/\/yoast.com\/product\/yoast-seo-wordpress\/ -->\n<title>Le CESU pourrait r\u00e9volutionner l\u2019aide \u00e0 domicile \u201cj\u2019ai divis\u00e9 mes frais par deux gr\u00e2ce \u00e0 ce dispositif m\u00e9connu\u201d - Rachat de Cr\u00e9dit<\/title>\n<meta name=\"robots\" content=\"index, follow, max-snippet:-1, max-image-preview:large, max-video-preview:-1\" \/>\n<link rel=\"canonical\" href=\"https:\/\/rachat2credit.fr\/guide\/le-cesu-pourrait-revolutionner-laide-a-domicile-jai-divise-mes-frais-par-deux-grace-a-ce-dispositif-meconnu\/\" \/>\n<meta property=\"og:locale\" content=\"fr_FR\" \/>\n<meta property=\"og:type\" content=\"article\" \/>\n<meta property=\"og:title\" content=\"Le CESU pourrait r\u00e9volutionner l\u2019aide \u00e0 domicile \u201cj\u2019ai divis\u00e9 mes frais par deux gr\u00e2ce \u00e0 ce dispositif m\u00e9connu\u201d - Rachat de Cr\u00e9dit\" \/>\n<meta property=\"og:description\" content=\"Et si le CESU \u00e9tait la solution miracle pour financer l&rsquo;aide \u00e0 domicile de vos proches ? Ce syst\u00e8me m\u00e9connu pourrait bien r\u00e9volutionner l&rsquo;accompagnement des personnes \u00e2g\u00e9es ou d\u00e9pendantes, \u00e0 condition de ma\u00eetriser ses subtilit\u00e9s. \u00ab\u00a0J&rsquo;ai d\u00e9couvert le CESU trop tard\u00a0\u00bb : le t\u00e9moignage poignant de Nathalie Nathalie, 48 ans, a v\u00e9cu deux ann\u00e9es de ... Lire plus\" \/>\n<meta property=\"og:url\" content=\"https:\/\/rachat2credit.fr\/guide\/le-cesu-pourrait-revolutionner-laide-a-domicile-jai-divise-mes-frais-par-deux-grace-a-ce-dispositif-meconnu\/\" \/>\n<meta property=\"og:site_name\" content=\"Rachat de Cr\u00e9dit\" \/>\n<meta property=\"article:published_time\" content=\"2025-08-08T16:45:56+00:00\" \/>\n<meta property=\"og:image\" content=\"https:\/\/rachat2credit.fr\/guide\/wp-content\/uploads\/2025\/08\/flux-777-1754671567.jpg\" \/>\n\t<meta property=\"og:image:width\" content=\"1344\" \/>\n\t<meta property=\"og:image:height\" content=\"768\" \/>\n\t<meta property=\"og:image:type\" content=\"image\/jpeg\" \/>\n<meta name=\"author\" content=\"Aurelien Boulanger\" \/>\n<meta name=\"twitter:card\" content=\"summary_large_image\" \/>\n<meta name=\"twitter:label1\" content=\"\u00c9crit par\" \/>\n\t<meta name=\"twitter:data1\" content=\"Aurelien Boulanger\" \/>\n\t<meta name=\"twitter:label2\" content=\"Dur\u00e9e de lecture estim\u00e9e\" \/>\n\t<meta name=\"twitter:data2\" content=\"2 minutes\" \/>\n<script type=\"application\/ld+json\" class=\"yoast-schema-graph\">{\"@context\":\"https:\\\/\\\/schema.org\",\"@graph\":[{\"@type\":\"NewsArticle\",\"@id\":\"https:\\\/\\\/rachat2credit.fr\\\/guide\\\/le-cesu-pourrait-revolutionner-laide-a-domicile-jai-divise-mes-frais-par-deux-grace-a-ce-dispositif-meconnu\\\/#article\",\"isPartOf\":{\"@id\":\"https:\\\/\\\/rachat2credit.fr\\\/guide\\\/le-cesu-pourrait-revolutionner-laide-a-domicile-jai-divise-mes-frais-par-deux-grace-a-ce-dispositif-meconnu\\\/\"},\"author\":{\"name\":\"Aurelien Boulanger\",\"@id\":\"https:\\\/\\\/rachat2credit.fr\\\/guide\\\/#\\\/schema\\\/person\\\/d4142086d07bc6acdc4722eabd955cc2\"},\"headline\":\"Le CESU pourrait r\u00e9volutionner l\u2019aide \u00e0 domicile \u201cj\u2019ai divis\u00e9 mes frais par deux gr\u00e2ce \u00e0 ce dispositif m\u00e9connu\u201d\",\"datePublished\":\"2025-08-08T16:45:56+00:00\",\"mainEntityOfPage\":{\"@id\":\"https:\\\/\\\/rachat2credit.fr\\\/guide\\\/le-cesu-pourrait-revolutionner-laide-a-domicile-jai-divise-mes-frais-par-deux-grace-a-ce-dispositif-meconnu\\\/\"},\"wordCount\":521,\"commentCount\":21,\"publisher\":{\"@id\":\"https:\\\/\\\/rachat2credit.fr\\\/guide\\\/#organization\"},\"image\":{\"@id\":\"https:\\\/\\\/rachat2credit.fr\\\/guide\\\/le-cesu-pourrait-revolutionner-laide-a-domicile-jai-divise-mes-frais-par-deux-grace-a-ce-dispositif-meconnu\\\/#primaryimage\"},\"thumbnailUrl\":\"https:\\\/\\\/rachat2credit.fr\\\/guide\\\/wp-content\\\/uploads\\\/2025\\\/08\\\/flux-777-1754671567.jpg\",\"articleSection\":[\"A la une\"],\"inLanguage\":\"fr-FR\",\"potentialAction\":[{\"@type\":\"CommentAction\",\"name\":\"Comment\",\"target\":[\"https:\\\/\\\/rachat2credit.fr\\\/guide\\\/le-cesu-pourrait-revolutionner-laide-a-domicile-jai-divise-mes-frais-par-deux-grace-a-ce-dispositif-meconnu\\\/#respond\"]}]},{\"@type\":\"WebPage\",\"@id\":\"https:\\\/\\\/rachat2credit.fr\\\/guide\\\/le-cesu-pourrait-revolutionner-laide-a-domicile-jai-divise-mes-frais-par-deux-grace-a-ce-dispositif-meconnu\\\/\",\"url\":\"https:\\\/\\\/rachat2credit.fr\\\/guide\\\/le-cesu-pourrait-revolutionner-laide-a-domicile-jai-divise-mes-frais-par-deux-grace-a-ce-dispositif-meconnu\\\/\",\"name\":\"Le CESU pourrait r\u00e9volutionner l\u2019aide \u00e0 domicile \u201cj\u2019ai divis\u00e9 mes frais par deux gr\u00e2ce \u00e0 ce dispositif m\u00e9connu\u201d - Rachat de Cr\u00e9dit\",\"isPartOf\":{\"@id\":\"https:\\\/\\\/rachat2credit.fr\\\/guide\\\/#website\"},\"primaryImageOfPage\":{\"@id\":\"https:\\\/\\\/rachat2credit.fr\\\/guide\\\/le-cesu-pourrait-revolutionner-laide-a-domicile-jai-divise-mes-frais-par-deux-grace-a-ce-dispositif-meconnu\\\/#primaryimage\"},\"image\":{\"@id\":\"https:\\\/\\\/rachat2credit.fr\\\/guide\\\/le-cesu-pourrait-revolutionner-laide-a-domicile-jai-divise-mes-frais-par-deux-grace-a-ce-dispositif-meconnu\\\/#primaryimage\"},\"thumbnailUrl\":\"https:\\\/\\\/rachat2credit.fr\\\/guide\\\/wp-content\\\/uploads\\\/2025\\\/08\\\/flux-777-1754671567.jpg\",\"datePublished\":\"2025-08-08T16:45:56+00:00\",\"breadcrumb\":{\"@id\":\"https:\\\/\\\/rachat2credit.fr\\\/guide\\\/le-cesu-pourrait-revolutionner-laide-a-domicile-jai-divise-mes-frais-par-deux-grace-a-ce-dispositif-meconnu\\\/#breadcrumb\"},\"inLanguage\":\"fr-FR\",\"potentialAction\":[{\"@type\":\"ReadAction\",\"target\":[\"https:\\\/\\\/rachat2credit.fr\\\/guide\\\/le-cesu-pourrait-revolutionner-laide-a-domicile-jai-divise-mes-frais-par-deux-grace-a-ce-dispositif-meconnu\\\/\"]}]},{\"@type\":\"ImageObject\",\"inLanguage\":\"fr-FR\",\"@id\":\"https:\\\/\\\/rachat2credit.fr\\\/guide\\\/le-cesu-pourrait-revolutionner-laide-a-domicile-jai-divise-mes-frais-par-deux-grace-a-ce-dispositif-meconnu\\\/#primaryimage\",\"url\":\"https:\\\/\\\/rachat2credit.fr\\\/guide\\\/wp-content\\\/uploads\\\/2025\\\/08\\\/flux-777-1754671567.jpg\",\"contentUrl\":\"https:\\\/\\\/rachat2credit.fr\\\/guide\\\/wp-content\\\/uploads\\\/2025\\\/08\\\/flux-777-1754671567.jpg\",\"width\":1344,\"height\":768},{\"@type\":\"BreadcrumbList\",\"@id\":\"https:\\\/\\\/rachat2credit.fr\\\/guide\\\/le-cesu-pourrait-revolutionner-laide-a-domicile-jai-divise-mes-frais-par-deux-grace-a-ce-dispositif-meconnu\\\/#breadcrumb\",\"itemListElement\":[{\"@type\":\"ListItem\",\"position\":1,\"name\":\"Accueil\",\"item\":\"https:\\\/\\\/rachat2credit.fr\\\/guide\\\/\"},{\"@type\":\"ListItem\",\"position\":2,\"name\":\"Le CESU pourrait r\u00e9volutionner l\u2019aide \u00e0 domicile \u201cj\u2019ai divis\u00e9 mes frais par deux gr\u00e2ce \u00e0 ce dispositif m\u00e9connu\u201d\"}]},{\"@type\":\"WebSite\",\"@id\":\"https:\\\/\\\/rachat2credit.fr\\\/guide\\\/#website\",\"url\":\"https:\\\/\\\/rachat2credit.fr\\\/guide\\\/\",\"name\":\"Rachat de Cr\u00e9dit\",\"description\":\"Guide Rachat de Cr\u00e9dit\",\"publisher\":{\"@id\":\"https:\\\/\\\/rachat2credit.fr\\\/guide\\\/#organization\"},\"potentialAction\":[{\"@type\":\"SearchAction\",\"target\":{\"@type\":\"EntryPoint\",\"urlTemplate\":\"https:\\\/\\\/rachat2credit.fr\\\/guide\\\/?s={search_term_string}\"},\"query-input\":{\"@type\":\"PropertyValueSpecification\",\"valueRequired\":true,\"valueName\":\"search_term_string\"}}],\"inLanguage\":\"fr-FR\"},{\"@type\":\"Organization\",\"@id\":\"https:\\\/\\\/rachat2credit.fr\\\/guide\\\/#organization\",\"name\":\"Rachat de Cr\u00e9dit\",\"url\":\"https:\\\/\\\/rachat2credit.fr\\\/guide\\\/\",\"logo\":{\"@type\":\"ImageObject\",\"inLanguage\":\"fr-FR\",\"@id\":\"https:\\\/\\\/rachat2credit.fr\\\/guide\\\/#\\\/schema\\\/logo\\\/image\\\/\",\"url\":\"https:\\\/\\\/rachat2credit.fr\\\/guide\\\/wp-content\\\/uploads\\\/2025\\\/05\\\/rachat2credit.png\",\"contentUrl\":\"https:\\\/\\\/rachat2credit.fr\\\/guide\\\/wp-content\\\/uploads\\\/2025\\\/05\\\/rachat2credit.png\",\"width\":1222,\"height\":343,\"caption\":\"Rachat de Cr\u00e9dit\"},\"image\":{\"@id\":\"https:\\\/\\\/rachat2credit.fr\\\/guide\\\/#\\\/schema\\\/logo\\\/image\\\/\"}},{\"@type\":\"Person\",\"@id\":\"https:\\\/\\\/rachat2credit.fr\\\/guide\\\/#\\\/schema\\\/person\\\/d4142086d07bc6acdc4722eabd955cc2\",\"name\":\"Aurelien Boulanger\",\"image\":{\"@type\":\"ImageObject\",\"inLanguage\":\"fr-FR\",\"@id\":\"https:\\\/\\\/secure.gravatar.com\\\/avatar\\\/32175434c9ca2b27bfeb905d1c3ec782a789caf494bc0ec8fa6ed0ee39c2e62a?s=96&d=mm&r=g\",\"url\":\"https:\\\/\\\/secure.gravatar.com\\\/avatar\\\/32175434c9ca2b27bfeb905d1c3ec782a789caf494bc0ec8fa6ed0ee39c2e62a?s=96&d=mm&r=g\",\"contentUrl\":\"https:\\\/\\\/secure.gravatar.com\\\/avatar\\\/32175434c9ca2b27bfeb905d1c3ec782a789caf494bc0ec8fa6ed0ee39c2e62a?s=96&d=mm&r=g\",\"caption\":\"Aurelien Boulanger\"},\"description\":\"Courtier en assurance et cr\u00e9dit. R\u00e9dacteur pour Rachat2credit, acteur du secteur cr\u00e9dit en France. Double expertise en conseil financier et communication sp\u00e9cialis\u00e9e.\",\"sameAs\":[\"https:\\\/\\\/rachat2credit.fr\\\/guide\"],\"url\":\"https:\\\/\\\/rachat2credit.fr\\\/guide\\\/author\\\/aurelien\\\/\"}]}<\/script>\n<!-- \/ Yoast SEO plugin. -->","yoast_head_json":{"title":"Le CESU pourrait r\u00e9volutionner l\u2019aide \u00e0 domicile \u201cj\u2019ai divis\u00e9 mes frais par deux gr\u00e2ce \u00e0 ce dispositif m\u00e9connu\u201d - Rachat de Cr\u00e9dit","robots":{"index":"index","follow":"follow","max-snippet":"max-snippet:-1","max-image-preview":"max-image-preview:large","max-video-preview":"max-video-preview:-1"},"canonical":"https:\/\/rachat2credit.fr\/guide\/le-cesu-pourrait-revolutionner-laide-a-domicile-jai-divise-mes-frais-par-deux-grace-a-ce-dispositif-meconnu\/","og_locale":"fr_FR","og_type":"article","og_title":"Le CESU pourrait r\u00e9volutionner l\u2019aide \u00e0 domicile \u201cj\u2019ai divis\u00e9 mes frais par deux gr\u00e2ce \u00e0 ce dispositif m\u00e9connu\u201d - Rachat de Cr\u00e9dit","og_description":"Et si le CESU \u00e9tait la solution miracle pour financer l&rsquo;aide \u00e0 domicile de vos proches ? Ce syst\u00e8me m\u00e9connu pourrait bien r\u00e9volutionner l&rsquo;accompagnement des personnes \u00e2g\u00e9es ou d\u00e9pendantes, \u00e0 condition de ma\u00eetriser ses subtilit\u00e9s. \u00ab\u00a0J&rsquo;ai d\u00e9couvert le CESU trop tard\u00a0\u00bb : le t\u00e9moignage poignant de Nathalie Nathalie, 48 ans, a v\u00e9cu deux ann\u00e9es de ... Lire plus","og_url":"https:\/\/rachat2credit.fr\/guide\/le-cesu-pourrait-revolutionner-laide-a-domicile-jai-divise-mes-frais-par-deux-grace-a-ce-dispositif-meconnu\/","og_site_name":"Rachat de Cr\u00e9dit","article_published_time":"2025-08-08T16:45:56+00:00","og_image":[{"width":1344,"height":768,"url":"https:\/\/rachat2credit.fr\/guide\/wp-content\/uploads\/2025\/08\/flux-777-1754671567.jpg","type":"image\/jpeg"}],"author":"Aurelien Boulanger","twitter_card":"summary_large_image","twitter_misc":{"\u00c9crit par":"Aurelien Boulanger","Dur\u00e9e de lecture estim\u00e9e":"2 minutes"},"schema":{"@context":"https:\/\/schema.org","@graph":[{"@type":"NewsArticle","@id":"https:\/\/rachat2credit.fr\/guide\/le-cesu-pourrait-revolutionner-laide-a-domicile-jai-divise-mes-frais-par-deux-grace-a-ce-dispositif-meconnu\/#article","isPartOf":{"@id":"https:\/\/rachat2credit.fr\/guide\/le-cesu-pourrait-revolutionner-laide-a-domicile-jai-divise-mes-frais-par-deux-grace-a-ce-dispositif-meconnu\/"},"author":{"name":"Aurelien Boulanger","@id":"https:\/\/rachat2credit.fr\/guide\/#\/schema\/person\/d4142086d07bc6acdc4722eabd955cc2"},"headline":"Le CESU pourrait r\u00e9volutionner l\u2019aide \u00e0 domicile \u201cj\u2019ai divis\u00e9 mes frais par deux gr\u00e2ce \u00e0 ce dispositif m\u00e9connu\u201d","datePublished":"2025-08-08T16:45:56+00:00","mainEntityOfPage":{"@id":"https:\/\/rachat2credit.fr\/guide\/le-cesu-pourrait-revolutionner-laide-a-domicile-jai-divise-mes-frais-par-deux-grace-a-ce-dispositif-meconnu\/"},"wordCount":521,"commentCount":21,"publisher":{"@id":"https:\/\/rachat2credit.fr\/guide\/#organization"},"image":{"@id":"https:\/\/rachat2credit.fr\/guide\/le-cesu-pourrait-revolutionner-laide-a-domicile-jai-divise-mes-frais-par-deux-grace-a-ce-dispositif-meconnu\/#primaryimage"},"thumbnailUrl":"https:\/\/rachat2credit.fr\/guide\/wp-content\/uploads\/2025\/08\/flux-777-1754671567.jpg","articleSection":["A la une"],"inLanguage":"fr-FR","potentialAction":[{"@type":"CommentAction","name":"Comment","target":["https:\/\/rachat2credit.fr\/guide\/le-cesu-pourrait-revolutionner-laide-a-domicile-jai-divise-mes-frais-par-deux-grace-a-ce-dispositif-meconnu\/#respond"]}]},{"@type":"WebPage","@id":"https:\/\/rachat2credit.fr\/guide\/le-cesu-pourrait-revolutionner-laide-a-domicile-jai-divise-mes-frais-par-deux-grace-a-ce-dispositif-meconnu\/","url":"https:\/\/rachat2credit.fr\/guide\/le-cesu-pourrait-revolutionner-laide-a-domicile-jai-divise-mes-frais-par-deux-grace-a-ce-dispositif-meconnu\/","name":"Le CESU pourrait r\u00e9volutionner l\u2019aide \u00e0 domicile \u201cj\u2019ai divis\u00e9 mes frais par deux gr\u00e2ce \u00e0 ce dispositif m\u00e9connu\u201d - Rachat de Cr\u00e9dit","isPartOf":{"@id":"https:\/\/rachat2credit.fr\/guide\/#website"},"primaryImageOfPage":{"@id":"https:\/\/rachat2credit.fr\/guide\/le-cesu-pourrait-revolutionner-laide-a-domicile-jai-divise-mes-frais-par-deux-grace-a-ce-dispositif-meconnu\/#primaryimage"},"image":{"@id":"https:\/\/rachat2credit.fr\/guide\/le-cesu-pourrait-revolutionner-laide-a-domicile-jai-divise-mes-frais-par-deux-grace-a-ce-dispositif-meconnu\/#primaryimage"},"thumbnailUrl":"https:\/\/rachat2credit.fr\/guide\/wp-content\/uploads\/2025\/08\/flux-777-1754671567.jpg","datePublished":"2025-08-08T16:45:56+00:00","breadcrumb":{"@id":"https:\/\/rachat2credit.fr\/guide\/le-cesu-pourrait-revolutionner-laide-a-domicile-jai-divise-mes-frais-par-deux-grace-a-ce-dispositif-meconnu\/#breadcrumb"},"inLanguage":"fr-FR","potentialAction":[{"@type":"ReadAction","target":["https:\/\/rachat2credit.fr\/guide\/le-cesu-pourrait-revolutionner-laide-a-domicile-jai-divise-mes-frais-par-deux-grace-a-ce-dispositif-meconnu\/"]}]},{"@type":"ImageObject","inLanguage":"fr-FR","@id":"https:\/\/rachat2credit.fr\/guide\/le-cesu-pourrait-revolutionner-laide-a-domicile-jai-divise-mes-frais-par-deux-grace-a-ce-dispositif-meconnu\/#primaryimage","url":"https:\/\/rachat2credit.fr\/guide\/wp-content\/uploads\/2025\/08\/flux-777-1754671567.jpg","contentUrl":"https:\/\/rachat2credit.fr\/guide\/wp-content\/uploads\/2025\/08\/flux-777-1754671567.jpg","width":1344,"height":768},{"@type":"BreadcrumbList","@id":"https:\/\/rachat2credit.fr\/guide\/le-cesu-pourrait-revolutionner-laide-a-domicile-jai-divise-mes-frais-par-deux-grace-a-ce-dispositif-meconnu\/#breadcrumb","itemListElement":[{"@type":"ListItem","position":1,"name":"Accueil","item":"https:\/\/rachat2credit.fr\/guide\/"},{"@type":"ListItem","position":2,"name":"Le CESU pourrait r\u00e9volutionner l\u2019aide \u00e0 domicile \u201cj\u2019ai divis\u00e9 mes frais par deux gr\u00e2ce \u00e0 ce dispositif m\u00e9connu\u201d"}]},{"@type":"WebSite","@id":"https:\/\/rachat2credit.fr\/guide\/#website","url":"https:\/\/rachat2credit.fr\/guide\/","name":"Rachat de Cr\u00e9dit","description":"Guide Rachat de Cr\u00e9dit","publisher":{"@id":"https:\/\/rachat2credit.fr\/guide\/#organization"},"potentialAction":[{"@type":"SearchAction","target":{"@type":"EntryPoint","urlTemplate":"https:\/\/rachat2credit.fr\/guide\/?s={search_term_string}"},"query-input":{"@type":"PropertyValueSpecification","valueRequired":true,"valueName":"search_term_string"}}],"inLanguage":"fr-FR"},{"@type":"Organization","@id":"https:\/\/rachat2credit.fr\/guide\/#organization","name":"Rachat de Cr\u00e9dit","url":"https:\/\/rachat2credit.fr\/guide\/","logo":{"@type":"ImageObject","inLanguage":"fr-FR","@id":"https:\/\/rachat2credit.fr\/guide\/#\/schema\/logo\/image\/","url":"https:\/\/rachat2credit.fr\/guide\/wp-content\/uploads\/2025\/05\/rachat2credit.png","contentUrl":"https:\/\/rachat2credit.fr\/guide\/wp-content\/uploads\/2025\/05\/rachat2credit.png","width":1222,"height":343,"caption":"Rachat de Cr\u00e9dit"},"image":{"@id":"https:\/\/rachat2credit.fr\/guide\/#\/schema\/logo\/image\/"}},{"@type":"Person","@id":"https:\/\/rachat2credit.fr\/guide\/#\/schema\/person\/d4142086d07bc6acdc4722eabd955cc2","name":"Aurelien Boulanger","image":{"@type":"ImageObject","inLanguage":"fr-FR","@id":"https:\/\/secure.gravatar.com\/avatar\/32175434c9ca2b27bfeb905d1c3ec782a789caf494bc0ec8fa6ed0ee39c2e62a?s=96&d=mm&r=g","url":"https:\/\/secure.gravatar.com\/avatar\/32175434c9ca2b27bfeb905d1c3ec782a789caf494bc0ec8fa6ed0ee39c2e62a?s=96&d=mm&r=g","contentUrl":"https:\/\/secure.gravatar.com\/avatar\/32175434c9ca2b27bfeb905d1c3ec782a789caf494bc0ec8fa6ed0ee39c2e62a?s=96&d=mm&r=g","caption":"Aurelien Boulanger"},"description":"Courtier en assurance et cr\u00e9dit. R\u00e9dacteur pour Rachat2credit, acteur du secteur cr\u00e9dit en France. Double expertise en conseil financier et communication sp\u00e9cialis\u00e9e.","sameAs":["https:\/\/rachat2credit.fr\/guide"],"url":"https:\/\/rachat2credit.fr\/guide\/author\/aurelien\/"}]}},"_links":{"self":[{"href":"https:\/\/rachat2credit.fr\/guide\/wp-json\/wp\/v2\/posts\/777","targetHints":{"allow":["GET"]}}],"collection":[{"href":"https:\/\/rachat2credit.fr\/guide\/wp-json\/wp\/v2\/posts"}],"about":[{"href":"https:\/\/rachat2credit.fr\/guide\/wp-json\/wp\/v2\/types\/post"}],"author":[{"embeddable":true,"href":"https:\/\/rachat2credit.fr\/guide\/wp-json\/wp\/v2\/users\/1"}],"replies":[{"embeddable":true,"href":"https:\/\/rachat2credit.fr\/guide\/wp-json\/wp\/v2\/comments?post=777"}],"version-history":[{"count":0,"href":"https:\/\/rachat2credit.fr\/guide\/wp-json\/wp\/v2\/posts\/777\/revisions"}],"wp:featuredmedia":[{"embeddable":true,"href":"https:\/\/rachat2credit.fr\/guide\/wp-json\/wp\/v2\/media\/778"}],"wp:attachment":[{"href":"https:\/\/rachat2credit.fr\/guide\/wp-json\/wp\/v2\/media?parent=777"}],"wp:term":[{"taxonomy":"category","embeddable":true,"href":"https:\/\/rachat2credit.fr\/guide\/wp-json\/wp\/v2\/categories?post=777"},{"taxonomy":"post_tag","embeddable":true,"href":"https:\/\/rachat2credit.fr\/guide\/wp-json\/wp\/v2\/tags?post=777"}],"curies":[{"name":"wp","href":"https:\/\/api.w.org\/{rel}","templated":true}]}}