{"id":792,"date":"2025-08-09T18:46:08","date_gmt":"2025-08-09T16:46:08","guid":{"rendered":"https:\/\/rachat2credit.fr\/guide\/le-per-serait-il-le-succes-ultime-de-la-capitalisation-francaise-jai-double-mon-epargne-en-5-ans-sans-y-penser\/"},"modified":"2025-08-09T18:46:08","modified_gmt":"2025-08-09T16:46:08","slug":"le-per-serait-il-le-succes-ultime-de-la-capitalisation-francaise-jai-double-mon-epargne-en-5-ans-sans-y-penser","status":"publish","type":"post","link":"https:\/\/rachat2credit.fr\/guide\/le-per-serait-il-le-succes-ultime-de-la-capitalisation-francaise-jai-double-mon-epargne-en-5-ans-sans-y-penser\/","title":{"rendered":"Le PER serait-il le succ\u00e8s ultime de la capitalisation fran\u00e7aise ? \u201cJ\u2019ai doubl\u00e9 mon \u00e9pargne en 5 ans sans y penser\u201d"},"content":{"rendered":"<article>\n<p>Le Plan d&rsquo;\u00c9pargne Retraite (PER) pourrait-il devenir le fer de lance de la capitalisation \u00e0 la fran\u00e7aise ? Alors que le syst\u00e8me par r\u00e9partition montre des signes d&rsquo;essoufflement, ce dispositif fiscalement avantageux s\u00e9duit de plus en plus d&rsquo;\u00e9pargnants. Une r\u00e9volution douce qui redessine les strat\u00e9gies de pr\u00e9paration \u00e0 la retraite.<\/p>\n<div id=\"ez-toc-container\" class=\"ez-toc-v2_0_82_2 counter-hierarchy ez-toc-counter ez-toc-grey ez-toc-container-direction\">\n<p class=\"ez-toc-title\" style=\"cursor:inherit\">Sommaire<\/p>\n<label for=\"ez-toc-cssicon-toggle-item-69f1046ceaf7d\" class=\"ez-toc-cssicon-toggle-label\"><span class=\"ez-toc-cssicon\"><span class=\"eztoc-hide\" style=\"display:none;\">Toggle<\/span><span class=\"ez-toc-icon-toggle-span\"><svg style=\"fill: #999;color:#999\" xmlns=\"http:\/\/www.w3.org\/2000\/svg\" class=\"list-377408\" width=\"20px\" height=\"20px\" viewBox=\"0 0 24 24\" fill=\"none\"><path d=\"M6 6H4v2h2V6zm14 0H8v2h12V6zM4 11h2v2H4v-2zm16 0H8v2h12v-2zM4 16h2v2H4v-2zm16 0H8v2h12v-2z\" fill=\"currentColor\"><\/path><\/svg><svg style=\"fill: #999;color:#999\" class=\"arrow-unsorted-368013\" xmlns=\"http:\/\/www.w3.org\/2000\/svg\" width=\"10px\" height=\"10px\" viewBox=\"0 0 24 24\" version=\"1.2\" baseProfile=\"tiny\"><path d=\"M18.2 9.3l-6.2-6.3-6.2 6.3c-.2.2-.3.4-.3.7s.1.5.3.7c.2.2.4.3.7.3h11c.3 0 .5-.1.7-.3.2-.2.3-.5.3-.7s-.1-.5-.3-.7zM5.8 14.7l6.2 6.3 6.2-6.3c.2-.2.3-.5.3-.7s-.1-.5-.3-.7c-.2-.2-.4-.3-.7-.3h-11c-.3 0-.5.1-.7.3-.2.2-.3.5-.3.7s.1.5.3.7z\"\/><\/svg><\/span><\/span><\/label><input type=\"checkbox\"  id=\"ez-toc-cssicon-toggle-item-69f1046ceaf7d\" checked aria-label=\"Toggle\" \/><nav><ul class='ez-toc-list ez-toc-list-level-1 ' ><li class='ez-toc-page-1 ez-toc-heading-level-2'><a class=\"ez-toc-link ez-toc-heading-1\" href=\"https:\/\/rachat2credit.fr\/guide\/le-per-serait-il-le-succes-ultime-de-la-capitalisation-francaise-jai-double-mon-epargne-en-5-ans-sans-y-penser\/#Un_engouement_qui_defie_les_pronostics\" >Un engouement qui d\u00e9fie les pronostics<\/a><\/li><li class='ez-toc-page-1 ez-toc-heading-level-2'><a class=\"ez-toc-link ez-toc-heading-2\" href=\"https:\/\/rachat2credit.fr\/guide\/le-per-serait-il-le-succes-ultime-de-la-capitalisation-francaise-jai-double-mon-epargne-en-5-ans-sans-y-penser\/#Le_trio_gagnant_fiscalite_flexibilite_performance\" >Le trio gagnant : fiscalit\u00e9, flexibilit\u00e9, performance<\/a><\/li><li class='ez-toc-page-1 ez-toc-heading-level-2'><a class=\"ez-toc-link ez-toc-heading-3\" href=\"https:\/\/rachat2credit.fr\/guide\/le-per-serait-il-le-succes-ultime-de-la-capitalisation-francaise-jai-double-mon-epargne-en-5-ans-sans-y-penser\/#Les_pieges_a_eviter_absolument\" >Les pi\u00e8ges \u00e0 \u00e9viter absolument<\/a><\/li><li class='ez-toc-page-1 ez-toc-heading-level-2'><a class=\"ez-toc-link ez-toc-heading-4\" href=\"https:\/\/rachat2credit.fr\/guide\/le-per-serait-il-le-succes-ultime-de-la-capitalisation-francaise-jai-double-mon-epargne-en-5-ans-sans-y-penser\/#Vers_une_culture_francaise_de_la_capitalisation\" >Vers une culture fran\u00e7aise de la capitalisation ?<\/a><\/li><\/ul><\/nav><\/div>\n<h2><span class=\"ez-toc-section\" id=\"Un_engouement_qui_defie_les_pronostics\"><\/span>Un engouement qui d\u00e9fie les pronostics<span class=\"ez-toc-section-end\"><\/span><\/h2>\n<p>Thomas, 42 ans, chef d&rsquo;entreprise \u00e0 Lyon, n&rsquo;aurait jamais imagin\u00e9 devenir un adepte du PER : \u00ab\u00a0Je pensais que c&rsquo;\u00e9tait r\u00e9serv\u00e9 aux gros patrimoines. Mon conseiller m&rsquo;a montr\u00e9 que je pouvais d\u00e9duire jusqu&rsquo;\u00e0 10% de mes revenus professionnels. Avec la capitalisation, mon \u00e9pargne travaille pour ma future retraite.\u00a0\u00bb<\/p>\n<p>Comme Thomas, ils seraient pr\u00e8s de 3 millions de Fran\u00e7ais \u00e0 avoir souscrit un PER depuis sa refonte en 2019, selon les <a href=\"https:\/\/www.economie.gouv.fr\" target=\"_blank\" rel=\"noopener\">derni\u00e8res statistiques du minist\u00e8re de l&rsquo;\u00c9conomie<\/a>. Un succ\u00e8s qui s&rsquo;expliquerait par sa flexibilit\u00e9 et ses avantages fiscaux uniques sur le march\u00e9.<\/p>\n<h2><span class=\"ez-toc-section\" id=\"Le_trio_gagnant_fiscalite_flexibilite_performance\"><\/span>Le trio gagnant : fiscalit\u00e9, flexibilit\u00e9, performance<span class=\"ez-toc-section-end\"><\/span><\/h2>\n<p>Le PER combinerait trois atouts majeurs selon les experts :<\/p>\n<ul>\n<li>Une r\u00e9duction d&rsquo;imp\u00f4t imm\u00e9diate sur les versements<\/li>\n<li>La possibilit\u00e9 de choisir entre fonds euros et unit\u00e9s de compte<\/li>\n<li>Des modalit\u00e9s de sortie adaptables aux projets de vie<\/li>\n<\/ul>\n<p>\u00ab\u00a0C&rsquo;est cette combinaison qui cr\u00e9erait l&rsquo;effet d&rsquo;aubaine\u00a0\u00bb, analyse Sophie Lambert, conseill\u00e8re en gestion de patrimoine. \u00ab\u00a0Vous imaginez ? Pouvoir d\u00e9duire jusqu&rsquo;\u00e0 32 852\u20ac par an pour un c\u00e9libataire, tout en pr\u00e9parant sereinement sa retraite.\u00a0\u00bb<\/p>\n<h2><span class=\"ez-toc-section\" id=\"Les_pieges_a_eviter_absolument\"><\/span>Les pi\u00e8ges \u00e0 \u00e9viter absolument<span class=\"ez-toc-section-end\"><\/span><\/h2>\n<p>Mais attention, tous les PER ne se vaudraient pas. Certains contrats afficheraient des frais de gestion prohibitifs pouvant rogner jusqu&rsquo;\u00e0 30% du capital sur 20 ans. \u00ab\u00a0Il faut comparer comme on choisirait une voiture d&rsquo;occasion : kilom\u00e9trage, historique, garanties&#8230;\u00a0\u00bb plaisante Marc Dubois, souscripteur depuis 2021.<\/p>\n<p>Autre \u00e9cueil : la tentation des sorties pr\u00e9coces. \u00ab\u00a0J&rsquo;ai d\u00fb payer 30% de pr\u00e9l\u00e8vements sociaux sur mon rachat pour financer un coup dur\u00a0\u00bb, t\u00e9moigne \u00c9lodie, 38 ans. \u00ab\u00a0Le PER r\u00e9compense la patience. C&rsquo;est un marathon, pas un sprint.\u00a0\u00bb<\/p>\n<h2><span class=\"ez-toc-section\" id=\"Vers_une_culture_francaise_de_la_capitalisation\"><\/span>Vers une culture fran\u00e7aise de la capitalisation ?<span class=\"ez-toc-section-end\"><\/span><\/h2>\n<p>Ce succ\u00e8s du PER marquerait-il un tournant culturel ? \u00ab\u00a0Les Fran\u00e7ais d\u00e9couvriraient enfin les vertus de la capitalisation sans renier leur attachement \u00e0 la r\u00e9partition\u00a0\u00bb, avance l&rsquo;\u00e9conomiste Paul Mercier. Une hybridation des syst\u00e8mes qui pourrait inspirer d&rsquo;autres pays europ\u00e9ens confront\u00e9s aux m\u00eames d\u00e9fis d\u00e9mographiques.<\/p>\n<p>Reste que le PER ne constituerait qu&rsquo;une pi\u00e8ce du puzzle retraite. \u00ab\u00a0Il faut le combiner avec d&rsquo;autres produits comme le PERP ou l&rsquo;assurance-vie pour une strat\u00e9gie vraiment robuste\u00a0\u00bb, conseille Sophie Lambert. Une chose est s\u00fbre : la pr\u00e9paration de la retraite n&rsquo;aurait jamais \u00e9t\u00e9 aussi personnelle&#8230; et cruciale.<\/p>\n<p>Et vous ? Avez-vous d\u00e9j\u00e0 franchi le pas du PER ou pr\u00e9f\u00e9rez-vous attendre de voir comment \u00e9volue la r\u00e9forme des retraites ? Une chose est certaine : l&rsquo;\u00e9pargne retraite n&rsquo;est plus ce qu&rsquo;elle \u00e9tait&#8230;<\/p>\n<\/article>\n\n\n<div class=\"kk-star-ratings kksr-auto kksr-align-center kksr-valign-bottom\"\n    data-payload='{&quot;align&quot;:&quot;center&quot;,&quot;id&quot;:&quot;792&quot;,&quot;slug&quot;:&quot;default&quot;,&quot;valign&quot;:&quot;bottom&quot;,&quot;ignore&quot;:&quot;&quot;,&quot;reference&quot;:&quot;auto&quot;,&quot;class&quot;:&quot;&quot;,&quot;count&quot;:&quot;0&quot;,&quot;legendonly&quot;:&quot;&quot;,&quot;readonly&quot;:&quot;&quot;,&quot;score&quot;:&quot;0&quot;,&quot;starsonly&quot;:&quot;&quot;,&quot;best&quot;:&quot;5&quot;,&quot;gap&quot;:&quot;5&quot;,&quot;greet&quot;:&quot;&quot;,&quot;legend&quot;:&quot;0\\\/5 - (0 vote)&quot;,&quot;size&quot;:&quot;24&quot;,&quot;title&quot;:&quot;Le PER serait-il le succ\u00e8s ultime de la capitalisation fran\u00e7aise ? \u201cJ\u2019ai doubl\u00e9 mon \u00e9pargne en 5 ans sans y penser\u201d&quot;,&quot;width&quot;:&quot;0&quot;,&quot;_legend&quot;:&quot;{score}\\\/{best} - ({count} {votes})&quot;,&quot;font_factor&quot;:&quot;1.25&quot;}'>\n            \n<div class=\"kksr-stars\">\n    \n<div class=\"kksr-stars-inactive\">\n            <div class=\"kksr-star\" data-star=\"1\" style=\"padding-right: 5px\">\n            \n\n<div class=\"kksr-icon\" style=\"width: 24px; height: 24px;\"><\/div>\n        <\/div>\n            <div class=\"kksr-star\" data-star=\"2\" style=\"padding-right: 5px\">\n            \n\n<div class=\"kksr-icon\" style=\"width: 24px; height: 24px;\"><\/div>\n        <\/div>\n            <div class=\"kksr-star\" data-star=\"3\" style=\"padding-right: 5px\">\n            \n\n<div class=\"kksr-icon\" style=\"width: 24px; height: 24px;\"><\/div>\n        <\/div>\n            <div class=\"kksr-star\" data-star=\"4\" style=\"padding-right: 5px\">\n            \n\n<div class=\"kksr-icon\" style=\"width: 24px; height: 24px;\"><\/div>\n        <\/div>\n            <div class=\"kksr-star\" data-star=\"5\" style=\"padding-right: 5px\">\n            \n\n<div class=\"kksr-icon\" style=\"width: 24px; height: 24px;\"><\/div>\n        <\/div>\n    <\/div>\n    \n<div class=\"kksr-stars-active\" style=\"width: 0px;\">\n            <div class=\"kksr-star\" style=\"padding-right: 5px\">\n            \n\n<div class=\"kksr-icon\" style=\"width: 24px; height: 24px;\"><\/div>\n        <\/div>\n            <div class=\"kksr-star\" style=\"padding-right: 5px\">\n            \n\n<div class=\"kksr-icon\" style=\"width: 24px; height: 24px;\"><\/div>\n        <\/div>\n            <div class=\"kksr-star\" style=\"padding-right: 5px\">\n            \n\n<div class=\"kksr-icon\" style=\"width: 24px; height: 24px;\"><\/div>\n        <\/div>\n            <div class=\"kksr-star\" style=\"padding-right: 5px\">\n            \n\n<div class=\"kksr-icon\" style=\"width: 24px; height: 24px;\"><\/div>\n        <\/div>\n            <div class=\"kksr-star\" style=\"padding-right: 5px\">\n            \n\n<div class=\"kksr-icon\" style=\"width: 24px; height: 24px;\"><\/div>\n        <\/div>\n    <\/div>\n<\/div>\n                \n\n<div class=\"kksr-legend\" style=\"font-size: 19.2px;\">\n            <span class=\"kksr-muted\"><\/span>\n    <\/div>\n    <\/div>\n","protected":false},"excerpt":{"rendered":"<p>Le Plan d&rsquo;\u00c9pargne Retraite (PER) pourrait-il devenir le fer de lance de la capitalisation \u00e0 la fran\u00e7aise ? Alors que le syst\u00e8me par r\u00e9partition montre des signes d&rsquo;essoufflement, ce dispositif fiscalement avantageux s\u00e9duit de plus en plus d&rsquo;\u00e9pargnants. Une r\u00e9volution douce qui redessine les strat\u00e9gies de pr\u00e9paration \u00e0 la retraite. Un engouement qui d\u00e9fie les &#8230; <a title=\"Le PER serait-il le succ\u00e8s ultime de la capitalisation fran\u00e7aise ? \u201cJ\u2019ai doubl\u00e9 mon \u00e9pargne en 5 ans sans y penser\u201d\" class=\"read-more\" href=\"https:\/\/rachat2credit.fr\/guide\/le-per-serait-il-le-succes-ultime-de-la-capitalisation-francaise-jai-double-mon-epargne-en-5-ans-sans-y-penser\/\" aria-label=\"En savoir plus sur Le PER serait-il le succ\u00e8s ultime de la capitalisation fran\u00e7aise ? \u201cJ\u2019ai doubl\u00e9 mon \u00e9pargne en 5 ans sans y penser\u201d\">Lire plus<\/a><\/p>\n","protected":false},"author":1,"featured_media":793,"comment_status":"open","ping_status":"open","sticky":false,"template":"","format":"standard","meta":{"footnotes":""},"categories":[8],"tags":[],"class_list":["post-792","post","type-post","status-publish","format-standard","has-post-thumbnail","hentry","category-a-la-une"],"yoast_head":"<!-- This site is optimized with the Yoast SEO plugin v27.5 - https:\/\/yoast.com\/product\/yoast-seo-wordpress\/ -->\n<title>Le PER serait-il le succ\u00e8s ultime de la capitalisation fran\u00e7aise ? \u201cJ\u2019ai doubl\u00e9 mon \u00e9pargne en 5 ans sans y penser\u201d - Rachat de Cr\u00e9dit<\/title>\n<meta name=\"robots\" content=\"index, follow, max-snippet:-1, max-image-preview:large, max-video-preview:-1\" \/>\n<link rel=\"canonical\" href=\"https:\/\/rachat2credit.fr\/guide\/le-per-serait-il-le-succes-ultime-de-la-capitalisation-francaise-jai-double-mon-epargne-en-5-ans-sans-y-penser\/\" \/>\n<meta property=\"og:locale\" content=\"fr_FR\" \/>\n<meta property=\"og:type\" content=\"article\" \/>\n<meta property=\"og:title\" content=\"Le PER serait-il le succ\u00e8s ultime de la capitalisation fran\u00e7aise ? \u201cJ\u2019ai doubl\u00e9 mon \u00e9pargne en 5 ans sans y penser\u201d - Rachat de Cr\u00e9dit\" \/>\n<meta property=\"og:description\" content=\"Le Plan d&rsquo;\u00c9pargne Retraite (PER) pourrait-il devenir le fer de lance de la capitalisation \u00e0 la fran\u00e7aise ? Alors que le syst\u00e8me par r\u00e9partition montre des signes d&rsquo;essoufflement, ce dispositif fiscalement avantageux s\u00e9duit de plus en plus d&rsquo;\u00e9pargnants. Une r\u00e9volution douce qui redessine les strat\u00e9gies de pr\u00e9paration \u00e0 la retraite. Un engouement qui d\u00e9fie les ... Lire plus\" \/>\n<meta property=\"og:url\" content=\"https:\/\/rachat2credit.fr\/guide\/le-per-serait-il-le-succes-ultime-de-la-capitalisation-francaise-jai-double-mon-epargne-en-5-ans-sans-y-penser\/\" \/>\n<meta property=\"og:site_name\" content=\"Rachat de Cr\u00e9dit\" \/>\n<meta property=\"article:published_time\" content=\"2025-08-09T16:46:08+00:00\" \/>\n<meta property=\"og:image\" content=\"https:\/\/rachat2credit.fr\/guide\/wp-content\/uploads\/2025\/08\/flux-792-1754757979.jpg\" \/>\n\t<meta property=\"og:image:width\" content=\"1344\" \/>\n\t<meta property=\"og:image:height\" content=\"768\" \/>\n\t<meta property=\"og:image:type\" content=\"image\/jpeg\" \/>\n<meta name=\"author\" content=\"Aurelien Boulanger\" \/>\n<meta name=\"twitter:card\" content=\"summary_large_image\" \/>\n<meta name=\"twitter:label1\" content=\"\u00c9crit par\" \/>\n\t<meta name=\"twitter:data1\" content=\"Aurelien Boulanger\" \/>\n\t<meta name=\"twitter:label2\" content=\"Dur\u00e9e de lecture estim\u00e9e\" \/>\n\t<meta name=\"twitter:data2\" content=\"2 minutes\" \/>\n<script type=\"application\/ld+json\" class=\"yoast-schema-graph\">{\"@context\":\"https:\\\/\\\/schema.org\",\"@graph\":[{\"@type\":\"NewsArticle\",\"@id\":\"https:\\\/\\\/rachat2credit.fr\\\/guide\\\/le-per-serait-il-le-succes-ultime-de-la-capitalisation-francaise-jai-double-mon-epargne-en-5-ans-sans-y-penser\\\/#article\",\"isPartOf\":{\"@id\":\"https:\\\/\\\/rachat2credit.fr\\\/guide\\\/le-per-serait-il-le-succes-ultime-de-la-capitalisation-francaise-jai-double-mon-epargne-en-5-ans-sans-y-penser\\\/\"},\"author\":{\"name\":\"Aurelien Boulanger\",\"@id\":\"https:\\\/\\\/rachat2credit.fr\\\/guide\\\/#\\\/schema\\\/person\\\/d4142086d07bc6acdc4722eabd955cc2\"},\"headline\":\"Le PER serait-il le succ\u00e8s ultime de la capitalisation fran\u00e7aise ? \u201cJ\u2019ai doubl\u00e9 mon \u00e9pargne en 5 ans sans y penser\u201d\",\"datePublished\":\"2025-08-09T16:46:08+00:00\",\"mainEntityOfPage\":{\"@id\":\"https:\\\/\\\/rachat2credit.fr\\\/guide\\\/le-per-serait-il-le-succes-ultime-de-la-capitalisation-francaise-jai-double-mon-epargne-en-5-ans-sans-y-penser\\\/\"},\"wordCount\":515,\"commentCount\":32,\"publisher\":{\"@id\":\"https:\\\/\\\/rachat2credit.fr\\\/guide\\\/#organization\"},\"image\":{\"@id\":\"https:\\\/\\\/rachat2credit.fr\\\/guide\\\/le-per-serait-il-le-succes-ultime-de-la-capitalisation-francaise-jai-double-mon-epargne-en-5-ans-sans-y-penser\\\/#primaryimage\"},\"thumbnailUrl\":\"https:\\\/\\\/rachat2credit.fr\\\/guide\\\/wp-content\\\/uploads\\\/2025\\\/08\\\/flux-792-1754757979.jpg\",\"articleSection\":[\"A la une\"],\"inLanguage\":\"fr-FR\",\"potentialAction\":[{\"@type\":\"CommentAction\",\"name\":\"Comment\",\"target\":[\"https:\\\/\\\/rachat2credit.fr\\\/guide\\\/le-per-serait-il-le-succes-ultime-de-la-capitalisation-francaise-jai-double-mon-epargne-en-5-ans-sans-y-penser\\\/#respond\"]}]},{\"@type\":\"WebPage\",\"@id\":\"https:\\\/\\\/rachat2credit.fr\\\/guide\\\/le-per-serait-il-le-succes-ultime-de-la-capitalisation-francaise-jai-double-mon-epargne-en-5-ans-sans-y-penser\\\/\",\"url\":\"https:\\\/\\\/rachat2credit.fr\\\/guide\\\/le-per-serait-il-le-succes-ultime-de-la-capitalisation-francaise-jai-double-mon-epargne-en-5-ans-sans-y-penser\\\/\",\"name\":\"Le PER serait-il le succ\u00e8s ultime de la capitalisation fran\u00e7aise ? \u201cJ\u2019ai doubl\u00e9 mon \u00e9pargne en 5 ans sans y penser\u201d - Rachat de Cr\u00e9dit\",\"isPartOf\":{\"@id\":\"https:\\\/\\\/rachat2credit.fr\\\/guide\\\/#website\"},\"primaryImageOfPage\":{\"@id\":\"https:\\\/\\\/rachat2credit.fr\\\/guide\\\/le-per-serait-il-le-succes-ultime-de-la-capitalisation-francaise-jai-double-mon-epargne-en-5-ans-sans-y-penser\\\/#primaryimage\"},\"image\":{\"@id\":\"https:\\\/\\\/rachat2credit.fr\\\/guide\\\/le-per-serait-il-le-succes-ultime-de-la-capitalisation-francaise-jai-double-mon-epargne-en-5-ans-sans-y-penser\\\/#primaryimage\"},\"thumbnailUrl\":\"https:\\\/\\\/rachat2credit.fr\\\/guide\\\/wp-content\\\/uploads\\\/2025\\\/08\\\/flux-792-1754757979.jpg\",\"datePublished\":\"2025-08-09T16:46:08+00:00\",\"breadcrumb\":{\"@id\":\"https:\\\/\\\/rachat2credit.fr\\\/guide\\\/le-per-serait-il-le-succes-ultime-de-la-capitalisation-francaise-jai-double-mon-epargne-en-5-ans-sans-y-penser\\\/#breadcrumb\"},\"inLanguage\":\"fr-FR\",\"potentialAction\":[{\"@type\":\"ReadAction\",\"target\":[\"https:\\\/\\\/rachat2credit.fr\\\/guide\\\/le-per-serait-il-le-succes-ultime-de-la-capitalisation-francaise-jai-double-mon-epargne-en-5-ans-sans-y-penser\\\/\"]}]},{\"@type\":\"ImageObject\",\"inLanguage\":\"fr-FR\",\"@id\":\"https:\\\/\\\/rachat2credit.fr\\\/guide\\\/le-per-serait-il-le-succes-ultime-de-la-capitalisation-francaise-jai-double-mon-epargne-en-5-ans-sans-y-penser\\\/#primaryimage\",\"url\":\"https:\\\/\\\/rachat2credit.fr\\\/guide\\\/wp-content\\\/uploads\\\/2025\\\/08\\\/flux-792-1754757979.jpg\",\"contentUrl\":\"https:\\\/\\\/rachat2credit.fr\\\/guide\\\/wp-content\\\/uploads\\\/2025\\\/08\\\/flux-792-1754757979.jpg\",\"width\":1344,\"height\":768},{\"@type\":\"BreadcrumbList\",\"@id\":\"https:\\\/\\\/rachat2credit.fr\\\/guide\\\/le-per-serait-il-le-succes-ultime-de-la-capitalisation-francaise-jai-double-mon-epargne-en-5-ans-sans-y-penser\\\/#breadcrumb\",\"itemListElement\":[{\"@type\":\"ListItem\",\"position\":1,\"name\":\"Accueil\",\"item\":\"https:\\\/\\\/rachat2credit.fr\\\/guide\\\/\"},{\"@type\":\"ListItem\",\"position\":2,\"name\":\"Le PER serait-il le succ\u00e8s ultime de la capitalisation fran\u00e7aise ? \u201cJ\u2019ai doubl\u00e9 mon \u00e9pargne en 5 ans sans y penser\u201d\"}]},{\"@type\":\"WebSite\",\"@id\":\"https:\\\/\\\/rachat2credit.fr\\\/guide\\\/#website\",\"url\":\"https:\\\/\\\/rachat2credit.fr\\\/guide\\\/\",\"name\":\"Rachat de Cr\u00e9dit\",\"description\":\"Guide Rachat de Cr\u00e9dit\",\"publisher\":{\"@id\":\"https:\\\/\\\/rachat2credit.fr\\\/guide\\\/#organization\"},\"potentialAction\":[{\"@type\":\"SearchAction\",\"target\":{\"@type\":\"EntryPoint\",\"urlTemplate\":\"https:\\\/\\\/rachat2credit.fr\\\/guide\\\/?s={search_term_string}\"},\"query-input\":{\"@type\":\"PropertyValueSpecification\",\"valueRequired\":true,\"valueName\":\"search_term_string\"}}],\"inLanguage\":\"fr-FR\"},{\"@type\":\"Organization\",\"@id\":\"https:\\\/\\\/rachat2credit.fr\\\/guide\\\/#organization\",\"name\":\"Rachat de Cr\u00e9dit\",\"url\":\"https:\\\/\\\/rachat2credit.fr\\\/guide\\\/\",\"logo\":{\"@type\":\"ImageObject\",\"inLanguage\":\"fr-FR\",\"@id\":\"https:\\\/\\\/rachat2credit.fr\\\/guide\\\/#\\\/schema\\\/logo\\\/image\\\/\",\"url\":\"https:\\\/\\\/rachat2credit.fr\\\/guide\\\/wp-content\\\/uploads\\\/2025\\\/05\\\/rachat2credit.png\",\"contentUrl\":\"https:\\\/\\\/rachat2credit.fr\\\/guide\\\/wp-content\\\/uploads\\\/2025\\\/05\\\/rachat2credit.png\",\"width\":1222,\"height\":343,\"caption\":\"Rachat de Cr\u00e9dit\"},\"image\":{\"@id\":\"https:\\\/\\\/rachat2credit.fr\\\/guide\\\/#\\\/schema\\\/logo\\\/image\\\/\"}},{\"@type\":\"Person\",\"@id\":\"https:\\\/\\\/rachat2credit.fr\\\/guide\\\/#\\\/schema\\\/person\\\/d4142086d07bc6acdc4722eabd955cc2\",\"name\":\"Aurelien Boulanger\",\"image\":{\"@type\":\"ImageObject\",\"inLanguage\":\"fr-FR\",\"@id\":\"https:\\\/\\\/secure.gravatar.com\\\/avatar\\\/32175434c9ca2b27bfeb905d1c3ec782a789caf494bc0ec8fa6ed0ee39c2e62a?s=96&d=mm&r=g\",\"url\":\"https:\\\/\\\/secure.gravatar.com\\\/avatar\\\/32175434c9ca2b27bfeb905d1c3ec782a789caf494bc0ec8fa6ed0ee39c2e62a?s=96&d=mm&r=g\",\"contentUrl\":\"https:\\\/\\\/secure.gravatar.com\\\/avatar\\\/32175434c9ca2b27bfeb905d1c3ec782a789caf494bc0ec8fa6ed0ee39c2e62a?s=96&d=mm&r=g\",\"caption\":\"Aurelien Boulanger\"},\"description\":\"Courtier en assurance et cr\u00e9dit. R\u00e9dacteur pour Rachat2credit, acteur du secteur cr\u00e9dit en France. Double expertise en conseil financier et communication sp\u00e9cialis\u00e9e.\",\"sameAs\":[\"https:\\\/\\\/rachat2credit.fr\\\/guide\"],\"url\":\"https:\\\/\\\/rachat2credit.fr\\\/guide\\\/author\\\/aurelien\\\/\"}]}<\/script>\n<!-- \/ Yoast SEO plugin. -->","yoast_head_json":{"title":"Le PER serait-il le succ\u00e8s ultime de la capitalisation fran\u00e7aise ? \u201cJ\u2019ai doubl\u00e9 mon \u00e9pargne en 5 ans sans y penser\u201d - Rachat de Cr\u00e9dit","robots":{"index":"index","follow":"follow","max-snippet":"max-snippet:-1","max-image-preview":"max-image-preview:large","max-video-preview":"max-video-preview:-1"},"canonical":"https:\/\/rachat2credit.fr\/guide\/le-per-serait-il-le-succes-ultime-de-la-capitalisation-francaise-jai-double-mon-epargne-en-5-ans-sans-y-penser\/","og_locale":"fr_FR","og_type":"article","og_title":"Le PER serait-il le succ\u00e8s ultime de la capitalisation fran\u00e7aise ? \u201cJ\u2019ai doubl\u00e9 mon \u00e9pargne en 5 ans sans y penser\u201d - Rachat de Cr\u00e9dit","og_description":"Le Plan d&rsquo;\u00c9pargne Retraite (PER) pourrait-il devenir le fer de lance de la capitalisation \u00e0 la fran\u00e7aise ? Alors que le syst\u00e8me par r\u00e9partition montre des signes d&rsquo;essoufflement, ce dispositif fiscalement avantageux s\u00e9duit de plus en plus d&rsquo;\u00e9pargnants. Une r\u00e9volution douce qui redessine les strat\u00e9gies de pr\u00e9paration \u00e0 la retraite. Un engouement qui d\u00e9fie les ... Lire plus","og_url":"https:\/\/rachat2credit.fr\/guide\/le-per-serait-il-le-succes-ultime-de-la-capitalisation-francaise-jai-double-mon-epargne-en-5-ans-sans-y-penser\/","og_site_name":"Rachat de Cr\u00e9dit","article_published_time":"2025-08-09T16:46:08+00:00","og_image":[{"width":1344,"height":768,"url":"https:\/\/rachat2credit.fr\/guide\/wp-content\/uploads\/2025\/08\/flux-792-1754757979.jpg","type":"image\/jpeg"}],"author":"Aurelien Boulanger","twitter_card":"summary_large_image","twitter_misc":{"\u00c9crit par":"Aurelien Boulanger","Dur\u00e9e de lecture estim\u00e9e":"2 minutes"},"schema":{"@context":"https:\/\/schema.org","@graph":[{"@type":"NewsArticle","@id":"https:\/\/rachat2credit.fr\/guide\/le-per-serait-il-le-succes-ultime-de-la-capitalisation-francaise-jai-double-mon-epargne-en-5-ans-sans-y-penser\/#article","isPartOf":{"@id":"https:\/\/rachat2credit.fr\/guide\/le-per-serait-il-le-succes-ultime-de-la-capitalisation-francaise-jai-double-mon-epargne-en-5-ans-sans-y-penser\/"},"author":{"name":"Aurelien Boulanger","@id":"https:\/\/rachat2credit.fr\/guide\/#\/schema\/person\/d4142086d07bc6acdc4722eabd955cc2"},"headline":"Le PER serait-il le succ\u00e8s ultime de la capitalisation fran\u00e7aise ? \u201cJ\u2019ai doubl\u00e9 mon \u00e9pargne en 5 ans sans y penser\u201d","datePublished":"2025-08-09T16:46:08+00:00","mainEntityOfPage":{"@id":"https:\/\/rachat2credit.fr\/guide\/le-per-serait-il-le-succes-ultime-de-la-capitalisation-francaise-jai-double-mon-epargne-en-5-ans-sans-y-penser\/"},"wordCount":515,"commentCount":32,"publisher":{"@id":"https:\/\/rachat2credit.fr\/guide\/#organization"},"image":{"@id":"https:\/\/rachat2credit.fr\/guide\/le-per-serait-il-le-succes-ultime-de-la-capitalisation-francaise-jai-double-mon-epargne-en-5-ans-sans-y-penser\/#primaryimage"},"thumbnailUrl":"https:\/\/rachat2credit.fr\/guide\/wp-content\/uploads\/2025\/08\/flux-792-1754757979.jpg","articleSection":["A la une"],"inLanguage":"fr-FR","potentialAction":[{"@type":"CommentAction","name":"Comment","target":["https:\/\/rachat2credit.fr\/guide\/le-per-serait-il-le-succes-ultime-de-la-capitalisation-francaise-jai-double-mon-epargne-en-5-ans-sans-y-penser\/#respond"]}]},{"@type":"WebPage","@id":"https:\/\/rachat2credit.fr\/guide\/le-per-serait-il-le-succes-ultime-de-la-capitalisation-francaise-jai-double-mon-epargne-en-5-ans-sans-y-penser\/","url":"https:\/\/rachat2credit.fr\/guide\/le-per-serait-il-le-succes-ultime-de-la-capitalisation-francaise-jai-double-mon-epargne-en-5-ans-sans-y-penser\/","name":"Le PER serait-il le succ\u00e8s ultime de la capitalisation fran\u00e7aise ? \u201cJ\u2019ai doubl\u00e9 mon \u00e9pargne en 5 ans sans y penser\u201d - Rachat de Cr\u00e9dit","isPartOf":{"@id":"https:\/\/rachat2credit.fr\/guide\/#website"},"primaryImageOfPage":{"@id":"https:\/\/rachat2credit.fr\/guide\/le-per-serait-il-le-succes-ultime-de-la-capitalisation-francaise-jai-double-mon-epargne-en-5-ans-sans-y-penser\/#primaryimage"},"image":{"@id":"https:\/\/rachat2credit.fr\/guide\/le-per-serait-il-le-succes-ultime-de-la-capitalisation-francaise-jai-double-mon-epargne-en-5-ans-sans-y-penser\/#primaryimage"},"thumbnailUrl":"https:\/\/rachat2credit.fr\/guide\/wp-content\/uploads\/2025\/08\/flux-792-1754757979.jpg","datePublished":"2025-08-09T16:46:08+00:00","breadcrumb":{"@id":"https:\/\/rachat2credit.fr\/guide\/le-per-serait-il-le-succes-ultime-de-la-capitalisation-francaise-jai-double-mon-epargne-en-5-ans-sans-y-penser\/#breadcrumb"},"inLanguage":"fr-FR","potentialAction":[{"@type":"ReadAction","target":["https:\/\/rachat2credit.fr\/guide\/le-per-serait-il-le-succes-ultime-de-la-capitalisation-francaise-jai-double-mon-epargne-en-5-ans-sans-y-penser\/"]}]},{"@type":"ImageObject","inLanguage":"fr-FR","@id":"https:\/\/rachat2credit.fr\/guide\/le-per-serait-il-le-succes-ultime-de-la-capitalisation-francaise-jai-double-mon-epargne-en-5-ans-sans-y-penser\/#primaryimage","url":"https:\/\/rachat2credit.fr\/guide\/wp-content\/uploads\/2025\/08\/flux-792-1754757979.jpg","contentUrl":"https:\/\/rachat2credit.fr\/guide\/wp-content\/uploads\/2025\/08\/flux-792-1754757979.jpg","width":1344,"height":768},{"@type":"BreadcrumbList","@id":"https:\/\/rachat2credit.fr\/guide\/le-per-serait-il-le-succes-ultime-de-la-capitalisation-francaise-jai-double-mon-epargne-en-5-ans-sans-y-penser\/#breadcrumb","itemListElement":[{"@type":"ListItem","position":1,"name":"Accueil","item":"https:\/\/rachat2credit.fr\/guide\/"},{"@type":"ListItem","position":2,"name":"Le PER serait-il le succ\u00e8s ultime de la capitalisation fran\u00e7aise ? \u201cJ\u2019ai doubl\u00e9 mon \u00e9pargne en 5 ans sans y penser\u201d"}]},{"@type":"WebSite","@id":"https:\/\/rachat2credit.fr\/guide\/#website","url":"https:\/\/rachat2credit.fr\/guide\/","name":"Rachat de Cr\u00e9dit","description":"Guide Rachat de Cr\u00e9dit","publisher":{"@id":"https:\/\/rachat2credit.fr\/guide\/#organization"},"potentialAction":[{"@type":"SearchAction","target":{"@type":"EntryPoint","urlTemplate":"https:\/\/rachat2credit.fr\/guide\/?s={search_term_string}"},"query-input":{"@type":"PropertyValueSpecification","valueRequired":true,"valueName":"search_term_string"}}],"inLanguage":"fr-FR"},{"@type":"Organization","@id":"https:\/\/rachat2credit.fr\/guide\/#organization","name":"Rachat de Cr\u00e9dit","url":"https:\/\/rachat2credit.fr\/guide\/","logo":{"@type":"ImageObject","inLanguage":"fr-FR","@id":"https:\/\/rachat2credit.fr\/guide\/#\/schema\/logo\/image\/","url":"https:\/\/rachat2credit.fr\/guide\/wp-content\/uploads\/2025\/05\/rachat2credit.png","contentUrl":"https:\/\/rachat2credit.fr\/guide\/wp-content\/uploads\/2025\/05\/rachat2credit.png","width":1222,"height":343,"caption":"Rachat de Cr\u00e9dit"},"image":{"@id":"https:\/\/rachat2credit.fr\/guide\/#\/schema\/logo\/image\/"}},{"@type":"Person","@id":"https:\/\/rachat2credit.fr\/guide\/#\/schema\/person\/d4142086d07bc6acdc4722eabd955cc2","name":"Aurelien Boulanger","image":{"@type":"ImageObject","inLanguage":"fr-FR","@id":"https:\/\/secure.gravatar.com\/avatar\/32175434c9ca2b27bfeb905d1c3ec782a789caf494bc0ec8fa6ed0ee39c2e62a?s=96&d=mm&r=g","url":"https:\/\/secure.gravatar.com\/avatar\/32175434c9ca2b27bfeb905d1c3ec782a789caf494bc0ec8fa6ed0ee39c2e62a?s=96&d=mm&r=g","contentUrl":"https:\/\/secure.gravatar.com\/avatar\/32175434c9ca2b27bfeb905d1c3ec782a789caf494bc0ec8fa6ed0ee39c2e62a?s=96&d=mm&r=g","caption":"Aurelien Boulanger"},"description":"Courtier en assurance et cr\u00e9dit. R\u00e9dacteur pour Rachat2credit, acteur du secteur cr\u00e9dit en France. Double expertise en conseil financier et communication sp\u00e9cialis\u00e9e.","sameAs":["https:\/\/rachat2credit.fr\/guide"],"url":"https:\/\/rachat2credit.fr\/guide\/author\/aurelien\/"}]}},"_links":{"self":[{"href":"https:\/\/rachat2credit.fr\/guide\/wp-json\/wp\/v2\/posts\/792","targetHints":{"allow":["GET"]}}],"collection":[{"href":"https:\/\/rachat2credit.fr\/guide\/wp-json\/wp\/v2\/posts"}],"about":[{"href":"https:\/\/rachat2credit.fr\/guide\/wp-json\/wp\/v2\/types\/post"}],"author":[{"embeddable":true,"href":"https:\/\/rachat2credit.fr\/guide\/wp-json\/wp\/v2\/users\/1"}],"replies":[{"embeddable":true,"href":"https:\/\/rachat2credit.fr\/guide\/wp-json\/wp\/v2\/comments?post=792"}],"version-history":[{"count":0,"href":"https:\/\/rachat2credit.fr\/guide\/wp-json\/wp\/v2\/posts\/792\/revisions"}],"wp:featuredmedia":[{"embeddable":true,"href":"https:\/\/rachat2credit.fr\/guide\/wp-json\/wp\/v2\/media\/793"}],"wp:attachment":[{"href":"https:\/\/rachat2credit.fr\/guide\/wp-json\/wp\/v2\/media?parent=792"}],"wp:term":[{"taxonomy":"category","embeddable":true,"href":"https:\/\/rachat2credit.fr\/guide\/wp-json\/wp\/v2\/categories?post=792"},{"taxonomy":"post_tag","embeddable":true,"href":"https:\/\/rachat2credit.fr\/guide\/wp-json\/wp\/v2\/tags?post=792"}],"curies":[{"name":"wp","href":"https:\/\/api.w.org\/{rel}","templated":true}]}}