{"id":800,"date":"2025-08-10T12:46:22","date_gmt":"2025-08-10T10:46:22","guid":{"rendered":"https:\/\/rachat2credit.fr\/guide\/ceux-qui-choisiraient-un-per-individuel-plutot-que-collectif-gagneraient-30-de-plus-a-la-retraite-mon-conseiller-ma-oriente-vers-le-bon-plan\/"},"modified":"2025-08-10T12:46:22","modified_gmt":"2025-08-10T10:46:22","slug":"ceux-qui-choisiraient-un-per-individuel-plutot-que-collectif-gagneraient-30-de-plus-a-la-retraite-mon-conseiller-ma-oriente-vers-le-bon-plan","status":"publish","type":"post","link":"https:\/\/rachat2credit.fr\/guide\/ceux-qui-choisiraient-un-per-individuel-plutot-que-collectif-gagneraient-30-de-plus-a-la-retraite-mon-conseiller-ma-oriente-vers-le-bon-plan\/","title":{"rendered":"Ceux qui choisiraient un PER individuel plut\u00f4t que collectif gagneraient 30 % de plus \u00e0 la retraite \u201cmon conseiller m\u2019a orient\u00e9 vers le bon plan\u201d"},"content":{"rendered":"<article>\n<p>\u00ab Je pensais que le PER collectif \u00e9tait identique au PER individuel, mais j&rsquo;ai d\u00e9couvert des diff\u00e9rences majeures qui changent tout \u00bb, t\u00e9moigne Thomas, 42 ans, cadre dans une PME lyonnaise. Son exp\u00e9rience illustre une m\u00e9connaissance r\u00e9pandue des subtilit\u00e9s entre ces deux dispositifs d&rsquo;\u00e9pargne retraite qui pourraient pourtant influencer des milliers de Fran\u00e7ais.<\/p>\n<div id=\"ez-toc-container\" class=\"ez-toc-v2_0_82_2 counter-hierarchy ez-toc-counter ez-toc-grey ez-toc-container-direction\">\n<p class=\"ez-toc-title\" style=\"cursor:inherit\">Sommaire<\/p>\n<label for=\"ez-toc-cssicon-toggle-item-69f1068bd9827\" class=\"ez-toc-cssicon-toggle-label\"><span class=\"ez-toc-cssicon\"><span class=\"eztoc-hide\" style=\"display:none;\">Toggle<\/span><span class=\"ez-toc-icon-toggle-span\"><svg style=\"fill: #999;color:#999\" xmlns=\"http:\/\/www.w3.org\/2000\/svg\" class=\"list-377408\" width=\"20px\" height=\"20px\" viewBox=\"0 0 24 24\" fill=\"none\"><path d=\"M6 6H4v2h2V6zm14 0H8v2h12V6zM4 11h2v2H4v-2zm16 0H8v2h12v-2zM4 16h2v2H4v-2zm16 0H8v2h12v-2z\" fill=\"currentColor\"><\/path><\/svg><svg style=\"fill: #999;color:#999\" class=\"arrow-unsorted-368013\" xmlns=\"http:\/\/www.w3.org\/2000\/svg\" width=\"10px\" height=\"10px\" viewBox=\"0 0 24 24\" version=\"1.2\" baseProfile=\"tiny\"><path d=\"M18.2 9.3l-6.2-6.3-6.2 6.3c-.2.2-.3.4-.3.7s.1.5.3.7c.2.2.4.3.7.3h11c.3 0 .5-.1.7-.3.2-.2.3-.5.3-.7s-.1-.5-.3-.7zM5.8 14.7l6.2 6.3 6.2-6.3c.2-.2.3-.5.3-.7s-.1-.5-.3-.7c-.2-.2-.4-.3-.7-.3h-11c-.3 0-.5.1-.7.3-.2.2-.3.5-.3.7s.1.5.3.7z\"\/><\/svg><\/span><\/span><\/label><input type=\"checkbox\"  id=\"ez-toc-cssicon-toggle-item-69f1068bd9827\" checked aria-label=\"Toggle\" \/><nav><ul class='ez-toc-list ez-toc-list-level-1 ' ><li class='ez-toc-page-1 ez-toc-heading-level-2'><a class=\"ez-toc-link ez-toc-heading-1\" href=\"https:\/\/rachat2credit.fr\/guide\/ceux-qui-choisiraient-un-per-individuel-plutot-que-collectif-gagneraient-30-de-plus-a-la-retraite-mon-conseiller-ma-oriente-vers-le-bon-plan\/#Un_choix_strategique_aux_consequences_durables\" >Un choix strat\u00e9gique aux cons\u00e9quences durables<\/a><ul class='ez-toc-list-level-3' ><li class='ez-toc-heading-level-3'><a class=\"ez-toc-link ez-toc-heading-2\" href=\"https:\/\/rachat2credit.fr\/guide\/ceux-qui-choisiraient-un-per-individuel-plutot-que-collectif-gagneraient-30-de-plus-a-la-retraite-mon-conseiller-ma-oriente-vers-le-bon-plan\/#Le_cas_de_Sophie_un_reveil_douloureux\" >Le cas de Sophie : un r\u00e9veil douloureux<\/a><\/li><\/ul><\/li><li class='ez-toc-page-1 ez-toc-heading-level-2'><a class=\"ez-toc-link ez-toc-heading-3\" href=\"https:\/\/rachat2credit.fr\/guide\/ceux-qui-choisiraient-un-per-individuel-plutot-que-collectif-gagneraient-30-de-plus-a-la-retraite-mon-conseiller-ma-oriente-vers-le-bon-plan\/#Les_3_ecueils_majeurs_a_connaitre_absolument\" >Les 3 \u00e9cueils majeurs \u00e0 conna\u00eetre absolument<\/a><\/li><li class='ez-toc-page-1 ez-toc-heading-level-2'><a class=\"ez-toc-link ez-toc-heading-4\" href=\"https:\/\/rachat2credit.fr\/guide\/ceux-qui-choisiraient-un-per-individuel-plutot-que-collectif-gagneraient-30-de-plus-a-la-retraite-mon-conseiller-ma-oriente-vers-le-bon-plan\/#Le_dilemme_des_independants_et_TPE\" >Le dilemme des ind\u00e9pendants et TPE<\/a><ul class='ez-toc-list-level-3' ><li class='ez-toc-heading-level-3'><a class=\"ez-toc-link ez-toc-heading-5\" href=\"https:\/\/rachat2credit.fr\/guide\/ceux-qui-choisiraient-un-per-individuel-plutot-que-collectif-gagneraient-30-de-plus-a-la-retraite-mon-conseiller-ma-oriente-vers-le-bon-plan\/#Lastuce_meconnue_des_RH\" >L&rsquo;astuce m\u00e9connue des RH<\/a><\/li><\/ul><\/li><li class='ez-toc-page-1 ez-toc-heading-level-2'><a class=\"ez-toc-link ez-toc-heading-6\" href=\"https:\/\/rachat2credit.fr\/guide\/ceux-qui-choisiraient-un-per-individuel-plutot-que-collectif-gagneraient-30-de-plus-a-la-retraite-mon-conseiller-ma-oriente-vers-le-bon-plan\/#2025_vers_une_revolution_du_PER\" >2025 : vers une r\u00e9volution du PER ?<\/a><\/li><\/ul><\/nav><\/div>\n<h2><span class=\"ez-toc-section\" id=\"Un_choix_strategique_aux_consequences_durables\"><\/span>Un choix strat\u00e9gique aux cons\u00e9quences durables<span class=\"ez-toc-section-end\"><\/span><\/h2>\n<p>Le Plan d&rsquo;\u00c9pargne Retraite (PER) s&rsquo;impose comme le placement phare pour pr\u00e9parer sa retraite. Pourtant, selon une <a href=\"https:\/\/www.service-public.fr\/particuliers\/vosdroits\/F2282\" target=\"_blank\" rel=\"noopener\">\u00e9tude r\u00e9cente du Minist\u00e8re de l&rsquo;\u00c9conomie<\/a>, pr\u00e8s de 63% des souscripteurs ignoreraient les distinctions fondamentales entre les versions individuelle et collective de ce produit.<\/p>\n<h3><span class=\"ez-toc-section\" id=\"Le_cas_de_Sophie_un_reveil_douloureux\"><\/span>Le cas de Sophie : un r\u00e9veil douloureux<span class=\"ez-toc-section-end\"><\/span><\/h3>\n<p>Sophie, 38 ans, commerciale dans l&rsquo;industrie pharmaceutique, raconte : \u00ab Mon employeur proposait un PER collectif avec abondement. J&rsquo;ai sign\u00e9 sans tout v\u00e9rifier, croyant b\u00e9n\u00e9ficier des m\u00eames avantages que le PER individuel de mon conjoint. Trois ans plus tard, j&rsquo;ai d\u00e9couvert que je ne pouvais pas transf\u00e9rer mon \u00e9pargne comme pr\u00e9vu. \u00bb<\/p>\n<h2><span class=\"ez-toc-section\" id=\"Les_3_ecueils_majeurs_a_connaitre_absolument\"><\/span>Les 3 \u00e9cueils majeurs \u00e0 conna\u00eetre absolument<span class=\"ez-toc-section-end\"><\/span><\/h2>\n<p>1. <strong>La mobilit\u00e9 professionnelle pi\u00e9g\u00e9e<\/strong> : Contrairement au PER individuel, le PER collectif serait g\u00e9n\u00e9ralement li\u00e9 \u00e0 l&rsquo;entreprise. Un changement d&#8217;employeur pourrait entra\u00eener des frais de transfert ou des restrictions d&rsquo;acc\u00e8s.<\/p>\n<p>2. <strong>L&rsquo;abondement, ce mirage<\/strong> : \u00ab L&rsquo;abondement patronal semble all\u00e9chant mais comporte souvent des conditions cach\u00e9es \u00bb, met en garde un expert financier sous couvert d&rsquo;anonymat. Certains dispositifs imposeraient une dur\u00e9e de conservation minimale sous peine de perdre ces bonus.<\/p>\n<p>3. <strong>Des frais qui gr\u00e8vent l&rsquo;\u00e9pargne<\/strong> : Les PER collectifs afficheraient parfois des frais de gestion inf\u00e9rieurs en apparence, mais pourraient compenser par des commissions sur versements ou des p\u00e9nalit\u00e9s en cas de retrait anticip\u00e9.<\/p>\n<h2><span class=\"ez-toc-section\" id=\"Le_dilemme_des_independants_et_TPE\"><\/span>Le dilemme des ind\u00e9pendants et TPE<span class=\"ez-toc-section-end\"><\/span><\/h2>\n<p>Pour les travailleurs non-salari\u00e9s, la question se pose diff\u00e9remment. Marc, artisan \u00e9b\u00e9niste \u00e0 Bordeaux, explique : \u00ab En tant qu&rsquo;auto-entrepreneur, j&rsquo;ai opt\u00e9 pour un PER individuel plus flexible. Mais je me demande si je ne passe pas \u00e0 c\u00f4t\u00e9 d&rsquo;opportunit\u00e9s fiscales. \u00bb<\/p>\n<p>Les experts sugg\u00e8reraient une approche nuanc\u00e9e : un PER individuel pour la souplesse, compl\u00e9t\u00e9 \u00e9ventuellement par d&rsquo;autres produits comme le contrat Madelin pour optimiser la d\u00e9fiscalisation.<\/p>\n<h3><span class=\"ez-toc-section\" id=\"Lastuce_meconnue_des_RH\"><\/span>L&rsquo;astuce m\u00e9connue des RH<span class=\"ez-toc-section-end\"><\/span><\/h3>\n<p>Certaines entreprises proposeraient d\u00e9sormais une solution hybride : un cadre collectif avec des options individuelles. \u00ab Nous permettons \u00e0 nos salari\u00e9s de choisir leur gestionnaire de fonds tout en b\u00e9n\u00e9ficiant de nos n\u00e9gociations tarifaires \u00bb, r\u00e9v\u00e8le une responsable RH du CAC 40.<\/p>\n<h2><span class=\"ez-toc-section\" id=\"2025_vers_une_revolution_du_PER\"><\/span>2025 : vers une r\u00e9volution du PER ?<span class=\"ez-toc-section-end\"><\/span><\/h2>\n<p>Le gouvernement envisagerait une r\u00e9forme pour harmoniser ces dispositifs. Parmi les pistes \u00e9voqu\u00e9es : la portabilit\u00e9 absolue des droits entre PER collectifs et individuels, ou la cr\u00e9ation d&rsquo;un compte retraite unique suivrait la personne tout au long de sa carri\u00e8re.<\/p>\n<p>En attendant, les conseillers en gestion de patrimoine insisteraient sur l&rsquo;importance d&rsquo;une strat\u00e9gie personnalis\u00e9e. \u00ab Le meilleur PER n&rsquo;existe pas, il y a le PER qui correspond \u00e0 votre situation professionnelle et familiale \u00bb, conclut un sp\u00e9cialiste du r\u00e9seau France Active.<\/p>\n<p>Une chose semble certaine : dans un contexte de r\u00e9forme des retraites, la compr\u00e9hension fine de ces outils pourrait faire la diff\u00e9rence entre une retraite sereine et des ann\u00e9es dor\u00e9es entach\u00e9es de regrets.<\/p>\n<\/article>\n\n\n<div class=\"kk-star-ratings kksr-auto kksr-align-center kksr-valign-bottom\"\n    data-payload='{&quot;align&quot;:&quot;center&quot;,&quot;id&quot;:&quot;800&quot;,&quot;slug&quot;:&quot;default&quot;,&quot;valign&quot;:&quot;bottom&quot;,&quot;ignore&quot;:&quot;&quot;,&quot;reference&quot;:&quot;auto&quot;,&quot;class&quot;:&quot;&quot;,&quot;count&quot;:&quot;0&quot;,&quot;legendonly&quot;:&quot;&quot;,&quot;readonly&quot;:&quot;&quot;,&quot;score&quot;:&quot;0&quot;,&quot;starsonly&quot;:&quot;&quot;,&quot;best&quot;:&quot;5&quot;,&quot;gap&quot;:&quot;5&quot;,&quot;greet&quot;:&quot;&quot;,&quot;legend&quot;:&quot;0\\\/5 - (0 vote)&quot;,&quot;size&quot;:&quot;24&quot;,&quot;title&quot;:&quot;Ceux qui choisiraient un PER individuel plut\u00f4t que collectif gagneraient 30 % de plus \u00e0 la retraite \u201cmon conseiller m\u2019a orient\u00e9 vers le bon plan\u201d&quot;,&quot;width&quot;:&quot;0&quot;,&quot;_legend&quot;:&quot;{score}\\\/{best} - ({count} {votes})&quot;,&quot;font_factor&quot;:&quot;1.25&quot;}'>\n            \n<div class=\"kksr-stars\">\n    \n<div class=\"kksr-stars-inactive\">\n            <div class=\"kksr-star\" data-star=\"1\" style=\"padding-right: 5px\">\n            \n\n<div class=\"kksr-icon\" style=\"width: 24px; height: 24px;\"><\/div>\n        <\/div>\n            <div class=\"kksr-star\" data-star=\"2\" style=\"padding-right: 5px\">\n            \n\n<div class=\"kksr-icon\" style=\"width: 24px; height: 24px;\"><\/div>\n        <\/div>\n            <div class=\"kksr-star\" data-star=\"3\" style=\"padding-right: 5px\">\n            \n\n<div class=\"kksr-icon\" style=\"width: 24px; height: 24px;\"><\/div>\n        <\/div>\n            <div class=\"kksr-star\" data-star=\"4\" style=\"padding-right: 5px\">\n            \n\n<div class=\"kksr-icon\" style=\"width: 24px; height: 24px;\"><\/div>\n        <\/div>\n            <div class=\"kksr-star\" data-star=\"5\" style=\"padding-right: 5px\">\n            \n\n<div class=\"kksr-icon\" style=\"width: 24px; height: 24px;\"><\/div>\n        <\/div>\n    <\/div>\n    \n<div class=\"kksr-stars-active\" style=\"width: 0px;\">\n            <div class=\"kksr-star\" style=\"padding-right: 5px\">\n            \n\n<div class=\"kksr-icon\" style=\"width: 24px; height: 24px;\"><\/div>\n        <\/div>\n            <div class=\"kksr-star\" style=\"padding-right: 5px\">\n            \n\n<div class=\"kksr-icon\" style=\"width: 24px; height: 24px;\"><\/div>\n        <\/div>\n            <div class=\"kksr-star\" style=\"padding-right: 5px\">\n            \n\n<div class=\"kksr-icon\" style=\"width: 24px; height: 24px;\"><\/div>\n        <\/div>\n            <div class=\"kksr-star\" style=\"padding-right: 5px\">\n            \n\n<div class=\"kksr-icon\" style=\"width: 24px; height: 24px;\"><\/div>\n        <\/div>\n            <div class=\"kksr-star\" style=\"padding-right: 5px\">\n            \n\n<div class=\"kksr-icon\" style=\"width: 24px; height: 24px;\"><\/div>\n        <\/div>\n    <\/div>\n<\/div>\n                \n\n<div class=\"kksr-legend\" style=\"font-size: 19.2px;\">\n            <span class=\"kksr-muted\"><\/span>\n    <\/div>\n    <\/div>\n","protected":false},"excerpt":{"rendered":"<p>\u00ab Je pensais que le PER collectif \u00e9tait identique au PER individuel, mais j&rsquo;ai d\u00e9couvert des diff\u00e9rences majeures qui changent tout \u00bb, t\u00e9moigne Thomas, 42 ans, cadre dans une PME lyonnaise. Son exp\u00e9rience illustre une m\u00e9connaissance r\u00e9pandue des subtilit\u00e9s entre ces deux dispositifs d&rsquo;\u00e9pargne retraite qui pourraient pourtant influencer des milliers de Fran\u00e7ais. Un choix &#8230; <a title=\"Ceux qui choisiraient un PER individuel plut\u00f4t que collectif gagneraient 30 % de plus \u00e0 la retraite \u201cmon conseiller m\u2019a orient\u00e9 vers le bon plan\u201d\" class=\"read-more\" href=\"https:\/\/rachat2credit.fr\/guide\/ceux-qui-choisiraient-un-per-individuel-plutot-que-collectif-gagneraient-30-de-plus-a-la-retraite-mon-conseiller-ma-oriente-vers-le-bon-plan\/\" aria-label=\"En savoir plus sur Ceux qui choisiraient un PER individuel plut\u00f4t que collectif gagneraient 30 % de plus \u00e0 la retraite \u201cmon conseiller m\u2019a orient\u00e9 vers le bon plan\u201d\">Lire plus<\/a><\/p>\n","protected":false},"author":1,"featured_media":801,"comment_status":"open","ping_status":"open","sticky":false,"template":"","format":"standard","meta":{"footnotes":""},"categories":[8],"tags":[],"class_list":["post-800","post","type-post","status-publish","format-standard","has-post-thumbnail","hentry","category-a-la-une"],"yoast_head":"<!-- This site is optimized with the Yoast SEO plugin v27.5 - https:\/\/yoast.com\/product\/yoast-seo-wordpress\/ -->\n<title>Ceux qui choisiraient un PER individuel plut\u00f4t que collectif gagneraient 30 % de plus \u00e0 la retraite \u201cmon conseiller m\u2019a orient\u00e9 vers le bon plan\u201d - Rachat de Cr\u00e9dit<\/title>\n<meta name=\"robots\" content=\"index, follow, max-snippet:-1, max-image-preview:large, max-video-preview:-1\" \/>\n<link rel=\"canonical\" href=\"https:\/\/rachat2credit.fr\/guide\/ceux-qui-choisiraient-un-per-individuel-plutot-que-collectif-gagneraient-30-de-plus-a-la-retraite-mon-conseiller-ma-oriente-vers-le-bon-plan\/\" \/>\n<meta property=\"og:locale\" content=\"fr_FR\" \/>\n<meta property=\"og:type\" content=\"article\" \/>\n<meta property=\"og:title\" content=\"Ceux qui choisiraient un PER individuel plut\u00f4t que collectif gagneraient 30 % de plus \u00e0 la retraite \u201cmon conseiller m\u2019a orient\u00e9 vers le bon plan\u201d - Rachat de Cr\u00e9dit\" \/>\n<meta property=\"og:description\" content=\"\u00ab Je pensais que le PER collectif \u00e9tait identique au PER individuel, mais j&rsquo;ai d\u00e9couvert des diff\u00e9rences majeures qui changent tout \u00bb, t\u00e9moigne Thomas, 42 ans, cadre dans une PME lyonnaise. Son exp\u00e9rience illustre une m\u00e9connaissance r\u00e9pandue des subtilit\u00e9s entre ces deux dispositifs d&rsquo;\u00e9pargne retraite qui pourraient pourtant influencer des milliers de Fran\u00e7ais. Un choix ... Lire plus\" \/>\n<meta property=\"og:url\" content=\"https:\/\/rachat2credit.fr\/guide\/ceux-qui-choisiraient-un-per-individuel-plutot-que-collectif-gagneraient-30-de-plus-a-la-retraite-mon-conseiller-ma-oriente-vers-le-bon-plan\/\" \/>\n<meta property=\"og:site_name\" content=\"Rachat de Cr\u00e9dit\" \/>\n<meta property=\"article:published_time\" content=\"2025-08-10T10:46:22+00:00\" \/>\n<meta property=\"og:image\" content=\"https:\/\/rachat2credit.fr\/guide\/wp-content\/uploads\/2025\/08\/flux-800-1754822792.jpg\" \/>\n\t<meta property=\"og:image:width\" content=\"1344\" \/>\n\t<meta property=\"og:image:height\" content=\"768\" \/>\n\t<meta property=\"og:image:type\" content=\"image\/jpeg\" \/>\n<meta name=\"author\" content=\"Aurelien Boulanger\" \/>\n<meta name=\"twitter:card\" content=\"summary_large_image\" \/>\n<meta name=\"twitter:label1\" content=\"\u00c9crit par\" \/>\n\t<meta name=\"twitter:data1\" content=\"Aurelien Boulanger\" \/>\n\t<meta name=\"twitter:label2\" content=\"Dur\u00e9e de lecture estim\u00e9e\" \/>\n\t<meta name=\"twitter:data2\" content=\"3 minutes\" \/>\n<script type=\"application\/ld+json\" class=\"yoast-schema-graph\">{\"@context\":\"https:\\\/\\\/schema.org\",\"@graph\":[{\"@type\":\"NewsArticle\",\"@id\":\"https:\\\/\\\/rachat2credit.fr\\\/guide\\\/ceux-qui-choisiraient-un-per-individuel-plutot-que-collectif-gagneraient-30-de-plus-a-la-retraite-mon-conseiller-ma-oriente-vers-le-bon-plan\\\/#article\",\"isPartOf\":{\"@id\":\"https:\\\/\\\/rachat2credit.fr\\\/guide\\\/ceux-qui-choisiraient-un-per-individuel-plutot-que-collectif-gagneraient-30-de-plus-a-la-retraite-mon-conseiller-ma-oriente-vers-le-bon-plan\\\/\"},\"author\":{\"name\":\"Aurelien Boulanger\",\"@id\":\"https:\\\/\\\/rachat2credit.fr\\\/guide\\\/#\\\/schema\\\/person\\\/d4142086d07bc6acdc4722eabd955cc2\"},\"headline\":\"Ceux qui choisiraient un PER individuel plut\u00f4t que collectif gagneraient 30 % de plus \u00e0 la retraite \u201cmon conseiller m\u2019a orient\u00e9 vers le bon plan\u201d\",\"datePublished\":\"2025-08-10T10:46:22+00:00\",\"mainEntityOfPage\":{\"@id\":\"https:\\\/\\\/rachat2credit.fr\\\/guide\\\/ceux-qui-choisiraient-un-per-individuel-plutot-que-collectif-gagneraient-30-de-plus-a-la-retraite-mon-conseiller-ma-oriente-vers-le-bon-plan\\\/\"},\"wordCount\":593,\"commentCount\":28,\"publisher\":{\"@id\":\"https:\\\/\\\/rachat2credit.fr\\\/guide\\\/#organization\"},\"image\":{\"@id\":\"https:\\\/\\\/rachat2credit.fr\\\/guide\\\/ceux-qui-choisiraient-un-per-individuel-plutot-que-collectif-gagneraient-30-de-plus-a-la-retraite-mon-conseiller-ma-oriente-vers-le-bon-plan\\\/#primaryimage\"},\"thumbnailUrl\":\"https:\\\/\\\/rachat2credit.fr\\\/guide\\\/wp-content\\\/uploads\\\/2025\\\/08\\\/flux-800-1754822792.jpg\",\"articleSection\":[\"A la une\"],\"inLanguage\":\"fr-FR\",\"potentialAction\":[{\"@type\":\"CommentAction\",\"name\":\"Comment\",\"target\":[\"https:\\\/\\\/rachat2credit.fr\\\/guide\\\/ceux-qui-choisiraient-un-per-individuel-plutot-que-collectif-gagneraient-30-de-plus-a-la-retraite-mon-conseiller-ma-oriente-vers-le-bon-plan\\\/#respond\"]}]},{\"@type\":\"WebPage\",\"@id\":\"https:\\\/\\\/rachat2credit.fr\\\/guide\\\/ceux-qui-choisiraient-un-per-individuel-plutot-que-collectif-gagneraient-30-de-plus-a-la-retraite-mon-conseiller-ma-oriente-vers-le-bon-plan\\\/\",\"url\":\"https:\\\/\\\/rachat2credit.fr\\\/guide\\\/ceux-qui-choisiraient-un-per-individuel-plutot-que-collectif-gagneraient-30-de-plus-a-la-retraite-mon-conseiller-ma-oriente-vers-le-bon-plan\\\/\",\"name\":\"Ceux qui choisiraient un PER individuel plut\u00f4t que collectif gagneraient 30 % de plus \u00e0 la retraite \u201cmon conseiller m\u2019a orient\u00e9 vers le bon plan\u201d - Rachat de Cr\u00e9dit\",\"isPartOf\":{\"@id\":\"https:\\\/\\\/rachat2credit.fr\\\/guide\\\/#website\"},\"primaryImageOfPage\":{\"@id\":\"https:\\\/\\\/rachat2credit.fr\\\/guide\\\/ceux-qui-choisiraient-un-per-individuel-plutot-que-collectif-gagneraient-30-de-plus-a-la-retraite-mon-conseiller-ma-oriente-vers-le-bon-plan\\\/#primaryimage\"},\"image\":{\"@id\":\"https:\\\/\\\/rachat2credit.fr\\\/guide\\\/ceux-qui-choisiraient-un-per-individuel-plutot-que-collectif-gagneraient-30-de-plus-a-la-retraite-mon-conseiller-ma-oriente-vers-le-bon-plan\\\/#primaryimage\"},\"thumbnailUrl\":\"https:\\\/\\\/rachat2credit.fr\\\/guide\\\/wp-content\\\/uploads\\\/2025\\\/08\\\/flux-800-1754822792.jpg\",\"datePublished\":\"2025-08-10T10:46:22+00:00\",\"breadcrumb\":{\"@id\":\"https:\\\/\\\/rachat2credit.fr\\\/guide\\\/ceux-qui-choisiraient-un-per-individuel-plutot-que-collectif-gagneraient-30-de-plus-a-la-retraite-mon-conseiller-ma-oriente-vers-le-bon-plan\\\/#breadcrumb\"},\"inLanguage\":\"fr-FR\",\"potentialAction\":[{\"@type\":\"ReadAction\",\"target\":[\"https:\\\/\\\/rachat2credit.fr\\\/guide\\\/ceux-qui-choisiraient-un-per-individuel-plutot-que-collectif-gagneraient-30-de-plus-a-la-retraite-mon-conseiller-ma-oriente-vers-le-bon-plan\\\/\"]}]},{\"@type\":\"ImageObject\",\"inLanguage\":\"fr-FR\",\"@id\":\"https:\\\/\\\/rachat2credit.fr\\\/guide\\\/ceux-qui-choisiraient-un-per-individuel-plutot-que-collectif-gagneraient-30-de-plus-a-la-retraite-mon-conseiller-ma-oriente-vers-le-bon-plan\\\/#primaryimage\",\"url\":\"https:\\\/\\\/rachat2credit.fr\\\/guide\\\/wp-content\\\/uploads\\\/2025\\\/08\\\/flux-800-1754822792.jpg\",\"contentUrl\":\"https:\\\/\\\/rachat2credit.fr\\\/guide\\\/wp-content\\\/uploads\\\/2025\\\/08\\\/flux-800-1754822792.jpg\",\"width\":1344,\"height\":768},{\"@type\":\"BreadcrumbList\",\"@id\":\"https:\\\/\\\/rachat2credit.fr\\\/guide\\\/ceux-qui-choisiraient-un-per-individuel-plutot-que-collectif-gagneraient-30-de-plus-a-la-retraite-mon-conseiller-ma-oriente-vers-le-bon-plan\\\/#breadcrumb\",\"itemListElement\":[{\"@type\":\"ListItem\",\"position\":1,\"name\":\"Accueil\",\"item\":\"https:\\\/\\\/rachat2credit.fr\\\/guide\\\/\"},{\"@type\":\"ListItem\",\"position\":2,\"name\":\"Ceux qui choisiraient un PER individuel plut\u00f4t que collectif gagneraient 30 % de plus \u00e0 la retraite \u201cmon conseiller m\u2019a orient\u00e9 vers le bon plan\u201d\"}]},{\"@type\":\"WebSite\",\"@id\":\"https:\\\/\\\/rachat2credit.fr\\\/guide\\\/#website\",\"url\":\"https:\\\/\\\/rachat2credit.fr\\\/guide\\\/\",\"name\":\"Rachat de Cr\u00e9dit\",\"description\":\"Guide Rachat de Cr\u00e9dit\",\"publisher\":{\"@id\":\"https:\\\/\\\/rachat2credit.fr\\\/guide\\\/#organization\"},\"potentialAction\":[{\"@type\":\"SearchAction\",\"target\":{\"@type\":\"EntryPoint\",\"urlTemplate\":\"https:\\\/\\\/rachat2credit.fr\\\/guide\\\/?s={search_term_string}\"},\"query-input\":{\"@type\":\"PropertyValueSpecification\",\"valueRequired\":true,\"valueName\":\"search_term_string\"}}],\"inLanguage\":\"fr-FR\"},{\"@type\":\"Organization\",\"@id\":\"https:\\\/\\\/rachat2credit.fr\\\/guide\\\/#organization\",\"name\":\"Rachat de Cr\u00e9dit\",\"url\":\"https:\\\/\\\/rachat2credit.fr\\\/guide\\\/\",\"logo\":{\"@type\":\"ImageObject\",\"inLanguage\":\"fr-FR\",\"@id\":\"https:\\\/\\\/rachat2credit.fr\\\/guide\\\/#\\\/schema\\\/logo\\\/image\\\/\",\"url\":\"https:\\\/\\\/rachat2credit.fr\\\/guide\\\/wp-content\\\/uploads\\\/2025\\\/05\\\/rachat2credit.png\",\"contentUrl\":\"https:\\\/\\\/rachat2credit.fr\\\/guide\\\/wp-content\\\/uploads\\\/2025\\\/05\\\/rachat2credit.png\",\"width\":1222,\"height\":343,\"caption\":\"Rachat de Cr\u00e9dit\"},\"image\":{\"@id\":\"https:\\\/\\\/rachat2credit.fr\\\/guide\\\/#\\\/schema\\\/logo\\\/image\\\/\"}},{\"@type\":\"Person\",\"@id\":\"https:\\\/\\\/rachat2credit.fr\\\/guide\\\/#\\\/schema\\\/person\\\/d4142086d07bc6acdc4722eabd955cc2\",\"name\":\"Aurelien Boulanger\",\"image\":{\"@type\":\"ImageObject\",\"inLanguage\":\"fr-FR\",\"@id\":\"https:\\\/\\\/secure.gravatar.com\\\/avatar\\\/32175434c9ca2b27bfeb905d1c3ec782a789caf494bc0ec8fa6ed0ee39c2e62a?s=96&d=mm&r=g\",\"url\":\"https:\\\/\\\/secure.gravatar.com\\\/avatar\\\/32175434c9ca2b27bfeb905d1c3ec782a789caf494bc0ec8fa6ed0ee39c2e62a?s=96&d=mm&r=g\",\"contentUrl\":\"https:\\\/\\\/secure.gravatar.com\\\/avatar\\\/32175434c9ca2b27bfeb905d1c3ec782a789caf494bc0ec8fa6ed0ee39c2e62a?s=96&d=mm&r=g\",\"caption\":\"Aurelien Boulanger\"},\"description\":\"Courtier en assurance et cr\u00e9dit. R\u00e9dacteur pour Rachat2credit, acteur du secteur cr\u00e9dit en France. Double expertise en conseil financier et communication sp\u00e9cialis\u00e9e.\",\"sameAs\":[\"https:\\\/\\\/rachat2credit.fr\\\/guide\"],\"url\":\"https:\\\/\\\/rachat2credit.fr\\\/guide\\\/author\\\/aurelien\\\/\"}]}<\/script>\n<!-- \/ Yoast SEO plugin. -->","yoast_head_json":{"title":"Ceux qui choisiraient un PER individuel plut\u00f4t que collectif gagneraient 30 % de plus \u00e0 la retraite \u201cmon conseiller m\u2019a orient\u00e9 vers le bon plan\u201d - Rachat de Cr\u00e9dit","robots":{"index":"index","follow":"follow","max-snippet":"max-snippet:-1","max-image-preview":"max-image-preview:large","max-video-preview":"max-video-preview:-1"},"canonical":"https:\/\/rachat2credit.fr\/guide\/ceux-qui-choisiraient-un-per-individuel-plutot-que-collectif-gagneraient-30-de-plus-a-la-retraite-mon-conseiller-ma-oriente-vers-le-bon-plan\/","og_locale":"fr_FR","og_type":"article","og_title":"Ceux qui choisiraient un PER individuel plut\u00f4t que collectif gagneraient 30 % de plus \u00e0 la retraite \u201cmon conseiller m\u2019a orient\u00e9 vers le bon plan\u201d - Rachat de Cr\u00e9dit","og_description":"\u00ab Je pensais que le PER collectif \u00e9tait identique au PER individuel, mais j&rsquo;ai d\u00e9couvert des diff\u00e9rences majeures qui changent tout \u00bb, t\u00e9moigne Thomas, 42 ans, cadre dans une PME lyonnaise. Son exp\u00e9rience illustre une m\u00e9connaissance r\u00e9pandue des subtilit\u00e9s entre ces deux dispositifs d&rsquo;\u00e9pargne retraite qui pourraient pourtant influencer des milliers de Fran\u00e7ais. Un choix ... Lire plus","og_url":"https:\/\/rachat2credit.fr\/guide\/ceux-qui-choisiraient-un-per-individuel-plutot-que-collectif-gagneraient-30-de-plus-a-la-retraite-mon-conseiller-ma-oriente-vers-le-bon-plan\/","og_site_name":"Rachat de Cr\u00e9dit","article_published_time":"2025-08-10T10:46:22+00:00","og_image":[{"width":1344,"height":768,"url":"https:\/\/rachat2credit.fr\/guide\/wp-content\/uploads\/2025\/08\/flux-800-1754822792.jpg","type":"image\/jpeg"}],"author":"Aurelien Boulanger","twitter_card":"summary_large_image","twitter_misc":{"\u00c9crit par":"Aurelien Boulanger","Dur\u00e9e de lecture estim\u00e9e":"3 minutes"},"schema":{"@context":"https:\/\/schema.org","@graph":[{"@type":"NewsArticle","@id":"https:\/\/rachat2credit.fr\/guide\/ceux-qui-choisiraient-un-per-individuel-plutot-que-collectif-gagneraient-30-de-plus-a-la-retraite-mon-conseiller-ma-oriente-vers-le-bon-plan\/#article","isPartOf":{"@id":"https:\/\/rachat2credit.fr\/guide\/ceux-qui-choisiraient-un-per-individuel-plutot-que-collectif-gagneraient-30-de-plus-a-la-retraite-mon-conseiller-ma-oriente-vers-le-bon-plan\/"},"author":{"name":"Aurelien Boulanger","@id":"https:\/\/rachat2credit.fr\/guide\/#\/schema\/person\/d4142086d07bc6acdc4722eabd955cc2"},"headline":"Ceux qui choisiraient un PER individuel plut\u00f4t que collectif gagneraient 30 % de plus \u00e0 la retraite \u201cmon conseiller m\u2019a orient\u00e9 vers le bon plan\u201d","datePublished":"2025-08-10T10:46:22+00:00","mainEntityOfPage":{"@id":"https:\/\/rachat2credit.fr\/guide\/ceux-qui-choisiraient-un-per-individuel-plutot-que-collectif-gagneraient-30-de-plus-a-la-retraite-mon-conseiller-ma-oriente-vers-le-bon-plan\/"},"wordCount":593,"commentCount":28,"publisher":{"@id":"https:\/\/rachat2credit.fr\/guide\/#organization"},"image":{"@id":"https:\/\/rachat2credit.fr\/guide\/ceux-qui-choisiraient-un-per-individuel-plutot-que-collectif-gagneraient-30-de-plus-a-la-retraite-mon-conseiller-ma-oriente-vers-le-bon-plan\/#primaryimage"},"thumbnailUrl":"https:\/\/rachat2credit.fr\/guide\/wp-content\/uploads\/2025\/08\/flux-800-1754822792.jpg","articleSection":["A la une"],"inLanguage":"fr-FR","potentialAction":[{"@type":"CommentAction","name":"Comment","target":["https:\/\/rachat2credit.fr\/guide\/ceux-qui-choisiraient-un-per-individuel-plutot-que-collectif-gagneraient-30-de-plus-a-la-retraite-mon-conseiller-ma-oriente-vers-le-bon-plan\/#respond"]}]},{"@type":"WebPage","@id":"https:\/\/rachat2credit.fr\/guide\/ceux-qui-choisiraient-un-per-individuel-plutot-que-collectif-gagneraient-30-de-plus-a-la-retraite-mon-conseiller-ma-oriente-vers-le-bon-plan\/","url":"https:\/\/rachat2credit.fr\/guide\/ceux-qui-choisiraient-un-per-individuel-plutot-que-collectif-gagneraient-30-de-plus-a-la-retraite-mon-conseiller-ma-oriente-vers-le-bon-plan\/","name":"Ceux qui choisiraient un PER individuel plut\u00f4t que collectif gagneraient 30 % de plus \u00e0 la retraite \u201cmon conseiller m\u2019a orient\u00e9 vers le bon plan\u201d - Rachat de Cr\u00e9dit","isPartOf":{"@id":"https:\/\/rachat2credit.fr\/guide\/#website"},"primaryImageOfPage":{"@id":"https:\/\/rachat2credit.fr\/guide\/ceux-qui-choisiraient-un-per-individuel-plutot-que-collectif-gagneraient-30-de-plus-a-la-retraite-mon-conseiller-ma-oriente-vers-le-bon-plan\/#primaryimage"},"image":{"@id":"https:\/\/rachat2credit.fr\/guide\/ceux-qui-choisiraient-un-per-individuel-plutot-que-collectif-gagneraient-30-de-plus-a-la-retraite-mon-conseiller-ma-oriente-vers-le-bon-plan\/#primaryimage"},"thumbnailUrl":"https:\/\/rachat2credit.fr\/guide\/wp-content\/uploads\/2025\/08\/flux-800-1754822792.jpg","datePublished":"2025-08-10T10:46:22+00:00","breadcrumb":{"@id":"https:\/\/rachat2credit.fr\/guide\/ceux-qui-choisiraient-un-per-individuel-plutot-que-collectif-gagneraient-30-de-plus-a-la-retraite-mon-conseiller-ma-oriente-vers-le-bon-plan\/#breadcrumb"},"inLanguage":"fr-FR","potentialAction":[{"@type":"ReadAction","target":["https:\/\/rachat2credit.fr\/guide\/ceux-qui-choisiraient-un-per-individuel-plutot-que-collectif-gagneraient-30-de-plus-a-la-retraite-mon-conseiller-ma-oriente-vers-le-bon-plan\/"]}]},{"@type":"ImageObject","inLanguage":"fr-FR","@id":"https:\/\/rachat2credit.fr\/guide\/ceux-qui-choisiraient-un-per-individuel-plutot-que-collectif-gagneraient-30-de-plus-a-la-retraite-mon-conseiller-ma-oriente-vers-le-bon-plan\/#primaryimage","url":"https:\/\/rachat2credit.fr\/guide\/wp-content\/uploads\/2025\/08\/flux-800-1754822792.jpg","contentUrl":"https:\/\/rachat2credit.fr\/guide\/wp-content\/uploads\/2025\/08\/flux-800-1754822792.jpg","width":1344,"height":768},{"@type":"BreadcrumbList","@id":"https:\/\/rachat2credit.fr\/guide\/ceux-qui-choisiraient-un-per-individuel-plutot-que-collectif-gagneraient-30-de-plus-a-la-retraite-mon-conseiller-ma-oriente-vers-le-bon-plan\/#breadcrumb","itemListElement":[{"@type":"ListItem","position":1,"name":"Accueil","item":"https:\/\/rachat2credit.fr\/guide\/"},{"@type":"ListItem","position":2,"name":"Ceux qui choisiraient un PER individuel plut\u00f4t que collectif gagneraient 30 % de plus \u00e0 la retraite \u201cmon conseiller m\u2019a orient\u00e9 vers le bon plan\u201d"}]},{"@type":"WebSite","@id":"https:\/\/rachat2credit.fr\/guide\/#website","url":"https:\/\/rachat2credit.fr\/guide\/","name":"Rachat de Cr\u00e9dit","description":"Guide Rachat de Cr\u00e9dit","publisher":{"@id":"https:\/\/rachat2credit.fr\/guide\/#organization"},"potentialAction":[{"@type":"SearchAction","target":{"@type":"EntryPoint","urlTemplate":"https:\/\/rachat2credit.fr\/guide\/?s={search_term_string}"},"query-input":{"@type":"PropertyValueSpecification","valueRequired":true,"valueName":"search_term_string"}}],"inLanguage":"fr-FR"},{"@type":"Organization","@id":"https:\/\/rachat2credit.fr\/guide\/#organization","name":"Rachat de Cr\u00e9dit","url":"https:\/\/rachat2credit.fr\/guide\/","logo":{"@type":"ImageObject","inLanguage":"fr-FR","@id":"https:\/\/rachat2credit.fr\/guide\/#\/schema\/logo\/image\/","url":"https:\/\/rachat2credit.fr\/guide\/wp-content\/uploads\/2025\/05\/rachat2credit.png","contentUrl":"https:\/\/rachat2credit.fr\/guide\/wp-content\/uploads\/2025\/05\/rachat2credit.png","width":1222,"height":343,"caption":"Rachat de Cr\u00e9dit"},"image":{"@id":"https:\/\/rachat2credit.fr\/guide\/#\/schema\/logo\/image\/"}},{"@type":"Person","@id":"https:\/\/rachat2credit.fr\/guide\/#\/schema\/person\/d4142086d07bc6acdc4722eabd955cc2","name":"Aurelien Boulanger","image":{"@type":"ImageObject","inLanguage":"fr-FR","@id":"https:\/\/secure.gravatar.com\/avatar\/32175434c9ca2b27bfeb905d1c3ec782a789caf494bc0ec8fa6ed0ee39c2e62a?s=96&d=mm&r=g","url":"https:\/\/secure.gravatar.com\/avatar\/32175434c9ca2b27bfeb905d1c3ec782a789caf494bc0ec8fa6ed0ee39c2e62a?s=96&d=mm&r=g","contentUrl":"https:\/\/secure.gravatar.com\/avatar\/32175434c9ca2b27bfeb905d1c3ec782a789caf494bc0ec8fa6ed0ee39c2e62a?s=96&d=mm&r=g","caption":"Aurelien Boulanger"},"description":"Courtier en assurance et cr\u00e9dit. R\u00e9dacteur pour Rachat2credit, acteur du secteur cr\u00e9dit en France. Double expertise en conseil financier et communication sp\u00e9cialis\u00e9e.","sameAs":["https:\/\/rachat2credit.fr\/guide"],"url":"https:\/\/rachat2credit.fr\/guide\/author\/aurelien\/"}]}},"_links":{"self":[{"href":"https:\/\/rachat2credit.fr\/guide\/wp-json\/wp\/v2\/posts\/800","targetHints":{"allow":["GET"]}}],"collection":[{"href":"https:\/\/rachat2credit.fr\/guide\/wp-json\/wp\/v2\/posts"}],"about":[{"href":"https:\/\/rachat2credit.fr\/guide\/wp-json\/wp\/v2\/types\/post"}],"author":[{"embeddable":true,"href":"https:\/\/rachat2credit.fr\/guide\/wp-json\/wp\/v2\/users\/1"}],"replies":[{"embeddable":true,"href":"https:\/\/rachat2credit.fr\/guide\/wp-json\/wp\/v2\/comments?post=800"}],"version-history":[{"count":0,"href":"https:\/\/rachat2credit.fr\/guide\/wp-json\/wp\/v2\/posts\/800\/revisions"}],"wp:featuredmedia":[{"embeddable":true,"href":"https:\/\/rachat2credit.fr\/guide\/wp-json\/wp\/v2\/media\/801"}],"wp:attachment":[{"href":"https:\/\/rachat2credit.fr\/guide\/wp-json\/wp\/v2\/media?parent=800"}],"wp:term":[{"taxonomy":"category","embeddable":true,"href":"https:\/\/rachat2credit.fr\/guide\/wp-json\/wp\/v2\/categories?post=800"},{"taxonomy":"post_tag","embeddable":true,"href":"https:\/\/rachat2credit.fr\/guide\/wp-json\/wp\/v2\/tags?post=800"}],"curies":[{"name":"wp","href":"https:\/\/api.w.org\/{rel}","templated":true}]}}