{"id":822,"date":"2025-08-12T06:46:09","date_gmt":"2025-08-12T04:46:09","guid":{"rendered":"https:\/\/rachat2credit.fr\/guide\/fin-du-per-pour-enfants-mineurs-on-nous-retire-le-seul-outil-depargne-avantageux-pour-leur-avenir\/"},"modified":"2025-08-12T06:46:09","modified_gmt":"2025-08-12T04:46:09","slug":"fin-du-per-pour-enfants-mineurs-on-nous-retire-le-seul-outil-depargne-avantageux-pour-leur-avenir","status":"publish","type":"post","link":"https:\/\/rachat2credit.fr\/guide\/fin-du-per-pour-enfants-mineurs-on-nous-retire-le-seul-outil-depargne-avantageux-pour-leur-avenir\/","title":{"rendered":"Fin du PER pour enfants mineurs ? \u00ab\u00a0On nous retire le seul outil d&rsquo;\u00e9pargne avantageux pour leur avenir\u00a0\u00bb"},"content":{"rendered":"<p>\u00ab\u00a0`html<\/p>\n<p><strong>\u00ab\u00a0Fin du PER pour enfants mineurs : une mesure qui pourrait bouleverser l&rsquo;\u00e9pargne familiale\u00a0\u00bb<\/strong><\/p>\n<p>Une rumeur persistante agite les cercles financiers depuis plusieurs semaines : le Plan d&rsquo;\u00c9pargne Retraite (PER) pour les enfants mineurs pourrait dispara\u00eetre. Cette mesure, si elle se confirmait, remettrait en cause des strat\u00e9gies d&rsquo;\u00e9pargne familiale soigneusement construites par des milliers de parents.<\/p>\n<div class=\"quote\">\n<p>\u00ab\u00a0J&rsquo;ai ouvert un PER pour ma fille de 12 ans l&rsquo;an dernier. Si c&rsquo;est supprim\u00e9, tout notre projet tombe \u00e0 l&rsquo;eau\u00a0\u00bb, t\u00e9moigne \u00c9lodie, 38 ans, consultante en ressources humaines.<\/p>\n<\/div>\n<div id=\"ez-toc-container\" class=\"ez-toc-v2_0_82_2 counter-hierarchy ez-toc-counter ez-toc-grey ez-toc-container-direction\">\n<p class=\"ez-toc-title\" style=\"cursor:inherit\">Sommaire<\/p>\n<label for=\"ez-toc-cssicon-toggle-item-69f105244c81c\" class=\"ez-toc-cssicon-toggle-label\"><span class=\"ez-toc-cssicon\"><span class=\"eztoc-hide\" style=\"display:none;\">Toggle<\/span><span class=\"ez-toc-icon-toggle-span\"><svg style=\"fill: #999;color:#999\" xmlns=\"http:\/\/www.w3.org\/2000\/svg\" class=\"list-377408\" width=\"20px\" height=\"20px\" viewBox=\"0 0 24 24\" fill=\"none\"><path d=\"M6 6H4v2h2V6zm14 0H8v2h12V6zM4 11h2v2H4v-2zm16 0H8v2h12v-2zM4 16h2v2H4v-2zm16 0H8v2h12v-2z\" fill=\"currentColor\"><\/path><\/svg><svg style=\"fill: #999;color:#999\" class=\"arrow-unsorted-368013\" xmlns=\"http:\/\/www.w3.org\/2000\/svg\" width=\"10px\" height=\"10px\" viewBox=\"0 0 24 24\" version=\"1.2\" baseProfile=\"tiny\"><path d=\"M18.2 9.3l-6.2-6.3-6.2 6.3c-.2.2-.3.4-.3.7s.1.5.3.7c.2.2.4.3.7.3h11c.3 0 .5-.1.7-.3.2-.2.3-.5.3-.7s-.1-.5-.3-.7zM5.8 14.7l6.2 6.3 6.2-6.3c.2-.2.3-.5.3-.7s-.1-.5-.3-.7c-.2-.2-.4-.3-.7-.3h-11c-.3 0-.5.1-.7.3-.2.2-.3.5-.3.7s.1.5.3.7z\"\/><\/svg><\/span><\/span><\/label><input type=\"checkbox\"  id=\"ez-toc-cssicon-toggle-item-69f105244c81c\" checked aria-label=\"Toggle\" \/><nav><ul class='ez-toc-list ez-toc-list-level-1 ' ><li class='ez-toc-page-1 ez-toc-heading-level-2'><a class=\"ez-toc-link ez-toc-heading-1\" href=\"https:\/\/rachat2credit.fr\/guide\/fin-du-per-pour-enfants-mineurs-on-nous-retire-le-seul-outil-depargne-avantageux-pour-leur-avenir\/#Un_outil_plebiscite_par_les_familles\" >Un outil pl\u00e9biscit\u00e9 par les familles<\/a><\/li><li class='ez-toc-page-1 ez-toc-heading-level-2'><a class=\"ez-toc-link ez-toc-heading-2\" href=\"https:\/\/rachat2credit.fr\/guide\/fin-du-per-pour-enfants-mineurs-on-nous-retire-le-seul-outil-depargne-avantageux-pour-leur-avenir\/#Les_raisons_dune_possible_suppression\" >Les raisons d&rsquo;une possible suppression<\/a><\/li><li class='ez-toc-page-1 ez-toc-heading-level-2'><a class=\"ez-toc-link ez-toc-heading-3\" href=\"https:\/\/rachat2credit.fr\/guide\/fin-du-per-pour-enfants-mineurs-on-nous-retire-le-seul-outil-depargne-avantageux-pour-leur-avenir\/#Les_alternatives_qui_emergent\" >Les alternatives qui \u00e9mergent<\/a><\/li><li class='ez-toc-page-1 ez-toc-heading-level-2'><a class=\"ez-toc-link ez-toc-heading-4\" href=\"https:\/\/rachat2credit.fr\/guide\/fin-du-per-pour-enfants-mineurs-on-nous-retire-le-seul-outil-depargne-avantageux-pour-leur-avenir\/#Un_impact_generationnel_a_craindre\" >Un impact g\u00e9n\u00e9rationnel \u00e0 craindre ?<\/a><\/li><\/ul><\/nav><\/div>\n<h2><span class=\"ez-toc-section\" id=\"Un_outil_plebiscite_par_les_familles\"><\/span>Un outil pl\u00e9biscit\u00e9 par les familles<span class=\"ez-toc-section-end\"><\/span><\/h2>\n<p>Le PER mineur s&rsquo;\u00e9tait impos\u00e9 comme un produit phare pour les parents soucieux de pr\u00e9parer l&rsquo;avenir de leurs enfants. Avec ses avantages fiscaux et sa flexibilit\u00e9, il repr\u00e9sentait une alternative int\u00e9ressante aux traditionnelles assurances-vie.<\/p>\n<p>D&rsquo;apr\u00e8s une <a href=\"https:\/\/www.economie.gouv.fr\" target=\"_blank\" rel=\"noopener\">\u00e9tude du minist\u00e8re de l&rsquo;\u00c9conomie<\/a>, pr\u00e8s de 15% des PER ouverts en 2023 l&rsquo;auraient \u00e9t\u00e9 au b\u00e9n\u00e9fice d&rsquo;enfants mineurs. Un engouement qui pourrait expliquer les interrogations des pouvoirs publics sur ce dispositif.<\/p>\n<h2><span class=\"ez-toc-section\" id=\"Les_raisons_dune_possible_suppression\"><\/span>Les raisons d&rsquo;une possible suppression<span class=\"ez-toc-section-end\"><\/span><\/h2>\n<p>Plusieurs sources concordantes \u00e9voqueraient des craintes quant \u00e0 l&rsquo;utilisation d\u00e9tourn\u00e9e de ces produits. Certains parents y verraient un moyen d&rsquo;optimisation fiscale plut\u00f4t qu&rsquo;un v\u00e9ritable outil de pr\u00e9paration \u00e0 la retraite.<\/p>\n<div class=\"highlight\">\n<p>Les experts interrog\u00e9s soulignent que le PER mineur pr\u00e9senterait des risques de liquidit\u00e9 trop importants pour un produit cens\u00e9 financer une retraite lointaine.<\/p>\n<\/div>\n<p>Par ailleurs, la complexit\u00e9 du dispositif &#8211; avec ses multiples options de sortie &#8211; pourrait avoir d\u00e9courag\u00e9 les autorit\u00e9s. \u00ab\u00a0Entre les d\u00e9blocages pour achat de r\u00e9sidence principale, les cas de force majeure et les autres exceptions, le cadre est devenu trop poreux\u00a0\u00bb, analyse Marc Lef\u00e8vre, consultant en gestion de patrimoine.<\/p>\n<h2><span class=\"ez-toc-section\" id=\"Les_alternatives_qui_emergent\"><\/span>Les alternatives qui \u00e9mergent<span class=\"ez-toc-section-end\"><\/span><\/h2>\n<p>Face \u00e0 cette incertitude, des solutions de repli commencent \u00e0 \u00eatre propos\u00e9es par les \u00e9tablissements financiers :<\/p>\n<ul>\n<li>L&rsquo;assurance-vie classique avec option transmission<\/li>\n<li>Le compte-titres ordinaire sous tutelle parentale<\/li>\n<li>Les produits d&rsquo;\u00e9pargne handicap pour les situations particuli\u00e8res<\/li>\n<\/ul>\n<div class=\"testimonial\">\n<p>\u00ab\u00a0Notre conseiller nous a orient\u00e9s vers une solution mixte avec une partie en assurance-vie et une autre en PEA junior. C&rsquo;est moins flexible mais plus s\u00e9curis\u00e9\u00a0\u00bb, explique Thomas, p\u00e8re de deux adolescentes.<\/p>\n<\/div>\n<h2><span class=\"ez-toc-section\" id=\"Un_impact_generationnel_a_craindre\"><\/span>Un impact g\u00e9n\u00e9rationnel \u00e0 craindre ?<span class=\"ez-toc-section-end\"><\/span><\/h2>\n<p>Si la suppression se confirmait, elle pourrait priver toute une g\u00e9n\u00e9ration d&rsquo;un outil d&rsquo;\u00e9pargne longue dur\u00e9e. Les sp\u00e9cialistes soulignent que le PER offrait une \u00e9ducation financi\u00e8re pr\u00e9coce, avec la possibilit\u00e9 pour l&rsquo;enfant de prendre le relais \u00e0 sa majorit\u00e9.<\/p>\n<p>Certaines voix s&rsquo;\u00e9l\u00e8vent d\u00e9j\u00e0 pour proposer un syst\u00e8me transitoire. \u00ab\u00a0Pourquoi ne pas garder le PER mineur mais avec des conditions plus strictes ?\u00a0\u00bb, sugg\u00e8re Marie Dubois, pr\u00e9sidente d&rsquo;une association de d\u00e9fense des \u00e9pargnants.<\/p>\n<p>En attendant une \u00e9ventuelle confirmation officielle, les familles concern\u00e9es sont invit\u00e9es \u00e0 se rapprocher de leurs conseillers financiers. La prudence reste de mise avant tout arbitrage pr\u00e9cipit\u00e9, d&rsquo;autant que les PER existants pourraient \u00eatre maintenus sous certaines conditions.<\/p>\n<p>Une chose est s\u00fbre : ce d\u00e9bat relance la r\u00e9flexion sur l&rsquo;\u00e9quilibre entre libert\u00e9 d&rsquo;\u00e9pargne et protection des \u00e9pargnants, surtout lorsqu&rsquo;il s&rsquo;agit de produits destin\u00e9s aux plus jeunes.<\/p>\n<p>\u00ab\u00a0`<\/p>\n\n\n<div class=\"kk-star-ratings kksr-auto kksr-align-center kksr-valign-bottom\"\n    data-payload='{&quot;align&quot;:&quot;center&quot;,&quot;id&quot;:&quot;822&quot;,&quot;slug&quot;:&quot;default&quot;,&quot;valign&quot;:&quot;bottom&quot;,&quot;ignore&quot;:&quot;&quot;,&quot;reference&quot;:&quot;auto&quot;,&quot;class&quot;:&quot;&quot;,&quot;count&quot;:&quot;0&quot;,&quot;legendonly&quot;:&quot;&quot;,&quot;readonly&quot;:&quot;&quot;,&quot;score&quot;:&quot;0&quot;,&quot;starsonly&quot;:&quot;&quot;,&quot;best&quot;:&quot;5&quot;,&quot;gap&quot;:&quot;5&quot;,&quot;greet&quot;:&quot;&quot;,&quot;legend&quot;:&quot;0\\\/5 - (0 vote)&quot;,&quot;size&quot;:&quot;24&quot;,&quot;title&quot;:&quot;Fin du PER pour enfants mineurs ? \\u0026quot;On nous retire le seul outil d\\u0026#039;\u00e9pargne avantageux pour leur avenir\\u0026quot;&quot;,&quot;width&quot;:&quot;0&quot;,&quot;_legend&quot;:&quot;{score}\\\/{best} - ({count} {votes})&quot;,&quot;font_factor&quot;:&quot;1.25&quot;}'>\n            \n<div class=\"kksr-stars\">\n    \n<div class=\"kksr-stars-inactive\">\n            <div class=\"kksr-star\" data-star=\"1\" style=\"padding-right: 5px\">\n            \n\n<div class=\"kksr-icon\" style=\"width: 24px; height: 24px;\"><\/div>\n        <\/div>\n            <div class=\"kksr-star\" data-star=\"2\" style=\"padding-right: 5px\">\n            \n\n<div class=\"kksr-icon\" style=\"width: 24px; height: 24px;\"><\/div>\n        <\/div>\n            <div class=\"kksr-star\" data-star=\"3\" style=\"padding-right: 5px\">\n            \n\n<div class=\"kksr-icon\" style=\"width: 24px; height: 24px;\"><\/div>\n        <\/div>\n            <div class=\"kksr-star\" data-star=\"4\" style=\"padding-right: 5px\">\n            \n\n<div class=\"kksr-icon\" style=\"width: 24px; height: 24px;\"><\/div>\n        <\/div>\n            <div class=\"kksr-star\" data-star=\"5\" style=\"padding-right: 5px\">\n            \n\n<div class=\"kksr-icon\" style=\"width: 24px; height: 24px;\"><\/div>\n        <\/div>\n    <\/div>\n    \n<div class=\"kksr-stars-active\" style=\"width: 0px;\">\n            <div class=\"kksr-star\" style=\"padding-right: 5px\">\n            \n\n<div class=\"kksr-icon\" style=\"width: 24px; height: 24px;\"><\/div>\n        <\/div>\n            <div class=\"kksr-star\" style=\"padding-right: 5px\">\n            \n\n<div class=\"kksr-icon\" style=\"width: 24px; height: 24px;\"><\/div>\n        <\/div>\n            <div class=\"kksr-star\" style=\"padding-right: 5px\">\n            \n\n<div class=\"kksr-icon\" style=\"width: 24px; height: 24px;\"><\/div>\n        <\/div>\n            <div class=\"kksr-star\" style=\"padding-right: 5px\">\n            \n\n<div class=\"kksr-icon\" style=\"width: 24px; height: 24px;\"><\/div>\n        <\/div>\n            <div class=\"kksr-star\" style=\"padding-right: 5px\">\n            \n\n<div class=\"kksr-icon\" style=\"width: 24px; height: 24px;\"><\/div>\n        <\/div>\n    <\/div>\n<\/div>\n                \n\n<div class=\"kksr-legend\" style=\"font-size: 19.2px;\">\n            <span class=\"kksr-muted\"><\/span>\n    <\/div>\n    <\/div>\n","protected":false},"excerpt":{"rendered":"<p>\u00ab\u00a0`html \u00ab\u00a0Fin du PER pour enfants mineurs : une mesure qui pourrait bouleverser l&rsquo;\u00e9pargne familiale\u00a0\u00bb Une rumeur persistante agite les cercles financiers depuis plusieurs semaines : le Plan d&rsquo;\u00c9pargne Retraite (PER) pour les enfants mineurs pourrait dispara\u00eetre. Cette mesure, si elle se confirmait, remettrait en cause des strat\u00e9gies d&rsquo;\u00e9pargne familiale soigneusement construites par des milliers &#8230; <a title=\"Fin du PER pour enfants mineurs ? \u00ab\u00a0On nous retire le seul outil d&rsquo;\u00e9pargne avantageux pour leur avenir\u00a0\u00bb\" class=\"read-more\" href=\"https:\/\/rachat2credit.fr\/guide\/fin-du-per-pour-enfants-mineurs-on-nous-retire-le-seul-outil-depargne-avantageux-pour-leur-avenir\/\" aria-label=\"En savoir plus sur Fin du PER pour enfants mineurs ? \u00ab\u00a0On nous retire le seul outil d&rsquo;\u00e9pargne avantageux pour leur avenir\u00a0\u00bb\">Lire plus<\/a><\/p>\n","protected":false},"author":1,"featured_media":823,"comment_status":"open","ping_status":"open","sticky":false,"template":"","format":"standard","meta":{"footnotes":""},"categories":[8],"tags":[],"class_list":["post-822","post","type-post","status-publish","format-standard","has-post-thumbnail","hentry","category-a-la-une"],"yoast_head":"<!-- This site is optimized with the Yoast SEO plugin v27.5 - https:\/\/yoast.com\/product\/yoast-seo-wordpress\/ -->\n<title>Fin du PER pour enfants mineurs ? &quot;On nous retire le seul outil d&#039;\u00e9pargne avantageux pour leur avenir&quot; - Rachat de Cr\u00e9dit<\/title>\n<meta name=\"robots\" content=\"index, follow, max-snippet:-1, max-image-preview:large, max-video-preview:-1\" \/>\n<link rel=\"canonical\" href=\"https:\/\/rachat2credit.fr\/guide\/fin-du-per-pour-enfants-mineurs-on-nous-retire-le-seul-outil-depargne-avantageux-pour-leur-avenir\/\" \/>\n<meta property=\"og:locale\" content=\"fr_FR\" \/>\n<meta property=\"og:type\" content=\"article\" \/>\n<meta property=\"og:title\" content=\"Fin du PER pour enfants mineurs ? &quot;On nous retire le seul outil d&#039;\u00e9pargne avantageux pour leur avenir&quot; - Rachat de Cr\u00e9dit\" \/>\n<meta property=\"og:description\" content=\"\u00ab\u00a0`html \u00ab\u00a0Fin du PER pour enfants mineurs : une mesure qui pourrait bouleverser l&rsquo;\u00e9pargne familiale\u00a0\u00bb Une rumeur persistante agite les cercles financiers depuis plusieurs semaines : le Plan d&rsquo;\u00c9pargne Retraite (PER) pour les enfants mineurs pourrait dispara\u00eetre. Cette mesure, si elle se confirmait, remettrait en cause des strat\u00e9gies d&rsquo;\u00e9pargne familiale soigneusement construites par des milliers ... Lire plus\" \/>\n<meta property=\"og:url\" content=\"https:\/\/rachat2credit.fr\/guide\/fin-du-per-pour-enfants-mineurs-on-nous-retire-le-seul-outil-depargne-avantageux-pour-leur-avenir\/\" \/>\n<meta property=\"og:site_name\" content=\"Rachat de Cr\u00e9dit\" \/>\n<meta property=\"article:published_time\" content=\"2025-08-12T04:46:09+00:00\" \/>\n<meta property=\"og:image\" content=\"https:\/\/rachat2credit.fr\/guide\/wp-content\/uploads\/2025\/08\/flux-822-1754973980.jpg\" \/>\n\t<meta property=\"og:image:width\" content=\"1344\" \/>\n\t<meta property=\"og:image:height\" content=\"768\" \/>\n\t<meta property=\"og:image:type\" content=\"image\/jpeg\" \/>\n<meta name=\"author\" content=\"Aurelien Boulanger\" \/>\n<meta name=\"twitter:card\" content=\"summary_large_image\" \/>\n<meta name=\"twitter:label1\" content=\"\u00c9crit par\" \/>\n\t<meta name=\"twitter:data1\" content=\"Aurelien Boulanger\" \/>\n\t<meta name=\"twitter:label2\" content=\"Dur\u00e9e de lecture estim\u00e9e\" \/>\n\t<meta name=\"twitter:data2\" content=\"3 minutes\" \/>\n<script type=\"application\/ld+json\" class=\"yoast-schema-graph\">{\"@context\":\"https:\\\/\\\/schema.org\",\"@graph\":[{\"@type\":\"NewsArticle\",\"@id\":\"https:\\\/\\\/rachat2credit.fr\\\/guide\\\/fin-du-per-pour-enfants-mineurs-on-nous-retire-le-seul-outil-depargne-avantageux-pour-leur-avenir\\\/#article\",\"isPartOf\":{\"@id\":\"https:\\\/\\\/rachat2credit.fr\\\/guide\\\/fin-du-per-pour-enfants-mineurs-on-nous-retire-le-seul-outil-depargne-avantageux-pour-leur-avenir\\\/\"},\"author\":{\"name\":\"Aurelien Boulanger\",\"@id\":\"https:\\\/\\\/rachat2credit.fr\\\/guide\\\/#\\\/schema\\\/person\\\/d4142086d07bc6acdc4722eabd955cc2\"},\"headline\":\"Fin du PER pour enfants mineurs ? \u00ab\u00a0On nous retire le seul outil d&rsquo;\u00e9pargne avantageux pour leur avenir\u00a0\u00bb\",\"datePublished\":\"2025-08-12T04:46:09+00:00\",\"mainEntityOfPage\":{\"@id\":\"https:\\\/\\\/rachat2credit.fr\\\/guide\\\/fin-du-per-pour-enfants-mineurs-on-nous-retire-le-seul-outil-depargne-avantageux-pour-leur-avenir\\\/\"},\"wordCount\":564,\"commentCount\":22,\"publisher\":{\"@id\":\"https:\\\/\\\/rachat2credit.fr\\\/guide\\\/#organization\"},\"image\":{\"@id\":\"https:\\\/\\\/rachat2credit.fr\\\/guide\\\/fin-du-per-pour-enfants-mineurs-on-nous-retire-le-seul-outil-depargne-avantageux-pour-leur-avenir\\\/#primaryimage\"},\"thumbnailUrl\":\"https:\\\/\\\/rachat2credit.fr\\\/guide\\\/wp-content\\\/uploads\\\/2025\\\/08\\\/flux-822-1754973980.jpg\",\"articleSection\":[\"A la une\"],\"inLanguage\":\"fr-FR\",\"potentialAction\":[{\"@type\":\"CommentAction\",\"name\":\"Comment\",\"target\":[\"https:\\\/\\\/rachat2credit.fr\\\/guide\\\/fin-du-per-pour-enfants-mineurs-on-nous-retire-le-seul-outil-depargne-avantageux-pour-leur-avenir\\\/#respond\"]}]},{\"@type\":\"WebPage\",\"@id\":\"https:\\\/\\\/rachat2credit.fr\\\/guide\\\/fin-du-per-pour-enfants-mineurs-on-nous-retire-le-seul-outil-depargne-avantageux-pour-leur-avenir\\\/\",\"url\":\"https:\\\/\\\/rachat2credit.fr\\\/guide\\\/fin-du-per-pour-enfants-mineurs-on-nous-retire-le-seul-outil-depargne-avantageux-pour-leur-avenir\\\/\",\"name\":\"Fin du PER pour enfants mineurs ? \\\"On nous retire le seul outil d'\u00e9pargne avantageux pour leur avenir\\\" - Rachat de Cr\u00e9dit\",\"isPartOf\":{\"@id\":\"https:\\\/\\\/rachat2credit.fr\\\/guide\\\/#website\"},\"primaryImageOfPage\":{\"@id\":\"https:\\\/\\\/rachat2credit.fr\\\/guide\\\/fin-du-per-pour-enfants-mineurs-on-nous-retire-le-seul-outil-depargne-avantageux-pour-leur-avenir\\\/#primaryimage\"},\"image\":{\"@id\":\"https:\\\/\\\/rachat2credit.fr\\\/guide\\\/fin-du-per-pour-enfants-mineurs-on-nous-retire-le-seul-outil-depargne-avantageux-pour-leur-avenir\\\/#primaryimage\"},\"thumbnailUrl\":\"https:\\\/\\\/rachat2credit.fr\\\/guide\\\/wp-content\\\/uploads\\\/2025\\\/08\\\/flux-822-1754973980.jpg\",\"datePublished\":\"2025-08-12T04:46:09+00:00\",\"breadcrumb\":{\"@id\":\"https:\\\/\\\/rachat2credit.fr\\\/guide\\\/fin-du-per-pour-enfants-mineurs-on-nous-retire-le-seul-outil-depargne-avantageux-pour-leur-avenir\\\/#breadcrumb\"},\"inLanguage\":\"fr-FR\",\"potentialAction\":[{\"@type\":\"ReadAction\",\"target\":[\"https:\\\/\\\/rachat2credit.fr\\\/guide\\\/fin-du-per-pour-enfants-mineurs-on-nous-retire-le-seul-outil-depargne-avantageux-pour-leur-avenir\\\/\"]}]},{\"@type\":\"ImageObject\",\"inLanguage\":\"fr-FR\",\"@id\":\"https:\\\/\\\/rachat2credit.fr\\\/guide\\\/fin-du-per-pour-enfants-mineurs-on-nous-retire-le-seul-outil-depargne-avantageux-pour-leur-avenir\\\/#primaryimage\",\"url\":\"https:\\\/\\\/rachat2credit.fr\\\/guide\\\/wp-content\\\/uploads\\\/2025\\\/08\\\/flux-822-1754973980.jpg\",\"contentUrl\":\"https:\\\/\\\/rachat2credit.fr\\\/guide\\\/wp-content\\\/uploads\\\/2025\\\/08\\\/flux-822-1754973980.jpg\",\"width\":1344,\"height\":768},{\"@type\":\"BreadcrumbList\",\"@id\":\"https:\\\/\\\/rachat2credit.fr\\\/guide\\\/fin-du-per-pour-enfants-mineurs-on-nous-retire-le-seul-outil-depargne-avantageux-pour-leur-avenir\\\/#breadcrumb\",\"itemListElement\":[{\"@type\":\"ListItem\",\"position\":1,\"name\":\"Accueil\",\"item\":\"https:\\\/\\\/rachat2credit.fr\\\/guide\\\/\"},{\"@type\":\"ListItem\",\"position\":2,\"name\":\"Fin du PER pour enfants mineurs ? \u00ab\u00a0On nous retire le seul outil d&rsquo;\u00e9pargne avantageux pour leur avenir\u00a0\u00bb\"}]},{\"@type\":\"WebSite\",\"@id\":\"https:\\\/\\\/rachat2credit.fr\\\/guide\\\/#website\",\"url\":\"https:\\\/\\\/rachat2credit.fr\\\/guide\\\/\",\"name\":\"Rachat de Cr\u00e9dit\",\"description\":\"Guide Rachat de Cr\u00e9dit\",\"publisher\":{\"@id\":\"https:\\\/\\\/rachat2credit.fr\\\/guide\\\/#organization\"},\"potentialAction\":[{\"@type\":\"SearchAction\",\"target\":{\"@type\":\"EntryPoint\",\"urlTemplate\":\"https:\\\/\\\/rachat2credit.fr\\\/guide\\\/?s={search_term_string}\"},\"query-input\":{\"@type\":\"PropertyValueSpecification\",\"valueRequired\":true,\"valueName\":\"search_term_string\"}}],\"inLanguage\":\"fr-FR\"},{\"@type\":\"Organization\",\"@id\":\"https:\\\/\\\/rachat2credit.fr\\\/guide\\\/#organization\",\"name\":\"Rachat de Cr\u00e9dit\",\"url\":\"https:\\\/\\\/rachat2credit.fr\\\/guide\\\/\",\"logo\":{\"@type\":\"ImageObject\",\"inLanguage\":\"fr-FR\",\"@id\":\"https:\\\/\\\/rachat2credit.fr\\\/guide\\\/#\\\/schema\\\/logo\\\/image\\\/\",\"url\":\"https:\\\/\\\/rachat2credit.fr\\\/guide\\\/wp-content\\\/uploads\\\/2025\\\/05\\\/rachat2credit.png\",\"contentUrl\":\"https:\\\/\\\/rachat2credit.fr\\\/guide\\\/wp-content\\\/uploads\\\/2025\\\/05\\\/rachat2credit.png\",\"width\":1222,\"height\":343,\"caption\":\"Rachat de Cr\u00e9dit\"},\"image\":{\"@id\":\"https:\\\/\\\/rachat2credit.fr\\\/guide\\\/#\\\/schema\\\/logo\\\/image\\\/\"}},{\"@type\":\"Person\",\"@id\":\"https:\\\/\\\/rachat2credit.fr\\\/guide\\\/#\\\/schema\\\/person\\\/d4142086d07bc6acdc4722eabd955cc2\",\"name\":\"Aurelien Boulanger\",\"image\":{\"@type\":\"ImageObject\",\"inLanguage\":\"fr-FR\",\"@id\":\"https:\\\/\\\/secure.gravatar.com\\\/avatar\\\/32175434c9ca2b27bfeb905d1c3ec782a789caf494bc0ec8fa6ed0ee39c2e62a?s=96&d=mm&r=g\",\"url\":\"https:\\\/\\\/secure.gravatar.com\\\/avatar\\\/32175434c9ca2b27bfeb905d1c3ec782a789caf494bc0ec8fa6ed0ee39c2e62a?s=96&d=mm&r=g\",\"contentUrl\":\"https:\\\/\\\/secure.gravatar.com\\\/avatar\\\/32175434c9ca2b27bfeb905d1c3ec782a789caf494bc0ec8fa6ed0ee39c2e62a?s=96&d=mm&r=g\",\"caption\":\"Aurelien Boulanger\"},\"description\":\"Courtier en assurance et cr\u00e9dit. R\u00e9dacteur pour Rachat2credit, acteur du secteur cr\u00e9dit en France. Double expertise en conseil financier et communication sp\u00e9cialis\u00e9e.\",\"sameAs\":[\"https:\\\/\\\/rachat2credit.fr\\\/guide\"],\"url\":\"https:\\\/\\\/rachat2credit.fr\\\/guide\\\/author\\\/aurelien\\\/\"}]}<\/script>\n<!-- \/ Yoast SEO plugin. -->","yoast_head_json":{"title":"Fin du PER pour enfants mineurs ? \"On nous retire le seul outil d'\u00e9pargne avantageux pour leur avenir\" - Rachat de Cr\u00e9dit","robots":{"index":"index","follow":"follow","max-snippet":"max-snippet:-1","max-image-preview":"max-image-preview:large","max-video-preview":"max-video-preview:-1"},"canonical":"https:\/\/rachat2credit.fr\/guide\/fin-du-per-pour-enfants-mineurs-on-nous-retire-le-seul-outil-depargne-avantageux-pour-leur-avenir\/","og_locale":"fr_FR","og_type":"article","og_title":"Fin du PER pour enfants mineurs ? \"On nous retire le seul outil d'\u00e9pargne avantageux pour leur avenir\" - Rachat de Cr\u00e9dit","og_description":"\u00ab\u00a0`html \u00ab\u00a0Fin du PER pour enfants mineurs : une mesure qui pourrait bouleverser l&rsquo;\u00e9pargne familiale\u00a0\u00bb Une rumeur persistante agite les cercles financiers depuis plusieurs semaines : le Plan d&rsquo;\u00c9pargne Retraite (PER) pour les enfants mineurs pourrait dispara\u00eetre. Cette mesure, si elle se confirmait, remettrait en cause des strat\u00e9gies d&rsquo;\u00e9pargne familiale soigneusement construites par des milliers ... Lire plus","og_url":"https:\/\/rachat2credit.fr\/guide\/fin-du-per-pour-enfants-mineurs-on-nous-retire-le-seul-outil-depargne-avantageux-pour-leur-avenir\/","og_site_name":"Rachat de Cr\u00e9dit","article_published_time":"2025-08-12T04:46:09+00:00","og_image":[{"width":1344,"height":768,"url":"https:\/\/rachat2credit.fr\/guide\/wp-content\/uploads\/2025\/08\/flux-822-1754973980.jpg","type":"image\/jpeg"}],"author":"Aurelien Boulanger","twitter_card":"summary_large_image","twitter_misc":{"\u00c9crit par":"Aurelien Boulanger","Dur\u00e9e de lecture estim\u00e9e":"3 minutes"},"schema":{"@context":"https:\/\/schema.org","@graph":[{"@type":"NewsArticle","@id":"https:\/\/rachat2credit.fr\/guide\/fin-du-per-pour-enfants-mineurs-on-nous-retire-le-seul-outil-depargne-avantageux-pour-leur-avenir\/#article","isPartOf":{"@id":"https:\/\/rachat2credit.fr\/guide\/fin-du-per-pour-enfants-mineurs-on-nous-retire-le-seul-outil-depargne-avantageux-pour-leur-avenir\/"},"author":{"name":"Aurelien Boulanger","@id":"https:\/\/rachat2credit.fr\/guide\/#\/schema\/person\/d4142086d07bc6acdc4722eabd955cc2"},"headline":"Fin du PER pour enfants mineurs ? \u00ab\u00a0On nous retire le seul outil d&rsquo;\u00e9pargne avantageux pour leur avenir\u00a0\u00bb","datePublished":"2025-08-12T04:46:09+00:00","mainEntityOfPage":{"@id":"https:\/\/rachat2credit.fr\/guide\/fin-du-per-pour-enfants-mineurs-on-nous-retire-le-seul-outil-depargne-avantageux-pour-leur-avenir\/"},"wordCount":564,"commentCount":22,"publisher":{"@id":"https:\/\/rachat2credit.fr\/guide\/#organization"},"image":{"@id":"https:\/\/rachat2credit.fr\/guide\/fin-du-per-pour-enfants-mineurs-on-nous-retire-le-seul-outil-depargne-avantageux-pour-leur-avenir\/#primaryimage"},"thumbnailUrl":"https:\/\/rachat2credit.fr\/guide\/wp-content\/uploads\/2025\/08\/flux-822-1754973980.jpg","articleSection":["A la une"],"inLanguage":"fr-FR","potentialAction":[{"@type":"CommentAction","name":"Comment","target":["https:\/\/rachat2credit.fr\/guide\/fin-du-per-pour-enfants-mineurs-on-nous-retire-le-seul-outil-depargne-avantageux-pour-leur-avenir\/#respond"]}]},{"@type":"WebPage","@id":"https:\/\/rachat2credit.fr\/guide\/fin-du-per-pour-enfants-mineurs-on-nous-retire-le-seul-outil-depargne-avantageux-pour-leur-avenir\/","url":"https:\/\/rachat2credit.fr\/guide\/fin-du-per-pour-enfants-mineurs-on-nous-retire-le-seul-outil-depargne-avantageux-pour-leur-avenir\/","name":"Fin du PER pour enfants mineurs ? \"On nous retire le seul outil d'\u00e9pargne avantageux pour leur avenir\" - Rachat de Cr\u00e9dit","isPartOf":{"@id":"https:\/\/rachat2credit.fr\/guide\/#website"},"primaryImageOfPage":{"@id":"https:\/\/rachat2credit.fr\/guide\/fin-du-per-pour-enfants-mineurs-on-nous-retire-le-seul-outil-depargne-avantageux-pour-leur-avenir\/#primaryimage"},"image":{"@id":"https:\/\/rachat2credit.fr\/guide\/fin-du-per-pour-enfants-mineurs-on-nous-retire-le-seul-outil-depargne-avantageux-pour-leur-avenir\/#primaryimage"},"thumbnailUrl":"https:\/\/rachat2credit.fr\/guide\/wp-content\/uploads\/2025\/08\/flux-822-1754973980.jpg","datePublished":"2025-08-12T04:46:09+00:00","breadcrumb":{"@id":"https:\/\/rachat2credit.fr\/guide\/fin-du-per-pour-enfants-mineurs-on-nous-retire-le-seul-outil-depargne-avantageux-pour-leur-avenir\/#breadcrumb"},"inLanguage":"fr-FR","potentialAction":[{"@type":"ReadAction","target":["https:\/\/rachat2credit.fr\/guide\/fin-du-per-pour-enfants-mineurs-on-nous-retire-le-seul-outil-depargne-avantageux-pour-leur-avenir\/"]}]},{"@type":"ImageObject","inLanguage":"fr-FR","@id":"https:\/\/rachat2credit.fr\/guide\/fin-du-per-pour-enfants-mineurs-on-nous-retire-le-seul-outil-depargne-avantageux-pour-leur-avenir\/#primaryimage","url":"https:\/\/rachat2credit.fr\/guide\/wp-content\/uploads\/2025\/08\/flux-822-1754973980.jpg","contentUrl":"https:\/\/rachat2credit.fr\/guide\/wp-content\/uploads\/2025\/08\/flux-822-1754973980.jpg","width":1344,"height":768},{"@type":"BreadcrumbList","@id":"https:\/\/rachat2credit.fr\/guide\/fin-du-per-pour-enfants-mineurs-on-nous-retire-le-seul-outil-depargne-avantageux-pour-leur-avenir\/#breadcrumb","itemListElement":[{"@type":"ListItem","position":1,"name":"Accueil","item":"https:\/\/rachat2credit.fr\/guide\/"},{"@type":"ListItem","position":2,"name":"Fin du PER pour enfants mineurs ? \u00ab\u00a0On nous retire le seul outil d&rsquo;\u00e9pargne avantageux pour leur avenir\u00a0\u00bb"}]},{"@type":"WebSite","@id":"https:\/\/rachat2credit.fr\/guide\/#website","url":"https:\/\/rachat2credit.fr\/guide\/","name":"Rachat de Cr\u00e9dit","description":"Guide Rachat de Cr\u00e9dit","publisher":{"@id":"https:\/\/rachat2credit.fr\/guide\/#organization"},"potentialAction":[{"@type":"SearchAction","target":{"@type":"EntryPoint","urlTemplate":"https:\/\/rachat2credit.fr\/guide\/?s={search_term_string}"},"query-input":{"@type":"PropertyValueSpecification","valueRequired":true,"valueName":"search_term_string"}}],"inLanguage":"fr-FR"},{"@type":"Organization","@id":"https:\/\/rachat2credit.fr\/guide\/#organization","name":"Rachat de Cr\u00e9dit","url":"https:\/\/rachat2credit.fr\/guide\/","logo":{"@type":"ImageObject","inLanguage":"fr-FR","@id":"https:\/\/rachat2credit.fr\/guide\/#\/schema\/logo\/image\/","url":"https:\/\/rachat2credit.fr\/guide\/wp-content\/uploads\/2025\/05\/rachat2credit.png","contentUrl":"https:\/\/rachat2credit.fr\/guide\/wp-content\/uploads\/2025\/05\/rachat2credit.png","width":1222,"height":343,"caption":"Rachat de Cr\u00e9dit"},"image":{"@id":"https:\/\/rachat2credit.fr\/guide\/#\/schema\/logo\/image\/"}},{"@type":"Person","@id":"https:\/\/rachat2credit.fr\/guide\/#\/schema\/person\/d4142086d07bc6acdc4722eabd955cc2","name":"Aurelien Boulanger","image":{"@type":"ImageObject","inLanguage":"fr-FR","@id":"https:\/\/secure.gravatar.com\/avatar\/32175434c9ca2b27bfeb905d1c3ec782a789caf494bc0ec8fa6ed0ee39c2e62a?s=96&d=mm&r=g","url":"https:\/\/secure.gravatar.com\/avatar\/32175434c9ca2b27bfeb905d1c3ec782a789caf494bc0ec8fa6ed0ee39c2e62a?s=96&d=mm&r=g","contentUrl":"https:\/\/secure.gravatar.com\/avatar\/32175434c9ca2b27bfeb905d1c3ec782a789caf494bc0ec8fa6ed0ee39c2e62a?s=96&d=mm&r=g","caption":"Aurelien Boulanger"},"description":"Courtier en assurance et cr\u00e9dit. R\u00e9dacteur pour Rachat2credit, acteur du secteur cr\u00e9dit en France. Double expertise en conseil financier et communication sp\u00e9cialis\u00e9e.","sameAs":["https:\/\/rachat2credit.fr\/guide"],"url":"https:\/\/rachat2credit.fr\/guide\/author\/aurelien\/"}]}},"_links":{"self":[{"href":"https:\/\/rachat2credit.fr\/guide\/wp-json\/wp\/v2\/posts\/822","targetHints":{"allow":["GET"]}}],"collection":[{"href":"https:\/\/rachat2credit.fr\/guide\/wp-json\/wp\/v2\/posts"}],"about":[{"href":"https:\/\/rachat2credit.fr\/guide\/wp-json\/wp\/v2\/types\/post"}],"author":[{"embeddable":true,"href":"https:\/\/rachat2credit.fr\/guide\/wp-json\/wp\/v2\/users\/1"}],"replies":[{"embeddable":true,"href":"https:\/\/rachat2credit.fr\/guide\/wp-json\/wp\/v2\/comments?post=822"}],"version-history":[{"count":0,"href":"https:\/\/rachat2credit.fr\/guide\/wp-json\/wp\/v2\/posts\/822\/revisions"}],"wp:featuredmedia":[{"embeddable":true,"href":"https:\/\/rachat2credit.fr\/guide\/wp-json\/wp\/v2\/media\/823"}],"wp:attachment":[{"href":"https:\/\/rachat2credit.fr\/guide\/wp-json\/wp\/v2\/media?parent=822"}],"wp:term":[{"taxonomy":"category","embeddable":true,"href":"https:\/\/rachat2credit.fr\/guide\/wp-json\/wp\/v2\/categories?post=822"},{"taxonomy":"post_tag","embeddable":true,"href":"https:\/\/rachat2credit.fr\/guide\/wp-json\/wp\/v2\/tags?post=822"}],"curies":[{"name":"wp","href":"https:\/\/api.w.org\/{rel}","templated":true}]}}