{"id":836,"date":"2025-08-13T06:46:01","date_gmt":"2025-08-13T04:46:01","guid":{"rendered":"https:\/\/rachat2credit.fr\/guide\/les-seniors-paient-trop-cher-leur-assurance-auto-jai-decouvert-une-astuce-pour-diviser-ma-facture-par-deux\/"},"modified":"2025-08-13T06:46:01","modified_gmt":"2025-08-13T04:46:01","slug":"les-seniors-paient-trop-cher-leur-assurance-auto-jai-decouvert-une-astuce-pour-diviser-ma-facture-par-deux","status":"publish","type":"post","link":"https:\/\/rachat2credit.fr\/guide\/les-seniors-paient-trop-cher-leur-assurance-auto-jai-decouvert-une-astuce-pour-diviser-ma-facture-par-deux\/","title":{"rendered":"Les seniors paient trop cher leur assurance auto \u00ab\u00a0j&rsquo;ai d\u00e9couvert une astuce pour diviser ma facture par deux\u00a0\u00bb"},"content":{"rendered":"<article>\n<p>\u00abJe payais 30% de plus que mon voisin \u00e0 cause de mon \u00e2ge\u00bb : le prix de l&rsquo;assurance auto senior sous la loupe<\/p>\n<p>Alors que les seniors repr\u00e9sentent pr\u00e8s de 30% des conducteurs fran\u00e7ais*, leurs primes d&rsquo;assurance automobile font d\u00e9bat. Entre tarifs pr\u00e9f\u00e9rentiels et surprimes cach\u00e9es, d\u00e9cryptage d&rsquo;un march\u00e9 qui divise.<\/p>\n<div id=\"ez-toc-container\" class=\"ez-toc-v2_0_82_2 counter-hierarchy ez-toc-counter ez-toc-grey ez-toc-container-direction\">\n<p class=\"ez-toc-title\" style=\"cursor:inherit\">Sommaire<\/p>\n<label for=\"ez-toc-cssicon-toggle-item-69f1051b14331\" class=\"ez-toc-cssicon-toggle-label\"><span class=\"ez-toc-cssicon\"><span class=\"eztoc-hide\" style=\"display:none;\">Toggle<\/span><span class=\"ez-toc-icon-toggle-span\"><svg style=\"fill: #999;color:#999\" xmlns=\"http:\/\/www.w3.org\/2000\/svg\" class=\"list-377408\" width=\"20px\" height=\"20px\" viewBox=\"0 0 24 24\" fill=\"none\"><path d=\"M6 6H4v2h2V6zm14 0H8v2h12V6zM4 11h2v2H4v-2zm16 0H8v2h12v-2zM4 16h2v2H4v-2zm16 0H8v2h12v-2z\" fill=\"currentColor\"><\/path><\/svg><svg style=\"fill: #999;color:#999\" class=\"arrow-unsorted-368013\" xmlns=\"http:\/\/www.w3.org\/2000\/svg\" width=\"10px\" height=\"10px\" viewBox=\"0 0 24 24\" version=\"1.2\" baseProfile=\"tiny\"><path d=\"M18.2 9.3l-6.2-6.3-6.2 6.3c-.2.2-.3.4-.3.7s.1.5.3.7c.2.2.4.3.7.3h11c.3 0 .5-.1.7-.3.2-.2.3-.5.3-.7s-.1-.5-.3-.7zM5.8 14.7l6.2 6.3 6.2-6.3c.2-.2.3-.5.3-.7s-.1-.5-.3-.7c-.2-.2-.4-.3-.7-.3h-11c-.3 0-.5.1-.7.3-.2.2-.3.5-.3.7s.1.5.3.7z\"\/><\/svg><\/span><\/span><\/label><input type=\"checkbox\"  id=\"ez-toc-cssicon-toggle-item-69f1051b14331\" checked aria-label=\"Toggle\" \/><nav><ul class='ez-toc-list ez-toc-list-level-1 ' ><li class='ez-toc-page-1 ez-toc-heading-level-2'><a class=\"ez-toc-link ez-toc-heading-1\" href=\"https:\/\/rachat2credit.fr\/guide\/les-seniors-paient-trop-cher-leur-assurance-auto-jai-decouvert-une-astuce-pour-diviser-ma-facture-par-deux\/#Un_constat_qui_interpelle\" >Un constat qui interpelle<\/a><\/li><li class='ez-toc-page-1 ez-toc-heading-level-2'><a class=\"ez-toc-link ez-toc-heading-2\" href=\"https:\/\/rachat2credit.fr\/guide\/les-seniors-paient-trop-cher-leur-assurance-auto-jai-decouvert-une-astuce-pour-diviser-ma-facture-par-deux\/#Le_paradoxe_des_statistiques\" >Le paradoxe des statistiques<\/a><\/li><li class='ez-toc-page-1 ez-toc-heading-level-2'><a class=\"ez-toc-link ez-toc-heading-3\" href=\"https:\/\/rachat2credit.fr\/guide\/les-seniors-paient-trop-cher-leur-assurance-auto-jai-decouvert-une-astuce-pour-diviser-ma-facture-par-deux\/#5_astuces_pour_reduire_sa_prime\" >5 astuces pour r\u00e9duire sa prime<\/a><\/li><li class='ez-toc-page-1 ez-toc-heading-level-2'><a class=\"ez-toc-link ez-toc-heading-4\" href=\"https:\/\/rachat2credit.fr\/guide\/les-seniors-paient-trop-cher-leur-assurance-auto-jai-decouvert-une-astuce-pour-diviser-ma-facture-par-deux\/#Le_piege_des_garanties_inutiles\" >Le pi\u00e8ge des garanties inutiles<\/a><\/li><li class='ez-toc-page-1 ez-toc-heading-level-2'><a class=\"ez-toc-link ez-toc-heading-5\" href=\"https:\/\/rachat2credit.fr\/guide\/les-seniors-paient-trop-cher-leur-assurance-auto-jai-decouvert-une-astuce-pour-diviser-ma-facture-par-deux\/#Vers_une_regulation_du_secteur\" >Vers une r\u00e9gulation du secteur ?<\/a><\/li><\/ul><\/nav><\/div>\n<h2><span class=\"ez-toc-section\" id=\"Un_constat_qui_interpelle\"><\/span>Un constat qui interpelle<span class=\"ez-toc-section-end\"><\/span><\/h2>\n<p>Jean, 68 ans, retrait\u00e9 de l&rsquo;\u00e9ducation nationale, a vu sa cotisation annuelle bondir de 120\u20ac du jour au lendemain. \u00ab\u00a0Mon assureur m&rsquo;a expliqu\u00e9 que c&rsquo;\u00e9tait li\u00e9 \u00e0 une nouvelle grille tarifaire prenant en compte l&rsquo;\u00e2ge. Pourtant, je n&rsquo;ai aucun sinistre \u00e0 mon actif depuis 15 ans\u00a0\u00bb, s&rsquo;\u00e9tonne-t-il.<\/p>\n<p>Ce cas n&rsquo;est pas isol\u00e9. Selon une \u00e9tude r\u00e9cente de l&rsquo;<a href=\"https:\/\/www.economie.gouv.fr\/\" target=\"_blank\" rel=\"noopener\">Autorit\u00e9 de la Concurrence<\/a>, les assureurs appliqueraient des coefficients variables pouvant majorer les tarifs de 10 \u00e0 25% pour les plus de 65 ans.<\/p>\n<h2><span class=\"ez-toc-section\" id=\"Le_paradoxe_des_statistiques\"><\/span>Le paradoxe des statistiques<span class=\"ez-toc-section-end\"><\/span><\/h2>\n<p>Les donn\u00e9es semblent contradictoires : si les seniors ont globalement moins d&rsquo;accidents que les jeunes conducteurs, la gravit\u00e9 des sinistres augmenterait avec l&rsquo;\u00e2ge. \u00ab\u00a0Apr\u00e8s 75 ans, on observe une hausse des collisions li\u00e9es \u00e0 des erreurs de jugement\u00a0\u00bb, nuance un rapport de la S\u00e9curit\u00e9 Routi\u00e8re.<\/p>\n<blockquote><p>\u00ab\u00a0Mon p\u00e8re de 82 ans paie moins cher que moi gr\u00e2ce \u00e0 son bonus maximal et son kilom\u00e9trage r\u00e9duit\u00a0\u00bb t\u00e9moigne Marie, 45 ans.<\/p><\/blockquote>\n<h2><span class=\"ez-toc-section\" id=\"5_astuces_pour_reduire_sa_prime\"><\/span>5 astuces pour r\u00e9duire sa prime<span class=\"ez-toc-section-end\"><\/span><\/h2>\n<ul>\n<li><strong>N\u00e9gocier son kilom\u00e9trage<\/strong> : r\u00e9duire son forfait annuel si l&rsquo;usage diminue<\/li>\n<li><strong>Opter pour la t\u00e9l\u00e9matique<\/strong> : certains assureurs proposent des bo\u00eetiers adapt\u00e9s<\/li>\n<li><strong>Choisir un v\u00e9hicule bien cot\u00e9<\/strong> : \u00e9viter les mod\u00e8les trop puissants ou mal not\u00e9s au crash-test<\/li>\n<li><strong>Demander un audit gratuit<\/strong> : la loi Chatel permet de contester sa cotation<\/li>\n<li><strong>Comparer chaque ann\u00e9e<\/strong> : les \u00e9carts entre assureurs peuvent atteindre 40%<\/li>\n<\/ul>\n<h2><span class=\"ez-toc-section\" id=\"Le_piege_des_garanties_inutiles\"><\/span>Le pi\u00e8ge des garanties inutiles<span class=\"ez-toc-section-end\"><\/span><\/h2>\n<p>Claude, 71 ans, d\u00e9couvre avec stupeur qu&rsquo;il payait depuis 8 ans une option \u00ab\u00a0conduite accompagn\u00e9e\u00a0\u00bb pour son fils&#8230; qui a 42 ans. \u00ab\u00a0J&rsquo;ai imm\u00e9diatement r\u00e9sili\u00e9 cette clause et \u00e9conomis\u00e9 89\u20ac par an\u00a0\u00bb, raconte-t-il.<\/p>\n<p>Les experts recommandent de v\u00e9rifier particuli\u00e8rement :<\/p>\n<ul>\n<li>Les plafonds de garantie souvent surdimensionn\u00e9s<\/li>\n<li>Les options v\u00e9hicule de remplacement rarement utilis\u00e9es<\/li>\n<li>Les extensions g\u00e9ographiques superflues<\/li>\n<\/ul>\n<h2><span class=\"ez-toc-section\" id=\"Vers_une_regulation_du_secteur\"><\/span>Vers une r\u00e9gulation du secteur ?<span class=\"ez-toc-section-end\"><\/span><\/h2>\n<p>Le M\u00e9diateur de l&rsquo;Assurance a enregistr\u00e9 une hausse de 17% des r\u00e9clamations li\u00e9es \u00e0 l&rsquo;\u00e2ge en 2023. Face \u00e0 ce constat, plusieurs d\u00e9put\u00e9s proposent d&rsquo;encadrer les crit\u00e8res actuariels pour \u00e9viter toute discrimination.<\/p>\n<p>En attendant, les associations conseillent aux seniors de :<\/p>\n<ol>\n<li>Faire jouer la concurrence syst\u00e9matiquement<\/li>\n<li>Demander des devis comparatifs sur les sites agr\u00e9es<\/li>\n<li>Consulter les comparateurs ind\u00e9pendants comme celui de <a href=\"https:\/\/www.service-public.fr\/\" target=\"_blank\" rel=\"noopener\">service-public.fr<\/a><\/li>\n<\/ol>\n<p>Comme le r\u00e9sume Jean : \u00ab\u00a0Aujourd&rsquo;hui, j&rsquo;ai trouv\u00e9 un contrat 15% moins cher en changeant d&rsquo;assureur. La loyaut\u00e9 ne paye plus, il faut bouger.\u00a0\u00bb Un conseil qui vaut de l&rsquo;or quand on sait qu&rsquo;un senior change en moyenne d&rsquo;assureur auto tous&#8230; 11 ans.<\/p>\n<p><small>*Source : INSEE 2023<\/small><\/p>\n<\/article>\n\n\n<div class=\"kk-star-ratings kksr-auto kksr-align-center kksr-valign-bottom\"\n    data-payload='{&quot;align&quot;:&quot;center&quot;,&quot;id&quot;:&quot;836&quot;,&quot;slug&quot;:&quot;default&quot;,&quot;valign&quot;:&quot;bottom&quot;,&quot;ignore&quot;:&quot;&quot;,&quot;reference&quot;:&quot;auto&quot;,&quot;class&quot;:&quot;&quot;,&quot;count&quot;:&quot;0&quot;,&quot;legendonly&quot;:&quot;&quot;,&quot;readonly&quot;:&quot;&quot;,&quot;score&quot;:&quot;0&quot;,&quot;starsonly&quot;:&quot;&quot;,&quot;best&quot;:&quot;5&quot;,&quot;gap&quot;:&quot;5&quot;,&quot;greet&quot;:&quot;&quot;,&quot;legend&quot;:&quot;0\\\/5 - (0 vote)&quot;,&quot;size&quot;:&quot;24&quot;,&quot;title&quot;:&quot;Les seniors paient trop cher leur assurance auto \\u0026quot;j\\u0026#039;ai d\u00e9couvert une astuce pour diviser ma facture par deux\\u0026quot;&quot;,&quot;width&quot;:&quot;0&quot;,&quot;_legend&quot;:&quot;{score}\\\/{best} - ({count} {votes})&quot;,&quot;font_factor&quot;:&quot;1.25&quot;}'>\n            \n<div class=\"kksr-stars\">\n    \n<div class=\"kksr-stars-inactive\">\n            <div class=\"kksr-star\" data-star=\"1\" style=\"padding-right: 5px\">\n            \n\n<div class=\"kksr-icon\" style=\"width: 24px; height: 24px;\"><\/div>\n        <\/div>\n            <div class=\"kksr-star\" data-star=\"2\" style=\"padding-right: 5px\">\n            \n\n<div class=\"kksr-icon\" style=\"width: 24px; height: 24px;\"><\/div>\n        <\/div>\n            <div class=\"kksr-star\" data-star=\"3\" style=\"padding-right: 5px\">\n            \n\n<div class=\"kksr-icon\" style=\"width: 24px; height: 24px;\"><\/div>\n        <\/div>\n            <div class=\"kksr-star\" data-star=\"4\" style=\"padding-right: 5px\">\n            \n\n<div class=\"kksr-icon\" style=\"width: 24px; height: 24px;\"><\/div>\n        <\/div>\n            <div class=\"kksr-star\" data-star=\"5\" style=\"padding-right: 5px\">\n            \n\n<div class=\"kksr-icon\" style=\"width: 24px; height: 24px;\"><\/div>\n        <\/div>\n    <\/div>\n    \n<div class=\"kksr-stars-active\" style=\"width: 0px;\">\n            <div class=\"kksr-star\" style=\"padding-right: 5px\">\n            \n\n<div class=\"kksr-icon\" style=\"width: 24px; height: 24px;\"><\/div>\n        <\/div>\n            <div class=\"kksr-star\" style=\"padding-right: 5px\">\n            \n\n<div class=\"kksr-icon\" style=\"width: 24px; height: 24px;\"><\/div>\n        <\/div>\n            <div class=\"kksr-star\" style=\"padding-right: 5px\">\n            \n\n<div class=\"kksr-icon\" style=\"width: 24px; height: 24px;\"><\/div>\n        <\/div>\n            <div class=\"kksr-star\" style=\"padding-right: 5px\">\n            \n\n<div class=\"kksr-icon\" style=\"width: 24px; height: 24px;\"><\/div>\n        <\/div>\n            <div class=\"kksr-star\" style=\"padding-right: 5px\">\n            \n\n<div class=\"kksr-icon\" style=\"width: 24px; height: 24px;\"><\/div>\n        <\/div>\n    <\/div>\n<\/div>\n                \n\n<div class=\"kksr-legend\" style=\"font-size: 19.2px;\">\n            <span class=\"kksr-muted\"><\/span>\n    <\/div>\n    <\/div>\n","protected":false},"excerpt":{"rendered":"<p>\u00abJe payais 30% de plus que mon voisin \u00e0 cause de mon \u00e2ge\u00bb : le prix de l&rsquo;assurance auto senior sous la loupe Alors que les seniors repr\u00e9sentent pr\u00e8s de 30% des conducteurs fran\u00e7ais*, leurs primes d&rsquo;assurance automobile font d\u00e9bat. Entre tarifs pr\u00e9f\u00e9rentiels et surprimes cach\u00e9es, d\u00e9cryptage d&rsquo;un march\u00e9 qui divise. Un constat qui interpelle &#8230; <a title=\"Les seniors paient trop cher leur assurance auto \u00ab\u00a0j&rsquo;ai d\u00e9couvert une astuce pour diviser ma facture par deux\u00a0\u00bb\" class=\"read-more\" href=\"https:\/\/rachat2credit.fr\/guide\/les-seniors-paient-trop-cher-leur-assurance-auto-jai-decouvert-une-astuce-pour-diviser-ma-facture-par-deux\/\" aria-label=\"En savoir plus sur Les seniors paient trop cher leur assurance auto \u00ab\u00a0j&rsquo;ai d\u00e9couvert une astuce pour diviser ma facture par deux\u00a0\u00bb\">Lire plus<\/a><\/p>\n","protected":false},"author":1,"featured_media":837,"comment_status":"open","ping_status":"open","sticky":false,"template":"","format":"standard","meta":{"footnotes":""},"categories":[8],"tags":[],"class_list":["post-836","post","type-post","status-publish","format-standard","has-post-thumbnail","hentry","category-a-la-une"],"yoast_head":"<!-- This site is optimized with the Yoast SEO plugin v27.5 - https:\/\/yoast.com\/product\/yoast-seo-wordpress\/ -->\n<title>Les seniors paient trop cher leur assurance auto &quot;j&#039;ai d\u00e9couvert une astuce pour diviser ma facture par deux&quot; - Rachat de Cr\u00e9dit<\/title>\n<meta name=\"robots\" content=\"index, follow, max-snippet:-1, max-image-preview:large, max-video-preview:-1\" \/>\n<link rel=\"canonical\" href=\"https:\/\/rachat2credit.fr\/guide\/les-seniors-paient-trop-cher-leur-assurance-auto-jai-decouvert-une-astuce-pour-diviser-ma-facture-par-deux\/\" \/>\n<meta property=\"og:locale\" content=\"fr_FR\" \/>\n<meta property=\"og:type\" content=\"article\" \/>\n<meta property=\"og:title\" content=\"Les seniors paient trop cher leur assurance auto &quot;j&#039;ai d\u00e9couvert une astuce pour diviser ma facture par deux&quot; - Rachat de Cr\u00e9dit\" \/>\n<meta property=\"og:description\" content=\"\u00abJe payais 30% de plus que mon voisin \u00e0 cause de mon \u00e2ge\u00bb : le prix de l&rsquo;assurance auto senior sous la loupe Alors que les seniors repr\u00e9sentent pr\u00e8s de 30% des conducteurs fran\u00e7ais*, leurs primes d&rsquo;assurance automobile font d\u00e9bat. Entre tarifs pr\u00e9f\u00e9rentiels et surprimes cach\u00e9es, d\u00e9cryptage d&rsquo;un march\u00e9 qui divise. Un constat qui interpelle ... Lire plus\" \/>\n<meta property=\"og:url\" content=\"https:\/\/rachat2credit.fr\/guide\/les-seniors-paient-trop-cher-leur-assurance-auto-jai-decouvert-une-astuce-pour-diviser-ma-facture-par-deux\/\" \/>\n<meta property=\"og:site_name\" content=\"Rachat de Cr\u00e9dit\" \/>\n<meta property=\"article:published_time\" content=\"2025-08-13T04:46:01+00:00\" \/>\n<meta property=\"og:image\" content=\"https:\/\/rachat2credit.fr\/guide\/wp-content\/uploads\/2025\/08\/flux-pro-1.1-836-1755060372.jpg\" \/>\n\t<meta property=\"og:image:width\" content=\"1344\" \/>\n\t<meta property=\"og:image:height\" content=\"768\" \/>\n\t<meta property=\"og:image:type\" content=\"image\/jpeg\" \/>\n<meta name=\"author\" content=\"Aurelien Boulanger\" \/>\n<meta name=\"twitter:card\" content=\"summary_large_image\" \/>\n<meta name=\"twitter:label1\" content=\"\u00c9crit par\" \/>\n\t<meta name=\"twitter:data1\" content=\"Aurelien Boulanger\" \/>\n\t<meta name=\"twitter:label2\" content=\"Dur\u00e9e de lecture estim\u00e9e\" \/>\n\t<meta name=\"twitter:data2\" content=\"2 minutes\" \/>\n<script type=\"application\/ld+json\" class=\"yoast-schema-graph\">{\"@context\":\"https:\\\/\\\/schema.org\",\"@graph\":[{\"@type\":\"NewsArticle\",\"@id\":\"https:\\\/\\\/rachat2credit.fr\\\/guide\\\/les-seniors-paient-trop-cher-leur-assurance-auto-jai-decouvert-une-astuce-pour-diviser-ma-facture-par-deux\\\/#article\",\"isPartOf\":{\"@id\":\"https:\\\/\\\/rachat2credit.fr\\\/guide\\\/les-seniors-paient-trop-cher-leur-assurance-auto-jai-decouvert-une-astuce-pour-diviser-ma-facture-par-deux\\\/\"},\"author\":{\"name\":\"Aurelien Boulanger\",\"@id\":\"https:\\\/\\\/rachat2credit.fr\\\/guide\\\/#\\\/schema\\\/person\\\/d4142086d07bc6acdc4722eabd955cc2\"},\"headline\":\"Les seniors paient trop cher leur assurance auto \u00ab\u00a0j&rsquo;ai d\u00e9couvert une astuce pour diviser ma facture par deux\u00a0\u00bb\",\"datePublished\":\"2025-08-13T04:46:01+00:00\",\"mainEntityOfPage\":{\"@id\":\"https:\\\/\\\/rachat2credit.fr\\\/guide\\\/les-seniors-paient-trop-cher-leur-assurance-auto-jai-decouvert-une-astuce-pour-diviser-ma-facture-par-deux\\\/\"},\"wordCount\":510,\"commentCount\":22,\"publisher\":{\"@id\":\"https:\\\/\\\/rachat2credit.fr\\\/guide\\\/#organization\"},\"image\":{\"@id\":\"https:\\\/\\\/rachat2credit.fr\\\/guide\\\/les-seniors-paient-trop-cher-leur-assurance-auto-jai-decouvert-une-astuce-pour-diviser-ma-facture-par-deux\\\/#primaryimage\"},\"thumbnailUrl\":\"https:\\\/\\\/rachat2credit.fr\\\/guide\\\/wp-content\\\/uploads\\\/2025\\\/08\\\/flux-pro-1.1-836-1755060372.jpg\",\"articleSection\":[\"A la une\"],\"inLanguage\":\"fr-FR\",\"potentialAction\":[{\"@type\":\"CommentAction\",\"name\":\"Comment\",\"target\":[\"https:\\\/\\\/rachat2credit.fr\\\/guide\\\/les-seniors-paient-trop-cher-leur-assurance-auto-jai-decouvert-une-astuce-pour-diviser-ma-facture-par-deux\\\/#respond\"]}]},{\"@type\":\"WebPage\",\"@id\":\"https:\\\/\\\/rachat2credit.fr\\\/guide\\\/les-seniors-paient-trop-cher-leur-assurance-auto-jai-decouvert-une-astuce-pour-diviser-ma-facture-par-deux\\\/\",\"url\":\"https:\\\/\\\/rachat2credit.fr\\\/guide\\\/les-seniors-paient-trop-cher-leur-assurance-auto-jai-decouvert-une-astuce-pour-diviser-ma-facture-par-deux\\\/\",\"name\":\"Les seniors paient trop cher leur assurance auto \\\"j'ai d\u00e9couvert une astuce pour diviser ma facture par deux\\\" - Rachat de Cr\u00e9dit\",\"isPartOf\":{\"@id\":\"https:\\\/\\\/rachat2credit.fr\\\/guide\\\/#website\"},\"primaryImageOfPage\":{\"@id\":\"https:\\\/\\\/rachat2credit.fr\\\/guide\\\/les-seniors-paient-trop-cher-leur-assurance-auto-jai-decouvert-une-astuce-pour-diviser-ma-facture-par-deux\\\/#primaryimage\"},\"image\":{\"@id\":\"https:\\\/\\\/rachat2credit.fr\\\/guide\\\/les-seniors-paient-trop-cher-leur-assurance-auto-jai-decouvert-une-astuce-pour-diviser-ma-facture-par-deux\\\/#primaryimage\"},\"thumbnailUrl\":\"https:\\\/\\\/rachat2credit.fr\\\/guide\\\/wp-content\\\/uploads\\\/2025\\\/08\\\/flux-pro-1.1-836-1755060372.jpg\",\"datePublished\":\"2025-08-13T04:46:01+00:00\",\"breadcrumb\":{\"@id\":\"https:\\\/\\\/rachat2credit.fr\\\/guide\\\/les-seniors-paient-trop-cher-leur-assurance-auto-jai-decouvert-une-astuce-pour-diviser-ma-facture-par-deux\\\/#breadcrumb\"},\"inLanguage\":\"fr-FR\",\"potentialAction\":[{\"@type\":\"ReadAction\",\"target\":[\"https:\\\/\\\/rachat2credit.fr\\\/guide\\\/les-seniors-paient-trop-cher-leur-assurance-auto-jai-decouvert-une-astuce-pour-diviser-ma-facture-par-deux\\\/\"]}]},{\"@type\":\"ImageObject\",\"inLanguage\":\"fr-FR\",\"@id\":\"https:\\\/\\\/rachat2credit.fr\\\/guide\\\/les-seniors-paient-trop-cher-leur-assurance-auto-jai-decouvert-une-astuce-pour-diviser-ma-facture-par-deux\\\/#primaryimage\",\"url\":\"https:\\\/\\\/rachat2credit.fr\\\/guide\\\/wp-content\\\/uploads\\\/2025\\\/08\\\/flux-pro-1.1-836-1755060372.jpg\",\"contentUrl\":\"https:\\\/\\\/rachat2credit.fr\\\/guide\\\/wp-content\\\/uploads\\\/2025\\\/08\\\/flux-pro-1.1-836-1755060372.jpg\",\"width\":1344,\"height\":768},{\"@type\":\"BreadcrumbList\",\"@id\":\"https:\\\/\\\/rachat2credit.fr\\\/guide\\\/les-seniors-paient-trop-cher-leur-assurance-auto-jai-decouvert-une-astuce-pour-diviser-ma-facture-par-deux\\\/#breadcrumb\",\"itemListElement\":[{\"@type\":\"ListItem\",\"position\":1,\"name\":\"Accueil\",\"item\":\"https:\\\/\\\/rachat2credit.fr\\\/guide\\\/\"},{\"@type\":\"ListItem\",\"position\":2,\"name\":\"Les seniors paient trop cher leur assurance auto \u00ab\u00a0j&rsquo;ai d\u00e9couvert une astuce pour diviser ma facture par deux\u00a0\u00bb\"}]},{\"@type\":\"WebSite\",\"@id\":\"https:\\\/\\\/rachat2credit.fr\\\/guide\\\/#website\",\"url\":\"https:\\\/\\\/rachat2credit.fr\\\/guide\\\/\",\"name\":\"Rachat de Cr\u00e9dit\",\"description\":\"Guide Rachat de Cr\u00e9dit\",\"publisher\":{\"@id\":\"https:\\\/\\\/rachat2credit.fr\\\/guide\\\/#organization\"},\"potentialAction\":[{\"@type\":\"SearchAction\",\"target\":{\"@type\":\"EntryPoint\",\"urlTemplate\":\"https:\\\/\\\/rachat2credit.fr\\\/guide\\\/?s={search_term_string}\"},\"query-input\":{\"@type\":\"PropertyValueSpecification\",\"valueRequired\":true,\"valueName\":\"search_term_string\"}}],\"inLanguage\":\"fr-FR\"},{\"@type\":\"Organization\",\"@id\":\"https:\\\/\\\/rachat2credit.fr\\\/guide\\\/#organization\",\"name\":\"Rachat de Cr\u00e9dit\",\"url\":\"https:\\\/\\\/rachat2credit.fr\\\/guide\\\/\",\"logo\":{\"@type\":\"ImageObject\",\"inLanguage\":\"fr-FR\",\"@id\":\"https:\\\/\\\/rachat2credit.fr\\\/guide\\\/#\\\/schema\\\/logo\\\/image\\\/\",\"url\":\"https:\\\/\\\/rachat2credit.fr\\\/guide\\\/wp-content\\\/uploads\\\/2025\\\/05\\\/rachat2credit.png\",\"contentUrl\":\"https:\\\/\\\/rachat2credit.fr\\\/guide\\\/wp-content\\\/uploads\\\/2025\\\/05\\\/rachat2credit.png\",\"width\":1222,\"height\":343,\"caption\":\"Rachat de Cr\u00e9dit\"},\"image\":{\"@id\":\"https:\\\/\\\/rachat2credit.fr\\\/guide\\\/#\\\/schema\\\/logo\\\/image\\\/\"}},{\"@type\":\"Person\",\"@id\":\"https:\\\/\\\/rachat2credit.fr\\\/guide\\\/#\\\/schema\\\/person\\\/d4142086d07bc6acdc4722eabd955cc2\",\"name\":\"Aurelien Boulanger\",\"image\":{\"@type\":\"ImageObject\",\"inLanguage\":\"fr-FR\",\"@id\":\"https:\\\/\\\/secure.gravatar.com\\\/avatar\\\/32175434c9ca2b27bfeb905d1c3ec782a789caf494bc0ec8fa6ed0ee39c2e62a?s=96&d=mm&r=g\",\"url\":\"https:\\\/\\\/secure.gravatar.com\\\/avatar\\\/32175434c9ca2b27bfeb905d1c3ec782a789caf494bc0ec8fa6ed0ee39c2e62a?s=96&d=mm&r=g\",\"contentUrl\":\"https:\\\/\\\/secure.gravatar.com\\\/avatar\\\/32175434c9ca2b27bfeb905d1c3ec782a789caf494bc0ec8fa6ed0ee39c2e62a?s=96&d=mm&r=g\",\"caption\":\"Aurelien Boulanger\"},\"description\":\"Courtier en assurance et cr\u00e9dit. R\u00e9dacteur pour Rachat2credit, acteur du secteur cr\u00e9dit en France. Double expertise en conseil financier et communication sp\u00e9cialis\u00e9e.\",\"sameAs\":[\"https:\\\/\\\/rachat2credit.fr\\\/guide\"],\"url\":\"https:\\\/\\\/rachat2credit.fr\\\/guide\\\/author\\\/aurelien\\\/\"}]}<\/script>\n<!-- \/ Yoast SEO plugin. -->","yoast_head_json":{"title":"Les seniors paient trop cher leur assurance auto \"j'ai d\u00e9couvert une astuce pour diviser ma facture par deux\" - Rachat de Cr\u00e9dit","robots":{"index":"index","follow":"follow","max-snippet":"max-snippet:-1","max-image-preview":"max-image-preview:large","max-video-preview":"max-video-preview:-1"},"canonical":"https:\/\/rachat2credit.fr\/guide\/les-seniors-paient-trop-cher-leur-assurance-auto-jai-decouvert-une-astuce-pour-diviser-ma-facture-par-deux\/","og_locale":"fr_FR","og_type":"article","og_title":"Les seniors paient trop cher leur assurance auto \"j'ai d\u00e9couvert une astuce pour diviser ma facture par deux\" - Rachat de Cr\u00e9dit","og_description":"\u00abJe payais 30% de plus que mon voisin \u00e0 cause de mon \u00e2ge\u00bb : le prix de l&rsquo;assurance auto senior sous la loupe Alors que les seniors repr\u00e9sentent pr\u00e8s de 30% des conducteurs fran\u00e7ais*, leurs primes d&rsquo;assurance automobile font d\u00e9bat. Entre tarifs pr\u00e9f\u00e9rentiels et surprimes cach\u00e9es, d\u00e9cryptage d&rsquo;un march\u00e9 qui divise. Un constat qui interpelle ... Lire plus","og_url":"https:\/\/rachat2credit.fr\/guide\/les-seniors-paient-trop-cher-leur-assurance-auto-jai-decouvert-une-astuce-pour-diviser-ma-facture-par-deux\/","og_site_name":"Rachat de Cr\u00e9dit","article_published_time":"2025-08-13T04:46:01+00:00","og_image":[{"width":1344,"height":768,"url":"https:\/\/rachat2credit.fr\/guide\/wp-content\/uploads\/2025\/08\/flux-pro-1.1-836-1755060372.jpg","type":"image\/jpeg"}],"author":"Aurelien Boulanger","twitter_card":"summary_large_image","twitter_misc":{"\u00c9crit par":"Aurelien Boulanger","Dur\u00e9e de lecture estim\u00e9e":"2 minutes"},"schema":{"@context":"https:\/\/schema.org","@graph":[{"@type":"NewsArticle","@id":"https:\/\/rachat2credit.fr\/guide\/les-seniors-paient-trop-cher-leur-assurance-auto-jai-decouvert-une-astuce-pour-diviser-ma-facture-par-deux\/#article","isPartOf":{"@id":"https:\/\/rachat2credit.fr\/guide\/les-seniors-paient-trop-cher-leur-assurance-auto-jai-decouvert-une-astuce-pour-diviser-ma-facture-par-deux\/"},"author":{"name":"Aurelien Boulanger","@id":"https:\/\/rachat2credit.fr\/guide\/#\/schema\/person\/d4142086d07bc6acdc4722eabd955cc2"},"headline":"Les seniors paient trop cher leur assurance auto \u00ab\u00a0j&rsquo;ai d\u00e9couvert une astuce pour diviser ma facture par deux\u00a0\u00bb","datePublished":"2025-08-13T04:46:01+00:00","mainEntityOfPage":{"@id":"https:\/\/rachat2credit.fr\/guide\/les-seniors-paient-trop-cher-leur-assurance-auto-jai-decouvert-une-astuce-pour-diviser-ma-facture-par-deux\/"},"wordCount":510,"commentCount":22,"publisher":{"@id":"https:\/\/rachat2credit.fr\/guide\/#organization"},"image":{"@id":"https:\/\/rachat2credit.fr\/guide\/les-seniors-paient-trop-cher-leur-assurance-auto-jai-decouvert-une-astuce-pour-diviser-ma-facture-par-deux\/#primaryimage"},"thumbnailUrl":"https:\/\/rachat2credit.fr\/guide\/wp-content\/uploads\/2025\/08\/flux-pro-1.1-836-1755060372.jpg","articleSection":["A la une"],"inLanguage":"fr-FR","potentialAction":[{"@type":"CommentAction","name":"Comment","target":["https:\/\/rachat2credit.fr\/guide\/les-seniors-paient-trop-cher-leur-assurance-auto-jai-decouvert-une-astuce-pour-diviser-ma-facture-par-deux\/#respond"]}]},{"@type":"WebPage","@id":"https:\/\/rachat2credit.fr\/guide\/les-seniors-paient-trop-cher-leur-assurance-auto-jai-decouvert-une-astuce-pour-diviser-ma-facture-par-deux\/","url":"https:\/\/rachat2credit.fr\/guide\/les-seniors-paient-trop-cher-leur-assurance-auto-jai-decouvert-une-astuce-pour-diviser-ma-facture-par-deux\/","name":"Les seniors paient trop cher leur assurance auto \"j'ai d\u00e9couvert une astuce pour diviser ma facture par deux\" - Rachat de Cr\u00e9dit","isPartOf":{"@id":"https:\/\/rachat2credit.fr\/guide\/#website"},"primaryImageOfPage":{"@id":"https:\/\/rachat2credit.fr\/guide\/les-seniors-paient-trop-cher-leur-assurance-auto-jai-decouvert-une-astuce-pour-diviser-ma-facture-par-deux\/#primaryimage"},"image":{"@id":"https:\/\/rachat2credit.fr\/guide\/les-seniors-paient-trop-cher-leur-assurance-auto-jai-decouvert-une-astuce-pour-diviser-ma-facture-par-deux\/#primaryimage"},"thumbnailUrl":"https:\/\/rachat2credit.fr\/guide\/wp-content\/uploads\/2025\/08\/flux-pro-1.1-836-1755060372.jpg","datePublished":"2025-08-13T04:46:01+00:00","breadcrumb":{"@id":"https:\/\/rachat2credit.fr\/guide\/les-seniors-paient-trop-cher-leur-assurance-auto-jai-decouvert-une-astuce-pour-diviser-ma-facture-par-deux\/#breadcrumb"},"inLanguage":"fr-FR","potentialAction":[{"@type":"ReadAction","target":["https:\/\/rachat2credit.fr\/guide\/les-seniors-paient-trop-cher-leur-assurance-auto-jai-decouvert-une-astuce-pour-diviser-ma-facture-par-deux\/"]}]},{"@type":"ImageObject","inLanguage":"fr-FR","@id":"https:\/\/rachat2credit.fr\/guide\/les-seniors-paient-trop-cher-leur-assurance-auto-jai-decouvert-une-astuce-pour-diviser-ma-facture-par-deux\/#primaryimage","url":"https:\/\/rachat2credit.fr\/guide\/wp-content\/uploads\/2025\/08\/flux-pro-1.1-836-1755060372.jpg","contentUrl":"https:\/\/rachat2credit.fr\/guide\/wp-content\/uploads\/2025\/08\/flux-pro-1.1-836-1755060372.jpg","width":1344,"height":768},{"@type":"BreadcrumbList","@id":"https:\/\/rachat2credit.fr\/guide\/les-seniors-paient-trop-cher-leur-assurance-auto-jai-decouvert-une-astuce-pour-diviser-ma-facture-par-deux\/#breadcrumb","itemListElement":[{"@type":"ListItem","position":1,"name":"Accueil","item":"https:\/\/rachat2credit.fr\/guide\/"},{"@type":"ListItem","position":2,"name":"Les seniors paient trop cher leur assurance auto \u00ab\u00a0j&rsquo;ai d\u00e9couvert une astuce pour diviser ma facture par deux\u00a0\u00bb"}]},{"@type":"WebSite","@id":"https:\/\/rachat2credit.fr\/guide\/#website","url":"https:\/\/rachat2credit.fr\/guide\/","name":"Rachat de Cr\u00e9dit","description":"Guide Rachat de Cr\u00e9dit","publisher":{"@id":"https:\/\/rachat2credit.fr\/guide\/#organization"},"potentialAction":[{"@type":"SearchAction","target":{"@type":"EntryPoint","urlTemplate":"https:\/\/rachat2credit.fr\/guide\/?s={search_term_string}"},"query-input":{"@type":"PropertyValueSpecification","valueRequired":true,"valueName":"search_term_string"}}],"inLanguage":"fr-FR"},{"@type":"Organization","@id":"https:\/\/rachat2credit.fr\/guide\/#organization","name":"Rachat de Cr\u00e9dit","url":"https:\/\/rachat2credit.fr\/guide\/","logo":{"@type":"ImageObject","inLanguage":"fr-FR","@id":"https:\/\/rachat2credit.fr\/guide\/#\/schema\/logo\/image\/","url":"https:\/\/rachat2credit.fr\/guide\/wp-content\/uploads\/2025\/05\/rachat2credit.png","contentUrl":"https:\/\/rachat2credit.fr\/guide\/wp-content\/uploads\/2025\/05\/rachat2credit.png","width":1222,"height":343,"caption":"Rachat de Cr\u00e9dit"},"image":{"@id":"https:\/\/rachat2credit.fr\/guide\/#\/schema\/logo\/image\/"}},{"@type":"Person","@id":"https:\/\/rachat2credit.fr\/guide\/#\/schema\/person\/d4142086d07bc6acdc4722eabd955cc2","name":"Aurelien Boulanger","image":{"@type":"ImageObject","inLanguage":"fr-FR","@id":"https:\/\/secure.gravatar.com\/avatar\/32175434c9ca2b27bfeb905d1c3ec782a789caf494bc0ec8fa6ed0ee39c2e62a?s=96&d=mm&r=g","url":"https:\/\/secure.gravatar.com\/avatar\/32175434c9ca2b27bfeb905d1c3ec782a789caf494bc0ec8fa6ed0ee39c2e62a?s=96&d=mm&r=g","contentUrl":"https:\/\/secure.gravatar.com\/avatar\/32175434c9ca2b27bfeb905d1c3ec782a789caf494bc0ec8fa6ed0ee39c2e62a?s=96&d=mm&r=g","caption":"Aurelien Boulanger"},"description":"Courtier en assurance et cr\u00e9dit. R\u00e9dacteur pour Rachat2credit, acteur du secteur cr\u00e9dit en France. Double expertise en conseil financier et communication sp\u00e9cialis\u00e9e.","sameAs":["https:\/\/rachat2credit.fr\/guide"],"url":"https:\/\/rachat2credit.fr\/guide\/author\/aurelien\/"}]}},"_links":{"self":[{"href":"https:\/\/rachat2credit.fr\/guide\/wp-json\/wp\/v2\/posts\/836","targetHints":{"allow":["GET"]}}],"collection":[{"href":"https:\/\/rachat2credit.fr\/guide\/wp-json\/wp\/v2\/posts"}],"about":[{"href":"https:\/\/rachat2credit.fr\/guide\/wp-json\/wp\/v2\/types\/post"}],"author":[{"embeddable":true,"href":"https:\/\/rachat2credit.fr\/guide\/wp-json\/wp\/v2\/users\/1"}],"replies":[{"embeddable":true,"href":"https:\/\/rachat2credit.fr\/guide\/wp-json\/wp\/v2\/comments?post=836"}],"version-history":[{"count":0,"href":"https:\/\/rachat2credit.fr\/guide\/wp-json\/wp\/v2\/posts\/836\/revisions"}],"wp:featuredmedia":[{"embeddable":true,"href":"https:\/\/rachat2credit.fr\/guide\/wp-json\/wp\/v2\/media\/837"}],"wp:attachment":[{"href":"https:\/\/rachat2credit.fr\/guide\/wp-json\/wp\/v2\/media?parent=836"}],"wp:term":[{"taxonomy":"category","embeddable":true,"href":"https:\/\/rachat2credit.fr\/guide\/wp-json\/wp\/v2\/categories?post=836"},{"taxonomy":"post_tag","embeddable":true,"href":"https:\/\/rachat2credit.fr\/guide\/wp-json\/wp\/v2\/tags?post=836"}],"curies":[{"name":"wp","href":"https:\/\/api.w.org\/{rel}","templated":true}]}}