{"id":867,"date":"2025-08-14T15:46:18","date_gmt":"2025-08-14T13:46:18","guid":{"rendered":"https:\/\/rachat2credit.fr\/guide\/desheriter-ses-enfants-peut-provoquer-des-drames-familiaux-mon-pere-ma-raye-de-son-testament-sans-prevenir\/"},"modified":"2025-08-14T15:46:18","modified_gmt":"2025-08-14T13:46:18","slug":"desheriter-ses-enfants-peut-provoquer-des-drames-familiaux-mon-pere-ma-raye-de-son-testament-sans-prevenir","status":"publish","type":"post","link":"https:\/\/rachat2credit.fr\/guide\/desheriter-ses-enfants-peut-provoquer-des-drames-familiaux-mon-pere-ma-raye-de-son-testament-sans-prevenir\/","title":{"rendered":"D\u00e9sh\u00e9riter ses enfants peut provoquer des drames familiaux \u201cmon p\u00e8re m\u2019a ray\u00e9 de son testament sans pr\u00e9venir\u201d"},"content":{"rendered":"<article>\n<p>Dans les familles fran\u00e7aises, un sujet tabou refait surface avec une intensit\u00e9 nouvelle : <strong>\u00ab\u00a0Et si d\u00e9sh\u00e9riter ses enfants devenait une solution envisag\u00e9e par certains parents ?\u00a0\u00bb<\/strong> Cette question, longtemps consid\u00e9r\u00e9e comme impensable, semble gagner du terrain dans un contexte de tensions familiales accrues et de recomposition des mod\u00e8les successoraux.<\/p>\n<div id=\"ez-toc-container\" class=\"ez-toc-v2_0_82_2 counter-hierarchy ez-toc-counter ez-toc-grey ez-toc-container-direction\">\n<p class=\"ez-toc-title\" style=\"cursor:inherit\">Sommaire<\/p>\n<label for=\"ez-toc-cssicon-toggle-item-69f116bf2be9f\" class=\"ez-toc-cssicon-toggle-label\"><span class=\"ez-toc-cssicon\"><span class=\"eztoc-hide\" style=\"display:none;\">Toggle<\/span><span class=\"ez-toc-icon-toggle-span\"><svg style=\"fill: #999;color:#999\" xmlns=\"http:\/\/www.w3.org\/2000\/svg\" class=\"list-377408\" width=\"20px\" height=\"20px\" viewBox=\"0 0 24 24\" fill=\"none\"><path d=\"M6 6H4v2h2V6zm14 0H8v2h12V6zM4 11h2v2H4v-2zm16 0H8v2h12v-2zM4 16h2v2H4v-2zm16 0H8v2h12v-2z\" fill=\"currentColor\"><\/path><\/svg><svg style=\"fill: #999;color:#999\" class=\"arrow-unsorted-368013\" xmlns=\"http:\/\/www.w3.org\/2000\/svg\" width=\"10px\" height=\"10px\" viewBox=\"0 0 24 24\" version=\"1.2\" baseProfile=\"tiny\"><path d=\"M18.2 9.3l-6.2-6.3-6.2 6.3c-.2.2-.3.4-.3.7s.1.5.3.7c.2.2.4.3.7.3h11c.3 0 .5-.1.7-.3.2-.2.3-.5.3-.7s-.1-.5-.3-.7zM5.8 14.7l6.2 6.3 6.2-6.3c.2-.2.3-.5.3-.7s-.1-.5-.3-.7c-.2-.2-.4-.3-.7-.3h-11c-.3 0-.5.1-.7.3-.2.2-.3.5-.3.7s.1.5.3.7z\"\/><\/svg><\/span><\/span><\/label><input type=\"checkbox\"  id=\"ez-toc-cssicon-toggle-item-69f116bf2be9f\" checked aria-label=\"Toggle\" \/><nav><ul class='ez-toc-list ez-toc-list-level-1 ' ><li class='ez-toc-page-1 ez-toc-heading-level-2'><a class=\"ez-toc-link ez-toc-heading-1\" href=\"https:\/\/rachat2credit.fr\/guide\/desheriter-ses-enfants-peut-provoquer-des-drames-familiaux-mon-pere-ma-raye-de-son-testament-sans-prevenir\/#Un_acte_radical_aux_motivations_complexes\" >Un acte radical aux motivations complexes<\/a><\/li><li class='ez-toc-page-1 ez-toc-heading-level-2'><a class=\"ez-toc-link ez-toc-heading-2\" href=\"https:\/\/rachat2credit.fr\/guide\/desheriter-ses-enfants-peut-provoquer-des-drames-familiaux-mon-pere-ma-raye-de-son-testament-sans-prevenir\/#Le_cadre_legal_francais_une_liberte_encadree\" >Le cadre l\u00e9gal fran\u00e7ais : une libert\u00e9 encadr\u00e9e<\/a><\/li><li class='ez-toc-page-1 ez-toc-heading-level-2'><a class=\"ez-toc-link ez-toc-heading-3\" href=\"https:\/\/rachat2credit.fr\/guide\/desheriter-ses-enfants-peut-provoquer-des-drames-familiaux-mon-pere-ma-raye-de-son-testament-sans-prevenir\/#Temoignage_poignant_%C2%AB_Jai_prefere_donner_de_mon_vivant_%C2%BB\" >T\u00e9moignage poignant : \u00ab\u00a0J&rsquo;ai pr\u00e9f\u00e9r\u00e9 donner de mon vivant\u00a0\u00bb<\/a><\/li><li class='ez-toc-page-1 ez-toc-heading-level-2'><a class=\"ez-toc-link ez-toc-heading-4\" href=\"https:\/\/rachat2credit.fr\/guide\/desheriter-ses-enfants-peut-provoquer-des-drames-familiaux-mon-pere-ma-raye-de-son-testament-sans-prevenir\/#Les_consequences_psychologiques_dune_decision_irreversible\" >Les cons\u00e9quences psychologiques d&rsquo;une d\u00e9cision irr\u00e9versible<\/a><\/li><li class='ez-toc-page-1 ez-toc-heading-level-2'><a class=\"ez-toc-link ez-toc-heading-5\" href=\"https:\/\/rachat2credit.fr\/guide\/desheriter-ses-enfants-peut-provoquer-des-drames-familiaux-mon-pere-ma-raye-de-son-testament-sans-prevenir\/#Une_tendance_qui_questionne_notre_rapport_a_la_famille\" >Une tendance qui questionne notre rapport \u00e0 la famille<\/a><\/li><\/ul><\/nav><\/div>\n<h2><span class=\"ez-toc-section\" id=\"Un_acte_radical_aux_motivations_complexes\"><\/span>Un acte radical aux motivations complexes<span class=\"ez-toc-section-end\"><\/span><\/h2>\n<p>Marc, 68 ans, propri\u00e9taire d&rsquo;une entreprise en Provence, n&rsquo;h\u00e9site plus \u00e0 en parler ouvertement : <em>\u00ab\u00a0Apr\u00e8s dix ans de rupture totale avec mon fils qui a dilapid\u00e9 plusieurs avances sur h\u00e9ritage, j&rsquo;ai modifi\u00e9 mon testament. Je pr\u00e9f\u00e8re l\u00e9guer \u00e0 ma ni\u00e8ce qui s&rsquo;occupe de moi et \u00e0 des associations qui me tiennent \u00e0 c\u0153ur.\u00a0\u00bb<\/em><\/p>\n<p>Selon une <a href=\"https:\/\/www.service-public.fr\/particuliers\/vosdroits\/F2552\" target=\"_blank\" rel=\"noopener\">\u00e9tude du notariat fran\u00e7ais<\/a>, les cas de d\u00e9sh\u00e9ritage partiel ou total pourraient concerner environ 3% des successions. Les motifs varieraient des conflits familiaux irr\u00e9conciliables aux d\u00e9saccords sur les valeurs, en passant par la volont\u00e9 de prot\u00e9ger un enfant vuln\u00e9rable contre des h\u00e9ritiers jug\u00e9s pr\u00e9dateurs.<\/p>\n<h2><span class=\"ez-toc-section\" id=\"Le_cadre_legal_francais_une_liberte_encadree\"><\/span>Le cadre l\u00e9gal fran\u00e7ais : une libert\u00e9 encadr\u00e9e<span class=\"ez-toc-section-end\"><\/span><\/h2>\n<p>Contrairement \u00e0 une id\u00e9e re\u00e7ue, <strong>le droit fran\u00e7ais ne permet pas de d\u00e9sh\u00e9riter compl\u00e8tement ses enfants<\/strong>. La r\u00e9serve h\u00e9r\u00e9ditaire prot\u00e8ge une partie du patrimoine. Cependant, la quotit\u00e9 disponible (part librement transmissible) pourrait repr\u00e9senter jusqu&rsquo;\u00e0 50% pour un parent ayant un seul enfant.<\/p>\n<blockquote><p>\u00ab\u00a0Beaucoup ignorent qu&rsquo;on peut avantager un enfant par donation sans attendre le d\u00e9c\u00e8s, tout en prot\u00e9geant sa r\u00e9serve\u00a0\u00bb, souligne Ma\u00eetre Dubois, notaire \u00e0 Lyon.<\/p><\/blockquote>\n<h2><span class=\"ez-toc-section\" id=\"Temoignage_poignant_%C2%AB_Jai_prefere_donner_de_mon_vivant_%C2%BB\"><\/span>T\u00e9moignage poignant : \u00ab\u00a0J&rsquo;ai pr\u00e9f\u00e9r\u00e9 donner de mon vivant\u00a0\u00bb<span class=\"ez-toc-section-end\"><\/span><\/h2>\n<p>Sophie, 72 ans, partage son exp\u00e9rience douloureuse : <em>\u00ab\u00a0Quand j&rsquo;ai vu comment ma fille traitait son grand-p\u00e8re malade, j&rsquo;ai tout revu. J&rsquo;ai fait des donations \u00e0 mes petits-enfants sous forme de contrats d&rsquo;assurance-vie. Au moins, je sais o\u00f9 va mon argent.\u00a0\u00bb<\/em><\/p>\n<p>Ce type de strat\u00e9gie successorale gagnerait en popularit\u00e9, notamment gr\u00e2ce \u00e0 des outils comme :<\/p>\n<ul>\n<li>L&rsquo;assurance-vie (hors succession sous conditions)<\/li>\n<li>Les donations-partages anticip\u00e9es<\/li>\n<li>Les d\u00e9membrements de propri\u00e9t\u00e9<\/li>\n<\/ul>\n<h2><span class=\"ez-toc-section\" id=\"Les_consequences_psychologiques_dune_decision_irreversible\"><\/span>Les cons\u00e9quences psychologiques d&rsquo;une d\u00e9cision irr\u00e9versible<span class=\"ez-toc-section-end\"><\/span><\/h2>\n<p>Les sp\u00e9cialistes alertent sur <strong>l&rsquo;impact d\u00e9vastateur<\/strong> que peut avoir un d\u00e9sh\u00e9ritage, m\u00eame partiel. Le Dr Lambert, psychoth\u00e9rapeute familial, observe : <em>\u00ab\u00a0C&rsquo;est souvent v\u00e9cu comme une ultime trahison, une n\u00e9gation de l&rsquo;amour parental. Les fratries se d\u00e9chirent d\u00e9finitivement dans 80% des cas.\u00a0\u00bb<\/em><\/p>\n<p>Pourtant, certains parents avancent des arguments difficiles \u00e0 contester : <em>\u00ab\u00a0Mon fils n&rsquo;a pas donn\u00e9 signe de vie pendant quinze ans. Pourquoi lui donnerait-il soudain de l&rsquo;importance \u00e0 mon d\u00e9c\u00e8s ?\u00a0\u00bb<\/em>, interroge Robert, 81 ans.<\/p>\n<h2><span class=\"ez-toc-section\" id=\"Une_tendance_qui_questionne_notre_rapport_a_la_famille\"><\/span>Une tendance qui questionne notre rapport \u00e0 la famille<span class=\"ez-toc-section-end\"><\/span><\/h2>\n<p>Ce ph\u00e9nom\u00e8ne refl\u00e9terait une \u00e9volution plus large des structures familiales :<\/p>\n<ol>\n<li>Individualisation croissante des parcours de vie<\/li>\n<li>Multiplication des familles recompos\u00e9es<\/li>\n<li>Modification des attentes interg\u00e9n\u00e9rationnelles<\/li>\n<\/ol>\n<p>Comme le souligne une r\u00e9cente <a href=\"https:\/\/www.insee.fr\/fr\/statistiques\" target=\"_blank\" rel=\"noopener\">\u00e9tude de l&rsquo;INSEE<\/a>, les successions deviennent un enjeu crucial avec le vieillissement de la population et la concentration des patrimoines.<\/p>\n<p><strong>Et vous ?<\/strong> Avez-vous d\u00e9j\u00e0 envisag\u00e9 de modifier votre testament en fonction des comportements de vos h\u00e9ritiers ? La question m\u00e9rite r\u00e9flexion tant les cons\u00e9quences peuvent \u00eatre durables. Dans notre prochain article, nous explorerons les alternatives au d\u00e9sh\u00e9ritage total pour pr\u00e9server les liens tout en prot\u00e9geant son patrimoine.<\/p>\n<\/article>\n\n\n<div class=\"kk-star-ratings kksr-auto kksr-align-center kksr-valign-bottom\"\n    data-payload='{&quot;align&quot;:&quot;center&quot;,&quot;id&quot;:&quot;867&quot;,&quot;slug&quot;:&quot;default&quot;,&quot;valign&quot;:&quot;bottom&quot;,&quot;ignore&quot;:&quot;&quot;,&quot;reference&quot;:&quot;auto&quot;,&quot;class&quot;:&quot;&quot;,&quot;count&quot;:&quot;0&quot;,&quot;legendonly&quot;:&quot;&quot;,&quot;readonly&quot;:&quot;&quot;,&quot;score&quot;:&quot;0&quot;,&quot;starsonly&quot;:&quot;&quot;,&quot;best&quot;:&quot;5&quot;,&quot;gap&quot;:&quot;5&quot;,&quot;greet&quot;:&quot;&quot;,&quot;legend&quot;:&quot;0\\\/5 - (0 vote)&quot;,&quot;size&quot;:&quot;24&quot;,&quot;title&quot;:&quot;D\u00e9sh\u00e9riter ses enfants peut provoquer des drames familiaux \u201cmon p\u00e8re m\u2019a ray\u00e9 de son testament sans pr\u00e9venir\u201d&quot;,&quot;width&quot;:&quot;0&quot;,&quot;_legend&quot;:&quot;{score}\\\/{best} - ({count} {votes})&quot;,&quot;font_factor&quot;:&quot;1.25&quot;}'>\n            \n<div class=\"kksr-stars\">\n    \n<div class=\"kksr-stars-inactive\">\n            <div class=\"kksr-star\" data-star=\"1\" style=\"padding-right: 5px\">\n            \n\n<div class=\"kksr-icon\" style=\"width: 24px; height: 24px;\"><\/div>\n        <\/div>\n            <div class=\"kksr-star\" data-star=\"2\" style=\"padding-right: 5px\">\n            \n\n<div class=\"kksr-icon\" style=\"width: 24px; height: 24px;\"><\/div>\n        <\/div>\n            <div class=\"kksr-star\" data-star=\"3\" style=\"padding-right: 5px\">\n            \n\n<div class=\"kksr-icon\" style=\"width: 24px; height: 24px;\"><\/div>\n        <\/div>\n            <div class=\"kksr-star\" data-star=\"4\" style=\"padding-right: 5px\">\n            \n\n<div class=\"kksr-icon\" style=\"width: 24px; height: 24px;\"><\/div>\n        <\/div>\n            <div class=\"kksr-star\" data-star=\"5\" style=\"padding-right: 5px\">\n            \n\n<div class=\"kksr-icon\" style=\"width: 24px; height: 24px;\"><\/div>\n        <\/div>\n    <\/div>\n    \n<div class=\"kksr-stars-active\" style=\"width: 0px;\">\n            <div class=\"kksr-star\" style=\"padding-right: 5px\">\n            \n\n<div class=\"kksr-icon\" style=\"width: 24px; height: 24px;\"><\/div>\n        <\/div>\n            <div class=\"kksr-star\" style=\"padding-right: 5px\">\n            \n\n<div class=\"kksr-icon\" style=\"width: 24px; height: 24px;\"><\/div>\n        <\/div>\n            <div class=\"kksr-star\" style=\"padding-right: 5px\">\n            \n\n<div class=\"kksr-icon\" style=\"width: 24px; height: 24px;\"><\/div>\n        <\/div>\n            <div class=\"kksr-star\" style=\"padding-right: 5px\">\n            \n\n<div class=\"kksr-icon\" style=\"width: 24px; height: 24px;\"><\/div>\n        <\/div>\n            <div class=\"kksr-star\" style=\"padding-right: 5px\">\n            \n\n<div class=\"kksr-icon\" style=\"width: 24px; height: 24px;\"><\/div>\n        <\/div>\n    <\/div>\n<\/div>\n                \n\n<div class=\"kksr-legend\" style=\"font-size: 19.2px;\">\n            <span class=\"kksr-muted\"><\/span>\n    <\/div>\n    <\/div>\n","protected":false},"excerpt":{"rendered":"<p>Dans les familles fran\u00e7aises, un sujet tabou refait surface avec une intensit\u00e9 nouvelle : \u00ab\u00a0Et si d\u00e9sh\u00e9riter ses enfants devenait une solution envisag\u00e9e par certains parents ?\u00a0\u00bb Cette question, longtemps consid\u00e9r\u00e9e comme impensable, semble gagner du terrain dans un contexte de tensions familiales accrues et de recomposition des mod\u00e8les successoraux. Un acte radical aux motivations &#8230; <a title=\"D\u00e9sh\u00e9riter ses enfants peut provoquer des drames familiaux \u201cmon p\u00e8re m\u2019a ray\u00e9 de son testament sans pr\u00e9venir\u201d\" class=\"read-more\" href=\"https:\/\/rachat2credit.fr\/guide\/desheriter-ses-enfants-peut-provoquer-des-drames-familiaux-mon-pere-ma-raye-de-son-testament-sans-prevenir\/\" aria-label=\"En savoir plus sur D\u00e9sh\u00e9riter ses enfants peut provoquer des drames familiaux \u201cmon p\u00e8re m\u2019a ray\u00e9 de son testament sans pr\u00e9venir\u201d\">Lire plus<\/a><\/p>\n","protected":false},"author":1,"featured_media":868,"comment_status":"open","ping_status":"open","sticky":false,"template":"","format":"standard","meta":{"footnotes":""},"categories":[8],"tags":[],"class_list":["post-867","post","type-post","status-publish","format-standard","has-post-thumbnail","hentry","category-a-la-une"],"yoast_head":"<!-- This site is optimized with the Yoast SEO plugin v27.5 - https:\/\/yoast.com\/product\/yoast-seo-wordpress\/ -->\n<title>D\u00e9sh\u00e9riter ses enfants peut provoquer des drames familiaux \u201cmon p\u00e8re m\u2019a ray\u00e9 de son testament sans pr\u00e9venir\u201d - Rachat de Cr\u00e9dit<\/title>\n<meta name=\"robots\" content=\"index, follow, max-snippet:-1, max-image-preview:large, max-video-preview:-1\" \/>\n<link rel=\"canonical\" href=\"https:\/\/rachat2credit.fr\/guide\/desheriter-ses-enfants-peut-provoquer-des-drames-familiaux-mon-pere-ma-raye-de-son-testament-sans-prevenir\/\" \/>\n<meta property=\"og:locale\" content=\"fr_FR\" \/>\n<meta property=\"og:type\" content=\"article\" \/>\n<meta property=\"og:title\" content=\"D\u00e9sh\u00e9riter ses enfants peut provoquer des drames familiaux \u201cmon p\u00e8re m\u2019a ray\u00e9 de son testament sans pr\u00e9venir\u201d - Rachat de Cr\u00e9dit\" \/>\n<meta property=\"og:description\" content=\"Dans les familles fran\u00e7aises, un sujet tabou refait surface avec une intensit\u00e9 nouvelle : \u00ab\u00a0Et si d\u00e9sh\u00e9riter ses enfants devenait une solution envisag\u00e9e par certains parents ?\u00a0\u00bb Cette question, longtemps consid\u00e9r\u00e9e comme impensable, semble gagner du terrain dans un contexte de tensions familiales accrues et de recomposition des mod\u00e8les successoraux. Un acte radical aux motivations ... Lire plus\" \/>\n<meta property=\"og:url\" content=\"https:\/\/rachat2credit.fr\/guide\/desheriter-ses-enfants-peut-provoquer-des-drames-familiaux-mon-pere-ma-raye-de-son-testament-sans-prevenir\/\" \/>\n<meta property=\"og:site_name\" content=\"Rachat de Cr\u00e9dit\" \/>\n<meta property=\"article:published_time\" content=\"2025-08-14T13:46:18+00:00\" \/>\n<meta property=\"og:image\" content=\"https:\/\/rachat2credit.fr\/guide\/wp-content\/uploads\/2025\/08\/flux-pro-1.1-867-1755179189.jpg\" \/>\n\t<meta property=\"og:image:width\" content=\"1344\" \/>\n\t<meta property=\"og:image:height\" content=\"768\" \/>\n\t<meta property=\"og:image:type\" content=\"image\/jpeg\" \/>\n<meta name=\"author\" content=\"Aurelien Boulanger\" \/>\n<meta name=\"twitter:card\" content=\"summary_large_image\" \/>\n<meta name=\"twitter:label1\" content=\"\u00c9crit par\" \/>\n\t<meta name=\"twitter:data1\" content=\"Aurelien Boulanger\" \/>\n\t<meta name=\"twitter:label2\" content=\"Dur\u00e9e de lecture estim\u00e9e\" \/>\n\t<meta name=\"twitter:data2\" content=\"3 minutes\" \/>\n<script type=\"application\/ld+json\" class=\"yoast-schema-graph\">{\"@context\":\"https:\\\/\\\/schema.org\",\"@graph\":[{\"@type\":\"NewsArticle\",\"@id\":\"https:\\\/\\\/rachat2credit.fr\\\/guide\\\/desheriter-ses-enfants-peut-provoquer-des-drames-familiaux-mon-pere-ma-raye-de-son-testament-sans-prevenir\\\/#article\",\"isPartOf\":{\"@id\":\"https:\\\/\\\/rachat2credit.fr\\\/guide\\\/desheriter-ses-enfants-peut-provoquer-des-drames-familiaux-mon-pere-ma-raye-de-son-testament-sans-prevenir\\\/\"},\"author\":{\"name\":\"Aurelien Boulanger\",\"@id\":\"https:\\\/\\\/rachat2credit.fr\\\/guide\\\/#\\\/schema\\\/person\\\/d4142086d07bc6acdc4722eabd955cc2\"},\"headline\":\"D\u00e9sh\u00e9riter ses enfants peut provoquer des drames familiaux \u201cmon p\u00e8re m\u2019a ray\u00e9 de son testament sans pr\u00e9venir\u201d\",\"datePublished\":\"2025-08-14T13:46:18+00:00\",\"mainEntityOfPage\":{\"@id\":\"https:\\\/\\\/rachat2credit.fr\\\/guide\\\/desheriter-ses-enfants-peut-provoquer-des-drames-familiaux-mon-pere-ma-raye-de-son-testament-sans-prevenir\\\/\"},\"wordCount\":592,\"commentCount\":27,\"publisher\":{\"@id\":\"https:\\\/\\\/rachat2credit.fr\\\/guide\\\/#organization\"},\"image\":{\"@id\":\"https:\\\/\\\/rachat2credit.fr\\\/guide\\\/desheriter-ses-enfants-peut-provoquer-des-drames-familiaux-mon-pere-ma-raye-de-son-testament-sans-prevenir\\\/#primaryimage\"},\"thumbnailUrl\":\"https:\\\/\\\/rachat2credit.fr\\\/guide\\\/wp-content\\\/uploads\\\/2025\\\/08\\\/flux-pro-1.1-867-1755179189.jpg\",\"articleSection\":[\"A la une\"],\"inLanguage\":\"fr-FR\",\"potentialAction\":[{\"@type\":\"CommentAction\",\"name\":\"Comment\",\"target\":[\"https:\\\/\\\/rachat2credit.fr\\\/guide\\\/desheriter-ses-enfants-peut-provoquer-des-drames-familiaux-mon-pere-ma-raye-de-son-testament-sans-prevenir\\\/#respond\"]}]},{\"@type\":\"WebPage\",\"@id\":\"https:\\\/\\\/rachat2credit.fr\\\/guide\\\/desheriter-ses-enfants-peut-provoquer-des-drames-familiaux-mon-pere-ma-raye-de-son-testament-sans-prevenir\\\/\",\"url\":\"https:\\\/\\\/rachat2credit.fr\\\/guide\\\/desheriter-ses-enfants-peut-provoquer-des-drames-familiaux-mon-pere-ma-raye-de-son-testament-sans-prevenir\\\/\",\"name\":\"D\u00e9sh\u00e9riter ses enfants peut provoquer des drames familiaux \u201cmon p\u00e8re m\u2019a ray\u00e9 de son testament sans pr\u00e9venir\u201d - Rachat de Cr\u00e9dit\",\"isPartOf\":{\"@id\":\"https:\\\/\\\/rachat2credit.fr\\\/guide\\\/#website\"},\"primaryImageOfPage\":{\"@id\":\"https:\\\/\\\/rachat2credit.fr\\\/guide\\\/desheriter-ses-enfants-peut-provoquer-des-drames-familiaux-mon-pere-ma-raye-de-son-testament-sans-prevenir\\\/#primaryimage\"},\"image\":{\"@id\":\"https:\\\/\\\/rachat2credit.fr\\\/guide\\\/desheriter-ses-enfants-peut-provoquer-des-drames-familiaux-mon-pere-ma-raye-de-son-testament-sans-prevenir\\\/#primaryimage\"},\"thumbnailUrl\":\"https:\\\/\\\/rachat2credit.fr\\\/guide\\\/wp-content\\\/uploads\\\/2025\\\/08\\\/flux-pro-1.1-867-1755179189.jpg\",\"datePublished\":\"2025-08-14T13:46:18+00:00\",\"breadcrumb\":{\"@id\":\"https:\\\/\\\/rachat2credit.fr\\\/guide\\\/desheriter-ses-enfants-peut-provoquer-des-drames-familiaux-mon-pere-ma-raye-de-son-testament-sans-prevenir\\\/#breadcrumb\"},\"inLanguage\":\"fr-FR\",\"potentialAction\":[{\"@type\":\"ReadAction\",\"target\":[\"https:\\\/\\\/rachat2credit.fr\\\/guide\\\/desheriter-ses-enfants-peut-provoquer-des-drames-familiaux-mon-pere-ma-raye-de-son-testament-sans-prevenir\\\/\"]}]},{\"@type\":\"ImageObject\",\"inLanguage\":\"fr-FR\",\"@id\":\"https:\\\/\\\/rachat2credit.fr\\\/guide\\\/desheriter-ses-enfants-peut-provoquer-des-drames-familiaux-mon-pere-ma-raye-de-son-testament-sans-prevenir\\\/#primaryimage\",\"url\":\"https:\\\/\\\/rachat2credit.fr\\\/guide\\\/wp-content\\\/uploads\\\/2025\\\/08\\\/flux-pro-1.1-867-1755179189.jpg\",\"contentUrl\":\"https:\\\/\\\/rachat2credit.fr\\\/guide\\\/wp-content\\\/uploads\\\/2025\\\/08\\\/flux-pro-1.1-867-1755179189.jpg\",\"width\":1344,\"height\":768},{\"@type\":\"BreadcrumbList\",\"@id\":\"https:\\\/\\\/rachat2credit.fr\\\/guide\\\/desheriter-ses-enfants-peut-provoquer-des-drames-familiaux-mon-pere-ma-raye-de-son-testament-sans-prevenir\\\/#breadcrumb\",\"itemListElement\":[{\"@type\":\"ListItem\",\"position\":1,\"name\":\"Accueil\",\"item\":\"https:\\\/\\\/rachat2credit.fr\\\/guide\\\/\"},{\"@type\":\"ListItem\",\"position\":2,\"name\":\"D\u00e9sh\u00e9riter ses enfants peut provoquer des drames familiaux \u201cmon p\u00e8re m\u2019a ray\u00e9 de son testament sans pr\u00e9venir\u201d\"}]},{\"@type\":\"WebSite\",\"@id\":\"https:\\\/\\\/rachat2credit.fr\\\/guide\\\/#website\",\"url\":\"https:\\\/\\\/rachat2credit.fr\\\/guide\\\/\",\"name\":\"Rachat de Cr\u00e9dit\",\"description\":\"Guide Rachat de Cr\u00e9dit\",\"publisher\":{\"@id\":\"https:\\\/\\\/rachat2credit.fr\\\/guide\\\/#organization\"},\"potentialAction\":[{\"@type\":\"SearchAction\",\"target\":{\"@type\":\"EntryPoint\",\"urlTemplate\":\"https:\\\/\\\/rachat2credit.fr\\\/guide\\\/?s={search_term_string}\"},\"query-input\":{\"@type\":\"PropertyValueSpecification\",\"valueRequired\":true,\"valueName\":\"search_term_string\"}}],\"inLanguage\":\"fr-FR\"},{\"@type\":\"Organization\",\"@id\":\"https:\\\/\\\/rachat2credit.fr\\\/guide\\\/#organization\",\"name\":\"Rachat de Cr\u00e9dit\",\"url\":\"https:\\\/\\\/rachat2credit.fr\\\/guide\\\/\",\"logo\":{\"@type\":\"ImageObject\",\"inLanguage\":\"fr-FR\",\"@id\":\"https:\\\/\\\/rachat2credit.fr\\\/guide\\\/#\\\/schema\\\/logo\\\/image\\\/\",\"url\":\"https:\\\/\\\/rachat2credit.fr\\\/guide\\\/wp-content\\\/uploads\\\/2025\\\/05\\\/rachat2credit.png\",\"contentUrl\":\"https:\\\/\\\/rachat2credit.fr\\\/guide\\\/wp-content\\\/uploads\\\/2025\\\/05\\\/rachat2credit.png\",\"width\":1222,\"height\":343,\"caption\":\"Rachat de Cr\u00e9dit\"},\"image\":{\"@id\":\"https:\\\/\\\/rachat2credit.fr\\\/guide\\\/#\\\/schema\\\/logo\\\/image\\\/\"}},{\"@type\":\"Person\",\"@id\":\"https:\\\/\\\/rachat2credit.fr\\\/guide\\\/#\\\/schema\\\/person\\\/d4142086d07bc6acdc4722eabd955cc2\",\"name\":\"Aurelien Boulanger\",\"image\":{\"@type\":\"ImageObject\",\"inLanguage\":\"fr-FR\",\"@id\":\"https:\\\/\\\/secure.gravatar.com\\\/avatar\\\/32175434c9ca2b27bfeb905d1c3ec782a789caf494bc0ec8fa6ed0ee39c2e62a?s=96&d=mm&r=g\",\"url\":\"https:\\\/\\\/secure.gravatar.com\\\/avatar\\\/32175434c9ca2b27bfeb905d1c3ec782a789caf494bc0ec8fa6ed0ee39c2e62a?s=96&d=mm&r=g\",\"contentUrl\":\"https:\\\/\\\/secure.gravatar.com\\\/avatar\\\/32175434c9ca2b27bfeb905d1c3ec782a789caf494bc0ec8fa6ed0ee39c2e62a?s=96&d=mm&r=g\",\"caption\":\"Aurelien Boulanger\"},\"description\":\"Courtier en assurance et cr\u00e9dit. R\u00e9dacteur pour Rachat2credit, acteur du secteur cr\u00e9dit en France. Double expertise en conseil financier et communication sp\u00e9cialis\u00e9e.\",\"sameAs\":[\"https:\\\/\\\/rachat2credit.fr\\\/guide\"],\"url\":\"https:\\\/\\\/rachat2credit.fr\\\/guide\\\/author\\\/aurelien\\\/\"}]}<\/script>\n<!-- \/ Yoast SEO plugin. -->","yoast_head_json":{"title":"D\u00e9sh\u00e9riter ses enfants peut provoquer des drames familiaux \u201cmon p\u00e8re m\u2019a ray\u00e9 de son testament sans pr\u00e9venir\u201d - Rachat de Cr\u00e9dit","robots":{"index":"index","follow":"follow","max-snippet":"max-snippet:-1","max-image-preview":"max-image-preview:large","max-video-preview":"max-video-preview:-1"},"canonical":"https:\/\/rachat2credit.fr\/guide\/desheriter-ses-enfants-peut-provoquer-des-drames-familiaux-mon-pere-ma-raye-de-son-testament-sans-prevenir\/","og_locale":"fr_FR","og_type":"article","og_title":"D\u00e9sh\u00e9riter ses enfants peut provoquer des drames familiaux \u201cmon p\u00e8re m\u2019a ray\u00e9 de son testament sans pr\u00e9venir\u201d - Rachat de Cr\u00e9dit","og_description":"Dans les familles fran\u00e7aises, un sujet tabou refait surface avec une intensit\u00e9 nouvelle : \u00ab\u00a0Et si d\u00e9sh\u00e9riter ses enfants devenait une solution envisag\u00e9e par certains parents ?\u00a0\u00bb Cette question, longtemps consid\u00e9r\u00e9e comme impensable, semble gagner du terrain dans un contexte de tensions familiales accrues et de recomposition des mod\u00e8les successoraux. Un acte radical aux motivations ... Lire plus","og_url":"https:\/\/rachat2credit.fr\/guide\/desheriter-ses-enfants-peut-provoquer-des-drames-familiaux-mon-pere-ma-raye-de-son-testament-sans-prevenir\/","og_site_name":"Rachat de Cr\u00e9dit","article_published_time":"2025-08-14T13:46:18+00:00","og_image":[{"width":1344,"height":768,"url":"https:\/\/rachat2credit.fr\/guide\/wp-content\/uploads\/2025\/08\/flux-pro-1.1-867-1755179189.jpg","type":"image\/jpeg"}],"author":"Aurelien Boulanger","twitter_card":"summary_large_image","twitter_misc":{"\u00c9crit par":"Aurelien Boulanger","Dur\u00e9e de lecture estim\u00e9e":"3 minutes"},"schema":{"@context":"https:\/\/schema.org","@graph":[{"@type":"NewsArticle","@id":"https:\/\/rachat2credit.fr\/guide\/desheriter-ses-enfants-peut-provoquer-des-drames-familiaux-mon-pere-ma-raye-de-son-testament-sans-prevenir\/#article","isPartOf":{"@id":"https:\/\/rachat2credit.fr\/guide\/desheriter-ses-enfants-peut-provoquer-des-drames-familiaux-mon-pere-ma-raye-de-son-testament-sans-prevenir\/"},"author":{"name":"Aurelien Boulanger","@id":"https:\/\/rachat2credit.fr\/guide\/#\/schema\/person\/d4142086d07bc6acdc4722eabd955cc2"},"headline":"D\u00e9sh\u00e9riter ses enfants peut provoquer des drames familiaux \u201cmon p\u00e8re m\u2019a ray\u00e9 de son testament sans pr\u00e9venir\u201d","datePublished":"2025-08-14T13:46:18+00:00","mainEntityOfPage":{"@id":"https:\/\/rachat2credit.fr\/guide\/desheriter-ses-enfants-peut-provoquer-des-drames-familiaux-mon-pere-ma-raye-de-son-testament-sans-prevenir\/"},"wordCount":592,"commentCount":27,"publisher":{"@id":"https:\/\/rachat2credit.fr\/guide\/#organization"},"image":{"@id":"https:\/\/rachat2credit.fr\/guide\/desheriter-ses-enfants-peut-provoquer-des-drames-familiaux-mon-pere-ma-raye-de-son-testament-sans-prevenir\/#primaryimage"},"thumbnailUrl":"https:\/\/rachat2credit.fr\/guide\/wp-content\/uploads\/2025\/08\/flux-pro-1.1-867-1755179189.jpg","articleSection":["A la une"],"inLanguage":"fr-FR","potentialAction":[{"@type":"CommentAction","name":"Comment","target":["https:\/\/rachat2credit.fr\/guide\/desheriter-ses-enfants-peut-provoquer-des-drames-familiaux-mon-pere-ma-raye-de-son-testament-sans-prevenir\/#respond"]}]},{"@type":"WebPage","@id":"https:\/\/rachat2credit.fr\/guide\/desheriter-ses-enfants-peut-provoquer-des-drames-familiaux-mon-pere-ma-raye-de-son-testament-sans-prevenir\/","url":"https:\/\/rachat2credit.fr\/guide\/desheriter-ses-enfants-peut-provoquer-des-drames-familiaux-mon-pere-ma-raye-de-son-testament-sans-prevenir\/","name":"D\u00e9sh\u00e9riter ses enfants peut provoquer des drames familiaux \u201cmon p\u00e8re m\u2019a ray\u00e9 de son testament sans pr\u00e9venir\u201d - Rachat de Cr\u00e9dit","isPartOf":{"@id":"https:\/\/rachat2credit.fr\/guide\/#website"},"primaryImageOfPage":{"@id":"https:\/\/rachat2credit.fr\/guide\/desheriter-ses-enfants-peut-provoquer-des-drames-familiaux-mon-pere-ma-raye-de-son-testament-sans-prevenir\/#primaryimage"},"image":{"@id":"https:\/\/rachat2credit.fr\/guide\/desheriter-ses-enfants-peut-provoquer-des-drames-familiaux-mon-pere-ma-raye-de-son-testament-sans-prevenir\/#primaryimage"},"thumbnailUrl":"https:\/\/rachat2credit.fr\/guide\/wp-content\/uploads\/2025\/08\/flux-pro-1.1-867-1755179189.jpg","datePublished":"2025-08-14T13:46:18+00:00","breadcrumb":{"@id":"https:\/\/rachat2credit.fr\/guide\/desheriter-ses-enfants-peut-provoquer-des-drames-familiaux-mon-pere-ma-raye-de-son-testament-sans-prevenir\/#breadcrumb"},"inLanguage":"fr-FR","potentialAction":[{"@type":"ReadAction","target":["https:\/\/rachat2credit.fr\/guide\/desheriter-ses-enfants-peut-provoquer-des-drames-familiaux-mon-pere-ma-raye-de-son-testament-sans-prevenir\/"]}]},{"@type":"ImageObject","inLanguage":"fr-FR","@id":"https:\/\/rachat2credit.fr\/guide\/desheriter-ses-enfants-peut-provoquer-des-drames-familiaux-mon-pere-ma-raye-de-son-testament-sans-prevenir\/#primaryimage","url":"https:\/\/rachat2credit.fr\/guide\/wp-content\/uploads\/2025\/08\/flux-pro-1.1-867-1755179189.jpg","contentUrl":"https:\/\/rachat2credit.fr\/guide\/wp-content\/uploads\/2025\/08\/flux-pro-1.1-867-1755179189.jpg","width":1344,"height":768},{"@type":"BreadcrumbList","@id":"https:\/\/rachat2credit.fr\/guide\/desheriter-ses-enfants-peut-provoquer-des-drames-familiaux-mon-pere-ma-raye-de-son-testament-sans-prevenir\/#breadcrumb","itemListElement":[{"@type":"ListItem","position":1,"name":"Accueil","item":"https:\/\/rachat2credit.fr\/guide\/"},{"@type":"ListItem","position":2,"name":"D\u00e9sh\u00e9riter ses enfants peut provoquer des drames familiaux \u201cmon p\u00e8re m\u2019a ray\u00e9 de son testament sans pr\u00e9venir\u201d"}]},{"@type":"WebSite","@id":"https:\/\/rachat2credit.fr\/guide\/#website","url":"https:\/\/rachat2credit.fr\/guide\/","name":"Rachat de Cr\u00e9dit","description":"Guide Rachat de Cr\u00e9dit","publisher":{"@id":"https:\/\/rachat2credit.fr\/guide\/#organization"},"potentialAction":[{"@type":"SearchAction","target":{"@type":"EntryPoint","urlTemplate":"https:\/\/rachat2credit.fr\/guide\/?s={search_term_string}"},"query-input":{"@type":"PropertyValueSpecification","valueRequired":true,"valueName":"search_term_string"}}],"inLanguage":"fr-FR"},{"@type":"Organization","@id":"https:\/\/rachat2credit.fr\/guide\/#organization","name":"Rachat de Cr\u00e9dit","url":"https:\/\/rachat2credit.fr\/guide\/","logo":{"@type":"ImageObject","inLanguage":"fr-FR","@id":"https:\/\/rachat2credit.fr\/guide\/#\/schema\/logo\/image\/","url":"https:\/\/rachat2credit.fr\/guide\/wp-content\/uploads\/2025\/05\/rachat2credit.png","contentUrl":"https:\/\/rachat2credit.fr\/guide\/wp-content\/uploads\/2025\/05\/rachat2credit.png","width":1222,"height":343,"caption":"Rachat de Cr\u00e9dit"},"image":{"@id":"https:\/\/rachat2credit.fr\/guide\/#\/schema\/logo\/image\/"}},{"@type":"Person","@id":"https:\/\/rachat2credit.fr\/guide\/#\/schema\/person\/d4142086d07bc6acdc4722eabd955cc2","name":"Aurelien Boulanger","image":{"@type":"ImageObject","inLanguage":"fr-FR","@id":"https:\/\/secure.gravatar.com\/avatar\/32175434c9ca2b27bfeb905d1c3ec782a789caf494bc0ec8fa6ed0ee39c2e62a?s=96&d=mm&r=g","url":"https:\/\/secure.gravatar.com\/avatar\/32175434c9ca2b27bfeb905d1c3ec782a789caf494bc0ec8fa6ed0ee39c2e62a?s=96&d=mm&r=g","contentUrl":"https:\/\/secure.gravatar.com\/avatar\/32175434c9ca2b27bfeb905d1c3ec782a789caf494bc0ec8fa6ed0ee39c2e62a?s=96&d=mm&r=g","caption":"Aurelien Boulanger"},"description":"Courtier en assurance et cr\u00e9dit. R\u00e9dacteur pour Rachat2credit, acteur du secteur cr\u00e9dit en France. Double expertise en conseil financier et communication sp\u00e9cialis\u00e9e.","sameAs":["https:\/\/rachat2credit.fr\/guide"],"url":"https:\/\/rachat2credit.fr\/guide\/author\/aurelien\/"}]}},"_links":{"self":[{"href":"https:\/\/rachat2credit.fr\/guide\/wp-json\/wp\/v2\/posts\/867","targetHints":{"allow":["GET"]}}],"collection":[{"href":"https:\/\/rachat2credit.fr\/guide\/wp-json\/wp\/v2\/posts"}],"about":[{"href":"https:\/\/rachat2credit.fr\/guide\/wp-json\/wp\/v2\/types\/post"}],"author":[{"embeddable":true,"href":"https:\/\/rachat2credit.fr\/guide\/wp-json\/wp\/v2\/users\/1"}],"replies":[{"embeddable":true,"href":"https:\/\/rachat2credit.fr\/guide\/wp-json\/wp\/v2\/comments?post=867"}],"version-history":[{"count":0,"href":"https:\/\/rachat2credit.fr\/guide\/wp-json\/wp\/v2\/posts\/867\/revisions"}],"wp:featuredmedia":[{"embeddable":true,"href":"https:\/\/rachat2credit.fr\/guide\/wp-json\/wp\/v2\/media\/868"}],"wp:attachment":[{"href":"https:\/\/rachat2credit.fr\/guide\/wp-json\/wp\/v2\/media?parent=867"}],"wp:term":[{"taxonomy":"category","embeddable":true,"href":"https:\/\/rachat2credit.fr\/guide\/wp-json\/wp\/v2\/categories?post=867"},{"taxonomy":"post_tag","embeddable":true,"href":"https:\/\/rachat2credit.fr\/guide\/wp-json\/wp\/v2\/tags?post=867"}],"curies":[{"name":"wp","href":"https:\/\/api.w.org\/{rel}","templated":true}]}}