{"id":889,"date":"2025-08-15T18:46:09","date_gmt":"2025-08-15T16:46:09","guid":{"rendered":"https:\/\/rachat2credit.fr\/guide\/moins-dun-francais-sur-deux-veut-prendre-sa-retraite-avant-60-ans-je-prefere-continuer-a-travailler-pour-maintenir-mon-niveau-de-vie\/"},"modified":"2025-08-15T18:46:09","modified_gmt":"2025-08-15T16:46:09","slug":"moins-dun-francais-sur-deux-veut-prendre-sa-retraite-avant-60-ans-je-prefere-continuer-a-travailler-pour-maintenir-mon-niveau-de-vie","status":"publish","type":"post","link":"https:\/\/rachat2credit.fr\/guide\/moins-dun-francais-sur-deux-veut-prendre-sa-retraite-avant-60-ans-je-prefere-continuer-a-travailler-pour-maintenir-mon-niveau-de-vie\/","title":{"rendered":"Moins d\u2019un Fran\u00e7ais sur deux veut prendre sa retraite avant 60 ans \u201cje pr\u00e9f\u00e8re continuer \u00e0 travailler pour maintenir mon niveau de vie\u201d"},"content":{"rendered":"<article>\n<p>Et si moins d&rsquo;un Fran\u00e7ais sur deux r\u00eavait vraiment de prendre sa retraite avant 60 ans ? Une r\u00e9cente \u00e9tude relance le d\u00e9fi sur notre rapport au travail et \u00e0 la libert\u00e9 financi\u00e8re.<\/p>\n<div id=\"ez-toc-container\" class=\"ez-toc-v2_0_82_2 counter-hierarchy ez-toc-counter ez-toc-grey ez-toc-container-direction\">\n<p class=\"ez-toc-title\" style=\"cursor:inherit\">Sommaire<\/p>\n<label for=\"ez-toc-cssicon-toggle-item-69f1069286201\" class=\"ez-toc-cssicon-toggle-label\"><span class=\"ez-toc-cssicon\"><span class=\"eztoc-hide\" style=\"display:none;\">Toggle<\/span><span class=\"ez-toc-icon-toggle-span\"><svg style=\"fill: #999;color:#999\" xmlns=\"http:\/\/www.w3.org\/2000\/svg\" class=\"list-377408\" width=\"20px\" height=\"20px\" viewBox=\"0 0 24 24\" fill=\"none\"><path d=\"M6 6H4v2h2V6zm14 0H8v2h12V6zM4 11h2v2H4v-2zm16 0H8v2h12v-2zM4 16h2v2H4v-2zm16 0H8v2h12v-2z\" fill=\"currentColor\"><\/path><\/svg><svg style=\"fill: #999;color:#999\" class=\"arrow-unsorted-368013\" xmlns=\"http:\/\/www.w3.org\/2000\/svg\" width=\"10px\" height=\"10px\" viewBox=\"0 0 24 24\" version=\"1.2\" baseProfile=\"tiny\"><path d=\"M18.2 9.3l-6.2-6.3-6.2 6.3c-.2.2-.3.4-.3.7s.1.5.3.7c.2.2.4.3.7.3h11c.3 0 .5-.1.7-.3.2-.2.3-.5.3-.7s-.1-.5-.3-.7zM5.8 14.7l6.2 6.3 6.2-6.3c.2-.2.3-.5.3-.7s-.1-.5-.3-.7c-.2-.2-.4-.3-.7-.3h-11c-.3 0-.5.1-.7.3-.2.2-.3.5-.3.7s.1.5.3.7z\"\/><\/svg><\/span><\/span><\/label><input type=\"checkbox\"  id=\"ez-toc-cssicon-toggle-item-69f1069286201\" checked aria-label=\"Toggle\" \/><nav><ul class='ez-toc-list ez-toc-list-level-1 ' ><li class='ez-toc-page-1 ez-toc-heading-level-2'><a class=\"ez-toc-link ez-toc-heading-1\" href=\"https:\/\/rachat2credit.fr\/guide\/moins-dun-francais-sur-deux-veut-prendre-sa-retraite-avant-60-ans-je-prefere-continuer-a-travailler-pour-maintenir-mon-niveau-de-vie\/#Un_constat_qui_bouscule_les_idees_recues\" >Un constat qui bouscule les id\u00e9es re\u00e7ues<\/a><\/li><li class='ez-toc-page-1 ez-toc-heading-level-2'><a class=\"ez-toc-link ez-toc-heading-2\" href=\"https:\/\/rachat2credit.fr\/guide\/moins-dun-francais-sur-deux-veut-prendre-sa-retraite-avant-60-ans-je-prefere-continuer-a-travailler-pour-maintenir-mon-niveau-de-vie\/#Trois_raisons_qui_changent_la_donne\" >Trois raisons qui changent la donne<\/a><\/li><li class='ez-toc-page-1 ez-toc-heading-level-2'><a class=\"ez-toc-link ez-toc-heading-3\" href=\"https:\/\/rachat2credit.fr\/guide\/moins-dun-francais-sur-deux-veut-prendre-sa-retraite-avant-60-ans-je-prefere-continuer-a-travailler-pour-maintenir-mon-niveau-de-vie\/#Le_paradoxe_des_generations\" >Le paradoxe des g\u00e9n\u00e9rations<\/a><\/li><li class='ez-toc-page-1 ez-toc-heading-level-2'><a class=\"ez-toc-link ez-toc-heading-4\" href=\"https:\/\/rachat2credit.fr\/guide\/moins-dun-francais-sur-deux-veut-prendre-sa-retraite-avant-60-ans-je-prefere-continuer-a-travailler-pour-maintenir-mon-niveau-de-vie\/#Et_si_la_retraite_netait_plus_ce_quelle_etait\" >Et si la retraite n&rsquo;\u00e9tait plus ce qu&rsquo;elle \u00e9tait ?<\/a><\/li><li class='ez-toc-page-1 ez-toc-heading-level-2'><a class=\"ez-toc-link ez-toc-heading-5\" href=\"https:\/\/rachat2credit.fr\/guide\/moins-dun-francais-sur-deux-veut-prendre-sa-retraite-avant-60-ans-je-prefere-continuer-a-travailler-pour-maintenir-mon-niveau-de-vie\/#Ce_que_revele_vraiment_cette_etude\" >Ce que r\u00e9v\u00e8le vraiment cette \u00e9tude<\/a><\/li><\/ul><\/nav><\/div>\n<h2><span class=\"ez-toc-section\" id=\"Un_constat_qui_bouscule_les_idees_recues\"><\/span>Un constat qui bouscule les id\u00e9es re\u00e7ues<span class=\"ez-toc-section-end\"><\/span><\/h2>\n<p>Alors que les d\u00e9bats sur la r\u00e9forme des retraites enflamment r\u00e9guli\u00e8rement l&rsquo;actualit\u00e9, une tendance surprenante \u00e9merge : pr\u00e8s de 53% des actifs fran\u00e7ais envisageraient de travailler au-del\u00e0 de 60 ans. \u00ab\u00a0Je me sens encore utile et j&rsquo;ai besoin de ce rythme\u00a0\u00bb, confie Marc, 58 ans, consultant en informatique.<\/p>\n<p>Cette r\u00e9alit\u00e9 contredit le discours dominant sur l&rsquo;aspiration g\u00e9n\u00e9rale \u00e0 un d\u00e9part anticip\u00e9. Selon des donn\u00e9es du <a href=\"https:\/\/www.insee.fr\" target=\"_blank\" rel=\"noopener\">INSEE<\/a>, plusieurs facteurs expliqueraient cette \u00e9volution des mentalit\u00e9s.<\/p>\n<h2><span class=\"ez-toc-section\" id=\"Trois_raisons_qui_changent_la_donne\"><\/span>Trois raisons qui changent la donne<span class=\"ez-toc-section-end\"><\/span><\/h2>\n<p><strong>1. L&rsquo;\u00e9panouissement professionnel<\/strong> : \u00ab\u00a0Mon travail me passionne toujours apr\u00e8s 35 ans de carri\u00e8re\u00a0\u00bb, t\u00e9moigne Sophie, architecte. Certains m\u00e9tiers intellectuels offriraient une satisfaction croissante avec l&rsquo;exp\u00e9rience.<\/p>\n<p><strong>2. La peur du vide<\/strong> : \u00ab\u00a0J&rsquo;ai vu des coll\u00e8gues d\u00e9p\u00e9rir apr\u00e8s leur retraite\u00a0\u00bb, r\u00e9v\u00e8le Thomas, 56 ans. La transition vers une vie sans cadre professionnel repr\u00e9senterait une angoisse pour beaucoup.<\/p>\n<p><strong>3. Les r\u00e9alit\u00e9s financi\u00e8res<\/strong> : Avec l&rsquo;allongement de l&rsquo;esp\u00e9rance de vie, maintenir des revenus plus longtemps deviendrait une n\u00e9cessit\u00e9 pour nombre de m\u00e9nages.<\/p>\n<h2><span class=\"ez-toc-section\" id=\"Le_paradoxe_des_generations\"><\/span>Le paradoxe des g\u00e9n\u00e9rations<span class=\"ez-toc-section-end\"><\/span><\/h2>\n<p>Les moins de 40 ans afficheraient paradoxalement plus d&#8217;empressement \u00e0 quitter la vie active que leurs a\u00een\u00e9s. \u00ab\u00a0C&rsquo;est peut-\u00eatre une question de rapport au travail\u00a0\u00bb, analyse la sociologue \u00c9milie Durant dans son dernier ouvrage. Les jeunes actifs rechercheraient davantage d&rsquo;\u00e9quilibre entre vie professionnelle et personnelle.<\/p>\n<p>Pourtant, les t\u00e9moignages recueillis r\u00e9v\u00e8lent une autre r\u00e9alit\u00e9 : \u00ab\u00a0\u00c0 55 ans, j&rsquo;ai enfin l&rsquo;impression de ma\u00eetriser mon m\u00e9tier\u00a0\u00bb, souligne Philippe, chef de projet dans l&rsquo;industrie.<\/p>\n<h2><span class=\"ez-toc-section\" id=\"Et_si_la_retraite_netait_plus_ce_quelle_etait\"><\/span>Et si la retraite n&rsquo;\u00e9tait plus ce qu&rsquo;elle \u00e9tait ?<span class=\"ez-toc-section-end\"><\/span><\/h2>\n<p>Le mod\u00e8le traditionnel de la retraite comme rupture totale avec le monde du travail serait en train d&rsquo;\u00e9voluer vers des formules hybrides :<\/p>\n<ul>\n<li>Temps partiel progressif<\/li>\n<li>Consulting ponctuel<\/li>\n<li>Reconversion douce vers une activit\u00e9 passion<\/li>\n<\/ul>\n<p>\u00ab\u00a0Je travaille trois jours par semaine et c&rsquo;est parfait\u00a0\u00bb, explique Nadia, 63 ans, ancienne commerciale devenue formatrice. Cette approche mod\u00e9r\u00e9e permettrait de concilier revenus suppl\u00e9mentaires, stimulation intellectuelle et temps libre.<\/p>\n<h2><span class=\"ez-toc-section\" id=\"Ce_que_revele_vraiment_cette_etude\"><\/span>Ce que r\u00e9v\u00e8le vraiment cette \u00e9tude<span class=\"ez-toc-section-end\"><\/span><\/h2>\n<p>Au-del\u00e0 des chiffres, cette tendance sugg\u00e9rerait une transformation profonde de notre conception du cycle de vie professionnelle. La fronti\u00e8re entre activit\u00e9 et retraite deviendrait de plus en plus poreuse.<\/p>\n<p>Les entreprises auraient tout int\u00e9r\u00eat \u00e0 s&rsquo;adapter \u00e0 cette nouvelle donne en d\u00e9veloppant des parcours professionnels plus flexibles pour les seniors. Une piste explor\u00e9e par certains groupes qui misent sur l&rsquo;expertise de leurs employ\u00e9s exp\u00e9riment\u00e9s.<\/p>\n<p>Comme le r\u00e9sume Marc : \u00ab\u00a0La vraie question n&rsquo;est pas &lsquo;quand&rsquo; je pars, mais &lsquo;comment&rsquo; je veux vivre cette transition.\u00a0\u00bb Une r\u00e9flexion qui pourrait bien red\u00e9finir l&rsquo;avenir du travail pour les g\u00e9n\u00e9rations futures.<\/p>\n<\/article>\n\n\n<div class=\"kk-star-ratings kksr-auto kksr-align-center kksr-valign-bottom\"\n    data-payload='{&quot;align&quot;:&quot;center&quot;,&quot;id&quot;:&quot;889&quot;,&quot;slug&quot;:&quot;default&quot;,&quot;valign&quot;:&quot;bottom&quot;,&quot;ignore&quot;:&quot;&quot;,&quot;reference&quot;:&quot;auto&quot;,&quot;class&quot;:&quot;&quot;,&quot;count&quot;:&quot;0&quot;,&quot;legendonly&quot;:&quot;&quot;,&quot;readonly&quot;:&quot;&quot;,&quot;score&quot;:&quot;0&quot;,&quot;starsonly&quot;:&quot;&quot;,&quot;best&quot;:&quot;5&quot;,&quot;gap&quot;:&quot;5&quot;,&quot;greet&quot;:&quot;&quot;,&quot;legend&quot;:&quot;0\\\/5 - (0 vote)&quot;,&quot;size&quot;:&quot;24&quot;,&quot;title&quot;:&quot;Moins d\u2019un Fran\u00e7ais sur deux veut prendre sa retraite avant 60 ans \u201cje pr\u00e9f\u00e8re continuer \u00e0 travailler pour maintenir mon niveau de vie\u201d&quot;,&quot;width&quot;:&quot;0&quot;,&quot;_legend&quot;:&quot;{score}\\\/{best} - ({count} {votes})&quot;,&quot;font_factor&quot;:&quot;1.25&quot;}'>\n            \n<div class=\"kksr-stars\">\n    \n<div class=\"kksr-stars-inactive\">\n            <div class=\"kksr-star\" data-star=\"1\" style=\"padding-right: 5px\">\n            \n\n<div class=\"kksr-icon\" style=\"width: 24px; height: 24px;\"><\/div>\n        <\/div>\n            <div class=\"kksr-star\" data-star=\"2\" style=\"padding-right: 5px\">\n            \n\n<div class=\"kksr-icon\" style=\"width: 24px; height: 24px;\"><\/div>\n        <\/div>\n            <div class=\"kksr-star\" data-star=\"3\" style=\"padding-right: 5px\">\n            \n\n<div class=\"kksr-icon\" style=\"width: 24px; height: 24px;\"><\/div>\n        <\/div>\n            <div class=\"kksr-star\" data-star=\"4\" style=\"padding-right: 5px\">\n            \n\n<div class=\"kksr-icon\" style=\"width: 24px; height: 24px;\"><\/div>\n        <\/div>\n            <div class=\"kksr-star\" data-star=\"5\" style=\"padding-right: 5px\">\n            \n\n<div class=\"kksr-icon\" style=\"width: 24px; height: 24px;\"><\/div>\n        <\/div>\n    <\/div>\n    \n<div class=\"kksr-stars-active\" style=\"width: 0px;\">\n            <div class=\"kksr-star\" style=\"padding-right: 5px\">\n            \n\n<div class=\"kksr-icon\" style=\"width: 24px; height: 24px;\"><\/div>\n        <\/div>\n            <div class=\"kksr-star\" style=\"padding-right: 5px\">\n            \n\n<div class=\"kksr-icon\" style=\"width: 24px; height: 24px;\"><\/div>\n        <\/div>\n            <div class=\"kksr-star\" style=\"padding-right: 5px\">\n            \n\n<div class=\"kksr-icon\" style=\"width: 24px; height: 24px;\"><\/div>\n        <\/div>\n            <div class=\"kksr-star\" style=\"padding-right: 5px\">\n            \n\n<div class=\"kksr-icon\" style=\"width: 24px; height: 24px;\"><\/div>\n        <\/div>\n            <div class=\"kksr-star\" style=\"padding-right: 5px\">\n            \n\n<div class=\"kksr-icon\" style=\"width: 24px; height: 24px;\"><\/div>\n        <\/div>\n    <\/div>\n<\/div>\n                \n\n<div class=\"kksr-legend\" style=\"font-size: 19.2px;\">\n            <span class=\"kksr-muted\"><\/span>\n    <\/div>\n    <\/div>\n","protected":false},"excerpt":{"rendered":"<p>Et si moins d&rsquo;un Fran\u00e7ais sur deux r\u00eavait vraiment de prendre sa retraite avant 60 ans ? Une r\u00e9cente \u00e9tude relance le d\u00e9fi sur notre rapport au travail et \u00e0 la libert\u00e9 financi\u00e8re. Un constat qui bouscule les id\u00e9es re\u00e7ues Alors que les d\u00e9bats sur la r\u00e9forme des retraites enflamment r\u00e9guli\u00e8rement l&rsquo;actualit\u00e9, une tendance surprenante &#8230; <a title=\"Moins d\u2019un Fran\u00e7ais sur deux veut prendre sa retraite avant 60 ans \u201cje pr\u00e9f\u00e8re continuer \u00e0 travailler pour maintenir mon niveau de vie\u201d\" class=\"read-more\" href=\"https:\/\/rachat2credit.fr\/guide\/moins-dun-francais-sur-deux-veut-prendre-sa-retraite-avant-60-ans-je-prefere-continuer-a-travailler-pour-maintenir-mon-niveau-de-vie\/\" aria-label=\"En savoir plus sur Moins d\u2019un Fran\u00e7ais sur deux veut prendre sa retraite avant 60 ans \u201cje pr\u00e9f\u00e8re continuer \u00e0 travailler pour maintenir mon niveau de vie\u201d\">Lire plus<\/a><\/p>\n","protected":false},"author":1,"featured_media":890,"comment_status":"open","ping_status":"open","sticky":false,"template":"","format":"standard","meta":{"footnotes":""},"categories":[8],"tags":[],"class_list":["post-889","post","type-post","status-publish","format-standard","has-post-thumbnail","hentry","category-a-la-une"],"yoast_head":"<!-- This site is optimized with the Yoast SEO plugin v27.5 - https:\/\/yoast.com\/product\/yoast-seo-wordpress\/ -->\n<title>Moins d\u2019un Fran\u00e7ais sur deux veut prendre sa retraite avant 60 ans \u201cje pr\u00e9f\u00e8re continuer \u00e0 travailler pour maintenir mon niveau de vie\u201d - Rachat de Cr\u00e9dit<\/title>\n<meta name=\"robots\" content=\"index, follow, max-snippet:-1, max-image-preview:large, max-video-preview:-1\" \/>\n<link rel=\"canonical\" href=\"https:\/\/rachat2credit.fr\/guide\/moins-dun-francais-sur-deux-veut-prendre-sa-retraite-avant-60-ans-je-prefere-continuer-a-travailler-pour-maintenir-mon-niveau-de-vie\/\" \/>\n<meta property=\"og:locale\" content=\"fr_FR\" \/>\n<meta property=\"og:type\" content=\"article\" \/>\n<meta property=\"og:title\" content=\"Moins d\u2019un Fran\u00e7ais sur deux veut prendre sa retraite avant 60 ans \u201cje pr\u00e9f\u00e8re continuer \u00e0 travailler pour maintenir mon niveau de vie\u201d - Rachat de Cr\u00e9dit\" \/>\n<meta property=\"og:description\" content=\"Et si moins d&rsquo;un Fran\u00e7ais sur deux r\u00eavait vraiment de prendre sa retraite avant 60 ans ? Une r\u00e9cente \u00e9tude relance le d\u00e9fi sur notre rapport au travail et \u00e0 la libert\u00e9 financi\u00e8re. Un constat qui bouscule les id\u00e9es re\u00e7ues Alors que les d\u00e9bats sur la r\u00e9forme des retraites enflamment r\u00e9guli\u00e8rement l&rsquo;actualit\u00e9, une tendance surprenante ... Lire plus\" \/>\n<meta property=\"og:url\" content=\"https:\/\/rachat2credit.fr\/guide\/moins-dun-francais-sur-deux-veut-prendre-sa-retraite-avant-60-ans-je-prefere-continuer-a-travailler-pour-maintenir-mon-niveau-de-vie\/\" \/>\n<meta property=\"og:site_name\" content=\"Rachat de Cr\u00e9dit\" \/>\n<meta property=\"article:published_time\" content=\"2025-08-15T16:46:09+00:00\" \/>\n<meta property=\"og:image\" content=\"https:\/\/rachat2credit.fr\/guide\/wp-content\/uploads\/2025\/08\/flux-pro-1.1-889-1755276380.jpg\" \/>\n\t<meta property=\"og:image:width\" content=\"1344\" \/>\n\t<meta property=\"og:image:height\" content=\"768\" \/>\n\t<meta property=\"og:image:type\" content=\"image\/jpeg\" \/>\n<meta name=\"author\" content=\"Aurelien Boulanger\" \/>\n<meta name=\"twitter:card\" content=\"summary_large_image\" \/>\n<meta name=\"twitter:label1\" content=\"\u00c9crit par\" \/>\n\t<meta name=\"twitter:data1\" content=\"Aurelien Boulanger\" \/>\n\t<meta name=\"twitter:label2\" content=\"Dur\u00e9e de lecture estim\u00e9e\" \/>\n\t<meta name=\"twitter:data2\" content=\"2 minutes\" \/>\n<script type=\"application\/ld+json\" class=\"yoast-schema-graph\">{\"@context\":\"https:\\\/\\\/schema.org\",\"@graph\":[{\"@type\":\"NewsArticle\",\"@id\":\"https:\\\/\\\/rachat2credit.fr\\\/guide\\\/moins-dun-francais-sur-deux-veut-prendre-sa-retraite-avant-60-ans-je-prefere-continuer-a-travailler-pour-maintenir-mon-niveau-de-vie\\\/#article\",\"isPartOf\":{\"@id\":\"https:\\\/\\\/rachat2credit.fr\\\/guide\\\/moins-dun-francais-sur-deux-veut-prendre-sa-retraite-avant-60-ans-je-prefere-continuer-a-travailler-pour-maintenir-mon-niveau-de-vie\\\/\"},\"author\":{\"name\":\"Aurelien Boulanger\",\"@id\":\"https:\\\/\\\/rachat2credit.fr\\\/guide\\\/#\\\/schema\\\/person\\\/d4142086d07bc6acdc4722eabd955cc2\"},\"headline\":\"Moins d\u2019un Fran\u00e7ais sur deux veut prendre sa retraite avant 60 ans \u201cje pr\u00e9f\u00e8re continuer \u00e0 travailler pour maintenir mon niveau de vie\u201d\",\"datePublished\":\"2025-08-15T16:46:09+00:00\",\"mainEntityOfPage\":{\"@id\":\"https:\\\/\\\/rachat2credit.fr\\\/guide\\\/moins-dun-francais-sur-deux-veut-prendre-sa-retraite-avant-60-ans-je-prefere-continuer-a-travailler-pour-maintenir-mon-niveau-de-vie\\\/\"},\"wordCount\":540,\"commentCount\":35,\"publisher\":{\"@id\":\"https:\\\/\\\/rachat2credit.fr\\\/guide\\\/#organization\"},\"image\":{\"@id\":\"https:\\\/\\\/rachat2credit.fr\\\/guide\\\/moins-dun-francais-sur-deux-veut-prendre-sa-retraite-avant-60-ans-je-prefere-continuer-a-travailler-pour-maintenir-mon-niveau-de-vie\\\/#primaryimage\"},\"thumbnailUrl\":\"https:\\\/\\\/rachat2credit.fr\\\/guide\\\/wp-content\\\/uploads\\\/2025\\\/08\\\/flux-pro-1.1-889-1755276380.jpg\",\"articleSection\":[\"A la une\"],\"inLanguage\":\"fr-FR\",\"potentialAction\":[{\"@type\":\"CommentAction\",\"name\":\"Comment\",\"target\":[\"https:\\\/\\\/rachat2credit.fr\\\/guide\\\/moins-dun-francais-sur-deux-veut-prendre-sa-retraite-avant-60-ans-je-prefere-continuer-a-travailler-pour-maintenir-mon-niveau-de-vie\\\/#respond\"]}]},{\"@type\":\"WebPage\",\"@id\":\"https:\\\/\\\/rachat2credit.fr\\\/guide\\\/moins-dun-francais-sur-deux-veut-prendre-sa-retraite-avant-60-ans-je-prefere-continuer-a-travailler-pour-maintenir-mon-niveau-de-vie\\\/\",\"url\":\"https:\\\/\\\/rachat2credit.fr\\\/guide\\\/moins-dun-francais-sur-deux-veut-prendre-sa-retraite-avant-60-ans-je-prefere-continuer-a-travailler-pour-maintenir-mon-niveau-de-vie\\\/\",\"name\":\"Moins d\u2019un Fran\u00e7ais sur deux veut prendre sa retraite avant 60 ans \u201cje pr\u00e9f\u00e8re continuer \u00e0 travailler pour maintenir mon niveau de vie\u201d - Rachat de Cr\u00e9dit\",\"isPartOf\":{\"@id\":\"https:\\\/\\\/rachat2credit.fr\\\/guide\\\/#website\"},\"primaryImageOfPage\":{\"@id\":\"https:\\\/\\\/rachat2credit.fr\\\/guide\\\/moins-dun-francais-sur-deux-veut-prendre-sa-retraite-avant-60-ans-je-prefere-continuer-a-travailler-pour-maintenir-mon-niveau-de-vie\\\/#primaryimage\"},\"image\":{\"@id\":\"https:\\\/\\\/rachat2credit.fr\\\/guide\\\/moins-dun-francais-sur-deux-veut-prendre-sa-retraite-avant-60-ans-je-prefere-continuer-a-travailler-pour-maintenir-mon-niveau-de-vie\\\/#primaryimage\"},\"thumbnailUrl\":\"https:\\\/\\\/rachat2credit.fr\\\/guide\\\/wp-content\\\/uploads\\\/2025\\\/08\\\/flux-pro-1.1-889-1755276380.jpg\",\"datePublished\":\"2025-08-15T16:46:09+00:00\",\"breadcrumb\":{\"@id\":\"https:\\\/\\\/rachat2credit.fr\\\/guide\\\/moins-dun-francais-sur-deux-veut-prendre-sa-retraite-avant-60-ans-je-prefere-continuer-a-travailler-pour-maintenir-mon-niveau-de-vie\\\/#breadcrumb\"},\"inLanguage\":\"fr-FR\",\"potentialAction\":[{\"@type\":\"ReadAction\",\"target\":[\"https:\\\/\\\/rachat2credit.fr\\\/guide\\\/moins-dun-francais-sur-deux-veut-prendre-sa-retraite-avant-60-ans-je-prefere-continuer-a-travailler-pour-maintenir-mon-niveau-de-vie\\\/\"]}]},{\"@type\":\"ImageObject\",\"inLanguage\":\"fr-FR\",\"@id\":\"https:\\\/\\\/rachat2credit.fr\\\/guide\\\/moins-dun-francais-sur-deux-veut-prendre-sa-retraite-avant-60-ans-je-prefere-continuer-a-travailler-pour-maintenir-mon-niveau-de-vie\\\/#primaryimage\",\"url\":\"https:\\\/\\\/rachat2credit.fr\\\/guide\\\/wp-content\\\/uploads\\\/2025\\\/08\\\/flux-pro-1.1-889-1755276380.jpg\",\"contentUrl\":\"https:\\\/\\\/rachat2credit.fr\\\/guide\\\/wp-content\\\/uploads\\\/2025\\\/08\\\/flux-pro-1.1-889-1755276380.jpg\",\"width\":1344,\"height\":768},{\"@type\":\"BreadcrumbList\",\"@id\":\"https:\\\/\\\/rachat2credit.fr\\\/guide\\\/moins-dun-francais-sur-deux-veut-prendre-sa-retraite-avant-60-ans-je-prefere-continuer-a-travailler-pour-maintenir-mon-niveau-de-vie\\\/#breadcrumb\",\"itemListElement\":[{\"@type\":\"ListItem\",\"position\":1,\"name\":\"Accueil\",\"item\":\"https:\\\/\\\/rachat2credit.fr\\\/guide\\\/\"},{\"@type\":\"ListItem\",\"position\":2,\"name\":\"Moins d\u2019un Fran\u00e7ais sur deux veut prendre sa retraite avant 60 ans \u201cje pr\u00e9f\u00e8re continuer \u00e0 travailler pour maintenir mon niveau de vie\u201d\"}]},{\"@type\":\"WebSite\",\"@id\":\"https:\\\/\\\/rachat2credit.fr\\\/guide\\\/#website\",\"url\":\"https:\\\/\\\/rachat2credit.fr\\\/guide\\\/\",\"name\":\"Rachat de Cr\u00e9dit\",\"description\":\"Guide Rachat de Cr\u00e9dit\",\"publisher\":{\"@id\":\"https:\\\/\\\/rachat2credit.fr\\\/guide\\\/#organization\"},\"potentialAction\":[{\"@type\":\"SearchAction\",\"target\":{\"@type\":\"EntryPoint\",\"urlTemplate\":\"https:\\\/\\\/rachat2credit.fr\\\/guide\\\/?s={search_term_string}\"},\"query-input\":{\"@type\":\"PropertyValueSpecification\",\"valueRequired\":true,\"valueName\":\"search_term_string\"}}],\"inLanguage\":\"fr-FR\"},{\"@type\":\"Organization\",\"@id\":\"https:\\\/\\\/rachat2credit.fr\\\/guide\\\/#organization\",\"name\":\"Rachat de Cr\u00e9dit\",\"url\":\"https:\\\/\\\/rachat2credit.fr\\\/guide\\\/\",\"logo\":{\"@type\":\"ImageObject\",\"inLanguage\":\"fr-FR\",\"@id\":\"https:\\\/\\\/rachat2credit.fr\\\/guide\\\/#\\\/schema\\\/logo\\\/image\\\/\",\"url\":\"https:\\\/\\\/rachat2credit.fr\\\/guide\\\/wp-content\\\/uploads\\\/2025\\\/05\\\/rachat2credit.png\",\"contentUrl\":\"https:\\\/\\\/rachat2credit.fr\\\/guide\\\/wp-content\\\/uploads\\\/2025\\\/05\\\/rachat2credit.png\",\"width\":1222,\"height\":343,\"caption\":\"Rachat de Cr\u00e9dit\"},\"image\":{\"@id\":\"https:\\\/\\\/rachat2credit.fr\\\/guide\\\/#\\\/schema\\\/logo\\\/image\\\/\"}},{\"@type\":\"Person\",\"@id\":\"https:\\\/\\\/rachat2credit.fr\\\/guide\\\/#\\\/schema\\\/person\\\/d4142086d07bc6acdc4722eabd955cc2\",\"name\":\"Aurelien Boulanger\",\"image\":{\"@type\":\"ImageObject\",\"inLanguage\":\"fr-FR\",\"@id\":\"https:\\\/\\\/secure.gravatar.com\\\/avatar\\\/32175434c9ca2b27bfeb905d1c3ec782a789caf494bc0ec8fa6ed0ee39c2e62a?s=96&d=mm&r=g\",\"url\":\"https:\\\/\\\/secure.gravatar.com\\\/avatar\\\/32175434c9ca2b27bfeb905d1c3ec782a789caf494bc0ec8fa6ed0ee39c2e62a?s=96&d=mm&r=g\",\"contentUrl\":\"https:\\\/\\\/secure.gravatar.com\\\/avatar\\\/32175434c9ca2b27bfeb905d1c3ec782a789caf494bc0ec8fa6ed0ee39c2e62a?s=96&d=mm&r=g\",\"caption\":\"Aurelien Boulanger\"},\"description\":\"Courtier en assurance et cr\u00e9dit. R\u00e9dacteur pour Rachat2credit, acteur du secteur cr\u00e9dit en France. Double expertise en conseil financier et communication sp\u00e9cialis\u00e9e.\",\"sameAs\":[\"https:\\\/\\\/rachat2credit.fr\\\/guide\"],\"url\":\"https:\\\/\\\/rachat2credit.fr\\\/guide\\\/author\\\/aurelien\\\/\"}]}<\/script>\n<!-- \/ Yoast SEO plugin. -->","yoast_head_json":{"title":"Moins d\u2019un Fran\u00e7ais sur deux veut prendre sa retraite avant 60 ans \u201cje pr\u00e9f\u00e8re continuer \u00e0 travailler pour maintenir mon niveau de vie\u201d - Rachat de Cr\u00e9dit","robots":{"index":"index","follow":"follow","max-snippet":"max-snippet:-1","max-image-preview":"max-image-preview:large","max-video-preview":"max-video-preview:-1"},"canonical":"https:\/\/rachat2credit.fr\/guide\/moins-dun-francais-sur-deux-veut-prendre-sa-retraite-avant-60-ans-je-prefere-continuer-a-travailler-pour-maintenir-mon-niveau-de-vie\/","og_locale":"fr_FR","og_type":"article","og_title":"Moins d\u2019un Fran\u00e7ais sur deux veut prendre sa retraite avant 60 ans \u201cje pr\u00e9f\u00e8re continuer \u00e0 travailler pour maintenir mon niveau de vie\u201d - Rachat de Cr\u00e9dit","og_description":"Et si moins d&rsquo;un Fran\u00e7ais sur deux r\u00eavait vraiment de prendre sa retraite avant 60 ans ? Une r\u00e9cente \u00e9tude relance le d\u00e9fi sur notre rapport au travail et \u00e0 la libert\u00e9 financi\u00e8re. Un constat qui bouscule les id\u00e9es re\u00e7ues Alors que les d\u00e9bats sur la r\u00e9forme des retraites enflamment r\u00e9guli\u00e8rement l&rsquo;actualit\u00e9, une tendance surprenante ... Lire plus","og_url":"https:\/\/rachat2credit.fr\/guide\/moins-dun-francais-sur-deux-veut-prendre-sa-retraite-avant-60-ans-je-prefere-continuer-a-travailler-pour-maintenir-mon-niveau-de-vie\/","og_site_name":"Rachat de Cr\u00e9dit","article_published_time":"2025-08-15T16:46:09+00:00","og_image":[{"width":1344,"height":768,"url":"https:\/\/rachat2credit.fr\/guide\/wp-content\/uploads\/2025\/08\/flux-pro-1.1-889-1755276380.jpg","type":"image\/jpeg"}],"author":"Aurelien Boulanger","twitter_card":"summary_large_image","twitter_misc":{"\u00c9crit par":"Aurelien Boulanger","Dur\u00e9e de lecture estim\u00e9e":"2 minutes"},"schema":{"@context":"https:\/\/schema.org","@graph":[{"@type":"NewsArticle","@id":"https:\/\/rachat2credit.fr\/guide\/moins-dun-francais-sur-deux-veut-prendre-sa-retraite-avant-60-ans-je-prefere-continuer-a-travailler-pour-maintenir-mon-niveau-de-vie\/#article","isPartOf":{"@id":"https:\/\/rachat2credit.fr\/guide\/moins-dun-francais-sur-deux-veut-prendre-sa-retraite-avant-60-ans-je-prefere-continuer-a-travailler-pour-maintenir-mon-niveau-de-vie\/"},"author":{"name":"Aurelien Boulanger","@id":"https:\/\/rachat2credit.fr\/guide\/#\/schema\/person\/d4142086d07bc6acdc4722eabd955cc2"},"headline":"Moins d\u2019un Fran\u00e7ais sur deux veut prendre sa retraite avant 60 ans \u201cje pr\u00e9f\u00e8re continuer \u00e0 travailler pour maintenir mon niveau de vie\u201d","datePublished":"2025-08-15T16:46:09+00:00","mainEntityOfPage":{"@id":"https:\/\/rachat2credit.fr\/guide\/moins-dun-francais-sur-deux-veut-prendre-sa-retraite-avant-60-ans-je-prefere-continuer-a-travailler-pour-maintenir-mon-niveau-de-vie\/"},"wordCount":540,"commentCount":35,"publisher":{"@id":"https:\/\/rachat2credit.fr\/guide\/#organization"},"image":{"@id":"https:\/\/rachat2credit.fr\/guide\/moins-dun-francais-sur-deux-veut-prendre-sa-retraite-avant-60-ans-je-prefere-continuer-a-travailler-pour-maintenir-mon-niveau-de-vie\/#primaryimage"},"thumbnailUrl":"https:\/\/rachat2credit.fr\/guide\/wp-content\/uploads\/2025\/08\/flux-pro-1.1-889-1755276380.jpg","articleSection":["A la une"],"inLanguage":"fr-FR","potentialAction":[{"@type":"CommentAction","name":"Comment","target":["https:\/\/rachat2credit.fr\/guide\/moins-dun-francais-sur-deux-veut-prendre-sa-retraite-avant-60-ans-je-prefere-continuer-a-travailler-pour-maintenir-mon-niveau-de-vie\/#respond"]}]},{"@type":"WebPage","@id":"https:\/\/rachat2credit.fr\/guide\/moins-dun-francais-sur-deux-veut-prendre-sa-retraite-avant-60-ans-je-prefere-continuer-a-travailler-pour-maintenir-mon-niveau-de-vie\/","url":"https:\/\/rachat2credit.fr\/guide\/moins-dun-francais-sur-deux-veut-prendre-sa-retraite-avant-60-ans-je-prefere-continuer-a-travailler-pour-maintenir-mon-niveau-de-vie\/","name":"Moins d\u2019un Fran\u00e7ais sur deux veut prendre sa retraite avant 60 ans \u201cje pr\u00e9f\u00e8re continuer \u00e0 travailler pour maintenir mon niveau de vie\u201d - Rachat de Cr\u00e9dit","isPartOf":{"@id":"https:\/\/rachat2credit.fr\/guide\/#website"},"primaryImageOfPage":{"@id":"https:\/\/rachat2credit.fr\/guide\/moins-dun-francais-sur-deux-veut-prendre-sa-retraite-avant-60-ans-je-prefere-continuer-a-travailler-pour-maintenir-mon-niveau-de-vie\/#primaryimage"},"image":{"@id":"https:\/\/rachat2credit.fr\/guide\/moins-dun-francais-sur-deux-veut-prendre-sa-retraite-avant-60-ans-je-prefere-continuer-a-travailler-pour-maintenir-mon-niveau-de-vie\/#primaryimage"},"thumbnailUrl":"https:\/\/rachat2credit.fr\/guide\/wp-content\/uploads\/2025\/08\/flux-pro-1.1-889-1755276380.jpg","datePublished":"2025-08-15T16:46:09+00:00","breadcrumb":{"@id":"https:\/\/rachat2credit.fr\/guide\/moins-dun-francais-sur-deux-veut-prendre-sa-retraite-avant-60-ans-je-prefere-continuer-a-travailler-pour-maintenir-mon-niveau-de-vie\/#breadcrumb"},"inLanguage":"fr-FR","potentialAction":[{"@type":"ReadAction","target":["https:\/\/rachat2credit.fr\/guide\/moins-dun-francais-sur-deux-veut-prendre-sa-retraite-avant-60-ans-je-prefere-continuer-a-travailler-pour-maintenir-mon-niveau-de-vie\/"]}]},{"@type":"ImageObject","inLanguage":"fr-FR","@id":"https:\/\/rachat2credit.fr\/guide\/moins-dun-francais-sur-deux-veut-prendre-sa-retraite-avant-60-ans-je-prefere-continuer-a-travailler-pour-maintenir-mon-niveau-de-vie\/#primaryimage","url":"https:\/\/rachat2credit.fr\/guide\/wp-content\/uploads\/2025\/08\/flux-pro-1.1-889-1755276380.jpg","contentUrl":"https:\/\/rachat2credit.fr\/guide\/wp-content\/uploads\/2025\/08\/flux-pro-1.1-889-1755276380.jpg","width":1344,"height":768},{"@type":"BreadcrumbList","@id":"https:\/\/rachat2credit.fr\/guide\/moins-dun-francais-sur-deux-veut-prendre-sa-retraite-avant-60-ans-je-prefere-continuer-a-travailler-pour-maintenir-mon-niveau-de-vie\/#breadcrumb","itemListElement":[{"@type":"ListItem","position":1,"name":"Accueil","item":"https:\/\/rachat2credit.fr\/guide\/"},{"@type":"ListItem","position":2,"name":"Moins d\u2019un Fran\u00e7ais sur deux veut prendre sa retraite avant 60 ans \u201cje pr\u00e9f\u00e8re continuer \u00e0 travailler pour maintenir mon niveau de vie\u201d"}]},{"@type":"WebSite","@id":"https:\/\/rachat2credit.fr\/guide\/#website","url":"https:\/\/rachat2credit.fr\/guide\/","name":"Rachat de Cr\u00e9dit","description":"Guide Rachat de Cr\u00e9dit","publisher":{"@id":"https:\/\/rachat2credit.fr\/guide\/#organization"},"potentialAction":[{"@type":"SearchAction","target":{"@type":"EntryPoint","urlTemplate":"https:\/\/rachat2credit.fr\/guide\/?s={search_term_string}"},"query-input":{"@type":"PropertyValueSpecification","valueRequired":true,"valueName":"search_term_string"}}],"inLanguage":"fr-FR"},{"@type":"Organization","@id":"https:\/\/rachat2credit.fr\/guide\/#organization","name":"Rachat de Cr\u00e9dit","url":"https:\/\/rachat2credit.fr\/guide\/","logo":{"@type":"ImageObject","inLanguage":"fr-FR","@id":"https:\/\/rachat2credit.fr\/guide\/#\/schema\/logo\/image\/","url":"https:\/\/rachat2credit.fr\/guide\/wp-content\/uploads\/2025\/05\/rachat2credit.png","contentUrl":"https:\/\/rachat2credit.fr\/guide\/wp-content\/uploads\/2025\/05\/rachat2credit.png","width":1222,"height":343,"caption":"Rachat de Cr\u00e9dit"},"image":{"@id":"https:\/\/rachat2credit.fr\/guide\/#\/schema\/logo\/image\/"}},{"@type":"Person","@id":"https:\/\/rachat2credit.fr\/guide\/#\/schema\/person\/d4142086d07bc6acdc4722eabd955cc2","name":"Aurelien Boulanger","image":{"@type":"ImageObject","inLanguage":"fr-FR","@id":"https:\/\/secure.gravatar.com\/avatar\/32175434c9ca2b27bfeb905d1c3ec782a789caf494bc0ec8fa6ed0ee39c2e62a?s=96&d=mm&r=g","url":"https:\/\/secure.gravatar.com\/avatar\/32175434c9ca2b27bfeb905d1c3ec782a789caf494bc0ec8fa6ed0ee39c2e62a?s=96&d=mm&r=g","contentUrl":"https:\/\/secure.gravatar.com\/avatar\/32175434c9ca2b27bfeb905d1c3ec782a789caf494bc0ec8fa6ed0ee39c2e62a?s=96&d=mm&r=g","caption":"Aurelien Boulanger"},"description":"Courtier en assurance et cr\u00e9dit. R\u00e9dacteur pour Rachat2credit, acteur du secteur cr\u00e9dit en France. Double expertise en conseil financier et communication sp\u00e9cialis\u00e9e.","sameAs":["https:\/\/rachat2credit.fr\/guide"],"url":"https:\/\/rachat2credit.fr\/guide\/author\/aurelien\/"}]}},"_links":{"self":[{"href":"https:\/\/rachat2credit.fr\/guide\/wp-json\/wp\/v2\/posts\/889","targetHints":{"allow":["GET"]}}],"collection":[{"href":"https:\/\/rachat2credit.fr\/guide\/wp-json\/wp\/v2\/posts"}],"about":[{"href":"https:\/\/rachat2credit.fr\/guide\/wp-json\/wp\/v2\/types\/post"}],"author":[{"embeddable":true,"href":"https:\/\/rachat2credit.fr\/guide\/wp-json\/wp\/v2\/users\/1"}],"replies":[{"embeddable":true,"href":"https:\/\/rachat2credit.fr\/guide\/wp-json\/wp\/v2\/comments?post=889"}],"version-history":[{"count":0,"href":"https:\/\/rachat2credit.fr\/guide\/wp-json\/wp\/v2\/posts\/889\/revisions"}],"wp:featuredmedia":[{"embeddable":true,"href":"https:\/\/rachat2credit.fr\/guide\/wp-json\/wp\/v2\/media\/890"}],"wp:attachment":[{"href":"https:\/\/rachat2credit.fr\/guide\/wp-json\/wp\/v2\/media?parent=889"}],"wp:term":[{"taxonomy":"category","embeddable":true,"href":"https:\/\/rachat2credit.fr\/guide\/wp-json\/wp\/v2\/categories?post=889"},{"taxonomy":"post_tag","embeddable":true,"href":"https:\/\/rachat2credit.fr\/guide\/wp-json\/wp\/v2\/tags?post=889"}],"curies":[{"name":"wp","href":"https:\/\/api.w.org\/{rel}","templated":true}]}}