{"id":897,"date":"2025-08-16T11:16:14","date_gmt":"2025-08-16T09:16:14","guid":{"rendered":"https:\/\/rachat2credit.fr\/guide\/cac-40-les-benefices-seffondrent-sous-le-poids-de-la-guerre-commerciale-cest-la-pire-chute-depuis-la-crise-de-2008\/"},"modified":"2025-08-16T11:16:14","modified_gmt":"2025-08-16T09:16:14","slug":"cac-40-les-benefices-seffondrent-sous-le-poids-de-la-guerre-commerciale-cest-la-pire-chute-depuis-la-crise-de-2008","status":"publish","type":"post","link":"https:\/\/rachat2credit.fr\/guide\/cac-40-les-benefices-seffondrent-sous-le-poids-de-la-guerre-commerciale-cest-la-pire-chute-depuis-la-crise-de-2008\/","title":{"rendered":"CAC 40 : les b\u00e9n\u00e9fices s\u2019effondrent sous le poids de la guerre commerciale \u00ab\u00a0c&rsquo;est la pire chute depuis la crise de 2008\u00a0\u00bb"},"content":{"rendered":"<article>\n<p><strong>\u00ab\u00a0Le CAC 40 pourrait-il voir ses b\u00e9n\u00e9fices s&rsquo;effondrer \u00e0 cause des guerres commerciales ?\u00a0\u00bb<\/strong> La question agite les march\u00e9s financiers alors que les premiers signes de tensions commerciales entre puissances \u00e9conomiques commencent \u00e0 peser sur les r\u00e9sultats des entreprises fran\u00e7aises.<\/p>\n<div id=\"ez-toc-container\" class=\"ez-toc-v2_0_82_2 counter-hierarchy ez-toc-counter ez-toc-grey ez-toc-container-direction\">\n<p class=\"ez-toc-title\" style=\"cursor:inherit\">Sommaire<\/p>\n<label for=\"ez-toc-cssicon-toggle-item-69f11b3521583\" class=\"ez-toc-cssicon-toggle-label\"><span class=\"ez-toc-cssicon\"><span class=\"eztoc-hide\" style=\"display:none;\">Toggle<\/span><span class=\"ez-toc-icon-toggle-span\"><svg style=\"fill: #999;color:#999\" xmlns=\"http:\/\/www.w3.org\/2000\/svg\" class=\"list-377408\" width=\"20px\" height=\"20px\" viewBox=\"0 0 24 24\" fill=\"none\"><path d=\"M6 6H4v2h2V6zm14 0H8v2h12V6zM4 11h2v2H4v-2zm16 0H8v2h12v-2zM4 16h2v2H4v-2zm16 0H8v2h12v-2z\" fill=\"currentColor\"><\/path><\/svg><svg style=\"fill: #999;color:#999\" class=\"arrow-unsorted-368013\" xmlns=\"http:\/\/www.w3.org\/2000\/svg\" width=\"10px\" height=\"10px\" viewBox=\"0 0 24 24\" version=\"1.2\" baseProfile=\"tiny\"><path d=\"M18.2 9.3l-6.2-6.3-6.2 6.3c-.2.2-.3.4-.3.7s.1.5.3.7c.2.2.4.3.7.3h11c.3 0 .5-.1.7-.3.2-.2.3-.5.3-.7s-.1-.5-.3-.7zM5.8 14.7l6.2 6.3 6.2-6.3c.2-.2.3-.5.3-.7s-.1-.5-.3-.7c-.2-.2-.4-.3-.7-.3h-11c-.3 0-.5.1-.7.3-.2.2-.3.5-.3.7s.1.5.3.7z\"\/><\/svg><\/span><\/span><\/label><input type=\"checkbox\"  id=\"ez-toc-cssicon-toggle-item-69f11b3521583\" checked aria-label=\"Toggle\" \/><nav><ul class='ez-toc-list ez-toc-list-level-1 ' ><li class='ez-toc-page-1 ez-toc-heading-level-2'><a class=\"ez-toc-link ez-toc-heading-1\" href=\"https:\/\/rachat2credit.fr\/guide\/cac-40-les-benefices-seffondrent-sous-le-poids-de-la-guerre-commerciale-cest-la-pire-chute-depuis-la-crise-de-2008\/#Un_contexte_geopolitique_qui_inquiete_les_investisseurs\" >Un contexte g\u00e9opolitique qui inqui\u00e8te les investisseurs<\/a><\/li><li class='ez-toc-page-1 ez-toc-heading-level-2'><a class=\"ez-toc-link ez-toc-heading-2\" href=\"https:\/\/rachat2credit.fr\/guide\/cac-40-les-benefices-seffondrent-sous-le-poids-de-la-guerre-commerciale-cest-la-pire-chute-depuis-la-crise-de-2008\/#Les_secteurs_les_plus_exposes\" >Les secteurs les plus expos\u00e9s<\/a><\/li><li class='ez-toc-page-1 ez-toc-heading-level-2'><a class=\"ez-toc-link ez-toc-heading-3\" href=\"https:\/\/rachat2credit.fr\/guide\/cac-40-les-benefices-seffondrent-sous-le-poids-de-la-guerre-commerciale-cest-la-pire-chute-depuis-la-crise-de-2008\/#Le_temoignage_dun_dirigeant_sous_pression\" >Le t\u00e9moignage d&rsquo;un dirigeant sous pression<\/a><\/li><li class='ez-toc-page-1 ez-toc-heading-level-2'><a class=\"ez-toc-link ez-toc-heading-4\" href=\"https:\/\/rachat2credit.fr\/guide\/cac-40-les-benefices-seffondrent-sous-le-poids-de-la-guerre-commerciale-cest-la-pire-chute-depuis-la-crise-de-2008\/#Quelles_strategies_dadaptation\" >Quelles strat\u00e9gies d&rsquo;adaptation ?<\/a><\/li><li class='ez-toc-page-1 ez-toc-heading-level-2'><a class=\"ez-toc-link ez-toc-heading-5\" href=\"https:\/\/rachat2credit.fr\/guide\/cac-40-les-benefices-seffondrent-sous-le-poids-de-la-guerre-commerciale-cest-la-pire-chute-depuis-la-crise-de-2008\/#Lavis_des_economistes\" >L&rsquo;avis des \u00e9conomistes<\/a><\/li><li class='ez-toc-page-1 ez-toc-heading-level-2'><a class=\"ez-toc-link ez-toc-heading-6\" href=\"https:\/\/rachat2credit.fr\/guide\/cac-40-les-benefices-seffondrent-sous-le-poids-de-la-guerre-commerciale-cest-la-pire-chute-depuis-la-crise-de-2008\/#Comment_les_marches_reagissent-ils\" >Comment les march\u00e9s r\u00e9agissent-ils ?<\/a><\/li><li class='ez-toc-page-1 ez-toc-heading-level-2'><a class=\"ez-toc-link ez-toc-heading-7\" href=\"https:\/\/rachat2credit.fr\/guide\/cac-40-les-benefices-seffondrent-sous-le-poids-de-la-guerre-commerciale-cest-la-pire-chute-depuis-la-crise-de-2008\/#Ce_quil_faut_retenir\" >Ce qu&rsquo;il faut retenir<\/a><\/li><\/ul><\/nav><\/div>\n<h2><span class=\"ez-toc-section\" id=\"Un_contexte_geopolitique_qui_inquiete_les_investisseurs\"><\/span>Un contexte g\u00e9opolitique qui inqui\u00e8te les investisseurs<span class=\"ez-toc-section-end\"><\/span><\/h2>\n<p>Selon plusieurs analystes, les derni\u00e8res mesures protectionnistes prises par les \u00c9tats-Unis et la Chine pourraient avoir un impact significatif sur les performances du CAC 40. \u00ab\u00a0Nous assistons \u00e0 une escalade des tensions qui rappelle dangereusement 2018\u00a0\u00bb, confie Marc Lef\u00e8vre, trader dans une grande banque parisienne.<\/p>\n<blockquote><p>\u00ab\u00a0Nos clients institutionnels r\u00e9duisent progressivement leur exposition aux valeurs cycliques. La prudence est de mise face \u00e0 ce climat d&rsquo;incertitude\u00a0\u00bb<\/p><\/blockquote>\n<h2><span class=\"ez-toc-section\" id=\"Les_secteurs_les_plus_exposes\"><\/span>Les secteurs les plus expos\u00e9s<span class=\"ez-toc-section-end\"><\/span><\/h2>\n<p>L&rsquo;analyse des premiers r\u00e9sultats trimestriels r\u00e9v\u00e8lerait que certains secteurs paieraient d\u00e9j\u00e0 le prix de ces tensions :<\/p>\n<ul>\n<li>L&rsquo;automobile (-12% de marge op\u00e9rationnelle en Q2 selon des estimations)<\/li>\n<li>Le luxe (-8% de croissance dans certaines zones)<\/li>\n<li>L&rsquo;a\u00e9ronautique (retards dans les livraisons de pi\u00e8ces d\u00e9tach\u00e9es)<\/li>\n<\/ul>\n<p>Pour comprendre l&rsquo;ampleur du ph\u00e9nom\u00e8ne, le <a href=\"https:\/\/www.economie.gouv.fr\" target=\"_blank\" rel=\"noopener\">minist\u00e8re de l&rsquo;\u00c9conomie<\/a> a r\u00e9cemment publi\u00e9 une \u00e9tude alertant sur les risques pour l&rsquo;industrie fran\u00e7aise.<\/p>\n<h2><span class=\"ez-toc-section\" id=\"Le_temoignage_dun_dirigeant_sous_pression\"><\/span>Le t\u00e9moignage d&rsquo;un dirigeant sous pression<span class=\"ez-toc-section-end\"><\/span><\/h2>\n<p>Pierre D., directeur financier d&rsquo;un groupe cot\u00e9 au CAC 40 (qui souhaite garder l&rsquo;anonymat), d\u00e9crit une situation in\u00e9dite : \u00ab\u00a0Nous devons revoir toutes nos pr\u00e9visions \u00e0 la baisse. Les droits de douane suppl\u00e9mentaires sur nos produits export\u00e9s vers l&rsquo;Asie nous co\u00fbtent pr\u00e8s de 2 millions d&rsquo;euros par mois. Et ce n&rsquo;est que le d\u00e9but&#8230;\u00a0\u00bb<\/p>\n<h2><span class=\"ez-toc-section\" id=\"Quelles_strategies_dadaptation\"><\/span>Quelles strat\u00e9gies d&rsquo;adaptation ?<span class=\"ez-toc-section-end\"><\/span><\/h2>\n<p>Face \u00e0 ce nouveau d\u00e9fi, les entreprises du CAC 40 exploreraient plusieurs pistes :<\/p>\n<ol>\n<li>Relocalisation partielle de certaines productions<\/li>\n<li>Diversification des march\u00e9s d&rsquo;exportation<\/li>\n<li>Optimisation agressive des co\u00fbts<\/li>\n<\/ol>\n<p>Certains experts \u00e9voquent m\u00eame la possibilit\u00e9 d&rsquo;un plan de soutien gouvernemental, bien qu&rsquo;aucune confirmation officielle n&rsquo;ait filtr\u00e9 \u00e0 ce stade.<\/p>\n<h2><span class=\"ez-toc-section\" id=\"Lavis_des_economistes\"><\/span>L&rsquo;avis des \u00e9conomistes<span class=\"ez-toc-section-end\"><\/span><\/h2>\n<p>Pour Jean-Marc Rouillan, professeur \u00e0 HEC Paris, \u00ab\u00a0le sc\u00e9nario du pire reste \u00e9vitable, mais il faudrait une d\u00e9sescalade rapide des tensions. Chaque mois de conflit commercial suppl\u00e9mentaire gr\u00e8verait la croissance fran\u00e7aise de 0,2 \u00e0 0,3 point\u00a0\u00bb.<\/p>\n<p>D&rsquo;autres analystes temp\u00e8rent cependant ce pessimisme, soulignant la r\u00e9silience historique des grandes entreprises fran\u00e7aises face aux crises g\u00e9opolitiques.<\/p>\n<h2><span class=\"ez-toc-section\" id=\"Comment_les_marches_reagissent-ils\"><\/span>Comment les march\u00e9s r\u00e9agissent-ils ?<span class=\"ez-toc-section-end\"><\/span><\/h2>\n<p>Les investisseurs semblent partag\u00e9s :<\/p>\n<table>\n<tr>\n<th>Indice<\/th>\n<th>Variation sur 1 mois<\/th>\n<th>Sentiment<\/th>\n<\/tr>\n<tr>\n<td>CAC 40<\/td>\n<td>-4,2%<\/td>\n<td>N\u00e9gatif<\/td>\n<\/tr>\n<tr>\n<td>S&#038;P 500<\/td>\n<td>-2,1%<\/td>\n<td>Neutre<\/td>\n<\/tr>\n<tr>\n<td>DAX<\/td>\n<td>-5,7%<\/td>\n<td>Tr\u00e8s n\u00e9gatif<\/td>\n<\/tr>\n<\/table>\n<p>Cette divergence s&rsquo;expliquerait par la plus grande exposition des entreprises europ\u00e9ennes aux \u00e9changes internationaux.<\/p>\n<h2><span class=\"ez-toc-section\" id=\"Ce_quil_faut_retenir\"><\/span>Ce qu&rsquo;il faut retenir<span class=\"ez-toc-section-end\"><\/span><\/h2>\n<p>Si les b\u00e9n\u00e9fices du CAC 40 montrent effectivement des signes de faiblesse, certains secteurs r\u00e9sistent mieux que d&rsquo;autres. Les valeurs d\u00e9fensives (sant\u00e9, utilities) pourraient m\u00eame profiter de ce contexte troubl\u00e9.<\/p>\n<p>La suite d\u00e9pendra largement de l&rsquo;\u00e9volution des n\u00e9gociations commerciales internationales. Une chose est s\u00fbre : les prochains mois s&rsquo;annoncent d\u00e9cisifs pour les investisseurs fran\u00e7ais.<\/p>\n<p><em>Pour aller plus loin, d\u00e9couvrez notre analyse exclusive sur <a href=\"#\">les 5 valeurs du CAC 40 les plus r\u00e9silientes en p\u00e9riode de crise<\/a>.<\/em><\/p>\n<\/article>\n\n\n<div class=\"kk-star-ratings kksr-auto kksr-align-center kksr-valign-bottom\"\n    data-payload='{&quot;align&quot;:&quot;center&quot;,&quot;id&quot;:&quot;897&quot;,&quot;slug&quot;:&quot;default&quot;,&quot;valign&quot;:&quot;bottom&quot;,&quot;ignore&quot;:&quot;&quot;,&quot;reference&quot;:&quot;auto&quot;,&quot;class&quot;:&quot;&quot;,&quot;count&quot;:&quot;0&quot;,&quot;legendonly&quot;:&quot;&quot;,&quot;readonly&quot;:&quot;&quot;,&quot;score&quot;:&quot;0&quot;,&quot;starsonly&quot;:&quot;&quot;,&quot;best&quot;:&quot;5&quot;,&quot;gap&quot;:&quot;5&quot;,&quot;greet&quot;:&quot;&quot;,&quot;legend&quot;:&quot;0\\\/5 - (0 vote)&quot;,&quot;size&quot;:&quot;24&quot;,&quot;title&quot;:&quot;CAC 40 : les b\u00e9n\u00e9fices s\u2019effondrent sous le poids de la guerre commerciale \\u0026quot;c\\u0026#039;est la pire chute depuis la crise de 2008\\u0026quot;&quot;,&quot;width&quot;:&quot;0&quot;,&quot;_legend&quot;:&quot;{score}\\\/{best} - ({count} {votes})&quot;,&quot;font_factor&quot;:&quot;1.25&quot;}'>\n            \n<div class=\"kksr-stars\">\n    \n<div class=\"kksr-stars-inactive\">\n            <div class=\"kksr-star\" data-star=\"1\" style=\"padding-right: 5px\">\n            \n\n<div class=\"kksr-icon\" style=\"width: 24px; height: 24px;\"><\/div>\n        <\/div>\n            <div class=\"kksr-star\" data-star=\"2\" style=\"padding-right: 5px\">\n            \n\n<div class=\"kksr-icon\" style=\"width: 24px; height: 24px;\"><\/div>\n        <\/div>\n            <div class=\"kksr-star\" data-star=\"3\" style=\"padding-right: 5px\">\n            \n\n<div class=\"kksr-icon\" style=\"width: 24px; height: 24px;\"><\/div>\n        <\/div>\n            <div class=\"kksr-star\" data-star=\"4\" style=\"padding-right: 5px\">\n            \n\n<div class=\"kksr-icon\" style=\"width: 24px; height: 24px;\"><\/div>\n        <\/div>\n            <div class=\"kksr-star\" data-star=\"5\" style=\"padding-right: 5px\">\n            \n\n<div class=\"kksr-icon\" style=\"width: 24px; height: 24px;\"><\/div>\n        <\/div>\n    <\/div>\n    \n<div class=\"kksr-stars-active\" style=\"width: 0px;\">\n            <div class=\"kksr-star\" style=\"padding-right: 5px\">\n            \n\n<div class=\"kksr-icon\" style=\"width: 24px; height: 24px;\"><\/div>\n        <\/div>\n            <div class=\"kksr-star\" style=\"padding-right: 5px\">\n            \n\n<div class=\"kksr-icon\" style=\"width: 24px; height: 24px;\"><\/div>\n        <\/div>\n            <div class=\"kksr-star\" style=\"padding-right: 5px\">\n            \n\n<div class=\"kksr-icon\" style=\"width: 24px; height: 24px;\"><\/div>\n        <\/div>\n            <div class=\"kksr-star\" style=\"padding-right: 5px\">\n            \n\n<div class=\"kksr-icon\" style=\"width: 24px; height: 24px;\"><\/div>\n        <\/div>\n            <div class=\"kksr-star\" style=\"padding-right: 5px\">\n            \n\n<div class=\"kksr-icon\" style=\"width: 24px; height: 24px;\"><\/div>\n        <\/div>\n    <\/div>\n<\/div>\n                \n\n<div class=\"kksr-legend\" style=\"font-size: 19.2px;\">\n            <span class=\"kksr-muted\"><\/span>\n    <\/div>\n    <\/div>\n","protected":false},"excerpt":{"rendered":"<p>\u00ab\u00a0Le CAC 40 pourrait-il voir ses b\u00e9n\u00e9fices s&rsquo;effondrer \u00e0 cause des guerres commerciales ?\u00a0\u00bb La question agite les march\u00e9s financiers alors que les premiers signes de tensions commerciales entre puissances \u00e9conomiques commencent \u00e0 peser sur les r\u00e9sultats des entreprises fran\u00e7aises. Un contexte g\u00e9opolitique qui inqui\u00e8te les investisseurs Selon plusieurs analystes, les derni\u00e8res mesures protectionnistes prises &#8230; <a title=\"CAC 40 : les b\u00e9n\u00e9fices s\u2019effondrent sous le poids de la guerre commerciale \u00ab\u00a0c&rsquo;est la pire chute depuis la crise de 2008\u00a0\u00bb\" class=\"read-more\" href=\"https:\/\/rachat2credit.fr\/guide\/cac-40-les-benefices-seffondrent-sous-le-poids-de-la-guerre-commerciale-cest-la-pire-chute-depuis-la-crise-de-2008\/\" aria-label=\"En savoir plus sur CAC 40 : les b\u00e9n\u00e9fices s\u2019effondrent sous le poids de la guerre commerciale \u00ab\u00a0c&rsquo;est la pire chute depuis la crise de 2008\u00a0\u00bb\">Lire plus<\/a><\/p>\n","protected":false},"author":1,"featured_media":898,"comment_status":"open","ping_status":"open","sticky":false,"template":"","format":"standard","meta":{"footnotes":""},"categories":[8],"tags":[],"class_list":["post-897","post","type-post","status-publish","format-standard","has-post-thumbnail","hentry","category-a-la-une"],"yoast_head":"<!-- This site is optimized with the Yoast SEO plugin v27.5 - https:\/\/yoast.com\/product\/yoast-seo-wordpress\/ -->\n<title>CAC 40 : les b\u00e9n\u00e9fices s\u2019effondrent sous le poids de la guerre commerciale &quot;c&#039;est la pire chute depuis la crise de 2008&quot; - Rachat de Cr\u00e9dit<\/title>\n<meta name=\"robots\" content=\"index, follow, max-snippet:-1, max-image-preview:large, max-video-preview:-1\" \/>\n<link rel=\"canonical\" href=\"https:\/\/rachat2credit.fr\/guide\/cac-40-les-benefices-seffondrent-sous-le-poids-de-la-guerre-commerciale-cest-la-pire-chute-depuis-la-crise-de-2008\/\" \/>\n<meta property=\"og:locale\" content=\"fr_FR\" \/>\n<meta property=\"og:type\" content=\"article\" \/>\n<meta property=\"og:title\" content=\"CAC 40 : les b\u00e9n\u00e9fices s\u2019effondrent sous le poids de la guerre commerciale &quot;c&#039;est la pire chute depuis la crise de 2008&quot; - Rachat de Cr\u00e9dit\" \/>\n<meta property=\"og:description\" content=\"\u00ab\u00a0Le CAC 40 pourrait-il voir ses b\u00e9n\u00e9fices s&rsquo;effondrer \u00e0 cause des guerres commerciales ?\u00a0\u00bb La question agite les march\u00e9s financiers alors que les premiers signes de tensions commerciales entre puissances \u00e9conomiques commencent \u00e0 peser sur les r\u00e9sultats des entreprises fran\u00e7aises. Un contexte g\u00e9opolitique qui inqui\u00e8te les investisseurs Selon plusieurs analystes, les derni\u00e8res mesures protectionnistes prises ... Lire plus\" \/>\n<meta property=\"og:url\" content=\"https:\/\/rachat2credit.fr\/guide\/cac-40-les-benefices-seffondrent-sous-le-poids-de-la-guerre-commerciale-cest-la-pire-chute-depuis-la-crise-de-2008\/\" \/>\n<meta property=\"og:site_name\" content=\"Rachat de Cr\u00e9dit\" \/>\n<meta property=\"article:published_time\" content=\"2025-08-16T09:16:14+00:00\" \/>\n<meta property=\"og:image\" content=\"https:\/\/rachat2credit.fr\/guide\/wp-content\/uploads\/2025\/08\/flux-pro-1.1-897-1755335785.jpg\" \/>\n\t<meta property=\"og:image:width\" content=\"1344\" \/>\n\t<meta property=\"og:image:height\" content=\"768\" \/>\n\t<meta property=\"og:image:type\" content=\"image\/jpeg\" \/>\n<meta name=\"author\" content=\"Aurelien Boulanger\" \/>\n<meta name=\"twitter:card\" content=\"summary_large_image\" \/>\n<meta name=\"twitter:label1\" content=\"\u00c9crit par\" \/>\n\t<meta name=\"twitter:data1\" content=\"Aurelien Boulanger\" \/>\n\t<meta name=\"twitter:label2\" content=\"Dur\u00e9e de lecture estim\u00e9e\" \/>\n\t<meta name=\"twitter:data2\" content=\"3 minutes\" \/>\n<script type=\"application\/ld+json\" class=\"yoast-schema-graph\">{\"@context\":\"https:\\\/\\\/schema.org\",\"@graph\":[{\"@type\":\"NewsArticle\",\"@id\":\"https:\\\/\\\/rachat2credit.fr\\\/guide\\\/cac-40-les-benefices-seffondrent-sous-le-poids-de-la-guerre-commerciale-cest-la-pire-chute-depuis-la-crise-de-2008\\\/#article\",\"isPartOf\":{\"@id\":\"https:\\\/\\\/rachat2credit.fr\\\/guide\\\/cac-40-les-benefices-seffondrent-sous-le-poids-de-la-guerre-commerciale-cest-la-pire-chute-depuis-la-crise-de-2008\\\/\"},\"author\":{\"name\":\"Aurelien Boulanger\",\"@id\":\"https:\\\/\\\/rachat2credit.fr\\\/guide\\\/#\\\/schema\\\/person\\\/d4142086d07bc6acdc4722eabd955cc2\"},\"headline\":\"CAC 40 : les b\u00e9n\u00e9fices s\u2019effondrent sous le poids de la guerre commerciale \u00ab\u00a0c&rsquo;est la pire chute depuis la crise de 2008\u00a0\u00bb\",\"datePublished\":\"2025-08-16T09:16:14+00:00\",\"mainEntityOfPage\":{\"@id\":\"https:\\\/\\\/rachat2credit.fr\\\/guide\\\/cac-40-les-benefices-seffondrent-sous-le-poids-de-la-guerre-commerciale-cest-la-pire-chute-depuis-la-crise-de-2008\\\/\"},\"wordCount\":558,\"commentCount\":30,\"publisher\":{\"@id\":\"https:\\\/\\\/rachat2credit.fr\\\/guide\\\/#organization\"},\"image\":{\"@id\":\"https:\\\/\\\/rachat2credit.fr\\\/guide\\\/cac-40-les-benefices-seffondrent-sous-le-poids-de-la-guerre-commerciale-cest-la-pire-chute-depuis-la-crise-de-2008\\\/#primaryimage\"},\"thumbnailUrl\":\"https:\\\/\\\/rachat2credit.fr\\\/guide\\\/wp-content\\\/uploads\\\/2025\\\/08\\\/flux-pro-1.1-897-1755335785.jpg\",\"articleSection\":[\"A la une\"],\"inLanguage\":\"fr-FR\",\"potentialAction\":[{\"@type\":\"CommentAction\",\"name\":\"Comment\",\"target\":[\"https:\\\/\\\/rachat2credit.fr\\\/guide\\\/cac-40-les-benefices-seffondrent-sous-le-poids-de-la-guerre-commerciale-cest-la-pire-chute-depuis-la-crise-de-2008\\\/#respond\"]}]},{\"@type\":\"WebPage\",\"@id\":\"https:\\\/\\\/rachat2credit.fr\\\/guide\\\/cac-40-les-benefices-seffondrent-sous-le-poids-de-la-guerre-commerciale-cest-la-pire-chute-depuis-la-crise-de-2008\\\/\",\"url\":\"https:\\\/\\\/rachat2credit.fr\\\/guide\\\/cac-40-les-benefices-seffondrent-sous-le-poids-de-la-guerre-commerciale-cest-la-pire-chute-depuis-la-crise-de-2008\\\/\",\"name\":\"CAC 40 : les b\u00e9n\u00e9fices s\u2019effondrent sous le poids de la guerre commerciale \\\"c'est la pire chute depuis la crise de 2008\\\" - Rachat de Cr\u00e9dit\",\"isPartOf\":{\"@id\":\"https:\\\/\\\/rachat2credit.fr\\\/guide\\\/#website\"},\"primaryImageOfPage\":{\"@id\":\"https:\\\/\\\/rachat2credit.fr\\\/guide\\\/cac-40-les-benefices-seffondrent-sous-le-poids-de-la-guerre-commerciale-cest-la-pire-chute-depuis-la-crise-de-2008\\\/#primaryimage\"},\"image\":{\"@id\":\"https:\\\/\\\/rachat2credit.fr\\\/guide\\\/cac-40-les-benefices-seffondrent-sous-le-poids-de-la-guerre-commerciale-cest-la-pire-chute-depuis-la-crise-de-2008\\\/#primaryimage\"},\"thumbnailUrl\":\"https:\\\/\\\/rachat2credit.fr\\\/guide\\\/wp-content\\\/uploads\\\/2025\\\/08\\\/flux-pro-1.1-897-1755335785.jpg\",\"datePublished\":\"2025-08-16T09:16:14+00:00\",\"breadcrumb\":{\"@id\":\"https:\\\/\\\/rachat2credit.fr\\\/guide\\\/cac-40-les-benefices-seffondrent-sous-le-poids-de-la-guerre-commerciale-cest-la-pire-chute-depuis-la-crise-de-2008\\\/#breadcrumb\"},\"inLanguage\":\"fr-FR\",\"potentialAction\":[{\"@type\":\"ReadAction\",\"target\":[\"https:\\\/\\\/rachat2credit.fr\\\/guide\\\/cac-40-les-benefices-seffondrent-sous-le-poids-de-la-guerre-commerciale-cest-la-pire-chute-depuis-la-crise-de-2008\\\/\"]}]},{\"@type\":\"ImageObject\",\"inLanguage\":\"fr-FR\",\"@id\":\"https:\\\/\\\/rachat2credit.fr\\\/guide\\\/cac-40-les-benefices-seffondrent-sous-le-poids-de-la-guerre-commerciale-cest-la-pire-chute-depuis-la-crise-de-2008\\\/#primaryimage\",\"url\":\"https:\\\/\\\/rachat2credit.fr\\\/guide\\\/wp-content\\\/uploads\\\/2025\\\/08\\\/flux-pro-1.1-897-1755335785.jpg\",\"contentUrl\":\"https:\\\/\\\/rachat2credit.fr\\\/guide\\\/wp-content\\\/uploads\\\/2025\\\/08\\\/flux-pro-1.1-897-1755335785.jpg\",\"width\":1344,\"height\":768},{\"@type\":\"BreadcrumbList\",\"@id\":\"https:\\\/\\\/rachat2credit.fr\\\/guide\\\/cac-40-les-benefices-seffondrent-sous-le-poids-de-la-guerre-commerciale-cest-la-pire-chute-depuis-la-crise-de-2008\\\/#breadcrumb\",\"itemListElement\":[{\"@type\":\"ListItem\",\"position\":1,\"name\":\"Accueil\",\"item\":\"https:\\\/\\\/rachat2credit.fr\\\/guide\\\/\"},{\"@type\":\"ListItem\",\"position\":2,\"name\":\"CAC 40 : les b\u00e9n\u00e9fices s\u2019effondrent sous le poids de la guerre commerciale \u00ab\u00a0c&rsquo;est la pire chute depuis la crise de 2008\u00a0\u00bb\"}]},{\"@type\":\"WebSite\",\"@id\":\"https:\\\/\\\/rachat2credit.fr\\\/guide\\\/#website\",\"url\":\"https:\\\/\\\/rachat2credit.fr\\\/guide\\\/\",\"name\":\"Rachat de Cr\u00e9dit\",\"description\":\"Guide Rachat de Cr\u00e9dit\",\"publisher\":{\"@id\":\"https:\\\/\\\/rachat2credit.fr\\\/guide\\\/#organization\"},\"potentialAction\":[{\"@type\":\"SearchAction\",\"target\":{\"@type\":\"EntryPoint\",\"urlTemplate\":\"https:\\\/\\\/rachat2credit.fr\\\/guide\\\/?s={search_term_string}\"},\"query-input\":{\"@type\":\"PropertyValueSpecification\",\"valueRequired\":true,\"valueName\":\"search_term_string\"}}],\"inLanguage\":\"fr-FR\"},{\"@type\":\"Organization\",\"@id\":\"https:\\\/\\\/rachat2credit.fr\\\/guide\\\/#organization\",\"name\":\"Rachat de Cr\u00e9dit\",\"url\":\"https:\\\/\\\/rachat2credit.fr\\\/guide\\\/\",\"logo\":{\"@type\":\"ImageObject\",\"inLanguage\":\"fr-FR\",\"@id\":\"https:\\\/\\\/rachat2credit.fr\\\/guide\\\/#\\\/schema\\\/logo\\\/image\\\/\",\"url\":\"https:\\\/\\\/rachat2credit.fr\\\/guide\\\/wp-content\\\/uploads\\\/2025\\\/05\\\/rachat2credit.png\",\"contentUrl\":\"https:\\\/\\\/rachat2credit.fr\\\/guide\\\/wp-content\\\/uploads\\\/2025\\\/05\\\/rachat2credit.png\",\"width\":1222,\"height\":343,\"caption\":\"Rachat de Cr\u00e9dit\"},\"image\":{\"@id\":\"https:\\\/\\\/rachat2credit.fr\\\/guide\\\/#\\\/schema\\\/logo\\\/image\\\/\"}},{\"@type\":\"Person\",\"@id\":\"https:\\\/\\\/rachat2credit.fr\\\/guide\\\/#\\\/schema\\\/person\\\/d4142086d07bc6acdc4722eabd955cc2\",\"name\":\"Aurelien Boulanger\",\"image\":{\"@type\":\"ImageObject\",\"inLanguage\":\"fr-FR\",\"@id\":\"https:\\\/\\\/secure.gravatar.com\\\/avatar\\\/32175434c9ca2b27bfeb905d1c3ec782a789caf494bc0ec8fa6ed0ee39c2e62a?s=96&d=mm&r=g\",\"url\":\"https:\\\/\\\/secure.gravatar.com\\\/avatar\\\/32175434c9ca2b27bfeb905d1c3ec782a789caf494bc0ec8fa6ed0ee39c2e62a?s=96&d=mm&r=g\",\"contentUrl\":\"https:\\\/\\\/secure.gravatar.com\\\/avatar\\\/32175434c9ca2b27bfeb905d1c3ec782a789caf494bc0ec8fa6ed0ee39c2e62a?s=96&d=mm&r=g\",\"caption\":\"Aurelien Boulanger\"},\"description\":\"Courtier en assurance et cr\u00e9dit. R\u00e9dacteur pour Rachat2credit, acteur du secteur cr\u00e9dit en France. Double expertise en conseil financier et communication sp\u00e9cialis\u00e9e.\",\"sameAs\":[\"https:\\\/\\\/rachat2credit.fr\\\/guide\"],\"url\":\"https:\\\/\\\/rachat2credit.fr\\\/guide\\\/author\\\/aurelien\\\/\"}]}<\/script>\n<!-- \/ Yoast SEO plugin. -->","yoast_head_json":{"title":"CAC 40 : les b\u00e9n\u00e9fices s\u2019effondrent sous le poids de la guerre commerciale \"c'est la pire chute depuis la crise de 2008\" - Rachat de Cr\u00e9dit","robots":{"index":"index","follow":"follow","max-snippet":"max-snippet:-1","max-image-preview":"max-image-preview:large","max-video-preview":"max-video-preview:-1"},"canonical":"https:\/\/rachat2credit.fr\/guide\/cac-40-les-benefices-seffondrent-sous-le-poids-de-la-guerre-commerciale-cest-la-pire-chute-depuis-la-crise-de-2008\/","og_locale":"fr_FR","og_type":"article","og_title":"CAC 40 : les b\u00e9n\u00e9fices s\u2019effondrent sous le poids de la guerre commerciale \"c'est la pire chute depuis la crise de 2008\" - Rachat de Cr\u00e9dit","og_description":"\u00ab\u00a0Le CAC 40 pourrait-il voir ses b\u00e9n\u00e9fices s&rsquo;effondrer \u00e0 cause des guerres commerciales ?\u00a0\u00bb La question agite les march\u00e9s financiers alors que les premiers signes de tensions commerciales entre puissances \u00e9conomiques commencent \u00e0 peser sur les r\u00e9sultats des entreprises fran\u00e7aises. Un contexte g\u00e9opolitique qui inqui\u00e8te les investisseurs Selon plusieurs analystes, les derni\u00e8res mesures protectionnistes prises ... Lire plus","og_url":"https:\/\/rachat2credit.fr\/guide\/cac-40-les-benefices-seffondrent-sous-le-poids-de-la-guerre-commerciale-cest-la-pire-chute-depuis-la-crise-de-2008\/","og_site_name":"Rachat de Cr\u00e9dit","article_published_time":"2025-08-16T09:16:14+00:00","og_image":[{"width":1344,"height":768,"url":"https:\/\/rachat2credit.fr\/guide\/wp-content\/uploads\/2025\/08\/flux-pro-1.1-897-1755335785.jpg","type":"image\/jpeg"}],"author":"Aurelien Boulanger","twitter_card":"summary_large_image","twitter_misc":{"\u00c9crit par":"Aurelien Boulanger","Dur\u00e9e de lecture estim\u00e9e":"3 minutes"},"schema":{"@context":"https:\/\/schema.org","@graph":[{"@type":"NewsArticle","@id":"https:\/\/rachat2credit.fr\/guide\/cac-40-les-benefices-seffondrent-sous-le-poids-de-la-guerre-commerciale-cest-la-pire-chute-depuis-la-crise-de-2008\/#article","isPartOf":{"@id":"https:\/\/rachat2credit.fr\/guide\/cac-40-les-benefices-seffondrent-sous-le-poids-de-la-guerre-commerciale-cest-la-pire-chute-depuis-la-crise-de-2008\/"},"author":{"name":"Aurelien Boulanger","@id":"https:\/\/rachat2credit.fr\/guide\/#\/schema\/person\/d4142086d07bc6acdc4722eabd955cc2"},"headline":"CAC 40 : les b\u00e9n\u00e9fices s\u2019effondrent sous le poids de la guerre commerciale \u00ab\u00a0c&rsquo;est la pire chute depuis la crise de 2008\u00a0\u00bb","datePublished":"2025-08-16T09:16:14+00:00","mainEntityOfPage":{"@id":"https:\/\/rachat2credit.fr\/guide\/cac-40-les-benefices-seffondrent-sous-le-poids-de-la-guerre-commerciale-cest-la-pire-chute-depuis-la-crise-de-2008\/"},"wordCount":558,"commentCount":30,"publisher":{"@id":"https:\/\/rachat2credit.fr\/guide\/#organization"},"image":{"@id":"https:\/\/rachat2credit.fr\/guide\/cac-40-les-benefices-seffondrent-sous-le-poids-de-la-guerre-commerciale-cest-la-pire-chute-depuis-la-crise-de-2008\/#primaryimage"},"thumbnailUrl":"https:\/\/rachat2credit.fr\/guide\/wp-content\/uploads\/2025\/08\/flux-pro-1.1-897-1755335785.jpg","articleSection":["A la une"],"inLanguage":"fr-FR","potentialAction":[{"@type":"CommentAction","name":"Comment","target":["https:\/\/rachat2credit.fr\/guide\/cac-40-les-benefices-seffondrent-sous-le-poids-de-la-guerre-commerciale-cest-la-pire-chute-depuis-la-crise-de-2008\/#respond"]}]},{"@type":"WebPage","@id":"https:\/\/rachat2credit.fr\/guide\/cac-40-les-benefices-seffondrent-sous-le-poids-de-la-guerre-commerciale-cest-la-pire-chute-depuis-la-crise-de-2008\/","url":"https:\/\/rachat2credit.fr\/guide\/cac-40-les-benefices-seffondrent-sous-le-poids-de-la-guerre-commerciale-cest-la-pire-chute-depuis-la-crise-de-2008\/","name":"CAC 40 : les b\u00e9n\u00e9fices s\u2019effondrent sous le poids de la guerre commerciale \"c'est la pire chute depuis la crise de 2008\" - Rachat de Cr\u00e9dit","isPartOf":{"@id":"https:\/\/rachat2credit.fr\/guide\/#website"},"primaryImageOfPage":{"@id":"https:\/\/rachat2credit.fr\/guide\/cac-40-les-benefices-seffondrent-sous-le-poids-de-la-guerre-commerciale-cest-la-pire-chute-depuis-la-crise-de-2008\/#primaryimage"},"image":{"@id":"https:\/\/rachat2credit.fr\/guide\/cac-40-les-benefices-seffondrent-sous-le-poids-de-la-guerre-commerciale-cest-la-pire-chute-depuis-la-crise-de-2008\/#primaryimage"},"thumbnailUrl":"https:\/\/rachat2credit.fr\/guide\/wp-content\/uploads\/2025\/08\/flux-pro-1.1-897-1755335785.jpg","datePublished":"2025-08-16T09:16:14+00:00","breadcrumb":{"@id":"https:\/\/rachat2credit.fr\/guide\/cac-40-les-benefices-seffondrent-sous-le-poids-de-la-guerre-commerciale-cest-la-pire-chute-depuis-la-crise-de-2008\/#breadcrumb"},"inLanguage":"fr-FR","potentialAction":[{"@type":"ReadAction","target":["https:\/\/rachat2credit.fr\/guide\/cac-40-les-benefices-seffondrent-sous-le-poids-de-la-guerre-commerciale-cest-la-pire-chute-depuis-la-crise-de-2008\/"]}]},{"@type":"ImageObject","inLanguage":"fr-FR","@id":"https:\/\/rachat2credit.fr\/guide\/cac-40-les-benefices-seffondrent-sous-le-poids-de-la-guerre-commerciale-cest-la-pire-chute-depuis-la-crise-de-2008\/#primaryimage","url":"https:\/\/rachat2credit.fr\/guide\/wp-content\/uploads\/2025\/08\/flux-pro-1.1-897-1755335785.jpg","contentUrl":"https:\/\/rachat2credit.fr\/guide\/wp-content\/uploads\/2025\/08\/flux-pro-1.1-897-1755335785.jpg","width":1344,"height":768},{"@type":"BreadcrumbList","@id":"https:\/\/rachat2credit.fr\/guide\/cac-40-les-benefices-seffondrent-sous-le-poids-de-la-guerre-commerciale-cest-la-pire-chute-depuis-la-crise-de-2008\/#breadcrumb","itemListElement":[{"@type":"ListItem","position":1,"name":"Accueil","item":"https:\/\/rachat2credit.fr\/guide\/"},{"@type":"ListItem","position":2,"name":"CAC 40 : les b\u00e9n\u00e9fices s\u2019effondrent sous le poids de la guerre commerciale \u00ab\u00a0c&rsquo;est la pire chute depuis la crise de 2008\u00a0\u00bb"}]},{"@type":"WebSite","@id":"https:\/\/rachat2credit.fr\/guide\/#website","url":"https:\/\/rachat2credit.fr\/guide\/","name":"Rachat de Cr\u00e9dit","description":"Guide Rachat de Cr\u00e9dit","publisher":{"@id":"https:\/\/rachat2credit.fr\/guide\/#organization"},"potentialAction":[{"@type":"SearchAction","target":{"@type":"EntryPoint","urlTemplate":"https:\/\/rachat2credit.fr\/guide\/?s={search_term_string}"},"query-input":{"@type":"PropertyValueSpecification","valueRequired":true,"valueName":"search_term_string"}}],"inLanguage":"fr-FR"},{"@type":"Organization","@id":"https:\/\/rachat2credit.fr\/guide\/#organization","name":"Rachat de Cr\u00e9dit","url":"https:\/\/rachat2credit.fr\/guide\/","logo":{"@type":"ImageObject","inLanguage":"fr-FR","@id":"https:\/\/rachat2credit.fr\/guide\/#\/schema\/logo\/image\/","url":"https:\/\/rachat2credit.fr\/guide\/wp-content\/uploads\/2025\/05\/rachat2credit.png","contentUrl":"https:\/\/rachat2credit.fr\/guide\/wp-content\/uploads\/2025\/05\/rachat2credit.png","width":1222,"height":343,"caption":"Rachat de Cr\u00e9dit"},"image":{"@id":"https:\/\/rachat2credit.fr\/guide\/#\/schema\/logo\/image\/"}},{"@type":"Person","@id":"https:\/\/rachat2credit.fr\/guide\/#\/schema\/person\/d4142086d07bc6acdc4722eabd955cc2","name":"Aurelien Boulanger","image":{"@type":"ImageObject","inLanguage":"fr-FR","@id":"https:\/\/secure.gravatar.com\/avatar\/32175434c9ca2b27bfeb905d1c3ec782a789caf494bc0ec8fa6ed0ee39c2e62a?s=96&d=mm&r=g","url":"https:\/\/secure.gravatar.com\/avatar\/32175434c9ca2b27bfeb905d1c3ec782a789caf494bc0ec8fa6ed0ee39c2e62a?s=96&d=mm&r=g","contentUrl":"https:\/\/secure.gravatar.com\/avatar\/32175434c9ca2b27bfeb905d1c3ec782a789caf494bc0ec8fa6ed0ee39c2e62a?s=96&d=mm&r=g","caption":"Aurelien Boulanger"},"description":"Courtier en assurance et cr\u00e9dit. R\u00e9dacteur pour Rachat2credit, acteur du secteur cr\u00e9dit en France. Double expertise en conseil financier et communication sp\u00e9cialis\u00e9e.","sameAs":["https:\/\/rachat2credit.fr\/guide"],"url":"https:\/\/rachat2credit.fr\/guide\/author\/aurelien\/"}]}},"_links":{"self":[{"href":"https:\/\/rachat2credit.fr\/guide\/wp-json\/wp\/v2\/posts\/897","targetHints":{"allow":["GET"]}}],"collection":[{"href":"https:\/\/rachat2credit.fr\/guide\/wp-json\/wp\/v2\/posts"}],"about":[{"href":"https:\/\/rachat2credit.fr\/guide\/wp-json\/wp\/v2\/types\/post"}],"author":[{"embeddable":true,"href":"https:\/\/rachat2credit.fr\/guide\/wp-json\/wp\/v2\/users\/1"}],"replies":[{"embeddable":true,"href":"https:\/\/rachat2credit.fr\/guide\/wp-json\/wp\/v2\/comments?post=897"}],"version-history":[{"count":0,"href":"https:\/\/rachat2credit.fr\/guide\/wp-json\/wp\/v2\/posts\/897\/revisions"}],"wp:featuredmedia":[{"embeddable":true,"href":"https:\/\/rachat2credit.fr\/guide\/wp-json\/wp\/v2\/media\/898"}],"wp:attachment":[{"href":"https:\/\/rachat2credit.fr\/guide\/wp-json\/wp\/v2\/media?parent=897"}],"wp:term":[{"taxonomy":"category","embeddable":true,"href":"https:\/\/rachat2credit.fr\/guide\/wp-json\/wp\/v2\/categories?post=897"},{"taxonomy":"post_tag","embeddable":true,"href":"https:\/\/rachat2credit.fr\/guide\/wp-json\/wp\/v2\/tags?post=897"}],"curies":[{"name":"wp","href":"https:\/\/api.w.org\/{rel}","templated":true}]}}