{"id":915,"date":"2025-08-17T11:16:22","date_gmt":"2025-08-17T09:16:22","guid":{"rendered":"https:\/\/rachat2credit.fr\/guide\/conges-payes-a-monetiser-et-suppression-de-deux-jours-feries-des-negociations-qui-sannoncent-houleuses-on-nous-demande-de-renoncer-a-des-acquis-sociaux\/"},"modified":"2025-08-17T11:16:22","modified_gmt":"2025-08-17T09:16:22","slug":"conges-payes-a-monetiser-et-suppression-de-deux-jours-feries-des-negociations-qui-sannoncent-houleuses-on-nous-demande-de-renoncer-a-des-acquis-sociaux","status":"publish","type":"post","link":"https:\/\/rachat2credit.fr\/guide\/conges-payes-a-monetiser-et-suppression-de-deux-jours-feries-des-negociations-qui-sannoncent-houleuses-on-nous-demande-de-renoncer-a-des-acquis-sociaux\/","title":{"rendered":"Cong\u00e9s pay\u00e9s \u00e0 mon\u00e9tiser et suppression de deux jours f\u00e9ri\u00e9s, des n\u00e9gociations qui s\u2019annoncent houleuses \u201con nous demande de renoncer \u00e0 des acquis sociaux\u201d"},"content":{"rendered":"<p>\u00ab\u00a0`html<\/p>\n<p><strong>Cong\u00e9s pay\u00e9s \u00e0 mon\u00e9tiser, suppression de deux jours f\u00e9ri\u00e9s&#8230; Une n\u00e9gociation qui pourrait s&rsquo;\u00e9tendre \u00ab\u00a0jusqu&rsquo;\u00e0 la fin 2025\u00a0\u00bb ?<\/strong><\/p>\n<p>Alors que le gouvernement \u00e9voque une possible r\u00e9forme des cong\u00e9s pay\u00e9s et des jours f\u00e9ri\u00e9s, les syndicats s&rsquo;alarment d&rsquo;une n\u00e9gociation qui s&rsquo;annonce \u00ab\u00a0complexe et longue\u00a0\u00bb. Une source proche du dossier confirme que les discussions pourraient s&rsquo;\u00e9taler \u00ab\u00a0sur plusieurs mois, au minimum jusqu&rsquo;\u00e0 la fin 2025\u00a0\u00bb.<\/p>\n<div class=\"temoignage\">\n<p><strong>\u00ab\u00a0On nous propose de vendre nos cong\u00e9s pour un salaire compl\u00e9mentaire, mais \u00e0 quel prix ?\u00a0\u00bb<\/strong> s&rsquo;interroge Thomas, 34 ans, employ\u00e9 dans la logistique. Comme lui, des milliers de salari\u00e9s pourraient \u00eatre concern\u00e9s par cette mesure in\u00e9dite.<\/p>\n<\/div>\n<div id=\"ez-toc-container\" class=\"ez-toc-v2_0_82_2 counter-hierarchy ez-toc-counter ez-toc-grey ez-toc-container-direction\">\n<p class=\"ez-toc-title\" style=\"cursor:inherit\">Sommaire<\/p>\n<label for=\"ez-toc-cssicon-toggle-item-69f10708c9284\" class=\"ez-toc-cssicon-toggle-label\"><span class=\"ez-toc-cssicon\"><span class=\"eztoc-hide\" style=\"display:none;\">Toggle<\/span><span class=\"ez-toc-icon-toggle-span\"><svg style=\"fill: #999;color:#999\" xmlns=\"http:\/\/www.w3.org\/2000\/svg\" class=\"list-377408\" width=\"20px\" height=\"20px\" viewBox=\"0 0 24 24\" fill=\"none\"><path d=\"M6 6H4v2h2V6zm14 0H8v2h12V6zM4 11h2v2H4v-2zm16 0H8v2h12v-2zM4 16h2v2H4v-2zm16 0H8v2h12v-2z\" fill=\"currentColor\"><\/path><\/svg><svg style=\"fill: #999;color:#999\" class=\"arrow-unsorted-368013\" xmlns=\"http:\/\/www.w3.org\/2000\/svg\" width=\"10px\" height=\"10px\" viewBox=\"0 0 24 24\" version=\"1.2\" baseProfile=\"tiny\"><path d=\"M18.2 9.3l-6.2-6.3-6.2 6.3c-.2.2-.3.4-.3.7s.1.5.3.7c.2.2.4.3.7.3h11c.3 0 .5-.1.7-.3.2-.2.3-.5.3-.7s-.1-.5-.3-.7zM5.8 14.7l6.2 6.3 6.2-6.3c.2-.2.3-.5.3-.7s-.1-.5-.3-.7c-.2-.2-.4-.3-.7-.3h-11c-.3 0-.5.1-.7.3-.2.2-.3.5-.3.7s.1.5.3.7z\"\/><\/svg><\/span><\/span><\/label><input type=\"checkbox\"  id=\"ez-toc-cssicon-toggle-item-69f10708c9284\" checked aria-label=\"Toggle\" \/><nav><ul class='ez-toc-list ez-toc-list-level-1 ' ><li class='ez-toc-page-1 ez-toc-heading-level-2'><a class=\"ez-toc-link ez-toc-heading-1\" href=\"https:\/\/rachat2credit.fr\/guide\/conges-payes-a-monetiser-et-suppression-de-deux-jours-feries-des-negociations-qui-sannoncent-houleuses-on-nous-demande-de-renoncer-a-des-acquis-sociaux\/#Une_monetisation_des_conges_payes_solution_miracle_ou_piege_a_court_terme\" >Une mon\u00e9tisation des cong\u00e9s pay\u00e9s : solution miracle ou pi\u00e8ge \u00e0 court terme ?<\/a><\/li><li class='ez-toc-page-1 ez-toc-heading-level-2'><a class=\"ez-toc-link ez-toc-heading-2\" href=\"https:\/\/rachat2credit.fr\/guide\/conges-payes-a-monetiser-et-suppression-de-deux-jours-feries-des-negociations-qui-sannoncent-houleuses-on-nous-demande-de-renoncer-a-des-acquis-sociaux\/#La_suppression_de_deux_jours_feries_le_cadeau_empoisonne\" >La suppression de deux jours f\u00e9ri\u00e9s : le cadeau empoisonn\u00e9 ?<\/a><\/li><li class='ez-toc-page-1 ez-toc-heading-level-2'><a class=\"ez-toc-link ez-toc-heading-3\" href=\"https:\/\/rachat2credit.fr\/guide\/conges-payes-a-monetiser-et-suppression-de-deux-jours-feries-des-negociations-qui-sannoncent-houleuses-on-nous-demande-de-renoncer-a-des-acquis-sociaux\/#Un_bras_de_fer_qui_sannonce_long_et_complexe\" >Un bras de fer qui s&rsquo;annonce long et complexe<\/a><\/li><li class='ez-toc-page-1 ez-toc-heading-level-2'><a class=\"ez-toc-link ez-toc-heading-4\" href=\"https:\/\/rachat2credit.fr\/guide\/conges-payes-a-monetiser-et-suppression-de-deux-jours-feries-des-negociations-qui-sannoncent-houleuses-on-nous-demande-de-renoncer-a-des-acquis-sociaux\/#Et_maintenant_Les_scenarios_possibles\" >Et maintenant ? Les sc\u00e9narios possibles<\/a><\/li><\/ul><\/nav><\/div>\n<h2><span class=\"ez-toc-section\" id=\"Une_monetisation_des_conges_payes_solution_miracle_ou_piege_a_court_terme\"><\/span>Une mon\u00e9tisation des cong\u00e9s pay\u00e9s : solution miracle ou pi\u00e8ge \u00e0 court terme ?<span class=\"ez-toc-section-end\"><\/span><\/h2>\n<p>Le projet, encore flou, envisagerait de permettre aux salari\u00e9s d&rsquo;\u00e9changer une partie de leurs cong\u00e9s pay\u00e9s contre une compensation financi\u00e8re. Selon nos informations, cette option serait facultative et plafonn\u00e9e \u00e0 5 jours par an.<\/p>\n<p>Pour les \u00e9conomistes, cette mesure pourrait avoir un double effet :<\/p>\n<ul>\n<li>Un coup de pouce imm\u00e9diat au pouvoir d&rsquo;achat<\/li>\n<li>Un risque accru de burn-out \u00e0 moyen terme<\/li>\n<\/ul>\n<p>Le minist\u00e8re du Travail <a href=\"https:\/\/travail-emploi.gouv.fr\" target=\"_blank\">(source officielle)<\/a> rappelle que \u00ab\u00a0toute r\u00e9forme devra pr\u00e9server l&rsquo;\u00e9quilibre vie professionnelle-vie priv\u00e9e\u00a0\u00bb.<\/p>\n<h2><span class=\"ez-toc-section\" id=\"La_suppression_de_deux_jours_feries_le_cadeau_empoisonne\"><\/span>La suppression de deux jours f\u00e9ri\u00e9s : le cadeau empoisonn\u00e9 ?<span class=\"ez-toc-section-end\"><\/span><\/h2>\n<p>L&rsquo;autre volet explosif du projet concernerait la suppression de deux jours f\u00e9ri\u00e9s sur le calendrier national. Les jours concern\u00e9s n&rsquo;ont pas encore \u00e9t\u00e9 officialis\u00e9s, mais plusieurs sc\u00e9narios circulent :<\/p>\n<div class=\"scenarios\">\n<p><strong>Hypoth\u00e8se 1 :<\/strong> Suppression du lundi de Pentec\u00f4te et du 15 ao\u00fbt<\/p>\n<p><strong>Hypoth\u00e8se 2 :<\/strong> Suppression du 1er mai et du 11 novembre<\/p>\n<p><strong>Hypoth\u00e8se 3 :<\/strong> Cr\u00e9ation d&rsquo;un syst\u00e8me de jours f\u00e9ri\u00e9s flottants<\/p>\n<\/div>\n<div class=\"temoignage\">\n<p><strong>\u00ab\u00a0Supprimer le 1er mai serait un symbole terrible\u00a0\u00bb<\/strong>, s&rsquo;indigne Marie-Claire, d\u00e9l\u00e9gu\u00e9e CGT dans une usine automobile. <strong>\u00ab\u00a0C&rsquo;est comme si on effa\u00e7ait des d\u00e9cennies de lutte sociale d&rsquo;un coup de stylo.\u00a0\u00bb<\/strong><\/p>\n<\/div>\n<h2><span class=\"ez-toc-section\" id=\"Un_bras_de_fer_qui_sannonce_long_et_complexe\"><\/span>Un bras de fer qui s&rsquo;annonce long et complexe<span class=\"ez-toc-section-end\"><\/span><\/h2>\n<p>Les n\u00e9gociations s&rsquo;annoncent particuli\u00e8rement tendues entre patronat et syndicats. Plusieurs \u00e9l\u00e9ments expliquent cette complexit\u00e9 :<\/p>\n<ul>\n<li>Des enjeux \u00e9conomiques colossaux pour les entreprises<\/li>\n<li>Un calendrier \u00e9lectoral charg\u00e9<\/li>\n<li>Une opinion publique divis\u00e9e sur ces questions<\/li>\n<\/ul>\n<p>Certains experts sugg\u00e8rent que cette r\u00e9forme pourrait \u00eatre l&rsquo;arbre qui cache la for\u00eat. <strong>\u00ab\u00a0Derri\u00e8re ces mesures se cache peut-\u00eatre une volont\u00e9 plus large de flexibiliser le march\u00e9 du travail\u00a0\u00bb<\/strong>, analyse Jean-Marc Rouillan, \u00e9conomiste sp\u00e9cialis\u00e9 en droit social.<\/p>\n<h2><span class=\"ez-toc-section\" id=\"Et_maintenant_Les_scenarios_possibles\"><\/span>Et maintenant ? Les sc\u00e9narios possibles<span class=\"ez-toc-section-end\"><\/span><\/h2>\n<p>Plusieurs issues sont envisageables \u00e0 ce stade des n\u00e9gociations :<\/p>\n<ol>\n<li><strong>Un compromis a minima<\/strong> avec seulement la mon\u00e9tisation partielle des cong\u00e9s<\/li>\n<li><strong>Un report pur et simple<\/strong> apr\u00e8s les \u00e9lections r\u00e9gionales<\/li>\n<li><strong>Une version \u00e9dulcor\u00e9e<\/strong> sans suppression de jours f\u00e9ri\u00e9s mais avec d&rsquo;autres contreparties<\/li>\n<\/ol>\n<div class=\"conclusion\">\n<p>Une chose est s\u00fbre : ce dossier sensible va continuer \u00e0 faire parler de lui. Entre besoin de comp\u00e9titivit\u00e9 \u00e9conomique et pr\u00e9servation des acquis sociaux, le gouvernement devra naviguer avec prudence. Les prochains mois seront d\u00e9cisifs pour l&rsquo;avenir de notre mod\u00e8le social.<\/p>\n<p><strong>Et vous, seriez-vous pr\u00eat \u00e0 vendre une partie de vos cong\u00e9s pour augmenter votre salaire ?<\/strong> La question m\u00e9rite d&rsquo;\u00eatre pos\u00e9e alors que le d\u00e9bat s&rsquo;installe dans les entreprises et les foyers fran\u00e7ais.<\/p>\n<\/div>\n<p>\u00ab\u00a0`<\/p>\n\n\n<div class=\"kk-star-ratings kksr-auto kksr-align-center kksr-valign-bottom\"\n    data-payload='{&quot;align&quot;:&quot;center&quot;,&quot;id&quot;:&quot;915&quot;,&quot;slug&quot;:&quot;default&quot;,&quot;valign&quot;:&quot;bottom&quot;,&quot;ignore&quot;:&quot;&quot;,&quot;reference&quot;:&quot;auto&quot;,&quot;class&quot;:&quot;&quot;,&quot;count&quot;:&quot;0&quot;,&quot;legendonly&quot;:&quot;&quot;,&quot;readonly&quot;:&quot;&quot;,&quot;score&quot;:&quot;0&quot;,&quot;starsonly&quot;:&quot;&quot;,&quot;best&quot;:&quot;5&quot;,&quot;gap&quot;:&quot;5&quot;,&quot;greet&quot;:&quot;&quot;,&quot;legend&quot;:&quot;0\\\/5 - (0 vote)&quot;,&quot;size&quot;:&quot;24&quot;,&quot;title&quot;:&quot;Cong\u00e9s pay\u00e9s \u00e0 mon\u00e9tiser et suppression de deux jours f\u00e9ri\u00e9s, des n\u00e9gociations qui s\u2019annoncent houleuses \u201con nous demande de renoncer \u00e0 des acquis sociaux\u201d&quot;,&quot;width&quot;:&quot;0&quot;,&quot;_legend&quot;:&quot;{score}\\\/{best} - ({count} {votes})&quot;,&quot;font_factor&quot;:&quot;1.25&quot;}'>\n            \n<div class=\"kksr-stars\">\n    \n<div class=\"kksr-stars-inactive\">\n            <div class=\"kksr-star\" data-star=\"1\" style=\"padding-right: 5px\">\n            \n\n<div class=\"kksr-icon\" style=\"width: 24px; height: 24px;\"><\/div>\n        <\/div>\n            <div class=\"kksr-star\" data-star=\"2\" style=\"padding-right: 5px\">\n            \n\n<div class=\"kksr-icon\" style=\"width: 24px; height: 24px;\"><\/div>\n        <\/div>\n            <div class=\"kksr-star\" data-star=\"3\" style=\"padding-right: 5px\">\n            \n\n<div class=\"kksr-icon\" style=\"width: 24px; height: 24px;\"><\/div>\n        <\/div>\n            <div class=\"kksr-star\" data-star=\"4\" style=\"padding-right: 5px\">\n            \n\n<div class=\"kksr-icon\" style=\"width: 24px; height: 24px;\"><\/div>\n        <\/div>\n            <div class=\"kksr-star\" data-star=\"5\" style=\"padding-right: 5px\">\n            \n\n<div class=\"kksr-icon\" style=\"width: 24px; height: 24px;\"><\/div>\n        <\/div>\n    <\/div>\n    \n<div class=\"kksr-stars-active\" style=\"width: 0px;\">\n            <div class=\"kksr-star\" style=\"padding-right: 5px\">\n            \n\n<div class=\"kksr-icon\" style=\"width: 24px; height: 24px;\"><\/div>\n        <\/div>\n            <div class=\"kksr-star\" style=\"padding-right: 5px\">\n            \n\n<div class=\"kksr-icon\" style=\"width: 24px; height: 24px;\"><\/div>\n        <\/div>\n            <div class=\"kksr-star\" style=\"padding-right: 5px\">\n            \n\n<div class=\"kksr-icon\" style=\"width: 24px; height: 24px;\"><\/div>\n        <\/div>\n            <div class=\"kksr-star\" style=\"padding-right: 5px\">\n            \n\n<div class=\"kksr-icon\" style=\"width: 24px; height: 24px;\"><\/div>\n        <\/div>\n            <div class=\"kksr-star\" style=\"padding-right: 5px\">\n            \n\n<div class=\"kksr-icon\" style=\"width: 24px; height: 24px;\"><\/div>\n        <\/div>\n    <\/div>\n<\/div>\n                \n\n<div class=\"kksr-legend\" style=\"font-size: 19.2px;\">\n            <span class=\"kksr-muted\"><\/span>\n    <\/div>\n    <\/div>\n","protected":false},"excerpt":{"rendered":"<p>\u00ab\u00a0`html Cong\u00e9s pay\u00e9s \u00e0 mon\u00e9tiser, suppression de deux jours f\u00e9ri\u00e9s&#8230; Une n\u00e9gociation qui pourrait s&rsquo;\u00e9tendre \u00ab\u00a0jusqu&rsquo;\u00e0 la fin 2025\u00a0\u00bb ? Alors que le gouvernement \u00e9voque une possible r\u00e9forme des cong\u00e9s pay\u00e9s et des jours f\u00e9ri\u00e9s, les syndicats s&rsquo;alarment d&rsquo;une n\u00e9gociation qui s&rsquo;annonce \u00ab\u00a0complexe et longue\u00a0\u00bb. Une source proche du dossier confirme que les discussions pourraient &#8230; <a title=\"Cong\u00e9s pay\u00e9s \u00e0 mon\u00e9tiser et suppression de deux jours f\u00e9ri\u00e9s, des n\u00e9gociations qui s\u2019annoncent houleuses \u201con nous demande de renoncer \u00e0 des acquis sociaux\u201d\" class=\"read-more\" href=\"https:\/\/rachat2credit.fr\/guide\/conges-payes-a-monetiser-et-suppression-de-deux-jours-feries-des-negociations-qui-sannoncent-houleuses-on-nous-demande-de-renoncer-a-des-acquis-sociaux\/\" aria-label=\"En savoir plus sur Cong\u00e9s pay\u00e9s \u00e0 mon\u00e9tiser et suppression de deux jours f\u00e9ri\u00e9s, des n\u00e9gociations qui s\u2019annoncent houleuses \u201con nous demande de renoncer \u00e0 des acquis sociaux\u201d\">Lire plus<\/a><\/p>\n","protected":false},"author":1,"featured_media":916,"comment_status":"open","ping_status":"open","sticky":false,"template":"","format":"standard","meta":{"footnotes":""},"categories":[8],"tags":[],"class_list":["post-915","post","type-post","status-publish","format-standard","has-post-thumbnail","hentry","category-a-la-une"],"yoast_head":"<!-- This site is optimized with the Yoast SEO plugin v27.5 - https:\/\/yoast.com\/product\/yoast-seo-wordpress\/ -->\n<title>Cong\u00e9s pay\u00e9s \u00e0 mon\u00e9tiser et suppression de deux jours f\u00e9ri\u00e9s, des n\u00e9gociations qui s\u2019annoncent houleuses \u201con nous demande de renoncer \u00e0 des acquis sociaux\u201d - Rachat de Cr\u00e9dit<\/title>\n<meta name=\"robots\" content=\"index, follow, max-snippet:-1, max-image-preview:large, max-video-preview:-1\" \/>\n<link rel=\"canonical\" href=\"https:\/\/rachat2credit.fr\/guide\/conges-payes-a-monetiser-et-suppression-de-deux-jours-feries-des-negociations-qui-sannoncent-houleuses-on-nous-demande-de-renoncer-a-des-acquis-sociaux\/\" \/>\n<meta property=\"og:locale\" content=\"fr_FR\" \/>\n<meta property=\"og:type\" content=\"article\" \/>\n<meta property=\"og:title\" content=\"Cong\u00e9s pay\u00e9s \u00e0 mon\u00e9tiser et suppression de deux jours f\u00e9ri\u00e9s, des n\u00e9gociations qui s\u2019annoncent houleuses \u201con nous demande de renoncer \u00e0 des acquis sociaux\u201d - Rachat de Cr\u00e9dit\" \/>\n<meta property=\"og:description\" content=\"\u00ab\u00a0`html Cong\u00e9s pay\u00e9s \u00e0 mon\u00e9tiser, suppression de deux jours f\u00e9ri\u00e9s&#8230; Une n\u00e9gociation qui pourrait s&rsquo;\u00e9tendre \u00ab\u00a0jusqu&rsquo;\u00e0 la fin 2025\u00a0\u00bb ? Alors que le gouvernement \u00e9voque une possible r\u00e9forme des cong\u00e9s pay\u00e9s et des jours f\u00e9ri\u00e9s, les syndicats s&rsquo;alarment d&rsquo;une n\u00e9gociation qui s&rsquo;annonce \u00ab\u00a0complexe et longue\u00a0\u00bb. Une source proche du dossier confirme que les discussions pourraient ... Lire plus\" \/>\n<meta property=\"og:url\" content=\"https:\/\/rachat2credit.fr\/guide\/conges-payes-a-monetiser-et-suppression-de-deux-jours-feries-des-negociations-qui-sannoncent-houleuses-on-nous-demande-de-renoncer-a-des-acquis-sociaux\/\" \/>\n<meta property=\"og:site_name\" content=\"Rachat de Cr\u00e9dit\" \/>\n<meta property=\"article:published_time\" content=\"2025-08-17T09:16:22+00:00\" \/>\n<meta property=\"og:image\" content=\"https:\/\/rachat2credit.fr\/guide\/wp-content\/uploads\/2025\/08\/flux-pro-1.1-915-1755422193.jpg\" \/>\n\t<meta property=\"og:image:width\" content=\"1344\" \/>\n\t<meta property=\"og:image:height\" content=\"768\" \/>\n\t<meta property=\"og:image:type\" content=\"image\/jpeg\" \/>\n<meta name=\"author\" content=\"Aurelien Boulanger\" \/>\n<meta name=\"twitter:card\" content=\"summary_large_image\" \/>\n<meta name=\"twitter:label1\" content=\"\u00c9crit par\" \/>\n\t<meta name=\"twitter:data1\" content=\"Aurelien Boulanger\" \/>\n\t<meta name=\"twitter:label2\" content=\"Dur\u00e9e de lecture estim\u00e9e\" \/>\n\t<meta name=\"twitter:data2\" content=\"3 minutes\" \/>\n<script type=\"application\/ld+json\" class=\"yoast-schema-graph\">{\"@context\":\"https:\\\/\\\/schema.org\",\"@graph\":[{\"@type\":\"NewsArticle\",\"@id\":\"https:\\\/\\\/rachat2credit.fr\\\/guide\\\/conges-payes-a-monetiser-et-suppression-de-deux-jours-feries-des-negociations-qui-sannoncent-houleuses-on-nous-demande-de-renoncer-a-des-acquis-sociaux\\\/#article\",\"isPartOf\":{\"@id\":\"https:\\\/\\\/rachat2credit.fr\\\/guide\\\/conges-payes-a-monetiser-et-suppression-de-deux-jours-feries-des-negociations-qui-sannoncent-houleuses-on-nous-demande-de-renoncer-a-des-acquis-sociaux\\\/\"},\"author\":{\"name\":\"Aurelien Boulanger\",\"@id\":\"https:\\\/\\\/rachat2credit.fr\\\/guide\\\/#\\\/schema\\\/person\\\/d4142086d07bc6acdc4722eabd955cc2\"},\"headline\":\"Cong\u00e9s pay\u00e9s \u00e0 mon\u00e9tiser et suppression de deux jours f\u00e9ri\u00e9s, des n\u00e9gociations qui s\u2019annoncent houleuses \u201con nous demande de renoncer \u00e0 des acquis sociaux\u201d\",\"datePublished\":\"2025-08-17T09:16:22+00:00\",\"mainEntityOfPage\":{\"@id\":\"https:\\\/\\\/rachat2credit.fr\\\/guide\\\/conges-payes-a-monetiser-et-suppression-de-deux-jours-feries-des-negociations-qui-sannoncent-houleuses-on-nous-demande-de-renoncer-a-des-acquis-sociaux\\\/\"},\"wordCount\":598,\"commentCount\":7,\"publisher\":{\"@id\":\"https:\\\/\\\/rachat2credit.fr\\\/guide\\\/#organization\"},\"image\":{\"@id\":\"https:\\\/\\\/rachat2credit.fr\\\/guide\\\/conges-payes-a-monetiser-et-suppression-de-deux-jours-feries-des-negociations-qui-sannoncent-houleuses-on-nous-demande-de-renoncer-a-des-acquis-sociaux\\\/#primaryimage\"},\"thumbnailUrl\":\"https:\\\/\\\/rachat2credit.fr\\\/guide\\\/wp-content\\\/uploads\\\/2025\\\/08\\\/flux-pro-1.1-915-1755422193.jpg\",\"articleSection\":[\"A la une\"],\"inLanguage\":\"fr-FR\",\"potentialAction\":[{\"@type\":\"CommentAction\",\"name\":\"Comment\",\"target\":[\"https:\\\/\\\/rachat2credit.fr\\\/guide\\\/conges-payes-a-monetiser-et-suppression-de-deux-jours-feries-des-negociations-qui-sannoncent-houleuses-on-nous-demande-de-renoncer-a-des-acquis-sociaux\\\/#respond\"]}]},{\"@type\":\"WebPage\",\"@id\":\"https:\\\/\\\/rachat2credit.fr\\\/guide\\\/conges-payes-a-monetiser-et-suppression-de-deux-jours-feries-des-negociations-qui-sannoncent-houleuses-on-nous-demande-de-renoncer-a-des-acquis-sociaux\\\/\",\"url\":\"https:\\\/\\\/rachat2credit.fr\\\/guide\\\/conges-payes-a-monetiser-et-suppression-de-deux-jours-feries-des-negociations-qui-sannoncent-houleuses-on-nous-demande-de-renoncer-a-des-acquis-sociaux\\\/\",\"name\":\"Cong\u00e9s pay\u00e9s \u00e0 mon\u00e9tiser et suppression de deux jours f\u00e9ri\u00e9s, des n\u00e9gociations qui s\u2019annoncent houleuses \u201con nous demande de renoncer \u00e0 des acquis sociaux\u201d - Rachat de Cr\u00e9dit\",\"isPartOf\":{\"@id\":\"https:\\\/\\\/rachat2credit.fr\\\/guide\\\/#website\"},\"primaryImageOfPage\":{\"@id\":\"https:\\\/\\\/rachat2credit.fr\\\/guide\\\/conges-payes-a-monetiser-et-suppression-de-deux-jours-feries-des-negociations-qui-sannoncent-houleuses-on-nous-demande-de-renoncer-a-des-acquis-sociaux\\\/#primaryimage\"},\"image\":{\"@id\":\"https:\\\/\\\/rachat2credit.fr\\\/guide\\\/conges-payes-a-monetiser-et-suppression-de-deux-jours-feries-des-negociations-qui-sannoncent-houleuses-on-nous-demande-de-renoncer-a-des-acquis-sociaux\\\/#primaryimage\"},\"thumbnailUrl\":\"https:\\\/\\\/rachat2credit.fr\\\/guide\\\/wp-content\\\/uploads\\\/2025\\\/08\\\/flux-pro-1.1-915-1755422193.jpg\",\"datePublished\":\"2025-08-17T09:16:22+00:00\",\"breadcrumb\":{\"@id\":\"https:\\\/\\\/rachat2credit.fr\\\/guide\\\/conges-payes-a-monetiser-et-suppression-de-deux-jours-feries-des-negociations-qui-sannoncent-houleuses-on-nous-demande-de-renoncer-a-des-acquis-sociaux\\\/#breadcrumb\"},\"inLanguage\":\"fr-FR\",\"potentialAction\":[{\"@type\":\"ReadAction\",\"target\":[\"https:\\\/\\\/rachat2credit.fr\\\/guide\\\/conges-payes-a-monetiser-et-suppression-de-deux-jours-feries-des-negociations-qui-sannoncent-houleuses-on-nous-demande-de-renoncer-a-des-acquis-sociaux\\\/\"]}]},{\"@type\":\"ImageObject\",\"inLanguage\":\"fr-FR\",\"@id\":\"https:\\\/\\\/rachat2credit.fr\\\/guide\\\/conges-payes-a-monetiser-et-suppression-de-deux-jours-feries-des-negociations-qui-sannoncent-houleuses-on-nous-demande-de-renoncer-a-des-acquis-sociaux\\\/#primaryimage\",\"url\":\"https:\\\/\\\/rachat2credit.fr\\\/guide\\\/wp-content\\\/uploads\\\/2025\\\/08\\\/flux-pro-1.1-915-1755422193.jpg\",\"contentUrl\":\"https:\\\/\\\/rachat2credit.fr\\\/guide\\\/wp-content\\\/uploads\\\/2025\\\/08\\\/flux-pro-1.1-915-1755422193.jpg\",\"width\":1344,\"height\":768},{\"@type\":\"BreadcrumbList\",\"@id\":\"https:\\\/\\\/rachat2credit.fr\\\/guide\\\/conges-payes-a-monetiser-et-suppression-de-deux-jours-feries-des-negociations-qui-sannoncent-houleuses-on-nous-demande-de-renoncer-a-des-acquis-sociaux\\\/#breadcrumb\",\"itemListElement\":[{\"@type\":\"ListItem\",\"position\":1,\"name\":\"Accueil\",\"item\":\"https:\\\/\\\/rachat2credit.fr\\\/guide\\\/\"},{\"@type\":\"ListItem\",\"position\":2,\"name\":\"Cong\u00e9s pay\u00e9s \u00e0 mon\u00e9tiser et suppression de deux jours f\u00e9ri\u00e9s, des n\u00e9gociations qui s\u2019annoncent houleuses \u201con nous demande de renoncer \u00e0 des acquis sociaux\u201d\"}]},{\"@type\":\"WebSite\",\"@id\":\"https:\\\/\\\/rachat2credit.fr\\\/guide\\\/#website\",\"url\":\"https:\\\/\\\/rachat2credit.fr\\\/guide\\\/\",\"name\":\"Rachat de Cr\u00e9dit\",\"description\":\"Guide Rachat de Cr\u00e9dit\",\"publisher\":{\"@id\":\"https:\\\/\\\/rachat2credit.fr\\\/guide\\\/#organization\"},\"potentialAction\":[{\"@type\":\"SearchAction\",\"target\":{\"@type\":\"EntryPoint\",\"urlTemplate\":\"https:\\\/\\\/rachat2credit.fr\\\/guide\\\/?s={search_term_string}\"},\"query-input\":{\"@type\":\"PropertyValueSpecification\",\"valueRequired\":true,\"valueName\":\"search_term_string\"}}],\"inLanguage\":\"fr-FR\"},{\"@type\":\"Organization\",\"@id\":\"https:\\\/\\\/rachat2credit.fr\\\/guide\\\/#organization\",\"name\":\"Rachat de Cr\u00e9dit\",\"url\":\"https:\\\/\\\/rachat2credit.fr\\\/guide\\\/\",\"logo\":{\"@type\":\"ImageObject\",\"inLanguage\":\"fr-FR\",\"@id\":\"https:\\\/\\\/rachat2credit.fr\\\/guide\\\/#\\\/schema\\\/logo\\\/image\\\/\",\"url\":\"https:\\\/\\\/rachat2credit.fr\\\/guide\\\/wp-content\\\/uploads\\\/2025\\\/05\\\/rachat2credit.png\",\"contentUrl\":\"https:\\\/\\\/rachat2credit.fr\\\/guide\\\/wp-content\\\/uploads\\\/2025\\\/05\\\/rachat2credit.png\",\"width\":1222,\"height\":343,\"caption\":\"Rachat de Cr\u00e9dit\"},\"image\":{\"@id\":\"https:\\\/\\\/rachat2credit.fr\\\/guide\\\/#\\\/schema\\\/logo\\\/image\\\/\"}},{\"@type\":\"Person\",\"@id\":\"https:\\\/\\\/rachat2credit.fr\\\/guide\\\/#\\\/schema\\\/person\\\/d4142086d07bc6acdc4722eabd955cc2\",\"name\":\"Aurelien Boulanger\",\"image\":{\"@type\":\"ImageObject\",\"inLanguage\":\"fr-FR\",\"@id\":\"https:\\\/\\\/secure.gravatar.com\\\/avatar\\\/32175434c9ca2b27bfeb905d1c3ec782a789caf494bc0ec8fa6ed0ee39c2e62a?s=96&d=mm&r=g\",\"url\":\"https:\\\/\\\/secure.gravatar.com\\\/avatar\\\/32175434c9ca2b27bfeb905d1c3ec782a789caf494bc0ec8fa6ed0ee39c2e62a?s=96&d=mm&r=g\",\"contentUrl\":\"https:\\\/\\\/secure.gravatar.com\\\/avatar\\\/32175434c9ca2b27bfeb905d1c3ec782a789caf494bc0ec8fa6ed0ee39c2e62a?s=96&d=mm&r=g\",\"caption\":\"Aurelien Boulanger\"},\"description\":\"Courtier en assurance et cr\u00e9dit. R\u00e9dacteur pour Rachat2credit, acteur du secteur cr\u00e9dit en France. Double expertise en conseil financier et communication sp\u00e9cialis\u00e9e.\",\"sameAs\":[\"https:\\\/\\\/rachat2credit.fr\\\/guide\"],\"url\":\"https:\\\/\\\/rachat2credit.fr\\\/guide\\\/author\\\/aurelien\\\/\"}]}<\/script>\n<!-- \/ Yoast SEO plugin. -->","yoast_head_json":{"title":"Cong\u00e9s pay\u00e9s \u00e0 mon\u00e9tiser et suppression de deux jours f\u00e9ri\u00e9s, des n\u00e9gociations qui s\u2019annoncent houleuses \u201con nous demande de renoncer \u00e0 des acquis sociaux\u201d - Rachat de Cr\u00e9dit","robots":{"index":"index","follow":"follow","max-snippet":"max-snippet:-1","max-image-preview":"max-image-preview:large","max-video-preview":"max-video-preview:-1"},"canonical":"https:\/\/rachat2credit.fr\/guide\/conges-payes-a-monetiser-et-suppression-de-deux-jours-feries-des-negociations-qui-sannoncent-houleuses-on-nous-demande-de-renoncer-a-des-acquis-sociaux\/","og_locale":"fr_FR","og_type":"article","og_title":"Cong\u00e9s pay\u00e9s \u00e0 mon\u00e9tiser et suppression de deux jours f\u00e9ri\u00e9s, des n\u00e9gociations qui s\u2019annoncent houleuses \u201con nous demande de renoncer \u00e0 des acquis sociaux\u201d - Rachat de Cr\u00e9dit","og_description":"\u00ab\u00a0`html Cong\u00e9s pay\u00e9s \u00e0 mon\u00e9tiser, suppression de deux jours f\u00e9ri\u00e9s&#8230; Une n\u00e9gociation qui pourrait s&rsquo;\u00e9tendre \u00ab\u00a0jusqu&rsquo;\u00e0 la fin 2025\u00a0\u00bb ? Alors que le gouvernement \u00e9voque une possible r\u00e9forme des cong\u00e9s pay\u00e9s et des jours f\u00e9ri\u00e9s, les syndicats s&rsquo;alarment d&rsquo;une n\u00e9gociation qui s&rsquo;annonce \u00ab\u00a0complexe et longue\u00a0\u00bb. Une source proche du dossier confirme que les discussions pourraient ... Lire plus","og_url":"https:\/\/rachat2credit.fr\/guide\/conges-payes-a-monetiser-et-suppression-de-deux-jours-feries-des-negociations-qui-sannoncent-houleuses-on-nous-demande-de-renoncer-a-des-acquis-sociaux\/","og_site_name":"Rachat de Cr\u00e9dit","article_published_time":"2025-08-17T09:16:22+00:00","og_image":[{"width":1344,"height":768,"url":"https:\/\/rachat2credit.fr\/guide\/wp-content\/uploads\/2025\/08\/flux-pro-1.1-915-1755422193.jpg","type":"image\/jpeg"}],"author":"Aurelien Boulanger","twitter_card":"summary_large_image","twitter_misc":{"\u00c9crit par":"Aurelien Boulanger","Dur\u00e9e de lecture estim\u00e9e":"3 minutes"},"schema":{"@context":"https:\/\/schema.org","@graph":[{"@type":"NewsArticle","@id":"https:\/\/rachat2credit.fr\/guide\/conges-payes-a-monetiser-et-suppression-de-deux-jours-feries-des-negociations-qui-sannoncent-houleuses-on-nous-demande-de-renoncer-a-des-acquis-sociaux\/#article","isPartOf":{"@id":"https:\/\/rachat2credit.fr\/guide\/conges-payes-a-monetiser-et-suppression-de-deux-jours-feries-des-negociations-qui-sannoncent-houleuses-on-nous-demande-de-renoncer-a-des-acquis-sociaux\/"},"author":{"name":"Aurelien Boulanger","@id":"https:\/\/rachat2credit.fr\/guide\/#\/schema\/person\/d4142086d07bc6acdc4722eabd955cc2"},"headline":"Cong\u00e9s pay\u00e9s \u00e0 mon\u00e9tiser et suppression de deux jours f\u00e9ri\u00e9s, des n\u00e9gociations qui s\u2019annoncent houleuses \u201con nous demande de renoncer \u00e0 des acquis sociaux\u201d","datePublished":"2025-08-17T09:16:22+00:00","mainEntityOfPage":{"@id":"https:\/\/rachat2credit.fr\/guide\/conges-payes-a-monetiser-et-suppression-de-deux-jours-feries-des-negociations-qui-sannoncent-houleuses-on-nous-demande-de-renoncer-a-des-acquis-sociaux\/"},"wordCount":598,"commentCount":7,"publisher":{"@id":"https:\/\/rachat2credit.fr\/guide\/#organization"},"image":{"@id":"https:\/\/rachat2credit.fr\/guide\/conges-payes-a-monetiser-et-suppression-de-deux-jours-feries-des-negociations-qui-sannoncent-houleuses-on-nous-demande-de-renoncer-a-des-acquis-sociaux\/#primaryimage"},"thumbnailUrl":"https:\/\/rachat2credit.fr\/guide\/wp-content\/uploads\/2025\/08\/flux-pro-1.1-915-1755422193.jpg","articleSection":["A la une"],"inLanguage":"fr-FR","potentialAction":[{"@type":"CommentAction","name":"Comment","target":["https:\/\/rachat2credit.fr\/guide\/conges-payes-a-monetiser-et-suppression-de-deux-jours-feries-des-negociations-qui-sannoncent-houleuses-on-nous-demande-de-renoncer-a-des-acquis-sociaux\/#respond"]}]},{"@type":"WebPage","@id":"https:\/\/rachat2credit.fr\/guide\/conges-payes-a-monetiser-et-suppression-de-deux-jours-feries-des-negociations-qui-sannoncent-houleuses-on-nous-demande-de-renoncer-a-des-acquis-sociaux\/","url":"https:\/\/rachat2credit.fr\/guide\/conges-payes-a-monetiser-et-suppression-de-deux-jours-feries-des-negociations-qui-sannoncent-houleuses-on-nous-demande-de-renoncer-a-des-acquis-sociaux\/","name":"Cong\u00e9s pay\u00e9s \u00e0 mon\u00e9tiser et suppression de deux jours f\u00e9ri\u00e9s, des n\u00e9gociations qui s\u2019annoncent houleuses \u201con nous demande de renoncer \u00e0 des acquis sociaux\u201d - Rachat de Cr\u00e9dit","isPartOf":{"@id":"https:\/\/rachat2credit.fr\/guide\/#website"},"primaryImageOfPage":{"@id":"https:\/\/rachat2credit.fr\/guide\/conges-payes-a-monetiser-et-suppression-de-deux-jours-feries-des-negociations-qui-sannoncent-houleuses-on-nous-demande-de-renoncer-a-des-acquis-sociaux\/#primaryimage"},"image":{"@id":"https:\/\/rachat2credit.fr\/guide\/conges-payes-a-monetiser-et-suppression-de-deux-jours-feries-des-negociations-qui-sannoncent-houleuses-on-nous-demande-de-renoncer-a-des-acquis-sociaux\/#primaryimage"},"thumbnailUrl":"https:\/\/rachat2credit.fr\/guide\/wp-content\/uploads\/2025\/08\/flux-pro-1.1-915-1755422193.jpg","datePublished":"2025-08-17T09:16:22+00:00","breadcrumb":{"@id":"https:\/\/rachat2credit.fr\/guide\/conges-payes-a-monetiser-et-suppression-de-deux-jours-feries-des-negociations-qui-sannoncent-houleuses-on-nous-demande-de-renoncer-a-des-acquis-sociaux\/#breadcrumb"},"inLanguage":"fr-FR","potentialAction":[{"@type":"ReadAction","target":["https:\/\/rachat2credit.fr\/guide\/conges-payes-a-monetiser-et-suppression-de-deux-jours-feries-des-negociations-qui-sannoncent-houleuses-on-nous-demande-de-renoncer-a-des-acquis-sociaux\/"]}]},{"@type":"ImageObject","inLanguage":"fr-FR","@id":"https:\/\/rachat2credit.fr\/guide\/conges-payes-a-monetiser-et-suppression-de-deux-jours-feries-des-negociations-qui-sannoncent-houleuses-on-nous-demande-de-renoncer-a-des-acquis-sociaux\/#primaryimage","url":"https:\/\/rachat2credit.fr\/guide\/wp-content\/uploads\/2025\/08\/flux-pro-1.1-915-1755422193.jpg","contentUrl":"https:\/\/rachat2credit.fr\/guide\/wp-content\/uploads\/2025\/08\/flux-pro-1.1-915-1755422193.jpg","width":1344,"height":768},{"@type":"BreadcrumbList","@id":"https:\/\/rachat2credit.fr\/guide\/conges-payes-a-monetiser-et-suppression-de-deux-jours-feries-des-negociations-qui-sannoncent-houleuses-on-nous-demande-de-renoncer-a-des-acquis-sociaux\/#breadcrumb","itemListElement":[{"@type":"ListItem","position":1,"name":"Accueil","item":"https:\/\/rachat2credit.fr\/guide\/"},{"@type":"ListItem","position":2,"name":"Cong\u00e9s pay\u00e9s \u00e0 mon\u00e9tiser et suppression de deux jours f\u00e9ri\u00e9s, des n\u00e9gociations qui s\u2019annoncent houleuses \u201con nous demande de renoncer \u00e0 des acquis sociaux\u201d"}]},{"@type":"WebSite","@id":"https:\/\/rachat2credit.fr\/guide\/#website","url":"https:\/\/rachat2credit.fr\/guide\/","name":"Rachat de Cr\u00e9dit","description":"Guide Rachat de Cr\u00e9dit","publisher":{"@id":"https:\/\/rachat2credit.fr\/guide\/#organization"},"potentialAction":[{"@type":"SearchAction","target":{"@type":"EntryPoint","urlTemplate":"https:\/\/rachat2credit.fr\/guide\/?s={search_term_string}"},"query-input":{"@type":"PropertyValueSpecification","valueRequired":true,"valueName":"search_term_string"}}],"inLanguage":"fr-FR"},{"@type":"Organization","@id":"https:\/\/rachat2credit.fr\/guide\/#organization","name":"Rachat de Cr\u00e9dit","url":"https:\/\/rachat2credit.fr\/guide\/","logo":{"@type":"ImageObject","inLanguage":"fr-FR","@id":"https:\/\/rachat2credit.fr\/guide\/#\/schema\/logo\/image\/","url":"https:\/\/rachat2credit.fr\/guide\/wp-content\/uploads\/2025\/05\/rachat2credit.png","contentUrl":"https:\/\/rachat2credit.fr\/guide\/wp-content\/uploads\/2025\/05\/rachat2credit.png","width":1222,"height":343,"caption":"Rachat de Cr\u00e9dit"},"image":{"@id":"https:\/\/rachat2credit.fr\/guide\/#\/schema\/logo\/image\/"}},{"@type":"Person","@id":"https:\/\/rachat2credit.fr\/guide\/#\/schema\/person\/d4142086d07bc6acdc4722eabd955cc2","name":"Aurelien Boulanger","image":{"@type":"ImageObject","inLanguage":"fr-FR","@id":"https:\/\/secure.gravatar.com\/avatar\/32175434c9ca2b27bfeb905d1c3ec782a789caf494bc0ec8fa6ed0ee39c2e62a?s=96&d=mm&r=g","url":"https:\/\/secure.gravatar.com\/avatar\/32175434c9ca2b27bfeb905d1c3ec782a789caf494bc0ec8fa6ed0ee39c2e62a?s=96&d=mm&r=g","contentUrl":"https:\/\/secure.gravatar.com\/avatar\/32175434c9ca2b27bfeb905d1c3ec782a789caf494bc0ec8fa6ed0ee39c2e62a?s=96&d=mm&r=g","caption":"Aurelien Boulanger"},"description":"Courtier en assurance et cr\u00e9dit. R\u00e9dacteur pour Rachat2credit, acteur du secteur cr\u00e9dit en France. Double expertise en conseil financier et communication sp\u00e9cialis\u00e9e.","sameAs":["https:\/\/rachat2credit.fr\/guide"],"url":"https:\/\/rachat2credit.fr\/guide\/author\/aurelien\/"}]}},"_links":{"self":[{"href":"https:\/\/rachat2credit.fr\/guide\/wp-json\/wp\/v2\/posts\/915","targetHints":{"allow":["GET"]}}],"collection":[{"href":"https:\/\/rachat2credit.fr\/guide\/wp-json\/wp\/v2\/posts"}],"about":[{"href":"https:\/\/rachat2credit.fr\/guide\/wp-json\/wp\/v2\/types\/post"}],"author":[{"embeddable":true,"href":"https:\/\/rachat2credit.fr\/guide\/wp-json\/wp\/v2\/users\/1"}],"replies":[{"embeddable":true,"href":"https:\/\/rachat2credit.fr\/guide\/wp-json\/wp\/v2\/comments?post=915"}],"version-history":[{"count":0,"href":"https:\/\/rachat2credit.fr\/guide\/wp-json\/wp\/v2\/posts\/915\/revisions"}],"wp:featuredmedia":[{"embeddable":true,"href":"https:\/\/rachat2credit.fr\/guide\/wp-json\/wp\/v2\/media\/916"}],"wp:attachment":[{"href":"https:\/\/rachat2credit.fr\/guide\/wp-json\/wp\/v2\/media?parent=915"}],"wp:term":[{"taxonomy":"category","embeddable":true,"href":"https:\/\/rachat2credit.fr\/guide\/wp-json\/wp\/v2\/categories?post=915"},{"taxonomy":"post_tag","embeddable":true,"href":"https:\/\/rachat2credit.fr\/guide\/wp-json\/wp\/v2\/tags?post=915"}],"curies":[{"name":"wp","href":"https:\/\/api.w.org\/{rel}","templated":true}]}}