{"id":917,"date":"2025-08-17T12:46:12","date_gmt":"2025-08-17T10:46:12","guid":{"rendered":"https:\/\/rachat2credit.fr\/guide\/barclays-quitte-lalliance-bancaire-pour-le-climat-cest-un-recul-inacceptable-pour-la-planete\/"},"modified":"2025-08-17T12:46:12","modified_gmt":"2025-08-17T10:46:12","slug":"barclays-quitte-lalliance-bancaire-pour-le-climat-cest-un-recul-inacceptable-pour-la-planete","status":"publish","type":"post","link":"https:\/\/rachat2credit.fr\/guide\/barclays-quitte-lalliance-bancaire-pour-le-climat-cest-un-recul-inacceptable-pour-la-planete\/","title":{"rendered":"Barclays quitte l\u2019alliance bancaire pour le climat \u201cc\u2019est un recul inacceptable pour la plan\u00e8te\u201d"},"content":{"rendered":"<article>\n<p>Barclays aurait-elle tourn\u00e9 le dos \u00e0 la finance verte ? La banque britannique, membre fondateur de la Net Zero Banking Alliance, aurait discr\u00e8tement quitt\u00e9 cette coalition climatique regroupant 130 institutions financi\u00e8res. Une d\u00e9cision qui interroge sur l&rsquo;engagement r\u00e9el des g\u00e9ants bancaires dans la transition \u00e9cologique.<\/p>\n<div id=\"ez-toc-container\" class=\"ez-toc-v2_0_82_2 counter-hierarchy ez-toc-counter ez-toc-grey ez-toc-container-direction\">\n<p class=\"ez-toc-title\" style=\"cursor:inherit\">Sommaire<\/p>\n<label for=\"ez-toc-cssicon-toggle-item-69f10519a1795\" class=\"ez-toc-cssicon-toggle-label\"><span class=\"ez-toc-cssicon\"><span class=\"eztoc-hide\" style=\"display:none;\">Toggle<\/span><span class=\"ez-toc-icon-toggle-span\"><svg style=\"fill: #999;color:#999\" xmlns=\"http:\/\/www.w3.org\/2000\/svg\" class=\"list-377408\" width=\"20px\" height=\"20px\" viewBox=\"0 0 24 24\" fill=\"none\"><path d=\"M6 6H4v2h2V6zm14 0H8v2h12V6zM4 11h2v2H4v-2zm16 0H8v2h12v-2zM4 16h2v2H4v-2zm16 0H8v2h12v-2z\" fill=\"currentColor\"><\/path><\/svg><svg style=\"fill: #999;color:#999\" class=\"arrow-unsorted-368013\" xmlns=\"http:\/\/www.w3.org\/2000\/svg\" width=\"10px\" height=\"10px\" viewBox=\"0 0 24 24\" version=\"1.2\" baseProfile=\"tiny\"><path d=\"M18.2 9.3l-6.2-6.3-6.2 6.3c-.2.2-.3.4-.3.7s.1.5.3.7c.2.2.4.3.7.3h11c.3 0 .5-.1.7-.3.2-.2.3-.5.3-.7s-.1-.5-.3-.7zM5.8 14.7l6.2 6.3 6.2-6.3c.2-.2.3-.5.3-.7s-.1-.5-.3-.7c-.2-.2-.4-.3-.7-.3h-11c-.3 0-.5.1-.7.3-.2.2-.3.5-.3.7s.1.5.3.7z\"\/><\/svg><\/span><\/span><\/label><input type=\"checkbox\"  id=\"ez-toc-cssicon-toggle-item-69f10519a1795\" checked aria-label=\"Toggle\" \/><nav><ul class='ez-toc-list ez-toc-list-level-1 ' ><li class='ez-toc-page-1 ez-toc-heading-level-2'><a class=\"ez-toc-link ez-toc-heading-1\" href=\"https:\/\/rachat2credit.fr\/guide\/barclays-quitte-lalliance-bancaire-pour-le-climat-cest-un-recul-inacceptable-pour-la-planete\/#Un_depart_qui_passe_mal\" >Un d\u00e9part qui passe mal<\/a><\/li><li class='ez-toc-page-1 ez-toc-heading-level-2'><a class=\"ez-toc-link ez-toc-heading-2\" href=\"https:\/\/rachat2credit.fr\/guide\/barclays-quitte-lalliance-bancaire-pour-le-climat-cest-un-recul-inacceptable-pour-la-planete\/#Des_chiffres_qui_parlent\" >Des chiffres qui parlent<\/a><\/li><li class='ez-toc-page-1 ez-toc-heading-level-2'><a class=\"ez-toc-link ez-toc-heading-3\" href=\"https:\/\/rachat2credit.fr\/guide\/barclays-quitte-lalliance-bancaire-pour-le-climat-cest-un-recul-inacceptable-pour-la-planete\/#La_reponse_evasive_de_Barclays\" >La r\u00e9ponse \u00e9vasive de Barclays<\/a><\/li><li class='ez-toc-page-1 ez-toc-heading-level-2'><a class=\"ez-toc-link ez-toc-heading-4\" href=\"https:\/\/rachat2credit.fr\/guide\/barclays-quitte-lalliance-bancaire-pour-le-climat-cest-un-recul-inacceptable-pour-la-planete\/#Les_ONG_montent_au_creneau\" >Les ONG montent au cr\u00e9neau<\/a><\/li><li class='ez-toc-page-1 ez-toc-heading-level-2'><a class=\"ez-toc-link ez-toc-heading-5\" href=\"https:\/\/rachat2credit.fr\/guide\/barclays-quitte-lalliance-bancaire-pour-le-climat-cest-un-recul-inacceptable-pour-la-planete\/#Et_maintenant\" >Et maintenant ?<\/a><\/li><\/ul><\/nav><\/div>\n<h2><span class=\"ez-toc-section\" id=\"Un_depart_qui_passe_mal\"><\/span>Un d\u00e9part qui passe mal<span class=\"ez-toc-section-end\"><\/span><\/h2>\n<p>Selon plusieurs sources proches du dossier, Barclays aurait officialis\u00e9 son retrait fin juin 2025, sans communiqu\u00e9 public. \u00ab\u00a0Nous avons \u00e9t\u00e9 choqu\u00e9s d&rsquo;apprendre cette nouvelle par un simple mail interne\u00a0\u00bb, confie un employ\u00e9 de la banque sous couvert d&rsquo;anonymat.<\/p>\n<p>La Net Zero Banking Alliance, initiative lanc\u00e9e en 2021 sous l&rsquo;\u00e9gide des Nations Unies, engage ses signataires \u00e0 aligner leurs portefeuilles sur des \u00e9missions nettes nulles d&rsquo;ici 2050. Un engagement qui pourrait sembler incompatible avec les r\u00e9centes orientations de Barclays.<\/p>\n<h2><span class=\"ez-toc-section\" id=\"Des_chiffres_qui_parlent\"><\/span>Des chiffres qui parlent<span class=\"ez-toc-section-end\"><\/span><\/h2>\n<p>D&rsquo;apr\u00e8s les derniers rapports du <a href=\"https:\/\/www.banque-france.fr\" target=\"_blank\" rel=\"noopener\">Banque de France<\/a>, Barclays figurerait parmi les principaux financeurs europ\u00e9ens des \u00e9nergies fossiles. Entre 2020 et 2024, la banque aurait accord\u00e9 plus de 45 milliards de dollars \u00e0 des projets p\u00e9troliers et gaziers.<\/p>\n<blockquote><p>\u00ab\u00a0C&rsquo;est un signal d\u00e9sastreux envoy\u00e9 au secteur. Quand un acteur de cette taille recule, cela donne des arguments \u00e0 tous ceux qui veulent ralentir la transition\u00a0\u00bb, d\u00e9plore Mathilde Rousseau, analyste en finance durable.<\/p><\/blockquote>\n<h2><span class=\"ez-toc-section\" id=\"La_reponse_evasive_de_Barclays\"><\/span>La r\u00e9ponse \u00e9vasive de Barclays<span class=\"ez-toc-section-end\"><\/span><\/h2>\n<p>Contact\u00e9e par nos soins, la direction de Barclays France aurait r\u00e9pondu par une d\u00e9claration laconique : \u00ab\u00a0Nous restons pleinement engag\u00e9s dans nos objectifs climatiques, mais estimons pouvoir \u00eatre plus efficaces en dehors de ce cadre collectif.\u00a0\u00bb<\/p>\n<p>Une position qui contraste avec celle d&rsquo;autres grandes banques comme BNP Paribas ou Soci\u00e9t\u00e9 G\u00e9n\u00e9rale, r\u00e9cemment montr\u00e9es en exemple par le <a href=\"https:\/\/www.ecologie.gouv.fr\" target=\"_blank\" rel=\"noopener\">minist\u00e8re de la Transition \u00e9cologique<\/a> pour leurs efforts en mati\u00e8re de d\u00e9carbonation.<\/p>\n<h2><span class=\"ez-toc-section\" id=\"Les_ONG_montent_au_creneau\"><\/span>Les ONG montent au cr\u00e9neau<span class=\"ez-toc-section-end\"><\/span><\/h2>\n<p>Plusieurs associations environnementales auraient d\u00e9j\u00e0 annonc\u00e9 leur intention de boycotter les services de Barclays. \u00ab\u00a0C&rsquo;est inacceptable en pleine urgence climatique. Nous appelons les clients \u00e9coresponsables \u00e0 voter avec leurs pieds\u00a0\u00bb, lance le directeur France d&rsquo;une grande ONG \u00e9cologiste.<\/p>\n<p>Selon nos informations, certains grands comptes institutionnels envisageraient effectivement de transf\u00e9rer leurs actifs vers des banques plus vertes. Une tendance qui pourrait s&rsquo;acc\u00e9l\u00e9rer avec la nouvelle r\u00e9glementation europ\u00e9enne sur la transparence climatique des institutions financi\u00e8res.<\/p>\n<h2><span class=\"ez-toc-section\" id=\"Et_maintenant\"><\/span>Et maintenant ?<span class=\"ez-toc-section-end\"><\/span><\/h2>\n<p>Ce retrait intervient \u00e0 un moment charni\u00e8re pour le secteur bancaire. Alors que l&rsquo;Union europ\u00e9enne finalise son \u00ab\u00a0green deal\u00a0\u00bb financier, les observateurs s&rsquo;interrogent : Barclays fait-elle cavalier seul ou annonce-t-elle une vague de d\u00e9fections ?<\/p>\n<p>Une chose est s\u00fbre : la pression monte sur les banques traditionnelles. Entre les attentes des r\u00e9gulateurs, celles des clients et la concurrence des n\u00e9obanques \u00e9coresponsables, le secteur devra trancher &#8211; et vite &#8211; sur son mod\u00e8le pour les prochaines d\u00e9cennies.<\/p>\n<p>Vous voulez comprendre comment votre banque se positionne sur ces enjeux ? Notre enqu\u00eate exclusive sur <a href=\"#\">les 5 indicateurs cl\u00e9s pour \u00e9valuer l&rsquo;engagement climatique de votre \u00e9tablissement bancaire<\/a> pourrait vous int\u00e9resser.<\/p>\n<\/article>\n\n\n<div class=\"kk-star-ratings kksr-auto kksr-align-center kksr-valign-bottom\"\n    data-payload='{&quot;align&quot;:&quot;center&quot;,&quot;id&quot;:&quot;917&quot;,&quot;slug&quot;:&quot;default&quot;,&quot;valign&quot;:&quot;bottom&quot;,&quot;ignore&quot;:&quot;&quot;,&quot;reference&quot;:&quot;auto&quot;,&quot;class&quot;:&quot;&quot;,&quot;count&quot;:&quot;0&quot;,&quot;legendonly&quot;:&quot;&quot;,&quot;readonly&quot;:&quot;&quot;,&quot;score&quot;:&quot;0&quot;,&quot;starsonly&quot;:&quot;&quot;,&quot;best&quot;:&quot;5&quot;,&quot;gap&quot;:&quot;5&quot;,&quot;greet&quot;:&quot;&quot;,&quot;legend&quot;:&quot;0\\\/5 - (0 vote)&quot;,&quot;size&quot;:&quot;24&quot;,&quot;title&quot;:&quot;Barclays quitte l\u2019alliance bancaire pour le climat \u201cc\u2019est un recul inacceptable pour la plan\u00e8te\u201d&quot;,&quot;width&quot;:&quot;0&quot;,&quot;_legend&quot;:&quot;{score}\\\/{best} - ({count} {votes})&quot;,&quot;font_factor&quot;:&quot;1.25&quot;}'>\n            \n<div class=\"kksr-stars\">\n    \n<div class=\"kksr-stars-inactive\">\n            <div class=\"kksr-star\" data-star=\"1\" style=\"padding-right: 5px\">\n            \n\n<div class=\"kksr-icon\" style=\"width: 24px; height: 24px;\"><\/div>\n        <\/div>\n            <div class=\"kksr-star\" data-star=\"2\" style=\"padding-right: 5px\">\n            \n\n<div class=\"kksr-icon\" style=\"width: 24px; height: 24px;\"><\/div>\n        <\/div>\n            <div class=\"kksr-star\" data-star=\"3\" style=\"padding-right: 5px\">\n            \n\n<div class=\"kksr-icon\" style=\"width: 24px; height: 24px;\"><\/div>\n        <\/div>\n            <div class=\"kksr-star\" data-star=\"4\" style=\"padding-right: 5px\">\n            \n\n<div class=\"kksr-icon\" style=\"width: 24px; height: 24px;\"><\/div>\n        <\/div>\n            <div class=\"kksr-star\" data-star=\"5\" style=\"padding-right: 5px\">\n            \n\n<div class=\"kksr-icon\" style=\"width: 24px; height: 24px;\"><\/div>\n        <\/div>\n    <\/div>\n    \n<div class=\"kksr-stars-active\" style=\"width: 0px;\">\n            <div class=\"kksr-star\" style=\"padding-right: 5px\">\n            \n\n<div class=\"kksr-icon\" style=\"width: 24px; height: 24px;\"><\/div>\n        <\/div>\n            <div class=\"kksr-star\" style=\"padding-right: 5px\">\n            \n\n<div class=\"kksr-icon\" style=\"width: 24px; height: 24px;\"><\/div>\n        <\/div>\n            <div class=\"kksr-star\" style=\"padding-right: 5px\">\n            \n\n<div class=\"kksr-icon\" style=\"width: 24px; height: 24px;\"><\/div>\n        <\/div>\n            <div class=\"kksr-star\" style=\"padding-right: 5px\">\n            \n\n<div class=\"kksr-icon\" style=\"width: 24px; height: 24px;\"><\/div>\n        <\/div>\n            <div class=\"kksr-star\" style=\"padding-right: 5px\">\n            \n\n<div class=\"kksr-icon\" style=\"width: 24px; height: 24px;\"><\/div>\n        <\/div>\n    <\/div>\n<\/div>\n                \n\n<div class=\"kksr-legend\" style=\"font-size: 19.2px;\">\n            <span class=\"kksr-muted\"><\/span>\n    <\/div>\n    <\/div>\n","protected":false},"excerpt":{"rendered":"<p>Barclays aurait-elle tourn\u00e9 le dos \u00e0 la finance verte ? La banque britannique, membre fondateur de la Net Zero Banking Alliance, aurait discr\u00e8tement quitt\u00e9 cette coalition climatique regroupant 130 institutions financi\u00e8res. Une d\u00e9cision qui interroge sur l&rsquo;engagement r\u00e9el des g\u00e9ants bancaires dans la transition \u00e9cologique. Un d\u00e9part qui passe mal Selon plusieurs sources proches du &#8230; <a title=\"Barclays quitte l\u2019alliance bancaire pour le climat \u201cc\u2019est un recul inacceptable pour la plan\u00e8te\u201d\" class=\"read-more\" href=\"https:\/\/rachat2credit.fr\/guide\/barclays-quitte-lalliance-bancaire-pour-le-climat-cest-un-recul-inacceptable-pour-la-planete\/\" aria-label=\"En savoir plus sur Barclays quitte l\u2019alliance bancaire pour le climat \u201cc\u2019est un recul inacceptable pour la plan\u00e8te\u201d\">Lire plus<\/a><\/p>\n","protected":false},"author":1,"featured_media":918,"comment_status":"open","ping_status":"open","sticky":false,"template":"","format":"standard","meta":{"footnotes":""},"categories":[8],"tags":[],"class_list":["post-917","post","type-post","status-publish","format-standard","has-post-thumbnail","hentry","category-a-la-une"],"yoast_head":"<!-- This site is optimized with the Yoast SEO plugin v27.5 - https:\/\/yoast.com\/product\/yoast-seo-wordpress\/ -->\n<title>Barclays quitte l\u2019alliance bancaire pour le climat \u201cc\u2019est un recul inacceptable pour la plan\u00e8te\u201d - Rachat de Cr\u00e9dit<\/title>\n<meta name=\"robots\" content=\"index, follow, max-snippet:-1, max-image-preview:large, max-video-preview:-1\" \/>\n<link rel=\"canonical\" href=\"https:\/\/rachat2credit.fr\/guide\/barclays-quitte-lalliance-bancaire-pour-le-climat-cest-un-recul-inacceptable-pour-la-planete\/\" \/>\n<meta property=\"og:locale\" content=\"fr_FR\" \/>\n<meta property=\"og:type\" content=\"article\" \/>\n<meta property=\"og:title\" content=\"Barclays quitte l\u2019alliance bancaire pour le climat \u201cc\u2019est un recul inacceptable pour la plan\u00e8te\u201d - Rachat de Cr\u00e9dit\" \/>\n<meta property=\"og:description\" content=\"Barclays aurait-elle tourn\u00e9 le dos \u00e0 la finance verte ? La banque britannique, membre fondateur de la Net Zero Banking Alliance, aurait discr\u00e8tement quitt\u00e9 cette coalition climatique regroupant 130 institutions financi\u00e8res. Une d\u00e9cision qui interroge sur l&rsquo;engagement r\u00e9el des g\u00e9ants bancaires dans la transition \u00e9cologique. Un d\u00e9part qui passe mal Selon plusieurs sources proches du ... Lire plus\" \/>\n<meta property=\"og:url\" content=\"https:\/\/rachat2credit.fr\/guide\/barclays-quitte-lalliance-bancaire-pour-le-climat-cest-un-recul-inacceptable-pour-la-planete\/\" \/>\n<meta property=\"og:site_name\" content=\"Rachat de Cr\u00e9dit\" \/>\n<meta property=\"article:published_time\" content=\"2025-08-17T10:46:12+00:00\" \/>\n<meta property=\"og:image\" content=\"https:\/\/rachat2credit.fr\/guide\/wp-content\/uploads\/2025\/08\/flux-pro-1.1-917-1755427583.jpg\" \/>\n\t<meta property=\"og:image:width\" content=\"1344\" \/>\n\t<meta property=\"og:image:height\" content=\"768\" \/>\n\t<meta property=\"og:image:type\" content=\"image\/jpeg\" \/>\n<meta name=\"author\" content=\"Aurelien Boulanger\" \/>\n<meta name=\"twitter:card\" content=\"summary_large_image\" \/>\n<meta name=\"twitter:label1\" content=\"\u00c9crit par\" \/>\n\t<meta name=\"twitter:data1\" content=\"Aurelien Boulanger\" \/>\n\t<meta name=\"twitter:label2\" content=\"Dur\u00e9e de lecture estim\u00e9e\" \/>\n\t<meta name=\"twitter:data2\" content=\"2 minutes\" \/>\n<script type=\"application\/ld+json\" class=\"yoast-schema-graph\">{\"@context\":\"https:\\\/\\\/schema.org\",\"@graph\":[{\"@type\":\"NewsArticle\",\"@id\":\"https:\\\/\\\/rachat2credit.fr\\\/guide\\\/barclays-quitte-lalliance-bancaire-pour-le-climat-cest-un-recul-inacceptable-pour-la-planete\\\/#article\",\"isPartOf\":{\"@id\":\"https:\\\/\\\/rachat2credit.fr\\\/guide\\\/barclays-quitte-lalliance-bancaire-pour-le-climat-cest-un-recul-inacceptable-pour-la-planete\\\/\"},\"author\":{\"name\":\"Aurelien Boulanger\",\"@id\":\"https:\\\/\\\/rachat2credit.fr\\\/guide\\\/#\\\/schema\\\/person\\\/d4142086d07bc6acdc4722eabd955cc2\"},\"headline\":\"Barclays quitte l\u2019alliance bancaire pour le climat \u201cc\u2019est un recul inacceptable pour la plan\u00e8te\u201d\",\"datePublished\":\"2025-08-17T10:46:12+00:00\",\"mainEntityOfPage\":{\"@id\":\"https:\\\/\\\/rachat2credit.fr\\\/guide\\\/barclays-quitte-lalliance-bancaire-pour-le-climat-cest-un-recul-inacceptable-pour-la-planete\\\/\"},\"wordCount\":521,\"commentCount\":11,\"publisher\":{\"@id\":\"https:\\\/\\\/rachat2credit.fr\\\/guide\\\/#organization\"},\"image\":{\"@id\":\"https:\\\/\\\/rachat2credit.fr\\\/guide\\\/barclays-quitte-lalliance-bancaire-pour-le-climat-cest-un-recul-inacceptable-pour-la-planete\\\/#primaryimage\"},\"thumbnailUrl\":\"https:\\\/\\\/rachat2credit.fr\\\/guide\\\/wp-content\\\/uploads\\\/2025\\\/08\\\/flux-pro-1.1-917-1755427583.jpg\",\"articleSection\":[\"A la une\"],\"inLanguage\":\"fr-FR\",\"potentialAction\":[{\"@type\":\"CommentAction\",\"name\":\"Comment\",\"target\":[\"https:\\\/\\\/rachat2credit.fr\\\/guide\\\/barclays-quitte-lalliance-bancaire-pour-le-climat-cest-un-recul-inacceptable-pour-la-planete\\\/#respond\"]}]},{\"@type\":\"WebPage\",\"@id\":\"https:\\\/\\\/rachat2credit.fr\\\/guide\\\/barclays-quitte-lalliance-bancaire-pour-le-climat-cest-un-recul-inacceptable-pour-la-planete\\\/\",\"url\":\"https:\\\/\\\/rachat2credit.fr\\\/guide\\\/barclays-quitte-lalliance-bancaire-pour-le-climat-cest-un-recul-inacceptable-pour-la-planete\\\/\",\"name\":\"Barclays quitte l\u2019alliance bancaire pour le climat \u201cc\u2019est un recul inacceptable pour la plan\u00e8te\u201d - Rachat de Cr\u00e9dit\",\"isPartOf\":{\"@id\":\"https:\\\/\\\/rachat2credit.fr\\\/guide\\\/#website\"},\"primaryImageOfPage\":{\"@id\":\"https:\\\/\\\/rachat2credit.fr\\\/guide\\\/barclays-quitte-lalliance-bancaire-pour-le-climat-cest-un-recul-inacceptable-pour-la-planete\\\/#primaryimage\"},\"image\":{\"@id\":\"https:\\\/\\\/rachat2credit.fr\\\/guide\\\/barclays-quitte-lalliance-bancaire-pour-le-climat-cest-un-recul-inacceptable-pour-la-planete\\\/#primaryimage\"},\"thumbnailUrl\":\"https:\\\/\\\/rachat2credit.fr\\\/guide\\\/wp-content\\\/uploads\\\/2025\\\/08\\\/flux-pro-1.1-917-1755427583.jpg\",\"datePublished\":\"2025-08-17T10:46:12+00:00\",\"breadcrumb\":{\"@id\":\"https:\\\/\\\/rachat2credit.fr\\\/guide\\\/barclays-quitte-lalliance-bancaire-pour-le-climat-cest-un-recul-inacceptable-pour-la-planete\\\/#breadcrumb\"},\"inLanguage\":\"fr-FR\",\"potentialAction\":[{\"@type\":\"ReadAction\",\"target\":[\"https:\\\/\\\/rachat2credit.fr\\\/guide\\\/barclays-quitte-lalliance-bancaire-pour-le-climat-cest-un-recul-inacceptable-pour-la-planete\\\/\"]}]},{\"@type\":\"ImageObject\",\"inLanguage\":\"fr-FR\",\"@id\":\"https:\\\/\\\/rachat2credit.fr\\\/guide\\\/barclays-quitte-lalliance-bancaire-pour-le-climat-cest-un-recul-inacceptable-pour-la-planete\\\/#primaryimage\",\"url\":\"https:\\\/\\\/rachat2credit.fr\\\/guide\\\/wp-content\\\/uploads\\\/2025\\\/08\\\/flux-pro-1.1-917-1755427583.jpg\",\"contentUrl\":\"https:\\\/\\\/rachat2credit.fr\\\/guide\\\/wp-content\\\/uploads\\\/2025\\\/08\\\/flux-pro-1.1-917-1755427583.jpg\",\"width\":1344,\"height\":768},{\"@type\":\"BreadcrumbList\",\"@id\":\"https:\\\/\\\/rachat2credit.fr\\\/guide\\\/barclays-quitte-lalliance-bancaire-pour-le-climat-cest-un-recul-inacceptable-pour-la-planete\\\/#breadcrumb\",\"itemListElement\":[{\"@type\":\"ListItem\",\"position\":1,\"name\":\"Accueil\",\"item\":\"https:\\\/\\\/rachat2credit.fr\\\/guide\\\/\"},{\"@type\":\"ListItem\",\"position\":2,\"name\":\"Barclays quitte l\u2019alliance bancaire pour le climat \u201cc\u2019est un recul inacceptable pour la plan\u00e8te\u201d\"}]},{\"@type\":\"WebSite\",\"@id\":\"https:\\\/\\\/rachat2credit.fr\\\/guide\\\/#website\",\"url\":\"https:\\\/\\\/rachat2credit.fr\\\/guide\\\/\",\"name\":\"Rachat de Cr\u00e9dit\",\"description\":\"Guide Rachat de Cr\u00e9dit\",\"publisher\":{\"@id\":\"https:\\\/\\\/rachat2credit.fr\\\/guide\\\/#organization\"},\"potentialAction\":[{\"@type\":\"SearchAction\",\"target\":{\"@type\":\"EntryPoint\",\"urlTemplate\":\"https:\\\/\\\/rachat2credit.fr\\\/guide\\\/?s={search_term_string}\"},\"query-input\":{\"@type\":\"PropertyValueSpecification\",\"valueRequired\":true,\"valueName\":\"search_term_string\"}}],\"inLanguage\":\"fr-FR\"},{\"@type\":\"Organization\",\"@id\":\"https:\\\/\\\/rachat2credit.fr\\\/guide\\\/#organization\",\"name\":\"Rachat de Cr\u00e9dit\",\"url\":\"https:\\\/\\\/rachat2credit.fr\\\/guide\\\/\",\"logo\":{\"@type\":\"ImageObject\",\"inLanguage\":\"fr-FR\",\"@id\":\"https:\\\/\\\/rachat2credit.fr\\\/guide\\\/#\\\/schema\\\/logo\\\/image\\\/\",\"url\":\"https:\\\/\\\/rachat2credit.fr\\\/guide\\\/wp-content\\\/uploads\\\/2025\\\/05\\\/rachat2credit.png\",\"contentUrl\":\"https:\\\/\\\/rachat2credit.fr\\\/guide\\\/wp-content\\\/uploads\\\/2025\\\/05\\\/rachat2credit.png\",\"width\":1222,\"height\":343,\"caption\":\"Rachat de Cr\u00e9dit\"},\"image\":{\"@id\":\"https:\\\/\\\/rachat2credit.fr\\\/guide\\\/#\\\/schema\\\/logo\\\/image\\\/\"}},{\"@type\":\"Person\",\"@id\":\"https:\\\/\\\/rachat2credit.fr\\\/guide\\\/#\\\/schema\\\/person\\\/d4142086d07bc6acdc4722eabd955cc2\",\"name\":\"Aurelien Boulanger\",\"image\":{\"@type\":\"ImageObject\",\"inLanguage\":\"fr-FR\",\"@id\":\"https:\\\/\\\/secure.gravatar.com\\\/avatar\\\/32175434c9ca2b27bfeb905d1c3ec782a789caf494bc0ec8fa6ed0ee39c2e62a?s=96&d=mm&r=g\",\"url\":\"https:\\\/\\\/secure.gravatar.com\\\/avatar\\\/32175434c9ca2b27bfeb905d1c3ec782a789caf494bc0ec8fa6ed0ee39c2e62a?s=96&d=mm&r=g\",\"contentUrl\":\"https:\\\/\\\/secure.gravatar.com\\\/avatar\\\/32175434c9ca2b27bfeb905d1c3ec782a789caf494bc0ec8fa6ed0ee39c2e62a?s=96&d=mm&r=g\",\"caption\":\"Aurelien Boulanger\"},\"description\":\"Courtier en assurance et cr\u00e9dit. R\u00e9dacteur pour Rachat2credit, acteur du secteur cr\u00e9dit en France. Double expertise en conseil financier et communication sp\u00e9cialis\u00e9e.\",\"sameAs\":[\"https:\\\/\\\/rachat2credit.fr\\\/guide\"],\"url\":\"https:\\\/\\\/rachat2credit.fr\\\/guide\\\/author\\\/aurelien\\\/\"}]}<\/script>\n<!-- \/ Yoast SEO plugin. -->","yoast_head_json":{"title":"Barclays quitte l\u2019alliance bancaire pour le climat \u201cc\u2019est un recul inacceptable pour la plan\u00e8te\u201d - Rachat de Cr\u00e9dit","robots":{"index":"index","follow":"follow","max-snippet":"max-snippet:-1","max-image-preview":"max-image-preview:large","max-video-preview":"max-video-preview:-1"},"canonical":"https:\/\/rachat2credit.fr\/guide\/barclays-quitte-lalliance-bancaire-pour-le-climat-cest-un-recul-inacceptable-pour-la-planete\/","og_locale":"fr_FR","og_type":"article","og_title":"Barclays quitte l\u2019alliance bancaire pour le climat \u201cc\u2019est un recul inacceptable pour la plan\u00e8te\u201d - Rachat de Cr\u00e9dit","og_description":"Barclays aurait-elle tourn\u00e9 le dos \u00e0 la finance verte ? La banque britannique, membre fondateur de la Net Zero Banking Alliance, aurait discr\u00e8tement quitt\u00e9 cette coalition climatique regroupant 130 institutions financi\u00e8res. Une d\u00e9cision qui interroge sur l&rsquo;engagement r\u00e9el des g\u00e9ants bancaires dans la transition \u00e9cologique. Un d\u00e9part qui passe mal Selon plusieurs sources proches du ... Lire plus","og_url":"https:\/\/rachat2credit.fr\/guide\/barclays-quitte-lalliance-bancaire-pour-le-climat-cest-un-recul-inacceptable-pour-la-planete\/","og_site_name":"Rachat de Cr\u00e9dit","article_published_time":"2025-08-17T10:46:12+00:00","og_image":[{"width":1344,"height":768,"url":"https:\/\/rachat2credit.fr\/guide\/wp-content\/uploads\/2025\/08\/flux-pro-1.1-917-1755427583.jpg","type":"image\/jpeg"}],"author":"Aurelien Boulanger","twitter_card":"summary_large_image","twitter_misc":{"\u00c9crit par":"Aurelien Boulanger","Dur\u00e9e de lecture estim\u00e9e":"2 minutes"},"schema":{"@context":"https:\/\/schema.org","@graph":[{"@type":"NewsArticle","@id":"https:\/\/rachat2credit.fr\/guide\/barclays-quitte-lalliance-bancaire-pour-le-climat-cest-un-recul-inacceptable-pour-la-planete\/#article","isPartOf":{"@id":"https:\/\/rachat2credit.fr\/guide\/barclays-quitte-lalliance-bancaire-pour-le-climat-cest-un-recul-inacceptable-pour-la-planete\/"},"author":{"name":"Aurelien Boulanger","@id":"https:\/\/rachat2credit.fr\/guide\/#\/schema\/person\/d4142086d07bc6acdc4722eabd955cc2"},"headline":"Barclays quitte l\u2019alliance bancaire pour le climat \u201cc\u2019est un recul inacceptable pour la plan\u00e8te\u201d","datePublished":"2025-08-17T10:46:12+00:00","mainEntityOfPage":{"@id":"https:\/\/rachat2credit.fr\/guide\/barclays-quitte-lalliance-bancaire-pour-le-climat-cest-un-recul-inacceptable-pour-la-planete\/"},"wordCount":521,"commentCount":11,"publisher":{"@id":"https:\/\/rachat2credit.fr\/guide\/#organization"},"image":{"@id":"https:\/\/rachat2credit.fr\/guide\/barclays-quitte-lalliance-bancaire-pour-le-climat-cest-un-recul-inacceptable-pour-la-planete\/#primaryimage"},"thumbnailUrl":"https:\/\/rachat2credit.fr\/guide\/wp-content\/uploads\/2025\/08\/flux-pro-1.1-917-1755427583.jpg","articleSection":["A la une"],"inLanguage":"fr-FR","potentialAction":[{"@type":"CommentAction","name":"Comment","target":["https:\/\/rachat2credit.fr\/guide\/barclays-quitte-lalliance-bancaire-pour-le-climat-cest-un-recul-inacceptable-pour-la-planete\/#respond"]}]},{"@type":"WebPage","@id":"https:\/\/rachat2credit.fr\/guide\/barclays-quitte-lalliance-bancaire-pour-le-climat-cest-un-recul-inacceptable-pour-la-planete\/","url":"https:\/\/rachat2credit.fr\/guide\/barclays-quitte-lalliance-bancaire-pour-le-climat-cest-un-recul-inacceptable-pour-la-planete\/","name":"Barclays quitte l\u2019alliance bancaire pour le climat \u201cc\u2019est un recul inacceptable pour la plan\u00e8te\u201d - Rachat de Cr\u00e9dit","isPartOf":{"@id":"https:\/\/rachat2credit.fr\/guide\/#website"},"primaryImageOfPage":{"@id":"https:\/\/rachat2credit.fr\/guide\/barclays-quitte-lalliance-bancaire-pour-le-climat-cest-un-recul-inacceptable-pour-la-planete\/#primaryimage"},"image":{"@id":"https:\/\/rachat2credit.fr\/guide\/barclays-quitte-lalliance-bancaire-pour-le-climat-cest-un-recul-inacceptable-pour-la-planete\/#primaryimage"},"thumbnailUrl":"https:\/\/rachat2credit.fr\/guide\/wp-content\/uploads\/2025\/08\/flux-pro-1.1-917-1755427583.jpg","datePublished":"2025-08-17T10:46:12+00:00","breadcrumb":{"@id":"https:\/\/rachat2credit.fr\/guide\/barclays-quitte-lalliance-bancaire-pour-le-climat-cest-un-recul-inacceptable-pour-la-planete\/#breadcrumb"},"inLanguage":"fr-FR","potentialAction":[{"@type":"ReadAction","target":["https:\/\/rachat2credit.fr\/guide\/barclays-quitte-lalliance-bancaire-pour-le-climat-cest-un-recul-inacceptable-pour-la-planete\/"]}]},{"@type":"ImageObject","inLanguage":"fr-FR","@id":"https:\/\/rachat2credit.fr\/guide\/barclays-quitte-lalliance-bancaire-pour-le-climat-cest-un-recul-inacceptable-pour-la-planete\/#primaryimage","url":"https:\/\/rachat2credit.fr\/guide\/wp-content\/uploads\/2025\/08\/flux-pro-1.1-917-1755427583.jpg","contentUrl":"https:\/\/rachat2credit.fr\/guide\/wp-content\/uploads\/2025\/08\/flux-pro-1.1-917-1755427583.jpg","width":1344,"height":768},{"@type":"BreadcrumbList","@id":"https:\/\/rachat2credit.fr\/guide\/barclays-quitte-lalliance-bancaire-pour-le-climat-cest-un-recul-inacceptable-pour-la-planete\/#breadcrumb","itemListElement":[{"@type":"ListItem","position":1,"name":"Accueil","item":"https:\/\/rachat2credit.fr\/guide\/"},{"@type":"ListItem","position":2,"name":"Barclays quitte l\u2019alliance bancaire pour le climat \u201cc\u2019est un recul inacceptable pour la plan\u00e8te\u201d"}]},{"@type":"WebSite","@id":"https:\/\/rachat2credit.fr\/guide\/#website","url":"https:\/\/rachat2credit.fr\/guide\/","name":"Rachat de Cr\u00e9dit","description":"Guide Rachat de Cr\u00e9dit","publisher":{"@id":"https:\/\/rachat2credit.fr\/guide\/#organization"},"potentialAction":[{"@type":"SearchAction","target":{"@type":"EntryPoint","urlTemplate":"https:\/\/rachat2credit.fr\/guide\/?s={search_term_string}"},"query-input":{"@type":"PropertyValueSpecification","valueRequired":true,"valueName":"search_term_string"}}],"inLanguage":"fr-FR"},{"@type":"Organization","@id":"https:\/\/rachat2credit.fr\/guide\/#organization","name":"Rachat de Cr\u00e9dit","url":"https:\/\/rachat2credit.fr\/guide\/","logo":{"@type":"ImageObject","inLanguage":"fr-FR","@id":"https:\/\/rachat2credit.fr\/guide\/#\/schema\/logo\/image\/","url":"https:\/\/rachat2credit.fr\/guide\/wp-content\/uploads\/2025\/05\/rachat2credit.png","contentUrl":"https:\/\/rachat2credit.fr\/guide\/wp-content\/uploads\/2025\/05\/rachat2credit.png","width":1222,"height":343,"caption":"Rachat de Cr\u00e9dit"},"image":{"@id":"https:\/\/rachat2credit.fr\/guide\/#\/schema\/logo\/image\/"}},{"@type":"Person","@id":"https:\/\/rachat2credit.fr\/guide\/#\/schema\/person\/d4142086d07bc6acdc4722eabd955cc2","name":"Aurelien Boulanger","image":{"@type":"ImageObject","inLanguage":"fr-FR","@id":"https:\/\/secure.gravatar.com\/avatar\/32175434c9ca2b27bfeb905d1c3ec782a789caf494bc0ec8fa6ed0ee39c2e62a?s=96&d=mm&r=g","url":"https:\/\/secure.gravatar.com\/avatar\/32175434c9ca2b27bfeb905d1c3ec782a789caf494bc0ec8fa6ed0ee39c2e62a?s=96&d=mm&r=g","contentUrl":"https:\/\/secure.gravatar.com\/avatar\/32175434c9ca2b27bfeb905d1c3ec782a789caf494bc0ec8fa6ed0ee39c2e62a?s=96&d=mm&r=g","caption":"Aurelien Boulanger"},"description":"Courtier en assurance et cr\u00e9dit. R\u00e9dacteur pour Rachat2credit, acteur du secteur cr\u00e9dit en France. Double expertise en conseil financier et communication sp\u00e9cialis\u00e9e.","sameAs":["https:\/\/rachat2credit.fr\/guide"],"url":"https:\/\/rachat2credit.fr\/guide\/author\/aurelien\/"}]}},"_links":{"self":[{"href":"https:\/\/rachat2credit.fr\/guide\/wp-json\/wp\/v2\/posts\/917","targetHints":{"allow":["GET"]}}],"collection":[{"href":"https:\/\/rachat2credit.fr\/guide\/wp-json\/wp\/v2\/posts"}],"about":[{"href":"https:\/\/rachat2credit.fr\/guide\/wp-json\/wp\/v2\/types\/post"}],"author":[{"embeddable":true,"href":"https:\/\/rachat2credit.fr\/guide\/wp-json\/wp\/v2\/users\/1"}],"replies":[{"embeddable":true,"href":"https:\/\/rachat2credit.fr\/guide\/wp-json\/wp\/v2\/comments?post=917"}],"version-history":[{"count":0,"href":"https:\/\/rachat2credit.fr\/guide\/wp-json\/wp\/v2\/posts\/917\/revisions"}],"wp:featuredmedia":[{"embeddable":true,"href":"https:\/\/rachat2credit.fr\/guide\/wp-json\/wp\/v2\/media\/918"}],"wp:attachment":[{"href":"https:\/\/rachat2credit.fr\/guide\/wp-json\/wp\/v2\/media?parent=917"}],"wp:term":[{"taxonomy":"category","embeddable":true,"href":"https:\/\/rachat2credit.fr\/guide\/wp-json\/wp\/v2\/categories?post=917"},{"taxonomy":"post_tag","embeddable":true,"href":"https:\/\/rachat2credit.fr\/guide\/wp-json\/wp\/v2\/tags?post=917"}],"curies":[{"name":"wp","href":"https:\/\/api.w.org\/{rel}","templated":true}]}}