{"id":921,"date":"2025-08-17T15:46:15","date_gmt":"2025-08-17T13:46:15","guid":{"rendered":"https:\/\/rachat2credit.fr\/guide\/ceux-qui-refusent-le-compteur-linky-risquent-desormais-des-frais-supplementaires-jai-recu-une-amende-de-200-euros-sans-avertissement\/"},"modified":"2025-08-17T15:46:15","modified_gmt":"2025-08-17T13:46:15","slug":"ceux-qui-refusent-le-compteur-linky-risquent-desormais-des-frais-supplementaires-jai-recu-une-amende-de-200-euros-sans-avertissement","status":"publish","type":"post","link":"https:\/\/rachat2credit.fr\/guide\/ceux-qui-refusent-le-compteur-linky-risquent-desormais-des-frais-supplementaires-jai-recu-une-amende-de-200-euros-sans-avertissement\/","title":{"rendered":"Ceux qui refusent le compteur Linky risquent d\u00e9sormais des frais suppl\u00e9mentaires \u00ab\u00a0j&rsquo;ai re\u00e7u une amende de 200 euros sans avertissement\u00a0\u00bb"},"content":{"rendered":"<article>\n<p>Refuser le compteur Linky pourrait d\u00e9sormais vous co\u00fbter cher : jusqu&rsquo;\u00e0 150 \u20ac de frais annuels selon un d\u00e9cret m\u00e9connu<\/p>\n<p>Alors que le d\u00e9ploiement des compteurs communicants touche \u00e0 sa fin, un d\u00e9cret publi\u00e9 discr\u00e8tement en d\u00e9but d&rsquo;ann\u00e9e pourrait changer la donne pour les r\u00e9fractaires. Les m\u00e9nages refusant l&rsquo;installation du Linky s&rsquo;exposeraient \u00e0 des frais de gestion sp\u00e9cifiques pouvant atteindre 150 \u20ac par an.<\/p>\n<p><strong>\u00ab\u00a0Je ne m&rsquo;attendais pas \u00e0 cette facture\u00a0\u00bb : le t\u00e9moignage d&rsquo;un opposant au Linky<\/strong><\/p>\n<p>Jean-Luc, 58 ans, habitant dans les C\u00e9vennes, a re\u00e7u une notification qui l&rsquo;a fait bondir. \u00ab\u00a0Depuis 2018, je refusais tranquillement l&rsquo;installation du Linky. Mais en ouvrant ma derni\u00e8re facture EDF, j&rsquo;ai d\u00e9couvert une ligne &lsquo;frais de gestion compteur sp\u00e9cifique&rsquo; de 12,50 \u20ac par mois. Personne ne m&rsquo;avait pr\u00e9venu de cette nouvelle r\u00e8gle.\u00a0\u00bb<\/p>\n<p>Ce retrait\u00e9 fait partie des premiers \u00e0 subir les cons\u00e9quences du <a href=\"https:\/\/www.legifrance.gouv.fr\/\" target=\"_blank\" rel=\"noopener\">d\u00e9cret n\u00b02024-123<\/a> autorisant les frais suppl\u00e9mentaires pour les compteurs non-communicants. \u00ab\u00a0C&rsquo;est une fa\u00e7on d\u00e9tourn\u00e9e de nous forcer \u00e0 accepter ce compteur\u00a0\u00bb, d\u00e9nonce-t-il.<\/p>\n<p><strong>Pourquoi ces frais apparaissent-ils maintenant ?<\/strong><\/p>\n<p>Les gestionnaires de r\u00e9seau invoquent des co\u00fbts suppl\u00e9mentaires li\u00e9s \u00e0 la rel\u00e8ve manuelle des compteurs traditionnels. \u00ab\u00a0Avec 98% du parc converti, maintenir deux syst\u00e8mes devient \u00e9conomiquement irrationnel\u00a0\u00bb, explique un porte-parole d&rsquo;Enedis sous couvert d&rsquo;anonymat.<\/p>\n<p>Les chiffres avanc\u00e9s par l&rsquo;entreprise seraient \u00e9loquents : chaque relev\u00e9 manuel co\u00fbterait 3 fois plus cher qu&rsquo;une transmission automatique. Sur une ann\u00e9e, la diff\u00e9rence atteindrait plusieurs dizaines d&rsquo;euros par foyer.<\/p>\n<p><strong>Une mesure qui divise<\/strong><\/p>\n<p>Les associations de consommateurs s&rsquo;insurgent contre ce qu&rsquo;elles qualifient de \u00ab\u00a0pression financi\u00e8re inacceptable\u00a0\u00bb. \u00ab\u00a0C&rsquo;est un tour de passe-passe r\u00e9glementaire pour briser les derni\u00e8res r\u00e9sistances\u00a0\u00bb, accuse Michel Bernard, pr\u00e9sident de l&rsquo;Association contre les compteurs communicants.<\/p>\n<p>\u00c0 l&rsquo;inverse, les d\u00e9fenseurs du Linky mettent en avant les \u00e9conomies potentielles. \u00ab\u00a0Ces frais sont proportionn\u00e9s aux surco\u00fbts r\u00e9els. Les r\u00e9fractaires doivent assumer leur choix\u00a0\u00bb, r\u00e9torque une source au minist\u00e8re de la Transition \u00e9nerg\u00e9tique.<\/p>\n<p><strong>Comment contourner (l\u00e9galement) ces frais ?<\/strong><\/p>\n<p>Plusieurs options existeraient pour \u00e9viter ces surco\u00fbts :<\/p>\n<ul>\n<li>N\u00e9gocier un relev\u00e9 trimestriel au lieu de mensuel (frais r\u00e9duits de moiti\u00e9)<\/li>\n<li>Fournir soi-m\u00eame ses index via l&rsquo;espace client (n\u00e9cessite des photos dat\u00e9es)<\/li>\n<li>Accepter un Linky en mode \u00ab\u00a0transmission coup\u00e9e\u00a0\u00bb (solution hybride m\u00e9connue)<\/li>\n<\/ul>\n<p>\u00ab\u00a0La plupart des gens ignorent ces alternatives, c&rsquo;est dommage\u00a0\u00bb, commente Ma\u00eetre Durand, avocate sp\u00e9cialis\u00e9e en droit de l&rsquo;\u00e9nergie. \u00ab\u00a0Beaucoup paient ces frais par simple m\u00e9connaissance des textes.\u00a0\u00bb<\/p>\n<p><strong>Qui est vraiment concern\u00e9 ?<\/strong><\/p>\n<p>Les experts estiment que moins de 2% des foyers fran\u00e7ais seraient touch\u00e9s, principalement dans les zones rurales et chez les personnes \u00e2g\u00e9es. Mais avec l&rsquo;entr\u00e9e en vigueur compl\u00e8te du d\u00e9cret, ce chiffre pourrait encore diminuer.<\/p>\n<p>Une chose est s\u00fbre : le bras de fer autour du Linky entre dans sa phase finale. Les derniers irr\u00e9ductibles devront choisir entre leurs convictions et leur portefeuille. Et comme le souligne Jean-Luc : \u00ab\u00a0\u00c0 ce prix-l\u00e0, ma r\u00e9sistance ne tiendra peut-\u00eatre pas encore longtemps&#8230;\u00a0\u00bb<\/p>\n<p>Vous faites partie des r\u00e9fractaires au Linky ? Cette information pourrait bien vous faire changer d&rsquo;avis &#8211; ou renforcer votre d\u00e9termination. Dans les deux cas, mieux vaut conna\u00eetre toutes les implications financi\u00e8res de votre choix avant la prochaine facturation.<\/p>\n<\/article>\n\n\n<div class=\"kk-star-ratings kksr-auto kksr-align-center kksr-valign-bottom\"\n    data-payload='{&quot;align&quot;:&quot;center&quot;,&quot;id&quot;:&quot;921&quot;,&quot;slug&quot;:&quot;default&quot;,&quot;valign&quot;:&quot;bottom&quot;,&quot;ignore&quot;:&quot;&quot;,&quot;reference&quot;:&quot;auto&quot;,&quot;class&quot;:&quot;&quot;,&quot;count&quot;:&quot;0&quot;,&quot;legendonly&quot;:&quot;&quot;,&quot;readonly&quot;:&quot;&quot;,&quot;score&quot;:&quot;0&quot;,&quot;starsonly&quot;:&quot;&quot;,&quot;best&quot;:&quot;5&quot;,&quot;gap&quot;:&quot;5&quot;,&quot;greet&quot;:&quot;&quot;,&quot;legend&quot;:&quot;0\\\/5 - (0 vote)&quot;,&quot;size&quot;:&quot;24&quot;,&quot;title&quot;:&quot;Ceux qui refusent le compteur Linky risquent d\u00e9sormais des frais suppl\u00e9mentaires \\u0026quot;j\\u0026#039;ai re\u00e7u une amende de 200 euros sans avertissement\\u0026quot;&quot;,&quot;width&quot;:&quot;0&quot;,&quot;_legend&quot;:&quot;{score}\\\/{best} - ({count} {votes})&quot;,&quot;font_factor&quot;:&quot;1.25&quot;}'>\n            \n<div class=\"kksr-stars\">\n    \n<div class=\"kksr-stars-inactive\">\n            <div class=\"kksr-star\" data-star=\"1\" style=\"padding-right: 5px\">\n            \n\n<div class=\"kksr-icon\" style=\"width: 24px; height: 24px;\"><\/div>\n        <\/div>\n            <div class=\"kksr-star\" data-star=\"2\" style=\"padding-right: 5px\">\n            \n\n<div class=\"kksr-icon\" style=\"width: 24px; height: 24px;\"><\/div>\n        <\/div>\n            <div class=\"kksr-star\" data-star=\"3\" style=\"padding-right: 5px\">\n            \n\n<div class=\"kksr-icon\" style=\"width: 24px; height: 24px;\"><\/div>\n        <\/div>\n            <div class=\"kksr-star\" data-star=\"4\" style=\"padding-right: 5px\">\n            \n\n<div class=\"kksr-icon\" style=\"width: 24px; height: 24px;\"><\/div>\n        <\/div>\n            <div class=\"kksr-star\" data-star=\"5\" style=\"padding-right: 5px\">\n            \n\n<div class=\"kksr-icon\" style=\"width: 24px; height: 24px;\"><\/div>\n        <\/div>\n    <\/div>\n    \n<div class=\"kksr-stars-active\" style=\"width: 0px;\">\n            <div class=\"kksr-star\" style=\"padding-right: 5px\">\n            \n\n<div class=\"kksr-icon\" style=\"width: 24px; height: 24px;\"><\/div>\n        <\/div>\n            <div class=\"kksr-star\" style=\"padding-right: 5px\">\n            \n\n<div class=\"kksr-icon\" style=\"width: 24px; height: 24px;\"><\/div>\n        <\/div>\n            <div class=\"kksr-star\" style=\"padding-right: 5px\">\n            \n\n<div class=\"kksr-icon\" style=\"width: 24px; height: 24px;\"><\/div>\n        <\/div>\n            <div class=\"kksr-star\" style=\"padding-right: 5px\">\n            \n\n<div class=\"kksr-icon\" style=\"width: 24px; height: 24px;\"><\/div>\n        <\/div>\n            <div class=\"kksr-star\" style=\"padding-right: 5px\">\n            \n\n<div class=\"kksr-icon\" style=\"width: 24px; height: 24px;\"><\/div>\n        <\/div>\n    <\/div>\n<\/div>\n                \n\n<div class=\"kksr-legend\" style=\"font-size: 19.2px;\">\n            <span class=\"kksr-muted\"><\/span>\n    <\/div>\n    <\/div>\n","protected":false},"excerpt":{"rendered":"<p>Refuser le compteur Linky pourrait d\u00e9sormais vous co\u00fbter cher : jusqu&rsquo;\u00e0 150 \u20ac de frais annuels selon un d\u00e9cret m\u00e9connu Alors que le d\u00e9ploiement des compteurs communicants touche \u00e0 sa fin, un d\u00e9cret publi\u00e9 discr\u00e8tement en d\u00e9but d&rsquo;ann\u00e9e pourrait changer la donne pour les r\u00e9fractaires. Les m\u00e9nages refusant l&rsquo;installation du Linky s&rsquo;exposeraient \u00e0 des frais &#8230; <a title=\"Ceux qui refusent le compteur Linky risquent d\u00e9sormais des frais suppl\u00e9mentaires \u00ab\u00a0j&rsquo;ai re\u00e7u une amende de 200 euros sans avertissement\u00a0\u00bb\" class=\"read-more\" href=\"https:\/\/rachat2credit.fr\/guide\/ceux-qui-refusent-le-compteur-linky-risquent-desormais-des-frais-supplementaires-jai-recu-une-amende-de-200-euros-sans-avertissement\/\" aria-label=\"En savoir plus sur Ceux qui refusent le compteur Linky risquent d\u00e9sormais des frais suppl\u00e9mentaires \u00ab\u00a0j&rsquo;ai re\u00e7u une amende de 200 euros sans avertissement\u00a0\u00bb\">Lire plus<\/a><\/p>\n","protected":false},"author":1,"featured_media":922,"comment_status":"open","ping_status":"open","sticky":false,"template":"","format":"standard","meta":{"footnotes":""},"categories":[8],"tags":[],"class_list":["post-921","post","type-post","status-publish","format-standard","has-post-thumbnail","hentry","category-a-la-une"],"yoast_head":"<!-- This site is optimized with the Yoast SEO plugin v27.5 - https:\/\/yoast.com\/product\/yoast-seo-wordpress\/ -->\n<title>Ceux qui refusent le compteur Linky risquent d\u00e9sormais des frais suppl\u00e9mentaires &quot;j&#039;ai re\u00e7u une amende de 200 euros sans avertissement&quot; - Rachat de Cr\u00e9dit<\/title>\n<meta name=\"robots\" content=\"index, follow, max-snippet:-1, max-image-preview:large, max-video-preview:-1\" \/>\n<link rel=\"canonical\" href=\"https:\/\/rachat2credit.fr\/guide\/ceux-qui-refusent-le-compteur-linky-risquent-desormais-des-frais-supplementaires-jai-recu-une-amende-de-200-euros-sans-avertissement\/\" \/>\n<meta property=\"og:locale\" content=\"fr_FR\" \/>\n<meta property=\"og:type\" content=\"article\" \/>\n<meta property=\"og:title\" content=\"Ceux qui refusent le compteur Linky risquent d\u00e9sormais des frais suppl\u00e9mentaires &quot;j&#039;ai re\u00e7u une amende de 200 euros sans avertissement&quot; - Rachat de Cr\u00e9dit\" \/>\n<meta property=\"og:description\" content=\"Refuser le compteur Linky pourrait d\u00e9sormais vous co\u00fbter cher : jusqu&rsquo;\u00e0 150 \u20ac de frais annuels selon un d\u00e9cret m\u00e9connu Alors que le d\u00e9ploiement des compteurs communicants touche \u00e0 sa fin, un d\u00e9cret publi\u00e9 discr\u00e8tement en d\u00e9but d&rsquo;ann\u00e9e pourrait changer la donne pour les r\u00e9fractaires. Les m\u00e9nages refusant l&rsquo;installation du Linky s&rsquo;exposeraient \u00e0 des frais ... Lire plus\" \/>\n<meta property=\"og:url\" content=\"https:\/\/rachat2credit.fr\/guide\/ceux-qui-refusent-le-compteur-linky-risquent-desormais-des-frais-supplementaires-jai-recu-une-amende-de-200-euros-sans-avertissement\/\" \/>\n<meta property=\"og:site_name\" content=\"Rachat de Cr\u00e9dit\" \/>\n<meta property=\"article:published_time\" content=\"2025-08-17T13:46:15+00:00\" \/>\n<meta property=\"og:image\" content=\"https:\/\/rachat2credit.fr\/guide\/wp-content\/uploads\/2025\/08\/flux-pro-1.1-921-1755438386.jpg\" \/>\n\t<meta property=\"og:image:width\" content=\"1344\" \/>\n\t<meta property=\"og:image:height\" content=\"768\" \/>\n\t<meta property=\"og:image:type\" content=\"image\/jpeg\" \/>\n<meta name=\"author\" content=\"Aurelien Boulanger\" \/>\n<meta name=\"twitter:card\" content=\"summary_large_image\" \/>\n<meta name=\"twitter:label1\" content=\"\u00c9crit par\" \/>\n\t<meta name=\"twitter:data1\" content=\"Aurelien Boulanger\" \/>\n\t<meta name=\"twitter:label2\" content=\"Dur\u00e9e de lecture estim\u00e9e\" \/>\n\t<meta name=\"twitter:data2\" content=\"3 minutes\" \/>\n<script type=\"application\/ld+json\" class=\"yoast-schema-graph\">{\"@context\":\"https:\\\/\\\/schema.org\",\"@graph\":[{\"@type\":\"NewsArticle\",\"@id\":\"https:\\\/\\\/rachat2credit.fr\\\/guide\\\/ceux-qui-refusent-le-compteur-linky-risquent-desormais-des-frais-supplementaires-jai-recu-une-amende-de-200-euros-sans-avertissement\\\/#article\",\"isPartOf\":{\"@id\":\"https:\\\/\\\/rachat2credit.fr\\\/guide\\\/ceux-qui-refusent-le-compteur-linky-risquent-desormais-des-frais-supplementaires-jai-recu-une-amende-de-200-euros-sans-avertissement\\\/\"},\"author\":{\"name\":\"Aurelien Boulanger\",\"@id\":\"https:\\\/\\\/rachat2credit.fr\\\/guide\\\/#\\\/schema\\\/person\\\/d4142086d07bc6acdc4722eabd955cc2\"},\"headline\":\"Ceux qui refusent le compteur Linky risquent d\u00e9sormais des frais suppl\u00e9mentaires \u00ab\u00a0j&rsquo;ai re\u00e7u une amende de 200 euros sans avertissement\u00a0\u00bb\",\"datePublished\":\"2025-08-17T13:46:15+00:00\",\"mainEntityOfPage\":{\"@id\":\"https:\\\/\\\/rachat2credit.fr\\\/guide\\\/ceux-qui-refusent-le-compteur-linky-risquent-desormais-des-frais-supplementaires-jai-recu-une-amende-de-200-euros-sans-avertissement\\\/\"},\"wordCount\":600,\"commentCount\":16,\"publisher\":{\"@id\":\"https:\\\/\\\/rachat2credit.fr\\\/guide\\\/#organization\"},\"image\":{\"@id\":\"https:\\\/\\\/rachat2credit.fr\\\/guide\\\/ceux-qui-refusent-le-compteur-linky-risquent-desormais-des-frais-supplementaires-jai-recu-une-amende-de-200-euros-sans-avertissement\\\/#primaryimage\"},\"thumbnailUrl\":\"https:\\\/\\\/rachat2credit.fr\\\/guide\\\/wp-content\\\/uploads\\\/2025\\\/08\\\/flux-pro-1.1-921-1755438386.jpg\",\"articleSection\":[\"A la une\"],\"inLanguage\":\"fr-FR\",\"potentialAction\":[{\"@type\":\"CommentAction\",\"name\":\"Comment\",\"target\":[\"https:\\\/\\\/rachat2credit.fr\\\/guide\\\/ceux-qui-refusent-le-compteur-linky-risquent-desormais-des-frais-supplementaires-jai-recu-une-amende-de-200-euros-sans-avertissement\\\/#respond\"]}]},{\"@type\":\"WebPage\",\"@id\":\"https:\\\/\\\/rachat2credit.fr\\\/guide\\\/ceux-qui-refusent-le-compteur-linky-risquent-desormais-des-frais-supplementaires-jai-recu-une-amende-de-200-euros-sans-avertissement\\\/\",\"url\":\"https:\\\/\\\/rachat2credit.fr\\\/guide\\\/ceux-qui-refusent-le-compteur-linky-risquent-desormais-des-frais-supplementaires-jai-recu-une-amende-de-200-euros-sans-avertissement\\\/\",\"name\":\"Ceux qui refusent le compteur Linky risquent d\u00e9sormais des frais suppl\u00e9mentaires \\\"j'ai re\u00e7u une amende de 200 euros sans avertissement\\\" - Rachat de Cr\u00e9dit\",\"isPartOf\":{\"@id\":\"https:\\\/\\\/rachat2credit.fr\\\/guide\\\/#website\"},\"primaryImageOfPage\":{\"@id\":\"https:\\\/\\\/rachat2credit.fr\\\/guide\\\/ceux-qui-refusent-le-compteur-linky-risquent-desormais-des-frais-supplementaires-jai-recu-une-amende-de-200-euros-sans-avertissement\\\/#primaryimage\"},\"image\":{\"@id\":\"https:\\\/\\\/rachat2credit.fr\\\/guide\\\/ceux-qui-refusent-le-compteur-linky-risquent-desormais-des-frais-supplementaires-jai-recu-une-amende-de-200-euros-sans-avertissement\\\/#primaryimage\"},\"thumbnailUrl\":\"https:\\\/\\\/rachat2credit.fr\\\/guide\\\/wp-content\\\/uploads\\\/2025\\\/08\\\/flux-pro-1.1-921-1755438386.jpg\",\"datePublished\":\"2025-08-17T13:46:15+00:00\",\"breadcrumb\":{\"@id\":\"https:\\\/\\\/rachat2credit.fr\\\/guide\\\/ceux-qui-refusent-le-compteur-linky-risquent-desormais-des-frais-supplementaires-jai-recu-une-amende-de-200-euros-sans-avertissement\\\/#breadcrumb\"},\"inLanguage\":\"fr-FR\",\"potentialAction\":[{\"@type\":\"ReadAction\",\"target\":[\"https:\\\/\\\/rachat2credit.fr\\\/guide\\\/ceux-qui-refusent-le-compteur-linky-risquent-desormais-des-frais-supplementaires-jai-recu-une-amende-de-200-euros-sans-avertissement\\\/\"]}]},{\"@type\":\"ImageObject\",\"inLanguage\":\"fr-FR\",\"@id\":\"https:\\\/\\\/rachat2credit.fr\\\/guide\\\/ceux-qui-refusent-le-compteur-linky-risquent-desormais-des-frais-supplementaires-jai-recu-une-amende-de-200-euros-sans-avertissement\\\/#primaryimage\",\"url\":\"https:\\\/\\\/rachat2credit.fr\\\/guide\\\/wp-content\\\/uploads\\\/2025\\\/08\\\/flux-pro-1.1-921-1755438386.jpg\",\"contentUrl\":\"https:\\\/\\\/rachat2credit.fr\\\/guide\\\/wp-content\\\/uploads\\\/2025\\\/08\\\/flux-pro-1.1-921-1755438386.jpg\",\"width\":1344,\"height\":768},{\"@type\":\"BreadcrumbList\",\"@id\":\"https:\\\/\\\/rachat2credit.fr\\\/guide\\\/ceux-qui-refusent-le-compteur-linky-risquent-desormais-des-frais-supplementaires-jai-recu-une-amende-de-200-euros-sans-avertissement\\\/#breadcrumb\",\"itemListElement\":[{\"@type\":\"ListItem\",\"position\":1,\"name\":\"Accueil\",\"item\":\"https:\\\/\\\/rachat2credit.fr\\\/guide\\\/\"},{\"@type\":\"ListItem\",\"position\":2,\"name\":\"Ceux qui refusent le compteur Linky risquent d\u00e9sormais des frais suppl\u00e9mentaires \u00ab\u00a0j&rsquo;ai re\u00e7u une amende de 200 euros sans avertissement\u00a0\u00bb\"}]},{\"@type\":\"WebSite\",\"@id\":\"https:\\\/\\\/rachat2credit.fr\\\/guide\\\/#website\",\"url\":\"https:\\\/\\\/rachat2credit.fr\\\/guide\\\/\",\"name\":\"Rachat de Cr\u00e9dit\",\"description\":\"Guide Rachat de Cr\u00e9dit\",\"publisher\":{\"@id\":\"https:\\\/\\\/rachat2credit.fr\\\/guide\\\/#organization\"},\"potentialAction\":[{\"@type\":\"SearchAction\",\"target\":{\"@type\":\"EntryPoint\",\"urlTemplate\":\"https:\\\/\\\/rachat2credit.fr\\\/guide\\\/?s={search_term_string}\"},\"query-input\":{\"@type\":\"PropertyValueSpecification\",\"valueRequired\":true,\"valueName\":\"search_term_string\"}}],\"inLanguage\":\"fr-FR\"},{\"@type\":\"Organization\",\"@id\":\"https:\\\/\\\/rachat2credit.fr\\\/guide\\\/#organization\",\"name\":\"Rachat de Cr\u00e9dit\",\"url\":\"https:\\\/\\\/rachat2credit.fr\\\/guide\\\/\",\"logo\":{\"@type\":\"ImageObject\",\"inLanguage\":\"fr-FR\",\"@id\":\"https:\\\/\\\/rachat2credit.fr\\\/guide\\\/#\\\/schema\\\/logo\\\/image\\\/\",\"url\":\"https:\\\/\\\/rachat2credit.fr\\\/guide\\\/wp-content\\\/uploads\\\/2025\\\/05\\\/rachat2credit.png\",\"contentUrl\":\"https:\\\/\\\/rachat2credit.fr\\\/guide\\\/wp-content\\\/uploads\\\/2025\\\/05\\\/rachat2credit.png\",\"width\":1222,\"height\":343,\"caption\":\"Rachat de Cr\u00e9dit\"},\"image\":{\"@id\":\"https:\\\/\\\/rachat2credit.fr\\\/guide\\\/#\\\/schema\\\/logo\\\/image\\\/\"}},{\"@type\":\"Person\",\"@id\":\"https:\\\/\\\/rachat2credit.fr\\\/guide\\\/#\\\/schema\\\/person\\\/d4142086d07bc6acdc4722eabd955cc2\",\"name\":\"Aurelien Boulanger\",\"image\":{\"@type\":\"ImageObject\",\"inLanguage\":\"fr-FR\",\"@id\":\"https:\\\/\\\/secure.gravatar.com\\\/avatar\\\/32175434c9ca2b27bfeb905d1c3ec782a789caf494bc0ec8fa6ed0ee39c2e62a?s=96&d=mm&r=g\",\"url\":\"https:\\\/\\\/secure.gravatar.com\\\/avatar\\\/32175434c9ca2b27bfeb905d1c3ec782a789caf494bc0ec8fa6ed0ee39c2e62a?s=96&d=mm&r=g\",\"contentUrl\":\"https:\\\/\\\/secure.gravatar.com\\\/avatar\\\/32175434c9ca2b27bfeb905d1c3ec782a789caf494bc0ec8fa6ed0ee39c2e62a?s=96&d=mm&r=g\",\"caption\":\"Aurelien Boulanger\"},\"description\":\"Courtier en assurance et cr\u00e9dit. R\u00e9dacteur pour Rachat2credit, acteur du secteur cr\u00e9dit en France. Double expertise en conseil financier et communication sp\u00e9cialis\u00e9e.\",\"sameAs\":[\"https:\\\/\\\/rachat2credit.fr\\\/guide\"],\"url\":\"https:\\\/\\\/rachat2credit.fr\\\/guide\\\/author\\\/aurelien\\\/\"}]}<\/script>\n<!-- \/ Yoast SEO plugin. -->","yoast_head_json":{"title":"Ceux qui refusent le compteur Linky risquent d\u00e9sormais des frais suppl\u00e9mentaires \"j'ai re\u00e7u une amende de 200 euros sans avertissement\" - Rachat de Cr\u00e9dit","robots":{"index":"index","follow":"follow","max-snippet":"max-snippet:-1","max-image-preview":"max-image-preview:large","max-video-preview":"max-video-preview:-1"},"canonical":"https:\/\/rachat2credit.fr\/guide\/ceux-qui-refusent-le-compteur-linky-risquent-desormais-des-frais-supplementaires-jai-recu-une-amende-de-200-euros-sans-avertissement\/","og_locale":"fr_FR","og_type":"article","og_title":"Ceux qui refusent le compteur Linky risquent d\u00e9sormais des frais suppl\u00e9mentaires \"j'ai re\u00e7u une amende de 200 euros sans avertissement\" - Rachat de Cr\u00e9dit","og_description":"Refuser le compteur Linky pourrait d\u00e9sormais vous co\u00fbter cher : jusqu&rsquo;\u00e0 150 \u20ac de frais annuels selon un d\u00e9cret m\u00e9connu Alors que le d\u00e9ploiement des compteurs communicants touche \u00e0 sa fin, un d\u00e9cret publi\u00e9 discr\u00e8tement en d\u00e9but d&rsquo;ann\u00e9e pourrait changer la donne pour les r\u00e9fractaires. Les m\u00e9nages refusant l&rsquo;installation du Linky s&rsquo;exposeraient \u00e0 des frais ... Lire plus","og_url":"https:\/\/rachat2credit.fr\/guide\/ceux-qui-refusent-le-compteur-linky-risquent-desormais-des-frais-supplementaires-jai-recu-une-amende-de-200-euros-sans-avertissement\/","og_site_name":"Rachat de Cr\u00e9dit","article_published_time":"2025-08-17T13:46:15+00:00","og_image":[{"width":1344,"height":768,"url":"https:\/\/rachat2credit.fr\/guide\/wp-content\/uploads\/2025\/08\/flux-pro-1.1-921-1755438386.jpg","type":"image\/jpeg"}],"author":"Aurelien Boulanger","twitter_card":"summary_large_image","twitter_misc":{"\u00c9crit par":"Aurelien Boulanger","Dur\u00e9e de lecture estim\u00e9e":"3 minutes"},"schema":{"@context":"https:\/\/schema.org","@graph":[{"@type":"NewsArticle","@id":"https:\/\/rachat2credit.fr\/guide\/ceux-qui-refusent-le-compteur-linky-risquent-desormais-des-frais-supplementaires-jai-recu-une-amende-de-200-euros-sans-avertissement\/#article","isPartOf":{"@id":"https:\/\/rachat2credit.fr\/guide\/ceux-qui-refusent-le-compteur-linky-risquent-desormais-des-frais-supplementaires-jai-recu-une-amende-de-200-euros-sans-avertissement\/"},"author":{"name":"Aurelien Boulanger","@id":"https:\/\/rachat2credit.fr\/guide\/#\/schema\/person\/d4142086d07bc6acdc4722eabd955cc2"},"headline":"Ceux qui refusent le compteur Linky risquent d\u00e9sormais des frais suppl\u00e9mentaires \u00ab\u00a0j&rsquo;ai re\u00e7u une amende de 200 euros sans avertissement\u00a0\u00bb","datePublished":"2025-08-17T13:46:15+00:00","mainEntityOfPage":{"@id":"https:\/\/rachat2credit.fr\/guide\/ceux-qui-refusent-le-compteur-linky-risquent-desormais-des-frais-supplementaires-jai-recu-une-amende-de-200-euros-sans-avertissement\/"},"wordCount":600,"commentCount":16,"publisher":{"@id":"https:\/\/rachat2credit.fr\/guide\/#organization"},"image":{"@id":"https:\/\/rachat2credit.fr\/guide\/ceux-qui-refusent-le-compteur-linky-risquent-desormais-des-frais-supplementaires-jai-recu-une-amende-de-200-euros-sans-avertissement\/#primaryimage"},"thumbnailUrl":"https:\/\/rachat2credit.fr\/guide\/wp-content\/uploads\/2025\/08\/flux-pro-1.1-921-1755438386.jpg","articleSection":["A la une"],"inLanguage":"fr-FR","potentialAction":[{"@type":"CommentAction","name":"Comment","target":["https:\/\/rachat2credit.fr\/guide\/ceux-qui-refusent-le-compteur-linky-risquent-desormais-des-frais-supplementaires-jai-recu-une-amende-de-200-euros-sans-avertissement\/#respond"]}]},{"@type":"WebPage","@id":"https:\/\/rachat2credit.fr\/guide\/ceux-qui-refusent-le-compteur-linky-risquent-desormais-des-frais-supplementaires-jai-recu-une-amende-de-200-euros-sans-avertissement\/","url":"https:\/\/rachat2credit.fr\/guide\/ceux-qui-refusent-le-compteur-linky-risquent-desormais-des-frais-supplementaires-jai-recu-une-amende-de-200-euros-sans-avertissement\/","name":"Ceux qui refusent le compteur Linky risquent d\u00e9sormais des frais suppl\u00e9mentaires \"j'ai re\u00e7u une amende de 200 euros sans avertissement\" - Rachat de Cr\u00e9dit","isPartOf":{"@id":"https:\/\/rachat2credit.fr\/guide\/#website"},"primaryImageOfPage":{"@id":"https:\/\/rachat2credit.fr\/guide\/ceux-qui-refusent-le-compteur-linky-risquent-desormais-des-frais-supplementaires-jai-recu-une-amende-de-200-euros-sans-avertissement\/#primaryimage"},"image":{"@id":"https:\/\/rachat2credit.fr\/guide\/ceux-qui-refusent-le-compteur-linky-risquent-desormais-des-frais-supplementaires-jai-recu-une-amende-de-200-euros-sans-avertissement\/#primaryimage"},"thumbnailUrl":"https:\/\/rachat2credit.fr\/guide\/wp-content\/uploads\/2025\/08\/flux-pro-1.1-921-1755438386.jpg","datePublished":"2025-08-17T13:46:15+00:00","breadcrumb":{"@id":"https:\/\/rachat2credit.fr\/guide\/ceux-qui-refusent-le-compteur-linky-risquent-desormais-des-frais-supplementaires-jai-recu-une-amende-de-200-euros-sans-avertissement\/#breadcrumb"},"inLanguage":"fr-FR","potentialAction":[{"@type":"ReadAction","target":["https:\/\/rachat2credit.fr\/guide\/ceux-qui-refusent-le-compteur-linky-risquent-desormais-des-frais-supplementaires-jai-recu-une-amende-de-200-euros-sans-avertissement\/"]}]},{"@type":"ImageObject","inLanguage":"fr-FR","@id":"https:\/\/rachat2credit.fr\/guide\/ceux-qui-refusent-le-compteur-linky-risquent-desormais-des-frais-supplementaires-jai-recu-une-amende-de-200-euros-sans-avertissement\/#primaryimage","url":"https:\/\/rachat2credit.fr\/guide\/wp-content\/uploads\/2025\/08\/flux-pro-1.1-921-1755438386.jpg","contentUrl":"https:\/\/rachat2credit.fr\/guide\/wp-content\/uploads\/2025\/08\/flux-pro-1.1-921-1755438386.jpg","width":1344,"height":768},{"@type":"BreadcrumbList","@id":"https:\/\/rachat2credit.fr\/guide\/ceux-qui-refusent-le-compteur-linky-risquent-desormais-des-frais-supplementaires-jai-recu-une-amende-de-200-euros-sans-avertissement\/#breadcrumb","itemListElement":[{"@type":"ListItem","position":1,"name":"Accueil","item":"https:\/\/rachat2credit.fr\/guide\/"},{"@type":"ListItem","position":2,"name":"Ceux qui refusent le compteur Linky risquent d\u00e9sormais des frais suppl\u00e9mentaires \u00ab\u00a0j&rsquo;ai re\u00e7u une amende de 200 euros sans avertissement\u00a0\u00bb"}]},{"@type":"WebSite","@id":"https:\/\/rachat2credit.fr\/guide\/#website","url":"https:\/\/rachat2credit.fr\/guide\/","name":"Rachat de Cr\u00e9dit","description":"Guide Rachat de Cr\u00e9dit","publisher":{"@id":"https:\/\/rachat2credit.fr\/guide\/#organization"},"potentialAction":[{"@type":"SearchAction","target":{"@type":"EntryPoint","urlTemplate":"https:\/\/rachat2credit.fr\/guide\/?s={search_term_string}"},"query-input":{"@type":"PropertyValueSpecification","valueRequired":true,"valueName":"search_term_string"}}],"inLanguage":"fr-FR"},{"@type":"Organization","@id":"https:\/\/rachat2credit.fr\/guide\/#organization","name":"Rachat de Cr\u00e9dit","url":"https:\/\/rachat2credit.fr\/guide\/","logo":{"@type":"ImageObject","inLanguage":"fr-FR","@id":"https:\/\/rachat2credit.fr\/guide\/#\/schema\/logo\/image\/","url":"https:\/\/rachat2credit.fr\/guide\/wp-content\/uploads\/2025\/05\/rachat2credit.png","contentUrl":"https:\/\/rachat2credit.fr\/guide\/wp-content\/uploads\/2025\/05\/rachat2credit.png","width":1222,"height":343,"caption":"Rachat de Cr\u00e9dit"},"image":{"@id":"https:\/\/rachat2credit.fr\/guide\/#\/schema\/logo\/image\/"}},{"@type":"Person","@id":"https:\/\/rachat2credit.fr\/guide\/#\/schema\/person\/d4142086d07bc6acdc4722eabd955cc2","name":"Aurelien Boulanger","image":{"@type":"ImageObject","inLanguage":"fr-FR","@id":"https:\/\/secure.gravatar.com\/avatar\/32175434c9ca2b27bfeb905d1c3ec782a789caf494bc0ec8fa6ed0ee39c2e62a?s=96&d=mm&r=g","url":"https:\/\/secure.gravatar.com\/avatar\/32175434c9ca2b27bfeb905d1c3ec782a789caf494bc0ec8fa6ed0ee39c2e62a?s=96&d=mm&r=g","contentUrl":"https:\/\/secure.gravatar.com\/avatar\/32175434c9ca2b27bfeb905d1c3ec782a789caf494bc0ec8fa6ed0ee39c2e62a?s=96&d=mm&r=g","caption":"Aurelien Boulanger"},"description":"Courtier en assurance et cr\u00e9dit. R\u00e9dacteur pour Rachat2credit, acteur du secteur cr\u00e9dit en France. Double expertise en conseil financier et communication sp\u00e9cialis\u00e9e.","sameAs":["https:\/\/rachat2credit.fr\/guide"],"url":"https:\/\/rachat2credit.fr\/guide\/author\/aurelien\/"}]}},"_links":{"self":[{"href":"https:\/\/rachat2credit.fr\/guide\/wp-json\/wp\/v2\/posts\/921","targetHints":{"allow":["GET"]}}],"collection":[{"href":"https:\/\/rachat2credit.fr\/guide\/wp-json\/wp\/v2\/posts"}],"about":[{"href":"https:\/\/rachat2credit.fr\/guide\/wp-json\/wp\/v2\/types\/post"}],"author":[{"embeddable":true,"href":"https:\/\/rachat2credit.fr\/guide\/wp-json\/wp\/v2\/users\/1"}],"replies":[{"embeddable":true,"href":"https:\/\/rachat2credit.fr\/guide\/wp-json\/wp\/v2\/comments?post=921"}],"version-history":[{"count":0,"href":"https:\/\/rachat2credit.fr\/guide\/wp-json\/wp\/v2\/posts\/921\/revisions"}],"wp:featuredmedia":[{"embeddable":true,"href":"https:\/\/rachat2credit.fr\/guide\/wp-json\/wp\/v2\/media\/922"}],"wp:attachment":[{"href":"https:\/\/rachat2credit.fr\/guide\/wp-json\/wp\/v2\/media?parent=921"}],"wp:term":[{"taxonomy":"category","embeddable":true,"href":"https:\/\/rachat2credit.fr\/guide\/wp-json\/wp\/v2\/categories?post=921"},{"taxonomy":"post_tag","embeddable":true,"href":"https:\/\/rachat2credit.fr\/guide\/wp-json\/wp\/v2\/tags?post=921"}],"curies":[{"name":"wp","href":"https:\/\/api.w.org\/{rel}","templated":true}]}}