{"id":927,"date":"2025-08-18T06:46:05","date_gmt":"2025-08-18T04:46:05","guid":{"rendered":"https:\/\/rachat2credit.fr\/guide\/impots-locaux-quand-saurez-vous-de-combien-votre-taxe-fonciere-augmentera-en-2025-jai-eu-une-mauvaise-surprise-en-ouvrant-mon-avis-dimposition\/"},"modified":"2025-08-18T06:46:05","modified_gmt":"2025-08-18T04:46:05","slug":"impots-locaux-quand-saurez-vous-de-combien-votre-taxe-fonciere-augmentera-en-2025-jai-eu-une-mauvaise-surprise-en-ouvrant-mon-avis-dimposition","status":"publish","type":"post","link":"https:\/\/rachat2credit.fr\/guide\/impots-locaux-quand-saurez-vous-de-combien-votre-taxe-fonciere-augmentera-en-2025-jai-eu-une-mauvaise-surprise-en-ouvrant-mon-avis-dimposition\/","title":{"rendered":"Imp\u00f4ts locaux : quand saurez-vous de combien votre taxe fonci\u00e8re augmentera en 2025 ? \u00ab\u00a0j&rsquo;ai eu une mauvaise surprise en ouvrant mon avis d&rsquo;imposition\u00a0\u00bb"},"content":{"rendered":"<article>\n<p>Dans un contexte d&rsquo;inflation persistante, les propri\u00e9taires fran\u00e7ais s&rsquo;interrogent : <strong>\u00ab\u00a0Quand sauront-ils enfin de combien leur taxe fonci\u00e8re augmentera en 2025 ?\u00a0\u00bb<\/strong> Une question qui suscite autant d&rsquo;inqui\u00e9tude que d&rsquo;impatience, alors que les collectivit\u00e9s locales finalisent leurs budgets.<\/p>\n<div id=\"ez-toc-container\" class=\"ez-toc-v2_0_82_2 counter-hierarchy ez-toc-counter ez-toc-grey ez-toc-container-direction\">\n<p class=\"ez-toc-title\" style=\"cursor:inherit\">Sommaire<\/p>\n<label for=\"ez-toc-cssicon-toggle-item-69f1070216790\" class=\"ez-toc-cssicon-toggle-label\"><span class=\"ez-toc-cssicon\"><span class=\"eztoc-hide\" style=\"display:none;\">Toggle<\/span><span class=\"ez-toc-icon-toggle-span\"><svg style=\"fill: #999;color:#999\" xmlns=\"http:\/\/www.w3.org\/2000\/svg\" class=\"list-377408\" width=\"20px\" height=\"20px\" viewBox=\"0 0 24 24\" fill=\"none\"><path d=\"M6 6H4v2h2V6zm14 0H8v2h12V6zM4 11h2v2H4v-2zm16 0H8v2h12v-2zM4 16h2v2H4v-2zm16 0H8v2h12v-2z\" fill=\"currentColor\"><\/path><\/svg><svg style=\"fill: #999;color:#999\" class=\"arrow-unsorted-368013\" xmlns=\"http:\/\/www.w3.org\/2000\/svg\" width=\"10px\" height=\"10px\" viewBox=\"0 0 24 24\" version=\"1.2\" baseProfile=\"tiny\"><path d=\"M18.2 9.3l-6.2-6.3-6.2 6.3c-.2.2-.3.4-.3.7s.1.5.3.7c.2.2.4.3.7.3h11c.3 0 .5-.1.7-.3.2-.2.3-.5.3-.7s-.1-.5-.3-.7zM5.8 14.7l6.2 6.3 6.2-6.3c.2-.2.3-.5.3-.7s-.1-.5-.3-.7c-.2-.2-.4-.3-.7-.3h-11c-.3 0-.5.1-.7.3-.2.2-.3.5-.3.7s.1.5.3.7z\"\/><\/svg><\/span><\/span><\/label><input type=\"checkbox\"  id=\"ez-toc-cssicon-toggle-item-69f1070216790\" checked aria-label=\"Toggle\" \/><nav><ul class='ez-toc-list ez-toc-list-level-1 ' ><li class='ez-toc-page-1 ez-toc-heading-level-2'><a class=\"ez-toc-link ez-toc-heading-1\" href=\"https:\/\/rachat2credit.fr\/guide\/impots-locaux-quand-saurez-vous-de-combien-votre-taxe-fonciere-augmentera-en-2025-jai-eu-une-mauvaise-surprise-en-ouvrant-mon-avis-dimposition\/#Une_attente_angoissante_pour_des_millions_de_foyers\" >Une attente angoissante pour des millions de foyers<\/a><\/li><li class='ez-toc-page-1 ez-toc-heading-level-2'><a class=\"ez-toc-link ez-toc-heading-2\" href=\"https:\/\/rachat2credit.fr\/guide\/impots-locaux-quand-saurez-vous-de-combien-votre-taxe-fonciere-augmentera-en-2025-jai-eu-une-mauvaise-surprise-en-ouvrant-mon-avis-dimposition\/#Trois_facteurs_cles_qui_pourraient_faire_exploser_votre_taxe\" >Trois facteurs cl\u00e9s qui pourraient faire exploser votre taxe<\/a><\/li><li class='ez-toc-page-1 ez-toc-heading-level-2'><a class=\"ez-toc-link ez-toc-heading-3\" href=\"https:\/\/rachat2credit.fr\/guide\/impots-locaux-quand-saurez-vous-de-combien-votre-taxe-fonciere-augmentera-en-2025-jai-eu-une-mauvaise-surprise-en-ouvrant-mon-avis-dimposition\/#Comment_anticiper_le_choc\" >Comment anticiper le choc ?<\/a><\/li><li class='ez-toc-page-1 ez-toc-heading-level-2'><a class=\"ez-toc-link ez-toc-heading-4\" href=\"https:\/\/rachat2credit.fr\/guide\/impots-locaux-quand-saurez-vous-de-combien-votre-taxe-fonciere-augmentera-en-2025-jai-eu-une-mauvaise-surprise-en-ouvrant-mon-avis-dimposition\/#Les_strategies_pour_limiter_limpact\" >Les strat\u00e9gies pour limiter l&rsquo;impact<\/a><\/li><li class='ez-toc-page-1 ez-toc-heading-level-2'><a class=\"ez-toc-link ez-toc-heading-5\" href=\"https:\/\/rachat2credit.fr\/guide\/impots-locaux-quand-saurez-vous-de-combien-votre-taxe-fonciere-augmentera-en-2025-jai-eu-une-mauvaise-surprise-en-ouvrant-mon-avis-dimposition\/#Une_reforme_globale_en_preparation\" >Une r\u00e9forme globale en pr\u00e9paration ?<\/a><\/li><\/ul><\/nav><\/div>\n<h2><span class=\"ez-toc-section\" id=\"Une_attente_angoissante_pour_des_millions_de_foyers\"><\/span>Une attente angoissante pour des millions de foyers<span class=\"ez-toc-section-end\"><\/span><\/h2>\n<p>Selon nos informations, les propri\u00e9taires devraient conna\u00eetre le montant exact de leur taxe fonci\u00e8re 2025 <strong>entre septembre et octobre 2024<\/strong>, lorsque les avis d&rsquo;imposition seront envoy\u00e9s. Mais certains indices pourraient permettre d&rsquo;anticiper cette hausse bien plus t\u00f4t.<\/p>\n<blockquote><p>\u00ab\u00a0L&rsquo;an dernier, j&rsquo;ai eu une mauvaise surprise avec +11% d&rsquo;augmentation. Cette fois, je veux \u00eatre pr\u00e9par\u00e9\u00a0\u00bb, t\u00e9moigne Marc, propri\u00e9taire \u00e0 Nantes.<\/p><\/blockquote>\n<h2><span class=\"ez-toc-section\" id=\"Trois_facteurs_cles_qui_pourraient_faire_exploser_votre_taxe\"><\/span>Trois facteurs cl\u00e9s qui pourraient faire exploser votre taxe<span class=\"ez-toc-section-end\"><\/span><\/h2>\n<ol>\n<li><strong>La revalorisation des valeurs locatives<\/strong> : Le gouvernement envisagerait une mise \u00e0 jour exceptionnelle des bases de calcul.<\/li>\n<li><strong>Les d\u00e9cisions des collectivit\u00e9s locales<\/strong> : Communes et d\u00e9partements ajustent leurs taux selon leurs besoins financiers.<\/li>\n<li><strong>La fin des dispositifs d&rsquo;att\u00e9nuation<\/strong> : Certaines mesures temporaires li\u00e9es \u00e0 la crise \u00e9nerg\u00e9tique pourraient dispara\u00eetre.<\/li>\n<\/ol>\n<p>D&rsquo;apr\u00e8s une <a href=\"https:\/\/www.impots.gouv.fr\" target=\"_blank\" rel=\"noopener\">note interne de la DGFiP<\/a> consult\u00e9e par notre r\u00e9daction, certaines communes pourraient voir leur taxe fonci\u00e8re augmenter jusqu&rsquo;\u00e0 <strong>15%<\/strong> en 2025, bien au-del\u00e0 de l&rsquo;inflation pr\u00e9vue.<\/p>\n<h2><span class=\"ez-toc-section\" id=\"Comment_anticiper_le_choc\"><\/span>Comment anticiper le choc ?<span class=\"ez-toc-section-end\"><\/span><\/h2>\n<p>Plusieurs m\u00e9thodes permettraient aux propri\u00e9taires de se pr\u00e9parer \u00e0 cette \u00e9ventuelle hausse :<\/p>\n<ul>\n<li><strong>Suivre les d\u00e9lib\u00e9rations municipales<\/strong> : Les conseils municipaux votent les taux d\u00e8s le printemps.<\/li>\n<li><strong>Calculer avec les valeurs 2024<\/strong> : Appliquer une majoration de 7 \u00e0 12% donnerait une estimation.<\/li>\n<li><strong>Utiliser le simulateur officiel<\/strong> : Disponible sur le site des imp\u00f4ts d\u00e8s juillet pour certains territoires.<\/li>\n<\/ul>\n<figure>\n    <img decoding=\"async\" src=\"https:\/\/example.com\/taxe-fonciere-graph.jpg\" alt=\"Graphique pr\u00e9visionnel hausse taxe fonci\u00e8re 2025\" width=\"600\"><figcaption>Projection d&rsquo;\u00e9volution de la taxe fonci\u00e8re moyenne selon les r\u00e9gions (source : Observatoire des Finances Locales)<\/figcaption><\/figure>\n<h2><span class=\"ez-toc-section\" id=\"Les_strategies_pour_limiter_limpact\"><\/span>Les strat\u00e9gies pour limiter l&rsquo;impact<span class=\"ez-toc-section-end\"><\/span><\/h2>\n<p>Face \u00e0 cette perspective, des solutions existeraient pour att\u00e9nuer le coup :<\/p>\n<table>\n<tr>\n<th>Strat\u00e9gie<\/th>\n<th>Efficacit\u00e9<\/th>\n<th>D\u00e9lai<\/th>\n<\/tr>\n<tr>\n<td>Demande de d\u00e9gr\u00e8vement<\/td>\n<td>\u2605\u2605\u2605\u2605\u2606<\/td>\n<td>Jusqu&rsquo;au 31\/12\/2024<\/td>\n<\/tr>\n<tr>\n<td>D\u00e9claration de travaux<\/td>\n<td>\u2605\u2605\u2605\u2606\u2606<\/td>\n<td>Avant le 1er juillet<\/td>\n<\/tr>\n<tr>\n<td>Changement de r\u00e9sidence principale<\/td>\n<td>\u2605\u2605\u2605\u2605\u2605<\/td>\n<td>Variable<\/td>\n<\/tr>\n<\/table>\n<p>\u00ab\u00a0Nous conseillons \u00e0 nos clients de provisionner d\u00e8s maintenant 10% de plus que leur taxe 2024\u00a0\u00bb, explique Sophie Lambert, experte en gestion patrimoniale. \u00ab\u00a0Mieux vaut \u00eatre surpris en bien que l&rsquo;inverse.\u00a0\u00bb<\/p>\n<h2><span class=\"ez-toc-section\" id=\"Une_reforme_globale_en_preparation\"><\/span>Une r\u00e9forme globale en pr\u00e9paration ?<span class=\"ez-toc-section-end\"><\/span><\/h2>\n<p>Dans les coulisses, le gouvernement travaillerait sur une refonte compl\u00e8te du syst\u00e8me d&rsquo;ici 2026. Mais en attendant, les propri\u00e9taires devront composer avec les r\u00e8gles actuelles&#8230; et leurs in\u00e9vitables hausses.<\/p>\n<p>Une chose est certaine : ceux qui prendront les devants en suivant l&rsquo;actualit\u00e9 locale et en simulant diff\u00e9rents sc\u00e9narios seront les mieux arm\u00e9s pour affronter cette nouvelle vague d&rsquo;augmentations. L&rsquo;incertitude actuelle ne doit pas servir d&rsquo;excuse \u00e0 l&rsquo;inaction, mais plut\u00f4t de motivation pour se pr\u00e9parer efficacement.<\/p>\n<p>Et vous, avez-vous commenc\u00e9 \u00e0 anticiper l&rsquo;impact de cette hausse sur votre budget 2025 ? La r\u00e9ponse \u00e0 cette question pourrait bien faire la diff\u00e9rence entre une mauvaise surprise et une gestion sereine de vos finances.<\/p>\n<\/article>\n\n\n<div class=\"kk-star-ratings kksr-auto kksr-align-center kksr-valign-bottom\"\n    data-payload='{&quot;align&quot;:&quot;center&quot;,&quot;id&quot;:&quot;927&quot;,&quot;slug&quot;:&quot;default&quot;,&quot;valign&quot;:&quot;bottom&quot;,&quot;ignore&quot;:&quot;&quot;,&quot;reference&quot;:&quot;auto&quot;,&quot;class&quot;:&quot;&quot;,&quot;count&quot;:&quot;0&quot;,&quot;legendonly&quot;:&quot;&quot;,&quot;readonly&quot;:&quot;&quot;,&quot;score&quot;:&quot;0&quot;,&quot;starsonly&quot;:&quot;&quot;,&quot;best&quot;:&quot;5&quot;,&quot;gap&quot;:&quot;5&quot;,&quot;greet&quot;:&quot;&quot;,&quot;legend&quot;:&quot;0\\\/5 - (0 vote)&quot;,&quot;size&quot;:&quot;24&quot;,&quot;title&quot;:&quot;Imp\u00f4ts locaux : quand saurez-vous de combien votre taxe fonci\u00e8re augmentera en 2025 ? \\u0026quot;j\\u0026#039;ai eu une mauvaise surprise en ouvrant mon avis d\\u0026#039;imposition\\u0026quot;&quot;,&quot;width&quot;:&quot;0&quot;,&quot;_legend&quot;:&quot;{score}\\\/{best} - ({count} {votes})&quot;,&quot;font_factor&quot;:&quot;1.25&quot;}'>\n            \n<div class=\"kksr-stars\">\n    \n<div class=\"kksr-stars-inactive\">\n            <div class=\"kksr-star\" data-star=\"1\" style=\"padding-right: 5px\">\n            \n\n<div class=\"kksr-icon\" style=\"width: 24px; height: 24px;\"><\/div>\n        <\/div>\n            <div class=\"kksr-star\" data-star=\"2\" style=\"padding-right: 5px\">\n            \n\n<div class=\"kksr-icon\" style=\"width: 24px; height: 24px;\"><\/div>\n        <\/div>\n            <div class=\"kksr-star\" data-star=\"3\" style=\"padding-right: 5px\">\n            \n\n<div class=\"kksr-icon\" style=\"width: 24px; height: 24px;\"><\/div>\n        <\/div>\n            <div class=\"kksr-star\" data-star=\"4\" style=\"padding-right: 5px\">\n            \n\n<div class=\"kksr-icon\" style=\"width: 24px; height: 24px;\"><\/div>\n        <\/div>\n            <div class=\"kksr-star\" data-star=\"5\" style=\"padding-right: 5px\">\n            \n\n<div class=\"kksr-icon\" style=\"width: 24px; height: 24px;\"><\/div>\n        <\/div>\n    <\/div>\n    \n<div class=\"kksr-stars-active\" style=\"width: 0px;\">\n            <div class=\"kksr-star\" style=\"padding-right: 5px\">\n            \n\n<div class=\"kksr-icon\" style=\"width: 24px; height: 24px;\"><\/div>\n        <\/div>\n            <div class=\"kksr-star\" style=\"padding-right: 5px\">\n            \n\n<div class=\"kksr-icon\" style=\"width: 24px; height: 24px;\"><\/div>\n        <\/div>\n            <div class=\"kksr-star\" style=\"padding-right: 5px\">\n            \n\n<div class=\"kksr-icon\" style=\"width: 24px; height: 24px;\"><\/div>\n        <\/div>\n            <div class=\"kksr-star\" style=\"padding-right: 5px\">\n            \n\n<div class=\"kksr-icon\" style=\"width: 24px; height: 24px;\"><\/div>\n        <\/div>\n            <div class=\"kksr-star\" style=\"padding-right: 5px\">\n            \n\n<div class=\"kksr-icon\" style=\"width: 24px; height: 24px;\"><\/div>\n        <\/div>\n    <\/div>\n<\/div>\n                \n\n<div class=\"kksr-legend\" style=\"font-size: 19.2px;\">\n            <span class=\"kksr-muted\"><\/span>\n    <\/div>\n    <\/div>\n","protected":false},"excerpt":{"rendered":"<p>Dans un contexte d&rsquo;inflation persistante, les propri\u00e9taires fran\u00e7ais s&rsquo;interrogent : \u00ab\u00a0Quand sauront-ils enfin de combien leur taxe fonci\u00e8re augmentera en 2025 ?\u00a0\u00bb Une question qui suscite autant d&rsquo;inqui\u00e9tude que d&rsquo;impatience, alors que les collectivit\u00e9s locales finalisent leurs budgets. Une attente angoissante pour des millions de foyers Selon nos informations, les propri\u00e9taires devraient conna\u00eetre le montant &#8230; <a title=\"Imp\u00f4ts locaux : quand saurez-vous de combien votre taxe fonci\u00e8re augmentera en 2025 ? \u00ab\u00a0j&rsquo;ai eu une mauvaise surprise en ouvrant mon avis d&rsquo;imposition\u00a0\u00bb\" class=\"read-more\" href=\"https:\/\/rachat2credit.fr\/guide\/impots-locaux-quand-saurez-vous-de-combien-votre-taxe-fonciere-augmentera-en-2025-jai-eu-une-mauvaise-surprise-en-ouvrant-mon-avis-dimposition\/\" aria-label=\"En savoir plus sur Imp\u00f4ts locaux : quand saurez-vous de combien votre taxe fonci\u00e8re augmentera en 2025 ? \u00ab\u00a0j&rsquo;ai eu une mauvaise surprise en ouvrant mon avis d&rsquo;imposition\u00a0\u00bb\">Lire plus<\/a><\/p>\n","protected":false},"author":1,"featured_media":928,"comment_status":"open","ping_status":"open","sticky":false,"template":"","format":"standard","meta":{"footnotes":""},"categories":[8],"tags":[],"class_list":["post-927","post","type-post","status-publish","format-standard","has-post-thumbnail","hentry","category-a-la-une"],"yoast_head":"<!-- This site is optimized with the Yoast SEO plugin v27.5 - https:\/\/yoast.com\/product\/yoast-seo-wordpress\/ -->\n<title>Imp\u00f4ts locaux : quand saurez-vous de combien votre taxe fonci\u00e8re augmentera en 2025 ? &quot;j&#039;ai eu une mauvaise surprise en ouvrant mon avis d&#039;imposition&quot; - Rachat de Cr\u00e9dit<\/title>\n<meta name=\"robots\" content=\"index, follow, max-snippet:-1, max-image-preview:large, max-video-preview:-1\" \/>\n<link rel=\"canonical\" href=\"https:\/\/rachat2credit.fr\/guide\/impots-locaux-quand-saurez-vous-de-combien-votre-taxe-fonciere-augmentera-en-2025-jai-eu-une-mauvaise-surprise-en-ouvrant-mon-avis-dimposition\/\" \/>\n<meta property=\"og:locale\" content=\"fr_FR\" \/>\n<meta property=\"og:type\" content=\"article\" \/>\n<meta property=\"og:title\" content=\"Imp\u00f4ts locaux : quand saurez-vous de combien votre taxe fonci\u00e8re augmentera en 2025 ? &quot;j&#039;ai eu une mauvaise surprise en ouvrant mon avis d&#039;imposition&quot; - Rachat de Cr\u00e9dit\" \/>\n<meta property=\"og:description\" content=\"Dans un contexte d&rsquo;inflation persistante, les propri\u00e9taires fran\u00e7ais s&rsquo;interrogent : \u00ab\u00a0Quand sauront-ils enfin de combien leur taxe fonci\u00e8re augmentera en 2025 ?\u00a0\u00bb Une question qui suscite autant d&rsquo;inqui\u00e9tude que d&rsquo;impatience, alors que les collectivit\u00e9s locales finalisent leurs budgets. Une attente angoissante pour des millions de foyers Selon nos informations, les propri\u00e9taires devraient conna\u00eetre le montant ... Lire plus\" \/>\n<meta property=\"og:url\" content=\"https:\/\/rachat2credit.fr\/guide\/impots-locaux-quand-saurez-vous-de-combien-votre-taxe-fonciere-augmentera-en-2025-jai-eu-une-mauvaise-surprise-en-ouvrant-mon-avis-dimposition\/\" \/>\n<meta property=\"og:site_name\" content=\"Rachat de Cr\u00e9dit\" \/>\n<meta property=\"article:published_time\" content=\"2025-08-18T04:46:05+00:00\" \/>\n<meta property=\"og:image\" content=\"https:\/\/rachat2credit.fr\/guide\/wp-content\/uploads\/2025\/08\/flux-pro-1.1-927-1755492376.jpg\" \/>\n\t<meta property=\"og:image:width\" content=\"1344\" \/>\n\t<meta property=\"og:image:height\" content=\"768\" \/>\n\t<meta property=\"og:image:type\" content=\"image\/jpeg\" \/>\n<meta name=\"author\" content=\"Aurelien Boulanger\" \/>\n<meta name=\"twitter:card\" content=\"summary_large_image\" \/>\n<meta name=\"twitter:label1\" content=\"\u00c9crit par\" \/>\n\t<meta name=\"twitter:data1\" content=\"Aurelien Boulanger\" \/>\n\t<meta name=\"twitter:label2\" content=\"Dur\u00e9e de lecture estim\u00e9e\" \/>\n\t<meta name=\"twitter:data2\" content=\"2 minutes\" \/>\n<script type=\"application\/ld+json\" class=\"yoast-schema-graph\">{\"@context\":\"https:\\\/\\\/schema.org\",\"@graph\":[{\"@type\":\"NewsArticle\",\"@id\":\"https:\\\/\\\/rachat2credit.fr\\\/guide\\\/impots-locaux-quand-saurez-vous-de-combien-votre-taxe-fonciere-augmentera-en-2025-jai-eu-une-mauvaise-surprise-en-ouvrant-mon-avis-dimposition\\\/#article\",\"isPartOf\":{\"@id\":\"https:\\\/\\\/rachat2credit.fr\\\/guide\\\/impots-locaux-quand-saurez-vous-de-combien-votre-taxe-fonciere-augmentera-en-2025-jai-eu-une-mauvaise-surprise-en-ouvrant-mon-avis-dimposition\\\/\"},\"author\":{\"name\":\"Aurelien Boulanger\",\"@id\":\"https:\\\/\\\/rachat2credit.fr\\\/guide\\\/#\\\/schema\\\/person\\\/d4142086d07bc6acdc4722eabd955cc2\"},\"headline\":\"Imp\u00f4ts locaux : quand saurez-vous de combien votre taxe fonci\u00e8re augmentera en 2025 ? \u00ab\u00a0j&rsquo;ai eu une mauvaise surprise en ouvrant mon avis d&rsquo;imposition\u00a0\u00bb\",\"datePublished\":\"2025-08-18T04:46:05+00:00\",\"mainEntityOfPage\":{\"@id\":\"https:\\\/\\\/rachat2credit.fr\\\/guide\\\/impots-locaux-quand-saurez-vous-de-combien-votre-taxe-fonciere-augmentera-en-2025-jai-eu-une-mauvaise-surprise-en-ouvrant-mon-avis-dimposition\\\/\"},\"wordCount\":524,\"commentCount\":9,\"publisher\":{\"@id\":\"https:\\\/\\\/rachat2credit.fr\\\/guide\\\/#organization\"},\"image\":{\"@id\":\"https:\\\/\\\/rachat2credit.fr\\\/guide\\\/impots-locaux-quand-saurez-vous-de-combien-votre-taxe-fonciere-augmentera-en-2025-jai-eu-une-mauvaise-surprise-en-ouvrant-mon-avis-dimposition\\\/#primaryimage\"},\"thumbnailUrl\":\"https:\\\/\\\/rachat2credit.fr\\\/guide\\\/wp-content\\\/uploads\\\/2025\\\/08\\\/flux-pro-1.1-927-1755492376.jpg\",\"articleSection\":[\"A la une\"],\"inLanguage\":\"fr-FR\",\"potentialAction\":[{\"@type\":\"CommentAction\",\"name\":\"Comment\",\"target\":[\"https:\\\/\\\/rachat2credit.fr\\\/guide\\\/impots-locaux-quand-saurez-vous-de-combien-votre-taxe-fonciere-augmentera-en-2025-jai-eu-une-mauvaise-surprise-en-ouvrant-mon-avis-dimposition\\\/#respond\"]}]},{\"@type\":\"WebPage\",\"@id\":\"https:\\\/\\\/rachat2credit.fr\\\/guide\\\/impots-locaux-quand-saurez-vous-de-combien-votre-taxe-fonciere-augmentera-en-2025-jai-eu-une-mauvaise-surprise-en-ouvrant-mon-avis-dimposition\\\/\",\"url\":\"https:\\\/\\\/rachat2credit.fr\\\/guide\\\/impots-locaux-quand-saurez-vous-de-combien-votre-taxe-fonciere-augmentera-en-2025-jai-eu-une-mauvaise-surprise-en-ouvrant-mon-avis-dimposition\\\/\",\"name\":\"Imp\u00f4ts locaux : quand saurez-vous de combien votre taxe fonci\u00e8re augmentera en 2025 ? \\\"j'ai eu une mauvaise surprise en ouvrant mon avis d'imposition\\\" - Rachat de Cr\u00e9dit\",\"isPartOf\":{\"@id\":\"https:\\\/\\\/rachat2credit.fr\\\/guide\\\/#website\"},\"primaryImageOfPage\":{\"@id\":\"https:\\\/\\\/rachat2credit.fr\\\/guide\\\/impots-locaux-quand-saurez-vous-de-combien-votre-taxe-fonciere-augmentera-en-2025-jai-eu-une-mauvaise-surprise-en-ouvrant-mon-avis-dimposition\\\/#primaryimage\"},\"image\":{\"@id\":\"https:\\\/\\\/rachat2credit.fr\\\/guide\\\/impots-locaux-quand-saurez-vous-de-combien-votre-taxe-fonciere-augmentera-en-2025-jai-eu-une-mauvaise-surprise-en-ouvrant-mon-avis-dimposition\\\/#primaryimage\"},\"thumbnailUrl\":\"https:\\\/\\\/rachat2credit.fr\\\/guide\\\/wp-content\\\/uploads\\\/2025\\\/08\\\/flux-pro-1.1-927-1755492376.jpg\",\"datePublished\":\"2025-08-18T04:46:05+00:00\",\"breadcrumb\":{\"@id\":\"https:\\\/\\\/rachat2credit.fr\\\/guide\\\/impots-locaux-quand-saurez-vous-de-combien-votre-taxe-fonciere-augmentera-en-2025-jai-eu-une-mauvaise-surprise-en-ouvrant-mon-avis-dimposition\\\/#breadcrumb\"},\"inLanguage\":\"fr-FR\",\"potentialAction\":[{\"@type\":\"ReadAction\",\"target\":[\"https:\\\/\\\/rachat2credit.fr\\\/guide\\\/impots-locaux-quand-saurez-vous-de-combien-votre-taxe-fonciere-augmentera-en-2025-jai-eu-une-mauvaise-surprise-en-ouvrant-mon-avis-dimposition\\\/\"]}]},{\"@type\":\"ImageObject\",\"inLanguage\":\"fr-FR\",\"@id\":\"https:\\\/\\\/rachat2credit.fr\\\/guide\\\/impots-locaux-quand-saurez-vous-de-combien-votre-taxe-fonciere-augmentera-en-2025-jai-eu-une-mauvaise-surprise-en-ouvrant-mon-avis-dimposition\\\/#primaryimage\",\"url\":\"https:\\\/\\\/rachat2credit.fr\\\/guide\\\/wp-content\\\/uploads\\\/2025\\\/08\\\/flux-pro-1.1-927-1755492376.jpg\",\"contentUrl\":\"https:\\\/\\\/rachat2credit.fr\\\/guide\\\/wp-content\\\/uploads\\\/2025\\\/08\\\/flux-pro-1.1-927-1755492376.jpg\",\"width\":1344,\"height\":768},{\"@type\":\"BreadcrumbList\",\"@id\":\"https:\\\/\\\/rachat2credit.fr\\\/guide\\\/impots-locaux-quand-saurez-vous-de-combien-votre-taxe-fonciere-augmentera-en-2025-jai-eu-une-mauvaise-surprise-en-ouvrant-mon-avis-dimposition\\\/#breadcrumb\",\"itemListElement\":[{\"@type\":\"ListItem\",\"position\":1,\"name\":\"Accueil\",\"item\":\"https:\\\/\\\/rachat2credit.fr\\\/guide\\\/\"},{\"@type\":\"ListItem\",\"position\":2,\"name\":\"Imp\u00f4ts locaux : quand saurez-vous de combien votre taxe fonci\u00e8re augmentera en 2025 ? \u00ab\u00a0j&rsquo;ai eu une mauvaise surprise en ouvrant mon avis d&rsquo;imposition\u00a0\u00bb\"}]},{\"@type\":\"WebSite\",\"@id\":\"https:\\\/\\\/rachat2credit.fr\\\/guide\\\/#website\",\"url\":\"https:\\\/\\\/rachat2credit.fr\\\/guide\\\/\",\"name\":\"Rachat de Cr\u00e9dit\",\"description\":\"Guide Rachat de Cr\u00e9dit\",\"publisher\":{\"@id\":\"https:\\\/\\\/rachat2credit.fr\\\/guide\\\/#organization\"},\"potentialAction\":[{\"@type\":\"SearchAction\",\"target\":{\"@type\":\"EntryPoint\",\"urlTemplate\":\"https:\\\/\\\/rachat2credit.fr\\\/guide\\\/?s={search_term_string}\"},\"query-input\":{\"@type\":\"PropertyValueSpecification\",\"valueRequired\":true,\"valueName\":\"search_term_string\"}}],\"inLanguage\":\"fr-FR\"},{\"@type\":\"Organization\",\"@id\":\"https:\\\/\\\/rachat2credit.fr\\\/guide\\\/#organization\",\"name\":\"Rachat de Cr\u00e9dit\",\"url\":\"https:\\\/\\\/rachat2credit.fr\\\/guide\\\/\",\"logo\":{\"@type\":\"ImageObject\",\"inLanguage\":\"fr-FR\",\"@id\":\"https:\\\/\\\/rachat2credit.fr\\\/guide\\\/#\\\/schema\\\/logo\\\/image\\\/\",\"url\":\"https:\\\/\\\/rachat2credit.fr\\\/guide\\\/wp-content\\\/uploads\\\/2025\\\/05\\\/rachat2credit.png\",\"contentUrl\":\"https:\\\/\\\/rachat2credit.fr\\\/guide\\\/wp-content\\\/uploads\\\/2025\\\/05\\\/rachat2credit.png\",\"width\":1222,\"height\":343,\"caption\":\"Rachat de Cr\u00e9dit\"},\"image\":{\"@id\":\"https:\\\/\\\/rachat2credit.fr\\\/guide\\\/#\\\/schema\\\/logo\\\/image\\\/\"}},{\"@type\":\"Person\",\"@id\":\"https:\\\/\\\/rachat2credit.fr\\\/guide\\\/#\\\/schema\\\/person\\\/d4142086d07bc6acdc4722eabd955cc2\",\"name\":\"Aurelien Boulanger\",\"image\":{\"@type\":\"ImageObject\",\"inLanguage\":\"fr-FR\",\"@id\":\"https:\\\/\\\/secure.gravatar.com\\\/avatar\\\/32175434c9ca2b27bfeb905d1c3ec782a789caf494bc0ec8fa6ed0ee39c2e62a?s=96&d=mm&r=g\",\"url\":\"https:\\\/\\\/secure.gravatar.com\\\/avatar\\\/32175434c9ca2b27bfeb905d1c3ec782a789caf494bc0ec8fa6ed0ee39c2e62a?s=96&d=mm&r=g\",\"contentUrl\":\"https:\\\/\\\/secure.gravatar.com\\\/avatar\\\/32175434c9ca2b27bfeb905d1c3ec782a789caf494bc0ec8fa6ed0ee39c2e62a?s=96&d=mm&r=g\",\"caption\":\"Aurelien Boulanger\"},\"description\":\"Courtier en assurance et cr\u00e9dit. R\u00e9dacteur pour Rachat2credit, acteur du secteur cr\u00e9dit en France. Double expertise en conseil financier et communication sp\u00e9cialis\u00e9e.\",\"sameAs\":[\"https:\\\/\\\/rachat2credit.fr\\\/guide\"],\"url\":\"https:\\\/\\\/rachat2credit.fr\\\/guide\\\/author\\\/aurelien\\\/\"}]}<\/script>\n<!-- \/ Yoast SEO plugin. -->","yoast_head_json":{"title":"Imp\u00f4ts locaux : quand saurez-vous de combien votre taxe fonci\u00e8re augmentera en 2025 ? \"j'ai eu une mauvaise surprise en ouvrant mon avis d'imposition\" - Rachat de Cr\u00e9dit","robots":{"index":"index","follow":"follow","max-snippet":"max-snippet:-1","max-image-preview":"max-image-preview:large","max-video-preview":"max-video-preview:-1"},"canonical":"https:\/\/rachat2credit.fr\/guide\/impots-locaux-quand-saurez-vous-de-combien-votre-taxe-fonciere-augmentera-en-2025-jai-eu-une-mauvaise-surprise-en-ouvrant-mon-avis-dimposition\/","og_locale":"fr_FR","og_type":"article","og_title":"Imp\u00f4ts locaux : quand saurez-vous de combien votre taxe fonci\u00e8re augmentera en 2025 ? \"j'ai eu une mauvaise surprise en ouvrant mon avis d'imposition\" - Rachat de Cr\u00e9dit","og_description":"Dans un contexte d&rsquo;inflation persistante, les propri\u00e9taires fran\u00e7ais s&rsquo;interrogent : \u00ab\u00a0Quand sauront-ils enfin de combien leur taxe fonci\u00e8re augmentera en 2025 ?\u00a0\u00bb Une question qui suscite autant d&rsquo;inqui\u00e9tude que d&rsquo;impatience, alors que les collectivit\u00e9s locales finalisent leurs budgets. Une attente angoissante pour des millions de foyers Selon nos informations, les propri\u00e9taires devraient conna\u00eetre le montant ... Lire plus","og_url":"https:\/\/rachat2credit.fr\/guide\/impots-locaux-quand-saurez-vous-de-combien-votre-taxe-fonciere-augmentera-en-2025-jai-eu-une-mauvaise-surprise-en-ouvrant-mon-avis-dimposition\/","og_site_name":"Rachat de Cr\u00e9dit","article_published_time":"2025-08-18T04:46:05+00:00","og_image":[{"width":1344,"height":768,"url":"https:\/\/rachat2credit.fr\/guide\/wp-content\/uploads\/2025\/08\/flux-pro-1.1-927-1755492376.jpg","type":"image\/jpeg"}],"author":"Aurelien Boulanger","twitter_card":"summary_large_image","twitter_misc":{"\u00c9crit par":"Aurelien Boulanger","Dur\u00e9e de lecture estim\u00e9e":"2 minutes"},"schema":{"@context":"https:\/\/schema.org","@graph":[{"@type":"NewsArticle","@id":"https:\/\/rachat2credit.fr\/guide\/impots-locaux-quand-saurez-vous-de-combien-votre-taxe-fonciere-augmentera-en-2025-jai-eu-une-mauvaise-surprise-en-ouvrant-mon-avis-dimposition\/#article","isPartOf":{"@id":"https:\/\/rachat2credit.fr\/guide\/impots-locaux-quand-saurez-vous-de-combien-votre-taxe-fonciere-augmentera-en-2025-jai-eu-une-mauvaise-surprise-en-ouvrant-mon-avis-dimposition\/"},"author":{"name":"Aurelien Boulanger","@id":"https:\/\/rachat2credit.fr\/guide\/#\/schema\/person\/d4142086d07bc6acdc4722eabd955cc2"},"headline":"Imp\u00f4ts locaux : quand saurez-vous de combien votre taxe fonci\u00e8re augmentera en 2025 ? \u00ab\u00a0j&rsquo;ai eu une mauvaise surprise en ouvrant mon avis d&rsquo;imposition\u00a0\u00bb","datePublished":"2025-08-18T04:46:05+00:00","mainEntityOfPage":{"@id":"https:\/\/rachat2credit.fr\/guide\/impots-locaux-quand-saurez-vous-de-combien-votre-taxe-fonciere-augmentera-en-2025-jai-eu-une-mauvaise-surprise-en-ouvrant-mon-avis-dimposition\/"},"wordCount":524,"commentCount":9,"publisher":{"@id":"https:\/\/rachat2credit.fr\/guide\/#organization"},"image":{"@id":"https:\/\/rachat2credit.fr\/guide\/impots-locaux-quand-saurez-vous-de-combien-votre-taxe-fonciere-augmentera-en-2025-jai-eu-une-mauvaise-surprise-en-ouvrant-mon-avis-dimposition\/#primaryimage"},"thumbnailUrl":"https:\/\/rachat2credit.fr\/guide\/wp-content\/uploads\/2025\/08\/flux-pro-1.1-927-1755492376.jpg","articleSection":["A la une"],"inLanguage":"fr-FR","potentialAction":[{"@type":"CommentAction","name":"Comment","target":["https:\/\/rachat2credit.fr\/guide\/impots-locaux-quand-saurez-vous-de-combien-votre-taxe-fonciere-augmentera-en-2025-jai-eu-une-mauvaise-surprise-en-ouvrant-mon-avis-dimposition\/#respond"]}]},{"@type":"WebPage","@id":"https:\/\/rachat2credit.fr\/guide\/impots-locaux-quand-saurez-vous-de-combien-votre-taxe-fonciere-augmentera-en-2025-jai-eu-une-mauvaise-surprise-en-ouvrant-mon-avis-dimposition\/","url":"https:\/\/rachat2credit.fr\/guide\/impots-locaux-quand-saurez-vous-de-combien-votre-taxe-fonciere-augmentera-en-2025-jai-eu-une-mauvaise-surprise-en-ouvrant-mon-avis-dimposition\/","name":"Imp\u00f4ts locaux : quand saurez-vous de combien votre taxe fonci\u00e8re augmentera en 2025 ? \"j'ai eu une mauvaise surprise en ouvrant mon avis d'imposition\" - Rachat de Cr\u00e9dit","isPartOf":{"@id":"https:\/\/rachat2credit.fr\/guide\/#website"},"primaryImageOfPage":{"@id":"https:\/\/rachat2credit.fr\/guide\/impots-locaux-quand-saurez-vous-de-combien-votre-taxe-fonciere-augmentera-en-2025-jai-eu-une-mauvaise-surprise-en-ouvrant-mon-avis-dimposition\/#primaryimage"},"image":{"@id":"https:\/\/rachat2credit.fr\/guide\/impots-locaux-quand-saurez-vous-de-combien-votre-taxe-fonciere-augmentera-en-2025-jai-eu-une-mauvaise-surprise-en-ouvrant-mon-avis-dimposition\/#primaryimage"},"thumbnailUrl":"https:\/\/rachat2credit.fr\/guide\/wp-content\/uploads\/2025\/08\/flux-pro-1.1-927-1755492376.jpg","datePublished":"2025-08-18T04:46:05+00:00","breadcrumb":{"@id":"https:\/\/rachat2credit.fr\/guide\/impots-locaux-quand-saurez-vous-de-combien-votre-taxe-fonciere-augmentera-en-2025-jai-eu-une-mauvaise-surprise-en-ouvrant-mon-avis-dimposition\/#breadcrumb"},"inLanguage":"fr-FR","potentialAction":[{"@type":"ReadAction","target":["https:\/\/rachat2credit.fr\/guide\/impots-locaux-quand-saurez-vous-de-combien-votre-taxe-fonciere-augmentera-en-2025-jai-eu-une-mauvaise-surprise-en-ouvrant-mon-avis-dimposition\/"]}]},{"@type":"ImageObject","inLanguage":"fr-FR","@id":"https:\/\/rachat2credit.fr\/guide\/impots-locaux-quand-saurez-vous-de-combien-votre-taxe-fonciere-augmentera-en-2025-jai-eu-une-mauvaise-surprise-en-ouvrant-mon-avis-dimposition\/#primaryimage","url":"https:\/\/rachat2credit.fr\/guide\/wp-content\/uploads\/2025\/08\/flux-pro-1.1-927-1755492376.jpg","contentUrl":"https:\/\/rachat2credit.fr\/guide\/wp-content\/uploads\/2025\/08\/flux-pro-1.1-927-1755492376.jpg","width":1344,"height":768},{"@type":"BreadcrumbList","@id":"https:\/\/rachat2credit.fr\/guide\/impots-locaux-quand-saurez-vous-de-combien-votre-taxe-fonciere-augmentera-en-2025-jai-eu-une-mauvaise-surprise-en-ouvrant-mon-avis-dimposition\/#breadcrumb","itemListElement":[{"@type":"ListItem","position":1,"name":"Accueil","item":"https:\/\/rachat2credit.fr\/guide\/"},{"@type":"ListItem","position":2,"name":"Imp\u00f4ts locaux : quand saurez-vous de combien votre taxe fonci\u00e8re augmentera en 2025 ? \u00ab\u00a0j&rsquo;ai eu une mauvaise surprise en ouvrant mon avis d&rsquo;imposition\u00a0\u00bb"}]},{"@type":"WebSite","@id":"https:\/\/rachat2credit.fr\/guide\/#website","url":"https:\/\/rachat2credit.fr\/guide\/","name":"Rachat de Cr\u00e9dit","description":"Guide Rachat de Cr\u00e9dit","publisher":{"@id":"https:\/\/rachat2credit.fr\/guide\/#organization"},"potentialAction":[{"@type":"SearchAction","target":{"@type":"EntryPoint","urlTemplate":"https:\/\/rachat2credit.fr\/guide\/?s={search_term_string}"},"query-input":{"@type":"PropertyValueSpecification","valueRequired":true,"valueName":"search_term_string"}}],"inLanguage":"fr-FR"},{"@type":"Organization","@id":"https:\/\/rachat2credit.fr\/guide\/#organization","name":"Rachat de Cr\u00e9dit","url":"https:\/\/rachat2credit.fr\/guide\/","logo":{"@type":"ImageObject","inLanguage":"fr-FR","@id":"https:\/\/rachat2credit.fr\/guide\/#\/schema\/logo\/image\/","url":"https:\/\/rachat2credit.fr\/guide\/wp-content\/uploads\/2025\/05\/rachat2credit.png","contentUrl":"https:\/\/rachat2credit.fr\/guide\/wp-content\/uploads\/2025\/05\/rachat2credit.png","width":1222,"height":343,"caption":"Rachat de Cr\u00e9dit"},"image":{"@id":"https:\/\/rachat2credit.fr\/guide\/#\/schema\/logo\/image\/"}},{"@type":"Person","@id":"https:\/\/rachat2credit.fr\/guide\/#\/schema\/person\/d4142086d07bc6acdc4722eabd955cc2","name":"Aurelien Boulanger","image":{"@type":"ImageObject","inLanguage":"fr-FR","@id":"https:\/\/secure.gravatar.com\/avatar\/32175434c9ca2b27bfeb905d1c3ec782a789caf494bc0ec8fa6ed0ee39c2e62a?s=96&d=mm&r=g","url":"https:\/\/secure.gravatar.com\/avatar\/32175434c9ca2b27bfeb905d1c3ec782a789caf494bc0ec8fa6ed0ee39c2e62a?s=96&d=mm&r=g","contentUrl":"https:\/\/secure.gravatar.com\/avatar\/32175434c9ca2b27bfeb905d1c3ec782a789caf494bc0ec8fa6ed0ee39c2e62a?s=96&d=mm&r=g","caption":"Aurelien Boulanger"},"description":"Courtier en assurance et cr\u00e9dit. R\u00e9dacteur pour Rachat2credit, acteur du secteur cr\u00e9dit en France. Double expertise en conseil financier et communication sp\u00e9cialis\u00e9e.","sameAs":["https:\/\/rachat2credit.fr\/guide"],"url":"https:\/\/rachat2credit.fr\/guide\/author\/aurelien\/"}]}},"_links":{"self":[{"href":"https:\/\/rachat2credit.fr\/guide\/wp-json\/wp\/v2\/posts\/927","targetHints":{"allow":["GET"]}}],"collection":[{"href":"https:\/\/rachat2credit.fr\/guide\/wp-json\/wp\/v2\/posts"}],"about":[{"href":"https:\/\/rachat2credit.fr\/guide\/wp-json\/wp\/v2\/types\/post"}],"author":[{"embeddable":true,"href":"https:\/\/rachat2credit.fr\/guide\/wp-json\/wp\/v2\/users\/1"}],"replies":[{"embeddable":true,"href":"https:\/\/rachat2credit.fr\/guide\/wp-json\/wp\/v2\/comments?post=927"}],"version-history":[{"count":0,"href":"https:\/\/rachat2credit.fr\/guide\/wp-json\/wp\/v2\/posts\/927\/revisions"}],"wp:featuredmedia":[{"embeddable":true,"href":"https:\/\/rachat2credit.fr\/guide\/wp-json\/wp\/v2\/media\/928"}],"wp:attachment":[{"href":"https:\/\/rachat2credit.fr\/guide\/wp-json\/wp\/v2\/media?parent=927"}],"wp:term":[{"taxonomy":"category","embeddable":true,"href":"https:\/\/rachat2credit.fr\/guide\/wp-json\/wp\/v2\/categories?post=927"},{"taxonomy":"post_tag","embeddable":true,"href":"https:\/\/rachat2credit.fr\/guide\/wp-json\/wp\/v2\/tags?post=927"}],"curies":[{"name":"wp","href":"https:\/\/api.w.org\/{rel}","templated":true}]}}